{"id":7789,"date":"2022-07-15T12:00:29","date_gmt":"2022-07-15T10:00:29","guid":{"rendered":"https:\/\/www.anovapeneira.gal\/?p=7789"},"modified":"2022-07-13T19:26:57","modified_gmt":"2022-07-13T17:26:57","slug":"o-festival-nigran-jazz-volve-alumear-o-esteiro-da-foz-cos-mellores-musicos-do-mundo-2","status":"publish","type":"post","link":"https:\/\/www.anovapeneira.gal\/index.php\/2022\/07\/15\/o-festival-nigran-jazz-volve-alumear-o-esteiro-da-foz-cos-mellores-musicos-do-mundo-2\/","title":{"rendered":"O Festival Nigr\u00e1n Jazz volve alumear o esteiro da Foz cos mellores m\u00fasicos do mundo"},"content":{"rendered":"\n<p><strong>Un ano m\u00e1is e xa van XVI ach\u00e9ganse as datas da celebraci\u00f3n do festival de Jazz de Nigr\u00e1n. Este tipo de eventos en grande medida subsisten grazas ao esforzo e compromiso de persoas que, como Felipe director do Nigr\u00e1n Jazz, est\u00e1n absolutamente comprometidas dando o mellor de si mesmas para acadar que sexan un \u00e9xito. Por\u00e9n no caso do Nigr\u00e1n Jazz, moi preto xa de chegar \u00e1 s\u00faa maior\u00eda de idade, penso que est\u00e1 xa tan inserido na conciencia colectiva do Val Mi\u00f1or que Felipe se amosa esperanzado en que sexa capaz de transcender \u00e1 s\u00faa persoa e que no futuro outras persoas poidan continuar facendo do Nigr\u00e1n Jazz unha cita ineludible nos ver\u00e1ns da nosa comarca.<\/strong><\/p>\n\n\n\n<p><strong>Felipe Villar , director do festival Nigr\u00e1n Jazz<\/strong><\/p>\n\n\n\n<p>\u201c <strong>A mi\u00f1a ilusi\u00f3n ser\u00eda que o festival transcendese \u00e1 mi\u00f1a persoa e que no futuro outros ou outras tomasen o testemu\u00f1o<\/strong><\/p>\n\n\n\n<p><strong>Un ano m\u00e1is mergull\u00e1monos no Nigr\u00e1n Jazz Felipe, cantas edici\u00f3ns van xa?<\/strong><\/p>\n\n\n\n<blockquote class=\"wp-block-quote is-layout-flow wp-block-quote-is-layout-flow\"><p>Dezaseis.<\/p><\/blockquote>\n\n\n\n<p><strong>En nada o festival farase maior de idade vaia orgullo para ti, que es o seu fundador\u00a1\u00a1<\/strong><\/p>\n\n\n\n<blockquote class=\"wp-block-quote is-layout-flow wp-block-quote-is-layout-flow\"><p>E tanto que si, pero o que ser\u00eda incrible \u00e9 que puidese transcenderme a min e que cando eu xa non poida seguir outros ou outras puidesen tomar o testemu\u00f1o.<\/p><\/blockquote>\n\n\n\n<p><strong>A \u00e9poca da pandemia foi terrible para todos os sectores, pero para o voso, m\u00fasicos e m\u00fasicas que vivides dos concertos, foi unha etapa demoledora. Como est\u00e1 a cousa agora ?<\/strong><\/p>\n\n\n\n<blockquote class=\"wp-block-quote is-layout-flow wp-block-quote-is-layout-flow\"><p>Est\u00e1 exactamente igual de traballo, pero mesmo peor, porque as cousas est\u00e1n moito m\u00e1is caras. A\u00ednda que agora ve\u00f1a o ver\u00e1n, a\u00ednda as\u00ed, festivais de Jazz hai moi poucos e os invernos son moi duros neste estilo de m\u00fasica. No inverno non se vive. Tes que dar clases ou realizar outras actividades relacionadas coa m\u00fasica ou, \u00e1s veces, nin iso. F\u00e1loche de xente titulada, cunha formaci\u00f3n exquisita e talento extraordinario. A realidade \u00e9 que aqu\u00ed hai moi poucas oportunidades.<\/p><\/blockquote>\n\n\n\n<p><strong>Supo\u00f1o que hai poucas oportunidades no sector privado, e a administraci\u00f3n, axuda en algo?<\/strong><\/p>\n\n\n\n<blockquote class=\"wp-block-quote is-layout-flow wp-block-quote-is-layout-flow\"><p>Pouco. Te\u00f1o que dicir que ao Nigr\u00e1n Jazz ap\u00f3iano o concello e a DEPO e ap\u00f3iano con letras mai\u00fasculas. Pero \u00e9 certo que noutras administraci\u00f3ns pr\u00f3ximas o artista local brilla pola s\u00faa ausencia. Isto \u00e9 evidente e case insultante \u00e1s veces.<\/p><\/blockquote>\n\n\n\n<p><strong>Malia que xa son moitas edici\u00f3ns a primeira seguro que segue sendo especial. Ac\u00f3rdaste da primeira vez?<\/strong><\/p>\n\n\n\n<blockquote class=\"wp-block-quote is-layout-flow wp-block-quote-is-layout-flow\"><p>Si claro. A idea orixinal foi de Juan Gonz\u00e1lez o actual alcalde e daquela concelleiro . Falou con Quin Albor\u00e9s, era un dese\u00f1ador gr\u00e1fico de Nigr\u00e1n e amigo persoal meu. Daquela estabamos en \u00e9poca de bonanza e hab\u00eda moitos festivais encima da mesa con proxectos de moit\u00edsimo di\u00f1eiro. Pero el aparcou todo iso de lado e preguntoulle a Quin se ti\u00f1a algunha idea cultural para Nigr\u00e1n. Quin falouno comigo e de aqu\u00ed xurdiu a idea do Festival Jazz. Eu estaba a estudar e xa estaba metido neste mundo. Empezou os primeiros anos de maneira moi modesta e ata que se nos foi das mans.<\/p><\/blockquote>\n\n\n\n<p><strong>Podes lembrar cando foi o momento que pensaches \u201crecoiro, isto est\u00e1 a coller un nivel enorme\u201d?<\/strong><\/p>\n\n\n\n<blockquote class=\"wp-block-quote is-layout-flow wp-block-quote-is-layout-flow\"><p>Pois igual foi a partir da cuarta edici\u00f3n. Aqu\u00ed hai feitos que desencadean isto. En principio o organizabamos Quin e eu. El falece despois da terceira edici\u00f3n, eu estaba no meu \u00faltimo ano de carreira facendo o grao superior de Jazz en Oporto e funme unha semana para facer un seminario de jazz que montaba Jorge Rossy, un eminente bater\u00eda catal\u00e1n .<\/p><\/blockquote>\n\n\n\n<blockquote class=\"wp-block-quote is-layout-flow wp-block-quote-is-layout-flow\"><p>Neste campamento comenteille que como estaba moi pr\u00f3ximo ao festival de Nigr\u00e1n Jazz podiamos compartir, xa que vi\u00f1an artistas de f\u00f3ra e pod\u00edan estar no Nigr\u00e1n Jazz e no seminario.<\/p><\/blockquote>\n\n\n\n<blockquote class=\"wp-block-quote is-layout-flow wp-block-quote-is-layout-flow\"><p>Foi unha tolemia, vi\u00f1eron os meus artistas favoritos. Agora hai que seguir mantendo o nivel todos os anos e os orzamentos xa non dan como hai 15 anos.<\/p><\/blockquote>\n\n\n\n<p><strong>En que data se celebra este ano o festival?<\/strong><\/p>\n\n\n\n<blockquote class=\"wp-block-quote is-layout-flow wp-block-quote-is-layout-flow\"><p>O 29 e 30 de xullo. Os concertos e Jam Session ser\u00e1n no Esteiro d\u00e1 Foz e a Masterclass, no Auditorio do Concello.<\/p><\/blockquote>\n\n\n\n<p><strong>O escenario principal, o Esteiro da Foz, \u00e9 un para\u00edso. Descr\u00edbeo para quen non o co\u00f1eza.<\/strong><\/p>\n\n\n\n<blockquote class=\"wp-block-quote is-layout-flow wp-block-quote-is-layout-flow\"><p>\u00c9 un estuario enorme na desembocadura do r\u00edo Mi\u00f1or. Cando a marea est\u00e1 alta hai embarcaci\u00f3ns dos pescadores por al\u00ed. P\u00f3dese sentar na praia e tocar o mar ou sentarche na herba que est\u00e1s apartado na estrada. En efecto o sitio \u00e9 espectacular e contrib\u00fae a darlle esa dimensi\u00f3n especial que ten o noso festival.<\/p><\/blockquote>\n\n\n\n<p><strong>Tivestes alg\u00fan ano no que nos acompa\u00f1ar\u00e1 o tempo?<\/strong><\/p>\n\n\n\n<blockquote class=\"wp-block-quote is-layout-flow wp-block-quote-is-layout-flow\"><p>Si, a segunda edici\u00f3n. Logo houbo outro ano que choveu, pero puidemos seguir tocando cun pouco de choiva.<\/p><\/blockquote>\n\n\n\n<p><strong>Que cartel hai para esta edici\u00f3n?<\/strong><\/p>\n\n\n\n<blockquote class=\"wp-block-quote is-layout-flow wp-block-quote-is-layout-flow\"><p>O venres Wilfried Wilde, guitarrista franc\u00e9s afincado en Galicia desde fai dez anos e despois o concerto de Luc\u00eda Fumero Trio, pianista e cantante Catal\u00e1n premiada como mellor artista emerxente. Para terminar o venres temos Jam sessi\u00f3n cuns pianistas moi novos de Ponteareas que tocan xenial.<\/p><\/blockquote>\n\n\n\n<blockquote class=\"wp-block-quote is-layout-flow wp-block-quote-is-layout-flow\"><p>O s\u00e1bado pola ma\u00f1\u00e1 temos Master class con Eve Cornelius e pola noite os concertos de Ella Zirina trio, guitarrista letona que est\u00e1 a tocar cos mellores m\u00fasicos en Holanda, un compo\u00f1ente do seu tr\u00edo \u00e9 de Vigo e foi alumno meu.<\/p><\/blockquote>\n\n\n\n<blockquote class=\"wp-block-quote is-layout-flow wp-block-quote-is-layout-flow\"><p>Para acabar o festival co concerto estrela, un Cuarteto, o de Eve Cornelius, cantante de Jazz, Blues e Soul americana. Con Eve est\u00e1 un guitarrista de Lugo moi grande que foi o que formou a banda. Despois hai Jam Sessi\u00f3n con Guillermo Guerrero, guitarrista que est\u00e1 a destacar moito.<\/p><\/blockquote>\n\n\n\n<p><strong>O ano pasado dic\u00edasme que ti\u00f1ades problemas para manter os patrocinadores privados, que despois de dous anos de pandemia a xente non quer\u00eda gastar di\u00f1eiro, como estades este ano?<\/strong><\/p>\n\n\n\n<blockquote class=\"wp-block-quote is-layout-flow wp-block-quote-is-layout-flow\"><p>Non \u00e9 que te\u00f1amos m\u00e1is di\u00f1eiro, pero estamos contentos porque temos un novo patrocinio, o de Triskale, que \u00e9 unha cervexa natural de aqu\u00ed, de Nigr\u00e1n, est\u00e1n a coller dimensi\u00f3n e quer\u00edan formar parte do festival.<\/p><\/blockquote>\n\n\n\n<p><strong>O resto de patrocinadores son os de sempre?<\/strong><\/p>\n\n\n\n<blockquote class=\"wp-block-quote is-layout-flow wp-block-quote-is-layout-flow\"><p>Si, o Concello e de Deputaci\u00f3n que son os que m\u00e1is achegan. Recibimos axudas tam\u00e9n da asociaci\u00f3n AIE , Gadis, Rodosa, a Taper\u00eda Dru\u00edda. O conservatorio Mayeusis est\u00e1 como patrocinador das Masterclas.<\/p><\/blockquote>\n\n\n\n<p><strong>Cales son as vosas expectativas de asistencia de p\u00fablico este ano?<\/strong><\/p>\n\n\n\n<blockquote class=\"wp-block-quote is-layout-flow wp-block-quote-is-layout-flow\"><p>Este \u00e9 o primeiro festival despois da pandemia. Temos moitas ganas de gozalo e dependemos moito do tempo tam\u00e9n. O festival vai funcionando s\u00f3 cun ambiente marabilloso e nunha contorna espectacular. Se o tempo se porta ben esas noites, seguro que estaremos ben acompa\u00f1ados de xente.<\/p><\/blockquote>\n","protected":false},"excerpt":{"rendered":"<div class=\"mh-excerpt\"><p>Un ano m\u00e1is e xa van XVI ach\u00e9ganse as datas da celebraci\u00f3n do festival de Jazz de Nigr\u00e1n. Este tipo de eventos en grande medida subsisten grazas ao esforzo e compromiso de persoas que, como Felipe director do Nigr\u00e1n Jazz, est\u00e1n absolutamente comprometidas dando o mellor de si mesmas para acadar que sexan un \u00e9xito <a class=\"mh-excerpt-more\" href=\"https:\/\/www.anovapeneira.gal\/index.php\/2022\/07\/15\/o-festival-nigran-jazz-volve-alumear-o-esteiro-da-foz-cos-mellores-musicos-do-mundo-2\/\" title=\"O Festival Nigr\u00e1n Jazz volve alumear o esteiro da Foz cos mellores m\u00fasicos do mundo\">[&#8230;]<\/a><\/p>\n<\/div>","protected":false},"author":3,"featured_media":7791,"comment_status":"open","ping_status":"open","sticky":false,"template":"","format":"standard","meta":{"_exactmetrics_skip_tracking":false,"_exactmetrics_sitenote_active":false,"_exactmetrics_sitenote_note":"","_exactmetrics_sitenote_category":0,"footnotes":""},"categories":[271],"tags":[135],"class_list":{"0":"post-7789","1":"post","2":"type-post","3":"status-publish","4":"format-standard","5":"has-post-thumbnail","7":"category-val-minor-entrevistas","8":"tag-concello-de-nigran"},"yoast_head":"<!-- This site is optimized with the Yoast SEO plugin v27.4 - https:\/\/yoast.com\/product\/yoast-seo-wordpress\/ -->\n<title>O Festival Nigr\u00e1n Jazz volve alumear o esteiro da Foz cos mellores m\u00fasicos do mundo -<\/title>\n<meta name=\"description\" content=\"Un ano m\u00e1is e xa van XVI ach\u00e9ganse as datas da celebraci\u00f3n do festival de Jazz de Nigr\u00e1n.\" \/>\n<meta name=\"robots\" content=\"index, follow, max-snippet:-1, max-image-preview:large, max-video-preview:-1\" \/>\n<link rel=\"canonical\" href=\"https:\/\/www.anovapeneira.gal\/index.php\/2022\/07\/15\/o-festival-nigran-jazz-volve-alumear-o-esteiro-da-foz-cos-mellores-musicos-do-mundo-2\/\" \/>\n<meta property=\"og:locale\" content=\"gl_ES\" \/>\n<meta property=\"og:type\" content=\"article\" \/>\n<meta property=\"og:title\" content=\"O Festival Nigr\u00e1n Jazz volve alumear o esteiro da Foz cos mellores m\u00fasicos do mundo -\" \/>\n<meta property=\"og:description\" content=\"Un ano m\u00e1is e xa van XVI ach\u00e9ganse as datas da celebraci\u00f3n do festival de Jazz de Nigr\u00e1n.\" \/>\n<meta property=\"og:url\" content=\"https:\/\/www.anovapeneira.gal\/index.php\/2022\/07\/15\/o-festival-nigran-jazz-volve-alumear-o-esteiro-da-foz-cos-mellores-musicos-do-mundo-2\/\" \/>\n<meta property=\"article:publisher\" content=\"https:\/\/www.facebook.com\/anovapeneira\" \/>\n<meta property=\"article:published_time\" content=\"2022-07-15T10:00:29+00:00\" \/>\n<meta property=\"og:image\" content=\"https:\/\/www.anovapeneira.gal\/wp-content\/uploads\/2022\/07\/nigran_jazz-1.jpg\" \/>\n\t<meta property=\"og:image:width\" content=\"720\" \/>\n\t<meta property=\"og:image:height\" content=\"432\" \/>\n\t<meta property=\"og:image:type\" content=\"image\/jpeg\" \/>\n<meta name=\"author\" content=\"Redacci\u00f3n A Nova Peneira\" \/>\n<meta name=\"twitter:card\" content=\"summary_large_image\" \/>\n<meta name=\"twitter:creator\" content=\"@APeneira\" \/>\n<meta name=\"twitter:site\" content=\"@APeneira\" \/>\n<meta name=\"twitter:label1\" content=\"Escrito por\" \/>\n\t<meta name=\"twitter:data1\" content=\"Redacci\u00f3n A Nova Peneira\" \/>\n\t<meta name=\"twitter:label2\" content=\"Tempo de lectura\" \/>\n\t<meta name=\"twitter:data2\" content=\"6 minutos\" \/>\n<script type=\"application\/ld+json\" class=\"yoast-schema-graph\">{\"@context\":\"https:\\\/\\\/schema.org\",\"@graph\":[{\"@type\":\"Article\",\"@id\":\"https:\\\/\\\/www.anovapeneira.gal\\\/index.php\\\/2022\\\/07\\\/15\\\/o-festival-nigran-jazz-volve-alumear-o-esteiro-da-foz-cos-mellores-musicos-do-mundo-2\\\/#article\",\"isPartOf\":{\"@id\":\"https:\\\/\\\/www.anovapeneira.gal\\\/index.php\\\/2022\\\/07\\\/15\\\/o-festival-nigran-jazz-volve-alumear-o-esteiro-da-foz-cos-mellores-musicos-do-mundo-2\\\/\"},\"author\":{\"name\":\"Redacci\u00f3n A Nova Peneira\",\"@id\":\"https:\\\/\\\/www.anovapeneira.gal\\\/#\\\/schema\\\/person\\\/b93e3f8932e3f8da96334607eb6ac6aa\"},\"headline\":\"O Festival Nigr\u00e1n Jazz volve alumear o esteiro da Foz cos mellores m\u00fasicos do mundo\",\"datePublished\":\"2022-07-15T10:00:29+00:00\",\"mainEntityOfPage\":{\"@id\":\"https:\\\/\\\/www.anovapeneira.gal\\\/index.php\\\/2022\\\/07\\\/15\\\/o-festival-nigran-jazz-volve-alumear-o-esteiro-da-foz-cos-mellores-musicos-do-mundo-2\\\/\"},\"wordCount\":1173,\"commentCount\":0,\"publisher\":{\"@id\":\"https:\\\/\\\/www.anovapeneira.gal\\\/#organization\"},\"image\":{\"@id\":\"https:\\\/\\\/www.anovapeneira.gal\\\/index.php\\\/2022\\\/07\\\/15\\\/o-festival-nigran-jazz-volve-alumear-o-esteiro-da-foz-cos-mellores-musicos-do-mundo-2\\\/#primaryimage\"},\"thumbnailUrl\":\"https:\\\/\\\/www.anovapeneira.gal\\\/wp-content\\\/uploads\\\/2022\\\/07\\\/nigran_jazz-1.jpg\",\"keywords\":[\"Concello de Nigr\u00e1n\"],\"articleSection\":[\"Val Mi\u00f1or\"],\"inLanguage\":\"gl-ES\",\"potentialAction\":[{\"@type\":\"CommentAction\",\"name\":\"Comment\",\"target\":[\"https:\\\/\\\/www.anovapeneira.gal\\\/index.php\\\/2022\\\/07\\\/15\\\/o-festival-nigran-jazz-volve-alumear-o-esteiro-da-foz-cos-mellores-musicos-do-mundo-2\\\/#respond\"]}]},{\"@type\":\"WebPage\",\"@id\":\"https:\\\/\\\/www.anovapeneira.gal\\\/index.php\\\/2022\\\/07\\\/15\\\/o-festival-nigran-jazz-volve-alumear-o-esteiro-da-foz-cos-mellores-musicos-do-mundo-2\\\/\",\"url\":\"https:\\\/\\\/www.anovapeneira.gal\\\/index.php\\\/2022\\\/07\\\/15\\\/o-festival-nigran-jazz-volve-alumear-o-esteiro-da-foz-cos-mellores-musicos-do-mundo-2\\\/\",\"name\":\"O Festival Nigr\u00e1n Jazz volve alumear o esteiro da Foz cos mellores m\u00fasicos do mundo -\",\"isPartOf\":{\"@id\":\"https:\\\/\\\/www.anovapeneira.gal\\\/#website\"},\"primaryImageOfPage\":{\"@id\":\"https:\\\/\\\/www.anovapeneira.gal\\\/index.php\\\/2022\\\/07\\\/15\\\/o-festival-nigran-jazz-volve-alumear-o-esteiro-da-foz-cos-mellores-musicos-do-mundo-2\\\/#primaryimage\"},\"image\":{\"@id\":\"https:\\\/\\\/www.anovapeneira.gal\\\/index.php\\\/2022\\\/07\\\/15\\\/o-festival-nigran-jazz-volve-alumear-o-esteiro-da-foz-cos-mellores-musicos-do-mundo-2\\\/#primaryimage\"},\"thumbnailUrl\":\"https:\\\/\\\/www.anovapeneira.gal\\\/wp-content\\\/uploads\\\/2022\\\/07\\\/nigran_jazz-1.jpg\",\"datePublished\":\"2022-07-15T10:00:29+00:00\",\"description\":\"Un ano m\u00e1is e xa van XVI ach\u00e9ganse as datas da celebraci\u00f3n do festival de Jazz de Nigr\u00e1n.\",\"breadcrumb\":{\"@id\":\"https:\\\/\\\/www.anovapeneira.gal\\\/index.php\\\/2022\\\/07\\\/15\\\/o-festival-nigran-jazz-volve-alumear-o-esteiro-da-foz-cos-mellores-musicos-do-mundo-2\\\/#breadcrumb\"},\"inLanguage\":\"gl-ES\",\"potentialAction\":[{\"@type\":\"ReadAction\",\"target\":[\"https:\\\/\\\/www.anovapeneira.gal\\\/index.php\\\/2022\\\/07\\\/15\\\/o-festival-nigran-jazz-volve-alumear-o-esteiro-da-foz-cos-mellores-musicos-do-mundo-2\\\/\"]}]},{\"@type\":\"ImageObject\",\"inLanguage\":\"gl-ES\",\"@id\":\"https:\\\/\\\/www.anovapeneira.gal\\\/index.php\\\/2022\\\/07\\\/15\\\/o-festival-nigran-jazz-volve-alumear-o-esteiro-da-foz-cos-mellores-musicos-do-mundo-2\\\/#primaryimage\",\"url\":\"https:\\\/\\\/www.anovapeneira.gal\\\/wp-content\\\/uploads\\\/2022\\\/07\\\/nigran_jazz-1.jpg\",\"contentUrl\":\"https:\\\/\\\/www.anovapeneira.gal\\\/wp-content\\\/uploads\\\/2022\\\/07\\\/nigran_jazz-1.jpg\",\"width\":720,\"height\":432,\"caption\":\"Nigr\u00e1n Jazz\"},{\"@type\":\"BreadcrumbList\",\"@id\":\"https:\\\/\\\/www.anovapeneira.gal\\\/index.php\\\/2022\\\/07\\\/15\\\/o-festival-nigran-jazz-volve-alumear-o-esteiro-da-foz-cos-mellores-musicos-do-mundo-2\\\/#breadcrumb\",\"itemListElement\":[{\"@type\":\"ListItem\",\"position\":1,\"name\":\"Portada\",\"item\":\"https:\\\/\\\/www.anovapeneira.gal\\\/\"},{\"@type\":\"ListItem\",\"position\":2,\"name\":\"O Festival Nigr\u00e1n Jazz volve alumear o esteiro da Foz cos mellores m\u00fasicos do mundo\"}]},{\"@type\":\"WebSite\",\"@id\":\"https:\\\/\\\/www.anovapeneira.gal\\\/#website\",\"url\":\"https:\\\/\\\/www.anovapeneira.gal\\\/\",\"name\":\"\",\"description\":\"Xornal galego de informaci\u00f3n xeral Publicaci\u00f3n mensual de novas de Galicia e en especial dos Concellos da sur da provincia de Pontevedra.\",\"publisher\":{\"@id\":\"https:\\\/\\\/www.anovapeneira.gal\\\/#organization\"},\"potentialAction\":[{\"@type\":\"SearchAction\",\"target\":{\"@type\":\"EntryPoint\",\"urlTemplate\":\"https:\\\/\\\/www.anovapeneira.gal\\\/?s={search_term_string}\"},\"query-input\":{\"@type\":\"PropertyValueSpecification\",\"valueRequired\":true,\"valueName\":\"search_term_string\"}}],\"inLanguage\":\"gl-ES\"},{\"@type\":\"Organization\",\"@id\":\"https:\\\/\\\/www.anovapeneira.gal\\\/#organization\",\"name\":\"A Nova Peneira\",\"url\":\"https:\\\/\\\/www.anovapeneira.gal\\\/\",\"logo\":{\"@type\":\"ImageObject\",\"inLanguage\":\"gl-ES\",\"@id\":\"https:\\\/\\\/www.anovapeneira.gal\\\/#\\\/schema\\\/logo\\\/image\\\/\",\"url\":\"http:\\\/\\\/www.anovapeneira.gal\\\/wp-content\\\/uploads\\\/2019\\\/06\\\/logo_a_nova_peneira_portal_web.png\",\"contentUrl\":\"http:\\\/\\\/www.anovapeneira.gal\\\/wp-content\\\/uploads\\\/2019\\\/06\\\/logo_a_nova_peneira_portal_web.png\",\"width\":300,\"height\":100,\"caption\":\"A Nova Peneira\"},\"image\":{\"@id\":\"https:\\\/\\\/www.anovapeneira.gal\\\/#\\\/schema\\\/logo\\\/image\\\/\"},\"sameAs\":[\"https:\\\/\\\/www.facebook.com\\\/anovapeneira\",\"https:\\\/\\\/x.com\\\/APeneira\"]},{\"@type\":\"Person\",\"@id\":\"https:\\\/\\\/www.anovapeneira.gal\\\/#\\\/schema\\\/person\\\/b93e3f8932e3f8da96334607eb6ac6aa\",\"name\":\"Redacci\u00f3n A Nova Peneira\",\"image\":{\"@type\":\"ImageObject\",\"inLanguage\":\"gl-ES\",\"@id\":\"https:\\\/\\\/secure.gravatar.com\\\/avatar\\\/c052a2551a06e23fac63626232eaa90abd78dbcf1700fc46a2b2c89fd27b735f?s=96&d=mm&r=g\",\"url\":\"https:\\\/\\\/secure.gravatar.com\\\/avatar\\\/c052a2551a06e23fac63626232eaa90abd78dbcf1700fc46a2b2c89fd27b735f?s=96&d=mm&r=g\",\"contentUrl\":\"https:\\\/\\\/secure.gravatar.com\\\/avatar\\\/c052a2551a06e23fac63626232eaa90abd78dbcf1700fc46a2b2c89fd27b735f?s=96&d=mm&r=g\",\"caption\":\"Redacci\u00f3n A Nova Peneira\"},\"sameAs\":[\"http:\\\/\\\/www.anovapeneira.gal\\\/\"],\"url\":\"https:\\\/\\\/www.anovapeneira.gal\\\/index.php\\\/author\\\/redactor\\\/\"}]}<\/script>\n<!-- \/ Yoast SEO plugin. -->","yoast_head_json":{"title":"O Festival Nigr\u00e1n Jazz volve alumear o esteiro da Foz cos mellores m\u00fasicos do mundo -","description":"Un ano m\u00e1is e xa van XVI ach\u00e9ganse as datas da celebraci\u00f3n do festival de Jazz de Nigr\u00e1n.","robots":{"index":"index","follow":"follow","max-snippet":"max-snippet:-1","max-image-preview":"max-image-preview:large","max-video-preview":"max-video-preview:-1"},"canonical":"https:\/\/www.anovapeneira.gal\/index.php\/2022\/07\/15\/o-festival-nigran-jazz-volve-alumear-o-esteiro-da-foz-cos-mellores-musicos-do-mundo-2\/","og_locale":"gl_ES","og_type":"article","og_title":"O Festival Nigr\u00e1n Jazz volve alumear o esteiro da Foz cos mellores m\u00fasicos do mundo -","og_description":"Un ano m\u00e1is e xa van XVI ach\u00e9ganse as datas da celebraci\u00f3n do festival de Jazz de Nigr\u00e1n.","og_url":"https:\/\/www.anovapeneira.gal\/index.php\/2022\/07\/15\/o-festival-nigran-jazz-volve-alumear-o-esteiro-da-foz-cos-mellores-musicos-do-mundo-2\/","article_publisher":"https:\/\/www.facebook.com\/anovapeneira","article_published_time":"2022-07-15T10:00:29+00:00","og_image":[{"width":720,"height":432,"url":"https:\/\/www.anovapeneira.gal\/wp-content\/uploads\/2022\/07\/nigran_jazz-1.jpg","type":"image\/jpeg"}],"author":"Redacci\u00f3n A Nova Peneira","twitter_card":"summary_large_image","twitter_creator":"@APeneira","twitter_site":"@APeneira","twitter_misc":{"Escrito por":"Redacci\u00f3n A Nova Peneira","Tempo de lectura":"6 minutos"},"schema":{"@context":"https:\/\/schema.org","@graph":[{"@type":"Article","@id":"https:\/\/www.anovapeneira.gal\/index.php\/2022\/07\/15\/o-festival-nigran-jazz-volve-alumear-o-esteiro-da-foz-cos-mellores-musicos-do-mundo-2\/#article","isPartOf":{"@id":"https:\/\/www.anovapeneira.gal\/index.php\/2022\/07\/15\/o-festival-nigran-jazz-volve-alumear-o-esteiro-da-foz-cos-mellores-musicos-do-mundo-2\/"},"author":{"name":"Redacci\u00f3n A Nova Peneira","@id":"https:\/\/www.anovapeneira.gal\/#\/schema\/person\/b93e3f8932e3f8da96334607eb6ac6aa"},"headline":"O Festival Nigr\u00e1n Jazz volve alumear o esteiro da Foz cos mellores m\u00fasicos do mundo","datePublished":"2022-07-15T10:00:29+00:00","mainEntityOfPage":{"@id":"https:\/\/www.anovapeneira.gal\/index.php\/2022\/07\/15\/o-festival-nigran-jazz-volve-alumear-o-esteiro-da-foz-cos-mellores-musicos-do-mundo-2\/"},"wordCount":1173,"commentCount":0,"publisher":{"@id":"https:\/\/www.anovapeneira.gal\/#organization"},"image":{"@id":"https:\/\/www.anovapeneira.gal\/index.php\/2022\/07\/15\/o-festival-nigran-jazz-volve-alumear-o-esteiro-da-foz-cos-mellores-musicos-do-mundo-2\/#primaryimage"},"thumbnailUrl":"https:\/\/www.anovapeneira.gal\/wp-content\/uploads\/2022\/07\/nigran_jazz-1.jpg","keywords":["Concello de Nigr\u00e1n"],"articleSection":["Val Mi\u00f1or"],"inLanguage":"gl-ES","potentialAction":[{"@type":"CommentAction","name":"Comment","target":["https:\/\/www.anovapeneira.gal\/index.php\/2022\/07\/15\/o-festival-nigran-jazz-volve-alumear-o-esteiro-da-foz-cos-mellores-musicos-do-mundo-2\/#respond"]}]},{"@type":"WebPage","@id":"https:\/\/www.anovapeneira.gal\/index.php\/2022\/07\/15\/o-festival-nigran-jazz-volve-alumear-o-esteiro-da-foz-cos-mellores-musicos-do-mundo-2\/","url":"https:\/\/www.anovapeneira.gal\/index.php\/2022\/07\/15\/o-festival-nigran-jazz-volve-alumear-o-esteiro-da-foz-cos-mellores-musicos-do-mundo-2\/","name":"O Festival Nigr\u00e1n Jazz volve alumear o esteiro da Foz cos mellores m\u00fasicos do mundo -","isPartOf":{"@id":"https:\/\/www.anovapeneira.gal\/#website"},"primaryImageOfPage":{"@id":"https:\/\/www.anovapeneira.gal\/index.php\/2022\/07\/15\/o-festival-nigran-jazz-volve-alumear-o-esteiro-da-foz-cos-mellores-musicos-do-mundo-2\/#primaryimage"},"image":{"@id":"https:\/\/www.anovapeneira.gal\/index.php\/2022\/07\/15\/o-festival-nigran-jazz-volve-alumear-o-esteiro-da-foz-cos-mellores-musicos-do-mundo-2\/#primaryimage"},"thumbnailUrl":"https:\/\/www.anovapeneira.gal\/wp-content\/uploads\/2022\/07\/nigran_jazz-1.jpg","datePublished":"2022-07-15T10:00:29+00:00","description":"Un ano m\u00e1is e xa van XVI ach\u00e9ganse as datas da celebraci\u00f3n do festival de Jazz de Nigr\u00e1n.","breadcrumb":{"@id":"https:\/\/www.anovapeneira.gal\/index.php\/2022\/07\/15\/o-festival-nigran-jazz-volve-alumear-o-esteiro-da-foz-cos-mellores-musicos-do-mundo-2\/#breadcrumb"},"inLanguage":"gl-ES","potentialAction":[{"@type":"ReadAction","target":["https:\/\/www.anovapeneira.gal\/index.php\/2022\/07\/15\/o-festival-nigran-jazz-volve-alumear-o-esteiro-da-foz-cos-mellores-musicos-do-mundo-2\/"]}]},{"@type":"ImageObject","inLanguage":"gl-ES","@id":"https:\/\/www.anovapeneira.gal\/index.php\/2022\/07\/15\/o-festival-nigran-jazz-volve-alumear-o-esteiro-da-foz-cos-mellores-musicos-do-mundo-2\/#primaryimage","url":"https:\/\/www.anovapeneira.gal\/wp-content\/uploads\/2022\/07\/nigran_jazz-1.jpg","contentUrl":"https:\/\/www.anovapeneira.gal\/wp-content\/uploads\/2022\/07\/nigran_jazz-1.jpg","width":720,"height":432,"caption":"Nigr\u00e1n Jazz"},{"@type":"BreadcrumbList","@id":"https:\/\/www.anovapeneira.gal\/index.php\/2022\/07\/15\/o-festival-nigran-jazz-volve-alumear-o-esteiro-da-foz-cos-mellores-musicos-do-mundo-2\/#breadcrumb","itemListElement":[{"@type":"ListItem","position":1,"name":"Portada","item":"https:\/\/www.anovapeneira.gal\/"},{"@type":"ListItem","position":2,"name":"O Festival Nigr\u00e1n Jazz volve alumear o esteiro da Foz cos mellores m\u00fasicos do mundo"}]},{"@type":"WebSite","@id":"https:\/\/www.anovapeneira.gal\/#website","url":"https:\/\/www.anovapeneira.gal\/","name":"","description":"Xornal galego de informaci\u00f3n xeral Publicaci\u00f3n mensual de novas de Galicia e en especial dos Concellos da sur da provincia de Pontevedra.","publisher":{"@id":"https:\/\/www.anovapeneira.gal\/#organization"},"potentialAction":[{"@type":"SearchAction","target":{"@type":"EntryPoint","urlTemplate":"https:\/\/www.anovapeneira.gal\/?s={search_term_string}"},"query-input":{"@type":"PropertyValueSpecification","valueRequired":true,"valueName":"search_term_string"}}],"inLanguage":"gl-ES"},{"@type":"Organization","@id":"https:\/\/www.anovapeneira.gal\/#organization","name":"A Nova Peneira","url":"https:\/\/www.anovapeneira.gal\/","logo":{"@type":"ImageObject","inLanguage":"gl-ES","@id":"https:\/\/www.anovapeneira.gal\/#\/schema\/logo\/image\/","url":"http:\/\/www.anovapeneira.gal\/wp-content\/uploads\/2019\/06\/logo_a_nova_peneira_portal_web.png","contentUrl":"http:\/\/www.anovapeneira.gal\/wp-content\/uploads\/2019\/06\/logo_a_nova_peneira_portal_web.png","width":300,"height":100,"caption":"A Nova Peneira"},"image":{"@id":"https:\/\/www.anovapeneira.gal\/#\/schema\/logo\/image\/"},"sameAs":["https:\/\/www.facebook.com\/anovapeneira","https:\/\/x.com\/APeneira"]},{"@type":"Person","@id":"https:\/\/www.anovapeneira.gal\/#\/schema\/person\/b93e3f8932e3f8da96334607eb6ac6aa","name":"Redacci\u00f3n A Nova Peneira","image":{"@type":"ImageObject","inLanguage":"gl-ES","@id":"https:\/\/secure.gravatar.com\/avatar\/c052a2551a06e23fac63626232eaa90abd78dbcf1700fc46a2b2c89fd27b735f?s=96&d=mm&r=g","url":"https:\/\/secure.gravatar.com\/avatar\/c052a2551a06e23fac63626232eaa90abd78dbcf1700fc46a2b2c89fd27b735f?s=96&d=mm&r=g","contentUrl":"https:\/\/secure.gravatar.com\/avatar\/c052a2551a06e23fac63626232eaa90abd78dbcf1700fc46a2b2c89fd27b735f?s=96&d=mm&r=g","caption":"Redacci\u00f3n A Nova Peneira"},"sameAs":["http:\/\/www.anovapeneira.gal\/"],"url":"https:\/\/www.anovapeneira.gal\/index.php\/author\/redactor\/"}]}},"jetpack_featured_media_url":"https:\/\/www.anovapeneira.gal\/wp-content\/uploads\/2022\/07\/nigran_jazz-1.jpg","_links":{"self":[{"href":"https:\/\/www.anovapeneira.gal\/index.php\/wp-json\/wp\/v2\/posts\/7789","targetHints":{"allow":["GET"]}}],"collection":[{"href":"https:\/\/www.anovapeneira.gal\/index.php\/wp-json\/wp\/v2\/posts"}],"about":[{"href":"https:\/\/www.anovapeneira.gal\/index.php\/wp-json\/wp\/v2\/types\/post"}],"author":[{"embeddable":true,"href":"https:\/\/www.anovapeneira.gal\/index.php\/wp-json\/wp\/v2\/users\/3"}],"replies":[{"embeddable":true,"href":"https:\/\/www.anovapeneira.gal\/index.php\/wp-json\/wp\/v2\/comments?post=7789"}],"version-history":[{"count":1,"href":"https:\/\/www.anovapeneira.gal\/index.php\/wp-json\/wp\/v2\/posts\/7789\/revisions"}],"predecessor-version":[{"id":7790,"href":"https:\/\/www.anovapeneira.gal\/index.php\/wp-json\/wp\/v2\/posts\/7789\/revisions\/7790"}],"wp:featuredmedia":[{"embeddable":true,"href":"https:\/\/www.anovapeneira.gal\/index.php\/wp-json\/wp\/v2\/media\/7791"}],"wp:attachment":[{"href":"https:\/\/www.anovapeneira.gal\/index.php\/wp-json\/wp\/v2\/media?parent=7789"}],"wp:term":[{"taxonomy":"category","embeddable":true,"href":"https:\/\/www.anovapeneira.gal\/index.php\/wp-json\/wp\/v2\/categories?post=7789"},{"taxonomy":"post_tag","embeddable":true,"href":"https:\/\/www.anovapeneira.gal\/index.php\/wp-json\/wp\/v2\/tags?post=7789"}],"curies":[{"name":"wp","href":"https:\/\/api.w.org\/{rel}","templated":true}]}}