{"id":7793,"date":"2022-07-19T10:00:48","date_gmt":"2022-07-19T08:00:48","guid":{"rendered":"https:\/\/www.anovapeneira.gal\/?p=7793"},"modified":"2022-07-13T19:35:22","modified_gmt":"2022-07-13T17:35:22","slug":"estamos-sen-medicos-a-culpa-e-de-vladimir-vladimirovich","status":"publish","type":"post","link":"https:\/\/www.anovapeneira.gal\/index.php\/2022\/07\/19\/estamos-sen-medicos-a-culpa-e-de-vladimir-vladimirovich\/","title":{"rendered":"Estamos sen m\u00e9dicos, a culpa \u00e9 de Vladimir Vladimirovich"},"content":{"rendered":"\n<figure class=\"wp-block-image size-large is-resized\"><img loading=\"lazy\" decoding=\"async\" src=\"http:\/\/www.anovapeneira.gal\/wp-content\/uploads\/2019\/07\/pedro_cortegoso_opinion_a_nova_peneira_bn.jpg\" alt=\"Pedro M. Cortegoso Gago Artigo Opini\u00f3n A Nova Peneira\" class=\"wp-image-464\" width=\"95\" height=\"111\"\/><figcaption>Pedro M. Cortegoso Gago Traballador do Centro de Sa\u00fade de Moa\u00f1a<\/figcaption><\/figure>\n\n\n\n<p>A lament\u00e1bel situaci\u00f3n da sanidade p\u00fablica galega non \u00e9 ningunha novidade. A estratexia de deterioro impulsada polo Partido Popular desde a Xunta est\u00e1 sendo un \u00e9xito e est\u00e1 acadando todos os obxectivos: desmantelamento e desv\u00edo de recursos \u00e1 sanidade privada.<\/p>\n\n\n\n<p>Eles est\u00e1n en pol\u00edtica para mirar polos intereses das grandes empresas \u00e1s que serven como fieis lacaios sen importarlle as consecuencias para os petos e a sa\u00fade do \u201cpopulacho\u201d. Non lles pesa na conciencia que non haxa ambulancias abondo para atender as urxencias ou que as listas de agarda na atenci\u00f3n primaria sexan de semanas e na especializada de meses.<\/p>\n\n\n\n<p>Por se isto non fose abondo, estes d\u00edas tivemos co\u00f1ecemento dun feito moi grave, o centro de sa\u00fade de Mar\u00edn vai permanecer fechado polas tardes do 1 de Xullo at\u00e9 o 15 de Setembro. A escusa, se pode habela, \u00e9 que isto ven provocado pola falta de persoal m\u00e9dico. Persoal falta en Mar\u00edn e en case todos os centros de Galiza desde fai tempo sen que o Sergas faga nada por evitalo. E non podemos esquecer que o centro de sa\u00fade de Seixo continua ao 50%, cun s\u00f3 m\u00e9dico de dous que deber\u00eda ter.<\/p>\n\n\n\n<p>\u00c1 nosa beira a situaci\u00f3n non \u00e9 mellor. O venres 1 de xullo realizouse unha ocupaci\u00f3n simb\u00f3lica do centro de sa\u00fade de Moa\u00f1a para reclamar a reposici\u00f3n de m\u00e9dicos e do servizo de urxencias trasladado a Cangas coa escusa da pandemia. En Cerdedo deixaron varios d\u00edas a localidade sen ning\u00fan facultativo. En Raxo tentaron botar o feche e deixalos sen asistencia durante quince d\u00edas<\/p>\n\n\n\n<p><strong>A atenci\u00f3n hospitalaria vai polo mesmo cami\u00f1o. <\/strong>As urxencias do Hospital Montecelo levan unha tempada vivindo episodios de saturaci\u00f3n e colapso. As listas de agarda para as operaci\u00f3ns cir\u00farxicas cada d\u00eda son m\u00e1is longas, chegando a non cumprir os prazos legalmente estabelecidos para realizar as intervenci\u00f3ns, inclusive das patolox\u00edas m\u00e1is graves.<\/p>\n\n\n\n<p>Os profesionais deste hospital sa\u00edron publicamente denunciando o inxustificado feche de camas e o desv\u00edo de pacientes ao Saln\u00e9s, acusando \u00e1 xerencia do centro de facer isto para aforrar cartos. Unha pr\u00e1ctica habitual do Sergas en temporada estival, como se no ver\u00e1n non houbera enfermidades, que deixa en precario a atenci\u00f3n hospitalaria.<\/p>\n\n\n\n<p>E mentres todo isto acontece os respons\u00e1beis pol\u00edticos, os que deber\u00edan estar buscando soluci\u00f3ns a todos estes problemas, ad\u00edcanse a pasear polas r\u00faas de Mar\u00edn en moto. Como se fose un motorista dos \u201c\u00c1ngeles del Infierno\u201d, Rueda veu por Mar\u00edn esnaquizando todo ao seu paso.<\/p>\n\n\n\n<p>S\u00ed, dous d\u00edas despois de fechar o centro de sa\u00fade pola tarde, e despois de cargarse a Escola de Ensino Infantil Virxe do Carmen, o Presidente Rueda, coa Alcaldesa Ramallo de paquete, d\u00e9ronse un garbeo pola vila e visitaron a concentraci\u00f3n de motos para sacarse unhas boas fotos e ter uns titulares xeitosos de precampa\u00f1a das municipais.<\/p>\n\n\n\n<p>Quedounos claro que o Presidente Rueda manexa ben a motocicleta, como Arnold Schwarzenegger en Terminator. O que non est\u00e1 tan claro \u00e9 cando traballa, cando est\u00e1 no despacho, pois todos os d\u00edas est\u00e1 presente no telexornal inaugurando aqu\u00ed, prometendo cartos al\u00e1&#8230; Debe ser que o cargo de presidente ten moito de actor ou presentador televisivo para encher o NO-DO 2.0 en que se transformou a TVG.<\/p>\n\n\n\n<p>Se n\u00f3s doe unha perna ou calquera outra parte do corpo e non temos m\u00e9dico, se non temos ambulancia que n\u00f3s ve\u00f1a buscar, se as radiograf\u00edas tardan un mes en ser informadas, non pasa nada. A Sra. Ramallo danos pan e circo.<\/p>\n\n\n\n<p>Temos de novo \u00e1 Panorama, a Par\u00eds de Noya, a Festa Corsaria, e este ano o mellor dos artistas do mundo mundial Kiko Rivera, para contentarnos e facernos esquecer que estamos gobernados por \u201ccomerciais\u201d ao servizo de fondos de investimento e grandes empresas trasnacionais que fan negocio coa nosa sa\u00fade.<\/p>\n\n\n\n<p>E por que non fan nada para solucionar os problemas da sanidade p\u00fablica galega? Por que non poden. Non poden contratar m\u00e9dicos, ATS ou administrativos por culpa de Vladimir Vladimirovich Putin, de Pedro S\u00e1nchez ou do bipartito. Rueda, coma antes Feixoo, sempre ten algu\u00e9n a quen botarlle as culpas mentres pasea en moto polas r\u00faas de Mar\u00edn.<\/p>\n\n\n\n<p>Mar\u00edn, 8 de xullo de 2022<\/p>\n","protected":false},"excerpt":{"rendered":"<div class=\"mh-excerpt\"><p>A lament\u00e1bel situaci\u00f3n da sanidade p\u00fablica galega non \u00e9 ningunha novidade. A estratexia de deterioro impulsada polo Partido Popular desde a Xunta est\u00e1 sendo un \u00e9xito e est\u00e1 acadando todos os obxectivos: desmantelamento e desv\u00edo de recursos \u00e1 sanidade privada <a class=\"mh-excerpt-more\" href=\"https:\/\/www.anovapeneira.gal\/index.php\/2022\/07\/19\/estamos-sen-medicos-a-culpa-e-de-vladimir-vladimirovich\/\" title=\"Estamos sen m\u00e9dicos, a culpa \u00e9 de Vladimir Vladimirovich\">[&#8230;]<\/a><\/p>\n<\/div>","protected":false},"author":4,"featured_media":584,"comment_status":"open","ping_status":"open","sticky":false,"template":"","format":"standard","meta":{"_exactmetrics_skip_tracking":false,"_exactmetrics_sitenote_active":false,"_exactmetrics_sitenote_note":"","_exactmetrics_sitenote_category":0,"footnotes":""},"categories":[7,1],"tags":[],"class_list":{"0":"post-7793","1":"post","2":"type-post","3":"status-publish","4":"format-standard","5":"has-post-thumbnail","7":"category-artigos-de-opinion","8":"category-sin-categoria"},"yoast_head":"<!-- This site is optimized with the Yoast SEO plugin v27.4 - https:\/\/yoast.com\/product\/yoast-seo-wordpress\/ -->\n<title>Estamos sen m\u00e9dicos, a culpa \u00e9 de Vladimir Vladimirovich -<\/title>\n<meta name=\"description\" content=\"A lament\u00e1bel situaci\u00f3n da sanidade p\u00fablica galega non \u00e9 ningunha novidade.\" \/>\n<meta name=\"robots\" content=\"index, follow, max-snippet:-1, max-image-preview:large, max-video-preview:-1\" \/>\n<link rel=\"canonical\" href=\"https:\/\/www.anovapeneira.gal\/index.php\/2022\/07\/19\/estamos-sen-medicos-a-culpa-e-de-vladimir-vladimirovich\/\" \/>\n<meta property=\"og:locale\" content=\"gl_ES\" \/>\n<meta property=\"og:type\" content=\"article\" \/>\n<meta property=\"og:title\" content=\"Estamos sen m\u00e9dicos, a culpa \u00e9 de Vladimir Vladimirovich -\" \/>\n<meta property=\"og:description\" content=\"A lament\u00e1bel situaci\u00f3n da sanidade p\u00fablica galega non \u00e9 ningunha novidade.\" \/>\n<meta property=\"og:url\" content=\"https:\/\/www.anovapeneira.gal\/index.php\/2022\/07\/19\/estamos-sen-medicos-a-culpa-e-de-vladimir-vladimirovich\/\" \/>\n<meta property=\"article:publisher\" content=\"https:\/\/www.facebook.com\/anovapeneira\" \/>\n<meta property=\"article:published_time\" content=\"2022-07-19T08:00:48+00:00\" \/>\n<meta property=\"og:image\" content=\"https:\/\/www.anovapeneira.gal\/wp-content\/uploads\/2019\/07\/ARTIGO_DE_OPINION_A_NOVA_PENEIRA.jpg\" \/>\n\t<meta property=\"og:image:width\" content=\"720\" \/>\n\t<meta property=\"og:image:height\" content=\"473\" \/>\n\t<meta property=\"og:image:type\" content=\"image\/jpeg\" \/>\n<meta name=\"author\" content=\"Pedro M. Cortegoso Gago\" \/>\n<meta name=\"twitter:card\" content=\"summary_large_image\" \/>\n<meta name=\"twitter:creator\" content=\"@APeneira\" \/>\n<meta name=\"twitter:site\" content=\"@APeneira\" \/>\n<meta name=\"twitter:label1\" content=\"Escrito por\" \/>\n\t<meta name=\"twitter:data1\" content=\"Pedro M. Cortegoso Gago\" \/>\n\t<meta name=\"twitter:label2\" content=\"Tempo de lectura\" \/>\n\t<meta name=\"twitter:data2\" content=\"4 minutos\" \/>\n<script type=\"application\/ld+json\" class=\"yoast-schema-graph\">{\"@context\":\"https:\\\/\\\/schema.org\",\"@graph\":[{\"@type\":\"Article\",\"@id\":\"https:\\\/\\\/www.anovapeneira.gal\\\/index.php\\\/2022\\\/07\\\/19\\\/estamos-sen-medicos-a-culpa-e-de-vladimir-vladimirovich\\\/#article\",\"isPartOf\":{\"@id\":\"https:\\\/\\\/www.anovapeneira.gal\\\/index.php\\\/2022\\\/07\\\/19\\\/estamos-sen-medicos-a-culpa-e-de-vladimir-vladimirovich\\\/\"},\"author\":{\"name\":\"Pedro M. Cortegoso Gago\",\"@id\":\"https:\\\/\\\/www.anovapeneira.gal\\\/#\\\/schema\\\/person\\\/c04a9c9f722c9446e71ae434c0353337\"},\"headline\":\"Estamos sen m\u00e9dicos, a culpa \u00e9 de Vladimir Vladimirovich\",\"datePublished\":\"2022-07-19T08:00:48+00:00\",\"mainEntityOfPage\":{\"@id\":\"https:\\\/\\\/www.anovapeneira.gal\\\/index.php\\\/2022\\\/07\\\/19\\\/estamos-sen-medicos-a-culpa-e-de-vladimir-vladimirovich\\\/\"},\"wordCount\":749,\"commentCount\":0,\"publisher\":{\"@id\":\"https:\\\/\\\/www.anovapeneira.gal\\\/#organization\"},\"image\":{\"@id\":\"https:\\\/\\\/www.anovapeneira.gal\\\/index.php\\\/2022\\\/07\\\/19\\\/estamos-sen-medicos-a-culpa-e-de-vladimir-vladimirovich\\\/#primaryimage\"},\"thumbnailUrl\":\"https:\\\/\\\/www.anovapeneira.gal\\\/wp-content\\\/uploads\\\/2019\\\/07\\\/ARTIGO_DE_OPINION_A_NOVA_PENEIRA.jpg\",\"articleSection\":[\"Artigos de opini\u00f3n\",\"Sin categor\u00eda\"],\"inLanguage\":\"gl-ES\",\"potentialAction\":[{\"@type\":\"CommentAction\",\"name\":\"Comment\",\"target\":[\"https:\\\/\\\/www.anovapeneira.gal\\\/index.php\\\/2022\\\/07\\\/19\\\/estamos-sen-medicos-a-culpa-e-de-vladimir-vladimirovich\\\/#respond\"]}]},{\"@type\":\"WebPage\",\"@id\":\"https:\\\/\\\/www.anovapeneira.gal\\\/index.php\\\/2022\\\/07\\\/19\\\/estamos-sen-medicos-a-culpa-e-de-vladimir-vladimirovich\\\/\",\"url\":\"https:\\\/\\\/www.anovapeneira.gal\\\/index.php\\\/2022\\\/07\\\/19\\\/estamos-sen-medicos-a-culpa-e-de-vladimir-vladimirovich\\\/\",\"name\":\"Estamos sen m\u00e9dicos, a culpa \u00e9 de Vladimir Vladimirovich -\",\"isPartOf\":{\"@id\":\"https:\\\/\\\/www.anovapeneira.gal\\\/#website\"},\"primaryImageOfPage\":{\"@id\":\"https:\\\/\\\/www.anovapeneira.gal\\\/index.php\\\/2022\\\/07\\\/19\\\/estamos-sen-medicos-a-culpa-e-de-vladimir-vladimirovich\\\/#primaryimage\"},\"image\":{\"@id\":\"https:\\\/\\\/www.anovapeneira.gal\\\/index.php\\\/2022\\\/07\\\/19\\\/estamos-sen-medicos-a-culpa-e-de-vladimir-vladimirovich\\\/#primaryimage\"},\"thumbnailUrl\":\"https:\\\/\\\/www.anovapeneira.gal\\\/wp-content\\\/uploads\\\/2019\\\/07\\\/ARTIGO_DE_OPINION_A_NOVA_PENEIRA.jpg\",\"datePublished\":\"2022-07-19T08:00:48+00:00\",\"description\":\"A lament\u00e1bel situaci\u00f3n da sanidade p\u00fablica galega non \u00e9 ningunha novidade.\",\"breadcrumb\":{\"@id\":\"https:\\\/\\\/www.anovapeneira.gal\\\/index.php\\\/2022\\\/07\\\/19\\\/estamos-sen-medicos-a-culpa-e-de-vladimir-vladimirovich\\\/#breadcrumb\"},\"inLanguage\":\"gl-ES\",\"potentialAction\":[{\"@type\":\"ReadAction\",\"target\":[\"https:\\\/\\\/www.anovapeneira.gal\\\/index.php\\\/2022\\\/07\\\/19\\\/estamos-sen-medicos-a-culpa-e-de-vladimir-vladimirovich\\\/\"]}]},{\"@type\":\"ImageObject\",\"inLanguage\":\"gl-ES\",\"@id\":\"https:\\\/\\\/www.anovapeneira.gal\\\/index.php\\\/2022\\\/07\\\/19\\\/estamos-sen-medicos-a-culpa-e-de-vladimir-vladimirovich\\\/#primaryimage\",\"url\":\"https:\\\/\\\/www.anovapeneira.gal\\\/wp-content\\\/uploads\\\/2019\\\/07\\\/ARTIGO_DE_OPINION_A_NOVA_PENEIRA.jpg\",\"contentUrl\":\"https:\\\/\\\/www.anovapeneira.gal\\\/wp-content\\\/uploads\\\/2019\\\/07\\\/ARTIGO_DE_OPINION_A_NOVA_PENEIRA.jpg\",\"width\":720,\"height\":473,\"caption\":\"Artigo de opini\u00f3n A Nova Peneira\"},{\"@type\":\"BreadcrumbList\",\"@id\":\"https:\\\/\\\/www.anovapeneira.gal\\\/index.php\\\/2022\\\/07\\\/19\\\/estamos-sen-medicos-a-culpa-e-de-vladimir-vladimirovich\\\/#breadcrumb\",\"itemListElement\":[{\"@type\":\"ListItem\",\"position\":1,\"name\":\"Portada\",\"item\":\"https:\\\/\\\/www.anovapeneira.gal\\\/\"},{\"@type\":\"ListItem\",\"position\":2,\"name\":\"Estamos sen m\u00e9dicos, a culpa \u00e9 de Vladimir Vladimirovich\"}]},{\"@type\":\"WebSite\",\"@id\":\"https:\\\/\\\/www.anovapeneira.gal\\\/#website\",\"url\":\"https:\\\/\\\/www.anovapeneira.gal\\\/\",\"name\":\"\",\"description\":\"Xornal galego de informaci\u00f3n xeral Publicaci\u00f3n mensual de novas de Galicia e en especial dos Concellos da sur da provincia de Pontevedra.\",\"publisher\":{\"@id\":\"https:\\\/\\\/www.anovapeneira.gal\\\/#organization\"},\"potentialAction\":[{\"@type\":\"SearchAction\",\"target\":{\"@type\":\"EntryPoint\",\"urlTemplate\":\"https:\\\/\\\/www.anovapeneira.gal\\\/?s={search_term_string}\"},\"query-input\":{\"@type\":\"PropertyValueSpecification\",\"valueRequired\":true,\"valueName\":\"search_term_string\"}}],\"inLanguage\":\"gl-ES\"},{\"@type\":\"Organization\",\"@id\":\"https:\\\/\\\/www.anovapeneira.gal\\\/#organization\",\"name\":\"A Nova Peneira\",\"url\":\"https:\\\/\\\/www.anovapeneira.gal\\\/\",\"logo\":{\"@type\":\"ImageObject\",\"inLanguage\":\"gl-ES\",\"@id\":\"https:\\\/\\\/www.anovapeneira.gal\\\/#\\\/schema\\\/logo\\\/image\\\/\",\"url\":\"http:\\\/\\\/www.anovapeneira.gal\\\/wp-content\\\/uploads\\\/2019\\\/06\\\/logo_a_nova_peneira_portal_web.png\",\"contentUrl\":\"http:\\\/\\\/www.anovapeneira.gal\\\/wp-content\\\/uploads\\\/2019\\\/06\\\/logo_a_nova_peneira_portal_web.png\",\"width\":300,\"height\":100,\"caption\":\"A Nova Peneira\"},\"image\":{\"@id\":\"https:\\\/\\\/www.anovapeneira.gal\\\/#\\\/schema\\\/logo\\\/image\\\/\"},\"sameAs\":[\"https:\\\/\\\/www.facebook.com\\\/anovapeneira\",\"https:\\\/\\\/x.com\\\/APeneira\"]},{\"@type\":\"Person\",\"@id\":\"https:\\\/\\\/www.anovapeneira.gal\\\/#\\\/schema\\\/person\\\/c04a9c9f722c9446e71ae434c0353337\",\"name\":\"Pedro M. Cortegoso Gago\",\"image\":{\"@type\":\"ImageObject\",\"inLanguage\":\"gl-ES\",\"@id\":\"https:\\\/\\\/secure.gravatar.com\\\/avatar\\\/1613b27278a972c04db5c2f04fb2cbfa9edb58d6c3e2547817ecb8240eb58381?s=96&d=mm&r=g\",\"url\":\"https:\\\/\\\/secure.gravatar.com\\\/avatar\\\/1613b27278a972c04db5c2f04fb2cbfa9edb58d6c3e2547817ecb8240eb58381?s=96&d=mm&r=g\",\"contentUrl\":\"https:\\\/\\\/secure.gravatar.com\\\/avatar\\\/1613b27278a972c04db5c2f04fb2cbfa9edb58d6c3e2547817ecb8240eb58381?s=96&d=mm&r=g\",\"caption\":\"Pedro M. Cortegoso Gago\"},\"sameAs\":[\"http:\\\/\\\/anovapeneira.gal\"],\"url\":\"https:\\\/\\\/www.anovapeneira.gal\\\/index.php\\\/author\\\/opinionpcortegoso\\\/\"}]}<\/script>\n<!-- \/ Yoast SEO plugin. -->","yoast_head_json":{"title":"Estamos sen m\u00e9dicos, a culpa \u00e9 de Vladimir Vladimirovich -","description":"A lament\u00e1bel situaci\u00f3n da sanidade p\u00fablica galega non \u00e9 ningunha novidade.","robots":{"index":"index","follow":"follow","max-snippet":"max-snippet:-1","max-image-preview":"max-image-preview:large","max-video-preview":"max-video-preview:-1"},"canonical":"https:\/\/www.anovapeneira.gal\/index.php\/2022\/07\/19\/estamos-sen-medicos-a-culpa-e-de-vladimir-vladimirovich\/","og_locale":"gl_ES","og_type":"article","og_title":"Estamos sen m\u00e9dicos, a culpa \u00e9 de Vladimir Vladimirovich -","og_description":"A lament\u00e1bel situaci\u00f3n da sanidade p\u00fablica galega non \u00e9 ningunha novidade.","og_url":"https:\/\/www.anovapeneira.gal\/index.php\/2022\/07\/19\/estamos-sen-medicos-a-culpa-e-de-vladimir-vladimirovich\/","article_publisher":"https:\/\/www.facebook.com\/anovapeneira","article_published_time":"2022-07-19T08:00:48+00:00","og_image":[{"width":720,"height":473,"url":"https:\/\/www.anovapeneira.gal\/wp-content\/uploads\/2019\/07\/ARTIGO_DE_OPINION_A_NOVA_PENEIRA.jpg","type":"image\/jpeg"}],"author":"Pedro M. Cortegoso Gago","twitter_card":"summary_large_image","twitter_creator":"@APeneira","twitter_site":"@APeneira","twitter_misc":{"Escrito por":"Pedro M. Cortegoso Gago","Tempo de lectura":"4 minutos"},"schema":{"@context":"https:\/\/schema.org","@graph":[{"@type":"Article","@id":"https:\/\/www.anovapeneira.gal\/index.php\/2022\/07\/19\/estamos-sen-medicos-a-culpa-e-de-vladimir-vladimirovich\/#article","isPartOf":{"@id":"https:\/\/www.anovapeneira.gal\/index.php\/2022\/07\/19\/estamos-sen-medicos-a-culpa-e-de-vladimir-vladimirovich\/"},"author":{"name":"Pedro M. Cortegoso Gago","@id":"https:\/\/www.anovapeneira.gal\/#\/schema\/person\/c04a9c9f722c9446e71ae434c0353337"},"headline":"Estamos sen m\u00e9dicos, a culpa \u00e9 de Vladimir Vladimirovich","datePublished":"2022-07-19T08:00:48+00:00","mainEntityOfPage":{"@id":"https:\/\/www.anovapeneira.gal\/index.php\/2022\/07\/19\/estamos-sen-medicos-a-culpa-e-de-vladimir-vladimirovich\/"},"wordCount":749,"commentCount":0,"publisher":{"@id":"https:\/\/www.anovapeneira.gal\/#organization"},"image":{"@id":"https:\/\/www.anovapeneira.gal\/index.php\/2022\/07\/19\/estamos-sen-medicos-a-culpa-e-de-vladimir-vladimirovich\/#primaryimage"},"thumbnailUrl":"https:\/\/www.anovapeneira.gal\/wp-content\/uploads\/2019\/07\/ARTIGO_DE_OPINION_A_NOVA_PENEIRA.jpg","articleSection":["Artigos de opini\u00f3n","Sin categor\u00eda"],"inLanguage":"gl-ES","potentialAction":[{"@type":"CommentAction","name":"Comment","target":["https:\/\/www.anovapeneira.gal\/index.php\/2022\/07\/19\/estamos-sen-medicos-a-culpa-e-de-vladimir-vladimirovich\/#respond"]}]},{"@type":"WebPage","@id":"https:\/\/www.anovapeneira.gal\/index.php\/2022\/07\/19\/estamos-sen-medicos-a-culpa-e-de-vladimir-vladimirovich\/","url":"https:\/\/www.anovapeneira.gal\/index.php\/2022\/07\/19\/estamos-sen-medicos-a-culpa-e-de-vladimir-vladimirovich\/","name":"Estamos sen m\u00e9dicos, a culpa \u00e9 de Vladimir Vladimirovich -","isPartOf":{"@id":"https:\/\/www.anovapeneira.gal\/#website"},"primaryImageOfPage":{"@id":"https:\/\/www.anovapeneira.gal\/index.php\/2022\/07\/19\/estamos-sen-medicos-a-culpa-e-de-vladimir-vladimirovich\/#primaryimage"},"image":{"@id":"https:\/\/www.anovapeneira.gal\/index.php\/2022\/07\/19\/estamos-sen-medicos-a-culpa-e-de-vladimir-vladimirovich\/#primaryimage"},"thumbnailUrl":"https:\/\/www.anovapeneira.gal\/wp-content\/uploads\/2019\/07\/ARTIGO_DE_OPINION_A_NOVA_PENEIRA.jpg","datePublished":"2022-07-19T08:00:48+00:00","description":"A lament\u00e1bel situaci\u00f3n da sanidade p\u00fablica galega non \u00e9 ningunha novidade.","breadcrumb":{"@id":"https:\/\/www.anovapeneira.gal\/index.php\/2022\/07\/19\/estamos-sen-medicos-a-culpa-e-de-vladimir-vladimirovich\/#breadcrumb"},"inLanguage":"gl-ES","potentialAction":[{"@type":"ReadAction","target":["https:\/\/www.anovapeneira.gal\/index.php\/2022\/07\/19\/estamos-sen-medicos-a-culpa-e-de-vladimir-vladimirovich\/"]}]},{"@type":"ImageObject","inLanguage":"gl-ES","@id":"https:\/\/www.anovapeneira.gal\/index.php\/2022\/07\/19\/estamos-sen-medicos-a-culpa-e-de-vladimir-vladimirovich\/#primaryimage","url":"https:\/\/www.anovapeneira.gal\/wp-content\/uploads\/2019\/07\/ARTIGO_DE_OPINION_A_NOVA_PENEIRA.jpg","contentUrl":"https:\/\/www.anovapeneira.gal\/wp-content\/uploads\/2019\/07\/ARTIGO_DE_OPINION_A_NOVA_PENEIRA.jpg","width":720,"height":473,"caption":"Artigo de opini\u00f3n A Nova Peneira"},{"@type":"BreadcrumbList","@id":"https:\/\/www.anovapeneira.gal\/index.php\/2022\/07\/19\/estamos-sen-medicos-a-culpa-e-de-vladimir-vladimirovich\/#breadcrumb","itemListElement":[{"@type":"ListItem","position":1,"name":"Portada","item":"https:\/\/www.anovapeneira.gal\/"},{"@type":"ListItem","position":2,"name":"Estamos sen m\u00e9dicos, a culpa \u00e9 de Vladimir Vladimirovich"}]},{"@type":"WebSite","@id":"https:\/\/www.anovapeneira.gal\/#website","url":"https:\/\/www.anovapeneira.gal\/","name":"","description":"Xornal galego de informaci\u00f3n xeral Publicaci\u00f3n mensual de novas de Galicia e en especial dos Concellos da sur da provincia de Pontevedra.","publisher":{"@id":"https:\/\/www.anovapeneira.gal\/#organization"},"potentialAction":[{"@type":"SearchAction","target":{"@type":"EntryPoint","urlTemplate":"https:\/\/www.anovapeneira.gal\/?s={search_term_string}"},"query-input":{"@type":"PropertyValueSpecification","valueRequired":true,"valueName":"search_term_string"}}],"inLanguage":"gl-ES"},{"@type":"Organization","@id":"https:\/\/www.anovapeneira.gal\/#organization","name":"A Nova Peneira","url":"https:\/\/www.anovapeneira.gal\/","logo":{"@type":"ImageObject","inLanguage":"gl-ES","@id":"https:\/\/www.anovapeneira.gal\/#\/schema\/logo\/image\/","url":"http:\/\/www.anovapeneira.gal\/wp-content\/uploads\/2019\/06\/logo_a_nova_peneira_portal_web.png","contentUrl":"http:\/\/www.anovapeneira.gal\/wp-content\/uploads\/2019\/06\/logo_a_nova_peneira_portal_web.png","width":300,"height":100,"caption":"A Nova Peneira"},"image":{"@id":"https:\/\/www.anovapeneira.gal\/#\/schema\/logo\/image\/"},"sameAs":["https:\/\/www.facebook.com\/anovapeneira","https:\/\/x.com\/APeneira"]},{"@type":"Person","@id":"https:\/\/www.anovapeneira.gal\/#\/schema\/person\/c04a9c9f722c9446e71ae434c0353337","name":"Pedro M. Cortegoso Gago","image":{"@type":"ImageObject","inLanguage":"gl-ES","@id":"https:\/\/secure.gravatar.com\/avatar\/1613b27278a972c04db5c2f04fb2cbfa9edb58d6c3e2547817ecb8240eb58381?s=96&d=mm&r=g","url":"https:\/\/secure.gravatar.com\/avatar\/1613b27278a972c04db5c2f04fb2cbfa9edb58d6c3e2547817ecb8240eb58381?s=96&d=mm&r=g","contentUrl":"https:\/\/secure.gravatar.com\/avatar\/1613b27278a972c04db5c2f04fb2cbfa9edb58d6c3e2547817ecb8240eb58381?s=96&d=mm&r=g","caption":"Pedro M. Cortegoso Gago"},"sameAs":["http:\/\/anovapeneira.gal"],"url":"https:\/\/www.anovapeneira.gal\/index.php\/author\/opinionpcortegoso\/"}]}},"jetpack_featured_media_url":"https:\/\/www.anovapeneira.gal\/wp-content\/uploads\/2019\/07\/ARTIGO_DE_OPINION_A_NOVA_PENEIRA.jpg","_links":{"self":[{"href":"https:\/\/www.anovapeneira.gal\/index.php\/wp-json\/wp\/v2\/posts\/7793","targetHints":{"allow":["GET"]}}],"collection":[{"href":"https:\/\/www.anovapeneira.gal\/index.php\/wp-json\/wp\/v2\/posts"}],"about":[{"href":"https:\/\/www.anovapeneira.gal\/index.php\/wp-json\/wp\/v2\/types\/post"}],"author":[{"embeddable":true,"href":"https:\/\/www.anovapeneira.gal\/index.php\/wp-json\/wp\/v2\/users\/4"}],"replies":[{"embeddable":true,"href":"https:\/\/www.anovapeneira.gal\/index.php\/wp-json\/wp\/v2\/comments?post=7793"}],"version-history":[{"count":2,"href":"https:\/\/www.anovapeneira.gal\/index.php\/wp-json\/wp\/v2\/posts\/7793\/revisions"}],"predecessor-version":[{"id":7795,"href":"https:\/\/www.anovapeneira.gal\/index.php\/wp-json\/wp\/v2\/posts\/7793\/revisions\/7795"}],"wp:featuredmedia":[{"embeddable":true,"href":"https:\/\/www.anovapeneira.gal\/index.php\/wp-json\/wp\/v2\/media\/584"}],"wp:attachment":[{"href":"https:\/\/www.anovapeneira.gal\/index.php\/wp-json\/wp\/v2\/media?parent=7793"}],"wp:term":[{"taxonomy":"category","embeddable":true,"href":"https:\/\/www.anovapeneira.gal\/index.php\/wp-json\/wp\/v2\/categories?post=7793"},{"taxonomy":"post_tag","embeddable":true,"href":"https:\/\/www.anovapeneira.gal\/index.php\/wp-json\/wp\/v2\/tags?post=7793"}],"curies":[{"name":"wp","href":"https:\/\/api.w.org\/{rel}","templated":true}]}}