{"id":7796,"date":"2022-07-18T12:00:30","date_gmt":"2022-07-18T10:00:30","guid":{"rendered":"https:\/\/www.anovapeneira.gal\/?p=7796"},"modified":"2022-07-13T19:37:52","modified_gmt":"2022-07-13T17:37:52","slug":"ponton-acusa-ao-goberno-do-pp-de-pasotismo-ante-a-crise-de-prezos-instalado-no-canto-peor-mellor-para-os-seus-intereses-electorais","status":"publish","type":"post","link":"https:\/\/www.anovapeneira.gal\/index.php\/2022\/07\/18\/ponton-acusa-ao-goberno-do-pp-de-pasotismo-ante-a-crise-de-prezos-instalado-no-canto-peor-mellor-para-os-seus-intereses-electorais\/","title":{"rendered":"Pont\u00f3n acusa ao Goberno do PP de \u201cpasotismo\u201d ante a crise de prezos instalado \u201cno canto peor, mellor\u201d para os seus intereses electorais"},"content":{"rendered":"\n<h2 class=\"wp-block-heading\"><strong>P\u00eddelle a Rueda \u201cque se po\u00f1a a traballar\u201d e ante un PP que pon pedras na mochila da cidadan\u00eda, explica \u00e1s medidas do BNG urxentes e estruturais<\/strong><\/h2>\n\n\n\n<p><strong>Subir as pensi\u00f3ns non contributivas, mellorar a RISGA e sumala \u00f3 IMV, aumentar as axudas para gastos de vivenda e recuperar a tarxeta b\u00e1sica<\/strong><\/p>\n\n\n\n<p><strong>Tarifa el\u00e9ctrica galega, empresa p\u00fablica de enerx\u00eda e subirlle os impostos \u00e1s el\u00e9ctricas \u201cque se est\u00e1n forrando coa crise e hai que pararlles os p\u00e9s\u201d<\/strong><\/p>\n\n\n\n<p><strong>Santiago de Compostela, 10 de xullo 2022<\/strong><\/p>\n\n\n\n<p>A portavoz nacional, Ana Pont\u00f3n, participou en Mondariz-Balneario nun acto p\u00fablico dentro da campa\u00f1a previa ao D\u00eda da Patria que o BNG desenvolve por todo o Pa\u00eds baixo o lema <em>Ga\u00f1armos o futuro<\/em>, un 25X que se celebra no medio dunha crise de prezos, a maior en catro d\u00e9cadas, que est\u00e1 \u201cafogando\u201d \u00e1s familias, \u00e1 clase traballadora, persoas aut\u00f3nomas e pequenas e medianas empresas.<\/p>\n\n\n\n<p>Neste contexto, criticou, o Goberno do PP est\u00e1 de brazos cruzados, actuando de xeito insensible e instalado no canto peor para a maior\u00eda da cidadan\u00eda, mellor para os intereses electorais do PP.<\/p>\n\n\n\n<p>\u201cA cidadan\u00eda galega precisa que os gobernos adopten medidas, moi especialmente o Goberno da Xunta, que ante esta crise de prezos arrastra os p\u00e9s, cunha actitude de pasotismo, instalado no canto peor, mellor para o Partido Popular, impasible e sen coraz\u00f3n ante a situaci\u00f3n que viven miles de galegos e de galegas\u201d, denuncia a l\u00edder do BNG.<\/p>\n\n\n\n<p>Pont\u00f3n considera \u201cincomprensible\u201d que ante unha escalada inflacionista sen precedentes o Executivo de Rueda non te\u00f1a adoptado ningunha medida eficaz para paliar os efectos do descontrol do IPC, nin para axudar aos colectivos m\u00e1is desfavorecidos, nin aos sectores produtivos, nin \u00e1s PEMES.<\/p>\n\n\n\n<p>A conclusi\u00f3n para a l\u00edder nacionalista \u00e9 que estamos \u201cante un goberno sen coraz\u00f3n, sen capacidade e instalado no canto peor, mellor para o PP\u201d. De feito, denunciou, lonxe de axudar, o Goberno popular vai na direcci\u00f3n contraria, con medidas que a\u00ednda \u201cpo\u00f1en m\u00e1is pedras na mochila\u201d, como a Lei da auga, aprobada co voto en contra do BNG, que vai supo\u00f1er unha subida da factura a miles de persoas, ou a supresi\u00f3n da tarxeta b\u00e1sica, coa que as familias con menos recursos sufragaban a compra de alimentos e produtos de limpeza.<\/p>\n\n\n\n<p>Por iso, Pont\u00f3n reclama do Goberno de Rueda \u201cque se po\u00f1a a traballar\u201d para paliar os efectos da crise e enumera a bater\u00eda de propostas que ter\u00eda adoptado un goberno do BNG: subir o tramo auton\u00f3mico das pensi\u00f3ns non contributivas, 37.000 persoas, mellorar a prestaci\u00f3n da RISGA e facela compatible co IMV, aumentar as axudas para os gastos b\u00e1sicos de vivenda, disparados en particular pola factura da luz. E recuperar de inmediato a tarxeta b\u00e1sica.<\/p>\n\n\n\n<p>O Bloque tam\u00e9n prop\u00f3n medidas para axudar \u00f3s sectores produtivos m\u00e1is afectados polos custes derivados da inflaci\u00f3n, axudas directas para a xente do mar, dos produtores agrogandeiros, \u201cque o est\u00e1n pasando moi mal\u201d, para as persoas aut\u00f3nomas e para as PEMES, que soste\u00f1en a maior parte do emprego.<\/p>\n\n\n\n<p>\u201cLevamos meses reclamando un plan de choque contra esta crise dotado con 700 mill\u00f3ns de euros, que permitir\u00edan financiar esa axudas, tanto aos colectivos que menos te\u00f1en como \u00f3s sectores produtivos\u201d, recalcou. Un dato: o Goberno do PP deixou sen executar mil mill\u00f3ns de euros nos orzamentos de 2021.<\/p>\n\n\n\n<p>Pero ao lado destas propostas de urxencia, conxunturais, o BNG tam\u00e9n prop\u00f3n medidas de car\u00e1cter estrutural, tendo en conta que un factor clave no descontrol de prezos \u00e9 a enerx\u00eda. \u201cComo podemos pagar unha factura disparatada da luz cando somos un Pa\u00eds rico en electricidade?\u201d, interpelou, e neste contexto faise m\u00e1is necesario que nunca defender unha tarifa el\u00e9ctrica galega, a posta en marcha dunha empresa p\u00fablica de enerx\u00eda e aumentarlle os impostos \u00e1s el\u00e9ctricas, \u201cque se est\u00e1n forrando con esta crise e hai que pararlles os p\u00e9s\u201d, conclu\u00edu.<\/p>\n\n\n\n<p>Pont\u00f3n participou en Mondar\u00edz-Balneario nun acto p\u00fablico con motivo da D\u00eda da Patria, e convidou a mobilizarse o pr\u00f3ximo 25 de Xullo en Santiago na gran manifestaci\u00f3n nacional que convoca o BNG a todas as persoas que queren unha sa\u00edda xusta da crise e que queren outra Galiza con futuro, na que vivir e traballar, con benestar social, desde o orgullo e a confianza no potencial do Pa\u00eds.<\/p>\n\n\n\n<p>O acto contou tam\u00e9n coa intervenci\u00f3n do portavoz municipal, Cesar Gil, e do responsable comarcal, Mauro Chivite, e estivo precedido por un roteiro cultural pola vila.<\/p>\n","protected":false},"excerpt":{"rendered":"<div class=\"mh-excerpt\"><p>P\u00eddelle a Rueda \u201cque se po\u00f1a a traballar\u201d e ante un PP que pon pedras na mochila da cidadan\u00eda, explica \u00e1s medidas do BNG urxentes e estruturais <a class=\"mh-excerpt-more\" href=\"https:\/\/www.anovapeneira.gal\/index.php\/2022\/07\/18\/ponton-acusa-ao-goberno-do-pp-de-pasotismo-ante-a-crise-de-prezos-instalado-no-canto-peor-mellor-para-os-seus-intereses-electorais\/\" title=\"Pont\u00f3n acusa ao Goberno do PP de \u201cpasotismo\u201d ante a crise de prezos instalado \u201cno canto peor, mellor\u201d para os seus intereses electorais\">[&#8230;]<\/a><\/p>\n<\/div>","protected":false},"author":3,"featured_media":7339,"comment_status":"open","ping_status":"open","sticky":false,"template":"","format":"standard","meta":{"_exactmetrics_skip_tracking":false,"_exactmetrics_sitenote_active":false,"_exactmetrics_sitenote_note":"","_exactmetrics_sitenote_category":0,"footnotes":""},"categories":[263],"tags":[281],"class_list":{"0":"post-7796","1":"post","2":"type-post","3":"status-publish","4":"format-standard","5":"has-post-thumbnail","7":"category-novas","8":"tag-ana-ponton"},"yoast_head":"<!-- This site is optimized with the Yoast SEO plugin v27.4 - https:\/\/yoast.com\/product\/yoast-seo-wordpress\/ -->\n<title>Pont\u00f3n acusa ao Goberno do PP de \u201cpasotismo\u201d ante a crise de prezos instalado \u201cno canto peor, mellor\u201d para os seus intereses electorais -<\/title>\n<meta name=\"description\" content=\"P\u00eddelle a Rueda \u201cque se po\u00f1a a traballar\u201d e ante un PP que pon pedras na mochila da cidadan\u00eda, explica \u00e1s medidas do BNG urxentes e estruturais\" \/>\n<meta name=\"robots\" content=\"index, follow, max-snippet:-1, max-image-preview:large, max-video-preview:-1\" \/>\n<link rel=\"canonical\" href=\"https:\/\/www.anovapeneira.gal\/index.php\/2022\/07\/18\/ponton-acusa-ao-goberno-do-pp-de-pasotismo-ante-a-crise-de-prezos-instalado-no-canto-peor-mellor-para-os-seus-intereses-electorais\/\" \/>\n<meta property=\"og:locale\" content=\"gl_ES\" \/>\n<meta property=\"og:type\" content=\"article\" \/>\n<meta property=\"og:title\" content=\"Pont\u00f3n acusa ao Goberno do PP de \u201cpasotismo\u201d ante a crise de prezos instalado \u201cno canto peor, mellor\u201d para os seus intereses electorais -\" \/>\n<meta property=\"og:description\" content=\"P\u00eddelle a Rueda \u201cque se po\u00f1a a traballar\u201d e ante un PP que pon pedras na mochila da cidadan\u00eda, explica \u00e1s medidas do BNG urxentes e estruturais\" \/>\n<meta property=\"og:url\" content=\"https:\/\/www.anovapeneira.gal\/index.php\/2022\/07\/18\/ponton-acusa-ao-goberno-do-pp-de-pasotismo-ante-a-crise-de-prezos-instalado-no-canto-peor-mellor-para-os-seus-intereses-electorais\/\" \/>\n<meta property=\"article:publisher\" content=\"https:\/\/www.facebook.com\/anovapeneira\" \/>\n<meta property=\"article:published_time\" content=\"2022-07-18T10:00:30+00:00\" \/>\n<meta property=\"og:image\" content=\"https:\/\/www.anovapeneira.gal\/wp-content\/uploads\/2022\/04\/ana_ponton_entrevista_a_nova_peneira.jpg\" \/>\n\t<meta property=\"og:image:width\" content=\"720\" \/>\n\t<meta property=\"og:image:height\" content=\"432\" \/>\n\t<meta property=\"og:image:type\" content=\"image\/jpeg\" \/>\n<meta name=\"author\" content=\"Redacci\u00f3n A Nova Peneira\" \/>\n<meta name=\"twitter:card\" content=\"summary_large_image\" \/>\n<meta name=\"twitter:creator\" content=\"@APeneira\" \/>\n<meta name=\"twitter:site\" content=\"@APeneira\" \/>\n<meta name=\"twitter:label1\" content=\"Escrito por\" \/>\n\t<meta name=\"twitter:data1\" content=\"Redacci\u00f3n A Nova Peneira\" \/>\n\t<meta name=\"twitter:label2\" content=\"Tempo de lectura\" \/>\n\t<meta name=\"twitter:data2\" content=\"4 minutos\" \/>\n<script type=\"application\/ld+json\" class=\"yoast-schema-graph\">{\"@context\":\"https:\\\/\\\/schema.org\",\"@graph\":[{\"@type\":\"Article\",\"@id\":\"https:\\\/\\\/www.anovapeneira.gal\\\/index.php\\\/2022\\\/07\\\/18\\\/ponton-acusa-ao-goberno-do-pp-de-pasotismo-ante-a-crise-de-prezos-instalado-no-canto-peor-mellor-para-os-seus-intereses-electorais\\\/#article\",\"isPartOf\":{\"@id\":\"https:\\\/\\\/www.anovapeneira.gal\\\/index.php\\\/2022\\\/07\\\/18\\\/ponton-acusa-ao-goberno-do-pp-de-pasotismo-ante-a-crise-de-prezos-instalado-no-canto-peor-mellor-para-os-seus-intereses-electorais\\\/\"},\"author\":{\"name\":\"Redacci\u00f3n A Nova Peneira\",\"@id\":\"https:\\\/\\\/www.anovapeneira.gal\\\/#\\\/schema\\\/person\\\/b93e3f8932e3f8da96334607eb6ac6aa\"},\"headline\":\"Pont\u00f3n acusa ao Goberno do PP de \u201cpasotismo\u201d ante a crise de prezos instalado \u201cno canto peor, mellor\u201d para os seus intereses electorais\",\"datePublished\":\"2022-07-18T10:00:30+00:00\",\"mainEntityOfPage\":{\"@id\":\"https:\\\/\\\/www.anovapeneira.gal\\\/index.php\\\/2022\\\/07\\\/18\\\/ponton-acusa-ao-goberno-do-pp-de-pasotismo-ante-a-crise-de-prezos-instalado-no-canto-peor-mellor-para-os-seus-intereses-electorais\\\/\"},\"wordCount\":820,\"commentCount\":0,\"publisher\":{\"@id\":\"https:\\\/\\\/www.anovapeneira.gal\\\/#organization\"},\"image\":{\"@id\":\"https:\\\/\\\/www.anovapeneira.gal\\\/index.php\\\/2022\\\/07\\\/18\\\/ponton-acusa-ao-goberno-do-pp-de-pasotismo-ante-a-crise-de-prezos-instalado-no-canto-peor-mellor-para-os-seus-intereses-electorais\\\/#primaryimage\"},\"thumbnailUrl\":\"https:\\\/\\\/www.anovapeneira.gal\\\/wp-content\\\/uploads\\\/2022\\\/04\\\/ana_ponton_entrevista_a_nova_peneira.jpg\",\"keywords\":[\"Ana Pont\u00f3n\"],\"articleSection\":[\"Novas\"],\"inLanguage\":\"gl-ES\",\"potentialAction\":[{\"@type\":\"CommentAction\",\"name\":\"Comment\",\"target\":[\"https:\\\/\\\/www.anovapeneira.gal\\\/index.php\\\/2022\\\/07\\\/18\\\/ponton-acusa-ao-goberno-do-pp-de-pasotismo-ante-a-crise-de-prezos-instalado-no-canto-peor-mellor-para-os-seus-intereses-electorais\\\/#respond\"]}]},{\"@type\":\"WebPage\",\"@id\":\"https:\\\/\\\/www.anovapeneira.gal\\\/index.php\\\/2022\\\/07\\\/18\\\/ponton-acusa-ao-goberno-do-pp-de-pasotismo-ante-a-crise-de-prezos-instalado-no-canto-peor-mellor-para-os-seus-intereses-electorais\\\/\",\"url\":\"https:\\\/\\\/www.anovapeneira.gal\\\/index.php\\\/2022\\\/07\\\/18\\\/ponton-acusa-ao-goberno-do-pp-de-pasotismo-ante-a-crise-de-prezos-instalado-no-canto-peor-mellor-para-os-seus-intereses-electorais\\\/\",\"name\":\"Pont\u00f3n acusa ao Goberno do PP de \u201cpasotismo\u201d ante a crise de prezos instalado \u201cno canto peor, mellor\u201d para os seus intereses electorais -\",\"isPartOf\":{\"@id\":\"https:\\\/\\\/www.anovapeneira.gal\\\/#website\"},\"primaryImageOfPage\":{\"@id\":\"https:\\\/\\\/www.anovapeneira.gal\\\/index.php\\\/2022\\\/07\\\/18\\\/ponton-acusa-ao-goberno-do-pp-de-pasotismo-ante-a-crise-de-prezos-instalado-no-canto-peor-mellor-para-os-seus-intereses-electorais\\\/#primaryimage\"},\"image\":{\"@id\":\"https:\\\/\\\/www.anovapeneira.gal\\\/index.php\\\/2022\\\/07\\\/18\\\/ponton-acusa-ao-goberno-do-pp-de-pasotismo-ante-a-crise-de-prezos-instalado-no-canto-peor-mellor-para-os-seus-intereses-electorais\\\/#primaryimage\"},\"thumbnailUrl\":\"https:\\\/\\\/www.anovapeneira.gal\\\/wp-content\\\/uploads\\\/2022\\\/04\\\/ana_ponton_entrevista_a_nova_peneira.jpg\",\"datePublished\":\"2022-07-18T10:00:30+00:00\",\"description\":\"P\u00eddelle a Rueda \u201cque se po\u00f1a a traballar\u201d e ante un PP que pon pedras na mochila da cidadan\u00eda, explica \u00e1s medidas do BNG urxentes e estruturais\",\"breadcrumb\":{\"@id\":\"https:\\\/\\\/www.anovapeneira.gal\\\/index.php\\\/2022\\\/07\\\/18\\\/ponton-acusa-ao-goberno-do-pp-de-pasotismo-ante-a-crise-de-prezos-instalado-no-canto-peor-mellor-para-os-seus-intereses-electorais\\\/#breadcrumb\"},\"inLanguage\":\"gl-ES\",\"potentialAction\":[{\"@type\":\"ReadAction\",\"target\":[\"https:\\\/\\\/www.anovapeneira.gal\\\/index.php\\\/2022\\\/07\\\/18\\\/ponton-acusa-ao-goberno-do-pp-de-pasotismo-ante-a-crise-de-prezos-instalado-no-canto-peor-mellor-para-os-seus-intereses-electorais\\\/\"]}]},{\"@type\":\"ImageObject\",\"inLanguage\":\"gl-ES\",\"@id\":\"https:\\\/\\\/www.anovapeneira.gal\\\/index.php\\\/2022\\\/07\\\/18\\\/ponton-acusa-ao-goberno-do-pp-de-pasotismo-ante-a-crise-de-prezos-instalado-no-canto-peor-mellor-para-os-seus-intereses-electorais\\\/#primaryimage\",\"url\":\"https:\\\/\\\/www.anovapeneira.gal\\\/wp-content\\\/uploads\\\/2022\\\/04\\\/ana_ponton_entrevista_a_nova_peneira.jpg\",\"contentUrl\":\"https:\\\/\\\/www.anovapeneira.gal\\\/wp-content\\\/uploads\\\/2022\\\/04\\\/ana_ponton_entrevista_a_nova_peneira.jpg\",\"width\":720,\"height\":432,\"caption\":\"Ana Pont\u00f3n BNG\"},{\"@type\":\"BreadcrumbList\",\"@id\":\"https:\\\/\\\/www.anovapeneira.gal\\\/index.php\\\/2022\\\/07\\\/18\\\/ponton-acusa-ao-goberno-do-pp-de-pasotismo-ante-a-crise-de-prezos-instalado-no-canto-peor-mellor-para-os-seus-intereses-electorais\\\/#breadcrumb\",\"itemListElement\":[{\"@type\":\"ListItem\",\"position\":1,\"name\":\"Portada\",\"item\":\"https:\\\/\\\/www.anovapeneira.gal\\\/\"},{\"@type\":\"ListItem\",\"position\":2,\"name\":\"Pont\u00f3n acusa ao Goberno do PP de \u201cpasotismo\u201d ante a crise de prezos instalado \u201cno canto peor, mellor\u201d para os seus intereses electorais\"}]},{\"@type\":\"WebSite\",\"@id\":\"https:\\\/\\\/www.anovapeneira.gal\\\/#website\",\"url\":\"https:\\\/\\\/www.anovapeneira.gal\\\/\",\"name\":\"\",\"description\":\"Xornal galego de informaci\u00f3n xeral Publicaci\u00f3n mensual de novas de Galicia e en especial dos Concellos da sur da provincia de Pontevedra.\",\"publisher\":{\"@id\":\"https:\\\/\\\/www.anovapeneira.gal\\\/#organization\"},\"potentialAction\":[{\"@type\":\"SearchAction\",\"target\":{\"@type\":\"EntryPoint\",\"urlTemplate\":\"https:\\\/\\\/www.anovapeneira.gal\\\/?s={search_term_string}\"},\"query-input\":{\"@type\":\"PropertyValueSpecification\",\"valueRequired\":true,\"valueName\":\"search_term_string\"}}],\"inLanguage\":\"gl-ES\"},{\"@type\":\"Organization\",\"@id\":\"https:\\\/\\\/www.anovapeneira.gal\\\/#organization\",\"name\":\"A Nova Peneira\",\"url\":\"https:\\\/\\\/www.anovapeneira.gal\\\/\",\"logo\":{\"@type\":\"ImageObject\",\"inLanguage\":\"gl-ES\",\"@id\":\"https:\\\/\\\/www.anovapeneira.gal\\\/#\\\/schema\\\/logo\\\/image\\\/\",\"url\":\"http:\\\/\\\/www.anovapeneira.gal\\\/wp-content\\\/uploads\\\/2019\\\/06\\\/logo_a_nova_peneira_portal_web.png\",\"contentUrl\":\"http:\\\/\\\/www.anovapeneira.gal\\\/wp-content\\\/uploads\\\/2019\\\/06\\\/logo_a_nova_peneira_portal_web.png\",\"width\":300,\"height\":100,\"caption\":\"A Nova Peneira\"},\"image\":{\"@id\":\"https:\\\/\\\/www.anovapeneira.gal\\\/#\\\/schema\\\/logo\\\/image\\\/\"},\"sameAs\":[\"https:\\\/\\\/www.facebook.com\\\/anovapeneira\",\"https:\\\/\\\/x.com\\\/APeneira\"]},{\"@type\":\"Person\",\"@id\":\"https:\\\/\\\/www.anovapeneira.gal\\\/#\\\/schema\\\/person\\\/b93e3f8932e3f8da96334607eb6ac6aa\",\"name\":\"Redacci\u00f3n A Nova Peneira\",\"image\":{\"@type\":\"ImageObject\",\"inLanguage\":\"gl-ES\",\"@id\":\"https:\\\/\\\/secure.gravatar.com\\\/avatar\\\/c052a2551a06e23fac63626232eaa90abd78dbcf1700fc46a2b2c89fd27b735f?s=96&d=mm&r=g\",\"url\":\"https:\\\/\\\/secure.gravatar.com\\\/avatar\\\/c052a2551a06e23fac63626232eaa90abd78dbcf1700fc46a2b2c89fd27b735f?s=96&d=mm&r=g\",\"contentUrl\":\"https:\\\/\\\/secure.gravatar.com\\\/avatar\\\/c052a2551a06e23fac63626232eaa90abd78dbcf1700fc46a2b2c89fd27b735f?s=96&d=mm&r=g\",\"caption\":\"Redacci\u00f3n A Nova Peneira\"},\"sameAs\":[\"http:\\\/\\\/www.anovapeneira.gal\\\/\"],\"url\":\"https:\\\/\\\/www.anovapeneira.gal\\\/index.php\\\/author\\\/redactor\\\/\"}]}<\/script>\n<!-- \/ Yoast SEO plugin. -->","yoast_head_json":{"title":"Pont\u00f3n acusa ao Goberno do PP de \u201cpasotismo\u201d ante a crise de prezos instalado \u201cno canto peor, mellor\u201d para os seus intereses electorais -","description":"P\u00eddelle a Rueda \u201cque se po\u00f1a a traballar\u201d e ante un PP que pon pedras na mochila da cidadan\u00eda, explica \u00e1s medidas do BNG urxentes e estruturais","robots":{"index":"index","follow":"follow","max-snippet":"max-snippet:-1","max-image-preview":"max-image-preview:large","max-video-preview":"max-video-preview:-1"},"canonical":"https:\/\/www.anovapeneira.gal\/index.php\/2022\/07\/18\/ponton-acusa-ao-goberno-do-pp-de-pasotismo-ante-a-crise-de-prezos-instalado-no-canto-peor-mellor-para-os-seus-intereses-electorais\/","og_locale":"gl_ES","og_type":"article","og_title":"Pont\u00f3n acusa ao Goberno do PP de \u201cpasotismo\u201d ante a crise de prezos instalado \u201cno canto peor, mellor\u201d para os seus intereses electorais -","og_description":"P\u00eddelle a Rueda \u201cque se po\u00f1a a traballar\u201d e ante un PP que pon pedras na mochila da cidadan\u00eda, explica \u00e1s medidas do BNG urxentes e estruturais","og_url":"https:\/\/www.anovapeneira.gal\/index.php\/2022\/07\/18\/ponton-acusa-ao-goberno-do-pp-de-pasotismo-ante-a-crise-de-prezos-instalado-no-canto-peor-mellor-para-os-seus-intereses-electorais\/","article_publisher":"https:\/\/www.facebook.com\/anovapeneira","article_published_time":"2022-07-18T10:00:30+00:00","og_image":[{"width":720,"height":432,"url":"https:\/\/www.anovapeneira.gal\/wp-content\/uploads\/2022\/04\/ana_ponton_entrevista_a_nova_peneira.jpg","type":"image\/jpeg"}],"author":"Redacci\u00f3n A Nova Peneira","twitter_card":"summary_large_image","twitter_creator":"@APeneira","twitter_site":"@APeneira","twitter_misc":{"Escrito por":"Redacci\u00f3n A Nova Peneira","Tempo de lectura":"4 minutos"},"schema":{"@context":"https:\/\/schema.org","@graph":[{"@type":"Article","@id":"https:\/\/www.anovapeneira.gal\/index.php\/2022\/07\/18\/ponton-acusa-ao-goberno-do-pp-de-pasotismo-ante-a-crise-de-prezos-instalado-no-canto-peor-mellor-para-os-seus-intereses-electorais\/#article","isPartOf":{"@id":"https:\/\/www.anovapeneira.gal\/index.php\/2022\/07\/18\/ponton-acusa-ao-goberno-do-pp-de-pasotismo-ante-a-crise-de-prezos-instalado-no-canto-peor-mellor-para-os-seus-intereses-electorais\/"},"author":{"name":"Redacci\u00f3n A Nova Peneira","@id":"https:\/\/www.anovapeneira.gal\/#\/schema\/person\/b93e3f8932e3f8da96334607eb6ac6aa"},"headline":"Pont\u00f3n acusa ao Goberno do PP de \u201cpasotismo\u201d ante a crise de prezos instalado \u201cno canto peor, mellor\u201d para os seus intereses electorais","datePublished":"2022-07-18T10:00:30+00:00","mainEntityOfPage":{"@id":"https:\/\/www.anovapeneira.gal\/index.php\/2022\/07\/18\/ponton-acusa-ao-goberno-do-pp-de-pasotismo-ante-a-crise-de-prezos-instalado-no-canto-peor-mellor-para-os-seus-intereses-electorais\/"},"wordCount":820,"commentCount":0,"publisher":{"@id":"https:\/\/www.anovapeneira.gal\/#organization"},"image":{"@id":"https:\/\/www.anovapeneira.gal\/index.php\/2022\/07\/18\/ponton-acusa-ao-goberno-do-pp-de-pasotismo-ante-a-crise-de-prezos-instalado-no-canto-peor-mellor-para-os-seus-intereses-electorais\/#primaryimage"},"thumbnailUrl":"https:\/\/www.anovapeneira.gal\/wp-content\/uploads\/2022\/04\/ana_ponton_entrevista_a_nova_peneira.jpg","keywords":["Ana Pont\u00f3n"],"articleSection":["Novas"],"inLanguage":"gl-ES","potentialAction":[{"@type":"CommentAction","name":"Comment","target":["https:\/\/www.anovapeneira.gal\/index.php\/2022\/07\/18\/ponton-acusa-ao-goberno-do-pp-de-pasotismo-ante-a-crise-de-prezos-instalado-no-canto-peor-mellor-para-os-seus-intereses-electorais\/#respond"]}]},{"@type":"WebPage","@id":"https:\/\/www.anovapeneira.gal\/index.php\/2022\/07\/18\/ponton-acusa-ao-goberno-do-pp-de-pasotismo-ante-a-crise-de-prezos-instalado-no-canto-peor-mellor-para-os-seus-intereses-electorais\/","url":"https:\/\/www.anovapeneira.gal\/index.php\/2022\/07\/18\/ponton-acusa-ao-goberno-do-pp-de-pasotismo-ante-a-crise-de-prezos-instalado-no-canto-peor-mellor-para-os-seus-intereses-electorais\/","name":"Pont\u00f3n acusa ao Goberno do PP de \u201cpasotismo\u201d ante a crise de prezos instalado \u201cno canto peor, mellor\u201d para os seus intereses electorais -","isPartOf":{"@id":"https:\/\/www.anovapeneira.gal\/#website"},"primaryImageOfPage":{"@id":"https:\/\/www.anovapeneira.gal\/index.php\/2022\/07\/18\/ponton-acusa-ao-goberno-do-pp-de-pasotismo-ante-a-crise-de-prezos-instalado-no-canto-peor-mellor-para-os-seus-intereses-electorais\/#primaryimage"},"image":{"@id":"https:\/\/www.anovapeneira.gal\/index.php\/2022\/07\/18\/ponton-acusa-ao-goberno-do-pp-de-pasotismo-ante-a-crise-de-prezos-instalado-no-canto-peor-mellor-para-os-seus-intereses-electorais\/#primaryimage"},"thumbnailUrl":"https:\/\/www.anovapeneira.gal\/wp-content\/uploads\/2022\/04\/ana_ponton_entrevista_a_nova_peneira.jpg","datePublished":"2022-07-18T10:00:30+00:00","description":"P\u00eddelle a Rueda \u201cque se po\u00f1a a traballar\u201d e ante un PP que pon pedras na mochila da cidadan\u00eda, explica \u00e1s medidas do BNG urxentes e estruturais","breadcrumb":{"@id":"https:\/\/www.anovapeneira.gal\/index.php\/2022\/07\/18\/ponton-acusa-ao-goberno-do-pp-de-pasotismo-ante-a-crise-de-prezos-instalado-no-canto-peor-mellor-para-os-seus-intereses-electorais\/#breadcrumb"},"inLanguage":"gl-ES","potentialAction":[{"@type":"ReadAction","target":["https:\/\/www.anovapeneira.gal\/index.php\/2022\/07\/18\/ponton-acusa-ao-goberno-do-pp-de-pasotismo-ante-a-crise-de-prezos-instalado-no-canto-peor-mellor-para-os-seus-intereses-electorais\/"]}]},{"@type":"ImageObject","inLanguage":"gl-ES","@id":"https:\/\/www.anovapeneira.gal\/index.php\/2022\/07\/18\/ponton-acusa-ao-goberno-do-pp-de-pasotismo-ante-a-crise-de-prezos-instalado-no-canto-peor-mellor-para-os-seus-intereses-electorais\/#primaryimage","url":"https:\/\/www.anovapeneira.gal\/wp-content\/uploads\/2022\/04\/ana_ponton_entrevista_a_nova_peneira.jpg","contentUrl":"https:\/\/www.anovapeneira.gal\/wp-content\/uploads\/2022\/04\/ana_ponton_entrevista_a_nova_peneira.jpg","width":720,"height":432,"caption":"Ana Pont\u00f3n BNG"},{"@type":"BreadcrumbList","@id":"https:\/\/www.anovapeneira.gal\/index.php\/2022\/07\/18\/ponton-acusa-ao-goberno-do-pp-de-pasotismo-ante-a-crise-de-prezos-instalado-no-canto-peor-mellor-para-os-seus-intereses-electorais\/#breadcrumb","itemListElement":[{"@type":"ListItem","position":1,"name":"Portada","item":"https:\/\/www.anovapeneira.gal\/"},{"@type":"ListItem","position":2,"name":"Pont\u00f3n acusa ao Goberno do PP de \u201cpasotismo\u201d ante a crise de prezos instalado \u201cno canto peor, mellor\u201d para os seus intereses electorais"}]},{"@type":"WebSite","@id":"https:\/\/www.anovapeneira.gal\/#website","url":"https:\/\/www.anovapeneira.gal\/","name":"","description":"Xornal galego de informaci\u00f3n xeral Publicaci\u00f3n mensual de novas de Galicia e en especial dos Concellos da sur da provincia de Pontevedra.","publisher":{"@id":"https:\/\/www.anovapeneira.gal\/#organization"},"potentialAction":[{"@type":"SearchAction","target":{"@type":"EntryPoint","urlTemplate":"https:\/\/www.anovapeneira.gal\/?s={search_term_string}"},"query-input":{"@type":"PropertyValueSpecification","valueRequired":true,"valueName":"search_term_string"}}],"inLanguage":"gl-ES"},{"@type":"Organization","@id":"https:\/\/www.anovapeneira.gal\/#organization","name":"A Nova Peneira","url":"https:\/\/www.anovapeneira.gal\/","logo":{"@type":"ImageObject","inLanguage":"gl-ES","@id":"https:\/\/www.anovapeneira.gal\/#\/schema\/logo\/image\/","url":"http:\/\/www.anovapeneira.gal\/wp-content\/uploads\/2019\/06\/logo_a_nova_peneira_portal_web.png","contentUrl":"http:\/\/www.anovapeneira.gal\/wp-content\/uploads\/2019\/06\/logo_a_nova_peneira_portal_web.png","width":300,"height":100,"caption":"A Nova Peneira"},"image":{"@id":"https:\/\/www.anovapeneira.gal\/#\/schema\/logo\/image\/"},"sameAs":["https:\/\/www.facebook.com\/anovapeneira","https:\/\/x.com\/APeneira"]},{"@type":"Person","@id":"https:\/\/www.anovapeneira.gal\/#\/schema\/person\/b93e3f8932e3f8da96334607eb6ac6aa","name":"Redacci\u00f3n A Nova Peneira","image":{"@type":"ImageObject","inLanguage":"gl-ES","@id":"https:\/\/secure.gravatar.com\/avatar\/c052a2551a06e23fac63626232eaa90abd78dbcf1700fc46a2b2c89fd27b735f?s=96&d=mm&r=g","url":"https:\/\/secure.gravatar.com\/avatar\/c052a2551a06e23fac63626232eaa90abd78dbcf1700fc46a2b2c89fd27b735f?s=96&d=mm&r=g","contentUrl":"https:\/\/secure.gravatar.com\/avatar\/c052a2551a06e23fac63626232eaa90abd78dbcf1700fc46a2b2c89fd27b735f?s=96&d=mm&r=g","caption":"Redacci\u00f3n A Nova Peneira"},"sameAs":["http:\/\/www.anovapeneira.gal\/"],"url":"https:\/\/www.anovapeneira.gal\/index.php\/author\/redactor\/"}]}},"jetpack_featured_media_url":"https:\/\/www.anovapeneira.gal\/wp-content\/uploads\/2022\/04\/ana_ponton_entrevista_a_nova_peneira.jpg","_links":{"self":[{"href":"https:\/\/www.anovapeneira.gal\/index.php\/wp-json\/wp\/v2\/posts\/7796","targetHints":{"allow":["GET"]}}],"collection":[{"href":"https:\/\/www.anovapeneira.gal\/index.php\/wp-json\/wp\/v2\/posts"}],"about":[{"href":"https:\/\/www.anovapeneira.gal\/index.php\/wp-json\/wp\/v2\/types\/post"}],"author":[{"embeddable":true,"href":"https:\/\/www.anovapeneira.gal\/index.php\/wp-json\/wp\/v2\/users\/3"}],"replies":[{"embeddable":true,"href":"https:\/\/www.anovapeneira.gal\/index.php\/wp-json\/wp\/v2\/comments?post=7796"}],"version-history":[{"count":2,"href":"https:\/\/www.anovapeneira.gal\/index.php\/wp-json\/wp\/v2\/posts\/7796\/revisions"}],"predecessor-version":[{"id":7798,"href":"https:\/\/www.anovapeneira.gal\/index.php\/wp-json\/wp\/v2\/posts\/7796\/revisions\/7798"}],"wp:featuredmedia":[{"embeddable":true,"href":"https:\/\/www.anovapeneira.gal\/index.php\/wp-json\/wp\/v2\/media\/7339"}],"wp:attachment":[{"href":"https:\/\/www.anovapeneira.gal\/index.php\/wp-json\/wp\/v2\/media?parent=7796"}],"wp:term":[{"taxonomy":"category","embeddable":true,"href":"https:\/\/www.anovapeneira.gal\/index.php\/wp-json\/wp\/v2\/categories?post=7796"},{"taxonomy":"post_tag","embeddable":true,"href":"https:\/\/www.anovapeneira.gal\/index.php\/wp-json\/wp\/v2\/tags?post=7796"}],"curies":[{"name":"wp","href":"https:\/\/api.w.org\/{rel}","templated":true}]}}