{"id":7801,"date":"2022-07-20T10:00:46","date_gmt":"2022-07-20T08:00:46","guid":{"rendered":"https:\/\/www.anovapeneira.gal\/?p=7801"},"modified":"2022-07-15T18:18:57","modified_gmt":"2022-07-15T16:18:57","slug":"xose-emilio-barros-alcalde-de-mondariz-4","status":"publish","type":"post","link":"https:\/\/www.anovapeneira.gal\/index.php\/2022\/07\/20\/xose-emilio-barros-alcalde-de-mondariz-4\/","title":{"rendered":"Xose Emilio Barros. Alcalde de Mondariz"},"content":{"rendered":"\n<p><strong>O goberno de Mondariz ten unha situaci\u00f3n aritm\u00e9tica moi complicada pois s\u00f3 est\u00e1 composto por 4 ed\u00eds ( 3 do BNG e 1 do PSOE) nunha corporaci\u00f3n de 11 asentos. Por\u00e9n, e fronte ao que cab\u00eda agardar, o seu alcalde, Xose Emilio Barros do BNG, soubo aguantar estes anos con relativa estabilidade e sen excesivos atrancos salientables. Emilio \u00e9 un home ambicioso empe\u00f1ado en ver a Mondariz coas luces longas, e constru\u00edr un modelo de Vila que permita \u00e1s xeraci\u00f3ns futuras poder desenvolver, se as\u00ed o desexan, un proxecto de vida persoal no seu pobo. Vela\u00ed vai o que deu de si a nosa conversa.<\/strong><\/p>\n\n\n\n<p>\u201c<strong>Te\u00f1o moi boas sensaci\u00f3ns e o que percibo polas r\u00faas \u00e9 que cada vez son m\u00e1is os veci\u00f1os e veci\u00f1as que nos honran coa s\u00faa confianza\u201d<\/strong><\/p>\n\n\n\n<p><strong>O pasado d\u00eda 10 seica estivestes de festa?<\/strong><\/p>\n\n\n\n<blockquote class=\"wp-block-quote is-layout-flow wp-block-quote-is-layout-flow\"><p>Si, retomamos o costume de xunt\u00e1rmonos os compa\u00f1eiros e compa\u00f1eiras do BNG da nosa comarca para vernos, darnos azos e reafirmar o noso compromiso coa nosa comarca e co noso pa\u00eds. Desta volta tocou fac\u00e9rmola nosa xuntanza no concello veci\u00f1o de Balneario e puidemos contar coa compa\u00f1\u00eda da nosa portavoz nacional, Ana Pont\u00f3n, o que supuxo unha grande alegr\u00eda para o conxunto da nosa militancia<\/p><\/blockquote>\n\n\n\n<p><strong>Polo que puiden ver a asistencia foi un \u00e9xito?<\/strong><\/p>\n\n\n\n<blockquote class=\"wp-block-quote is-layout-flow wp-block-quote-is-layout-flow\"><p>Absolutamente. A verdade foi un d\u00eda moi bonito que serviu para cargar un pouco m\u00e1is as pilas<\/p><\/blockquote>\n\n\n\n<p><strong>Na vosa comarca tendes 3 alcald\u00edas: (Mondariz, Ponteareas e As Neves), e supo\u00f1o que a elecci\u00f3n de Balneario ter\u00eda que ver coa fundada esperanza de que nas elecci\u00f3ns do 2023 sexa a 4\u00ba alcald\u00eda do BNG no Condado Paradanta?<\/strong><\/p>\n\n\n\n<blockquote class=\"wp-block-quote is-layout-flow wp-block-quote-is-layout-flow\"><p>Non cabe d\u00fabida de que Mondariz Balneario precisa , e maneira moi urxente, un cambio,E para n\u00f3s , que o BNG poida acadar o goberno de Mondariz Balneario tam\u00e9n ser\u00eda moi importante, pois n\u00f3s compartimos moitas cousas con eles e incluso compartimos alg\u00fan servizo( escola, depuradora e punto limpo). Deberiamos darlle unha visi\u00f3n conxunta a moitos aspectos , algo que a d\u00eda de hoxe non se est\u00e1 a facer<\/p><\/blockquote>\n\n\n\n<p><strong>Por que?<\/strong><\/p>\n\n\n\n<blockquote class=\"wp-block-quote is-layout-flow wp-block-quote-is-layout-flow\"><p>Porque dous non se entenden se un non quere. E o actual goberno de Mondariz Balneario non quere.<\/p><\/blockquote>\n\n\n\n<p><strong>Ti, coma min, Emilio,es un home moi sensible coa causa da lingua galega. T\u00e9\u00f1oche que dicir que sent\u00edn certa decepci\u00f3n cando entrei hoxe en Mondariz e vin dous carteis indicadores con notorias faltas ortogr\u00e1ficas. Quero apelar \u00e1 t\u00faa sensibilidade para que por favor trates de facer o necesario para remedialo<\/strong><\/p>\n\n\n\n<blockquote class=\"wp-block-quote is-layout-flow wp-block-quote-is-layout-flow\"><p>Agrad\u00e9zoche a t\u00faa consideraci\u00f3n Tino. Son consciente dese problema que mencionas e que por desgraza afecta a alg\u00fan cartel m\u00e1is deses dous que me indicas. Non quero escusarme pero o certo \u00e9 que eses carteis son anteriores a n\u00f3s. E si, como ti dis, non s\u00f3 eu sen\u00f3n todo o noso goberno est\u00e1 absolutamente sensibilizado e comprometido coa protecci\u00f3n da lingua galega. Tan pronto te\u00f1amos dispo\u00f1ibilidade econ\u00f3mica para facelo procederemos a substitu\u00edr todos os carteis con grallas.<\/p><\/blockquote>\n\n\n\n<p><strong>A situaci\u00f3n aritm\u00e9tica do teu goberno \u00e9 moi d\u00e9bil, sodes 4 sobre 11, por\u00e9n estes 3 anos que levas de alcalde semella que conseguiches unha estabilidade moi dif\u00edcil de explicar. Cal \u00e9 o segredo?<\/strong><\/p>\n\n\n\n<blockquote class=\"wp-block-quote is-layout-flow wp-block-quote-is-layout-flow\"><p>Creo que Mondariz a d\u00eda de hoxe ten o goberno m\u00e1is forte da s\u00faa historia, A chave, ao meu xu\u00edzo est\u00e1 nun niveis de implicaci\u00f3n absolutos, e nunha vontade inequ\u00edvoca de estar \u00e1 altura da honra que sup\u00f3n para n\u00f3s gobernar o noso querido pobo. N\u00f3s no gobernamos en chave electoral sen\u00f3n cunha perspectiva de longo prazo, coa intenci\u00f3n de constru\u00edr un modelo de vila que faga de Mondariz unha vila modelo para as xeraci\u00f3ns futuras.<\/p><\/blockquote>\n\n\n\n<p><strong>O que me chamou a atenci\u00f3n \u00e9 que a oposici\u00f3n parece estar algo relaxada, polo menos non percibo os niveis de tensi\u00f3n que ser\u00edan esperables para tratar de desgastar a un goberno que como o teu ten unha situaci\u00f3n aritm\u00e9tica ten dif\u00edcil?<\/strong><\/p>\n\n\n\n<blockquote class=\"wp-block-quote is-layout-flow wp-block-quote-is-layout-flow\"><p>Eu non podo falar pola oposici\u00f3n. Pero eu entendo que esa situaci\u00f3n que describes amosa que de maneira impl\u00edcita a oposici\u00f3n reco\u00f1ece que a nosa acci\u00f3n de goberno vai na li\u00f1a correcta,unha li\u00f1a imprescindible para o futuro do Concello. As cuesti\u00f3ns de calado como o desenvolvemento de solo empresarial ou a renovaci\u00f3n de servizos b\u00e1sicos como o alumeado p\u00fablico son tan necesarias para Mondariz que resultan dif\u00edciles de cuestionar.<\/p><\/blockquote>\n\n\n\n<p><strong>Por que non se abre a piscina?<\/strong><\/p>\n\n\n\n<blockquote class=\"wp-block-quote is-layout-flow wp-block-quote-is-layout-flow\"><p>Porque a piscina ten unha serie de eivas moi importantes, algunha estrutural, que far\u00eda necesario un investimento significativo. Ata que se poida afrontar unha reforma en condici\u00f3ns, non p\u00f3r un parche, sen\u00f3n reformala como \u00e9 debido entendemos que \u00e9 preferible esperar.<\/p><\/blockquote>\n\n\n\n<p><strong>No pleno do mes de marzo aprobastes un reco\u00f1ecemento extraordinario de cr\u00e9dito para pagar facturas , falo de memoria pero creo que foi de 200.000\u20ac.Tan mal est\u00e1 a situaci\u00f3n econ\u00f3mica do Concello?<\/strong><\/p>\n\n\n\n<blockquote class=\"wp-block-quote is-layout-flow wp-block-quote-is-layout-flow\"><p>Mondariz ten un d\u00e9ficit anual de arredor de 300.000\u20ac e estou falando de pagar os servizos m\u00e1is b\u00e1sicos. Incluso intentamos actualizar algunhas taxas que levan 15 anos sen actualizar, pero, por desgraza, Alternativa por Mondariz non est\u00e1 pola labor. Parece que malia teren gobernado catro anos non lles deu para comprender os problemas reais que ten concello. O resultado \u00e9 que os servizos son extraordinariamente precarios e s\u00f3 se poden prestar de maneira adecuada grazas \u00e1 extraordinaria implicaci\u00f3n dos traballadores e traballadoras municipais aos que expreso desde aqu\u00ed a mi\u00f1a gratitude m\u00e1is profunda.<\/p><\/blockquote>\n\n\n\n<p><strong>300.000\u20ac de d\u00e9ficit anual \u00e9 un problema de moi dif\u00edcil soluci\u00f3n Emilio?<\/strong><\/p>\n\n\n\n<blockquote class=\"wp-block-quote is-layout-flow wp-block-quote-is-layout-flow\"><p>Desde logo que si, pero coa mesma rotundidade d\u00edgoche que nin este alcalde nin este goberno vanse resignar. Chegado o momento das vindeiras elecci\u00f3ns desde o BNG imos pedir \u00e1 veci\u00f1anza de Mondariz o apoio para termos unha maior\u00eda suficiente que nos permita dese\u00f1ar e executar un rigoroso plan econ\u00f3mico de control do gasto superfluo e de aumento dos ingresos municipais.<\/p><\/blockquote>\n\n\n\n<p><strong>C\u00f3ntanos como est\u00e1 o conflito da depuradora?<\/strong><\/p>\n\n\n\n<blockquote class=\"wp-block-quote is-layout-flow wp-block-quote-is-layout-flow\"><p>Outro dos conflitos hist\u00f3ricos do noso pobo que ata o de agora ningu\u00e9n afrontou con man firme. Cando chega Alternativa ao goberno de Mondariz paga a Balneario unha suposta d\u00e9beda dunha enorme cantidade de di\u00f1eiro , algo que fixo sen o m\u00e1is m\u00ednimo criterio e que non serviu para nada, absolutamente para nada. As xesti\u00f3ns que estamos facendo coido que pronto poden dar resultado e poder conectar as zonas que faltan. Creo que nun prazo dun ano poderemos ter xa resultados concretos.<\/p><\/blockquote>\n\n\n\n<p><strong>As relaci\u00f3ns cos socios do PSOE seguen sendo excelentes?<\/strong><\/p>\n\n\n\n<blockquote class=\"wp-block-quote is-layout-flow wp-block-quote-is-layout-flow\"><p>Absolutamente si.<\/p><\/blockquote>\n\n\n\n<p><strong>Que tal est\u00e1n as relaci\u00f3ns coa DEPO?<\/strong><\/p>\n\n\n\n<blockquote class=\"wp-block-quote is-layout-flow wp-block-quote-is-layout-flow\"><p>En li\u00f1as xerais boas<\/p><\/blockquote>\n\n\n\n<p><strong>E coa Xunta?<\/strong><\/p>\n\n\n\n<blockquote class=\"wp-block-quote is-layout-flow wp-block-quote-is-layout-flow\"><p>Institucionalmente correctas pero sent\u00edmonos que non somos tratados de maneira xusta. A alg\u00fans concellos pola v\u00eda do convenio de colaboraci\u00f3n se lle solucionan moitos problemas mentres que outros temos que estar escorn\u00e1ndonos d\u00eda si e d\u00eda tam\u00e9n para buscar sa\u00eddas a situaci\u00f3ns realmente dif\u00edciles.<\/p><\/blockquote>\n\n\n\n<p><strong>Ti, como outros alcaldes e alcaldesas tam\u00e9n tes a percepci\u00f3n de que a Xunta elude responsabilidades propias traspasando a s\u00faa xesti\u00f3n aos concellos?<\/strong><\/p>\n\n\n\n<blockquote class=\"wp-block-quote is-layout-flow wp-block-quote-is-layout-flow\"><p>Como non a vou ter se \u00e9 absolutamente certa\u00a1\u00a1. Os Concellos estamos lastrados e abafados economicamente porque a Xunta non atende as s\u00faas responsabilidades trasladando parte dos seus custes \u00e1s arcas municipais.<\/p><\/blockquote>\n\n\n\n<p><strong>O pa\u00eds galego ten 9 entidades locais menores de poboaci\u00f3n das que d\u00faas son de Mondariz: Queimadelos e Vilasobroso. Como est\u00e1n as relaci\u00f3ns do Concello con ambas entidades?<\/strong><\/p>\n\n\n\n<blockquote class=\"wp-block-quote is-layout-flow wp-block-quote-is-layout-flow\"><p>Con ambas temos unha relaci\u00f3n marabillosa.<\/p><\/blockquote>\n\n\n\n<p><strong>A modo de s\u00edntese dime as principais actuaci\u00f3ns que acometestes nestes 3 anos de mandato?<\/strong><\/p>\n\n\n\n<blockquote class=\"wp-block-quote is-layout-flow wp-block-quote-is-layout-flow\"><p>Eu creo que o m\u00e1is relevante resulta da nosa estratexia para iniciar d\u00faas modificaci\u00f3ns do PEID( plans especiais de equipamentos e dotaci\u00f3ns).Un deles para infraestruturas tur\u00edsticas ,somos un concello cunha cara vocaci\u00f3n tur\u00edstica pero carecemos das infraestruturas necesarias, e o outro que ten por obxecto dotar de solo empresarial ao concello. Agardamos que a Xunta poida resolver proximamente o cal permitir\u00eda que este concello poida comezar a ter futuro..Tam\u00e9n quixera salientar a nosa aposta pola renovaci\u00f3n dos servizos p\u00fablicos como a iluminaci\u00f3n el\u00e9ctrica , que estamos pendentes da licitaci\u00f3n para podermos cambiar a LED, o que supor\u00e1 para o Concello un aforro de arredor do 60%, o abastecemento de auga e a recollida de lixo<\/p><\/blockquote>\n\n\n\n<p><strong>Vas ser o candidato do BNG \u00e1 alcald\u00eda nas elecci\u00f3ns do ano pr\u00f3ximo?<\/strong><\/p>\n\n\n\n<blockquote class=\"wp-block-quote is-layout-flow wp-block-quote-is-layout-flow\"><p>N\u00f3s somos unha organizaci\u00f3n asemblearia e iso ten que ser froito da decisi\u00f3n colectiva das e dos militantes do bloque de Mondariz. Eu estou moi ben de \u00e1nimos con ilusi\u00f3n para darlle continuidade ao noso proxecto de goberno, e se te\u00f1o a confianza da militancia de Mondariz, si me vou presentar. O importante non son eu, \u00e9 o colectivo, e o proxecto do BNG precisa de m\u00e1is tempo para transformar Mondariz<\/p><\/blockquote>\n\n\n\n<p><strong>E dunha situaci\u00f3n aritm\u00e9tica mellor claro?<\/strong><\/p>\n\n\n\n<blockquote class=\"wp-block-quote is-layout-flow wp-block-quote-is-layout-flow\"><p>Agardo que sexa as\u00ed, canta m\u00e1is confianza poidamos acadar menos dif\u00edcil ser\u00e1 desde logo. Eu te\u00f1o moi boas sensaci\u00f3ns \u00e9 o que percibo pola r\u00faa \u00e9 que cada vez son m\u00e1is os veci\u00f1os e veci\u00f1as que nos honran coa s\u00faa confianza<\/p><\/blockquote>\n\n\n\n<p><strong>Rematamos alcalde. Ser\u00e1 posible so\u00f1ar coa reunificaci\u00f3n do nacionalismo en Mondariz?<\/strong><\/p>\n\n\n\n<blockquote class=\"wp-block-quote is-layout-flow wp-block-quote-is-layout-flow\"><p>O BNG, non s\u00f3 en Mondariz sen\u00f3n en toda Galiza, \u00e9 a casa com\u00fan do nacionalismo, e en Mondariz, como en calquera outra parte, os militantes do Bloque estaremos encantados de recibir a quen as\u00ed se sinta e te\u00f1a ga\u00f1as de comprometerse neste proxecto de defensa dos intereses do pa\u00eds.<\/p><\/blockquote>\n","protected":false},"excerpt":{"rendered":"<div class=\"mh-excerpt\"><p>O goberno de Mondariz ten unha situaci\u00f3n aritm\u00e9tica moi complicada pois s\u00f3 est\u00e1 composto por 4 ed\u00eds ( 3 do BNG e 1 do PSOE) nunha corporaci\u00f3n de 11 asentos <a class=\"mh-excerpt-more\" href=\"https:\/\/www.anovapeneira.gal\/index.php\/2022\/07\/20\/xose-emilio-barros-alcalde-de-mondariz-4\/\" title=\"Xose Emilio Barros. Alcalde de Mondariz\">[&#8230;]<\/a><\/p>\n<\/div>","protected":false},"author":3,"featured_media":7803,"comment_status":"open","ping_status":"open","sticky":false,"template":"","format":"standard","meta":{"_exactmetrics_skip_tracking":false,"_exactmetrics_sitenote_active":false,"_exactmetrics_sitenote_note":"","_exactmetrics_sitenote_category":0,"footnotes":""},"categories":[267],"tags":[405],"class_list":{"0":"post-7801","1":"post","2":"type-post","3":"status-publish","4":"format-standard","5":"has-post-thumbnail","7":"category-condado-entrevistas","8":"tag-concello-de-mondariz"},"yoast_head":"<!-- This site is optimized with the Yoast SEO plugin v27.4 - https:\/\/yoast.com\/product\/yoast-seo-wordpress\/ -->\n<title>Xose Emilio Barros. Alcalde de Mondariz -<\/title>\n<meta name=\"description\" content=\"O goberno de Mondariz ten unha situaci\u00f3n aritm\u00e9tica moi complicada pois s\u00f3 est\u00e1 composto por 4 ed\u00eds ( 3 do BNG e 1 do PSOE) nunha corporaci\u00f3n de 11 asentos\" \/>\n<meta name=\"robots\" content=\"index, follow, max-snippet:-1, max-image-preview:large, max-video-preview:-1\" \/>\n<link rel=\"canonical\" href=\"https:\/\/www.anovapeneira.gal\/index.php\/2022\/07\/20\/xose-emilio-barros-alcalde-de-mondariz-4\/\" \/>\n<meta property=\"og:locale\" content=\"gl_ES\" \/>\n<meta property=\"og:type\" content=\"article\" \/>\n<meta property=\"og:title\" content=\"Xose Emilio Barros. Alcalde de Mondariz -\" \/>\n<meta property=\"og:description\" content=\"O goberno de Mondariz ten unha situaci\u00f3n aritm\u00e9tica moi complicada pois s\u00f3 est\u00e1 composto por 4 ed\u00eds ( 3 do BNG e 1 do PSOE) nunha corporaci\u00f3n de 11 asentos\" \/>\n<meta property=\"og:url\" content=\"https:\/\/www.anovapeneira.gal\/index.php\/2022\/07\/20\/xose-emilio-barros-alcalde-de-mondariz-4\/\" \/>\n<meta property=\"article:publisher\" content=\"https:\/\/www.facebook.com\/anovapeneira\" \/>\n<meta property=\"article:published_time\" content=\"2022-07-20T08:00:46+00:00\" \/>\n<meta property=\"og:image\" content=\"https:\/\/www.anovapeneira.gal\/wp-content\/uploads\/2022\/07\/xose_emilio_barros.jpg\" \/>\n\t<meta property=\"og:image:width\" content=\"720\" \/>\n\t<meta property=\"og:image:height\" content=\"432\" \/>\n\t<meta property=\"og:image:type\" content=\"image\/jpeg\" \/>\n<meta name=\"author\" content=\"Redacci\u00f3n A Nova Peneira\" \/>\n<meta name=\"twitter:card\" content=\"summary_large_image\" \/>\n<meta name=\"twitter:creator\" content=\"@APeneira\" \/>\n<meta name=\"twitter:site\" content=\"@APeneira\" \/>\n<meta name=\"twitter:label1\" content=\"Escrito por\" \/>\n\t<meta name=\"twitter:data1\" content=\"Redacci\u00f3n A Nova Peneira\" \/>\n\t<meta name=\"twitter:label2\" content=\"Tempo de lectura\" \/>\n\t<meta name=\"twitter:data2\" content=\"9 minutos\" \/>\n<script type=\"application\/ld+json\" class=\"yoast-schema-graph\">{\"@context\":\"https:\\\/\\\/schema.org\",\"@graph\":[{\"@type\":\"Article\",\"@id\":\"https:\\\/\\\/www.anovapeneira.gal\\\/index.php\\\/2022\\\/07\\\/20\\\/xose-emilio-barros-alcalde-de-mondariz-4\\\/#article\",\"isPartOf\":{\"@id\":\"https:\\\/\\\/www.anovapeneira.gal\\\/index.php\\\/2022\\\/07\\\/20\\\/xose-emilio-barros-alcalde-de-mondariz-4\\\/\"},\"author\":{\"name\":\"Redacci\u00f3n A Nova Peneira\",\"@id\":\"https:\\\/\\\/www.anovapeneira.gal\\\/#\\\/schema\\\/person\\\/b93e3f8932e3f8da96334607eb6ac6aa\"},\"headline\":\"Xose Emilio Barros. Alcalde de Mondariz\",\"datePublished\":\"2022-07-20T08:00:46+00:00\",\"mainEntityOfPage\":{\"@id\":\"https:\\\/\\\/www.anovapeneira.gal\\\/index.php\\\/2022\\\/07\\\/20\\\/xose-emilio-barros-alcalde-de-mondariz-4\\\/\"},\"wordCount\":1685,\"commentCount\":0,\"publisher\":{\"@id\":\"https:\\\/\\\/www.anovapeneira.gal\\\/#organization\"},\"image\":{\"@id\":\"https:\\\/\\\/www.anovapeneira.gal\\\/index.php\\\/2022\\\/07\\\/20\\\/xose-emilio-barros-alcalde-de-mondariz-4\\\/#primaryimage\"},\"thumbnailUrl\":\"https:\\\/\\\/www.anovapeneira.gal\\\/wp-content\\\/uploads\\\/2022\\\/07\\\/xose_emilio_barros.jpg\",\"keywords\":[\"Concello de Mondariz\"],\"articleSection\":[\"Condado\"],\"inLanguage\":\"gl-ES\",\"potentialAction\":[{\"@type\":\"CommentAction\",\"name\":\"Comment\",\"target\":[\"https:\\\/\\\/www.anovapeneira.gal\\\/index.php\\\/2022\\\/07\\\/20\\\/xose-emilio-barros-alcalde-de-mondariz-4\\\/#respond\"]}]},{\"@type\":\"WebPage\",\"@id\":\"https:\\\/\\\/www.anovapeneira.gal\\\/index.php\\\/2022\\\/07\\\/20\\\/xose-emilio-barros-alcalde-de-mondariz-4\\\/\",\"url\":\"https:\\\/\\\/www.anovapeneira.gal\\\/index.php\\\/2022\\\/07\\\/20\\\/xose-emilio-barros-alcalde-de-mondariz-4\\\/\",\"name\":\"Xose Emilio Barros. Alcalde de Mondariz -\",\"isPartOf\":{\"@id\":\"https:\\\/\\\/www.anovapeneira.gal\\\/#website\"},\"primaryImageOfPage\":{\"@id\":\"https:\\\/\\\/www.anovapeneira.gal\\\/index.php\\\/2022\\\/07\\\/20\\\/xose-emilio-barros-alcalde-de-mondariz-4\\\/#primaryimage\"},\"image\":{\"@id\":\"https:\\\/\\\/www.anovapeneira.gal\\\/index.php\\\/2022\\\/07\\\/20\\\/xose-emilio-barros-alcalde-de-mondariz-4\\\/#primaryimage\"},\"thumbnailUrl\":\"https:\\\/\\\/www.anovapeneira.gal\\\/wp-content\\\/uploads\\\/2022\\\/07\\\/xose_emilio_barros.jpg\",\"datePublished\":\"2022-07-20T08:00:46+00:00\",\"description\":\"O goberno de Mondariz ten unha situaci\u00f3n aritm\u00e9tica moi complicada pois s\u00f3 est\u00e1 composto por 4 ed\u00eds ( 3 do BNG e 1 do PSOE) nunha corporaci\u00f3n de 11 asentos\",\"breadcrumb\":{\"@id\":\"https:\\\/\\\/www.anovapeneira.gal\\\/index.php\\\/2022\\\/07\\\/20\\\/xose-emilio-barros-alcalde-de-mondariz-4\\\/#breadcrumb\"},\"inLanguage\":\"gl-ES\",\"potentialAction\":[{\"@type\":\"ReadAction\",\"target\":[\"https:\\\/\\\/www.anovapeneira.gal\\\/index.php\\\/2022\\\/07\\\/20\\\/xose-emilio-barros-alcalde-de-mondariz-4\\\/\"]}]},{\"@type\":\"ImageObject\",\"inLanguage\":\"gl-ES\",\"@id\":\"https:\\\/\\\/www.anovapeneira.gal\\\/index.php\\\/2022\\\/07\\\/20\\\/xose-emilio-barros-alcalde-de-mondariz-4\\\/#primaryimage\",\"url\":\"https:\\\/\\\/www.anovapeneira.gal\\\/wp-content\\\/uploads\\\/2022\\\/07\\\/xose_emilio_barros.jpg\",\"contentUrl\":\"https:\\\/\\\/www.anovapeneira.gal\\\/wp-content\\\/uploads\\\/2022\\\/07\\\/xose_emilio_barros.jpg\",\"width\":720,\"height\":432,\"caption\":\"Xos\u00e9 Emilio Barros\"},{\"@type\":\"BreadcrumbList\",\"@id\":\"https:\\\/\\\/www.anovapeneira.gal\\\/index.php\\\/2022\\\/07\\\/20\\\/xose-emilio-barros-alcalde-de-mondariz-4\\\/#breadcrumb\",\"itemListElement\":[{\"@type\":\"ListItem\",\"position\":1,\"name\":\"Portada\",\"item\":\"https:\\\/\\\/www.anovapeneira.gal\\\/\"},{\"@type\":\"ListItem\",\"position\":2,\"name\":\"Xose Emilio Barros. Alcalde de Mondariz\"}]},{\"@type\":\"WebSite\",\"@id\":\"https:\\\/\\\/www.anovapeneira.gal\\\/#website\",\"url\":\"https:\\\/\\\/www.anovapeneira.gal\\\/\",\"name\":\"\",\"description\":\"Xornal galego de informaci\u00f3n xeral Publicaci\u00f3n mensual de novas de Galicia e en especial dos Concellos da sur da provincia de Pontevedra.\",\"publisher\":{\"@id\":\"https:\\\/\\\/www.anovapeneira.gal\\\/#organization\"},\"potentialAction\":[{\"@type\":\"SearchAction\",\"target\":{\"@type\":\"EntryPoint\",\"urlTemplate\":\"https:\\\/\\\/www.anovapeneira.gal\\\/?s={search_term_string}\"},\"query-input\":{\"@type\":\"PropertyValueSpecification\",\"valueRequired\":true,\"valueName\":\"search_term_string\"}}],\"inLanguage\":\"gl-ES\"},{\"@type\":\"Organization\",\"@id\":\"https:\\\/\\\/www.anovapeneira.gal\\\/#organization\",\"name\":\"A Nova Peneira\",\"url\":\"https:\\\/\\\/www.anovapeneira.gal\\\/\",\"logo\":{\"@type\":\"ImageObject\",\"inLanguage\":\"gl-ES\",\"@id\":\"https:\\\/\\\/www.anovapeneira.gal\\\/#\\\/schema\\\/logo\\\/image\\\/\",\"url\":\"http:\\\/\\\/www.anovapeneira.gal\\\/wp-content\\\/uploads\\\/2019\\\/06\\\/logo_a_nova_peneira_portal_web.png\",\"contentUrl\":\"http:\\\/\\\/www.anovapeneira.gal\\\/wp-content\\\/uploads\\\/2019\\\/06\\\/logo_a_nova_peneira_portal_web.png\",\"width\":300,\"height\":100,\"caption\":\"A Nova Peneira\"},\"image\":{\"@id\":\"https:\\\/\\\/www.anovapeneira.gal\\\/#\\\/schema\\\/logo\\\/image\\\/\"},\"sameAs\":[\"https:\\\/\\\/www.facebook.com\\\/anovapeneira\",\"https:\\\/\\\/x.com\\\/APeneira\"]},{\"@type\":\"Person\",\"@id\":\"https:\\\/\\\/www.anovapeneira.gal\\\/#\\\/schema\\\/person\\\/b93e3f8932e3f8da96334607eb6ac6aa\",\"name\":\"Redacci\u00f3n A Nova Peneira\",\"image\":{\"@type\":\"ImageObject\",\"inLanguage\":\"gl-ES\",\"@id\":\"https:\\\/\\\/secure.gravatar.com\\\/avatar\\\/c052a2551a06e23fac63626232eaa90abd78dbcf1700fc46a2b2c89fd27b735f?s=96&d=mm&r=g\",\"url\":\"https:\\\/\\\/secure.gravatar.com\\\/avatar\\\/c052a2551a06e23fac63626232eaa90abd78dbcf1700fc46a2b2c89fd27b735f?s=96&d=mm&r=g\",\"contentUrl\":\"https:\\\/\\\/secure.gravatar.com\\\/avatar\\\/c052a2551a06e23fac63626232eaa90abd78dbcf1700fc46a2b2c89fd27b735f?s=96&d=mm&r=g\",\"caption\":\"Redacci\u00f3n A Nova Peneira\"},\"sameAs\":[\"http:\\\/\\\/www.anovapeneira.gal\\\/\"],\"url\":\"https:\\\/\\\/www.anovapeneira.gal\\\/index.php\\\/author\\\/redactor\\\/\"}]}<\/script>\n<!-- \/ Yoast SEO plugin. -->","yoast_head_json":{"title":"Xose Emilio Barros. Alcalde de Mondariz -","description":"O goberno de Mondariz ten unha situaci\u00f3n aritm\u00e9tica moi complicada pois s\u00f3 est\u00e1 composto por 4 ed\u00eds ( 3 do BNG e 1 do PSOE) nunha corporaci\u00f3n de 11 asentos","robots":{"index":"index","follow":"follow","max-snippet":"max-snippet:-1","max-image-preview":"max-image-preview:large","max-video-preview":"max-video-preview:-1"},"canonical":"https:\/\/www.anovapeneira.gal\/index.php\/2022\/07\/20\/xose-emilio-barros-alcalde-de-mondariz-4\/","og_locale":"gl_ES","og_type":"article","og_title":"Xose Emilio Barros. Alcalde de Mondariz -","og_description":"O goberno de Mondariz ten unha situaci\u00f3n aritm\u00e9tica moi complicada pois s\u00f3 est\u00e1 composto por 4 ed\u00eds ( 3 do BNG e 1 do PSOE) nunha corporaci\u00f3n de 11 asentos","og_url":"https:\/\/www.anovapeneira.gal\/index.php\/2022\/07\/20\/xose-emilio-barros-alcalde-de-mondariz-4\/","article_publisher":"https:\/\/www.facebook.com\/anovapeneira","article_published_time":"2022-07-20T08:00:46+00:00","og_image":[{"width":720,"height":432,"url":"https:\/\/www.anovapeneira.gal\/wp-content\/uploads\/2022\/07\/xose_emilio_barros.jpg","type":"image\/jpeg"}],"author":"Redacci\u00f3n A Nova Peneira","twitter_card":"summary_large_image","twitter_creator":"@APeneira","twitter_site":"@APeneira","twitter_misc":{"Escrito por":"Redacci\u00f3n A Nova Peneira","Tempo de lectura":"9 minutos"},"schema":{"@context":"https:\/\/schema.org","@graph":[{"@type":"Article","@id":"https:\/\/www.anovapeneira.gal\/index.php\/2022\/07\/20\/xose-emilio-barros-alcalde-de-mondariz-4\/#article","isPartOf":{"@id":"https:\/\/www.anovapeneira.gal\/index.php\/2022\/07\/20\/xose-emilio-barros-alcalde-de-mondariz-4\/"},"author":{"name":"Redacci\u00f3n A Nova Peneira","@id":"https:\/\/www.anovapeneira.gal\/#\/schema\/person\/b93e3f8932e3f8da96334607eb6ac6aa"},"headline":"Xose Emilio Barros. Alcalde de Mondariz","datePublished":"2022-07-20T08:00:46+00:00","mainEntityOfPage":{"@id":"https:\/\/www.anovapeneira.gal\/index.php\/2022\/07\/20\/xose-emilio-barros-alcalde-de-mondariz-4\/"},"wordCount":1685,"commentCount":0,"publisher":{"@id":"https:\/\/www.anovapeneira.gal\/#organization"},"image":{"@id":"https:\/\/www.anovapeneira.gal\/index.php\/2022\/07\/20\/xose-emilio-barros-alcalde-de-mondariz-4\/#primaryimage"},"thumbnailUrl":"https:\/\/www.anovapeneira.gal\/wp-content\/uploads\/2022\/07\/xose_emilio_barros.jpg","keywords":["Concello de Mondariz"],"articleSection":["Condado"],"inLanguage":"gl-ES","potentialAction":[{"@type":"CommentAction","name":"Comment","target":["https:\/\/www.anovapeneira.gal\/index.php\/2022\/07\/20\/xose-emilio-barros-alcalde-de-mondariz-4\/#respond"]}]},{"@type":"WebPage","@id":"https:\/\/www.anovapeneira.gal\/index.php\/2022\/07\/20\/xose-emilio-barros-alcalde-de-mondariz-4\/","url":"https:\/\/www.anovapeneira.gal\/index.php\/2022\/07\/20\/xose-emilio-barros-alcalde-de-mondariz-4\/","name":"Xose Emilio Barros. Alcalde de Mondariz -","isPartOf":{"@id":"https:\/\/www.anovapeneira.gal\/#website"},"primaryImageOfPage":{"@id":"https:\/\/www.anovapeneira.gal\/index.php\/2022\/07\/20\/xose-emilio-barros-alcalde-de-mondariz-4\/#primaryimage"},"image":{"@id":"https:\/\/www.anovapeneira.gal\/index.php\/2022\/07\/20\/xose-emilio-barros-alcalde-de-mondariz-4\/#primaryimage"},"thumbnailUrl":"https:\/\/www.anovapeneira.gal\/wp-content\/uploads\/2022\/07\/xose_emilio_barros.jpg","datePublished":"2022-07-20T08:00:46+00:00","description":"O goberno de Mondariz ten unha situaci\u00f3n aritm\u00e9tica moi complicada pois s\u00f3 est\u00e1 composto por 4 ed\u00eds ( 3 do BNG e 1 do PSOE) nunha corporaci\u00f3n de 11 asentos","breadcrumb":{"@id":"https:\/\/www.anovapeneira.gal\/index.php\/2022\/07\/20\/xose-emilio-barros-alcalde-de-mondariz-4\/#breadcrumb"},"inLanguage":"gl-ES","potentialAction":[{"@type":"ReadAction","target":["https:\/\/www.anovapeneira.gal\/index.php\/2022\/07\/20\/xose-emilio-barros-alcalde-de-mondariz-4\/"]}]},{"@type":"ImageObject","inLanguage":"gl-ES","@id":"https:\/\/www.anovapeneira.gal\/index.php\/2022\/07\/20\/xose-emilio-barros-alcalde-de-mondariz-4\/#primaryimage","url":"https:\/\/www.anovapeneira.gal\/wp-content\/uploads\/2022\/07\/xose_emilio_barros.jpg","contentUrl":"https:\/\/www.anovapeneira.gal\/wp-content\/uploads\/2022\/07\/xose_emilio_barros.jpg","width":720,"height":432,"caption":"Xos\u00e9 Emilio Barros"},{"@type":"BreadcrumbList","@id":"https:\/\/www.anovapeneira.gal\/index.php\/2022\/07\/20\/xose-emilio-barros-alcalde-de-mondariz-4\/#breadcrumb","itemListElement":[{"@type":"ListItem","position":1,"name":"Portada","item":"https:\/\/www.anovapeneira.gal\/"},{"@type":"ListItem","position":2,"name":"Xose Emilio Barros. Alcalde de Mondariz"}]},{"@type":"WebSite","@id":"https:\/\/www.anovapeneira.gal\/#website","url":"https:\/\/www.anovapeneira.gal\/","name":"","description":"Xornal galego de informaci\u00f3n xeral Publicaci\u00f3n mensual de novas de Galicia e en especial dos Concellos da sur da provincia de Pontevedra.","publisher":{"@id":"https:\/\/www.anovapeneira.gal\/#organization"},"potentialAction":[{"@type":"SearchAction","target":{"@type":"EntryPoint","urlTemplate":"https:\/\/www.anovapeneira.gal\/?s={search_term_string}"},"query-input":{"@type":"PropertyValueSpecification","valueRequired":true,"valueName":"search_term_string"}}],"inLanguage":"gl-ES"},{"@type":"Organization","@id":"https:\/\/www.anovapeneira.gal\/#organization","name":"A Nova Peneira","url":"https:\/\/www.anovapeneira.gal\/","logo":{"@type":"ImageObject","inLanguage":"gl-ES","@id":"https:\/\/www.anovapeneira.gal\/#\/schema\/logo\/image\/","url":"http:\/\/www.anovapeneira.gal\/wp-content\/uploads\/2019\/06\/logo_a_nova_peneira_portal_web.png","contentUrl":"http:\/\/www.anovapeneira.gal\/wp-content\/uploads\/2019\/06\/logo_a_nova_peneira_portal_web.png","width":300,"height":100,"caption":"A Nova Peneira"},"image":{"@id":"https:\/\/www.anovapeneira.gal\/#\/schema\/logo\/image\/"},"sameAs":["https:\/\/www.facebook.com\/anovapeneira","https:\/\/x.com\/APeneira"]},{"@type":"Person","@id":"https:\/\/www.anovapeneira.gal\/#\/schema\/person\/b93e3f8932e3f8da96334607eb6ac6aa","name":"Redacci\u00f3n A Nova Peneira","image":{"@type":"ImageObject","inLanguage":"gl-ES","@id":"https:\/\/secure.gravatar.com\/avatar\/c052a2551a06e23fac63626232eaa90abd78dbcf1700fc46a2b2c89fd27b735f?s=96&d=mm&r=g","url":"https:\/\/secure.gravatar.com\/avatar\/c052a2551a06e23fac63626232eaa90abd78dbcf1700fc46a2b2c89fd27b735f?s=96&d=mm&r=g","contentUrl":"https:\/\/secure.gravatar.com\/avatar\/c052a2551a06e23fac63626232eaa90abd78dbcf1700fc46a2b2c89fd27b735f?s=96&d=mm&r=g","caption":"Redacci\u00f3n A Nova Peneira"},"sameAs":["http:\/\/www.anovapeneira.gal\/"],"url":"https:\/\/www.anovapeneira.gal\/index.php\/author\/redactor\/"}]}},"jetpack_featured_media_url":"https:\/\/www.anovapeneira.gal\/wp-content\/uploads\/2022\/07\/xose_emilio_barros.jpg","_links":{"self":[{"href":"https:\/\/www.anovapeneira.gal\/index.php\/wp-json\/wp\/v2\/posts\/7801","targetHints":{"allow":["GET"]}}],"collection":[{"href":"https:\/\/www.anovapeneira.gal\/index.php\/wp-json\/wp\/v2\/posts"}],"about":[{"href":"https:\/\/www.anovapeneira.gal\/index.php\/wp-json\/wp\/v2\/types\/post"}],"author":[{"embeddable":true,"href":"https:\/\/www.anovapeneira.gal\/index.php\/wp-json\/wp\/v2\/users\/3"}],"replies":[{"embeddable":true,"href":"https:\/\/www.anovapeneira.gal\/index.php\/wp-json\/wp\/v2\/comments?post=7801"}],"version-history":[{"count":1,"href":"https:\/\/www.anovapeneira.gal\/index.php\/wp-json\/wp\/v2\/posts\/7801\/revisions"}],"predecessor-version":[{"id":7802,"href":"https:\/\/www.anovapeneira.gal\/index.php\/wp-json\/wp\/v2\/posts\/7801\/revisions\/7802"}],"wp:featuredmedia":[{"embeddable":true,"href":"https:\/\/www.anovapeneira.gal\/index.php\/wp-json\/wp\/v2\/media\/7803"}],"wp:attachment":[{"href":"https:\/\/www.anovapeneira.gal\/index.php\/wp-json\/wp\/v2\/media?parent=7801"}],"wp:term":[{"taxonomy":"category","embeddable":true,"href":"https:\/\/www.anovapeneira.gal\/index.php\/wp-json\/wp\/v2\/categories?post=7801"},{"taxonomy":"post_tag","embeddable":true,"href":"https:\/\/www.anovapeneira.gal\/index.php\/wp-json\/wp\/v2\/tags?post=7801"}],"curies":[{"name":"wp","href":"https:\/\/api.w.org\/{rel}","templated":true}]}}