{"id":7804,"date":"2022-07-20T12:00:31","date_gmt":"2022-07-20T10:00:31","guid":{"rendered":"https:\/\/www.anovapeneira.gal\/?p=7804"},"modified":"2022-07-22T08:23:40","modified_gmt":"2022-07-22T06:23:40","slug":"o-concello-de-bueu-adquire-sete-novos-desfibriladores-para-mellorar-a-seguridade-nas-instalacions-municipais","status":"publish","type":"post","link":"https:\/\/www.anovapeneira.gal\/index.php\/2022\/07\/20\/o-concello-de-bueu-adquire-sete-novos-desfibriladores-para-mellorar-a-seguridade-nas-instalacions-municipais\/","title":{"rendered":"O Concello de Bueu adquire sete novos desfibriladores para mellorar a seguridade nas instalaci\u00f3ns municipais"},"content":{"rendered":"\n<p><strong>Bueu, a 12 de xullo de 2022<\/strong><\/p>\n\n\n\n<p>O Concello de Bueu v\u00e9n de adquirir sete novos desfibriladores cos que se incrementar\u00e1 a seguridade de instalaci\u00f3ns municipais como a Casa do Concello e a Polic\u00eda Local, e que se suman aos cinco dos que xa se disp\u00f3n. F\u00e9lix Juncal, alcalde de Bueu, e Silvia Carballo, concelleira de promoci\u00f3n econ\u00f3mica e turismo, recibiron esta semana o subministro no que se investiron arredor de 9.000 euros de fondos propios.<\/p>\n\n\n\n<p>Segundo avanza a concelleira, \u201co primeiro paso foi a compra, e a continuaci\u00f3n daremos de alta os desfibriladores no rexistro oficial, ademais de impartir un curso de formaci\u00f3n homologado a mediados de agosto\u201d. Este curso dest\u00ednase a colectivos deportivos, persoal da Polic\u00eda Local e outras persoas vinculadas coa seguridade municipal, e o encargado de dar a formaci\u00f3n ser\u00e1 Emilio Aguete, t\u00e9cnico de emerxencias.<\/p>\n","protected":false},"excerpt":{"rendered":"<div class=\"mh-excerpt\"><p>O Concello de Bueu v\u00e9n de adquirir sete novos desfibriladores cos que se incrementar\u00e1 a seguridade de instalaci\u00f3ns municipais como a Casa do Concello e a Polic\u00eda Local, e que se suman aos cinco dos que xa se disp\u00f3n <a class=\"mh-excerpt-more\" href=\"https:\/\/www.anovapeneira.gal\/index.php\/2022\/07\/20\/o-concello-de-bueu-adquire-sete-novos-desfibriladores-para-mellorar-a-seguridade-nas-instalacions-municipais\/\" title=\"O Concello de Bueu adquire sete novos desfibriladores para mellorar a seguridade nas instalaci\u00f3ns municipais\">[&#8230;]<\/a><\/p>\n<\/div>","protected":false},"author":3,"featured_media":7831,"comment_status":"open","ping_status":"open","sticky":false,"template":"","format":"standard","meta":{"_exactmetrics_skip_tracking":false,"_exactmetrics_sitenote_active":false,"_exactmetrics_sitenote_note":"","_exactmetrics_sitenote_category":0,"footnotes":""},"categories":[22],"tags":[440],"class_list":{"0":"post-7804","1":"post","2":"type-post","3":"status-publish","4":"format-standard","5":"has-post-thumbnail","7":"category-morrazo","8":"tag-concello-de-bueu"},"yoast_head":"<!-- This site is optimized with the Yoast SEO plugin v27.5 - https:\/\/yoast.com\/product\/yoast-seo-wordpress\/ -->\n<title>O Concello de Bueu adquire sete novos desfibriladores para mellorar a seguridade nas instalaci\u00f3ns municipais -<\/title>\n<meta name=\"robots\" content=\"index, follow, max-snippet:-1, max-image-preview:large, max-video-preview:-1\" \/>\n<link rel=\"canonical\" href=\"https:\/\/www.anovapeneira.gal\/index.php\/2022\/07\/20\/o-concello-de-bueu-adquire-sete-novos-desfibriladores-para-mellorar-a-seguridade-nas-instalacions-municipais\/\" \/>\n<meta property=\"og:locale\" content=\"gl_ES\" \/>\n<meta property=\"og:type\" content=\"article\" \/>\n<meta property=\"og:title\" content=\"O Concello de Bueu adquire sete novos desfibriladores para mellorar a seguridade nas instalaci\u00f3ns municipais -\" \/>\n<meta property=\"og:description\" content=\"O Concello de Bueu v\u00e9n de adquirir sete novos desfibriladores cos que se incrementar\u00e1 a seguridade de instalaci\u00f3ns municipais como a Casa do Concello e a Polic\u00eda Local, e que se suman aos cinco dos que xa se disp\u00f3n [...]\" \/>\n<meta property=\"og:url\" content=\"https:\/\/www.anovapeneira.gal\/index.php\/2022\/07\/20\/o-concello-de-bueu-adquire-sete-novos-desfibriladores-para-mellorar-a-seguridade-nas-instalacions-municipais\/\" \/>\n<meta property=\"article:publisher\" content=\"https:\/\/www.facebook.com\/anovapeneira\" \/>\n<meta property=\"article:published_time\" content=\"2022-07-20T10:00:31+00:00\" \/>\n<meta property=\"article:modified_time\" content=\"2022-07-22T06:23:40+00:00\" \/>\n<meta property=\"og:image\" content=\"https:\/\/www.anovapeneira.gal\/wp-content\/uploads\/2022\/07\/adquisicion-novos-desfibriladores.jpeg\" \/>\n\t<meta property=\"og:image:width\" content=\"1355\" \/>\n\t<meta property=\"og:image:height\" content=\"1500\" \/>\n\t<meta property=\"og:image:type\" content=\"image\/jpeg\" \/>\n<meta name=\"author\" content=\"Redacci\u00f3n A Nova Peneira\" \/>\n<meta name=\"twitter:card\" content=\"summary_large_image\" \/>\n<meta name=\"twitter:creator\" content=\"@APeneira\" \/>\n<meta name=\"twitter:site\" content=\"@APeneira\" \/>\n<meta name=\"twitter:label1\" content=\"Escrito por\" \/>\n\t<meta name=\"twitter:data1\" content=\"Redacci\u00f3n A Nova Peneira\" \/>\n\t<meta name=\"twitter:label2\" content=\"Tempo de lectura\" \/>\n\t<meta name=\"twitter:data2\" content=\"1 minuto\" \/>\n<script type=\"application\/ld+json\" class=\"yoast-schema-graph\">{\"@context\":\"https:\\\/\\\/schema.org\",\"@graph\":[{\"@type\":\"Article\",\"@id\":\"https:\\\/\\\/www.anovapeneira.gal\\\/index.php\\\/2022\\\/07\\\/20\\\/o-concello-de-bueu-adquire-sete-novos-desfibriladores-para-mellorar-a-seguridade-nas-instalacions-municipais\\\/#article\",\"isPartOf\":{\"@id\":\"https:\\\/\\\/www.anovapeneira.gal\\\/index.php\\\/2022\\\/07\\\/20\\\/o-concello-de-bueu-adquire-sete-novos-desfibriladores-para-mellorar-a-seguridade-nas-instalacions-municipais\\\/\"},\"author\":{\"name\":\"Redacci\u00f3n A Nova Peneira\",\"@id\":\"https:\\\/\\\/www.anovapeneira.gal\\\/#\\\/schema\\\/person\\\/b93e3f8932e3f8da96334607eb6ac6aa\"},\"headline\":\"O Concello de Bueu adquire sete novos desfibriladores para mellorar a seguridade nas instalaci\u00f3ns municipais\",\"datePublished\":\"2022-07-20T10:00:31+00:00\",\"dateModified\":\"2022-07-22T06:23:40+00:00\",\"mainEntityOfPage\":{\"@id\":\"https:\\\/\\\/www.anovapeneira.gal\\\/index.php\\\/2022\\\/07\\\/20\\\/o-concello-de-bueu-adquire-sete-novos-desfibriladores-para-mellorar-a-seguridade-nas-instalacions-municipais\\\/\"},\"wordCount\":165,\"commentCount\":0,\"publisher\":{\"@id\":\"https:\\\/\\\/www.anovapeneira.gal\\\/#organization\"},\"image\":{\"@id\":\"https:\\\/\\\/www.anovapeneira.gal\\\/index.php\\\/2022\\\/07\\\/20\\\/o-concello-de-bueu-adquire-sete-novos-desfibriladores-para-mellorar-a-seguridade-nas-instalacions-municipais\\\/#primaryimage\"},\"thumbnailUrl\":\"https:\\\/\\\/www.anovapeneira.gal\\\/wp-content\\\/uploads\\\/2022\\\/07\\\/adquisicion-novos-desfibriladores.jpeg\",\"keywords\":[\"Concello de Bueu\"],\"articleSection\":[\"Morrazo\"],\"inLanguage\":\"gl-ES\",\"potentialAction\":[{\"@type\":\"CommentAction\",\"name\":\"Comment\",\"target\":[\"https:\\\/\\\/www.anovapeneira.gal\\\/index.php\\\/2022\\\/07\\\/20\\\/o-concello-de-bueu-adquire-sete-novos-desfibriladores-para-mellorar-a-seguridade-nas-instalacions-municipais\\\/#respond\"]}]},{\"@type\":\"WebPage\",\"@id\":\"https:\\\/\\\/www.anovapeneira.gal\\\/index.php\\\/2022\\\/07\\\/20\\\/o-concello-de-bueu-adquire-sete-novos-desfibriladores-para-mellorar-a-seguridade-nas-instalacions-municipais\\\/\",\"url\":\"https:\\\/\\\/www.anovapeneira.gal\\\/index.php\\\/2022\\\/07\\\/20\\\/o-concello-de-bueu-adquire-sete-novos-desfibriladores-para-mellorar-a-seguridade-nas-instalacions-municipais\\\/\",\"name\":\"O Concello de Bueu adquire sete novos desfibriladores para mellorar a seguridade nas instalaci\u00f3ns municipais -\",\"isPartOf\":{\"@id\":\"https:\\\/\\\/www.anovapeneira.gal\\\/#website\"},\"primaryImageOfPage\":{\"@id\":\"https:\\\/\\\/www.anovapeneira.gal\\\/index.php\\\/2022\\\/07\\\/20\\\/o-concello-de-bueu-adquire-sete-novos-desfibriladores-para-mellorar-a-seguridade-nas-instalacions-municipais\\\/#primaryimage\"},\"image\":{\"@id\":\"https:\\\/\\\/www.anovapeneira.gal\\\/index.php\\\/2022\\\/07\\\/20\\\/o-concello-de-bueu-adquire-sete-novos-desfibriladores-para-mellorar-a-seguridade-nas-instalacions-municipais\\\/#primaryimage\"},\"thumbnailUrl\":\"https:\\\/\\\/www.anovapeneira.gal\\\/wp-content\\\/uploads\\\/2022\\\/07\\\/adquisicion-novos-desfibriladores.jpeg\",\"datePublished\":\"2022-07-20T10:00:31+00:00\",\"dateModified\":\"2022-07-22T06:23:40+00:00\",\"breadcrumb\":{\"@id\":\"https:\\\/\\\/www.anovapeneira.gal\\\/index.php\\\/2022\\\/07\\\/20\\\/o-concello-de-bueu-adquire-sete-novos-desfibriladores-para-mellorar-a-seguridade-nas-instalacions-municipais\\\/#breadcrumb\"},\"inLanguage\":\"gl-ES\",\"potentialAction\":[{\"@type\":\"ReadAction\",\"target\":[\"https:\\\/\\\/www.anovapeneira.gal\\\/index.php\\\/2022\\\/07\\\/20\\\/o-concello-de-bueu-adquire-sete-novos-desfibriladores-para-mellorar-a-seguridade-nas-instalacions-municipais\\\/\"]}]},{\"@type\":\"ImageObject\",\"inLanguage\":\"gl-ES\",\"@id\":\"https:\\\/\\\/www.anovapeneira.gal\\\/index.php\\\/2022\\\/07\\\/20\\\/o-concello-de-bueu-adquire-sete-novos-desfibriladores-para-mellorar-a-seguridade-nas-instalacions-municipais\\\/#primaryimage\",\"url\":\"https:\\\/\\\/www.anovapeneira.gal\\\/wp-content\\\/uploads\\\/2022\\\/07\\\/adquisicion-novos-desfibriladores.jpeg\",\"contentUrl\":\"https:\\\/\\\/www.anovapeneira.gal\\\/wp-content\\\/uploads\\\/2022\\\/07\\\/adquisicion-novos-desfibriladores.jpeg\",\"width\":1355,\"height\":1500,\"caption\":\"Desfibriladores Concello de Buee\"},{\"@type\":\"BreadcrumbList\",\"@id\":\"https:\\\/\\\/www.anovapeneira.gal\\\/index.php\\\/2022\\\/07\\\/20\\\/o-concello-de-bueu-adquire-sete-novos-desfibriladores-para-mellorar-a-seguridade-nas-instalacions-municipais\\\/#breadcrumb\",\"itemListElement\":[{\"@type\":\"ListItem\",\"position\":1,\"name\":\"Portada\",\"item\":\"https:\\\/\\\/www.anovapeneira.gal\\\/\"},{\"@type\":\"ListItem\",\"position\":2,\"name\":\"O Concello de Bueu adquire sete novos desfibriladores para mellorar a seguridade nas instalaci\u00f3ns municipais\"}]},{\"@type\":\"WebSite\",\"@id\":\"https:\\\/\\\/www.anovapeneira.gal\\\/#website\",\"url\":\"https:\\\/\\\/www.anovapeneira.gal\\\/\",\"name\":\"\",\"description\":\"Xornal galego de informaci\u00f3n xeral Publicaci\u00f3n mensual de novas de Galicia e en especial dos Concellos da sur da provincia de Pontevedra.\",\"publisher\":{\"@id\":\"https:\\\/\\\/www.anovapeneira.gal\\\/#organization\"},\"potentialAction\":[{\"@type\":\"SearchAction\",\"target\":{\"@type\":\"EntryPoint\",\"urlTemplate\":\"https:\\\/\\\/www.anovapeneira.gal\\\/?s={search_term_string}\"},\"query-input\":{\"@type\":\"PropertyValueSpecification\",\"valueRequired\":true,\"valueName\":\"search_term_string\"}}],\"inLanguage\":\"gl-ES\"},{\"@type\":\"Organization\",\"@id\":\"https:\\\/\\\/www.anovapeneira.gal\\\/#organization\",\"name\":\"A Nova Peneira\",\"url\":\"https:\\\/\\\/www.anovapeneira.gal\\\/\",\"logo\":{\"@type\":\"ImageObject\",\"inLanguage\":\"gl-ES\",\"@id\":\"https:\\\/\\\/www.anovapeneira.gal\\\/#\\\/schema\\\/logo\\\/image\\\/\",\"url\":\"http:\\\/\\\/www.anovapeneira.gal\\\/wp-content\\\/uploads\\\/2019\\\/06\\\/logo_a_nova_peneira_portal_web.png\",\"contentUrl\":\"http:\\\/\\\/www.anovapeneira.gal\\\/wp-content\\\/uploads\\\/2019\\\/06\\\/logo_a_nova_peneira_portal_web.png\",\"width\":300,\"height\":100,\"caption\":\"A Nova Peneira\"},\"image\":{\"@id\":\"https:\\\/\\\/www.anovapeneira.gal\\\/#\\\/schema\\\/logo\\\/image\\\/\"},\"sameAs\":[\"https:\\\/\\\/www.facebook.com\\\/anovapeneira\",\"https:\\\/\\\/x.com\\\/APeneira\"]},{\"@type\":\"Person\",\"@id\":\"https:\\\/\\\/www.anovapeneira.gal\\\/#\\\/schema\\\/person\\\/b93e3f8932e3f8da96334607eb6ac6aa\",\"name\":\"Redacci\u00f3n A Nova Peneira\",\"image\":{\"@type\":\"ImageObject\",\"inLanguage\":\"gl-ES\",\"@id\":\"https:\\\/\\\/secure.gravatar.com\\\/avatar\\\/c052a2551a06e23fac63626232eaa90abd78dbcf1700fc46a2b2c89fd27b735f?s=96&d=mm&r=g\",\"url\":\"https:\\\/\\\/secure.gravatar.com\\\/avatar\\\/c052a2551a06e23fac63626232eaa90abd78dbcf1700fc46a2b2c89fd27b735f?s=96&d=mm&r=g\",\"contentUrl\":\"https:\\\/\\\/secure.gravatar.com\\\/avatar\\\/c052a2551a06e23fac63626232eaa90abd78dbcf1700fc46a2b2c89fd27b735f?s=96&d=mm&r=g\",\"caption\":\"Redacci\u00f3n A Nova Peneira\"},\"sameAs\":[\"http:\\\/\\\/www.anovapeneira.gal\\\/\"],\"url\":\"https:\\\/\\\/www.anovapeneira.gal\\\/index.php\\\/author\\\/redactor\\\/\"}]}<\/script>\n<!-- \/ Yoast SEO plugin. -->","yoast_head_json":{"title":"O Concello de Bueu adquire sete novos desfibriladores para mellorar a seguridade nas instalaci\u00f3ns municipais -","robots":{"index":"index","follow":"follow","max-snippet":"max-snippet:-1","max-image-preview":"max-image-preview:large","max-video-preview":"max-video-preview:-1"},"canonical":"https:\/\/www.anovapeneira.gal\/index.php\/2022\/07\/20\/o-concello-de-bueu-adquire-sete-novos-desfibriladores-para-mellorar-a-seguridade-nas-instalacions-municipais\/","og_locale":"gl_ES","og_type":"article","og_title":"O Concello de Bueu adquire sete novos desfibriladores para mellorar a seguridade nas instalaci\u00f3ns municipais -","og_description":"O Concello de Bueu v\u00e9n de adquirir sete novos desfibriladores cos que se incrementar\u00e1 a seguridade de instalaci\u00f3ns municipais como a Casa do Concello e a Polic\u00eda Local, e que se suman aos cinco dos que xa se disp\u00f3n [...]","og_url":"https:\/\/www.anovapeneira.gal\/index.php\/2022\/07\/20\/o-concello-de-bueu-adquire-sete-novos-desfibriladores-para-mellorar-a-seguridade-nas-instalacions-municipais\/","article_publisher":"https:\/\/www.facebook.com\/anovapeneira","article_published_time":"2022-07-20T10:00:31+00:00","article_modified_time":"2022-07-22T06:23:40+00:00","og_image":[{"width":1355,"height":1500,"url":"https:\/\/www.anovapeneira.gal\/wp-content\/uploads\/2022\/07\/adquisicion-novos-desfibriladores.jpeg","type":"image\/jpeg"}],"author":"Redacci\u00f3n A Nova Peneira","twitter_card":"summary_large_image","twitter_creator":"@APeneira","twitter_site":"@APeneira","twitter_misc":{"Escrito por":"Redacci\u00f3n A Nova Peneira","Tempo de lectura":"1 minuto"},"schema":{"@context":"https:\/\/schema.org","@graph":[{"@type":"Article","@id":"https:\/\/www.anovapeneira.gal\/index.php\/2022\/07\/20\/o-concello-de-bueu-adquire-sete-novos-desfibriladores-para-mellorar-a-seguridade-nas-instalacions-municipais\/#article","isPartOf":{"@id":"https:\/\/www.anovapeneira.gal\/index.php\/2022\/07\/20\/o-concello-de-bueu-adquire-sete-novos-desfibriladores-para-mellorar-a-seguridade-nas-instalacions-municipais\/"},"author":{"name":"Redacci\u00f3n A Nova Peneira","@id":"https:\/\/www.anovapeneira.gal\/#\/schema\/person\/b93e3f8932e3f8da96334607eb6ac6aa"},"headline":"O Concello de Bueu adquire sete novos desfibriladores para mellorar a seguridade nas instalaci\u00f3ns municipais","datePublished":"2022-07-20T10:00:31+00:00","dateModified":"2022-07-22T06:23:40+00:00","mainEntityOfPage":{"@id":"https:\/\/www.anovapeneira.gal\/index.php\/2022\/07\/20\/o-concello-de-bueu-adquire-sete-novos-desfibriladores-para-mellorar-a-seguridade-nas-instalacions-municipais\/"},"wordCount":165,"commentCount":0,"publisher":{"@id":"https:\/\/www.anovapeneira.gal\/#organization"},"image":{"@id":"https:\/\/www.anovapeneira.gal\/index.php\/2022\/07\/20\/o-concello-de-bueu-adquire-sete-novos-desfibriladores-para-mellorar-a-seguridade-nas-instalacions-municipais\/#primaryimage"},"thumbnailUrl":"https:\/\/www.anovapeneira.gal\/wp-content\/uploads\/2022\/07\/adquisicion-novos-desfibriladores.jpeg","keywords":["Concello de Bueu"],"articleSection":["Morrazo"],"inLanguage":"gl-ES","potentialAction":[{"@type":"CommentAction","name":"Comment","target":["https:\/\/www.anovapeneira.gal\/index.php\/2022\/07\/20\/o-concello-de-bueu-adquire-sete-novos-desfibriladores-para-mellorar-a-seguridade-nas-instalacions-municipais\/#respond"]}]},{"@type":"WebPage","@id":"https:\/\/www.anovapeneira.gal\/index.php\/2022\/07\/20\/o-concello-de-bueu-adquire-sete-novos-desfibriladores-para-mellorar-a-seguridade-nas-instalacions-municipais\/","url":"https:\/\/www.anovapeneira.gal\/index.php\/2022\/07\/20\/o-concello-de-bueu-adquire-sete-novos-desfibriladores-para-mellorar-a-seguridade-nas-instalacions-municipais\/","name":"O Concello de Bueu adquire sete novos desfibriladores para mellorar a seguridade nas instalaci\u00f3ns municipais -","isPartOf":{"@id":"https:\/\/www.anovapeneira.gal\/#website"},"primaryImageOfPage":{"@id":"https:\/\/www.anovapeneira.gal\/index.php\/2022\/07\/20\/o-concello-de-bueu-adquire-sete-novos-desfibriladores-para-mellorar-a-seguridade-nas-instalacions-municipais\/#primaryimage"},"image":{"@id":"https:\/\/www.anovapeneira.gal\/index.php\/2022\/07\/20\/o-concello-de-bueu-adquire-sete-novos-desfibriladores-para-mellorar-a-seguridade-nas-instalacions-municipais\/#primaryimage"},"thumbnailUrl":"https:\/\/www.anovapeneira.gal\/wp-content\/uploads\/2022\/07\/adquisicion-novos-desfibriladores.jpeg","datePublished":"2022-07-20T10:00:31+00:00","dateModified":"2022-07-22T06:23:40+00:00","breadcrumb":{"@id":"https:\/\/www.anovapeneira.gal\/index.php\/2022\/07\/20\/o-concello-de-bueu-adquire-sete-novos-desfibriladores-para-mellorar-a-seguridade-nas-instalacions-municipais\/#breadcrumb"},"inLanguage":"gl-ES","potentialAction":[{"@type":"ReadAction","target":["https:\/\/www.anovapeneira.gal\/index.php\/2022\/07\/20\/o-concello-de-bueu-adquire-sete-novos-desfibriladores-para-mellorar-a-seguridade-nas-instalacions-municipais\/"]}]},{"@type":"ImageObject","inLanguage":"gl-ES","@id":"https:\/\/www.anovapeneira.gal\/index.php\/2022\/07\/20\/o-concello-de-bueu-adquire-sete-novos-desfibriladores-para-mellorar-a-seguridade-nas-instalacions-municipais\/#primaryimage","url":"https:\/\/www.anovapeneira.gal\/wp-content\/uploads\/2022\/07\/adquisicion-novos-desfibriladores.jpeg","contentUrl":"https:\/\/www.anovapeneira.gal\/wp-content\/uploads\/2022\/07\/adquisicion-novos-desfibriladores.jpeg","width":1355,"height":1500,"caption":"Desfibriladores Concello de Buee"},{"@type":"BreadcrumbList","@id":"https:\/\/www.anovapeneira.gal\/index.php\/2022\/07\/20\/o-concello-de-bueu-adquire-sete-novos-desfibriladores-para-mellorar-a-seguridade-nas-instalacions-municipais\/#breadcrumb","itemListElement":[{"@type":"ListItem","position":1,"name":"Portada","item":"https:\/\/www.anovapeneira.gal\/"},{"@type":"ListItem","position":2,"name":"O Concello de Bueu adquire sete novos desfibriladores para mellorar a seguridade nas instalaci\u00f3ns municipais"}]},{"@type":"WebSite","@id":"https:\/\/www.anovapeneira.gal\/#website","url":"https:\/\/www.anovapeneira.gal\/","name":"","description":"Xornal galego de informaci\u00f3n xeral Publicaci\u00f3n mensual de novas de Galicia e en especial dos Concellos da sur da provincia de Pontevedra.","publisher":{"@id":"https:\/\/www.anovapeneira.gal\/#organization"},"potentialAction":[{"@type":"SearchAction","target":{"@type":"EntryPoint","urlTemplate":"https:\/\/www.anovapeneira.gal\/?s={search_term_string}"},"query-input":{"@type":"PropertyValueSpecification","valueRequired":true,"valueName":"search_term_string"}}],"inLanguage":"gl-ES"},{"@type":"Organization","@id":"https:\/\/www.anovapeneira.gal\/#organization","name":"A Nova Peneira","url":"https:\/\/www.anovapeneira.gal\/","logo":{"@type":"ImageObject","inLanguage":"gl-ES","@id":"https:\/\/www.anovapeneira.gal\/#\/schema\/logo\/image\/","url":"http:\/\/www.anovapeneira.gal\/wp-content\/uploads\/2019\/06\/logo_a_nova_peneira_portal_web.png","contentUrl":"http:\/\/www.anovapeneira.gal\/wp-content\/uploads\/2019\/06\/logo_a_nova_peneira_portal_web.png","width":300,"height":100,"caption":"A Nova Peneira"},"image":{"@id":"https:\/\/www.anovapeneira.gal\/#\/schema\/logo\/image\/"},"sameAs":["https:\/\/www.facebook.com\/anovapeneira","https:\/\/x.com\/APeneira"]},{"@type":"Person","@id":"https:\/\/www.anovapeneira.gal\/#\/schema\/person\/b93e3f8932e3f8da96334607eb6ac6aa","name":"Redacci\u00f3n A Nova Peneira","image":{"@type":"ImageObject","inLanguage":"gl-ES","@id":"https:\/\/secure.gravatar.com\/avatar\/c052a2551a06e23fac63626232eaa90abd78dbcf1700fc46a2b2c89fd27b735f?s=96&d=mm&r=g","url":"https:\/\/secure.gravatar.com\/avatar\/c052a2551a06e23fac63626232eaa90abd78dbcf1700fc46a2b2c89fd27b735f?s=96&d=mm&r=g","contentUrl":"https:\/\/secure.gravatar.com\/avatar\/c052a2551a06e23fac63626232eaa90abd78dbcf1700fc46a2b2c89fd27b735f?s=96&d=mm&r=g","caption":"Redacci\u00f3n A Nova Peneira"},"sameAs":["http:\/\/www.anovapeneira.gal\/"],"url":"https:\/\/www.anovapeneira.gal\/index.php\/author\/redactor\/"}]}},"jetpack_featured_media_url":"https:\/\/www.anovapeneira.gal\/wp-content\/uploads\/2022\/07\/adquisicion-novos-desfibriladores.jpeg","_links":{"self":[{"href":"https:\/\/www.anovapeneira.gal\/index.php\/wp-json\/wp\/v2\/posts\/7804","targetHints":{"allow":["GET"]}}],"collection":[{"href":"https:\/\/www.anovapeneira.gal\/index.php\/wp-json\/wp\/v2\/posts"}],"about":[{"href":"https:\/\/www.anovapeneira.gal\/index.php\/wp-json\/wp\/v2\/types\/post"}],"author":[{"embeddable":true,"href":"https:\/\/www.anovapeneira.gal\/index.php\/wp-json\/wp\/v2\/users\/3"}],"replies":[{"embeddable":true,"href":"https:\/\/www.anovapeneira.gal\/index.php\/wp-json\/wp\/v2\/comments?post=7804"}],"version-history":[{"count":2,"href":"https:\/\/www.anovapeneira.gal\/index.php\/wp-json\/wp\/v2\/posts\/7804\/revisions"}],"predecessor-version":[{"id":7833,"href":"https:\/\/www.anovapeneira.gal\/index.php\/wp-json\/wp\/v2\/posts\/7804\/revisions\/7833"}],"wp:featuredmedia":[{"embeddable":true,"href":"https:\/\/www.anovapeneira.gal\/index.php\/wp-json\/wp\/v2\/media\/7831"}],"wp:attachment":[{"href":"https:\/\/www.anovapeneira.gal\/index.php\/wp-json\/wp\/v2\/media?parent=7804"}],"wp:term":[{"taxonomy":"category","embeddable":true,"href":"https:\/\/www.anovapeneira.gal\/index.php\/wp-json\/wp\/v2\/categories?post=7804"},{"taxonomy":"post_tag","embeddable":true,"href":"https:\/\/www.anovapeneira.gal\/index.php\/wp-json\/wp\/v2\/tags?post=7804"}],"curies":[{"name":"wp","href":"https:\/\/api.w.org\/{rel}","templated":true}]}}