{"id":7814,"date":"2022-07-22T10:00:04","date_gmt":"2022-07-22T08:00:04","guid":{"rendered":"https:\/\/www.anovapeneira.gal\/?p=7814"},"modified":"2022-07-15T19:11:28","modified_gmt":"2022-07-15T17:11:28","slug":"felix-juncal-alcalde-de-bueu-3","status":"publish","type":"post","link":"https:\/\/www.anovapeneira.gal\/index.php\/2022\/07\/22\/felix-juncal-alcalde-de-bueu-3\/","title":{"rendered":"F\u00e9lix Juncal, alcalde de Bueu"},"content":{"rendered":"\n<pre class=\"wp-block-verse\"><strong>Marcos Santos e Tino Lago<\/strong><\/pre>\n\n\n\n<p><strong>Despois de 3 maior\u00edas absolutas consecutivas acadadas no 2007, 2011e 2015 o BNG perdeu esta privilexiada situaci\u00f3n nas municipais do 19, pois baixou de 12 a 8 actas. Foi un pacto co \u00fanico concelleiro de ACB o que lle permitiu ao alcalde Juncal conseguir o noveno asento e manter a maior\u00eda de goberno pois a corporaci\u00f3n de Bueu ten 17 asentos. Naquel momento percib\u00edase polas r\u00faas da localidade un estado de opini\u00f3n referente a unha suposta relaxaci\u00f3n do alcalde e o seu goberno. F\u00e9lix sempre negou que esa presunta relaxaci\u00f3n fose real, pero si reco\u00f1ec\u00eda ser consciente da existencia desa corrente de opini\u00f3n e comprometeuse a p\u00f3r todo da s\u00faa parte para tratar de mudala. Hoxe, catro anos despois, parece telo conseguido, polo menos eu despois preguntar a moitos veci\u00f1os e veci\u00f1as, como fai sempre este medio de comunicaci\u00f3n , non a atopei por ningures. En calquera caso vela\u00ed vai o que deu de si a nosa conversa co alcalde de Bueu<\/strong><\/p>\n\n\n\n<p>\u201c<em><strong>En todos estes anos na alcald\u00eda a mi\u00f1a preocupaci\u00f3n sempre foi estar \u00e1 altura, e ser digno do cargo\u201d<\/strong><\/em><\/p>\n\n\n\n<p><strong>Sempre que entrevisto a alg\u00fan alcalde ou alcaldesa te\u00f1o o costume de, o d\u00eda antes, peneirar as redes sociais do principal partido da oposici\u00f3n para co\u00f1ecer cales son os temas m\u00e1is candentes. As\u00ed o fixen co PP de Bueu e chamoume poderosamente a atenci\u00f3n que apenas hai nada de chicha, s\u00f3 tres asuntos concretos que logo comentarei contigo. Est\u00e1 relaxada a oposici\u00f3n?<\/strong><\/p>\n\n\n\n<blockquote class=\"wp-block-quote is-layout-flow wp-block-quote-is-layout-flow\"><p>Eu creo que non. Eles fan o seu traballo e n\u00f3s procuramos facer o noso o mellor posible nun momento extraordinariamente complexo.<\/p><\/blockquote>\n\n\n\n<p><strong>O primeiro dos temas aos que antes me refer\u00eda \u00e9 o da limpeza. Bueu est\u00e1 sucio?<\/strong><\/p>\n\n\n\n<blockquote class=\"wp-block-quote is-layout-flow wp-block-quote-is-layout-flow\"><p>A d\u00eda de hoxe hai un reco\u00f1ecemento inmensamente maioritario de que non \u00e9 as\u00ed. Non, Bueu non est\u00e1 sucio. Si temos detectado alg\u00fan problema referente \u00e1 necesidade de rozar algunhas v\u00edas que curiosamente son de titularidade auton\u00f3mica. Bueu non ten un problema xeral de limpeza. \u00c9 a oposici\u00f3n que trata de desgastar ao goberno cun problema que non existe.<\/p><\/blockquote>\n\n\n\n<p><strong>No pleno de xu\u00f1o o PP presentou unha moci\u00f3n ao respecto da limpeza. Por que votastes en contra?<\/strong><\/p>\n\n\n\n<blockquote class=\"wp-block-quote is-layout-flow wp-block-quote-is-layout-flow\"><p>Por d\u00faas raz\u00f3ns:1) porque entendiamos que a situaci\u00f3n que describe a moci\u00f3n non se correspond\u00eda coa realidade.2) porque cada ano o concello est\u00e1 a dedicar m\u00e1is medios para ter un bo servizo de limpeza.<\/p><\/blockquote>\n\n\n\n<p><strong>En relaci\u00f3n \u00e1s v\u00edas de titularidade auton\u00f3mica, que antes mencionabas, v\u00e9\u00f1enme \u00e1 memoria varios alcaldes e alcaldesas queix\u00e1ndose dunha suposta tendencia da Xunta a eludir as s\u00faas responsabilidades traspasando competencias, que lle son propias, \u00e1 xesti\u00f3n dos concellos. Ti tes tam\u00e9n esa percepci\u00f3n?<\/strong><\/p>\n\n\n\n<blockquote class=\"wp-block-quote is-layout-flow wp-block-quote-is-layout-flow\"><p>Absolutamente si. Por exemplo con toda a \u00e1rea de servizos sociais, que pola lei 27\/2013 \u00e9 unha competencia auton\u00f3mica, o que fai a Xunta mediante unha lei auton\u00f3mica \u00e9 delegar a s\u00faa xesti\u00f3n nos concellos incumprindo a propia lei de base. N\u00f3s vimos asumindo entre un 50 e un 60% do custe do servizo de axuda no fogar. Temos que dispo\u00f1er de m\u00e1is de 260.000 \u20ac s\u00f3 para ese servizo, cando \u00e9 unha competencia auton\u00f3mica que debera financiar ao 100% a Xunta. E hai moitos outros aspectos como os servizos sociais, a xesti\u00f3n da pesca recreativa&#8230;.<\/p><\/blockquote>\n\n\n\n<p><strong>A segunda cuesti\u00f3n \u00e1 que fac\u00eda referencia o PP nas s\u00faas redes \u00e9 o suposto mal estado dos cemiterios municipais. Est\u00e1n en mal estado os cemiterios?<\/strong><\/p>\n\n\n\n<blockquote class=\"wp-block-quote is-layout-flow wp-block-quote-is-layout-flow\"><p>En Bueu hai catro cemiterios ademais do pequeno de Ermelo, e te\u00f1o que reco\u00f1ecer que en ocasi\u00f3ns non est\u00e1n como deben de estar. Eu estiven o 2 de maio e a verdade non quedei nada satisfeito do seu estado. A persoa que temos asignada para limpeza non est\u00e1 cumprindo. Temos un problema de falta persoal que \u00e9 necesario resolver<\/p><\/blockquote>\n\n\n\n<p><strong>E a \u00faltima discrepancia que puiden encontrar nas redes do PP era sobre o modelo de xesti\u00f3n da piscina. Cal \u00e9 a t\u00faa opini\u00f3n?<\/strong><\/p>\n\n\n\n<blockquote class=\"wp-block-quote is-layout-flow wp-block-quote-is-layout-flow\"><p>O PP pasou de ser un negacionista da piscina, a cuestionar \u00e1 s\u00faa situaci\u00f3n e a criticar o seu modelo de xesti\u00f3n. Eles dic\u00edan que o modelo \u00eda supor unha ru\u00edna econ\u00f3mica para o concello e resulta que pechamos o exercicio 2021 con super\u00e1vit e remanente positivo de tesourer\u00eda nun momento extraordinariamente delicado cuns incrementos de custes brutais. A pesar de todo fomos capaces de prestar o servizo da piscina. E te\u00f1o que dicir que estamos a traballar con intensidade para que despois do ver\u00e1n poidamos ter a documentaci\u00f3n definitiva e poder arrincar coa licitaci\u00f3n do contrato de servizos e desenvolver todas as posibilidade que ten ese centro deportivo<\/p><\/blockquote>\n\n\n\n<p><strong>Como est\u00e1 a situaci\u00f3n da veci\u00f1anza de Ons?<\/strong><\/p>\n\n\n\n<blockquote class=\"wp-block-quote is-layout-flow wp-block-quote-is-layout-flow\"><p>O paso do tempo demostrou que aquilo que dic\u00eda a Xunta sobre os seus medos ,ou non sei se escusas, referentes a que a afluencia de xente ao longo de toda a tempada estival superar\u00eda todos os l\u00edmites soportables para a sostibilidade da illa non era certo. A raz\u00f3n t\u00ed\u00f1aa a veci\u00f1anza e o Concello. E aquelo que pretend\u00eda a Xunta de limitar o acceso aos nativos da illa era disparatado. Agora o que queda \u00e9 que se reco\u00f1eza dunha vez o dereito de propiedade aos lex\u00edtimos propietarios das vivendas.<\/p><\/blockquote>\n\n\n\n<p><strong>Agora mesmo os insulares te\u00f1en alg\u00fan tipo de restrici\u00f3n?, ou poden ir \u00e1s s\u00faas vivendas con liberdade?<\/strong><\/p>\n\n\n\n<blockquote class=\"wp-block-quote is-layout-flow wp-block-quote-is-layout-flow\"><p>Poden ir \u00e1s s\u00faas casas con total liberdade.<\/p><\/blockquote>\n\n\n\n<p><strong>As relaci\u00f3ns co Museo Mass\u00f3 est\u00e1n mellor F\u00e9lix?<\/strong><\/p>\n\n\n\n<blockquote class=\"wp-block-quote is-layout-flow wp-block-quote-is-layout-flow\"><p>Son relaci\u00f3ns institucionais de respecto e lealdade. Este museo \u00e9 moi importante para o Concello de Bueu. \u00c9 propiedade da Xunta de Galicia, te\u00f1en un proxecto anunciado de m\u00e1is dun mill\u00f3n de euros para a s\u00faa ampliaci\u00f3n e n\u00f3s cuestionamos a s\u00faa ambici\u00f3n. N\u00f3s ced\u00e9molas parcelas hai uns anos, case 4000 m de terreo para unha ampliaci\u00f3n coa que estabamos m\u00e1is de acordo, onde se recuperaban espazos para poder traer para Bueu pezas que est\u00e1n noutros museos. Cedemos os terreos para unha ampliaci\u00f3n e non queremos renunciar a ela.<\/p><\/blockquote>\n\n\n\n<p><strong>Nas elecci\u00f3ns do 2019, a\u00ednda que conservaches a alcald\u00eda, perdestes unha importante cantidade de votos e a maior\u00eda absoluta. Naquel momento coment\u00e1bache que se percib\u00eda nas r\u00faas de Bueu certa pulsi\u00f3n referente \u00e1 existencia dunha suposta relaxaci\u00f3n do teu Goberno. Dic\u00edasme que non era real, pero que eras consciente da existencia dese estado de opini\u00f3n e que \u00edas tratar de po\u00f1er todo da t\u00faa parte para que desaparecese .Hoxe, 4 anos despois, xa non percibo esa pulsi\u00f3n, xa ningu\u00e9n me fala de que est\u00e1s relaxado. Que pasou?<\/strong><\/p>\n\n\n\n<blockquote class=\"wp-block-quote is-layout-flow wp-block-quote-is-layout-flow\"><p>Cada etapa \u00e9 diferente. Chegamos ao ano 2019 cometendo erros importantes e eu era consciente diso. A\u00ednda que comet\u00e9semos estes erros tampouco era xusta esa percepci\u00f3n da cidadan\u00eda. Reco\u00f1ezo que non asum\u00edn certos riscos durante eses anos para poder desbloquear situaci\u00f3ns de bloqueo e algunha cuesti\u00f3n interna do funcionamento do grupo que foi o que nos fixo perder esta confianza. Consciente de todo iso, tiven que dar un paso \u00e1 fronte e asumir desde o meu convencemento algunhas competencias como a xesti\u00f3n da \u00e1rea de obras e servizos, co risco que isto representa.<\/p><\/blockquote>\n\n\n\n<blockquote class=\"wp-block-quote is-layout-flow wp-block-quote-is-layout-flow\"><p>Podo dicir que a situaci\u00f3n mellorou nestes anos, pero non significa que non haxa problemas. Seguimos tendo necesidades, hai cousas que temos que corrixir e seguir mellorando. A din\u00e1mica e distinta. O alcalde agora ao ser responsable de servizos e obras ten que estar a p\u00e9 de r\u00faa, en contacto coa cidadan\u00eda e non aqu\u00ed encerrado no despacho todo o tempo. Recuperei esa canle m\u00e1is directa e en contacto coa cidadan\u00eda para poder explicarlle o esforzo e o traballo que se realiza.<\/p><\/blockquote>\n\n\n\n<p><strong>Cales son as principais actuaci\u00f3ns que desenvolvestes no concello nestes 3 anos?<\/strong><\/p>\n\n\n\n<blockquote class=\"wp-block-quote is-layout-flow wp-block-quote-is-layout-flow\"><p>Acabamos a rexeneraci\u00f3n urbana de Ermelo, este mes rem\u00e1tase a restauraci\u00f3n na Carpinter\u00eda de Ribeira. Tam\u00e9n fixemos un gran investimento na piscina municipal. Investimento de Mobilidade Urbana na R\u00faa a Pedra. Este ano culm\u00ednase tam\u00e9n, despois de 15 anos de traballo intenso, a recuperaci\u00f3n dos areais de Bueu que alg\u00fans estaban moi deteriorados en canto \u00e1 calidade das s\u00faas augas. A Banda do R\u00edo, este ver\u00e1n poderemos levantar as bandeiras azuis do Concello. Cando cheguei no ano 2007 \u00e1 alcald\u00eda, Bueu qued\u00e1rase sen bandeiras azuis. Poder converter unha praia urbana que practicamente hai 15 anos era unha fosa s\u00e9ptica , a d\u00eda de hoxe poidamos dicir que imos levantar al\u00ed unha bandeira azul este ver\u00e1n, creo que \u00e9 a demostraci\u00f3n dun traballo comprometido co medio ambiente e coa veci\u00f1anza. Podo afirmar que a praia por fin \u00e9 do pobo.<\/p><\/blockquote>\n\n\n\n<p><strong>As relaci\u00f3ns cos teus socios do ACB son correctas?<\/strong><\/p>\n\n\n\n<blockquote class=\"wp-block-quote is-layout-flow wp-block-quote-is-layout-flow\"><p>Absolutamente. Creo que a experiencia mutua \u00e9 excelente. O traballo que se realiza \u00e9 de lealdade total e rec\u00edproca.<\/p><\/blockquote>\n\n\n\n<p><strong>ACB \u00e9 unha escisi\u00f3n do BNG dunha \u00e9poca moi traum\u00e1tica para o nacionalismo en Galicia. Non \u00e9 posible recompo\u00f1er a unidade do nacionalismo en Bueu?.<\/strong><\/p>\n\n\n\n<blockquote class=\"wp-block-quote is-layout-flow wp-block-quote-is-layout-flow\"><p>Saben que eu estar\u00eda encantado. No seu d\u00eda, no ano 2003 dixen que con esta ruptura o concello m\u00e1is prexudicado \u00eda ser Bueu e demostrouse co tempo.<\/p><\/blockquote>\n\n\n\n<p><strong>E ves esta hip\u00f3tese da reunificaci\u00f3n veros\u00edmil?<\/strong><\/p>\n\n\n\n<blockquote class=\"wp-block-quote is-layout-flow wp-block-quote-is-layout-flow\"><p>O que podo dicir \u00e9 que me gustar\u00eda que fose as\u00ed.<\/p><\/blockquote>\n\n\n\n<p><strong>Tes decidido presentarche como candidato \u00e1 alcald\u00eda para as pr\u00f3ximas elecci\u00f3ns do ano 2023?<\/strong><\/p>\n\n\n\n<blockquote class=\"wp-block-quote is-layout-flow wp-block-quote-is-layout-flow\"><p>Tivemos un acto na Praza Mass\u00f3 onde lle trasladamos \u00e1 cidadan\u00eda que o BNG quere po\u00f1er en marcha un novo proxecto onde queremos abrir un tempo novo e transformador para a pr\u00f3xima d\u00e9cada. Despois do ver\u00e1n faremos un debate participativo a nivel social para p\u00f3r en marcha este novo proxecto. Esta decisi\u00f3n vai supo\u00f1er comprometerme a iniciar e protagonizar unha nova etapa e tomei a decisi\u00f3n de volver conversar coa militancia e dar os meus argumentos para poder ser o cabeza de lista, se as\u00ed o deciden os meus compa\u00f1eiros e compa\u00f1eiras.<\/p><\/blockquote>\n\n\n\n<p><strong>Cales son as t\u00faas expectativas, recuperar a maior\u00eda absoluta?<\/strong><\/p>\n\n\n\n<blockquote class=\"wp-block-quote is-layout-flow wp-block-quote-is-layout-flow\"><p>A mi\u00f1a preocupaci\u00f3n sempre foi estar \u00e1 altura do cargo e procuro ser digno cada d\u00eda para o cargo. A mi\u00f1a ambici\u00f3n pol\u00edtica \u00e9 seguir contando co apoio e a confianza da maior\u00eda m\u00e1is ampla posible de veci\u00f1os e veci\u00f1as.<\/p><\/blockquote>\n","protected":false},"excerpt":{"rendered":"<div class=\"mh-excerpt\"><p>Despois de 3 maior\u00edas absolutas consecutivas acadadas no 2007, 2011e 2015 o BNG perdeu esta privilexiada situaci\u00f3n nas municipais do 19, pois baixou de 12 a 8 actas <a class=\"mh-excerpt-more\" href=\"https:\/\/www.anovapeneira.gal\/index.php\/2022\/07\/22\/felix-juncal-alcalde-de-bueu-3\/\" title=\"F\u00e9lix Juncal, alcalde de Bueu\">[&#8230;]<\/a><\/p>\n<\/div>","protected":false},"author":2,"featured_media":7815,"comment_status":"open","ping_status":"open","sticky":false,"template":"","format":"standard","meta":{"_exactmetrics_skip_tracking":false,"_exactmetrics_sitenote_active":false,"_exactmetrics_sitenote_note":"","_exactmetrics_sitenote_category":0,"footnotes":""},"categories":[268],"tags":[1318],"class_list":{"0":"post-7814","1":"post","2":"type-post","3":"status-publish","4":"format-standard","5":"has-post-thumbnail","7":"category-morrazo-entrevistas","8":"tag-concello-de-bue"},"yoast_head":"<!-- This site is optimized with the Yoast SEO plugin v27.4 - https:\/\/yoast.com\/product\/yoast-seo-wordpress\/ -->\n<title>F\u00e9lix Juncal, alcalde de Bueu -<\/title>\n<meta name=\"description\" content=\"Despois de 3 maior\u00edas absolutas consecutivas acadadas no 2007, 2011e 2015 o BNG perdeu esta privilexiada situaci\u00f3n nas municipais do 19, pois baixou de 12 a 8 actas\" \/>\n<meta name=\"robots\" content=\"index, follow, max-snippet:-1, max-image-preview:large, max-video-preview:-1\" \/>\n<link rel=\"canonical\" href=\"https:\/\/www.anovapeneira.gal\/index.php\/2022\/07\/22\/felix-juncal-alcalde-de-bueu-3\/\" \/>\n<meta property=\"og:locale\" content=\"gl_ES\" \/>\n<meta property=\"og:type\" content=\"article\" \/>\n<meta property=\"og:title\" content=\"F\u00e9lix Juncal, alcalde de Bueu -\" \/>\n<meta property=\"og:description\" content=\"Despois de 3 maior\u00edas absolutas consecutivas acadadas no 2007, 2011e 2015 o BNG perdeu esta privilexiada situaci\u00f3n nas municipais do 19, pois baixou de 12 a 8 actas\" \/>\n<meta property=\"og:url\" content=\"https:\/\/www.anovapeneira.gal\/index.php\/2022\/07\/22\/felix-juncal-alcalde-de-bueu-3\/\" \/>\n<meta property=\"article:publisher\" content=\"https:\/\/www.facebook.com\/anovapeneira\" \/>\n<meta property=\"article:published_time\" content=\"2022-07-22T08:00:04+00:00\" \/>\n<meta property=\"og:image\" content=\"https:\/\/www.anovapeneira.gal\/wp-content\/uploads\/2022\/07\/alcalde_de_bueu.jpg\" \/>\n\t<meta property=\"og:image:width\" content=\"1500\" \/>\n\t<meta property=\"og:image:height\" content=\"790\" \/>\n\t<meta property=\"og:image:type\" content=\"image\/jpeg\" \/>\n<meta name=\"author\" content=\"Tino Lago\" \/>\n<meta name=\"twitter:card\" content=\"summary_large_image\" \/>\n<meta name=\"twitter:creator\" content=\"@APeneira\" \/>\n<meta name=\"twitter:site\" content=\"@APeneira\" \/>\n<meta name=\"twitter:label1\" content=\"Escrito por\" \/>\n\t<meta name=\"twitter:data1\" content=\"Tino Lago\" \/>\n\t<meta name=\"twitter:label2\" content=\"Tempo de lectura\" \/>\n\t<meta name=\"twitter:data2\" content=\"9 minutos\" \/>\n<script type=\"application\/ld+json\" class=\"yoast-schema-graph\">{\"@context\":\"https:\\\/\\\/schema.org\",\"@graph\":[{\"@type\":\"Article\",\"@id\":\"https:\\\/\\\/www.anovapeneira.gal\\\/index.php\\\/2022\\\/07\\\/22\\\/felix-juncal-alcalde-de-bueu-3\\\/#article\",\"isPartOf\":{\"@id\":\"https:\\\/\\\/www.anovapeneira.gal\\\/index.php\\\/2022\\\/07\\\/22\\\/felix-juncal-alcalde-de-bueu-3\\\/\"},\"author\":{\"name\":\"Tino Lago\",\"@id\":\"https:\\\/\\\/www.anovapeneira.gal\\\/#\\\/schema\\\/person\\\/424dfe65e3070fd8a44d22d2c088762a\"},\"headline\":\"F\u00e9lix Juncal, alcalde de Bueu\",\"datePublished\":\"2022-07-22T08:00:04+00:00\",\"mainEntityOfPage\":{\"@id\":\"https:\\\/\\\/www.anovapeneira.gal\\\/index.php\\\/2022\\\/07\\\/22\\\/felix-juncal-alcalde-de-bueu-3\\\/\"},\"wordCount\":1790,\"commentCount\":0,\"publisher\":{\"@id\":\"https:\\\/\\\/www.anovapeneira.gal\\\/#organization\"},\"image\":{\"@id\":\"https:\\\/\\\/www.anovapeneira.gal\\\/index.php\\\/2022\\\/07\\\/22\\\/felix-juncal-alcalde-de-bueu-3\\\/#primaryimage\"},\"thumbnailUrl\":\"https:\\\/\\\/www.anovapeneira.gal\\\/wp-content\\\/uploads\\\/2022\\\/07\\\/alcalde_de_bueu.jpg\",\"keywords\":[\"Concello de Bue\"],\"articleSection\":[\"Morrazo\"],\"inLanguage\":\"gl-ES\",\"potentialAction\":[{\"@type\":\"CommentAction\",\"name\":\"Comment\",\"target\":[\"https:\\\/\\\/www.anovapeneira.gal\\\/index.php\\\/2022\\\/07\\\/22\\\/felix-juncal-alcalde-de-bueu-3\\\/#respond\"]}]},{\"@type\":\"WebPage\",\"@id\":\"https:\\\/\\\/www.anovapeneira.gal\\\/index.php\\\/2022\\\/07\\\/22\\\/felix-juncal-alcalde-de-bueu-3\\\/\",\"url\":\"https:\\\/\\\/www.anovapeneira.gal\\\/index.php\\\/2022\\\/07\\\/22\\\/felix-juncal-alcalde-de-bueu-3\\\/\",\"name\":\"F\u00e9lix Juncal, alcalde de Bueu -\",\"isPartOf\":{\"@id\":\"https:\\\/\\\/www.anovapeneira.gal\\\/#website\"},\"primaryImageOfPage\":{\"@id\":\"https:\\\/\\\/www.anovapeneira.gal\\\/index.php\\\/2022\\\/07\\\/22\\\/felix-juncal-alcalde-de-bueu-3\\\/#primaryimage\"},\"image\":{\"@id\":\"https:\\\/\\\/www.anovapeneira.gal\\\/index.php\\\/2022\\\/07\\\/22\\\/felix-juncal-alcalde-de-bueu-3\\\/#primaryimage\"},\"thumbnailUrl\":\"https:\\\/\\\/www.anovapeneira.gal\\\/wp-content\\\/uploads\\\/2022\\\/07\\\/alcalde_de_bueu.jpg\",\"datePublished\":\"2022-07-22T08:00:04+00:00\",\"description\":\"Despois de 3 maior\u00edas absolutas consecutivas acadadas no 2007, 2011e 2015 o BNG perdeu esta privilexiada situaci\u00f3n nas municipais do 19, pois baixou de 12 a 8 actas\",\"breadcrumb\":{\"@id\":\"https:\\\/\\\/www.anovapeneira.gal\\\/index.php\\\/2022\\\/07\\\/22\\\/felix-juncal-alcalde-de-bueu-3\\\/#breadcrumb\"},\"inLanguage\":\"gl-ES\",\"potentialAction\":[{\"@type\":\"ReadAction\",\"target\":[\"https:\\\/\\\/www.anovapeneira.gal\\\/index.php\\\/2022\\\/07\\\/22\\\/felix-juncal-alcalde-de-bueu-3\\\/\"]}]},{\"@type\":\"ImageObject\",\"inLanguage\":\"gl-ES\",\"@id\":\"https:\\\/\\\/www.anovapeneira.gal\\\/index.php\\\/2022\\\/07\\\/22\\\/felix-juncal-alcalde-de-bueu-3\\\/#primaryimage\",\"url\":\"https:\\\/\\\/www.anovapeneira.gal\\\/wp-content\\\/uploads\\\/2022\\\/07\\\/alcalde_de_bueu.jpg\",\"contentUrl\":\"https:\\\/\\\/www.anovapeneira.gal\\\/wp-content\\\/uploads\\\/2022\\\/07\\\/alcalde_de_bueu.jpg\",\"width\":1500,\"height\":790,\"caption\":\"Alcalde de Bueu\"},{\"@type\":\"BreadcrumbList\",\"@id\":\"https:\\\/\\\/www.anovapeneira.gal\\\/index.php\\\/2022\\\/07\\\/22\\\/felix-juncal-alcalde-de-bueu-3\\\/#breadcrumb\",\"itemListElement\":[{\"@type\":\"ListItem\",\"position\":1,\"name\":\"Portada\",\"item\":\"https:\\\/\\\/www.anovapeneira.gal\\\/\"},{\"@type\":\"ListItem\",\"position\":2,\"name\":\"F\u00e9lix Juncal, alcalde de Bueu\"}]},{\"@type\":\"WebSite\",\"@id\":\"https:\\\/\\\/www.anovapeneira.gal\\\/#website\",\"url\":\"https:\\\/\\\/www.anovapeneira.gal\\\/\",\"name\":\"\",\"description\":\"Xornal galego de informaci\u00f3n xeral Publicaci\u00f3n mensual de novas de Galicia e en especial dos Concellos da sur da provincia de Pontevedra.\",\"publisher\":{\"@id\":\"https:\\\/\\\/www.anovapeneira.gal\\\/#organization\"},\"potentialAction\":[{\"@type\":\"SearchAction\",\"target\":{\"@type\":\"EntryPoint\",\"urlTemplate\":\"https:\\\/\\\/www.anovapeneira.gal\\\/?s={search_term_string}\"},\"query-input\":{\"@type\":\"PropertyValueSpecification\",\"valueRequired\":true,\"valueName\":\"search_term_string\"}}],\"inLanguage\":\"gl-ES\"},{\"@type\":\"Organization\",\"@id\":\"https:\\\/\\\/www.anovapeneira.gal\\\/#organization\",\"name\":\"A Nova Peneira\",\"url\":\"https:\\\/\\\/www.anovapeneira.gal\\\/\",\"logo\":{\"@type\":\"ImageObject\",\"inLanguage\":\"gl-ES\",\"@id\":\"https:\\\/\\\/www.anovapeneira.gal\\\/#\\\/schema\\\/logo\\\/image\\\/\",\"url\":\"http:\\\/\\\/www.anovapeneira.gal\\\/wp-content\\\/uploads\\\/2019\\\/06\\\/logo_a_nova_peneira_portal_web.png\",\"contentUrl\":\"http:\\\/\\\/www.anovapeneira.gal\\\/wp-content\\\/uploads\\\/2019\\\/06\\\/logo_a_nova_peneira_portal_web.png\",\"width\":300,\"height\":100,\"caption\":\"A Nova Peneira\"},\"image\":{\"@id\":\"https:\\\/\\\/www.anovapeneira.gal\\\/#\\\/schema\\\/logo\\\/image\\\/\"},\"sameAs\":[\"https:\\\/\\\/www.facebook.com\\\/anovapeneira\",\"https:\\\/\\\/x.com\\\/APeneira\"]},{\"@type\":\"Person\",\"@id\":\"https:\\\/\\\/www.anovapeneira.gal\\\/#\\\/schema\\\/person\\\/424dfe65e3070fd8a44d22d2c088762a\",\"name\":\"Tino Lago\",\"image\":{\"@type\":\"ImageObject\",\"inLanguage\":\"gl-ES\",\"@id\":\"https:\\\/\\\/secure.gravatar.com\\\/avatar\\\/b3df6a06e44bab3111583b90f0f33a0379ee5e3d22cbadd232d39f21c30c62be?s=96&d=mm&r=g\",\"url\":\"https:\\\/\\\/secure.gravatar.com\\\/avatar\\\/b3df6a06e44bab3111583b90f0f33a0379ee5e3d22cbadd232d39f21c30c62be?s=96&d=mm&r=g\",\"contentUrl\":\"https:\\\/\\\/secure.gravatar.com\\\/avatar\\\/b3df6a06e44bab3111583b90f0f33a0379ee5e3d22cbadd232d39f21c30c62be?s=96&d=mm&r=g\",\"caption\":\"Tino Lago\"},\"sameAs\":[\"http:\\\/\\\/www.anovapeneira.gal\"],\"url\":\"https:\\\/\\\/www.anovapeneira.gal\\\/index.php\\\/author\\\/director\\\/\"}]}<\/script>\n<!-- \/ Yoast SEO plugin. -->","yoast_head_json":{"title":"F\u00e9lix Juncal, alcalde de Bueu -","description":"Despois de 3 maior\u00edas absolutas consecutivas acadadas no 2007, 2011e 2015 o BNG perdeu esta privilexiada situaci\u00f3n nas municipais do 19, pois baixou de 12 a 8 actas","robots":{"index":"index","follow":"follow","max-snippet":"max-snippet:-1","max-image-preview":"max-image-preview:large","max-video-preview":"max-video-preview:-1"},"canonical":"https:\/\/www.anovapeneira.gal\/index.php\/2022\/07\/22\/felix-juncal-alcalde-de-bueu-3\/","og_locale":"gl_ES","og_type":"article","og_title":"F\u00e9lix Juncal, alcalde de Bueu -","og_description":"Despois de 3 maior\u00edas absolutas consecutivas acadadas no 2007, 2011e 2015 o BNG perdeu esta privilexiada situaci\u00f3n nas municipais do 19, pois baixou de 12 a 8 actas","og_url":"https:\/\/www.anovapeneira.gal\/index.php\/2022\/07\/22\/felix-juncal-alcalde-de-bueu-3\/","article_publisher":"https:\/\/www.facebook.com\/anovapeneira","article_published_time":"2022-07-22T08:00:04+00:00","og_image":[{"width":1500,"height":790,"url":"https:\/\/www.anovapeneira.gal\/wp-content\/uploads\/2022\/07\/alcalde_de_bueu.jpg","type":"image\/jpeg"}],"author":"Tino Lago","twitter_card":"summary_large_image","twitter_creator":"@APeneira","twitter_site":"@APeneira","twitter_misc":{"Escrito por":"Tino Lago","Tempo de lectura":"9 minutos"},"schema":{"@context":"https:\/\/schema.org","@graph":[{"@type":"Article","@id":"https:\/\/www.anovapeneira.gal\/index.php\/2022\/07\/22\/felix-juncal-alcalde-de-bueu-3\/#article","isPartOf":{"@id":"https:\/\/www.anovapeneira.gal\/index.php\/2022\/07\/22\/felix-juncal-alcalde-de-bueu-3\/"},"author":{"name":"Tino Lago","@id":"https:\/\/www.anovapeneira.gal\/#\/schema\/person\/424dfe65e3070fd8a44d22d2c088762a"},"headline":"F\u00e9lix Juncal, alcalde de Bueu","datePublished":"2022-07-22T08:00:04+00:00","mainEntityOfPage":{"@id":"https:\/\/www.anovapeneira.gal\/index.php\/2022\/07\/22\/felix-juncal-alcalde-de-bueu-3\/"},"wordCount":1790,"commentCount":0,"publisher":{"@id":"https:\/\/www.anovapeneira.gal\/#organization"},"image":{"@id":"https:\/\/www.anovapeneira.gal\/index.php\/2022\/07\/22\/felix-juncal-alcalde-de-bueu-3\/#primaryimage"},"thumbnailUrl":"https:\/\/www.anovapeneira.gal\/wp-content\/uploads\/2022\/07\/alcalde_de_bueu.jpg","keywords":["Concello de Bue"],"articleSection":["Morrazo"],"inLanguage":"gl-ES","potentialAction":[{"@type":"CommentAction","name":"Comment","target":["https:\/\/www.anovapeneira.gal\/index.php\/2022\/07\/22\/felix-juncal-alcalde-de-bueu-3\/#respond"]}]},{"@type":"WebPage","@id":"https:\/\/www.anovapeneira.gal\/index.php\/2022\/07\/22\/felix-juncal-alcalde-de-bueu-3\/","url":"https:\/\/www.anovapeneira.gal\/index.php\/2022\/07\/22\/felix-juncal-alcalde-de-bueu-3\/","name":"F\u00e9lix Juncal, alcalde de Bueu -","isPartOf":{"@id":"https:\/\/www.anovapeneira.gal\/#website"},"primaryImageOfPage":{"@id":"https:\/\/www.anovapeneira.gal\/index.php\/2022\/07\/22\/felix-juncal-alcalde-de-bueu-3\/#primaryimage"},"image":{"@id":"https:\/\/www.anovapeneira.gal\/index.php\/2022\/07\/22\/felix-juncal-alcalde-de-bueu-3\/#primaryimage"},"thumbnailUrl":"https:\/\/www.anovapeneira.gal\/wp-content\/uploads\/2022\/07\/alcalde_de_bueu.jpg","datePublished":"2022-07-22T08:00:04+00:00","description":"Despois de 3 maior\u00edas absolutas consecutivas acadadas no 2007, 2011e 2015 o BNG perdeu esta privilexiada situaci\u00f3n nas municipais do 19, pois baixou de 12 a 8 actas","breadcrumb":{"@id":"https:\/\/www.anovapeneira.gal\/index.php\/2022\/07\/22\/felix-juncal-alcalde-de-bueu-3\/#breadcrumb"},"inLanguage":"gl-ES","potentialAction":[{"@type":"ReadAction","target":["https:\/\/www.anovapeneira.gal\/index.php\/2022\/07\/22\/felix-juncal-alcalde-de-bueu-3\/"]}]},{"@type":"ImageObject","inLanguage":"gl-ES","@id":"https:\/\/www.anovapeneira.gal\/index.php\/2022\/07\/22\/felix-juncal-alcalde-de-bueu-3\/#primaryimage","url":"https:\/\/www.anovapeneira.gal\/wp-content\/uploads\/2022\/07\/alcalde_de_bueu.jpg","contentUrl":"https:\/\/www.anovapeneira.gal\/wp-content\/uploads\/2022\/07\/alcalde_de_bueu.jpg","width":1500,"height":790,"caption":"Alcalde de Bueu"},{"@type":"BreadcrumbList","@id":"https:\/\/www.anovapeneira.gal\/index.php\/2022\/07\/22\/felix-juncal-alcalde-de-bueu-3\/#breadcrumb","itemListElement":[{"@type":"ListItem","position":1,"name":"Portada","item":"https:\/\/www.anovapeneira.gal\/"},{"@type":"ListItem","position":2,"name":"F\u00e9lix Juncal, alcalde de Bueu"}]},{"@type":"WebSite","@id":"https:\/\/www.anovapeneira.gal\/#website","url":"https:\/\/www.anovapeneira.gal\/","name":"","description":"Xornal galego de informaci\u00f3n xeral Publicaci\u00f3n mensual de novas de Galicia e en especial dos Concellos da sur da provincia de Pontevedra.","publisher":{"@id":"https:\/\/www.anovapeneira.gal\/#organization"},"potentialAction":[{"@type":"SearchAction","target":{"@type":"EntryPoint","urlTemplate":"https:\/\/www.anovapeneira.gal\/?s={search_term_string}"},"query-input":{"@type":"PropertyValueSpecification","valueRequired":true,"valueName":"search_term_string"}}],"inLanguage":"gl-ES"},{"@type":"Organization","@id":"https:\/\/www.anovapeneira.gal\/#organization","name":"A Nova Peneira","url":"https:\/\/www.anovapeneira.gal\/","logo":{"@type":"ImageObject","inLanguage":"gl-ES","@id":"https:\/\/www.anovapeneira.gal\/#\/schema\/logo\/image\/","url":"http:\/\/www.anovapeneira.gal\/wp-content\/uploads\/2019\/06\/logo_a_nova_peneira_portal_web.png","contentUrl":"http:\/\/www.anovapeneira.gal\/wp-content\/uploads\/2019\/06\/logo_a_nova_peneira_portal_web.png","width":300,"height":100,"caption":"A Nova Peneira"},"image":{"@id":"https:\/\/www.anovapeneira.gal\/#\/schema\/logo\/image\/"},"sameAs":["https:\/\/www.facebook.com\/anovapeneira","https:\/\/x.com\/APeneira"]},{"@type":"Person","@id":"https:\/\/www.anovapeneira.gal\/#\/schema\/person\/424dfe65e3070fd8a44d22d2c088762a","name":"Tino Lago","image":{"@type":"ImageObject","inLanguage":"gl-ES","@id":"https:\/\/secure.gravatar.com\/avatar\/b3df6a06e44bab3111583b90f0f33a0379ee5e3d22cbadd232d39f21c30c62be?s=96&d=mm&r=g","url":"https:\/\/secure.gravatar.com\/avatar\/b3df6a06e44bab3111583b90f0f33a0379ee5e3d22cbadd232d39f21c30c62be?s=96&d=mm&r=g","contentUrl":"https:\/\/secure.gravatar.com\/avatar\/b3df6a06e44bab3111583b90f0f33a0379ee5e3d22cbadd232d39f21c30c62be?s=96&d=mm&r=g","caption":"Tino Lago"},"sameAs":["http:\/\/www.anovapeneira.gal"],"url":"https:\/\/www.anovapeneira.gal\/index.php\/author\/director\/"}]}},"jetpack_featured_media_url":"https:\/\/www.anovapeneira.gal\/wp-content\/uploads\/2022\/07\/alcalde_de_bueu.jpg","_links":{"self":[{"href":"https:\/\/www.anovapeneira.gal\/index.php\/wp-json\/wp\/v2\/posts\/7814","targetHints":{"allow":["GET"]}}],"collection":[{"href":"https:\/\/www.anovapeneira.gal\/index.php\/wp-json\/wp\/v2\/posts"}],"about":[{"href":"https:\/\/www.anovapeneira.gal\/index.php\/wp-json\/wp\/v2\/types\/post"}],"author":[{"embeddable":true,"href":"https:\/\/www.anovapeneira.gal\/index.php\/wp-json\/wp\/v2\/users\/2"}],"replies":[{"embeddable":true,"href":"https:\/\/www.anovapeneira.gal\/index.php\/wp-json\/wp\/v2\/comments?post=7814"}],"version-history":[{"count":1,"href":"https:\/\/www.anovapeneira.gal\/index.php\/wp-json\/wp\/v2\/posts\/7814\/revisions"}],"predecessor-version":[{"id":7816,"href":"https:\/\/www.anovapeneira.gal\/index.php\/wp-json\/wp\/v2\/posts\/7814\/revisions\/7816"}],"wp:featuredmedia":[{"embeddable":true,"href":"https:\/\/www.anovapeneira.gal\/index.php\/wp-json\/wp\/v2\/media\/7815"}],"wp:attachment":[{"href":"https:\/\/www.anovapeneira.gal\/index.php\/wp-json\/wp\/v2\/media?parent=7814"}],"wp:term":[{"taxonomy":"category","embeddable":true,"href":"https:\/\/www.anovapeneira.gal\/index.php\/wp-json\/wp\/v2\/categories?post=7814"},{"taxonomy":"post_tag","embeddable":true,"href":"https:\/\/www.anovapeneira.gal\/index.php\/wp-json\/wp\/v2\/tags?post=7814"}],"curies":[{"name":"wp","href":"https:\/\/api.w.org\/{rel}","templated":true}]}}