{"id":7817,"date":"2022-07-22T12:00:06","date_gmt":"2022-07-22T10:00:06","guid":{"rendered":"https:\/\/www.anovapeneira.gal\/?p=7817"},"modified":"2022-07-15T20:02:21","modified_gmt":"2022-07-15T18:02:21","slug":"a-patria-non-e-unha-bandeira","status":"publish","type":"post","link":"https:\/\/www.anovapeneira.gal\/index.php\/2022\/07\/22\/a-patria-non-e-unha-bandeira\/","title":{"rendered":"A patria non \u00e9 unha bandeira"},"content":{"rendered":"\n<pre class=\"wp-block-verse\">Gustavo Barcia Seijo<\/pre>\n\n\n\n<pre class=\"wp-block-verse\">Portavoz Municipal do BNG de Mos<\/pre>\n\n\n\n<p>O 25 de xullo \u00e9 o d\u00eda da patria galega, haber\u00e1 moitas bandeiras de Galiza, cantarase o himno e lanzaranse grandes diatribas e discursos enxalzando \u00e1 nosa terra. Hai quen pensa que a patria, ou matria, \u00e9 iso: ondear moi forte unha tela, po\u00f1er a man no peito cantando e berrar moi forte o amor patrio. Nada m\u00e1is lonxe da realidade, a patria \u00e9 a nosa lingua, a cultura, a historia, a tradici\u00f3n e sobre todo a xente que vive nunha terra \u00e1 que se sinte unida. Todo iso pode representalo unha bandeira e un himno? Por suposto, pero iso tam\u00e9n pode ser empregado para o cinismo e a hipocris\u00eda. O Partido Popular de Galicia soe axitar moi forte a bandeira galega e po\u00f1er a man no peito cando soan as verbas de Pondal, ata reivindican ao bo e xeneroso de Castelao e todo iso faino mentres ataca a nosa lingua, despreza a nosa cultura e desleixa ao pobo que di defender. Por iso a patria non se fai nin se defende cunha bandeira ou un himno se non co respecto a un pobo e as expresi\u00f3ns que del nacen e iso \u00e9 algo que os imb\u00e9ciles e escuros nunca entender\u00e1n.<\/p>\n\n\n\n<p>O 13 de xu\u00f1o \u00e9 o D\u00eda da Rosa, a festa grande do concello de Mos, podemos dicir que \u00e9 o d\u00eda da patria mosense. Para ese d\u00eda o Partido Popular fixo un despregue de bandeiras, himnos e golpes de peito.<\/p>\n\n\n\n<p>Nos \u00faltimos anos o goberno do Partido Popular de Mos aprobou a creaci\u00f3n dunha bandeira para o concello, a adopci\u00f3n dun himno e este ano po\u00f1erlle unha letra a ese himno, sen esquecer da creaci\u00f3n do lema SomosMos que inunda todas a publicaci\u00f3ns e actos municipais. Unha bandeira, un escudo, un himno son s\u00edmbolos, neste caso de Mos. Pero o que noutros lados \u00e9 un proceso longo e que emana da tradici\u00f3n e o popular no caso de Mos \u00e9 unha construci\u00f3n artificiosa e que busca a propaganda non a representaci\u00f3n dun pobo.<\/p>\n\n\n\n<p>Po\u00f1er carteis SomosMos nas rotondas do concello, rematar todos os discursos berrando Somos Mos, como se un grito de guerra se tratase, envolverse todo o tempo nunha bandeira e finxir emoci\u00f3n ao cantar o himno o \u00fanico que demostra e que non existen ideas nin proxecto de concello.<\/p>\n\n\n\n<p>O PP de Mos necesita unha enorme bandeira para taparse e que non e vexa que detr\u00e1s desa tela non existe ning\u00fan proxecto de concello, o PP de Mos necesita finxir emoci\u00f3n ao cantar o himno pois non lle preocupa nada mais que manterse no poder a toda costa, o PP de Mos necesita berrar Somos Mos para non escoitar o que a veci\u00f1anza pide e necesita.<\/p>\n\n\n\n<p>A veci\u00f1anza de Mos nin quere nin necesita unha bandeira, nin un himno que louve a nosa terra, tampouco enormes carteis que digan Somos Mos, necesita que se apoie \u00e1 cultura, agarimar as nosas tradici\u00f3ns, que se respecte a nosa lingua e crear un futuro con calidade de vida e dignidade. O PP non pode ofrecer nada diso por iso axita bandeiras, berra himnos e coloca carteis.<\/p>\n","protected":false},"excerpt":{"rendered":"<div class=\"mh-excerpt\"><p>O 25 de xullo \u00e9 o d\u00eda da patria galega, haber\u00e1 moitas bandeiras de Galiza, cantarase o himno e lanzaranse grandes diatribas e discursos enxalzando \u00e1 nosa terra <a class=\"mh-excerpt-more\" href=\"https:\/\/www.anovapeneira.gal\/index.php\/2022\/07\/22\/a-patria-non-e-unha-bandeira\/\" title=\"A patria non \u00e9 unha bandeira\">[&#8230;]<\/a><\/p>\n<\/div>","protected":false},"author":12,"featured_media":4602,"comment_status":"open","ping_status":"open","sticky":false,"template":"","format":"standard","meta":{"_exactmetrics_skip_tracking":false,"_exactmetrics_sitenote_active":false,"_exactmetrics_sitenote_note":"","_exactmetrics_sitenote_category":0,"footnotes":""},"categories":[7],"tags":[],"class_list":{"0":"post-7817","1":"post","2":"type-post","3":"status-publish","4":"format-standard","5":"has-post-thumbnail","7":"category-artigos-de-opinion"},"yoast_head":"<!-- This site is optimized with the Yoast SEO plugin v27.4 - https:\/\/yoast.com\/product\/yoast-seo-wordpress\/ -->\n<title>A patria non \u00e9 unha bandeira -<\/title>\n<meta name=\"description\" content=\"O 25 de xullo \u00e9 o d\u00eda da patria galega, haber\u00e1 moitas bandeiras de Galiza, cantarase o himno e lanzaranse grandes diatribas e discursos enxalzando \u00e1 nosa terra\" \/>\n<meta name=\"robots\" content=\"index, follow, max-snippet:-1, max-image-preview:large, max-video-preview:-1\" \/>\n<link rel=\"canonical\" href=\"https:\/\/www.anovapeneira.gal\/index.php\/2022\/07\/22\/a-patria-non-e-unha-bandeira\/\" \/>\n<meta property=\"og:locale\" content=\"gl_ES\" \/>\n<meta property=\"og:type\" content=\"article\" \/>\n<meta property=\"og:title\" content=\"A patria non \u00e9 unha bandeira -\" \/>\n<meta property=\"og:description\" content=\"O 25 de xullo \u00e9 o d\u00eda da patria galega, haber\u00e1 moitas bandeiras de Galiza, cantarase o himno e lanzaranse grandes diatribas e discursos enxalzando \u00e1 nosa terra\" \/>\n<meta property=\"og:url\" content=\"https:\/\/www.anovapeneira.gal\/index.php\/2022\/07\/22\/a-patria-non-e-unha-bandeira\/\" \/>\n<meta property=\"article:publisher\" content=\"https:\/\/www.facebook.com\/anovapeneira\" \/>\n<meta property=\"article:published_time\" content=\"2022-07-22T10:00:06+00:00\" \/>\n<meta property=\"og:image\" content=\"https:\/\/www.anovapeneira.gal\/wp-content\/uploads\/2020\/12\/Gustavo_Barcia_BNG_Mos_2020.jpg\" \/>\n\t<meta property=\"og:image:width\" content=\"720\" \/>\n\t<meta property=\"og:image:height\" content=\"432\" \/>\n\t<meta property=\"og:image:type\" content=\"image\/jpeg\" \/>\n<meta name=\"author\" content=\"Artigos Opini\u00f3n\" \/>\n<meta name=\"twitter:card\" content=\"summary_large_image\" \/>\n<meta name=\"twitter:creator\" content=\"@APeneira\" \/>\n<meta name=\"twitter:site\" content=\"@APeneira\" \/>\n<meta name=\"twitter:label1\" content=\"Escrito por\" \/>\n\t<meta name=\"twitter:data1\" content=\"Artigos Opini\u00f3n\" \/>\n\t<meta name=\"twitter:label2\" content=\"Tempo de lectura\" \/>\n\t<meta name=\"twitter:data2\" content=\"3 minutos\" \/>\n<script type=\"application\/ld+json\" class=\"yoast-schema-graph\">{\"@context\":\"https:\\\/\\\/schema.org\",\"@graph\":[{\"@type\":\"Article\",\"@id\":\"https:\\\/\\\/www.anovapeneira.gal\\\/index.php\\\/2022\\\/07\\\/22\\\/a-patria-non-e-unha-bandeira\\\/#article\",\"isPartOf\":{\"@id\":\"https:\\\/\\\/www.anovapeneira.gal\\\/index.php\\\/2022\\\/07\\\/22\\\/a-patria-non-e-unha-bandeira\\\/\"},\"author\":{\"name\":\"Artigos Opini\u00f3n\",\"@id\":\"https:\\\/\\\/www.anovapeneira.gal\\\/#\\\/schema\\\/person\\\/f18a4feb302e8f20bcef4490b5b60bb3\"},\"headline\":\"A patria non \u00e9 unha bandeira\",\"datePublished\":\"2022-07-22T10:00:06+00:00\",\"mainEntityOfPage\":{\"@id\":\"https:\\\/\\\/www.anovapeneira.gal\\\/index.php\\\/2022\\\/07\\\/22\\\/a-patria-non-e-unha-bandeira\\\/\"},\"wordCount\":540,\"commentCount\":0,\"publisher\":{\"@id\":\"https:\\\/\\\/www.anovapeneira.gal\\\/#organization\"},\"image\":{\"@id\":\"https:\\\/\\\/www.anovapeneira.gal\\\/index.php\\\/2022\\\/07\\\/22\\\/a-patria-non-e-unha-bandeira\\\/#primaryimage\"},\"thumbnailUrl\":\"https:\\\/\\\/www.anovapeneira.gal\\\/wp-content\\\/uploads\\\/2020\\\/12\\\/Gustavo_Barcia_BNG_Mos_2020.jpg\",\"articleSection\":[\"Artigos de opini\u00f3n\"],\"inLanguage\":\"gl-ES\",\"potentialAction\":[{\"@type\":\"CommentAction\",\"name\":\"Comment\",\"target\":[\"https:\\\/\\\/www.anovapeneira.gal\\\/index.php\\\/2022\\\/07\\\/22\\\/a-patria-non-e-unha-bandeira\\\/#respond\"]}]},{\"@type\":\"WebPage\",\"@id\":\"https:\\\/\\\/www.anovapeneira.gal\\\/index.php\\\/2022\\\/07\\\/22\\\/a-patria-non-e-unha-bandeira\\\/\",\"url\":\"https:\\\/\\\/www.anovapeneira.gal\\\/index.php\\\/2022\\\/07\\\/22\\\/a-patria-non-e-unha-bandeira\\\/\",\"name\":\"A patria non \u00e9 unha bandeira -\",\"isPartOf\":{\"@id\":\"https:\\\/\\\/www.anovapeneira.gal\\\/#website\"},\"primaryImageOfPage\":{\"@id\":\"https:\\\/\\\/www.anovapeneira.gal\\\/index.php\\\/2022\\\/07\\\/22\\\/a-patria-non-e-unha-bandeira\\\/#primaryimage\"},\"image\":{\"@id\":\"https:\\\/\\\/www.anovapeneira.gal\\\/index.php\\\/2022\\\/07\\\/22\\\/a-patria-non-e-unha-bandeira\\\/#primaryimage\"},\"thumbnailUrl\":\"https:\\\/\\\/www.anovapeneira.gal\\\/wp-content\\\/uploads\\\/2020\\\/12\\\/Gustavo_Barcia_BNG_Mos_2020.jpg\",\"datePublished\":\"2022-07-22T10:00:06+00:00\",\"description\":\"O 25 de xullo \u00e9 o d\u00eda da patria galega, haber\u00e1 moitas bandeiras de Galiza, cantarase o himno e lanzaranse grandes diatribas e discursos enxalzando \u00e1 nosa terra\",\"breadcrumb\":{\"@id\":\"https:\\\/\\\/www.anovapeneira.gal\\\/index.php\\\/2022\\\/07\\\/22\\\/a-patria-non-e-unha-bandeira\\\/#breadcrumb\"},\"inLanguage\":\"gl-ES\",\"potentialAction\":[{\"@type\":\"ReadAction\",\"target\":[\"https:\\\/\\\/www.anovapeneira.gal\\\/index.php\\\/2022\\\/07\\\/22\\\/a-patria-non-e-unha-bandeira\\\/\"]}]},{\"@type\":\"ImageObject\",\"inLanguage\":\"gl-ES\",\"@id\":\"https:\\\/\\\/www.anovapeneira.gal\\\/index.php\\\/2022\\\/07\\\/22\\\/a-patria-non-e-unha-bandeira\\\/#primaryimage\",\"url\":\"https:\\\/\\\/www.anovapeneira.gal\\\/wp-content\\\/uploads\\\/2020\\\/12\\\/Gustavo_Barcia_BNG_Mos_2020.jpg\",\"contentUrl\":\"https:\\\/\\\/www.anovapeneira.gal\\\/wp-content\\\/uploads\\\/2020\\\/12\\\/Gustavo_Barcia_BNG_Mos_2020.jpg\",\"width\":720,\"height\":432,\"caption\":\"Gustavo Barcia BNG Mos\"},{\"@type\":\"BreadcrumbList\",\"@id\":\"https:\\\/\\\/www.anovapeneira.gal\\\/index.php\\\/2022\\\/07\\\/22\\\/a-patria-non-e-unha-bandeira\\\/#breadcrumb\",\"itemListElement\":[{\"@type\":\"ListItem\",\"position\":1,\"name\":\"Portada\",\"item\":\"https:\\\/\\\/www.anovapeneira.gal\\\/\"},{\"@type\":\"ListItem\",\"position\":2,\"name\":\"A patria non \u00e9 unha bandeira\"}]},{\"@type\":\"WebSite\",\"@id\":\"https:\\\/\\\/www.anovapeneira.gal\\\/#website\",\"url\":\"https:\\\/\\\/www.anovapeneira.gal\\\/\",\"name\":\"\",\"description\":\"Xornal galego de informaci\u00f3n xeral Publicaci\u00f3n mensual de novas de Galicia e en especial dos Concellos da sur da provincia de Pontevedra.\",\"publisher\":{\"@id\":\"https:\\\/\\\/www.anovapeneira.gal\\\/#organization\"},\"potentialAction\":[{\"@type\":\"SearchAction\",\"target\":{\"@type\":\"EntryPoint\",\"urlTemplate\":\"https:\\\/\\\/www.anovapeneira.gal\\\/?s={search_term_string}\"},\"query-input\":{\"@type\":\"PropertyValueSpecification\",\"valueRequired\":true,\"valueName\":\"search_term_string\"}}],\"inLanguage\":\"gl-ES\"},{\"@type\":\"Organization\",\"@id\":\"https:\\\/\\\/www.anovapeneira.gal\\\/#organization\",\"name\":\"A Nova Peneira\",\"url\":\"https:\\\/\\\/www.anovapeneira.gal\\\/\",\"logo\":{\"@type\":\"ImageObject\",\"inLanguage\":\"gl-ES\",\"@id\":\"https:\\\/\\\/www.anovapeneira.gal\\\/#\\\/schema\\\/logo\\\/image\\\/\",\"url\":\"http:\\\/\\\/www.anovapeneira.gal\\\/wp-content\\\/uploads\\\/2019\\\/06\\\/logo_a_nova_peneira_portal_web.png\",\"contentUrl\":\"http:\\\/\\\/www.anovapeneira.gal\\\/wp-content\\\/uploads\\\/2019\\\/06\\\/logo_a_nova_peneira_portal_web.png\",\"width\":300,\"height\":100,\"caption\":\"A Nova Peneira\"},\"image\":{\"@id\":\"https:\\\/\\\/www.anovapeneira.gal\\\/#\\\/schema\\\/logo\\\/image\\\/\"},\"sameAs\":[\"https:\\\/\\\/www.facebook.com\\\/anovapeneira\",\"https:\\\/\\\/x.com\\\/APeneira\"]},{\"@type\":\"Person\",\"@id\":\"https:\\\/\\\/www.anovapeneira.gal\\\/#\\\/schema\\\/person\\\/f18a4feb302e8f20bcef4490b5b60bb3\",\"name\":\"Artigos Opini\u00f3n\",\"image\":{\"@type\":\"ImageObject\",\"inLanguage\":\"gl-ES\",\"@id\":\"https:\\\/\\\/secure.gravatar.com\\\/avatar\\\/072844300f4881150aee2da4278f7a65d16eefdf8262eb67085f1e702de2b959?s=96&d=mm&r=g\",\"url\":\"https:\\\/\\\/secure.gravatar.com\\\/avatar\\\/072844300f4881150aee2da4278f7a65d16eefdf8262eb67085f1e702de2b959?s=96&d=mm&r=g\",\"contentUrl\":\"https:\\\/\\\/secure.gravatar.com\\\/avatar\\\/072844300f4881150aee2da4278f7a65d16eefdf8262eb67085f1e702de2b959?s=96&d=mm&r=g\",\"caption\":\"Artigos Opini\u00f3n\"},\"sameAs\":[\"http:\\\/\\\/anovapeneira.gal\"],\"url\":\"https:\\\/\\\/www.anovapeneira.gal\\\/index.php\\\/author\\\/artigosopinion\\\/\"}]}<\/script>\n<!-- \/ Yoast SEO plugin. -->","yoast_head_json":{"title":"A patria non \u00e9 unha bandeira -","description":"O 25 de xullo \u00e9 o d\u00eda da patria galega, haber\u00e1 moitas bandeiras de Galiza, cantarase o himno e lanzaranse grandes diatribas e discursos enxalzando \u00e1 nosa terra","robots":{"index":"index","follow":"follow","max-snippet":"max-snippet:-1","max-image-preview":"max-image-preview:large","max-video-preview":"max-video-preview:-1"},"canonical":"https:\/\/www.anovapeneira.gal\/index.php\/2022\/07\/22\/a-patria-non-e-unha-bandeira\/","og_locale":"gl_ES","og_type":"article","og_title":"A patria non \u00e9 unha bandeira -","og_description":"O 25 de xullo \u00e9 o d\u00eda da patria galega, haber\u00e1 moitas bandeiras de Galiza, cantarase o himno e lanzaranse grandes diatribas e discursos enxalzando \u00e1 nosa terra","og_url":"https:\/\/www.anovapeneira.gal\/index.php\/2022\/07\/22\/a-patria-non-e-unha-bandeira\/","article_publisher":"https:\/\/www.facebook.com\/anovapeneira","article_published_time":"2022-07-22T10:00:06+00:00","og_image":[{"width":720,"height":432,"url":"https:\/\/www.anovapeneira.gal\/wp-content\/uploads\/2020\/12\/Gustavo_Barcia_BNG_Mos_2020.jpg","type":"image\/jpeg"}],"author":"Artigos Opini\u00f3n","twitter_card":"summary_large_image","twitter_creator":"@APeneira","twitter_site":"@APeneira","twitter_misc":{"Escrito por":"Artigos Opini\u00f3n","Tempo de lectura":"3 minutos"},"schema":{"@context":"https:\/\/schema.org","@graph":[{"@type":"Article","@id":"https:\/\/www.anovapeneira.gal\/index.php\/2022\/07\/22\/a-patria-non-e-unha-bandeira\/#article","isPartOf":{"@id":"https:\/\/www.anovapeneira.gal\/index.php\/2022\/07\/22\/a-patria-non-e-unha-bandeira\/"},"author":{"name":"Artigos Opini\u00f3n","@id":"https:\/\/www.anovapeneira.gal\/#\/schema\/person\/f18a4feb302e8f20bcef4490b5b60bb3"},"headline":"A patria non \u00e9 unha bandeira","datePublished":"2022-07-22T10:00:06+00:00","mainEntityOfPage":{"@id":"https:\/\/www.anovapeneira.gal\/index.php\/2022\/07\/22\/a-patria-non-e-unha-bandeira\/"},"wordCount":540,"commentCount":0,"publisher":{"@id":"https:\/\/www.anovapeneira.gal\/#organization"},"image":{"@id":"https:\/\/www.anovapeneira.gal\/index.php\/2022\/07\/22\/a-patria-non-e-unha-bandeira\/#primaryimage"},"thumbnailUrl":"https:\/\/www.anovapeneira.gal\/wp-content\/uploads\/2020\/12\/Gustavo_Barcia_BNG_Mos_2020.jpg","articleSection":["Artigos de opini\u00f3n"],"inLanguage":"gl-ES","potentialAction":[{"@type":"CommentAction","name":"Comment","target":["https:\/\/www.anovapeneira.gal\/index.php\/2022\/07\/22\/a-patria-non-e-unha-bandeira\/#respond"]}]},{"@type":"WebPage","@id":"https:\/\/www.anovapeneira.gal\/index.php\/2022\/07\/22\/a-patria-non-e-unha-bandeira\/","url":"https:\/\/www.anovapeneira.gal\/index.php\/2022\/07\/22\/a-patria-non-e-unha-bandeira\/","name":"A patria non \u00e9 unha bandeira -","isPartOf":{"@id":"https:\/\/www.anovapeneira.gal\/#website"},"primaryImageOfPage":{"@id":"https:\/\/www.anovapeneira.gal\/index.php\/2022\/07\/22\/a-patria-non-e-unha-bandeira\/#primaryimage"},"image":{"@id":"https:\/\/www.anovapeneira.gal\/index.php\/2022\/07\/22\/a-patria-non-e-unha-bandeira\/#primaryimage"},"thumbnailUrl":"https:\/\/www.anovapeneira.gal\/wp-content\/uploads\/2020\/12\/Gustavo_Barcia_BNG_Mos_2020.jpg","datePublished":"2022-07-22T10:00:06+00:00","description":"O 25 de xullo \u00e9 o d\u00eda da patria galega, haber\u00e1 moitas bandeiras de Galiza, cantarase o himno e lanzaranse grandes diatribas e discursos enxalzando \u00e1 nosa terra","breadcrumb":{"@id":"https:\/\/www.anovapeneira.gal\/index.php\/2022\/07\/22\/a-patria-non-e-unha-bandeira\/#breadcrumb"},"inLanguage":"gl-ES","potentialAction":[{"@type":"ReadAction","target":["https:\/\/www.anovapeneira.gal\/index.php\/2022\/07\/22\/a-patria-non-e-unha-bandeira\/"]}]},{"@type":"ImageObject","inLanguage":"gl-ES","@id":"https:\/\/www.anovapeneira.gal\/index.php\/2022\/07\/22\/a-patria-non-e-unha-bandeira\/#primaryimage","url":"https:\/\/www.anovapeneira.gal\/wp-content\/uploads\/2020\/12\/Gustavo_Barcia_BNG_Mos_2020.jpg","contentUrl":"https:\/\/www.anovapeneira.gal\/wp-content\/uploads\/2020\/12\/Gustavo_Barcia_BNG_Mos_2020.jpg","width":720,"height":432,"caption":"Gustavo Barcia BNG Mos"},{"@type":"BreadcrumbList","@id":"https:\/\/www.anovapeneira.gal\/index.php\/2022\/07\/22\/a-patria-non-e-unha-bandeira\/#breadcrumb","itemListElement":[{"@type":"ListItem","position":1,"name":"Portada","item":"https:\/\/www.anovapeneira.gal\/"},{"@type":"ListItem","position":2,"name":"A patria non \u00e9 unha bandeira"}]},{"@type":"WebSite","@id":"https:\/\/www.anovapeneira.gal\/#website","url":"https:\/\/www.anovapeneira.gal\/","name":"","description":"Xornal galego de informaci\u00f3n xeral Publicaci\u00f3n mensual de novas de Galicia e en especial dos Concellos da sur da provincia de Pontevedra.","publisher":{"@id":"https:\/\/www.anovapeneira.gal\/#organization"},"potentialAction":[{"@type":"SearchAction","target":{"@type":"EntryPoint","urlTemplate":"https:\/\/www.anovapeneira.gal\/?s={search_term_string}"},"query-input":{"@type":"PropertyValueSpecification","valueRequired":true,"valueName":"search_term_string"}}],"inLanguage":"gl-ES"},{"@type":"Organization","@id":"https:\/\/www.anovapeneira.gal\/#organization","name":"A Nova Peneira","url":"https:\/\/www.anovapeneira.gal\/","logo":{"@type":"ImageObject","inLanguage":"gl-ES","@id":"https:\/\/www.anovapeneira.gal\/#\/schema\/logo\/image\/","url":"http:\/\/www.anovapeneira.gal\/wp-content\/uploads\/2019\/06\/logo_a_nova_peneira_portal_web.png","contentUrl":"http:\/\/www.anovapeneira.gal\/wp-content\/uploads\/2019\/06\/logo_a_nova_peneira_portal_web.png","width":300,"height":100,"caption":"A Nova Peneira"},"image":{"@id":"https:\/\/www.anovapeneira.gal\/#\/schema\/logo\/image\/"},"sameAs":["https:\/\/www.facebook.com\/anovapeneira","https:\/\/x.com\/APeneira"]},{"@type":"Person","@id":"https:\/\/www.anovapeneira.gal\/#\/schema\/person\/f18a4feb302e8f20bcef4490b5b60bb3","name":"Artigos Opini\u00f3n","image":{"@type":"ImageObject","inLanguage":"gl-ES","@id":"https:\/\/secure.gravatar.com\/avatar\/072844300f4881150aee2da4278f7a65d16eefdf8262eb67085f1e702de2b959?s=96&d=mm&r=g","url":"https:\/\/secure.gravatar.com\/avatar\/072844300f4881150aee2da4278f7a65d16eefdf8262eb67085f1e702de2b959?s=96&d=mm&r=g","contentUrl":"https:\/\/secure.gravatar.com\/avatar\/072844300f4881150aee2da4278f7a65d16eefdf8262eb67085f1e702de2b959?s=96&d=mm&r=g","caption":"Artigos Opini\u00f3n"},"sameAs":["http:\/\/anovapeneira.gal"],"url":"https:\/\/www.anovapeneira.gal\/index.php\/author\/artigosopinion\/"}]}},"jetpack_featured_media_url":"https:\/\/www.anovapeneira.gal\/wp-content\/uploads\/2020\/12\/Gustavo_Barcia_BNG_Mos_2020.jpg","_links":{"self":[{"href":"https:\/\/www.anovapeneira.gal\/index.php\/wp-json\/wp\/v2\/posts\/7817","targetHints":{"allow":["GET"]}}],"collection":[{"href":"https:\/\/www.anovapeneira.gal\/index.php\/wp-json\/wp\/v2\/posts"}],"about":[{"href":"https:\/\/www.anovapeneira.gal\/index.php\/wp-json\/wp\/v2\/types\/post"}],"author":[{"embeddable":true,"href":"https:\/\/www.anovapeneira.gal\/index.php\/wp-json\/wp\/v2\/users\/12"}],"replies":[{"embeddable":true,"href":"https:\/\/www.anovapeneira.gal\/index.php\/wp-json\/wp\/v2\/comments?post=7817"}],"version-history":[{"count":1,"href":"https:\/\/www.anovapeneira.gal\/index.php\/wp-json\/wp\/v2\/posts\/7817\/revisions"}],"predecessor-version":[{"id":7818,"href":"https:\/\/www.anovapeneira.gal\/index.php\/wp-json\/wp\/v2\/posts\/7817\/revisions\/7818"}],"wp:featuredmedia":[{"embeddable":true,"href":"https:\/\/www.anovapeneira.gal\/index.php\/wp-json\/wp\/v2\/media\/4602"}],"wp:attachment":[{"href":"https:\/\/www.anovapeneira.gal\/index.php\/wp-json\/wp\/v2\/media?parent=7817"}],"wp:term":[{"taxonomy":"category","embeddable":true,"href":"https:\/\/www.anovapeneira.gal\/index.php\/wp-json\/wp\/v2\/categories?post=7817"},{"taxonomy":"post_tag","embeddable":true,"href":"https:\/\/www.anovapeneira.gal\/index.php\/wp-json\/wp\/v2\/tags?post=7817"}],"curies":[{"name":"wp","href":"https:\/\/api.w.org\/{rel}","templated":true}]}}