{"id":7819,"date":"2022-07-26T10:00:51","date_gmt":"2022-07-26T08:00:51","guid":{"rendered":"https:\/\/www.anovapeneira.gal\/?p=7819"},"modified":"2022-07-15T20:11:00","modified_gmt":"2022-07-15T18:11:00","slug":"soltadevos-das-ataduras-que-pretende-facer-o-pp","status":"publish","type":"post","link":"https:\/\/www.anovapeneira.gal\/index.php\/2022\/07\/26\/soltadevos-das-ataduras-que-pretende-facer-o-pp\/","title":{"rendered":"Solt\u00e1devos das ataduras que pretende facer o PP"},"content":{"rendered":"\n<pre class=\"wp-block-verse\">Victoria Alonso PSOE de Mos<\/pre>\n\n\n\n<p>O Partido Popular \u00e9 moito de crer que \u00e9 dono das instituci\u00f3ns que goberna. Non terminan de entender que o pobo \u00e9 soberano, tanto te pon nun posto como te quita. Hai unha diferencia bastante grande entre ser dono e xestionar recursos de todos, e aqu\u00ed radica o principal problema co que nos atopamos no noso concello.<\/p>\n\n\n\n<p>Nin son donos, nin deb\u00e9moslle ning\u00fan tipo de pleitesia. Tomar decisi\u00f3ns que melloren a vida da veci\u00f1anza e para elo xestionar os recursos de todos, forma parte do cargo. Algo tan sinxelo coma asfaltar unha estrada, facer unha programaci\u00f3n cultural ou cambiar unhas luminarias, non \u00e9 facer ning\u00fan tipo de favor.<\/p>\n\n\n\n<p>Unha vez que tomamos posesi\u00f3n do noso cargo, temos que asumir cales van a ser as nosas competencias. Pola mi\u00f1a banda, coma concelleira da oposici\u00f3n te\u00f1o que fiscalizar a acci\u00f3n de goberno. Por isto, emitimos comunicados de prensa, v\u00eddeos informativos, moci\u00f3ns e outras tarefas cas que intentamos po\u00f1er o foco nas pol\u00edticas que non consideramos axeitadas para a nosa vila. Mentres que os concelleiros de goberno, te\u00f1en que dirixir as s\u00faas areas pensando no ben com\u00fan.<\/p>\n\n\n\n<p>Nin o concello nin ningunha instituci\u00f3n debe limitar a capacidade do noso tecido asociativo para buscar financiamento fora dos l\u00edmites municipais. Temos que estar contentos de todo o que ben para Mos, independentemente da instituci\u00f3n de procedencia. Cada unha delas ten li\u00f1as habilitadas que deben ser usadas, o que permitir\u00eda o concello poder axudar doutras formas aos colectivos, ademais de implicar un reparto positivo entre t\u00f3dalas administraci\u00f3ns.<\/p>\n\n\n\n<p>Recentemente, cheg\u00e1ronme queixas de que hab\u00eda parte da veci\u00f1anza solicit\u00e1ndolle as asociaci\u00f3ns que pedise a colaboraci\u00f3n da Deputaci\u00f3n de Pontevedra. A resposta que obtiveron foi unha negativa debido a evitar un posible enfado por parte da alcaldesa. Xa que a presenza da Deputaci\u00f3n, e mi\u00f1a coma deputada de cultura e igualdade, provoca malestar na actual rexedora. Situaci\u00f3n que me entristece profundamente pola escasa capacidade de traballo en grupo e visi\u00f3n limitada no relativo a xesti\u00f3n con perspectiva de futuro.<\/p>\n\n\n\n<p>Dende a mi\u00f1a posici\u00f3n, m\u00e1is al\u00f3 de deputada ou voceira da oposici\u00f3n, coma veci\u00f1a convido a t\u00f3dolos colectivos a facer un exercicio de reflexi\u00f3n sobre as colaboraci\u00f3ns por parte do concello que soen ser pouco obxectivas e partidistas, as\u00ed como a estudar outras v\u00edas de colaboraci\u00f3ns as que poden optar. Non debemos permitir que nos condicionen factores coma egos persoais, porque as asociaci\u00f3ns te\u00f1en que usar t\u00f3dolos recursos o seu alcance.<\/p>\n\n\n\n<p>S\u00edntamos libres de solicitar, de opinar e de cuestionar o que acontece no noso entorno, sempre que sexa unha cr\u00edtica construtiva vai ser beneficiosa para a localidade. Non podemos perder a educaci\u00f3n pero tampouco podemos perder o norte e facer que se deixen de obter subvenci\u00f3ns por discrepancias pol\u00edticas.<\/p>\n\n\n\n<p>Recapacitemos sobre como afecta a tensi\u00f3n pol\u00edtica na vida do noso municipio e tomemos decisi\u00f3ns en consecuencia, porque o que est\u00e1 claro \u00e9 que vivimos nunha vila cun amplo tecido asociativo e non podemos frear a actividade que pretendan realizar. Esperemos que o Partido Popular tome conciencia e mude de actitude, buscando a m\u00e1xima colaboraci\u00f3n de t\u00f3dalas administraci\u00f3ns no canto de xerar tensi\u00f3n pol\u00edtica para intentar que repercuta positivamente na s\u00faa campa\u00f1a de cara as municipais. Porque si algo demostran \u00e9 que est\u00e1n a facer un intento de acoso e derribo das administraci\u00f3n gobernados pola esquerda para defender a s\u00faa xesti\u00f3n.<\/p>\n","protected":false},"excerpt":{"rendered":"<div class=\"mh-excerpt\"><p>O Partido Popular \u00e9 moito de crer que \u00e9 dono das instituci\u00f3ns que goberna. Non terminan de entender que o pobo \u00e9 soberano, tanto te pon nun posto como te quita. Hai unha diferencia bastante grande entre ser dono e xestionar recursos de todos, e aqu\u00ed radica o principal problema co que nos atopamos no noso concello. <a class=\"mh-excerpt-more\" href=\"https:\/\/www.anovapeneira.gal\/index.php\/2022\/07\/26\/soltadevos-das-ataduras-que-pretende-facer-o-pp\/\" title=\"Solt\u00e1devos das ataduras que pretende facer o PP\">[&#8230;]<\/a><\/p>\n<\/div>","protected":false},"author":12,"featured_media":5767,"comment_status":"open","ping_status":"open","sticky":false,"template":"","format":"standard","meta":{"_exactmetrics_skip_tracking":false,"_exactmetrics_sitenote_active":false,"_exactmetrics_sitenote_note":"","_exactmetrics_sitenote_category":0,"footnotes":""},"categories":[7],"tags":[],"class_list":{"0":"post-7819","1":"post","2":"type-post","3":"status-publish","4":"format-standard","5":"has-post-thumbnail","7":"category-artigos-de-opinion"},"yoast_head":"<!-- This site is optimized with the Yoast SEO plugin v27.5 - https:\/\/yoast.com\/product\/yoast-seo-wordpress\/ -->\n<title>Solt\u00e1devos das ataduras que pretende facer o PP -<\/title>\n<meta name=\"description\" content=\"O Partido Popular \u00e9 moito de crer que \u00e9 dono das instituci\u00f3ns que goberna. Non terminan de entender que o pobo \u00e9 soberano, tanto te pon nun posto como te quita. Hai unha diferencia bastante grande entre ser dono e xestionar recursos de todos, e aqu\u00ed radica o principal problema co que nos atopamos no noso concello.\" \/>\n<meta name=\"robots\" content=\"index, follow, max-snippet:-1, max-image-preview:large, max-video-preview:-1\" \/>\n<link rel=\"canonical\" href=\"https:\/\/www.anovapeneira.gal\/index.php\/2022\/07\/26\/soltadevos-das-ataduras-que-pretende-facer-o-pp\/\" \/>\n<meta property=\"og:locale\" content=\"gl_ES\" \/>\n<meta property=\"og:type\" content=\"article\" \/>\n<meta property=\"og:title\" content=\"Solt\u00e1devos das ataduras que pretende facer o PP -\" \/>\n<meta property=\"og:description\" content=\"O Partido Popular \u00e9 moito de crer que \u00e9 dono das instituci\u00f3ns que goberna. Non terminan de entender que o pobo \u00e9 soberano, tanto te pon nun posto como te quita. Hai unha diferencia bastante grande entre ser dono e xestionar recursos de todos, e aqu\u00ed radica o principal problema co que nos atopamos no noso concello.\" \/>\n<meta property=\"og:url\" content=\"https:\/\/www.anovapeneira.gal\/index.php\/2022\/07\/26\/soltadevos-das-ataduras-que-pretende-facer-o-pp\/\" \/>\n<meta property=\"article:publisher\" content=\"https:\/\/www.facebook.com\/anovapeneira\" \/>\n<meta property=\"article:published_time\" content=\"2022-07-26T08:00:51+00:00\" \/>\n<meta property=\"og:image\" content=\"https:\/\/www.anovapeneira.gal\/wp-content\/uploads\/2021\/07\/victoria_alonso_mos.jpg\" \/>\n\t<meta property=\"og:image:width\" content=\"720\" \/>\n\t<meta property=\"og:image:height\" content=\"432\" \/>\n\t<meta property=\"og:image:type\" content=\"image\/jpeg\" \/>\n<meta name=\"author\" content=\"Artigos Opini\u00f3n\" \/>\n<meta name=\"twitter:card\" content=\"summary_large_image\" \/>\n<meta name=\"twitter:creator\" content=\"@APeneira\" \/>\n<meta name=\"twitter:site\" content=\"@APeneira\" \/>\n<meta name=\"twitter:label1\" content=\"Escrito por\" \/>\n\t<meta name=\"twitter:data1\" content=\"Artigos Opini\u00f3n\" \/>\n\t<meta name=\"twitter:label2\" content=\"Tempo de lectura\" \/>\n\t<meta name=\"twitter:data2\" content=\"4 minutos\" \/>\n<script type=\"application\/ld+json\" class=\"yoast-schema-graph\">{\"@context\":\"https:\\\/\\\/schema.org\",\"@graph\":[{\"@type\":\"Article\",\"@id\":\"https:\\\/\\\/www.anovapeneira.gal\\\/index.php\\\/2022\\\/07\\\/26\\\/soltadevos-das-ataduras-que-pretende-facer-o-pp\\\/#article\",\"isPartOf\":{\"@id\":\"https:\\\/\\\/www.anovapeneira.gal\\\/index.php\\\/2022\\\/07\\\/26\\\/soltadevos-das-ataduras-que-pretende-facer-o-pp\\\/\"},\"author\":{\"name\":\"Artigos Opini\u00f3n\",\"@id\":\"https:\\\/\\\/www.anovapeneira.gal\\\/#\\\/schema\\\/person\\\/f18a4feb302e8f20bcef4490b5b60bb3\"},\"headline\":\"Solt\u00e1devos das ataduras que pretende facer o PP\",\"datePublished\":\"2022-07-26T08:00:51+00:00\",\"mainEntityOfPage\":{\"@id\":\"https:\\\/\\\/www.anovapeneira.gal\\\/index.php\\\/2022\\\/07\\\/26\\\/soltadevos-das-ataduras-que-pretende-facer-o-pp\\\/\"},\"wordCount\":625,\"commentCount\":0,\"publisher\":{\"@id\":\"https:\\\/\\\/www.anovapeneira.gal\\\/#organization\"},\"image\":{\"@id\":\"https:\\\/\\\/www.anovapeneira.gal\\\/index.php\\\/2022\\\/07\\\/26\\\/soltadevos-das-ataduras-que-pretende-facer-o-pp\\\/#primaryimage\"},\"thumbnailUrl\":\"https:\\\/\\\/www.anovapeneira.gal\\\/wp-content\\\/uploads\\\/2021\\\/07\\\/victoria_alonso_mos.jpg\",\"articleSection\":[\"Artigos de opini\u00f3n\"],\"inLanguage\":\"gl-ES\",\"potentialAction\":[{\"@type\":\"CommentAction\",\"name\":\"Comment\",\"target\":[\"https:\\\/\\\/www.anovapeneira.gal\\\/index.php\\\/2022\\\/07\\\/26\\\/soltadevos-das-ataduras-que-pretende-facer-o-pp\\\/#respond\"]}]},{\"@type\":\"WebPage\",\"@id\":\"https:\\\/\\\/www.anovapeneira.gal\\\/index.php\\\/2022\\\/07\\\/26\\\/soltadevos-das-ataduras-que-pretende-facer-o-pp\\\/\",\"url\":\"https:\\\/\\\/www.anovapeneira.gal\\\/index.php\\\/2022\\\/07\\\/26\\\/soltadevos-das-ataduras-que-pretende-facer-o-pp\\\/\",\"name\":\"Solt\u00e1devos das ataduras que pretende facer o PP -\",\"isPartOf\":{\"@id\":\"https:\\\/\\\/www.anovapeneira.gal\\\/#website\"},\"primaryImageOfPage\":{\"@id\":\"https:\\\/\\\/www.anovapeneira.gal\\\/index.php\\\/2022\\\/07\\\/26\\\/soltadevos-das-ataduras-que-pretende-facer-o-pp\\\/#primaryimage\"},\"image\":{\"@id\":\"https:\\\/\\\/www.anovapeneira.gal\\\/index.php\\\/2022\\\/07\\\/26\\\/soltadevos-das-ataduras-que-pretende-facer-o-pp\\\/#primaryimage\"},\"thumbnailUrl\":\"https:\\\/\\\/www.anovapeneira.gal\\\/wp-content\\\/uploads\\\/2021\\\/07\\\/victoria_alonso_mos.jpg\",\"datePublished\":\"2022-07-26T08:00:51+00:00\",\"description\":\"O Partido Popular \u00e9 moito de crer que \u00e9 dono das instituci\u00f3ns que goberna. Non terminan de entender que o pobo \u00e9 soberano, tanto te pon nun posto como te quita. Hai unha diferencia bastante grande entre ser dono e xestionar recursos de todos, e aqu\u00ed radica o principal problema co que nos atopamos no noso concello.\",\"breadcrumb\":{\"@id\":\"https:\\\/\\\/www.anovapeneira.gal\\\/index.php\\\/2022\\\/07\\\/26\\\/soltadevos-das-ataduras-que-pretende-facer-o-pp\\\/#breadcrumb\"},\"inLanguage\":\"gl-ES\",\"potentialAction\":[{\"@type\":\"ReadAction\",\"target\":[\"https:\\\/\\\/www.anovapeneira.gal\\\/index.php\\\/2022\\\/07\\\/26\\\/soltadevos-das-ataduras-que-pretende-facer-o-pp\\\/\"]}]},{\"@type\":\"ImageObject\",\"inLanguage\":\"gl-ES\",\"@id\":\"https:\\\/\\\/www.anovapeneira.gal\\\/index.php\\\/2022\\\/07\\\/26\\\/soltadevos-das-ataduras-que-pretende-facer-o-pp\\\/#primaryimage\",\"url\":\"https:\\\/\\\/www.anovapeneira.gal\\\/wp-content\\\/uploads\\\/2021\\\/07\\\/victoria_alonso_mos.jpg\",\"contentUrl\":\"https:\\\/\\\/www.anovapeneira.gal\\\/wp-content\\\/uploads\\\/2021\\\/07\\\/victoria_alonso_mos.jpg\",\"width\":720,\"height\":432,\"caption\":\"Victoria Alonso Mos\"},{\"@type\":\"BreadcrumbList\",\"@id\":\"https:\\\/\\\/www.anovapeneira.gal\\\/index.php\\\/2022\\\/07\\\/26\\\/soltadevos-das-ataduras-que-pretende-facer-o-pp\\\/#breadcrumb\",\"itemListElement\":[{\"@type\":\"ListItem\",\"position\":1,\"name\":\"Portada\",\"item\":\"https:\\\/\\\/www.anovapeneira.gal\\\/\"},{\"@type\":\"ListItem\",\"position\":2,\"name\":\"Solt\u00e1devos das ataduras que pretende facer o PP\"}]},{\"@type\":\"WebSite\",\"@id\":\"https:\\\/\\\/www.anovapeneira.gal\\\/#website\",\"url\":\"https:\\\/\\\/www.anovapeneira.gal\\\/\",\"name\":\"\",\"description\":\"Xornal galego de informaci\u00f3n xeral Publicaci\u00f3n mensual de novas de Galicia e en especial dos Concellos da sur da provincia de Pontevedra.\",\"publisher\":{\"@id\":\"https:\\\/\\\/www.anovapeneira.gal\\\/#organization\"},\"potentialAction\":[{\"@type\":\"SearchAction\",\"target\":{\"@type\":\"EntryPoint\",\"urlTemplate\":\"https:\\\/\\\/www.anovapeneira.gal\\\/?s={search_term_string}\"},\"query-input\":{\"@type\":\"PropertyValueSpecification\",\"valueRequired\":true,\"valueName\":\"search_term_string\"}}],\"inLanguage\":\"gl-ES\"},{\"@type\":\"Organization\",\"@id\":\"https:\\\/\\\/www.anovapeneira.gal\\\/#organization\",\"name\":\"A Nova Peneira\",\"url\":\"https:\\\/\\\/www.anovapeneira.gal\\\/\",\"logo\":{\"@type\":\"ImageObject\",\"inLanguage\":\"gl-ES\",\"@id\":\"https:\\\/\\\/www.anovapeneira.gal\\\/#\\\/schema\\\/logo\\\/image\\\/\",\"url\":\"http:\\\/\\\/www.anovapeneira.gal\\\/wp-content\\\/uploads\\\/2019\\\/06\\\/logo_a_nova_peneira_portal_web.png\",\"contentUrl\":\"http:\\\/\\\/www.anovapeneira.gal\\\/wp-content\\\/uploads\\\/2019\\\/06\\\/logo_a_nova_peneira_portal_web.png\",\"width\":300,\"height\":100,\"caption\":\"A Nova Peneira\"},\"image\":{\"@id\":\"https:\\\/\\\/www.anovapeneira.gal\\\/#\\\/schema\\\/logo\\\/image\\\/\"},\"sameAs\":[\"https:\\\/\\\/www.facebook.com\\\/anovapeneira\",\"https:\\\/\\\/x.com\\\/APeneira\"]},{\"@type\":\"Person\",\"@id\":\"https:\\\/\\\/www.anovapeneira.gal\\\/#\\\/schema\\\/person\\\/f18a4feb302e8f20bcef4490b5b60bb3\",\"name\":\"Artigos Opini\u00f3n\",\"image\":{\"@type\":\"ImageObject\",\"inLanguage\":\"gl-ES\",\"@id\":\"https:\\\/\\\/secure.gravatar.com\\\/avatar\\\/072844300f4881150aee2da4278f7a65d16eefdf8262eb67085f1e702de2b959?s=96&d=mm&r=g\",\"url\":\"https:\\\/\\\/secure.gravatar.com\\\/avatar\\\/072844300f4881150aee2da4278f7a65d16eefdf8262eb67085f1e702de2b959?s=96&d=mm&r=g\",\"contentUrl\":\"https:\\\/\\\/secure.gravatar.com\\\/avatar\\\/072844300f4881150aee2da4278f7a65d16eefdf8262eb67085f1e702de2b959?s=96&d=mm&r=g\",\"caption\":\"Artigos Opini\u00f3n\"},\"sameAs\":[\"http:\\\/\\\/anovapeneira.gal\"],\"url\":\"https:\\\/\\\/www.anovapeneira.gal\\\/index.php\\\/author\\\/artigosopinion\\\/\"}]}<\/script>\n<!-- \/ Yoast SEO plugin. -->","yoast_head_json":{"title":"Solt\u00e1devos das ataduras que pretende facer o PP -","description":"O Partido Popular \u00e9 moito de crer que \u00e9 dono das instituci\u00f3ns que goberna. Non terminan de entender que o pobo \u00e9 soberano, tanto te pon nun posto como te quita. Hai unha diferencia bastante grande entre ser dono e xestionar recursos de todos, e aqu\u00ed radica o principal problema co que nos atopamos no noso concello.","robots":{"index":"index","follow":"follow","max-snippet":"max-snippet:-1","max-image-preview":"max-image-preview:large","max-video-preview":"max-video-preview:-1"},"canonical":"https:\/\/www.anovapeneira.gal\/index.php\/2022\/07\/26\/soltadevos-das-ataduras-que-pretende-facer-o-pp\/","og_locale":"gl_ES","og_type":"article","og_title":"Solt\u00e1devos das ataduras que pretende facer o PP -","og_description":"O Partido Popular \u00e9 moito de crer que \u00e9 dono das instituci\u00f3ns que goberna. Non terminan de entender que o pobo \u00e9 soberano, tanto te pon nun posto como te quita. Hai unha diferencia bastante grande entre ser dono e xestionar recursos de todos, e aqu\u00ed radica o principal problema co que nos atopamos no noso concello.","og_url":"https:\/\/www.anovapeneira.gal\/index.php\/2022\/07\/26\/soltadevos-das-ataduras-que-pretende-facer-o-pp\/","article_publisher":"https:\/\/www.facebook.com\/anovapeneira","article_published_time":"2022-07-26T08:00:51+00:00","og_image":[{"width":720,"height":432,"url":"https:\/\/www.anovapeneira.gal\/wp-content\/uploads\/2021\/07\/victoria_alonso_mos.jpg","type":"image\/jpeg"}],"author":"Artigos Opini\u00f3n","twitter_card":"summary_large_image","twitter_creator":"@APeneira","twitter_site":"@APeneira","twitter_misc":{"Escrito por":"Artigos Opini\u00f3n","Tempo de lectura":"4 minutos"},"schema":{"@context":"https:\/\/schema.org","@graph":[{"@type":"Article","@id":"https:\/\/www.anovapeneira.gal\/index.php\/2022\/07\/26\/soltadevos-das-ataduras-que-pretende-facer-o-pp\/#article","isPartOf":{"@id":"https:\/\/www.anovapeneira.gal\/index.php\/2022\/07\/26\/soltadevos-das-ataduras-que-pretende-facer-o-pp\/"},"author":{"name":"Artigos Opini\u00f3n","@id":"https:\/\/www.anovapeneira.gal\/#\/schema\/person\/f18a4feb302e8f20bcef4490b5b60bb3"},"headline":"Solt\u00e1devos das ataduras que pretende facer o PP","datePublished":"2022-07-26T08:00:51+00:00","mainEntityOfPage":{"@id":"https:\/\/www.anovapeneira.gal\/index.php\/2022\/07\/26\/soltadevos-das-ataduras-que-pretende-facer-o-pp\/"},"wordCount":625,"commentCount":0,"publisher":{"@id":"https:\/\/www.anovapeneira.gal\/#organization"},"image":{"@id":"https:\/\/www.anovapeneira.gal\/index.php\/2022\/07\/26\/soltadevos-das-ataduras-que-pretende-facer-o-pp\/#primaryimage"},"thumbnailUrl":"https:\/\/www.anovapeneira.gal\/wp-content\/uploads\/2021\/07\/victoria_alonso_mos.jpg","articleSection":["Artigos de opini\u00f3n"],"inLanguage":"gl-ES","potentialAction":[{"@type":"CommentAction","name":"Comment","target":["https:\/\/www.anovapeneira.gal\/index.php\/2022\/07\/26\/soltadevos-das-ataduras-que-pretende-facer-o-pp\/#respond"]}]},{"@type":"WebPage","@id":"https:\/\/www.anovapeneira.gal\/index.php\/2022\/07\/26\/soltadevos-das-ataduras-que-pretende-facer-o-pp\/","url":"https:\/\/www.anovapeneira.gal\/index.php\/2022\/07\/26\/soltadevos-das-ataduras-que-pretende-facer-o-pp\/","name":"Solt\u00e1devos das ataduras que pretende facer o PP -","isPartOf":{"@id":"https:\/\/www.anovapeneira.gal\/#website"},"primaryImageOfPage":{"@id":"https:\/\/www.anovapeneira.gal\/index.php\/2022\/07\/26\/soltadevos-das-ataduras-que-pretende-facer-o-pp\/#primaryimage"},"image":{"@id":"https:\/\/www.anovapeneira.gal\/index.php\/2022\/07\/26\/soltadevos-das-ataduras-que-pretende-facer-o-pp\/#primaryimage"},"thumbnailUrl":"https:\/\/www.anovapeneira.gal\/wp-content\/uploads\/2021\/07\/victoria_alonso_mos.jpg","datePublished":"2022-07-26T08:00:51+00:00","description":"O Partido Popular \u00e9 moito de crer que \u00e9 dono das instituci\u00f3ns que goberna. Non terminan de entender que o pobo \u00e9 soberano, tanto te pon nun posto como te quita. Hai unha diferencia bastante grande entre ser dono e xestionar recursos de todos, e aqu\u00ed radica o principal problema co que nos atopamos no noso concello.","breadcrumb":{"@id":"https:\/\/www.anovapeneira.gal\/index.php\/2022\/07\/26\/soltadevos-das-ataduras-que-pretende-facer-o-pp\/#breadcrumb"},"inLanguage":"gl-ES","potentialAction":[{"@type":"ReadAction","target":["https:\/\/www.anovapeneira.gal\/index.php\/2022\/07\/26\/soltadevos-das-ataduras-que-pretende-facer-o-pp\/"]}]},{"@type":"ImageObject","inLanguage":"gl-ES","@id":"https:\/\/www.anovapeneira.gal\/index.php\/2022\/07\/26\/soltadevos-das-ataduras-que-pretende-facer-o-pp\/#primaryimage","url":"https:\/\/www.anovapeneira.gal\/wp-content\/uploads\/2021\/07\/victoria_alonso_mos.jpg","contentUrl":"https:\/\/www.anovapeneira.gal\/wp-content\/uploads\/2021\/07\/victoria_alonso_mos.jpg","width":720,"height":432,"caption":"Victoria Alonso Mos"},{"@type":"BreadcrumbList","@id":"https:\/\/www.anovapeneira.gal\/index.php\/2022\/07\/26\/soltadevos-das-ataduras-que-pretende-facer-o-pp\/#breadcrumb","itemListElement":[{"@type":"ListItem","position":1,"name":"Portada","item":"https:\/\/www.anovapeneira.gal\/"},{"@type":"ListItem","position":2,"name":"Solt\u00e1devos das ataduras que pretende facer o PP"}]},{"@type":"WebSite","@id":"https:\/\/www.anovapeneira.gal\/#website","url":"https:\/\/www.anovapeneira.gal\/","name":"","description":"Xornal galego de informaci\u00f3n xeral Publicaci\u00f3n mensual de novas de Galicia e en especial dos Concellos da sur da provincia de Pontevedra.","publisher":{"@id":"https:\/\/www.anovapeneira.gal\/#organization"},"potentialAction":[{"@type":"SearchAction","target":{"@type":"EntryPoint","urlTemplate":"https:\/\/www.anovapeneira.gal\/?s={search_term_string}"},"query-input":{"@type":"PropertyValueSpecification","valueRequired":true,"valueName":"search_term_string"}}],"inLanguage":"gl-ES"},{"@type":"Organization","@id":"https:\/\/www.anovapeneira.gal\/#organization","name":"A Nova Peneira","url":"https:\/\/www.anovapeneira.gal\/","logo":{"@type":"ImageObject","inLanguage":"gl-ES","@id":"https:\/\/www.anovapeneira.gal\/#\/schema\/logo\/image\/","url":"http:\/\/www.anovapeneira.gal\/wp-content\/uploads\/2019\/06\/logo_a_nova_peneira_portal_web.png","contentUrl":"http:\/\/www.anovapeneira.gal\/wp-content\/uploads\/2019\/06\/logo_a_nova_peneira_portal_web.png","width":300,"height":100,"caption":"A Nova Peneira"},"image":{"@id":"https:\/\/www.anovapeneira.gal\/#\/schema\/logo\/image\/"},"sameAs":["https:\/\/www.facebook.com\/anovapeneira","https:\/\/x.com\/APeneira"]},{"@type":"Person","@id":"https:\/\/www.anovapeneira.gal\/#\/schema\/person\/f18a4feb302e8f20bcef4490b5b60bb3","name":"Artigos Opini\u00f3n","image":{"@type":"ImageObject","inLanguage":"gl-ES","@id":"https:\/\/secure.gravatar.com\/avatar\/072844300f4881150aee2da4278f7a65d16eefdf8262eb67085f1e702de2b959?s=96&d=mm&r=g","url":"https:\/\/secure.gravatar.com\/avatar\/072844300f4881150aee2da4278f7a65d16eefdf8262eb67085f1e702de2b959?s=96&d=mm&r=g","contentUrl":"https:\/\/secure.gravatar.com\/avatar\/072844300f4881150aee2da4278f7a65d16eefdf8262eb67085f1e702de2b959?s=96&d=mm&r=g","caption":"Artigos Opini\u00f3n"},"sameAs":["http:\/\/anovapeneira.gal"],"url":"https:\/\/www.anovapeneira.gal\/index.php\/author\/artigosopinion\/"}]}},"jetpack_featured_media_url":"https:\/\/www.anovapeneira.gal\/wp-content\/uploads\/2021\/07\/victoria_alonso_mos.jpg","_links":{"self":[{"href":"https:\/\/www.anovapeneira.gal\/index.php\/wp-json\/wp\/v2\/posts\/7819","targetHints":{"allow":["GET"]}}],"collection":[{"href":"https:\/\/www.anovapeneira.gal\/index.php\/wp-json\/wp\/v2\/posts"}],"about":[{"href":"https:\/\/www.anovapeneira.gal\/index.php\/wp-json\/wp\/v2\/types\/post"}],"author":[{"embeddable":true,"href":"https:\/\/www.anovapeneira.gal\/index.php\/wp-json\/wp\/v2\/users\/12"}],"replies":[{"embeddable":true,"href":"https:\/\/www.anovapeneira.gal\/index.php\/wp-json\/wp\/v2\/comments?post=7819"}],"version-history":[{"count":1,"href":"https:\/\/www.anovapeneira.gal\/index.php\/wp-json\/wp\/v2\/posts\/7819\/revisions"}],"predecessor-version":[{"id":7820,"href":"https:\/\/www.anovapeneira.gal\/index.php\/wp-json\/wp\/v2\/posts\/7819\/revisions\/7820"}],"wp:featuredmedia":[{"embeddable":true,"href":"https:\/\/www.anovapeneira.gal\/index.php\/wp-json\/wp\/v2\/media\/5767"}],"wp:attachment":[{"href":"https:\/\/www.anovapeneira.gal\/index.php\/wp-json\/wp\/v2\/media?parent=7819"}],"wp:term":[{"taxonomy":"category","embeddable":true,"href":"https:\/\/www.anovapeneira.gal\/index.php\/wp-json\/wp\/v2\/categories?post=7819"},{"taxonomy":"post_tag","embeddable":true,"href":"https:\/\/www.anovapeneira.gal\/index.php\/wp-json\/wp\/v2\/tags?post=7819"}],"curies":[{"name":"wp","href":"https:\/\/api.w.org\/{rel}","templated":true}]}}