{"id":7839,"date":"2022-07-27T10:00:06","date_gmt":"2022-07-27T08:00:06","guid":{"rendered":"https:\/\/www.anovapeneira.gal\/?p=7839"},"modified":"2022-07-24T11:06:24","modified_gmt":"2022-07-24T09:06:24","slug":"coplas-de-veran","status":"publish","type":"post","link":"https:\/\/www.anovapeneira.gal\/index.php\/2022\/07\/27\/coplas-de-veran\/","title":{"rendered":"Coplas de ver\u00e1n"},"content":{"rendered":"\n<figure class=\"wp-block-image size-full is-resized\"><img loading=\"lazy\" decoding=\"async\" src=\"https:\/\/www.anovapeneira.gal\/wp-content\/uploads\/2019\/07\/xoan_alonso_a_nova_peneira_r.jpg\" alt=\"Xo\u00e1n Alonso. Correspondente de A Nova Peneira en Euskadi\" class=\"wp-image-763\" width=\"95\" height=\"111\"\/><figcaption>Xo\u00e1n Alonso. Correspondente de A Nova Peneira en Euskadi<\/figcaption><\/figure>\n\n\n\n<div class=\"wp-block-columns is-layout-flex wp-container-core-columns-is-layout-9d6595d7 wp-block-columns-is-layout-flex\">\n<div class=\"wp-block-column is-layout-flow wp-block-column-is-layout-flow\">\n<p>Co ver\u00e1n chega a calor,<br> o sol tam\u00e9n os turistas<br> pero cando chega lume faltan moitos<br> brigadistas. <\/p>\n\n\n\n<p>Outro ano, outro inferno, <br>nos montes ouvea o lume. <br>Vermellos vexo os teus ollos, <br>vermellos de tanto fume.<\/p>\n<p>Outro ano, outro inferno!<br>De cinza o ceo cuberto,<br>dime que isto \u00e9 un sono,<br>dime que isto non \u00e9 certo.<\/p>\n<p>Quen veu a queimar os montes?<br>Quen perdeu todo o sentido?<br>Aqu\u00ed sofren sempre os mesmos,<br>Galiza pobo ferido.<\/p>\n<p>Onde est\u00e1n que non se ven<br>en Galiza as estrelas?<br>\u00c8 o fume dos incendios<br>por iso non podo velas.<br><\/p>\n<p>Tampouco podo contalas,<br>porque xa non podo velas,<br>arden os montes galegos<br>neste inferno sin estrelas.<br><\/p>\n<p>S\u00f3 vexo fume e pantasmas,<br>fuxir xente das s\u00faas casas.<br>O lume \u00e8 coma un monstro<br>que por onde pasa arrasa.<br><\/p>\n<p>Voltan os montes a arder<br>coa pes no ver\u00e1n metidos,<br>Galiza est\u00e1 poboada<br>de cabrons e de bandidos.<br><\/p>\n<p>De bandidos e vendidos,<br>terroristas forestais.<br>Os que queiman a s\u00faa terra<br>neste mundo est\u00e1n de m\u00e1is.<br><\/p>\n<\/div>\n\n\n\n<div class=\"wp-block-column is-layout-flow wp-block-column-is-layout-flow\">\n<p>Quen tingue as mans de sangue<br>non ten coraz\u00f3n nin alma.<br>Forza para mi\u00f1a Terra,<br>moito coidado cas chamas.<br><\/p>\n<p>Agardando polas choivas<br>Galiza mira \u00f3 ceo,<br>nesta longa negra noite<br>de lume e pesadelo.<br><\/p>\n<p>Queiman os montes galegos<br>con toltal impunidade,<br>isto \u00e9 o que alg\u00fans entenden<br>por Galicia calidade.<br><\/p>\n<p>Cumios, outeiros e leiras<br>consumidos polo lume,<br>hoxe non vexo o ceo<br>ter\u00e1 que ser polo fume.<br><\/p>\n<p>Andan co medo no corpo<br>os veci\u00f1os do Courel,<br>o lume bateu na porta<br>e nos tellados tam\u00e9n.<br><\/p>\n<p>Moito falan nos despachos<br>con enredos e mentiras,<br>pero son sempre os mesmos<br>os que se xogan a vida.<br><\/p>\n<p>Moito enredan nos despachos<br>con palabras e promesas<br>pero chega outro ano<br>e o lume est\u00e1 na mesa.<br><\/p>\n<p>Adeus r\u00edos, adeus fontes<br>\u00a1Ai mi\u00f1a terra queimada!<br>Cada ano ven sendo o mesmo<br>e aqu\u00ed non pasa nada.<br><\/p>\n<p>Adeus vistas dos meus ollos,<br>cheos de b\u00e1goas e penas,<br>malditos fillos de puta<br>que venden a s\u00faa terra.<br><\/p>\n<\/div>\n\n\n\n<div class=\"wp-block-column is-layout-flow wp-block-column-is-layout-flow\">\n<p>Adeus gloria, adeus contento<br>\u00e1rbores da mi\u00f1a terra<br>onde os paxaros cantaban<br>a xente chora a berra.<br><\/p>\n<p>Mi\u00f1a terra, mi\u00f1a terra<br>\u00bfque che fixeron meu bene,<br>que tras a cara cuberta<br>de morte e cinza tamene?<br><\/p>\n<p>Xa se escoitan as camp\u00e1s<br>empurradas polo vento,<br>al\u00f3 van os brigadistas<br>cansados e sen alento.<br><\/p>\n<p>Outro ano acurralados<br>polo lume e polo fume<br>rep\u00edtese a mesma historia<br>coma ven sendo costume.<br><\/p>\n<\/p>Onde est\u00e1n que non se ven<br>as medidas ambieitais<br>para frear a barbarie<br>dos incendios forestais.<br><\/p>\n<p>Sempre andades dicindo<br>que para o ano que ven,<br>pero cando pasa o ano<br>o monte arde outra vez.<br><\/p>\n<p>So\u00f1ei que ti\u00f1a un so\u00f1o,<br>un pa\u00eds e unha fonte,<br>unha casi\u00f1a de pedra<br>arrodeada de monte.<br><\/p>\n<p>Espertei e abr\u00edn os ollos<br>coma quen abre unha fiestra,<br>tronou pesadelo o sono<br>que me veu bater na testa.<br><\/p>\n<p>Outro ano, outro inferno<br>de fume o ceo cuberto,<br>ven e dime meu amor<br>que nada disto  \u00e9 certo.<br><\/p>\n<p>Adeus gloria, adeus contento,<br>lembranzas dos anos mozos,<br>malparidos comerciantes<br>cheo estou de rabia e noxo.<br><\/p>\n<\/div>\n<\/div>\n","protected":false},"excerpt":{"rendered":"<div class=\"mh-excerpt\"><p>Co ver\u00e1n chega a calor,<br \/>\n o sol tam\u00e9n os turistas<br \/>\npero cando chega lume<br \/>\nfaltan moitos brigadistas. <a class=\"mh-excerpt-more\" href=\"https:\/\/www.anovapeneira.gal\/index.php\/2022\/07\/27\/coplas-de-veran\/\" title=\"Coplas de ver\u00e1n\">[&#8230;]<\/a><\/p>\n<\/div>","protected":false},"author":14,"featured_media":584,"comment_status":"open","ping_status":"open","sticky":false,"template":"","format":"standard","meta":{"_exactmetrics_skip_tracking":false,"_exactmetrics_sitenote_active":false,"_exactmetrics_sitenote_note":"","_exactmetrics_sitenote_category":0,"footnotes":""},"categories":[7],"tags":[],"class_list":{"0":"post-7839","1":"post","2":"type-post","3":"status-publish","4":"format-standard","5":"has-post-thumbnail","7":"category-artigos-de-opinion"},"yoast_head":"<!-- This site is optimized with the Yoast SEO plugin v27.5 - https:\/\/yoast.com\/product\/yoast-seo-wordpress\/ -->\n<title>Coplas de ver\u00e1n -<\/title>\n<meta name=\"robots\" content=\"index, follow, max-snippet:-1, max-image-preview:large, max-video-preview:-1\" \/>\n<link rel=\"canonical\" href=\"https:\/\/www.anovapeneira.gal\/index.php\/2022\/07\/27\/coplas-de-veran\/\" \/>\n<meta property=\"og:locale\" content=\"gl_ES\" \/>\n<meta property=\"og:type\" content=\"article\" \/>\n<meta property=\"og:title\" content=\"Coplas de ver\u00e1n -\" \/>\n<meta property=\"og:description\" content=\"Co ver\u00e1n chega a calor, o sol tam\u00e9n os turistas pero cando chega lume faltan moitos brigadistas. [...]\" \/>\n<meta property=\"og:url\" content=\"https:\/\/www.anovapeneira.gal\/index.php\/2022\/07\/27\/coplas-de-veran\/\" \/>\n<meta property=\"article:publisher\" content=\"https:\/\/www.facebook.com\/anovapeneira\" \/>\n<meta property=\"article:published_time\" content=\"2022-07-27T08:00:06+00:00\" \/>\n<meta property=\"og:image\" content=\"https:\/\/www.anovapeneira.gal\/wp-content\/uploads\/2019\/07\/ARTIGO_DE_OPINION_A_NOVA_PENEIRA.jpg\" \/>\n\t<meta property=\"og:image:width\" content=\"720\" \/>\n\t<meta property=\"og:image:height\" content=\"473\" \/>\n\t<meta property=\"og:image:type\" content=\"image\/jpeg\" \/>\n<meta name=\"author\" content=\"Xo\u00e1n Alonso\" \/>\n<meta name=\"twitter:card\" content=\"summary_large_image\" \/>\n<meta name=\"twitter:image\" content=\"https:\/\/www.anovapeneira.gal\/wp-content\/uploads\/2019\/07\/ARTIGO_DE_OPINION_A_NOVA_PENEIRA.jpg\" \/>\n<meta name=\"twitter:creator\" content=\"@APeneira\" \/>\n<meta name=\"twitter:site\" content=\"@APeneira\" \/>\n<meta name=\"twitter:label1\" content=\"Escrito por\" \/>\n\t<meta name=\"twitter:data1\" content=\"Xo\u00e1n Alonso\" \/>\n\t<meta name=\"twitter:label2\" content=\"Tempo de lectura\" \/>\n\t<meta name=\"twitter:data2\" content=\"3 minutos\" \/>\n<script type=\"application\/ld+json\" class=\"yoast-schema-graph\">{\"@context\":\"https:\\\/\\\/schema.org\",\"@graph\":[{\"@type\":\"Article\",\"@id\":\"https:\\\/\\\/www.anovapeneira.gal\\\/index.php\\\/2022\\\/07\\\/27\\\/coplas-de-veran\\\/#article\",\"isPartOf\":{\"@id\":\"https:\\\/\\\/www.anovapeneira.gal\\\/index.php\\\/2022\\\/07\\\/27\\\/coplas-de-veran\\\/\"},\"author\":{\"name\":\"Xo\u00e1n Alonso\",\"@id\":\"https:\\\/\\\/www.anovapeneira.gal\\\/#\\\/schema\\\/person\\\/3c0f6176a11937f0382c23cfcecc8810\"},\"headline\":\"Coplas de ver\u00e1n\",\"datePublished\":\"2022-07-27T08:00:06+00:00\",\"mainEntityOfPage\":{\"@id\":\"https:\\\/\\\/www.anovapeneira.gal\\\/index.php\\\/2022\\\/07\\\/27\\\/coplas-de-veran\\\/\"},\"wordCount\":496,\"commentCount\":0,\"publisher\":{\"@id\":\"https:\\\/\\\/www.anovapeneira.gal\\\/#organization\"},\"image\":{\"@id\":\"https:\\\/\\\/www.anovapeneira.gal\\\/index.php\\\/2022\\\/07\\\/27\\\/coplas-de-veran\\\/#primaryimage\"},\"thumbnailUrl\":\"https:\\\/\\\/www.anovapeneira.gal\\\/wp-content\\\/uploads\\\/2019\\\/07\\\/ARTIGO_DE_OPINION_A_NOVA_PENEIRA.jpg\",\"articleSection\":[\"Artigos de opini\u00f3n\"],\"inLanguage\":\"gl-ES\",\"potentialAction\":[{\"@type\":\"CommentAction\",\"name\":\"Comment\",\"target\":[\"https:\\\/\\\/www.anovapeneira.gal\\\/index.php\\\/2022\\\/07\\\/27\\\/coplas-de-veran\\\/#respond\"]}]},{\"@type\":\"WebPage\",\"@id\":\"https:\\\/\\\/www.anovapeneira.gal\\\/index.php\\\/2022\\\/07\\\/27\\\/coplas-de-veran\\\/\",\"url\":\"https:\\\/\\\/www.anovapeneira.gal\\\/index.php\\\/2022\\\/07\\\/27\\\/coplas-de-veran\\\/\",\"name\":\"Coplas de ver\u00e1n -\",\"isPartOf\":{\"@id\":\"https:\\\/\\\/www.anovapeneira.gal\\\/#website\"},\"primaryImageOfPage\":{\"@id\":\"https:\\\/\\\/www.anovapeneira.gal\\\/index.php\\\/2022\\\/07\\\/27\\\/coplas-de-veran\\\/#primaryimage\"},\"image\":{\"@id\":\"https:\\\/\\\/www.anovapeneira.gal\\\/index.php\\\/2022\\\/07\\\/27\\\/coplas-de-veran\\\/#primaryimage\"},\"thumbnailUrl\":\"https:\\\/\\\/www.anovapeneira.gal\\\/wp-content\\\/uploads\\\/2019\\\/07\\\/ARTIGO_DE_OPINION_A_NOVA_PENEIRA.jpg\",\"datePublished\":\"2022-07-27T08:00:06+00:00\",\"breadcrumb\":{\"@id\":\"https:\\\/\\\/www.anovapeneira.gal\\\/index.php\\\/2022\\\/07\\\/27\\\/coplas-de-veran\\\/#breadcrumb\"},\"inLanguage\":\"gl-ES\",\"potentialAction\":[{\"@type\":\"ReadAction\",\"target\":[\"https:\\\/\\\/www.anovapeneira.gal\\\/index.php\\\/2022\\\/07\\\/27\\\/coplas-de-veran\\\/\"]}]},{\"@type\":\"ImageObject\",\"inLanguage\":\"gl-ES\",\"@id\":\"https:\\\/\\\/www.anovapeneira.gal\\\/index.php\\\/2022\\\/07\\\/27\\\/coplas-de-veran\\\/#primaryimage\",\"url\":\"https:\\\/\\\/www.anovapeneira.gal\\\/wp-content\\\/uploads\\\/2019\\\/07\\\/ARTIGO_DE_OPINION_A_NOVA_PENEIRA.jpg\",\"contentUrl\":\"https:\\\/\\\/www.anovapeneira.gal\\\/wp-content\\\/uploads\\\/2019\\\/07\\\/ARTIGO_DE_OPINION_A_NOVA_PENEIRA.jpg\",\"width\":720,\"height\":473,\"caption\":\"Artigo de opini\u00f3n A Nova Peneira\"},{\"@type\":\"BreadcrumbList\",\"@id\":\"https:\\\/\\\/www.anovapeneira.gal\\\/index.php\\\/2022\\\/07\\\/27\\\/coplas-de-veran\\\/#breadcrumb\",\"itemListElement\":[{\"@type\":\"ListItem\",\"position\":1,\"name\":\"Portada\",\"item\":\"https:\\\/\\\/www.anovapeneira.gal\\\/\"},{\"@type\":\"ListItem\",\"position\":2,\"name\":\"Coplas de ver\u00e1n\"}]},{\"@type\":\"WebSite\",\"@id\":\"https:\\\/\\\/www.anovapeneira.gal\\\/#website\",\"url\":\"https:\\\/\\\/www.anovapeneira.gal\\\/\",\"name\":\"\",\"description\":\"Xornal galego de informaci\u00f3n xeral Publicaci\u00f3n mensual de novas de Galicia e en especial dos Concellos da sur da provincia de Pontevedra.\",\"publisher\":{\"@id\":\"https:\\\/\\\/www.anovapeneira.gal\\\/#organization\"},\"potentialAction\":[{\"@type\":\"SearchAction\",\"target\":{\"@type\":\"EntryPoint\",\"urlTemplate\":\"https:\\\/\\\/www.anovapeneira.gal\\\/?s={search_term_string}\"},\"query-input\":{\"@type\":\"PropertyValueSpecification\",\"valueRequired\":true,\"valueName\":\"search_term_string\"}}],\"inLanguage\":\"gl-ES\"},{\"@type\":\"Organization\",\"@id\":\"https:\\\/\\\/www.anovapeneira.gal\\\/#organization\",\"name\":\"A Nova Peneira\",\"url\":\"https:\\\/\\\/www.anovapeneira.gal\\\/\",\"logo\":{\"@type\":\"ImageObject\",\"inLanguage\":\"gl-ES\",\"@id\":\"https:\\\/\\\/www.anovapeneira.gal\\\/#\\\/schema\\\/logo\\\/image\\\/\",\"url\":\"http:\\\/\\\/www.anovapeneira.gal\\\/wp-content\\\/uploads\\\/2019\\\/06\\\/logo_a_nova_peneira_portal_web.png\",\"contentUrl\":\"http:\\\/\\\/www.anovapeneira.gal\\\/wp-content\\\/uploads\\\/2019\\\/06\\\/logo_a_nova_peneira_portal_web.png\",\"width\":300,\"height\":100,\"caption\":\"A Nova Peneira\"},\"image\":{\"@id\":\"https:\\\/\\\/www.anovapeneira.gal\\\/#\\\/schema\\\/logo\\\/image\\\/\"},\"sameAs\":[\"https:\\\/\\\/www.facebook.com\\\/anovapeneira\",\"https:\\\/\\\/x.com\\\/APeneira\"]},{\"@type\":\"Person\",\"@id\":\"https:\\\/\\\/www.anovapeneira.gal\\\/#\\\/schema\\\/person\\\/3c0f6176a11937f0382c23cfcecc8810\",\"name\":\"Xo\u00e1n Alonso\",\"image\":{\"@type\":\"ImageObject\",\"inLanguage\":\"gl-ES\",\"@id\":\"https:\\\/\\\/secure.gravatar.com\\\/avatar\\\/2363e2851e208cf25381166cf12eec1cad20b87f47b38097822f83644f99412d?s=96&d=mm&r=g\",\"url\":\"https:\\\/\\\/secure.gravatar.com\\\/avatar\\\/2363e2851e208cf25381166cf12eec1cad20b87f47b38097822f83644f99412d?s=96&d=mm&r=g\",\"contentUrl\":\"https:\\\/\\\/secure.gravatar.com\\\/avatar\\\/2363e2851e208cf25381166cf12eec1cad20b87f47b38097822f83644f99412d?s=96&d=mm&r=g\",\"caption\":\"Xo\u00e1n Alonso\"},\"sameAs\":[\"http:\\\/\\\/anovapeneira.gal\"],\"url\":\"https:\\\/\\\/www.anovapeneira.gal\\\/index.php\\\/author\\\/opinionxoan-alonso\\\/\"}]}<\/script>\n<!-- \/ Yoast SEO plugin. -->","yoast_head_json":{"title":"Coplas de ver\u00e1n -","robots":{"index":"index","follow":"follow","max-snippet":"max-snippet:-1","max-image-preview":"max-image-preview:large","max-video-preview":"max-video-preview:-1"},"canonical":"https:\/\/www.anovapeneira.gal\/index.php\/2022\/07\/27\/coplas-de-veran\/","og_locale":"gl_ES","og_type":"article","og_title":"Coplas de ver\u00e1n -","og_description":"Co ver\u00e1n chega a calor, o sol tam\u00e9n os turistas pero cando chega lume faltan moitos brigadistas. [...]","og_url":"https:\/\/www.anovapeneira.gal\/index.php\/2022\/07\/27\/coplas-de-veran\/","article_publisher":"https:\/\/www.facebook.com\/anovapeneira","article_published_time":"2022-07-27T08:00:06+00:00","og_image":[{"width":720,"height":473,"url":"https:\/\/www.anovapeneira.gal\/wp-content\/uploads\/2019\/07\/ARTIGO_DE_OPINION_A_NOVA_PENEIRA.jpg","type":"image\/jpeg"}],"author":"Xo\u00e1n Alonso","twitter_card":"summary_large_image","twitter_image":"https:\/\/www.anovapeneira.gal\/wp-content\/uploads\/2019\/07\/ARTIGO_DE_OPINION_A_NOVA_PENEIRA.jpg","twitter_creator":"@APeneira","twitter_site":"@APeneira","twitter_misc":{"Escrito por":"Xo\u00e1n Alonso","Tempo de lectura":"3 minutos"},"schema":{"@context":"https:\/\/schema.org","@graph":[{"@type":"Article","@id":"https:\/\/www.anovapeneira.gal\/index.php\/2022\/07\/27\/coplas-de-veran\/#article","isPartOf":{"@id":"https:\/\/www.anovapeneira.gal\/index.php\/2022\/07\/27\/coplas-de-veran\/"},"author":{"name":"Xo\u00e1n Alonso","@id":"https:\/\/www.anovapeneira.gal\/#\/schema\/person\/3c0f6176a11937f0382c23cfcecc8810"},"headline":"Coplas de ver\u00e1n","datePublished":"2022-07-27T08:00:06+00:00","mainEntityOfPage":{"@id":"https:\/\/www.anovapeneira.gal\/index.php\/2022\/07\/27\/coplas-de-veran\/"},"wordCount":496,"commentCount":0,"publisher":{"@id":"https:\/\/www.anovapeneira.gal\/#organization"},"image":{"@id":"https:\/\/www.anovapeneira.gal\/index.php\/2022\/07\/27\/coplas-de-veran\/#primaryimage"},"thumbnailUrl":"https:\/\/www.anovapeneira.gal\/wp-content\/uploads\/2019\/07\/ARTIGO_DE_OPINION_A_NOVA_PENEIRA.jpg","articleSection":["Artigos de opini\u00f3n"],"inLanguage":"gl-ES","potentialAction":[{"@type":"CommentAction","name":"Comment","target":["https:\/\/www.anovapeneira.gal\/index.php\/2022\/07\/27\/coplas-de-veran\/#respond"]}]},{"@type":"WebPage","@id":"https:\/\/www.anovapeneira.gal\/index.php\/2022\/07\/27\/coplas-de-veran\/","url":"https:\/\/www.anovapeneira.gal\/index.php\/2022\/07\/27\/coplas-de-veran\/","name":"Coplas de ver\u00e1n -","isPartOf":{"@id":"https:\/\/www.anovapeneira.gal\/#website"},"primaryImageOfPage":{"@id":"https:\/\/www.anovapeneira.gal\/index.php\/2022\/07\/27\/coplas-de-veran\/#primaryimage"},"image":{"@id":"https:\/\/www.anovapeneira.gal\/index.php\/2022\/07\/27\/coplas-de-veran\/#primaryimage"},"thumbnailUrl":"https:\/\/www.anovapeneira.gal\/wp-content\/uploads\/2019\/07\/ARTIGO_DE_OPINION_A_NOVA_PENEIRA.jpg","datePublished":"2022-07-27T08:00:06+00:00","breadcrumb":{"@id":"https:\/\/www.anovapeneira.gal\/index.php\/2022\/07\/27\/coplas-de-veran\/#breadcrumb"},"inLanguage":"gl-ES","potentialAction":[{"@type":"ReadAction","target":["https:\/\/www.anovapeneira.gal\/index.php\/2022\/07\/27\/coplas-de-veran\/"]}]},{"@type":"ImageObject","inLanguage":"gl-ES","@id":"https:\/\/www.anovapeneira.gal\/index.php\/2022\/07\/27\/coplas-de-veran\/#primaryimage","url":"https:\/\/www.anovapeneira.gal\/wp-content\/uploads\/2019\/07\/ARTIGO_DE_OPINION_A_NOVA_PENEIRA.jpg","contentUrl":"https:\/\/www.anovapeneira.gal\/wp-content\/uploads\/2019\/07\/ARTIGO_DE_OPINION_A_NOVA_PENEIRA.jpg","width":720,"height":473,"caption":"Artigo de opini\u00f3n A Nova Peneira"},{"@type":"BreadcrumbList","@id":"https:\/\/www.anovapeneira.gal\/index.php\/2022\/07\/27\/coplas-de-veran\/#breadcrumb","itemListElement":[{"@type":"ListItem","position":1,"name":"Portada","item":"https:\/\/www.anovapeneira.gal\/"},{"@type":"ListItem","position":2,"name":"Coplas de ver\u00e1n"}]},{"@type":"WebSite","@id":"https:\/\/www.anovapeneira.gal\/#website","url":"https:\/\/www.anovapeneira.gal\/","name":"","description":"Xornal galego de informaci\u00f3n xeral Publicaci\u00f3n mensual de novas de Galicia e en especial dos Concellos da sur da provincia de Pontevedra.","publisher":{"@id":"https:\/\/www.anovapeneira.gal\/#organization"},"potentialAction":[{"@type":"SearchAction","target":{"@type":"EntryPoint","urlTemplate":"https:\/\/www.anovapeneira.gal\/?s={search_term_string}"},"query-input":{"@type":"PropertyValueSpecification","valueRequired":true,"valueName":"search_term_string"}}],"inLanguage":"gl-ES"},{"@type":"Organization","@id":"https:\/\/www.anovapeneira.gal\/#organization","name":"A Nova Peneira","url":"https:\/\/www.anovapeneira.gal\/","logo":{"@type":"ImageObject","inLanguage":"gl-ES","@id":"https:\/\/www.anovapeneira.gal\/#\/schema\/logo\/image\/","url":"http:\/\/www.anovapeneira.gal\/wp-content\/uploads\/2019\/06\/logo_a_nova_peneira_portal_web.png","contentUrl":"http:\/\/www.anovapeneira.gal\/wp-content\/uploads\/2019\/06\/logo_a_nova_peneira_portal_web.png","width":300,"height":100,"caption":"A Nova Peneira"},"image":{"@id":"https:\/\/www.anovapeneira.gal\/#\/schema\/logo\/image\/"},"sameAs":["https:\/\/www.facebook.com\/anovapeneira","https:\/\/x.com\/APeneira"]},{"@type":"Person","@id":"https:\/\/www.anovapeneira.gal\/#\/schema\/person\/3c0f6176a11937f0382c23cfcecc8810","name":"Xo\u00e1n Alonso","image":{"@type":"ImageObject","inLanguage":"gl-ES","@id":"https:\/\/secure.gravatar.com\/avatar\/2363e2851e208cf25381166cf12eec1cad20b87f47b38097822f83644f99412d?s=96&d=mm&r=g","url":"https:\/\/secure.gravatar.com\/avatar\/2363e2851e208cf25381166cf12eec1cad20b87f47b38097822f83644f99412d?s=96&d=mm&r=g","contentUrl":"https:\/\/secure.gravatar.com\/avatar\/2363e2851e208cf25381166cf12eec1cad20b87f47b38097822f83644f99412d?s=96&d=mm&r=g","caption":"Xo\u00e1n Alonso"},"sameAs":["http:\/\/anovapeneira.gal"],"url":"https:\/\/www.anovapeneira.gal\/index.php\/author\/opinionxoan-alonso\/"}]}},"jetpack_featured_media_url":"https:\/\/www.anovapeneira.gal\/wp-content\/uploads\/2019\/07\/ARTIGO_DE_OPINION_A_NOVA_PENEIRA.jpg","_links":{"self":[{"href":"https:\/\/www.anovapeneira.gal\/index.php\/wp-json\/wp\/v2\/posts\/7839","targetHints":{"allow":["GET"]}}],"collection":[{"href":"https:\/\/www.anovapeneira.gal\/index.php\/wp-json\/wp\/v2\/posts"}],"about":[{"href":"https:\/\/www.anovapeneira.gal\/index.php\/wp-json\/wp\/v2\/types\/post"}],"author":[{"embeddable":true,"href":"https:\/\/www.anovapeneira.gal\/index.php\/wp-json\/wp\/v2\/users\/14"}],"replies":[{"embeddable":true,"href":"https:\/\/www.anovapeneira.gal\/index.php\/wp-json\/wp\/v2\/comments?post=7839"}],"version-history":[{"count":9,"href":"https:\/\/www.anovapeneira.gal\/index.php\/wp-json\/wp\/v2\/posts\/7839\/revisions"}],"predecessor-version":[{"id":7848,"href":"https:\/\/www.anovapeneira.gal\/index.php\/wp-json\/wp\/v2\/posts\/7839\/revisions\/7848"}],"wp:featuredmedia":[{"embeddable":true,"href":"https:\/\/www.anovapeneira.gal\/index.php\/wp-json\/wp\/v2\/media\/584"}],"wp:attachment":[{"href":"https:\/\/www.anovapeneira.gal\/index.php\/wp-json\/wp\/v2\/media?parent=7839"}],"wp:term":[{"taxonomy":"category","embeddable":true,"href":"https:\/\/www.anovapeneira.gal\/index.php\/wp-json\/wp\/v2\/categories?post=7839"},{"taxonomy":"post_tag","embeddable":true,"href":"https:\/\/www.anovapeneira.gal\/index.php\/wp-json\/wp\/v2\/tags?post=7839"}],"curies":[{"name":"wp","href":"https:\/\/api.w.org\/{rel}","templated":true}]}}