{"id":7851,"date":"2022-07-28T10:00:41","date_gmt":"2022-07-28T08:00:41","guid":{"rendered":"https:\/\/www.anovapeneira.gal\/?p=7851"},"modified":"2022-07-24T11:33:50","modified_gmt":"2022-07-24T09:33:50","slug":"proxectos-ao-abeiro-da-rede-agora","status":"publish","type":"post","link":"https:\/\/www.anovapeneira.gal\/index.php\/2022\/07\/28\/proxectos-ao-abeiro-da-rede-agora\/","title":{"rendered":"Proxectos\u00a0ao\u00a0abeiro\u00a0da\u00a0Rede\u00a0\u00c1gora"},"content":{"rendered":"\n<h2 class=\"wp-block-heading\">Mondariz\u00a0d\u00e1\u00a0pasos\u00a0para\u00a0promover\u00a0a\u00a0mobilidade\u00a0amable\u00a0no\u00a0centro\u00a0urbano<\/h2>\n\n\n\n<p><strong>Mondariz, 15\u00a0de\u00a0xullo de 2022<\/strong><\/p>\n\n\n\n<p>Aprov\u00e9itase\u00a0unha\u00a0subvenci\u00f3n\u00a0da\u00a0Deputaci\u00f3n\u00a0de\u00a0Pontevedra\u00a0pararedactar\u00a0un\u00a0proxecto\u00a0de\u00a0recuperaci\u00f3n\u00a0de\u00a0espazos\u00a0p\u00fablicos\u00a0para\u00a0aspersoas\u00a0e\u00a0solic\u00edtanse\u00a0outras\u00a0catro\u00a0subvenci\u00f3ns\u00a0de\u00a0diferentes\u00a0li\u00f1as\u00a0doPlan\u00a0\u00c1gora\u00a0para\u00a0sentar\u00a0as\u00a0bases\u00a0dunha\u00a0modernizaci\u00f3n\u00a0dasinfraestruturas\u00a0municipais.<\/p>\n\n\n\n<p>Mondariz&nbsp;\u00e9&nbsp;un&nbsp;dos&nbsp;54&nbsp;concellos&nbsp;da&nbsp;provincia&nbsp;de&nbsp;Pontevedra&nbsp;que&nbsp;integrana&nbsp;rede&nbsp;\u00c1gora,&nbsp;unha&nbsp;iniciativa&nbsp;impulsada&nbsp;pola&nbsp;Deputaci\u00f3n&nbsp;de&nbsp;Pontevedranos&nbsp;\u00faltimos&nbsp;anos&nbsp;para&nbsp;promover&nbsp;a&nbsp;recuperaci\u00f3n&nbsp;do&nbsp;espazo&nbsp;p\u00fablico&nbsp;paraas&nbsp;persoas.&nbsp;Ademais&nbsp;de&nbsp;participar&nbsp;activamente&nbsp;nas&nbsp;actividades&nbsp;formativasda&nbsp;rede&nbsp;\u00c1gora,&nbsp;articuladas&nbsp;na&nbsp;denominada&nbsp;Facultade&nbsp;\u00c1gora,&nbsp;o&nbsp;Gobernomunicipal&nbsp;est\u00e1&nbsp;aproveitando&nbsp;as&nbsp;diferentes&nbsp;li\u00f1as&nbsp;de&nbsp;subvenci\u00f3n&nbsp;desteplan&nbsp;para&nbsp;sentar&nbsp;as&nbsp;bases&nbsp;dunha&nbsp;profunda&nbsp;modernizaci\u00f3n&nbsp;dasinfraestruturas&nbsp;municipais.&nbsp;O&nbsp;ano&nbsp;pasado&nbsp;solicitou&nbsp;con&nbsp;\u00e9xito&nbsp;unhasubvenci\u00f3n&nbsp;para&nbsp;a&nbsp;redacci\u00f3n&nbsp;de&nbsp;proxectos&nbsp;de&nbsp;recuperaci\u00f3n&nbsp;de&nbsp;espazosp\u00fablicos&nbsp;para&nbsp;as&nbsp;persoas&nbsp;e&nbsp;a&nbsp;creaci\u00f3n&nbsp;de&nbsp;sendas&nbsp;peon\u00eds&nbsp;e\/ou&nbsp;ciclablesno&nbsp;\u00e1mbito&nbsp;municipal,&nbsp;por&nbsp;valor&nbsp;de&nbsp;50.000&nbsp;euros,&nbsp;sendo&nbsp;un&nbsp;dos&nbsp;concellossolicitantes&nbsp;con&nbsp;maior&nbsp;puntuaci\u00f3n&nbsp;na&nbsp;avaliaci\u00f3n&nbsp;final&nbsp;de&nbsp;propostas.Este&nbsp;ano,&nbsp;ademais&nbsp;de&nbsp;licitar&nbsp;e&nbsp;po\u00f1er&nbsp;en&nbsp;marcha&nbsp;este&nbsp;proxecto,&nbsp;v\u00e9n&nbsp;desolicitar&nbsp;outras&nbsp;catro&nbsp;subvenci\u00f3ns&nbsp;para&nbsp;mellorar&nbsp;a&nbsp;mobilidade&nbsp;urbana.<\/p>\n\n\n\n<p>&nbsp;O&nbsp;obxectivo&nbsp;do&nbsp;Plan&nbsp;\u00c1gora&nbsp;\u00e9&nbsp;que&nbsp;os&nbsp;concellos&nbsp;da&nbsp;rede&nbsp;incrementen&nbsp;dexeito&nbsp;substancial&nbsp;o&nbsp;espazo&nbsp;reservado&nbsp;\u00e1s&nbsp;persoas,&nbsp;cumprindo&nbsp;unha&nbsp;seriede&nbsp;principios&nbsp;que&nbsp;est\u00e1n&nbsp;na&nbsp;base&nbsp;da&nbsp;mellora&nbsp;da&nbsp;calidade&nbsp;de&nbsp;vida,&nbsp;comoconsiderar&nbsp;o&nbsp;espazo&nbsp;p\u00fablico&nbsp;como&nbsp;un&nbsp;dereito,&nbsp;dar&nbsp;prioridade&nbsp;\u00e1spersoas,&nbsp;fomentar&nbsp;unha&nbsp;mobilidade&nbsp;inclusiva&nbsp;que&nbsp;tam\u00e9n&nbsp;te\u00f1a&nbsp;en&nbsp;conta&nbsp;asmobilidades&nbsp;alternativas,&nbsp;garantir&nbsp;a&nbsp;autonom\u00eda&nbsp;infantil&nbsp;en&nbsp;espazosseguros,&nbsp;cun&nbsp;h\u00e1bitat&nbsp;saudable.&nbsp;Esta&nbsp;filosof\u00eda&nbsp;est\u00e1&nbsp;orientada&nbsp;a&nbsp;crearespazos&nbsp;amables,&nbsp;de&nbsp;calidade,&nbsp;que&nbsp;promovan&nbsp;unha&nbsp;actividade&nbsp;econ\u00f3mica&nbsp;deproximidade.<\/p>\n\n\n\n<p>&nbsp;&#8220;Polo&nbsp;momento,&nbsp;estas&nbsp;subvenci\u00f3ns&nbsp;permiten&nbsp;financiar&nbsp;a&nbsp;redacci\u00f3n&nbsp;deproxectos.&nbsp;A\u00ednda&nbsp;que&nbsp;te\u00f1amos&nbsp;que&nbsp;agardar&nbsp;certo&nbsp;tempo&nbsp;para&nbsp;verresultados,&nbsp;esta&nbsp;etapa&nbsp;de&nbsp;redacci\u00f3n&nbsp;de&nbsp;proxectos&nbsp;t\u00e9cnicos&nbsp;\u00e9&nbsp;moiimportante&nbsp;porque&nbsp;senta&nbsp;as&nbsp;bases&nbsp;de&nbsp;futuros&nbsp;desenvolvementos&nbsp;quemarcar\u00e1n&nbsp;a&nbsp;modernizaci\u00f3n&nbsp;das&nbsp;infraestruturas&nbsp;municipais,&nbsp;buscando&nbsp;unhahumanizaci\u00f3n&nbsp;do&nbsp;espazo&nbsp;p\u00fablico&#8221;,&nbsp;sinala&nbsp;Xos\u00e9&nbsp;Emilio&nbsp;Barros,&nbsp;alcaldede&nbsp;Mondariz.<\/p>\n\n\n\n<p>Os\u00a0catro\u00a0proxectos\u00a0solicitados\u00a0recentemente,\u00a0no\u00a0marco\u00a0do\u00a0Plan\u00a0\u00c1gora\u00a0daDeputaci\u00f3n\u00a0de\u00a0Pontevedra,\u00a0est\u00e1n\u00a0relacionados\u00a0coa\u00a0rede\u00a0de\u00a0servizosmunicipais,\u00a0como\u00a0as\u00a0infraestruturas\u00a0de\u00a0comunicaci\u00f3n,\u00a0abastecemento\u00a0deauga\u00a0e\u00a0saneamento.\u00a0Afectar\u00edan\u00a0\u00e1\u00a0praza\u00a0de\u00a0Merouces,\u00a0no\u00a0centro\u00a0urbano\u00a0deMondariz;\u00a0ao\u00a0barrio\u00a0do\u00a0Ceo,\u00a0na\u00a0parroquia\u00a0de\u00a0Mondariz;\u00a0\u00e1\u00a0praza\u00a0do\u00a0barriodo\u00a0Couto,\u00a0na\u00a0parroquia\u00a0de\u00a0Lougares;\u00a0e\u00a0ao\u00a0torreiro\u00a0da\u00a0festa,\u00a0na\u00a0parroquiade\u00a0Sabax\u00e1ns.<\/p>\n\n\n\n<p>&nbsp;&#8220;Coa&nbsp;redacci\u00f3n&nbsp;destes&nbsp;proxectos&nbsp;t\u00e9cnicos&nbsp;poderemos&nbsp;afrontar&nbsp;obrasimportantes&nbsp;nun&nbsp;futuro.&nbsp;\u00c9&nbsp;o&nbsp;primeiro&nbsp;paso.&nbsp;Cando&nbsp;un&nbsp;est\u00e1&nbsp;no&nbsp;Gobernomunicipal&nbsp;ten&nbsp;que&nbsp;pensar&nbsp;a&nbsp;longo&nbsp;prazo,&nbsp;con&nbsp;valent\u00eda&nbsp;e&nbsp;confianza.Soamente&nbsp;as\u00ed,&nbsp;cunha&nbsp;estratexia&nbsp;clara&nbsp;de&nbsp;modernizaci\u00f3n&nbsp;deinfraestruturas&nbsp;e&nbsp;servizos&nbsp;p\u00fablicos,&nbsp;\u00e9&nbsp;posible&nbsp;recuperar&nbsp;a&nbsp;vitalidade dun&nbsp;concello&nbsp;como&nbsp;Mondariz&#8221;,&nbsp;concl\u00fae&nbsp;Barros.<\/p>\n","protected":false},"excerpt":{"rendered":"<div class=\"mh-excerpt\"><p>Aprov\u00e9itase\u00a0unha\u00a0subvenci\u00f3n\u00a0da\u00a0Deputaci\u00f3n\u00a0de\u00a0Pontevedra\u00a0pararedactar\u00a0un\u00a0proxecto\u00a0de\u00a0recuperaci\u00f3n\u00a0de\u00a0espazos\u00a0p\u00fablicos\u00a0para\u00a0aspersoas\u00a0e\u00a0solic\u00edtanse\u00a0outras\u00a0catro\u00a0subvenci\u00f3ns\u00a0de\u00a0diferentes\u00a0li\u00f1as\u00a0doPlan\u00a0\u00c1gora\u00a0para\u00a0sentar\u00a0as\u00a0bases\u00a0dunha\u00a0modernizaci\u00f3n\u00a0dasinfraestruturas\u00a0municipais <a class=\"mh-excerpt-more\" href=\"https:\/\/www.anovapeneira.gal\/index.php\/2022\/07\/28\/proxectos-ao-abeiro-da-rede-agora\/\" title=\"Proxectos\u00a0ao\u00a0abeiro\u00a0da\u00a0Rede\u00a0\u00c1gora\">[&#8230;]<\/a><\/p>\n<\/div>","protected":false},"author":3,"featured_media":7853,"comment_status":"open","ping_status":"open","sticky":false,"template":"","format":"standard","meta":{"_exactmetrics_skip_tracking":false,"_exactmetrics_sitenote_active":false,"_exactmetrics_sitenote_note":"","_exactmetrics_sitenote_category":0,"footnotes":""},"categories":[25],"tags":[405],"class_list":{"0":"post-7851","1":"post","2":"type-post","3":"status-publish","4":"format-standard","5":"has-post-thumbnail","7":"category-condado","8":"tag-concello-de-mondariz"},"yoast_head":"<!-- This site is optimized with the Yoast SEO plugin v27.4 - https:\/\/yoast.com\/product\/yoast-seo-wordpress\/ -->\n<title>Proxectos\u00a0ao\u00a0abeiro\u00a0da\u00a0Rede\u00a0\u00c1gora -<\/title>\n<meta name=\"description\" content=\"Aprov\u00e9itase\u00a0unha\u00a0subvenci\u00f3n\u00a0da\u00a0Deputaci\u00f3n\u00a0de\u00a0Pontevedra\u00a0pararedactar\u00a0un\u00a0proxecto\u00a0de\u00a0recuperaci\u00f3n\u00a0de\u00a0espazos\u00a0p\u00fablicos\u00a0para\u00a0aspersoas\u00a0e\u00a0solic\u00edtanse\u00a0outras\u00a0catro\u00a0subvenci\u00f3ns\u00a0de\u00a0diferentes\u00a0li\u00f1as\u00a0doPlan\u00a0\u00c1gora\u00a0para\u00a0sentar\u00a0as\u00a0bases\u00a0dunha\u00a0modernizaci\u00f3n\u00a0dasinfraestruturas\u00a0municipais\" \/>\n<meta name=\"robots\" content=\"index, follow, max-snippet:-1, max-image-preview:large, max-video-preview:-1\" \/>\n<link rel=\"canonical\" href=\"https:\/\/www.anovapeneira.gal\/index.php\/2022\/07\/28\/proxectos-ao-abeiro-da-rede-agora\/\" \/>\n<meta property=\"og:locale\" content=\"gl_ES\" \/>\n<meta property=\"og:type\" content=\"article\" \/>\n<meta property=\"og:title\" content=\"Proxectos\u00a0ao\u00a0abeiro\u00a0da\u00a0Rede\u00a0\u00c1gora -\" \/>\n<meta property=\"og:description\" content=\"Aprov\u00e9itase\u00a0unha\u00a0subvenci\u00f3n\u00a0da\u00a0Deputaci\u00f3n\u00a0de\u00a0Pontevedra\u00a0pararedactar\u00a0un\u00a0proxecto\u00a0de\u00a0recuperaci\u00f3n\u00a0de\u00a0espazos\u00a0p\u00fablicos\u00a0para\u00a0aspersoas\u00a0e\u00a0solic\u00edtanse\u00a0outras\u00a0catro\u00a0subvenci\u00f3ns\u00a0de\u00a0diferentes\u00a0li\u00f1as\u00a0doPlan\u00a0\u00c1gora\u00a0para\u00a0sentar\u00a0as\u00a0bases\u00a0dunha\u00a0modernizaci\u00f3n\u00a0dasinfraestruturas\u00a0municipais\" \/>\n<meta property=\"og:url\" content=\"https:\/\/www.anovapeneira.gal\/index.php\/2022\/07\/28\/proxectos-ao-abeiro-da-rede-agora\/\" \/>\n<meta property=\"article:publisher\" content=\"https:\/\/www.facebook.com\/anovapeneira\" \/>\n<meta property=\"article:published_time\" content=\"2022-07-28T08:00:41+00:00\" \/>\n<meta property=\"og:image\" content=\"https:\/\/www.anovapeneira.gal\/wp-content\/uploads\/2022\/07\/concello_de_mondariz.jpg\" \/>\n\t<meta property=\"og:image:width\" content=\"720\" \/>\n\t<meta property=\"og:image:height\" content=\"432\" \/>\n\t<meta property=\"og:image:type\" content=\"image\/jpeg\" \/>\n<meta name=\"author\" content=\"Redacci\u00f3n A Nova Peneira\" \/>\n<meta name=\"twitter:card\" content=\"summary_large_image\" \/>\n<meta name=\"twitter:creator\" content=\"@APeneira\" \/>\n<meta name=\"twitter:site\" content=\"@APeneira\" \/>\n<meta name=\"twitter:label1\" content=\"Escrito por\" \/>\n\t<meta name=\"twitter:data1\" content=\"Redacci\u00f3n A Nova Peneira\" \/>\n\t<meta name=\"twitter:label2\" content=\"Tempo de lectura\" \/>\n\t<meta name=\"twitter:data2\" content=\"3 minutos\" \/>\n<script type=\"application\/ld+json\" class=\"yoast-schema-graph\">{\"@context\":\"https:\\\/\\\/schema.org\",\"@graph\":[{\"@type\":\"Article\",\"@id\":\"https:\\\/\\\/www.anovapeneira.gal\\\/index.php\\\/2022\\\/07\\\/28\\\/proxectos-ao-abeiro-da-rede-agora\\\/#article\",\"isPartOf\":{\"@id\":\"https:\\\/\\\/www.anovapeneira.gal\\\/index.php\\\/2022\\\/07\\\/28\\\/proxectos-ao-abeiro-da-rede-agora\\\/\"},\"author\":{\"name\":\"Redacci\u00f3n A Nova Peneira\",\"@id\":\"https:\\\/\\\/www.anovapeneira.gal\\\/#\\\/schema\\\/person\\\/b93e3f8932e3f8da96334607eb6ac6aa\"},\"headline\":\"Proxectos\u00a0ao\u00a0abeiro\u00a0da\u00a0Rede\u00a0\u00c1gora\",\"datePublished\":\"2022-07-28T08:00:41+00:00\",\"mainEntityOfPage\":{\"@id\":\"https:\\\/\\\/www.anovapeneira.gal\\\/index.php\\\/2022\\\/07\\\/28\\\/proxectos-ao-abeiro-da-rede-agora\\\/\"},\"wordCount\":785,\"commentCount\":0,\"publisher\":{\"@id\":\"https:\\\/\\\/www.anovapeneira.gal\\\/#organization\"},\"image\":{\"@id\":\"https:\\\/\\\/www.anovapeneira.gal\\\/index.php\\\/2022\\\/07\\\/28\\\/proxectos-ao-abeiro-da-rede-agora\\\/#primaryimage\"},\"thumbnailUrl\":\"https:\\\/\\\/www.anovapeneira.gal\\\/wp-content\\\/uploads\\\/2022\\\/07\\\/concello_de_mondariz.jpg\",\"keywords\":[\"Concello de Mondariz\"],\"articleSection\":[\"Condado\"],\"inLanguage\":\"gl-ES\",\"potentialAction\":[{\"@type\":\"CommentAction\",\"name\":\"Comment\",\"target\":[\"https:\\\/\\\/www.anovapeneira.gal\\\/index.php\\\/2022\\\/07\\\/28\\\/proxectos-ao-abeiro-da-rede-agora\\\/#respond\"]}]},{\"@type\":\"WebPage\",\"@id\":\"https:\\\/\\\/www.anovapeneira.gal\\\/index.php\\\/2022\\\/07\\\/28\\\/proxectos-ao-abeiro-da-rede-agora\\\/\",\"url\":\"https:\\\/\\\/www.anovapeneira.gal\\\/index.php\\\/2022\\\/07\\\/28\\\/proxectos-ao-abeiro-da-rede-agora\\\/\",\"name\":\"Proxectos\u00a0ao\u00a0abeiro\u00a0da\u00a0Rede\u00a0\u00c1gora -\",\"isPartOf\":{\"@id\":\"https:\\\/\\\/www.anovapeneira.gal\\\/#website\"},\"primaryImageOfPage\":{\"@id\":\"https:\\\/\\\/www.anovapeneira.gal\\\/index.php\\\/2022\\\/07\\\/28\\\/proxectos-ao-abeiro-da-rede-agora\\\/#primaryimage\"},\"image\":{\"@id\":\"https:\\\/\\\/www.anovapeneira.gal\\\/index.php\\\/2022\\\/07\\\/28\\\/proxectos-ao-abeiro-da-rede-agora\\\/#primaryimage\"},\"thumbnailUrl\":\"https:\\\/\\\/www.anovapeneira.gal\\\/wp-content\\\/uploads\\\/2022\\\/07\\\/concello_de_mondariz.jpg\",\"datePublished\":\"2022-07-28T08:00:41+00:00\",\"description\":\"Aprov\u00e9itase\u00a0unha\u00a0subvenci\u00f3n\u00a0da\u00a0Deputaci\u00f3n\u00a0de\u00a0Pontevedra\u00a0pararedactar\u00a0un\u00a0proxecto\u00a0de\u00a0recuperaci\u00f3n\u00a0de\u00a0espazos\u00a0p\u00fablicos\u00a0para\u00a0aspersoas\u00a0e\u00a0solic\u00edtanse\u00a0outras\u00a0catro\u00a0subvenci\u00f3ns\u00a0de\u00a0diferentes\u00a0li\u00f1as\u00a0doPlan\u00a0\u00c1gora\u00a0para\u00a0sentar\u00a0as\u00a0bases\u00a0dunha\u00a0modernizaci\u00f3n\u00a0dasinfraestruturas\u00a0municipais\",\"breadcrumb\":{\"@id\":\"https:\\\/\\\/www.anovapeneira.gal\\\/index.php\\\/2022\\\/07\\\/28\\\/proxectos-ao-abeiro-da-rede-agora\\\/#breadcrumb\"},\"inLanguage\":\"gl-ES\",\"potentialAction\":[{\"@type\":\"ReadAction\",\"target\":[\"https:\\\/\\\/www.anovapeneira.gal\\\/index.php\\\/2022\\\/07\\\/28\\\/proxectos-ao-abeiro-da-rede-agora\\\/\"]}]},{\"@type\":\"ImageObject\",\"inLanguage\":\"gl-ES\",\"@id\":\"https:\\\/\\\/www.anovapeneira.gal\\\/index.php\\\/2022\\\/07\\\/28\\\/proxectos-ao-abeiro-da-rede-agora\\\/#primaryimage\",\"url\":\"https:\\\/\\\/www.anovapeneira.gal\\\/wp-content\\\/uploads\\\/2022\\\/07\\\/concello_de_mondariz.jpg\",\"contentUrl\":\"https:\\\/\\\/www.anovapeneira.gal\\\/wp-content\\\/uploads\\\/2022\\\/07\\\/concello_de_mondariz.jpg\",\"width\":720,\"height\":432,\"caption\":\"proxectos ao abeiro da Rede \u00c1gora Mondariz\"},{\"@type\":\"BreadcrumbList\",\"@id\":\"https:\\\/\\\/www.anovapeneira.gal\\\/index.php\\\/2022\\\/07\\\/28\\\/proxectos-ao-abeiro-da-rede-agora\\\/#breadcrumb\",\"itemListElement\":[{\"@type\":\"ListItem\",\"position\":1,\"name\":\"Portada\",\"item\":\"https:\\\/\\\/www.anovapeneira.gal\\\/\"},{\"@type\":\"ListItem\",\"position\":2,\"name\":\"Proxectos\u00a0ao\u00a0abeiro\u00a0da\u00a0Rede\u00a0\u00c1gora\"}]},{\"@type\":\"WebSite\",\"@id\":\"https:\\\/\\\/www.anovapeneira.gal\\\/#website\",\"url\":\"https:\\\/\\\/www.anovapeneira.gal\\\/\",\"name\":\"\",\"description\":\"Xornal galego de informaci\u00f3n xeral Publicaci\u00f3n mensual de novas de Galicia e en especial dos Concellos da sur da provincia de Pontevedra.\",\"publisher\":{\"@id\":\"https:\\\/\\\/www.anovapeneira.gal\\\/#organization\"},\"potentialAction\":[{\"@type\":\"SearchAction\",\"target\":{\"@type\":\"EntryPoint\",\"urlTemplate\":\"https:\\\/\\\/www.anovapeneira.gal\\\/?s={search_term_string}\"},\"query-input\":{\"@type\":\"PropertyValueSpecification\",\"valueRequired\":true,\"valueName\":\"search_term_string\"}}],\"inLanguage\":\"gl-ES\"},{\"@type\":\"Organization\",\"@id\":\"https:\\\/\\\/www.anovapeneira.gal\\\/#organization\",\"name\":\"A Nova Peneira\",\"url\":\"https:\\\/\\\/www.anovapeneira.gal\\\/\",\"logo\":{\"@type\":\"ImageObject\",\"inLanguage\":\"gl-ES\",\"@id\":\"https:\\\/\\\/www.anovapeneira.gal\\\/#\\\/schema\\\/logo\\\/image\\\/\",\"url\":\"http:\\\/\\\/www.anovapeneira.gal\\\/wp-content\\\/uploads\\\/2019\\\/06\\\/logo_a_nova_peneira_portal_web.png\",\"contentUrl\":\"http:\\\/\\\/www.anovapeneira.gal\\\/wp-content\\\/uploads\\\/2019\\\/06\\\/logo_a_nova_peneira_portal_web.png\",\"width\":300,\"height\":100,\"caption\":\"A Nova Peneira\"},\"image\":{\"@id\":\"https:\\\/\\\/www.anovapeneira.gal\\\/#\\\/schema\\\/logo\\\/image\\\/\"},\"sameAs\":[\"https:\\\/\\\/www.facebook.com\\\/anovapeneira\",\"https:\\\/\\\/x.com\\\/APeneira\"]},{\"@type\":\"Person\",\"@id\":\"https:\\\/\\\/www.anovapeneira.gal\\\/#\\\/schema\\\/person\\\/b93e3f8932e3f8da96334607eb6ac6aa\",\"name\":\"Redacci\u00f3n A Nova Peneira\",\"image\":{\"@type\":\"ImageObject\",\"inLanguage\":\"gl-ES\",\"@id\":\"https:\\\/\\\/secure.gravatar.com\\\/avatar\\\/c052a2551a06e23fac63626232eaa90abd78dbcf1700fc46a2b2c89fd27b735f?s=96&d=mm&r=g\",\"url\":\"https:\\\/\\\/secure.gravatar.com\\\/avatar\\\/c052a2551a06e23fac63626232eaa90abd78dbcf1700fc46a2b2c89fd27b735f?s=96&d=mm&r=g\",\"contentUrl\":\"https:\\\/\\\/secure.gravatar.com\\\/avatar\\\/c052a2551a06e23fac63626232eaa90abd78dbcf1700fc46a2b2c89fd27b735f?s=96&d=mm&r=g\",\"caption\":\"Redacci\u00f3n A Nova Peneira\"},\"sameAs\":[\"http:\\\/\\\/www.anovapeneira.gal\\\/\"],\"url\":\"https:\\\/\\\/www.anovapeneira.gal\\\/index.php\\\/author\\\/redactor\\\/\"}]}<\/script>\n<!-- \/ Yoast SEO plugin. -->","yoast_head_json":{"title":"Proxectos\u00a0ao\u00a0abeiro\u00a0da\u00a0Rede\u00a0\u00c1gora -","description":"Aprov\u00e9itase\u00a0unha\u00a0subvenci\u00f3n\u00a0da\u00a0Deputaci\u00f3n\u00a0de\u00a0Pontevedra\u00a0pararedactar\u00a0un\u00a0proxecto\u00a0de\u00a0recuperaci\u00f3n\u00a0de\u00a0espazos\u00a0p\u00fablicos\u00a0para\u00a0aspersoas\u00a0e\u00a0solic\u00edtanse\u00a0outras\u00a0catro\u00a0subvenci\u00f3ns\u00a0de\u00a0diferentes\u00a0li\u00f1as\u00a0doPlan\u00a0\u00c1gora\u00a0para\u00a0sentar\u00a0as\u00a0bases\u00a0dunha\u00a0modernizaci\u00f3n\u00a0dasinfraestruturas\u00a0municipais","robots":{"index":"index","follow":"follow","max-snippet":"max-snippet:-1","max-image-preview":"max-image-preview:large","max-video-preview":"max-video-preview:-1"},"canonical":"https:\/\/www.anovapeneira.gal\/index.php\/2022\/07\/28\/proxectos-ao-abeiro-da-rede-agora\/","og_locale":"gl_ES","og_type":"article","og_title":"Proxectos\u00a0ao\u00a0abeiro\u00a0da\u00a0Rede\u00a0\u00c1gora -","og_description":"Aprov\u00e9itase\u00a0unha\u00a0subvenci\u00f3n\u00a0da\u00a0Deputaci\u00f3n\u00a0de\u00a0Pontevedra\u00a0pararedactar\u00a0un\u00a0proxecto\u00a0de\u00a0recuperaci\u00f3n\u00a0de\u00a0espazos\u00a0p\u00fablicos\u00a0para\u00a0aspersoas\u00a0e\u00a0solic\u00edtanse\u00a0outras\u00a0catro\u00a0subvenci\u00f3ns\u00a0de\u00a0diferentes\u00a0li\u00f1as\u00a0doPlan\u00a0\u00c1gora\u00a0para\u00a0sentar\u00a0as\u00a0bases\u00a0dunha\u00a0modernizaci\u00f3n\u00a0dasinfraestruturas\u00a0municipais","og_url":"https:\/\/www.anovapeneira.gal\/index.php\/2022\/07\/28\/proxectos-ao-abeiro-da-rede-agora\/","article_publisher":"https:\/\/www.facebook.com\/anovapeneira","article_published_time":"2022-07-28T08:00:41+00:00","og_image":[{"width":720,"height":432,"url":"https:\/\/www.anovapeneira.gal\/wp-content\/uploads\/2022\/07\/concello_de_mondariz.jpg","type":"image\/jpeg"}],"author":"Redacci\u00f3n A Nova Peneira","twitter_card":"summary_large_image","twitter_creator":"@APeneira","twitter_site":"@APeneira","twitter_misc":{"Escrito por":"Redacci\u00f3n A Nova Peneira","Tempo de lectura":"3 minutos"},"schema":{"@context":"https:\/\/schema.org","@graph":[{"@type":"Article","@id":"https:\/\/www.anovapeneira.gal\/index.php\/2022\/07\/28\/proxectos-ao-abeiro-da-rede-agora\/#article","isPartOf":{"@id":"https:\/\/www.anovapeneira.gal\/index.php\/2022\/07\/28\/proxectos-ao-abeiro-da-rede-agora\/"},"author":{"name":"Redacci\u00f3n A Nova Peneira","@id":"https:\/\/www.anovapeneira.gal\/#\/schema\/person\/b93e3f8932e3f8da96334607eb6ac6aa"},"headline":"Proxectos\u00a0ao\u00a0abeiro\u00a0da\u00a0Rede\u00a0\u00c1gora","datePublished":"2022-07-28T08:00:41+00:00","mainEntityOfPage":{"@id":"https:\/\/www.anovapeneira.gal\/index.php\/2022\/07\/28\/proxectos-ao-abeiro-da-rede-agora\/"},"wordCount":785,"commentCount":0,"publisher":{"@id":"https:\/\/www.anovapeneira.gal\/#organization"},"image":{"@id":"https:\/\/www.anovapeneira.gal\/index.php\/2022\/07\/28\/proxectos-ao-abeiro-da-rede-agora\/#primaryimage"},"thumbnailUrl":"https:\/\/www.anovapeneira.gal\/wp-content\/uploads\/2022\/07\/concello_de_mondariz.jpg","keywords":["Concello de Mondariz"],"articleSection":["Condado"],"inLanguage":"gl-ES","potentialAction":[{"@type":"CommentAction","name":"Comment","target":["https:\/\/www.anovapeneira.gal\/index.php\/2022\/07\/28\/proxectos-ao-abeiro-da-rede-agora\/#respond"]}]},{"@type":"WebPage","@id":"https:\/\/www.anovapeneira.gal\/index.php\/2022\/07\/28\/proxectos-ao-abeiro-da-rede-agora\/","url":"https:\/\/www.anovapeneira.gal\/index.php\/2022\/07\/28\/proxectos-ao-abeiro-da-rede-agora\/","name":"Proxectos\u00a0ao\u00a0abeiro\u00a0da\u00a0Rede\u00a0\u00c1gora -","isPartOf":{"@id":"https:\/\/www.anovapeneira.gal\/#website"},"primaryImageOfPage":{"@id":"https:\/\/www.anovapeneira.gal\/index.php\/2022\/07\/28\/proxectos-ao-abeiro-da-rede-agora\/#primaryimage"},"image":{"@id":"https:\/\/www.anovapeneira.gal\/index.php\/2022\/07\/28\/proxectos-ao-abeiro-da-rede-agora\/#primaryimage"},"thumbnailUrl":"https:\/\/www.anovapeneira.gal\/wp-content\/uploads\/2022\/07\/concello_de_mondariz.jpg","datePublished":"2022-07-28T08:00:41+00:00","description":"Aprov\u00e9itase\u00a0unha\u00a0subvenci\u00f3n\u00a0da\u00a0Deputaci\u00f3n\u00a0de\u00a0Pontevedra\u00a0pararedactar\u00a0un\u00a0proxecto\u00a0de\u00a0recuperaci\u00f3n\u00a0de\u00a0espazos\u00a0p\u00fablicos\u00a0para\u00a0aspersoas\u00a0e\u00a0solic\u00edtanse\u00a0outras\u00a0catro\u00a0subvenci\u00f3ns\u00a0de\u00a0diferentes\u00a0li\u00f1as\u00a0doPlan\u00a0\u00c1gora\u00a0para\u00a0sentar\u00a0as\u00a0bases\u00a0dunha\u00a0modernizaci\u00f3n\u00a0dasinfraestruturas\u00a0municipais","breadcrumb":{"@id":"https:\/\/www.anovapeneira.gal\/index.php\/2022\/07\/28\/proxectos-ao-abeiro-da-rede-agora\/#breadcrumb"},"inLanguage":"gl-ES","potentialAction":[{"@type":"ReadAction","target":["https:\/\/www.anovapeneira.gal\/index.php\/2022\/07\/28\/proxectos-ao-abeiro-da-rede-agora\/"]}]},{"@type":"ImageObject","inLanguage":"gl-ES","@id":"https:\/\/www.anovapeneira.gal\/index.php\/2022\/07\/28\/proxectos-ao-abeiro-da-rede-agora\/#primaryimage","url":"https:\/\/www.anovapeneira.gal\/wp-content\/uploads\/2022\/07\/concello_de_mondariz.jpg","contentUrl":"https:\/\/www.anovapeneira.gal\/wp-content\/uploads\/2022\/07\/concello_de_mondariz.jpg","width":720,"height":432,"caption":"proxectos ao abeiro da Rede \u00c1gora Mondariz"},{"@type":"BreadcrumbList","@id":"https:\/\/www.anovapeneira.gal\/index.php\/2022\/07\/28\/proxectos-ao-abeiro-da-rede-agora\/#breadcrumb","itemListElement":[{"@type":"ListItem","position":1,"name":"Portada","item":"https:\/\/www.anovapeneira.gal\/"},{"@type":"ListItem","position":2,"name":"Proxectos\u00a0ao\u00a0abeiro\u00a0da\u00a0Rede\u00a0\u00c1gora"}]},{"@type":"WebSite","@id":"https:\/\/www.anovapeneira.gal\/#website","url":"https:\/\/www.anovapeneira.gal\/","name":"","description":"Xornal galego de informaci\u00f3n xeral Publicaci\u00f3n mensual de novas de Galicia e en especial dos Concellos da sur da provincia de Pontevedra.","publisher":{"@id":"https:\/\/www.anovapeneira.gal\/#organization"},"potentialAction":[{"@type":"SearchAction","target":{"@type":"EntryPoint","urlTemplate":"https:\/\/www.anovapeneira.gal\/?s={search_term_string}"},"query-input":{"@type":"PropertyValueSpecification","valueRequired":true,"valueName":"search_term_string"}}],"inLanguage":"gl-ES"},{"@type":"Organization","@id":"https:\/\/www.anovapeneira.gal\/#organization","name":"A Nova Peneira","url":"https:\/\/www.anovapeneira.gal\/","logo":{"@type":"ImageObject","inLanguage":"gl-ES","@id":"https:\/\/www.anovapeneira.gal\/#\/schema\/logo\/image\/","url":"http:\/\/www.anovapeneira.gal\/wp-content\/uploads\/2019\/06\/logo_a_nova_peneira_portal_web.png","contentUrl":"http:\/\/www.anovapeneira.gal\/wp-content\/uploads\/2019\/06\/logo_a_nova_peneira_portal_web.png","width":300,"height":100,"caption":"A Nova Peneira"},"image":{"@id":"https:\/\/www.anovapeneira.gal\/#\/schema\/logo\/image\/"},"sameAs":["https:\/\/www.facebook.com\/anovapeneira","https:\/\/x.com\/APeneira"]},{"@type":"Person","@id":"https:\/\/www.anovapeneira.gal\/#\/schema\/person\/b93e3f8932e3f8da96334607eb6ac6aa","name":"Redacci\u00f3n A Nova Peneira","image":{"@type":"ImageObject","inLanguage":"gl-ES","@id":"https:\/\/secure.gravatar.com\/avatar\/c052a2551a06e23fac63626232eaa90abd78dbcf1700fc46a2b2c89fd27b735f?s=96&d=mm&r=g","url":"https:\/\/secure.gravatar.com\/avatar\/c052a2551a06e23fac63626232eaa90abd78dbcf1700fc46a2b2c89fd27b735f?s=96&d=mm&r=g","contentUrl":"https:\/\/secure.gravatar.com\/avatar\/c052a2551a06e23fac63626232eaa90abd78dbcf1700fc46a2b2c89fd27b735f?s=96&d=mm&r=g","caption":"Redacci\u00f3n A Nova Peneira"},"sameAs":["http:\/\/www.anovapeneira.gal\/"],"url":"https:\/\/www.anovapeneira.gal\/index.php\/author\/redactor\/"}]}},"jetpack_featured_media_url":"https:\/\/www.anovapeneira.gal\/wp-content\/uploads\/2022\/07\/concello_de_mondariz.jpg","_links":{"self":[{"href":"https:\/\/www.anovapeneira.gal\/index.php\/wp-json\/wp\/v2\/posts\/7851","targetHints":{"allow":["GET"]}}],"collection":[{"href":"https:\/\/www.anovapeneira.gal\/index.php\/wp-json\/wp\/v2\/posts"}],"about":[{"href":"https:\/\/www.anovapeneira.gal\/index.php\/wp-json\/wp\/v2\/types\/post"}],"author":[{"embeddable":true,"href":"https:\/\/www.anovapeneira.gal\/index.php\/wp-json\/wp\/v2\/users\/3"}],"replies":[{"embeddable":true,"href":"https:\/\/www.anovapeneira.gal\/index.php\/wp-json\/wp\/v2\/comments?post=7851"}],"version-history":[{"count":4,"href":"https:\/\/www.anovapeneira.gal\/index.php\/wp-json\/wp\/v2\/posts\/7851\/revisions"}],"predecessor-version":[{"id":7856,"href":"https:\/\/www.anovapeneira.gal\/index.php\/wp-json\/wp\/v2\/posts\/7851\/revisions\/7856"}],"wp:featuredmedia":[{"embeddable":true,"href":"https:\/\/www.anovapeneira.gal\/index.php\/wp-json\/wp\/v2\/media\/7853"}],"wp:attachment":[{"href":"https:\/\/www.anovapeneira.gal\/index.php\/wp-json\/wp\/v2\/media?parent=7851"}],"wp:term":[{"taxonomy":"category","embeddable":true,"href":"https:\/\/www.anovapeneira.gal\/index.php\/wp-json\/wp\/v2\/categories?post=7851"},{"taxonomy":"post_tag","embeddable":true,"href":"https:\/\/www.anovapeneira.gal\/index.php\/wp-json\/wp\/v2\/tags?post=7851"}],"curies":[{"name":"wp","href":"https:\/\/api.w.org\/{rel}","templated":true}]}}