{"id":7877,"date":"2022-08-02T10:00:24","date_gmt":"2022-08-02T08:00:24","guid":{"rendered":"https:\/\/www.anovapeneira.gal\/?p=7877"},"modified":"2022-07-29T10:08:43","modified_gmt":"2022-07-29T08:08:43","slug":"o-concello-lanza-unha-campana-para-que-os-comercios-utilicen-papel-de-agasallo-en-galego-2","status":"publish","type":"post","link":"https:\/\/www.anovapeneira.gal\/index.php\/2022\/08\/02\/o-concello-lanza-unha-campana-para-que-os-comercios-utilicen-papel-de-agasallo-en-galego-2\/","title":{"rendered":"O Concello lanza unha campa\u00f1a para que os comercios utilicen papel de agasallo en galego"},"content":{"rendered":"\n<p>O BNG anuncia o seu voto en contra do suplemento de cr\u00e9dito 6\/2022, destinado a facer fronte ao pago de gastos t\u00e9cnicos para a redacci\u00f3n de proxectos do denominado Plan Director de Saneamento. Unha operaci\u00f3n de marketing que busca \u201cvender fume\u201d e que non \u00e9 a primeira vez que o PP anuncia. Xa con Nelson Santos, no goberno do que Alejandro Lorenzo formou parte, presentaron un plan similar que finalmente non se concretou en nada.<\/p>\n\n\n\n<p>Alejandro Lorenzo pretende que a oposici\u00f3n lle asine un cheque en branco. Non presenta ning\u00fan proxecto concreto para negociar cos demais grupos e anuncia un Plan Director de Saneamento que sabe non vai executar e que s\u00f3 vai servir para sacarse fotos e facer propaganda pol\u00edtica. Non ten maior\u00eda e pretende actuar como se a tivese. Despois de afirmar unha e outra vez que o concello estaba na ru\u00edna e bloquear no pleno xunto con EUSON inversi\u00f3ns necesarias para O Porri\u00f1o coa \u00fanica intenci\u00f3n de afogar ao anterior goberno, agora recorre sistematicamente ao remanente de tesourer\u00eda para gobernar ou, como neste caso, para sufragar cos cartos de todas e todos o inicio da s\u00faa campa\u00f1a electoral. Son m\u00e1is de 4 mill\u00f3ns de euros en medio ano os gastados con cargo ao di\u00f1eiro que encontrou nas contas p\u00fablicas cando accedeu \u00e1 alcald\u00eda.<\/p>\n\n\n\n<figure class=\"wp-block-image size-full\"><img loading=\"lazy\" decoding=\"async\" width=\"643\" height=\"553\" src=\"https:\/\/www.anovapeneira.gal\/wp-content\/uploads\/2022\/07\/saneamento-Picouzo.jpg\" alt=\"\" class=\"wp-image-7879\" srcset=\"https:\/\/www.anovapeneira.gal\/wp-content\/uploads\/2022\/07\/saneamento-Picouzo.jpg 643w, https:\/\/www.anovapeneira.gal\/wp-content\/uploads\/2022\/07\/saneamento-Picouzo-300x258.jpg 300w\" sizes=\"auto, (max-width: 643px) 100vw, 643px\" \/><\/figure>\n\n\n\n<p>O BNG empraza a Alejandro Lorenzo a traballar para buscar recursos propios que axuden a financiar os importantes retos en materia de saneamento que O Porri\u00f1o a\u00ednda ten que afrontar; e reclamar da Xunta inversi\u00f3ns en materia de saneamento como as que ten comprometidas noutros concellos da contorna. O Bloque apoiar\u00e1 sempre que se destinen recursos para saneamentos, pero te\u00f1en que marcarse prioridades, elaborarse proxectos concretos e asignarse partidas econ\u00f3micas. Ped\u00edmoslle ao alcalde que desbloquee as obras de saneamento que deixou en marcha o BNG, caso do barrio do Picouzo e da Devesa, en Budi\u00f1o, que dar\u00edan servizo a un importante n\u00famero de vivendas e ao CEIP da Cruz, e que o goberno do PP mant\u00e9n paralizadas. En pol\u00edtica debemos velar polo ben com\u00fan e non actuar en funci\u00f3n de sa\u00edrmos ou non na foto.<\/p>\n","protected":false},"excerpt":{"rendered":"<div class=\"mh-excerpt\"><p>O BNG anuncia o seu voto en contra do suplemento de cr\u00e9dito 6\/2022, destinado a facer fronte ao pago de gastos t\u00e9cnicos para a redacci\u00f3n de proxectos do denominado Plan Director de Saneamento. Unha operaci\u00f3n de marketing que busca \u201cvender fume\u201d e que non \u00e9 a primeira vez que o PP anuncia <a class=\"mh-excerpt-more\" href=\"https:\/\/www.anovapeneira.gal\/index.php\/2022\/08\/02\/o-concello-lanza-unha-campana-para-que-os-comercios-utilicen-papel-de-agasallo-en-galego-2\/\" title=\"O Concello lanza unha campa\u00f1a para que os comercios utilicen papel de agasallo en galego\">[&#8230;]<\/a><\/p>\n<\/div>","protected":false},"author":3,"featured_media":742,"comment_status":"open","ping_status":"open","sticky":false,"template":"","format":"standard","meta":{"_exactmetrics_skip_tracking":false,"_exactmetrics_sitenote_active":false,"_exactmetrics_sitenote_note":"","_exactmetrics_sitenote_category":0,"footnotes":""},"categories":[23],"tags":[411],"class_list":{"0":"post-7877","1":"post","2":"type-post","3":"status-publish","4":"format-standard","5":"has-post-thumbnail","7":"category-a-lourina","8":"tag-concello-do-porrino"},"yoast_head":"<!-- This site is optimized with the Yoast SEO plugin v27.4 - https:\/\/yoast.com\/product\/yoast-seo-wordpress\/ -->\n<title>O Concello lanza unha campa\u00f1a para que os comercios utilicen papel de agasallo en galego -<\/title>\n<meta name=\"robots\" content=\"index, follow, max-snippet:-1, max-image-preview:large, max-video-preview:-1\" \/>\n<link rel=\"canonical\" href=\"https:\/\/www.anovapeneira.gal\/index.php\/2022\/08\/02\/o-concello-lanza-unha-campana-para-que-os-comercios-utilicen-papel-de-agasallo-en-galego-2\/\" \/>\n<meta property=\"og:locale\" content=\"gl_ES\" \/>\n<meta property=\"og:type\" content=\"article\" \/>\n<meta property=\"og:title\" content=\"O Concello lanza unha campa\u00f1a para que os comercios utilicen papel de agasallo en galego -\" \/>\n<meta property=\"og:description\" content=\"O BNG anuncia o seu voto en contra do suplemento de cr\u00e9dito 6\/2022, destinado a facer fronte ao pago de gastos t\u00e9cnicos para a redacci\u00f3n de proxectos do denominado Plan Director de Saneamento. Unha operaci\u00f3n de marketing que busca \u201cvender fume\u201d e que non \u00e9 a primeira vez que o PP anuncia [...]\" \/>\n<meta property=\"og:url\" content=\"https:\/\/www.anovapeneira.gal\/index.php\/2022\/08\/02\/o-concello-lanza-unha-campana-para-que-os-comercios-utilicen-papel-de-agasallo-en-galego-2\/\" \/>\n<meta property=\"article:publisher\" content=\"https:\/\/www.facebook.com\/anovapeneira\" \/>\n<meta property=\"article:published_time\" content=\"2022-08-02T08:00:24+00:00\" \/>\n<meta property=\"og:image\" content=\"https:\/\/www.anovapeneira.gal\/wp-content\/uploads\/2019\/07\/pedro_pereira_a_nova_peneira.jpg\" \/>\n\t<meta property=\"og:image:width\" content=\"720\" \/>\n\t<meta property=\"og:image:height\" content=\"473\" \/>\n\t<meta property=\"og:image:type\" content=\"image\/jpeg\" \/>\n<meta name=\"author\" content=\"Redacci\u00f3n A Nova Peneira\" \/>\n<meta name=\"twitter:card\" content=\"summary_large_image\" \/>\n<meta name=\"twitter:creator\" content=\"@APeneira\" \/>\n<meta name=\"twitter:site\" content=\"@APeneira\" \/>\n<meta name=\"twitter:label1\" content=\"Escrito por\" \/>\n\t<meta name=\"twitter:data1\" content=\"Redacci\u00f3n A Nova Peneira\" \/>\n\t<meta name=\"twitter:label2\" content=\"Tempo de lectura\" \/>\n\t<meta name=\"twitter:data2\" content=\"3 minutos\" \/>\n<script type=\"application\/ld+json\" class=\"yoast-schema-graph\">{\"@context\":\"https:\\\/\\\/schema.org\",\"@graph\":[{\"@type\":\"Article\",\"@id\":\"https:\\\/\\\/www.anovapeneira.gal\\\/index.php\\\/2022\\\/08\\\/02\\\/o-concello-lanza-unha-campana-para-que-os-comercios-utilicen-papel-de-agasallo-en-galego-2\\\/#article\",\"isPartOf\":{\"@id\":\"https:\\\/\\\/www.anovapeneira.gal\\\/index.php\\\/2022\\\/08\\\/02\\\/o-concello-lanza-unha-campana-para-que-os-comercios-utilicen-papel-de-agasallo-en-galego-2\\\/\"},\"author\":{\"name\":\"Redacci\u00f3n A Nova Peneira\",\"@id\":\"https:\\\/\\\/www.anovapeneira.gal\\\/#\\\/schema\\\/person\\\/b93e3f8932e3f8da96334607eb6ac6aa\"},\"headline\":\"O Concello lanza unha campa\u00f1a para que os comercios utilicen papel de agasallo en galego\",\"datePublished\":\"2022-08-02T08:00:24+00:00\",\"mainEntityOfPage\":{\"@id\":\"https:\\\/\\\/www.anovapeneira.gal\\\/index.php\\\/2022\\\/08\\\/02\\\/o-concello-lanza-unha-campana-para-que-os-comercios-utilicen-papel-de-agasallo-en-galego-2\\\/\"},\"wordCount\":397,\"commentCount\":0,\"publisher\":{\"@id\":\"https:\\\/\\\/www.anovapeneira.gal\\\/#organization\"},\"image\":{\"@id\":\"https:\\\/\\\/www.anovapeneira.gal\\\/index.php\\\/2022\\\/08\\\/02\\\/o-concello-lanza-unha-campana-para-que-os-comercios-utilicen-papel-de-agasallo-en-galego-2\\\/#primaryimage\"},\"thumbnailUrl\":\"https:\\\/\\\/www.anovapeneira.gal\\\/wp-content\\\/uploads\\\/2019\\\/07\\\/pedro_pereira_a_nova_peneira.jpg\",\"keywords\":[\"Concello do Porri\u00f1o\"],\"articleSection\":[\"A Louri\u00f1a\"],\"inLanguage\":\"gl-ES\",\"potentialAction\":[{\"@type\":\"CommentAction\",\"name\":\"Comment\",\"target\":[\"https:\\\/\\\/www.anovapeneira.gal\\\/index.php\\\/2022\\\/08\\\/02\\\/o-concello-lanza-unha-campana-para-que-os-comercios-utilicen-papel-de-agasallo-en-galego-2\\\/#respond\"]}]},{\"@type\":\"WebPage\",\"@id\":\"https:\\\/\\\/www.anovapeneira.gal\\\/index.php\\\/2022\\\/08\\\/02\\\/o-concello-lanza-unha-campana-para-que-os-comercios-utilicen-papel-de-agasallo-en-galego-2\\\/\",\"url\":\"https:\\\/\\\/www.anovapeneira.gal\\\/index.php\\\/2022\\\/08\\\/02\\\/o-concello-lanza-unha-campana-para-que-os-comercios-utilicen-papel-de-agasallo-en-galego-2\\\/\",\"name\":\"O Concello lanza unha campa\u00f1a para que os comercios utilicen papel de agasallo en galego -\",\"isPartOf\":{\"@id\":\"https:\\\/\\\/www.anovapeneira.gal\\\/#website\"},\"primaryImageOfPage\":{\"@id\":\"https:\\\/\\\/www.anovapeneira.gal\\\/index.php\\\/2022\\\/08\\\/02\\\/o-concello-lanza-unha-campana-para-que-os-comercios-utilicen-papel-de-agasallo-en-galego-2\\\/#primaryimage\"},\"image\":{\"@id\":\"https:\\\/\\\/www.anovapeneira.gal\\\/index.php\\\/2022\\\/08\\\/02\\\/o-concello-lanza-unha-campana-para-que-os-comercios-utilicen-papel-de-agasallo-en-galego-2\\\/#primaryimage\"},\"thumbnailUrl\":\"https:\\\/\\\/www.anovapeneira.gal\\\/wp-content\\\/uploads\\\/2019\\\/07\\\/pedro_pereira_a_nova_peneira.jpg\",\"datePublished\":\"2022-08-02T08:00:24+00:00\",\"breadcrumb\":{\"@id\":\"https:\\\/\\\/www.anovapeneira.gal\\\/index.php\\\/2022\\\/08\\\/02\\\/o-concello-lanza-unha-campana-para-que-os-comercios-utilicen-papel-de-agasallo-en-galego-2\\\/#breadcrumb\"},\"inLanguage\":\"gl-ES\",\"potentialAction\":[{\"@type\":\"ReadAction\",\"target\":[\"https:\\\/\\\/www.anovapeneira.gal\\\/index.php\\\/2022\\\/08\\\/02\\\/o-concello-lanza-unha-campana-para-que-os-comercios-utilicen-papel-de-agasallo-en-galego-2\\\/\"]}]},{\"@type\":\"ImageObject\",\"inLanguage\":\"gl-ES\",\"@id\":\"https:\\\/\\\/www.anovapeneira.gal\\\/index.php\\\/2022\\\/08\\\/02\\\/o-concello-lanza-unha-campana-para-que-os-comercios-utilicen-papel-de-agasallo-en-galego-2\\\/#primaryimage\",\"url\":\"https:\\\/\\\/www.anovapeneira.gal\\\/wp-content\\\/uploads\\\/2019\\\/07\\\/pedro_pereira_a_nova_peneira.jpg\",\"contentUrl\":\"https:\\\/\\\/www.anovapeneira.gal\\\/wp-content\\\/uploads\\\/2019\\\/07\\\/pedro_pereira_a_nova_peneira.jpg\",\"width\":720,\"height\":473,\"caption\":\"Pedro Pereira Concello do Porir\u00f1o\"},{\"@type\":\"BreadcrumbList\",\"@id\":\"https:\\\/\\\/www.anovapeneira.gal\\\/index.php\\\/2022\\\/08\\\/02\\\/o-concello-lanza-unha-campana-para-que-os-comercios-utilicen-papel-de-agasallo-en-galego-2\\\/#breadcrumb\",\"itemListElement\":[{\"@type\":\"ListItem\",\"position\":1,\"name\":\"Portada\",\"item\":\"https:\\\/\\\/www.anovapeneira.gal\\\/\"},{\"@type\":\"ListItem\",\"position\":2,\"name\":\"O Concello lanza unha campa\u00f1a para que os comercios utilicen papel de agasallo en galego\"}]},{\"@type\":\"WebSite\",\"@id\":\"https:\\\/\\\/www.anovapeneira.gal\\\/#website\",\"url\":\"https:\\\/\\\/www.anovapeneira.gal\\\/\",\"name\":\"\",\"description\":\"Xornal galego de informaci\u00f3n xeral Publicaci\u00f3n mensual de novas de Galicia e en especial dos Concellos da sur da provincia de Pontevedra.\",\"publisher\":{\"@id\":\"https:\\\/\\\/www.anovapeneira.gal\\\/#organization\"},\"potentialAction\":[{\"@type\":\"SearchAction\",\"target\":{\"@type\":\"EntryPoint\",\"urlTemplate\":\"https:\\\/\\\/www.anovapeneira.gal\\\/?s={search_term_string}\"},\"query-input\":{\"@type\":\"PropertyValueSpecification\",\"valueRequired\":true,\"valueName\":\"search_term_string\"}}],\"inLanguage\":\"gl-ES\"},{\"@type\":\"Organization\",\"@id\":\"https:\\\/\\\/www.anovapeneira.gal\\\/#organization\",\"name\":\"A Nova Peneira\",\"url\":\"https:\\\/\\\/www.anovapeneira.gal\\\/\",\"logo\":{\"@type\":\"ImageObject\",\"inLanguage\":\"gl-ES\",\"@id\":\"https:\\\/\\\/www.anovapeneira.gal\\\/#\\\/schema\\\/logo\\\/image\\\/\",\"url\":\"http:\\\/\\\/www.anovapeneira.gal\\\/wp-content\\\/uploads\\\/2019\\\/06\\\/logo_a_nova_peneira_portal_web.png\",\"contentUrl\":\"http:\\\/\\\/www.anovapeneira.gal\\\/wp-content\\\/uploads\\\/2019\\\/06\\\/logo_a_nova_peneira_portal_web.png\",\"width\":300,\"height\":100,\"caption\":\"A Nova Peneira\"},\"image\":{\"@id\":\"https:\\\/\\\/www.anovapeneira.gal\\\/#\\\/schema\\\/logo\\\/image\\\/\"},\"sameAs\":[\"https:\\\/\\\/www.facebook.com\\\/anovapeneira\",\"https:\\\/\\\/x.com\\\/APeneira\"]},{\"@type\":\"Person\",\"@id\":\"https:\\\/\\\/www.anovapeneira.gal\\\/#\\\/schema\\\/person\\\/b93e3f8932e3f8da96334607eb6ac6aa\",\"name\":\"Redacci\u00f3n A Nova Peneira\",\"image\":{\"@type\":\"ImageObject\",\"inLanguage\":\"gl-ES\",\"@id\":\"https:\\\/\\\/secure.gravatar.com\\\/avatar\\\/c052a2551a06e23fac63626232eaa90abd78dbcf1700fc46a2b2c89fd27b735f?s=96&d=mm&r=g\",\"url\":\"https:\\\/\\\/secure.gravatar.com\\\/avatar\\\/c052a2551a06e23fac63626232eaa90abd78dbcf1700fc46a2b2c89fd27b735f?s=96&d=mm&r=g\",\"contentUrl\":\"https:\\\/\\\/secure.gravatar.com\\\/avatar\\\/c052a2551a06e23fac63626232eaa90abd78dbcf1700fc46a2b2c89fd27b735f?s=96&d=mm&r=g\",\"caption\":\"Redacci\u00f3n A Nova Peneira\"},\"sameAs\":[\"http:\\\/\\\/www.anovapeneira.gal\\\/\"],\"url\":\"https:\\\/\\\/www.anovapeneira.gal\\\/index.php\\\/author\\\/redactor\\\/\"}]}<\/script>\n<!-- \/ Yoast SEO plugin. -->","yoast_head_json":{"title":"O Concello lanza unha campa\u00f1a para que os comercios utilicen papel de agasallo en galego -","robots":{"index":"index","follow":"follow","max-snippet":"max-snippet:-1","max-image-preview":"max-image-preview:large","max-video-preview":"max-video-preview:-1"},"canonical":"https:\/\/www.anovapeneira.gal\/index.php\/2022\/08\/02\/o-concello-lanza-unha-campana-para-que-os-comercios-utilicen-papel-de-agasallo-en-galego-2\/","og_locale":"gl_ES","og_type":"article","og_title":"O Concello lanza unha campa\u00f1a para que os comercios utilicen papel de agasallo en galego -","og_description":"O BNG anuncia o seu voto en contra do suplemento de cr\u00e9dito 6\/2022, destinado a facer fronte ao pago de gastos t\u00e9cnicos para a redacci\u00f3n de proxectos do denominado Plan Director de Saneamento. Unha operaci\u00f3n de marketing que busca \u201cvender fume\u201d e que non \u00e9 a primeira vez que o PP anuncia [...]","og_url":"https:\/\/www.anovapeneira.gal\/index.php\/2022\/08\/02\/o-concello-lanza-unha-campana-para-que-os-comercios-utilicen-papel-de-agasallo-en-galego-2\/","article_publisher":"https:\/\/www.facebook.com\/anovapeneira","article_published_time":"2022-08-02T08:00:24+00:00","og_image":[{"width":720,"height":473,"url":"https:\/\/www.anovapeneira.gal\/wp-content\/uploads\/2019\/07\/pedro_pereira_a_nova_peneira.jpg","type":"image\/jpeg"}],"author":"Redacci\u00f3n A Nova Peneira","twitter_card":"summary_large_image","twitter_creator":"@APeneira","twitter_site":"@APeneira","twitter_misc":{"Escrito por":"Redacci\u00f3n A Nova Peneira","Tempo de lectura":"3 minutos"},"schema":{"@context":"https:\/\/schema.org","@graph":[{"@type":"Article","@id":"https:\/\/www.anovapeneira.gal\/index.php\/2022\/08\/02\/o-concello-lanza-unha-campana-para-que-os-comercios-utilicen-papel-de-agasallo-en-galego-2\/#article","isPartOf":{"@id":"https:\/\/www.anovapeneira.gal\/index.php\/2022\/08\/02\/o-concello-lanza-unha-campana-para-que-os-comercios-utilicen-papel-de-agasallo-en-galego-2\/"},"author":{"name":"Redacci\u00f3n A Nova Peneira","@id":"https:\/\/www.anovapeneira.gal\/#\/schema\/person\/b93e3f8932e3f8da96334607eb6ac6aa"},"headline":"O Concello lanza unha campa\u00f1a para que os comercios utilicen papel de agasallo en galego","datePublished":"2022-08-02T08:00:24+00:00","mainEntityOfPage":{"@id":"https:\/\/www.anovapeneira.gal\/index.php\/2022\/08\/02\/o-concello-lanza-unha-campana-para-que-os-comercios-utilicen-papel-de-agasallo-en-galego-2\/"},"wordCount":397,"commentCount":0,"publisher":{"@id":"https:\/\/www.anovapeneira.gal\/#organization"},"image":{"@id":"https:\/\/www.anovapeneira.gal\/index.php\/2022\/08\/02\/o-concello-lanza-unha-campana-para-que-os-comercios-utilicen-papel-de-agasallo-en-galego-2\/#primaryimage"},"thumbnailUrl":"https:\/\/www.anovapeneira.gal\/wp-content\/uploads\/2019\/07\/pedro_pereira_a_nova_peneira.jpg","keywords":["Concello do Porri\u00f1o"],"articleSection":["A Louri\u00f1a"],"inLanguage":"gl-ES","potentialAction":[{"@type":"CommentAction","name":"Comment","target":["https:\/\/www.anovapeneira.gal\/index.php\/2022\/08\/02\/o-concello-lanza-unha-campana-para-que-os-comercios-utilicen-papel-de-agasallo-en-galego-2\/#respond"]}]},{"@type":"WebPage","@id":"https:\/\/www.anovapeneira.gal\/index.php\/2022\/08\/02\/o-concello-lanza-unha-campana-para-que-os-comercios-utilicen-papel-de-agasallo-en-galego-2\/","url":"https:\/\/www.anovapeneira.gal\/index.php\/2022\/08\/02\/o-concello-lanza-unha-campana-para-que-os-comercios-utilicen-papel-de-agasallo-en-galego-2\/","name":"O Concello lanza unha campa\u00f1a para que os comercios utilicen papel de agasallo en galego -","isPartOf":{"@id":"https:\/\/www.anovapeneira.gal\/#website"},"primaryImageOfPage":{"@id":"https:\/\/www.anovapeneira.gal\/index.php\/2022\/08\/02\/o-concello-lanza-unha-campana-para-que-os-comercios-utilicen-papel-de-agasallo-en-galego-2\/#primaryimage"},"image":{"@id":"https:\/\/www.anovapeneira.gal\/index.php\/2022\/08\/02\/o-concello-lanza-unha-campana-para-que-os-comercios-utilicen-papel-de-agasallo-en-galego-2\/#primaryimage"},"thumbnailUrl":"https:\/\/www.anovapeneira.gal\/wp-content\/uploads\/2019\/07\/pedro_pereira_a_nova_peneira.jpg","datePublished":"2022-08-02T08:00:24+00:00","breadcrumb":{"@id":"https:\/\/www.anovapeneira.gal\/index.php\/2022\/08\/02\/o-concello-lanza-unha-campana-para-que-os-comercios-utilicen-papel-de-agasallo-en-galego-2\/#breadcrumb"},"inLanguage":"gl-ES","potentialAction":[{"@type":"ReadAction","target":["https:\/\/www.anovapeneira.gal\/index.php\/2022\/08\/02\/o-concello-lanza-unha-campana-para-que-os-comercios-utilicen-papel-de-agasallo-en-galego-2\/"]}]},{"@type":"ImageObject","inLanguage":"gl-ES","@id":"https:\/\/www.anovapeneira.gal\/index.php\/2022\/08\/02\/o-concello-lanza-unha-campana-para-que-os-comercios-utilicen-papel-de-agasallo-en-galego-2\/#primaryimage","url":"https:\/\/www.anovapeneira.gal\/wp-content\/uploads\/2019\/07\/pedro_pereira_a_nova_peneira.jpg","contentUrl":"https:\/\/www.anovapeneira.gal\/wp-content\/uploads\/2019\/07\/pedro_pereira_a_nova_peneira.jpg","width":720,"height":473,"caption":"Pedro Pereira Concello do Porir\u00f1o"},{"@type":"BreadcrumbList","@id":"https:\/\/www.anovapeneira.gal\/index.php\/2022\/08\/02\/o-concello-lanza-unha-campana-para-que-os-comercios-utilicen-papel-de-agasallo-en-galego-2\/#breadcrumb","itemListElement":[{"@type":"ListItem","position":1,"name":"Portada","item":"https:\/\/www.anovapeneira.gal\/"},{"@type":"ListItem","position":2,"name":"O Concello lanza unha campa\u00f1a para que os comercios utilicen papel de agasallo en galego"}]},{"@type":"WebSite","@id":"https:\/\/www.anovapeneira.gal\/#website","url":"https:\/\/www.anovapeneira.gal\/","name":"","description":"Xornal galego de informaci\u00f3n xeral Publicaci\u00f3n mensual de novas de Galicia e en especial dos Concellos da sur da provincia de Pontevedra.","publisher":{"@id":"https:\/\/www.anovapeneira.gal\/#organization"},"potentialAction":[{"@type":"SearchAction","target":{"@type":"EntryPoint","urlTemplate":"https:\/\/www.anovapeneira.gal\/?s={search_term_string}"},"query-input":{"@type":"PropertyValueSpecification","valueRequired":true,"valueName":"search_term_string"}}],"inLanguage":"gl-ES"},{"@type":"Organization","@id":"https:\/\/www.anovapeneira.gal\/#organization","name":"A Nova Peneira","url":"https:\/\/www.anovapeneira.gal\/","logo":{"@type":"ImageObject","inLanguage":"gl-ES","@id":"https:\/\/www.anovapeneira.gal\/#\/schema\/logo\/image\/","url":"http:\/\/www.anovapeneira.gal\/wp-content\/uploads\/2019\/06\/logo_a_nova_peneira_portal_web.png","contentUrl":"http:\/\/www.anovapeneira.gal\/wp-content\/uploads\/2019\/06\/logo_a_nova_peneira_portal_web.png","width":300,"height":100,"caption":"A Nova Peneira"},"image":{"@id":"https:\/\/www.anovapeneira.gal\/#\/schema\/logo\/image\/"},"sameAs":["https:\/\/www.facebook.com\/anovapeneira","https:\/\/x.com\/APeneira"]},{"@type":"Person","@id":"https:\/\/www.anovapeneira.gal\/#\/schema\/person\/b93e3f8932e3f8da96334607eb6ac6aa","name":"Redacci\u00f3n A Nova Peneira","image":{"@type":"ImageObject","inLanguage":"gl-ES","@id":"https:\/\/secure.gravatar.com\/avatar\/c052a2551a06e23fac63626232eaa90abd78dbcf1700fc46a2b2c89fd27b735f?s=96&d=mm&r=g","url":"https:\/\/secure.gravatar.com\/avatar\/c052a2551a06e23fac63626232eaa90abd78dbcf1700fc46a2b2c89fd27b735f?s=96&d=mm&r=g","contentUrl":"https:\/\/secure.gravatar.com\/avatar\/c052a2551a06e23fac63626232eaa90abd78dbcf1700fc46a2b2c89fd27b735f?s=96&d=mm&r=g","caption":"Redacci\u00f3n A Nova Peneira"},"sameAs":["http:\/\/www.anovapeneira.gal\/"],"url":"https:\/\/www.anovapeneira.gal\/index.php\/author\/redactor\/"}]}},"jetpack_featured_media_url":"https:\/\/www.anovapeneira.gal\/wp-content\/uploads\/2019\/07\/pedro_pereira_a_nova_peneira.jpg","_links":{"self":[{"href":"https:\/\/www.anovapeneira.gal\/index.php\/wp-json\/wp\/v2\/posts\/7877","targetHints":{"allow":["GET"]}}],"collection":[{"href":"https:\/\/www.anovapeneira.gal\/index.php\/wp-json\/wp\/v2\/posts"}],"about":[{"href":"https:\/\/www.anovapeneira.gal\/index.php\/wp-json\/wp\/v2\/types\/post"}],"author":[{"embeddable":true,"href":"https:\/\/www.anovapeneira.gal\/index.php\/wp-json\/wp\/v2\/users\/3"}],"replies":[{"embeddable":true,"href":"https:\/\/www.anovapeneira.gal\/index.php\/wp-json\/wp\/v2\/comments?post=7877"}],"version-history":[{"count":2,"href":"https:\/\/www.anovapeneira.gal\/index.php\/wp-json\/wp\/v2\/posts\/7877\/revisions"}],"predecessor-version":[{"id":7880,"href":"https:\/\/www.anovapeneira.gal\/index.php\/wp-json\/wp\/v2\/posts\/7877\/revisions\/7880"}],"wp:featuredmedia":[{"embeddable":true,"href":"https:\/\/www.anovapeneira.gal\/index.php\/wp-json\/wp\/v2\/media\/742"}],"wp:attachment":[{"href":"https:\/\/www.anovapeneira.gal\/index.php\/wp-json\/wp\/v2\/media?parent=7877"}],"wp:term":[{"taxonomy":"category","embeddable":true,"href":"https:\/\/www.anovapeneira.gal\/index.php\/wp-json\/wp\/v2\/categories?post=7877"},{"taxonomy":"post_tag","embeddable":true,"href":"https:\/\/www.anovapeneira.gal\/index.php\/wp-json\/wp\/v2\/tags?post=7877"}],"curies":[{"name":"wp","href":"https:\/\/api.w.org\/{rel}","templated":true}]}}