{"id":7883,"date":"2022-08-03T10:00:32","date_gmt":"2022-08-03T08:00:32","guid":{"rendered":"https:\/\/www.anovapeneira.gal\/?p=7883"},"modified":"2022-08-01T10:18:52","modified_gmt":"2022-08-01T08:18:52","slug":"unidas-podemos-insta-ao-goberno-a-bonificar-o-100-dos-abonos-avant-engalicia","status":"publish","type":"post","link":"https:\/\/www.anovapeneira.gal\/index.php\/2022\/08\/03\/unidas-podemos-insta-ao-goberno-a-bonificar-o-100-dos-abonos-avant-engalicia\/","title":{"rendered":"Unidas\u00a0Podemos\u00a0insta\u00a0ao\u00a0Goberno\u00a0a\u00a0bonificar\u00a0o\u00a0100%\u00a0dos\u00a0abonos\u00a0AVANT\u00a0enGalicia"},"content":{"rendered":"\n<p><strong>A\u00a0Coru\u00f1a,\u00a028\u00a0\u00a0de\u00a0xullo de 2022<\/strong><\/p>\n\n\n\n<p>Galicia&nbsp;en&nbsp;Com\u00fan&nbsp;rexistrou&nbsp;unha&nbsp;bater\u00eda&nbsp;depreguntas&nbsp;dirixidas&nbsp;ao&nbsp;Ministerio&nbsp;de&nbsp;Transportes&nbsp;relativas&nbsp;\u00e1implementaci\u00f3n&nbsp;das&nbsp;bonificaci\u00f3ns&nbsp;dos&nbsp;abonos&nbsp;do&nbsp;servizo&nbsp;ferroviario&nbsp;deproximidade&nbsp;e&nbsp;media&nbsp;distancia.<\/p>\n\n\n\n<p>Nas\u00a0bonificaci\u00f3ns\u00a0anunciadas\u00a0polo\u00a0Goberno\u00a0non\u00a0se\u00a0incl\u00fae\u00a0a\u00a0li\u00f1a\u00a0AVANT,que\u00a0en\u00a0Galicia\u00a0conecta\u00a0A\u00a0Coru\u00f1a,\u00a0Santiago\u00a0de\u00a0Compostela\u00a0e\u00a0Ourense,frecuentado\u00a0diariamente\u00a0por\u00a0miles\u00a0de\u00a0galegos.\u00a0As\u00a0frecuencias\u00a0actuais\u00a0de RENFE\u00a0non\u00a0cobren\u00a0as\u00a0demandas\u00a0dos\u00a0viaxeiros\u00a0e\u00a0algunhas\u00a0delas\u00a0que\u00a0foronsuspendidas\u00a0para\u00a0conter\u00a0a\u00a0pandemia\u00a0a\u00ednda\u00a0non\u00a0se\u00a0recuperaron.<\/p>\n\n\n\n<p>Con&nbsp;este&nbsp;contexto,&nbsp;Galicia&nbsp;en&nbsp;Com\u00fan&nbsp;pregunta&nbsp;ao&nbsp;Goberno&nbsp;os&nbsp;motivospolos&nbsp;que&nbsp;se&nbsp;exclu\u00edu&nbsp;\u00e1&nbsp;li\u00f1a&nbsp;AVANT&nbsp;da&nbsp;bonificaci\u00f3n&nbsp;do&nbsp;100%.&nbsp;\u201cCunhasfrecuencias&nbsp;de&nbsp;media&nbsp;distancia&nbsp;insuficientes&nbsp;\u00e9&nbsp;de&nbsp;xustiza&nbsp;que&nbsp;osgalegos&nbsp;e&nbsp;as&nbsp;galegas&nbsp;te\u00f1an&nbsp;os&nbsp;abonos&nbsp;totalmente&nbsp;bonificados\u201d,&nbsp;sinalao&nbsp;secretario&nbsp;xeral&nbsp;de&nbsp;Podemos&nbsp;Galicia&nbsp;e&nbsp;deputado&nbsp;de&nbsp;Galicia&nbsp;en&nbsp;Com\u00fan,Ant\u00f3n&nbsp;G\u00f3mez&nbsp;Reino.<\/p>\n\n\n\n<p>Neste&nbsp;sentido,&nbsp;o&nbsp;deputado&nbsp;sost\u00e9n&nbsp;que&nbsp;\u201chai&nbsp;que&nbsp;traballar&nbsp;para&nbsp;melloraro&nbsp;servizo&nbsp;de&nbsp;tren&nbsp;en&nbsp;Galicia.&nbsp;As&nbsp;bonificaci\u00f3ns&nbsp;traer\u00e1n&nbsp;un&nbsp;impactopositivo&nbsp;para&nbsp;as&nbsp;galegas,&nbsp;pero&nbsp;non&nbsp;da&nbsp;mesma&nbsp;maneira&nbsp;que&nbsp;noutrosterritorios&nbsp;que&nbsp;si&nbsp;contan&nbsp;cuns&nbsp;bos&nbsp;horarios&nbsp;e&nbsp;unha&nbsp;rede&nbsp;de&nbsp;proximidadeforte.&nbsp;En&nbsp;Galicia&nbsp;hai&nbsp;comarcas&nbsp;que&nbsp;est\u00e1n&nbsp;incomunicadas,&nbsp;con&nbsp;estaci\u00f3nsen&nbsp;moi&nbsp;mal&nbsp;estado&nbsp;e&nbsp;sen&nbsp;persoal,&nbsp;por&nbsp;iso&nbsp;para&nbsp;moitas&nbsp;persoas&nbsp;o&nbsp;tren&nbsp;non\u00e9&nbsp;unha&nbsp;opci\u00f3n&nbsp;viable.&nbsp;A\u00ed&nbsp;\u00e9&nbsp;onde&nbsp;hai&nbsp;que&nbsp;traballar.&nbsp;Conseguir&nbsp;que&nbsp;nonhaxa&nbsp;unha&nbsp;persoa&nbsp;sen&nbsp;unha&nbsp;boa&nbsp;cobertura&nbsp;de&nbsp;tren&nbsp;en&nbsp;Galicia\u201d.<\/p>\n\n\n\n<p>A&nbsp;iniciativa&nbsp;tam\u00e9n&nbsp;alude&nbsp;ao&nbsp;posible&nbsp;aumento&nbsp;da&nbsp;demanda&nbsp;do&nbsp;tren&nbsp;epregunta&nbsp;polas&nbsp;medidas&nbsp;que&nbsp;o&nbsp;Goberno&nbsp;prev\u00e9&nbsp;no&nbsp;caso&nbsp;de&nbsp;que&nbsp;iso&nbsp;ocorra.Galicia&nbsp;en&nbsp;Com\u00fan&nbsp;prop\u00f3n&nbsp;aumentar&nbsp;frecuencias&nbsp;en&nbsp;Galicia,principalmente&nbsp;porque&nbsp;as&nbsp;bonificaci\u00f3ns&nbsp;chegan&nbsp;co&nbsp;inicio&nbsp;do&nbsp;cursoacad\u00e9mico,&nbsp;e&nbsp;exp\u00f3n&nbsp;unha&nbsp;posible&nbsp;bonificaci\u00f3n&nbsp;de&nbsp;todos&nbsp;os&nbsp;servizosdeclarados&nbsp;Obrigaci\u00f3ns&nbsp;de&nbsp;Servizo&nbsp;P\u00fablico&nbsp;(OSP)&nbsp;e&nbsp;en&nbsp;todos&nbsp;os&nbsp;t\u00edtulosde&nbsp;transporte.<\/p>\n\n\n\n<p>Galicia&nbsp;en&nbsp;Com\u00fan&nbsp;destaca&nbsp;que&nbsp;estas&nbsp;bonificaci\u00f3ns&nbsp;nos&nbsp;trens&nbsp;non&nbsp;te\u00f1enprecedentes&nbsp;na&nbsp;nosa&nbsp;historia&nbsp;e&nbsp;po\u00f1en&nbsp;en&nbsp;valor&nbsp;que&nbsp;o&nbsp;tren&nbsp;como&nbsp;servizop\u00fablico&nbsp;sup\u00f3n&nbsp;unha&nbsp;ferramenta&nbsp;moi&nbsp;eficaz&nbsp;de&nbsp;soberan\u00eda&nbsp;na&nbsp;mobilidade&nbsp;esustentabilidade,&nbsp;especialmente&nbsp;en&nbsp;tempos&nbsp;de&nbsp;crise&nbsp;enerx\u00e9tica.&nbsp;Aformaci\u00f3n&nbsp;insta&nbsp;\u00e1s&nbsp;administraci\u00f3ns&nbsp;a&nbsp;avanzar&nbsp;na&nbsp;cobertura&nbsp;\u00e1poboaci\u00f3n&nbsp;e&nbsp;as\u00ed&nbsp;aproveitar&nbsp;todas&nbsp;as&nbsp;posibilidades&nbsp;que&nbsp;ofrece&nbsp;o&nbsp;tren,para&nbsp;o&nbsp;que&nbsp;\u00e9&nbsp;preciso&nbsp;mellorar&nbsp;a&nbsp;vertebraci\u00f3n&nbsp;territorial&nbsp;enterritorios&nbsp;como&nbsp;Galicia.<\/p>\n","protected":false},"excerpt":{"rendered":"<div class=\"mh-excerpt\"><p>Galicia en Com\u00fan rexistrou unha bater\u00eda depreguntas dirixidas ao Ministerio de Transportes relativas \u00e1implementaci\u00f3n das bonificaci\u00f3ns dos abonos do servizo ferroviario deproximidade e media distancia <a class=\"mh-excerpt-more\" href=\"https:\/\/www.anovapeneira.gal\/index.php\/2022\/08\/03\/unidas-podemos-insta-ao-goberno-a-bonificar-o-100-dos-abonos-avant-engalicia\/\" title=\"Unidas\u00a0Podemos\u00a0insta\u00a0ao\u00a0Goberno\u00a0a\u00a0bonificar\u00a0o\u00a0100%\u00a0dos\u00a0abonos\u00a0AVANT\u00a0enGalicia\">[&#8230;]<\/a><\/p>\n<\/div>","protected":false},"author":3,"featured_media":3165,"comment_status":"open","ping_status":"open","sticky":false,"template":"","format":"standard","meta":{"_exactmetrics_skip_tracking":false,"_exactmetrics_sitenote_active":false,"_exactmetrics_sitenote_note":"","_exactmetrics_sitenote_category":0,"footnotes":""},"categories":[263],"tags":[],"class_list":{"0":"post-7883","1":"post","2":"type-post","3":"status-publish","4":"format-standard","5":"has-post-thumbnail","7":"category-novas"},"yoast_head":"<!-- This site is optimized with the Yoast SEO plugin v27.4 - https:\/\/yoast.com\/product\/yoast-seo-wordpress\/ -->\n<title>Unidas\u00a0Podemos\u00a0insta\u00a0ao\u00a0Goberno\u00a0a\u00a0bonificar\u00a0o\u00a0100%\u00a0dos\u00a0abonos\u00a0AVANT\u00a0enGalicia -<\/title>\n<meta name=\"description\" content=\"Galicia en Com\u00fan rexistrou unha bater\u00eda depreguntas dirixidas ao Ministerio de Transportes relativas \u00e1implementaci\u00f3n das bonificaci\u00f3ns dos abonos do servizo ferroviario deproximidade e media distancia.\" \/>\n<meta name=\"robots\" content=\"index, follow, max-snippet:-1, max-image-preview:large, max-video-preview:-1\" \/>\n<link rel=\"canonical\" href=\"https:\/\/www.anovapeneira.gal\/index.php\/2022\/08\/03\/unidas-podemos-insta-ao-goberno-a-bonificar-o-100-dos-abonos-avant-engalicia\/\" \/>\n<meta property=\"og:locale\" content=\"gl_ES\" \/>\n<meta property=\"og:type\" content=\"article\" \/>\n<meta property=\"og:title\" content=\"Unidas\u00a0Podemos\u00a0insta\u00a0ao\u00a0Goberno\u00a0a\u00a0bonificar\u00a0o\u00a0100%\u00a0dos\u00a0abonos\u00a0AVANT\u00a0enGalicia -\" \/>\n<meta property=\"og:description\" content=\"Galicia en Com\u00fan rexistrou unha bater\u00eda depreguntas dirixidas ao Ministerio de Transportes relativas \u00e1implementaci\u00f3n das bonificaci\u00f3ns dos abonos do servizo ferroviario deproximidade e media distancia.\" \/>\n<meta property=\"og:url\" content=\"https:\/\/www.anovapeneira.gal\/index.php\/2022\/08\/03\/unidas-podemos-insta-ao-goberno-a-bonificar-o-100-dos-abonos-avant-engalicia\/\" \/>\n<meta property=\"article:publisher\" content=\"https:\/\/www.facebook.com\/anovapeneira\" \/>\n<meta property=\"article:published_time\" content=\"2022-08-03T08:00:32+00:00\" \/>\n<meta property=\"og:image\" content=\"https:\/\/www.anovapeneira.gal\/wp-content\/uploads\/2020\/05\/gomez_reino_a_nova_peneira.jpg\" \/>\n\t<meta property=\"og:image:width\" content=\"720\" \/>\n\t<meta property=\"og:image:height\" content=\"432\" \/>\n\t<meta property=\"og:image:type\" content=\"image\/jpeg\" \/>\n<meta name=\"author\" content=\"Redacci\u00f3n A Nova Peneira\" \/>\n<meta name=\"twitter:card\" content=\"summary_large_image\" \/>\n<meta name=\"twitter:creator\" content=\"@APeneira\" \/>\n<meta name=\"twitter:site\" content=\"@APeneira\" \/>\n<meta name=\"twitter:label1\" content=\"Escrito por\" \/>\n\t<meta name=\"twitter:data1\" content=\"Redacci\u00f3n A Nova Peneira\" \/>\n\t<meta name=\"twitter:label2\" content=\"Tempo de lectura\" \/>\n\t<meta name=\"twitter:data2\" content=\"2 minutos\" \/>\n<script type=\"application\/ld+json\" class=\"yoast-schema-graph\">{\"@context\":\"https:\\\/\\\/schema.org\",\"@graph\":[{\"@type\":\"Article\",\"@id\":\"https:\\\/\\\/www.anovapeneira.gal\\\/index.php\\\/2022\\\/08\\\/03\\\/unidas-podemos-insta-ao-goberno-a-bonificar-o-100-dos-abonos-avant-engalicia\\\/#article\",\"isPartOf\":{\"@id\":\"https:\\\/\\\/www.anovapeneira.gal\\\/index.php\\\/2022\\\/08\\\/03\\\/unidas-podemos-insta-ao-goberno-a-bonificar-o-100-dos-abonos-avant-engalicia\\\/\"},\"author\":{\"name\":\"Redacci\u00f3n A Nova Peneira\",\"@id\":\"https:\\\/\\\/www.anovapeneira.gal\\\/#\\\/schema\\\/person\\\/b93e3f8932e3f8da96334607eb6ac6aa\"},\"headline\":\"Unidas\u00a0Podemos\u00a0insta\u00a0ao\u00a0Goberno\u00a0a\u00a0bonificar\u00a0o\u00a0100%\u00a0dos\u00a0abonos\u00a0AVANT\u00a0enGalicia\",\"datePublished\":\"2022-08-03T08:00:32+00:00\",\"mainEntityOfPage\":{\"@id\":\"https:\\\/\\\/www.anovapeneira.gal\\\/index.php\\\/2022\\\/08\\\/03\\\/unidas-podemos-insta-ao-goberno-a-bonificar-o-100-dos-abonos-avant-engalicia\\\/\"},\"wordCount\":695,\"commentCount\":0,\"publisher\":{\"@id\":\"https:\\\/\\\/www.anovapeneira.gal\\\/#organization\"},\"image\":{\"@id\":\"https:\\\/\\\/www.anovapeneira.gal\\\/index.php\\\/2022\\\/08\\\/03\\\/unidas-podemos-insta-ao-goberno-a-bonificar-o-100-dos-abonos-avant-engalicia\\\/#primaryimage\"},\"thumbnailUrl\":\"https:\\\/\\\/www.anovapeneira.gal\\\/wp-content\\\/uploads\\\/2020\\\/05\\\/gomez_reino_a_nova_peneira.jpg\",\"articleSection\":[\"Novas\"],\"inLanguage\":\"gl-ES\",\"potentialAction\":[{\"@type\":\"CommentAction\",\"name\":\"Comment\",\"target\":[\"https:\\\/\\\/www.anovapeneira.gal\\\/index.php\\\/2022\\\/08\\\/03\\\/unidas-podemos-insta-ao-goberno-a-bonificar-o-100-dos-abonos-avant-engalicia\\\/#respond\"]}]},{\"@type\":\"WebPage\",\"@id\":\"https:\\\/\\\/www.anovapeneira.gal\\\/index.php\\\/2022\\\/08\\\/03\\\/unidas-podemos-insta-ao-goberno-a-bonificar-o-100-dos-abonos-avant-engalicia\\\/\",\"url\":\"https:\\\/\\\/www.anovapeneira.gal\\\/index.php\\\/2022\\\/08\\\/03\\\/unidas-podemos-insta-ao-goberno-a-bonificar-o-100-dos-abonos-avant-engalicia\\\/\",\"name\":\"Unidas\u00a0Podemos\u00a0insta\u00a0ao\u00a0Goberno\u00a0a\u00a0bonificar\u00a0o\u00a0100%\u00a0dos\u00a0abonos\u00a0AVANT\u00a0enGalicia -\",\"isPartOf\":{\"@id\":\"https:\\\/\\\/www.anovapeneira.gal\\\/#website\"},\"primaryImageOfPage\":{\"@id\":\"https:\\\/\\\/www.anovapeneira.gal\\\/index.php\\\/2022\\\/08\\\/03\\\/unidas-podemos-insta-ao-goberno-a-bonificar-o-100-dos-abonos-avant-engalicia\\\/#primaryimage\"},\"image\":{\"@id\":\"https:\\\/\\\/www.anovapeneira.gal\\\/index.php\\\/2022\\\/08\\\/03\\\/unidas-podemos-insta-ao-goberno-a-bonificar-o-100-dos-abonos-avant-engalicia\\\/#primaryimage\"},\"thumbnailUrl\":\"https:\\\/\\\/www.anovapeneira.gal\\\/wp-content\\\/uploads\\\/2020\\\/05\\\/gomez_reino_a_nova_peneira.jpg\",\"datePublished\":\"2022-08-03T08:00:32+00:00\",\"description\":\"Galicia en Com\u00fan rexistrou unha bater\u00eda depreguntas dirixidas ao Ministerio de Transportes relativas \u00e1implementaci\u00f3n das bonificaci\u00f3ns dos abonos do servizo ferroviario deproximidade e media distancia.\",\"breadcrumb\":{\"@id\":\"https:\\\/\\\/www.anovapeneira.gal\\\/index.php\\\/2022\\\/08\\\/03\\\/unidas-podemos-insta-ao-goberno-a-bonificar-o-100-dos-abonos-avant-engalicia\\\/#breadcrumb\"},\"inLanguage\":\"gl-ES\",\"potentialAction\":[{\"@type\":\"ReadAction\",\"target\":[\"https:\\\/\\\/www.anovapeneira.gal\\\/index.php\\\/2022\\\/08\\\/03\\\/unidas-podemos-insta-ao-goberno-a-bonificar-o-100-dos-abonos-avant-engalicia\\\/\"]}]},{\"@type\":\"ImageObject\",\"inLanguage\":\"gl-ES\",\"@id\":\"https:\\\/\\\/www.anovapeneira.gal\\\/index.php\\\/2022\\\/08\\\/03\\\/unidas-podemos-insta-ao-goberno-a-bonificar-o-100-dos-abonos-avant-engalicia\\\/#primaryimage\",\"url\":\"https:\\\/\\\/www.anovapeneira.gal\\\/wp-content\\\/uploads\\\/2020\\\/05\\\/gomez_reino_a_nova_peneira.jpg\",\"contentUrl\":\"https:\\\/\\\/www.anovapeneira.gal\\\/wp-content\\\/uploads\\\/2020\\\/05\\\/gomez_reino_a_nova_peneira.jpg\",\"width\":720,\"height\":432,\"caption\":\"G\u00f3mez Reino A Nova Peneira\"},{\"@type\":\"BreadcrumbList\",\"@id\":\"https:\\\/\\\/www.anovapeneira.gal\\\/index.php\\\/2022\\\/08\\\/03\\\/unidas-podemos-insta-ao-goberno-a-bonificar-o-100-dos-abonos-avant-engalicia\\\/#breadcrumb\",\"itemListElement\":[{\"@type\":\"ListItem\",\"position\":1,\"name\":\"Portada\",\"item\":\"https:\\\/\\\/www.anovapeneira.gal\\\/\"},{\"@type\":\"ListItem\",\"position\":2,\"name\":\"Unidas\u00a0Podemos\u00a0insta\u00a0ao\u00a0Goberno\u00a0a\u00a0bonificar\u00a0o\u00a0100%\u00a0dos\u00a0abonos\u00a0AVANT\u00a0enGalicia\"}]},{\"@type\":\"WebSite\",\"@id\":\"https:\\\/\\\/www.anovapeneira.gal\\\/#website\",\"url\":\"https:\\\/\\\/www.anovapeneira.gal\\\/\",\"name\":\"\",\"description\":\"Xornal galego de informaci\u00f3n xeral Publicaci\u00f3n mensual de novas de Galicia e en especial dos Concellos da sur da provincia de Pontevedra.\",\"publisher\":{\"@id\":\"https:\\\/\\\/www.anovapeneira.gal\\\/#organization\"},\"potentialAction\":[{\"@type\":\"SearchAction\",\"target\":{\"@type\":\"EntryPoint\",\"urlTemplate\":\"https:\\\/\\\/www.anovapeneira.gal\\\/?s={search_term_string}\"},\"query-input\":{\"@type\":\"PropertyValueSpecification\",\"valueRequired\":true,\"valueName\":\"search_term_string\"}}],\"inLanguage\":\"gl-ES\"},{\"@type\":\"Organization\",\"@id\":\"https:\\\/\\\/www.anovapeneira.gal\\\/#organization\",\"name\":\"A Nova Peneira\",\"url\":\"https:\\\/\\\/www.anovapeneira.gal\\\/\",\"logo\":{\"@type\":\"ImageObject\",\"inLanguage\":\"gl-ES\",\"@id\":\"https:\\\/\\\/www.anovapeneira.gal\\\/#\\\/schema\\\/logo\\\/image\\\/\",\"url\":\"http:\\\/\\\/www.anovapeneira.gal\\\/wp-content\\\/uploads\\\/2019\\\/06\\\/logo_a_nova_peneira_portal_web.png\",\"contentUrl\":\"http:\\\/\\\/www.anovapeneira.gal\\\/wp-content\\\/uploads\\\/2019\\\/06\\\/logo_a_nova_peneira_portal_web.png\",\"width\":300,\"height\":100,\"caption\":\"A Nova Peneira\"},\"image\":{\"@id\":\"https:\\\/\\\/www.anovapeneira.gal\\\/#\\\/schema\\\/logo\\\/image\\\/\"},\"sameAs\":[\"https:\\\/\\\/www.facebook.com\\\/anovapeneira\",\"https:\\\/\\\/x.com\\\/APeneira\"]},{\"@type\":\"Person\",\"@id\":\"https:\\\/\\\/www.anovapeneira.gal\\\/#\\\/schema\\\/person\\\/b93e3f8932e3f8da96334607eb6ac6aa\",\"name\":\"Redacci\u00f3n A Nova Peneira\",\"image\":{\"@type\":\"ImageObject\",\"inLanguage\":\"gl-ES\",\"@id\":\"https:\\\/\\\/secure.gravatar.com\\\/avatar\\\/c052a2551a06e23fac63626232eaa90abd78dbcf1700fc46a2b2c89fd27b735f?s=96&d=mm&r=g\",\"url\":\"https:\\\/\\\/secure.gravatar.com\\\/avatar\\\/c052a2551a06e23fac63626232eaa90abd78dbcf1700fc46a2b2c89fd27b735f?s=96&d=mm&r=g\",\"contentUrl\":\"https:\\\/\\\/secure.gravatar.com\\\/avatar\\\/c052a2551a06e23fac63626232eaa90abd78dbcf1700fc46a2b2c89fd27b735f?s=96&d=mm&r=g\",\"caption\":\"Redacci\u00f3n A Nova Peneira\"},\"sameAs\":[\"http:\\\/\\\/www.anovapeneira.gal\\\/\"],\"url\":\"https:\\\/\\\/www.anovapeneira.gal\\\/index.php\\\/author\\\/redactor\\\/\"}]}<\/script>\n<!-- \/ Yoast SEO plugin. -->","yoast_head_json":{"title":"Unidas\u00a0Podemos\u00a0insta\u00a0ao\u00a0Goberno\u00a0a\u00a0bonificar\u00a0o\u00a0100%\u00a0dos\u00a0abonos\u00a0AVANT\u00a0enGalicia -","description":"Galicia en Com\u00fan rexistrou unha bater\u00eda depreguntas dirixidas ao Ministerio de Transportes relativas \u00e1implementaci\u00f3n das bonificaci\u00f3ns dos abonos do servizo ferroviario deproximidade e media distancia.","robots":{"index":"index","follow":"follow","max-snippet":"max-snippet:-1","max-image-preview":"max-image-preview:large","max-video-preview":"max-video-preview:-1"},"canonical":"https:\/\/www.anovapeneira.gal\/index.php\/2022\/08\/03\/unidas-podemos-insta-ao-goberno-a-bonificar-o-100-dos-abonos-avant-engalicia\/","og_locale":"gl_ES","og_type":"article","og_title":"Unidas\u00a0Podemos\u00a0insta\u00a0ao\u00a0Goberno\u00a0a\u00a0bonificar\u00a0o\u00a0100%\u00a0dos\u00a0abonos\u00a0AVANT\u00a0enGalicia -","og_description":"Galicia en Com\u00fan rexistrou unha bater\u00eda depreguntas dirixidas ao Ministerio de Transportes relativas \u00e1implementaci\u00f3n das bonificaci\u00f3ns dos abonos do servizo ferroviario deproximidade e media distancia.","og_url":"https:\/\/www.anovapeneira.gal\/index.php\/2022\/08\/03\/unidas-podemos-insta-ao-goberno-a-bonificar-o-100-dos-abonos-avant-engalicia\/","article_publisher":"https:\/\/www.facebook.com\/anovapeneira","article_published_time":"2022-08-03T08:00:32+00:00","og_image":[{"width":720,"height":432,"url":"https:\/\/www.anovapeneira.gal\/wp-content\/uploads\/2020\/05\/gomez_reino_a_nova_peneira.jpg","type":"image\/jpeg"}],"author":"Redacci\u00f3n A Nova Peneira","twitter_card":"summary_large_image","twitter_creator":"@APeneira","twitter_site":"@APeneira","twitter_misc":{"Escrito por":"Redacci\u00f3n A Nova Peneira","Tempo de lectura":"2 minutos"},"schema":{"@context":"https:\/\/schema.org","@graph":[{"@type":"Article","@id":"https:\/\/www.anovapeneira.gal\/index.php\/2022\/08\/03\/unidas-podemos-insta-ao-goberno-a-bonificar-o-100-dos-abonos-avant-engalicia\/#article","isPartOf":{"@id":"https:\/\/www.anovapeneira.gal\/index.php\/2022\/08\/03\/unidas-podemos-insta-ao-goberno-a-bonificar-o-100-dos-abonos-avant-engalicia\/"},"author":{"name":"Redacci\u00f3n A Nova Peneira","@id":"https:\/\/www.anovapeneira.gal\/#\/schema\/person\/b93e3f8932e3f8da96334607eb6ac6aa"},"headline":"Unidas\u00a0Podemos\u00a0insta\u00a0ao\u00a0Goberno\u00a0a\u00a0bonificar\u00a0o\u00a0100%\u00a0dos\u00a0abonos\u00a0AVANT\u00a0enGalicia","datePublished":"2022-08-03T08:00:32+00:00","mainEntityOfPage":{"@id":"https:\/\/www.anovapeneira.gal\/index.php\/2022\/08\/03\/unidas-podemos-insta-ao-goberno-a-bonificar-o-100-dos-abonos-avant-engalicia\/"},"wordCount":695,"commentCount":0,"publisher":{"@id":"https:\/\/www.anovapeneira.gal\/#organization"},"image":{"@id":"https:\/\/www.anovapeneira.gal\/index.php\/2022\/08\/03\/unidas-podemos-insta-ao-goberno-a-bonificar-o-100-dos-abonos-avant-engalicia\/#primaryimage"},"thumbnailUrl":"https:\/\/www.anovapeneira.gal\/wp-content\/uploads\/2020\/05\/gomez_reino_a_nova_peneira.jpg","articleSection":["Novas"],"inLanguage":"gl-ES","potentialAction":[{"@type":"CommentAction","name":"Comment","target":["https:\/\/www.anovapeneira.gal\/index.php\/2022\/08\/03\/unidas-podemos-insta-ao-goberno-a-bonificar-o-100-dos-abonos-avant-engalicia\/#respond"]}]},{"@type":"WebPage","@id":"https:\/\/www.anovapeneira.gal\/index.php\/2022\/08\/03\/unidas-podemos-insta-ao-goberno-a-bonificar-o-100-dos-abonos-avant-engalicia\/","url":"https:\/\/www.anovapeneira.gal\/index.php\/2022\/08\/03\/unidas-podemos-insta-ao-goberno-a-bonificar-o-100-dos-abonos-avant-engalicia\/","name":"Unidas\u00a0Podemos\u00a0insta\u00a0ao\u00a0Goberno\u00a0a\u00a0bonificar\u00a0o\u00a0100%\u00a0dos\u00a0abonos\u00a0AVANT\u00a0enGalicia -","isPartOf":{"@id":"https:\/\/www.anovapeneira.gal\/#website"},"primaryImageOfPage":{"@id":"https:\/\/www.anovapeneira.gal\/index.php\/2022\/08\/03\/unidas-podemos-insta-ao-goberno-a-bonificar-o-100-dos-abonos-avant-engalicia\/#primaryimage"},"image":{"@id":"https:\/\/www.anovapeneira.gal\/index.php\/2022\/08\/03\/unidas-podemos-insta-ao-goberno-a-bonificar-o-100-dos-abonos-avant-engalicia\/#primaryimage"},"thumbnailUrl":"https:\/\/www.anovapeneira.gal\/wp-content\/uploads\/2020\/05\/gomez_reino_a_nova_peneira.jpg","datePublished":"2022-08-03T08:00:32+00:00","description":"Galicia en Com\u00fan rexistrou unha bater\u00eda depreguntas dirixidas ao Ministerio de Transportes relativas \u00e1implementaci\u00f3n das bonificaci\u00f3ns dos abonos do servizo ferroviario deproximidade e media distancia.","breadcrumb":{"@id":"https:\/\/www.anovapeneira.gal\/index.php\/2022\/08\/03\/unidas-podemos-insta-ao-goberno-a-bonificar-o-100-dos-abonos-avant-engalicia\/#breadcrumb"},"inLanguage":"gl-ES","potentialAction":[{"@type":"ReadAction","target":["https:\/\/www.anovapeneira.gal\/index.php\/2022\/08\/03\/unidas-podemos-insta-ao-goberno-a-bonificar-o-100-dos-abonos-avant-engalicia\/"]}]},{"@type":"ImageObject","inLanguage":"gl-ES","@id":"https:\/\/www.anovapeneira.gal\/index.php\/2022\/08\/03\/unidas-podemos-insta-ao-goberno-a-bonificar-o-100-dos-abonos-avant-engalicia\/#primaryimage","url":"https:\/\/www.anovapeneira.gal\/wp-content\/uploads\/2020\/05\/gomez_reino_a_nova_peneira.jpg","contentUrl":"https:\/\/www.anovapeneira.gal\/wp-content\/uploads\/2020\/05\/gomez_reino_a_nova_peneira.jpg","width":720,"height":432,"caption":"G\u00f3mez Reino A Nova Peneira"},{"@type":"BreadcrumbList","@id":"https:\/\/www.anovapeneira.gal\/index.php\/2022\/08\/03\/unidas-podemos-insta-ao-goberno-a-bonificar-o-100-dos-abonos-avant-engalicia\/#breadcrumb","itemListElement":[{"@type":"ListItem","position":1,"name":"Portada","item":"https:\/\/www.anovapeneira.gal\/"},{"@type":"ListItem","position":2,"name":"Unidas\u00a0Podemos\u00a0insta\u00a0ao\u00a0Goberno\u00a0a\u00a0bonificar\u00a0o\u00a0100%\u00a0dos\u00a0abonos\u00a0AVANT\u00a0enGalicia"}]},{"@type":"WebSite","@id":"https:\/\/www.anovapeneira.gal\/#website","url":"https:\/\/www.anovapeneira.gal\/","name":"","description":"Xornal galego de informaci\u00f3n xeral Publicaci\u00f3n mensual de novas de Galicia e en especial dos Concellos da sur da provincia de Pontevedra.","publisher":{"@id":"https:\/\/www.anovapeneira.gal\/#organization"},"potentialAction":[{"@type":"SearchAction","target":{"@type":"EntryPoint","urlTemplate":"https:\/\/www.anovapeneira.gal\/?s={search_term_string}"},"query-input":{"@type":"PropertyValueSpecification","valueRequired":true,"valueName":"search_term_string"}}],"inLanguage":"gl-ES"},{"@type":"Organization","@id":"https:\/\/www.anovapeneira.gal\/#organization","name":"A Nova Peneira","url":"https:\/\/www.anovapeneira.gal\/","logo":{"@type":"ImageObject","inLanguage":"gl-ES","@id":"https:\/\/www.anovapeneira.gal\/#\/schema\/logo\/image\/","url":"http:\/\/www.anovapeneira.gal\/wp-content\/uploads\/2019\/06\/logo_a_nova_peneira_portal_web.png","contentUrl":"http:\/\/www.anovapeneira.gal\/wp-content\/uploads\/2019\/06\/logo_a_nova_peneira_portal_web.png","width":300,"height":100,"caption":"A Nova Peneira"},"image":{"@id":"https:\/\/www.anovapeneira.gal\/#\/schema\/logo\/image\/"},"sameAs":["https:\/\/www.facebook.com\/anovapeneira","https:\/\/x.com\/APeneira"]},{"@type":"Person","@id":"https:\/\/www.anovapeneira.gal\/#\/schema\/person\/b93e3f8932e3f8da96334607eb6ac6aa","name":"Redacci\u00f3n A Nova Peneira","image":{"@type":"ImageObject","inLanguage":"gl-ES","@id":"https:\/\/secure.gravatar.com\/avatar\/c052a2551a06e23fac63626232eaa90abd78dbcf1700fc46a2b2c89fd27b735f?s=96&d=mm&r=g","url":"https:\/\/secure.gravatar.com\/avatar\/c052a2551a06e23fac63626232eaa90abd78dbcf1700fc46a2b2c89fd27b735f?s=96&d=mm&r=g","contentUrl":"https:\/\/secure.gravatar.com\/avatar\/c052a2551a06e23fac63626232eaa90abd78dbcf1700fc46a2b2c89fd27b735f?s=96&d=mm&r=g","caption":"Redacci\u00f3n A Nova Peneira"},"sameAs":["http:\/\/www.anovapeneira.gal\/"],"url":"https:\/\/www.anovapeneira.gal\/index.php\/author\/redactor\/"}]}},"jetpack_featured_media_url":"https:\/\/www.anovapeneira.gal\/wp-content\/uploads\/2020\/05\/gomez_reino_a_nova_peneira.jpg","_links":{"self":[{"href":"https:\/\/www.anovapeneira.gal\/index.php\/wp-json\/wp\/v2\/posts\/7883","targetHints":{"allow":["GET"]}}],"collection":[{"href":"https:\/\/www.anovapeneira.gal\/index.php\/wp-json\/wp\/v2\/posts"}],"about":[{"href":"https:\/\/www.anovapeneira.gal\/index.php\/wp-json\/wp\/v2\/types\/post"}],"author":[{"embeddable":true,"href":"https:\/\/www.anovapeneira.gal\/index.php\/wp-json\/wp\/v2\/users\/3"}],"replies":[{"embeddable":true,"href":"https:\/\/www.anovapeneira.gal\/index.php\/wp-json\/wp\/v2\/comments?post=7883"}],"version-history":[{"count":4,"href":"https:\/\/www.anovapeneira.gal\/index.php\/wp-json\/wp\/v2\/posts\/7883\/revisions"}],"predecessor-version":[{"id":7887,"href":"https:\/\/www.anovapeneira.gal\/index.php\/wp-json\/wp\/v2\/posts\/7883\/revisions\/7887"}],"wp:featuredmedia":[{"embeddable":true,"href":"https:\/\/www.anovapeneira.gal\/index.php\/wp-json\/wp\/v2\/media\/3165"}],"wp:attachment":[{"href":"https:\/\/www.anovapeneira.gal\/index.php\/wp-json\/wp\/v2\/media?parent=7883"}],"wp:term":[{"taxonomy":"category","embeddable":true,"href":"https:\/\/www.anovapeneira.gal\/index.php\/wp-json\/wp\/v2\/categories?post=7883"},{"taxonomy":"post_tag","embeddable":true,"href":"https:\/\/www.anovapeneira.gal\/index.php\/wp-json\/wp\/v2\/tags?post=7883"}],"curies":[{"name":"wp","href":"https:\/\/api.w.org\/{rel}","templated":true}]}}