{"id":7893,"date":"2022-08-04T12:00:59","date_gmt":"2022-08-04T10:00:59","guid":{"rendered":"https:\/\/www.anovapeneira.gal\/?p=7893"},"modified":"2022-08-01T13:56:17","modified_gmt":"2022-08-01T11:56:17","slug":"o-comercio-de-redondela-recupera-a-noite-de-compra-mais-especial-do-ano-a-shopping-night-2022-sera-a-noite-maxica-de-compras","status":"publish","type":"post","link":"https:\/\/www.anovapeneira.gal\/index.php\/2022\/08\/04\/o-comercio-de-redondela-recupera-a-noite-de-compra-mais-especial-do-ano-a-shopping-night-2022-sera-a-noite-maxica-de-compras\/","title":{"rendered":"O comercio de Redondela recupera a noite de compra m\u00e1is especial do ano. A shopping night 2022 ser\u00e1 a noite m\u00e1xica de compras"},"content":{"rendered":"\n<p>TRAS A NOITE TROPICAL E A NOITE BRANCA DAS PASADAS EDICI\u00d3NS CELEBRADAS ANTES DA PANDEMIA CHEGA O&nbsp;<strong>VENRES 5 DE AGOSTO A NOITE M\u00c1XICA DE COMPRAS<\/strong>; UNHA EDICI\u00d3N SE SORPRENDER\u00c1 CON DESCONTOS E OFERTAS M\u00c1XICAS E CON MOITAS M\u00c1IS ACTIVIDADES QUE TER\u00c1N A MAXIA COMO PROTAGONISTA.<\/p>\n\n\n\n<p>Os establecementos de Redondela preparan unha noite m\u00e1xica de compras e diversi\u00f3n, na que comercio e hostalar\u00eda ir\u00e1n da man nun evento de venta nocturna na que o comercio ter\u00e1 un&nbsp;<strong>horario de apertura excepcional ata as 00:00h.<\/strong><\/p>\n\n\n\n<p>Compras e diversi\u00f3n fusionaranse nos establecementos comerciais sorprendendo \u00e1 clientela con&nbsp;<strong>micro actuaci\u00f3ns de maxia<\/strong>.<\/p>\n\n\n\n<p>Os comerciantes e dependentes sorprender\u00e1n \u00e1 clientela coa s\u00faa&nbsp;<strong>indumentaria con remachamantes chisteiras<\/strong>&nbsp;que impregnar\u00e1 de maxia os espazos comerciais e contar\u00e1n cunha&nbsp;<strong>decoraci\u00f3n especial para esa noite<\/strong>. As fachadas dos establecementos ser\u00e1n decoradas e as r\u00faas e prazas tam\u00e9n contar\u00e1n con decoraci\u00f3ns especiais. Ademais o Concello colaborar\u00e1 cun importante reforzo da iluminaci\u00f3n especialmente das distintas zonas de concentraci\u00f3n comercial para paliar as\u00ed a deficiencias de iluminaci\u00f3n e favorecer as compras e a accesibilidade aos comercios.<\/p>\n\n\n\n<p>Unha&nbsp;<strong>ruta nocturna<\/strong>&nbsp;para descubrir a&nbsp;<strong>Redondela m\u00e1xica<\/strong>, da man de Soledad Chay\u00e1n, gu\u00eda oficial de turismo de Galicia, recentemente distinguida co selo&nbsp;<em>Compromiso Calidad Tur\u00edstica<\/em>&nbsp;do SICTED da Secretar\u00eda de Estado de Turismo que nos levar\u00e1 a descubrir os misterios ocultos de Redondela.&nbsp;<\/p>\n\n\n\n<p>As distintas zonas comerciais da Vila ter\u00e1n actividades como inchables, degustaci\u00f3ns, sorteos. Cada establecemento comercial fixar\u00e1 as s\u00faas propias promoci\u00f3n e descontos e ademais e en exclusiva teremos a presentaci\u00f3n do avance da nova colecci\u00f3n en destacadas marcas de moda en distintos establecementos.<\/p>\n\n\n\n<p>Todos os detalles das ofertas e promoci\u00f3ns publicaranse nun espazo web ao longo da vindeira semana e outros establecementos optar\u00e1n por non desvelar as s\u00faas ofertas ata a propia noite m\u00e1xica de compras.<\/p>\n\n\n\n<p>A Asociaci\u00f3n de Empresarios distrib\u00fae desde este martes 2 de agosto o material promocional, carteler\u00eda e material decorativo para o evento&nbsp; e ter\u00e1 dispo\u00f1ible a informaci\u00f3n este espazo web.<\/p>\n","protected":false},"excerpt":{"rendered":"<div class=\"mh-excerpt\"><p>Tras a noite tropical e a noite branca das pasadas edici\u00f3ns celebradas antes da pandemia chega o\u00a0venres 5 de agosto a noite m\u00e1xica de compras; unha edici\u00f3n se sorprender\u00e1 con descontos e ofertas m\u00e1xicas e con moitas m\u00e1is actividades que ter\u00e1n a maxia como protagonista <a class=\"mh-excerpt-more\" href=\"https:\/\/www.anovapeneira.gal\/index.php\/2022\/08\/04\/o-comercio-de-redondela-recupera-a-noite-de-compra-mais-especial-do-ano-a-shopping-night-2022-sera-a-noite-maxica-de-compras\/\" title=\"O comercio de Redondela recupera a noite de compra m\u00e1is especial do ano. A shopping night 2022 ser\u00e1 a noite m\u00e1xica de compras\">[&#8230;]<\/a><\/p>\n<\/div>","protected":false},"author":3,"featured_media":7894,"comment_status":"open","ping_status":"open","sticky":false,"template":"","format":"standard","meta":{"_exactmetrics_skip_tracking":false,"_exactmetrics_sitenote_active":false,"_exactmetrics_sitenote_note":"","_exactmetrics_sitenote_category":0,"footnotes":""},"categories":[24],"tags":[171],"class_list":{"0":"post-7893","1":"post","2":"type-post","3":"status-publish","4":"format-standard","5":"has-post-thumbnail","7":"category-redondela","8":"tag-concello-de-redondela"},"yoast_head":"<!-- This site is optimized with the Yoast SEO plugin v27.4 - https:\/\/yoast.com\/product\/yoast-seo-wordpress\/ -->\n<title>O comercio de Redondela recupera a noite de compra m\u00e1is especial do ano. A shopping night 2022 ser\u00e1 a noite m\u00e1xica de compras -<\/title>\n<meta name=\"description\" content=\"Tras a noite tropical e a noite branca das pasadas edici\u00f3ns celebradas antes da pandemia chega o\u00a0venres 5 de agosto a noite m\u00e1xica de compras; unha edici\u00f3n se sorprender\u00e1 con descontos e ofertas m\u00e1xicas e con moitas m\u00e1is actividades que ter\u00e1n a maxia como protagonista\" \/>\n<meta name=\"robots\" content=\"index, follow, max-snippet:-1, max-image-preview:large, max-video-preview:-1\" \/>\n<link rel=\"canonical\" href=\"https:\/\/www.anovapeneira.gal\/index.php\/2022\/08\/04\/o-comercio-de-redondela-recupera-a-noite-de-compra-mais-especial-do-ano-a-shopping-night-2022-sera-a-noite-maxica-de-compras\/\" \/>\n<meta property=\"og:locale\" content=\"gl_ES\" \/>\n<meta property=\"og:type\" content=\"article\" \/>\n<meta property=\"og:title\" content=\"O comercio de Redondela recupera a noite de compra m\u00e1is especial do ano. A shopping night 2022 ser\u00e1 a noite m\u00e1xica de compras -\" \/>\n<meta property=\"og:description\" content=\"Tras a noite tropical e a noite branca das pasadas edici\u00f3ns celebradas antes da pandemia chega o\u00a0venres 5 de agosto a noite m\u00e1xica de compras; unha edici\u00f3n se sorprender\u00e1 con descontos e ofertas m\u00e1xicas e con moitas m\u00e1is actividades que ter\u00e1n a maxia como protagonista\" \/>\n<meta property=\"og:url\" content=\"https:\/\/www.anovapeneira.gal\/index.php\/2022\/08\/04\/o-comercio-de-redondela-recupera-a-noite-de-compra-mais-especial-do-ano-a-shopping-night-2022-sera-a-noite-maxica-de-compras\/\" \/>\n<meta property=\"article:publisher\" content=\"https:\/\/www.facebook.com\/anovapeneira\" \/>\n<meta property=\"article:published_time\" content=\"2022-08-04T10:00:59+00:00\" \/>\n<meta property=\"og:image\" content=\"https:\/\/www.anovapeneira.gal\/wp-content\/uploads\/2022\/08\/shopping_night_redondela.jpg\" \/>\n\t<meta property=\"og:image:width\" content=\"720\" \/>\n\t<meta property=\"og:image:height\" content=\"432\" \/>\n\t<meta property=\"og:image:type\" content=\"image\/jpeg\" \/>\n<meta name=\"author\" content=\"Redacci\u00f3n A Nova Peneira\" \/>\n<meta name=\"twitter:card\" content=\"summary_large_image\" \/>\n<meta name=\"twitter:creator\" content=\"@APeneira\" \/>\n<meta name=\"twitter:site\" content=\"@APeneira\" \/>\n<meta name=\"twitter:label1\" content=\"Escrito por\" \/>\n\t<meta name=\"twitter:data1\" content=\"Redacci\u00f3n A Nova Peneira\" \/>\n\t<meta name=\"twitter:label2\" content=\"Tempo de lectura\" \/>\n\t<meta name=\"twitter:data2\" content=\"2 minutos\" \/>\n<script type=\"application\/ld+json\" class=\"yoast-schema-graph\">{\"@context\":\"https:\\\/\\\/schema.org\",\"@graph\":[{\"@type\":\"Article\",\"@id\":\"https:\\\/\\\/www.anovapeneira.gal\\\/index.php\\\/2022\\\/08\\\/04\\\/o-comercio-de-redondela-recupera-a-noite-de-compra-mais-especial-do-ano-a-shopping-night-2022-sera-a-noite-maxica-de-compras\\\/#article\",\"isPartOf\":{\"@id\":\"https:\\\/\\\/www.anovapeneira.gal\\\/index.php\\\/2022\\\/08\\\/04\\\/o-comercio-de-redondela-recupera-a-noite-de-compra-mais-especial-do-ano-a-shopping-night-2022-sera-a-noite-maxica-de-compras\\\/\"},\"author\":{\"name\":\"Redacci\u00f3n A Nova Peneira\",\"@id\":\"https:\\\/\\\/www.anovapeneira.gal\\\/#\\\/schema\\\/person\\\/b93e3f8932e3f8da96334607eb6ac6aa\"},\"headline\":\"O comercio de Redondela recupera a noite de compra m\u00e1is especial do ano. A shopping night 2022 ser\u00e1 a noite m\u00e1xica de compras\",\"datePublished\":\"2022-08-04T10:00:59+00:00\",\"mainEntityOfPage\":{\"@id\":\"https:\\\/\\\/www.anovapeneira.gal\\\/index.php\\\/2022\\\/08\\\/04\\\/o-comercio-de-redondela-recupera-a-noite-de-compra-mais-especial-do-ano-a-shopping-night-2022-sera-a-noite-maxica-de-compras\\\/\"},\"wordCount\":401,\"commentCount\":0,\"publisher\":{\"@id\":\"https:\\\/\\\/www.anovapeneira.gal\\\/#organization\"},\"image\":{\"@id\":\"https:\\\/\\\/www.anovapeneira.gal\\\/index.php\\\/2022\\\/08\\\/04\\\/o-comercio-de-redondela-recupera-a-noite-de-compra-mais-especial-do-ano-a-shopping-night-2022-sera-a-noite-maxica-de-compras\\\/#primaryimage\"},\"thumbnailUrl\":\"https:\\\/\\\/www.anovapeneira.gal\\\/wp-content\\\/uploads\\\/2022\\\/08\\\/shopping_night_redondela.jpg\",\"keywords\":[\"Concello de Redondela\"],\"articleSection\":[\"Redondela\"],\"inLanguage\":\"gl-ES\",\"potentialAction\":[{\"@type\":\"CommentAction\",\"name\":\"Comment\",\"target\":[\"https:\\\/\\\/www.anovapeneira.gal\\\/index.php\\\/2022\\\/08\\\/04\\\/o-comercio-de-redondela-recupera-a-noite-de-compra-mais-especial-do-ano-a-shopping-night-2022-sera-a-noite-maxica-de-compras\\\/#respond\"]}]},{\"@type\":\"WebPage\",\"@id\":\"https:\\\/\\\/www.anovapeneira.gal\\\/index.php\\\/2022\\\/08\\\/04\\\/o-comercio-de-redondela-recupera-a-noite-de-compra-mais-especial-do-ano-a-shopping-night-2022-sera-a-noite-maxica-de-compras\\\/\",\"url\":\"https:\\\/\\\/www.anovapeneira.gal\\\/index.php\\\/2022\\\/08\\\/04\\\/o-comercio-de-redondela-recupera-a-noite-de-compra-mais-especial-do-ano-a-shopping-night-2022-sera-a-noite-maxica-de-compras\\\/\",\"name\":\"O comercio de Redondela recupera a noite de compra m\u00e1is especial do ano. A shopping night 2022 ser\u00e1 a noite m\u00e1xica de compras -\",\"isPartOf\":{\"@id\":\"https:\\\/\\\/www.anovapeneira.gal\\\/#website\"},\"primaryImageOfPage\":{\"@id\":\"https:\\\/\\\/www.anovapeneira.gal\\\/index.php\\\/2022\\\/08\\\/04\\\/o-comercio-de-redondela-recupera-a-noite-de-compra-mais-especial-do-ano-a-shopping-night-2022-sera-a-noite-maxica-de-compras\\\/#primaryimage\"},\"image\":{\"@id\":\"https:\\\/\\\/www.anovapeneira.gal\\\/index.php\\\/2022\\\/08\\\/04\\\/o-comercio-de-redondela-recupera-a-noite-de-compra-mais-especial-do-ano-a-shopping-night-2022-sera-a-noite-maxica-de-compras\\\/#primaryimage\"},\"thumbnailUrl\":\"https:\\\/\\\/www.anovapeneira.gal\\\/wp-content\\\/uploads\\\/2022\\\/08\\\/shopping_night_redondela.jpg\",\"datePublished\":\"2022-08-04T10:00:59+00:00\",\"description\":\"Tras a noite tropical e a noite branca das pasadas edici\u00f3ns celebradas antes da pandemia chega o\u00a0venres 5 de agosto a noite m\u00e1xica de compras; unha edici\u00f3n se sorprender\u00e1 con descontos e ofertas m\u00e1xicas e con moitas m\u00e1is actividades que ter\u00e1n a maxia como protagonista\",\"breadcrumb\":{\"@id\":\"https:\\\/\\\/www.anovapeneira.gal\\\/index.php\\\/2022\\\/08\\\/04\\\/o-comercio-de-redondela-recupera-a-noite-de-compra-mais-especial-do-ano-a-shopping-night-2022-sera-a-noite-maxica-de-compras\\\/#breadcrumb\"},\"inLanguage\":\"gl-ES\",\"potentialAction\":[{\"@type\":\"ReadAction\",\"target\":[\"https:\\\/\\\/www.anovapeneira.gal\\\/index.php\\\/2022\\\/08\\\/04\\\/o-comercio-de-redondela-recupera-a-noite-de-compra-mais-especial-do-ano-a-shopping-night-2022-sera-a-noite-maxica-de-compras\\\/\"]}]},{\"@type\":\"ImageObject\",\"inLanguage\":\"gl-ES\",\"@id\":\"https:\\\/\\\/www.anovapeneira.gal\\\/index.php\\\/2022\\\/08\\\/04\\\/o-comercio-de-redondela-recupera-a-noite-de-compra-mais-especial-do-ano-a-shopping-night-2022-sera-a-noite-maxica-de-compras\\\/#primaryimage\",\"url\":\"https:\\\/\\\/www.anovapeneira.gal\\\/wp-content\\\/uploads\\\/2022\\\/08\\\/shopping_night_redondela.jpg\",\"contentUrl\":\"https:\\\/\\\/www.anovapeneira.gal\\\/wp-content\\\/uploads\\\/2022\\\/08\\\/shopping_night_redondela.jpg\",\"width\":720,\"height\":432,\"caption\":\"O comercio de Redondela recupera a noite de compra m\u00e1is especial do ano. A shopping night 2022 ser\u00e1 a noite m\u00e1xica de compras\"},{\"@type\":\"BreadcrumbList\",\"@id\":\"https:\\\/\\\/www.anovapeneira.gal\\\/index.php\\\/2022\\\/08\\\/04\\\/o-comercio-de-redondela-recupera-a-noite-de-compra-mais-especial-do-ano-a-shopping-night-2022-sera-a-noite-maxica-de-compras\\\/#breadcrumb\",\"itemListElement\":[{\"@type\":\"ListItem\",\"position\":1,\"name\":\"Portada\",\"item\":\"https:\\\/\\\/www.anovapeneira.gal\\\/\"},{\"@type\":\"ListItem\",\"position\":2,\"name\":\"O comercio de Redondela recupera a noite de compra m\u00e1is especial do ano. A shopping night 2022 ser\u00e1 a noite m\u00e1xica de compras\"}]},{\"@type\":\"WebSite\",\"@id\":\"https:\\\/\\\/www.anovapeneira.gal\\\/#website\",\"url\":\"https:\\\/\\\/www.anovapeneira.gal\\\/\",\"name\":\"\",\"description\":\"Xornal galego de informaci\u00f3n xeral Publicaci\u00f3n mensual de novas de Galicia e en especial dos Concellos da sur da provincia de Pontevedra.\",\"publisher\":{\"@id\":\"https:\\\/\\\/www.anovapeneira.gal\\\/#organization\"},\"potentialAction\":[{\"@type\":\"SearchAction\",\"target\":{\"@type\":\"EntryPoint\",\"urlTemplate\":\"https:\\\/\\\/www.anovapeneira.gal\\\/?s={search_term_string}\"},\"query-input\":{\"@type\":\"PropertyValueSpecification\",\"valueRequired\":true,\"valueName\":\"search_term_string\"}}],\"inLanguage\":\"gl-ES\"},{\"@type\":\"Organization\",\"@id\":\"https:\\\/\\\/www.anovapeneira.gal\\\/#organization\",\"name\":\"A Nova Peneira\",\"url\":\"https:\\\/\\\/www.anovapeneira.gal\\\/\",\"logo\":{\"@type\":\"ImageObject\",\"inLanguage\":\"gl-ES\",\"@id\":\"https:\\\/\\\/www.anovapeneira.gal\\\/#\\\/schema\\\/logo\\\/image\\\/\",\"url\":\"http:\\\/\\\/www.anovapeneira.gal\\\/wp-content\\\/uploads\\\/2019\\\/06\\\/logo_a_nova_peneira_portal_web.png\",\"contentUrl\":\"http:\\\/\\\/www.anovapeneira.gal\\\/wp-content\\\/uploads\\\/2019\\\/06\\\/logo_a_nova_peneira_portal_web.png\",\"width\":300,\"height\":100,\"caption\":\"A Nova Peneira\"},\"image\":{\"@id\":\"https:\\\/\\\/www.anovapeneira.gal\\\/#\\\/schema\\\/logo\\\/image\\\/\"},\"sameAs\":[\"https:\\\/\\\/www.facebook.com\\\/anovapeneira\",\"https:\\\/\\\/x.com\\\/APeneira\"]},{\"@type\":\"Person\",\"@id\":\"https:\\\/\\\/www.anovapeneira.gal\\\/#\\\/schema\\\/person\\\/b93e3f8932e3f8da96334607eb6ac6aa\",\"name\":\"Redacci\u00f3n A Nova Peneira\",\"image\":{\"@type\":\"ImageObject\",\"inLanguage\":\"gl-ES\",\"@id\":\"https:\\\/\\\/secure.gravatar.com\\\/avatar\\\/c052a2551a06e23fac63626232eaa90abd78dbcf1700fc46a2b2c89fd27b735f?s=96&d=mm&r=g\",\"url\":\"https:\\\/\\\/secure.gravatar.com\\\/avatar\\\/c052a2551a06e23fac63626232eaa90abd78dbcf1700fc46a2b2c89fd27b735f?s=96&d=mm&r=g\",\"contentUrl\":\"https:\\\/\\\/secure.gravatar.com\\\/avatar\\\/c052a2551a06e23fac63626232eaa90abd78dbcf1700fc46a2b2c89fd27b735f?s=96&d=mm&r=g\",\"caption\":\"Redacci\u00f3n A Nova Peneira\"},\"sameAs\":[\"http:\\\/\\\/www.anovapeneira.gal\\\/\"],\"url\":\"https:\\\/\\\/www.anovapeneira.gal\\\/index.php\\\/author\\\/redactor\\\/\"}]}<\/script>\n<!-- \/ Yoast SEO plugin. -->","yoast_head_json":{"title":"O comercio de Redondela recupera a noite de compra m\u00e1is especial do ano. A shopping night 2022 ser\u00e1 a noite m\u00e1xica de compras -","description":"Tras a noite tropical e a noite branca das pasadas edici\u00f3ns celebradas antes da pandemia chega o\u00a0venres 5 de agosto a noite m\u00e1xica de compras; unha edici\u00f3n se sorprender\u00e1 con descontos e ofertas m\u00e1xicas e con moitas m\u00e1is actividades que ter\u00e1n a maxia como protagonista","robots":{"index":"index","follow":"follow","max-snippet":"max-snippet:-1","max-image-preview":"max-image-preview:large","max-video-preview":"max-video-preview:-1"},"canonical":"https:\/\/www.anovapeneira.gal\/index.php\/2022\/08\/04\/o-comercio-de-redondela-recupera-a-noite-de-compra-mais-especial-do-ano-a-shopping-night-2022-sera-a-noite-maxica-de-compras\/","og_locale":"gl_ES","og_type":"article","og_title":"O comercio de Redondela recupera a noite de compra m\u00e1is especial do ano. A shopping night 2022 ser\u00e1 a noite m\u00e1xica de compras -","og_description":"Tras a noite tropical e a noite branca das pasadas edici\u00f3ns celebradas antes da pandemia chega o\u00a0venres 5 de agosto a noite m\u00e1xica de compras; unha edici\u00f3n se sorprender\u00e1 con descontos e ofertas m\u00e1xicas e con moitas m\u00e1is actividades que ter\u00e1n a maxia como protagonista","og_url":"https:\/\/www.anovapeneira.gal\/index.php\/2022\/08\/04\/o-comercio-de-redondela-recupera-a-noite-de-compra-mais-especial-do-ano-a-shopping-night-2022-sera-a-noite-maxica-de-compras\/","article_publisher":"https:\/\/www.facebook.com\/anovapeneira","article_published_time":"2022-08-04T10:00:59+00:00","og_image":[{"width":720,"height":432,"url":"https:\/\/www.anovapeneira.gal\/wp-content\/uploads\/2022\/08\/shopping_night_redondela.jpg","type":"image\/jpeg"}],"author":"Redacci\u00f3n A Nova Peneira","twitter_card":"summary_large_image","twitter_creator":"@APeneira","twitter_site":"@APeneira","twitter_misc":{"Escrito por":"Redacci\u00f3n A Nova Peneira","Tempo de lectura":"2 minutos"},"schema":{"@context":"https:\/\/schema.org","@graph":[{"@type":"Article","@id":"https:\/\/www.anovapeneira.gal\/index.php\/2022\/08\/04\/o-comercio-de-redondela-recupera-a-noite-de-compra-mais-especial-do-ano-a-shopping-night-2022-sera-a-noite-maxica-de-compras\/#article","isPartOf":{"@id":"https:\/\/www.anovapeneira.gal\/index.php\/2022\/08\/04\/o-comercio-de-redondela-recupera-a-noite-de-compra-mais-especial-do-ano-a-shopping-night-2022-sera-a-noite-maxica-de-compras\/"},"author":{"name":"Redacci\u00f3n A Nova Peneira","@id":"https:\/\/www.anovapeneira.gal\/#\/schema\/person\/b93e3f8932e3f8da96334607eb6ac6aa"},"headline":"O comercio de Redondela recupera a noite de compra m\u00e1is especial do ano. A shopping night 2022 ser\u00e1 a noite m\u00e1xica de compras","datePublished":"2022-08-04T10:00:59+00:00","mainEntityOfPage":{"@id":"https:\/\/www.anovapeneira.gal\/index.php\/2022\/08\/04\/o-comercio-de-redondela-recupera-a-noite-de-compra-mais-especial-do-ano-a-shopping-night-2022-sera-a-noite-maxica-de-compras\/"},"wordCount":401,"commentCount":0,"publisher":{"@id":"https:\/\/www.anovapeneira.gal\/#organization"},"image":{"@id":"https:\/\/www.anovapeneira.gal\/index.php\/2022\/08\/04\/o-comercio-de-redondela-recupera-a-noite-de-compra-mais-especial-do-ano-a-shopping-night-2022-sera-a-noite-maxica-de-compras\/#primaryimage"},"thumbnailUrl":"https:\/\/www.anovapeneira.gal\/wp-content\/uploads\/2022\/08\/shopping_night_redondela.jpg","keywords":["Concello de Redondela"],"articleSection":["Redondela"],"inLanguage":"gl-ES","potentialAction":[{"@type":"CommentAction","name":"Comment","target":["https:\/\/www.anovapeneira.gal\/index.php\/2022\/08\/04\/o-comercio-de-redondela-recupera-a-noite-de-compra-mais-especial-do-ano-a-shopping-night-2022-sera-a-noite-maxica-de-compras\/#respond"]}]},{"@type":"WebPage","@id":"https:\/\/www.anovapeneira.gal\/index.php\/2022\/08\/04\/o-comercio-de-redondela-recupera-a-noite-de-compra-mais-especial-do-ano-a-shopping-night-2022-sera-a-noite-maxica-de-compras\/","url":"https:\/\/www.anovapeneira.gal\/index.php\/2022\/08\/04\/o-comercio-de-redondela-recupera-a-noite-de-compra-mais-especial-do-ano-a-shopping-night-2022-sera-a-noite-maxica-de-compras\/","name":"O comercio de Redondela recupera a noite de compra m\u00e1is especial do ano. A shopping night 2022 ser\u00e1 a noite m\u00e1xica de compras -","isPartOf":{"@id":"https:\/\/www.anovapeneira.gal\/#website"},"primaryImageOfPage":{"@id":"https:\/\/www.anovapeneira.gal\/index.php\/2022\/08\/04\/o-comercio-de-redondela-recupera-a-noite-de-compra-mais-especial-do-ano-a-shopping-night-2022-sera-a-noite-maxica-de-compras\/#primaryimage"},"image":{"@id":"https:\/\/www.anovapeneira.gal\/index.php\/2022\/08\/04\/o-comercio-de-redondela-recupera-a-noite-de-compra-mais-especial-do-ano-a-shopping-night-2022-sera-a-noite-maxica-de-compras\/#primaryimage"},"thumbnailUrl":"https:\/\/www.anovapeneira.gal\/wp-content\/uploads\/2022\/08\/shopping_night_redondela.jpg","datePublished":"2022-08-04T10:00:59+00:00","description":"Tras a noite tropical e a noite branca das pasadas edici\u00f3ns celebradas antes da pandemia chega o\u00a0venres 5 de agosto a noite m\u00e1xica de compras; unha edici\u00f3n se sorprender\u00e1 con descontos e ofertas m\u00e1xicas e con moitas m\u00e1is actividades que ter\u00e1n a maxia como protagonista","breadcrumb":{"@id":"https:\/\/www.anovapeneira.gal\/index.php\/2022\/08\/04\/o-comercio-de-redondela-recupera-a-noite-de-compra-mais-especial-do-ano-a-shopping-night-2022-sera-a-noite-maxica-de-compras\/#breadcrumb"},"inLanguage":"gl-ES","potentialAction":[{"@type":"ReadAction","target":["https:\/\/www.anovapeneira.gal\/index.php\/2022\/08\/04\/o-comercio-de-redondela-recupera-a-noite-de-compra-mais-especial-do-ano-a-shopping-night-2022-sera-a-noite-maxica-de-compras\/"]}]},{"@type":"ImageObject","inLanguage":"gl-ES","@id":"https:\/\/www.anovapeneira.gal\/index.php\/2022\/08\/04\/o-comercio-de-redondela-recupera-a-noite-de-compra-mais-especial-do-ano-a-shopping-night-2022-sera-a-noite-maxica-de-compras\/#primaryimage","url":"https:\/\/www.anovapeneira.gal\/wp-content\/uploads\/2022\/08\/shopping_night_redondela.jpg","contentUrl":"https:\/\/www.anovapeneira.gal\/wp-content\/uploads\/2022\/08\/shopping_night_redondela.jpg","width":720,"height":432,"caption":"O comercio de Redondela recupera a noite de compra m\u00e1is especial do ano. A shopping night 2022 ser\u00e1 a noite m\u00e1xica de compras"},{"@type":"BreadcrumbList","@id":"https:\/\/www.anovapeneira.gal\/index.php\/2022\/08\/04\/o-comercio-de-redondela-recupera-a-noite-de-compra-mais-especial-do-ano-a-shopping-night-2022-sera-a-noite-maxica-de-compras\/#breadcrumb","itemListElement":[{"@type":"ListItem","position":1,"name":"Portada","item":"https:\/\/www.anovapeneira.gal\/"},{"@type":"ListItem","position":2,"name":"O comercio de Redondela recupera a noite de compra m\u00e1is especial do ano. A shopping night 2022 ser\u00e1 a noite m\u00e1xica de compras"}]},{"@type":"WebSite","@id":"https:\/\/www.anovapeneira.gal\/#website","url":"https:\/\/www.anovapeneira.gal\/","name":"","description":"Xornal galego de informaci\u00f3n xeral Publicaci\u00f3n mensual de novas de Galicia e en especial dos Concellos da sur da provincia de Pontevedra.","publisher":{"@id":"https:\/\/www.anovapeneira.gal\/#organization"},"potentialAction":[{"@type":"SearchAction","target":{"@type":"EntryPoint","urlTemplate":"https:\/\/www.anovapeneira.gal\/?s={search_term_string}"},"query-input":{"@type":"PropertyValueSpecification","valueRequired":true,"valueName":"search_term_string"}}],"inLanguage":"gl-ES"},{"@type":"Organization","@id":"https:\/\/www.anovapeneira.gal\/#organization","name":"A Nova Peneira","url":"https:\/\/www.anovapeneira.gal\/","logo":{"@type":"ImageObject","inLanguage":"gl-ES","@id":"https:\/\/www.anovapeneira.gal\/#\/schema\/logo\/image\/","url":"http:\/\/www.anovapeneira.gal\/wp-content\/uploads\/2019\/06\/logo_a_nova_peneira_portal_web.png","contentUrl":"http:\/\/www.anovapeneira.gal\/wp-content\/uploads\/2019\/06\/logo_a_nova_peneira_portal_web.png","width":300,"height":100,"caption":"A Nova Peneira"},"image":{"@id":"https:\/\/www.anovapeneira.gal\/#\/schema\/logo\/image\/"},"sameAs":["https:\/\/www.facebook.com\/anovapeneira","https:\/\/x.com\/APeneira"]},{"@type":"Person","@id":"https:\/\/www.anovapeneira.gal\/#\/schema\/person\/b93e3f8932e3f8da96334607eb6ac6aa","name":"Redacci\u00f3n A Nova Peneira","image":{"@type":"ImageObject","inLanguage":"gl-ES","@id":"https:\/\/secure.gravatar.com\/avatar\/c052a2551a06e23fac63626232eaa90abd78dbcf1700fc46a2b2c89fd27b735f?s=96&d=mm&r=g","url":"https:\/\/secure.gravatar.com\/avatar\/c052a2551a06e23fac63626232eaa90abd78dbcf1700fc46a2b2c89fd27b735f?s=96&d=mm&r=g","contentUrl":"https:\/\/secure.gravatar.com\/avatar\/c052a2551a06e23fac63626232eaa90abd78dbcf1700fc46a2b2c89fd27b735f?s=96&d=mm&r=g","caption":"Redacci\u00f3n A Nova Peneira"},"sameAs":["http:\/\/www.anovapeneira.gal\/"],"url":"https:\/\/www.anovapeneira.gal\/index.php\/author\/redactor\/"}]}},"jetpack_featured_media_url":"https:\/\/www.anovapeneira.gal\/wp-content\/uploads\/2022\/08\/shopping_night_redondela.jpg","_links":{"self":[{"href":"https:\/\/www.anovapeneira.gal\/index.php\/wp-json\/wp\/v2\/posts\/7893","targetHints":{"allow":["GET"]}}],"collection":[{"href":"https:\/\/www.anovapeneira.gal\/index.php\/wp-json\/wp\/v2\/posts"}],"about":[{"href":"https:\/\/www.anovapeneira.gal\/index.php\/wp-json\/wp\/v2\/types\/post"}],"author":[{"embeddable":true,"href":"https:\/\/www.anovapeneira.gal\/index.php\/wp-json\/wp\/v2\/users\/3"}],"replies":[{"embeddable":true,"href":"https:\/\/www.anovapeneira.gal\/index.php\/wp-json\/wp\/v2\/comments?post=7893"}],"version-history":[{"count":1,"href":"https:\/\/www.anovapeneira.gal\/index.php\/wp-json\/wp\/v2\/posts\/7893\/revisions"}],"predecessor-version":[{"id":7895,"href":"https:\/\/www.anovapeneira.gal\/index.php\/wp-json\/wp\/v2\/posts\/7893\/revisions\/7895"}],"wp:featuredmedia":[{"embeddable":true,"href":"https:\/\/www.anovapeneira.gal\/index.php\/wp-json\/wp\/v2\/media\/7894"}],"wp:attachment":[{"href":"https:\/\/www.anovapeneira.gal\/index.php\/wp-json\/wp\/v2\/media?parent=7893"}],"wp:term":[{"taxonomy":"category","embeddable":true,"href":"https:\/\/www.anovapeneira.gal\/index.php\/wp-json\/wp\/v2\/categories?post=7893"},{"taxonomy":"post_tag","embeddable":true,"href":"https:\/\/www.anovapeneira.gal\/index.php\/wp-json\/wp\/v2\/tags?post=7893"}],"curies":[{"name":"wp","href":"https:\/\/api.w.org\/{rel}","templated":true}]}}