{"id":7896,"date":"2022-08-05T10:00:22","date_gmt":"2022-08-05T08:00:22","guid":{"rendered":"https:\/\/www.anovapeneira.gal\/?p=7896"},"modified":"2022-08-01T14:14:40","modified_gmt":"2022-08-01T12:14:40","slug":"presentacion-dun-novo-numero-da-revista-cultural-mondaricus","status":"publish","type":"post","link":"https:\/\/www.anovapeneira.gal\/index.php\/2022\/08\/05\/presentacion-dun-novo-numero-da-revista-cultural-mondaricus\/","title":{"rendered":"Presentaci\u00f3n\u00a0dun\u00a0novo\u00a0n\u00famero\u00a0da\u00a0revista\u00a0cultural\u00a0&#8220;Mondaricus&#8221;"},"content":{"rendered":"\n<h2 class=\"wp-block-heading\">O\u00a0Concello\u00a0de\u00a0Mondariz\u00a0saca\u00a0\u00e1\u00a0luz\u00a0un\u00a0novo\u00a0exemplar\u00a0desta\u00a0revistacentrada\u00a0na\u00a0natureza,\u00a0a\u00a0historia\u00a0e\u00a0o\u00a0patrimonio\u00a0cultural\u00a0de\u00a0Mondariz\u00a0eMondariz\u00a0Balneario<\/h2>\n\n\n\n<p><strong>O&nbsp;vindeiro&nbsp;venres,&nbsp;5&nbsp;de&nbsp;agosto,&nbsp;\u00e1s&nbsp;20:30&nbsp;h,&nbsp;o&nbsp;Concello&nbsp;de&nbsp;Mondariz presenta&nbsp;o&nbsp;terceiro&nbsp;n\u00famero&nbsp;da&nbsp;revista&nbsp;de&nbsp;cultura&nbsp;&#8220;Mondaricus&#8221;<\/strong>.&nbsp;<\/p>\n\n\n\n<p>Tr\u00e1tasedunha\u00a0publicaci\u00f3n\u00a0de\u00a0periodicidade\u00a0anual\u00a0que,\u00a0nesta\u00a0ocasi\u00f3n,\u00a0cont\u00e9n120\u00a0p\u00e1xinas\u00a0impresas\u00a0a\u00a0toda\u00a0cor.\u00a0Na\u00a0revista\u00a0escriben\u00a0autoras\u00a0e\u00a0autoreslocais\u00a0do\u00a0\u00e1mbito\u00a0da\u00a0creaci\u00f3n\u00a0pl\u00e1stica\u00a0como\u00a0Gloria\u00a0Iglesias,\u00a0LorenzoMontes,\u00a0Ana\u00a0Amaro\u00a0ou\u00a0Arcilia\u00a0P.\u00a0Mel\u00f3n.<\/p>\n\n\n\n<p>&nbsp;Pero&nbsp;o&nbsp;groso&nbsp;da&nbsp;revista&nbsp;est\u00e1&nbsp;dedicado&nbsp;a&nbsp;traballos&nbsp;in\u00e9ditos&nbsp;sobre&nbsp;aatureza,&nbsp;a&nbsp;historia&nbsp;e&nbsp;o&nbsp;patrimonio&nbsp;cultural&nbsp;de&nbsp;Mondariz&nbsp;e&nbsp;MondarizBalneario.&nbsp;Desta&nbsp;volta&nbsp;escriben:<\/p>\n\n\n\n<p>&nbsp;&nbsp;&nbsp;&nbsp;&nbsp;*&nbsp;Rosa&nbsp;Reboreda:&nbsp;que&nbsp;escribe&nbsp;sobre&nbsp;Hortensia&nbsp;Nogueira&nbsp;Costa,&nbsp;atelefonista&nbsp;de&nbsp;Mondariz&nbsp;e&nbsp;Mondariz&nbsp;Balneario.&nbsp;Durante&nbsp;m\u00e1is&nbsp;de&nbsp;vinteanos&nbsp;milleiros&nbsp;de&nbsp;persoas&nbsp;pasaron&nbsp;polo&nbsp;seu&nbsp;locutorio.<\/p>\n\n\n\n<p>&nbsp;&nbsp;&nbsp;&nbsp;&nbsp;*&nbsp;Os&nbsp;profesores&nbsp;universitarios&nbsp;Anxo&nbsp;Porto&nbsp;Ucha&nbsp;e&nbsp;Raquel&nbsp;V\u00e1zquez,&nbsp;querescatan&nbsp;a&nbsp;memoria&nbsp;do&nbsp;profesorado&nbsp;represaliado&nbsp;polo&nbsp;franquismo&nbsp;entre1936&nbsp;e&nbsp;1942.<\/p>\n\n\n\n<p>&nbsp;&nbsp;&nbsp;&nbsp;&nbsp;*&nbsp;O&nbsp;fil\u00f3logo&nbsp;e&nbsp;investigador&nbsp;Xurxo&nbsp;Mart\u00ednez&nbsp;escribe&nbsp;sobre&nbsp;a&nbsp;relaci\u00f3nque&nbsp;mantiveron&nbsp;en&nbsp;M\u00e9xico&nbsp;Lu\u00eds&nbsp;Soto,&nbsp;mestre&nbsp;en&nbsp;Mondariz&nbsp;ata&nbsp;1936,&nbsp;eFlorencio&nbsp;Delgado&nbsp;Gurriar\u00e1n,&nbsp;a&nbsp;quen&nbsp;a&nbsp;RAG&nbsp;dedica&nbsp;este&nbsp;ano&nbsp;o&nbsp;D\u00eda&nbsp;dasLetras&nbsp;Galegas.<\/p>\n\n\n\n<p>&nbsp;&nbsp;&nbsp;&nbsp;&nbsp;*&nbsp;O&nbsp;mestre&nbsp;Alfonso&nbsp;Mumary&nbsp;asina&nbsp;un&nbsp;traballo&nbsp;sobre&nbsp;Antonio&nbsp;SanjurjoBad\u00eda,&nbsp;que&nbsp;fundiu&nbsp;boa&nbsp;parte&nbsp;das&nbsp;varandas,&nbsp;reixas&nbsp;e&nbsp;baixantes&nbsp;de&nbsp;augados&nbsp;\u201cmondarices\u201d&nbsp;no&nbsp;seu&nbsp;obradoiro&nbsp;de&nbsp;Vigo.<\/p>\n\n\n\n<p>&nbsp;&nbsp;&nbsp;&nbsp;&nbsp;*&nbsp;Clodio&nbsp;Gonz\u00e1lez&nbsp;P\u00e9rez,&nbsp;patr\u00f3n&nbsp;numerario&nbsp;do&nbsp;Museo&nbsp;do&nbsp;Pobo&nbsp;Galego,escribe&nbsp;sobre&nbsp;o&nbsp;patrimonio&nbsp;dos&nbsp;cesteiros&nbsp;de&nbsp;Mondariz&nbsp;que&nbsp;atesoura&nbsp;estemuseo&nbsp;compostel\u00e1n.<\/p>\n\n\n\n<p>&nbsp;&nbsp;&nbsp;&nbsp;&nbsp;*&nbsp;O&nbsp;xornalista&nbsp;Carlos&nbsp;Barros&nbsp;Gonz\u00e1lez&nbsp;escribe&nbsp;sobre&nbsp;a&nbsp;zapater\u00eda&nbsp;doTango,&nbsp;creada&nbsp;por&nbsp;Ceferino&nbsp;Barros&nbsp;Gonz\u00e1lez&nbsp;na&nbsp;d\u00e9cada&nbsp;de&nbsp;1940-50.<\/p>\n\n\n\n<p>&nbsp;&nbsp;&nbsp;&nbsp;&nbsp;*&nbsp;A&nbsp;profesora&nbsp;e&nbsp;investigadora&nbsp;Fernanda&nbsp;Pad\u00edn&nbsp;rescata&nbsp;a&nbsp;memoria&nbsp;dasfot\u00f3grafas&nbsp;pioneiras&nbsp;de&nbsp;Galicia,&nbsp;entre&nbsp;elas&nbsp;a&nbsp;das&nbsp;retratistas&nbsp;Luisa&nbsp;eRosina&nbsp;Pardo,&nbsp;que&nbsp;exerceron&nbsp;a&nbsp;s\u00faa&nbsp;profesi\u00f3n&nbsp;na&nbsp;_Belle&nbsp;Epoque_&nbsp;dobalneario&nbsp;de&nbsp;Mondariz.<\/p>\n\n\n\n<p>&nbsp;&nbsp;&nbsp;&nbsp;&nbsp;*&nbsp;O&nbsp;historiador&nbsp;do&nbsp;audiovisual&nbsp;Manuel&nbsp;Gonz\u00e1lez&nbsp;rescata&nbsp;os&nbsp;anos&nbsp;dofot\u00f3grafo&nbsp;Jos\u00e9&nbsp;Gil&nbsp;pasou&nbsp;no&nbsp;balneario&nbsp;de&nbsp;Mondariz,&nbsp;onde&nbsp;rodou&nbsp;oitofilmes&nbsp;entre&nbsp;1910&nbsp;e&nbsp;1931.<\/p>\n\n\n\n<p>&nbsp;&nbsp;&nbsp;&nbsp;&nbsp;*&nbsp;O&nbsp;profesor&nbsp;da&nbsp;Universidade&nbsp;de&nbsp;Santiago&nbsp;Antonio&nbsp;Rigueiro&nbsp;e&nbsp;o&nbsp;doutoren&nbsp;enxe\u00f1er\u00eda&nbsp;forestal&nbsp;Gaspar&nbsp;Bern\u00e1rdez&nbsp;asinan&nbsp;a&nbsp;primeira&nbsp;parte&nbsp;dunartigo,&nbsp;a&nbsp;publicar&nbsp;en&nbsp;d\u00faas&nbsp;entregas,&nbsp;sobre&nbsp;as&nbsp;\u00e1rbores&nbsp;senlleiras&nbsp;deMondariz&nbsp;e&nbsp;Mondariz&nbsp;Balneario.<\/p>\n\n\n\n<p>&nbsp;&nbsp;&nbsp;&nbsp;&nbsp;*&nbsp;Patricia&nbsp;Carballal,&nbsp;profesora&nbsp;da&nbsp;Universidade&nbsp;da&nbsp;Coru\u00f1a,&nbsp;escribesobre&nbsp;o&nbsp;papel&nbsp;dos&nbsp;balnearios&nbsp;na&nbsp;obra&nbsp;literaria&nbsp;de&nbsp;Emilia&nbsp;Pardo&nbsp;Baz\u00e1n,visitante&nbsp;incondicional&nbsp;do&nbsp;balneario&nbsp;de&nbsp;Mondariz.<\/p>\n\n\n\n<p>&nbsp;&nbsp;&nbsp;&nbsp;&nbsp;*&nbsp;A&nbsp;vida&nbsp;e&nbsp;obra&nbsp;do&nbsp;compositor&nbsp;Ju\u00e1n&nbsp;Dur\u00e1n,&nbsp;fillo&nbsp;e&nbsp;neto&nbsp;de&nbsp;panadeirosda&nbsp;parroquia&nbsp;de&nbsp;Sabax\u00e1ns,&nbsp;\u00e9&nbsp;obxecto&nbsp;dun&nbsp;artigo&nbsp;que&nbsp;asina&nbsp;o&nbsp;profesor&nbsp;dem\u00fasica&nbsp;Xaime&nbsp;Est\u00e9vez&nbsp;Vila.<\/p>\n\n\n\n<p>&nbsp;&nbsp;&nbsp;&nbsp;&nbsp;*&nbsp;O&nbsp;historiador&nbsp;Xos\u00e9&nbsp;R.&nbsp;Paz&nbsp;Ant\u00f3n&nbsp;recupera&nbsp;a&nbsp;traxectoria&nbsp;vital&nbsp;domestre&nbsp;de&nbsp;obras&nbsp;Seraf\u00edn&nbsp;Tato&nbsp;Faro,&nbsp;un&nbsp;concelleiro&nbsp;en&nbsp;Mondariz&nbsp;Balnearioen&nbsp;1930&nbsp;que&nbsp;foi&nbsp;encarcerado&nbsp;e&nbsp;asasinado&nbsp;pola&nbsp;ditadura&nbsp;franquista&nbsp;en1937.<\/p>\n\n\n\n<p>&nbsp;&nbsp;&nbsp;&nbsp;&nbsp;*&nbsp;A&nbsp;historiadora&nbsp;Mar\u00eda&nbsp;Fern\u00e1ndez&nbsp;Blanco&nbsp;rescata&nbsp;a&nbsp;memoria&nbsp;dofutbolista&nbsp;nado&nbsp;en&nbsp;Mondariz&nbsp;Cosme&nbsp;V\u00e1zquez,&nbsp;que&nbsp;xogou&nbsp;no&nbsp;Celta&nbsp;de&nbsp;Vigo&nbsp;eo&nbsp;Atl\u00e9tico&nbsp;de&nbsp;Madrid&nbsp;hai&nbsp;agora&nbsp;un&nbsp;s\u00e9culo.<\/p>\n\n\n\n<p>&nbsp;&nbsp;&nbsp;&nbsp;&nbsp;*&nbsp;Luc\u00eda&nbsp;Est\u00e9vez,&nbsp;restauradora&nbsp;de&nbsp;profesi\u00f3n,&nbsp;analiza&nbsp;os&nbsp;problemas&nbsp;deconservaci\u00f3n&nbsp;dos&nbsp;gravados&nbsp;rupestres&nbsp;da&nbsp;parroquia&nbsp;de&nbsp;Gargamala.<\/p>\n\n\n\n<p>&nbsp;&nbsp;&nbsp;&nbsp;&nbsp;*&nbsp;Por&nbsp;\u00faltimo,&nbsp;a&nbsp;xornalista&nbsp;Ver\u00f3nica&nbsp;Palleiro&nbsp;fai&nbsp;un&nbsp;retrato&nbsp;deactualidade&nbsp;centrado&nbsp;nas&nbsp;mulleres&nbsp;do&nbsp;noso&nbsp;concello&nbsp;que&nbsp;ve\u00f1en&nbsp;ocupandooficios&nbsp;tradicionalmente&nbsp;masculinizados:&nbsp;condutoras&nbsp;de&nbsp;autob\u00fas&nbsp;ealbaneis.<\/p>\n\n\n\n<p>&nbsp;_Comisi\u00f3n&nbsp;de&nbsp;Festas_<strong>&nbsp;<\/strong>No&nbsp;acto&nbsp;intervir\u00e1&nbsp;tam\u00e9n&nbsp;Maite&nbsp;Isla,&nbsp;presidenta&nbsp;da&nbsp;Comisi\u00f3n&nbsp;de&nbsp;Festasda&nbsp;Pe\u00f1a&nbsp;de&nbsp;Francia&nbsp;e&nbsp;San&nbsp;Roque&nbsp;de&nbsp;Mondariz,&nbsp;que&nbsp;presentar\u00e1publicamente&nbsp;a&nbsp;programaci\u00f3n&nbsp;festiva&nbsp;que&nbsp;un&nbsp;grupo&nbsp;de&nbsp;veci\u00f1as&nbsp;e&nbsp;veci\u00f1ospreparou&nbsp;para&nbsp;os&nbsp;vindeiros&nbsp;d\u00edas&nbsp;13,&nbsp;14,&nbsp;15&nbsp;e&nbsp;16&nbsp;de&nbsp;agosto,&nbsp;na&nbsp;queparticipar\u00e1n&nbsp;grupos&nbsp;de&nbsp;grande&nbsp;sona&nbsp;como&nbsp;Dakidarr\u00eda,&nbsp;Saudade&nbsp;ouAm\u00e9rica.<\/p>\n","protected":false},"excerpt":{"rendered":"<div class=\"mh-excerpt\"><p>O\u00a0Concello\u00a0de\u00a0Mondariz\u00a0saca\u00a0\u00e1\u00a0luz\u00a0un\u00a0novo\u00a0exemplar\u00a0desta\u00a0revistacentrada\u00a0na\u00a0natureza,\u00a0a\u00a0historia\u00a0e\u00a0o\u00a0patrimonio\u00a0cultural\u00a0de\u00a0Mondariz\u00a0eMondariz\u00a0Balneario <a class=\"mh-excerpt-more\" href=\"https:\/\/www.anovapeneira.gal\/index.php\/2022\/08\/05\/presentacion-dun-novo-numero-da-revista-cultural-mondaricus\/\" title=\"Presentaci\u00f3n\u00a0dun\u00a0novo\u00a0n\u00famero\u00a0da\u00a0revista\u00a0cultural\u00a0&#8220;Mondaricus&#8221;\">[&#8230;]<\/a><\/p>\n<\/div>","protected":false},"author":3,"featured_media":7901,"comment_status":"open","ping_status":"open","sticky":false,"template":"","format":"standard","meta":{"_exactmetrics_skip_tracking":false,"_exactmetrics_sitenote_active":false,"_exactmetrics_sitenote_note":"","_exactmetrics_sitenote_category":0,"footnotes":""},"categories":[25],"tags":[405,1270],"class_list":{"0":"post-7896","1":"post","2":"type-post","3":"status-publish","4":"format-standard","5":"has-post-thumbnail","7":"category-condado","8":"tag-concello-de-mondariz","9":"tag-concello-mondariz-balneario"},"yoast_head":"<!-- This site is optimized with the Yoast SEO plugin v27.4 - https:\/\/yoast.com\/product\/yoast-seo-wordpress\/ -->\n<title>Presentaci\u00f3n\u00a0dun\u00a0novo\u00a0n\u00famero\u00a0da\u00a0revista\u00a0cultural\u00a0&quot;Mondaricus&quot; -<\/title>\n<meta name=\"description\" content=\"O\u00a0Concello\u00a0de\u00a0Mondariz\u00a0saca\u00a0\u00e1\u00a0luz\u00a0un\u00a0novo\u00a0exemplar\u00a0desta\u00a0revistacentrada\u00a0na\u00a0natureza,\u00a0a\u00a0historia\u00a0e\u00a0o\u00a0patrimonio\u00a0cultural\u00a0de\u00a0Mondariz\u00a0eMondariz\u00a0Balneario\" \/>\n<meta name=\"robots\" content=\"index, follow, max-snippet:-1, max-image-preview:large, max-video-preview:-1\" \/>\n<link rel=\"canonical\" href=\"https:\/\/www.anovapeneira.gal\/index.php\/2022\/08\/05\/presentacion-dun-novo-numero-da-revista-cultural-mondaricus\/\" \/>\n<meta property=\"og:locale\" content=\"gl_ES\" \/>\n<meta property=\"og:type\" content=\"article\" \/>\n<meta property=\"og:title\" content=\"Presentaci\u00f3n\u00a0dun\u00a0novo\u00a0n\u00famero\u00a0da\u00a0revista\u00a0cultural\u00a0&quot;Mondaricus&quot; -\" \/>\n<meta property=\"og:description\" content=\"O\u00a0Concello\u00a0de\u00a0Mondariz\u00a0saca\u00a0\u00e1\u00a0luz\u00a0un\u00a0novo\u00a0exemplar\u00a0desta\u00a0revistacentrada\u00a0na\u00a0natureza,\u00a0a\u00a0historia\u00a0e\u00a0o\u00a0patrimonio\u00a0cultural\u00a0de\u00a0Mondariz\u00a0eMondariz\u00a0Balneario\" \/>\n<meta property=\"og:url\" content=\"https:\/\/www.anovapeneira.gal\/index.php\/2022\/08\/05\/presentacion-dun-novo-numero-da-revista-cultural-mondaricus\/\" \/>\n<meta property=\"article:publisher\" content=\"https:\/\/www.facebook.com\/anovapeneira\" \/>\n<meta property=\"article:published_time\" content=\"2022-08-05T08:00:22+00:00\" \/>\n<meta property=\"og:image\" content=\"https:\/\/www.anovapeneira.gal\/wp-content\/uploads\/2022\/08\/mondaricus.jpg\" \/>\n\t<meta property=\"og:image:width\" content=\"720\" \/>\n\t<meta property=\"og:image:height\" content=\"432\" \/>\n\t<meta property=\"og:image:type\" content=\"image\/jpeg\" \/>\n<meta name=\"author\" content=\"Redacci\u00f3n A Nova Peneira\" \/>\n<meta name=\"twitter:card\" content=\"summary_large_image\" \/>\n<meta name=\"twitter:creator\" content=\"@APeneira\" \/>\n<meta name=\"twitter:site\" content=\"@APeneira\" \/>\n<meta name=\"twitter:label1\" content=\"Escrito por\" \/>\n\t<meta name=\"twitter:data1\" content=\"Redacci\u00f3n A Nova Peneira\" \/>\n\t<meta name=\"twitter:label2\" content=\"Tempo de lectura\" \/>\n\t<meta name=\"twitter:data2\" content=\"4 minutos\" \/>\n<script type=\"application\/ld+json\" class=\"yoast-schema-graph\">{\"@context\":\"https:\\\/\\\/schema.org\",\"@graph\":[{\"@type\":\"Article\",\"@id\":\"https:\\\/\\\/www.anovapeneira.gal\\\/index.php\\\/2022\\\/08\\\/05\\\/presentacion-dun-novo-numero-da-revista-cultural-mondaricus\\\/#article\",\"isPartOf\":{\"@id\":\"https:\\\/\\\/www.anovapeneira.gal\\\/index.php\\\/2022\\\/08\\\/05\\\/presentacion-dun-novo-numero-da-revista-cultural-mondaricus\\\/\"},\"author\":{\"name\":\"Redacci\u00f3n A Nova Peneira\",\"@id\":\"https:\\\/\\\/www.anovapeneira.gal\\\/#\\\/schema\\\/person\\\/b93e3f8932e3f8da96334607eb6ac6aa\"},\"headline\":\"Presentaci\u00f3n\u00a0dun\u00a0novo\u00a0n\u00famero\u00a0da\u00a0revista\u00a0cultural\u00a0&#8220;Mondaricus&#8221;\",\"datePublished\":\"2022-08-05T08:00:22+00:00\",\"mainEntityOfPage\":{\"@id\":\"https:\\\/\\\/www.anovapeneira.gal\\\/index.php\\\/2022\\\/08\\\/05\\\/presentacion-dun-novo-numero-da-revista-cultural-mondaricus\\\/\"},\"wordCount\":1181,\"commentCount\":0,\"publisher\":{\"@id\":\"https:\\\/\\\/www.anovapeneira.gal\\\/#organization\"},\"image\":{\"@id\":\"https:\\\/\\\/www.anovapeneira.gal\\\/index.php\\\/2022\\\/08\\\/05\\\/presentacion-dun-novo-numero-da-revista-cultural-mondaricus\\\/#primaryimage\"},\"thumbnailUrl\":\"https:\\\/\\\/www.anovapeneira.gal\\\/wp-content\\\/uploads\\\/2022\\\/08\\\/mondaricus.jpg\",\"keywords\":[\"Concello de Mondariz\",\"Concello Mondariz Balneario\"],\"articleSection\":[\"Condado\"],\"inLanguage\":\"gl-ES\",\"potentialAction\":[{\"@type\":\"CommentAction\",\"name\":\"Comment\",\"target\":[\"https:\\\/\\\/www.anovapeneira.gal\\\/index.php\\\/2022\\\/08\\\/05\\\/presentacion-dun-novo-numero-da-revista-cultural-mondaricus\\\/#respond\"]}]},{\"@type\":\"WebPage\",\"@id\":\"https:\\\/\\\/www.anovapeneira.gal\\\/index.php\\\/2022\\\/08\\\/05\\\/presentacion-dun-novo-numero-da-revista-cultural-mondaricus\\\/\",\"url\":\"https:\\\/\\\/www.anovapeneira.gal\\\/index.php\\\/2022\\\/08\\\/05\\\/presentacion-dun-novo-numero-da-revista-cultural-mondaricus\\\/\",\"name\":\"Presentaci\u00f3n\u00a0dun\u00a0novo\u00a0n\u00famero\u00a0da\u00a0revista\u00a0cultural\u00a0\\\"Mondaricus\\\" -\",\"isPartOf\":{\"@id\":\"https:\\\/\\\/www.anovapeneira.gal\\\/#website\"},\"primaryImageOfPage\":{\"@id\":\"https:\\\/\\\/www.anovapeneira.gal\\\/index.php\\\/2022\\\/08\\\/05\\\/presentacion-dun-novo-numero-da-revista-cultural-mondaricus\\\/#primaryimage\"},\"image\":{\"@id\":\"https:\\\/\\\/www.anovapeneira.gal\\\/index.php\\\/2022\\\/08\\\/05\\\/presentacion-dun-novo-numero-da-revista-cultural-mondaricus\\\/#primaryimage\"},\"thumbnailUrl\":\"https:\\\/\\\/www.anovapeneira.gal\\\/wp-content\\\/uploads\\\/2022\\\/08\\\/mondaricus.jpg\",\"datePublished\":\"2022-08-05T08:00:22+00:00\",\"description\":\"O\u00a0Concello\u00a0de\u00a0Mondariz\u00a0saca\u00a0\u00e1\u00a0luz\u00a0un\u00a0novo\u00a0exemplar\u00a0desta\u00a0revistacentrada\u00a0na\u00a0natureza,\u00a0a\u00a0historia\u00a0e\u00a0o\u00a0patrimonio\u00a0cultural\u00a0de\u00a0Mondariz\u00a0eMondariz\u00a0Balneario\",\"breadcrumb\":{\"@id\":\"https:\\\/\\\/www.anovapeneira.gal\\\/index.php\\\/2022\\\/08\\\/05\\\/presentacion-dun-novo-numero-da-revista-cultural-mondaricus\\\/#breadcrumb\"},\"inLanguage\":\"gl-ES\",\"potentialAction\":[{\"@type\":\"ReadAction\",\"target\":[\"https:\\\/\\\/www.anovapeneira.gal\\\/index.php\\\/2022\\\/08\\\/05\\\/presentacion-dun-novo-numero-da-revista-cultural-mondaricus\\\/\"]}]},{\"@type\":\"ImageObject\",\"inLanguage\":\"gl-ES\",\"@id\":\"https:\\\/\\\/www.anovapeneira.gal\\\/index.php\\\/2022\\\/08\\\/05\\\/presentacion-dun-novo-numero-da-revista-cultural-mondaricus\\\/#primaryimage\",\"url\":\"https:\\\/\\\/www.anovapeneira.gal\\\/wp-content\\\/uploads\\\/2022\\\/08\\\/mondaricus.jpg\",\"contentUrl\":\"https:\\\/\\\/www.anovapeneira.gal\\\/wp-content\\\/uploads\\\/2022\\\/08\\\/mondaricus.jpg\",\"width\":720,\"height\":432,\"caption\":\"Mondaricus\"},{\"@type\":\"BreadcrumbList\",\"@id\":\"https:\\\/\\\/www.anovapeneira.gal\\\/index.php\\\/2022\\\/08\\\/05\\\/presentacion-dun-novo-numero-da-revista-cultural-mondaricus\\\/#breadcrumb\",\"itemListElement\":[{\"@type\":\"ListItem\",\"position\":1,\"name\":\"Portada\",\"item\":\"https:\\\/\\\/www.anovapeneira.gal\\\/\"},{\"@type\":\"ListItem\",\"position\":2,\"name\":\"Presentaci\u00f3n\u00a0dun\u00a0novo\u00a0n\u00famero\u00a0da\u00a0revista\u00a0cultural\u00a0&#8220;Mondaricus&#8221;\"}]},{\"@type\":\"WebSite\",\"@id\":\"https:\\\/\\\/www.anovapeneira.gal\\\/#website\",\"url\":\"https:\\\/\\\/www.anovapeneira.gal\\\/\",\"name\":\"\",\"description\":\"Xornal galego de informaci\u00f3n xeral Publicaci\u00f3n mensual de novas de Galicia e en especial dos Concellos da sur da provincia de Pontevedra.\",\"publisher\":{\"@id\":\"https:\\\/\\\/www.anovapeneira.gal\\\/#organization\"},\"potentialAction\":[{\"@type\":\"SearchAction\",\"target\":{\"@type\":\"EntryPoint\",\"urlTemplate\":\"https:\\\/\\\/www.anovapeneira.gal\\\/?s={search_term_string}\"},\"query-input\":{\"@type\":\"PropertyValueSpecification\",\"valueRequired\":true,\"valueName\":\"search_term_string\"}}],\"inLanguage\":\"gl-ES\"},{\"@type\":\"Organization\",\"@id\":\"https:\\\/\\\/www.anovapeneira.gal\\\/#organization\",\"name\":\"A Nova Peneira\",\"url\":\"https:\\\/\\\/www.anovapeneira.gal\\\/\",\"logo\":{\"@type\":\"ImageObject\",\"inLanguage\":\"gl-ES\",\"@id\":\"https:\\\/\\\/www.anovapeneira.gal\\\/#\\\/schema\\\/logo\\\/image\\\/\",\"url\":\"http:\\\/\\\/www.anovapeneira.gal\\\/wp-content\\\/uploads\\\/2019\\\/06\\\/logo_a_nova_peneira_portal_web.png\",\"contentUrl\":\"http:\\\/\\\/www.anovapeneira.gal\\\/wp-content\\\/uploads\\\/2019\\\/06\\\/logo_a_nova_peneira_portal_web.png\",\"width\":300,\"height\":100,\"caption\":\"A Nova Peneira\"},\"image\":{\"@id\":\"https:\\\/\\\/www.anovapeneira.gal\\\/#\\\/schema\\\/logo\\\/image\\\/\"},\"sameAs\":[\"https:\\\/\\\/www.facebook.com\\\/anovapeneira\",\"https:\\\/\\\/x.com\\\/APeneira\"]},{\"@type\":\"Person\",\"@id\":\"https:\\\/\\\/www.anovapeneira.gal\\\/#\\\/schema\\\/person\\\/b93e3f8932e3f8da96334607eb6ac6aa\",\"name\":\"Redacci\u00f3n A Nova Peneira\",\"image\":{\"@type\":\"ImageObject\",\"inLanguage\":\"gl-ES\",\"@id\":\"https:\\\/\\\/secure.gravatar.com\\\/avatar\\\/c052a2551a06e23fac63626232eaa90abd78dbcf1700fc46a2b2c89fd27b735f?s=96&d=mm&r=g\",\"url\":\"https:\\\/\\\/secure.gravatar.com\\\/avatar\\\/c052a2551a06e23fac63626232eaa90abd78dbcf1700fc46a2b2c89fd27b735f?s=96&d=mm&r=g\",\"contentUrl\":\"https:\\\/\\\/secure.gravatar.com\\\/avatar\\\/c052a2551a06e23fac63626232eaa90abd78dbcf1700fc46a2b2c89fd27b735f?s=96&d=mm&r=g\",\"caption\":\"Redacci\u00f3n A Nova Peneira\"},\"sameAs\":[\"http:\\\/\\\/www.anovapeneira.gal\\\/\"],\"url\":\"https:\\\/\\\/www.anovapeneira.gal\\\/index.php\\\/author\\\/redactor\\\/\"}]}<\/script>\n<!-- \/ Yoast SEO plugin. -->","yoast_head_json":{"title":"Presentaci\u00f3n\u00a0dun\u00a0novo\u00a0n\u00famero\u00a0da\u00a0revista\u00a0cultural\u00a0\"Mondaricus\" -","description":"O\u00a0Concello\u00a0de\u00a0Mondariz\u00a0saca\u00a0\u00e1\u00a0luz\u00a0un\u00a0novo\u00a0exemplar\u00a0desta\u00a0revistacentrada\u00a0na\u00a0natureza,\u00a0a\u00a0historia\u00a0e\u00a0o\u00a0patrimonio\u00a0cultural\u00a0de\u00a0Mondariz\u00a0eMondariz\u00a0Balneario","robots":{"index":"index","follow":"follow","max-snippet":"max-snippet:-1","max-image-preview":"max-image-preview:large","max-video-preview":"max-video-preview:-1"},"canonical":"https:\/\/www.anovapeneira.gal\/index.php\/2022\/08\/05\/presentacion-dun-novo-numero-da-revista-cultural-mondaricus\/","og_locale":"gl_ES","og_type":"article","og_title":"Presentaci\u00f3n\u00a0dun\u00a0novo\u00a0n\u00famero\u00a0da\u00a0revista\u00a0cultural\u00a0\"Mondaricus\" -","og_description":"O\u00a0Concello\u00a0de\u00a0Mondariz\u00a0saca\u00a0\u00e1\u00a0luz\u00a0un\u00a0novo\u00a0exemplar\u00a0desta\u00a0revistacentrada\u00a0na\u00a0natureza,\u00a0a\u00a0historia\u00a0e\u00a0o\u00a0patrimonio\u00a0cultural\u00a0de\u00a0Mondariz\u00a0eMondariz\u00a0Balneario","og_url":"https:\/\/www.anovapeneira.gal\/index.php\/2022\/08\/05\/presentacion-dun-novo-numero-da-revista-cultural-mondaricus\/","article_publisher":"https:\/\/www.facebook.com\/anovapeneira","article_published_time":"2022-08-05T08:00:22+00:00","og_image":[{"width":720,"height":432,"url":"https:\/\/www.anovapeneira.gal\/wp-content\/uploads\/2022\/08\/mondaricus.jpg","type":"image\/jpeg"}],"author":"Redacci\u00f3n A Nova Peneira","twitter_card":"summary_large_image","twitter_creator":"@APeneira","twitter_site":"@APeneira","twitter_misc":{"Escrito por":"Redacci\u00f3n A Nova Peneira","Tempo de lectura":"4 minutos"},"schema":{"@context":"https:\/\/schema.org","@graph":[{"@type":"Article","@id":"https:\/\/www.anovapeneira.gal\/index.php\/2022\/08\/05\/presentacion-dun-novo-numero-da-revista-cultural-mondaricus\/#article","isPartOf":{"@id":"https:\/\/www.anovapeneira.gal\/index.php\/2022\/08\/05\/presentacion-dun-novo-numero-da-revista-cultural-mondaricus\/"},"author":{"name":"Redacci\u00f3n A Nova Peneira","@id":"https:\/\/www.anovapeneira.gal\/#\/schema\/person\/b93e3f8932e3f8da96334607eb6ac6aa"},"headline":"Presentaci\u00f3n\u00a0dun\u00a0novo\u00a0n\u00famero\u00a0da\u00a0revista\u00a0cultural\u00a0&#8220;Mondaricus&#8221;","datePublished":"2022-08-05T08:00:22+00:00","mainEntityOfPage":{"@id":"https:\/\/www.anovapeneira.gal\/index.php\/2022\/08\/05\/presentacion-dun-novo-numero-da-revista-cultural-mondaricus\/"},"wordCount":1181,"commentCount":0,"publisher":{"@id":"https:\/\/www.anovapeneira.gal\/#organization"},"image":{"@id":"https:\/\/www.anovapeneira.gal\/index.php\/2022\/08\/05\/presentacion-dun-novo-numero-da-revista-cultural-mondaricus\/#primaryimage"},"thumbnailUrl":"https:\/\/www.anovapeneira.gal\/wp-content\/uploads\/2022\/08\/mondaricus.jpg","keywords":["Concello de Mondariz","Concello Mondariz Balneario"],"articleSection":["Condado"],"inLanguage":"gl-ES","potentialAction":[{"@type":"CommentAction","name":"Comment","target":["https:\/\/www.anovapeneira.gal\/index.php\/2022\/08\/05\/presentacion-dun-novo-numero-da-revista-cultural-mondaricus\/#respond"]}]},{"@type":"WebPage","@id":"https:\/\/www.anovapeneira.gal\/index.php\/2022\/08\/05\/presentacion-dun-novo-numero-da-revista-cultural-mondaricus\/","url":"https:\/\/www.anovapeneira.gal\/index.php\/2022\/08\/05\/presentacion-dun-novo-numero-da-revista-cultural-mondaricus\/","name":"Presentaci\u00f3n\u00a0dun\u00a0novo\u00a0n\u00famero\u00a0da\u00a0revista\u00a0cultural\u00a0\"Mondaricus\" -","isPartOf":{"@id":"https:\/\/www.anovapeneira.gal\/#website"},"primaryImageOfPage":{"@id":"https:\/\/www.anovapeneira.gal\/index.php\/2022\/08\/05\/presentacion-dun-novo-numero-da-revista-cultural-mondaricus\/#primaryimage"},"image":{"@id":"https:\/\/www.anovapeneira.gal\/index.php\/2022\/08\/05\/presentacion-dun-novo-numero-da-revista-cultural-mondaricus\/#primaryimage"},"thumbnailUrl":"https:\/\/www.anovapeneira.gal\/wp-content\/uploads\/2022\/08\/mondaricus.jpg","datePublished":"2022-08-05T08:00:22+00:00","description":"O\u00a0Concello\u00a0de\u00a0Mondariz\u00a0saca\u00a0\u00e1\u00a0luz\u00a0un\u00a0novo\u00a0exemplar\u00a0desta\u00a0revistacentrada\u00a0na\u00a0natureza,\u00a0a\u00a0historia\u00a0e\u00a0o\u00a0patrimonio\u00a0cultural\u00a0de\u00a0Mondariz\u00a0eMondariz\u00a0Balneario","breadcrumb":{"@id":"https:\/\/www.anovapeneira.gal\/index.php\/2022\/08\/05\/presentacion-dun-novo-numero-da-revista-cultural-mondaricus\/#breadcrumb"},"inLanguage":"gl-ES","potentialAction":[{"@type":"ReadAction","target":["https:\/\/www.anovapeneira.gal\/index.php\/2022\/08\/05\/presentacion-dun-novo-numero-da-revista-cultural-mondaricus\/"]}]},{"@type":"ImageObject","inLanguage":"gl-ES","@id":"https:\/\/www.anovapeneira.gal\/index.php\/2022\/08\/05\/presentacion-dun-novo-numero-da-revista-cultural-mondaricus\/#primaryimage","url":"https:\/\/www.anovapeneira.gal\/wp-content\/uploads\/2022\/08\/mondaricus.jpg","contentUrl":"https:\/\/www.anovapeneira.gal\/wp-content\/uploads\/2022\/08\/mondaricus.jpg","width":720,"height":432,"caption":"Mondaricus"},{"@type":"BreadcrumbList","@id":"https:\/\/www.anovapeneira.gal\/index.php\/2022\/08\/05\/presentacion-dun-novo-numero-da-revista-cultural-mondaricus\/#breadcrumb","itemListElement":[{"@type":"ListItem","position":1,"name":"Portada","item":"https:\/\/www.anovapeneira.gal\/"},{"@type":"ListItem","position":2,"name":"Presentaci\u00f3n\u00a0dun\u00a0novo\u00a0n\u00famero\u00a0da\u00a0revista\u00a0cultural\u00a0&#8220;Mondaricus&#8221;"}]},{"@type":"WebSite","@id":"https:\/\/www.anovapeneira.gal\/#website","url":"https:\/\/www.anovapeneira.gal\/","name":"","description":"Xornal galego de informaci\u00f3n xeral Publicaci\u00f3n mensual de novas de Galicia e en especial dos Concellos da sur da provincia de Pontevedra.","publisher":{"@id":"https:\/\/www.anovapeneira.gal\/#organization"},"potentialAction":[{"@type":"SearchAction","target":{"@type":"EntryPoint","urlTemplate":"https:\/\/www.anovapeneira.gal\/?s={search_term_string}"},"query-input":{"@type":"PropertyValueSpecification","valueRequired":true,"valueName":"search_term_string"}}],"inLanguage":"gl-ES"},{"@type":"Organization","@id":"https:\/\/www.anovapeneira.gal\/#organization","name":"A Nova Peneira","url":"https:\/\/www.anovapeneira.gal\/","logo":{"@type":"ImageObject","inLanguage":"gl-ES","@id":"https:\/\/www.anovapeneira.gal\/#\/schema\/logo\/image\/","url":"http:\/\/www.anovapeneira.gal\/wp-content\/uploads\/2019\/06\/logo_a_nova_peneira_portal_web.png","contentUrl":"http:\/\/www.anovapeneira.gal\/wp-content\/uploads\/2019\/06\/logo_a_nova_peneira_portal_web.png","width":300,"height":100,"caption":"A Nova Peneira"},"image":{"@id":"https:\/\/www.anovapeneira.gal\/#\/schema\/logo\/image\/"},"sameAs":["https:\/\/www.facebook.com\/anovapeneira","https:\/\/x.com\/APeneira"]},{"@type":"Person","@id":"https:\/\/www.anovapeneira.gal\/#\/schema\/person\/b93e3f8932e3f8da96334607eb6ac6aa","name":"Redacci\u00f3n A Nova Peneira","image":{"@type":"ImageObject","inLanguage":"gl-ES","@id":"https:\/\/secure.gravatar.com\/avatar\/c052a2551a06e23fac63626232eaa90abd78dbcf1700fc46a2b2c89fd27b735f?s=96&d=mm&r=g","url":"https:\/\/secure.gravatar.com\/avatar\/c052a2551a06e23fac63626232eaa90abd78dbcf1700fc46a2b2c89fd27b735f?s=96&d=mm&r=g","contentUrl":"https:\/\/secure.gravatar.com\/avatar\/c052a2551a06e23fac63626232eaa90abd78dbcf1700fc46a2b2c89fd27b735f?s=96&d=mm&r=g","caption":"Redacci\u00f3n A Nova Peneira"},"sameAs":["http:\/\/www.anovapeneira.gal\/"],"url":"https:\/\/www.anovapeneira.gal\/index.php\/author\/redactor\/"}]}},"jetpack_featured_media_url":"https:\/\/www.anovapeneira.gal\/wp-content\/uploads\/2022\/08\/mondaricus.jpg","_links":{"self":[{"href":"https:\/\/www.anovapeneira.gal\/index.php\/wp-json\/wp\/v2\/posts\/7896","targetHints":{"allow":["GET"]}}],"collection":[{"href":"https:\/\/www.anovapeneira.gal\/index.php\/wp-json\/wp\/v2\/posts"}],"about":[{"href":"https:\/\/www.anovapeneira.gal\/index.php\/wp-json\/wp\/v2\/types\/post"}],"author":[{"embeddable":true,"href":"https:\/\/www.anovapeneira.gal\/index.php\/wp-json\/wp\/v2\/users\/3"}],"replies":[{"embeddable":true,"href":"https:\/\/www.anovapeneira.gal\/index.php\/wp-json\/wp\/v2\/comments?post=7896"}],"version-history":[{"count":5,"href":"https:\/\/www.anovapeneira.gal\/index.php\/wp-json\/wp\/v2\/posts\/7896\/revisions"}],"predecessor-version":[{"id":7903,"href":"https:\/\/www.anovapeneira.gal\/index.php\/wp-json\/wp\/v2\/posts\/7896\/revisions\/7903"}],"wp:featuredmedia":[{"embeddable":true,"href":"https:\/\/www.anovapeneira.gal\/index.php\/wp-json\/wp\/v2\/media\/7901"}],"wp:attachment":[{"href":"https:\/\/www.anovapeneira.gal\/index.php\/wp-json\/wp\/v2\/media?parent=7896"}],"wp:term":[{"taxonomy":"category","embeddable":true,"href":"https:\/\/www.anovapeneira.gal\/index.php\/wp-json\/wp\/v2\/categories?post=7896"},{"taxonomy":"post_tag","embeddable":true,"href":"https:\/\/www.anovapeneira.gal\/index.php\/wp-json\/wp\/v2\/tags?post=7896"}],"curies":[{"name":"wp","href":"https:\/\/api.w.org\/{rel}","templated":true}]}}