{"id":7907,"date":"2022-08-08T10:00:19","date_gmt":"2022-08-08T08:00:19","guid":{"rendered":"https:\/\/www.anovapeneira.gal\/?p=7907"},"modified":"2022-08-02T13:02:52","modified_gmt":"2022-08-02T11:02:52","slug":"por-un-ensino-publico-inclusivo-igualador-e-de-calidade-comunicado-do-profesorado-do-ies-a-sangrina","status":"publish","type":"post","link":"https:\/\/www.anovapeneira.gal\/index.php\/2022\/08\/08\/por-un-ensino-publico-inclusivo-igualador-e-de-calidade-comunicado-do-profesorado-do-ies-a-sangrina\/","title":{"rendered":"Por un ensino p\u00fablico inclusivo, igualador e de calidade comunicado do profesorado do IES A Sangri\u00f1a"},"content":{"rendered":"\n<h2 class=\"wp-block-heading\">O profesorado do IES A Sangri\u00f1a di XA ABONDA aos recortes que a Xunta de Galicia leva aplicando contra o ensino p\u00fablico durante os \u00faltimos anos e que se radicalizan neste curso 2022-2023.<\/h2>\n\n\n\n<p>Poder\u00eda semellar que a reduci\u00f3n de docentes \u00e9 unha problem\u00e1tica particular do profesorado, pero a nosa obriga \u00e9 po\u00f1er en co\u00f1ecemento de toda a comunidade educativa que a destruci\u00f3n do ensino p\u00fablico \u00e9 unha agresi\u00f3n directa contra a nosa sociedade, contra a igualdade de oportunidades e, en definitiva, contra a propia democracia. Sen un ensino p\u00fablico de calidade a posibilidade de ascenso social \u00e9 inexistente.<\/p>\n\n\n\n<p>Nos \u00faltimos anos, os cadros de persoal de todos os centros do ensino galego v\u00edronse moi mermados. Particularmente, o IES A Sangri\u00f1a, v\u00e9n de sufrir unha reduci\u00f3n de 13 profesores e profesoras, pasando cada docente a xestionar a formaci\u00f3n de at\u00e9 180 alumnos e alumnas. Calquera que te\u00f1a sido estudante sabe perfectamente que un goberno que fai este tipo de c\u00e1lculo s\u00f3 est\u00e1 interesado en abaratar custos, como quen xestiona unha empresa co \u00fanico af\u00e1n de obter rendementos econ\u00f3micos, pero que non ten interese ning\u00fan nin na educaci\u00f3n nin no trato humano que os seus cidad\u00e1ns adolescentes van recibir durante seis horas ao d\u00eda e durante dez meses ao ano.<\/p>\n\n\n\n<p>Os dr\u00e1sticos recortes de persoal que denunciamos implican un significativo aumento de estudantes por aula e, en consecuencia:<\/p>\n\n\n\n<ol class=\"wp-block-list\"><li>Que o alumnado recibir\u00e1 unha educaci\u00f3n de menor calidade. Tanto o noso sentido com\u00fan como a lexislaci\u00f3n vixente ditan que o profesorado ten a obriga de ensinar de maneira progresiva, adapt\u00e1ndose aos co\u00f1ecementos previos dos e das estudantes e de avaliar as s\u00faas aprendizaxes de maneira individualizada. Realmente algu\u00e9n cre que isto \u00e9 fact\u00edbel con 30 estudantes por aula e 180 alumnos asignados por docente?<\/li><li>Unha menor atenci\u00f3n \u00e1s necesidades e particularidades de cada estudante. Desde a nosa perspectiva, o profesorado debe aspirar a co\u00f1ecer aos seus alumnos e alumnas de maneira persoal e humana. Debe colaborar coas familias no amparo dos mozos e das mozas diante dos problemas sociais e emocionais que se viron incrementados polas diversas crises econ\u00f3micas e sanitarias que vimos de padecer e seguimos soportando. Realmente algu\u00e9n cre que \u00e9 fact\u00edbel atender a estas necesidades se a Xunta de Galicia realiza as s\u00faas contas para que cada docente te\u00f1a ao seu cargo 180 alumnos e alumnas?<\/li><li>A desaparici\u00f3n da atenci\u00f3n \u00e1 diversidade. Nas nosas aulas temos rapaces e rapazas con dificultades de aprendizaxe, de recente incorporaci\u00f3n e con graves situaci\u00f3ns familiares que demandan unha forte implicaci\u00f3n emocional e psicol\u00f3xica. A pol\u00edtica da Xunta de Galicia provoca, desde xa, a desaparici\u00f3n das clases de reforzo para o alumnado que m\u00e1is o necesita. Realmente algu\u00e9n cre que \u00e9 profesional e humanamente pos\u00edbel detectar as problem\u00e1ticas de cada estudante e aplicar protocolos de actuaci\u00f3n con titor\u00edas de 30 alumnos\/as?<\/li><li>O empobrecemento da docencia dos contidos obrigatorios por lei. A Conseller\u00eda de Educaci\u00f3n obriga, cos seus recortes, a que o profesorado imparta materias nas que non \u00e9 especialista. Realmente hai alg\u00fan pai, nai ou estudante que acepte recibir clases dun docente non especializado que soporta ratios de 180 estudantes?<\/li><li>A reduci\u00f3n da optatividade e de posibilidades formativas. A reduci\u00f3n de persoal implica a imposibilidade de ofertar materias optativas necesarias para constru\u00edr itinerarios formativos acordes coas expectativas acad\u00e9micas dos nosos alumnos e alumnas. As\u00ed mesmo, e a pesar de que o noso centro se encontra nunha zona perif\u00e9rica, v\u00e9n de se nos retirar o Bacharelato para persoas adultas, non se nos concedeu o novo Bacharelato Xeral, nin o historicamente demandado Bacharelato de Artes (cursalo agora implica ter recursos para mudarse a Vigo con 16 anos). Realmente algu\u00e9n pensa que quen quere 30 estudantes nunha aula ten algunha preocupaci\u00f3n polas s\u00faas necesidades acad\u00e9micas?<\/li><li>A imposibilidade de manutenci\u00f3n de servizos, programas e proxectos de centro. Un centro de ensino debe ter unha biblioteca, s\u00f3 as\u00ed o alumnado con menos posibilidades econ\u00f3micas poder\u00e1 acceder a todos os materiais que necesita. Un centro de ensino debe contar con profesorado para desenvolver os programas de convivencia ou de prevenci\u00f3n do absentismo escolar. Un centro de ensino debe ter persoal para realizar actividades culturais ou en prol da erradicaci\u00f3n da violencia contra as mulleres e do colectivo LGTBI. Un centro de ensino debe ter o persoal suficiente para organizar actividades complementarias e extraescolares. Moitos alumnos e alumnas do IES A Sangri\u00f1a foron por primeira vez a un museo, ao cine ou ao teatro, a un pa\u00eds estranxeiro ou a exames de idiomas ou concursos de corte cient\u00edfico ou cultural acompa\u00f1ados polo profesorado do centro. Realmente algu\u00e9n cre que \u00e9 fact\u00edbel seguir realizando estas iniciativas que igualan as experiencias vitais do alumnado con trece profesores\/as menos?<\/li><\/ol>\n\n\n\n<p>Ademais, para o correcto funcionamento dun centro, o profesorado debe asumir traballo administrativo, de atenci\u00f3n a familias, gardas e suplencias que a Consellar\u00eda simplemente non contempla no seu novo modelo de asignaci\u00f3n de persoal.<\/p>\n\n\n\n<p>Despois de traballar durante todo o mes de xullo tentando mitigar os recortes da Xunta de Galicia, o equipo directivo do IES A Sangri\u00f1a viuse na obriga de presentar a s\u00faa dimisi\u00f3n ao ver impos\u00edbel manter un reparto digno do traballo que garantice a calidade do ensino.<\/p>\n\n\n\n<p>O profesorado do IES A Sangri\u00f1a apoia a decisi\u00f3n do seu equipo directivo e mobilizarase at\u00e9 que a administraci\u00f3n revoque todas as medidas de recorte orzamentario que agreden a calidade do servizo que prestamos \u00e1 comunidade e impiden a realizaci\u00f3n persoal do noso alumnado.<\/p>\n\n\n\n<p>Un ensino de calidade \u00e9 indispens\u00e1bel para unha sociedade digna e xusta. A Guarda, a 31 de xullo de 2022<\/p>\n","protected":false},"excerpt":{"rendered":"<div class=\"mh-excerpt\"><p>O profesorado do IES A Sangri\u00f1a di XA ABONDA aos recortes que a Xunta de Galicia leva aplicando contra o ensino p\u00fablico durante os \u00faltimos anos e que se radicalizan neste curso 2022-2023 <a class=\"mh-excerpt-more\" href=\"https:\/\/www.anovapeneira.gal\/index.php\/2022\/08\/08\/por-un-ensino-publico-inclusivo-igualador-e-de-calidade-comunicado-do-profesorado-do-ies-a-sangrina\/\" title=\"Por un ensino p\u00fablico inclusivo, igualador e de calidade comunicado do profesorado do IES A Sangri\u00f1a\">[&#8230;]<\/a><\/p>\n<\/div>","protected":false},"author":3,"featured_media":7911,"comment_status":"open","ping_status":"open","sticky":false,"template":"","format":"standard","meta":{"_exactmetrics_skip_tracking":false,"_exactmetrics_sitenote_active":false,"_exactmetrics_sitenote_note":"","_exactmetrics_sitenote_category":0,"footnotes":""},"categories":[21],"tags":[238],"class_list":{"0":"post-7907","1":"post","2":"type-post","3":"status-publish","4":"format-standard","5":"has-post-thumbnail","7":"category-baixo-mino","8":"tag-concello-da-guarda"},"yoast_head":"<!-- This site is optimized with the Yoast SEO plugin v27.5 - https:\/\/yoast.com\/product\/yoast-seo-wordpress\/ -->\n<title>Por un ensino p\u00fablico inclusivo, igualador e de calidade comunicado do profesorado do IES A Sangri\u00f1a -<\/title>\n<meta name=\"description\" content=\"O profesorado do IES A Sangri\u00f1a di XA ABONDA aos recortes que a Xunta de Galicia leva aplicando contra o ensino p\u00fablico durante os \u00faltimos anos e que se radicalizan neste curso 2022-2023\" \/>\n<meta name=\"robots\" content=\"index, follow, max-snippet:-1, max-image-preview:large, max-video-preview:-1\" \/>\n<link rel=\"canonical\" href=\"https:\/\/www.anovapeneira.gal\/index.php\/2022\/08\/08\/por-un-ensino-publico-inclusivo-igualador-e-de-calidade-comunicado-do-profesorado-do-ies-a-sangrina\/\" \/>\n<meta property=\"og:locale\" content=\"gl_ES\" \/>\n<meta property=\"og:type\" content=\"article\" \/>\n<meta property=\"og:title\" content=\"Por un ensino p\u00fablico inclusivo, igualador e de calidade comunicado do profesorado do IES A Sangri\u00f1a -\" \/>\n<meta property=\"og:description\" content=\"O profesorado do IES A Sangri\u00f1a di XA ABONDA aos recortes que a Xunta de Galicia leva aplicando contra o ensino p\u00fablico durante os \u00faltimos anos e que se radicalizan neste curso 2022-2023\" \/>\n<meta property=\"og:url\" content=\"https:\/\/www.anovapeneira.gal\/index.php\/2022\/08\/08\/por-un-ensino-publico-inclusivo-igualador-e-de-calidade-comunicado-do-profesorado-do-ies-a-sangrina\/\" \/>\n<meta property=\"article:publisher\" content=\"https:\/\/www.facebook.com\/anovapeneira\" \/>\n<meta property=\"article:published_time\" content=\"2022-08-08T08:00:19+00:00\" \/>\n<meta property=\"og:image\" content=\"https:\/\/www.anovapeneira.gal\/wp-content\/uploads\/2022\/08\/ratio_educacion.jpg\" \/>\n\t<meta property=\"og:image:width\" content=\"720\" \/>\n\t<meta property=\"og:image:height\" content=\"432\" \/>\n\t<meta property=\"og:image:type\" content=\"image\/jpeg\" \/>\n<meta name=\"author\" content=\"Redacci\u00f3n A Nova Peneira\" \/>\n<meta name=\"twitter:card\" content=\"summary_large_image\" \/>\n<meta name=\"twitter:creator\" content=\"@APeneira\" \/>\n<meta name=\"twitter:site\" content=\"@APeneira\" \/>\n<meta name=\"twitter:label1\" content=\"Escrito por\" \/>\n\t<meta name=\"twitter:data1\" content=\"Redacci\u00f3n A Nova Peneira\" \/>\n\t<meta name=\"twitter:label2\" content=\"Tempo de lectura\" \/>\n\t<meta name=\"twitter:data2\" content=\"6 minutos\" \/>\n<script type=\"application\/ld+json\" class=\"yoast-schema-graph\">{\"@context\":\"https:\\\/\\\/schema.org\",\"@graph\":[{\"@type\":\"Article\",\"@id\":\"https:\\\/\\\/www.anovapeneira.gal\\\/index.php\\\/2022\\\/08\\\/08\\\/por-un-ensino-publico-inclusivo-igualador-e-de-calidade-comunicado-do-profesorado-do-ies-a-sangrina\\\/#article\",\"isPartOf\":{\"@id\":\"https:\\\/\\\/www.anovapeneira.gal\\\/index.php\\\/2022\\\/08\\\/08\\\/por-un-ensino-publico-inclusivo-igualador-e-de-calidade-comunicado-do-profesorado-do-ies-a-sangrina\\\/\"},\"author\":{\"name\":\"Redacci\u00f3n A Nova Peneira\",\"@id\":\"https:\\\/\\\/www.anovapeneira.gal\\\/#\\\/schema\\\/person\\\/b93e3f8932e3f8da96334607eb6ac6aa\"},\"headline\":\"Por un ensino p\u00fablico inclusivo, igualador e de calidade comunicado do profesorado do IES A Sangri\u00f1a\",\"datePublished\":\"2022-08-08T08:00:19+00:00\",\"mainEntityOfPage\":{\"@id\":\"https:\\\/\\\/www.anovapeneira.gal\\\/index.php\\\/2022\\\/08\\\/08\\\/por-un-ensino-publico-inclusivo-igualador-e-de-calidade-comunicado-do-profesorado-do-ies-a-sangrina\\\/\"},\"wordCount\":1005,\"commentCount\":0,\"publisher\":{\"@id\":\"https:\\\/\\\/www.anovapeneira.gal\\\/#organization\"},\"image\":{\"@id\":\"https:\\\/\\\/www.anovapeneira.gal\\\/index.php\\\/2022\\\/08\\\/08\\\/por-un-ensino-publico-inclusivo-igualador-e-de-calidade-comunicado-do-profesorado-do-ies-a-sangrina\\\/#primaryimage\"},\"thumbnailUrl\":\"https:\\\/\\\/www.anovapeneira.gal\\\/wp-content\\\/uploads\\\/2022\\\/08\\\/ratio_educacion.jpg\",\"keywords\":[\"Concello da Guarda\"],\"articleSection\":[\"Baixo Mi\u00f1o\"],\"inLanguage\":\"gl-ES\",\"potentialAction\":[{\"@type\":\"CommentAction\",\"name\":\"Comment\",\"target\":[\"https:\\\/\\\/www.anovapeneira.gal\\\/index.php\\\/2022\\\/08\\\/08\\\/por-un-ensino-publico-inclusivo-igualador-e-de-calidade-comunicado-do-profesorado-do-ies-a-sangrina\\\/#respond\"]}]},{\"@type\":\"WebPage\",\"@id\":\"https:\\\/\\\/www.anovapeneira.gal\\\/index.php\\\/2022\\\/08\\\/08\\\/por-un-ensino-publico-inclusivo-igualador-e-de-calidade-comunicado-do-profesorado-do-ies-a-sangrina\\\/\",\"url\":\"https:\\\/\\\/www.anovapeneira.gal\\\/index.php\\\/2022\\\/08\\\/08\\\/por-un-ensino-publico-inclusivo-igualador-e-de-calidade-comunicado-do-profesorado-do-ies-a-sangrina\\\/\",\"name\":\"Por un ensino p\u00fablico inclusivo, igualador e de calidade comunicado do profesorado do IES A Sangri\u00f1a -\",\"isPartOf\":{\"@id\":\"https:\\\/\\\/www.anovapeneira.gal\\\/#website\"},\"primaryImageOfPage\":{\"@id\":\"https:\\\/\\\/www.anovapeneira.gal\\\/index.php\\\/2022\\\/08\\\/08\\\/por-un-ensino-publico-inclusivo-igualador-e-de-calidade-comunicado-do-profesorado-do-ies-a-sangrina\\\/#primaryimage\"},\"image\":{\"@id\":\"https:\\\/\\\/www.anovapeneira.gal\\\/index.php\\\/2022\\\/08\\\/08\\\/por-un-ensino-publico-inclusivo-igualador-e-de-calidade-comunicado-do-profesorado-do-ies-a-sangrina\\\/#primaryimage\"},\"thumbnailUrl\":\"https:\\\/\\\/www.anovapeneira.gal\\\/wp-content\\\/uploads\\\/2022\\\/08\\\/ratio_educacion.jpg\",\"datePublished\":\"2022-08-08T08:00:19+00:00\",\"description\":\"O profesorado do IES A Sangri\u00f1a di XA ABONDA aos recortes que a Xunta de Galicia leva aplicando contra o ensino p\u00fablico durante os \u00faltimos anos e que se radicalizan neste curso 2022-2023\",\"breadcrumb\":{\"@id\":\"https:\\\/\\\/www.anovapeneira.gal\\\/index.php\\\/2022\\\/08\\\/08\\\/por-un-ensino-publico-inclusivo-igualador-e-de-calidade-comunicado-do-profesorado-do-ies-a-sangrina\\\/#breadcrumb\"},\"inLanguage\":\"gl-ES\",\"potentialAction\":[{\"@type\":\"ReadAction\",\"target\":[\"https:\\\/\\\/www.anovapeneira.gal\\\/index.php\\\/2022\\\/08\\\/08\\\/por-un-ensino-publico-inclusivo-igualador-e-de-calidade-comunicado-do-profesorado-do-ies-a-sangrina\\\/\"]}]},{\"@type\":\"ImageObject\",\"inLanguage\":\"gl-ES\",\"@id\":\"https:\\\/\\\/www.anovapeneira.gal\\\/index.php\\\/2022\\\/08\\\/08\\\/por-un-ensino-publico-inclusivo-igualador-e-de-calidade-comunicado-do-profesorado-do-ies-a-sangrina\\\/#primaryimage\",\"url\":\"https:\\\/\\\/www.anovapeneira.gal\\\/wp-content\\\/uploads\\\/2022\\\/08\\\/ratio_educacion.jpg\",\"contentUrl\":\"https:\\\/\\\/www.anovapeneira.gal\\\/wp-content\\\/uploads\\\/2022\\\/08\\\/ratio_educacion.jpg\",\"width\":720,\"height\":432,\"caption\":\"Ratio educaci\u00f3n Sangri\u00f1a\"},{\"@type\":\"BreadcrumbList\",\"@id\":\"https:\\\/\\\/www.anovapeneira.gal\\\/index.php\\\/2022\\\/08\\\/08\\\/por-un-ensino-publico-inclusivo-igualador-e-de-calidade-comunicado-do-profesorado-do-ies-a-sangrina\\\/#breadcrumb\",\"itemListElement\":[{\"@type\":\"ListItem\",\"position\":1,\"name\":\"Portada\",\"item\":\"https:\\\/\\\/www.anovapeneira.gal\\\/\"},{\"@type\":\"ListItem\",\"position\":2,\"name\":\"Por un ensino p\u00fablico inclusivo, igualador e de calidade comunicado do profesorado do IES A Sangri\u00f1a\"}]},{\"@type\":\"WebSite\",\"@id\":\"https:\\\/\\\/www.anovapeneira.gal\\\/#website\",\"url\":\"https:\\\/\\\/www.anovapeneira.gal\\\/\",\"name\":\"\",\"description\":\"Xornal galego de informaci\u00f3n xeral Publicaci\u00f3n mensual de novas de Galicia e en especial dos Concellos da sur da provincia de Pontevedra.\",\"publisher\":{\"@id\":\"https:\\\/\\\/www.anovapeneira.gal\\\/#organization\"},\"potentialAction\":[{\"@type\":\"SearchAction\",\"target\":{\"@type\":\"EntryPoint\",\"urlTemplate\":\"https:\\\/\\\/www.anovapeneira.gal\\\/?s={search_term_string}\"},\"query-input\":{\"@type\":\"PropertyValueSpecification\",\"valueRequired\":true,\"valueName\":\"search_term_string\"}}],\"inLanguage\":\"gl-ES\"},{\"@type\":\"Organization\",\"@id\":\"https:\\\/\\\/www.anovapeneira.gal\\\/#organization\",\"name\":\"A Nova Peneira\",\"url\":\"https:\\\/\\\/www.anovapeneira.gal\\\/\",\"logo\":{\"@type\":\"ImageObject\",\"inLanguage\":\"gl-ES\",\"@id\":\"https:\\\/\\\/www.anovapeneira.gal\\\/#\\\/schema\\\/logo\\\/image\\\/\",\"url\":\"http:\\\/\\\/www.anovapeneira.gal\\\/wp-content\\\/uploads\\\/2019\\\/06\\\/logo_a_nova_peneira_portal_web.png\",\"contentUrl\":\"http:\\\/\\\/www.anovapeneira.gal\\\/wp-content\\\/uploads\\\/2019\\\/06\\\/logo_a_nova_peneira_portal_web.png\",\"width\":300,\"height\":100,\"caption\":\"A Nova Peneira\"},\"image\":{\"@id\":\"https:\\\/\\\/www.anovapeneira.gal\\\/#\\\/schema\\\/logo\\\/image\\\/\"},\"sameAs\":[\"https:\\\/\\\/www.facebook.com\\\/anovapeneira\",\"https:\\\/\\\/x.com\\\/APeneira\"]},{\"@type\":\"Person\",\"@id\":\"https:\\\/\\\/www.anovapeneira.gal\\\/#\\\/schema\\\/person\\\/b93e3f8932e3f8da96334607eb6ac6aa\",\"name\":\"Redacci\u00f3n A Nova Peneira\",\"image\":{\"@type\":\"ImageObject\",\"inLanguage\":\"gl-ES\",\"@id\":\"https:\\\/\\\/secure.gravatar.com\\\/avatar\\\/c052a2551a06e23fac63626232eaa90abd78dbcf1700fc46a2b2c89fd27b735f?s=96&d=mm&r=g\",\"url\":\"https:\\\/\\\/secure.gravatar.com\\\/avatar\\\/c052a2551a06e23fac63626232eaa90abd78dbcf1700fc46a2b2c89fd27b735f?s=96&d=mm&r=g\",\"contentUrl\":\"https:\\\/\\\/secure.gravatar.com\\\/avatar\\\/c052a2551a06e23fac63626232eaa90abd78dbcf1700fc46a2b2c89fd27b735f?s=96&d=mm&r=g\",\"caption\":\"Redacci\u00f3n A Nova Peneira\"},\"sameAs\":[\"http:\\\/\\\/www.anovapeneira.gal\\\/\"],\"url\":\"https:\\\/\\\/www.anovapeneira.gal\\\/index.php\\\/author\\\/redactor\\\/\"}]}<\/script>\n<!-- \/ Yoast SEO plugin. -->","yoast_head_json":{"title":"Por un ensino p\u00fablico inclusivo, igualador e de calidade comunicado do profesorado do IES A Sangri\u00f1a -","description":"O profesorado do IES A Sangri\u00f1a di XA ABONDA aos recortes que a Xunta de Galicia leva aplicando contra o ensino p\u00fablico durante os \u00faltimos anos e que se radicalizan neste curso 2022-2023","robots":{"index":"index","follow":"follow","max-snippet":"max-snippet:-1","max-image-preview":"max-image-preview:large","max-video-preview":"max-video-preview:-1"},"canonical":"https:\/\/www.anovapeneira.gal\/index.php\/2022\/08\/08\/por-un-ensino-publico-inclusivo-igualador-e-de-calidade-comunicado-do-profesorado-do-ies-a-sangrina\/","og_locale":"gl_ES","og_type":"article","og_title":"Por un ensino p\u00fablico inclusivo, igualador e de calidade comunicado do profesorado do IES A Sangri\u00f1a -","og_description":"O profesorado do IES A Sangri\u00f1a di XA ABONDA aos recortes que a Xunta de Galicia leva aplicando contra o ensino p\u00fablico durante os \u00faltimos anos e que se radicalizan neste curso 2022-2023","og_url":"https:\/\/www.anovapeneira.gal\/index.php\/2022\/08\/08\/por-un-ensino-publico-inclusivo-igualador-e-de-calidade-comunicado-do-profesorado-do-ies-a-sangrina\/","article_publisher":"https:\/\/www.facebook.com\/anovapeneira","article_published_time":"2022-08-08T08:00:19+00:00","og_image":[{"width":720,"height":432,"url":"https:\/\/www.anovapeneira.gal\/wp-content\/uploads\/2022\/08\/ratio_educacion.jpg","type":"image\/jpeg"}],"author":"Redacci\u00f3n A Nova Peneira","twitter_card":"summary_large_image","twitter_creator":"@APeneira","twitter_site":"@APeneira","twitter_misc":{"Escrito por":"Redacci\u00f3n A Nova Peneira","Tempo de lectura":"6 minutos"},"schema":{"@context":"https:\/\/schema.org","@graph":[{"@type":"Article","@id":"https:\/\/www.anovapeneira.gal\/index.php\/2022\/08\/08\/por-un-ensino-publico-inclusivo-igualador-e-de-calidade-comunicado-do-profesorado-do-ies-a-sangrina\/#article","isPartOf":{"@id":"https:\/\/www.anovapeneira.gal\/index.php\/2022\/08\/08\/por-un-ensino-publico-inclusivo-igualador-e-de-calidade-comunicado-do-profesorado-do-ies-a-sangrina\/"},"author":{"name":"Redacci\u00f3n A Nova Peneira","@id":"https:\/\/www.anovapeneira.gal\/#\/schema\/person\/b93e3f8932e3f8da96334607eb6ac6aa"},"headline":"Por un ensino p\u00fablico inclusivo, igualador e de calidade comunicado do profesorado do IES A Sangri\u00f1a","datePublished":"2022-08-08T08:00:19+00:00","mainEntityOfPage":{"@id":"https:\/\/www.anovapeneira.gal\/index.php\/2022\/08\/08\/por-un-ensino-publico-inclusivo-igualador-e-de-calidade-comunicado-do-profesorado-do-ies-a-sangrina\/"},"wordCount":1005,"commentCount":0,"publisher":{"@id":"https:\/\/www.anovapeneira.gal\/#organization"},"image":{"@id":"https:\/\/www.anovapeneira.gal\/index.php\/2022\/08\/08\/por-un-ensino-publico-inclusivo-igualador-e-de-calidade-comunicado-do-profesorado-do-ies-a-sangrina\/#primaryimage"},"thumbnailUrl":"https:\/\/www.anovapeneira.gal\/wp-content\/uploads\/2022\/08\/ratio_educacion.jpg","keywords":["Concello da Guarda"],"articleSection":["Baixo Mi\u00f1o"],"inLanguage":"gl-ES","potentialAction":[{"@type":"CommentAction","name":"Comment","target":["https:\/\/www.anovapeneira.gal\/index.php\/2022\/08\/08\/por-un-ensino-publico-inclusivo-igualador-e-de-calidade-comunicado-do-profesorado-do-ies-a-sangrina\/#respond"]}]},{"@type":"WebPage","@id":"https:\/\/www.anovapeneira.gal\/index.php\/2022\/08\/08\/por-un-ensino-publico-inclusivo-igualador-e-de-calidade-comunicado-do-profesorado-do-ies-a-sangrina\/","url":"https:\/\/www.anovapeneira.gal\/index.php\/2022\/08\/08\/por-un-ensino-publico-inclusivo-igualador-e-de-calidade-comunicado-do-profesorado-do-ies-a-sangrina\/","name":"Por un ensino p\u00fablico inclusivo, igualador e de calidade comunicado do profesorado do IES A Sangri\u00f1a -","isPartOf":{"@id":"https:\/\/www.anovapeneira.gal\/#website"},"primaryImageOfPage":{"@id":"https:\/\/www.anovapeneira.gal\/index.php\/2022\/08\/08\/por-un-ensino-publico-inclusivo-igualador-e-de-calidade-comunicado-do-profesorado-do-ies-a-sangrina\/#primaryimage"},"image":{"@id":"https:\/\/www.anovapeneira.gal\/index.php\/2022\/08\/08\/por-un-ensino-publico-inclusivo-igualador-e-de-calidade-comunicado-do-profesorado-do-ies-a-sangrina\/#primaryimage"},"thumbnailUrl":"https:\/\/www.anovapeneira.gal\/wp-content\/uploads\/2022\/08\/ratio_educacion.jpg","datePublished":"2022-08-08T08:00:19+00:00","description":"O profesorado do IES A Sangri\u00f1a di XA ABONDA aos recortes que a Xunta de Galicia leva aplicando contra o ensino p\u00fablico durante os \u00faltimos anos e que se radicalizan neste curso 2022-2023","breadcrumb":{"@id":"https:\/\/www.anovapeneira.gal\/index.php\/2022\/08\/08\/por-un-ensino-publico-inclusivo-igualador-e-de-calidade-comunicado-do-profesorado-do-ies-a-sangrina\/#breadcrumb"},"inLanguage":"gl-ES","potentialAction":[{"@type":"ReadAction","target":["https:\/\/www.anovapeneira.gal\/index.php\/2022\/08\/08\/por-un-ensino-publico-inclusivo-igualador-e-de-calidade-comunicado-do-profesorado-do-ies-a-sangrina\/"]}]},{"@type":"ImageObject","inLanguage":"gl-ES","@id":"https:\/\/www.anovapeneira.gal\/index.php\/2022\/08\/08\/por-un-ensino-publico-inclusivo-igualador-e-de-calidade-comunicado-do-profesorado-do-ies-a-sangrina\/#primaryimage","url":"https:\/\/www.anovapeneira.gal\/wp-content\/uploads\/2022\/08\/ratio_educacion.jpg","contentUrl":"https:\/\/www.anovapeneira.gal\/wp-content\/uploads\/2022\/08\/ratio_educacion.jpg","width":720,"height":432,"caption":"Ratio educaci\u00f3n Sangri\u00f1a"},{"@type":"BreadcrumbList","@id":"https:\/\/www.anovapeneira.gal\/index.php\/2022\/08\/08\/por-un-ensino-publico-inclusivo-igualador-e-de-calidade-comunicado-do-profesorado-do-ies-a-sangrina\/#breadcrumb","itemListElement":[{"@type":"ListItem","position":1,"name":"Portada","item":"https:\/\/www.anovapeneira.gal\/"},{"@type":"ListItem","position":2,"name":"Por un ensino p\u00fablico inclusivo, igualador e de calidade comunicado do profesorado do IES A Sangri\u00f1a"}]},{"@type":"WebSite","@id":"https:\/\/www.anovapeneira.gal\/#website","url":"https:\/\/www.anovapeneira.gal\/","name":"","description":"Xornal galego de informaci\u00f3n xeral Publicaci\u00f3n mensual de novas de Galicia e en especial dos Concellos da sur da provincia de Pontevedra.","publisher":{"@id":"https:\/\/www.anovapeneira.gal\/#organization"},"potentialAction":[{"@type":"SearchAction","target":{"@type":"EntryPoint","urlTemplate":"https:\/\/www.anovapeneira.gal\/?s={search_term_string}"},"query-input":{"@type":"PropertyValueSpecification","valueRequired":true,"valueName":"search_term_string"}}],"inLanguage":"gl-ES"},{"@type":"Organization","@id":"https:\/\/www.anovapeneira.gal\/#organization","name":"A Nova Peneira","url":"https:\/\/www.anovapeneira.gal\/","logo":{"@type":"ImageObject","inLanguage":"gl-ES","@id":"https:\/\/www.anovapeneira.gal\/#\/schema\/logo\/image\/","url":"http:\/\/www.anovapeneira.gal\/wp-content\/uploads\/2019\/06\/logo_a_nova_peneira_portal_web.png","contentUrl":"http:\/\/www.anovapeneira.gal\/wp-content\/uploads\/2019\/06\/logo_a_nova_peneira_portal_web.png","width":300,"height":100,"caption":"A Nova Peneira"},"image":{"@id":"https:\/\/www.anovapeneira.gal\/#\/schema\/logo\/image\/"},"sameAs":["https:\/\/www.facebook.com\/anovapeneira","https:\/\/x.com\/APeneira"]},{"@type":"Person","@id":"https:\/\/www.anovapeneira.gal\/#\/schema\/person\/b93e3f8932e3f8da96334607eb6ac6aa","name":"Redacci\u00f3n A Nova Peneira","image":{"@type":"ImageObject","inLanguage":"gl-ES","@id":"https:\/\/secure.gravatar.com\/avatar\/c052a2551a06e23fac63626232eaa90abd78dbcf1700fc46a2b2c89fd27b735f?s=96&d=mm&r=g","url":"https:\/\/secure.gravatar.com\/avatar\/c052a2551a06e23fac63626232eaa90abd78dbcf1700fc46a2b2c89fd27b735f?s=96&d=mm&r=g","contentUrl":"https:\/\/secure.gravatar.com\/avatar\/c052a2551a06e23fac63626232eaa90abd78dbcf1700fc46a2b2c89fd27b735f?s=96&d=mm&r=g","caption":"Redacci\u00f3n A Nova Peneira"},"sameAs":["http:\/\/www.anovapeneira.gal\/"],"url":"https:\/\/www.anovapeneira.gal\/index.php\/author\/redactor\/"}]}},"jetpack_featured_media_url":"https:\/\/www.anovapeneira.gal\/wp-content\/uploads\/2022\/08\/ratio_educacion.jpg","_links":{"self":[{"href":"https:\/\/www.anovapeneira.gal\/index.php\/wp-json\/wp\/v2\/posts\/7907","targetHints":{"allow":["GET"]}}],"collection":[{"href":"https:\/\/www.anovapeneira.gal\/index.php\/wp-json\/wp\/v2\/posts"}],"about":[{"href":"https:\/\/www.anovapeneira.gal\/index.php\/wp-json\/wp\/v2\/types\/post"}],"author":[{"embeddable":true,"href":"https:\/\/www.anovapeneira.gal\/index.php\/wp-json\/wp\/v2\/users\/3"}],"replies":[{"embeddable":true,"href":"https:\/\/www.anovapeneira.gal\/index.php\/wp-json\/wp\/v2\/comments?post=7907"}],"version-history":[{"count":3,"href":"https:\/\/www.anovapeneira.gal\/index.php\/wp-json\/wp\/v2\/posts\/7907\/revisions"}],"predecessor-version":[{"id":7912,"href":"https:\/\/www.anovapeneira.gal\/index.php\/wp-json\/wp\/v2\/posts\/7907\/revisions\/7912"}],"wp:featuredmedia":[{"embeddable":true,"href":"https:\/\/www.anovapeneira.gal\/index.php\/wp-json\/wp\/v2\/media\/7911"}],"wp:attachment":[{"href":"https:\/\/www.anovapeneira.gal\/index.php\/wp-json\/wp\/v2\/media?parent=7907"}],"wp:term":[{"taxonomy":"category","embeddable":true,"href":"https:\/\/www.anovapeneira.gal\/index.php\/wp-json\/wp\/v2\/categories?post=7907"},{"taxonomy":"post_tag","embeddable":true,"href":"https:\/\/www.anovapeneira.gal\/index.php\/wp-json\/wp\/v2\/tags?post=7907"}],"curies":[{"name":"wp","href":"https:\/\/api.w.org\/{rel}","templated":true}]}}