{"id":7913,"date":"2022-08-08T12:00:05","date_gmt":"2022-08-08T10:00:05","guid":{"rendered":"https:\/\/www.anovapeneira.gal\/?p=7913"},"modified":"2022-08-04T11:10:27","modified_gmt":"2022-08-04T09:10:27","slug":"as-neves-reivindica-a-sua-memoria-historica-cun-novo-libro-sobre-o-seu-pasado-e-coa-retirada-de-simboloxia-franquista-da-vila","status":"publish","type":"post","link":"https:\/\/www.anovapeneira.gal\/index.php\/2022\/08\/08\/as-neves-reivindica-a-sua-memoria-historica-cun-novo-libro-sobre-o-seu-pasado-e-coa-retirada-de-simboloxia-franquista-da-vila\/","title":{"rendered":"As Neves reivindica a s\u00faa memoria hist\u00f3rica cun novo libro sobre o seu pasado e coa retirada de simbolox\u00eda franquista da vila"},"content":{"rendered":"\n<p><strong>A deputada de Memoria Hist\u00f3rica Mar\u00eda Ortega asistiu \u00e1 presentaci\u00f3n do libro \u2018As Neves. Notas de historia contempor\u00e1nea 1836\/1956\u2019 de Xos\u00e9 Ram\u00f3n Paz editado polo Servizo provincial de Patrimonio Documental<\/strong><\/p>\n\n\n\n<p><strong>Co\u00f1eceu tam\u00e9n os labores realizados con fondos provinciais para eliminar varios xugos e lanzas da Falanxe da Fonte de Santo Ignacio e da entrada ao centro de sa\u00fade, as\u00ed como a colocaci\u00f3n de paneis divulgativos<\/strong><\/p>\n\n\n\n<p>O pasado venres foi un d\u00eda de reivindicaci\u00f3n da historia contempor\u00e1nea e da memoria hist\u00f3rica do Concello das Neves. As\u00ed se puxo de manifesto no acto organizado polo departamento de Memoria Hist\u00f3rica da Deputaci\u00f3n e o propio concello para a presentaci\u00f3n do libro \u2018As Neves. Notas de historia contempor\u00e1nea 1836\/1956\u2019 de Xos\u00e9 Ram\u00f3n Paz, para conmemorar a retirada de simbolox\u00eda franquista (xugos e lanzas da Falanxe) da Fonte de Santo Ignacio e da entrada ao centro de sa\u00fade, e tam\u00e9n pola instalaci\u00f3n de paneis divulgativos sobre a represi\u00f3n grazas a fondos provinciais.<\/p>\n\n\n\n<p>O evento contou coa presenza da deputada Mar\u00eda Ortega, responsable das \u00e1reas de Memoria Hist\u00f3rica e Patrimonio Documental e Bibliogr\u00e1fico da Deputaci\u00f3n que financiaron tanto o libro como os paneis e as obras de retirada de simbolox\u00eda, o alcalde Xose Manuel Rodr\u00edguez M\u00e9ndez, o escritor e historiador Xos\u00e9 Ram\u00f3n Paz, as\u00ed como o investigador Francisco Alonso Toucido, responsable da composici\u00f3n dos paneis informativos sobre a memoria hist\u00f3rica.<\/p>\n\n\n\n<p>A propia deputada subli\u00f1ou que o Concello das Neves foi dos primeiros que solicitou \u00e1 Deputaci\u00f3n as axudas para a retirada de simbolox\u00eda franquista. \u201cEste Concello \u00e9 hoxe exemplo para moitos outros concellos da provincia. Todos deber\u00edan recoller o testemu\u00f1o e facer ver \u00e1 s\u00faa cidadan\u00eda que os s\u00edmbolos do franquismo a\u00ednda seguen en p\u00e9 e que unha democracia sa deber\u00eda retiralos e explicar a historia\u201d, subli\u00f1ou.<\/p>\n\n\n\n<p>Destacou que van al\u00e1 xa dous anos da posta en marcha das subvenci\u00f3ns e subli\u00f1ou a s\u00faa esperanza para que aumenten a\u00ednda m\u00e1is \u201cos concellos valentes que solicitan cartos para non mirar a outro lado e erradicar as conmemoraci\u00f3ns ou lembranzas do franquismo que a\u00ednda se conservan no territorio\u201d. Insistiu en que a importancia das actuaci\u00f3ns non est\u00e1 no seu custe econ\u00f3mico, sen\u00f3n no cumprimento da lei ao retirar elementos que est\u00e1n vencellados coa ditadura para cumprir os principios de \u2018verdade, xustiza e reparaci\u00f3n\u2019.<\/p>\n\n\n\n<p>Durante o acto de eliminaci\u00f3n dos s\u00edmbolos franquistas, o alcalde das Neves, Xos\u00e9 Manuel Rodr\u00edguez M\u00e9ndez, subli\u00f1ou que esta iniciativa da Deputaci\u00f3n de Pontevedra permitir\u00e1 &#8220;darlle luz e cor a una zona de escurecida, po\u00f1endo sobre a mesa feitos concretos, contrastados e veraces e recuperar unha realidade, po\u00f1\u00e9ndoa \u00e1 vista para que se co\u00f1eza&#8221;.<\/p>\n\n\n\n<p><strong>Simbolox\u00eda franquista e co\u00f1ecemento da historia<\/strong><\/p>\n\n\n\n<p>A xornada comezou no lateral da Igrexa das Neves para dar a co\u00f1ecer os novos paneis informativos da vila, que explican elementos patrimoniais que foron utilizados polo franquismo, xunto co espazo p\u00fablico, como estratexia propagandista ench\u00e9ndoos de simbolox\u00eda. No panel situado ao car\u00f3n da igrexa dest\u00e1case, por exemplo, que o listado de persoas ca\u00eddas tralo golpe no 1936 incl\u00faese xente principalmente do bando \u2018nacional\u2019, pero tam\u00e9n de quintos aos que simplemente lles \u2018tocou\u2019 estar por obrigaci\u00f3n. Eses gravados en pedra non foron retirados polo Concello pola necesidade de autorizaci\u00f3n da igrexa e cuesti\u00f3ns de Patrimonio, mais qu\u00edxose deixar clara e explicar a s\u00faa simbolox\u00eda.<\/p>\n\n\n\n<p>Os outros paneis explicativos de elementos franquistas, como os da Fonte de Santo Ignacio ou o centro de sa\u00fade (onde hab\u00eda xugos con lanzas da Falanxe), incl\u00faen tam\u00e9n pequenos resumos da historia da represi\u00f3n xunto con fotograf\u00edas antigas tomadas do buscador Atopo da Deputaci\u00f3n. Fan referencia a que en As Neves tras o golpe houbo m\u00e1is de 200 persoas afectadas tanto de maneira f\u00edsica, econ\u00f3mica e psicol\u00f3xica. \u201cHai que tomar consciencia de que non s\u00f3 hab\u00eda represi\u00f3n f\u00edsica, chegaba a todos os lugares no espazo p\u00fablico onde miraras\u201d, subli\u00f1a Alonso Toucido.<\/p>\n\n\n\n<p>Pola s\u00faa banda, Xos\u00e9 Ram\u00f3n Paz explicou na s\u00faa intervenci\u00f3n a importancia de que os territorios, pobos e vilas dispo\u00f1an de investigaci\u00f3n e de libros para co\u00f1ecer a s\u00faa historia. Subli\u00f1ou que o seu libro &#8216;As Neves. Notas de Historia contempor\u00e1nea, 1836\/1956&#8217; sup\u00f3n un percorrido por unha selecci\u00f3n temporal concreta, que vai dende a fundaci\u00f3n do Concello das Neves e o seu funcionamento, sobre a fundaci\u00f3n das escolas p\u00fablicas, o agrarismo e o bugallalismo (as d\u00faas forzas pol\u00edticas que se alternaron ata a Rep\u00fablica), como funcionaban os partidos e sindicatos na II Rep\u00fablica, e un estudo profundo sobre a represi\u00f3n franquista nos seus primeiros anos. \u201cVemos como as forzas que iniciaron no agrarismo foron represaliadas e os vencedores organizaron eles mesmos a pol\u00edtica municipal\u201d, afondou.<\/p>\n\n\n\n<p>Paz salientou tam\u00e9n a importancia de co\u00f1ecemento da historia como unha ferramenta para o desenvolvemento na sociedade actual. \u201cDentro dos libros hai co\u00f1ecemento e sabedor\u00eda para aplicar na actualidade\u201d, dixo, no mesmo sentido que a deputada de Memoria Mar\u00eda Ortega, quen salientou que \u00e9 preciso retomar as ideas e os valores que foron represaliados e defendelos como compromiso para o desenvolvemento dun pa\u00eds con porvir.<\/p>\n\n\n\n<p>Pola s\u00faa banda, o alcalde apuntou que &#8220;a memoria ten moitos perf\u00eds&#8221;, e recordou que As Neves \u00e9 un dos concellos m\u00e1is novos de Galicia, porque xurdiu en 1905 cando o antigo Concello de Setados cambiou de nome. &#8220;Un cambio que tivo que ver coa importancia da econom\u00eda, pero que abrangue outras realidades&#8221;, que, apuntou Rodr\u00edguez M\u00e9ndez, Paz Ant\u00f3n presenta no seu traballo, realizado non dende o prisma pol\u00edtico sen\u00f3n dende unha perspectiva historicista algo que ten unha especial importancia porque &#8220;ax\u00fadanos a saber que pasou e ter unha informaci\u00f3n necesaria para afrontar a realidade do que somos&#8221;.<\/p>\n","protected":false},"excerpt":{"rendered":"<div class=\"mh-excerpt\"><p>A deputada de Memoria Hist\u00f3rica Mar\u00eda Ortega asistiu \u00e1 presentaci\u00f3n do libro \u2018As Neves. Notas de historia contempor\u00e1nea 1836\/1956\u2019 de Xos\u00e9 Ram\u00f3n Paz editado polo Servizo provincial de Patrimonio Documental <a class=\"mh-excerpt-more\" href=\"https:\/\/www.anovapeneira.gal\/index.php\/2022\/08\/08\/as-neves-reivindica-a-sua-memoria-historica-cun-novo-libro-sobre-o-seu-pasado-e-coa-retirada-de-simboloxia-franquista-da-vila\/\" title=\"As Neves reivindica a s\u00faa memoria hist\u00f3rica cun novo libro sobre o seu pasado e coa retirada de simbolox\u00eda franquista da vila\">[&#8230;]<\/a><\/p>\n<\/div>","protected":false},"author":3,"featured_media":7915,"comment_status":"open","ping_status":"open","sticky":false,"template":"","format":"standard","meta":{"_exactmetrics_skip_tracking":false,"_exactmetrics_sitenote_active":false,"_exactmetrics_sitenote_note":"","_exactmetrics_sitenote_category":0,"footnotes":""},"categories":[25],"tags":[546],"class_list":{"0":"post-7913","1":"post","2":"type-post","3":"status-publish","4":"format-standard","5":"has-post-thumbnail","7":"category-condado","8":"tag-concello-das-neves"},"yoast_head":"<!-- This site is optimized with the Yoast SEO plugin v27.4 - https:\/\/yoast.com\/product\/yoast-seo-wordpress\/ -->\n<title>As Neves reivindica a s\u00faa memoria hist\u00f3rica cun novo libro sobre o seu pasado e coa retirada de simbolox\u00eda franquista da vila -<\/title>\n<meta name=\"robots\" content=\"index, follow, max-snippet:-1, max-image-preview:large, max-video-preview:-1\" \/>\n<link rel=\"canonical\" href=\"https:\/\/www.anovapeneira.gal\/index.php\/2022\/08\/08\/as-neves-reivindica-a-sua-memoria-historica-cun-novo-libro-sobre-o-seu-pasado-e-coa-retirada-de-simboloxia-franquista-da-vila\/\" \/>\n<meta property=\"og:locale\" content=\"gl_ES\" \/>\n<meta property=\"og:type\" content=\"article\" \/>\n<meta property=\"og:title\" content=\"As Neves reivindica a s\u00faa memoria hist\u00f3rica cun novo libro sobre o seu pasado e coa retirada de simbolox\u00eda franquista da vila -\" \/>\n<meta property=\"og:description\" content=\"A deputada de Memoria Hist\u00f3rica Mar\u00eda Ortega asistiu \u00e1 presentaci\u00f3n do libro \u2018As Neves. Notas de historia contempor\u00e1nea 1836\/1956\u2019 de Xos\u00e9 Ram\u00f3n Paz editado polo Servizo provincial de Patrimonio Documental [...]\" \/>\n<meta property=\"og:url\" content=\"https:\/\/www.anovapeneira.gal\/index.php\/2022\/08\/08\/as-neves-reivindica-a-sua-memoria-historica-cun-novo-libro-sobre-o-seu-pasado-e-coa-retirada-de-simboloxia-franquista-da-vila\/\" \/>\n<meta property=\"article:publisher\" content=\"https:\/\/www.facebook.com\/anovapeneira\" \/>\n<meta property=\"article:published_time\" content=\"2022-08-08T10:00:05+00:00\" \/>\n<meta property=\"og:image\" content=\"https:\/\/www.anovapeneira.gal\/wp-content\/uploads\/2022\/08\/neves_rafa_estevez.jpg\" \/>\n\t<meta property=\"og:image:width\" content=\"1500\" \/>\n\t<meta property=\"og:image:height\" content=\"790\" \/>\n\t<meta property=\"og:image:type\" content=\"image\/jpeg\" \/>\n<meta name=\"author\" content=\"Redacci\u00f3n A Nova Peneira\" \/>\n<meta name=\"twitter:card\" content=\"summary_large_image\" \/>\n<meta name=\"twitter:creator\" content=\"@APeneira\" \/>\n<meta name=\"twitter:site\" content=\"@APeneira\" \/>\n<meta name=\"twitter:label1\" content=\"Escrito por\" \/>\n\t<meta name=\"twitter:data1\" content=\"Redacci\u00f3n A Nova Peneira\" \/>\n\t<meta name=\"twitter:label2\" content=\"Tempo de lectura\" \/>\n\t<meta name=\"twitter:data2\" content=\"6 minutos\" \/>\n<script type=\"application\/ld+json\" class=\"yoast-schema-graph\">{\"@context\":\"https:\\\/\\\/schema.org\",\"@graph\":[{\"@type\":\"Article\",\"@id\":\"https:\\\/\\\/www.anovapeneira.gal\\\/index.php\\\/2022\\\/08\\\/08\\\/as-neves-reivindica-a-sua-memoria-historica-cun-novo-libro-sobre-o-seu-pasado-e-coa-retirada-de-simboloxia-franquista-da-vila\\\/#article\",\"isPartOf\":{\"@id\":\"https:\\\/\\\/www.anovapeneira.gal\\\/index.php\\\/2022\\\/08\\\/08\\\/as-neves-reivindica-a-sua-memoria-historica-cun-novo-libro-sobre-o-seu-pasado-e-coa-retirada-de-simboloxia-franquista-da-vila\\\/\"},\"author\":{\"name\":\"Redacci\u00f3n A Nova Peneira\",\"@id\":\"https:\\\/\\\/www.anovapeneira.gal\\\/#\\\/schema\\\/person\\\/b93e3f8932e3f8da96334607eb6ac6aa\"},\"headline\":\"As Neves reivindica a s\u00faa memoria hist\u00f3rica cun novo libro sobre o seu pasado e coa retirada de simbolox\u00eda franquista da vila\",\"datePublished\":\"2022-08-08T10:00:05+00:00\",\"mainEntityOfPage\":{\"@id\":\"https:\\\/\\\/www.anovapeneira.gal\\\/index.php\\\/2022\\\/08\\\/08\\\/as-neves-reivindica-a-sua-memoria-historica-cun-novo-libro-sobre-o-seu-pasado-e-coa-retirada-de-simboloxia-franquista-da-vila\\\/\"},\"wordCount\":1066,\"commentCount\":0,\"publisher\":{\"@id\":\"https:\\\/\\\/www.anovapeneira.gal\\\/#organization\"},\"image\":{\"@id\":\"https:\\\/\\\/www.anovapeneira.gal\\\/index.php\\\/2022\\\/08\\\/08\\\/as-neves-reivindica-a-sua-memoria-historica-cun-novo-libro-sobre-o-seu-pasado-e-coa-retirada-de-simboloxia-franquista-da-vila\\\/#primaryimage\"},\"thumbnailUrl\":\"https:\\\/\\\/www.anovapeneira.gal\\\/wp-content\\\/uploads\\\/2022\\\/08\\\/neves_rafa_estevez.jpg\",\"keywords\":[\"Concello das Neves\"],\"articleSection\":[\"Condado\"],\"inLanguage\":\"gl-ES\",\"potentialAction\":[{\"@type\":\"CommentAction\",\"name\":\"Comment\",\"target\":[\"https:\\\/\\\/www.anovapeneira.gal\\\/index.php\\\/2022\\\/08\\\/08\\\/as-neves-reivindica-a-sua-memoria-historica-cun-novo-libro-sobre-o-seu-pasado-e-coa-retirada-de-simboloxia-franquista-da-vila\\\/#respond\"]}]},{\"@type\":\"WebPage\",\"@id\":\"https:\\\/\\\/www.anovapeneira.gal\\\/index.php\\\/2022\\\/08\\\/08\\\/as-neves-reivindica-a-sua-memoria-historica-cun-novo-libro-sobre-o-seu-pasado-e-coa-retirada-de-simboloxia-franquista-da-vila\\\/\",\"url\":\"https:\\\/\\\/www.anovapeneira.gal\\\/index.php\\\/2022\\\/08\\\/08\\\/as-neves-reivindica-a-sua-memoria-historica-cun-novo-libro-sobre-o-seu-pasado-e-coa-retirada-de-simboloxia-franquista-da-vila\\\/\",\"name\":\"As Neves reivindica a s\u00faa memoria hist\u00f3rica cun novo libro sobre o seu pasado e coa retirada de simbolox\u00eda franquista da vila -\",\"isPartOf\":{\"@id\":\"https:\\\/\\\/www.anovapeneira.gal\\\/#website\"},\"primaryImageOfPage\":{\"@id\":\"https:\\\/\\\/www.anovapeneira.gal\\\/index.php\\\/2022\\\/08\\\/08\\\/as-neves-reivindica-a-sua-memoria-historica-cun-novo-libro-sobre-o-seu-pasado-e-coa-retirada-de-simboloxia-franquista-da-vila\\\/#primaryimage\"},\"image\":{\"@id\":\"https:\\\/\\\/www.anovapeneira.gal\\\/index.php\\\/2022\\\/08\\\/08\\\/as-neves-reivindica-a-sua-memoria-historica-cun-novo-libro-sobre-o-seu-pasado-e-coa-retirada-de-simboloxia-franquista-da-vila\\\/#primaryimage\"},\"thumbnailUrl\":\"https:\\\/\\\/www.anovapeneira.gal\\\/wp-content\\\/uploads\\\/2022\\\/08\\\/neves_rafa_estevez.jpg\",\"datePublished\":\"2022-08-08T10:00:05+00:00\",\"breadcrumb\":{\"@id\":\"https:\\\/\\\/www.anovapeneira.gal\\\/index.php\\\/2022\\\/08\\\/08\\\/as-neves-reivindica-a-sua-memoria-historica-cun-novo-libro-sobre-o-seu-pasado-e-coa-retirada-de-simboloxia-franquista-da-vila\\\/#breadcrumb\"},\"inLanguage\":\"gl-ES\",\"potentialAction\":[{\"@type\":\"ReadAction\",\"target\":[\"https:\\\/\\\/www.anovapeneira.gal\\\/index.php\\\/2022\\\/08\\\/08\\\/as-neves-reivindica-a-sua-memoria-historica-cun-novo-libro-sobre-o-seu-pasado-e-coa-retirada-de-simboloxia-franquista-da-vila\\\/\"]}]},{\"@type\":\"ImageObject\",\"inLanguage\":\"gl-ES\",\"@id\":\"https:\\\/\\\/www.anovapeneira.gal\\\/index.php\\\/2022\\\/08\\\/08\\\/as-neves-reivindica-a-sua-memoria-historica-cun-novo-libro-sobre-o-seu-pasado-e-coa-retirada-de-simboloxia-franquista-da-vila\\\/#primaryimage\",\"url\":\"https:\\\/\\\/www.anovapeneira.gal\\\/wp-content\\\/uploads\\\/2022\\\/08\\\/neves_rafa_estevez.jpg\",\"contentUrl\":\"https:\\\/\\\/www.anovapeneira.gal\\\/wp-content\\\/uploads\\\/2022\\\/08\\\/neves_rafa_estevez.jpg\",\"width\":1500,\"height\":790,\"caption\":\"As Neves reivindica a s\u00faa memoria hist\u00f3rica\"},{\"@type\":\"BreadcrumbList\",\"@id\":\"https:\\\/\\\/www.anovapeneira.gal\\\/index.php\\\/2022\\\/08\\\/08\\\/as-neves-reivindica-a-sua-memoria-historica-cun-novo-libro-sobre-o-seu-pasado-e-coa-retirada-de-simboloxia-franquista-da-vila\\\/#breadcrumb\",\"itemListElement\":[{\"@type\":\"ListItem\",\"position\":1,\"name\":\"Portada\",\"item\":\"https:\\\/\\\/www.anovapeneira.gal\\\/\"},{\"@type\":\"ListItem\",\"position\":2,\"name\":\"As Neves reivindica a s\u00faa memoria hist\u00f3rica cun novo libro sobre o seu pasado e coa retirada de simbolox\u00eda franquista da vila\"}]},{\"@type\":\"WebSite\",\"@id\":\"https:\\\/\\\/www.anovapeneira.gal\\\/#website\",\"url\":\"https:\\\/\\\/www.anovapeneira.gal\\\/\",\"name\":\"\",\"description\":\"Xornal galego de informaci\u00f3n xeral Publicaci\u00f3n mensual de novas de Galicia e en especial dos Concellos da sur da provincia de Pontevedra.\",\"publisher\":{\"@id\":\"https:\\\/\\\/www.anovapeneira.gal\\\/#organization\"},\"potentialAction\":[{\"@type\":\"SearchAction\",\"target\":{\"@type\":\"EntryPoint\",\"urlTemplate\":\"https:\\\/\\\/www.anovapeneira.gal\\\/?s={search_term_string}\"},\"query-input\":{\"@type\":\"PropertyValueSpecification\",\"valueRequired\":true,\"valueName\":\"search_term_string\"}}],\"inLanguage\":\"gl-ES\"},{\"@type\":\"Organization\",\"@id\":\"https:\\\/\\\/www.anovapeneira.gal\\\/#organization\",\"name\":\"A Nova Peneira\",\"url\":\"https:\\\/\\\/www.anovapeneira.gal\\\/\",\"logo\":{\"@type\":\"ImageObject\",\"inLanguage\":\"gl-ES\",\"@id\":\"https:\\\/\\\/www.anovapeneira.gal\\\/#\\\/schema\\\/logo\\\/image\\\/\",\"url\":\"http:\\\/\\\/www.anovapeneira.gal\\\/wp-content\\\/uploads\\\/2019\\\/06\\\/logo_a_nova_peneira_portal_web.png\",\"contentUrl\":\"http:\\\/\\\/www.anovapeneira.gal\\\/wp-content\\\/uploads\\\/2019\\\/06\\\/logo_a_nova_peneira_portal_web.png\",\"width\":300,\"height\":100,\"caption\":\"A Nova Peneira\"},\"image\":{\"@id\":\"https:\\\/\\\/www.anovapeneira.gal\\\/#\\\/schema\\\/logo\\\/image\\\/\"},\"sameAs\":[\"https:\\\/\\\/www.facebook.com\\\/anovapeneira\",\"https:\\\/\\\/x.com\\\/APeneira\"]},{\"@type\":\"Person\",\"@id\":\"https:\\\/\\\/www.anovapeneira.gal\\\/#\\\/schema\\\/person\\\/b93e3f8932e3f8da96334607eb6ac6aa\",\"name\":\"Redacci\u00f3n A Nova Peneira\",\"image\":{\"@type\":\"ImageObject\",\"inLanguage\":\"gl-ES\",\"@id\":\"https:\\\/\\\/secure.gravatar.com\\\/avatar\\\/c052a2551a06e23fac63626232eaa90abd78dbcf1700fc46a2b2c89fd27b735f?s=96&d=mm&r=g\",\"url\":\"https:\\\/\\\/secure.gravatar.com\\\/avatar\\\/c052a2551a06e23fac63626232eaa90abd78dbcf1700fc46a2b2c89fd27b735f?s=96&d=mm&r=g\",\"contentUrl\":\"https:\\\/\\\/secure.gravatar.com\\\/avatar\\\/c052a2551a06e23fac63626232eaa90abd78dbcf1700fc46a2b2c89fd27b735f?s=96&d=mm&r=g\",\"caption\":\"Redacci\u00f3n A Nova Peneira\"},\"sameAs\":[\"http:\\\/\\\/www.anovapeneira.gal\\\/\"],\"url\":\"https:\\\/\\\/www.anovapeneira.gal\\\/index.php\\\/author\\\/redactor\\\/\"}]}<\/script>\n<!-- \/ Yoast SEO plugin. -->","yoast_head_json":{"title":"As Neves reivindica a s\u00faa memoria hist\u00f3rica cun novo libro sobre o seu pasado e coa retirada de simbolox\u00eda franquista da vila -","robots":{"index":"index","follow":"follow","max-snippet":"max-snippet:-1","max-image-preview":"max-image-preview:large","max-video-preview":"max-video-preview:-1"},"canonical":"https:\/\/www.anovapeneira.gal\/index.php\/2022\/08\/08\/as-neves-reivindica-a-sua-memoria-historica-cun-novo-libro-sobre-o-seu-pasado-e-coa-retirada-de-simboloxia-franquista-da-vila\/","og_locale":"gl_ES","og_type":"article","og_title":"As Neves reivindica a s\u00faa memoria hist\u00f3rica cun novo libro sobre o seu pasado e coa retirada de simbolox\u00eda franquista da vila -","og_description":"A deputada de Memoria Hist\u00f3rica Mar\u00eda Ortega asistiu \u00e1 presentaci\u00f3n do libro \u2018As Neves. Notas de historia contempor\u00e1nea 1836\/1956\u2019 de Xos\u00e9 Ram\u00f3n Paz editado polo Servizo provincial de Patrimonio Documental [...]","og_url":"https:\/\/www.anovapeneira.gal\/index.php\/2022\/08\/08\/as-neves-reivindica-a-sua-memoria-historica-cun-novo-libro-sobre-o-seu-pasado-e-coa-retirada-de-simboloxia-franquista-da-vila\/","article_publisher":"https:\/\/www.facebook.com\/anovapeneira","article_published_time":"2022-08-08T10:00:05+00:00","og_image":[{"width":1500,"height":790,"url":"https:\/\/www.anovapeneira.gal\/wp-content\/uploads\/2022\/08\/neves_rafa_estevez.jpg","type":"image\/jpeg"}],"author":"Redacci\u00f3n A Nova Peneira","twitter_card":"summary_large_image","twitter_creator":"@APeneira","twitter_site":"@APeneira","twitter_misc":{"Escrito por":"Redacci\u00f3n A Nova Peneira","Tempo de lectura":"6 minutos"},"schema":{"@context":"https:\/\/schema.org","@graph":[{"@type":"Article","@id":"https:\/\/www.anovapeneira.gal\/index.php\/2022\/08\/08\/as-neves-reivindica-a-sua-memoria-historica-cun-novo-libro-sobre-o-seu-pasado-e-coa-retirada-de-simboloxia-franquista-da-vila\/#article","isPartOf":{"@id":"https:\/\/www.anovapeneira.gal\/index.php\/2022\/08\/08\/as-neves-reivindica-a-sua-memoria-historica-cun-novo-libro-sobre-o-seu-pasado-e-coa-retirada-de-simboloxia-franquista-da-vila\/"},"author":{"name":"Redacci\u00f3n A Nova Peneira","@id":"https:\/\/www.anovapeneira.gal\/#\/schema\/person\/b93e3f8932e3f8da96334607eb6ac6aa"},"headline":"As Neves reivindica a s\u00faa memoria hist\u00f3rica cun novo libro sobre o seu pasado e coa retirada de simbolox\u00eda franquista da vila","datePublished":"2022-08-08T10:00:05+00:00","mainEntityOfPage":{"@id":"https:\/\/www.anovapeneira.gal\/index.php\/2022\/08\/08\/as-neves-reivindica-a-sua-memoria-historica-cun-novo-libro-sobre-o-seu-pasado-e-coa-retirada-de-simboloxia-franquista-da-vila\/"},"wordCount":1066,"commentCount":0,"publisher":{"@id":"https:\/\/www.anovapeneira.gal\/#organization"},"image":{"@id":"https:\/\/www.anovapeneira.gal\/index.php\/2022\/08\/08\/as-neves-reivindica-a-sua-memoria-historica-cun-novo-libro-sobre-o-seu-pasado-e-coa-retirada-de-simboloxia-franquista-da-vila\/#primaryimage"},"thumbnailUrl":"https:\/\/www.anovapeneira.gal\/wp-content\/uploads\/2022\/08\/neves_rafa_estevez.jpg","keywords":["Concello das Neves"],"articleSection":["Condado"],"inLanguage":"gl-ES","potentialAction":[{"@type":"CommentAction","name":"Comment","target":["https:\/\/www.anovapeneira.gal\/index.php\/2022\/08\/08\/as-neves-reivindica-a-sua-memoria-historica-cun-novo-libro-sobre-o-seu-pasado-e-coa-retirada-de-simboloxia-franquista-da-vila\/#respond"]}]},{"@type":"WebPage","@id":"https:\/\/www.anovapeneira.gal\/index.php\/2022\/08\/08\/as-neves-reivindica-a-sua-memoria-historica-cun-novo-libro-sobre-o-seu-pasado-e-coa-retirada-de-simboloxia-franquista-da-vila\/","url":"https:\/\/www.anovapeneira.gal\/index.php\/2022\/08\/08\/as-neves-reivindica-a-sua-memoria-historica-cun-novo-libro-sobre-o-seu-pasado-e-coa-retirada-de-simboloxia-franquista-da-vila\/","name":"As Neves reivindica a s\u00faa memoria hist\u00f3rica cun novo libro sobre o seu pasado e coa retirada de simbolox\u00eda franquista da vila -","isPartOf":{"@id":"https:\/\/www.anovapeneira.gal\/#website"},"primaryImageOfPage":{"@id":"https:\/\/www.anovapeneira.gal\/index.php\/2022\/08\/08\/as-neves-reivindica-a-sua-memoria-historica-cun-novo-libro-sobre-o-seu-pasado-e-coa-retirada-de-simboloxia-franquista-da-vila\/#primaryimage"},"image":{"@id":"https:\/\/www.anovapeneira.gal\/index.php\/2022\/08\/08\/as-neves-reivindica-a-sua-memoria-historica-cun-novo-libro-sobre-o-seu-pasado-e-coa-retirada-de-simboloxia-franquista-da-vila\/#primaryimage"},"thumbnailUrl":"https:\/\/www.anovapeneira.gal\/wp-content\/uploads\/2022\/08\/neves_rafa_estevez.jpg","datePublished":"2022-08-08T10:00:05+00:00","breadcrumb":{"@id":"https:\/\/www.anovapeneira.gal\/index.php\/2022\/08\/08\/as-neves-reivindica-a-sua-memoria-historica-cun-novo-libro-sobre-o-seu-pasado-e-coa-retirada-de-simboloxia-franquista-da-vila\/#breadcrumb"},"inLanguage":"gl-ES","potentialAction":[{"@type":"ReadAction","target":["https:\/\/www.anovapeneira.gal\/index.php\/2022\/08\/08\/as-neves-reivindica-a-sua-memoria-historica-cun-novo-libro-sobre-o-seu-pasado-e-coa-retirada-de-simboloxia-franquista-da-vila\/"]}]},{"@type":"ImageObject","inLanguage":"gl-ES","@id":"https:\/\/www.anovapeneira.gal\/index.php\/2022\/08\/08\/as-neves-reivindica-a-sua-memoria-historica-cun-novo-libro-sobre-o-seu-pasado-e-coa-retirada-de-simboloxia-franquista-da-vila\/#primaryimage","url":"https:\/\/www.anovapeneira.gal\/wp-content\/uploads\/2022\/08\/neves_rafa_estevez.jpg","contentUrl":"https:\/\/www.anovapeneira.gal\/wp-content\/uploads\/2022\/08\/neves_rafa_estevez.jpg","width":1500,"height":790,"caption":"As Neves reivindica a s\u00faa memoria hist\u00f3rica"},{"@type":"BreadcrumbList","@id":"https:\/\/www.anovapeneira.gal\/index.php\/2022\/08\/08\/as-neves-reivindica-a-sua-memoria-historica-cun-novo-libro-sobre-o-seu-pasado-e-coa-retirada-de-simboloxia-franquista-da-vila\/#breadcrumb","itemListElement":[{"@type":"ListItem","position":1,"name":"Portada","item":"https:\/\/www.anovapeneira.gal\/"},{"@type":"ListItem","position":2,"name":"As Neves reivindica a s\u00faa memoria hist\u00f3rica cun novo libro sobre o seu pasado e coa retirada de simbolox\u00eda franquista da vila"}]},{"@type":"WebSite","@id":"https:\/\/www.anovapeneira.gal\/#website","url":"https:\/\/www.anovapeneira.gal\/","name":"","description":"Xornal galego de informaci\u00f3n xeral Publicaci\u00f3n mensual de novas de Galicia e en especial dos Concellos da sur da provincia de Pontevedra.","publisher":{"@id":"https:\/\/www.anovapeneira.gal\/#organization"},"potentialAction":[{"@type":"SearchAction","target":{"@type":"EntryPoint","urlTemplate":"https:\/\/www.anovapeneira.gal\/?s={search_term_string}"},"query-input":{"@type":"PropertyValueSpecification","valueRequired":true,"valueName":"search_term_string"}}],"inLanguage":"gl-ES"},{"@type":"Organization","@id":"https:\/\/www.anovapeneira.gal\/#organization","name":"A Nova Peneira","url":"https:\/\/www.anovapeneira.gal\/","logo":{"@type":"ImageObject","inLanguage":"gl-ES","@id":"https:\/\/www.anovapeneira.gal\/#\/schema\/logo\/image\/","url":"http:\/\/www.anovapeneira.gal\/wp-content\/uploads\/2019\/06\/logo_a_nova_peneira_portal_web.png","contentUrl":"http:\/\/www.anovapeneira.gal\/wp-content\/uploads\/2019\/06\/logo_a_nova_peneira_portal_web.png","width":300,"height":100,"caption":"A Nova Peneira"},"image":{"@id":"https:\/\/www.anovapeneira.gal\/#\/schema\/logo\/image\/"},"sameAs":["https:\/\/www.facebook.com\/anovapeneira","https:\/\/x.com\/APeneira"]},{"@type":"Person","@id":"https:\/\/www.anovapeneira.gal\/#\/schema\/person\/b93e3f8932e3f8da96334607eb6ac6aa","name":"Redacci\u00f3n A Nova Peneira","image":{"@type":"ImageObject","inLanguage":"gl-ES","@id":"https:\/\/secure.gravatar.com\/avatar\/c052a2551a06e23fac63626232eaa90abd78dbcf1700fc46a2b2c89fd27b735f?s=96&d=mm&r=g","url":"https:\/\/secure.gravatar.com\/avatar\/c052a2551a06e23fac63626232eaa90abd78dbcf1700fc46a2b2c89fd27b735f?s=96&d=mm&r=g","contentUrl":"https:\/\/secure.gravatar.com\/avatar\/c052a2551a06e23fac63626232eaa90abd78dbcf1700fc46a2b2c89fd27b735f?s=96&d=mm&r=g","caption":"Redacci\u00f3n A Nova Peneira"},"sameAs":["http:\/\/www.anovapeneira.gal\/"],"url":"https:\/\/www.anovapeneira.gal\/index.php\/author\/redactor\/"}]}},"jetpack_featured_media_url":"https:\/\/www.anovapeneira.gal\/wp-content\/uploads\/2022\/08\/neves_rafa_estevez.jpg","_links":{"self":[{"href":"https:\/\/www.anovapeneira.gal\/index.php\/wp-json\/wp\/v2\/posts\/7913","targetHints":{"allow":["GET"]}}],"collection":[{"href":"https:\/\/www.anovapeneira.gal\/index.php\/wp-json\/wp\/v2\/posts"}],"about":[{"href":"https:\/\/www.anovapeneira.gal\/index.php\/wp-json\/wp\/v2\/types\/post"}],"author":[{"embeddable":true,"href":"https:\/\/www.anovapeneira.gal\/index.php\/wp-json\/wp\/v2\/users\/3"}],"replies":[{"embeddable":true,"href":"https:\/\/www.anovapeneira.gal\/index.php\/wp-json\/wp\/v2\/comments?post=7913"}],"version-history":[{"count":2,"href":"https:\/\/www.anovapeneira.gal\/index.php\/wp-json\/wp\/v2\/posts\/7913\/revisions"}],"predecessor-version":[{"id":7916,"href":"https:\/\/www.anovapeneira.gal\/index.php\/wp-json\/wp\/v2\/posts\/7913\/revisions\/7916"}],"wp:featuredmedia":[{"embeddable":true,"href":"https:\/\/www.anovapeneira.gal\/index.php\/wp-json\/wp\/v2\/media\/7915"}],"wp:attachment":[{"href":"https:\/\/www.anovapeneira.gal\/index.php\/wp-json\/wp\/v2\/media?parent=7913"}],"wp:term":[{"taxonomy":"category","embeddable":true,"href":"https:\/\/www.anovapeneira.gal\/index.php\/wp-json\/wp\/v2\/categories?post=7913"},{"taxonomy":"post_tag","embeddable":true,"href":"https:\/\/www.anovapeneira.gal\/index.php\/wp-json\/wp\/v2\/tags?post=7913"}],"curies":[{"name":"wp","href":"https:\/\/api.w.org\/{rel}","templated":true}]}}