{"id":7919,"date":"2022-08-09T12:00:44","date_gmt":"2022-08-09T10:00:44","guid":{"rendered":"https:\/\/www.anovapeneira.gal\/?p=7919"},"modified":"2022-08-04T11:18:05","modified_gmt":"2022-08-04T09:18:05","slug":"o-concello-de-bueu-recibe-aos-nenos-e-nenas-saharauis-do-programa-vacacions-en-paz","status":"publish","type":"post","link":"https:\/\/www.anovapeneira.gal\/index.php\/2022\/08\/09\/o-concello-de-bueu-recibe-aos-nenos-e-nenas-saharauis-do-programa-vacacions-en-paz\/","title":{"rendered":"O concello de Bueu recibe aos nenos e nenas saharauis do programa \u2018vacaci\u00f3ns en paz\u2019"},"content":{"rendered":"\n<h2 class=\"wp-block-heading\"><strong>F\u00e9lix Juncal destacou o inmenso labor social das familias de acollida que permiten que os cativos e cativas poidan gozar dunha experiencia moi frut\u00edfera<\/strong><\/h2>\n\n\n\n<p><strong>Bueu, a 1 de agosto de 2022<\/strong><\/p>\n\n\n\n<p>O sal\u00f3n de plenos do Concello de Bueu recibiu este luns, 1 de agosto, aos nenos e nenas saharauis que gozan este ver\u00e1n na comarca no marco do programa \u201cVacaci\u00f3ns en Paz\u201d que organiza a asociaci\u00f3n Solidariedade Galega co Pobo Saharaui. F\u00e9lix Juncal, alcalde de Bueu, salientou o inmenso labor social das familias de acollida que permiten que os cativos e cativas poidan gozar dunha experiencia moi frut\u00edfera, motivo polo cal se mostrou \u201cmoi contento por compartir estes momentos cada ver\u00e1n con v\u00f3s\u201d.<\/p>\n\n\n\n<p>O Concello de Bueu deulles a benvida aos nenos e nenas e \u00e1s familias de acollida nun acto no que intercambiaron an\u00e9cdotas e no que tam\u00e9n se lles fixo entrega dunhas mochilas para o curso escolar, ademais de camisetas e bandeiras da vila de Bueu.<\/p>\n\n\n\n<p>O programa \u201cVacaci\u00f3ns en Paz\u201d retomouse este ver\u00e1n tras tres anos de par\u00f3n pola pandemia, e o que pretende \u00e9 que os nenos e nenas pasen un ver\u00e1n en paz, un momento que coincide coa situaci\u00f3n que se vive nos campamentos con olas de calor estremas e pola cesi\u00f3n do Goberno de Espa\u00f1a ante as pretensi\u00f3ns de Marrocos sobre o S\u00e1hara Occidental.<\/p>\n\n\n\n<p>No acto participaron ademais Ana Isabel Otero, concelleira de benestar social e igualdade, Ricardo Verde, concelleiro de deportes, Elena Est\u00e9vez e Mar\u00eda Carmen N\u00fa\u00f1ez, ed\u00eds do grupo do PP.<\/p>\n","protected":false},"excerpt":{"rendered":"<div class=\"mh-excerpt\"><p>F\u00e9lix Juncal destacou o inmenso labor social das familias de acollida que permiten que os cativos e cativas poidan gozar dunha experiencia moi frut\u00edfera <a class=\"mh-excerpt-more\" href=\"https:\/\/www.anovapeneira.gal\/index.php\/2022\/08\/09\/o-concello-de-bueu-recibe-aos-nenos-e-nenas-saharauis-do-programa-vacacions-en-paz\/\" title=\"O concello de Bueu recibe aos nenos e nenas saharauis do programa \u2018vacaci\u00f3ns en paz\u2019\">[&#8230;]<\/a><\/p>\n<\/div>","protected":false},"author":3,"featured_media":7921,"comment_status":"open","ping_status":"open","sticky":false,"template":"","format":"standard","meta":{"_exactmetrics_skip_tracking":false,"_exactmetrics_sitenote_active":false,"_exactmetrics_sitenote_note":"","_exactmetrics_sitenote_category":0,"footnotes":""},"categories":[22],"tags":[440],"class_list":{"0":"post-7919","1":"post","2":"type-post","3":"status-publish","4":"format-standard","5":"has-post-thumbnail","7":"category-morrazo","8":"tag-concello-de-bueu"},"yoast_head":"<!-- This site is optimized with the Yoast SEO plugin v27.4 - https:\/\/yoast.com\/product\/yoast-seo-wordpress\/ -->\n<title>O concello de Bueu recibe aos nenos e nenas saharauis do programa \u2018vacaci\u00f3ns en paz\u2019 -<\/title>\n<meta name=\"description\" content=\"F\u00e9lix Juncal destacou o inmenso labor social das familias de acollida que permiten que os cativos e cativas poidan gozar dunha experiencia moi frut\u00edfera\" \/>\n<meta name=\"robots\" content=\"index, follow, max-snippet:-1, max-image-preview:large, max-video-preview:-1\" \/>\n<link rel=\"canonical\" href=\"https:\/\/www.anovapeneira.gal\/index.php\/2022\/08\/09\/o-concello-de-bueu-recibe-aos-nenos-e-nenas-saharauis-do-programa-vacacions-en-paz\/\" \/>\n<meta property=\"og:locale\" content=\"gl_ES\" \/>\n<meta property=\"og:type\" content=\"article\" \/>\n<meta property=\"og:title\" content=\"O concello de Bueu recibe aos nenos e nenas saharauis do programa \u2018vacaci\u00f3ns en paz\u2019 -\" \/>\n<meta property=\"og:description\" content=\"F\u00e9lix Juncal destacou o inmenso labor social das familias de acollida que permiten que os cativos e cativas poidan gozar dunha experiencia moi frut\u00edfera\" \/>\n<meta property=\"og:url\" content=\"https:\/\/www.anovapeneira.gal\/index.php\/2022\/08\/09\/o-concello-de-bueu-recibe-aos-nenos-e-nenas-saharauis-do-programa-vacacions-en-paz\/\" \/>\n<meta property=\"article:publisher\" content=\"https:\/\/www.facebook.com\/anovapeneira\" \/>\n<meta property=\"article:published_time\" content=\"2022-08-09T10:00:44+00:00\" \/>\n<meta property=\"og:image\" content=\"https:\/\/www.anovapeneira.gal\/wp-content\/uploads\/2022\/08\/vacacions_en_paz.jpg\" \/>\n\t<meta property=\"og:image:width\" content=\"1500\" \/>\n\t<meta property=\"og:image:height\" content=\"790\" \/>\n\t<meta property=\"og:image:type\" content=\"image\/jpeg\" \/>\n<meta name=\"author\" content=\"Redacci\u00f3n A Nova Peneira\" \/>\n<meta name=\"twitter:card\" content=\"summary_large_image\" \/>\n<meta name=\"twitter:creator\" content=\"@APeneira\" \/>\n<meta name=\"twitter:site\" content=\"@APeneira\" \/>\n<meta name=\"twitter:label1\" content=\"Escrito por\" \/>\n\t<meta name=\"twitter:data1\" content=\"Redacci\u00f3n A Nova Peneira\" \/>\n\t<meta name=\"twitter:label2\" content=\"Tempo de lectura\" \/>\n\t<meta name=\"twitter:data2\" content=\"2 minutos\" \/>\n<script type=\"application\/ld+json\" class=\"yoast-schema-graph\">{\"@context\":\"https:\\\/\\\/schema.org\",\"@graph\":[{\"@type\":\"Article\",\"@id\":\"https:\\\/\\\/www.anovapeneira.gal\\\/index.php\\\/2022\\\/08\\\/09\\\/o-concello-de-bueu-recibe-aos-nenos-e-nenas-saharauis-do-programa-vacacions-en-paz\\\/#article\",\"isPartOf\":{\"@id\":\"https:\\\/\\\/www.anovapeneira.gal\\\/index.php\\\/2022\\\/08\\\/09\\\/o-concello-de-bueu-recibe-aos-nenos-e-nenas-saharauis-do-programa-vacacions-en-paz\\\/\"},\"author\":{\"name\":\"Redacci\u00f3n A Nova Peneira\",\"@id\":\"https:\\\/\\\/www.anovapeneira.gal\\\/#\\\/schema\\\/person\\\/b93e3f8932e3f8da96334607eb6ac6aa\"},\"headline\":\"O concello de Bueu recibe aos nenos e nenas saharauis do programa \u2018vacaci\u00f3ns en paz\u2019\",\"datePublished\":\"2022-08-09T10:00:44+00:00\",\"mainEntityOfPage\":{\"@id\":\"https:\\\/\\\/www.anovapeneira.gal\\\/index.php\\\/2022\\\/08\\\/09\\\/o-concello-de-bueu-recibe-aos-nenos-e-nenas-saharauis-do-programa-vacacions-en-paz\\\/\"},\"wordCount\":287,\"commentCount\":0,\"publisher\":{\"@id\":\"https:\\\/\\\/www.anovapeneira.gal\\\/#organization\"},\"image\":{\"@id\":\"https:\\\/\\\/www.anovapeneira.gal\\\/index.php\\\/2022\\\/08\\\/09\\\/o-concello-de-bueu-recibe-aos-nenos-e-nenas-saharauis-do-programa-vacacions-en-paz\\\/#primaryimage\"},\"thumbnailUrl\":\"https:\\\/\\\/www.anovapeneira.gal\\\/wp-content\\\/uploads\\\/2022\\\/08\\\/vacacions_en_paz.jpg\",\"keywords\":[\"Concello de Bueu\"],\"articleSection\":[\"Morrazo\"],\"inLanguage\":\"gl-ES\",\"potentialAction\":[{\"@type\":\"CommentAction\",\"name\":\"Comment\",\"target\":[\"https:\\\/\\\/www.anovapeneira.gal\\\/index.php\\\/2022\\\/08\\\/09\\\/o-concello-de-bueu-recibe-aos-nenos-e-nenas-saharauis-do-programa-vacacions-en-paz\\\/#respond\"]}]},{\"@type\":\"WebPage\",\"@id\":\"https:\\\/\\\/www.anovapeneira.gal\\\/index.php\\\/2022\\\/08\\\/09\\\/o-concello-de-bueu-recibe-aos-nenos-e-nenas-saharauis-do-programa-vacacions-en-paz\\\/\",\"url\":\"https:\\\/\\\/www.anovapeneira.gal\\\/index.php\\\/2022\\\/08\\\/09\\\/o-concello-de-bueu-recibe-aos-nenos-e-nenas-saharauis-do-programa-vacacions-en-paz\\\/\",\"name\":\"O concello de Bueu recibe aos nenos e nenas saharauis do programa \u2018vacaci\u00f3ns en paz\u2019 -\",\"isPartOf\":{\"@id\":\"https:\\\/\\\/www.anovapeneira.gal\\\/#website\"},\"primaryImageOfPage\":{\"@id\":\"https:\\\/\\\/www.anovapeneira.gal\\\/index.php\\\/2022\\\/08\\\/09\\\/o-concello-de-bueu-recibe-aos-nenos-e-nenas-saharauis-do-programa-vacacions-en-paz\\\/#primaryimage\"},\"image\":{\"@id\":\"https:\\\/\\\/www.anovapeneira.gal\\\/index.php\\\/2022\\\/08\\\/09\\\/o-concello-de-bueu-recibe-aos-nenos-e-nenas-saharauis-do-programa-vacacions-en-paz\\\/#primaryimage\"},\"thumbnailUrl\":\"https:\\\/\\\/www.anovapeneira.gal\\\/wp-content\\\/uploads\\\/2022\\\/08\\\/vacacions_en_paz.jpg\",\"datePublished\":\"2022-08-09T10:00:44+00:00\",\"description\":\"F\u00e9lix Juncal destacou o inmenso labor social das familias de acollida que permiten que os cativos e cativas poidan gozar dunha experiencia moi frut\u00edfera\",\"breadcrumb\":{\"@id\":\"https:\\\/\\\/www.anovapeneira.gal\\\/index.php\\\/2022\\\/08\\\/09\\\/o-concello-de-bueu-recibe-aos-nenos-e-nenas-saharauis-do-programa-vacacions-en-paz\\\/#breadcrumb\"},\"inLanguage\":\"gl-ES\",\"potentialAction\":[{\"@type\":\"ReadAction\",\"target\":[\"https:\\\/\\\/www.anovapeneira.gal\\\/index.php\\\/2022\\\/08\\\/09\\\/o-concello-de-bueu-recibe-aos-nenos-e-nenas-saharauis-do-programa-vacacions-en-paz\\\/\"]}]},{\"@type\":\"ImageObject\",\"inLanguage\":\"gl-ES\",\"@id\":\"https:\\\/\\\/www.anovapeneira.gal\\\/index.php\\\/2022\\\/08\\\/09\\\/o-concello-de-bueu-recibe-aos-nenos-e-nenas-saharauis-do-programa-vacacions-en-paz\\\/#primaryimage\",\"url\":\"https:\\\/\\\/www.anovapeneira.gal\\\/wp-content\\\/uploads\\\/2022\\\/08\\\/vacacions_en_paz.jpg\",\"contentUrl\":\"https:\\\/\\\/www.anovapeneira.gal\\\/wp-content\\\/uploads\\\/2022\\\/08\\\/vacacions_en_paz.jpg\",\"width\":1500,\"height\":790,\"caption\":\"vacaci\u00f3ns en paz\"},{\"@type\":\"BreadcrumbList\",\"@id\":\"https:\\\/\\\/www.anovapeneira.gal\\\/index.php\\\/2022\\\/08\\\/09\\\/o-concello-de-bueu-recibe-aos-nenos-e-nenas-saharauis-do-programa-vacacions-en-paz\\\/#breadcrumb\",\"itemListElement\":[{\"@type\":\"ListItem\",\"position\":1,\"name\":\"Portada\",\"item\":\"https:\\\/\\\/www.anovapeneira.gal\\\/\"},{\"@type\":\"ListItem\",\"position\":2,\"name\":\"O concello de Bueu recibe aos nenos e nenas saharauis do programa \u2018vacaci\u00f3ns en paz\u2019\"}]},{\"@type\":\"WebSite\",\"@id\":\"https:\\\/\\\/www.anovapeneira.gal\\\/#website\",\"url\":\"https:\\\/\\\/www.anovapeneira.gal\\\/\",\"name\":\"\",\"description\":\"Xornal galego de informaci\u00f3n xeral Publicaci\u00f3n mensual de novas de Galicia e en especial dos Concellos da sur da provincia de Pontevedra.\",\"publisher\":{\"@id\":\"https:\\\/\\\/www.anovapeneira.gal\\\/#organization\"},\"potentialAction\":[{\"@type\":\"SearchAction\",\"target\":{\"@type\":\"EntryPoint\",\"urlTemplate\":\"https:\\\/\\\/www.anovapeneira.gal\\\/?s={search_term_string}\"},\"query-input\":{\"@type\":\"PropertyValueSpecification\",\"valueRequired\":true,\"valueName\":\"search_term_string\"}}],\"inLanguage\":\"gl-ES\"},{\"@type\":\"Organization\",\"@id\":\"https:\\\/\\\/www.anovapeneira.gal\\\/#organization\",\"name\":\"A Nova Peneira\",\"url\":\"https:\\\/\\\/www.anovapeneira.gal\\\/\",\"logo\":{\"@type\":\"ImageObject\",\"inLanguage\":\"gl-ES\",\"@id\":\"https:\\\/\\\/www.anovapeneira.gal\\\/#\\\/schema\\\/logo\\\/image\\\/\",\"url\":\"http:\\\/\\\/www.anovapeneira.gal\\\/wp-content\\\/uploads\\\/2019\\\/06\\\/logo_a_nova_peneira_portal_web.png\",\"contentUrl\":\"http:\\\/\\\/www.anovapeneira.gal\\\/wp-content\\\/uploads\\\/2019\\\/06\\\/logo_a_nova_peneira_portal_web.png\",\"width\":300,\"height\":100,\"caption\":\"A Nova Peneira\"},\"image\":{\"@id\":\"https:\\\/\\\/www.anovapeneira.gal\\\/#\\\/schema\\\/logo\\\/image\\\/\"},\"sameAs\":[\"https:\\\/\\\/www.facebook.com\\\/anovapeneira\",\"https:\\\/\\\/x.com\\\/APeneira\"]},{\"@type\":\"Person\",\"@id\":\"https:\\\/\\\/www.anovapeneira.gal\\\/#\\\/schema\\\/person\\\/b93e3f8932e3f8da96334607eb6ac6aa\",\"name\":\"Redacci\u00f3n A Nova Peneira\",\"image\":{\"@type\":\"ImageObject\",\"inLanguage\":\"gl-ES\",\"@id\":\"https:\\\/\\\/secure.gravatar.com\\\/avatar\\\/c052a2551a06e23fac63626232eaa90abd78dbcf1700fc46a2b2c89fd27b735f?s=96&d=mm&r=g\",\"url\":\"https:\\\/\\\/secure.gravatar.com\\\/avatar\\\/c052a2551a06e23fac63626232eaa90abd78dbcf1700fc46a2b2c89fd27b735f?s=96&d=mm&r=g\",\"contentUrl\":\"https:\\\/\\\/secure.gravatar.com\\\/avatar\\\/c052a2551a06e23fac63626232eaa90abd78dbcf1700fc46a2b2c89fd27b735f?s=96&d=mm&r=g\",\"caption\":\"Redacci\u00f3n A Nova Peneira\"},\"sameAs\":[\"http:\\\/\\\/www.anovapeneira.gal\\\/\"],\"url\":\"https:\\\/\\\/www.anovapeneira.gal\\\/index.php\\\/author\\\/redactor\\\/\"}]}<\/script>\n<!-- \/ Yoast SEO plugin. -->","yoast_head_json":{"title":"O concello de Bueu recibe aos nenos e nenas saharauis do programa \u2018vacaci\u00f3ns en paz\u2019 -","description":"F\u00e9lix Juncal destacou o inmenso labor social das familias de acollida que permiten que os cativos e cativas poidan gozar dunha experiencia moi frut\u00edfera","robots":{"index":"index","follow":"follow","max-snippet":"max-snippet:-1","max-image-preview":"max-image-preview:large","max-video-preview":"max-video-preview:-1"},"canonical":"https:\/\/www.anovapeneira.gal\/index.php\/2022\/08\/09\/o-concello-de-bueu-recibe-aos-nenos-e-nenas-saharauis-do-programa-vacacions-en-paz\/","og_locale":"gl_ES","og_type":"article","og_title":"O concello de Bueu recibe aos nenos e nenas saharauis do programa \u2018vacaci\u00f3ns en paz\u2019 -","og_description":"F\u00e9lix Juncal destacou o inmenso labor social das familias de acollida que permiten que os cativos e cativas poidan gozar dunha experiencia moi frut\u00edfera","og_url":"https:\/\/www.anovapeneira.gal\/index.php\/2022\/08\/09\/o-concello-de-bueu-recibe-aos-nenos-e-nenas-saharauis-do-programa-vacacions-en-paz\/","article_publisher":"https:\/\/www.facebook.com\/anovapeneira","article_published_time":"2022-08-09T10:00:44+00:00","og_image":[{"width":1500,"height":790,"url":"https:\/\/www.anovapeneira.gal\/wp-content\/uploads\/2022\/08\/vacacions_en_paz.jpg","type":"image\/jpeg"}],"author":"Redacci\u00f3n A Nova Peneira","twitter_card":"summary_large_image","twitter_creator":"@APeneira","twitter_site":"@APeneira","twitter_misc":{"Escrito por":"Redacci\u00f3n A Nova Peneira","Tempo de lectura":"2 minutos"},"schema":{"@context":"https:\/\/schema.org","@graph":[{"@type":"Article","@id":"https:\/\/www.anovapeneira.gal\/index.php\/2022\/08\/09\/o-concello-de-bueu-recibe-aos-nenos-e-nenas-saharauis-do-programa-vacacions-en-paz\/#article","isPartOf":{"@id":"https:\/\/www.anovapeneira.gal\/index.php\/2022\/08\/09\/o-concello-de-bueu-recibe-aos-nenos-e-nenas-saharauis-do-programa-vacacions-en-paz\/"},"author":{"name":"Redacci\u00f3n A Nova Peneira","@id":"https:\/\/www.anovapeneira.gal\/#\/schema\/person\/b93e3f8932e3f8da96334607eb6ac6aa"},"headline":"O concello de Bueu recibe aos nenos e nenas saharauis do programa \u2018vacaci\u00f3ns en paz\u2019","datePublished":"2022-08-09T10:00:44+00:00","mainEntityOfPage":{"@id":"https:\/\/www.anovapeneira.gal\/index.php\/2022\/08\/09\/o-concello-de-bueu-recibe-aos-nenos-e-nenas-saharauis-do-programa-vacacions-en-paz\/"},"wordCount":287,"commentCount":0,"publisher":{"@id":"https:\/\/www.anovapeneira.gal\/#organization"},"image":{"@id":"https:\/\/www.anovapeneira.gal\/index.php\/2022\/08\/09\/o-concello-de-bueu-recibe-aos-nenos-e-nenas-saharauis-do-programa-vacacions-en-paz\/#primaryimage"},"thumbnailUrl":"https:\/\/www.anovapeneira.gal\/wp-content\/uploads\/2022\/08\/vacacions_en_paz.jpg","keywords":["Concello de Bueu"],"articleSection":["Morrazo"],"inLanguage":"gl-ES","potentialAction":[{"@type":"CommentAction","name":"Comment","target":["https:\/\/www.anovapeneira.gal\/index.php\/2022\/08\/09\/o-concello-de-bueu-recibe-aos-nenos-e-nenas-saharauis-do-programa-vacacions-en-paz\/#respond"]}]},{"@type":"WebPage","@id":"https:\/\/www.anovapeneira.gal\/index.php\/2022\/08\/09\/o-concello-de-bueu-recibe-aos-nenos-e-nenas-saharauis-do-programa-vacacions-en-paz\/","url":"https:\/\/www.anovapeneira.gal\/index.php\/2022\/08\/09\/o-concello-de-bueu-recibe-aos-nenos-e-nenas-saharauis-do-programa-vacacions-en-paz\/","name":"O concello de Bueu recibe aos nenos e nenas saharauis do programa \u2018vacaci\u00f3ns en paz\u2019 -","isPartOf":{"@id":"https:\/\/www.anovapeneira.gal\/#website"},"primaryImageOfPage":{"@id":"https:\/\/www.anovapeneira.gal\/index.php\/2022\/08\/09\/o-concello-de-bueu-recibe-aos-nenos-e-nenas-saharauis-do-programa-vacacions-en-paz\/#primaryimage"},"image":{"@id":"https:\/\/www.anovapeneira.gal\/index.php\/2022\/08\/09\/o-concello-de-bueu-recibe-aos-nenos-e-nenas-saharauis-do-programa-vacacions-en-paz\/#primaryimage"},"thumbnailUrl":"https:\/\/www.anovapeneira.gal\/wp-content\/uploads\/2022\/08\/vacacions_en_paz.jpg","datePublished":"2022-08-09T10:00:44+00:00","description":"F\u00e9lix Juncal destacou o inmenso labor social das familias de acollida que permiten que os cativos e cativas poidan gozar dunha experiencia moi frut\u00edfera","breadcrumb":{"@id":"https:\/\/www.anovapeneira.gal\/index.php\/2022\/08\/09\/o-concello-de-bueu-recibe-aos-nenos-e-nenas-saharauis-do-programa-vacacions-en-paz\/#breadcrumb"},"inLanguage":"gl-ES","potentialAction":[{"@type":"ReadAction","target":["https:\/\/www.anovapeneira.gal\/index.php\/2022\/08\/09\/o-concello-de-bueu-recibe-aos-nenos-e-nenas-saharauis-do-programa-vacacions-en-paz\/"]}]},{"@type":"ImageObject","inLanguage":"gl-ES","@id":"https:\/\/www.anovapeneira.gal\/index.php\/2022\/08\/09\/o-concello-de-bueu-recibe-aos-nenos-e-nenas-saharauis-do-programa-vacacions-en-paz\/#primaryimage","url":"https:\/\/www.anovapeneira.gal\/wp-content\/uploads\/2022\/08\/vacacions_en_paz.jpg","contentUrl":"https:\/\/www.anovapeneira.gal\/wp-content\/uploads\/2022\/08\/vacacions_en_paz.jpg","width":1500,"height":790,"caption":"vacaci\u00f3ns en paz"},{"@type":"BreadcrumbList","@id":"https:\/\/www.anovapeneira.gal\/index.php\/2022\/08\/09\/o-concello-de-bueu-recibe-aos-nenos-e-nenas-saharauis-do-programa-vacacions-en-paz\/#breadcrumb","itemListElement":[{"@type":"ListItem","position":1,"name":"Portada","item":"https:\/\/www.anovapeneira.gal\/"},{"@type":"ListItem","position":2,"name":"O concello de Bueu recibe aos nenos e nenas saharauis do programa \u2018vacaci\u00f3ns en paz\u2019"}]},{"@type":"WebSite","@id":"https:\/\/www.anovapeneira.gal\/#website","url":"https:\/\/www.anovapeneira.gal\/","name":"","description":"Xornal galego de informaci\u00f3n xeral Publicaci\u00f3n mensual de novas de Galicia e en especial dos Concellos da sur da provincia de Pontevedra.","publisher":{"@id":"https:\/\/www.anovapeneira.gal\/#organization"},"potentialAction":[{"@type":"SearchAction","target":{"@type":"EntryPoint","urlTemplate":"https:\/\/www.anovapeneira.gal\/?s={search_term_string}"},"query-input":{"@type":"PropertyValueSpecification","valueRequired":true,"valueName":"search_term_string"}}],"inLanguage":"gl-ES"},{"@type":"Organization","@id":"https:\/\/www.anovapeneira.gal\/#organization","name":"A Nova Peneira","url":"https:\/\/www.anovapeneira.gal\/","logo":{"@type":"ImageObject","inLanguage":"gl-ES","@id":"https:\/\/www.anovapeneira.gal\/#\/schema\/logo\/image\/","url":"http:\/\/www.anovapeneira.gal\/wp-content\/uploads\/2019\/06\/logo_a_nova_peneira_portal_web.png","contentUrl":"http:\/\/www.anovapeneira.gal\/wp-content\/uploads\/2019\/06\/logo_a_nova_peneira_portal_web.png","width":300,"height":100,"caption":"A Nova Peneira"},"image":{"@id":"https:\/\/www.anovapeneira.gal\/#\/schema\/logo\/image\/"},"sameAs":["https:\/\/www.facebook.com\/anovapeneira","https:\/\/x.com\/APeneira"]},{"@type":"Person","@id":"https:\/\/www.anovapeneira.gal\/#\/schema\/person\/b93e3f8932e3f8da96334607eb6ac6aa","name":"Redacci\u00f3n A Nova Peneira","image":{"@type":"ImageObject","inLanguage":"gl-ES","@id":"https:\/\/secure.gravatar.com\/avatar\/c052a2551a06e23fac63626232eaa90abd78dbcf1700fc46a2b2c89fd27b735f?s=96&d=mm&r=g","url":"https:\/\/secure.gravatar.com\/avatar\/c052a2551a06e23fac63626232eaa90abd78dbcf1700fc46a2b2c89fd27b735f?s=96&d=mm&r=g","contentUrl":"https:\/\/secure.gravatar.com\/avatar\/c052a2551a06e23fac63626232eaa90abd78dbcf1700fc46a2b2c89fd27b735f?s=96&d=mm&r=g","caption":"Redacci\u00f3n A Nova Peneira"},"sameAs":["http:\/\/www.anovapeneira.gal\/"],"url":"https:\/\/www.anovapeneira.gal\/index.php\/author\/redactor\/"}]}},"jetpack_featured_media_url":"https:\/\/www.anovapeneira.gal\/wp-content\/uploads\/2022\/08\/vacacions_en_paz.jpg","_links":{"self":[{"href":"https:\/\/www.anovapeneira.gal\/index.php\/wp-json\/wp\/v2\/posts\/7919","targetHints":{"allow":["GET"]}}],"collection":[{"href":"https:\/\/www.anovapeneira.gal\/index.php\/wp-json\/wp\/v2\/posts"}],"about":[{"href":"https:\/\/www.anovapeneira.gal\/index.php\/wp-json\/wp\/v2\/types\/post"}],"author":[{"embeddable":true,"href":"https:\/\/www.anovapeneira.gal\/index.php\/wp-json\/wp\/v2\/users\/3"}],"replies":[{"embeddable":true,"href":"https:\/\/www.anovapeneira.gal\/index.php\/wp-json\/wp\/v2\/comments?post=7919"}],"version-history":[{"count":1,"href":"https:\/\/www.anovapeneira.gal\/index.php\/wp-json\/wp\/v2\/posts\/7919\/revisions"}],"predecessor-version":[{"id":7920,"href":"https:\/\/www.anovapeneira.gal\/index.php\/wp-json\/wp\/v2\/posts\/7919\/revisions\/7920"}],"wp:featuredmedia":[{"embeddable":true,"href":"https:\/\/www.anovapeneira.gal\/index.php\/wp-json\/wp\/v2\/media\/7921"}],"wp:attachment":[{"href":"https:\/\/www.anovapeneira.gal\/index.php\/wp-json\/wp\/v2\/media?parent=7919"}],"wp:term":[{"taxonomy":"category","embeddable":true,"href":"https:\/\/www.anovapeneira.gal\/index.php\/wp-json\/wp\/v2\/categories?post=7919"},{"taxonomy":"post_tag","embeddable":true,"href":"https:\/\/www.anovapeneira.gal\/index.php\/wp-json\/wp\/v2\/tags?post=7919"}],"curies":[{"name":"wp","href":"https:\/\/api.w.org\/{rel}","templated":true}]}}