{"id":7922,"date":"2022-08-10T10:00:59","date_gmt":"2022-08-10T08:00:59","guid":{"rendered":"https:\/\/www.anovapeneira.gal\/?p=7922"},"modified":"2022-08-04T11:22:21","modified_gmt":"2022-08-04T09:22:21","slug":"cafeteria-novo-bora","status":"publish","type":"post","link":"https:\/\/www.anovapeneira.gal\/index.php\/2022\/08\/10\/cafeteria-novo-bora\/","title":{"rendered":"Cafeter\u00eda Novo Bora"},"content":{"rendered":"\n<p><strong>Calidade e profesionalidade m\u00e1xima a car\u00f3n da nosa casa<\/strong><\/p>\n\n\n\n<p><strong>En Bora, no lugar das Pontes, xusto a car\u00f3n da ITV de Pontevedra est\u00e1 o Novo Bora, un local de primeira calidade que fusiona a comida de toda a vida coas innovaci\u00f3ns m\u00e1is atrevidas e exquisitas. O local est\u00e1 rexentado polo noso amigo Dani, un rapaz de Montecelo, de tan s\u00f3 32 anos, que leva toda unha vida , desde que era un neno, como profesional do sector da hostalar\u00eda. N\u00f3s comemos al\u00ed, de cami\u00f1o a Cotobade, gozamos al\u00ed e non perdemos a ocasi\u00f3n de co\u00f1ecer mellor ao seu propietario.<\/strong><\/p>\n\n\n\n<p><strong>F\u00e1lanos un pouco da t\u00faa historia, cando comezaches no mundo da hostaler\u00eda?<\/strong><\/p>\n\n\n\n<blockquote class=\"wp-block-quote is-layout-flow wp-block-quote-is-layout-flow\"><p>Eu xa nac\u00edn nun bar, fund\u00e1rono os meus av\u00f3s paternos e son a terceira xeraci\u00f3n de hostaleiros.<\/p><\/blockquote>\n\n\n\n<p><strong>Como se chamaba o bar que montaron os teus av\u00f3s?<\/strong><\/p>\n\n\n\n<blockquote class=\"wp-block-quote is-layout-flow wp-block-quote-is-layout-flow\"><p>Casa Lola. A\u00ed ofrec\u00edase men\u00fa do d\u00eda e bocadillos.<\/p><\/blockquote>\n\n\n\n<p><strong>Onde se situaba e como traballaba?<\/strong><\/p>\n\n\n\n<blockquote class=\"wp-block-quote is-layout-flow wp-block-quote-is-layout-flow\"><p>Estaba \u00e1 beira do hospital e traballaba moi ben. Ti\u00f1a un comedor enorme e por 8\u20ac dabamos un men\u00fa cuns pratos moi abundantes.<\/p><\/blockquote>\n\n\n\n<p><strong>Dic\u00edasme que ti es a terceira xeraci\u00f3n. Ent\u00f3n dos teus av\u00f3s o bar pasou aos teus pais e despois ti chegaches a traballar nel?<\/strong><\/p>\n\n\n\n<blockquote class=\"wp-block-quote is-layout-flow wp-block-quote-is-layout-flow\"><p>Si, traballei al\u00ed uns 12 anos ata que nolo expropiaron por una ampliaci\u00f3n.<\/p><\/blockquote>\n\n\n\n<p><strong>Nunca quixeches facer outra cousa? A t\u00faa vida laboral comezou directamente xa na hostaler\u00eda?<\/strong><\/p>\n\n\n\n<blockquote class=\"wp-block-quote is-layout-flow wp-block-quote-is-layout-flow\"><p>A verdade \u00e9 que levo toda a vida nisto e g\u00fastame, nunca fixen outra cousa f\u00f3ra da hostaler\u00eda.<\/p><\/blockquote>\n\n\n\n<p><strong>Que \u00e9 o que m\u00e1is che gusta?<\/strong><\/p>\n\n\n\n<blockquote class=\"wp-block-quote is-layout-flow wp-block-quote-is-layout-flow\"><p>O trato coa xente, co\u00f1ecer xente f\u00f3ra da t\u00faa contorna, son moitas as persoas que se co\u00f1ecen neste mundo.<\/p><\/blockquote>\n\n\n\n<p><strong>E o que menos che gusta?<\/strong><\/p>\n\n\n\n<blockquote class=\"wp-block-quote is-layout-flow wp-block-quote-is-layout-flow\"><p>Por desgraza, neste mundo hai xente moi mala e cando se che cruza mala xente por diante, iso \u00e9 o m\u00e1is amolado. Tam\u00e9n te\u00f1o que dicir que a xente boa comp\u00e9nsao.<\/p><\/blockquote>\n\n\n\n<p><strong>E cando deixaches Casa Lola, xa vi\u00f1eches para aqu\u00ed?<\/strong><\/p>\n\n\n\n<blockquote class=\"wp-block-quote is-layout-flow wp-block-quote-is-layout-flow\"><p>Non, como xa che comentei deixamos Casa Lola porque nos expropiaron. Despois disto funme a vivir un ano a Vilagarc\u00eda, ata que decid\u00edn regresar a Pontevedra e abr\u00edn un local moi bonito na zona vella. S\u00edgoo tendo a d\u00eda de hoxepero est\u00e1 pechado. Tam\u00e9n traballei como xefe de coci\u00f1a para un obradoiro de men\u00fa do d\u00eda. Con este local, o Nova Bora, levo catro meses.<\/p><\/blockquote>\n\n\n\n<p><strong>Como valoras estes catro meses de percorrido?<\/strong><\/p>\n\n\n\n<blockquote class=\"wp-block-quote is-layout-flow wp-block-quote-is-layout-flow\"><p>Imos progresando de maneira moi positiva. A verdade aqu\u00ed vi\u00f1a alg\u00fan cliente que non me gustaba. A min g\u00fastame a xente seria, que che fai sentir c\u00f3modo traballar para eles, e eu procuro facelos sentir como na s\u00faa propia casa. Afortunadamente, a mi\u00f1a historia persoal no sector, e a historia da mi\u00f1a familia son un aval inmenso que fai que aos poucos esta casa , o novo Bora , se vaia convertendo no que eu desexo: un local tranquilo, familiar, cun servizo de primeira calidade a un prezo razoable no que todas as persoas que nos honren coa s\u00faa confianza se acaben sentindo moi a gusto.<\/p><\/blockquote>\n\n\n\n<p><strong>Que servizos ofrecedes aqu\u00ed no bar ?<\/strong><\/p>\n\n\n\n<blockquote class=\"wp-block-quote is-layout-flow wp-block-quote-is-layout-flow\"><p>A min g\u00fastame a coci\u00f1a tradicional, creo que \u00e9 a base de todo. Pero apa\u00edxoname experimentar. De feito o local procura ofrecer unha mestura de comida tradicional como zorza, croquetas, luras, bocadillos e algo diferente e novo como tartar, carpacho, revoltos, etc. Temos servizos de bar e restauraci\u00f3n<\/p><\/blockquote>\n\n\n\n<p><strong>Ent\u00f3n ofreces un servizo de cafeter\u00eda tradicional como de restaurante, non?<\/strong><\/p>\n\n\n\n<blockquote class=\"wp-block-quote is-layout-flow wp-block-quote-is-layout-flow\"><p>Si, de feito, o local ten licenza de restaurante.<\/p><\/blockquote>\n\n\n\n<p><strong>Temos men\u00fa do d\u00eda?<\/strong><\/p>\n\n\n\n<blockquote class=\"wp-block-quote is-layout-flow wp-block-quote-is-layout-flow\"><p>Empezamos agora a facelo este mes.<\/p><\/blockquote>\n\n\n\n<p><strong>Que horario ten o local?<\/strong><\/p>\n\n\n\n<blockquote class=\"wp-block-quote is-layout-flow wp-block-quote-is-layout-flow\"><p>Abrimos \u00e1s 7:30 H da ma\u00f1\u00e1 e estamos en horario continuo ata ao redor das 00:30 H da noite que pechamos. Ofrecemos almorzos, comidas caseiras normais, bocadillos e o mesmo \u00e1s ceas. Todo con materias primas de primeira calidade e a uns prezos razoables.<\/p><\/blockquote>\n\n\n\n<blockquote class=\"wp-block-quote is-layout-flow wp-block-quote-is-layout-flow\"><p>Os s\u00e1bados, por exemplo, como petisco, po\u00f1emos uns camar\u00f3ns acompa\u00f1ando, pois a unha cervexa ou calquera outra bebida.<\/p><\/blockquote>\n\n\n\n<p><strong>E facedes comidas por encargo?<\/strong><\/p>\n\n\n\n<blockquote class=\"wp-block-quote is-layout-flow wp-block-quote-is-layout-flow\"><p>Si. Podemos facer cocido, un bacallau\u2026 A comida que sexa e sempre adapt\u00e1ndonos ao espazo que temos no local. Podemos albergar eventos dunhas 20 persoas.<\/p><\/blockquote>\n\n\n\n<p><strong>Cantas persoas traballades aqu\u00ed agora mesmo?<\/strong><\/p>\n\n\n\n<blockquote class=\"wp-block-quote is-layout-flow wp-block-quote-is-layout-flow\"><p>Agora mesmo somos dous. En breve conto con incorporar a unha ou d\u00faas persoas m\u00e1is.<\/p><\/blockquote>\n\n\n\n<p><strong>As t\u00faas expectativas son que isto sexa un negocio que dure no tempo?<\/strong><\/p>\n\n\n\n<blockquote class=\"wp-block-quote is-layout-flow wp-block-quote-is-layout-flow\"><p>Si, isto \u00e9 un negocio con perspectivas de futuro. Mesmo te\u00f1o en mente poder ampliar para acoller a m\u00e1is xente, facer este proxecto m\u00e1is grande se cabe.<\/p><\/blockquote>\n","protected":false},"excerpt":{"rendered":"<div class=\"mh-excerpt\"><p>En Bora, no lugar das Pontes, xusto a car\u00f3n da ITV de Pontevedra est\u00e1 o Novo Bora, un local de primeira calidade que fusiona a comida de toda a vida coas innovaci\u00f3ns m\u00e1is atrevidas e exquisitas <a class=\"mh-excerpt-more\" href=\"https:\/\/www.anovapeneira.gal\/index.php\/2022\/08\/10\/cafeteria-novo-bora\/\" title=\"Cafeter\u00eda Novo Bora\">[&#8230;]<\/a><\/p>\n<\/div>","protected":false},"author":3,"featured_media":7924,"comment_status":"open","ping_status":"open","sticky":false,"template":"","format":"standard","meta":{"_exactmetrics_skip_tracking":false,"_exactmetrics_sitenote_active":false,"_exactmetrics_sitenote_note":"","_exactmetrics_sitenote_category":0,"footnotes":""},"categories":[494],"tags":[1322],"class_list":{"0":"post-7922","1":"post","2":"type-post","3":"status-publish","4":"format-standard","5":"has-post-thumbnail","7":"category-pontevedra-reportaxes","8":"tag-cotobade"},"yoast_head":"<!-- This site is optimized with the Yoast SEO plugin v27.4 - https:\/\/yoast.com\/product\/yoast-seo-wordpress\/ -->\n<title>Cafeter\u00eda Novo Bora -<\/title>\n<meta name=\"robots\" content=\"index, follow, max-snippet:-1, max-image-preview:large, max-video-preview:-1\" \/>\n<link rel=\"canonical\" href=\"https:\/\/www.anovapeneira.gal\/index.php\/2022\/08\/10\/cafeteria-novo-bora\/\" \/>\n<meta property=\"og:locale\" content=\"gl_ES\" \/>\n<meta property=\"og:type\" content=\"article\" \/>\n<meta property=\"og:title\" content=\"Cafeter\u00eda Novo Bora -\" \/>\n<meta property=\"og:description\" content=\"En Bora, no lugar das Pontes, xusto a car\u00f3n da ITV de Pontevedra est\u00e1 o Novo Bora, un local de primeira calidade que fusiona a comida de toda a vida coas innovaci\u00f3ns m\u00e1is atrevidas e exquisitas [...]\" \/>\n<meta property=\"og:url\" content=\"https:\/\/www.anovapeneira.gal\/index.php\/2022\/08\/10\/cafeteria-novo-bora\/\" \/>\n<meta property=\"article:publisher\" content=\"https:\/\/www.facebook.com\/anovapeneira\" \/>\n<meta property=\"article:published_time\" content=\"2022-08-10T08:00:59+00:00\" \/>\n<meta property=\"og:image\" content=\"https:\/\/www.anovapeneira.gal\/wp-content\/uploads\/2022\/08\/dani_bora.jpg\" \/>\n\t<meta property=\"og:image:width\" content=\"1500\" \/>\n\t<meta property=\"og:image:height\" content=\"790\" \/>\n\t<meta property=\"og:image:type\" content=\"image\/jpeg\" \/>\n<meta name=\"author\" content=\"Redacci\u00f3n A Nova Peneira\" \/>\n<meta name=\"twitter:card\" content=\"summary_large_image\" \/>\n<meta name=\"twitter:creator\" content=\"@APeneira\" \/>\n<meta name=\"twitter:site\" content=\"@APeneira\" \/>\n<meta name=\"twitter:label1\" content=\"Escrito por\" \/>\n\t<meta name=\"twitter:data1\" content=\"Redacci\u00f3n A Nova Peneira\" \/>\n\t<meta name=\"twitter:label2\" content=\"Tempo de lectura\" \/>\n\t<meta name=\"twitter:data2\" content=\"5 minutos\" \/>\n<script type=\"application\/ld+json\" class=\"yoast-schema-graph\">{\"@context\":\"https:\\\/\\\/schema.org\",\"@graph\":[{\"@type\":\"Article\",\"@id\":\"https:\\\/\\\/www.anovapeneira.gal\\\/index.php\\\/2022\\\/08\\\/10\\\/cafeteria-novo-bora\\\/#article\",\"isPartOf\":{\"@id\":\"https:\\\/\\\/www.anovapeneira.gal\\\/index.php\\\/2022\\\/08\\\/10\\\/cafeteria-novo-bora\\\/\"},\"author\":{\"name\":\"Redacci\u00f3n A Nova Peneira\",\"@id\":\"https:\\\/\\\/www.anovapeneira.gal\\\/#\\\/schema\\\/person\\\/b93e3f8932e3f8da96334607eb6ac6aa\"},\"headline\":\"Cafeter\u00eda Novo Bora\",\"datePublished\":\"2022-08-10T08:00:59+00:00\",\"mainEntityOfPage\":{\"@id\":\"https:\\\/\\\/www.anovapeneira.gal\\\/index.php\\\/2022\\\/08\\\/10\\\/cafeteria-novo-bora\\\/\"},\"wordCount\":801,\"commentCount\":0,\"publisher\":{\"@id\":\"https:\\\/\\\/www.anovapeneira.gal\\\/#organization\"},\"image\":{\"@id\":\"https:\\\/\\\/www.anovapeneira.gal\\\/index.php\\\/2022\\\/08\\\/10\\\/cafeteria-novo-bora\\\/#primaryimage\"},\"thumbnailUrl\":\"https:\\\/\\\/www.anovapeneira.gal\\\/wp-content\\\/uploads\\\/2022\\\/08\\\/dani_bora.jpg\",\"keywords\":[\"Cotobade\"],\"articleSection\":[\"Pontevedra\"],\"inLanguage\":\"gl-ES\",\"potentialAction\":[{\"@type\":\"CommentAction\",\"name\":\"Comment\",\"target\":[\"https:\\\/\\\/www.anovapeneira.gal\\\/index.php\\\/2022\\\/08\\\/10\\\/cafeteria-novo-bora\\\/#respond\"]}]},{\"@type\":\"WebPage\",\"@id\":\"https:\\\/\\\/www.anovapeneira.gal\\\/index.php\\\/2022\\\/08\\\/10\\\/cafeteria-novo-bora\\\/\",\"url\":\"https:\\\/\\\/www.anovapeneira.gal\\\/index.php\\\/2022\\\/08\\\/10\\\/cafeteria-novo-bora\\\/\",\"name\":\"Cafeter\u00eda Novo Bora -\",\"isPartOf\":{\"@id\":\"https:\\\/\\\/www.anovapeneira.gal\\\/#website\"},\"primaryImageOfPage\":{\"@id\":\"https:\\\/\\\/www.anovapeneira.gal\\\/index.php\\\/2022\\\/08\\\/10\\\/cafeteria-novo-bora\\\/#primaryimage\"},\"image\":{\"@id\":\"https:\\\/\\\/www.anovapeneira.gal\\\/index.php\\\/2022\\\/08\\\/10\\\/cafeteria-novo-bora\\\/#primaryimage\"},\"thumbnailUrl\":\"https:\\\/\\\/www.anovapeneira.gal\\\/wp-content\\\/uploads\\\/2022\\\/08\\\/dani_bora.jpg\",\"datePublished\":\"2022-08-10T08:00:59+00:00\",\"breadcrumb\":{\"@id\":\"https:\\\/\\\/www.anovapeneira.gal\\\/index.php\\\/2022\\\/08\\\/10\\\/cafeteria-novo-bora\\\/#breadcrumb\"},\"inLanguage\":\"gl-ES\",\"potentialAction\":[{\"@type\":\"ReadAction\",\"target\":[\"https:\\\/\\\/www.anovapeneira.gal\\\/index.php\\\/2022\\\/08\\\/10\\\/cafeteria-novo-bora\\\/\"]}]},{\"@type\":\"ImageObject\",\"inLanguage\":\"gl-ES\",\"@id\":\"https:\\\/\\\/www.anovapeneira.gal\\\/index.php\\\/2022\\\/08\\\/10\\\/cafeteria-novo-bora\\\/#primaryimage\",\"url\":\"https:\\\/\\\/www.anovapeneira.gal\\\/wp-content\\\/uploads\\\/2022\\\/08\\\/dani_bora.jpg\",\"contentUrl\":\"https:\\\/\\\/www.anovapeneira.gal\\\/wp-content\\\/uploads\\\/2022\\\/08\\\/dani_bora.jpg\",\"width\":1500,\"height\":790,\"caption\":\"Dani Bora\"},{\"@type\":\"BreadcrumbList\",\"@id\":\"https:\\\/\\\/www.anovapeneira.gal\\\/index.php\\\/2022\\\/08\\\/10\\\/cafeteria-novo-bora\\\/#breadcrumb\",\"itemListElement\":[{\"@type\":\"ListItem\",\"position\":1,\"name\":\"Portada\",\"item\":\"https:\\\/\\\/www.anovapeneira.gal\\\/\"},{\"@type\":\"ListItem\",\"position\":2,\"name\":\"Cafeter\u00eda Novo Bora\"}]},{\"@type\":\"WebSite\",\"@id\":\"https:\\\/\\\/www.anovapeneira.gal\\\/#website\",\"url\":\"https:\\\/\\\/www.anovapeneira.gal\\\/\",\"name\":\"\",\"description\":\"Xornal galego de informaci\u00f3n xeral Publicaci\u00f3n mensual de novas de Galicia e en especial dos Concellos da sur da provincia de Pontevedra.\",\"publisher\":{\"@id\":\"https:\\\/\\\/www.anovapeneira.gal\\\/#organization\"},\"potentialAction\":[{\"@type\":\"SearchAction\",\"target\":{\"@type\":\"EntryPoint\",\"urlTemplate\":\"https:\\\/\\\/www.anovapeneira.gal\\\/?s={search_term_string}\"},\"query-input\":{\"@type\":\"PropertyValueSpecification\",\"valueRequired\":true,\"valueName\":\"search_term_string\"}}],\"inLanguage\":\"gl-ES\"},{\"@type\":\"Organization\",\"@id\":\"https:\\\/\\\/www.anovapeneira.gal\\\/#organization\",\"name\":\"A Nova Peneira\",\"url\":\"https:\\\/\\\/www.anovapeneira.gal\\\/\",\"logo\":{\"@type\":\"ImageObject\",\"inLanguage\":\"gl-ES\",\"@id\":\"https:\\\/\\\/www.anovapeneira.gal\\\/#\\\/schema\\\/logo\\\/image\\\/\",\"url\":\"http:\\\/\\\/www.anovapeneira.gal\\\/wp-content\\\/uploads\\\/2019\\\/06\\\/logo_a_nova_peneira_portal_web.png\",\"contentUrl\":\"http:\\\/\\\/www.anovapeneira.gal\\\/wp-content\\\/uploads\\\/2019\\\/06\\\/logo_a_nova_peneira_portal_web.png\",\"width\":300,\"height\":100,\"caption\":\"A Nova Peneira\"},\"image\":{\"@id\":\"https:\\\/\\\/www.anovapeneira.gal\\\/#\\\/schema\\\/logo\\\/image\\\/\"},\"sameAs\":[\"https:\\\/\\\/www.facebook.com\\\/anovapeneira\",\"https:\\\/\\\/x.com\\\/APeneira\"]},{\"@type\":\"Person\",\"@id\":\"https:\\\/\\\/www.anovapeneira.gal\\\/#\\\/schema\\\/person\\\/b93e3f8932e3f8da96334607eb6ac6aa\",\"name\":\"Redacci\u00f3n A Nova Peneira\",\"image\":{\"@type\":\"ImageObject\",\"inLanguage\":\"gl-ES\",\"@id\":\"https:\\\/\\\/secure.gravatar.com\\\/avatar\\\/c052a2551a06e23fac63626232eaa90abd78dbcf1700fc46a2b2c89fd27b735f?s=96&d=mm&r=g\",\"url\":\"https:\\\/\\\/secure.gravatar.com\\\/avatar\\\/c052a2551a06e23fac63626232eaa90abd78dbcf1700fc46a2b2c89fd27b735f?s=96&d=mm&r=g\",\"contentUrl\":\"https:\\\/\\\/secure.gravatar.com\\\/avatar\\\/c052a2551a06e23fac63626232eaa90abd78dbcf1700fc46a2b2c89fd27b735f?s=96&d=mm&r=g\",\"caption\":\"Redacci\u00f3n A Nova Peneira\"},\"sameAs\":[\"http:\\\/\\\/www.anovapeneira.gal\\\/\"],\"url\":\"https:\\\/\\\/www.anovapeneira.gal\\\/index.php\\\/author\\\/redactor\\\/\"}]}<\/script>\n<!-- \/ Yoast SEO plugin. -->","yoast_head_json":{"title":"Cafeter\u00eda Novo Bora -","robots":{"index":"index","follow":"follow","max-snippet":"max-snippet:-1","max-image-preview":"max-image-preview:large","max-video-preview":"max-video-preview:-1"},"canonical":"https:\/\/www.anovapeneira.gal\/index.php\/2022\/08\/10\/cafeteria-novo-bora\/","og_locale":"gl_ES","og_type":"article","og_title":"Cafeter\u00eda Novo Bora -","og_description":"En Bora, no lugar das Pontes, xusto a car\u00f3n da ITV de Pontevedra est\u00e1 o Novo Bora, un local de primeira calidade que fusiona a comida de toda a vida coas innovaci\u00f3ns m\u00e1is atrevidas e exquisitas [...]","og_url":"https:\/\/www.anovapeneira.gal\/index.php\/2022\/08\/10\/cafeteria-novo-bora\/","article_publisher":"https:\/\/www.facebook.com\/anovapeneira","article_published_time":"2022-08-10T08:00:59+00:00","og_image":[{"width":1500,"height":790,"url":"https:\/\/www.anovapeneira.gal\/wp-content\/uploads\/2022\/08\/dani_bora.jpg","type":"image\/jpeg"}],"author":"Redacci\u00f3n A Nova Peneira","twitter_card":"summary_large_image","twitter_creator":"@APeneira","twitter_site":"@APeneira","twitter_misc":{"Escrito por":"Redacci\u00f3n A Nova Peneira","Tempo de lectura":"5 minutos"},"schema":{"@context":"https:\/\/schema.org","@graph":[{"@type":"Article","@id":"https:\/\/www.anovapeneira.gal\/index.php\/2022\/08\/10\/cafeteria-novo-bora\/#article","isPartOf":{"@id":"https:\/\/www.anovapeneira.gal\/index.php\/2022\/08\/10\/cafeteria-novo-bora\/"},"author":{"name":"Redacci\u00f3n A Nova Peneira","@id":"https:\/\/www.anovapeneira.gal\/#\/schema\/person\/b93e3f8932e3f8da96334607eb6ac6aa"},"headline":"Cafeter\u00eda Novo Bora","datePublished":"2022-08-10T08:00:59+00:00","mainEntityOfPage":{"@id":"https:\/\/www.anovapeneira.gal\/index.php\/2022\/08\/10\/cafeteria-novo-bora\/"},"wordCount":801,"commentCount":0,"publisher":{"@id":"https:\/\/www.anovapeneira.gal\/#organization"},"image":{"@id":"https:\/\/www.anovapeneira.gal\/index.php\/2022\/08\/10\/cafeteria-novo-bora\/#primaryimage"},"thumbnailUrl":"https:\/\/www.anovapeneira.gal\/wp-content\/uploads\/2022\/08\/dani_bora.jpg","keywords":["Cotobade"],"articleSection":["Pontevedra"],"inLanguage":"gl-ES","potentialAction":[{"@type":"CommentAction","name":"Comment","target":["https:\/\/www.anovapeneira.gal\/index.php\/2022\/08\/10\/cafeteria-novo-bora\/#respond"]}]},{"@type":"WebPage","@id":"https:\/\/www.anovapeneira.gal\/index.php\/2022\/08\/10\/cafeteria-novo-bora\/","url":"https:\/\/www.anovapeneira.gal\/index.php\/2022\/08\/10\/cafeteria-novo-bora\/","name":"Cafeter\u00eda Novo Bora -","isPartOf":{"@id":"https:\/\/www.anovapeneira.gal\/#website"},"primaryImageOfPage":{"@id":"https:\/\/www.anovapeneira.gal\/index.php\/2022\/08\/10\/cafeteria-novo-bora\/#primaryimage"},"image":{"@id":"https:\/\/www.anovapeneira.gal\/index.php\/2022\/08\/10\/cafeteria-novo-bora\/#primaryimage"},"thumbnailUrl":"https:\/\/www.anovapeneira.gal\/wp-content\/uploads\/2022\/08\/dani_bora.jpg","datePublished":"2022-08-10T08:00:59+00:00","breadcrumb":{"@id":"https:\/\/www.anovapeneira.gal\/index.php\/2022\/08\/10\/cafeteria-novo-bora\/#breadcrumb"},"inLanguage":"gl-ES","potentialAction":[{"@type":"ReadAction","target":["https:\/\/www.anovapeneira.gal\/index.php\/2022\/08\/10\/cafeteria-novo-bora\/"]}]},{"@type":"ImageObject","inLanguage":"gl-ES","@id":"https:\/\/www.anovapeneira.gal\/index.php\/2022\/08\/10\/cafeteria-novo-bora\/#primaryimage","url":"https:\/\/www.anovapeneira.gal\/wp-content\/uploads\/2022\/08\/dani_bora.jpg","contentUrl":"https:\/\/www.anovapeneira.gal\/wp-content\/uploads\/2022\/08\/dani_bora.jpg","width":1500,"height":790,"caption":"Dani Bora"},{"@type":"BreadcrumbList","@id":"https:\/\/www.anovapeneira.gal\/index.php\/2022\/08\/10\/cafeteria-novo-bora\/#breadcrumb","itemListElement":[{"@type":"ListItem","position":1,"name":"Portada","item":"https:\/\/www.anovapeneira.gal\/"},{"@type":"ListItem","position":2,"name":"Cafeter\u00eda Novo Bora"}]},{"@type":"WebSite","@id":"https:\/\/www.anovapeneira.gal\/#website","url":"https:\/\/www.anovapeneira.gal\/","name":"","description":"Xornal galego de informaci\u00f3n xeral Publicaci\u00f3n mensual de novas de Galicia e en especial dos Concellos da sur da provincia de Pontevedra.","publisher":{"@id":"https:\/\/www.anovapeneira.gal\/#organization"},"potentialAction":[{"@type":"SearchAction","target":{"@type":"EntryPoint","urlTemplate":"https:\/\/www.anovapeneira.gal\/?s={search_term_string}"},"query-input":{"@type":"PropertyValueSpecification","valueRequired":true,"valueName":"search_term_string"}}],"inLanguage":"gl-ES"},{"@type":"Organization","@id":"https:\/\/www.anovapeneira.gal\/#organization","name":"A Nova Peneira","url":"https:\/\/www.anovapeneira.gal\/","logo":{"@type":"ImageObject","inLanguage":"gl-ES","@id":"https:\/\/www.anovapeneira.gal\/#\/schema\/logo\/image\/","url":"http:\/\/www.anovapeneira.gal\/wp-content\/uploads\/2019\/06\/logo_a_nova_peneira_portal_web.png","contentUrl":"http:\/\/www.anovapeneira.gal\/wp-content\/uploads\/2019\/06\/logo_a_nova_peneira_portal_web.png","width":300,"height":100,"caption":"A Nova Peneira"},"image":{"@id":"https:\/\/www.anovapeneira.gal\/#\/schema\/logo\/image\/"},"sameAs":["https:\/\/www.facebook.com\/anovapeneira","https:\/\/x.com\/APeneira"]},{"@type":"Person","@id":"https:\/\/www.anovapeneira.gal\/#\/schema\/person\/b93e3f8932e3f8da96334607eb6ac6aa","name":"Redacci\u00f3n A Nova Peneira","image":{"@type":"ImageObject","inLanguage":"gl-ES","@id":"https:\/\/secure.gravatar.com\/avatar\/c052a2551a06e23fac63626232eaa90abd78dbcf1700fc46a2b2c89fd27b735f?s=96&d=mm&r=g","url":"https:\/\/secure.gravatar.com\/avatar\/c052a2551a06e23fac63626232eaa90abd78dbcf1700fc46a2b2c89fd27b735f?s=96&d=mm&r=g","contentUrl":"https:\/\/secure.gravatar.com\/avatar\/c052a2551a06e23fac63626232eaa90abd78dbcf1700fc46a2b2c89fd27b735f?s=96&d=mm&r=g","caption":"Redacci\u00f3n A Nova Peneira"},"sameAs":["http:\/\/www.anovapeneira.gal\/"],"url":"https:\/\/www.anovapeneira.gal\/index.php\/author\/redactor\/"}]}},"jetpack_featured_media_url":"https:\/\/www.anovapeneira.gal\/wp-content\/uploads\/2022\/08\/dani_bora.jpg","_links":{"self":[{"href":"https:\/\/www.anovapeneira.gal\/index.php\/wp-json\/wp\/v2\/posts\/7922","targetHints":{"allow":["GET"]}}],"collection":[{"href":"https:\/\/www.anovapeneira.gal\/index.php\/wp-json\/wp\/v2\/posts"}],"about":[{"href":"https:\/\/www.anovapeneira.gal\/index.php\/wp-json\/wp\/v2\/types\/post"}],"author":[{"embeddable":true,"href":"https:\/\/www.anovapeneira.gal\/index.php\/wp-json\/wp\/v2\/users\/3"}],"replies":[{"embeddable":true,"href":"https:\/\/www.anovapeneira.gal\/index.php\/wp-json\/wp\/v2\/comments?post=7922"}],"version-history":[{"count":2,"href":"https:\/\/www.anovapeneira.gal\/index.php\/wp-json\/wp\/v2\/posts\/7922\/revisions"}],"predecessor-version":[{"id":7925,"href":"https:\/\/www.anovapeneira.gal\/index.php\/wp-json\/wp\/v2\/posts\/7922\/revisions\/7925"}],"wp:featuredmedia":[{"embeddable":true,"href":"https:\/\/www.anovapeneira.gal\/index.php\/wp-json\/wp\/v2\/media\/7924"}],"wp:attachment":[{"href":"https:\/\/www.anovapeneira.gal\/index.php\/wp-json\/wp\/v2\/media?parent=7922"}],"wp:term":[{"taxonomy":"category","embeddable":true,"href":"https:\/\/www.anovapeneira.gal\/index.php\/wp-json\/wp\/v2\/categories?post=7922"},{"taxonomy":"post_tag","embeddable":true,"href":"https:\/\/www.anovapeneira.gal\/index.php\/wp-json\/wp\/v2\/tags?post=7922"}],"curies":[{"name":"wp","href":"https:\/\/api.w.org\/{rel}","templated":true}]}}