{"id":7926,"date":"2022-08-10T12:00:35","date_gmt":"2022-08-10T10:00:35","guid":{"rendered":"https:\/\/www.anovapeneira.gal\/?p=7926"},"modified":"2022-08-10T18:15:05","modified_gmt":"2022-08-10T16:15:05","slug":"galiza-esta-que-arde","status":"publish","type":"post","link":"https:\/\/www.anovapeneira.gal\/index.php\/2022\/08\/10\/galiza-esta-que-arde\/","title":{"rendered":"Galiza est\u00e1 que arde"},"content":{"rendered":"\n<figure class=\"wp-block-image size-full is-resized\"><img loading=\"lazy\" decoding=\"async\" src=\"https:\/\/www.anovapeneira.gal\/wp-content\/uploads\/2019\/07\/pedro_cortegoso_opinion_a_nova_peneira_bn.jpg\" alt=\"Pedro M. Cortegoso Gago Artigo Opini\u00f3n A Nova Peneira\" class=\"wp-image-464\" width=\"95\" height=\"111\"\/><figcaption>Pedro M. Cortegoso Gago Traballador da Sanidade P\u00fablica de Mar\u00edn <\/figcaption><\/figure>\n\n\n\n<p><strong>Mar\u00edn, 2 de agosto de 2022<\/strong><\/p>\n\n\n\n<p>Os nosos montes arden por que est\u00e1n cheos de \u201carcolitos\u201d. Os nosos montes arden para encher o bandullo das celulosas de aqu\u00ed e de acol\u00e1. Arden para botar \u00e1 xente das aldeas, para que o rural non te\u00f1a futuro e sexa m\u00e1is f\u00e1cil enchelo de mu\u00ed\u00f1os de vento.<\/p>\n\n\n\n<p>Hai que botar \u00e1 xente do Courel, hai que botalos do rural para facilitar a explotaci\u00f3n irracional e salvaxe dos nosos montes e transformalos en enormes plantaci\u00f3ns de eucaliptos ou parques e\u00f3licos.<\/p>\n\n\n\n<p>Galiza arde para aumentar a conta de resultados das \u201cgrandes\u201d empresas que, coa inestim\u00e1bel colaboraci\u00f3n da administraci\u00f3n auton\u00f3mica, a chuchan convert\u00e9ndoa nun enorme latifundio, nun ermo ambiental.<\/p>\n\n\n\n<p>A nosa madeira barata vai ser transformada en pasta de papel, barata para Ence ou para empresas portuguesas que atoparon o man\u00e1 nos montes galegos.<\/p>\n\n\n\n<p>O franquismo mutilou os nosos r\u00edos con enormes encoros para alimentar a outros mentres as nosas aldeas non ti\u00f1an luz. Temos que producir unha electricidade barata para Madrid e que n\u00f3s pagamos m\u00e1is cara por obra e graza da facturaci\u00f3n.<\/p>\n\n\n\n<p>E coa \u201cdemocracia\u201d segue todo igual. Onte con Franco os encoros, hoxe os montes cheos de mu\u00ed\u00f1os de vento e eucaliptos. Moito beneficio e poucos postos de traballo, coa bendici\u00f3n do Ibex35 e a cabeza gacha dos nosos gobernantes.<\/p>\n\n\n\n<p>Somos un pobo colonizado onde o estado espa\u00f1ol fai e desfai ao ditado da Uni\u00f3n Europea. O noso estatuto de autonom\u00eda \u00e9 papel mollado que non serve para solucionar os nosos problemas; as directrices da UE e o estado espa\u00f1ol xa que se encargan de que as\u00ed sexa.<\/p>\n\n\n\n<p>Non nos enganemos, non temos soberan\u00eda nin capacidade de tomar decisi\u00f3ns importantes neste enramado institucional. A autonom\u00eda \u00e9 un instrumento dese\u00f1ado para continuar coa dominaci\u00f3n e o espolio dos nosos recursos. Xa o dic\u00eda a canci\u00f3n: \u201cm\u00e1ndannos autonom\u00eda que os caciques son moi listos&#8230;\u201d<\/p>\n\n\n\n<p>O pobo galego molesta e ten que ser reducido \u00e1 m\u00ednima expresi\u00f3n, a s\u00faa cultura e o seu idioma te\u00f1en que ser liquidados. Pouco a pouco queren levarnos cara a soluci\u00f3n final, non te\u00f1en presa e amodo van facendo o necesario para que o galego sexa un idioma residual e sen importancia.<\/p>\n\n\n\n<p>O r\u00e9xime do 36, agora co\u00f1ecido como do 78, controla todos os resortes do poder. O econ\u00f3mico, o lexislativo, o executivo, o xudicial, o militar, as bandas de ultradereita, as \u201ccloacas do estado\u201d e o que faga falta. Xoga coas cartas marcadas e non vai permitir polas boas, como fixeron con vascos e catal\u00e1ns, que o pobo galego levante a voz e pete na mesa.<\/p>\n\n\n\n<p>Por iso chegar ao goberno da Xunta non \u00e9 unha soluci\u00f3n, poder ser un analx\u00e9sico que momentaneamente n\u00f3s faga crer imos exercer algo de autogoberno ou paliar alg\u00fan dos nosos males sempre que non se moleste moito aos poderes econ\u00f3micos.<\/p>\n\n\n\n<p>Non nos fagamos ilusi\u00f3ns, para cambiar algo ten que haber unha gran base social que ampare e se enfronte aos vencedores da guerra civil. E isto non se consigue con electoralismo e posados fotogr\u00e1ficos.<\/p>\n\n\n\n<p>Se queremos que os nosos montes deixen de arder, que os nosos barcos volvan faenar e que o noso idioma tome azos e se normalice necesitamos ter clara a folla de ruta. Cara onde queremos ir? E como temos que cami\u00f1ar? Sendo conscientes que do estado espa\u00f1ol e da UE nin as flores, por que son instituci\u00f3ns ao servizo do capital e non da liberdade dos pobos.<\/p>\n","protected":false},"excerpt":{"rendered":"<div class=\"mh-excerpt\"><p>Os nosos montes arden por que est\u00e1n cheos de \u201carcolitos\u201d. Os nosos montes arden para encher o bandullo das celulosas de aqu\u00ed e de acol\u00e1. Arden para botar \u00e1 xente das aldeas, para que o rural non te\u00f1a futuro e sexa m\u00e1is f\u00e1cil enchelo de mu\u00ed\u00f1os de vento <a class=\"mh-excerpt-more\" href=\"https:\/\/www.anovapeneira.gal\/index.php\/2022\/08\/10\/galiza-esta-que-arde\/\" title=\"Galiza est\u00e1 que arde\">[&#8230;]<\/a><\/p>\n<\/div>","protected":false},"author":4,"featured_media":584,"comment_status":"open","ping_status":"open","sticky":false,"template":"","format":"standard","meta":{"_exactmetrics_skip_tracking":false,"_exactmetrics_sitenote_active":false,"_exactmetrics_sitenote_note":"","_exactmetrics_sitenote_category":0,"footnotes":""},"categories":[7],"tags":[],"class_list":{"0":"post-7926","1":"post","2":"type-post","3":"status-publish","4":"format-standard","5":"has-post-thumbnail","7":"category-artigos-de-opinion"},"yoast_head":"<!-- This site is optimized with the Yoast SEO plugin v27.4 - https:\/\/yoast.com\/product\/yoast-seo-wordpress\/ -->\n<title>Galiza est\u00e1 que arde -<\/title>\n<meta name=\"description\" content=\"Os nosos montes arden por que est\u00e1n cheos de \u201carcolitos\u201d. Os nosos montes arden para encher o bandullo das celulosas de aqu\u00ed e de acol\u00e1. Arden para botar \u00e1 xente das aldeas, para que o rural non te\u00f1a futuro e sexa m\u00e1is f\u00e1cil enchelo de mu\u00ed\u00f1os de vento\" \/>\n<meta name=\"robots\" content=\"index, follow, max-snippet:-1, max-image-preview:large, max-video-preview:-1\" \/>\n<link rel=\"canonical\" href=\"https:\/\/www.anovapeneira.gal\/index.php\/2022\/08\/10\/galiza-esta-que-arde\/\" \/>\n<meta property=\"og:locale\" content=\"gl_ES\" \/>\n<meta property=\"og:type\" content=\"article\" \/>\n<meta property=\"og:title\" content=\"Galiza est\u00e1 que arde -\" \/>\n<meta property=\"og:description\" content=\"Os nosos montes arden por que est\u00e1n cheos de \u201carcolitos\u201d. Os nosos montes arden para encher o bandullo das celulosas de aqu\u00ed e de acol\u00e1. Arden para botar \u00e1 xente das aldeas, para que o rural non te\u00f1a futuro e sexa m\u00e1is f\u00e1cil enchelo de mu\u00ed\u00f1os de vento\" \/>\n<meta property=\"og:url\" content=\"https:\/\/www.anovapeneira.gal\/index.php\/2022\/08\/10\/galiza-esta-que-arde\/\" \/>\n<meta property=\"article:publisher\" content=\"https:\/\/www.facebook.com\/anovapeneira\" \/>\n<meta property=\"article:published_time\" content=\"2022-08-10T10:00:35+00:00\" \/>\n<meta property=\"article:modified_time\" content=\"2022-08-10T16:15:05+00:00\" \/>\n<meta property=\"og:image\" content=\"https:\/\/www.anovapeneira.gal\/wp-content\/uploads\/2019\/07\/ARTIGO_DE_OPINION_A_NOVA_PENEIRA.jpg\" \/>\n\t<meta property=\"og:image:width\" content=\"720\" \/>\n\t<meta property=\"og:image:height\" content=\"473\" \/>\n\t<meta property=\"og:image:type\" content=\"image\/jpeg\" \/>\n<meta name=\"author\" content=\"Pedro M. Cortegoso Gago\" \/>\n<meta name=\"twitter:card\" content=\"summary_large_image\" \/>\n<meta name=\"twitter:image\" content=\"https:\/\/www.anovapeneira.gal\/wp-content\/uploads\/2019\/07\/ARTIGO_DE_OPINION_A_NOVA_PENEIRA.jpg\" \/>\n<meta name=\"twitter:creator\" content=\"@APeneira\" \/>\n<meta name=\"twitter:site\" content=\"@APeneira\" \/>\n<meta name=\"twitter:label1\" content=\"Escrito por\" \/>\n\t<meta name=\"twitter:data1\" content=\"Pedro M. Cortegoso Gago\" \/>\n\t<meta name=\"twitter:label2\" content=\"Tempo de lectura\" \/>\n\t<meta name=\"twitter:data2\" content=\"4 minutos\" \/>\n<script type=\"application\/ld+json\" class=\"yoast-schema-graph\">{\"@context\":\"https:\\\/\\\/schema.org\",\"@graph\":[{\"@type\":\"Article\",\"@id\":\"https:\\\/\\\/www.anovapeneira.gal\\\/index.php\\\/2022\\\/08\\\/10\\\/galiza-esta-que-arde\\\/#article\",\"isPartOf\":{\"@id\":\"https:\\\/\\\/www.anovapeneira.gal\\\/index.php\\\/2022\\\/08\\\/10\\\/galiza-esta-que-arde\\\/\"},\"author\":{\"name\":\"Pedro M. Cortegoso Gago\",\"@id\":\"https:\\\/\\\/www.anovapeneira.gal\\\/#\\\/schema\\\/person\\\/c04a9c9f722c9446e71ae434c0353337\"},\"headline\":\"Galiza est\u00e1 que arde\",\"datePublished\":\"2022-08-10T10:00:35+00:00\",\"dateModified\":\"2022-08-10T16:15:05+00:00\",\"mainEntityOfPage\":{\"@id\":\"https:\\\/\\\/www.anovapeneira.gal\\\/index.php\\\/2022\\\/08\\\/10\\\/galiza-esta-que-arde\\\/\"},\"wordCount\":627,\"commentCount\":0,\"publisher\":{\"@id\":\"https:\\\/\\\/www.anovapeneira.gal\\\/#organization\"},\"image\":{\"@id\":\"https:\\\/\\\/www.anovapeneira.gal\\\/index.php\\\/2022\\\/08\\\/10\\\/galiza-esta-que-arde\\\/#primaryimage\"},\"thumbnailUrl\":\"https:\\\/\\\/www.anovapeneira.gal\\\/wp-content\\\/uploads\\\/2019\\\/07\\\/ARTIGO_DE_OPINION_A_NOVA_PENEIRA.jpg\",\"articleSection\":[\"Artigos de opini\u00f3n\"],\"inLanguage\":\"gl-ES\",\"potentialAction\":[{\"@type\":\"CommentAction\",\"name\":\"Comment\",\"target\":[\"https:\\\/\\\/www.anovapeneira.gal\\\/index.php\\\/2022\\\/08\\\/10\\\/galiza-esta-que-arde\\\/#respond\"]}]},{\"@type\":\"WebPage\",\"@id\":\"https:\\\/\\\/www.anovapeneira.gal\\\/index.php\\\/2022\\\/08\\\/10\\\/galiza-esta-que-arde\\\/\",\"url\":\"https:\\\/\\\/www.anovapeneira.gal\\\/index.php\\\/2022\\\/08\\\/10\\\/galiza-esta-que-arde\\\/\",\"name\":\"Galiza est\u00e1 que arde -\",\"isPartOf\":{\"@id\":\"https:\\\/\\\/www.anovapeneira.gal\\\/#website\"},\"primaryImageOfPage\":{\"@id\":\"https:\\\/\\\/www.anovapeneira.gal\\\/index.php\\\/2022\\\/08\\\/10\\\/galiza-esta-que-arde\\\/#primaryimage\"},\"image\":{\"@id\":\"https:\\\/\\\/www.anovapeneira.gal\\\/index.php\\\/2022\\\/08\\\/10\\\/galiza-esta-que-arde\\\/#primaryimage\"},\"thumbnailUrl\":\"https:\\\/\\\/www.anovapeneira.gal\\\/wp-content\\\/uploads\\\/2019\\\/07\\\/ARTIGO_DE_OPINION_A_NOVA_PENEIRA.jpg\",\"datePublished\":\"2022-08-10T10:00:35+00:00\",\"dateModified\":\"2022-08-10T16:15:05+00:00\",\"description\":\"Os nosos montes arden por que est\u00e1n cheos de \u201carcolitos\u201d. Os nosos montes arden para encher o bandullo das celulosas de aqu\u00ed e de acol\u00e1. Arden para botar \u00e1 xente das aldeas, para que o rural non te\u00f1a futuro e sexa m\u00e1is f\u00e1cil enchelo de mu\u00ed\u00f1os de vento\",\"breadcrumb\":{\"@id\":\"https:\\\/\\\/www.anovapeneira.gal\\\/index.php\\\/2022\\\/08\\\/10\\\/galiza-esta-que-arde\\\/#breadcrumb\"},\"inLanguage\":\"gl-ES\",\"potentialAction\":[{\"@type\":\"ReadAction\",\"target\":[\"https:\\\/\\\/www.anovapeneira.gal\\\/index.php\\\/2022\\\/08\\\/10\\\/galiza-esta-que-arde\\\/\"]}]},{\"@type\":\"ImageObject\",\"inLanguage\":\"gl-ES\",\"@id\":\"https:\\\/\\\/www.anovapeneira.gal\\\/index.php\\\/2022\\\/08\\\/10\\\/galiza-esta-que-arde\\\/#primaryimage\",\"url\":\"https:\\\/\\\/www.anovapeneira.gal\\\/wp-content\\\/uploads\\\/2019\\\/07\\\/ARTIGO_DE_OPINION_A_NOVA_PENEIRA.jpg\",\"contentUrl\":\"https:\\\/\\\/www.anovapeneira.gal\\\/wp-content\\\/uploads\\\/2019\\\/07\\\/ARTIGO_DE_OPINION_A_NOVA_PENEIRA.jpg\",\"width\":720,\"height\":473,\"caption\":\"Artigo de opini\u00f3n A Nova Peneira\"},{\"@type\":\"BreadcrumbList\",\"@id\":\"https:\\\/\\\/www.anovapeneira.gal\\\/index.php\\\/2022\\\/08\\\/10\\\/galiza-esta-que-arde\\\/#breadcrumb\",\"itemListElement\":[{\"@type\":\"ListItem\",\"position\":1,\"name\":\"Portada\",\"item\":\"https:\\\/\\\/www.anovapeneira.gal\\\/\"},{\"@type\":\"ListItem\",\"position\":2,\"name\":\"Galiza est\u00e1 que arde\"}]},{\"@type\":\"WebSite\",\"@id\":\"https:\\\/\\\/www.anovapeneira.gal\\\/#website\",\"url\":\"https:\\\/\\\/www.anovapeneira.gal\\\/\",\"name\":\"\",\"description\":\"Xornal galego de informaci\u00f3n xeral Publicaci\u00f3n mensual de novas de Galicia e en especial dos Concellos da sur da provincia de Pontevedra.\",\"publisher\":{\"@id\":\"https:\\\/\\\/www.anovapeneira.gal\\\/#organization\"},\"potentialAction\":[{\"@type\":\"SearchAction\",\"target\":{\"@type\":\"EntryPoint\",\"urlTemplate\":\"https:\\\/\\\/www.anovapeneira.gal\\\/?s={search_term_string}\"},\"query-input\":{\"@type\":\"PropertyValueSpecification\",\"valueRequired\":true,\"valueName\":\"search_term_string\"}}],\"inLanguage\":\"gl-ES\"},{\"@type\":\"Organization\",\"@id\":\"https:\\\/\\\/www.anovapeneira.gal\\\/#organization\",\"name\":\"A Nova Peneira\",\"url\":\"https:\\\/\\\/www.anovapeneira.gal\\\/\",\"logo\":{\"@type\":\"ImageObject\",\"inLanguage\":\"gl-ES\",\"@id\":\"https:\\\/\\\/www.anovapeneira.gal\\\/#\\\/schema\\\/logo\\\/image\\\/\",\"url\":\"http:\\\/\\\/www.anovapeneira.gal\\\/wp-content\\\/uploads\\\/2019\\\/06\\\/logo_a_nova_peneira_portal_web.png\",\"contentUrl\":\"http:\\\/\\\/www.anovapeneira.gal\\\/wp-content\\\/uploads\\\/2019\\\/06\\\/logo_a_nova_peneira_portal_web.png\",\"width\":300,\"height\":100,\"caption\":\"A Nova Peneira\"},\"image\":{\"@id\":\"https:\\\/\\\/www.anovapeneira.gal\\\/#\\\/schema\\\/logo\\\/image\\\/\"},\"sameAs\":[\"https:\\\/\\\/www.facebook.com\\\/anovapeneira\",\"https:\\\/\\\/x.com\\\/APeneira\"]},{\"@type\":\"Person\",\"@id\":\"https:\\\/\\\/www.anovapeneira.gal\\\/#\\\/schema\\\/person\\\/c04a9c9f722c9446e71ae434c0353337\",\"name\":\"Pedro M. Cortegoso Gago\",\"image\":{\"@type\":\"ImageObject\",\"inLanguage\":\"gl-ES\",\"@id\":\"https:\\\/\\\/secure.gravatar.com\\\/avatar\\\/1613b27278a972c04db5c2f04fb2cbfa9edb58d6c3e2547817ecb8240eb58381?s=96&d=mm&r=g\",\"url\":\"https:\\\/\\\/secure.gravatar.com\\\/avatar\\\/1613b27278a972c04db5c2f04fb2cbfa9edb58d6c3e2547817ecb8240eb58381?s=96&d=mm&r=g\",\"contentUrl\":\"https:\\\/\\\/secure.gravatar.com\\\/avatar\\\/1613b27278a972c04db5c2f04fb2cbfa9edb58d6c3e2547817ecb8240eb58381?s=96&d=mm&r=g\",\"caption\":\"Pedro M. Cortegoso Gago\"},\"sameAs\":[\"http:\\\/\\\/anovapeneira.gal\"],\"url\":\"https:\\\/\\\/www.anovapeneira.gal\\\/index.php\\\/author\\\/opinionpcortegoso\\\/\"}]}<\/script>\n<!-- \/ Yoast SEO plugin. -->","yoast_head_json":{"title":"Galiza est\u00e1 que arde -","description":"Os nosos montes arden por que est\u00e1n cheos de \u201carcolitos\u201d. Os nosos montes arden para encher o bandullo das celulosas de aqu\u00ed e de acol\u00e1. Arden para botar \u00e1 xente das aldeas, para que o rural non te\u00f1a futuro e sexa m\u00e1is f\u00e1cil enchelo de mu\u00ed\u00f1os de vento","robots":{"index":"index","follow":"follow","max-snippet":"max-snippet:-1","max-image-preview":"max-image-preview:large","max-video-preview":"max-video-preview:-1"},"canonical":"https:\/\/www.anovapeneira.gal\/index.php\/2022\/08\/10\/galiza-esta-que-arde\/","og_locale":"gl_ES","og_type":"article","og_title":"Galiza est\u00e1 que arde -","og_description":"Os nosos montes arden por que est\u00e1n cheos de \u201carcolitos\u201d. Os nosos montes arden para encher o bandullo das celulosas de aqu\u00ed e de acol\u00e1. Arden para botar \u00e1 xente das aldeas, para que o rural non te\u00f1a futuro e sexa m\u00e1is f\u00e1cil enchelo de mu\u00ed\u00f1os de vento","og_url":"https:\/\/www.anovapeneira.gal\/index.php\/2022\/08\/10\/galiza-esta-que-arde\/","article_publisher":"https:\/\/www.facebook.com\/anovapeneira","article_published_time":"2022-08-10T10:00:35+00:00","article_modified_time":"2022-08-10T16:15:05+00:00","og_image":[{"width":720,"height":473,"url":"https:\/\/www.anovapeneira.gal\/wp-content\/uploads\/2019\/07\/ARTIGO_DE_OPINION_A_NOVA_PENEIRA.jpg","type":"image\/jpeg"}],"author":"Pedro M. Cortegoso Gago","twitter_card":"summary_large_image","twitter_image":"https:\/\/www.anovapeneira.gal\/wp-content\/uploads\/2019\/07\/ARTIGO_DE_OPINION_A_NOVA_PENEIRA.jpg","twitter_creator":"@APeneira","twitter_site":"@APeneira","twitter_misc":{"Escrito por":"Pedro M. Cortegoso Gago","Tempo de lectura":"4 minutos"},"schema":{"@context":"https:\/\/schema.org","@graph":[{"@type":"Article","@id":"https:\/\/www.anovapeneira.gal\/index.php\/2022\/08\/10\/galiza-esta-que-arde\/#article","isPartOf":{"@id":"https:\/\/www.anovapeneira.gal\/index.php\/2022\/08\/10\/galiza-esta-que-arde\/"},"author":{"name":"Pedro M. Cortegoso Gago","@id":"https:\/\/www.anovapeneira.gal\/#\/schema\/person\/c04a9c9f722c9446e71ae434c0353337"},"headline":"Galiza est\u00e1 que arde","datePublished":"2022-08-10T10:00:35+00:00","dateModified":"2022-08-10T16:15:05+00:00","mainEntityOfPage":{"@id":"https:\/\/www.anovapeneira.gal\/index.php\/2022\/08\/10\/galiza-esta-que-arde\/"},"wordCount":627,"commentCount":0,"publisher":{"@id":"https:\/\/www.anovapeneira.gal\/#organization"},"image":{"@id":"https:\/\/www.anovapeneira.gal\/index.php\/2022\/08\/10\/galiza-esta-que-arde\/#primaryimage"},"thumbnailUrl":"https:\/\/www.anovapeneira.gal\/wp-content\/uploads\/2019\/07\/ARTIGO_DE_OPINION_A_NOVA_PENEIRA.jpg","articleSection":["Artigos de opini\u00f3n"],"inLanguage":"gl-ES","potentialAction":[{"@type":"CommentAction","name":"Comment","target":["https:\/\/www.anovapeneira.gal\/index.php\/2022\/08\/10\/galiza-esta-que-arde\/#respond"]}]},{"@type":"WebPage","@id":"https:\/\/www.anovapeneira.gal\/index.php\/2022\/08\/10\/galiza-esta-que-arde\/","url":"https:\/\/www.anovapeneira.gal\/index.php\/2022\/08\/10\/galiza-esta-que-arde\/","name":"Galiza est\u00e1 que arde -","isPartOf":{"@id":"https:\/\/www.anovapeneira.gal\/#website"},"primaryImageOfPage":{"@id":"https:\/\/www.anovapeneira.gal\/index.php\/2022\/08\/10\/galiza-esta-que-arde\/#primaryimage"},"image":{"@id":"https:\/\/www.anovapeneira.gal\/index.php\/2022\/08\/10\/galiza-esta-que-arde\/#primaryimage"},"thumbnailUrl":"https:\/\/www.anovapeneira.gal\/wp-content\/uploads\/2019\/07\/ARTIGO_DE_OPINION_A_NOVA_PENEIRA.jpg","datePublished":"2022-08-10T10:00:35+00:00","dateModified":"2022-08-10T16:15:05+00:00","description":"Os nosos montes arden por que est\u00e1n cheos de \u201carcolitos\u201d. Os nosos montes arden para encher o bandullo das celulosas de aqu\u00ed e de acol\u00e1. Arden para botar \u00e1 xente das aldeas, para que o rural non te\u00f1a futuro e sexa m\u00e1is f\u00e1cil enchelo de mu\u00ed\u00f1os de vento","breadcrumb":{"@id":"https:\/\/www.anovapeneira.gal\/index.php\/2022\/08\/10\/galiza-esta-que-arde\/#breadcrumb"},"inLanguage":"gl-ES","potentialAction":[{"@type":"ReadAction","target":["https:\/\/www.anovapeneira.gal\/index.php\/2022\/08\/10\/galiza-esta-que-arde\/"]}]},{"@type":"ImageObject","inLanguage":"gl-ES","@id":"https:\/\/www.anovapeneira.gal\/index.php\/2022\/08\/10\/galiza-esta-que-arde\/#primaryimage","url":"https:\/\/www.anovapeneira.gal\/wp-content\/uploads\/2019\/07\/ARTIGO_DE_OPINION_A_NOVA_PENEIRA.jpg","contentUrl":"https:\/\/www.anovapeneira.gal\/wp-content\/uploads\/2019\/07\/ARTIGO_DE_OPINION_A_NOVA_PENEIRA.jpg","width":720,"height":473,"caption":"Artigo de opini\u00f3n A Nova Peneira"},{"@type":"BreadcrumbList","@id":"https:\/\/www.anovapeneira.gal\/index.php\/2022\/08\/10\/galiza-esta-que-arde\/#breadcrumb","itemListElement":[{"@type":"ListItem","position":1,"name":"Portada","item":"https:\/\/www.anovapeneira.gal\/"},{"@type":"ListItem","position":2,"name":"Galiza est\u00e1 que arde"}]},{"@type":"WebSite","@id":"https:\/\/www.anovapeneira.gal\/#website","url":"https:\/\/www.anovapeneira.gal\/","name":"","description":"Xornal galego de informaci\u00f3n xeral Publicaci\u00f3n mensual de novas de Galicia e en especial dos Concellos da sur da provincia de Pontevedra.","publisher":{"@id":"https:\/\/www.anovapeneira.gal\/#organization"},"potentialAction":[{"@type":"SearchAction","target":{"@type":"EntryPoint","urlTemplate":"https:\/\/www.anovapeneira.gal\/?s={search_term_string}"},"query-input":{"@type":"PropertyValueSpecification","valueRequired":true,"valueName":"search_term_string"}}],"inLanguage":"gl-ES"},{"@type":"Organization","@id":"https:\/\/www.anovapeneira.gal\/#organization","name":"A Nova Peneira","url":"https:\/\/www.anovapeneira.gal\/","logo":{"@type":"ImageObject","inLanguage":"gl-ES","@id":"https:\/\/www.anovapeneira.gal\/#\/schema\/logo\/image\/","url":"http:\/\/www.anovapeneira.gal\/wp-content\/uploads\/2019\/06\/logo_a_nova_peneira_portal_web.png","contentUrl":"http:\/\/www.anovapeneira.gal\/wp-content\/uploads\/2019\/06\/logo_a_nova_peneira_portal_web.png","width":300,"height":100,"caption":"A Nova Peneira"},"image":{"@id":"https:\/\/www.anovapeneira.gal\/#\/schema\/logo\/image\/"},"sameAs":["https:\/\/www.facebook.com\/anovapeneira","https:\/\/x.com\/APeneira"]},{"@type":"Person","@id":"https:\/\/www.anovapeneira.gal\/#\/schema\/person\/c04a9c9f722c9446e71ae434c0353337","name":"Pedro M. Cortegoso Gago","image":{"@type":"ImageObject","inLanguage":"gl-ES","@id":"https:\/\/secure.gravatar.com\/avatar\/1613b27278a972c04db5c2f04fb2cbfa9edb58d6c3e2547817ecb8240eb58381?s=96&d=mm&r=g","url":"https:\/\/secure.gravatar.com\/avatar\/1613b27278a972c04db5c2f04fb2cbfa9edb58d6c3e2547817ecb8240eb58381?s=96&d=mm&r=g","contentUrl":"https:\/\/secure.gravatar.com\/avatar\/1613b27278a972c04db5c2f04fb2cbfa9edb58d6c3e2547817ecb8240eb58381?s=96&d=mm&r=g","caption":"Pedro M. Cortegoso Gago"},"sameAs":["http:\/\/anovapeneira.gal"],"url":"https:\/\/www.anovapeneira.gal\/index.php\/author\/opinionpcortegoso\/"}]}},"jetpack_featured_media_url":"https:\/\/www.anovapeneira.gal\/wp-content\/uploads\/2019\/07\/ARTIGO_DE_OPINION_A_NOVA_PENEIRA.jpg","_links":{"self":[{"href":"https:\/\/www.anovapeneira.gal\/index.php\/wp-json\/wp\/v2\/posts\/7926","targetHints":{"allow":["GET"]}}],"collection":[{"href":"https:\/\/www.anovapeneira.gal\/index.php\/wp-json\/wp\/v2\/posts"}],"about":[{"href":"https:\/\/www.anovapeneira.gal\/index.php\/wp-json\/wp\/v2\/types\/post"}],"author":[{"embeddable":true,"href":"https:\/\/www.anovapeneira.gal\/index.php\/wp-json\/wp\/v2\/users\/4"}],"replies":[{"embeddable":true,"href":"https:\/\/www.anovapeneira.gal\/index.php\/wp-json\/wp\/v2\/comments?post=7926"}],"version-history":[{"count":2,"href":"https:\/\/www.anovapeneira.gal\/index.php\/wp-json\/wp\/v2\/posts\/7926\/revisions"}],"predecessor-version":[{"id":7953,"href":"https:\/\/www.anovapeneira.gal\/index.php\/wp-json\/wp\/v2\/posts\/7926\/revisions\/7953"}],"wp:featuredmedia":[{"embeddable":true,"href":"https:\/\/www.anovapeneira.gal\/index.php\/wp-json\/wp\/v2\/media\/584"}],"wp:attachment":[{"href":"https:\/\/www.anovapeneira.gal\/index.php\/wp-json\/wp\/v2\/media?parent=7926"}],"wp:term":[{"taxonomy":"category","embeddable":true,"href":"https:\/\/www.anovapeneira.gal\/index.php\/wp-json\/wp\/v2\/categories?post=7926"},{"taxonomy":"post_tag","embeddable":true,"href":"https:\/\/www.anovapeneira.gal\/index.php\/wp-json\/wp\/v2\/tags?post=7926"}],"curies":[{"name":"wp","href":"https:\/\/api.w.org\/{rel}","templated":true}]}}