{"id":7928,"date":"2022-08-11T10:00:42","date_gmt":"2022-08-11T08:00:42","guid":{"rendered":"https:\/\/www.anovapeneira.gal\/?p=7928"},"modified":"2022-08-04T18:31:01","modified_gmt":"2022-08-04T16:31:01","slug":"arranca-en-mondariz-o-novo-servizo-de-atencion-tempera","status":"publish","type":"post","link":"https:\/\/www.anovapeneira.gal\/index.php\/2022\/08\/11\/arranca-en-mondariz-o-novo-servizo-de-atencion-tempera\/","title":{"rendered":"Arranca\u00a0en\u00a0Mondariz\u00a0o\u00a0novo\u00a0servizo\u00a0de\u00a0atenci\u00f3n\u00a0temper\u00e1"},"content":{"rendered":"\n<h2 class=\"wp-block-heading\">Comezou a funcionar esta semana nas instalaci\u00f3ns do Centro Social de Mondariz, cunha psic\u00f3loga, unha logopeda e unha fisioterapeuta para daratenci\u00f3n a nenos e nenas de 0 a 6 anos derivados do servizo de Pediatr\u00eda<\/h2>\n\n\n\n<p>Tr\u00e1tase\u00a0dun\u00a0servizo\u00a0compartido\u00a0polos\u00a0concellos\u00a0da\u00a0Ca\u00f1iza,\u00a0Mel\u00f3n,Covelo,\u00a0Mondariz\u00a0e\u00a0Mondariz-Balneario,\u00a0en\u00a0virtude\u00a0dun\u00a0convenio\u00a0decolaboraci\u00f3n\u00a0asinado\u00a0este\u00a0ano.<\/p>\n\n\n\n<p>Esta semana comezou a funcionar no Centro Social de Mondariz o novoservizo de atenci\u00f3n temper\u00e1 compartido polos concellos da Ca\u00f1iza,Mel\u00f3n, Covelo, Mondariz e Mondariz-Balneario. Tr\u00e1tase dunha unidadeinterdisciplinaria, integrada por unha psic\u00f3loga, unha logopeda e unhafisioterapeuta, que permite avanzar na diagnose e valoraci\u00f3n dediferentes trastornos do desenvolvemento en nenos e nenas de 0 a 6 anos,as\u00ed como ofrecer apoio, informaci\u00f3n e formaci\u00f3n \u00e1s familias.<\/p>\n\n\n\n<p>No Centro Social de Mondariz, esta unidade de atenci\u00f3n temper\u00e1funcionar\u00e1 luns e martes en horario de ma\u00f1\u00e1 e tarde, dando servizoaos nenos e nenas menores de 6 anos dos concellos de Mondariz eMondariz-Balneario que sexan derivados de Pediatr\u00eda ao presentarendificultades no seu desenvolvemento (psicomotor, cognitivo, de linguaxee comunicaci\u00f3n, de autonom\u00eda, relacionado coa \u00e1rea social eafectiva,&#8230;). O obxectivo \u00e9 dar resposta, o antes posible, \u00e1snecesidades transitorias ou permanentes dos nenas e as nenas contrastornos de desenvolvemento ou en risco de padecelos, coa finalidadede facilitar a s\u00faa autonom\u00eda persoal e inclusi\u00f3n social.<\/p>\n\n\n\n<p>A&nbsp;posta&nbsp;en&nbsp;marcha&nbsp;deste&nbsp;novo&nbsp;servizo&nbsp;de&nbsp;atenci\u00f3n&nbsp;temper\u00e1&nbsp;\u00e9&nbsp;resultadoda&nbsp;sinatura&nbsp;dun&nbsp;convenio&nbsp;de&nbsp;colaboraci\u00f3n,&nbsp;o&nbsp;pasado&nbsp;mes&nbsp;de&nbsp;marzo,&nbsp;entreos&nbsp;cinco&nbsp;concellos.&nbsp;Completada&nbsp;a&nbsp;licitaci\u00f3n,&nbsp;a&nbsp;empresa&nbsp;ACEESCA&nbsp;faisecargo&nbsp;de&nbsp;desenvolver&nbsp;o&nbsp;programa&nbsp;por&nbsp;un&nbsp;importe&nbsp;de&nbsp;adxudicaci\u00f3n&nbsp;de50.205,11&nbsp;\u20ac&nbsp;semestrais.&nbsp;O&nbsp;servizo&nbsp;est\u00e1&nbsp;financiado&nbsp;nun&nbsp;90%&nbsp;pola&nbsp;Xuntade&nbsp;Galicia.<\/p>\n","protected":false},"excerpt":{"rendered":"<div class=\"mh-excerpt\"><p>Comezou\u00a0a\u00a0funcionar\u00a0esta\u00a0semana\u00a0nas\u00a0instalaci\u00f3ns\u00a0do\u00a0Centro\u00a0Social\u00a0deMondariz,\u00a0cunha\u00a0psic\u00f3loga,\u00a0unha\u00a0logopeda\u00a0e\u00a0unha\u00a0fisioterapeuta\u00a0para\u00a0daratenci\u00f3n\u00a0a\u00a0nenos\u00a0e\u00a0nenas\u00a0de\u00a00\u00a0a\u00a06\u00a0anos\u00a0derivados\u00a0do\u00a0servizo\u00a0de Pediatr\u00eda <a class=\"mh-excerpt-more\" href=\"https:\/\/www.anovapeneira.gal\/index.php\/2022\/08\/11\/arranca-en-mondariz-o-novo-servizo-de-atencion-tempera\/\" title=\"Arranca\u00a0en\u00a0Mondariz\u00a0o\u00a0novo\u00a0servizo\u00a0de\u00a0atenci\u00f3n\u00a0temper\u00e1\">[&#8230;]<\/a><\/p>\n<\/div>","protected":false},"author":3,"featured_media":7931,"comment_status":"open","ping_status":"open","sticky":false,"template":"","format":"standard","meta":{"_exactmetrics_skip_tracking":false,"_exactmetrics_sitenote_active":false,"_exactmetrics_sitenote_note":"","_exactmetrics_sitenote_category":0,"footnotes":""},"categories":[25],"tags":[405,1270],"class_list":{"0":"post-7928","1":"post","2":"type-post","3":"status-publish","4":"format-standard","5":"has-post-thumbnail","7":"category-condado","8":"tag-concello-de-mondariz","9":"tag-concello-mondariz-balneario"},"yoast_head":"<!-- This site is optimized with the Yoast SEO plugin v27.4 - https:\/\/yoast.com\/product\/yoast-seo-wordpress\/ -->\n<title>Arranca\u00a0en\u00a0Mondariz\u00a0o\u00a0novo\u00a0servizo\u00a0de\u00a0atenci\u00f3n\u00a0temper\u00e1 -<\/title>\n<meta name=\"description\" content=\"Comezou\u00a0a\u00a0funcionar\u00a0esta\u00a0semana\u00a0nas\u00a0instalaci\u00f3ns\u00a0do\u00a0Centro\u00a0Social\u00a0deMondariz,\u00a0cunha\u00a0psic\u00f3loga,\u00a0unha\u00a0logopeda\u00a0e\u00a0unha\u00a0fisioterapeuta\u00a0para\u00a0daratenci\u00f3n\u00a0a\u00a0nenos\u00a0e\u00a0nenas\u00a0de\u00a00\u00a0a\u00a06\u00a0anos\u00a0derivados\u00a0do\u00a0servizo\u00a0de Pediatr\u00eda\" \/>\n<meta name=\"robots\" content=\"index, follow, max-snippet:-1, max-image-preview:large, max-video-preview:-1\" \/>\n<link rel=\"canonical\" href=\"https:\/\/www.anovapeneira.gal\/index.php\/2022\/08\/11\/arranca-en-mondariz-o-novo-servizo-de-atencion-tempera\/\" \/>\n<meta property=\"og:locale\" content=\"gl_ES\" \/>\n<meta property=\"og:type\" content=\"article\" \/>\n<meta property=\"og:title\" content=\"Arranca\u00a0en\u00a0Mondariz\u00a0o\u00a0novo\u00a0servizo\u00a0de\u00a0atenci\u00f3n\u00a0temper\u00e1 -\" \/>\n<meta property=\"og:description\" content=\"Comezou\u00a0a\u00a0funcionar\u00a0esta\u00a0semana\u00a0nas\u00a0instalaci\u00f3ns\u00a0do\u00a0Centro\u00a0Social\u00a0deMondariz,\u00a0cunha\u00a0psic\u00f3loga,\u00a0unha\u00a0logopeda\u00a0e\u00a0unha\u00a0fisioterapeuta\u00a0para\u00a0daratenci\u00f3n\u00a0a\u00a0nenos\u00a0e\u00a0nenas\u00a0de\u00a00\u00a0a\u00a06\u00a0anos\u00a0derivados\u00a0do\u00a0servizo\u00a0de Pediatr\u00eda\" \/>\n<meta property=\"og:url\" content=\"https:\/\/www.anovapeneira.gal\/index.php\/2022\/08\/11\/arranca-en-mondariz-o-novo-servizo-de-atencion-tempera\/\" \/>\n<meta property=\"article:publisher\" content=\"https:\/\/www.facebook.com\/anovapeneira\" \/>\n<meta property=\"article:published_time\" content=\"2022-08-11T08:00:42+00:00\" \/>\n<meta property=\"og:image\" content=\"https:\/\/www.anovapeneira.gal\/wp-content\/uploads\/2022\/08\/antencion_tempera_mondariz.jpg\" \/>\n\t<meta property=\"og:image:width\" content=\"720\" \/>\n\t<meta property=\"og:image:height\" content=\"432\" \/>\n\t<meta property=\"og:image:type\" content=\"image\/jpeg\" \/>\n<meta name=\"author\" content=\"Redacci\u00f3n A Nova Peneira\" \/>\n<meta name=\"twitter:card\" content=\"summary_large_image\" \/>\n<meta name=\"twitter:creator\" content=\"@APeneira\" \/>\n<meta name=\"twitter:site\" content=\"@APeneira\" \/>\n<meta name=\"twitter:label1\" content=\"Escrito por\" \/>\n\t<meta name=\"twitter:data1\" content=\"Redacci\u00f3n A Nova Peneira\" \/>\n\t<meta name=\"twitter:label2\" content=\"Tempo de lectura\" \/>\n\t<meta name=\"twitter:data2\" content=\"2 minutos\" \/>\n<script type=\"application\/ld+json\" class=\"yoast-schema-graph\">{\"@context\":\"https:\\\/\\\/schema.org\",\"@graph\":[{\"@type\":\"Article\",\"@id\":\"https:\\\/\\\/www.anovapeneira.gal\\\/index.php\\\/2022\\\/08\\\/11\\\/arranca-en-mondariz-o-novo-servizo-de-atencion-tempera\\\/#article\",\"isPartOf\":{\"@id\":\"https:\\\/\\\/www.anovapeneira.gal\\\/index.php\\\/2022\\\/08\\\/11\\\/arranca-en-mondariz-o-novo-servizo-de-atencion-tempera\\\/\"},\"author\":{\"name\":\"Redacci\u00f3n A Nova Peneira\",\"@id\":\"https:\\\/\\\/www.anovapeneira.gal\\\/#\\\/schema\\\/person\\\/b93e3f8932e3f8da96334607eb6ac6aa\"},\"headline\":\"Arranca\u00a0en\u00a0Mondariz\u00a0o\u00a0novo\u00a0servizo\u00a0de\u00a0atenci\u00f3n\u00a0temper\u00e1\",\"datePublished\":\"2022-08-11T08:00:42+00:00\",\"mainEntityOfPage\":{\"@id\":\"https:\\\/\\\/www.anovapeneira.gal\\\/index.php\\\/2022\\\/08\\\/11\\\/arranca-en-mondariz-o-novo-servizo-de-atencion-tempera\\\/\"},\"wordCount\":345,\"commentCount\":0,\"publisher\":{\"@id\":\"https:\\\/\\\/www.anovapeneira.gal\\\/#organization\"},\"image\":{\"@id\":\"https:\\\/\\\/www.anovapeneira.gal\\\/index.php\\\/2022\\\/08\\\/11\\\/arranca-en-mondariz-o-novo-servizo-de-atencion-tempera\\\/#primaryimage\"},\"thumbnailUrl\":\"https:\\\/\\\/www.anovapeneira.gal\\\/wp-content\\\/uploads\\\/2022\\\/08\\\/antencion_tempera_mondariz.jpg\",\"keywords\":[\"Concello de Mondariz\",\"Concello Mondariz Balneario\"],\"articleSection\":[\"Condado\"],\"inLanguage\":\"gl-ES\",\"potentialAction\":[{\"@type\":\"CommentAction\",\"name\":\"Comment\",\"target\":[\"https:\\\/\\\/www.anovapeneira.gal\\\/index.php\\\/2022\\\/08\\\/11\\\/arranca-en-mondariz-o-novo-servizo-de-atencion-tempera\\\/#respond\"]}]},{\"@type\":\"WebPage\",\"@id\":\"https:\\\/\\\/www.anovapeneira.gal\\\/index.php\\\/2022\\\/08\\\/11\\\/arranca-en-mondariz-o-novo-servizo-de-atencion-tempera\\\/\",\"url\":\"https:\\\/\\\/www.anovapeneira.gal\\\/index.php\\\/2022\\\/08\\\/11\\\/arranca-en-mondariz-o-novo-servizo-de-atencion-tempera\\\/\",\"name\":\"Arranca\u00a0en\u00a0Mondariz\u00a0o\u00a0novo\u00a0servizo\u00a0de\u00a0atenci\u00f3n\u00a0temper\u00e1 -\",\"isPartOf\":{\"@id\":\"https:\\\/\\\/www.anovapeneira.gal\\\/#website\"},\"primaryImageOfPage\":{\"@id\":\"https:\\\/\\\/www.anovapeneira.gal\\\/index.php\\\/2022\\\/08\\\/11\\\/arranca-en-mondariz-o-novo-servizo-de-atencion-tempera\\\/#primaryimage\"},\"image\":{\"@id\":\"https:\\\/\\\/www.anovapeneira.gal\\\/index.php\\\/2022\\\/08\\\/11\\\/arranca-en-mondariz-o-novo-servizo-de-atencion-tempera\\\/#primaryimage\"},\"thumbnailUrl\":\"https:\\\/\\\/www.anovapeneira.gal\\\/wp-content\\\/uploads\\\/2022\\\/08\\\/antencion_tempera_mondariz.jpg\",\"datePublished\":\"2022-08-11T08:00:42+00:00\",\"description\":\"Comezou\u00a0a\u00a0funcionar\u00a0esta\u00a0semana\u00a0nas\u00a0instalaci\u00f3ns\u00a0do\u00a0Centro\u00a0Social\u00a0deMondariz,\u00a0cunha\u00a0psic\u00f3loga,\u00a0unha\u00a0logopeda\u00a0e\u00a0unha\u00a0fisioterapeuta\u00a0para\u00a0daratenci\u00f3n\u00a0a\u00a0nenos\u00a0e\u00a0nenas\u00a0de\u00a00\u00a0a\u00a06\u00a0anos\u00a0derivados\u00a0do\u00a0servizo\u00a0de Pediatr\u00eda\",\"breadcrumb\":{\"@id\":\"https:\\\/\\\/www.anovapeneira.gal\\\/index.php\\\/2022\\\/08\\\/11\\\/arranca-en-mondariz-o-novo-servizo-de-atencion-tempera\\\/#breadcrumb\"},\"inLanguage\":\"gl-ES\",\"potentialAction\":[{\"@type\":\"ReadAction\",\"target\":[\"https:\\\/\\\/www.anovapeneira.gal\\\/index.php\\\/2022\\\/08\\\/11\\\/arranca-en-mondariz-o-novo-servizo-de-atencion-tempera\\\/\"]}]},{\"@type\":\"ImageObject\",\"inLanguage\":\"gl-ES\",\"@id\":\"https:\\\/\\\/www.anovapeneira.gal\\\/index.php\\\/2022\\\/08\\\/11\\\/arranca-en-mondariz-o-novo-servizo-de-atencion-tempera\\\/#primaryimage\",\"url\":\"https:\\\/\\\/www.anovapeneira.gal\\\/wp-content\\\/uploads\\\/2022\\\/08\\\/antencion_tempera_mondariz.jpg\",\"contentUrl\":\"https:\\\/\\\/www.anovapeneira.gal\\\/wp-content\\\/uploads\\\/2022\\\/08\\\/antencion_tempera_mondariz.jpg\",\"width\":720,\"height\":432,\"caption\":\"Arranca\u00a0en\u00a0Mondariz\u00a0o\u00a0novo\u00a0servizo\u00a0de\u00a0atenci\u00f3n\u00a0temper\u00e1\"},{\"@type\":\"BreadcrumbList\",\"@id\":\"https:\\\/\\\/www.anovapeneira.gal\\\/index.php\\\/2022\\\/08\\\/11\\\/arranca-en-mondariz-o-novo-servizo-de-atencion-tempera\\\/#breadcrumb\",\"itemListElement\":[{\"@type\":\"ListItem\",\"position\":1,\"name\":\"Portada\",\"item\":\"https:\\\/\\\/www.anovapeneira.gal\\\/\"},{\"@type\":\"ListItem\",\"position\":2,\"name\":\"Arranca\u00a0en\u00a0Mondariz\u00a0o\u00a0novo\u00a0servizo\u00a0de\u00a0atenci\u00f3n\u00a0temper\u00e1\"}]},{\"@type\":\"WebSite\",\"@id\":\"https:\\\/\\\/www.anovapeneira.gal\\\/#website\",\"url\":\"https:\\\/\\\/www.anovapeneira.gal\\\/\",\"name\":\"\",\"description\":\"Xornal galego de informaci\u00f3n xeral Publicaci\u00f3n mensual de novas de Galicia e en especial dos Concellos da sur da provincia de Pontevedra.\",\"publisher\":{\"@id\":\"https:\\\/\\\/www.anovapeneira.gal\\\/#organization\"},\"potentialAction\":[{\"@type\":\"SearchAction\",\"target\":{\"@type\":\"EntryPoint\",\"urlTemplate\":\"https:\\\/\\\/www.anovapeneira.gal\\\/?s={search_term_string}\"},\"query-input\":{\"@type\":\"PropertyValueSpecification\",\"valueRequired\":true,\"valueName\":\"search_term_string\"}}],\"inLanguage\":\"gl-ES\"},{\"@type\":\"Organization\",\"@id\":\"https:\\\/\\\/www.anovapeneira.gal\\\/#organization\",\"name\":\"A Nova Peneira\",\"url\":\"https:\\\/\\\/www.anovapeneira.gal\\\/\",\"logo\":{\"@type\":\"ImageObject\",\"inLanguage\":\"gl-ES\",\"@id\":\"https:\\\/\\\/www.anovapeneira.gal\\\/#\\\/schema\\\/logo\\\/image\\\/\",\"url\":\"http:\\\/\\\/www.anovapeneira.gal\\\/wp-content\\\/uploads\\\/2019\\\/06\\\/logo_a_nova_peneira_portal_web.png\",\"contentUrl\":\"http:\\\/\\\/www.anovapeneira.gal\\\/wp-content\\\/uploads\\\/2019\\\/06\\\/logo_a_nova_peneira_portal_web.png\",\"width\":300,\"height\":100,\"caption\":\"A Nova Peneira\"},\"image\":{\"@id\":\"https:\\\/\\\/www.anovapeneira.gal\\\/#\\\/schema\\\/logo\\\/image\\\/\"},\"sameAs\":[\"https:\\\/\\\/www.facebook.com\\\/anovapeneira\",\"https:\\\/\\\/x.com\\\/APeneira\"]},{\"@type\":\"Person\",\"@id\":\"https:\\\/\\\/www.anovapeneira.gal\\\/#\\\/schema\\\/person\\\/b93e3f8932e3f8da96334607eb6ac6aa\",\"name\":\"Redacci\u00f3n A Nova Peneira\",\"image\":{\"@type\":\"ImageObject\",\"inLanguage\":\"gl-ES\",\"@id\":\"https:\\\/\\\/secure.gravatar.com\\\/avatar\\\/c052a2551a06e23fac63626232eaa90abd78dbcf1700fc46a2b2c89fd27b735f?s=96&d=mm&r=g\",\"url\":\"https:\\\/\\\/secure.gravatar.com\\\/avatar\\\/c052a2551a06e23fac63626232eaa90abd78dbcf1700fc46a2b2c89fd27b735f?s=96&d=mm&r=g\",\"contentUrl\":\"https:\\\/\\\/secure.gravatar.com\\\/avatar\\\/c052a2551a06e23fac63626232eaa90abd78dbcf1700fc46a2b2c89fd27b735f?s=96&d=mm&r=g\",\"caption\":\"Redacci\u00f3n A Nova Peneira\"},\"sameAs\":[\"http:\\\/\\\/www.anovapeneira.gal\\\/\"],\"url\":\"https:\\\/\\\/www.anovapeneira.gal\\\/index.php\\\/author\\\/redactor\\\/\"}]}<\/script>\n<!-- \/ Yoast SEO plugin. -->","yoast_head_json":{"title":"Arranca\u00a0en\u00a0Mondariz\u00a0o\u00a0novo\u00a0servizo\u00a0de\u00a0atenci\u00f3n\u00a0temper\u00e1 -","description":"Comezou\u00a0a\u00a0funcionar\u00a0esta\u00a0semana\u00a0nas\u00a0instalaci\u00f3ns\u00a0do\u00a0Centro\u00a0Social\u00a0deMondariz,\u00a0cunha\u00a0psic\u00f3loga,\u00a0unha\u00a0logopeda\u00a0e\u00a0unha\u00a0fisioterapeuta\u00a0para\u00a0daratenci\u00f3n\u00a0a\u00a0nenos\u00a0e\u00a0nenas\u00a0de\u00a00\u00a0a\u00a06\u00a0anos\u00a0derivados\u00a0do\u00a0servizo\u00a0de Pediatr\u00eda","robots":{"index":"index","follow":"follow","max-snippet":"max-snippet:-1","max-image-preview":"max-image-preview:large","max-video-preview":"max-video-preview:-1"},"canonical":"https:\/\/www.anovapeneira.gal\/index.php\/2022\/08\/11\/arranca-en-mondariz-o-novo-servizo-de-atencion-tempera\/","og_locale":"gl_ES","og_type":"article","og_title":"Arranca\u00a0en\u00a0Mondariz\u00a0o\u00a0novo\u00a0servizo\u00a0de\u00a0atenci\u00f3n\u00a0temper\u00e1 -","og_description":"Comezou\u00a0a\u00a0funcionar\u00a0esta\u00a0semana\u00a0nas\u00a0instalaci\u00f3ns\u00a0do\u00a0Centro\u00a0Social\u00a0deMondariz,\u00a0cunha\u00a0psic\u00f3loga,\u00a0unha\u00a0logopeda\u00a0e\u00a0unha\u00a0fisioterapeuta\u00a0para\u00a0daratenci\u00f3n\u00a0a\u00a0nenos\u00a0e\u00a0nenas\u00a0de\u00a00\u00a0a\u00a06\u00a0anos\u00a0derivados\u00a0do\u00a0servizo\u00a0de Pediatr\u00eda","og_url":"https:\/\/www.anovapeneira.gal\/index.php\/2022\/08\/11\/arranca-en-mondariz-o-novo-servizo-de-atencion-tempera\/","article_publisher":"https:\/\/www.facebook.com\/anovapeneira","article_published_time":"2022-08-11T08:00:42+00:00","og_image":[{"width":720,"height":432,"url":"https:\/\/www.anovapeneira.gal\/wp-content\/uploads\/2022\/08\/antencion_tempera_mondariz.jpg","type":"image\/jpeg"}],"author":"Redacci\u00f3n A Nova Peneira","twitter_card":"summary_large_image","twitter_creator":"@APeneira","twitter_site":"@APeneira","twitter_misc":{"Escrito por":"Redacci\u00f3n A Nova Peneira","Tempo de lectura":"2 minutos"},"schema":{"@context":"https:\/\/schema.org","@graph":[{"@type":"Article","@id":"https:\/\/www.anovapeneira.gal\/index.php\/2022\/08\/11\/arranca-en-mondariz-o-novo-servizo-de-atencion-tempera\/#article","isPartOf":{"@id":"https:\/\/www.anovapeneira.gal\/index.php\/2022\/08\/11\/arranca-en-mondariz-o-novo-servizo-de-atencion-tempera\/"},"author":{"name":"Redacci\u00f3n A Nova Peneira","@id":"https:\/\/www.anovapeneira.gal\/#\/schema\/person\/b93e3f8932e3f8da96334607eb6ac6aa"},"headline":"Arranca\u00a0en\u00a0Mondariz\u00a0o\u00a0novo\u00a0servizo\u00a0de\u00a0atenci\u00f3n\u00a0temper\u00e1","datePublished":"2022-08-11T08:00:42+00:00","mainEntityOfPage":{"@id":"https:\/\/www.anovapeneira.gal\/index.php\/2022\/08\/11\/arranca-en-mondariz-o-novo-servizo-de-atencion-tempera\/"},"wordCount":345,"commentCount":0,"publisher":{"@id":"https:\/\/www.anovapeneira.gal\/#organization"},"image":{"@id":"https:\/\/www.anovapeneira.gal\/index.php\/2022\/08\/11\/arranca-en-mondariz-o-novo-servizo-de-atencion-tempera\/#primaryimage"},"thumbnailUrl":"https:\/\/www.anovapeneira.gal\/wp-content\/uploads\/2022\/08\/antencion_tempera_mondariz.jpg","keywords":["Concello de Mondariz","Concello Mondariz Balneario"],"articleSection":["Condado"],"inLanguage":"gl-ES","potentialAction":[{"@type":"CommentAction","name":"Comment","target":["https:\/\/www.anovapeneira.gal\/index.php\/2022\/08\/11\/arranca-en-mondariz-o-novo-servizo-de-atencion-tempera\/#respond"]}]},{"@type":"WebPage","@id":"https:\/\/www.anovapeneira.gal\/index.php\/2022\/08\/11\/arranca-en-mondariz-o-novo-servizo-de-atencion-tempera\/","url":"https:\/\/www.anovapeneira.gal\/index.php\/2022\/08\/11\/arranca-en-mondariz-o-novo-servizo-de-atencion-tempera\/","name":"Arranca\u00a0en\u00a0Mondariz\u00a0o\u00a0novo\u00a0servizo\u00a0de\u00a0atenci\u00f3n\u00a0temper\u00e1 -","isPartOf":{"@id":"https:\/\/www.anovapeneira.gal\/#website"},"primaryImageOfPage":{"@id":"https:\/\/www.anovapeneira.gal\/index.php\/2022\/08\/11\/arranca-en-mondariz-o-novo-servizo-de-atencion-tempera\/#primaryimage"},"image":{"@id":"https:\/\/www.anovapeneira.gal\/index.php\/2022\/08\/11\/arranca-en-mondariz-o-novo-servizo-de-atencion-tempera\/#primaryimage"},"thumbnailUrl":"https:\/\/www.anovapeneira.gal\/wp-content\/uploads\/2022\/08\/antencion_tempera_mondariz.jpg","datePublished":"2022-08-11T08:00:42+00:00","description":"Comezou\u00a0a\u00a0funcionar\u00a0esta\u00a0semana\u00a0nas\u00a0instalaci\u00f3ns\u00a0do\u00a0Centro\u00a0Social\u00a0deMondariz,\u00a0cunha\u00a0psic\u00f3loga,\u00a0unha\u00a0logopeda\u00a0e\u00a0unha\u00a0fisioterapeuta\u00a0para\u00a0daratenci\u00f3n\u00a0a\u00a0nenos\u00a0e\u00a0nenas\u00a0de\u00a00\u00a0a\u00a06\u00a0anos\u00a0derivados\u00a0do\u00a0servizo\u00a0de Pediatr\u00eda","breadcrumb":{"@id":"https:\/\/www.anovapeneira.gal\/index.php\/2022\/08\/11\/arranca-en-mondariz-o-novo-servizo-de-atencion-tempera\/#breadcrumb"},"inLanguage":"gl-ES","potentialAction":[{"@type":"ReadAction","target":["https:\/\/www.anovapeneira.gal\/index.php\/2022\/08\/11\/arranca-en-mondariz-o-novo-servizo-de-atencion-tempera\/"]}]},{"@type":"ImageObject","inLanguage":"gl-ES","@id":"https:\/\/www.anovapeneira.gal\/index.php\/2022\/08\/11\/arranca-en-mondariz-o-novo-servizo-de-atencion-tempera\/#primaryimage","url":"https:\/\/www.anovapeneira.gal\/wp-content\/uploads\/2022\/08\/antencion_tempera_mondariz.jpg","contentUrl":"https:\/\/www.anovapeneira.gal\/wp-content\/uploads\/2022\/08\/antencion_tempera_mondariz.jpg","width":720,"height":432,"caption":"Arranca\u00a0en\u00a0Mondariz\u00a0o\u00a0novo\u00a0servizo\u00a0de\u00a0atenci\u00f3n\u00a0temper\u00e1"},{"@type":"BreadcrumbList","@id":"https:\/\/www.anovapeneira.gal\/index.php\/2022\/08\/11\/arranca-en-mondariz-o-novo-servizo-de-atencion-tempera\/#breadcrumb","itemListElement":[{"@type":"ListItem","position":1,"name":"Portada","item":"https:\/\/www.anovapeneira.gal\/"},{"@type":"ListItem","position":2,"name":"Arranca\u00a0en\u00a0Mondariz\u00a0o\u00a0novo\u00a0servizo\u00a0de\u00a0atenci\u00f3n\u00a0temper\u00e1"}]},{"@type":"WebSite","@id":"https:\/\/www.anovapeneira.gal\/#website","url":"https:\/\/www.anovapeneira.gal\/","name":"","description":"Xornal galego de informaci\u00f3n xeral Publicaci\u00f3n mensual de novas de Galicia e en especial dos Concellos da sur da provincia de Pontevedra.","publisher":{"@id":"https:\/\/www.anovapeneira.gal\/#organization"},"potentialAction":[{"@type":"SearchAction","target":{"@type":"EntryPoint","urlTemplate":"https:\/\/www.anovapeneira.gal\/?s={search_term_string}"},"query-input":{"@type":"PropertyValueSpecification","valueRequired":true,"valueName":"search_term_string"}}],"inLanguage":"gl-ES"},{"@type":"Organization","@id":"https:\/\/www.anovapeneira.gal\/#organization","name":"A Nova Peneira","url":"https:\/\/www.anovapeneira.gal\/","logo":{"@type":"ImageObject","inLanguage":"gl-ES","@id":"https:\/\/www.anovapeneira.gal\/#\/schema\/logo\/image\/","url":"http:\/\/www.anovapeneira.gal\/wp-content\/uploads\/2019\/06\/logo_a_nova_peneira_portal_web.png","contentUrl":"http:\/\/www.anovapeneira.gal\/wp-content\/uploads\/2019\/06\/logo_a_nova_peneira_portal_web.png","width":300,"height":100,"caption":"A Nova Peneira"},"image":{"@id":"https:\/\/www.anovapeneira.gal\/#\/schema\/logo\/image\/"},"sameAs":["https:\/\/www.facebook.com\/anovapeneira","https:\/\/x.com\/APeneira"]},{"@type":"Person","@id":"https:\/\/www.anovapeneira.gal\/#\/schema\/person\/b93e3f8932e3f8da96334607eb6ac6aa","name":"Redacci\u00f3n A Nova Peneira","image":{"@type":"ImageObject","inLanguage":"gl-ES","@id":"https:\/\/secure.gravatar.com\/avatar\/c052a2551a06e23fac63626232eaa90abd78dbcf1700fc46a2b2c89fd27b735f?s=96&d=mm&r=g","url":"https:\/\/secure.gravatar.com\/avatar\/c052a2551a06e23fac63626232eaa90abd78dbcf1700fc46a2b2c89fd27b735f?s=96&d=mm&r=g","contentUrl":"https:\/\/secure.gravatar.com\/avatar\/c052a2551a06e23fac63626232eaa90abd78dbcf1700fc46a2b2c89fd27b735f?s=96&d=mm&r=g","caption":"Redacci\u00f3n A Nova Peneira"},"sameAs":["http:\/\/www.anovapeneira.gal\/"],"url":"https:\/\/www.anovapeneira.gal\/index.php\/author\/redactor\/"}]}},"jetpack_featured_media_url":"https:\/\/www.anovapeneira.gal\/wp-content\/uploads\/2022\/08\/antencion_tempera_mondariz.jpg","_links":{"self":[{"href":"https:\/\/www.anovapeneira.gal\/index.php\/wp-json\/wp\/v2\/posts\/7928","targetHints":{"allow":["GET"]}}],"collection":[{"href":"https:\/\/www.anovapeneira.gal\/index.php\/wp-json\/wp\/v2\/posts"}],"about":[{"href":"https:\/\/www.anovapeneira.gal\/index.php\/wp-json\/wp\/v2\/types\/post"}],"author":[{"embeddable":true,"href":"https:\/\/www.anovapeneira.gal\/index.php\/wp-json\/wp\/v2\/users\/3"}],"replies":[{"embeddable":true,"href":"https:\/\/www.anovapeneira.gal\/index.php\/wp-json\/wp\/v2\/comments?post=7928"}],"version-history":[{"count":5,"href":"https:\/\/www.anovapeneira.gal\/index.php\/wp-json\/wp\/v2\/posts\/7928\/revisions"}],"predecessor-version":[{"id":7935,"href":"https:\/\/www.anovapeneira.gal\/index.php\/wp-json\/wp\/v2\/posts\/7928\/revisions\/7935"}],"wp:featuredmedia":[{"embeddable":true,"href":"https:\/\/www.anovapeneira.gal\/index.php\/wp-json\/wp\/v2\/media\/7931"}],"wp:attachment":[{"href":"https:\/\/www.anovapeneira.gal\/index.php\/wp-json\/wp\/v2\/media?parent=7928"}],"wp:term":[{"taxonomy":"category","embeddable":true,"href":"https:\/\/www.anovapeneira.gal\/index.php\/wp-json\/wp\/v2\/categories?post=7928"},{"taxonomy":"post_tag","embeddable":true,"href":"https:\/\/www.anovapeneira.gal\/index.php\/wp-json\/wp\/v2\/tags?post=7928"}],"curies":[{"name":"wp","href":"https:\/\/api.w.org\/{rel}","templated":true}]}}