{"id":7941,"date":"2022-08-12T12:00:44","date_gmt":"2022-08-12T10:00:44","guid":{"rendered":"https:\/\/www.anovapeneira.gal\/?p=7941"},"modified":"2022-08-08T09:50:59","modified_gmt":"2022-08-08T07:50:59","slug":"xliii-edicion-da-festa-do-gaiteiro-soutelo-de-montes-2022","status":"publish","type":"post","link":"https:\/\/www.anovapeneira.gal\/index.php\/2022\/08\/12\/xliii-edicion-da-festa-do-gaiteiro-soutelo-de-montes-2022\/","title":{"rendered":"XLIII Edici\u00f3n da Festa do Gaiteiro Soutelo de Montes 2022"},"content":{"rendered":"\n<h2 class=\"wp-block-heading\">A parroquia de Soutelo de Montes a\u00ednda lembra hoxe a Avelino Cachafeiro<strong>,<\/strong> proclamado no ano 1924 como o mellor gaiteiro de Galicia<strong>.<\/strong><\/h2>\n\n\n\n<p>Esta localidade do concello de Forcarei honra o seu afamado m\u00fasico desde 1979 coa Festa do Gaiteiro, declarada de Interese Tur\u00edstico Galego en 2010. Este festexo re\u00fane centos de m\u00fasicos cada ano e atrae miles de persoas de toda a comunidade e do pa\u00eds veci\u00f1o, Portugal.<\/p>\n\n\n\n<div class=\"wp-block-columns is-layout-flex wp-container-core-columns-is-layout-9d6595d7 wp-block-columns-is-layout-flex\">\n<div class=\"wp-block-column is-layout-flow wp-block-column-is-layout-flow\">\n<figure class=\"wp-block-image size-full\"><img loading=\"lazy\" decoding=\"async\" width=\"450\" height=\"600\" src=\"https:\/\/www.anovapeneira.gal\/wp-content\/uploads\/2022\/08\/gaiteiro_soutelo_de_montes.jpg\" alt=\"\" class=\"wp-image-7942\" srcset=\"https:\/\/www.anovapeneira.gal\/wp-content\/uploads\/2022\/08\/gaiteiro_soutelo_de_montes.jpg 450w, https:\/\/www.anovapeneira.gal\/wp-content\/uploads\/2022\/08\/gaiteiro_soutelo_de_montes-225x300.jpg 225w\" sizes=\"auto, (max-width: 450px) 100vw, 450px\" \/><\/figure>\n<\/div>\n\n\n\n<div class=\"wp-block-column is-layout-flow wp-block-column-is-layout-flow\">\n<p>Avelino Nado en Soutelo de Montes o 26 de maio de 1899. Pasou a s\u00faa nenez ao son da gaita, debido a que o seu av\u00f3 e o seu pai foron tam\u00e9n gaiteiros, non tardou en formar un grupo familiar de gaiteiros, constitu\u00eddo polos seus irm\u00e1ns Castor, a gaita, e Bautista, voz e caixa, o seu pai Ferm\u00edn, ao bombo, e a s\u00faa t\u00eda Andrea, que de modo ocasional tocaba o pandeiro. Avelino era a alma do grupo, como director e compositor, as s\u00faas actuaci\u00f3ns caracteriz\u00e1banse polo baile e por contar chistes. Non tardaron en ser co\u00f1ecidos por toda a comarca e tam\u00e9n al\u00e9n dos mares, co alcume de &#8220;Os Gaiteiros de Soutelo\u201d.<\/p>\n<\/div>\n<\/div>\n\n\n\n<p>Avelino \u00e9 nomeado gaiteiro da Sociedade Art\u00edstica de Pontevedra, e con s\u00f3 25 anos pres\u00e9ntase a un concurso en Santiago onde se dirime quen \u00e9 o mellor gaiteiro de Galicia. Un concurso con parte literaria, onde se presenta xente coma Otero Pedrayo, Vicente Risco, Filgueira Valverde, e que o final ganar\u00eda Eladio Rodr\u00edguez Gonz\u00e1lez.<\/p>\n\n\n\n<p>Otero Pedrayo cualificaba a Avelino como <em>&#8220;O grande e puro artista, por Castelao abrazado en data solemne pro esprito como o m\u00e1is rexo e armo\u00f1o Carballo do bosque antigo\u201d.<\/em><\/p>\n\n\n\n<p>No ano 1928 gravou unha peza transcendental no repertorio tradicional, a <em>Mui\u00f1eira de Chantada<\/em>, e levouna polo mundo cos seus irm\u00e1ns, tam\u00e9n m\u00fasicos. A orixe da festa rem\u00f3ntase aos encontros que organizaba co alumnado do grupo de gaitas da&nbsp;comarca de Tabeir\u00f3s-Terra de Montes. Actualmente, a celebraci\u00f3n re\u00fane na praza dos Gaiteiros centos de m\u00fasicos chegados de toda Galicia e dalg\u00fans pa\u00edses estranxeiros. As gaitas, tambores e pandereitas inundan a localidade de m\u00fasica e bailes tradicionais.<\/p>\n\n\n\n<p>A Festa do gaiteiro de Soutelo de Montes, cel\u00e9brase cada terceiro s\u00e1bado de agosto en Forcarei desde comezos do s\u00e9culo XX, e m\u00e1is regularmente desde fai trinta anos.<\/p>\n\n\n\n<p>A festa comeza co preg\u00f3n e a ofrenda floral para honrar o recordo de Avelino, este prodixioso autodidacta que aprendeu a tocar os instrumentos do seu av\u00f3 e que, xunto aos seus irm\u00e1ns, obtivo tal \u00e9xito que chegou a tocar en Sudam\u00e9rica e nas Olimp\u00edadas de Amberes. A figura de pregoeira ou pregoeiro \u00e9 de grande importancia, xa que se selecciona tendo en conta a aquelas persoas que po\u00f1an en valor e contrib\u00faan a condecorar a memoria do que foi o mellor gaiteiro de Galicia.<\/p>\n\n\n\n<p>A sesi\u00f3n verm\u00fa e a comida popular na<em> <\/em>carballeira do parque Venezuela son alg\u00fans dos actos festivos. Despois l\u00e9vase a cabo unha ruada popular multitudinaria que congrega m\u00fasicos e persoas afeccionadas. A festa concl\u00fae cunha actuaci\u00f3n de m\u00fasica e baile tradicional. As\u00ed, a Festa do Gaiteiro, conv\u00e9rtese nunha cita indispensable en Soutelo de Montes para enxalzar a s\u00faa cultura e a s\u00faa tradici\u00f3n.<\/p>\n\n\n\n<p>O Concello de Forcarei comunicounos que para a edici\u00f3n deste ano, a n\u00famero 43, est\u00e1 pensada para que toda a veci\u00f1anza e as persoas visitantes poidan gozar dunha xornada festiva nas r\u00faas da localidade, cun fant\u00e1stico ambiente e sobre todo con moita m\u00fasica. Ademais, neste 2022 c\u00famprense 50 anos do pasamento de Avelino Cachafeiro e o Concello de Forcarei completa con esta festa un programa de actos que o homenaxean ao longo do ano, inclu\u00edda a recente inauguraci\u00f3n dunha escultura conmemorativa na contorna da praza dos Gaiteiros.<\/p>\n\n\n\n<p>A Festa do Gaiteiro de Soutelo est\u00e1 declarada como Festa de Interese Tur\u00edstico de Galicia, pola s\u00faa historia, a s\u00faa singularidade, o arraigo e o gran valor cultural.<\/p>\n\n\n\n<p>Despois de moitos anos nos que se encargou de organizar a festa unha asociaci\u00f3n cultural de Soutelo, Can de San Roque, o Concello de Forcarei recuperou no 2019 o impulso da celebraci\u00f3n, tan importante para un concello no que as gaiteiras e os gaiteiros te\u00f1en un protagonismo tan especial, cunha Banda de Gaitas de gran prestixio na que participan veci\u00f1as e veci\u00f1os e que chegaron a tocar en festivais tan importantes como o interc\u00e9ltico de Lorient (Francia).<\/p>\n\n\n\n<p>As persoas que acudan a festa este ano poder\u00e1n gozar das actuaci\u00f3ns da Banda de Gaitas do concello de Forcarei, da banda Lembranzas da Terra de Guillarei de Tui, dos Abrentes, do Picadiscos Marifaltri e do m\u00edtico grupo de m\u00fasica tradicional Ab\u00f3briga. Ademais, poder\u00e1n participar no xantar popular na carballeira do parque de Venezuela e nunha ruada de homenaxe a Cachafeiro. O preg\u00f3n correr\u00e1 a cargo de Anxo Angueira, presidente da Fundaci\u00f3n Rosal\u00eda.<\/p>\n\n\n\n<p>E non podiamos rematar esta viaxe polo universo musical das terras de Forcarei sen conversar co noso amigo Jose Antonio Vidueiros director dunha das bandas de gaitas m\u00e1is importante de todo o pa\u00eds galego; a banda de Forcarei<\/p>\n\n\n\n<p><strong>Jose Antonio Vidueiros director da banda de gaitas de Forcarei<\/strong><\/p>\n\n\n\n<p><strong>F\u00e1lanos un pouco da banda de gaitas, cando e por que nace?<\/strong><\/p>\n\n\n\n<blockquote class=\"wp-block-quote is-layout-flow wp-block-quote-is-layout-flow\"><p>A Banda de gaitas do Concello de Forcarei nace no ano 2016, estando David de alcalde e Javier \u00c1lvarez de concelleiro. No concello non exist\u00eda ningunha agrupaci\u00f3n musical e un compa\u00f1eiro mestre de m\u00fasica do Colexio Soutelo de Montes e m\u00e1is eu, que tam\u00e9n son mestre de m\u00fasica do Colexio Nosa se\u00f1ora das Dores de Forcarei comezamos facendo unha pequena escola de m\u00fasica como actividade extraescolar dos colexios, arrancamos dando clases de percusi\u00f3n tradicional, gaita e linguaxe musical. O meu compa\u00f1eiro dando clases de gaita, eu dou clases de linguaxe musical e trouxemos a outro mestre para dar clases de percusi\u00f3n. A ra\u00edz disto sa\u00edu a Banda de Gaitas. O Concello mercounos os primeiros traxes, as primeiras gaitas e instrumentos de percusi\u00f3n. As\u00ed comezamos a nosa andaina con esta Banda.<\/p><\/blockquote>\n\n\n\n<p><strong>Tedes pensado perdurar no futuro con este proxecto, teremos Banda de gaitas do Concello de Forcarei por moitos anos?<\/strong><\/p>\n\n\n\n<blockquote class=\"wp-block-quote is-layout-flow wp-block-quote-is-layout-flow\"><p>Nestes poucos anos de vida chegamos a un nivel elevad\u00edsimo. Actuamos d\u00faas veces na cidade de Lorient, Francia. A \u00faltima vez, no ano 2019, fomos representando a Galicia e tocamos no concerto de apertura no Auditorio de Lorient, disto poucas agrupaci\u00f3n poden presumir\u2026<\/p><\/blockquote>\n\n\n\n<blockquote class=\"wp-block-quote is-layout-flow wp-block-quote-is-layout-flow\"><p>Tocamos coas mellores bandas de m\u00fasica do pa\u00eds, coa Municipal de A Coru\u00f1a, Municipal de Santiago, Municipal de Pontevedra. Demos varios concertos na Quintana, tocamos nas festas de Mar\u00eda Pita, mesmo o pasado d\u00eda 25 de xullo tocamos nas festas grandes de Santander. Viaxamos moit\u00edsimo, estivemos tocando en Italia, Portugal, moitos lugares de Espa\u00f1a. Tocamos tam\u00e9n con artistas galegos de moito renome coo Ux\u00eda, Abraham Cupeiro ou David Salgado entre outros.<\/p><\/blockquote>\n\n\n\n<blockquote class=\"wp-block-quote is-layout-flow wp-block-quote-is-layout-flow\"><p>Como colof\u00f3n acaban de concedernos os Amigos de Terra de Montes este ano a medalla de ouro pola traxectoria da Banda. Este galard\u00f3n conc\u00e9denllo a persoas ou agrupaci\u00f3ns salientables da comarca que destacan pola s\u00faa labor na conservaci\u00f3n e difusi\u00f3n da cultura da zona.<\/p><\/blockquote>\n\n\n\n<blockquote class=\"wp-block-quote is-layout-flow wp-block-quote-is-layout-flow\"><p>Neste pouco tempo non podemos pedir m\u00e1is e esperamos durar moitos anos m\u00e1is.<\/p><\/blockquote>\n\n\n\n<p><strong>Que papel vai desempe\u00f1ar a Banda de Gaitas do Concello de Forcarei, que ti dirixes, na edici\u00f3n 2022 da festa do gaiteiro de Soutelo?<\/strong><\/p>\n\n\n\n<blockquote class=\"wp-block-quote is-layout-flow wp-block-quote-is-layout-flow\"><p>Xa participamos no acto que se fixo no cemiterio conmemorando o 50 aniversario do seu falecemento o pasado s\u00e1bado 16 abril. Al\u00ed tocamos temas como a <em>Mui\u00f1eira de Chantada<\/em>\u00a0ou o<em> Himno Galego<\/em>, entre outros, durante a ofrenda floral celebrada ante el pante\u00f3n de Cachafeiro.<\/p><\/blockquote>\n\n\n\n<blockquote class=\"wp-block-quote is-layout-flow wp-block-quote-is-layout-flow\"><p>Na festa deste ano participaremos como o facemos todos os anos. Daremos un pequeno pasarr\u00faas e contaremos coa axuda da Banda de Gaitas de Guillarei. Despois interpretaremos o Himno Galego cando se lle fago a ofrenda floral ao monumento dos Gaiteiros de Soutelo. Ao rematar, as d\u00faas bandas daremos un concerto dunha media hori\u00f1a para rematar os actos.<\/p><\/blockquote>\n\n\n\n<p><strong>E para rematar, como se porta o Concello de Forcarei coa banda de gaitas?<\/strong><\/p>\n\n\n\n<blockquote class=\"wp-block-quote is-layout-flow wp-block-quote-is-layout-flow\"><p>P\u00f3rtase ben, a\u00ednda que de cara ao vindeiro ano n\u00f3s esperamos que nos presupostos orzamentarios poidan mellorar a achega que nos fan. Este ano ced\u00e9rennolo Auditorio de Soutelo de Montes e agora \u00e9 o noso local de ensaio, ata agora faci\u00e1molo nos dous colexios onde somos mestres. Levamos varios anos coa mesma asignaci\u00f3n econ\u00f3mica e temos expectativas de que poida aumentarse para o ano.<\/p><\/blockquote>\n","protected":false},"excerpt":{"rendered":"<div class=\"mh-excerpt\"><p>A parroquia de Soutelo de Montes a\u00ednda lembra hoxe a Avelino Cachafeiro, proclamado no ano 1924 como o mellor gaiteiro de Galicia <a class=\"mh-excerpt-more\" href=\"https:\/\/www.anovapeneira.gal\/index.php\/2022\/08\/12\/xliii-edicion-da-festa-do-gaiteiro-soutelo-de-montes-2022\/\" title=\"XLIII Edici\u00f3n da Festa do Gaiteiro Soutelo de Montes 2022\">[&#8230;]<\/a><\/p>\n<\/div>","protected":false},"author":17,"featured_media":7944,"comment_status":"open","ping_status":"open","sticky":false,"template":"","format":"standard","meta":{"_exactmetrics_skip_tracking":false,"_exactmetrics_sitenote_active":false,"_exactmetrics_sitenote_note":"","_exactmetrics_sitenote_category":0,"footnotes":""},"categories":[269],"tags":[1188,1323],"class_list":{"0":"post-7941","1":"post","2":"type-post","3":"status-publish","4":"format-standard","5":"has-post-thumbnail","7":"category-pontevedra-entrevistas","8":"tag-concello-de-forcarei","9":"tag-soutelo-de-montes"},"yoast_head":"<!-- This site is optimized with the Yoast SEO plugin v27.4 - https:\/\/yoast.com\/product\/yoast-seo-wordpress\/ -->\n<title>XLIII Edici\u00f3n da Festa do Gaiteiro Soutelo de Montes 2022 -<\/title>\n<meta name=\"description\" content=\"A parroquia de Soutelo de Montes a\u00ednda lembra hoxe a Avelino Cachafeiro, proclamado no ano 1924 como o mellor gaiteiro de Galicia\" \/>\n<meta name=\"robots\" content=\"index, follow, max-snippet:-1, max-image-preview:large, max-video-preview:-1\" \/>\n<link rel=\"canonical\" href=\"https:\/\/www.anovapeneira.gal\/index.php\/2022\/08\/12\/xliii-edicion-da-festa-do-gaiteiro-soutelo-de-montes-2022\/\" \/>\n<meta property=\"og:locale\" content=\"gl_ES\" \/>\n<meta property=\"og:type\" content=\"article\" \/>\n<meta property=\"og:title\" content=\"XLIII Edici\u00f3n da Festa do Gaiteiro Soutelo de Montes 2022 -\" \/>\n<meta property=\"og:description\" content=\"A parroquia de Soutelo de Montes a\u00ednda lembra hoxe a Avelino Cachafeiro, proclamado no ano 1924 como o mellor gaiteiro de Galicia\" \/>\n<meta property=\"og:url\" content=\"https:\/\/www.anovapeneira.gal\/index.php\/2022\/08\/12\/xliii-edicion-da-festa-do-gaiteiro-soutelo-de-montes-2022\/\" \/>\n<meta property=\"article:publisher\" content=\"https:\/\/www.facebook.com\/anovapeneira\" \/>\n<meta property=\"article:published_time\" content=\"2022-08-12T10:00:44+00:00\" \/>\n<meta property=\"og:image\" content=\"https:\/\/www.anovapeneira.gal\/wp-content\/uploads\/2022\/08\/gaitas_soutelo.jpg\" \/>\n\t<meta property=\"og:image:width\" content=\"720\" \/>\n\t<meta property=\"og:image:height\" content=\"432\" \/>\n\t<meta property=\"og:image:type\" content=\"image\/jpeg\" \/>\n<meta name=\"author\" content=\"G. Figueiredo\" \/>\n<meta name=\"twitter:card\" content=\"summary_large_image\" \/>\n<meta name=\"twitter:creator\" content=\"@APeneira\" \/>\n<meta name=\"twitter:site\" content=\"@APeneira\" \/>\n<meta name=\"twitter:label1\" content=\"Escrito por\" \/>\n\t<meta name=\"twitter:data1\" content=\"G. Figueiredo\" \/>\n\t<meta name=\"twitter:label2\" content=\"Tempo de lectura\" \/>\n\t<meta name=\"twitter:data2\" content=\"8 minutos\" \/>\n<script type=\"application\/ld+json\" class=\"yoast-schema-graph\">{\"@context\":\"https:\\\/\\\/schema.org\",\"@graph\":[{\"@type\":\"Article\",\"@id\":\"https:\\\/\\\/www.anovapeneira.gal\\\/index.php\\\/2022\\\/08\\\/12\\\/xliii-edicion-da-festa-do-gaiteiro-soutelo-de-montes-2022\\\/#article\",\"isPartOf\":{\"@id\":\"https:\\\/\\\/www.anovapeneira.gal\\\/index.php\\\/2022\\\/08\\\/12\\\/xliii-edicion-da-festa-do-gaiteiro-soutelo-de-montes-2022\\\/\"},\"author\":{\"name\":\"G. Figueiredo\",\"@id\":\"https:\\\/\\\/www.anovapeneira.gal\\\/#\\\/schema\\\/person\\\/42f904d7cac80cf3f5a31494dd82a9b6\"},\"headline\":\"XLIII Edici\u00f3n da Festa do Gaiteiro Soutelo de Montes 2022\",\"datePublished\":\"2022-08-12T10:00:44+00:00\",\"mainEntityOfPage\":{\"@id\":\"https:\\\/\\\/www.anovapeneira.gal\\\/index.php\\\/2022\\\/08\\\/12\\\/xliii-edicion-da-festa-do-gaiteiro-soutelo-de-montes-2022\\\/\"},\"wordCount\":1497,\"commentCount\":0,\"publisher\":{\"@id\":\"https:\\\/\\\/www.anovapeneira.gal\\\/#organization\"},\"image\":{\"@id\":\"https:\\\/\\\/www.anovapeneira.gal\\\/index.php\\\/2022\\\/08\\\/12\\\/xliii-edicion-da-festa-do-gaiteiro-soutelo-de-montes-2022\\\/#primaryimage\"},\"thumbnailUrl\":\"https:\\\/\\\/www.anovapeneira.gal\\\/wp-content\\\/uploads\\\/2022\\\/08\\\/gaitas_soutelo.jpg\",\"keywords\":[\"Concello de Forcarei\",\"Soutelo de Montes\"],\"articleSection\":[\"Pontevedra\"],\"inLanguage\":\"gl-ES\",\"potentialAction\":[{\"@type\":\"CommentAction\",\"name\":\"Comment\",\"target\":[\"https:\\\/\\\/www.anovapeneira.gal\\\/index.php\\\/2022\\\/08\\\/12\\\/xliii-edicion-da-festa-do-gaiteiro-soutelo-de-montes-2022\\\/#respond\"]}]},{\"@type\":\"WebPage\",\"@id\":\"https:\\\/\\\/www.anovapeneira.gal\\\/index.php\\\/2022\\\/08\\\/12\\\/xliii-edicion-da-festa-do-gaiteiro-soutelo-de-montes-2022\\\/\",\"url\":\"https:\\\/\\\/www.anovapeneira.gal\\\/index.php\\\/2022\\\/08\\\/12\\\/xliii-edicion-da-festa-do-gaiteiro-soutelo-de-montes-2022\\\/\",\"name\":\"XLIII Edici\u00f3n da Festa do Gaiteiro Soutelo de Montes 2022 -\",\"isPartOf\":{\"@id\":\"https:\\\/\\\/www.anovapeneira.gal\\\/#website\"},\"primaryImageOfPage\":{\"@id\":\"https:\\\/\\\/www.anovapeneira.gal\\\/index.php\\\/2022\\\/08\\\/12\\\/xliii-edicion-da-festa-do-gaiteiro-soutelo-de-montes-2022\\\/#primaryimage\"},\"image\":{\"@id\":\"https:\\\/\\\/www.anovapeneira.gal\\\/index.php\\\/2022\\\/08\\\/12\\\/xliii-edicion-da-festa-do-gaiteiro-soutelo-de-montes-2022\\\/#primaryimage\"},\"thumbnailUrl\":\"https:\\\/\\\/www.anovapeneira.gal\\\/wp-content\\\/uploads\\\/2022\\\/08\\\/gaitas_soutelo.jpg\",\"datePublished\":\"2022-08-12T10:00:44+00:00\",\"description\":\"A parroquia de Soutelo de Montes a\u00ednda lembra hoxe a Avelino Cachafeiro, proclamado no ano 1924 como o mellor gaiteiro de Galicia\",\"breadcrumb\":{\"@id\":\"https:\\\/\\\/www.anovapeneira.gal\\\/index.php\\\/2022\\\/08\\\/12\\\/xliii-edicion-da-festa-do-gaiteiro-soutelo-de-montes-2022\\\/#breadcrumb\"},\"inLanguage\":\"gl-ES\",\"potentialAction\":[{\"@type\":\"ReadAction\",\"target\":[\"https:\\\/\\\/www.anovapeneira.gal\\\/index.php\\\/2022\\\/08\\\/12\\\/xliii-edicion-da-festa-do-gaiteiro-soutelo-de-montes-2022\\\/\"]}]},{\"@type\":\"ImageObject\",\"inLanguage\":\"gl-ES\",\"@id\":\"https:\\\/\\\/www.anovapeneira.gal\\\/index.php\\\/2022\\\/08\\\/12\\\/xliii-edicion-da-festa-do-gaiteiro-soutelo-de-montes-2022\\\/#primaryimage\",\"url\":\"https:\\\/\\\/www.anovapeneira.gal\\\/wp-content\\\/uploads\\\/2022\\\/08\\\/gaitas_soutelo.jpg\",\"contentUrl\":\"https:\\\/\\\/www.anovapeneira.gal\\\/wp-content\\\/uploads\\\/2022\\\/08\\\/gaitas_soutelo.jpg\",\"width\":720,\"height\":432,\"caption\":\"XLIII Edici\u00f3n da Festa do Gaiteiro\"},{\"@type\":\"BreadcrumbList\",\"@id\":\"https:\\\/\\\/www.anovapeneira.gal\\\/index.php\\\/2022\\\/08\\\/12\\\/xliii-edicion-da-festa-do-gaiteiro-soutelo-de-montes-2022\\\/#breadcrumb\",\"itemListElement\":[{\"@type\":\"ListItem\",\"position\":1,\"name\":\"Portada\",\"item\":\"https:\\\/\\\/www.anovapeneira.gal\\\/\"},{\"@type\":\"ListItem\",\"position\":2,\"name\":\"XLIII Edici\u00f3n da Festa do Gaiteiro Soutelo de Montes 2022\"}]},{\"@type\":\"WebSite\",\"@id\":\"https:\\\/\\\/www.anovapeneira.gal\\\/#website\",\"url\":\"https:\\\/\\\/www.anovapeneira.gal\\\/\",\"name\":\"\",\"description\":\"Xornal galego de informaci\u00f3n xeral Publicaci\u00f3n mensual de novas de Galicia e en especial dos Concellos da sur da provincia de Pontevedra.\",\"publisher\":{\"@id\":\"https:\\\/\\\/www.anovapeneira.gal\\\/#organization\"},\"potentialAction\":[{\"@type\":\"SearchAction\",\"target\":{\"@type\":\"EntryPoint\",\"urlTemplate\":\"https:\\\/\\\/www.anovapeneira.gal\\\/?s={search_term_string}\"},\"query-input\":{\"@type\":\"PropertyValueSpecification\",\"valueRequired\":true,\"valueName\":\"search_term_string\"}}],\"inLanguage\":\"gl-ES\"},{\"@type\":\"Organization\",\"@id\":\"https:\\\/\\\/www.anovapeneira.gal\\\/#organization\",\"name\":\"A Nova Peneira\",\"url\":\"https:\\\/\\\/www.anovapeneira.gal\\\/\",\"logo\":{\"@type\":\"ImageObject\",\"inLanguage\":\"gl-ES\",\"@id\":\"https:\\\/\\\/www.anovapeneira.gal\\\/#\\\/schema\\\/logo\\\/image\\\/\",\"url\":\"http:\\\/\\\/www.anovapeneira.gal\\\/wp-content\\\/uploads\\\/2019\\\/06\\\/logo_a_nova_peneira_portal_web.png\",\"contentUrl\":\"http:\\\/\\\/www.anovapeneira.gal\\\/wp-content\\\/uploads\\\/2019\\\/06\\\/logo_a_nova_peneira_portal_web.png\",\"width\":300,\"height\":100,\"caption\":\"A Nova Peneira\"},\"image\":{\"@id\":\"https:\\\/\\\/www.anovapeneira.gal\\\/#\\\/schema\\\/logo\\\/image\\\/\"},\"sameAs\":[\"https:\\\/\\\/www.facebook.com\\\/anovapeneira\",\"https:\\\/\\\/x.com\\\/APeneira\"]},{\"@type\":\"Person\",\"@id\":\"https:\\\/\\\/www.anovapeneira.gal\\\/#\\\/schema\\\/person\\\/42f904d7cac80cf3f5a31494dd82a9b6\",\"name\":\"G. Figueiredo\",\"image\":{\"@type\":\"ImageObject\",\"inLanguage\":\"gl-ES\",\"@id\":\"https:\\\/\\\/secure.gravatar.com\\\/avatar\\\/2d970086688458e0398ef8b84f5cbb8cc1ec3ab115aeb8435135a9f556af97b3?s=96&d=mm&r=g\",\"url\":\"https:\\\/\\\/secure.gravatar.com\\\/avatar\\\/2d970086688458e0398ef8b84f5cbb8cc1ec3ab115aeb8435135a9f556af97b3?s=96&d=mm&r=g\",\"contentUrl\":\"https:\\\/\\\/secure.gravatar.com\\\/avatar\\\/2d970086688458e0398ef8b84f5cbb8cc1ec3ab115aeb8435135a9f556af97b3?s=96&d=mm&r=g\",\"caption\":\"G. Figueiredo\"},\"sameAs\":[\"http:\\\/\\\/www.anovapeneira.gal\\\/\"],\"url\":\"https:\\\/\\\/www.anovapeneira.gal\\\/index.php\\\/author\\\/g-figueiredo\\\/\"}]}<\/script>\n<!-- \/ Yoast SEO plugin. -->","yoast_head_json":{"title":"XLIII Edici\u00f3n da Festa do Gaiteiro Soutelo de Montes 2022 -","description":"A parroquia de Soutelo de Montes a\u00ednda lembra hoxe a Avelino Cachafeiro, proclamado no ano 1924 como o mellor gaiteiro de Galicia","robots":{"index":"index","follow":"follow","max-snippet":"max-snippet:-1","max-image-preview":"max-image-preview:large","max-video-preview":"max-video-preview:-1"},"canonical":"https:\/\/www.anovapeneira.gal\/index.php\/2022\/08\/12\/xliii-edicion-da-festa-do-gaiteiro-soutelo-de-montes-2022\/","og_locale":"gl_ES","og_type":"article","og_title":"XLIII Edici\u00f3n da Festa do Gaiteiro Soutelo de Montes 2022 -","og_description":"A parroquia de Soutelo de Montes a\u00ednda lembra hoxe a Avelino Cachafeiro, proclamado no ano 1924 como o mellor gaiteiro de Galicia","og_url":"https:\/\/www.anovapeneira.gal\/index.php\/2022\/08\/12\/xliii-edicion-da-festa-do-gaiteiro-soutelo-de-montes-2022\/","article_publisher":"https:\/\/www.facebook.com\/anovapeneira","article_published_time":"2022-08-12T10:00:44+00:00","og_image":[{"width":720,"height":432,"url":"https:\/\/www.anovapeneira.gal\/wp-content\/uploads\/2022\/08\/gaitas_soutelo.jpg","type":"image\/jpeg"}],"author":"G. Figueiredo","twitter_card":"summary_large_image","twitter_creator":"@APeneira","twitter_site":"@APeneira","twitter_misc":{"Escrito por":"G. Figueiredo","Tempo de lectura":"8 minutos"},"schema":{"@context":"https:\/\/schema.org","@graph":[{"@type":"Article","@id":"https:\/\/www.anovapeneira.gal\/index.php\/2022\/08\/12\/xliii-edicion-da-festa-do-gaiteiro-soutelo-de-montes-2022\/#article","isPartOf":{"@id":"https:\/\/www.anovapeneira.gal\/index.php\/2022\/08\/12\/xliii-edicion-da-festa-do-gaiteiro-soutelo-de-montes-2022\/"},"author":{"name":"G. Figueiredo","@id":"https:\/\/www.anovapeneira.gal\/#\/schema\/person\/42f904d7cac80cf3f5a31494dd82a9b6"},"headline":"XLIII Edici\u00f3n da Festa do Gaiteiro Soutelo de Montes 2022","datePublished":"2022-08-12T10:00:44+00:00","mainEntityOfPage":{"@id":"https:\/\/www.anovapeneira.gal\/index.php\/2022\/08\/12\/xliii-edicion-da-festa-do-gaiteiro-soutelo-de-montes-2022\/"},"wordCount":1497,"commentCount":0,"publisher":{"@id":"https:\/\/www.anovapeneira.gal\/#organization"},"image":{"@id":"https:\/\/www.anovapeneira.gal\/index.php\/2022\/08\/12\/xliii-edicion-da-festa-do-gaiteiro-soutelo-de-montes-2022\/#primaryimage"},"thumbnailUrl":"https:\/\/www.anovapeneira.gal\/wp-content\/uploads\/2022\/08\/gaitas_soutelo.jpg","keywords":["Concello de Forcarei","Soutelo de Montes"],"articleSection":["Pontevedra"],"inLanguage":"gl-ES","potentialAction":[{"@type":"CommentAction","name":"Comment","target":["https:\/\/www.anovapeneira.gal\/index.php\/2022\/08\/12\/xliii-edicion-da-festa-do-gaiteiro-soutelo-de-montes-2022\/#respond"]}]},{"@type":"WebPage","@id":"https:\/\/www.anovapeneira.gal\/index.php\/2022\/08\/12\/xliii-edicion-da-festa-do-gaiteiro-soutelo-de-montes-2022\/","url":"https:\/\/www.anovapeneira.gal\/index.php\/2022\/08\/12\/xliii-edicion-da-festa-do-gaiteiro-soutelo-de-montes-2022\/","name":"XLIII Edici\u00f3n da Festa do Gaiteiro Soutelo de Montes 2022 -","isPartOf":{"@id":"https:\/\/www.anovapeneira.gal\/#website"},"primaryImageOfPage":{"@id":"https:\/\/www.anovapeneira.gal\/index.php\/2022\/08\/12\/xliii-edicion-da-festa-do-gaiteiro-soutelo-de-montes-2022\/#primaryimage"},"image":{"@id":"https:\/\/www.anovapeneira.gal\/index.php\/2022\/08\/12\/xliii-edicion-da-festa-do-gaiteiro-soutelo-de-montes-2022\/#primaryimage"},"thumbnailUrl":"https:\/\/www.anovapeneira.gal\/wp-content\/uploads\/2022\/08\/gaitas_soutelo.jpg","datePublished":"2022-08-12T10:00:44+00:00","description":"A parroquia de Soutelo de Montes a\u00ednda lembra hoxe a Avelino Cachafeiro, proclamado no ano 1924 como o mellor gaiteiro de Galicia","breadcrumb":{"@id":"https:\/\/www.anovapeneira.gal\/index.php\/2022\/08\/12\/xliii-edicion-da-festa-do-gaiteiro-soutelo-de-montes-2022\/#breadcrumb"},"inLanguage":"gl-ES","potentialAction":[{"@type":"ReadAction","target":["https:\/\/www.anovapeneira.gal\/index.php\/2022\/08\/12\/xliii-edicion-da-festa-do-gaiteiro-soutelo-de-montes-2022\/"]}]},{"@type":"ImageObject","inLanguage":"gl-ES","@id":"https:\/\/www.anovapeneira.gal\/index.php\/2022\/08\/12\/xliii-edicion-da-festa-do-gaiteiro-soutelo-de-montes-2022\/#primaryimage","url":"https:\/\/www.anovapeneira.gal\/wp-content\/uploads\/2022\/08\/gaitas_soutelo.jpg","contentUrl":"https:\/\/www.anovapeneira.gal\/wp-content\/uploads\/2022\/08\/gaitas_soutelo.jpg","width":720,"height":432,"caption":"XLIII Edici\u00f3n da Festa do Gaiteiro"},{"@type":"BreadcrumbList","@id":"https:\/\/www.anovapeneira.gal\/index.php\/2022\/08\/12\/xliii-edicion-da-festa-do-gaiteiro-soutelo-de-montes-2022\/#breadcrumb","itemListElement":[{"@type":"ListItem","position":1,"name":"Portada","item":"https:\/\/www.anovapeneira.gal\/"},{"@type":"ListItem","position":2,"name":"XLIII Edici\u00f3n da Festa do Gaiteiro Soutelo de Montes 2022"}]},{"@type":"WebSite","@id":"https:\/\/www.anovapeneira.gal\/#website","url":"https:\/\/www.anovapeneira.gal\/","name":"","description":"Xornal galego de informaci\u00f3n xeral Publicaci\u00f3n mensual de novas de Galicia e en especial dos Concellos da sur da provincia de Pontevedra.","publisher":{"@id":"https:\/\/www.anovapeneira.gal\/#organization"},"potentialAction":[{"@type":"SearchAction","target":{"@type":"EntryPoint","urlTemplate":"https:\/\/www.anovapeneira.gal\/?s={search_term_string}"},"query-input":{"@type":"PropertyValueSpecification","valueRequired":true,"valueName":"search_term_string"}}],"inLanguage":"gl-ES"},{"@type":"Organization","@id":"https:\/\/www.anovapeneira.gal\/#organization","name":"A Nova Peneira","url":"https:\/\/www.anovapeneira.gal\/","logo":{"@type":"ImageObject","inLanguage":"gl-ES","@id":"https:\/\/www.anovapeneira.gal\/#\/schema\/logo\/image\/","url":"http:\/\/www.anovapeneira.gal\/wp-content\/uploads\/2019\/06\/logo_a_nova_peneira_portal_web.png","contentUrl":"http:\/\/www.anovapeneira.gal\/wp-content\/uploads\/2019\/06\/logo_a_nova_peneira_portal_web.png","width":300,"height":100,"caption":"A Nova Peneira"},"image":{"@id":"https:\/\/www.anovapeneira.gal\/#\/schema\/logo\/image\/"},"sameAs":["https:\/\/www.facebook.com\/anovapeneira","https:\/\/x.com\/APeneira"]},{"@type":"Person","@id":"https:\/\/www.anovapeneira.gal\/#\/schema\/person\/42f904d7cac80cf3f5a31494dd82a9b6","name":"G. Figueiredo","image":{"@type":"ImageObject","inLanguage":"gl-ES","@id":"https:\/\/secure.gravatar.com\/avatar\/2d970086688458e0398ef8b84f5cbb8cc1ec3ab115aeb8435135a9f556af97b3?s=96&d=mm&r=g","url":"https:\/\/secure.gravatar.com\/avatar\/2d970086688458e0398ef8b84f5cbb8cc1ec3ab115aeb8435135a9f556af97b3?s=96&d=mm&r=g","contentUrl":"https:\/\/secure.gravatar.com\/avatar\/2d970086688458e0398ef8b84f5cbb8cc1ec3ab115aeb8435135a9f556af97b3?s=96&d=mm&r=g","caption":"G. Figueiredo"},"sameAs":["http:\/\/www.anovapeneira.gal\/"],"url":"https:\/\/www.anovapeneira.gal\/index.php\/author\/g-figueiredo\/"}]}},"jetpack_featured_media_url":"https:\/\/www.anovapeneira.gal\/wp-content\/uploads\/2022\/08\/gaitas_soutelo.jpg","_links":{"self":[{"href":"https:\/\/www.anovapeneira.gal\/index.php\/wp-json\/wp\/v2\/posts\/7941","targetHints":{"allow":["GET"]}}],"collection":[{"href":"https:\/\/www.anovapeneira.gal\/index.php\/wp-json\/wp\/v2\/posts"}],"about":[{"href":"https:\/\/www.anovapeneira.gal\/index.php\/wp-json\/wp\/v2\/types\/post"}],"author":[{"embeddable":true,"href":"https:\/\/www.anovapeneira.gal\/index.php\/wp-json\/wp\/v2\/users\/17"}],"replies":[{"embeddable":true,"href":"https:\/\/www.anovapeneira.gal\/index.php\/wp-json\/wp\/v2\/comments?post=7941"}],"version-history":[{"count":3,"href":"https:\/\/www.anovapeneira.gal\/index.php\/wp-json\/wp\/v2\/posts\/7941\/revisions"}],"predecessor-version":[{"id":7947,"href":"https:\/\/www.anovapeneira.gal\/index.php\/wp-json\/wp\/v2\/posts\/7941\/revisions\/7947"}],"wp:featuredmedia":[{"embeddable":true,"href":"https:\/\/www.anovapeneira.gal\/index.php\/wp-json\/wp\/v2\/media\/7944"}],"wp:attachment":[{"href":"https:\/\/www.anovapeneira.gal\/index.php\/wp-json\/wp\/v2\/media?parent=7941"}],"wp:term":[{"taxonomy":"category","embeddable":true,"href":"https:\/\/www.anovapeneira.gal\/index.php\/wp-json\/wp\/v2\/categories?post=7941"},{"taxonomy":"post_tag","embeddable":true,"href":"https:\/\/www.anovapeneira.gal\/index.php\/wp-json\/wp\/v2\/tags?post=7941"}],"curies":[{"name":"wp","href":"https:\/\/api.w.org\/{rel}","templated":true}]}}