{"id":7948,"date":"2022-08-15T10:00:41","date_gmt":"2022-08-15T08:00:41","guid":{"rendered":"https:\/\/www.anovapeneira.gal\/?p=7948"},"modified":"2022-08-08T10:00:11","modified_gmt":"2022-08-08T08:00:11","slug":"lucia-santos-candidata-do-bng-a-alcaldia-de-marin","status":"publish","type":"post","link":"https:\/\/www.anovapeneira.gal\/index.php\/2022\/08\/15\/lucia-santos-candidata-do-bng-a-alcaldia-de-marin\/","title":{"rendered":"Luc\u00eda Santos candidata do BNG \u00e1 alcald\u00eda de Mar\u00edn"},"content":{"rendered":"\n<p><strong>Luc\u00eda Santos ven de ser nomeada, de forma un\u00e1nime, candidata do BNG \u00e1 alcald\u00eda de Mar\u00edn nas elecci\u00f3ns municipais que se celebrar\u00e1n o pr\u00f3ximo ano. Nun contexto moi positivo para o nacionalismo galego en xeral, do que Mar\u00edn non \u00e9 alleo, todo indica que o seu crecemento vai ser m\u00e1is que notable e Luc\u00eda amosouse enormemente ilusionada en que desta volta si, O BNG , poida disputarlle a maior\u00eda social de Mar\u00edn ao PP de Mar\u00eda Ramallo. Vela\u00ed vai o que deu de si a nosa conversa.<\/strong><\/p>\n\n\n\n<p>\u201c<strong>En Mar\u00edn s\u00f3 hai d\u00faas alternativas: o modelo de nepotismo e desleixo do PP de toda a vida, ou o modelo das vilas BNG como Pontevedra, Bueu ou o Moa\u00f1a\u201d<\/strong><\/p>\n\n\n\n<p><strong>A pouco menos dun ano das municipais do 23, como est\u00e1 a situaci\u00f3n do BNG en Mar\u00edn?<\/strong><\/p>\n\n\n\n<blockquote class=\"wp-block-quote is-layout-flow wp-block-quote-is-layout-flow\"><p>Como sabes, Tino, eu levo toda a vida militando no BNG, e como en calquera proceso da vida que se prolonga moito tempo, xa vin de todo, e podo dicir con rotundidade que estamos nun dos nosos mellores momentos. A unidade, a comodidade a conexi\u00f3n coa sociedade e a vontade de disputarlle a maior\u00eda social de Mar\u00edn ao PP son absolutas no conxunto da agrupaci\u00f3n local.<\/p><\/blockquote>\n\n\n\n<p><strong>Xa podemos dicir que vas ser a candidata nacionalista nas vindeiras elecci\u00f3ns municipais?<\/strong><\/p>\n\n\n\n<blockquote class=\"wp-block-quote is-layout-flow wp-block-quote-is-layout-flow\"><p>Si, fun escollida de maneira un\u00e1nime, algo que me fai sentir enormemente honrada, agradecida ao conxunto da militancia e cun inmenso sentimento de responsabilidade para responder \u00e1 confianza outorgada.<\/p><\/blockquote>\n\n\n\n<p><strong>E, en relaci\u00f3n ao goberno municipal que nos tes que dicir?<\/strong><\/p>\n\n\n\n<blockquote class=\"wp-block-quote is-layout-flow wp-block-quote-is-layout-flow\"><p>Hai que reco\u00f1ecer que hai unha \u00e1rea que funciona moi ben, que \u00e9 a de publicidade e propaganda. Ao resto nin est\u00e1 nin se lle espera. O goberno de Mar\u00eda Ramallo \u00e9 puro postureo. O seu \u00fanico obxectivo \u00e9 manterse no poder e empregan todos os recursos dos que dispo\u00f1en para venderse,non para abordar os numerosos problemas graves que padece Mar\u00edn.<\/p><\/blockquote>\n\n\n\n<p><strong>Facemos esta entrevista na parroquia de Seixo. Aqu\u00ed hai un movemento de resposta social moi importante contra o deterioro da sanidade p\u00fablica e na defensa do seu centro de sa\u00fade. Como est\u00e1 agora a situaci\u00f3n?<\/strong><\/p>\n\n\n\n<blockquote class=\"wp-block-quote is-layout-flow wp-block-quote-is-layout-flow\"><p>Ven de cumprirse un ano da aparici\u00f3n dese movemento social. E segue habendo importantes eivas tanto no centro de sa\u00fade de Seixo como en Mar\u00edn. En xeral a situaci\u00f3n da sanidade no conxunto de Mar\u00edn \u00e9 p\u00e9sima. Agora no ver\u00e1n, non hai m\u00e9dicos polas tardes, e o persoal das ma\u00f1\u00e1s \u00e9 moi escaso, non chega para atender as necesidades da nosa poboaci\u00f3n.<\/p><\/blockquote>\n\n\n\n<p><strong>Antes coment\u00e1basme que Mar\u00edn padece graves problemas. A modo de s\u00edntese dinos cales son os m\u00e1is importantes?<\/strong><\/p>\n\n\n\n<blockquote class=\"wp-block-quote is-layout-flow wp-block-quote-is-layout-flow\"><p>O asunto da sanidade \u00e9 un dos m\u00e1is importantes. Tam\u00e9n quixera salientar o desleixo e a falta de apoio do goberno de Mar\u00edn ao comercio local. Vemos como d\u00eda a d\u00eda pequenos negocios da nosa vila non te\u00f1en m\u00e1is remedio que pechar e as axudas da administraci\u00f3n municipal brillan pola s\u00faa ausencia. A falta da posta en funcionamento do PXOM \u00e9 dificilmente explicable, m\u00e1is tendo en conta a privilexiada situaci\u00f3n aritm\u00e9tica coa que conta o goberno do PP, e sup\u00f3n un lastre para o adecuado desenvolvemento econ\u00f3mico da nosa localidade o que favorece outro dos nosos problemas m\u00e1is graves : o descenso de habitantes<\/p><\/blockquote>\n\n\n\n<p><strong>\u00c9 tan importante ese descenso de poboaci\u00f3n?<\/strong><\/p>\n\n\n\n<blockquote class=\"wp-block-quote is-layout-flow wp-block-quote-is-layout-flow\"><p>E tanto que si. Mar\u00edn leva 11 anos perdendo poboaci\u00f3n, que curiosamente son os anos que leva gobernando o PP. Neste tempo Mar\u00edn perdeu un 6,7% de poboaci\u00f3n. Eramos, antes da chegada do PP, o concello m\u00e1is poboado do Morrazo e agora xa nos supera Cangas<\/p><\/blockquote>\n\n\n\n<p><strong>E cales son, a xu\u00edzo do BNG,os motivos que explican esa ca\u00edda de poboaci\u00f3n?<\/strong><\/p>\n\n\n\n<blockquote class=\"wp-block-quote is-layout-flow wp-block-quote-is-layout-flow\"><p>O que parece evidente \u00e9 que cando a pol\u00edtica municipal fai atractiva a unha localidade, ofrece oportunidades e servizos suficientes para poder desenvolver un proxecto de vida persoal esa localidade crece. Se se d\u00e1 o caso contrario a xente non ven, e os colectivos de persoas que xa est\u00e1n, e que non te\u00f1en opci\u00f3ns , marchan<\/p><\/blockquote>\n\n\n\n<p><strong>O que parece manifestamente mellorable \u00e9 o casco hist\u00f3rico, polo menos \u00e1s veces que tiven a oportunidade de pasear por a\u00ed transm\u00edteme certa sensaci\u00f3n de sucidade e abandono?<\/strong><\/p>\n\n\n\n<blockquote class=\"wp-block-quote is-layout-flow wp-block-quote-is-layout-flow\"><p>Si, \u00e9 unha desgraza pero si. Abandono, desleixo \u00e9 sucidade \u00e9 o que percibe quen transite polas zonas hist\u00f3ricas de Mar\u00edn. Todo isto<\/p><\/blockquote>\n\n\n\n<blockquote class=\"wp-block-quote is-layout-flow wp-block-quote-is-layout-flow\"><p>ven por non p\u00f3r en marcha o plan de protecci\u00f3n de cascos hist\u00f3ricos.<\/p><\/blockquote>\n\n\n\n<p><strong>Como valoras o resultado que est\u00e1 a ter a posta en marcha da zona azul?<\/strong><\/p>\n\n\n\n<blockquote class=\"wp-block-quote is-layout-flow wp-block-quote-is-layout-flow\"><p>A n\u00f3s ese \u00e9 un modelo que non nos parece adecuado, e as\u00ed o dixemos desde o principio. Entendemos que ser\u00edan preferibles outro tipo de alternativas. O l\u00edmite de d\u00faas horas pode ser v\u00e1lido para quen se desprace a Mar\u00edn a comprar ou a facer algunha xesti\u00f3n, pero quen o faga por motivos de traballo vai ter un grave problema.<\/p><\/blockquote>\n\n\n\n<p><strong>ENCE por fin f\u00f3ra da r\u00eda?<\/strong><\/p>\n\n\n\n<blockquote class=\"wp-block-quote is-layout-flow wp-block-quote-is-layout-flow\"><p>Agardo que si, quero ser optimista.<\/p><\/blockquote>\n\n\n\n<p><strong>Malia todas as eivas que padece Mar\u00edn, o goberno municipal goza dunha situaci\u00f3n aritm\u00e9tica excelente, non se pode negar que ten a confianza maioritaria da maior\u00eda da sociedade. Por que?<\/strong><\/p>\n\n\n\n<blockquote class=\"wp-block-quote is-layout-flow wp-block-quote-is-layout-flow\"><p>Esa \u00e9 unha pregunta de dif\u00edcil resposta pois probablemente se trate da suma de raz\u00f3ns diversas, entre as que quixera destacar tres: 1) A sociolox\u00eda da nosa vila \u00e9 un tanto diferente \u00e1 das vilas veci\u00f1as pois a escola naval militar en parte veu colonizar a mentalidade colectiva dalg\u00fans segmentos da poboaci\u00f3n.2) Como che dixen antes a \u00e1rea de comunicaci\u00f3n \u00e9 propaganda do noso concello funciona moi ben. Gobernar non gobernan, pero reco\u00f1\u00e9zolles o m\u00e9rito de seren uns vendedores excelente.3) A situaci\u00f3n na que se presentou a esquerda de Mar\u00edn ao proceso electoral do 2019 foi autenticamente disparatada. \u00c1 esquerda do PSOE estabamos 4 candidaturas. Houbo cerca de 2.000 votos de esquerdas que, polo atomizado que estaba ese espectro pol\u00edtico, non serviron para nada, foron ao lixo e quedaron sen representaci\u00f3n. En consecuencia o PP obtivo unha sobre representaci\u00f3n que non se corresponde coa realidade.<\/p><\/blockquote>\n\n\n\n<p><strong>Supo\u00f1o que esa situaci\u00f3n de atomizaci\u00f3n non se repetir\u00e1 no 2023?<\/strong><\/p>\n\n\n\n<blockquote class=\"wp-block-quote is-layout-flow wp-block-quote-is-layout-flow\"><p>Eu agardo que non. Espero que se tomara nota do resultado que produciu. Aproveito a oportunidade para convidar a todas e todos os meus veci\u00f1os que entendan que Mar\u00edn precisa un cambio a que se sumen ao proxecto transformador do BNG<\/p><\/blockquote>\n\n\n\n<p><strong>Xa tedes conformado o tramo inicial da candidatura?<\/strong><\/p>\n\n\n\n<blockquote class=\"wp-block-quote is-layout-flow wp-block-quote-is-layout-flow\"><p>Estamos traballando para conformar unha candidatura que ilusione, de persoas capaces e comprometidas. Agardo poder anunciar as persoas que me acompa\u00f1en, polo menos nos primeiros postos, no vindeiro mes de setembro<\/p><\/blockquote>\n\n\n\n<p><strong>As expectativas realistas que tedes?<\/strong><\/p>\n\n\n\n<blockquote class=\"wp-block-quote is-layout-flow wp-block-quote-is-layout-flow\"><p>Achegarnos o m\u00e1is posible, ou incluso superar, ao resultado marabilloso que tivemos nas auton\u00f3micas. O que est\u00e1 claro \u00e9 que s\u00f3 hai d\u00faas alternativas: o modelo de desleixo e nepotismo do PP de toda a vida, ou o modelo das vilas BNG que xa gozan Pontevedra, Bueu ou Moa\u00f1a.<\/p><\/blockquote>\n","protected":false},"excerpt":{"rendered":"<div class=\"mh-excerpt\"><p>Luc\u00eda Santos ven de ser nomeada, de forma un\u00e1nime, candidata do BNG \u00e1 alcald\u00eda de Mar\u00edn nas elecci\u00f3ns municipais que se celebrar\u00e1n o pr\u00f3ximo ano <a class=\"mh-excerpt-more\" href=\"https:\/\/www.anovapeneira.gal\/index.php\/2022\/08\/15\/lucia-santos-candidata-do-bng-a-alcaldia-de-marin\/\" title=\"Luc\u00eda Santos candidata do BNG \u00e1 alcald\u00eda de Mar\u00edn\">[&#8230;]<\/a><\/p>\n<\/div>","protected":false},"author":3,"featured_media":7949,"comment_status":"open","ping_status":"open","sticky":false,"template":"","format":"standard","meta":{"_exactmetrics_skip_tracking":false,"_exactmetrics_sitenote_active":false,"_exactmetrics_sitenote_note":"","_exactmetrics_sitenote_category":0,"footnotes":""},"categories":[267],"tags":[144],"class_list":{"0":"post-7948","1":"post","2":"type-post","3":"status-publish","4":"format-standard","5":"has-post-thumbnail","7":"category-condado-entrevistas","8":"tag-concello-de-marin"},"yoast_head":"<!-- This site is optimized with the Yoast SEO plugin v27.4 - https:\/\/yoast.com\/product\/yoast-seo-wordpress\/ -->\n<title>Luc\u00eda Santos candidata do BNG \u00e1 alcald\u00eda de Mar\u00edn -<\/title>\n<meta name=\"description\" content=\"Luc\u00eda Santos ven de ser nomeada, de forma un\u00e1nime, candidata do BNG \u00e1 alcald\u00eda de Mar\u00edn nas elecci\u00f3ns municipais que se celebrar\u00e1n o pr\u00f3ximo ano\" \/>\n<meta name=\"robots\" content=\"index, follow, max-snippet:-1, max-image-preview:large, max-video-preview:-1\" \/>\n<link rel=\"canonical\" href=\"https:\/\/www.anovapeneira.gal\/index.php\/2022\/08\/15\/lucia-santos-candidata-do-bng-a-alcaldia-de-marin\/\" \/>\n<meta property=\"og:locale\" content=\"gl_ES\" \/>\n<meta property=\"og:type\" content=\"article\" \/>\n<meta property=\"og:title\" content=\"Luc\u00eda Santos candidata do BNG \u00e1 alcald\u00eda de Mar\u00edn -\" \/>\n<meta property=\"og:description\" content=\"Luc\u00eda Santos ven de ser nomeada, de forma un\u00e1nime, candidata do BNG \u00e1 alcald\u00eda de Mar\u00edn nas elecci\u00f3ns municipais que se celebrar\u00e1n o pr\u00f3ximo ano\" \/>\n<meta property=\"og:url\" content=\"https:\/\/www.anovapeneira.gal\/index.php\/2022\/08\/15\/lucia-santos-candidata-do-bng-a-alcaldia-de-marin\/\" \/>\n<meta property=\"article:publisher\" content=\"https:\/\/www.facebook.com\/anovapeneira\" \/>\n<meta property=\"article:published_time\" content=\"2022-08-15T08:00:41+00:00\" \/>\n<meta property=\"og:image\" content=\"https:\/\/www.anovapeneira.gal\/wp-content\/uploads\/2022\/08\/lucia_santos.jpg\" \/>\n\t<meta property=\"og:image:width\" content=\"720\" \/>\n\t<meta property=\"og:image:height\" content=\"432\" \/>\n\t<meta property=\"og:image:type\" content=\"image\/jpeg\" \/>\n<meta name=\"author\" content=\"Redacci\u00f3n A Nova Peneira\" \/>\n<meta name=\"twitter:card\" content=\"summary_large_image\" \/>\n<meta name=\"twitter:creator\" content=\"@APeneira\" \/>\n<meta name=\"twitter:site\" content=\"@APeneira\" \/>\n<meta name=\"twitter:label1\" content=\"Escrito por\" \/>\n\t<meta name=\"twitter:data1\" content=\"Redacci\u00f3n A Nova Peneira\" \/>\n\t<meta name=\"twitter:label2\" content=\"Tempo de lectura\" \/>\n\t<meta name=\"twitter:data2\" content=\"7 minutos\" \/>\n<script type=\"application\/ld+json\" class=\"yoast-schema-graph\">{\"@context\":\"https:\\\/\\\/schema.org\",\"@graph\":[{\"@type\":\"Article\",\"@id\":\"https:\\\/\\\/www.anovapeneira.gal\\\/index.php\\\/2022\\\/08\\\/15\\\/lucia-santos-candidata-do-bng-a-alcaldia-de-marin\\\/#article\",\"isPartOf\":{\"@id\":\"https:\\\/\\\/www.anovapeneira.gal\\\/index.php\\\/2022\\\/08\\\/15\\\/lucia-santos-candidata-do-bng-a-alcaldia-de-marin\\\/\"},\"author\":{\"name\":\"Redacci\u00f3n A Nova Peneira\",\"@id\":\"https:\\\/\\\/www.anovapeneira.gal\\\/#\\\/schema\\\/person\\\/b93e3f8932e3f8da96334607eb6ac6aa\"},\"headline\":\"Luc\u00eda Santos candidata do BNG \u00e1 alcald\u00eda de Mar\u00edn\",\"datePublished\":\"2022-08-15T08:00:41+00:00\",\"mainEntityOfPage\":{\"@id\":\"https:\\\/\\\/www.anovapeneira.gal\\\/index.php\\\/2022\\\/08\\\/15\\\/lucia-santos-candidata-do-bng-a-alcaldia-de-marin\\\/\"},\"wordCount\":1224,\"commentCount\":0,\"publisher\":{\"@id\":\"https:\\\/\\\/www.anovapeneira.gal\\\/#organization\"},\"image\":{\"@id\":\"https:\\\/\\\/www.anovapeneira.gal\\\/index.php\\\/2022\\\/08\\\/15\\\/lucia-santos-candidata-do-bng-a-alcaldia-de-marin\\\/#primaryimage\"},\"thumbnailUrl\":\"https:\\\/\\\/www.anovapeneira.gal\\\/wp-content\\\/uploads\\\/2022\\\/08\\\/lucia_santos.jpg\",\"keywords\":[\"Concello de Mar\u00edn\"],\"articleSection\":[\"Condado\"],\"inLanguage\":\"gl-ES\",\"potentialAction\":[{\"@type\":\"CommentAction\",\"name\":\"Comment\",\"target\":[\"https:\\\/\\\/www.anovapeneira.gal\\\/index.php\\\/2022\\\/08\\\/15\\\/lucia-santos-candidata-do-bng-a-alcaldia-de-marin\\\/#respond\"]}]},{\"@type\":\"WebPage\",\"@id\":\"https:\\\/\\\/www.anovapeneira.gal\\\/index.php\\\/2022\\\/08\\\/15\\\/lucia-santos-candidata-do-bng-a-alcaldia-de-marin\\\/\",\"url\":\"https:\\\/\\\/www.anovapeneira.gal\\\/index.php\\\/2022\\\/08\\\/15\\\/lucia-santos-candidata-do-bng-a-alcaldia-de-marin\\\/\",\"name\":\"Luc\u00eda Santos candidata do BNG \u00e1 alcald\u00eda de Mar\u00edn -\",\"isPartOf\":{\"@id\":\"https:\\\/\\\/www.anovapeneira.gal\\\/#website\"},\"primaryImageOfPage\":{\"@id\":\"https:\\\/\\\/www.anovapeneira.gal\\\/index.php\\\/2022\\\/08\\\/15\\\/lucia-santos-candidata-do-bng-a-alcaldia-de-marin\\\/#primaryimage\"},\"image\":{\"@id\":\"https:\\\/\\\/www.anovapeneira.gal\\\/index.php\\\/2022\\\/08\\\/15\\\/lucia-santos-candidata-do-bng-a-alcaldia-de-marin\\\/#primaryimage\"},\"thumbnailUrl\":\"https:\\\/\\\/www.anovapeneira.gal\\\/wp-content\\\/uploads\\\/2022\\\/08\\\/lucia_santos.jpg\",\"datePublished\":\"2022-08-15T08:00:41+00:00\",\"description\":\"Luc\u00eda Santos ven de ser nomeada, de forma un\u00e1nime, candidata do BNG \u00e1 alcald\u00eda de Mar\u00edn nas elecci\u00f3ns municipais que se celebrar\u00e1n o pr\u00f3ximo ano\",\"breadcrumb\":{\"@id\":\"https:\\\/\\\/www.anovapeneira.gal\\\/index.php\\\/2022\\\/08\\\/15\\\/lucia-santos-candidata-do-bng-a-alcaldia-de-marin\\\/#breadcrumb\"},\"inLanguage\":\"gl-ES\",\"potentialAction\":[{\"@type\":\"ReadAction\",\"target\":[\"https:\\\/\\\/www.anovapeneira.gal\\\/index.php\\\/2022\\\/08\\\/15\\\/lucia-santos-candidata-do-bng-a-alcaldia-de-marin\\\/\"]}]},{\"@type\":\"ImageObject\",\"inLanguage\":\"gl-ES\",\"@id\":\"https:\\\/\\\/www.anovapeneira.gal\\\/index.php\\\/2022\\\/08\\\/15\\\/lucia-santos-candidata-do-bng-a-alcaldia-de-marin\\\/#primaryimage\",\"url\":\"https:\\\/\\\/www.anovapeneira.gal\\\/wp-content\\\/uploads\\\/2022\\\/08\\\/lucia_santos.jpg\",\"contentUrl\":\"https:\\\/\\\/www.anovapeneira.gal\\\/wp-content\\\/uploads\\\/2022\\\/08\\\/lucia_santos.jpg\",\"width\":720,\"height\":432,\"caption\":\"Luc\u00eda Santos Mar\u00edn\"},{\"@type\":\"BreadcrumbList\",\"@id\":\"https:\\\/\\\/www.anovapeneira.gal\\\/index.php\\\/2022\\\/08\\\/15\\\/lucia-santos-candidata-do-bng-a-alcaldia-de-marin\\\/#breadcrumb\",\"itemListElement\":[{\"@type\":\"ListItem\",\"position\":1,\"name\":\"Portada\",\"item\":\"https:\\\/\\\/www.anovapeneira.gal\\\/\"},{\"@type\":\"ListItem\",\"position\":2,\"name\":\"Luc\u00eda Santos candidata do BNG \u00e1 alcald\u00eda de Mar\u00edn\"}]},{\"@type\":\"WebSite\",\"@id\":\"https:\\\/\\\/www.anovapeneira.gal\\\/#website\",\"url\":\"https:\\\/\\\/www.anovapeneira.gal\\\/\",\"name\":\"\",\"description\":\"Xornal galego de informaci\u00f3n xeral Publicaci\u00f3n mensual de novas de Galicia e en especial dos Concellos da sur da provincia de Pontevedra.\",\"publisher\":{\"@id\":\"https:\\\/\\\/www.anovapeneira.gal\\\/#organization\"},\"potentialAction\":[{\"@type\":\"SearchAction\",\"target\":{\"@type\":\"EntryPoint\",\"urlTemplate\":\"https:\\\/\\\/www.anovapeneira.gal\\\/?s={search_term_string}\"},\"query-input\":{\"@type\":\"PropertyValueSpecification\",\"valueRequired\":true,\"valueName\":\"search_term_string\"}}],\"inLanguage\":\"gl-ES\"},{\"@type\":\"Organization\",\"@id\":\"https:\\\/\\\/www.anovapeneira.gal\\\/#organization\",\"name\":\"A Nova Peneira\",\"url\":\"https:\\\/\\\/www.anovapeneira.gal\\\/\",\"logo\":{\"@type\":\"ImageObject\",\"inLanguage\":\"gl-ES\",\"@id\":\"https:\\\/\\\/www.anovapeneira.gal\\\/#\\\/schema\\\/logo\\\/image\\\/\",\"url\":\"http:\\\/\\\/www.anovapeneira.gal\\\/wp-content\\\/uploads\\\/2019\\\/06\\\/logo_a_nova_peneira_portal_web.png\",\"contentUrl\":\"http:\\\/\\\/www.anovapeneira.gal\\\/wp-content\\\/uploads\\\/2019\\\/06\\\/logo_a_nova_peneira_portal_web.png\",\"width\":300,\"height\":100,\"caption\":\"A Nova Peneira\"},\"image\":{\"@id\":\"https:\\\/\\\/www.anovapeneira.gal\\\/#\\\/schema\\\/logo\\\/image\\\/\"},\"sameAs\":[\"https:\\\/\\\/www.facebook.com\\\/anovapeneira\",\"https:\\\/\\\/x.com\\\/APeneira\"]},{\"@type\":\"Person\",\"@id\":\"https:\\\/\\\/www.anovapeneira.gal\\\/#\\\/schema\\\/person\\\/b93e3f8932e3f8da96334607eb6ac6aa\",\"name\":\"Redacci\u00f3n A Nova Peneira\",\"image\":{\"@type\":\"ImageObject\",\"inLanguage\":\"gl-ES\",\"@id\":\"https:\\\/\\\/secure.gravatar.com\\\/avatar\\\/c052a2551a06e23fac63626232eaa90abd78dbcf1700fc46a2b2c89fd27b735f?s=96&d=mm&r=g\",\"url\":\"https:\\\/\\\/secure.gravatar.com\\\/avatar\\\/c052a2551a06e23fac63626232eaa90abd78dbcf1700fc46a2b2c89fd27b735f?s=96&d=mm&r=g\",\"contentUrl\":\"https:\\\/\\\/secure.gravatar.com\\\/avatar\\\/c052a2551a06e23fac63626232eaa90abd78dbcf1700fc46a2b2c89fd27b735f?s=96&d=mm&r=g\",\"caption\":\"Redacci\u00f3n A Nova Peneira\"},\"sameAs\":[\"http:\\\/\\\/www.anovapeneira.gal\\\/\"],\"url\":\"https:\\\/\\\/www.anovapeneira.gal\\\/index.php\\\/author\\\/redactor\\\/\"}]}<\/script>\n<!-- \/ Yoast SEO plugin. -->","yoast_head_json":{"title":"Luc\u00eda Santos candidata do BNG \u00e1 alcald\u00eda de Mar\u00edn -","description":"Luc\u00eda Santos ven de ser nomeada, de forma un\u00e1nime, candidata do BNG \u00e1 alcald\u00eda de Mar\u00edn nas elecci\u00f3ns municipais que se celebrar\u00e1n o pr\u00f3ximo ano","robots":{"index":"index","follow":"follow","max-snippet":"max-snippet:-1","max-image-preview":"max-image-preview:large","max-video-preview":"max-video-preview:-1"},"canonical":"https:\/\/www.anovapeneira.gal\/index.php\/2022\/08\/15\/lucia-santos-candidata-do-bng-a-alcaldia-de-marin\/","og_locale":"gl_ES","og_type":"article","og_title":"Luc\u00eda Santos candidata do BNG \u00e1 alcald\u00eda de Mar\u00edn -","og_description":"Luc\u00eda Santos ven de ser nomeada, de forma un\u00e1nime, candidata do BNG \u00e1 alcald\u00eda de Mar\u00edn nas elecci\u00f3ns municipais que se celebrar\u00e1n o pr\u00f3ximo ano","og_url":"https:\/\/www.anovapeneira.gal\/index.php\/2022\/08\/15\/lucia-santos-candidata-do-bng-a-alcaldia-de-marin\/","article_publisher":"https:\/\/www.facebook.com\/anovapeneira","article_published_time":"2022-08-15T08:00:41+00:00","og_image":[{"width":720,"height":432,"url":"https:\/\/www.anovapeneira.gal\/wp-content\/uploads\/2022\/08\/lucia_santos.jpg","type":"image\/jpeg"}],"author":"Redacci\u00f3n A Nova Peneira","twitter_card":"summary_large_image","twitter_creator":"@APeneira","twitter_site":"@APeneira","twitter_misc":{"Escrito por":"Redacci\u00f3n A Nova Peneira","Tempo de lectura":"7 minutos"},"schema":{"@context":"https:\/\/schema.org","@graph":[{"@type":"Article","@id":"https:\/\/www.anovapeneira.gal\/index.php\/2022\/08\/15\/lucia-santos-candidata-do-bng-a-alcaldia-de-marin\/#article","isPartOf":{"@id":"https:\/\/www.anovapeneira.gal\/index.php\/2022\/08\/15\/lucia-santos-candidata-do-bng-a-alcaldia-de-marin\/"},"author":{"name":"Redacci\u00f3n A Nova Peneira","@id":"https:\/\/www.anovapeneira.gal\/#\/schema\/person\/b93e3f8932e3f8da96334607eb6ac6aa"},"headline":"Luc\u00eda Santos candidata do BNG \u00e1 alcald\u00eda de Mar\u00edn","datePublished":"2022-08-15T08:00:41+00:00","mainEntityOfPage":{"@id":"https:\/\/www.anovapeneira.gal\/index.php\/2022\/08\/15\/lucia-santos-candidata-do-bng-a-alcaldia-de-marin\/"},"wordCount":1224,"commentCount":0,"publisher":{"@id":"https:\/\/www.anovapeneira.gal\/#organization"},"image":{"@id":"https:\/\/www.anovapeneira.gal\/index.php\/2022\/08\/15\/lucia-santos-candidata-do-bng-a-alcaldia-de-marin\/#primaryimage"},"thumbnailUrl":"https:\/\/www.anovapeneira.gal\/wp-content\/uploads\/2022\/08\/lucia_santos.jpg","keywords":["Concello de Mar\u00edn"],"articleSection":["Condado"],"inLanguage":"gl-ES","potentialAction":[{"@type":"CommentAction","name":"Comment","target":["https:\/\/www.anovapeneira.gal\/index.php\/2022\/08\/15\/lucia-santos-candidata-do-bng-a-alcaldia-de-marin\/#respond"]}]},{"@type":"WebPage","@id":"https:\/\/www.anovapeneira.gal\/index.php\/2022\/08\/15\/lucia-santos-candidata-do-bng-a-alcaldia-de-marin\/","url":"https:\/\/www.anovapeneira.gal\/index.php\/2022\/08\/15\/lucia-santos-candidata-do-bng-a-alcaldia-de-marin\/","name":"Luc\u00eda Santos candidata do BNG \u00e1 alcald\u00eda de Mar\u00edn -","isPartOf":{"@id":"https:\/\/www.anovapeneira.gal\/#website"},"primaryImageOfPage":{"@id":"https:\/\/www.anovapeneira.gal\/index.php\/2022\/08\/15\/lucia-santos-candidata-do-bng-a-alcaldia-de-marin\/#primaryimage"},"image":{"@id":"https:\/\/www.anovapeneira.gal\/index.php\/2022\/08\/15\/lucia-santos-candidata-do-bng-a-alcaldia-de-marin\/#primaryimage"},"thumbnailUrl":"https:\/\/www.anovapeneira.gal\/wp-content\/uploads\/2022\/08\/lucia_santos.jpg","datePublished":"2022-08-15T08:00:41+00:00","description":"Luc\u00eda Santos ven de ser nomeada, de forma un\u00e1nime, candidata do BNG \u00e1 alcald\u00eda de Mar\u00edn nas elecci\u00f3ns municipais que se celebrar\u00e1n o pr\u00f3ximo ano","breadcrumb":{"@id":"https:\/\/www.anovapeneira.gal\/index.php\/2022\/08\/15\/lucia-santos-candidata-do-bng-a-alcaldia-de-marin\/#breadcrumb"},"inLanguage":"gl-ES","potentialAction":[{"@type":"ReadAction","target":["https:\/\/www.anovapeneira.gal\/index.php\/2022\/08\/15\/lucia-santos-candidata-do-bng-a-alcaldia-de-marin\/"]}]},{"@type":"ImageObject","inLanguage":"gl-ES","@id":"https:\/\/www.anovapeneira.gal\/index.php\/2022\/08\/15\/lucia-santos-candidata-do-bng-a-alcaldia-de-marin\/#primaryimage","url":"https:\/\/www.anovapeneira.gal\/wp-content\/uploads\/2022\/08\/lucia_santos.jpg","contentUrl":"https:\/\/www.anovapeneira.gal\/wp-content\/uploads\/2022\/08\/lucia_santos.jpg","width":720,"height":432,"caption":"Luc\u00eda Santos Mar\u00edn"},{"@type":"BreadcrumbList","@id":"https:\/\/www.anovapeneira.gal\/index.php\/2022\/08\/15\/lucia-santos-candidata-do-bng-a-alcaldia-de-marin\/#breadcrumb","itemListElement":[{"@type":"ListItem","position":1,"name":"Portada","item":"https:\/\/www.anovapeneira.gal\/"},{"@type":"ListItem","position":2,"name":"Luc\u00eda Santos candidata do BNG \u00e1 alcald\u00eda de Mar\u00edn"}]},{"@type":"WebSite","@id":"https:\/\/www.anovapeneira.gal\/#website","url":"https:\/\/www.anovapeneira.gal\/","name":"","description":"Xornal galego de informaci\u00f3n xeral Publicaci\u00f3n mensual de novas de Galicia e en especial dos Concellos da sur da provincia de Pontevedra.","publisher":{"@id":"https:\/\/www.anovapeneira.gal\/#organization"},"potentialAction":[{"@type":"SearchAction","target":{"@type":"EntryPoint","urlTemplate":"https:\/\/www.anovapeneira.gal\/?s={search_term_string}"},"query-input":{"@type":"PropertyValueSpecification","valueRequired":true,"valueName":"search_term_string"}}],"inLanguage":"gl-ES"},{"@type":"Organization","@id":"https:\/\/www.anovapeneira.gal\/#organization","name":"A Nova Peneira","url":"https:\/\/www.anovapeneira.gal\/","logo":{"@type":"ImageObject","inLanguage":"gl-ES","@id":"https:\/\/www.anovapeneira.gal\/#\/schema\/logo\/image\/","url":"http:\/\/www.anovapeneira.gal\/wp-content\/uploads\/2019\/06\/logo_a_nova_peneira_portal_web.png","contentUrl":"http:\/\/www.anovapeneira.gal\/wp-content\/uploads\/2019\/06\/logo_a_nova_peneira_portal_web.png","width":300,"height":100,"caption":"A Nova Peneira"},"image":{"@id":"https:\/\/www.anovapeneira.gal\/#\/schema\/logo\/image\/"},"sameAs":["https:\/\/www.facebook.com\/anovapeneira","https:\/\/x.com\/APeneira"]},{"@type":"Person","@id":"https:\/\/www.anovapeneira.gal\/#\/schema\/person\/b93e3f8932e3f8da96334607eb6ac6aa","name":"Redacci\u00f3n A Nova Peneira","image":{"@type":"ImageObject","inLanguage":"gl-ES","@id":"https:\/\/secure.gravatar.com\/avatar\/c052a2551a06e23fac63626232eaa90abd78dbcf1700fc46a2b2c89fd27b735f?s=96&d=mm&r=g","url":"https:\/\/secure.gravatar.com\/avatar\/c052a2551a06e23fac63626232eaa90abd78dbcf1700fc46a2b2c89fd27b735f?s=96&d=mm&r=g","contentUrl":"https:\/\/secure.gravatar.com\/avatar\/c052a2551a06e23fac63626232eaa90abd78dbcf1700fc46a2b2c89fd27b735f?s=96&d=mm&r=g","caption":"Redacci\u00f3n A Nova Peneira"},"sameAs":["http:\/\/www.anovapeneira.gal\/"],"url":"https:\/\/www.anovapeneira.gal\/index.php\/author\/redactor\/"}]}},"jetpack_featured_media_url":"https:\/\/www.anovapeneira.gal\/wp-content\/uploads\/2022\/08\/lucia_santos.jpg","_links":{"self":[{"href":"https:\/\/www.anovapeneira.gal\/index.php\/wp-json\/wp\/v2\/posts\/7948","targetHints":{"allow":["GET"]}}],"collection":[{"href":"https:\/\/www.anovapeneira.gal\/index.php\/wp-json\/wp\/v2\/posts"}],"about":[{"href":"https:\/\/www.anovapeneira.gal\/index.php\/wp-json\/wp\/v2\/types\/post"}],"author":[{"embeddable":true,"href":"https:\/\/www.anovapeneira.gal\/index.php\/wp-json\/wp\/v2\/users\/3"}],"replies":[{"embeddable":true,"href":"https:\/\/www.anovapeneira.gal\/index.php\/wp-json\/wp\/v2\/comments?post=7948"}],"version-history":[{"count":1,"href":"https:\/\/www.anovapeneira.gal\/index.php\/wp-json\/wp\/v2\/posts\/7948\/revisions"}],"predecessor-version":[{"id":7950,"href":"https:\/\/www.anovapeneira.gal\/index.php\/wp-json\/wp\/v2\/posts\/7948\/revisions\/7950"}],"wp:featuredmedia":[{"embeddable":true,"href":"https:\/\/www.anovapeneira.gal\/index.php\/wp-json\/wp\/v2\/media\/7949"}],"wp:attachment":[{"href":"https:\/\/www.anovapeneira.gal\/index.php\/wp-json\/wp\/v2\/media?parent=7948"}],"wp:term":[{"taxonomy":"category","embeddable":true,"href":"https:\/\/www.anovapeneira.gal\/index.php\/wp-json\/wp\/v2\/categories?post=7948"},{"taxonomy":"post_tag","embeddable":true,"href":"https:\/\/www.anovapeneira.gal\/index.php\/wp-json\/wp\/v2\/tags?post=7948"}],"curies":[{"name":"wp","href":"https:\/\/api.w.org\/{rel}","templated":true}]}}