{"id":795,"date":"2019-08-01T10:00:53","date_gmt":"2019-08-01T08:00:53","guid":{"rendered":"http:\/\/www.anovapeneira.gal\/?p=795"},"modified":"2019-07-27T16:20:16","modified_gmt":"2019-07-27T14:20:16","slug":"o-bng-critica-a-repeticion-dos-pactos-de-despacho-e-pide-consenso-para-renovar-a-valeduria-do-pobo","status":"publish","type":"post","link":"https:\/\/www.anovapeneira.gal\/index.php\/2019\/08\/01\/o-bng-critica-a-repeticion-dos-pactos-de-despacho-e-pide-consenso-para-renovar-a-valeduria-do-pobo\/","title":{"rendered":"O BNG critica a repetici\u00f3n dos \u201cpactos de despacho\u201d e pide consenso para renovar a valedur\u00eda do pobo"},"content":{"rendered":"\n<h2 class=\"wp-block-heading\"><strong>Rodil:\n\u201cComezamos mal porque se vai repetir unha f\u00f3rmula que trouxo\nresultados nefastos e o descr\u00e9dito desta instituci\u00f3n\u201d<\/strong><\/h2>\n\n\n\n<h2 class=\"wp-block-heading\"><strong>O Bloque est\u00e1 preparado ante unha eventual repetici\u00f3n das elecci\u00f3ns para ir a por todas e conseguir que Galiza recupere voz e peso pol\u00edtico no Estado<\/strong> <\/h2>\n\n\n\n<p><strong>Santiago de Compostela, 26 de Xu\u00f1o 2019.<\/strong><\/p>\n\n\n\n<p>O\nBNG reitera a s\u00faa petici\u00f3n de consenso para renovar a Valedur\u00eda do\nPobo abrindo un proceso de negociaci\u00f3n entre todas as forzas\nparlamentarias que permita designar a unha persoa de reco\u00f1ecida\ntraxectoria na defensa dos dereitos colectivos e sociais, ao tempo\nque alerta contra un \u201cpacto de despachos\u201d entre PP e PSOE\nrepetindo unha f\u00f3rmula que deu \u201cresultados nefastos\u201d e sumiu \u00e1\ninstituci\u00f3n \u201cnun descr\u00e9dito sen precedentes\u201d.<\/p>\n\n\n\n<p>As\u00ed\no explicou a viceportavoz parlamentaria, Olalla Rodil, tras a Xunta\nde Portavoces. \n<\/p>\n\n\n\n<p>\u201cComezamos\nmal, moi mal, para renovar unha instituci\u00f3n desprestixiada entre\noutras raz\u00f3ns polo empe\u00f1o do PP de manter ao fronte a unha persoa\ncondenada por nepotismo e por caciquismo, nada menos que por colocar\n\u00e1 irm\u00e1 do portavoz parlamentario do PP. E despois de ter deso\u00eddo\ndurante meses a petici\u00f3n do BNG de cese da valedora, agora quere\nfacer unha renovaci\u00f3n a fume de carozo e sen negociaci\u00f3n nin\ndi\u00e1logo\u201d, criticou.<\/p>\n\n\n\n<p>Desde\na formaci\u00f3n nacionalista proponse abrir un proceso de negociaci\u00f3n e\ndi\u00e1logo \u201cpara establecer o perfil da persoa m\u00e1is aca\u00edda que,\npara o Bloque, deber\u00eda ser unha persoa con traxectoria na defensa\ndos dereitos sociais e colectivos e evitar que volvamos ter unha\nvaledora de parte que defenda os intereses do PP e do Goberno de\nFeix\u00f3o\u201d, explicou Rodil quen, sen embargo, ve na proposta\npresentada a antesala do pacto bipartidista alcanzado en 2015 por PP\ne PSOE, cos resultados co\u00f1ecidos.<\/p>\n\n\n\n<p>Repetir\nos erros \u201cnon \u00e9 o procedemento nin a maneira, non se quere ir a un\nproceso que permita tecer consensos, e moito nos temos que se vai\nrepetir o escenario de pactos nos despachos de tan nefastos\nresultados para a Valedur\u00eda do Pobo\u201d, recalcou Rodil.<\/p>\n\n\n\n<p>En\ntodo caso, a renovaci\u00f3n desta instituci\u00f3n ser\u00e1 debatida no pleno\nextraordinario do 31 de xullo, no que tam\u00e9n est\u00e1 inclu\u00eddo a\nvotaci\u00f3n final do <em>Proxecto\nde Lei de Patrimonio Natural<\/em>,\nque conta coa oposici\u00f3n do BNG e do conxunto das organizaci\u00f3ns\nambientais, ecoloxistas e conservacionistas do pa\u00eds. \u201cPrima os\nintereses dos <em>lobbies<\/em>\nforestal, mineiro e enerx\u00e9tico sobre a conservaci\u00f3n do territorio e\nda biodiversidade\u201d, resume Rodil.<\/p>\n\n\n\n<p>Pregunta\npola fallida sesi\u00f3n de investidura, a viceportavoz parlamentaria\nfixo unha dobre reflexi\u00f3n.<\/p>\n\n\n\n<p>\u201cA\nprimeira \u00e9 que se abre un escenario incerto onde non se descarta a\nrepetici\u00f3n de elecci\u00f3ns e, nese caso, o BNG quere deixar claro que\nir\u00e1 a por todas para que Galiza recupere voz propia en Madrid\nporque, como demostrou o debate, \u00e9 a \u00fanica forza capaz de conseguir\nque Galiza recupere peso pol\u00edtico no Estado, tras comprobar no\ndebate que para os partidos estatais non existiu. Conducen a este\npa\u00eds \u00e1 irrelevancia pol\u00edtica sen que defendan os intereses dos e\ndas galegas como ben puidemos comprobar\u201d, subli\u00f1ou a viceportavoz\nparlamentaria.<\/p>\n\n\n\n<p>Rodil\ntam\u00e9n fixo referencia ao \u201ccomprensible fast\u00edo\u201d dunha gran parte\nda cidadan\u00eda ao comprobar que as que se presentan como forzas\nprogresistas e de esquerda \u201cforon incapaces de chegar a un acordo,\nenredadas nunha pelexa polo reparto de cadeiras e ministerios.\nEntendemos ese cansazo e reitero que o Bloque est\u00e1 preparado para\nconseguir que Galiza volva ter voz propia no Congreso en caso dunha\nrepetici\u00f3n electoral\u201d, conclu\u00edu.<\/p>\n","protected":false},"excerpt":{"rendered":"<div class=\"mh-excerpt\"><p>Rodil: \u201cComezamos mal porque se vai repetir unha f\u00f3rmula que trouxo resultados nefastos e o descr\u00e9dito desta instituci\u00f3n\u201d <a class=\"mh-excerpt-more\" href=\"https:\/\/www.anovapeneira.gal\/index.php\/2019\/08\/01\/o-bng-critica-a-repeticion-dos-pactos-de-despacho-e-pide-consenso-para-renovar-a-valeduria-do-pobo\/\" title=\"O BNG critica a repetici\u00f3n dos \u201cpactos de despacho\u201d e pide consenso para renovar a valedur\u00eda do pobo\">[&#8230;]<\/a><\/p>\n<\/div>","protected":false},"author":3,"featured_media":796,"comment_status":"open","ping_status":"open","sticky":false,"template":"","format":"standard","meta":{"_exactmetrics_skip_tracking":false,"_exactmetrics_sitenote_active":false,"_exactmetrics_sitenote_note":"","_exactmetrics_sitenote_category":0,"footnotes":""},"categories":[263],"tags":[10,12,361],"class_list":{"0":"post-795","1":"post","2":"type-post","3":"status-publish","4":"format-standard","5":"has-post-thumbnail","7":"category-novas","8":"tag-bng","9":"tag-politica","10":"tag-rodil"},"yoast_head":"<!-- This site is optimized with the Yoast SEO plugin v27.4 - https:\/\/yoast.com\/product\/yoast-seo-wordpress\/ -->\n<title>O BNG critica a repetici\u00f3n dos \u201cpactos de despacho\u201d e pide consenso para renovar a valedur\u00eda do pobo -<\/title>\n<meta name=\"robots\" content=\"index, follow, max-snippet:-1, max-image-preview:large, max-video-preview:-1\" \/>\n<link rel=\"canonical\" href=\"https:\/\/www.anovapeneira.gal\/index.php\/2019\/08\/01\/o-bng-critica-a-repeticion-dos-pactos-de-despacho-e-pide-consenso-para-renovar-a-valeduria-do-pobo\/\" \/>\n<meta property=\"og:locale\" content=\"gl_ES\" \/>\n<meta property=\"og:type\" content=\"article\" \/>\n<meta property=\"og:title\" content=\"O BNG critica a repetici\u00f3n dos \u201cpactos de despacho\u201d e pide consenso para renovar a valedur\u00eda do pobo -\" \/>\n<meta property=\"og:description\" content=\"Rodil: \u201cComezamos mal porque se vai repetir unha f\u00f3rmula que trouxo resultados nefastos e o descr\u00e9dito desta instituci\u00f3n\u201d [...]\" \/>\n<meta property=\"og:url\" content=\"https:\/\/www.anovapeneira.gal\/index.php\/2019\/08\/01\/o-bng-critica-a-repeticion-dos-pactos-de-despacho-e-pide-consenso-para-renovar-a-valeduria-do-pobo\/\" \/>\n<meta property=\"article:publisher\" content=\"https:\/\/www.facebook.com\/anovapeneira\" \/>\n<meta property=\"article:published_time\" content=\"2019-08-01T08:00:53+00:00\" \/>\n<meta property=\"og:image\" content=\"https:\/\/www.anovapeneira.gal\/wp-content\/uploads\/2019\/07\/rodil_prado_portavoces_xunta_a_nova_peneira.jpg\" \/>\n\t<meta property=\"og:image:width\" content=\"720\" \/>\n\t<meta property=\"og:image:height\" content=\"473\" \/>\n\t<meta property=\"og:image:type\" content=\"image\/jpeg\" \/>\n<meta name=\"author\" content=\"Redacci\u00f3n A Nova Peneira\" \/>\n<meta name=\"twitter:card\" content=\"summary_large_image\" \/>\n<meta name=\"twitter:creator\" content=\"@APeneira\" \/>\n<meta name=\"twitter:site\" content=\"@APeneira\" \/>\n<meta name=\"twitter:label1\" content=\"Escrito por\" \/>\n\t<meta name=\"twitter:data1\" content=\"Redacci\u00f3n A Nova Peneira\" \/>\n\t<meta name=\"twitter:label2\" content=\"Tempo de lectura\" \/>\n\t<meta name=\"twitter:data2\" content=\"3 minutos\" \/>\n<script type=\"application\/ld+json\" class=\"yoast-schema-graph\">{\"@context\":\"https:\\\/\\\/schema.org\",\"@graph\":[{\"@type\":\"Article\",\"@id\":\"https:\\\/\\\/www.anovapeneira.gal\\\/index.php\\\/2019\\\/08\\\/01\\\/o-bng-critica-a-repeticion-dos-pactos-de-despacho-e-pide-consenso-para-renovar-a-valeduria-do-pobo\\\/#article\",\"isPartOf\":{\"@id\":\"https:\\\/\\\/www.anovapeneira.gal\\\/index.php\\\/2019\\\/08\\\/01\\\/o-bng-critica-a-repeticion-dos-pactos-de-despacho-e-pide-consenso-para-renovar-a-valeduria-do-pobo\\\/\"},\"author\":{\"name\":\"Redacci\u00f3n A Nova Peneira\",\"@id\":\"https:\\\/\\\/www.anovapeneira.gal\\\/#\\\/schema\\\/person\\\/b93e3f8932e3f8da96334607eb6ac6aa\"},\"headline\":\"O BNG critica a repetici\u00f3n dos \u201cpactos de despacho\u201d e pide consenso para renovar a valedur\u00eda do pobo\",\"datePublished\":\"2019-08-01T08:00:53+00:00\",\"mainEntityOfPage\":{\"@id\":\"https:\\\/\\\/www.anovapeneira.gal\\\/index.php\\\/2019\\\/08\\\/01\\\/o-bng-critica-a-repeticion-dos-pactos-de-despacho-e-pide-consenso-para-renovar-a-valeduria-do-pobo\\\/\"},\"wordCount\":634,\"commentCount\":0,\"publisher\":{\"@id\":\"https:\\\/\\\/www.anovapeneira.gal\\\/#organization\"},\"image\":{\"@id\":\"https:\\\/\\\/www.anovapeneira.gal\\\/index.php\\\/2019\\\/08\\\/01\\\/o-bng-critica-a-repeticion-dos-pactos-de-despacho-e-pide-consenso-para-renovar-a-valeduria-do-pobo\\\/#primaryimage\"},\"thumbnailUrl\":\"https:\\\/\\\/www.anovapeneira.gal\\\/wp-content\\\/uploads\\\/2019\\\/07\\\/rodil_prado_portavoces_xunta_a_nova_peneira.jpg\",\"keywords\":[\"BNG\",\"Pol\u00edtica\",\"Rodil\"],\"articleSection\":[\"Novas\"],\"inLanguage\":\"gl-ES\",\"potentialAction\":[{\"@type\":\"CommentAction\",\"name\":\"Comment\",\"target\":[\"https:\\\/\\\/www.anovapeneira.gal\\\/index.php\\\/2019\\\/08\\\/01\\\/o-bng-critica-a-repeticion-dos-pactos-de-despacho-e-pide-consenso-para-renovar-a-valeduria-do-pobo\\\/#respond\"]}]},{\"@type\":\"WebPage\",\"@id\":\"https:\\\/\\\/www.anovapeneira.gal\\\/index.php\\\/2019\\\/08\\\/01\\\/o-bng-critica-a-repeticion-dos-pactos-de-despacho-e-pide-consenso-para-renovar-a-valeduria-do-pobo\\\/\",\"url\":\"https:\\\/\\\/www.anovapeneira.gal\\\/index.php\\\/2019\\\/08\\\/01\\\/o-bng-critica-a-repeticion-dos-pactos-de-despacho-e-pide-consenso-para-renovar-a-valeduria-do-pobo\\\/\",\"name\":\"O BNG critica a repetici\u00f3n dos \u201cpactos de despacho\u201d e pide consenso para renovar a valedur\u00eda do pobo -\",\"isPartOf\":{\"@id\":\"https:\\\/\\\/www.anovapeneira.gal\\\/#website\"},\"primaryImageOfPage\":{\"@id\":\"https:\\\/\\\/www.anovapeneira.gal\\\/index.php\\\/2019\\\/08\\\/01\\\/o-bng-critica-a-repeticion-dos-pactos-de-despacho-e-pide-consenso-para-renovar-a-valeduria-do-pobo\\\/#primaryimage\"},\"image\":{\"@id\":\"https:\\\/\\\/www.anovapeneira.gal\\\/index.php\\\/2019\\\/08\\\/01\\\/o-bng-critica-a-repeticion-dos-pactos-de-despacho-e-pide-consenso-para-renovar-a-valeduria-do-pobo\\\/#primaryimage\"},\"thumbnailUrl\":\"https:\\\/\\\/www.anovapeneira.gal\\\/wp-content\\\/uploads\\\/2019\\\/07\\\/rodil_prado_portavoces_xunta_a_nova_peneira.jpg\",\"datePublished\":\"2019-08-01T08:00:53+00:00\",\"breadcrumb\":{\"@id\":\"https:\\\/\\\/www.anovapeneira.gal\\\/index.php\\\/2019\\\/08\\\/01\\\/o-bng-critica-a-repeticion-dos-pactos-de-despacho-e-pide-consenso-para-renovar-a-valeduria-do-pobo\\\/#breadcrumb\"},\"inLanguage\":\"gl-ES\",\"potentialAction\":[{\"@type\":\"ReadAction\",\"target\":[\"https:\\\/\\\/www.anovapeneira.gal\\\/index.php\\\/2019\\\/08\\\/01\\\/o-bng-critica-a-repeticion-dos-pactos-de-despacho-e-pide-consenso-para-renovar-a-valeduria-do-pobo\\\/\"]}]},{\"@type\":\"ImageObject\",\"inLanguage\":\"gl-ES\",\"@id\":\"https:\\\/\\\/www.anovapeneira.gal\\\/index.php\\\/2019\\\/08\\\/01\\\/o-bng-critica-a-repeticion-dos-pactos-de-despacho-e-pide-consenso-para-renovar-a-valeduria-do-pobo\\\/#primaryimage\",\"url\":\"https:\\\/\\\/www.anovapeneira.gal\\\/wp-content\\\/uploads\\\/2019\\\/07\\\/rodil_prado_portavoces_xunta_a_nova_peneira.jpg\",\"contentUrl\":\"https:\\\/\\\/www.anovapeneira.gal\\\/wp-content\\\/uploads\\\/2019\\\/07\\\/rodil_prado_portavoces_xunta_a_nova_peneira.jpg\",\"width\":720,\"height\":473,\"caption\":\"Rodil Prado A Nova Peneira\"},{\"@type\":\"BreadcrumbList\",\"@id\":\"https:\\\/\\\/www.anovapeneira.gal\\\/index.php\\\/2019\\\/08\\\/01\\\/o-bng-critica-a-repeticion-dos-pactos-de-despacho-e-pide-consenso-para-renovar-a-valeduria-do-pobo\\\/#breadcrumb\",\"itemListElement\":[{\"@type\":\"ListItem\",\"position\":1,\"name\":\"Portada\",\"item\":\"https:\\\/\\\/www.anovapeneira.gal\\\/\"},{\"@type\":\"ListItem\",\"position\":2,\"name\":\"O BNG critica a repetici\u00f3n dos \u201cpactos de despacho\u201d e pide consenso para renovar a valedur\u00eda do pobo\"}]},{\"@type\":\"WebSite\",\"@id\":\"https:\\\/\\\/www.anovapeneira.gal\\\/#website\",\"url\":\"https:\\\/\\\/www.anovapeneira.gal\\\/\",\"name\":\"\",\"description\":\"Xornal galego de informaci\u00f3n xeral Publicaci\u00f3n mensual de novas de Galicia e en especial dos Concellos da sur da provincia de Pontevedra.\",\"publisher\":{\"@id\":\"https:\\\/\\\/www.anovapeneira.gal\\\/#organization\"},\"potentialAction\":[{\"@type\":\"SearchAction\",\"target\":{\"@type\":\"EntryPoint\",\"urlTemplate\":\"https:\\\/\\\/www.anovapeneira.gal\\\/?s={search_term_string}\"},\"query-input\":{\"@type\":\"PropertyValueSpecification\",\"valueRequired\":true,\"valueName\":\"search_term_string\"}}],\"inLanguage\":\"gl-ES\"},{\"@type\":\"Organization\",\"@id\":\"https:\\\/\\\/www.anovapeneira.gal\\\/#organization\",\"name\":\"A Nova Peneira\",\"url\":\"https:\\\/\\\/www.anovapeneira.gal\\\/\",\"logo\":{\"@type\":\"ImageObject\",\"inLanguage\":\"gl-ES\",\"@id\":\"https:\\\/\\\/www.anovapeneira.gal\\\/#\\\/schema\\\/logo\\\/image\\\/\",\"url\":\"http:\\\/\\\/www.anovapeneira.gal\\\/wp-content\\\/uploads\\\/2019\\\/06\\\/logo_a_nova_peneira_portal_web.png\",\"contentUrl\":\"http:\\\/\\\/www.anovapeneira.gal\\\/wp-content\\\/uploads\\\/2019\\\/06\\\/logo_a_nova_peneira_portal_web.png\",\"width\":300,\"height\":100,\"caption\":\"A Nova Peneira\"},\"image\":{\"@id\":\"https:\\\/\\\/www.anovapeneira.gal\\\/#\\\/schema\\\/logo\\\/image\\\/\"},\"sameAs\":[\"https:\\\/\\\/www.facebook.com\\\/anovapeneira\",\"https:\\\/\\\/x.com\\\/APeneira\"]},{\"@type\":\"Person\",\"@id\":\"https:\\\/\\\/www.anovapeneira.gal\\\/#\\\/schema\\\/person\\\/b93e3f8932e3f8da96334607eb6ac6aa\",\"name\":\"Redacci\u00f3n A Nova Peneira\",\"image\":{\"@type\":\"ImageObject\",\"inLanguage\":\"gl-ES\",\"@id\":\"https:\\\/\\\/secure.gravatar.com\\\/avatar\\\/c052a2551a06e23fac63626232eaa90abd78dbcf1700fc46a2b2c89fd27b735f?s=96&d=mm&r=g\",\"url\":\"https:\\\/\\\/secure.gravatar.com\\\/avatar\\\/c052a2551a06e23fac63626232eaa90abd78dbcf1700fc46a2b2c89fd27b735f?s=96&d=mm&r=g\",\"contentUrl\":\"https:\\\/\\\/secure.gravatar.com\\\/avatar\\\/c052a2551a06e23fac63626232eaa90abd78dbcf1700fc46a2b2c89fd27b735f?s=96&d=mm&r=g\",\"caption\":\"Redacci\u00f3n A Nova Peneira\"},\"sameAs\":[\"http:\\\/\\\/www.anovapeneira.gal\\\/\"],\"url\":\"https:\\\/\\\/www.anovapeneira.gal\\\/index.php\\\/author\\\/redactor\\\/\"}]}<\/script>\n<!-- \/ Yoast SEO plugin. -->","yoast_head_json":{"title":"O BNG critica a repetici\u00f3n dos \u201cpactos de despacho\u201d e pide consenso para renovar a valedur\u00eda do pobo -","robots":{"index":"index","follow":"follow","max-snippet":"max-snippet:-1","max-image-preview":"max-image-preview:large","max-video-preview":"max-video-preview:-1"},"canonical":"https:\/\/www.anovapeneira.gal\/index.php\/2019\/08\/01\/o-bng-critica-a-repeticion-dos-pactos-de-despacho-e-pide-consenso-para-renovar-a-valeduria-do-pobo\/","og_locale":"gl_ES","og_type":"article","og_title":"O BNG critica a repetici\u00f3n dos \u201cpactos de despacho\u201d e pide consenso para renovar a valedur\u00eda do pobo -","og_description":"Rodil: \u201cComezamos mal porque se vai repetir unha f\u00f3rmula que trouxo resultados nefastos e o descr\u00e9dito desta instituci\u00f3n\u201d [...]","og_url":"https:\/\/www.anovapeneira.gal\/index.php\/2019\/08\/01\/o-bng-critica-a-repeticion-dos-pactos-de-despacho-e-pide-consenso-para-renovar-a-valeduria-do-pobo\/","article_publisher":"https:\/\/www.facebook.com\/anovapeneira","article_published_time":"2019-08-01T08:00:53+00:00","og_image":[{"width":720,"height":473,"url":"https:\/\/www.anovapeneira.gal\/wp-content\/uploads\/2019\/07\/rodil_prado_portavoces_xunta_a_nova_peneira.jpg","type":"image\/jpeg"}],"author":"Redacci\u00f3n A Nova Peneira","twitter_card":"summary_large_image","twitter_creator":"@APeneira","twitter_site":"@APeneira","twitter_misc":{"Escrito por":"Redacci\u00f3n A Nova Peneira","Tempo de lectura":"3 minutos"},"schema":{"@context":"https:\/\/schema.org","@graph":[{"@type":"Article","@id":"https:\/\/www.anovapeneira.gal\/index.php\/2019\/08\/01\/o-bng-critica-a-repeticion-dos-pactos-de-despacho-e-pide-consenso-para-renovar-a-valeduria-do-pobo\/#article","isPartOf":{"@id":"https:\/\/www.anovapeneira.gal\/index.php\/2019\/08\/01\/o-bng-critica-a-repeticion-dos-pactos-de-despacho-e-pide-consenso-para-renovar-a-valeduria-do-pobo\/"},"author":{"name":"Redacci\u00f3n A Nova Peneira","@id":"https:\/\/www.anovapeneira.gal\/#\/schema\/person\/b93e3f8932e3f8da96334607eb6ac6aa"},"headline":"O BNG critica a repetici\u00f3n dos \u201cpactos de despacho\u201d e pide consenso para renovar a valedur\u00eda do pobo","datePublished":"2019-08-01T08:00:53+00:00","mainEntityOfPage":{"@id":"https:\/\/www.anovapeneira.gal\/index.php\/2019\/08\/01\/o-bng-critica-a-repeticion-dos-pactos-de-despacho-e-pide-consenso-para-renovar-a-valeduria-do-pobo\/"},"wordCount":634,"commentCount":0,"publisher":{"@id":"https:\/\/www.anovapeneira.gal\/#organization"},"image":{"@id":"https:\/\/www.anovapeneira.gal\/index.php\/2019\/08\/01\/o-bng-critica-a-repeticion-dos-pactos-de-despacho-e-pide-consenso-para-renovar-a-valeduria-do-pobo\/#primaryimage"},"thumbnailUrl":"https:\/\/www.anovapeneira.gal\/wp-content\/uploads\/2019\/07\/rodil_prado_portavoces_xunta_a_nova_peneira.jpg","keywords":["BNG","Pol\u00edtica","Rodil"],"articleSection":["Novas"],"inLanguage":"gl-ES","potentialAction":[{"@type":"CommentAction","name":"Comment","target":["https:\/\/www.anovapeneira.gal\/index.php\/2019\/08\/01\/o-bng-critica-a-repeticion-dos-pactos-de-despacho-e-pide-consenso-para-renovar-a-valeduria-do-pobo\/#respond"]}]},{"@type":"WebPage","@id":"https:\/\/www.anovapeneira.gal\/index.php\/2019\/08\/01\/o-bng-critica-a-repeticion-dos-pactos-de-despacho-e-pide-consenso-para-renovar-a-valeduria-do-pobo\/","url":"https:\/\/www.anovapeneira.gal\/index.php\/2019\/08\/01\/o-bng-critica-a-repeticion-dos-pactos-de-despacho-e-pide-consenso-para-renovar-a-valeduria-do-pobo\/","name":"O BNG critica a repetici\u00f3n dos \u201cpactos de despacho\u201d e pide consenso para renovar a valedur\u00eda do pobo -","isPartOf":{"@id":"https:\/\/www.anovapeneira.gal\/#website"},"primaryImageOfPage":{"@id":"https:\/\/www.anovapeneira.gal\/index.php\/2019\/08\/01\/o-bng-critica-a-repeticion-dos-pactos-de-despacho-e-pide-consenso-para-renovar-a-valeduria-do-pobo\/#primaryimage"},"image":{"@id":"https:\/\/www.anovapeneira.gal\/index.php\/2019\/08\/01\/o-bng-critica-a-repeticion-dos-pactos-de-despacho-e-pide-consenso-para-renovar-a-valeduria-do-pobo\/#primaryimage"},"thumbnailUrl":"https:\/\/www.anovapeneira.gal\/wp-content\/uploads\/2019\/07\/rodil_prado_portavoces_xunta_a_nova_peneira.jpg","datePublished":"2019-08-01T08:00:53+00:00","breadcrumb":{"@id":"https:\/\/www.anovapeneira.gal\/index.php\/2019\/08\/01\/o-bng-critica-a-repeticion-dos-pactos-de-despacho-e-pide-consenso-para-renovar-a-valeduria-do-pobo\/#breadcrumb"},"inLanguage":"gl-ES","potentialAction":[{"@type":"ReadAction","target":["https:\/\/www.anovapeneira.gal\/index.php\/2019\/08\/01\/o-bng-critica-a-repeticion-dos-pactos-de-despacho-e-pide-consenso-para-renovar-a-valeduria-do-pobo\/"]}]},{"@type":"ImageObject","inLanguage":"gl-ES","@id":"https:\/\/www.anovapeneira.gal\/index.php\/2019\/08\/01\/o-bng-critica-a-repeticion-dos-pactos-de-despacho-e-pide-consenso-para-renovar-a-valeduria-do-pobo\/#primaryimage","url":"https:\/\/www.anovapeneira.gal\/wp-content\/uploads\/2019\/07\/rodil_prado_portavoces_xunta_a_nova_peneira.jpg","contentUrl":"https:\/\/www.anovapeneira.gal\/wp-content\/uploads\/2019\/07\/rodil_prado_portavoces_xunta_a_nova_peneira.jpg","width":720,"height":473,"caption":"Rodil Prado A Nova Peneira"},{"@type":"BreadcrumbList","@id":"https:\/\/www.anovapeneira.gal\/index.php\/2019\/08\/01\/o-bng-critica-a-repeticion-dos-pactos-de-despacho-e-pide-consenso-para-renovar-a-valeduria-do-pobo\/#breadcrumb","itemListElement":[{"@type":"ListItem","position":1,"name":"Portada","item":"https:\/\/www.anovapeneira.gal\/"},{"@type":"ListItem","position":2,"name":"O BNG critica a repetici\u00f3n dos \u201cpactos de despacho\u201d e pide consenso para renovar a valedur\u00eda do pobo"}]},{"@type":"WebSite","@id":"https:\/\/www.anovapeneira.gal\/#website","url":"https:\/\/www.anovapeneira.gal\/","name":"","description":"Xornal galego de informaci\u00f3n xeral Publicaci\u00f3n mensual de novas de Galicia e en especial dos Concellos da sur da provincia de Pontevedra.","publisher":{"@id":"https:\/\/www.anovapeneira.gal\/#organization"},"potentialAction":[{"@type":"SearchAction","target":{"@type":"EntryPoint","urlTemplate":"https:\/\/www.anovapeneira.gal\/?s={search_term_string}"},"query-input":{"@type":"PropertyValueSpecification","valueRequired":true,"valueName":"search_term_string"}}],"inLanguage":"gl-ES"},{"@type":"Organization","@id":"https:\/\/www.anovapeneira.gal\/#organization","name":"A Nova Peneira","url":"https:\/\/www.anovapeneira.gal\/","logo":{"@type":"ImageObject","inLanguage":"gl-ES","@id":"https:\/\/www.anovapeneira.gal\/#\/schema\/logo\/image\/","url":"http:\/\/www.anovapeneira.gal\/wp-content\/uploads\/2019\/06\/logo_a_nova_peneira_portal_web.png","contentUrl":"http:\/\/www.anovapeneira.gal\/wp-content\/uploads\/2019\/06\/logo_a_nova_peneira_portal_web.png","width":300,"height":100,"caption":"A Nova Peneira"},"image":{"@id":"https:\/\/www.anovapeneira.gal\/#\/schema\/logo\/image\/"},"sameAs":["https:\/\/www.facebook.com\/anovapeneira","https:\/\/x.com\/APeneira"]},{"@type":"Person","@id":"https:\/\/www.anovapeneira.gal\/#\/schema\/person\/b93e3f8932e3f8da96334607eb6ac6aa","name":"Redacci\u00f3n A Nova Peneira","image":{"@type":"ImageObject","inLanguage":"gl-ES","@id":"https:\/\/secure.gravatar.com\/avatar\/c052a2551a06e23fac63626232eaa90abd78dbcf1700fc46a2b2c89fd27b735f?s=96&d=mm&r=g","url":"https:\/\/secure.gravatar.com\/avatar\/c052a2551a06e23fac63626232eaa90abd78dbcf1700fc46a2b2c89fd27b735f?s=96&d=mm&r=g","contentUrl":"https:\/\/secure.gravatar.com\/avatar\/c052a2551a06e23fac63626232eaa90abd78dbcf1700fc46a2b2c89fd27b735f?s=96&d=mm&r=g","caption":"Redacci\u00f3n A Nova Peneira"},"sameAs":["http:\/\/www.anovapeneira.gal\/"],"url":"https:\/\/www.anovapeneira.gal\/index.php\/author\/redactor\/"}]}},"jetpack_featured_media_url":"https:\/\/www.anovapeneira.gal\/wp-content\/uploads\/2019\/07\/rodil_prado_portavoces_xunta_a_nova_peneira.jpg","_links":{"self":[{"href":"https:\/\/www.anovapeneira.gal\/index.php\/wp-json\/wp\/v2\/posts\/795","targetHints":{"allow":["GET"]}}],"collection":[{"href":"https:\/\/www.anovapeneira.gal\/index.php\/wp-json\/wp\/v2\/posts"}],"about":[{"href":"https:\/\/www.anovapeneira.gal\/index.php\/wp-json\/wp\/v2\/types\/post"}],"author":[{"embeddable":true,"href":"https:\/\/www.anovapeneira.gal\/index.php\/wp-json\/wp\/v2\/users\/3"}],"replies":[{"embeddable":true,"href":"https:\/\/www.anovapeneira.gal\/index.php\/wp-json\/wp\/v2\/comments?post=795"}],"version-history":[{"count":1,"href":"https:\/\/www.anovapeneira.gal\/index.php\/wp-json\/wp\/v2\/posts\/795\/revisions"}],"predecessor-version":[{"id":797,"href":"https:\/\/www.anovapeneira.gal\/index.php\/wp-json\/wp\/v2\/posts\/795\/revisions\/797"}],"wp:featuredmedia":[{"embeddable":true,"href":"https:\/\/www.anovapeneira.gal\/index.php\/wp-json\/wp\/v2\/media\/796"}],"wp:attachment":[{"href":"https:\/\/www.anovapeneira.gal\/index.php\/wp-json\/wp\/v2\/media?parent=795"}],"wp:term":[{"taxonomy":"category","embeddable":true,"href":"https:\/\/www.anovapeneira.gal\/index.php\/wp-json\/wp\/v2\/categories?post=795"},{"taxonomy":"post_tag","embeddable":true,"href":"https:\/\/www.anovapeneira.gal\/index.php\/wp-json\/wp\/v2\/tags?post=795"}],"curies":[{"name":"wp","href":"https:\/\/api.w.org\/{rel}","templated":true}]}}