{"id":7951,"date":"2022-08-15T12:00:03","date_gmt":"2022-08-15T10:00:03","guid":{"rendered":"https:\/\/www.anovapeneira.gal\/?p=7951"},"modified":"2022-08-10T10:10:29","modified_gmt":"2022-08-10T08:10:29","slug":"o-sindicato-nacional-de-ccoo-de-galicia-chora-a-un-dos-seus-fundadores-waldino-varela","status":"publish","type":"post","link":"https:\/\/www.anovapeneira.gal\/index.php\/2022\/08\/15\/o-sindicato-nacional-de-ccoo-de-galicia-chora-a-un-dos-seus-fundadores-waldino-varela\/","title":{"rendered":"O Sindicato Nacional de CCOO de Galicia chora a un dos seus fundadores, Waldino Varela"},"content":{"rendered":"\n<h2 class=\"wp-block-heading\">O sindicalista vigu\u00e9s, que dedicou a s\u00faa vida a combater as inxustizas, faleceu o luns aos 92 anos<\/h2>\n\n\n\n<p><strong>Santiago de Compostela, 9 de agosto de 2022<\/strong><\/p>\n\n\n\n<p>O Sindicato Nacional de Comisi\u00f3ns Obreiras de Galicia chora a un dos seus fundadores, o sindicalista vigu\u00e9s Waldino Varela Mart\u00ednez, falecido o luns aos 92 anos. Para a secretaria xeral de CCOO, Amelia P\u00e9rez, Waldino forma parte da \u00abvaliosa memoria da loita obreira\u00bb, non s\u00f3 polo legado sindical que deixou, sen\u00f3n tam\u00e9n porque a s\u00faa figura e traxectoria \u00abinspiraron e guiaron varias xeraci\u00f3ns de sindicalistas\u00bb. O seu compromiso e valores fix\u00e9rono merecedor, en 1993, un dos Premios 10 de Marzo que anualmente outorgan o sindicato e a s\u00faa fundaci\u00f3n.<\/p>\n\n\n\n<p>\u00abWaldino f\u00f3isenos, pero os seus principios e as ideas que defendeu est\u00e1n moi vivas nas Comisi\u00f3ns Obreiras\u00bb, sinala Amelia P\u00e9rez. \u00abCompa\u00f1eiras e compa\u00f1eiros como Waldino constru\u00edron os piares s\u00f3lidos sobre os que asenta a nosa organizaci\u00f3n, protagonista indiscutible no tr\u00e1nsito da nosa sociedade da ditadura cara \u00e1 democracia e unha referencia para a clase traballadora galega\u00bb, afirma a secretaria xeral de CCOO.<\/p>\n\n\n\n<h2 class=\"wp-block-heading\">Os xermolos das CCOO<\/h2>\n\n\n\n<p>Waldino Varela comezou a traballar nos estaleiros Vulcano en 1944, con s\u00f3 catorce anos. O inicio da s\u00faa vida laboral coincid\u00eda co primeiro lustro da ditadura. El, procedente dunha familia de esquerdas do barrio obreiro de Teis, axi\u00f1a se relacionou na empresa con traballadores procedentes da zona republicana e mesmo cristi\u00e1ns concienciados da necesidade dun cambio social.<\/p>\n\n\n\n<p>O ambiente familiar e o laboral lev\u00e1rono desde ben mozo a traballar para combater as inxustizas, primeiro na empresa e m\u00e1is tarde na comarca de Vigo, onde foi peza fundamental para establecer as bases do que m\u00e1is tarde ser\u00edan as Comisi\u00f3ns Obreiras, sindicato do que ser\u00eda o seu primeiro secretario xeral provincial.<\/p>\n\n\n\n<h2 class=\"wp-block-heading\">50 anos da folga de 1972<\/h2>\n\n\n\n<p>Waldino foi unha referencia do movemento obreiro vigu\u00e9s nas d\u00e9cadas dos sesenta e setenta, cabeza visible da hist\u00f3rica folga xeral de 1972, da que en setembro se cumprir\u00e1n cincuenta anos. Sobre estes feitos deixou o seu testemu\u00f1o nos documentais Vigo 1972: o ano da memoria, no que colabora CCOO, e Waldino Varela traballador. Memoria do movemento obreiro vigu\u00e9s.<\/p>\n\n\n\n<p>Desde comezos de 1972, a tensi\u00f3n laboral en Vigo e bisbarra viuse marcada pola negociaci\u00f3n dos convenios de empresas como Censa, Barreras ou os estaleiros Vulcano, onde traballaba Waldino. Os sucesos de Ferrol dese ano, onde a polic\u00eda franquista asasinaron a dous traballadores, marcar\u00edan no sucesivo as reivindicaci\u00f3ns, que ir\u00edan escalando ata a folga comarcal que paralizou a comarca durante d\u00faas semanas en setembro.<\/p>\n\n\n\n<p>A contundencia das mobilizaci\u00f3ns e a dureza da represi\u00f3n provocaron o despedimento de medio milleiro de traballadores \u2014entre eles, o propio Waldino\u2014 e a detenci\u00f3n e tortura de numerosos dirixentes sindicais, pasando moitos outros \u00e1 clandestinidade ou ao exilio por estaren en busca e captura.<\/p>\n\n\n\n<p>Con motivo do 50.\u00ba aniversario destes feitos, dos cales Waldino foi figura clave, CCOO coida imprescindible que as novas xeraci\u00f3ns \u00absaiban que os dereitos se loitan e se defenden, e que as mulleres e homes de Vigo e das CCOO foron fundamentais na consecuci\u00f3n da liberdade e a democracia\u00bb, concl\u00fae Amelia P\u00e9rez.<\/p>\n","protected":false},"excerpt":{"rendered":"<div class=\"mh-excerpt\"><p>O Sindicato Nacional de Comisi\u00f3ns Obreiras de Galicia chora a un dos seus fundadores, o sindicalista vigu\u00e9s Waldino Varela Mart\u00ednez, falecido o luns aos 92 anos <a class=\"mh-excerpt-more\" href=\"https:\/\/www.anovapeneira.gal\/index.php\/2022\/08\/15\/o-sindicato-nacional-de-ccoo-de-galicia-chora-a-un-dos-seus-fundadores-waldino-varela\/\" title=\"O Sindicato Nacional de CCOO de Galicia chora a un dos seus fundadores, Waldino Varela\">[&#8230;]<\/a><\/p>\n<\/div>","protected":false},"author":3,"featured_media":7530,"comment_status":"open","ping_status":"open","sticky":false,"template":"","format":"standard","meta":{"_exactmetrics_skip_tracking":false,"_exactmetrics_sitenote_active":false,"_exactmetrics_sitenote_note":"","_exactmetrics_sitenote_category":0,"footnotes":""},"categories":[19],"tags":[891,227],"class_list":{"0":"post-7951","1":"post","2":"type-post","3":"status-publish","4":"format-standard","5":"has-post-thumbnail","7":"category-vigo","8":"tag-ccoo","9":"tag-concello-de-vigo"},"yoast_head":"<!-- This site is optimized with the Yoast SEO plugin v27.4 - https:\/\/yoast.com\/product\/yoast-seo-wordpress\/ -->\n<title>O Sindicato Nacional de CCOO de Galicia chora a un dos seus fundadores, Waldino Varela -<\/title>\n<meta name=\"description\" content=\"O Sindicato Nacional de Comisi\u00f3ns Obreiras de Galicia chora a un dos seus fundadores, o sindicalista vigu\u00e9s Waldino Varela Mart\u00ednez, falecido o luns aos 92 anos\" \/>\n<meta name=\"robots\" content=\"index, follow, max-snippet:-1, max-image-preview:large, max-video-preview:-1\" \/>\n<link rel=\"canonical\" href=\"https:\/\/www.anovapeneira.gal\/index.php\/2022\/08\/15\/o-sindicato-nacional-de-ccoo-de-galicia-chora-a-un-dos-seus-fundadores-waldino-varela\/\" \/>\n<meta property=\"og:locale\" content=\"gl_ES\" \/>\n<meta property=\"og:type\" content=\"article\" \/>\n<meta property=\"og:title\" content=\"O Sindicato Nacional de CCOO de Galicia chora a un dos seus fundadores, Waldino Varela -\" \/>\n<meta property=\"og:description\" content=\"O Sindicato Nacional de Comisi\u00f3ns Obreiras de Galicia chora a un dos seus fundadores, o sindicalista vigu\u00e9s Waldino Varela Mart\u00ednez, falecido o luns aos 92 anos\" \/>\n<meta property=\"og:url\" content=\"https:\/\/www.anovapeneira.gal\/index.php\/2022\/08\/15\/o-sindicato-nacional-de-ccoo-de-galicia-chora-a-un-dos-seus-fundadores-waldino-varela\/\" \/>\n<meta property=\"article:publisher\" content=\"https:\/\/www.facebook.com\/anovapeneira\" \/>\n<meta property=\"article:published_time\" content=\"2022-08-15T10:00:03+00:00\" \/>\n<meta property=\"og:image\" content=\"https:\/\/www.anovapeneira.gal\/wp-content\/uploads\/2022\/05\/ccoo_2.png\" \/>\n\t<meta property=\"og:image:width\" content=\"720\" \/>\n\t<meta property=\"og:image:height\" content=\"432\" \/>\n\t<meta property=\"og:image:type\" content=\"image\/png\" \/>\n<meta name=\"author\" content=\"Redacci\u00f3n A Nova Peneira\" \/>\n<meta name=\"twitter:card\" content=\"summary_large_image\" \/>\n<meta name=\"twitter:creator\" content=\"@APeneira\" \/>\n<meta name=\"twitter:site\" content=\"@APeneira\" \/>\n<meta name=\"twitter:label1\" content=\"Escrito por\" \/>\n\t<meta name=\"twitter:data1\" content=\"Redacci\u00f3n A Nova Peneira\" \/>\n\t<meta name=\"twitter:label2\" content=\"Tempo de lectura\" \/>\n\t<meta name=\"twitter:data2\" content=\"3 minutos\" \/>\n<script type=\"application\/ld+json\" class=\"yoast-schema-graph\">{\"@context\":\"https:\\\/\\\/schema.org\",\"@graph\":[{\"@type\":\"Article\",\"@id\":\"https:\\\/\\\/www.anovapeneira.gal\\\/index.php\\\/2022\\\/08\\\/15\\\/o-sindicato-nacional-de-ccoo-de-galicia-chora-a-un-dos-seus-fundadores-waldino-varela\\\/#article\",\"isPartOf\":{\"@id\":\"https:\\\/\\\/www.anovapeneira.gal\\\/index.php\\\/2022\\\/08\\\/15\\\/o-sindicato-nacional-de-ccoo-de-galicia-chora-a-un-dos-seus-fundadores-waldino-varela\\\/\"},\"author\":{\"name\":\"Redacci\u00f3n A Nova Peneira\",\"@id\":\"https:\\\/\\\/www.anovapeneira.gal\\\/#\\\/schema\\\/person\\\/b93e3f8932e3f8da96334607eb6ac6aa\"},\"headline\":\"O Sindicato Nacional de CCOO de Galicia chora a un dos seus fundadores, Waldino Varela\",\"datePublished\":\"2022-08-15T10:00:03+00:00\",\"mainEntityOfPage\":{\"@id\":\"https:\\\/\\\/www.anovapeneira.gal\\\/index.php\\\/2022\\\/08\\\/15\\\/o-sindicato-nacional-de-ccoo-de-galicia-chora-a-un-dos-seus-fundadores-waldino-varela\\\/\"},\"wordCount\":568,\"commentCount\":0,\"publisher\":{\"@id\":\"https:\\\/\\\/www.anovapeneira.gal\\\/#organization\"},\"image\":{\"@id\":\"https:\\\/\\\/www.anovapeneira.gal\\\/index.php\\\/2022\\\/08\\\/15\\\/o-sindicato-nacional-de-ccoo-de-galicia-chora-a-un-dos-seus-fundadores-waldino-varela\\\/#primaryimage\"},\"thumbnailUrl\":\"https:\\\/\\\/www.anovapeneira.gal\\\/wp-content\\\/uploads\\\/2022\\\/05\\\/ccoo_2.png\",\"keywords\":[\"CCOO\",\"Concello de Vigo\"],\"articleSection\":[\"Vigo\"],\"inLanguage\":\"gl-ES\",\"potentialAction\":[{\"@type\":\"CommentAction\",\"name\":\"Comment\",\"target\":[\"https:\\\/\\\/www.anovapeneira.gal\\\/index.php\\\/2022\\\/08\\\/15\\\/o-sindicato-nacional-de-ccoo-de-galicia-chora-a-un-dos-seus-fundadores-waldino-varela\\\/#respond\"]}]},{\"@type\":\"WebPage\",\"@id\":\"https:\\\/\\\/www.anovapeneira.gal\\\/index.php\\\/2022\\\/08\\\/15\\\/o-sindicato-nacional-de-ccoo-de-galicia-chora-a-un-dos-seus-fundadores-waldino-varela\\\/\",\"url\":\"https:\\\/\\\/www.anovapeneira.gal\\\/index.php\\\/2022\\\/08\\\/15\\\/o-sindicato-nacional-de-ccoo-de-galicia-chora-a-un-dos-seus-fundadores-waldino-varela\\\/\",\"name\":\"O Sindicato Nacional de CCOO de Galicia chora a un dos seus fundadores, Waldino Varela -\",\"isPartOf\":{\"@id\":\"https:\\\/\\\/www.anovapeneira.gal\\\/#website\"},\"primaryImageOfPage\":{\"@id\":\"https:\\\/\\\/www.anovapeneira.gal\\\/index.php\\\/2022\\\/08\\\/15\\\/o-sindicato-nacional-de-ccoo-de-galicia-chora-a-un-dos-seus-fundadores-waldino-varela\\\/#primaryimage\"},\"image\":{\"@id\":\"https:\\\/\\\/www.anovapeneira.gal\\\/index.php\\\/2022\\\/08\\\/15\\\/o-sindicato-nacional-de-ccoo-de-galicia-chora-a-un-dos-seus-fundadores-waldino-varela\\\/#primaryimage\"},\"thumbnailUrl\":\"https:\\\/\\\/www.anovapeneira.gal\\\/wp-content\\\/uploads\\\/2022\\\/05\\\/ccoo_2.png\",\"datePublished\":\"2022-08-15T10:00:03+00:00\",\"description\":\"O Sindicato Nacional de Comisi\u00f3ns Obreiras de Galicia chora a un dos seus fundadores, o sindicalista vigu\u00e9s Waldino Varela Mart\u00ednez, falecido o luns aos 92 anos\",\"breadcrumb\":{\"@id\":\"https:\\\/\\\/www.anovapeneira.gal\\\/index.php\\\/2022\\\/08\\\/15\\\/o-sindicato-nacional-de-ccoo-de-galicia-chora-a-un-dos-seus-fundadores-waldino-varela\\\/#breadcrumb\"},\"inLanguage\":\"gl-ES\",\"potentialAction\":[{\"@type\":\"ReadAction\",\"target\":[\"https:\\\/\\\/www.anovapeneira.gal\\\/index.php\\\/2022\\\/08\\\/15\\\/o-sindicato-nacional-de-ccoo-de-galicia-chora-a-un-dos-seus-fundadores-waldino-varela\\\/\"]}]},{\"@type\":\"ImageObject\",\"inLanguage\":\"gl-ES\",\"@id\":\"https:\\\/\\\/www.anovapeneira.gal\\\/index.php\\\/2022\\\/08\\\/15\\\/o-sindicato-nacional-de-ccoo-de-galicia-chora-a-un-dos-seus-fundadores-waldino-varela\\\/#primaryimage\",\"url\":\"https:\\\/\\\/www.anovapeneira.gal\\\/wp-content\\\/uploads\\\/2022\\\/05\\\/ccoo_2.png\",\"contentUrl\":\"https:\\\/\\\/www.anovapeneira.gal\\\/wp-content\\\/uploads\\\/2022\\\/05\\\/ccoo_2.png\",\"width\":720,\"height\":432,\"caption\":\"CCOO\"},{\"@type\":\"BreadcrumbList\",\"@id\":\"https:\\\/\\\/www.anovapeneira.gal\\\/index.php\\\/2022\\\/08\\\/15\\\/o-sindicato-nacional-de-ccoo-de-galicia-chora-a-un-dos-seus-fundadores-waldino-varela\\\/#breadcrumb\",\"itemListElement\":[{\"@type\":\"ListItem\",\"position\":1,\"name\":\"Portada\",\"item\":\"https:\\\/\\\/www.anovapeneira.gal\\\/\"},{\"@type\":\"ListItem\",\"position\":2,\"name\":\"O Sindicato Nacional de CCOO de Galicia chora a un dos seus fundadores, Waldino Varela\"}]},{\"@type\":\"WebSite\",\"@id\":\"https:\\\/\\\/www.anovapeneira.gal\\\/#website\",\"url\":\"https:\\\/\\\/www.anovapeneira.gal\\\/\",\"name\":\"\",\"description\":\"Xornal galego de informaci\u00f3n xeral Publicaci\u00f3n mensual de novas de Galicia e en especial dos Concellos da sur da provincia de Pontevedra.\",\"publisher\":{\"@id\":\"https:\\\/\\\/www.anovapeneira.gal\\\/#organization\"},\"potentialAction\":[{\"@type\":\"SearchAction\",\"target\":{\"@type\":\"EntryPoint\",\"urlTemplate\":\"https:\\\/\\\/www.anovapeneira.gal\\\/?s={search_term_string}\"},\"query-input\":{\"@type\":\"PropertyValueSpecification\",\"valueRequired\":true,\"valueName\":\"search_term_string\"}}],\"inLanguage\":\"gl-ES\"},{\"@type\":\"Organization\",\"@id\":\"https:\\\/\\\/www.anovapeneira.gal\\\/#organization\",\"name\":\"A Nova Peneira\",\"url\":\"https:\\\/\\\/www.anovapeneira.gal\\\/\",\"logo\":{\"@type\":\"ImageObject\",\"inLanguage\":\"gl-ES\",\"@id\":\"https:\\\/\\\/www.anovapeneira.gal\\\/#\\\/schema\\\/logo\\\/image\\\/\",\"url\":\"http:\\\/\\\/www.anovapeneira.gal\\\/wp-content\\\/uploads\\\/2019\\\/06\\\/logo_a_nova_peneira_portal_web.png\",\"contentUrl\":\"http:\\\/\\\/www.anovapeneira.gal\\\/wp-content\\\/uploads\\\/2019\\\/06\\\/logo_a_nova_peneira_portal_web.png\",\"width\":300,\"height\":100,\"caption\":\"A Nova Peneira\"},\"image\":{\"@id\":\"https:\\\/\\\/www.anovapeneira.gal\\\/#\\\/schema\\\/logo\\\/image\\\/\"},\"sameAs\":[\"https:\\\/\\\/www.facebook.com\\\/anovapeneira\",\"https:\\\/\\\/x.com\\\/APeneira\"]},{\"@type\":\"Person\",\"@id\":\"https:\\\/\\\/www.anovapeneira.gal\\\/#\\\/schema\\\/person\\\/b93e3f8932e3f8da96334607eb6ac6aa\",\"name\":\"Redacci\u00f3n A Nova Peneira\",\"image\":{\"@type\":\"ImageObject\",\"inLanguage\":\"gl-ES\",\"@id\":\"https:\\\/\\\/secure.gravatar.com\\\/avatar\\\/c052a2551a06e23fac63626232eaa90abd78dbcf1700fc46a2b2c89fd27b735f?s=96&d=mm&r=g\",\"url\":\"https:\\\/\\\/secure.gravatar.com\\\/avatar\\\/c052a2551a06e23fac63626232eaa90abd78dbcf1700fc46a2b2c89fd27b735f?s=96&d=mm&r=g\",\"contentUrl\":\"https:\\\/\\\/secure.gravatar.com\\\/avatar\\\/c052a2551a06e23fac63626232eaa90abd78dbcf1700fc46a2b2c89fd27b735f?s=96&d=mm&r=g\",\"caption\":\"Redacci\u00f3n A Nova Peneira\"},\"sameAs\":[\"http:\\\/\\\/www.anovapeneira.gal\\\/\"],\"url\":\"https:\\\/\\\/www.anovapeneira.gal\\\/index.php\\\/author\\\/redactor\\\/\"}]}<\/script>\n<!-- \/ Yoast SEO plugin. -->","yoast_head_json":{"title":"O Sindicato Nacional de CCOO de Galicia chora a un dos seus fundadores, Waldino Varela -","description":"O Sindicato Nacional de Comisi\u00f3ns Obreiras de Galicia chora a un dos seus fundadores, o sindicalista vigu\u00e9s Waldino Varela Mart\u00ednez, falecido o luns aos 92 anos","robots":{"index":"index","follow":"follow","max-snippet":"max-snippet:-1","max-image-preview":"max-image-preview:large","max-video-preview":"max-video-preview:-1"},"canonical":"https:\/\/www.anovapeneira.gal\/index.php\/2022\/08\/15\/o-sindicato-nacional-de-ccoo-de-galicia-chora-a-un-dos-seus-fundadores-waldino-varela\/","og_locale":"gl_ES","og_type":"article","og_title":"O Sindicato Nacional de CCOO de Galicia chora a un dos seus fundadores, Waldino Varela -","og_description":"O Sindicato Nacional de Comisi\u00f3ns Obreiras de Galicia chora a un dos seus fundadores, o sindicalista vigu\u00e9s Waldino Varela Mart\u00ednez, falecido o luns aos 92 anos","og_url":"https:\/\/www.anovapeneira.gal\/index.php\/2022\/08\/15\/o-sindicato-nacional-de-ccoo-de-galicia-chora-a-un-dos-seus-fundadores-waldino-varela\/","article_publisher":"https:\/\/www.facebook.com\/anovapeneira","article_published_time":"2022-08-15T10:00:03+00:00","og_image":[{"width":720,"height":432,"url":"https:\/\/www.anovapeneira.gal\/wp-content\/uploads\/2022\/05\/ccoo_2.png","type":"image\/png"}],"author":"Redacci\u00f3n A Nova Peneira","twitter_card":"summary_large_image","twitter_creator":"@APeneira","twitter_site":"@APeneira","twitter_misc":{"Escrito por":"Redacci\u00f3n A Nova Peneira","Tempo de lectura":"3 minutos"},"schema":{"@context":"https:\/\/schema.org","@graph":[{"@type":"Article","@id":"https:\/\/www.anovapeneira.gal\/index.php\/2022\/08\/15\/o-sindicato-nacional-de-ccoo-de-galicia-chora-a-un-dos-seus-fundadores-waldino-varela\/#article","isPartOf":{"@id":"https:\/\/www.anovapeneira.gal\/index.php\/2022\/08\/15\/o-sindicato-nacional-de-ccoo-de-galicia-chora-a-un-dos-seus-fundadores-waldino-varela\/"},"author":{"name":"Redacci\u00f3n A Nova Peneira","@id":"https:\/\/www.anovapeneira.gal\/#\/schema\/person\/b93e3f8932e3f8da96334607eb6ac6aa"},"headline":"O Sindicato Nacional de CCOO de Galicia chora a un dos seus fundadores, Waldino Varela","datePublished":"2022-08-15T10:00:03+00:00","mainEntityOfPage":{"@id":"https:\/\/www.anovapeneira.gal\/index.php\/2022\/08\/15\/o-sindicato-nacional-de-ccoo-de-galicia-chora-a-un-dos-seus-fundadores-waldino-varela\/"},"wordCount":568,"commentCount":0,"publisher":{"@id":"https:\/\/www.anovapeneira.gal\/#organization"},"image":{"@id":"https:\/\/www.anovapeneira.gal\/index.php\/2022\/08\/15\/o-sindicato-nacional-de-ccoo-de-galicia-chora-a-un-dos-seus-fundadores-waldino-varela\/#primaryimage"},"thumbnailUrl":"https:\/\/www.anovapeneira.gal\/wp-content\/uploads\/2022\/05\/ccoo_2.png","keywords":["CCOO","Concello de Vigo"],"articleSection":["Vigo"],"inLanguage":"gl-ES","potentialAction":[{"@type":"CommentAction","name":"Comment","target":["https:\/\/www.anovapeneira.gal\/index.php\/2022\/08\/15\/o-sindicato-nacional-de-ccoo-de-galicia-chora-a-un-dos-seus-fundadores-waldino-varela\/#respond"]}]},{"@type":"WebPage","@id":"https:\/\/www.anovapeneira.gal\/index.php\/2022\/08\/15\/o-sindicato-nacional-de-ccoo-de-galicia-chora-a-un-dos-seus-fundadores-waldino-varela\/","url":"https:\/\/www.anovapeneira.gal\/index.php\/2022\/08\/15\/o-sindicato-nacional-de-ccoo-de-galicia-chora-a-un-dos-seus-fundadores-waldino-varela\/","name":"O Sindicato Nacional de CCOO de Galicia chora a un dos seus fundadores, Waldino Varela -","isPartOf":{"@id":"https:\/\/www.anovapeneira.gal\/#website"},"primaryImageOfPage":{"@id":"https:\/\/www.anovapeneira.gal\/index.php\/2022\/08\/15\/o-sindicato-nacional-de-ccoo-de-galicia-chora-a-un-dos-seus-fundadores-waldino-varela\/#primaryimage"},"image":{"@id":"https:\/\/www.anovapeneira.gal\/index.php\/2022\/08\/15\/o-sindicato-nacional-de-ccoo-de-galicia-chora-a-un-dos-seus-fundadores-waldino-varela\/#primaryimage"},"thumbnailUrl":"https:\/\/www.anovapeneira.gal\/wp-content\/uploads\/2022\/05\/ccoo_2.png","datePublished":"2022-08-15T10:00:03+00:00","description":"O Sindicato Nacional de Comisi\u00f3ns Obreiras de Galicia chora a un dos seus fundadores, o sindicalista vigu\u00e9s Waldino Varela Mart\u00ednez, falecido o luns aos 92 anos","breadcrumb":{"@id":"https:\/\/www.anovapeneira.gal\/index.php\/2022\/08\/15\/o-sindicato-nacional-de-ccoo-de-galicia-chora-a-un-dos-seus-fundadores-waldino-varela\/#breadcrumb"},"inLanguage":"gl-ES","potentialAction":[{"@type":"ReadAction","target":["https:\/\/www.anovapeneira.gal\/index.php\/2022\/08\/15\/o-sindicato-nacional-de-ccoo-de-galicia-chora-a-un-dos-seus-fundadores-waldino-varela\/"]}]},{"@type":"ImageObject","inLanguage":"gl-ES","@id":"https:\/\/www.anovapeneira.gal\/index.php\/2022\/08\/15\/o-sindicato-nacional-de-ccoo-de-galicia-chora-a-un-dos-seus-fundadores-waldino-varela\/#primaryimage","url":"https:\/\/www.anovapeneira.gal\/wp-content\/uploads\/2022\/05\/ccoo_2.png","contentUrl":"https:\/\/www.anovapeneira.gal\/wp-content\/uploads\/2022\/05\/ccoo_2.png","width":720,"height":432,"caption":"CCOO"},{"@type":"BreadcrumbList","@id":"https:\/\/www.anovapeneira.gal\/index.php\/2022\/08\/15\/o-sindicato-nacional-de-ccoo-de-galicia-chora-a-un-dos-seus-fundadores-waldino-varela\/#breadcrumb","itemListElement":[{"@type":"ListItem","position":1,"name":"Portada","item":"https:\/\/www.anovapeneira.gal\/"},{"@type":"ListItem","position":2,"name":"O Sindicato Nacional de CCOO de Galicia chora a un dos seus fundadores, Waldino Varela"}]},{"@type":"WebSite","@id":"https:\/\/www.anovapeneira.gal\/#website","url":"https:\/\/www.anovapeneira.gal\/","name":"","description":"Xornal galego de informaci\u00f3n xeral Publicaci\u00f3n mensual de novas de Galicia e en especial dos Concellos da sur da provincia de Pontevedra.","publisher":{"@id":"https:\/\/www.anovapeneira.gal\/#organization"},"potentialAction":[{"@type":"SearchAction","target":{"@type":"EntryPoint","urlTemplate":"https:\/\/www.anovapeneira.gal\/?s={search_term_string}"},"query-input":{"@type":"PropertyValueSpecification","valueRequired":true,"valueName":"search_term_string"}}],"inLanguage":"gl-ES"},{"@type":"Organization","@id":"https:\/\/www.anovapeneira.gal\/#organization","name":"A Nova Peneira","url":"https:\/\/www.anovapeneira.gal\/","logo":{"@type":"ImageObject","inLanguage":"gl-ES","@id":"https:\/\/www.anovapeneira.gal\/#\/schema\/logo\/image\/","url":"http:\/\/www.anovapeneira.gal\/wp-content\/uploads\/2019\/06\/logo_a_nova_peneira_portal_web.png","contentUrl":"http:\/\/www.anovapeneira.gal\/wp-content\/uploads\/2019\/06\/logo_a_nova_peneira_portal_web.png","width":300,"height":100,"caption":"A Nova Peneira"},"image":{"@id":"https:\/\/www.anovapeneira.gal\/#\/schema\/logo\/image\/"},"sameAs":["https:\/\/www.facebook.com\/anovapeneira","https:\/\/x.com\/APeneira"]},{"@type":"Person","@id":"https:\/\/www.anovapeneira.gal\/#\/schema\/person\/b93e3f8932e3f8da96334607eb6ac6aa","name":"Redacci\u00f3n A Nova Peneira","image":{"@type":"ImageObject","inLanguage":"gl-ES","@id":"https:\/\/secure.gravatar.com\/avatar\/c052a2551a06e23fac63626232eaa90abd78dbcf1700fc46a2b2c89fd27b735f?s=96&d=mm&r=g","url":"https:\/\/secure.gravatar.com\/avatar\/c052a2551a06e23fac63626232eaa90abd78dbcf1700fc46a2b2c89fd27b735f?s=96&d=mm&r=g","contentUrl":"https:\/\/secure.gravatar.com\/avatar\/c052a2551a06e23fac63626232eaa90abd78dbcf1700fc46a2b2c89fd27b735f?s=96&d=mm&r=g","caption":"Redacci\u00f3n A Nova Peneira"},"sameAs":["http:\/\/www.anovapeneira.gal\/"],"url":"https:\/\/www.anovapeneira.gal\/index.php\/author\/redactor\/"}]}},"jetpack_featured_media_url":"https:\/\/www.anovapeneira.gal\/wp-content\/uploads\/2022\/05\/ccoo_2.png","_links":{"self":[{"href":"https:\/\/www.anovapeneira.gal\/index.php\/wp-json\/wp\/v2\/posts\/7951","targetHints":{"allow":["GET"]}}],"collection":[{"href":"https:\/\/www.anovapeneira.gal\/index.php\/wp-json\/wp\/v2\/posts"}],"about":[{"href":"https:\/\/www.anovapeneira.gal\/index.php\/wp-json\/wp\/v2\/types\/post"}],"author":[{"embeddable":true,"href":"https:\/\/www.anovapeneira.gal\/index.php\/wp-json\/wp\/v2\/users\/3"}],"replies":[{"embeddable":true,"href":"https:\/\/www.anovapeneira.gal\/index.php\/wp-json\/wp\/v2\/comments?post=7951"}],"version-history":[{"count":1,"href":"https:\/\/www.anovapeneira.gal\/index.php\/wp-json\/wp\/v2\/posts\/7951\/revisions"}],"predecessor-version":[{"id":7952,"href":"https:\/\/www.anovapeneira.gal\/index.php\/wp-json\/wp\/v2\/posts\/7951\/revisions\/7952"}],"wp:featuredmedia":[{"embeddable":true,"href":"https:\/\/www.anovapeneira.gal\/index.php\/wp-json\/wp\/v2\/media\/7530"}],"wp:attachment":[{"href":"https:\/\/www.anovapeneira.gal\/index.php\/wp-json\/wp\/v2\/media?parent=7951"}],"wp:term":[{"taxonomy":"category","embeddable":true,"href":"https:\/\/www.anovapeneira.gal\/index.php\/wp-json\/wp\/v2\/categories?post=7951"},{"taxonomy":"post_tag","embeddable":true,"href":"https:\/\/www.anovapeneira.gal\/index.php\/wp-json\/wp\/v2\/tags?post=7951"}],"curies":[{"name":"wp","href":"https:\/\/api.w.org\/{rel}","templated":true}]}}