{"id":7954,"date":"2022-08-16T10:00:35","date_gmt":"2022-08-16T08:00:35","guid":{"rendered":"https:\/\/www.anovapeneira.gal\/?p=7954"},"modified":"2022-08-10T20:02:54","modified_gmt":"2022-08-10T18:02:54","slug":"pedro-pereira-portavoz-do-grupo-municipal-do-bng-en-o-porrino","status":"publish","type":"post","link":"https:\/\/www.anovapeneira.gal\/index.php\/2022\/08\/16\/pedro-pereira-portavoz-do-grupo-municipal-do-bng-en-o-porrino\/","title":{"rendered":"Pedro Pereira Portavoz do grupo municipal do BNG en O Porri\u00f1o"},"content":{"rendered":"\n<pre class=\"wp-block-verse\"><strong>Tino Lago<\/strong><\/pre>\n\n\n\n<p><strong>Probablemente Pedro Pereira nunca chegue a ser alcalde de O Porri\u00f1o, e se se dese esa hip\u00f3tese, con certeza O Porri\u00f1o deixar\u00eda de ter un alcalde cun nivel pol\u00edtico superlativo, dos m\u00e1is elevados que co\u00f1ezo, e despois de 25 anos mergullado nas tripas da pol\u00edtica galego co\u00f1ezo infinidade de pol\u00edticos e pol\u00edticas de todo tipo, e cunha vocaci\u00f3n de servizo p\u00fablico elevad\u00edsima. Xa comentei nalgunha ocasi\u00f3n que se cada veci\u00f1a e veci\u00f1o do Porri\u00f1o tivese a oportunidade de tomar un caf\u00e9 con Pedro, e conversar con el devagar ga\u00f1ar\u00eda cada elecci\u00f3n \u00e1 que se presentase cunha avantaxe oce\u00e1nica sobre os seus competidores.<\/strong><\/p>\n\n\n\n<p>\u201c <strong>O Porri\u00f1o ten un alcalde que d\u00e1 moitas apertas e moitos bicos pero engana \u00e1 xente\u201d.<\/strong><\/p>\n\n\n\n<p><strong>Se<\/strong><strong> hoxe puideras volver a vista atr\u00e1s e situarche no momento no que tivestes que decidir se entrar no goberno de Eva Garc\u00eda De La Torre, tomar\u00edas a mesma decisi\u00f3n que tomaches?<\/strong><\/p>\n\n\n\n<blockquote class=\"wp-block-quote is-layout-flow wp-block-quote-is-layout-flow\"><p>Si, non foi unha decisi\u00f3n f\u00e1cil, sab\u00edamos que ti\u00f1a os seus riscos. Pero a mi\u00f1a convicci\u00f3n \u00e9 que o balance dos dous anos que estivemos no goberno foi positivo para O Porri\u00f1o. A dereita case sempre gobernou no noso pobo e se , cando a aritm\u00e9tica o permite, non pomos todo da nosa parte para constru\u00edr alternativas resulta moi dif\u00edcil cambiar as cousas e mostrar outra forma de gobernar. Por outra parte a dereita, en xeral, act\u00faa como se o poder lle pertencese por dereito de berce e cando non o te\u00f1en reaccionan con extraordinaria virulencia. Pensan que se lle rouba o dereito de gobernar. O mesmo Alejandro, en pouco tempo, comeza a amosar preocupantes signos de autoritarismo<\/p><\/blockquote>\n\n\n\n<p><strong>Recentemente pendurastes nas vosas redes sociais unha publicaci\u00f3n que chamastes \u201c As 13 mentiras de Alejandro\u201d.Non che vou pedir que me contes as supostas 13 mentiras unha por unha pero si que nos expliques a motivaci\u00f3n que impulsou esa publicaci\u00f3n?<\/strong><\/p>\n\n\n\n<blockquote class=\"wp-block-quote is-layout-flow wp-block-quote-is-layout-flow\"><p>O actual alcalde chega cun discurso supostamente rexenerador dunha presunta mala praxe pol\u00edtica do anterior goberno. Varios meses despois de que asumise a s\u00faa responsabilidade vemos que a realidade dos feitos amosa que boa parte do seu discurso estaba sustentado na mentira.<\/p><\/blockquote>\n\n\n\n<p><strong>Ent\u00f3n ese discurso rexenerador do actual alcalde non se corresponde, ao teu xu\u00edzo, coa realidade?<\/strong><\/p>\n\n\n\n<blockquote class=\"wp-block-quote is-layout-flow wp-block-quote-is-layout-flow\"><p>Non, rotundamente non. El procura dar a imaxe de que fai unha pol\u00edtica distinta pero non \u00e9 verdade. Incluso hai temas que van claramente para atr\u00e1s.<\/p><\/blockquote>\n\n\n\n<p><strong>Por exemplo?<\/strong><\/p>\n\n\n\n<blockquote class=\"wp-block-quote is-layout-flow wp-block-quote-is-layout-flow\"><p>As rozadas dos cami\u00f1os. Faise puntualmente nos lugares que hai festas, , pero non regularmente para ter todo o termo municipal en condici\u00f3ns \u00f3ptimas, e iso que conta con mais persoal que os dous \u00faltimos anos. Hai moitas zonas nas parroquias nas que est\u00e1n moi atrasadas.<\/p><\/blockquote>\n\n\n\n<p><strong>O Concello do Porri\u00f1o estaba en bancarrota?<\/strong><\/p>\n\n\n\n<blockquote class=\"wp-block-quote is-layout-flow wp-block-quote-is-layout-flow\"><p>Esa \u00e9 outra das mentiras m\u00e1is importantes \u00e1s que nos referiamos na publicaci\u00f3n pola que antes me preguntaches. F\u00edxate se iso \u00e9 falso que nos meses que o PP leva no goberno do Porri\u00f1o levan gastados 4.000.000\u20ac con cargo ao remanente positivo de tesourer\u00eda. Dicirlle \u00e1 veci\u00f1anza que estabamos en bancarrota cando ti\u00f1a esa cantidade de cartos ao seu dispor \u00e9 literalmente mentir \u00e1 cidadan\u00eda.<\/p><\/blockquote>\n\n\n\n<p><strong>Para que os gastaron ?, para pagar algunha das moitas facturas atrasadas?<\/strong><\/p>\n\n\n\n<blockquote class=\"wp-block-quote is-layout-flow wp-block-quote-is-layout-flow\"><p>Non. Foi para novos investimentos de saneamento como o do Picouzo e Devesa en Budi\u00f1o, proxectos impulsados polo BNG, novas licitaci\u00f3ns e para contratar persoal para servizos. A gran diferenza \u00e9 que o BNG apoiou estas proposta e en cambio o PP do Sr. Alejandro, en propostas semellantes do anterior goberno, votaba sistematicamente en contra.<\/p><\/blockquote>\n\n\n\n<p><strong>Ch\u00e1mame a atenci\u00f3n o que me dis do gasto de tal cantidade de cartos en proxectos novos cando Porri\u00f1o ten un n\u00famero inmenso de facturas atrasadas, na conta 413, sen pagar. Avanzouse algo na resoluci\u00f3n dese problema tan serio para moitas empresas que prestaron servizos ao Concello e non os cobraron?<\/strong><\/p>\n\n\n\n<blockquote class=\"wp-block-quote is-layout-flow wp-block-quote-is-layout-flow\"><p>Est\u00e1 como estaba. As facturas pendentes seguen pendentes de pago. El non ten interese nin vontade de solucionar ese tema, polo menos de momento<\/p><\/blockquote>\n\n\n\n<p><strong>E por que, entende o BNG, que o alcalde non ten interese en solucionar iso?<\/strong><\/p>\n\n\n\n<blockquote class=\"wp-block-quote is-layout-flow wp-block-quote-is-layout-flow\"><p>Porque vende m\u00e1is facer cousas novas que pagar as facturas atrasadas. Nesa conta hai a lo menos 3.500.000\u20ac con informe favorable que amosa que o servizo se prestou correctamente e n\u00f3s entendemos que se deben de pagar canto antes. As empresas que prestan servizos para o concello non deben ser castigadas sen cobrar porque alg\u00fan responsable pol\u00edtico non seguira o procedemento establecido para contratar. Este alcalde por un lado demandaba que boa parte das empresas ti\u00f1an que cobrar e por outro \u00eda ao xulgado para que non cobraran. Un exemplo m\u00e1is da pertinencia da publicaci\u00f3n sobre as s\u00faas mentiras.<\/p><\/blockquote>\n\n\n\n<p><strong>V\u00f3s estivestes no goberno con Eva, supo\u00f1o que teredes algunha responsabilidade nese volume inmenso de facturas impagadas?<\/strong><\/p>\n\n\n\n<blockquote class=\"wp-block-quote is-layout-flow wp-block-quote-is-layout-flow\"><p>Non \u00e9 por eludir responsabilidades, \u00e9 a realidade: O BNG s\u00f3 estivo no goberno entre novembro do 19 e decembro do 21, e case todas as facturas que hai na 413 son anteriores \u00e1 nosa chegada ao goberno. \u00c9 o PP o responsable de que esas facturas non se paguen; agora porque goberna e poder\u00eda facelo, e antes na oposici\u00f3n porque houbo varios intentos de reco\u00f1ecementos extraordinarios de cr\u00e9ditos, por parte do goberno no que estaba o BNG, e o PP xunto con EU SON impediron que se aprobaran..<\/p><\/blockquote>\n\n\n\n<p><strong>Por que non votastes a favor de aprobar os orzamentos?<\/strong><\/p>\n\n\n\n<blockquote class=\"wp-block-quote is-layout-flow wp-block-quote-is-layout-flow\"><p>Un orzamento \u00e9 o documento m\u00e1is importante dun concello. Haino que elaborar con rigor , seriedade e darlle tempo \u00e1 oposici\u00f3n para que o estude e faga as s\u00faas achegas. Ese ser\u00eda o procedemento l\u00f3xico, pero o que fixo o PP \u00e9 pretender que aprobaramos un orzamento sen tempo para estudalo e ligado a unha operaci\u00f3n extraordinaria de cr\u00e9dito de m\u00e1is de 9.000.000\u20ac , que \u00e9 nada m\u00e1is e nada menos que o 50% do orzamento total do Concello. E todo isto sen ning\u00fan tipo de explicaci\u00f3n de onde e como se \u00edan executar as distintas partidas para saneamento, vivenda protexida&#8230;.En definitiva, esas contas non se poden aprobar porque non son realistas<\/p><\/blockquote>\n\n\n\n<p><strong>S\u00f3 precisaba un voto para telos aprobado verdade?<\/strong><\/p>\n\n\n\n<blockquote class=\"wp-block-quote is-layout-flow wp-block-quote-is-layout-flow\"><p>Si, efectivamente s\u00f3 un voto afirmativo ou unha abstenci\u00f3n. E non o deu conseguido o que fala moi \u00e1s claras da s\u00faa nula capacidade para a negociaci\u00f3n e o consenso.<\/p><\/blockquote>\n\n\n\n<p><strong>Con v\u00f3s fixo alg\u00fan intento para negociar o voso apoio ou abstenci\u00f3n?<\/strong><\/p>\n\n\n\n<blockquote class=\"wp-block-quote is-layout-flow wp-block-quote-is-layout-flow\"><p>Non. O seu desleixo e desinterese son palpables, ata o punto de que a d\u00eda de hoxe, 7 meses despois de que acadaran a alcald\u00eda, o PP non ten avanzado absolutamente nada en ning\u00fan tipo de convenio espec\u00edfico para proxectos<\/p><\/blockquote>\n\n\n\n<p><strong>Para o Centro de Sa\u00fade si, non?<\/strong><\/p>\n\n\n\n<blockquote class=\"wp-block-quote is-layout-flow wp-block-quote-is-layout-flow\"><p>Iso xa estaba previamente. A licenza xa se deu cando o BNG estaba no goberno. Ese m\u00e9rito non pode esgrimilo o PP porque non \u00e9 del. Todo o contrario, o m\u00e9rito do PP \u00e9 a tardanza. O atraso desde o 2010 ata actualidade \u00e9 responsabilidade do PP<\/p><\/blockquote>\n\n\n\n<p><strong>Na t\u00faa etapa de concelleiro recordo que estabas especialmente ilusionado co proxecto do paseo do Louro. Como est\u00e1 ese tema agora?<\/strong><\/p>\n\n\n\n<blockquote class=\"wp-block-quote is-layout-flow wp-block-quote-is-layout-flow\"><p>Ese era un proxecto BNG si, puxemos as bases para que sexa unha realidade a medio prazo coa compra de aproximadamente 18.000 m2, esperemos que o PP siga comprando terreos.. Eu percibo que xente do Porri\u00f1o demanda unha gran zona verde e dotacional a car\u00f3n do r\u00edo Louro. Mais isto non \u00e9 suficiente, hai que avanzar no soterramento da v\u00eda do tren e en buscar unha nova localizaci\u00f3n para frigolouro. En realidade todos os espazos recuperados para a veci\u00f1anza como foi a peonalizaci\u00f3n do centro do Porri\u00f1o, a r\u00faa Aloques, e Manuel Rodriguez no barrio de San Bieito son proxectos BNG<\/p><\/blockquote>\n\n\n\n<p><strong>Outro asunto que vexo que provoca tensi\u00f3n pol\u00edtica co goberno municipal \u00e9 o das canteiras de Atios. Como est\u00e1 ese problema?<\/strong><\/p>\n\n\n\n<blockquote class=\"wp-block-quote is-layout-flow wp-block-quote-is-layout-flow\"><p>Al\u00ed hai d\u00faas realidades distintas. Os montes da parroquia de Budi\u00f1o, por sentencia xudicial firme, son propiedade do Concello do Porri\u00f1o. No caso de Atios hai unha sentenza xudicial en primeira instancia que di que eses terreos son da Xunta de Montes de Atios, sentenza que confirma a audiencia de Pontevedra. Cando estaba Eva de alcaldesa instamos a que non a recorreran a sentenza de 1\u00aa instancia, o que si fixeron contra o noso criterio. Cando sae a segunda sentenza da Audiencia, o pleno , xa con Alejandro como alcalde, aprobou unha moci\u00f3n do BNG para que non se recorrera a sentenza. Nese mesmo pleno dixo que non \u00eda recorrer e logo por decreto recorreu<\/p><\/blockquote>\n\n\n\n<p><strong>Ent\u00f3n fixo o contrario ao que dixo que \u00eda facer?<\/strong><\/p>\n\n\n\n<blockquote class=\"wp-block-quote is-layout-flow wp-block-quote-is-layout-flow\"><p>Si, unha vez m\u00e1is mentiu. O Porri\u00f1o ten un alcalde que d\u00e1 moitas apertas e e moitos bicos pero engana \u00e1 xente.<\/p><\/blockquote>\n\n\n\n<p><strong>Como est\u00e1 a situaci\u00f3n do BNG do Porri\u00f1o?<\/strong><\/p>\n\n\n\n<blockquote class=\"wp-block-quote is-layout-flow wp-block-quote-is-layout-flow\"><p>Est\u00e1 moi ben, na li\u00f1a positiva e de crecemento da que goza o nacionalismo en todo o pa\u00eds. Toda a militancia est\u00e1 moi ilusionada e cunhas enormes ga\u00f1as de traballar para que nas municipais do ano pr\u00f3ximo deamos un salto significativo.<\/p><\/blockquote>\n\n\n\n<p><strong>E as expectativas realistas?<\/strong><\/p>\n\n\n\n<blockquote class=\"wp-block-quote is-layout-flow wp-block-quote-is-layout-flow\"><p>A primeira \u00e9 m\u00e1is importante \u00e9 que o PP non consiga a maior\u00eda absoluta<\/p><\/blockquote>\n\n\n\n<p><strong>Esa hip\u00f3tese vela factible?<\/strong><\/p>\n\n\n\n<blockquote class=\"wp-block-quote is-layout-flow wp-block-quote-is-layout-flow\"><p>Si, absolutamente. No 2023 imos pasar de 17 a 21 concelleiros\/as e ao PP far\u00edanlle falta 11.O Obxectivo, realista e veros\u00edmil, \u00e9 evitalo. E logo imos intentar ser a forza m\u00e1is votada de toda a esquerda .A nosa tendencia \u00e9 ascendente e n\u00f3s non nos po\u00f1emos l\u00edmites<\/p><\/blockquote>\n\n\n\n<p><strong>Vas ser ti o cabeza de lista?<\/strong><\/p>\n\n\n\n<blockquote class=\"wp-block-quote is-layout-flow wp-block-quote-is-layout-flow\"><p>Ata setembro non se toma esa decisi\u00f3n<\/p><\/blockquote>\n\n\n\n<p><strong>E o teu \u00e1nimo e vontade?<\/strong><\/p>\n\n\n\n<blockquote class=\"wp-block-quote is-layout-flow wp-block-quote-is-layout-flow\"><p>Xa a trasladei ao Consello Local. Ser\u00e1 a Asemblea do BNG quen decida que persoa ser\u00e1 a candidata.<\/p><\/blockquote>\n","protected":false},"excerpt":{"rendered":"<div class=\"mh-excerpt\"><p>Probablemente Pedro Pereira nunca chegue a ser alcalde de O Porri\u00f1o, e se se dese esa hip\u00f3tese, con certeza O Porri\u00f1o deixar\u00eda de ter un alcalde cun nivel pol\u00edtico superlativo, dos m\u00e1is elevados que co\u00f1ezo, e despois de 25 anos mergullado nas tripas da pol\u00edtica galego co\u00f1ezo infinidade de pol\u00edticos e pol\u00edticas de todo tipo, e cunha vocaci\u00f3n de servizo p\u00fablico elevad\u00edsima <a class=\"mh-excerpt-more\" href=\"https:\/\/www.anovapeneira.gal\/index.php\/2022\/08\/16\/pedro-pereira-portavoz-do-grupo-municipal-do-bng-en-o-porrino\/\" title=\"Pedro Pereira Portavoz do grupo municipal do BNG en O Porri\u00f1o\">[&#8230;]<\/a><\/p>\n<\/div>","protected":false},"author":2,"featured_media":6842,"comment_status":"open","ping_status":"open","sticky":false,"template":"","format":"standard","meta":{"_exactmetrics_skip_tracking":false,"_exactmetrics_sitenote_active":false,"_exactmetrics_sitenote_note":"","_exactmetrics_sitenote_category":0,"footnotes":""},"categories":[265],"tags":[411],"class_list":{"0":"post-7954","1":"post","2":"type-post","3":"status-publish","4":"format-standard","5":"has-post-thumbnail","7":"category-a-lourina-entrevistas","8":"tag-concello-do-porrino"},"yoast_head":"<!-- This site is optimized with the Yoast SEO plugin v27.4 - https:\/\/yoast.com\/product\/yoast-seo-wordpress\/ -->\n<title>Pedro Pereira Portavoz do grupo municipal do BNG en O Porri\u00f1o -<\/title>\n<meta name=\"description\" content=\"Probablemente Pedro Pereira nunca chegue a ser alcalde de O Porri\u00f1o, e se se dese esa hip\u00f3tese, con certeza O Porri\u00f1o deixar\u00eda de ter un alcalde cun nivel pol\u00edtico superlativo, dos m\u00e1is elevados que co\u00f1ezo\" \/>\n<meta name=\"robots\" content=\"index, follow, max-snippet:-1, max-image-preview:large, max-video-preview:-1\" \/>\n<link rel=\"canonical\" href=\"https:\/\/www.anovapeneira.gal\/index.php\/2022\/08\/16\/pedro-pereira-portavoz-do-grupo-municipal-do-bng-en-o-porrino\/\" \/>\n<meta property=\"og:locale\" content=\"gl_ES\" \/>\n<meta property=\"og:type\" content=\"article\" \/>\n<meta property=\"og:title\" content=\"Pedro Pereira Portavoz do grupo municipal do BNG en O Porri\u00f1o -\" \/>\n<meta property=\"og:description\" content=\"Probablemente Pedro Pereira nunca chegue a ser alcalde de O Porri\u00f1o, e se se dese esa hip\u00f3tese, con certeza O Porri\u00f1o deixar\u00eda de ter un alcalde cun nivel pol\u00edtico superlativo, dos m\u00e1is elevados que co\u00f1ezo\" \/>\n<meta property=\"og:url\" content=\"https:\/\/www.anovapeneira.gal\/index.php\/2022\/08\/16\/pedro-pereira-portavoz-do-grupo-municipal-do-bng-en-o-porrino\/\" \/>\n<meta property=\"article:publisher\" content=\"https:\/\/www.facebook.com\/anovapeneira\" \/>\n<meta property=\"article:published_time\" content=\"2022-08-16T08:00:35+00:00\" \/>\n<meta property=\"og:image\" content=\"https:\/\/www.anovapeneira.gal\/wp-content\/uploads\/2022\/01\/pedro_pereira_bng_porrino.jpg\" \/>\n\t<meta property=\"og:image:width\" content=\"720\" \/>\n\t<meta property=\"og:image:height\" content=\"432\" \/>\n\t<meta property=\"og:image:type\" content=\"image\/jpeg\" \/>\n<meta name=\"author\" content=\"Tino Lago\" \/>\n<meta name=\"twitter:card\" content=\"summary_large_image\" \/>\n<meta name=\"twitter:creator\" content=\"@APeneira\" \/>\n<meta name=\"twitter:site\" content=\"@APeneira\" \/>\n<meta name=\"twitter:label1\" content=\"Escrito por\" \/>\n\t<meta name=\"twitter:data1\" content=\"Tino Lago\" \/>\n\t<meta name=\"twitter:label2\" content=\"Tempo de lectura\" \/>\n\t<meta name=\"twitter:data2\" content=\"9 minutos\" \/>\n<script type=\"application\/ld+json\" class=\"yoast-schema-graph\">{\"@context\":\"https:\\\/\\\/schema.org\",\"@graph\":[{\"@type\":\"Article\",\"@id\":\"https:\\\/\\\/www.anovapeneira.gal\\\/index.php\\\/2022\\\/08\\\/16\\\/pedro-pereira-portavoz-do-grupo-municipal-do-bng-en-o-porrino\\\/#article\",\"isPartOf\":{\"@id\":\"https:\\\/\\\/www.anovapeneira.gal\\\/index.php\\\/2022\\\/08\\\/16\\\/pedro-pereira-portavoz-do-grupo-municipal-do-bng-en-o-porrino\\\/\"},\"author\":{\"name\":\"Tino Lago\",\"@id\":\"https:\\\/\\\/www.anovapeneira.gal\\\/#\\\/schema\\\/person\\\/424dfe65e3070fd8a44d22d2c088762a\"},\"headline\":\"Pedro Pereira Portavoz do grupo municipal do BNG en O Porri\u00f1o\",\"datePublished\":\"2022-08-16T08:00:35+00:00\",\"mainEntityOfPage\":{\"@id\":\"https:\\\/\\\/www.anovapeneira.gal\\\/index.php\\\/2022\\\/08\\\/16\\\/pedro-pereira-portavoz-do-grupo-municipal-do-bng-en-o-porrino\\\/\"},\"wordCount\":1687,\"commentCount\":0,\"publisher\":{\"@id\":\"https:\\\/\\\/www.anovapeneira.gal\\\/#organization\"},\"image\":{\"@id\":\"https:\\\/\\\/www.anovapeneira.gal\\\/index.php\\\/2022\\\/08\\\/16\\\/pedro-pereira-portavoz-do-grupo-municipal-do-bng-en-o-porrino\\\/#primaryimage\"},\"thumbnailUrl\":\"https:\\\/\\\/www.anovapeneira.gal\\\/wp-content\\\/uploads\\\/2022\\\/01\\\/pedro_pereira_bng_porrino.jpg\",\"keywords\":[\"Concello do Porri\u00f1o\"],\"articleSection\":[\"A Louri\u00f1a\"],\"inLanguage\":\"gl-ES\",\"potentialAction\":[{\"@type\":\"CommentAction\",\"name\":\"Comment\",\"target\":[\"https:\\\/\\\/www.anovapeneira.gal\\\/index.php\\\/2022\\\/08\\\/16\\\/pedro-pereira-portavoz-do-grupo-municipal-do-bng-en-o-porrino\\\/#respond\"]}]},{\"@type\":\"WebPage\",\"@id\":\"https:\\\/\\\/www.anovapeneira.gal\\\/index.php\\\/2022\\\/08\\\/16\\\/pedro-pereira-portavoz-do-grupo-municipal-do-bng-en-o-porrino\\\/\",\"url\":\"https:\\\/\\\/www.anovapeneira.gal\\\/index.php\\\/2022\\\/08\\\/16\\\/pedro-pereira-portavoz-do-grupo-municipal-do-bng-en-o-porrino\\\/\",\"name\":\"Pedro Pereira Portavoz do grupo municipal do BNG en O Porri\u00f1o -\",\"isPartOf\":{\"@id\":\"https:\\\/\\\/www.anovapeneira.gal\\\/#website\"},\"primaryImageOfPage\":{\"@id\":\"https:\\\/\\\/www.anovapeneira.gal\\\/index.php\\\/2022\\\/08\\\/16\\\/pedro-pereira-portavoz-do-grupo-municipal-do-bng-en-o-porrino\\\/#primaryimage\"},\"image\":{\"@id\":\"https:\\\/\\\/www.anovapeneira.gal\\\/index.php\\\/2022\\\/08\\\/16\\\/pedro-pereira-portavoz-do-grupo-municipal-do-bng-en-o-porrino\\\/#primaryimage\"},\"thumbnailUrl\":\"https:\\\/\\\/www.anovapeneira.gal\\\/wp-content\\\/uploads\\\/2022\\\/01\\\/pedro_pereira_bng_porrino.jpg\",\"datePublished\":\"2022-08-16T08:00:35+00:00\",\"description\":\"Probablemente Pedro Pereira nunca chegue a ser alcalde de O Porri\u00f1o, e se se dese esa hip\u00f3tese, con certeza O Porri\u00f1o deixar\u00eda de ter un alcalde cun nivel pol\u00edtico superlativo, dos m\u00e1is elevados que co\u00f1ezo\",\"breadcrumb\":{\"@id\":\"https:\\\/\\\/www.anovapeneira.gal\\\/index.php\\\/2022\\\/08\\\/16\\\/pedro-pereira-portavoz-do-grupo-municipal-do-bng-en-o-porrino\\\/#breadcrumb\"},\"inLanguage\":\"gl-ES\",\"potentialAction\":[{\"@type\":\"ReadAction\",\"target\":[\"https:\\\/\\\/www.anovapeneira.gal\\\/index.php\\\/2022\\\/08\\\/16\\\/pedro-pereira-portavoz-do-grupo-municipal-do-bng-en-o-porrino\\\/\"]}]},{\"@type\":\"ImageObject\",\"inLanguage\":\"gl-ES\",\"@id\":\"https:\\\/\\\/www.anovapeneira.gal\\\/index.php\\\/2022\\\/08\\\/16\\\/pedro-pereira-portavoz-do-grupo-municipal-do-bng-en-o-porrino\\\/#primaryimage\",\"url\":\"https:\\\/\\\/www.anovapeneira.gal\\\/wp-content\\\/uploads\\\/2022\\\/01\\\/pedro_pereira_bng_porrino.jpg\",\"contentUrl\":\"https:\\\/\\\/www.anovapeneira.gal\\\/wp-content\\\/uploads\\\/2022\\\/01\\\/pedro_pereira_bng_porrino.jpg\",\"width\":720,\"height\":432,\"caption\":\"Pedro Pereira voceiro do BNG do Porri\u00f1o\"},{\"@type\":\"BreadcrumbList\",\"@id\":\"https:\\\/\\\/www.anovapeneira.gal\\\/index.php\\\/2022\\\/08\\\/16\\\/pedro-pereira-portavoz-do-grupo-municipal-do-bng-en-o-porrino\\\/#breadcrumb\",\"itemListElement\":[{\"@type\":\"ListItem\",\"position\":1,\"name\":\"Portada\",\"item\":\"https:\\\/\\\/www.anovapeneira.gal\\\/\"},{\"@type\":\"ListItem\",\"position\":2,\"name\":\"Pedro Pereira Portavoz do grupo municipal do BNG en O Porri\u00f1o\"}]},{\"@type\":\"WebSite\",\"@id\":\"https:\\\/\\\/www.anovapeneira.gal\\\/#website\",\"url\":\"https:\\\/\\\/www.anovapeneira.gal\\\/\",\"name\":\"\",\"description\":\"Xornal galego de informaci\u00f3n xeral Publicaci\u00f3n mensual de novas de Galicia e en especial dos Concellos da sur da provincia de Pontevedra.\",\"publisher\":{\"@id\":\"https:\\\/\\\/www.anovapeneira.gal\\\/#organization\"},\"potentialAction\":[{\"@type\":\"SearchAction\",\"target\":{\"@type\":\"EntryPoint\",\"urlTemplate\":\"https:\\\/\\\/www.anovapeneira.gal\\\/?s={search_term_string}\"},\"query-input\":{\"@type\":\"PropertyValueSpecification\",\"valueRequired\":true,\"valueName\":\"search_term_string\"}}],\"inLanguage\":\"gl-ES\"},{\"@type\":\"Organization\",\"@id\":\"https:\\\/\\\/www.anovapeneira.gal\\\/#organization\",\"name\":\"A Nova Peneira\",\"url\":\"https:\\\/\\\/www.anovapeneira.gal\\\/\",\"logo\":{\"@type\":\"ImageObject\",\"inLanguage\":\"gl-ES\",\"@id\":\"https:\\\/\\\/www.anovapeneira.gal\\\/#\\\/schema\\\/logo\\\/image\\\/\",\"url\":\"http:\\\/\\\/www.anovapeneira.gal\\\/wp-content\\\/uploads\\\/2019\\\/06\\\/logo_a_nova_peneira_portal_web.png\",\"contentUrl\":\"http:\\\/\\\/www.anovapeneira.gal\\\/wp-content\\\/uploads\\\/2019\\\/06\\\/logo_a_nova_peneira_portal_web.png\",\"width\":300,\"height\":100,\"caption\":\"A Nova Peneira\"},\"image\":{\"@id\":\"https:\\\/\\\/www.anovapeneira.gal\\\/#\\\/schema\\\/logo\\\/image\\\/\"},\"sameAs\":[\"https:\\\/\\\/www.facebook.com\\\/anovapeneira\",\"https:\\\/\\\/x.com\\\/APeneira\"]},{\"@type\":\"Person\",\"@id\":\"https:\\\/\\\/www.anovapeneira.gal\\\/#\\\/schema\\\/person\\\/424dfe65e3070fd8a44d22d2c088762a\",\"name\":\"Tino Lago\",\"image\":{\"@type\":\"ImageObject\",\"inLanguage\":\"gl-ES\",\"@id\":\"https:\\\/\\\/secure.gravatar.com\\\/avatar\\\/b3df6a06e44bab3111583b90f0f33a0379ee5e3d22cbadd232d39f21c30c62be?s=96&d=mm&r=g\",\"url\":\"https:\\\/\\\/secure.gravatar.com\\\/avatar\\\/b3df6a06e44bab3111583b90f0f33a0379ee5e3d22cbadd232d39f21c30c62be?s=96&d=mm&r=g\",\"contentUrl\":\"https:\\\/\\\/secure.gravatar.com\\\/avatar\\\/b3df6a06e44bab3111583b90f0f33a0379ee5e3d22cbadd232d39f21c30c62be?s=96&d=mm&r=g\",\"caption\":\"Tino Lago\"},\"sameAs\":[\"http:\\\/\\\/www.anovapeneira.gal\"],\"url\":\"https:\\\/\\\/www.anovapeneira.gal\\\/index.php\\\/author\\\/director\\\/\"}]}<\/script>\n<!-- \/ Yoast SEO plugin. -->","yoast_head_json":{"title":"Pedro Pereira Portavoz do grupo municipal do BNG en O Porri\u00f1o -","description":"Probablemente Pedro Pereira nunca chegue a ser alcalde de O Porri\u00f1o, e se se dese esa hip\u00f3tese, con certeza O Porri\u00f1o deixar\u00eda de ter un alcalde cun nivel pol\u00edtico superlativo, dos m\u00e1is elevados que co\u00f1ezo","robots":{"index":"index","follow":"follow","max-snippet":"max-snippet:-1","max-image-preview":"max-image-preview:large","max-video-preview":"max-video-preview:-1"},"canonical":"https:\/\/www.anovapeneira.gal\/index.php\/2022\/08\/16\/pedro-pereira-portavoz-do-grupo-municipal-do-bng-en-o-porrino\/","og_locale":"gl_ES","og_type":"article","og_title":"Pedro Pereira Portavoz do grupo municipal do BNG en O Porri\u00f1o -","og_description":"Probablemente Pedro Pereira nunca chegue a ser alcalde de O Porri\u00f1o, e se se dese esa hip\u00f3tese, con certeza O Porri\u00f1o deixar\u00eda de ter un alcalde cun nivel pol\u00edtico superlativo, dos m\u00e1is elevados que co\u00f1ezo","og_url":"https:\/\/www.anovapeneira.gal\/index.php\/2022\/08\/16\/pedro-pereira-portavoz-do-grupo-municipal-do-bng-en-o-porrino\/","article_publisher":"https:\/\/www.facebook.com\/anovapeneira","article_published_time":"2022-08-16T08:00:35+00:00","og_image":[{"width":720,"height":432,"url":"https:\/\/www.anovapeneira.gal\/wp-content\/uploads\/2022\/01\/pedro_pereira_bng_porrino.jpg","type":"image\/jpeg"}],"author":"Tino Lago","twitter_card":"summary_large_image","twitter_creator":"@APeneira","twitter_site":"@APeneira","twitter_misc":{"Escrito por":"Tino Lago","Tempo de lectura":"9 minutos"},"schema":{"@context":"https:\/\/schema.org","@graph":[{"@type":"Article","@id":"https:\/\/www.anovapeneira.gal\/index.php\/2022\/08\/16\/pedro-pereira-portavoz-do-grupo-municipal-do-bng-en-o-porrino\/#article","isPartOf":{"@id":"https:\/\/www.anovapeneira.gal\/index.php\/2022\/08\/16\/pedro-pereira-portavoz-do-grupo-municipal-do-bng-en-o-porrino\/"},"author":{"name":"Tino Lago","@id":"https:\/\/www.anovapeneira.gal\/#\/schema\/person\/424dfe65e3070fd8a44d22d2c088762a"},"headline":"Pedro Pereira Portavoz do grupo municipal do BNG en O Porri\u00f1o","datePublished":"2022-08-16T08:00:35+00:00","mainEntityOfPage":{"@id":"https:\/\/www.anovapeneira.gal\/index.php\/2022\/08\/16\/pedro-pereira-portavoz-do-grupo-municipal-do-bng-en-o-porrino\/"},"wordCount":1687,"commentCount":0,"publisher":{"@id":"https:\/\/www.anovapeneira.gal\/#organization"},"image":{"@id":"https:\/\/www.anovapeneira.gal\/index.php\/2022\/08\/16\/pedro-pereira-portavoz-do-grupo-municipal-do-bng-en-o-porrino\/#primaryimage"},"thumbnailUrl":"https:\/\/www.anovapeneira.gal\/wp-content\/uploads\/2022\/01\/pedro_pereira_bng_porrino.jpg","keywords":["Concello do Porri\u00f1o"],"articleSection":["A Louri\u00f1a"],"inLanguage":"gl-ES","potentialAction":[{"@type":"CommentAction","name":"Comment","target":["https:\/\/www.anovapeneira.gal\/index.php\/2022\/08\/16\/pedro-pereira-portavoz-do-grupo-municipal-do-bng-en-o-porrino\/#respond"]}]},{"@type":"WebPage","@id":"https:\/\/www.anovapeneira.gal\/index.php\/2022\/08\/16\/pedro-pereira-portavoz-do-grupo-municipal-do-bng-en-o-porrino\/","url":"https:\/\/www.anovapeneira.gal\/index.php\/2022\/08\/16\/pedro-pereira-portavoz-do-grupo-municipal-do-bng-en-o-porrino\/","name":"Pedro Pereira Portavoz do grupo municipal do BNG en O Porri\u00f1o -","isPartOf":{"@id":"https:\/\/www.anovapeneira.gal\/#website"},"primaryImageOfPage":{"@id":"https:\/\/www.anovapeneira.gal\/index.php\/2022\/08\/16\/pedro-pereira-portavoz-do-grupo-municipal-do-bng-en-o-porrino\/#primaryimage"},"image":{"@id":"https:\/\/www.anovapeneira.gal\/index.php\/2022\/08\/16\/pedro-pereira-portavoz-do-grupo-municipal-do-bng-en-o-porrino\/#primaryimage"},"thumbnailUrl":"https:\/\/www.anovapeneira.gal\/wp-content\/uploads\/2022\/01\/pedro_pereira_bng_porrino.jpg","datePublished":"2022-08-16T08:00:35+00:00","description":"Probablemente Pedro Pereira nunca chegue a ser alcalde de O Porri\u00f1o, e se se dese esa hip\u00f3tese, con certeza O Porri\u00f1o deixar\u00eda de ter un alcalde cun nivel pol\u00edtico superlativo, dos m\u00e1is elevados que co\u00f1ezo","breadcrumb":{"@id":"https:\/\/www.anovapeneira.gal\/index.php\/2022\/08\/16\/pedro-pereira-portavoz-do-grupo-municipal-do-bng-en-o-porrino\/#breadcrumb"},"inLanguage":"gl-ES","potentialAction":[{"@type":"ReadAction","target":["https:\/\/www.anovapeneira.gal\/index.php\/2022\/08\/16\/pedro-pereira-portavoz-do-grupo-municipal-do-bng-en-o-porrino\/"]}]},{"@type":"ImageObject","inLanguage":"gl-ES","@id":"https:\/\/www.anovapeneira.gal\/index.php\/2022\/08\/16\/pedro-pereira-portavoz-do-grupo-municipal-do-bng-en-o-porrino\/#primaryimage","url":"https:\/\/www.anovapeneira.gal\/wp-content\/uploads\/2022\/01\/pedro_pereira_bng_porrino.jpg","contentUrl":"https:\/\/www.anovapeneira.gal\/wp-content\/uploads\/2022\/01\/pedro_pereira_bng_porrino.jpg","width":720,"height":432,"caption":"Pedro Pereira voceiro do BNG do Porri\u00f1o"},{"@type":"BreadcrumbList","@id":"https:\/\/www.anovapeneira.gal\/index.php\/2022\/08\/16\/pedro-pereira-portavoz-do-grupo-municipal-do-bng-en-o-porrino\/#breadcrumb","itemListElement":[{"@type":"ListItem","position":1,"name":"Portada","item":"https:\/\/www.anovapeneira.gal\/"},{"@type":"ListItem","position":2,"name":"Pedro Pereira Portavoz do grupo municipal do BNG en O Porri\u00f1o"}]},{"@type":"WebSite","@id":"https:\/\/www.anovapeneira.gal\/#website","url":"https:\/\/www.anovapeneira.gal\/","name":"","description":"Xornal galego de informaci\u00f3n xeral Publicaci\u00f3n mensual de novas de Galicia e en especial dos Concellos da sur da provincia de Pontevedra.","publisher":{"@id":"https:\/\/www.anovapeneira.gal\/#organization"},"potentialAction":[{"@type":"SearchAction","target":{"@type":"EntryPoint","urlTemplate":"https:\/\/www.anovapeneira.gal\/?s={search_term_string}"},"query-input":{"@type":"PropertyValueSpecification","valueRequired":true,"valueName":"search_term_string"}}],"inLanguage":"gl-ES"},{"@type":"Organization","@id":"https:\/\/www.anovapeneira.gal\/#organization","name":"A Nova Peneira","url":"https:\/\/www.anovapeneira.gal\/","logo":{"@type":"ImageObject","inLanguage":"gl-ES","@id":"https:\/\/www.anovapeneira.gal\/#\/schema\/logo\/image\/","url":"http:\/\/www.anovapeneira.gal\/wp-content\/uploads\/2019\/06\/logo_a_nova_peneira_portal_web.png","contentUrl":"http:\/\/www.anovapeneira.gal\/wp-content\/uploads\/2019\/06\/logo_a_nova_peneira_portal_web.png","width":300,"height":100,"caption":"A Nova Peneira"},"image":{"@id":"https:\/\/www.anovapeneira.gal\/#\/schema\/logo\/image\/"},"sameAs":["https:\/\/www.facebook.com\/anovapeneira","https:\/\/x.com\/APeneira"]},{"@type":"Person","@id":"https:\/\/www.anovapeneira.gal\/#\/schema\/person\/424dfe65e3070fd8a44d22d2c088762a","name":"Tino Lago","image":{"@type":"ImageObject","inLanguage":"gl-ES","@id":"https:\/\/secure.gravatar.com\/avatar\/b3df6a06e44bab3111583b90f0f33a0379ee5e3d22cbadd232d39f21c30c62be?s=96&d=mm&r=g","url":"https:\/\/secure.gravatar.com\/avatar\/b3df6a06e44bab3111583b90f0f33a0379ee5e3d22cbadd232d39f21c30c62be?s=96&d=mm&r=g","contentUrl":"https:\/\/secure.gravatar.com\/avatar\/b3df6a06e44bab3111583b90f0f33a0379ee5e3d22cbadd232d39f21c30c62be?s=96&d=mm&r=g","caption":"Tino Lago"},"sameAs":["http:\/\/www.anovapeneira.gal"],"url":"https:\/\/www.anovapeneira.gal\/index.php\/author\/director\/"}]}},"jetpack_featured_media_url":"https:\/\/www.anovapeneira.gal\/wp-content\/uploads\/2022\/01\/pedro_pereira_bng_porrino.jpg","_links":{"self":[{"href":"https:\/\/www.anovapeneira.gal\/index.php\/wp-json\/wp\/v2\/posts\/7954","targetHints":{"allow":["GET"]}}],"collection":[{"href":"https:\/\/www.anovapeneira.gal\/index.php\/wp-json\/wp\/v2\/posts"}],"about":[{"href":"https:\/\/www.anovapeneira.gal\/index.php\/wp-json\/wp\/v2\/types\/post"}],"author":[{"embeddable":true,"href":"https:\/\/www.anovapeneira.gal\/index.php\/wp-json\/wp\/v2\/users\/2"}],"replies":[{"embeddable":true,"href":"https:\/\/www.anovapeneira.gal\/index.php\/wp-json\/wp\/v2\/comments?post=7954"}],"version-history":[{"count":1,"href":"https:\/\/www.anovapeneira.gal\/index.php\/wp-json\/wp\/v2\/posts\/7954\/revisions"}],"predecessor-version":[{"id":7955,"href":"https:\/\/www.anovapeneira.gal\/index.php\/wp-json\/wp\/v2\/posts\/7954\/revisions\/7955"}],"wp:featuredmedia":[{"embeddable":true,"href":"https:\/\/www.anovapeneira.gal\/index.php\/wp-json\/wp\/v2\/media\/6842"}],"wp:attachment":[{"href":"https:\/\/www.anovapeneira.gal\/index.php\/wp-json\/wp\/v2\/media?parent=7954"}],"wp:term":[{"taxonomy":"category","embeddable":true,"href":"https:\/\/www.anovapeneira.gal\/index.php\/wp-json\/wp\/v2\/categories?post=7954"},{"taxonomy":"post_tag","embeddable":true,"href":"https:\/\/www.anovapeneira.gal\/index.php\/wp-json\/wp\/v2\/tags?post=7954"}],"curies":[{"name":"wp","href":"https:\/\/api.w.org\/{rel}","templated":true}]}}