{"id":7956,"date":"2022-08-16T12:00:40","date_gmt":"2022-08-16T10:00:40","guid":{"rendered":"https:\/\/www.anovapeneira.gal\/?p=7956"},"modified":"2022-08-13T12:10:33","modified_gmt":"2022-08-13T10:10:33","slug":"o-bng-de-pazos-de-borben-denuncia-deficiencias-na-recollida-do-lixo-e-o-mal-estado-dos-contedores-do-lixo","status":"publish","type":"post","link":"https:\/\/www.anovapeneira.gal\/index.php\/2022\/08\/16\/o-bng-de-pazos-de-borben-denuncia-deficiencias-na-recollida-do-lixo-e-o-mal-estado-dos-contedores-do-lixo\/","title":{"rendered":"O BNG de Pazos de Borb\u00e9n denuncia deficiencias na recollida do lixo e o mal estado dos contedores do lixo"},"content":{"rendered":"\n<p>A organizaci\u00f3n nacionalista volve denunciar como cada ano a pouca supervisi\u00f3n do goberno de Andr\u00e9s Iglesias aos servizos privatizados como \u00e9 a recollida do lixo. O seu respons\u00e1bel local sorpr\u00e9ndese do servizo tan deteriorado que te\u00f1en os veci\u00f1os e as veci\u00f1as de Pazos de Borb\u00e9n principalmente nos meses de ver\u00e1n.<\/p>\n\n\n\n<p>Como cada ano por estas datas vemos como o lixo se acumula a car\u00f3n dos contedores. \u201c T\u00f3dolos barrios dos concellos est\u00e1n cos contedores cheos de lixo sen recoller desde hai d\u00edas\u201d recalca o seu respons\u00e1bel local Xurxo Pardo. Centos de veci\u00f1os e veci\u00f1as est\u00e1n a padecer nestas semanas de calor os malos cheiros procedentes do lixo acumulado que nalgunhas ocasi\u00f3ns amor\u00e9anse m\u00e1is dunha semana.<\/p>\n\n\n\n<p>Recordan desde o BNG que a recollida do lixo era un servizo xestionado polo concello ata que o actual alcalde do PP, Andr\u00e9s Iglesias, privatizou a recollida do lixo, agora nas mans da empresa privada Urbaser. Desde que o servizo se privatizou os problemas son cont\u00ednuos, e destacan desde o BNG que Urbaser non est\u00e1 a cubrir as vacaci\u00f3ns do persoal o que provoca que o lixo se acumule durante d\u00edas nos colectores enchendo e desbordando, precisamente en plena vaga de calor. A todo isto hai que sumarlle a falta de limpeza e o mal estado dos contedores que est\u00e1n rachados e remendados por todas partes.<\/p>\n\n\n\n<p>Dende o BNG de Pazos de Borb\u00e9n solicitan o alcalde e o goberno do Partido Popular que faga o seu traballo e supervise \u00e1s empresas concesionarias. Destaca Xurxo P. Besad\u00edo que \u201c o concello debe abrirlle un expediente sancionador \u00e1 empresa encargada por non cumprir o contrato e desatender as s\u00faas obrigas\u201d. Ademais, de \u201cque deben repor aqueles contedores rotos, as\u00ed como cumprir coa obriga de limpalos.\u201d<\/p>\n\n\n\n<p>Rematan a s\u00faa nota afirmando que est\u00e1n sorprendidos de que nin goberno, nin a oposici\u00f3n con representaci\u00f3n no concello fagan as reclamaci\u00f3ns pertinentes.<\/p>\n","protected":false},"excerpt":{"rendered":"<div class=\"mh-excerpt\"><p>A organizaci\u00f3n nacionalista volve denunciar como cada ano a pouca supervisi\u00f3n do goberno de Andr\u00e9s Iglesias aos servizos privatizados como \u00e9 a recollida do lixo <a class=\"mh-excerpt-more\" href=\"https:\/\/www.anovapeneira.gal\/index.php\/2022\/08\/16\/o-bng-de-pazos-de-borben-denuncia-deficiencias-na-recollida-do-lixo-e-o-mal-estado-dos-contedores-do-lixo\/\" title=\"O BNG de Pazos de Borb\u00e9n denuncia deficiencias na recollida do lixo e o mal estado dos contedores do lixo\">[&#8230;]<\/a><\/p>\n<\/div>","protected":false},"author":3,"featured_media":7959,"comment_status":"open","ping_status":"open","sticky":false,"template":"","format":"standard","meta":{"_exactmetrics_skip_tracking":false,"_exactmetrics_sitenote_active":false,"_exactmetrics_sitenote_note":"","_exactmetrics_sitenote_category":0,"footnotes":""},"categories":[24],"tags":[1089],"class_list":{"0":"post-7956","1":"post","2":"type-post","3":"status-publish","4":"format-standard","5":"has-post-thumbnail","7":"category-redondela","8":"tag-concello-de-pazos-de-borben"},"yoast_head":"<!-- This site is optimized with the Yoast SEO plugin v27.4 - https:\/\/yoast.com\/product\/yoast-seo-wordpress\/ -->\n<title>O BNG de Pazos de Borb\u00e9n denuncia deficiencias na recollida do lixo e o mal estado dos contedores do lixo -<\/title>\n<meta name=\"description\" content=\"A organizaci\u00f3n nacionalista volve denunciar como cada ano a pouca supervisi\u00f3n do goberno de Andr\u00e9s Iglesias aos servizos privatizados como \u00e9 a recollida do lixo\" \/>\n<meta name=\"robots\" content=\"index, follow, max-snippet:-1, max-image-preview:large, max-video-preview:-1\" \/>\n<link rel=\"canonical\" href=\"https:\/\/www.anovapeneira.gal\/index.php\/2022\/08\/16\/o-bng-de-pazos-de-borben-denuncia-deficiencias-na-recollida-do-lixo-e-o-mal-estado-dos-contedores-do-lixo\/\" \/>\n<meta property=\"og:locale\" content=\"gl_ES\" \/>\n<meta property=\"og:type\" content=\"article\" \/>\n<meta property=\"og:title\" content=\"O BNG de Pazos de Borb\u00e9n denuncia deficiencias na recollida do lixo e o mal estado dos contedores do lixo -\" \/>\n<meta property=\"og:description\" content=\"A organizaci\u00f3n nacionalista volve denunciar como cada ano a pouca supervisi\u00f3n do goberno de Andr\u00e9s Iglesias aos servizos privatizados como \u00e9 a recollida do lixo\" \/>\n<meta property=\"og:url\" content=\"https:\/\/www.anovapeneira.gal\/index.php\/2022\/08\/16\/o-bng-de-pazos-de-borben-denuncia-deficiencias-na-recollida-do-lixo-e-o-mal-estado-dos-contedores-do-lixo\/\" \/>\n<meta property=\"article:publisher\" content=\"https:\/\/www.facebook.com\/anovapeneira\" \/>\n<meta property=\"article:published_time\" content=\"2022-08-16T10:00:40+00:00\" \/>\n<meta property=\"og:image\" content=\"https:\/\/www.anovapeneira.gal\/wp-content\/uploads\/2022\/08\/Lixo_pazos_de_borben.jpg\" \/>\n\t<meta property=\"og:image:width\" content=\"720\" \/>\n\t<meta property=\"og:image:height\" content=\"432\" \/>\n\t<meta property=\"og:image:type\" content=\"image\/jpeg\" \/>\n<meta name=\"author\" content=\"Redacci\u00f3n A Nova Peneira\" \/>\n<meta name=\"twitter:card\" content=\"summary_large_image\" \/>\n<meta name=\"twitter:creator\" content=\"@APeneira\" \/>\n<meta name=\"twitter:site\" content=\"@APeneira\" \/>\n<meta name=\"twitter:label1\" content=\"Escrito por\" \/>\n\t<meta name=\"twitter:data1\" content=\"Redacci\u00f3n A Nova Peneira\" \/>\n\t<meta name=\"twitter:label2\" content=\"Tempo de lectura\" \/>\n\t<meta name=\"twitter:data2\" content=\"2 minutos\" \/>\n<script type=\"application\/ld+json\" class=\"yoast-schema-graph\">{\"@context\":\"https:\\\/\\\/schema.org\",\"@graph\":[{\"@type\":\"Article\",\"@id\":\"https:\\\/\\\/www.anovapeneira.gal\\\/index.php\\\/2022\\\/08\\\/16\\\/o-bng-de-pazos-de-borben-denuncia-deficiencias-na-recollida-do-lixo-e-o-mal-estado-dos-contedores-do-lixo\\\/#article\",\"isPartOf\":{\"@id\":\"https:\\\/\\\/www.anovapeneira.gal\\\/index.php\\\/2022\\\/08\\\/16\\\/o-bng-de-pazos-de-borben-denuncia-deficiencias-na-recollida-do-lixo-e-o-mal-estado-dos-contedores-do-lixo\\\/\"},\"author\":{\"name\":\"Redacci\u00f3n A Nova Peneira\",\"@id\":\"https:\\\/\\\/www.anovapeneira.gal\\\/#\\\/schema\\\/person\\\/b93e3f8932e3f8da96334607eb6ac6aa\"},\"headline\":\"O BNG de Pazos de Borb\u00e9n denuncia deficiencias na recollida do lixo e o mal estado dos contedores do lixo\",\"datePublished\":\"2022-08-16T10:00:40+00:00\",\"mainEntityOfPage\":{\"@id\":\"https:\\\/\\\/www.anovapeneira.gal\\\/index.php\\\/2022\\\/08\\\/16\\\/o-bng-de-pazos-de-borben-denuncia-deficiencias-na-recollida-do-lixo-e-o-mal-estado-dos-contedores-do-lixo\\\/\"},\"wordCount\":362,\"commentCount\":0,\"publisher\":{\"@id\":\"https:\\\/\\\/www.anovapeneira.gal\\\/#organization\"},\"image\":{\"@id\":\"https:\\\/\\\/www.anovapeneira.gal\\\/index.php\\\/2022\\\/08\\\/16\\\/o-bng-de-pazos-de-borben-denuncia-deficiencias-na-recollida-do-lixo-e-o-mal-estado-dos-contedores-do-lixo\\\/#primaryimage\"},\"thumbnailUrl\":\"https:\\\/\\\/www.anovapeneira.gal\\\/wp-content\\\/uploads\\\/2022\\\/08\\\/Lixo_pazos_de_borben.jpg\",\"keywords\":[\"Concello de Pazos de Borb\u00e9n\"],\"articleSection\":[\"Redondela\"],\"inLanguage\":\"gl-ES\",\"potentialAction\":[{\"@type\":\"CommentAction\",\"name\":\"Comment\",\"target\":[\"https:\\\/\\\/www.anovapeneira.gal\\\/index.php\\\/2022\\\/08\\\/16\\\/o-bng-de-pazos-de-borben-denuncia-deficiencias-na-recollida-do-lixo-e-o-mal-estado-dos-contedores-do-lixo\\\/#respond\"]}]},{\"@type\":\"WebPage\",\"@id\":\"https:\\\/\\\/www.anovapeneira.gal\\\/index.php\\\/2022\\\/08\\\/16\\\/o-bng-de-pazos-de-borben-denuncia-deficiencias-na-recollida-do-lixo-e-o-mal-estado-dos-contedores-do-lixo\\\/\",\"url\":\"https:\\\/\\\/www.anovapeneira.gal\\\/index.php\\\/2022\\\/08\\\/16\\\/o-bng-de-pazos-de-borben-denuncia-deficiencias-na-recollida-do-lixo-e-o-mal-estado-dos-contedores-do-lixo\\\/\",\"name\":\"O BNG de Pazos de Borb\u00e9n denuncia deficiencias na recollida do lixo e o mal estado dos contedores do lixo -\",\"isPartOf\":{\"@id\":\"https:\\\/\\\/www.anovapeneira.gal\\\/#website\"},\"primaryImageOfPage\":{\"@id\":\"https:\\\/\\\/www.anovapeneira.gal\\\/index.php\\\/2022\\\/08\\\/16\\\/o-bng-de-pazos-de-borben-denuncia-deficiencias-na-recollida-do-lixo-e-o-mal-estado-dos-contedores-do-lixo\\\/#primaryimage\"},\"image\":{\"@id\":\"https:\\\/\\\/www.anovapeneira.gal\\\/index.php\\\/2022\\\/08\\\/16\\\/o-bng-de-pazos-de-borben-denuncia-deficiencias-na-recollida-do-lixo-e-o-mal-estado-dos-contedores-do-lixo\\\/#primaryimage\"},\"thumbnailUrl\":\"https:\\\/\\\/www.anovapeneira.gal\\\/wp-content\\\/uploads\\\/2022\\\/08\\\/Lixo_pazos_de_borben.jpg\",\"datePublished\":\"2022-08-16T10:00:40+00:00\",\"description\":\"A organizaci\u00f3n nacionalista volve denunciar como cada ano a pouca supervisi\u00f3n do goberno de Andr\u00e9s Iglesias aos servizos privatizados como \u00e9 a recollida do lixo\",\"breadcrumb\":{\"@id\":\"https:\\\/\\\/www.anovapeneira.gal\\\/index.php\\\/2022\\\/08\\\/16\\\/o-bng-de-pazos-de-borben-denuncia-deficiencias-na-recollida-do-lixo-e-o-mal-estado-dos-contedores-do-lixo\\\/#breadcrumb\"},\"inLanguage\":\"gl-ES\",\"potentialAction\":[{\"@type\":\"ReadAction\",\"target\":[\"https:\\\/\\\/www.anovapeneira.gal\\\/index.php\\\/2022\\\/08\\\/16\\\/o-bng-de-pazos-de-borben-denuncia-deficiencias-na-recollida-do-lixo-e-o-mal-estado-dos-contedores-do-lixo\\\/\"]}]},{\"@type\":\"ImageObject\",\"inLanguage\":\"gl-ES\",\"@id\":\"https:\\\/\\\/www.anovapeneira.gal\\\/index.php\\\/2022\\\/08\\\/16\\\/o-bng-de-pazos-de-borben-denuncia-deficiencias-na-recollida-do-lixo-e-o-mal-estado-dos-contedores-do-lixo\\\/#primaryimage\",\"url\":\"https:\\\/\\\/www.anovapeneira.gal\\\/wp-content\\\/uploads\\\/2022\\\/08\\\/Lixo_pazos_de_borben.jpg\",\"contentUrl\":\"https:\\\/\\\/www.anovapeneira.gal\\\/wp-content\\\/uploads\\\/2022\\\/08\\\/Lixo_pazos_de_borben.jpg\",\"width\":720,\"height\":432,\"caption\":\"Lixo Pazos de Borb\u00e9n\"},{\"@type\":\"BreadcrumbList\",\"@id\":\"https:\\\/\\\/www.anovapeneira.gal\\\/index.php\\\/2022\\\/08\\\/16\\\/o-bng-de-pazos-de-borben-denuncia-deficiencias-na-recollida-do-lixo-e-o-mal-estado-dos-contedores-do-lixo\\\/#breadcrumb\",\"itemListElement\":[{\"@type\":\"ListItem\",\"position\":1,\"name\":\"Portada\",\"item\":\"https:\\\/\\\/www.anovapeneira.gal\\\/\"},{\"@type\":\"ListItem\",\"position\":2,\"name\":\"O BNG de Pazos de Borb\u00e9n denuncia deficiencias na recollida do lixo e o mal estado dos contedores do lixo\"}]},{\"@type\":\"WebSite\",\"@id\":\"https:\\\/\\\/www.anovapeneira.gal\\\/#website\",\"url\":\"https:\\\/\\\/www.anovapeneira.gal\\\/\",\"name\":\"\",\"description\":\"Xornal galego de informaci\u00f3n xeral Publicaci\u00f3n mensual de novas de Galicia e en especial dos Concellos da sur da provincia de Pontevedra.\",\"publisher\":{\"@id\":\"https:\\\/\\\/www.anovapeneira.gal\\\/#organization\"},\"potentialAction\":[{\"@type\":\"SearchAction\",\"target\":{\"@type\":\"EntryPoint\",\"urlTemplate\":\"https:\\\/\\\/www.anovapeneira.gal\\\/?s={search_term_string}\"},\"query-input\":{\"@type\":\"PropertyValueSpecification\",\"valueRequired\":true,\"valueName\":\"search_term_string\"}}],\"inLanguage\":\"gl-ES\"},{\"@type\":\"Organization\",\"@id\":\"https:\\\/\\\/www.anovapeneira.gal\\\/#organization\",\"name\":\"A Nova Peneira\",\"url\":\"https:\\\/\\\/www.anovapeneira.gal\\\/\",\"logo\":{\"@type\":\"ImageObject\",\"inLanguage\":\"gl-ES\",\"@id\":\"https:\\\/\\\/www.anovapeneira.gal\\\/#\\\/schema\\\/logo\\\/image\\\/\",\"url\":\"http:\\\/\\\/www.anovapeneira.gal\\\/wp-content\\\/uploads\\\/2019\\\/06\\\/logo_a_nova_peneira_portal_web.png\",\"contentUrl\":\"http:\\\/\\\/www.anovapeneira.gal\\\/wp-content\\\/uploads\\\/2019\\\/06\\\/logo_a_nova_peneira_portal_web.png\",\"width\":300,\"height\":100,\"caption\":\"A Nova Peneira\"},\"image\":{\"@id\":\"https:\\\/\\\/www.anovapeneira.gal\\\/#\\\/schema\\\/logo\\\/image\\\/\"},\"sameAs\":[\"https:\\\/\\\/www.facebook.com\\\/anovapeneira\",\"https:\\\/\\\/x.com\\\/APeneira\"]},{\"@type\":\"Person\",\"@id\":\"https:\\\/\\\/www.anovapeneira.gal\\\/#\\\/schema\\\/person\\\/b93e3f8932e3f8da96334607eb6ac6aa\",\"name\":\"Redacci\u00f3n A Nova Peneira\",\"image\":{\"@type\":\"ImageObject\",\"inLanguage\":\"gl-ES\",\"@id\":\"https:\\\/\\\/secure.gravatar.com\\\/avatar\\\/c052a2551a06e23fac63626232eaa90abd78dbcf1700fc46a2b2c89fd27b735f?s=96&d=mm&r=g\",\"url\":\"https:\\\/\\\/secure.gravatar.com\\\/avatar\\\/c052a2551a06e23fac63626232eaa90abd78dbcf1700fc46a2b2c89fd27b735f?s=96&d=mm&r=g\",\"contentUrl\":\"https:\\\/\\\/secure.gravatar.com\\\/avatar\\\/c052a2551a06e23fac63626232eaa90abd78dbcf1700fc46a2b2c89fd27b735f?s=96&d=mm&r=g\",\"caption\":\"Redacci\u00f3n A Nova Peneira\"},\"sameAs\":[\"http:\\\/\\\/www.anovapeneira.gal\\\/\"],\"url\":\"https:\\\/\\\/www.anovapeneira.gal\\\/index.php\\\/author\\\/redactor\\\/\"}]}<\/script>\n<!-- \/ Yoast SEO plugin. -->","yoast_head_json":{"title":"O BNG de Pazos de Borb\u00e9n denuncia deficiencias na recollida do lixo e o mal estado dos contedores do lixo -","description":"A organizaci\u00f3n nacionalista volve denunciar como cada ano a pouca supervisi\u00f3n do goberno de Andr\u00e9s Iglesias aos servizos privatizados como \u00e9 a recollida do lixo","robots":{"index":"index","follow":"follow","max-snippet":"max-snippet:-1","max-image-preview":"max-image-preview:large","max-video-preview":"max-video-preview:-1"},"canonical":"https:\/\/www.anovapeneira.gal\/index.php\/2022\/08\/16\/o-bng-de-pazos-de-borben-denuncia-deficiencias-na-recollida-do-lixo-e-o-mal-estado-dos-contedores-do-lixo\/","og_locale":"gl_ES","og_type":"article","og_title":"O BNG de Pazos de Borb\u00e9n denuncia deficiencias na recollida do lixo e o mal estado dos contedores do lixo -","og_description":"A organizaci\u00f3n nacionalista volve denunciar como cada ano a pouca supervisi\u00f3n do goberno de Andr\u00e9s Iglesias aos servizos privatizados como \u00e9 a recollida do lixo","og_url":"https:\/\/www.anovapeneira.gal\/index.php\/2022\/08\/16\/o-bng-de-pazos-de-borben-denuncia-deficiencias-na-recollida-do-lixo-e-o-mal-estado-dos-contedores-do-lixo\/","article_publisher":"https:\/\/www.facebook.com\/anovapeneira","article_published_time":"2022-08-16T10:00:40+00:00","og_image":[{"width":720,"height":432,"url":"https:\/\/www.anovapeneira.gal\/wp-content\/uploads\/2022\/08\/Lixo_pazos_de_borben.jpg","type":"image\/jpeg"}],"author":"Redacci\u00f3n A Nova Peneira","twitter_card":"summary_large_image","twitter_creator":"@APeneira","twitter_site":"@APeneira","twitter_misc":{"Escrito por":"Redacci\u00f3n A Nova Peneira","Tempo de lectura":"2 minutos"},"schema":{"@context":"https:\/\/schema.org","@graph":[{"@type":"Article","@id":"https:\/\/www.anovapeneira.gal\/index.php\/2022\/08\/16\/o-bng-de-pazos-de-borben-denuncia-deficiencias-na-recollida-do-lixo-e-o-mal-estado-dos-contedores-do-lixo\/#article","isPartOf":{"@id":"https:\/\/www.anovapeneira.gal\/index.php\/2022\/08\/16\/o-bng-de-pazos-de-borben-denuncia-deficiencias-na-recollida-do-lixo-e-o-mal-estado-dos-contedores-do-lixo\/"},"author":{"name":"Redacci\u00f3n A Nova Peneira","@id":"https:\/\/www.anovapeneira.gal\/#\/schema\/person\/b93e3f8932e3f8da96334607eb6ac6aa"},"headline":"O BNG de Pazos de Borb\u00e9n denuncia deficiencias na recollida do lixo e o mal estado dos contedores do lixo","datePublished":"2022-08-16T10:00:40+00:00","mainEntityOfPage":{"@id":"https:\/\/www.anovapeneira.gal\/index.php\/2022\/08\/16\/o-bng-de-pazos-de-borben-denuncia-deficiencias-na-recollida-do-lixo-e-o-mal-estado-dos-contedores-do-lixo\/"},"wordCount":362,"commentCount":0,"publisher":{"@id":"https:\/\/www.anovapeneira.gal\/#organization"},"image":{"@id":"https:\/\/www.anovapeneira.gal\/index.php\/2022\/08\/16\/o-bng-de-pazos-de-borben-denuncia-deficiencias-na-recollida-do-lixo-e-o-mal-estado-dos-contedores-do-lixo\/#primaryimage"},"thumbnailUrl":"https:\/\/www.anovapeneira.gal\/wp-content\/uploads\/2022\/08\/Lixo_pazos_de_borben.jpg","keywords":["Concello de Pazos de Borb\u00e9n"],"articleSection":["Redondela"],"inLanguage":"gl-ES","potentialAction":[{"@type":"CommentAction","name":"Comment","target":["https:\/\/www.anovapeneira.gal\/index.php\/2022\/08\/16\/o-bng-de-pazos-de-borben-denuncia-deficiencias-na-recollida-do-lixo-e-o-mal-estado-dos-contedores-do-lixo\/#respond"]}]},{"@type":"WebPage","@id":"https:\/\/www.anovapeneira.gal\/index.php\/2022\/08\/16\/o-bng-de-pazos-de-borben-denuncia-deficiencias-na-recollida-do-lixo-e-o-mal-estado-dos-contedores-do-lixo\/","url":"https:\/\/www.anovapeneira.gal\/index.php\/2022\/08\/16\/o-bng-de-pazos-de-borben-denuncia-deficiencias-na-recollida-do-lixo-e-o-mal-estado-dos-contedores-do-lixo\/","name":"O BNG de Pazos de Borb\u00e9n denuncia deficiencias na recollida do lixo e o mal estado dos contedores do lixo -","isPartOf":{"@id":"https:\/\/www.anovapeneira.gal\/#website"},"primaryImageOfPage":{"@id":"https:\/\/www.anovapeneira.gal\/index.php\/2022\/08\/16\/o-bng-de-pazos-de-borben-denuncia-deficiencias-na-recollida-do-lixo-e-o-mal-estado-dos-contedores-do-lixo\/#primaryimage"},"image":{"@id":"https:\/\/www.anovapeneira.gal\/index.php\/2022\/08\/16\/o-bng-de-pazos-de-borben-denuncia-deficiencias-na-recollida-do-lixo-e-o-mal-estado-dos-contedores-do-lixo\/#primaryimage"},"thumbnailUrl":"https:\/\/www.anovapeneira.gal\/wp-content\/uploads\/2022\/08\/Lixo_pazos_de_borben.jpg","datePublished":"2022-08-16T10:00:40+00:00","description":"A organizaci\u00f3n nacionalista volve denunciar como cada ano a pouca supervisi\u00f3n do goberno de Andr\u00e9s Iglesias aos servizos privatizados como \u00e9 a recollida do lixo","breadcrumb":{"@id":"https:\/\/www.anovapeneira.gal\/index.php\/2022\/08\/16\/o-bng-de-pazos-de-borben-denuncia-deficiencias-na-recollida-do-lixo-e-o-mal-estado-dos-contedores-do-lixo\/#breadcrumb"},"inLanguage":"gl-ES","potentialAction":[{"@type":"ReadAction","target":["https:\/\/www.anovapeneira.gal\/index.php\/2022\/08\/16\/o-bng-de-pazos-de-borben-denuncia-deficiencias-na-recollida-do-lixo-e-o-mal-estado-dos-contedores-do-lixo\/"]}]},{"@type":"ImageObject","inLanguage":"gl-ES","@id":"https:\/\/www.anovapeneira.gal\/index.php\/2022\/08\/16\/o-bng-de-pazos-de-borben-denuncia-deficiencias-na-recollida-do-lixo-e-o-mal-estado-dos-contedores-do-lixo\/#primaryimage","url":"https:\/\/www.anovapeneira.gal\/wp-content\/uploads\/2022\/08\/Lixo_pazos_de_borben.jpg","contentUrl":"https:\/\/www.anovapeneira.gal\/wp-content\/uploads\/2022\/08\/Lixo_pazos_de_borben.jpg","width":720,"height":432,"caption":"Lixo Pazos de Borb\u00e9n"},{"@type":"BreadcrumbList","@id":"https:\/\/www.anovapeneira.gal\/index.php\/2022\/08\/16\/o-bng-de-pazos-de-borben-denuncia-deficiencias-na-recollida-do-lixo-e-o-mal-estado-dos-contedores-do-lixo\/#breadcrumb","itemListElement":[{"@type":"ListItem","position":1,"name":"Portada","item":"https:\/\/www.anovapeneira.gal\/"},{"@type":"ListItem","position":2,"name":"O BNG de Pazos de Borb\u00e9n denuncia deficiencias na recollida do lixo e o mal estado dos contedores do lixo"}]},{"@type":"WebSite","@id":"https:\/\/www.anovapeneira.gal\/#website","url":"https:\/\/www.anovapeneira.gal\/","name":"","description":"Xornal galego de informaci\u00f3n xeral Publicaci\u00f3n mensual de novas de Galicia e en especial dos Concellos da sur da provincia de Pontevedra.","publisher":{"@id":"https:\/\/www.anovapeneira.gal\/#organization"},"potentialAction":[{"@type":"SearchAction","target":{"@type":"EntryPoint","urlTemplate":"https:\/\/www.anovapeneira.gal\/?s={search_term_string}"},"query-input":{"@type":"PropertyValueSpecification","valueRequired":true,"valueName":"search_term_string"}}],"inLanguage":"gl-ES"},{"@type":"Organization","@id":"https:\/\/www.anovapeneira.gal\/#organization","name":"A Nova Peneira","url":"https:\/\/www.anovapeneira.gal\/","logo":{"@type":"ImageObject","inLanguage":"gl-ES","@id":"https:\/\/www.anovapeneira.gal\/#\/schema\/logo\/image\/","url":"http:\/\/www.anovapeneira.gal\/wp-content\/uploads\/2019\/06\/logo_a_nova_peneira_portal_web.png","contentUrl":"http:\/\/www.anovapeneira.gal\/wp-content\/uploads\/2019\/06\/logo_a_nova_peneira_portal_web.png","width":300,"height":100,"caption":"A Nova Peneira"},"image":{"@id":"https:\/\/www.anovapeneira.gal\/#\/schema\/logo\/image\/"},"sameAs":["https:\/\/www.facebook.com\/anovapeneira","https:\/\/x.com\/APeneira"]},{"@type":"Person","@id":"https:\/\/www.anovapeneira.gal\/#\/schema\/person\/b93e3f8932e3f8da96334607eb6ac6aa","name":"Redacci\u00f3n A Nova Peneira","image":{"@type":"ImageObject","inLanguage":"gl-ES","@id":"https:\/\/secure.gravatar.com\/avatar\/c052a2551a06e23fac63626232eaa90abd78dbcf1700fc46a2b2c89fd27b735f?s=96&d=mm&r=g","url":"https:\/\/secure.gravatar.com\/avatar\/c052a2551a06e23fac63626232eaa90abd78dbcf1700fc46a2b2c89fd27b735f?s=96&d=mm&r=g","contentUrl":"https:\/\/secure.gravatar.com\/avatar\/c052a2551a06e23fac63626232eaa90abd78dbcf1700fc46a2b2c89fd27b735f?s=96&d=mm&r=g","caption":"Redacci\u00f3n A Nova Peneira"},"sameAs":["http:\/\/www.anovapeneira.gal\/"],"url":"https:\/\/www.anovapeneira.gal\/index.php\/author\/redactor\/"}]}},"jetpack_featured_media_url":"https:\/\/www.anovapeneira.gal\/wp-content\/uploads\/2022\/08\/Lixo_pazos_de_borben.jpg","_links":{"self":[{"href":"https:\/\/www.anovapeneira.gal\/index.php\/wp-json\/wp\/v2\/posts\/7956","targetHints":{"allow":["GET"]}}],"collection":[{"href":"https:\/\/www.anovapeneira.gal\/index.php\/wp-json\/wp\/v2\/posts"}],"about":[{"href":"https:\/\/www.anovapeneira.gal\/index.php\/wp-json\/wp\/v2\/types\/post"}],"author":[{"embeddable":true,"href":"https:\/\/www.anovapeneira.gal\/index.php\/wp-json\/wp\/v2\/users\/3"}],"replies":[{"embeddable":true,"href":"https:\/\/www.anovapeneira.gal\/index.php\/wp-json\/wp\/v2\/comments?post=7956"}],"version-history":[{"count":2,"href":"https:\/\/www.anovapeneira.gal\/index.php\/wp-json\/wp\/v2\/posts\/7956\/revisions"}],"predecessor-version":[{"id":7958,"href":"https:\/\/www.anovapeneira.gal\/index.php\/wp-json\/wp\/v2\/posts\/7956\/revisions\/7958"}],"wp:featuredmedia":[{"embeddable":true,"href":"https:\/\/www.anovapeneira.gal\/index.php\/wp-json\/wp\/v2\/media\/7959"}],"wp:attachment":[{"href":"https:\/\/www.anovapeneira.gal\/index.php\/wp-json\/wp\/v2\/media?parent=7956"}],"wp:term":[{"taxonomy":"category","embeddable":true,"href":"https:\/\/www.anovapeneira.gal\/index.php\/wp-json\/wp\/v2\/categories?post=7956"},{"taxonomy":"post_tag","embeddable":true,"href":"https:\/\/www.anovapeneira.gal\/index.php\/wp-json\/wp\/v2\/tags?post=7956"}],"curies":[{"name":"wp","href":"https:\/\/api.w.org\/{rel}","templated":true}]}}