{"id":7975,"date":"2022-08-18T12:00:16","date_gmt":"2022-08-18T10:00:16","guid":{"rendered":"https:\/\/www.anovapeneira.gal\/?p=7975"},"modified":"2022-08-13T12:43:39","modified_gmt":"2022-08-13T10:43:39","slug":"presentacion-en-seixo-do-libro-galegos-no-exercito-de-euzkadi-1936-1937-do-investigador-marinense-sergio-balchada-outeiral-satxa","status":"publish","type":"post","link":"https:\/\/www.anovapeneira.gal\/index.php\/2022\/08\/18\/presentacion-en-seixo-do-libro-galegos-no-exercito-de-euzkadi-1936-1937-do-investigador-marinense-sergio-balchada-outeiral-satxa\/","title":{"rendered":"Presentaci\u00f3n en Seixo do libro Galegos no ex\u00e9rcito de Euzkadi 1936-1937&#8243; do investigador marinense Sergio Balchada Outeiral &#8220;Satxa&#8221;"},"content":{"rendered":"\n<p>A Asociaci\u00f3n pola Recuperaci\u00f3n da Memoria Hist\u00f3rica de Mar\u00edn, presentou o m\u00e9rcores 10 de agosto o libro &#8220;Galegos no ex\u00e9rcito de Euzkadi 1936-1937&#8221; do investigador oriundo de Mar\u00edn, Sergio Balchada Outeiral.<\/p>\n\n\n\n<p>O acto tivo lugar \u00e1s oito da tarde no sal\u00f3n de actos da Casa de Cultura de Seixo) e contou coa presenza do autor que disertou sobre o seu traballo de investigaci\u00f3n.<\/p>\n\n\n\n<p>Sergio Balchada, Satxa, como historiador e investigador ten numerosos artigos publicados nas revistas Luzes, Aztarna (Revista da Asociaci\u00f3n do mesmo nome de Etnograf\u00eda e Difusi\u00f3n do Alto Nervi\u00f3n), Estibaus (Bolet\u00edn de Altzako Historia Mintegia) e en N\u00f3s Diario.<\/p>\n\n\n\n<p>Dende o ano 2014 publica o blog <a href=\"http:\/\/elgajedeloficio.wordpress.com\/\" target=\"_blank\" rel=\"noreferrer noopener\">elgajedeloficio.wordpress.com<\/a> con varios apartados: Idade Media, Idade Moderna, Guerra Civil Espa\u00f1ola, cine, &#8230; Satxa tam\u00e9n \u00e9 guionista e actor de cine. A modo de exemplo podemos citar a longametraxe Baile en el sindicato ambientada no frente de \u00c1lava na Guerra Civil.<\/p>\n\n\n\n<p>\u201cGalegos no ex\u00e9rcito de Euzkadi 1936-1937&#8243; recolle e divulga a presenza de milicianos galegos no &#8220;Euskadiko Gudarostea&#8221; (Ex\u00e9rcito de Euskadi). Esta presenza non foi anecd\u00f3tica e poder\u00eda superar os dous mil efectivos, en base aos datos obtidos na investigaci\u00f3n de Balchada Outeiral. No libro atopamos un ap\u00e9ndice cunha lista de 997 galegos identificados en documentaci\u00f3n obtida en distintos arquivos. De eles temos que cerca do 11%, un total de 106, son veci\u00f1os de Mar\u00edn e as s\u00faas distintas parroquias. Aos xa co\u00f1ecidos por todas e todos n\u00f3s como son Emiliano Manduca Rosales Davila, os irm\u00e1ns Manuel e Antonio Aguete Lino ou os irm\u00e1ns Antonio, Gerardo, Jos\u00e9 e Manuel &#8220;Muchiqu\u00edn&#8221; Lobeira Rodr\u00edguez, temos que sumar 99 nomes adicionais de diversos lugares marinenses: Aguete, Ard\u00e1n, Bag\u00fc\u00edn, Cantodarea, Castro, Coirados, Loira, Mogor, O Campo, Pi\u00f1eiro, San Xi\u00e1n, Seixo, &#8230; e que loitaron, entre outras agrupaci\u00f3ns no batall\u00f3n CNT 1 Bakunin, no batall\u00f3n CNT 6 Celta ou na Mari\u00f1a Auxiliar de Euzkadi.<\/p>\n","protected":false},"excerpt":{"rendered":"<div class=\"mh-excerpt\"><p>A Asociaci\u00f3n pola Recuperaci\u00f3n da Memoria Hist\u00f3rica de Mar\u00edn, presentou o m\u00e9rcores 10 de agosto o libro &#8220;Galegos no ex\u00e9rcito de Euzkadi 1936-1937&#8221; do investigador oriundo de Mar\u00edn, Sergio Balchada Outeiral <a class=\"mh-excerpt-more\" href=\"https:\/\/www.anovapeneira.gal\/index.php\/2022\/08\/18\/presentacion-en-seixo-do-libro-galegos-no-exercito-de-euzkadi-1936-1937-do-investigador-marinense-sergio-balchada-outeiral-satxa\/\" title=\"Presentaci\u00f3n en Seixo do libro Galegos no ex\u00e9rcito de Euzkadi 1936-1937&#8243; do investigador marinense Sergio Balchada Outeiral &#8220;Satxa&#8221;\">[&#8230;]<\/a><\/p>\n<\/div>","protected":false},"author":3,"featured_media":7977,"comment_status":"open","ping_status":"open","sticky":false,"template":"","format":"standard","meta":{"_exactmetrics_skip_tracking":false,"_exactmetrics_sitenote_active":false,"_exactmetrics_sitenote_note":"","_exactmetrics_sitenote_category":0,"footnotes":""},"categories":[22],"tags":[144],"class_list":{"0":"post-7975","1":"post","2":"type-post","3":"status-publish","4":"format-standard","5":"has-post-thumbnail","7":"category-morrazo","8":"tag-concello-de-marin"},"yoast_head":"<!-- This site is optimized with the Yoast SEO plugin v27.4 - https:\/\/yoast.com\/product\/yoast-seo-wordpress\/ -->\n<title>Presentaci\u00f3n en Seixo do libro Galegos no ex\u00e9rcito de Euzkadi 1936-1937&quot; do investigador marinense Sergio Balchada Outeiral &quot;Satxa&quot; -<\/title>\n<meta name=\"description\" content=\"A Asociaci\u00f3n pola Recuperaci\u00f3n da Memoria Hist\u00f3rica de Mar\u00edn, presentou o m\u00e9rcores 10 de agosto o libro &quot;Galegos no ex\u00e9rcito de Euzkadi 1936-1937&quot; do investigador oriundo de Mar\u00edn, Sergio Balchada Outeiral\" \/>\n<meta name=\"robots\" content=\"index, follow, max-snippet:-1, max-image-preview:large, max-video-preview:-1\" \/>\n<link rel=\"canonical\" href=\"https:\/\/www.anovapeneira.gal\/index.php\/2022\/08\/18\/presentacion-en-seixo-do-libro-galegos-no-exercito-de-euzkadi-1936-1937-do-investigador-marinense-sergio-balchada-outeiral-satxa\/\" \/>\n<meta property=\"og:locale\" content=\"gl_ES\" \/>\n<meta property=\"og:type\" content=\"article\" \/>\n<meta property=\"og:title\" content=\"Presentaci\u00f3n en Seixo do libro Galegos no ex\u00e9rcito de Euzkadi 1936-1937&quot; do investigador marinense Sergio Balchada Outeiral &quot;Satxa&quot; -\" \/>\n<meta property=\"og:description\" content=\"A Asociaci\u00f3n pola Recuperaci\u00f3n da Memoria Hist\u00f3rica de Mar\u00edn, presentou o m\u00e9rcores 10 de agosto o libro &quot;Galegos no ex\u00e9rcito de Euzkadi 1936-1937&quot; do investigador oriundo de Mar\u00edn, Sergio Balchada Outeiral\" \/>\n<meta property=\"og:url\" content=\"https:\/\/www.anovapeneira.gal\/index.php\/2022\/08\/18\/presentacion-en-seixo-do-libro-galegos-no-exercito-de-euzkadi-1936-1937-do-investigador-marinense-sergio-balchada-outeiral-satxa\/\" \/>\n<meta property=\"article:publisher\" content=\"https:\/\/www.facebook.com\/anovapeneira\" \/>\n<meta property=\"article:published_time\" content=\"2022-08-18T10:00:16+00:00\" \/>\n<meta property=\"og:image\" content=\"https:\/\/www.anovapeneira.gal\/wp-content\/uploads\/2022\/08\/galegos_no_exercito_de_euzkadi.jpg\" \/>\n\t<meta property=\"og:image:width\" content=\"720\" \/>\n\t<meta property=\"og:image:height\" content=\"432\" \/>\n\t<meta property=\"og:image:type\" content=\"image\/jpeg\" \/>\n<meta name=\"author\" content=\"Redacci\u00f3n A Nova Peneira\" \/>\n<meta name=\"twitter:card\" content=\"summary_large_image\" \/>\n<meta name=\"twitter:creator\" content=\"@APeneira\" \/>\n<meta name=\"twitter:site\" content=\"@APeneira\" \/>\n<meta name=\"twitter:label1\" content=\"Escrito por\" \/>\n\t<meta name=\"twitter:data1\" content=\"Redacci\u00f3n A Nova Peneira\" \/>\n\t<meta name=\"twitter:label2\" content=\"Tempo de lectura\" \/>\n\t<meta name=\"twitter:data2\" content=\"2 minutos\" \/>\n<script type=\"application\/ld+json\" class=\"yoast-schema-graph\">{\"@context\":\"https:\\\/\\\/schema.org\",\"@graph\":[{\"@type\":\"Article\",\"@id\":\"https:\\\/\\\/www.anovapeneira.gal\\\/index.php\\\/2022\\\/08\\\/18\\\/presentacion-en-seixo-do-libro-galegos-no-exercito-de-euzkadi-1936-1937-do-investigador-marinense-sergio-balchada-outeiral-satxa\\\/#article\",\"isPartOf\":{\"@id\":\"https:\\\/\\\/www.anovapeneira.gal\\\/index.php\\\/2022\\\/08\\\/18\\\/presentacion-en-seixo-do-libro-galegos-no-exercito-de-euzkadi-1936-1937-do-investigador-marinense-sergio-balchada-outeiral-satxa\\\/\"},\"author\":{\"name\":\"Redacci\u00f3n A Nova Peneira\",\"@id\":\"https:\\\/\\\/www.anovapeneira.gal\\\/#\\\/schema\\\/person\\\/b93e3f8932e3f8da96334607eb6ac6aa\"},\"headline\":\"Presentaci\u00f3n en Seixo do libro Galegos no ex\u00e9rcito de Euzkadi 1936-1937&#8243; do investigador marinense Sergio Balchada Outeiral &#8220;Satxa&#8221;\",\"datePublished\":\"2022-08-18T10:00:16+00:00\",\"mainEntityOfPage\":{\"@id\":\"https:\\\/\\\/www.anovapeneira.gal\\\/index.php\\\/2022\\\/08\\\/18\\\/presentacion-en-seixo-do-libro-galegos-no-exercito-de-euzkadi-1936-1937-do-investigador-marinense-sergio-balchada-outeiral-satxa\\\/\"},\"wordCount\":359,\"commentCount\":0,\"publisher\":{\"@id\":\"https:\\\/\\\/www.anovapeneira.gal\\\/#organization\"},\"image\":{\"@id\":\"https:\\\/\\\/www.anovapeneira.gal\\\/index.php\\\/2022\\\/08\\\/18\\\/presentacion-en-seixo-do-libro-galegos-no-exercito-de-euzkadi-1936-1937-do-investigador-marinense-sergio-balchada-outeiral-satxa\\\/#primaryimage\"},\"thumbnailUrl\":\"https:\\\/\\\/www.anovapeneira.gal\\\/wp-content\\\/uploads\\\/2022\\\/08\\\/galegos_no_exercito_de_euzkadi.jpg\",\"keywords\":[\"Concello de Mar\u00edn\"],\"articleSection\":[\"Morrazo\"],\"inLanguage\":\"gl-ES\",\"potentialAction\":[{\"@type\":\"CommentAction\",\"name\":\"Comment\",\"target\":[\"https:\\\/\\\/www.anovapeneira.gal\\\/index.php\\\/2022\\\/08\\\/18\\\/presentacion-en-seixo-do-libro-galegos-no-exercito-de-euzkadi-1936-1937-do-investigador-marinense-sergio-balchada-outeiral-satxa\\\/#respond\"]}]},{\"@type\":\"WebPage\",\"@id\":\"https:\\\/\\\/www.anovapeneira.gal\\\/index.php\\\/2022\\\/08\\\/18\\\/presentacion-en-seixo-do-libro-galegos-no-exercito-de-euzkadi-1936-1937-do-investigador-marinense-sergio-balchada-outeiral-satxa\\\/\",\"url\":\"https:\\\/\\\/www.anovapeneira.gal\\\/index.php\\\/2022\\\/08\\\/18\\\/presentacion-en-seixo-do-libro-galegos-no-exercito-de-euzkadi-1936-1937-do-investigador-marinense-sergio-balchada-outeiral-satxa\\\/\",\"name\":\"Presentaci\u00f3n en Seixo do libro Galegos no ex\u00e9rcito de Euzkadi 1936-1937\\\" do investigador marinense Sergio Balchada Outeiral \\\"Satxa\\\" -\",\"isPartOf\":{\"@id\":\"https:\\\/\\\/www.anovapeneira.gal\\\/#website\"},\"primaryImageOfPage\":{\"@id\":\"https:\\\/\\\/www.anovapeneira.gal\\\/index.php\\\/2022\\\/08\\\/18\\\/presentacion-en-seixo-do-libro-galegos-no-exercito-de-euzkadi-1936-1937-do-investigador-marinense-sergio-balchada-outeiral-satxa\\\/#primaryimage\"},\"image\":{\"@id\":\"https:\\\/\\\/www.anovapeneira.gal\\\/index.php\\\/2022\\\/08\\\/18\\\/presentacion-en-seixo-do-libro-galegos-no-exercito-de-euzkadi-1936-1937-do-investigador-marinense-sergio-balchada-outeiral-satxa\\\/#primaryimage\"},\"thumbnailUrl\":\"https:\\\/\\\/www.anovapeneira.gal\\\/wp-content\\\/uploads\\\/2022\\\/08\\\/galegos_no_exercito_de_euzkadi.jpg\",\"datePublished\":\"2022-08-18T10:00:16+00:00\",\"description\":\"A Asociaci\u00f3n pola Recuperaci\u00f3n da Memoria Hist\u00f3rica de Mar\u00edn, presentou o m\u00e9rcores 10 de agosto o libro \\\"Galegos no ex\u00e9rcito de Euzkadi 1936-1937\\\" do investigador oriundo de Mar\u00edn, Sergio Balchada Outeiral\",\"breadcrumb\":{\"@id\":\"https:\\\/\\\/www.anovapeneira.gal\\\/index.php\\\/2022\\\/08\\\/18\\\/presentacion-en-seixo-do-libro-galegos-no-exercito-de-euzkadi-1936-1937-do-investigador-marinense-sergio-balchada-outeiral-satxa\\\/#breadcrumb\"},\"inLanguage\":\"gl-ES\",\"potentialAction\":[{\"@type\":\"ReadAction\",\"target\":[\"https:\\\/\\\/www.anovapeneira.gal\\\/index.php\\\/2022\\\/08\\\/18\\\/presentacion-en-seixo-do-libro-galegos-no-exercito-de-euzkadi-1936-1937-do-investigador-marinense-sergio-balchada-outeiral-satxa\\\/\"]}]},{\"@type\":\"ImageObject\",\"inLanguage\":\"gl-ES\",\"@id\":\"https:\\\/\\\/www.anovapeneira.gal\\\/index.php\\\/2022\\\/08\\\/18\\\/presentacion-en-seixo-do-libro-galegos-no-exercito-de-euzkadi-1936-1937-do-investigador-marinense-sergio-balchada-outeiral-satxa\\\/#primaryimage\",\"url\":\"https:\\\/\\\/www.anovapeneira.gal\\\/wp-content\\\/uploads\\\/2022\\\/08\\\/galegos_no_exercito_de_euzkadi.jpg\",\"contentUrl\":\"https:\\\/\\\/www.anovapeneira.gal\\\/wp-content\\\/uploads\\\/2022\\\/08\\\/galegos_no_exercito_de_euzkadi.jpg\",\"width\":720,\"height\":432,\"caption\":\"Galegos no ex\u00e9rcito de Euskadi\"},{\"@type\":\"BreadcrumbList\",\"@id\":\"https:\\\/\\\/www.anovapeneira.gal\\\/index.php\\\/2022\\\/08\\\/18\\\/presentacion-en-seixo-do-libro-galegos-no-exercito-de-euzkadi-1936-1937-do-investigador-marinense-sergio-balchada-outeiral-satxa\\\/#breadcrumb\",\"itemListElement\":[{\"@type\":\"ListItem\",\"position\":1,\"name\":\"Portada\",\"item\":\"https:\\\/\\\/www.anovapeneira.gal\\\/\"},{\"@type\":\"ListItem\",\"position\":2,\"name\":\"Presentaci\u00f3n en Seixo do libro Galegos no ex\u00e9rcito de Euzkadi 1936-1937&#8243; do investigador marinense Sergio Balchada Outeiral &#8220;Satxa&#8221;\"}]},{\"@type\":\"WebSite\",\"@id\":\"https:\\\/\\\/www.anovapeneira.gal\\\/#website\",\"url\":\"https:\\\/\\\/www.anovapeneira.gal\\\/\",\"name\":\"\",\"description\":\"Xornal galego de informaci\u00f3n xeral Publicaci\u00f3n mensual de novas de Galicia e en especial dos Concellos da sur da provincia de Pontevedra.\",\"publisher\":{\"@id\":\"https:\\\/\\\/www.anovapeneira.gal\\\/#organization\"},\"potentialAction\":[{\"@type\":\"SearchAction\",\"target\":{\"@type\":\"EntryPoint\",\"urlTemplate\":\"https:\\\/\\\/www.anovapeneira.gal\\\/?s={search_term_string}\"},\"query-input\":{\"@type\":\"PropertyValueSpecification\",\"valueRequired\":true,\"valueName\":\"search_term_string\"}}],\"inLanguage\":\"gl-ES\"},{\"@type\":\"Organization\",\"@id\":\"https:\\\/\\\/www.anovapeneira.gal\\\/#organization\",\"name\":\"A Nova Peneira\",\"url\":\"https:\\\/\\\/www.anovapeneira.gal\\\/\",\"logo\":{\"@type\":\"ImageObject\",\"inLanguage\":\"gl-ES\",\"@id\":\"https:\\\/\\\/www.anovapeneira.gal\\\/#\\\/schema\\\/logo\\\/image\\\/\",\"url\":\"http:\\\/\\\/www.anovapeneira.gal\\\/wp-content\\\/uploads\\\/2019\\\/06\\\/logo_a_nova_peneira_portal_web.png\",\"contentUrl\":\"http:\\\/\\\/www.anovapeneira.gal\\\/wp-content\\\/uploads\\\/2019\\\/06\\\/logo_a_nova_peneira_portal_web.png\",\"width\":300,\"height\":100,\"caption\":\"A Nova Peneira\"},\"image\":{\"@id\":\"https:\\\/\\\/www.anovapeneira.gal\\\/#\\\/schema\\\/logo\\\/image\\\/\"},\"sameAs\":[\"https:\\\/\\\/www.facebook.com\\\/anovapeneira\",\"https:\\\/\\\/x.com\\\/APeneira\"]},{\"@type\":\"Person\",\"@id\":\"https:\\\/\\\/www.anovapeneira.gal\\\/#\\\/schema\\\/person\\\/b93e3f8932e3f8da96334607eb6ac6aa\",\"name\":\"Redacci\u00f3n A Nova Peneira\",\"image\":{\"@type\":\"ImageObject\",\"inLanguage\":\"gl-ES\",\"@id\":\"https:\\\/\\\/secure.gravatar.com\\\/avatar\\\/c052a2551a06e23fac63626232eaa90abd78dbcf1700fc46a2b2c89fd27b735f?s=96&d=mm&r=g\",\"url\":\"https:\\\/\\\/secure.gravatar.com\\\/avatar\\\/c052a2551a06e23fac63626232eaa90abd78dbcf1700fc46a2b2c89fd27b735f?s=96&d=mm&r=g\",\"contentUrl\":\"https:\\\/\\\/secure.gravatar.com\\\/avatar\\\/c052a2551a06e23fac63626232eaa90abd78dbcf1700fc46a2b2c89fd27b735f?s=96&d=mm&r=g\",\"caption\":\"Redacci\u00f3n A Nova Peneira\"},\"sameAs\":[\"http:\\\/\\\/www.anovapeneira.gal\\\/\"],\"url\":\"https:\\\/\\\/www.anovapeneira.gal\\\/index.php\\\/author\\\/redactor\\\/\"}]}<\/script>\n<!-- \/ Yoast SEO plugin. -->","yoast_head_json":{"title":"Presentaci\u00f3n en Seixo do libro Galegos no ex\u00e9rcito de Euzkadi 1936-1937\" do investigador marinense Sergio Balchada Outeiral \"Satxa\" -","description":"A Asociaci\u00f3n pola Recuperaci\u00f3n da Memoria Hist\u00f3rica de Mar\u00edn, presentou o m\u00e9rcores 10 de agosto o libro \"Galegos no ex\u00e9rcito de Euzkadi 1936-1937\" do investigador oriundo de Mar\u00edn, Sergio Balchada Outeiral","robots":{"index":"index","follow":"follow","max-snippet":"max-snippet:-1","max-image-preview":"max-image-preview:large","max-video-preview":"max-video-preview:-1"},"canonical":"https:\/\/www.anovapeneira.gal\/index.php\/2022\/08\/18\/presentacion-en-seixo-do-libro-galegos-no-exercito-de-euzkadi-1936-1937-do-investigador-marinense-sergio-balchada-outeiral-satxa\/","og_locale":"gl_ES","og_type":"article","og_title":"Presentaci\u00f3n en Seixo do libro Galegos no ex\u00e9rcito de Euzkadi 1936-1937\" do investigador marinense Sergio Balchada Outeiral \"Satxa\" -","og_description":"A Asociaci\u00f3n pola Recuperaci\u00f3n da Memoria Hist\u00f3rica de Mar\u00edn, presentou o m\u00e9rcores 10 de agosto o libro \"Galegos no ex\u00e9rcito de Euzkadi 1936-1937\" do investigador oriundo de Mar\u00edn, Sergio Balchada Outeiral","og_url":"https:\/\/www.anovapeneira.gal\/index.php\/2022\/08\/18\/presentacion-en-seixo-do-libro-galegos-no-exercito-de-euzkadi-1936-1937-do-investigador-marinense-sergio-balchada-outeiral-satxa\/","article_publisher":"https:\/\/www.facebook.com\/anovapeneira","article_published_time":"2022-08-18T10:00:16+00:00","og_image":[{"width":720,"height":432,"url":"https:\/\/www.anovapeneira.gal\/wp-content\/uploads\/2022\/08\/galegos_no_exercito_de_euzkadi.jpg","type":"image\/jpeg"}],"author":"Redacci\u00f3n A Nova Peneira","twitter_card":"summary_large_image","twitter_creator":"@APeneira","twitter_site":"@APeneira","twitter_misc":{"Escrito por":"Redacci\u00f3n A Nova Peneira","Tempo de lectura":"2 minutos"},"schema":{"@context":"https:\/\/schema.org","@graph":[{"@type":"Article","@id":"https:\/\/www.anovapeneira.gal\/index.php\/2022\/08\/18\/presentacion-en-seixo-do-libro-galegos-no-exercito-de-euzkadi-1936-1937-do-investigador-marinense-sergio-balchada-outeiral-satxa\/#article","isPartOf":{"@id":"https:\/\/www.anovapeneira.gal\/index.php\/2022\/08\/18\/presentacion-en-seixo-do-libro-galegos-no-exercito-de-euzkadi-1936-1937-do-investigador-marinense-sergio-balchada-outeiral-satxa\/"},"author":{"name":"Redacci\u00f3n A Nova Peneira","@id":"https:\/\/www.anovapeneira.gal\/#\/schema\/person\/b93e3f8932e3f8da96334607eb6ac6aa"},"headline":"Presentaci\u00f3n en Seixo do libro Galegos no ex\u00e9rcito de Euzkadi 1936-1937&#8243; do investigador marinense Sergio Balchada Outeiral &#8220;Satxa&#8221;","datePublished":"2022-08-18T10:00:16+00:00","mainEntityOfPage":{"@id":"https:\/\/www.anovapeneira.gal\/index.php\/2022\/08\/18\/presentacion-en-seixo-do-libro-galegos-no-exercito-de-euzkadi-1936-1937-do-investigador-marinense-sergio-balchada-outeiral-satxa\/"},"wordCount":359,"commentCount":0,"publisher":{"@id":"https:\/\/www.anovapeneira.gal\/#organization"},"image":{"@id":"https:\/\/www.anovapeneira.gal\/index.php\/2022\/08\/18\/presentacion-en-seixo-do-libro-galegos-no-exercito-de-euzkadi-1936-1937-do-investigador-marinense-sergio-balchada-outeiral-satxa\/#primaryimage"},"thumbnailUrl":"https:\/\/www.anovapeneira.gal\/wp-content\/uploads\/2022\/08\/galegos_no_exercito_de_euzkadi.jpg","keywords":["Concello de Mar\u00edn"],"articleSection":["Morrazo"],"inLanguage":"gl-ES","potentialAction":[{"@type":"CommentAction","name":"Comment","target":["https:\/\/www.anovapeneira.gal\/index.php\/2022\/08\/18\/presentacion-en-seixo-do-libro-galegos-no-exercito-de-euzkadi-1936-1937-do-investigador-marinense-sergio-balchada-outeiral-satxa\/#respond"]}]},{"@type":"WebPage","@id":"https:\/\/www.anovapeneira.gal\/index.php\/2022\/08\/18\/presentacion-en-seixo-do-libro-galegos-no-exercito-de-euzkadi-1936-1937-do-investigador-marinense-sergio-balchada-outeiral-satxa\/","url":"https:\/\/www.anovapeneira.gal\/index.php\/2022\/08\/18\/presentacion-en-seixo-do-libro-galegos-no-exercito-de-euzkadi-1936-1937-do-investigador-marinense-sergio-balchada-outeiral-satxa\/","name":"Presentaci\u00f3n en Seixo do libro Galegos no ex\u00e9rcito de Euzkadi 1936-1937\" do investigador marinense Sergio Balchada Outeiral \"Satxa\" -","isPartOf":{"@id":"https:\/\/www.anovapeneira.gal\/#website"},"primaryImageOfPage":{"@id":"https:\/\/www.anovapeneira.gal\/index.php\/2022\/08\/18\/presentacion-en-seixo-do-libro-galegos-no-exercito-de-euzkadi-1936-1937-do-investigador-marinense-sergio-balchada-outeiral-satxa\/#primaryimage"},"image":{"@id":"https:\/\/www.anovapeneira.gal\/index.php\/2022\/08\/18\/presentacion-en-seixo-do-libro-galegos-no-exercito-de-euzkadi-1936-1937-do-investigador-marinense-sergio-balchada-outeiral-satxa\/#primaryimage"},"thumbnailUrl":"https:\/\/www.anovapeneira.gal\/wp-content\/uploads\/2022\/08\/galegos_no_exercito_de_euzkadi.jpg","datePublished":"2022-08-18T10:00:16+00:00","description":"A Asociaci\u00f3n pola Recuperaci\u00f3n da Memoria Hist\u00f3rica de Mar\u00edn, presentou o m\u00e9rcores 10 de agosto o libro \"Galegos no ex\u00e9rcito de Euzkadi 1936-1937\" do investigador oriundo de Mar\u00edn, Sergio Balchada Outeiral","breadcrumb":{"@id":"https:\/\/www.anovapeneira.gal\/index.php\/2022\/08\/18\/presentacion-en-seixo-do-libro-galegos-no-exercito-de-euzkadi-1936-1937-do-investigador-marinense-sergio-balchada-outeiral-satxa\/#breadcrumb"},"inLanguage":"gl-ES","potentialAction":[{"@type":"ReadAction","target":["https:\/\/www.anovapeneira.gal\/index.php\/2022\/08\/18\/presentacion-en-seixo-do-libro-galegos-no-exercito-de-euzkadi-1936-1937-do-investigador-marinense-sergio-balchada-outeiral-satxa\/"]}]},{"@type":"ImageObject","inLanguage":"gl-ES","@id":"https:\/\/www.anovapeneira.gal\/index.php\/2022\/08\/18\/presentacion-en-seixo-do-libro-galegos-no-exercito-de-euzkadi-1936-1937-do-investigador-marinense-sergio-balchada-outeiral-satxa\/#primaryimage","url":"https:\/\/www.anovapeneira.gal\/wp-content\/uploads\/2022\/08\/galegos_no_exercito_de_euzkadi.jpg","contentUrl":"https:\/\/www.anovapeneira.gal\/wp-content\/uploads\/2022\/08\/galegos_no_exercito_de_euzkadi.jpg","width":720,"height":432,"caption":"Galegos no ex\u00e9rcito de Euskadi"},{"@type":"BreadcrumbList","@id":"https:\/\/www.anovapeneira.gal\/index.php\/2022\/08\/18\/presentacion-en-seixo-do-libro-galegos-no-exercito-de-euzkadi-1936-1937-do-investigador-marinense-sergio-balchada-outeiral-satxa\/#breadcrumb","itemListElement":[{"@type":"ListItem","position":1,"name":"Portada","item":"https:\/\/www.anovapeneira.gal\/"},{"@type":"ListItem","position":2,"name":"Presentaci\u00f3n en Seixo do libro Galegos no ex\u00e9rcito de Euzkadi 1936-1937&#8243; do investigador marinense Sergio Balchada Outeiral &#8220;Satxa&#8221;"}]},{"@type":"WebSite","@id":"https:\/\/www.anovapeneira.gal\/#website","url":"https:\/\/www.anovapeneira.gal\/","name":"","description":"Xornal galego de informaci\u00f3n xeral Publicaci\u00f3n mensual de novas de Galicia e en especial dos Concellos da sur da provincia de Pontevedra.","publisher":{"@id":"https:\/\/www.anovapeneira.gal\/#organization"},"potentialAction":[{"@type":"SearchAction","target":{"@type":"EntryPoint","urlTemplate":"https:\/\/www.anovapeneira.gal\/?s={search_term_string}"},"query-input":{"@type":"PropertyValueSpecification","valueRequired":true,"valueName":"search_term_string"}}],"inLanguage":"gl-ES"},{"@type":"Organization","@id":"https:\/\/www.anovapeneira.gal\/#organization","name":"A Nova Peneira","url":"https:\/\/www.anovapeneira.gal\/","logo":{"@type":"ImageObject","inLanguage":"gl-ES","@id":"https:\/\/www.anovapeneira.gal\/#\/schema\/logo\/image\/","url":"http:\/\/www.anovapeneira.gal\/wp-content\/uploads\/2019\/06\/logo_a_nova_peneira_portal_web.png","contentUrl":"http:\/\/www.anovapeneira.gal\/wp-content\/uploads\/2019\/06\/logo_a_nova_peneira_portal_web.png","width":300,"height":100,"caption":"A Nova Peneira"},"image":{"@id":"https:\/\/www.anovapeneira.gal\/#\/schema\/logo\/image\/"},"sameAs":["https:\/\/www.facebook.com\/anovapeneira","https:\/\/x.com\/APeneira"]},{"@type":"Person","@id":"https:\/\/www.anovapeneira.gal\/#\/schema\/person\/b93e3f8932e3f8da96334607eb6ac6aa","name":"Redacci\u00f3n A Nova Peneira","image":{"@type":"ImageObject","inLanguage":"gl-ES","@id":"https:\/\/secure.gravatar.com\/avatar\/c052a2551a06e23fac63626232eaa90abd78dbcf1700fc46a2b2c89fd27b735f?s=96&d=mm&r=g","url":"https:\/\/secure.gravatar.com\/avatar\/c052a2551a06e23fac63626232eaa90abd78dbcf1700fc46a2b2c89fd27b735f?s=96&d=mm&r=g","contentUrl":"https:\/\/secure.gravatar.com\/avatar\/c052a2551a06e23fac63626232eaa90abd78dbcf1700fc46a2b2c89fd27b735f?s=96&d=mm&r=g","caption":"Redacci\u00f3n A Nova Peneira"},"sameAs":["http:\/\/www.anovapeneira.gal\/"],"url":"https:\/\/www.anovapeneira.gal\/index.php\/author\/redactor\/"}]}},"jetpack_featured_media_url":"https:\/\/www.anovapeneira.gal\/wp-content\/uploads\/2022\/08\/galegos_no_exercito_de_euzkadi.jpg","_links":{"self":[{"href":"https:\/\/www.anovapeneira.gal\/index.php\/wp-json\/wp\/v2\/posts\/7975","targetHints":{"allow":["GET"]}}],"collection":[{"href":"https:\/\/www.anovapeneira.gal\/index.php\/wp-json\/wp\/v2\/posts"}],"about":[{"href":"https:\/\/www.anovapeneira.gal\/index.php\/wp-json\/wp\/v2\/types\/post"}],"author":[{"embeddable":true,"href":"https:\/\/www.anovapeneira.gal\/index.php\/wp-json\/wp\/v2\/users\/3"}],"replies":[{"embeddable":true,"href":"https:\/\/www.anovapeneira.gal\/index.php\/wp-json\/wp\/v2\/comments?post=7975"}],"version-history":[{"count":1,"href":"https:\/\/www.anovapeneira.gal\/index.php\/wp-json\/wp\/v2\/posts\/7975\/revisions"}],"predecessor-version":[{"id":7976,"href":"https:\/\/www.anovapeneira.gal\/index.php\/wp-json\/wp\/v2\/posts\/7975\/revisions\/7976"}],"wp:featuredmedia":[{"embeddable":true,"href":"https:\/\/www.anovapeneira.gal\/index.php\/wp-json\/wp\/v2\/media\/7977"}],"wp:attachment":[{"href":"https:\/\/www.anovapeneira.gal\/index.php\/wp-json\/wp\/v2\/media?parent=7975"}],"wp:term":[{"taxonomy":"category","embeddable":true,"href":"https:\/\/www.anovapeneira.gal\/index.php\/wp-json\/wp\/v2\/categories?post=7975"},{"taxonomy":"post_tag","embeddable":true,"href":"https:\/\/www.anovapeneira.gal\/index.php\/wp-json\/wp\/v2\/tags?post=7975"}],"curies":[{"name":"wp","href":"https:\/\/api.w.org\/{rel}","templated":true}]}}