{"id":798,"date":"2019-08-01T12:00:16","date_gmt":"2019-08-01T10:00:16","guid":{"rendered":"http:\/\/www.anovapeneira.gal\/?p=798"},"modified":"2019-07-27T16:30:15","modified_gmt":"2019-07-27T14:30:15","slug":"o-goberno-local-atende-as-queixas-vecinais-e-limita-o-horario-dun-concerto-no-paseo-matutino","status":"publish","type":"post","link":"https:\/\/www.anovapeneira.gal\/index.php\/2019\/08\/01\/o-goberno-local-atende-as-queixas-vecinais-e-limita-o-horario-dun-concerto-no-paseo-matutino\/","title":{"rendered":"O goberno local atende as queixas veci\u00f1ais e limita o horario dun concerto no Paseo Matutino"},"content":{"rendered":"\n<h2 class=\"wp-block-heading\"><strong>M\u00e1is dun cento de veci\u00f1os e veci\u00f1as do primeiro tramo da r\u00faa\nrespaldan a decisi\u00f3n do concelleiro Roberto Mera fronte \u00e1 oposici\u00f3n de varios\nhostaleiros<\/strong><\/h2>\n\n\n\n<p><strong>Ponteareas, 26 de xullo de 2019<\/strong><\/p>\n\n\n\n<p>Logo de anunciar a posta en marcha dun Plan de Convivencia e Civismo\nen Ponteareas, o concelleiro de Bo Goberno, Roberto Mera, adoptou unha primeira\nmedida dirixida a conciliar o dereito ao ocio e o dereito ao descanso da veci\u00f1anza.<\/p>\n\n\n\n<p>O pasado 2 de xullo a Federaci\u00f3n de Comercio e Hostelar\u00eda \u201cBanastra\u201d\nsolicitou no Concello autorizaci\u00f3n para celebrar unha \u201cFesta Ibizenca\u201d o s\u00e1bado\n27 de xullo, con comezo \u00e1s oito da tarde e que concluir\u00eda cun concerto dun DJ\nna r\u00faa Paseo Matutino entre as doce media da noite e as d\u00faas da madrugada.<\/p>\n\n\n\n<p>\u00c1 vista da solicitude, Roberto Mera mantivo varios encontros cos\norganizadores para transmitirlles a necesidade de limitar o evento a un horario\nm\u00e1is razon\u00e1bel que fora respectuoso co dereito ao descanso da veci\u00f1anza \u201cdunha\nr\u00faa que xa soporta de por si unha elevada contaminaci\u00f3n ac\u00fastica por tr\u00e1fico,\nlocais de ocio e persoas na r\u00faa\u201d.<\/p>\n\n\n\n<p>Mera explica que \u201ccomo medida provisional, decidimos que todas as\nsolicitudes de concertos presentadas con posterioridade ao 1 de xullo ter\u00e1n\ncomo horario l\u00edmite, durante o ver\u00e1n, as doce e media en s\u00e1bados e as once e media\nno resto dos d\u00edas, coa \u00fanica excepci\u00f3n das festas patronais, como sempre\naconteceu\u201d. A medida \u00e9 provisional \u00e1 espera de ver o resultado do proceso de\nparticipaci\u00f3n veci\u00f1al que se por\u00e1 en marcha para aprobar o Plan de Convivencia\ne Civismo e do que sair\u00e1 unha normativa municipal definitiva que regule os\nhorarios.<\/p>\n\n\n\n<p>Pola s\u00faa parte, a veci\u00f1anza da r\u00faa tivo co\u00f1ecemento das pretensi\u00f3ns\ndos organizadores pois estes anunciaron o evento cun horario at\u00e9 as d\u00faas da\nmadrugada sen agardar a resposta municipal. Un grupo de residentes no primeiro\ntramo do Paseo Matutino mantivo unha reuni\u00f3n con Mera, quen lles trasladou a\ndecisi\u00f3n do goberno local de limitar o horario previsto polos organizadores,\ndecisi\u00f3n que foi ben valorada at\u00e9 o punto de que nesta semana se presentaron m\u00e1is\nde cen sinaturas de veci\u00f1os e veci\u00f1as respaldando a decisi\u00f3n municipal.<\/p>\n\n\n\n<p>Mera agradeceu a \u201ccomprensi\u00f3n dos organizadores que finalmente\nmodificaron a s\u00faa solicitude, refacendo o programa at\u00e9 as doce e media\u201d. O edil\nnacionalista reco\u00f1eceu ser conscente \u201cdo malestar dalg\u00fans hosteleiros\u201d aos que\nlles ped\u00edu \u201cempat\u00eda cos seus veci\u00f1os\u201d e un esforzo por facer compat\u00edbel \u201co\nocio, os seus negocios e os dereitos dos que non participan deses eventos e\nqueren respecto para o seu dereito ao descanso\u201d.<\/p>\n\n\n\n<p>Roberto Mera sinalou que \u201cdesde o goberno seguiremos apoiando \u00e1 hostelar\u00eda, as s\u00faas iniciativas e actividades, pero velando pola convivencia e os dereitos de todos os cidad\u00e1ns\u201d.<\/p>\n","protected":false},"excerpt":{"rendered":"<div class=\"mh-excerpt\"><p>M\u00e1is dun cento de veci\u00f1os e veci\u00f1as do primeiro tramo da r\u00faa respaldan a decisi\u00f3n do concelleiro Roberto Mera fronte \u00e1 oposici\u00f3n de varios hostaleiros <a class=\"mh-excerpt-more\" href=\"https:\/\/www.anovapeneira.gal\/index.php\/2019\/08\/01\/o-goberno-local-atende-as-queixas-vecinais-e-limita-o-horario-dun-concerto-no-paseo-matutino\/\" title=\"O goberno local atende as queixas veci\u00f1ais e limita o horario dun concerto no Paseo Matutino\">[&#8230;]<\/a><\/p>\n<\/div>","protected":false},"author":3,"featured_media":799,"comment_status":"open","ping_status":"open","sticky":false,"template":"","format":"standard","meta":{"_exactmetrics_skip_tracking":false,"_exactmetrics_sitenote_active":false,"_exactmetrics_sitenote_note":"","_exactmetrics_sitenote_category":0,"footnotes":""},"categories":[25],"tags":[364,208,365,363,362,28],"class_list":{"0":"post-798","1":"post","2":"type-post","3":"status-publish","4":"format-standard","5":"has-post-thumbnail","7":"category-condado","8":"tag-comercio","9":"tag-concello-de-ponteareas","10":"tag-hostelaria","11":"tag-ocio","12":"tag-paseo-matutino","13":"tag-turismo"},"yoast_head":"<!-- This site is optimized with the Yoast SEO plugin v27.4 - https:\/\/yoast.com\/product\/yoast-seo-wordpress\/ -->\n<title>O goberno local atende as queixas veci\u00f1ais e limita o horario dun concerto no Paseo Matutino -<\/title>\n<meta name=\"robots\" content=\"index, follow, max-snippet:-1, max-image-preview:large, max-video-preview:-1\" \/>\n<link rel=\"canonical\" href=\"https:\/\/www.anovapeneira.gal\/index.php\/2019\/08\/01\/o-goberno-local-atende-as-queixas-vecinais-e-limita-o-horario-dun-concerto-no-paseo-matutino\/\" \/>\n<meta property=\"og:locale\" content=\"gl_ES\" \/>\n<meta property=\"og:type\" content=\"article\" \/>\n<meta property=\"og:title\" content=\"O goberno local atende as queixas veci\u00f1ais e limita o horario dun concerto no Paseo Matutino -\" \/>\n<meta property=\"og:description\" content=\"M\u00e1is dun cento de veci\u00f1os e veci\u00f1as do primeiro tramo da r\u00faa respaldan a decisi\u00f3n do concelleiro Roberto Mera fronte \u00e1 oposici\u00f3n de varios hostaleiros [...]\" \/>\n<meta property=\"og:url\" content=\"https:\/\/www.anovapeneira.gal\/index.php\/2019\/08\/01\/o-goberno-local-atende-as-queixas-vecinais-e-limita-o-horario-dun-concerto-no-paseo-matutino\/\" \/>\n<meta property=\"article:publisher\" content=\"https:\/\/www.facebook.com\/anovapeneira\" \/>\n<meta property=\"article:published_time\" content=\"2019-08-01T10:00:16+00:00\" \/>\n<meta property=\"og:image\" content=\"https:\/\/www.anovapeneira.gal\/wp-content\/uploads\/2019\/07\/goberno_local_ponteareas_a_nova_peneira.jpg\" \/>\n\t<meta property=\"og:image:width\" content=\"720\" \/>\n\t<meta property=\"og:image:height\" content=\"473\" \/>\n\t<meta property=\"og:image:type\" content=\"image\/jpeg\" \/>\n<meta name=\"author\" content=\"Redacci\u00f3n A Nova Peneira\" \/>\n<meta name=\"twitter:card\" content=\"summary_large_image\" \/>\n<meta name=\"twitter:creator\" content=\"@APeneira\" \/>\n<meta name=\"twitter:site\" content=\"@APeneira\" \/>\n<meta name=\"twitter:label1\" content=\"Escrito por\" \/>\n\t<meta name=\"twitter:data1\" content=\"Redacci\u00f3n A Nova Peneira\" \/>\n\t<meta name=\"twitter:label2\" content=\"Tempo de lectura\" \/>\n\t<meta name=\"twitter:data2\" content=\"2 minutos\" \/>\n<script type=\"application\/ld+json\" class=\"yoast-schema-graph\">{\"@context\":\"https:\\\/\\\/schema.org\",\"@graph\":[{\"@type\":\"Article\",\"@id\":\"https:\\\/\\\/www.anovapeneira.gal\\\/index.php\\\/2019\\\/08\\\/01\\\/o-goberno-local-atende-as-queixas-vecinais-e-limita-o-horario-dun-concerto-no-paseo-matutino\\\/#article\",\"isPartOf\":{\"@id\":\"https:\\\/\\\/www.anovapeneira.gal\\\/index.php\\\/2019\\\/08\\\/01\\\/o-goberno-local-atende-as-queixas-vecinais-e-limita-o-horario-dun-concerto-no-paseo-matutino\\\/\"},\"author\":{\"name\":\"Redacci\u00f3n A Nova Peneira\",\"@id\":\"https:\\\/\\\/www.anovapeneira.gal\\\/#\\\/schema\\\/person\\\/b93e3f8932e3f8da96334607eb6ac6aa\"},\"headline\":\"O goberno local atende as queixas veci\u00f1ais e limita o horario dun concerto no Paseo Matutino\",\"datePublished\":\"2019-08-01T10:00:16+00:00\",\"mainEntityOfPage\":{\"@id\":\"https:\\\/\\\/www.anovapeneira.gal\\\/index.php\\\/2019\\\/08\\\/01\\\/o-goberno-local-atende-as-queixas-vecinais-e-limita-o-horario-dun-concerto-no-paseo-matutino\\\/\"},\"wordCount\":511,\"commentCount\":0,\"publisher\":{\"@id\":\"https:\\\/\\\/www.anovapeneira.gal\\\/#organization\"},\"image\":{\"@id\":\"https:\\\/\\\/www.anovapeneira.gal\\\/index.php\\\/2019\\\/08\\\/01\\\/o-goberno-local-atende-as-queixas-vecinais-e-limita-o-horario-dun-concerto-no-paseo-matutino\\\/#primaryimage\"},\"thumbnailUrl\":\"https:\\\/\\\/www.anovapeneira.gal\\\/wp-content\\\/uploads\\\/2019\\\/07\\\/goberno_local_ponteareas_a_nova_peneira.jpg\",\"keywords\":[\"Comercio\",\"Concello de Ponteareas\",\"Hostelar\u00eda\",\"Ocio\",\"Paseo Matutino\",\"Turismo\"],\"articleSection\":[\"Condado\"],\"inLanguage\":\"gl-ES\",\"potentialAction\":[{\"@type\":\"CommentAction\",\"name\":\"Comment\",\"target\":[\"https:\\\/\\\/www.anovapeneira.gal\\\/index.php\\\/2019\\\/08\\\/01\\\/o-goberno-local-atende-as-queixas-vecinais-e-limita-o-horario-dun-concerto-no-paseo-matutino\\\/#respond\"]}]},{\"@type\":\"WebPage\",\"@id\":\"https:\\\/\\\/www.anovapeneira.gal\\\/index.php\\\/2019\\\/08\\\/01\\\/o-goberno-local-atende-as-queixas-vecinais-e-limita-o-horario-dun-concerto-no-paseo-matutino\\\/\",\"url\":\"https:\\\/\\\/www.anovapeneira.gal\\\/index.php\\\/2019\\\/08\\\/01\\\/o-goberno-local-atende-as-queixas-vecinais-e-limita-o-horario-dun-concerto-no-paseo-matutino\\\/\",\"name\":\"O goberno local atende as queixas veci\u00f1ais e limita o horario dun concerto no Paseo Matutino -\",\"isPartOf\":{\"@id\":\"https:\\\/\\\/www.anovapeneira.gal\\\/#website\"},\"primaryImageOfPage\":{\"@id\":\"https:\\\/\\\/www.anovapeneira.gal\\\/index.php\\\/2019\\\/08\\\/01\\\/o-goberno-local-atende-as-queixas-vecinais-e-limita-o-horario-dun-concerto-no-paseo-matutino\\\/#primaryimage\"},\"image\":{\"@id\":\"https:\\\/\\\/www.anovapeneira.gal\\\/index.php\\\/2019\\\/08\\\/01\\\/o-goberno-local-atende-as-queixas-vecinais-e-limita-o-horario-dun-concerto-no-paseo-matutino\\\/#primaryimage\"},\"thumbnailUrl\":\"https:\\\/\\\/www.anovapeneira.gal\\\/wp-content\\\/uploads\\\/2019\\\/07\\\/goberno_local_ponteareas_a_nova_peneira.jpg\",\"datePublished\":\"2019-08-01T10:00:16+00:00\",\"breadcrumb\":{\"@id\":\"https:\\\/\\\/www.anovapeneira.gal\\\/index.php\\\/2019\\\/08\\\/01\\\/o-goberno-local-atende-as-queixas-vecinais-e-limita-o-horario-dun-concerto-no-paseo-matutino\\\/#breadcrumb\"},\"inLanguage\":\"gl-ES\",\"potentialAction\":[{\"@type\":\"ReadAction\",\"target\":[\"https:\\\/\\\/www.anovapeneira.gal\\\/index.php\\\/2019\\\/08\\\/01\\\/o-goberno-local-atende-as-queixas-vecinais-e-limita-o-horario-dun-concerto-no-paseo-matutino\\\/\"]}]},{\"@type\":\"ImageObject\",\"inLanguage\":\"gl-ES\",\"@id\":\"https:\\\/\\\/www.anovapeneira.gal\\\/index.php\\\/2019\\\/08\\\/01\\\/o-goberno-local-atende-as-queixas-vecinais-e-limita-o-horario-dun-concerto-no-paseo-matutino\\\/#primaryimage\",\"url\":\"https:\\\/\\\/www.anovapeneira.gal\\\/wp-content\\\/uploads\\\/2019\\\/07\\\/goberno_local_ponteareas_a_nova_peneira.jpg\",\"contentUrl\":\"https:\\\/\\\/www.anovapeneira.gal\\\/wp-content\\\/uploads\\\/2019\\\/07\\\/goberno_local_ponteareas_a_nova_peneira.jpg\",\"width\":720,\"height\":473,\"caption\":\"Goberno loca Ponteareas A Nova Peneira\"},{\"@type\":\"BreadcrumbList\",\"@id\":\"https:\\\/\\\/www.anovapeneira.gal\\\/index.php\\\/2019\\\/08\\\/01\\\/o-goberno-local-atende-as-queixas-vecinais-e-limita-o-horario-dun-concerto-no-paseo-matutino\\\/#breadcrumb\",\"itemListElement\":[{\"@type\":\"ListItem\",\"position\":1,\"name\":\"Portada\",\"item\":\"https:\\\/\\\/www.anovapeneira.gal\\\/\"},{\"@type\":\"ListItem\",\"position\":2,\"name\":\"O goberno local atende as queixas veci\u00f1ais e limita o horario dun concerto no Paseo Matutino\"}]},{\"@type\":\"WebSite\",\"@id\":\"https:\\\/\\\/www.anovapeneira.gal\\\/#website\",\"url\":\"https:\\\/\\\/www.anovapeneira.gal\\\/\",\"name\":\"\",\"description\":\"Xornal galego de informaci\u00f3n xeral Publicaci\u00f3n mensual de novas de Galicia e en especial dos Concellos da sur da provincia de Pontevedra.\",\"publisher\":{\"@id\":\"https:\\\/\\\/www.anovapeneira.gal\\\/#organization\"},\"potentialAction\":[{\"@type\":\"SearchAction\",\"target\":{\"@type\":\"EntryPoint\",\"urlTemplate\":\"https:\\\/\\\/www.anovapeneira.gal\\\/?s={search_term_string}\"},\"query-input\":{\"@type\":\"PropertyValueSpecification\",\"valueRequired\":true,\"valueName\":\"search_term_string\"}}],\"inLanguage\":\"gl-ES\"},{\"@type\":\"Organization\",\"@id\":\"https:\\\/\\\/www.anovapeneira.gal\\\/#organization\",\"name\":\"A Nova Peneira\",\"url\":\"https:\\\/\\\/www.anovapeneira.gal\\\/\",\"logo\":{\"@type\":\"ImageObject\",\"inLanguage\":\"gl-ES\",\"@id\":\"https:\\\/\\\/www.anovapeneira.gal\\\/#\\\/schema\\\/logo\\\/image\\\/\",\"url\":\"http:\\\/\\\/www.anovapeneira.gal\\\/wp-content\\\/uploads\\\/2019\\\/06\\\/logo_a_nova_peneira_portal_web.png\",\"contentUrl\":\"http:\\\/\\\/www.anovapeneira.gal\\\/wp-content\\\/uploads\\\/2019\\\/06\\\/logo_a_nova_peneira_portal_web.png\",\"width\":300,\"height\":100,\"caption\":\"A Nova Peneira\"},\"image\":{\"@id\":\"https:\\\/\\\/www.anovapeneira.gal\\\/#\\\/schema\\\/logo\\\/image\\\/\"},\"sameAs\":[\"https:\\\/\\\/www.facebook.com\\\/anovapeneira\",\"https:\\\/\\\/x.com\\\/APeneira\"]},{\"@type\":\"Person\",\"@id\":\"https:\\\/\\\/www.anovapeneira.gal\\\/#\\\/schema\\\/person\\\/b93e3f8932e3f8da96334607eb6ac6aa\",\"name\":\"Redacci\u00f3n A Nova Peneira\",\"image\":{\"@type\":\"ImageObject\",\"inLanguage\":\"gl-ES\",\"@id\":\"https:\\\/\\\/secure.gravatar.com\\\/avatar\\\/c052a2551a06e23fac63626232eaa90abd78dbcf1700fc46a2b2c89fd27b735f?s=96&d=mm&r=g\",\"url\":\"https:\\\/\\\/secure.gravatar.com\\\/avatar\\\/c052a2551a06e23fac63626232eaa90abd78dbcf1700fc46a2b2c89fd27b735f?s=96&d=mm&r=g\",\"contentUrl\":\"https:\\\/\\\/secure.gravatar.com\\\/avatar\\\/c052a2551a06e23fac63626232eaa90abd78dbcf1700fc46a2b2c89fd27b735f?s=96&d=mm&r=g\",\"caption\":\"Redacci\u00f3n A Nova Peneira\"},\"sameAs\":[\"http:\\\/\\\/www.anovapeneira.gal\\\/\"],\"url\":\"https:\\\/\\\/www.anovapeneira.gal\\\/index.php\\\/author\\\/redactor\\\/\"}]}<\/script>\n<!-- \/ Yoast SEO plugin. -->","yoast_head_json":{"title":"O goberno local atende as queixas veci\u00f1ais e limita o horario dun concerto no Paseo Matutino -","robots":{"index":"index","follow":"follow","max-snippet":"max-snippet:-1","max-image-preview":"max-image-preview:large","max-video-preview":"max-video-preview:-1"},"canonical":"https:\/\/www.anovapeneira.gal\/index.php\/2019\/08\/01\/o-goberno-local-atende-as-queixas-vecinais-e-limita-o-horario-dun-concerto-no-paseo-matutino\/","og_locale":"gl_ES","og_type":"article","og_title":"O goberno local atende as queixas veci\u00f1ais e limita o horario dun concerto no Paseo Matutino -","og_description":"M\u00e1is dun cento de veci\u00f1os e veci\u00f1as do primeiro tramo da r\u00faa respaldan a decisi\u00f3n do concelleiro Roberto Mera fronte \u00e1 oposici\u00f3n de varios hostaleiros [...]","og_url":"https:\/\/www.anovapeneira.gal\/index.php\/2019\/08\/01\/o-goberno-local-atende-as-queixas-vecinais-e-limita-o-horario-dun-concerto-no-paseo-matutino\/","article_publisher":"https:\/\/www.facebook.com\/anovapeneira","article_published_time":"2019-08-01T10:00:16+00:00","og_image":[{"width":720,"height":473,"url":"https:\/\/www.anovapeneira.gal\/wp-content\/uploads\/2019\/07\/goberno_local_ponteareas_a_nova_peneira.jpg","type":"image\/jpeg"}],"author":"Redacci\u00f3n A Nova Peneira","twitter_card":"summary_large_image","twitter_creator":"@APeneira","twitter_site":"@APeneira","twitter_misc":{"Escrito por":"Redacci\u00f3n A Nova Peneira","Tempo de lectura":"2 minutos"},"schema":{"@context":"https:\/\/schema.org","@graph":[{"@type":"Article","@id":"https:\/\/www.anovapeneira.gal\/index.php\/2019\/08\/01\/o-goberno-local-atende-as-queixas-vecinais-e-limita-o-horario-dun-concerto-no-paseo-matutino\/#article","isPartOf":{"@id":"https:\/\/www.anovapeneira.gal\/index.php\/2019\/08\/01\/o-goberno-local-atende-as-queixas-vecinais-e-limita-o-horario-dun-concerto-no-paseo-matutino\/"},"author":{"name":"Redacci\u00f3n A Nova Peneira","@id":"https:\/\/www.anovapeneira.gal\/#\/schema\/person\/b93e3f8932e3f8da96334607eb6ac6aa"},"headline":"O goberno local atende as queixas veci\u00f1ais e limita o horario dun concerto no Paseo Matutino","datePublished":"2019-08-01T10:00:16+00:00","mainEntityOfPage":{"@id":"https:\/\/www.anovapeneira.gal\/index.php\/2019\/08\/01\/o-goberno-local-atende-as-queixas-vecinais-e-limita-o-horario-dun-concerto-no-paseo-matutino\/"},"wordCount":511,"commentCount":0,"publisher":{"@id":"https:\/\/www.anovapeneira.gal\/#organization"},"image":{"@id":"https:\/\/www.anovapeneira.gal\/index.php\/2019\/08\/01\/o-goberno-local-atende-as-queixas-vecinais-e-limita-o-horario-dun-concerto-no-paseo-matutino\/#primaryimage"},"thumbnailUrl":"https:\/\/www.anovapeneira.gal\/wp-content\/uploads\/2019\/07\/goberno_local_ponteareas_a_nova_peneira.jpg","keywords":["Comercio","Concello de Ponteareas","Hostelar\u00eda","Ocio","Paseo Matutino","Turismo"],"articleSection":["Condado"],"inLanguage":"gl-ES","potentialAction":[{"@type":"CommentAction","name":"Comment","target":["https:\/\/www.anovapeneira.gal\/index.php\/2019\/08\/01\/o-goberno-local-atende-as-queixas-vecinais-e-limita-o-horario-dun-concerto-no-paseo-matutino\/#respond"]}]},{"@type":"WebPage","@id":"https:\/\/www.anovapeneira.gal\/index.php\/2019\/08\/01\/o-goberno-local-atende-as-queixas-vecinais-e-limita-o-horario-dun-concerto-no-paseo-matutino\/","url":"https:\/\/www.anovapeneira.gal\/index.php\/2019\/08\/01\/o-goberno-local-atende-as-queixas-vecinais-e-limita-o-horario-dun-concerto-no-paseo-matutino\/","name":"O goberno local atende as queixas veci\u00f1ais e limita o horario dun concerto no Paseo Matutino -","isPartOf":{"@id":"https:\/\/www.anovapeneira.gal\/#website"},"primaryImageOfPage":{"@id":"https:\/\/www.anovapeneira.gal\/index.php\/2019\/08\/01\/o-goberno-local-atende-as-queixas-vecinais-e-limita-o-horario-dun-concerto-no-paseo-matutino\/#primaryimage"},"image":{"@id":"https:\/\/www.anovapeneira.gal\/index.php\/2019\/08\/01\/o-goberno-local-atende-as-queixas-vecinais-e-limita-o-horario-dun-concerto-no-paseo-matutino\/#primaryimage"},"thumbnailUrl":"https:\/\/www.anovapeneira.gal\/wp-content\/uploads\/2019\/07\/goberno_local_ponteareas_a_nova_peneira.jpg","datePublished":"2019-08-01T10:00:16+00:00","breadcrumb":{"@id":"https:\/\/www.anovapeneira.gal\/index.php\/2019\/08\/01\/o-goberno-local-atende-as-queixas-vecinais-e-limita-o-horario-dun-concerto-no-paseo-matutino\/#breadcrumb"},"inLanguage":"gl-ES","potentialAction":[{"@type":"ReadAction","target":["https:\/\/www.anovapeneira.gal\/index.php\/2019\/08\/01\/o-goberno-local-atende-as-queixas-vecinais-e-limita-o-horario-dun-concerto-no-paseo-matutino\/"]}]},{"@type":"ImageObject","inLanguage":"gl-ES","@id":"https:\/\/www.anovapeneira.gal\/index.php\/2019\/08\/01\/o-goberno-local-atende-as-queixas-vecinais-e-limita-o-horario-dun-concerto-no-paseo-matutino\/#primaryimage","url":"https:\/\/www.anovapeneira.gal\/wp-content\/uploads\/2019\/07\/goberno_local_ponteareas_a_nova_peneira.jpg","contentUrl":"https:\/\/www.anovapeneira.gal\/wp-content\/uploads\/2019\/07\/goberno_local_ponteareas_a_nova_peneira.jpg","width":720,"height":473,"caption":"Goberno loca Ponteareas A Nova Peneira"},{"@type":"BreadcrumbList","@id":"https:\/\/www.anovapeneira.gal\/index.php\/2019\/08\/01\/o-goberno-local-atende-as-queixas-vecinais-e-limita-o-horario-dun-concerto-no-paseo-matutino\/#breadcrumb","itemListElement":[{"@type":"ListItem","position":1,"name":"Portada","item":"https:\/\/www.anovapeneira.gal\/"},{"@type":"ListItem","position":2,"name":"O goberno local atende as queixas veci\u00f1ais e limita o horario dun concerto no Paseo Matutino"}]},{"@type":"WebSite","@id":"https:\/\/www.anovapeneira.gal\/#website","url":"https:\/\/www.anovapeneira.gal\/","name":"","description":"Xornal galego de informaci\u00f3n xeral Publicaci\u00f3n mensual de novas de Galicia e en especial dos Concellos da sur da provincia de Pontevedra.","publisher":{"@id":"https:\/\/www.anovapeneira.gal\/#organization"},"potentialAction":[{"@type":"SearchAction","target":{"@type":"EntryPoint","urlTemplate":"https:\/\/www.anovapeneira.gal\/?s={search_term_string}"},"query-input":{"@type":"PropertyValueSpecification","valueRequired":true,"valueName":"search_term_string"}}],"inLanguage":"gl-ES"},{"@type":"Organization","@id":"https:\/\/www.anovapeneira.gal\/#organization","name":"A Nova Peneira","url":"https:\/\/www.anovapeneira.gal\/","logo":{"@type":"ImageObject","inLanguage":"gl-ES","@id":"https:\/\/www.anovapeneira.gal\/#\/schema\/logo\/image\/","url":"http:\/\/www.anovapeneira.gal\/wp-content\/uploads\/2019\/06\/logo_a_nova_peneira_portal_web.png","contentUrl":"http:\/\/www.anovapeneira.gal\/wp-content\/uploads\/2019\/06\/logo_a_nova_peneira_portal_web.png","width":300,"height":100,"caption":"A Nova Peneira"},"image":{"@id":"https:\/\/www.anovapeneira.gal\/#\/schema\/logo\/image\/"},"sameAs":["https:\/\/www.facebook.com\/anovapeneira","https:\/\/x.com\/APeneira"]},{"@type":"Person","@id":"https:\/\/www.anovapeneira.gal\/#\/schema\/person\/b93e3f8932e3f8da96334607eb6ac6aa","name":"Redacci\u00f3n A Nova Peneira","image":{"@type":"ImageObject","inLanguage":"gl-ES","@id":"https:\/\/secure.gravatar.com\/avatar\/c052a2551a06e23fac63626232eaa90abd78dbcf1700fc46a2b2c89fd27b735f?s=96&d=mm&r=g","url":"https:\/\/secure.gravatar.com\/avatar\/c052a2551a06e23fac63626232eaa90abd78dbcf1700fc46a2b2c89fd27b735f?s=96&d=mm&r=g","contentUrl":"https:\/\/secure.gravatar.com\/avatar\/c052a2551a06e23fac63626232eaa90abd78dbcf1700fc46a2b2c89fd27b735f?s=96&d=mm&r=g","caption":"Redacci\u00f3n A Nova Peneira"},"sameAs":["http:\/\/www.anovapeneira.gal\/"],"url":"https:\/\/www.anovapeneira.gal\/index.php\/author\/redactor\/"}]}},"jetpack_featured_media_url":"https:\/\/www.anovapeneira.gal\/wp-content\/uploads\/2019\/07\/goberno_local_ponteareas_a_nova_peneira.jpg","_links":{"self":[{"href":"https:\/\/www.anovapeneira.gal\/index.php\/wp-json\/wp\/v2\/posts\/798","targetHints":{"allow":["GET"]}}],"collection":[{"href":"https:\/\/www.anovapeneira.gal\/index.php\/wp-json\/wp\/v2\/posts"}],"about":[{"href":"https:\/\/www.anovapeneira.gal\/index.php\/wp-json\/wp\/v2\/types\/post"}],"author":[{"embeddable":true,"href":"https:\/\/www.anovapeneira.gal\/index.php\/wp-json\/wp\/v2\/users\/3"}],"replies":[{"embeddable":true,"href":"https:\/\/www.anovapeneira.gal\/index.php\/wp-json\/wp\/v2\/comments?post=798"}],"version-history":[{"count":1,"href":"https:\/\/www.anovapeneira.gal\/index.php\/wp-json\/wp\/v2\/posts\/798\/revisions"}],"predecessor-version":[{"id":800,"href":"https:\/\/www.anovapeneira.gal\/index.php\/wp-json\/wp\/v2\/posts\/798\/revisions\/800"}],"wp:featuredmedia":[{"embeddable":true,"href":"https:\/\/www.anovapeneira.gal\/index.php\/wp-json\/wp\/v2\/media\/799"}],"wp:attachment":[{"href":"https:\/\/www.anovapeneira.gal\/index.php\/wp-json\/wp\/v2\/media?parent=798"}],"wp:term":[{"taxonomy":"category","embeddable":true,"href":"https:\/\/www.anovapeneira.gal\/index.php\/wp-json\/wp\/v2\/categories?post=798"},{"taxonomy":"post_tag","embeddable":true,"href":"https:\/\/www.anovapeneira.gal\/index.php\/wp-json\/wp\/v2\/tags?post=798"}],"curies":[{"name":"wp","href":"https:\/\/api.w.org\/{rel}","templated":true}]}}