{"id":7994,"date":"2022-08-19T12:00:35","date_gmt":"2022-08-19T10:00:35","guid":{"rendered":"https:\/\/www.anovapeneira.gal\/?p=7994"},"modified":"2022-08-18T08:26:07","modified_gmt":"2022-08-18T06:26:07","slug":"jose-angel-xesteira-xornalista-de-redondela","status":"publish","type":"post","link":"https:\/\/www.anovapeneira.gal\/index.php\/2022\/08\/19\/jose-angel-xesteira-xornalista-de-redondela\/","title":{"rendered":"Jos\u00e9 Angel Xesteira xornalista de Redondela"},"content":{"rendered":"\n<p><strong>Desde que a direcci\u00f3n de A Nova Peneira me confiou a responsabilidade de ocuparme de trasladar aos nosos lectores e lectoras a informaci\u00f3n referente \u00e1 comarca de Redondela, sempre tiven claro que a vida cultural da nosa Vila, pola s\u00faa dimensi\u00f3n e importancia, deber\u00eda de ter un lugar de honra na nosas p\u00e1xinas. E a informaci\u00f3n referente ao oc\u00e9ano cultural que Redondela, ao longo da s\u00faa historia, ten trasladado ao resto do mundo quedar\u00eda coxa sen falarmos con Jose \u00c1ngel Xesteira. El \u00e9 un home de exquisita sensibilidade art\u00edstica, e produci\u00f3n polifac\u00e9tica, pinta, debuxa e escribe, e sobre todo \u00e9 un xornalista da cabeza aos p\u00e9s do que \u00e9 unha honra para min aprender.<\/strong><\/p>\n\n\n\n<p>\u201c<strong>Na mi\u00f1a \u00e9poca o xornalista gozaba de prestixio e de presunci\u00f3n de veracidade, algo que agora non existe\u201d<\/strong><\/p>\n\n\n\n<p><strong>Cal foi a raz\u00f3n que che levou a estudar xornalismo ?<\/strong><\/p>\n\n\n\n<blockquote class=\"wp-block-quote is-layout-flow wp-block-quote-is-layout-flow\"><p>Ben, estamos falando dos \u00faltimos anos da d\u00e9cada dos 60 do pasado s\u00e9culo. Era unha \u00e9poca convulsa un pouco polas circunstancias hist\u00f3ricas que se viv\u00edan naquel momento hist\u00f3rico e tam\u00e9n polas propias circunstancias biol\u00f3xicas, a esa idade ningu\u00e9n ten moi claro o que quere facer. Eu tiraba polas ciencias pero creo que foi a influencia dos meus amigos P\u00e9rez Varela e Fernando \u00d3nega a que me levou a tomar a decisi\u00f3n de ir para Madrid a estudar xornalismo<\/p><\/blockquote>\n\n\n\n<p><strong>Foi f\u00e1cil entrar?<\/strong><\/p>\n\n\n\n<blockquote class=\"wp-block-quote is-layout-flow wp-block-quote-is-layout-flow\"><p>Que va, foi enormemente dif\u00edcil, hab\u00eda que superar varios exames eliminatorios<\/p><\/blockquote>\n\n\n\n<p><strong>Hab\u00eda m\u00e1is xente de Redondela?<\/strong><\/p>\n\n\n\n<blockquote class=\"wp-block-quote is-layout-flow wp-block-quote-is-layout-flow\"><p>Que eu lembre 3 persoas: Suso P\u00e9rez Varela, Antonio Soto e eu mesmo. Eu fun o primeiro de Redondela con t\u00edtulo de xornalismo porque a Suso lle colleu a mili e perdeu un ano. Daquela acababas a carreira e xa case sa\u00edas con traballo. Eu cando rematei fun facer as pr\u00e1cticas \u00e1 prensa do \u201cmovimiento\u201d que ti\u00f1a unha ampla rede de xornais. En concreto fun a un diario de Lleida. Logo xa pasei polo Pueblo Gallego, o Correo Gallego e as\u00ed cheguei ao Faro de Vigo ata que acabei<\/p><\/blockquote>\n\n\n\n<p><strong>No Faro estiveches de redactor xefe?<\/strong><\/p>\n\n\n\n<blockquote class=\"wp-block-quote is-layout-flow wp-block-quote-is-layout-flow\"><p>Si<\/p><\/blockquote>\n\n\n\n<p><strong>Cantos anos traballaches no Faro?<\/strong><\/p>\n\n\n\n<blockquote class=\"wp-block-quote is-layout-flow wp-block-quote-is-layout-flow\"><p>25 anos<\/p><\/blockquote>\n\n\n\n<p><strong>Al\u00ed, entre outras cousas fac\u00edas cr\u00edtica de cine verdade?<\/strong><\/p>\n\n\n\n<blockquote class=\"wp-block-quote is-layout-flow wp-block-quote-is-layout-flow\"><p>E tanto, estiven como 18 anos escribindo de cine<\/p><\/blockquote>\n\n\n\n<p><strong>Tam\u00e9n estiveches na Nosa Terra?<\/strong><\/p>\n\n\n\n<blockquote class=\"wp-block-quote is-layout-flow wp-block-quote-is-layout-flow\"><p>Si, na segunda etapa e \u00faltima que durou dous anos. Dirix\u00edaa Alfonso Eir\u00e9 \u201cPucheiro\u201d<\/p><\/blockquote>\n\n\n\n<p><strong>No Faro dirixiches o suplemento \u201cFronteiras\u201d. Que faciades nesa publicaci\u00f3n?<\/strong><\/p>\n\n\n\n<blockquote class=\"wp-block-quote is-layout-flow wp-block-quote-is-layout-flow\"><p>Era resultado dun convenio que ti\u00f1a o Faro cun xornal portugu\u00e9s. Metiamos novas da nosa zona que puideran interesar en Porto, e novas da zona de Porto que puidesen interesar aqu\u00ed. Eu levaba a parte de Galicia.<\/p><\/blockquote>\n\n\n\n<p><strong>Tam\u00e9n tes unha parte de produci\u00f3n literaria.<\/strong><\/p>\n\n\n\n<p><strong>C\u00f3ntanos como comezou?<\/strong><\/p>\n\n\n\n<blockquote class=\"wp-block-quote is-layout-flow wp-block-quote-is-layout-flow\"><p>Un pouco por casualidade. Creo que era o ano 2000 cando \u00e1 persoa que naquel momento dirix\u00eda o suplemento cultural nunha ocasi\u00f3n falloulle unha reportaxe e quedouse cun oco para encher. Pediunos se ti\u00f1amos alg\u00fan traballo para p\u00f3r e eu ti\u00f1a un conto \u201c A filla de Sherlock Holmes\u201d,e publicouno. A partir de al\u00ed comezamos a meter distintos contos de varios compa\u00f1eiros que acabaron sendo publicados por Xerais nun libro titulado \u201cFicci\u00f3ns\u201d.Desde ese momento xa coll\u00edn confianza coa xente de Xerais e public\u00e1ronme alg\u00fans contos que ti\u00f1a escritos.<\/p><\/blockquote>\n\n\n\n<p><strong>Logo publicaches unha novela, e tam\u00e9n un precioso experimento con Luis Borines que se chamou \u201cMemoria de Redondela\u201d?<\/strong><\/p>\n\n\n\n<blockquote class=\"wp-block-quote is-layout-flow wp-block-quote-is-layout-flow\"><p>Si, eso parte dunha idea de Xerais que quer\u00eda publicar unha colecci\u00f3n de libros das Vilas con fotos antigas. como sabes Luis ten unha marabillosa colecci\u00f3n de fotos e postais antigas de Redondela. E ben entre os dous fomos argallando ata que sa\u00edu. Curiosamente ese libro esgotouse e non sei porque non se reedita. Ser\u00eda moi interesante que a xente soubese como era aquela Redondela que se perdeu.<\/p><\/blockquote>\n\n\n\n<p><strong>Logo ven \u201cCaldo de Mares\u201d?<\/strong><\/p>\n\n\n\n<blockquote class=\"wp-block-quote is-layout-flow wp-block-quote-is-layout-flow\"><p>Ese foi un libro de piratas, ambientado na \u00e9poca da independencia de Haiti, con partes hist\u00f3ricas e partes de ficci\u00f3n, que me divertiu moito escribir. De feito de todo o que eu escrib\u00edn penso que foi o que mellor mo fixo pasar.<\/p><\/blockquote>\n\n\n\n<p><strong>No 2005 deixas de escribir ata o ano pasado que publicas\u201d C\u00f3ntamo outra vez Rick\u201d , por que esa parada?<\/strong><\/p>\n\n\n\n<blockquote class=\"wp-block-quote is-layout-flow wp-block-quote-is-layout-flow\"><p>Non, eu nunca deixei de escribir, para as persoas que coma min sentimos paix\u00f3n pola palabra non \u00e9 posible deixar de escribir. Non volv\u00edn a publicar ata o 2021 si, pero segu\u00edn escribindo, tanto \u00e9 as\u00ed que te\u00f1o 3 ou 4 frontes abertas. Este libro publicado no 2021 ti\u00f1a que ter sa\u00eddo moito antes, pero entre unhas cousas e outras foise atrasando. Finalmente un pouco a ra\u00edz da pandemia d\u00e9useme por ir enviando os contos que cont\u00e9n a moita xente a acabou por publicalo Galaxia.<\/p><\/blockquote>\n\n\n\n<p><strong>Que acollida tivo?<\/strong><\/p>\n\n\n\n<blockquote class=\"wp-block-quote is-layout-flow wp-block-quote-is-layout-flow\"><p>Pois o que percibo eu \u00e9 que tivo boa acollida, polo menos a xente que se dirixiu a min as\u00ed mo manifestou. Pero se che digo a verdade a min esc\u00e1panseme as raz\u00f3ns que fan que alg\u00fans libros se vendan ben e outros, que poden ter tanta ou m\u00e1is calidade, non cheguen o suficiente ao p\u00fablico .<\/p><\/blockquote>\n\n\n\n<p><strong>O teu blog segue activo?<\/strong><\/p>\n\n\n\n<blockquote class=\"wp-block-quote is-layout-flow wp-block-quote-is-layout-flow\"><p>Non, ese blog nutr\u00edase dos meus artigos semanais no diario de Pontevedra. E cando me cansei de escribir esas colaboraci\u00f3ns, porque co tempo d\u00e1ste de conta de que s\u00f3 serven para contentar aos convencidos, xa deixei o blog tam\u00e9n. De vez en cando a\u00ednda met\u00eda algunha cousa pero xa non \u00e9 o mesmo.<\/p><\/blockquote>\n\n\n\n<p><strong>Na \u00faltima ou nunha das \u00faltimas entradas dese blog falas da guerra da Ucra\u00edna e da desinformaci\u00f3n. A forma de transmitir informaci\u00f3n mudou moito desde a t\u00faa \u00e9poca ata a actualidade?<\/strong><\/p>\n\n\n\n<blockquote class=\"wp-block-quote is-layout-flow wp-block-quote-is-layout-flow\"><p>Todo mudou moito abof\u00e9 que si. Cando eu comecei escrib\u00edase nunha m\u00e1quina de escribir os tel\u00e9fonos ti\u00f1an cable&#8230;e non exist\u00eda nada de tecnolox\u00eda. Por outra parte o xornalista gozaba de prestixio e de presunci\u00f3n de veracidade, algo que agora non existe.<\/p><\/blockquote>\n\n\n\n<p><strong>Pero a informaci\u00f3n era parcial \u00e9 subxectiva non?<\/strong><\/p>\n\n\n\n<blockquote class=\"wp-block-quote is-layout-flow wp-block-quote-is-layout-flow\"><p>Todo o que ti queiras. Pero o xornalista non firmaba nada que fose mentira. Nas redacci\u00f3ns a interacci\u00f3n entre os compa\u00f1eiros era m\u00e1xima; fum\u00e1base, beb\u00edase, e discut\u00edase \u00e1s veces a berro limpo&#8230;.agora as redacci\u00f3ns son completamente dixitalizadas e a interacci\u00f3n entre persoas case non existe.<\/p><\/blockquote>\n\n\n\n<p><strong>Ti viviches censura?<\/strong><\/p>\n\n\n\n<blockquote class=\"wp-block-quote is-layout-flow wp-block-quote-is-layout-flow\"><p>Non, pero si sab\u00edas ata onde pod\u00edas publicar e desde non era posible facelo. Moitos xornalistas procurabamos sortear esas fronteiras transmitindo de maneira sutil, entre li\u00f1as, o que en teor\u00eda non se pod\u00eda transmitir. Moitos xornalista xog\u00e1ronse moito, incluso a s\u00faa integridade persoal, para colaborar en traer a democracia a Espa\u00f1a.<\/p><\/blockquote>\n\n\n\n<p><strong>Agora xubilado pero non parado?<\/strong><\/p>\n\n\n\n<blockquote class=\"wp-block-quote is-layout-flow wp-block-quote-is-layout-flow\"><p>Non oh. Iso nunca. Estou como sabes na Rondalla, e te\u00f1o moitos proxectos en mente<\/p><\/blockquote>\n\n\n\n<p><strong>E para rematar unha pregunta sobre unha das persoas que m\u00e1is admiro, o Zeca .Ti chegaches a co\u00f1ecelo verdade?<\/strong><\/p>\n\n\n\n<blockquote class=\"wp-block-quote is-layout-flow wp-block-quote-is-layout-flow\"><p>Si, vi\u00f1era actuar a Redondela no pavill\u00f3n. Vi\u00f1era en tren ata Tui, al\u00ed o recolleran uns xornalistas de Vigo , amigos meus, e present\u00e1ronmo. Era un tipo moi natural. Os meus fillos, que daquela eran pequenos, l\u00e9mbranse de que o p\u00fablico ped\u00edalle que cantara \u201cMillo verde\u201d<\/p><\/blockquote>\n","protected":false},"excerpt":{"rendered":"<div class=\"mh-excerpt\"><p>Desde que a direcci\u00f3n de A Nova Peneira me confiou a responsabilidade de ocuparme de trasladar aos nosos lectores e lectoras a informaci\u00f3n referente \u00e1 comarca de Redondela <a class=\"mh-excerpt-more\" href=\"https:\/\/www.anovapeneira.gal\/index.php\/2022\/08\/19\/jose-angel-xesteira-xornalista-de-redondela\/\" title=\"Jos\u00e9 Angel Xesteira xornalista de Redondela\">[&#8230;]<\/a><\/p>\n<\/div>","protected":false},"author":6,"featured_media":7996,"comment_status":"open","ping_status":"open","sticky":false,"template":"","format":"standard","meta":{"_exactmetrics_skip_tracking":false,"_exactmetrics_sitenote_active":false,"_exactmetrics_sitenote_note":"","_exactmetrics_sitenote_category":0,"footnotes":""},"categories":[270],"tags":[171],"class_list":{"0":"post-7994","1":"post","2":"type-post","3":"status-publish","4":"format-standard","5":"has-post-thumbnail","7":"category-redondela-entrevistas","8":"tag-concello-de-redondela"},"yoast_head":"<!-- This site is optimized with the Yoast SEO plugin v27.4 - https:\/\/yoast.com\/product\/yoast-seo-wordpress\/ -->\n<title>Jos\u00e9 Angel Xesteira xornalista de Redondela -<\/title>\n<meta name=\"description\" content=\"Desde que a direcci\u00f3n de A Nova Peneira me confiou a responsabilidade de ocuparme de trasladar aos nosos lectores e lectoras a informaci\u00f3n referente \u00e1 comarca de Redondela\" \/>\n<meta name=\"robots\" content=\"index, follow, max-snippet:-1, max-image-preview:large, max-video-preview:-1\" \/>\n<link rel=\"canonical\" href=\"https:\/\/www.anovapeneira.gal\/index.php\/2022\/08\/19\/jose-angel-xesteira-xornalista-de-redondela\/\" \/>\n<meta property=\"og:locale\" content=\"gl_ES\" \/>\n<meta property=\"og:type\" content=\"article\" \/>\n<meta property=\"og:title\" content=\"Jos\u00e9 Angel Xesteira xornalista de Redondela -\" \/>\n<meta property=\"og:description\" content=\"Desde que a direcci\u00f3n de A Nova Peneira me confiou a responsabilidade de ocuparme de trasladar aos nosos lectores e lectoras a informaci\u00f3n referente \u00e1 comarca de Redondela\" \/>\n<meta property=\"og:url\" content=\"https:\/\/www.anovapeneira.gal\/index.php\/2022\/08\/19\/jose-angel-xesteira-xornalista-de-redondela\/\" \/>\n<meta property=\"article:publisher\" content=\"https:\/\/www.facebook.com\/anovapeneira\" \/>\n<meta property=\"article:published_time\" content=\"2022-08-19T10:00:35+00:00\" \/>\n<meta property=\"og:image\" content=\"https:\/\/www.anovapeneira.gal\/wp-content\/uploads\/2022\/08\/xose_manuel_xesteira.jpg\" \/>\n\t<meta property=\"og:image:width\" content=\"720\" \/>\n\t<meta property=\"og:image:height\" content=\"432\" \/>\n\t<meta property=\"og:image:type\" content=\"image\/jpeg\" \/>\n<meta name=\"author\" content=\"Marcos Santos\" \/>\n<meta name=\"twitter:card\" content=\"summary_large_image\" \/>\n<meta name=\"twitter:creator\" content=\"@APeneira\" \/>\n<meta name=\"twitter:site\" content=\"@APeneira\" \/>\n<meta name=\"twitter:label1\" content=\"Escrito por\" \/>\n\t<meta name=\"twitter:data1\" content=\"Marcos Santos\" \/>\n\t<meta name=\"twitter:label2\" content=\"Tempo de lectura\" \/>\n\t<meta name=\"twitter:data2\" content=\"7 minutos\" \/>\n<script type=\"application\/ld+json\" class=\"yoast-schema-graph\">{\"@context\":\"https:\\\/\\\/schema.org\",\"@graph\":[{\"@type\":\"Article\",\"@id\":\"https:\\\/\\\/www.anovapeneira.gal\\\/index.php\\\/2022\\\/08\\\/19\\\/jose-angel-xesteira-xornalista-de-redondela\\\/#article\",\"isPartOf\":{\"@id\":\"https:\\\/\\\/www.anovapeneira.gal\\\/index.php\\\/2022\\\/08\\\/19\\\/jose-angel-xesteira-xornalista-de-redondela\\\/\"},\"author\":{\"name\":\"Marcos Santos\",\"@id\":\"https:\\\/\\\/www.anovapeneira.gal\\\/#\\\/schema\\\/person\\\/d9d84823564720e7593293bab054e52d\"},\"headline\":\"Jos\u00e9 Angel Xesteira xornalista de Redondela\",\"datePublished\":\"2022-08-19T10:00:35+00:00\",\"mainEntityOfPage\":{\"@id\":\"https:\\\/\\\/www.anovapeneira.gal\\\/index.php\\\/2022\\\/08\\\/19\\\/jose-angel-xesteira-xornalista-de-redondela\\\/\"},\"wordCount\":1257,\"commentCount\":0,\"publisher\":{\"@id\":\"https:\\\/\\\/www.anovapeneira.gal\\\/#organization\"},\"image\":{\"@id\":\"https:\\\/\\\/www.anovapeneira.gal\\\/index.php\\\/2022\\\/08\\\/19\\\/jose-angel-xesteira-xornalista-de-redondela\\\/#primaryimage\"},\"thumbnailUrl\":\"https:\\\/\\\/www.anovapeneira.gal\\\/wp-content\\\/uploads\\\/2022\\\/08\\\/xose_manuel_xesteira.jpg\",\"keywords\":[\"Concello de Redondela\"],\"articleSection\":[\"Redondela\"],\"inLanguage\":\"gl-ES\",\"potentialAction\":[{\"@type\":\"CommentAction\",\"name\":\"Comment\",\"target\":[\"https:\\\/\\\/www.anovapeneira.gal\\\/index.php\\\/2022\\\/08\\\/19\\\/jose-angel-xesteira-xornalista-de-redondela\\\/#respond\"]}]},{\"@type\":\"WebPage\",\"@id\":\"https:\\\/\\\/www.anovapeneira.gal\\\/index.php\\\/2022\\\/08\\\/19\\\/jose-angel-xesteira-xornalista-de-redondela\\\/\",\"url\":\"https:\\\/\\\/www.anovapeneira.gal\\\/index.php\\\/2022\\\/08\\\/19\\\/jose-angel-xesteira-xornalista-de-redondela\\\/\",\"name\":\"Jos\u00e9 Angel Xesteira xornalista de Redondela -\",\"isPartOf\":{\"@id\":\"https:\\\/\\\/www.anovapeneira.gal\\\/#website\"},\"primaryImageOfPage\":{\"@id\":\"https:\\\/\\\/www.anovapeneira.gal\\\/index.php\\\/2022\\\/08\\\/19\\\/jose-angel-xesteira-xornalista-de-redondela\\\/#primaryimage\"},\"image\":{\"@id\":\"https:\\\/\\\/www.anovapeneira.gal\\\/index.php\\\/2022\\\/08\\\/19\\\/jose-angel-xesteira-xornalista-de-redondela\\\/#primaryimage\"},\"thumbnailUrl\":\"https:\\\/\\\/www.anovapeneira.gal\\\/wp-content\\\/uploads\\\/2022\\\/08\\\/xose_manuel_xesteira.jpg\",\"datePublished\":\"2022-08-19T10:00:35+00:00\",\"description\":\"Desde que a direcci\u00f3n de A Nova Peneira me confiou a responsabilidade de ocuparme de trasladar aos nosos lectores e lectoras a informaci\u00f3n referente \u00e1 comarca de Redondela\",\"breadcrumb\":{\"@id\":\"https:\\\/\\\/www.anovapeneira.gal\\\/index.php\\\/2022\\\/08\\\/19\\\/jose-angel-xesteira-xornalista-de-redondela\\\/#breadcrumb\"},\"inLanguage\":\"gl-ES\",\"potentialAction\":[{\"@type\":\"ReadAction\",\"target\":[\"https:\\\/\\\/www.anovapeneira.gal\\\/index.php\\\/2022\\\/08\\\/19\\\/jose-angel-xesteira-xornalista-de-redondela\\\/\"]}]},{\"@type\":\"ImageObject\",\"inLanguage\":\"gl-ES\",\"@id\":\"https:\\\/\\\/www.anovapeneira.gal\\\/index.php\\\/2022\\\/08\\\/19\\\/jose-angel-xesteira-xornalista-de-redondela\\\/#primaryimage\",\"url\":\"https:\\\/\\\/www.anovapeneira.gal\\\/wp-content\\\/uploads\\\/2022\\\/08\\\/xose_manuel_xesteira.jpg\",\"contentUrl\":\"https:\\\/\\\/www.anovapeneira.gal\\\/wp-content\\\/uploads\\\/2022\\\/08\\\/xose_manuel_xesteira.jpg\",\"width\":720,\"height\":432,\"caption\":\"Xos\u00e9 Manuel Xesteira\"},{\"@type\":\"BreadcrumbList\",\"@id\":\"https:\\\/\\\/www.anovapeneira.gal\\\/index.php\\\/2022\\\/08\\\/19\\\/jose-angel-xesteira-xornalista-de-redondela\\\/#breadcrumb\",\"itemListElement\":[{\"@type\":\"ListItem\",\"position\":1,\"name\":\"Portada\",\"item\":\"https:\\\/\\\/www.anovapeneira.gal\\\/\"},{\"@type\":\"ListItem\",\"position\":2,\"name\":\"Jos\u00e9 Angel Xesteira xornalista de Redondela\"}]},{\"@type\":\"WebSite\",\"@id\":\"https:\\\/\\\/www.anovapeneira.gal\\\/#website\",\"url\":\"https:\\\/\\\/www.anovapeneira.gal\\\/\",\"name\":\"\",\"description\":\"Xornal galego de informaci\u00f3n xeral Publicaci\u00f3n mensual de novas de Galicia e en especial dos Concellos da sur da provincia de Pontevedra.\",\"publisher\":{\"@id\":\"https:\\\/\\\/www.anovapeneira.gal\\\/#organization\"},\"potentialAction\":[{\"@type\":\"SearchAction\",\"target\":{\"@type\":\"EntryPoint\",\"urlTemplate\":\"https:\\\/\\\/www.anovapeneira.gal\\\/?s={search_term_string}\"},\"query-input\":{\"@type\":\"PropertyValueSpecification\",\"valueRequired\":true,\"valueName\":\"search_term_string\"}}],\"inLanguage\":\"gl-ES\"},{\"@type\":\"Organization\",\"@id\":\"https:\\\/\\\/www.anovapeneira.gal\\\/#organization\",\"name\":\"A Nova Peneira\",\"url\":\"https:\\\/\\\/www.anovapeneira.gal\\\/\",\"logo\":{\"@type\":\"ImageObject\",\"inLanguage\":\"gl-ES\",\"@id\":\"https:\\\/\\\/www.anovapeneira.gal\\\/#\\\/schema\\\/logo\\\/image\\\/\",\"url\":\"http:\\\/\\\/www.anovapeneira.gal\\\/wp-content\\\/uploads\\\/2019\\\/06\\\/logo_a_nova_peneira_portal_web.png\",\"contentUrl\":\"http:\\\/\\\/www.anovapeneira.gal\\\/wp-content\\\/uploads\\\/2019\\\/06\\\/logo_a_nova_peneira_portal_web.png\",\"width\":300,\"height\":100,\"caption\":\"A Nova Peneira\"},\"image\":{\"@id\":\"https:\\\/\\\/www.anovapeneira.gal\\\/#\\\/schema\\\/logo\\\/image\\\/\"},\"sameAs\":[\"https:\\\/\\\/www.facebook.com\\\/anovapeneira\",\"https:\\\/\\\/x.com\\\/APeneira\"]},{\"@type\":\"Person\",\"@id\":\"https:\\\/\\\/www.anovapeneira.gal\\\/#\\\/schema\\\/person\\\/d9d84823564720e7593293bab054e52d\",\"name\":\"Marcos Santos\",\"image\":{\"@type\":\"ImageObject\",\"inLanguage\":\"gl-ES\",\"@id\":\"https:\\\/\\\/secure.gravatar.com\\\/avatar\\\/0e8017099a7a47c0a9d2275e865fe326484561eb3d70649069e4b8e61a8d2e8c?s=96&d=mm&r=g\",\"url\":\"https:\\\/\\\/secure.gravatar.com\\\/avatar\\\/0e8017099a7a47c0a9d2275e865fe326484561eb3d70649069e4b8e61a8d2e8c?s=96&d=mm&r=g\",\"contentUrl\":\"https:\\\/\\\/secure.gravatar.com\\\/avatar\\\/0e8017099a7a47c0a9d2275e865fe326484561eb3d70649069e4b8e61a8d2e8c?s=96&d=mm&r=g\",\"caption\":\"Marcos Santos\"},\"sameAs\":[\"http:\\\/\\\/anovapeneira.gal\"],\"url\":\"https:\\\/\\\/www.anovapeneira.gal\\\/index.php\\\/author\\\/marcos-santos\\\/\"}]}<\/script>\n<!-- \/ Yoast SEO plugin. -->","yoast_head_json":{"title":"Jos\u00e9 Angel Xesteira xornalista de Redondela -","description":"Desde que a direcci\u00f3n de A Nova Peneira me confiou a responsabilidade de ocuparme de trasladar aos nosos lectores e lectoras a informaci\u00f3n referente \u00e1 comarca de Redondela","robots":{"index":"index","follow":"follow","max-snippet":"max-snippet:-1","max-image-preview":"max-image-preview:large","max-video-preview":"max-video-preview:-1"},"canonical":"https:\/\/www.anovapeneira.gal\/index.php\/2022\/08\/19\/jose-angel-xesteira-xornalista-de-redondela\/","og_locale":"gl_ES","og_type":"article","og_title":"Jos\u00e9 Angel Xesteira xornalista de Redondela -","og_description":"Desde que a direcci\u00f3n de A Nova Peneira me confiou a responsabilidade de ocuparme de trasladar aos nosos lectores e lectoras a informaci\u00f3n referente \u00e1 comarca de Redondela","og_url":"https:\/\/www.anovapeneira.gal\/index.php\/2022\/08\/19\/jose-angel-xesteira-xornalista-de-redondela\/","article_publisher":"https:\/\/www.facebook.com\/anovapeneira","article_published_time":"2022-08-19T10:00:35+00:00","og_image":[{"width":720,"height":432,"url":"https:\/\/www.anovapeneira.gal\/wp-content\/uploads\/2022\/08\/xose_manuel_xesteira.jpg","type":"image\/jpeg"}],"author":"Marcos Santos","twitter_card":"summary_large_image","twitter_creator":"@APeneira","twitter_site":"@APeneira","twitter_misc":{"Escrito por":"Marcos Santos","Tempo de lectura":"7 minutos"},"schema":{"@context":"https:\/\/schema.org","@graph":[{"@type":"Article","@id":"https:\/\/www.anovapeneira.gal\/index.php\/2022\/08\/19\/jose-angel-xesteira-xornalista-de-redondela\/#article","isPartOf":{"@id":"https:\/\/www.anovapeneira.gal\/index.php\/2022\/08\/19\/jose-angel-xesteira-xornalista-de-redondela\/"},"author":{"name":"Marcos Santos","@id":"https:\/\/www.anovapeneira.gal\/#\/schema\/person\/d9d84823564720e7593293bab054e52d"},"headline":"Jos\u00e9 Angel Xesteira xornalista de Redondela","datePublished":"2022-08-19T10:00:35+00:00","mainEntityOfPage":{"@id":"https:\/\/www.anovapeneira.gal\/index.php\/2022\/08\/19\/jose-angel-xesteira-xornalista-de-redondela\/"},"wordCount":1257,"commentCount":0,"publisher":{"@id":"https:\/\/www.anovapeneira.gal\/#organization"},"image":{"@id":"https:\/\/www.anovapeneira.gal\/index.php\/2022\/08\/19\/jose-angel-xesteira-xornalista-de-redondela\/#primaryimage"},"thumbnailUrl":"https:\/\/www.anovapeneira.gal\/wp-content\/uploads\/2022\/08\/xose_manuel_xesteira.jpg","keywords":["Concello de Redondela"],"articleSection":["Redondela"],"inLanguage":"gl-ES","potentialAction":[{"@type":"CommentAction","name":"Comment","target":["https:\/\/www.anovapeneira.gal\/index.php\/2022\/08\/19\/jose-angel-xesteira-xornalista-de-redondela\/#respond"]}]},{"@type":"WebPage","@id":"https:\/\/www.anovapeneira.gal\/index.php\/2022\/08\/19\/jose-angel-xesteira-xornalista-de-redondela\/","url":"https:\/\/www.anovapeneira.gal\/index.php\/2022\/08\/19\/jose-angel-xesteira-xornalista-de-redondela\/","name":"Jos\u00e9 Angel Xesteira xornalista de Redondela -","isPartOf":{"@id":"https:\/\/www.anovapeneira.gal\/#website"},"primaryImageOfPage":{"@id":"https:\/\/www.anovapeneira.gal\/index.php\/2022\/08\/19\/jose-angel-xesteira-xornalista-de-redondela\/#primaryimage"},"image":{"@id":"https:\/\/www.anovapeneira.gal\/index.php\/2022\/08\/19\/jose-angel-xesteira-xornalista-de-redondela\/#primaryimage"},"thumbnailUrl":"https:\/\/www.anovapeneira.gal\/wp-content\/uploads\/2022\/08\/xose_manuel_xesteira.jpg","datePublished":"2022-08-19T10:00:35+00:00","description":"Desde que a direcci\u00f3n de A Nova Peneira me confiou a responsabilidade de ocuparme de trasladar aos nosos lectores e lectoras a informaci\u00f3n referente \u00e1 comarca de Redondela","breadcrumb":{"@id":"https:\/\/www.anovapeneira.gal\/index.php\/2022\/08\/19\/jose-angel-xesteira-xornalista-de-redondela\/#breadcrumb"},"inLanguage":"gl-ES","potentialAction":[{"@type":"ReadAction","target":["https:\/\/www.anovapeneira.gal\/index.php\/2022\/08\/19\/jose-angel-xesteira-xornalista-de-redondela\/"]}]},{"@type":"ImageObject","inLanguage":"gl-ES","@id":"https:\/\/www.anovapeneira.gal\/index.php\/2022\/08\/19\/jose-angel-xesteira-xornalista-de-redondela\/#primaryimage","url":"https:\/\/www.anovapeneira.gal\/wp-content\/uploads\/2022\/08\/xose_manuel_xesteira.jpg","contentUrl":"https:\/\/www.anovapeneira.gal\/wp-content\/uploads\/2022\/08\/xose_manuel_xesteira.jpg","width":720,"height":432,"caption":"Xos\u00e9 Manuel Xesteira"},{"@type":"BreadcrumbList","@id":"https:\/\/www.anovapeneira.gal\/index.php\/2022\/08\/19\/jose-angel-xesteira-xornalista-de-redondela\/#breadcrumb","itemListElement":[{"@type":"ListItem","position":1,"name":"Portada","item":"https:\/\/www.anovapeneira.gal\/"},{"@type":"ListItem","position":2,"name":"Jos\u00e9 Angel Xesteira xornalista de Redondela"}]},{"@type":"WebSite","@id":"https:\/\/www.anovapeneira.gal\/#website","url":"https:\/\/www.anovapeneira.gal\/","name":"","description":"Xornal galego de informaci\u00f3n xeral Publicaci\u00f3n mensual de novas de Galicia e en especial dos Concellos da sur da provincia de Pontevedra.","publisher":{"@id":"https:\/\/www.anovapeneira.gal\/#organization"},"potentialAction":[{"@type":"SearchAction","target":{"@type":"EntryPoint","urlTemplate":"https:\/\/www.anovapeneira.gal\/?s={search_term_string}"},"query-input":{"@type":"PropertyValueSpecification","valueRequired":true,"valueName":"search_term_string"}}],"inLanguage":"gl-ES"},{"@type":"Organization","@id":"https:\/\/www.anovapeneira.gal\/#organization","name":"A Nova Peneira","url":"https:\/\/www.anovapeneira.gal\/","logo":{"@type":"ImageObject","inLanguage":"gl-ES","@id":"https:\/\/www.anovapeneira.gal\/#\/schema\/logo\/image\/","url":"http:\/\/www.anovapeneira.gal\/wp-content\/uploads\/2019\/06\/logo_a_nova_peneira_portal_web.png","contentUrl":"http:\/\/www.anovapeneira.gal\/wp-content\/uploads\/2019\/06\/logo_a_nova_peneira_portal_web.png","width":300,"height":100,"caption":"A Nova Peneira"},"image":{"@id":"https:\/\/www.anovapeneira.gal\/#\/schema\/logo\/image\/"},"sameAs":["https:\/\/www.facebook.com\/anovapeneira","https:\/\/x.com\/APeneira"]},{"@type":"Person","@id":"https:\/\/www.anovapeneira.gal\/#\/schema\/person\/d9d84823564720e7593293bab054e52d","name":"Marcos Santos","image":{"@type":"ImageObject","inLanguage":"gl-ES","@id":"https:\/\/secure.gravatar.com\/avatar\/0e8017099a7a47c0a9d2275e865fe326484561eb3d70649069e4b8e61a8d2e8c?s=96&d=mm&r=g","url":"https:\/\/secure.gravatar.com\/avatar\/0e8017099a7a47c0a9d2275e865fe326484561eb3d70649069e4b8e61a8d2e8c?s=96&d=mm&r=g","contentUrl":"https:\/\/secure.gravatar.com\/avatar\/0e8017099a7a47c0a9d2275e865fe326484561eb3d70649069e4b8e61a8d2e8c?s=96&d=mm&r=g","caption":"Marcos Santos"},"sameAs":["http:\/\/anovapeneira.gal"],"url":"https:\/\/www.anovapeneira.gal\/index.php\/author\/marcos-santos\/"}]}},"jetpack_featured_media_url":"https:\/\/www.anovapeneira.gal\/wp-content\/uploads\/2022\/08\/xose_manuel_xesteira.jpg","_links":{"self":[{"href":"https:\/\/www.anovapeneira.gal\/index.php\/wp-json\/wp\/v2\/posts\/7994","targetHints":{"allow":["GET"]}}],"collection":[{"href":"https:\/\/www.anovapeneira.gal\/index.php\/wp-json\/wp\/v2\/posts"}],"about":[{"href":"https:\/\/www.anovapeneira.gal\/index.php\/wp-json\/wp\/v2\/types\/post"}],"author":[{"embeddable":true,"href":"https:\/\/www.anovapeneira.gal\/index.php\/wp-json\/wp\/v2\/users\/6"}],"replies":[{"embeddable":true,"href":"https:\/\/www.anovapeneira.gal\/index.php\/wp-json\/wp\/v2\/comments?post=7994"}],"version-history":[{"count":1,"href":"https:\/\/www.anovapeneira.gal\/index.php\/wp-json\/wp\/v2\/posts\/7994\/revisions"}],"predecessor-version":[{"id":7995,"href":"https:\/\/www.anovapeneira.gal\/index.php\/wp-json\/wp\/v2\/posts\/7994\/revisions\/7995"}],"wp:featuredmedia":[{"embeddable":true,"href":"https:\/\/www.anovapeneira.gal\/index.php\/wp-json\/wp\/v2\/media\/7996"}],"wp:attachment":[{"href":"https:\/\/www.anovapeneira.gal\/index.php\/wp-json\/wp\/v2\/media?parent=7994"}],"wp:term":[{"taxonomy":"category","embeddable":true,"href":"https:\/\/www.anovapeneira.gal\/index.php\/wp-json\/wp\/v2\/categories?post=7994"},{"taxonomy":"post_tag","embeddable":true,"href":"https:\/\/www.anovapeneira.gal\/index.php\/wp-json\/wp\/v2\/tags?post=7994"}],"curies":[{"name":"wp","href":"https:\/\/api.w.org\/{rel}","templated":true}]}}