{"id":7997,"date":"2022-08-22T10:00:28","date_gmt":"2022-08-22T08:00:28","guid":{"rendered":"https:\/\/www.anovapeneira.gal\/?p=7997"},"modified":"2022-08-22T13:20:45","modified_gmt":"2022-08-22T11:20:45","slug":"laura-reigosa-masaxista-no-pazo-de-mos","status":"publish","type":"post","link":"https:\/\/www.anovapeneira.gal\/index.php\/2022\/08\/22\/laura-reigosa-masaxista-no-pazo-de-mos\/","title":{"rendered":"Laura Reigosa masaxista no Pazo de Mos"},"content":{"rendered":"\n<p><strong>Laura \u00e9 unha moza de Caldelas de Tui que \u00e9 masaxista, auxiliar de enfermer\u00eda e que a\u00ednda non deu por satisfeitas as s\u00faas ansias de aprendizaxe e mellora profesional pois na actualidade est\u00e1 a estudar a carreina de logopedia . Ela g\u00e1\u00f1ase a vida dando masaxes no segundo andar do Pazo de Mos. Asemade puxo en marcha un interesante proxecto de espazo social con actividades l\u00fadicas e terap\u00e9uticas para grupos reducidos de persoas. O seu negocio est\u00e1 inscrito no rexistro \u00fanico de entidade prestadora de servizos sociais da Xunta, de feito o seu proxecto presentouno aos premios AGADER. N\u00f3s fomos co\u00f1ecela<\/strong><\/p>\n\n\n\n<p><strong>Que \u00e9 o que fas no Pazo de Mos, Laura?<\/strong><\/p>\n\n\n\n<blockquote class=\"wp-block-quote is-layout-flow wp-block-quote-is-layout-flow\"><p>Son masaxista e fago actividades de readaptaci\u00f3n de mobilidade funcional. Axudamos a ampliar a mobilidade articular das persoas<\/p><\/blockquote>\n\n\n\n<p><strong>A t\u00faa actividade desenv\u00f3lvela no Pazo de Mos. Por que escolliches este lugar para traballar?<\/strong><\/p>\n\n\n\n<blockquote class=\"wp-block-quote is-layout-flow wp-block-quote-is-layout-flow\"><p>Ben, porque eu creo que re\u00fane todas as condici\u00f3ns de calidez, comodidade e f\u00e1cil acceso que fan que os usuarios e usuarias reciban os seus tratamentos nas mellores condici\u00f3ns posibles. Estamos no 2\u00ba andar a car\u00f3n do auditorio.<\/p><\/blockquote>\n\n\n\n<p><strong>Cando comezaches no Pazo?<\/strong><\/p>\n\n\n\n<blockquote class=\"wp-block-quote is-layout-flow wp-block-quote-is-layout-flow\"><p>Xa hai un ano, o tempo pasa moi r\u00e1pido.<\/p><\/blockquote>\n\n\n\n<p><strong>Como podemos facer para solicitar os teus servizos?<\/strong><\/p>\n\n\n\n<blockquote class=\"wp-block-quote is-layout-flow wp-block-quote-is-layout-flow\"><p>Pedindo cita por tel\u00e9fono. V\u00eda chamada ou v\u00eda whats app no n\u00famero: <strong>655261480<\/strong><\/p><\/blockquote>\n\n\n\n<p><strong>Cal \u00e9 o teu horario de atenci\u00f3n?<\/strong><\/p>\n\n\n\n<blockquote class=\"wp-block-quote is-layout-flow wp-block-quote-is-layout-flow\"><p>De luns a venres ma\u00f1\u00e1s e tardes. En calquera caso sempre procuramos adaptarnos \u00e1s necesidades do cliente para p\u00f3rllo o m\u00e1is f\u00e1cil posible.<\/p><\/blockquote>\n\n\n\n<p><strong>Levas moito tempo coas masaxes?<\/strong><\/p>\n\n\n\n<blockquote class=\"wp-block-quote is-layout-flow wp-block-quote-is-layout-flow\"><p>Si, xa levo 15 anos. Comecei bastante nova a verdade<\/p><\/blockquote>\n\n\n\n<p><strong>Cal \u00e9 o perfil principal dos teus clientes?<\/strong><\/p>\n\n\n\n<blockquote class=\"wp-block-quote is-layout-flow wp-block-quote-is-layout-flow\"><p>A verdade hai de todo, pois o tipo de vida que levamos fai que o estr\u00e9s e a tensi\u00f3n sexan as nosas compa\u00f1eiras de viaxe moito m\u00e1is tempo do que desexaramos, e desde moito antes de que o propio desgaste do corpo, causado pola idade, far\u00eda m\u00e1is habitual. Sen embargo a xente maior segue sendo a m\u00e1is numerosa claro. A medida que pasan os anos o corpo acusa m\u00e1is o esforzo e o desgaste, e as masaxes axudan moito a levalo mellor.<\/p><\/blockquote>\n\n\n\n<p><strong>Cales son as patolox\u00edas m\u00e1is habituais?<\/strong><\/p>\n\n\n\n<blockquote class=\"wp-block-quote is-layout-flow wp-block-quote-is-layout-flow\"><p>Dor cervical, dor lumbar e falta de mobilidade.<\/p><\/blockquote>\n\n\n\n<p><strong>E cales son as causas m\u00e1is habituais dese tipo de dores?<\/strong><\/p>\n\n\n\n<blockquote class=\"wp-block-quote is-layout-flow wp-block-quote-is-layout-flow\"><p>Soen ser causadas por malos h\u00e1bitos vitais, ou polo propio desgaste do corpo.<\/p><\/blockquote>\n\n\n\n<p><strong>Os tratamentos soen ser moi prolongados?<\/strong><\/p>\n\n\n\n<blockquote class=\"wp-block-quote is-layout-flow wp-block-quote-is-layout-flow\"><p>Xeralmente con unha ou d\u00faas sesi\u00f3ns melloran. Logo recomendamos facer mobilidade<\/p><\/blockquote>\n\n\n\n<p><strong>En que consiste?<\/strong><\/p>\n\n\n\n<blockquote class=\"wp-block-quote is-layout-flow wp-block-quote-is-layout-flow\"><p>Recuperar a funcionalidade, conservar a mobilidade, tonificar o corpo e axudar a que mante\u00f1an a musculatura, principalmente a xente maior para que mante\u00f1an a posibilidade de levar unha vida funcional.<\/p><\/blockquote>\n\n\n\n<p><strong>Podes tratar todo tipo de patolox\u00edas?<\/strong><\/p>\n\n\n\n<blockquote class=\"wp-block-quote is-layout-flow wp-block-quote-is-layout-flow\"><p>Non, hainas que son de fisioterapia e hai que derivalas<\/p><\/blockquote>\n\n\n\n<p><strong>G\u00fastache o teu traballo verdade Laura?<\/strong><\/p>\n\n\n\n<blockquote class=\"wp-block-quote is-layout-flow wp-block-quote-is-layout-flow\"><p>Moito, a verdade \u00e9 que si. Axudar \u00e1 xente e ver como melloran \u00e9 realmente gratificante.<\/p><\/blockquote>\n\n\n\n<p><strong>Tes tam\u00e9n outro proxecto moi interesante que me gustar\u00eda que me comentaras?<\/strong><\/p>\n\n\n\n<blockquote class=\"wp-block-quote is-layout-flow wp-block-quote-is-layout-flow\"><p>\u00c9 un servizo que pretende ofrecer varias actividades , organizadas en grupos reducidos de persoas entre 8 e 10. Hainas moi diversas como por exemplo mobilidade funcional, t\u00e9cnicas de elaboraci\u00f3n de pan de millo&#8230;Realmente a nosa filosof\u00eda \u00e9 ofrecer un espazo social guiado por monitores onde durante todo o ano fanse actividades. E pretendemos cubrir d\u00faas \u00e1reas: a parte l\u00fadica de socializaci\u00f3n e a parte terap\u00e9utica en aspectos como a mobilidade, a memoria ou a psicomotricidade. Xa levamos coa parte de ximnasia desde o mes de xaneiro e a aceptaci\u00f3n \u00e9 moi boa<\/p><\/blockquote>\n\n\n\n<p><strong>Ten vocaci\u00f3n de continuidade?<\/strong><\/p>\n\n\n\n<blockquote class=\"wp-block-quote is-layout-flow wp-block-quote-is-layout-flow\"><p>A nosa idea \u00e9 que si.<\/p><\/blockquote>\n\n\n\n<p><strong>Esas actividades son tam\u00e9n no Pazo de Mos?<\/strong><\/p>\n\n\n\n<blockquote class=\"wp-block-quote is-layout-flow wp-block-quote-is-layout-flow\"><p>Si. E para calquera persoa que estea interesada, como coas masaxes, s\u00f3 ten que apuntarse por tel\u00e9fono<\/p><\/blockquote>\n\n\n\n<p><strong>Calquera persoa interesada pode apuntarse?<\/strong><\/p>\n\n\n\n<blockquote class=\"wp-block-quote is-layout-flow wp-block-quote-is-layout-flow\"><p>Si claro, son actividades organizadas para persoas de todo tipo de idades<\/p><\/blockquote>\n","protected":false},"excerpt":{"rendered":"<div class=\"mh-excerpt\"><p>Laura \u00e9 unha moza de Caldelas de Tui que \u00e9 masaxista, auxiliar de enfermer\u00eda e que a\u00ednda non deu por satisfeitas as s\u00faas ansias de aprendizaxe e mellora profesional pois na actualidade est\u00e1 a estudar a carreina de logopedia <a class=\"mh-excerpt-more\" href=\"https:\/\/www.anovapeneira.gal\/index.php\/2022\/08\/22\/laura-reigosa-masaxista-no-pazo-de-mos\/\" title=\"Laura Reigosa masaxista no Pazo de Mos\">[&#8230;]<\/a><\/p>\n<\/div>","protected":false},"author":3,"featured_media":8018,"comment_status":"open","ping_status":"open","sticky":false,"template":"","format":"standard","meta":{"_exactmetrics_skip_tracking":false,"_exactmetrics_sitenote_active":false,"_exactmetrics_sitenote_note":"","_exactmetrics_sitenote_category":0,"footnotes":""},"categories":[490],"tags":[218],"class_list":{"0":"post-7997","1":"post","2":"type-post","3":"status-publish","4":"format-standard","5":"has-post-thumbnail","7":"category-a-lourina-reportaxes","8":"tag-concello-de-mos"},"yoast_head":"<!-- This site is optimized with the Yoast SEO plugin v27.4 - https:\/\/yoast.com\/product\/yoast-seo-wordpress\/ -->\n<title>Laura Reigosa masaxista no Pazo de Mos -<\/title>\n<meta name=\"description\" content=\"Laura \u00e9 unha moza de Caldelas de Tui que \u00e9 masaxista, auxiliar de enfermer\u00eda e que a\u00ednda non deu por satisfeitas as s\u00faas ansias de aprendizaxe e mellora profesional pois na actualidade est\u00e1 a estudar a carreina de logopedia\" \/>\n<meta name=\"robots\" content=\"index, follow, max-snippet:-1, max-image-preview:large, max-video-preview:-1\" \/>\n<link rel=\"canonical\" href=\"https:\/\/www.anovapeneira.gal\/index.php\/2022\/08\/22\/laura-reigosa-masaxista-no-pazo-de-mos\/\" \/>\n<meta property=\"og:locale\" content=\"gl_ES\" \/>\n<meta property=\"og:type\" content=\"article\" \/>\n<meta property=\"og:title\" content=\"Laura Reigosa masaxista no Pazo de Mos -\" \/>\n<meta property=\"og:description\" content=\"Laura \u00e9 unha moza de Caldelas de Tui que \u00e9 masaxista, auxiliar de enfermer\u00eda e que a\u00ednda non deu por satisfeitas as s\u00faas ansias de aprendizaxe e mellora profesional pois na actualidade est\u00e1 a estudar a carreina de logopedia\" \/>\n<meta property=\"og:url\" content=\"https:\/\/www.anovapeneira.gal\/index.php\/2022\/08\/22\/laura-reigosa-masaxista-no-pazo-de-mos\/\" \/>\n<meta property=\"article:publisher\" content=\"https:\/\/www.facebook.com\/anovapeneira\" \/>\n<meta property=\"article:published_time\" content=\"2022-08-22T08:00:28+00:00\" \/>\n<meta property=\"article:modified_time\" content=\"2022-08-22T11:20:45+00:00\" \/>\n<meta property=\"og:image\" content=\"https:\/\/www.anovapeneira.gal\/wp-content\/uploads\/2022\/08\/laura_maxasista_pazo_mos.jpg\" \/>\n\t<meta property=\"og:image:width\" content=\"720\" \/>\n\t<meta property=\"og:image:height\" content=\"432\" \/>\n\t<meta property=\"og:image:type\" content=\"image\/jpeg\" \/>\n<meta name=\"author\" content=\"Redacci\u00f3n A Nova Peneira\" \/>\n<meta name=\"twitter:card\" content=\"summary_large_image\" \/>\n<meta name=\"twitter:creator\" content=\"@APeneira\" \/>\n<meta name=\"twitter:site\" content=\"@APeneira\" \/>\n<meta name=\"twitter:label1\" content=\"Escrito por\" \/>\n\t<meta name=\"twitter:data1\" content=\"Redacci\u00f3n A Nova Peneira\" \/>\n\t<meta name=\"twitter:label2\" content=\"Tempo de lectura\" \/>\n\t<meta name=\"twitter:data2\" content=\"4 minutos\" \/>\n<script type=\"application\/ld+json\" class=\"yoast-schema-graph\">{\"@context\":\"https:\\\/\\\/schema.org\",\"@graph\":[{\"@type\":\"Article\",\"@id\":\"https:\\\/\\\/www.anovapeneira.gal\\\/index.php\\\/2022\\\/08\\\/22\\\/laura-reigosa-masaxista-no-pazo-de-mos\\\/#article\",\"isPartOf\":{\"@id\":\"https:\\\/\\\/www.anovapeneira.gal\\\/index.php\\\/2022\\\/08\\\/22\\\/laura-reigosa-masaxista-no-pazo-de-mos\\\/\"},\"author\":{\"name\":\"Redacci\u00f3n A Nova Peneira\",\"@id\":\"https:\\\/\\\/www.anovapeneira.gal\\\/#\\\/schema\\\/person\\\/b93e3f8932e3f8da96334607eb6ac6aa\"},\"headline\":\"Laura Reigosa masaxista no Pazo de Mos\",\"datePublished\":\"2022-08-22T08:00:28+00:00\",\"dateModified\":\"2022-08-22T11:20:45+00:00\",\"mainEntityOfPage\":{\"@id\":\"https:\\\/\\\/www.anovapeneira.gal\\\/index.php\\\/2022\\\/08\\\/22\\\/laura-reigosa-masaxista-no-pazo-de-mos\\\/\"},\"wordCount\":680,\"commentCount\":0,\"publisher\":{\"@id\":\"https:\\\/\\\/www.anovapeneira.gal\\\/#organization\"},\"image\":{\"@id\":\"https:\\\/\\\/www.anovapeneira.gal\\\/index.php\\\/2022\\\/08\\\/22\\\/laura-reigosa-masaxista-no-pazo-de-mos\\\/#primaryimage\"},\"thumbnailUrl\":\"https:\\\/\\\/www.anovapeneira.gal\\\/wp-content\\\/uploads\\\/2022\\\/08\\\/laura_maxasista_pazo_mos.jpg\",\"keywords\":[\"Concello de Mos\"],\"articleSection\":[\"A Louri\u00f1a\"],\"inLanguage\":\"gl-ES\",\"potentialAction\":[{\"@type\":\"CommentAction\",\"name\":\"Comment\",\"target\":[\"https:\\\/\\\/www.anovapeneira.gal\\\/index.php\\\/2022\\\/08\\\/22\\\/laura-reigosa-masaxista-no-pazo-de-mos\\\/#respond\"]}]},{\"@type\":\"WebPage\",\"@id\":\"https:\\\/\\\/www.anovapeneira.gal\\\/index.php\\\/2022\\\/08\\\/22\\\/laura-reigosa-masaxista-no-pazo-de-mos\\\/\",\"url\":\"https:\\\/\\\/www.anovapeneira.gal\\\/index.php\\\/2022\\\/08\\\/22\\\/laura-reigosa-masaxista-no-pazo-de-mos\\\/\",\"name\":\"Laura Reigosa masaxista no Pazo de Mos -\",\"isPartOf\":{\"@id\":\"https:\\\/\\\/www.anovapeneira.gal\\\/#website\"},\"primaryImageOfPage\":{\"@id\":\"https:\\\/\\\/www.anovapeneira.gal\\\/index.php\\\/2022\\\/08\\\/22\\\/laura-reigosa-masaxista-no-pazo-de-mos\\\/#primaryimage\"},\"image\":{\"@id\":\"https:\\\/\\\/www.anovapeneira.gal\\\/index.php\\\/2022\\\/08\\\/22\\\/laura-reigosa-masaxista-no-pazo-de-mos\\\/#primaryimage\"},\"thumbnailUrl\":\"https:\\\/\\\/www.anovapeneira.gal\\\/wp-content\\\/uploads\\\/2022\\\/08\\\/laura_maxasista_pazo_mos.jpg\",\"datePublished\":\"2022-08-22T08:00:28+00:00\",\"dateModified\":\"2022-08-22T11:20:45+00:00\",\"description\":\"Laura \u00e9 unha moza de Caldelas de Tui que \u00e9 masaxista, auxiliar de enfermer\u00eda e que a\u00ednda non deu por satisfeitas as s\u00faas ansias de aprendizaxe e mellora profesional pois na actualidade est\u00e1 a estudar a carreina de logopedia\",\"breadcrumb\":{\"@id\":\"https:\\\/\\\/www.anovapeneira.gal\\\/index.php\\\/2022\\\/08\\\/22\\\/laura-reigosa-masaxista-no-pazo-de-mos\\\/#breadcrumb\"},\"inLanguage\":\"gl-ES\",\"potentialAction\":[{\"@type\":\"ReadAction\",\"target\":[\"https:\\\/\\\/www.anovapeneira.gal\\\/index.php\\\/2022\\\/08\\\/22\\\/laura-reigosa-masaxista-no-pazo-de-mos\\\/\"]}]},{\"@type\":\"ImageObject\",\"inLanguage\":\"gl-ES\",\"@id\":\"https:\\\/\\\/www.anovapeneira.gal\\\/index.php\\\/2022\\\/08\\\/22\\\/laura-reigosa-masaxista-no-pazo-de-mos\\\/#primaryimage\",\"url\":\"https:\\\/\\\/www.anovapeneira.gal\\\/wp-content\\\/uploads\\\/2022\\\/08\\\/laura_maxasista_pazo_mos.jpg\",\"contentUrl\":\"https:\\\/\\\/www.anovapeneira.gal\\\/wp-content\\\/uploads\\\/2022\\\/08\\\/laura_maxasista_pazo_mos.jpg\",\"width\":720,\"height\":432,\"caption\":\"Maxasista Pazo de Mos\"},{\"@type\":\"BreadcrumbList\",\"@id\":\"https:\\\/\\\/www.anovapeneira.gal\\\/index.php\\\/2022\\\/08\\\/22\\\/laura-reigosa-masaxista-no-pazo-de-mos\\\/#breadcrumb\",\"itemListElement\":[{\"@type\":\"ListItem\",\"position\":1,\"name\":\"Portada\",\"item\":\"https:\\\/\\\/www.anovapeneira.gal\\\/\"},{\"@type\":\"ListItem\",\"position\":2,\"name\":\"Laura Reigosa masaxista no Pazo de Mos\"}]},{\"@type\":\"WebSite\",\"@id\":\"https:\\\/\\\/www.anovapeneira.gal\\\/#website\",\"url\":\"https:\\\/\\\/www.anovapeneira.gal\\\/\",\"name\":\"\",\"description\":\"Xornal galego de informaci\u00f3n xeral Publicaci\u00f3n mensual de novas de Galicia e en especial dos Concellos da sur da provincia de Pontevedra.\",\"publisher\":{\"@id\":\"https:\\\/\\\/www.anovapeneira.gal\\\/#organization\"},\"potentialAction\":[{\"@type\":\"SearchAction\",\"target\":{\"@type\":\"EntryPoint\",\"urlTemplate\":\"https:\\\/\\\/www.anovapeneira.gal\\\/?s={search_term_string}\"},\"query-input\":{\"@type\":\"PropertyValueSpecification\",\"valueRequired\":true,\"valueName\":\"search_term_string\"}}],\"inLanguage\":\"gl-ES\"},{\"@type\":\"Organization\",\"@id\":\"https:\\\/\\\/www.anovapeneira.gal\\\/#organization\",\"name\":\"A Nova Peneira\",\"url\":\"https:\\\/\\\/www.anovapeneira.gal\\\/\",\"logo\":{\"@type\":\"ImageObject\",\"inLanguage\":\"gl-ES\",\"@id\":\"https:\\\/\\\/www.anovapeneira.gal\\\/#\\\/schema\\\/logo\\\/image\\\/\",\"url\":\"http:\\\/\\\/www.anovapeneira.gal\\\/wp-content\\\/uploads\\\/2019\\\/06\\\/logo_a_nova_peneira_portal_web.png\",\"contentUrl\":\"http:\\\/\\\/www.anovapeneira.gal\\\/wp-content\\\/uploads\\\/2019\\\/06\\\/logo_a_nova_peneira_portal_web.png\",\"width\":300,\"height\":100,\"caption\":\"A Nova Peneira\"},\"image\":{\"@id\":\"https:\\\/\\\/www.anovapeneira.gal\\\/#\\\/schema\\\/logo\\\/image\\\/\"},\"sameAs\":[\"https:\\\/\\\/www.facebook.com\\\/anovapeneira\",\"https:\\\/\\\/x.com\\\/APeneira\"]},{\"@type\":\"Person\",\"@id\":\"https:\\\/\\\/www.anovapeneira.gal\\\/#\\\/schema\\\/person\\\/b93e3f8932e3f8da96334607eb6ac6aa\",\"name\":\"Redacci\u00f3n A Nova Peneira\",\"image\":{\"@type\":\"ImageObject\",\"inLanguage\":\"gl-ES\",\"@id\":\"https:\\\/\\\/secure.gravatar.com\\\/avatar\\\/c052a2551a06e23fac63626232eaa90abd78dbcf1700fc46a2b2c89fd27b735f?s=96&d=mm&r=g\",\"url\":\"https:\\\/\\\/secure.gravatar.com\\\/avatar\\\/c052a2551a06e23fac63626232eaa90abd78dbcf1700fc46a2b2c89fd27b735f?s=96&d=mm&r=g\",\"contentUrl\":\"https:\\\/\\\/secure.gravatar.com\\\/avatar\\\/c052a2551a06e23fac63626232eaa90abd78dbcf1700fc46a2b2c89fd27b735f?s=96&d=mm&r=g\",\"caption\":\"Redacci\u00f3n A Nova Peneira\"},\"sameAs\":[\"http:\\\/\\\/www.anovapeneira.gal\\\/\"],\"url\":\"https:\\\/\\\/www.anovapeneira.gal\\\/index.php\\\/author\\\/redactor\\\/\"}]}<\/script>\n<!-- \/ Yoast SEO plugin. -->","yoast_head_json":{"title":"Laura Reigosa masaxista no Pazo de Mos -","description":"Laura \u00e9 unha moza de Caldelas de Tui que \u00e9 masaxista, auxiliar de enfermer\u00eda e que a\u00ednda non deu por satisfeitas as s\u00faas ansias de aprendizaxe e mellora profesional pois na actualidade est\u00e1 a estudar a carreina de logopedia","robots":{"index":"index","follow":"follow","max-snippet":"max-snippet:-1","max-image-preview":"max-image-preview:large","max-video-preview":"max-video-preview:-1"},"canonical":"https:\/\/www.anovapeneira.gal\/index.php\/2022\/08\/22\/laura-reigosa-masaxista-no-pazo-de-mos\/","og_locale":"gl_ES","og_type":"article","og_title":"Laura Reigosa masaxista no Pazo de Mos -","og_description":"Laura \u00e9 unha moza de Caldelas de Tui que \u00e9 masaxista, auxiliar de enfermer\u00eda e que a\u00ednda non deu por satisfeitas as s\u00faas ansias de aprendizaxe e mellora profesional pois na actualidade est\u00e1 a estudar a carreina de logopedia","og_url":"https:\/\/www.anovapeneira.gal\/index.php\/2022\/08\/22\/laura-reigosa-masaxista-no-pazo-de-mos\/","article_publisher":"https:\/\/www.facebook.com\/anovapeneira","article_published_time":"2022-08-22T08:00:28+00:00","article_modified_time":"2022-08-22T11:20:45+00:00","og_image":[{"width":720,"height":432,"url":"https:\/\/www.anovapeneira.gal\/wp-content\/uploads\/2022\/08\/laura_maxasista_pazo_mos.jpg","type":"image\/jpeg"}],"author":"Redacci\u00f3n A Nova Peneira","twitter_card":"summary_large_image","twitter_creator":"@APeneira","twitter_site":"@APeneira","twitter_misc":{"Escrito por":"Redacci\u00f3n A Nova Peneira","Tempo de lectura":"4 minutos"},"schema":{"@context":"https:\/\/schema.org","@graph":[{"@type":"Article","@id":"https:\/\/www.anovapeneira.gal\/index.php\/2022\/08\/22\/laura-reigosa-masaxista-no-pazo-de-mos\/#article","isPartOf":{"@id":"https:\/\/www.anovapeneira.gal\/index.php\/2022\/08\/22\/laura-reigosa-masaxista-no-pazo-de-mos\/"},"author":{"name":"Redacci\u00f3n A Nova Peneira","@id":"https:\/\/www.anovapeneira.gal\/#\/schema\/person\/b93e3f8932e3f8da96334607eb6ac6aa"},"headline":"Laura Reigosa masaxista no Pazo de Mos","datePublished":"2022-08-22T08:00:28+00:00","dateModified":"2022-08-22T11:20:45+00:00","mainEntityOfPage":{"@id":"https:\/\/www.anovapeneira.gal\/index.php\/2022\/08\/22\/laura-reigosa-masaxista-no-pazo-de-mos\/"},"wordCount":680,"commentCount":0,"publisher":{"@id":"https:\/\/www.anovapeneira.gal\/#organization"},"image":{"@id":"https:\/\/www.anovapeneira.gal\/index.php\/2022\/08\/22\/laura-reigosa-masaxista-no-pazo-de-mos\/#primaryimage"},"thumbnailUrl":"https:\/\/www.anovapeneira.gal\/wp-content\/uploads\/2022\/08\/laura_maxasista_pazo_mos.jpg","keywords":["Concello de Mos"],"articleSection":["A Louri\u00f1a"],"inLanguage":"gl-ES","potentialAction":[{"@type":"CommentAction","name":"Comment","target":["https:\/\/www.anovapeneira.gal\/index.php\/2022\/08\/22\/laura-reigosa-masaxista-no-pazo-de-mos\/#respond"]}]},{"@type":"WebPage","@id":"https:\/\/www.anovapeneira.gal\/index.php\/2022\/08\/22\/laura-reigosa-masaxista-no-pazo-de-mos\/","url":"https:\/\/www.anovapeneira.gal\/index.php\/2022\/08\/22\/laura-reigosa-masaxista-no-pazo-de-mos\/","name":"Laura Reigosa masaxista no Pazo de Mos -","isPartOf":{"@id":"https:\/\/www.anovapeneira.gal\/#website"},"primaryImageOfPage":{"@id":"https:\/\/www.anovapeneira.gal\/index.php\/2022\/08\/22\/laura-reigosa-masaxista-no-pazo-de-mos\/#primaryimage"},"image":{"@id":"https:\/\/www.anovapeneira.gal\/index.php\/2022\/08\/22\/laura-reigosa-masaxista-no-pazo-de-mos\/#primaryimage"},"thumbnailUrl":"https:\/\/www.anovapeneira.gal\/wp-content\/uploads\/2022\/08\/laura_maxasista_pazo_mos.jpg","datePublished":"2022-08-22T08:00:28+00:00","dateModified":"2022-08-22T11:20:45+00:00","description":"Laura \u00e9 unha moza de Caldelas de Tui que \u00e9 masaxista, auxiliar de enfermer\u00eda e que a\u00ednda non deu por satisfeitas as s\u00faas ansias de aprendizaxe e mellora profesional pois na actualidade est\u00e1 a estudar a carreina de logopedia","breadcrumb":{"@id":"https:\/\/www.anovapeneira.gal\/index.php\/2022\/08\/22\/laura-reigosa-masaxista-no-pazo-de-mos\/#breadcrumb"},"inLanguage":"gl-ES","potentialAction":[{"@type":"ReadAction","target":["https:\/\/www.anovapeneira.gal\/index.php\/2022\/08\/22\/laura-reigosa-masaxista-no-pazo-de-mos\/"]}]},{"@type":"ImageObject","inLanguage":"gl-ES","@id":"https:\/\/www.anovapeneira.gal\/index.php\/2022\/08\/22\/laura-reigosa-masaxista-no-pazo-de-mos\/#primaryimage","url":"https:\/\/www.anovapeneira.gal\/wp-content\/uploads\/2022\/08\/laura_maxasista_pazo_mos.jpg","contentUrl":"https:\/\/www.anovapeneira.gal\/wp-content\/uploads\/2022\/08\/laura_maxasista_pazo_mos.jpg","width":720,"height":432,"caption":"Maxasista Pazo de Mos"},{"@type":"BreadcrumbList","@id":"https:\/\/www.anovapeneira.gal\/index.php\/2022\/08\/22\/laura-reigosa-masaxista-no-pazo-de-mos\/#breadcrumb","itemListElement":[{"@type":"ListItem","position":1,"name":"Portada","item":"https:\/\/www.anovapeneira.gal\/"},{"@type":"ListItem","position":2,"name":"Laura Reigosa masaxista no Pazo de Mos"}]},{"@type":"WebSite","@id":"https:\/\/www.anovapeneira.gal\/#website","url":"https:\/\/www.anovapeneira.gal\/","name":"","description":"Xornal galego de informaci\u00f3n xeral Publicaci\u00f3n mensual de novas de Galicia e en especial dos Concellos da sur da provincia de Pontevedra.","publisher":{"@id":"https:\/\/www.anovapeneira.gal\/#organization"},"potentialAction":[{"@type":"SearchAction","target":{"@type":"EntryPoint","urlTemplate":"https:\/\/www.anovapeneira.gal\/?s={search_term_string}"},"query-input":{"@type":"PropertyValueSpecification","valueRequired":true,"valueName":"search_term_string"}}],"inLanguage":"gl-ES"},{"@type":"Organization","@id":"https:\/\/www.anovapeneira.gal\/#organization","name":"A Nova Peneira","url":"https:\/\/www.anovapeneira.gal\/","logo":{"@type":"ImageObject","inLanguage":"gl-ES","@id":"https:\/\/www.anovapeneira.gal\/#\/schema\/logo\/image\/","url":"http:\/\/www.anovapeneira.gal\/wp-content\/uploads\/2019\/06\/logo_a_nova_peneira_portal_web.png","contentUrl":"http:\/\/www.anovapeneira.gal\/wp-content\/uploads\/2019\/06\/logo_a_nova_peneira_portal_web.png","width":300,"height":100,"caption":"A Nova Peneira"},"image":{"@id":"https:\/\/www.anovapeneira.gal\/#\/schema\/logo\/image\/"},"sameAs":["https:\/\/www.facebook.com\/anovapeneira","https:\/\/x.com\/APeneira"]},{"@type":"Person","@id":"https:\/\/www.anovapeneira.gal\/#\/schema\/person\/b93e3f8932e3f8da96334607eb6ac6aa","name":"Redacci\u00f3n A Nova Peneira","image":{"@type":"ImageObject","inLanguage":"gl-ES","@id":"https:\/\/secure.gravatar.com\/avatar\/c052a2551a06e23fac63626232eaa90abd78dbcf1700fc46a2b2c89fd27b735f?s=96&d=mm&r=g","url":"https:\/\/secure.gravatar.com\/avatar\/c052a2551a06e23fac63626232eaa90abd78dbcf1700fc46a2b2c89fd27b735f?s=96&d=mm&r=g","contentUrl":"https:\/\/secure.gravatar.com\/avatar\/c052a2551a06e23fac63626232eaa90abd78dbcf1700fc46a2b2c89fd27b735f?s=96&d=mm&r=g","caption":"Redacci\u00f3n A Nova Peneira"},"sameAs":["http:\/\/www.anovapeneira.gal\/"],"url":"https:\/\/www.anovapeneira.gal\/index.php\/author\/redactor\/"}]}},"jetpack_featured_media_url":"https:\/\/www.anovapeneira.gal\/wp-content\/uploads\/2022\/08\/laura_maxasista_pazo_mos.jpg","_links":{"self":[{"href":"https:\/\/www.anovapeneira.gal\/index.php\/wp-json\/wp\/v2\/posts\/7997","targetHints":{"allow":["GET"]}}],"collection":[{"href":"https:\/\/www.anovapeneira.gal\/index.php\/wp-json\/wp\/v2\/posts"}],"about":[{"href":"https:\/\/www.anovapeneira.gal\/index.php\/wp-json\/wp\/v2\/types\/post"}],"author":[{"embeddable":true,"href":"https:\/\/www.anovapeneira.gal\/index.php\/wp-json\/wp\/v2\/users\/3"}],"replies":[{"embeddable":true,"href":"https:\/\/www.anovapeneira.gal\/index.php\/wp-json\/wp\/v2\/comments?post=7997"}],"version-history":[{"count":2,"href":"https:\/\/www.anovapeneira.gal\/index.php\/wp-json\/wp\/v2\/posts\/7997\/revisions"}],"predecessor-version":[{"id":7999,"href":"https:\/\/www.anovapeneira.gal\/index.php\/wp-json\/wp\/v2\/posts\/7997\/revisions\/7999"}],"wp:featuredmedia":[{"embeddable":true,"href":"https:\/\/www.anovapeneira.gal\/index.php\/wp-json\/wp\/v2\/media\/8018"}],"wp:attachment":[{"href":"https:\/\/www.anovapeneira.gal\/index.php\/wp-json\/wp\/v2\/media?parent=7997"}],"wp:term":[{"taxonomy":"category","embeddable":true,"href":"https:\/\/www.anovapeneira.gal\/index.php\/wp-json\/wp\/v2\/categories?post=7997"},{"taxonomy":"post_tag","embeddable":true,"href":"https:\/\/www.anovapeneira.gal\/index.php\/wp-json\/wp\/v2\/tags?post=7997"}],"curies":[{"name":"wp","href":"https:\/\/api.w.org\/{rel}","templated":true}]}}