{"id":8000,"date":"2022-08-22T12:00:44","date_gmt":"2022-08-22T10:00:44","guid":{"rendered":"https:\/\/www.anovapeneira.gal\/?p=8000"},"modified":"2022-08-22T21:07:23","modified_gmt":"2022-08-22T19:07:23","slug":"xa-logo-cobraran-por-respirar","status":"publish","type":"post","link":"https:\/\/www.anovapeneira.gal\/index.php\/2022\/08\/22\/xa-logo-cobraran-por-respirar\/","title":{"rendered":"Xa\u00a0logo\u00a0cobrar\u00e1n\u00a0por\u00a0respirar"},"content":{"rendered":"\n<figure class=\"wp-block-image size-large is-resized\"><img loading=\"lazy\" decoding=\"async\" src=\"http:\/\/www.anovapeneira.gal\/wp-content\/uploads\/2019\/07\/Baldomero_Iglesias_Dobarrio_Mero.jpg\" alt=\"Baldomero Iglesias Dobarrio Mero artigos de opini\u00f3n A Nova Peneira\" class=\"wp-image-482\" width=\"95\" height=\"111\"\/><figcaption>Baldomero Iglesias Dobarrio, Mero<\/figcaption><\/figure>\n\n\n\n<p>O impulso a ga\u00f1ar, a competir, a vencer, a superar aos demais v\u00f3lvenos parvos. Cando o obxectivo son os cartos, a loita \u00e9 voraz e conv\u00e9rtese nun proceder inhumano e asasino. Destr\u00fae a vida mesma, cega e desestabiliza as relaci\u00f3ns entre n\u00f3s, secciona os sociais comportamentos e crea vocabularios paralelos para abondar na confusi\u00f3n. Crea moita tristura, clientes e consumidores en vez de usuarios, doentes e quizais socios. Inventa n\u00fameros en vez de persoas. Recr\u00e9ase en cifras e porcentaxes en vez de asistencias \u00e1 necesidade, \u00e1 vulnerabilidade, \u00e1 marxinaci\u00f3n dos que non dan andado o cami\u00f1o. Estamos a tal altura rexidos polos c\u00f3mputos, medidas, cifras e as rendibilidades pecuniarias que a nosa vida depende delas. O di\u00f1eiro volveuse moeda de cambio da verdade, do recato, da intimidade, do segredo, da maxia da vida. O di\u00f1eiro quere mercar amor, tenrura, cultura, sa\u00fade, a dignidade e por iso desaparecen estes esteos que nos fundamentaban, por iso cotizan moito m\u00e1is as ru\u00ednas aparentes, as mentiras e a desvergo\u00f1a, a impudencia, a verborrea e a vulgaridade. Os com\u00fans convert\u00e9monos en debedores xa antes de comezar. Vimos de atr\u00e1s sendo perdedores, pretendidos peixes que buscamos os\u00edxeno na flor da auga, aire para sabernos con vida. Aire que, no seu momento -xa que consumimos- nos cobrar\u00e1n, como ben habilmente privatizado nas grandes fortunas. Ser\u00e1n donos do aire como antes se fixeron dos r\u00edos e auga, dos ventos, da paisaxe. Ben vedes as e\u00f3licas xigantes e os encoros.<\/p>\n\n\n\n<p>Non est\u00e1 lonxe o cobro por respirar, mais estamos nesta situaci\u00f3n cr\u00edtica na que a Terra protesta e ardemos, asolag\u00e1monos na ru\u00edna. Detr\u00e1s as multinacionais, grandes empresas que mudan as cotizaci\u00f3ns e revalorizan a ganancia mentres a n\u00f3s apl\u00edcannos novas imposici\u00f3ns e restrici\u00f3ns de dereitos, apertar o cinto e volver a pagar. As\u00ed chegamos a esta bola de avaricia, no impulso obsesivo e abusivo dos cartos en beneficio. Este desequilibrio terrible v\u00e9n dado en consecuencia dos sistemas que nos rexen, leis desequilibradoras e avaricia dos que queren ga\u00f1ar m\u00e1is, competir, vencer e ga\u00f1ar cartos por riba dos demais. Cando debera ser un sistema capaz de redistribu\u00edr e crear posibilidades de vida, postos de traballo, facilitar a incorporaci\u00f3n de quen non pode. Sobre todo atender aos m\u00e1is prexudicados, aos que sempre perden.<\/p>\n\n\n\n<p>Non hai moito os valores sociais parec\u00edan ir contra ese ego\u00edsmo, esa afecci\u00f3n a contar billetes e moedas. Por riba dos que rin de n\u00f3s acumulando indebidas riquezas e gozando de impunidade, protexidos polas leis. Esa mesquindade tam\u00e9n \u00e9 fame e morte. Moitas veces non son persoas, son sociedades evasivas, bancos, empresas e patronais que se esconden detr\u00e1s dun nome e evaden a responsabilidade do reparto equitativo, de ser e de posibilitar o entendemento e a xusta distribuci\u00f3n. Este desequilibrio produce enfermidades e pandemias, guerras, opresi\u00f3n, tiran\u00edas, sometemento, atropelos, abusos, violencia e a terrible inestabilidade das vidas, das sociedades, dos pobos, chegando \u00e1 perturbaci\u00f3n e o trastorno de toda a sociedade.<\/p>\n\n\n\n<p>Era a\u00ed onde deberan intervir os poderes que nos representan coa lei e a liberdade de arrouparnos, co orgullo de defender causas xustas. Empezando por coutar abusos, esixir redistribuci\u00f3n, protexer a quen \u00e9 debedor. Esa \u00e9 o que se agarda dos que gobernan, o auxilio que non ofrecen e que nos fai estar sometidos a leis desconformes. O mesmo que falta cando esiximos dereitos conculcados e retra\u00eddos.<\/p>\n\n\n\n<p>Mais os gobernantes tratan con moita educaci\u00f3n aos que te\u00f1en di\u00f1eiros, aos que apertan a corda dos d\u00e9bitos nos que eles tam\u00e9n andan metidos. Os gobernantes comp\u00f3rtanse de modo ego\u00edsta e miran para onde lles conv\u00e9n, defendendo causas que \u201centenden\u201d defendibles e correctas desde ese estado latente de servilismo, de silencio intencionado e respectuoso cos grandes.<\/p>\n\n\n\n<p>Hoxe o mercado controla tam\u00e9n aos gobernantes. Dirixen a industria desde un capitalismo financeiro neoliberal controlando aos grandes estados que, ao mesmo tempo, dividen o mundo e parcelan os seus feudos. Alugan o dereito a vivir, o os\u00edxeno que respiremos. A ausencia de poderes pol\u00edticos fai que nos rexan administraci\u00f3ns olig\u00e1rquicas e imperios de avaricia. Debemos mercar o que eles nos vendan para sermos dependentes do seu favor e alimento. Debemos obedecer e pagar a quen nos fai o favor de vender, porque n\u00f3s non temos nin somos autosuficientes. Conv\u00e9rtense en mafias, narcos, tiranos, mentireiros, cr\u00e1pulas e abusadores. Andan na sombra de calquera lei inxusta. Vence o traballo sucio, a trampa, o negocio solapado, o carto que todo adquire.<\/p>\n\n\n\n<p>Urxe mudar o sistema que nos desequilibra e que crea tantos desfavorecidos e tan poucos favorecidos, ou sequera l\u00facidos. Haber\u00e1 que recobrar o sosego, desprezar o estr\u00e9s ao que nos someten, aprender a vivir de novo, a reconstru\u00edr o mundo onde se penalice a trampa e a mentira. Estas \u201cdemocracias\u201d de finanzas sometidas son sempre unha ru\u00edna e chegan a acabarnos. Apr\u00f3pianse dos bens p\u00fablicos para o seu negocio e para someternos. Deberemos re-inventarnos. Este capitalismo extremo tr\u00f3uxonos aqu\u00ed, a estas guerras nas que alimentan a venda de armas e dan lugar \u00e1s consecuencias sabidas, ao fracaso humano, onde controlan e oprimen persoas e pobos, acabando cos seus signos distintivos de Lingua e Cultura, de dereitos, na ausencia dun goberno propio e corrector.<\/p>\n","protected":false},"excerpt":{"rendered":"<div class=\"mh-excerpt\"><p>O\u00a0impulso\u00a0a\u00a0ga\u00f1ar,\u00a0a\u00a0competir,\u00a0a\u00a0vencer,\u00a0a\u00a0superar\u00a0aos\u00a0demais\u00a0v\u00f3lvenosparvos.\u00a0Cando\u00a0o\u00a0obxectivo\u00a0son\u00a0os\u00a0cartos,\u00a0a\u00a0loita\u00a0\u00e9\u00a0voraz\u00a0e\u00a0conv\u00e9rtesenun\u00a0proceder\u00a0inhumano\u00a0e\u00a0asasino <a class=\"mh-excerpt-more\" href=\"https:\/\/www.anovapeneira.gal\/index.php\/2022\/08\/22\/xa-logo-cobraran-por-respirar\/\" title=\"Xa\u00a0logo\u00a0cobrar\u00e1n\u00a0por\u00a0respirar\">[&#8230;]<\/a><\/p>\n<\/div>","protected":false},"author":5,"featured_media":584,"comment_status":"open","ping_status":"open","sticky":false,"template":"","format":"standard","meta":{"_exactmetrics_skip_tracking":false,"_exactmetrics_sitenote_active":false,"_exactmetrics_sitenote_note":"","_exactmetrics_sitenote_category":0,"footnotes":""},"categories":[7],"tags":[],"class_list":{"0":"post-8000","1":"post","2":"type-post","3":"status-publish","4":"format-standard","5":"has-post-thumbnail","7":"category-artigos-de-opinion"},"yoast_head":"<!-- This site is optimized with the Yoast SEO plugin v27.4 - https:\/\/yoast.com\/product\/yoast-seo-wordpress\/ -->\n<title>Xa\u00a0logo\u00a0cobrar\u00e1n\u00a0por\u00a0respirar -<\/title>\n<meta name=\"description\" content=\"O\u00a0impulso\u00a0a\u00a0ga\u00f1ar,\u00a0a\u00a0competir,\u00a0a\u00a0vencer,\u00a0a\u00a0superar\u00a0aos\u00a0demais\u00a0v\u00f3lvenosparvos.\u00a0Cando\u00a0o\u00a0obxectivo\u00a0son\u00a0os\u00a0cartos,\u00a0a\u00a0loita\u00a0\u00e9\u00a0voraz\u00a0e\u00a0conv\u00e9rtesenun\u00a0proceder\u00a0inhumano\u00a0e\u00a0asasino\" \/>\n<meta name=\"robots\" content=\"index, follow, max-snippet:-1, max-image-preview:large, max-video-preview:-1\" \/>\n<link rel=\"canonical\" href=\"https:\/\/www.anovapeneira.gal\/index.php\/2022\/08\/22\/xa-logo-cobraran-por-respirar\/\" \/>\n<meta property=\"og:locale\" content=\"gl_ES\" \/>\n<meta property=\"og:type\" content=\"article\" \/>\n<meta property=\"og:title\" content=\"Xa\u00a0logo\u00a0cobrar\u00e1n\u00a0por\u00a0respirar -\" \/>\n<meta property=\"og:description\" content=\"O\u00a0impulso\u00a0a\u00a0ga\u00f1ar,\u00a0a\u00a0competir,\u00a0a\u00a0vencer,\u00a0a\u00a0superar\u00a0aos\u00a0demais\u00a0v\u00f3lvenosparvos.\u00a0Cando\u00a0o\u00a0obxectivo\u00a0son\u00a0os\u00a0cartos,\u00a0a\u00a0loita\u00a0\u00e9\u00a0voraz\u00a0e\u00a0conv\u00e9rtesenun\u00a0proceder\u00a0inhumano\u00a0e\u00a0asasino\" \/>\n<meta property=\"og:url\" content=\"https:\/\/www.anovapeneira.gal\/index.php\/2022\/08\/22\/xa-logo-cobraran-por-respirar\/\" \/>\n<meta property=\"article:publisher\" content=\"https:\/\/www.facebook.com\/anovapeneira\" \/>\n<meta property=\"article:published_time\" content=\"2022-08-22T10:00:44+00:00\" \/>\n<meta property=\"article:modified_time\" content=\"2022-08-22T19:07:23+00:00\" \/>\n<meta property=\"og:image\" content=\"https:\/\/www.anovapeneira.gal\/wp-content\/uploads\/2019\/07\/ARTIGO_DE_OPINION_A_NOVA_PENEIRA.jpg\" \/>\n\t<meta property=\"og:image:width\" content=\"720\" \/>\n\t<meta property=\"og:image:height\" content=\"473\" \/>\n\t<meta property=\"og:image:type\" content=\"image\/jpeg\" \/>\n<meta name=\"author\" content=\"Baldomero Iglesias Dobarrio, Mero\" \/>\n<meta name=\"twitter:card\" content=\"summary_large_image\" \/>\n<meta name=\"twitter:image\" content=\"https:\/\/www.anovapeneira.gal\/wp-content\/uploads\/2019\/07\/ARTIGO_DE_OPINION_A_NOVA_PENEIRA.jpg\" \/>\n<meta name=\"twitter:creator\" content=\"@APeneira\" \/>\n<meta name=\"twitter:site\" content=\"@APeneira\" \/>\n<meta name=\"twitter:label1\" content=\"Escrito por\" \/>\n\t<meta name=\"twitter:data1\" content=\"Baldomero Iglesias Dobarrio, Mero\" \/>\n\t<meta name=\"twitter:label2\" content=\"Tempo de lectura\" \/>\n\t<meta name=\"twitter:data2\" content=\"5 minutos\" \/>\n<script type=\"application\/ld+json\" class=\"yoast-schema-graph\">{\"@context\":\"https:\\\/\\\/schema.org\",\"@graph\":[{\"@type\":\"Article\",\"@id\":\"https:\\\/\\\/www.anovapeneira.gal\\\/index.php\\\/2022\\\/08\\\/22\\\/xa-logo-cobraran-por-respirar\\\/#article\",\"isPartOf\":{\"@id\":\"https:\\\/\\\/www.anovapeneira.gal\\\/index.php\\\/2022\\\/08\\\/22\\\/xa-logo-cobraran-por-respirar\\\/\"},\"author\":{\"name\":\"Baldomero Iglesias Dobarrio, Mero\",\"@id\":\"https:\\\/\\\/www.anovapeneira.gal\\\/#\\\/schema\\\/person\\\/b051ed40cfc100e281476674783b32fc\"},\"headline\":\"Xa\u00a0logo\u00a0cobrar\u00e1n\u00a0por\u00a0respirar\",\"datePublished\":\"2022-08-22T10:00:44+00:00\",\"dateModified\":\"2022-08-22T19:07:23+00:00\",\"mainEntityOfPage\":{\"@id\":\"https:\\\/\\\/www.anovapeneira.gal\\\/index.php\\\/2022\\\/08\\\/22\\\/xa-logo-cobraran-por-respirar\\\/\"},\"wordCount\":924,\"commentCount\":0,\"publisher\":{\"@id\":\"https:\\\/\\\/www.anovapeneira.gal\\\/#organization\"},\"image\":{\"@id\":\"https:\\\/\\\/www.anovapeneira.gal\\\/index.php\\\/2022\\\/08\\\/22\\\/xa-logo-cobraran-por-respirar\\\/#primaryimage\"},\"thumbnailUrl\":\"https:\\\/\\\/www.anovapeneira.gal\\\/wp-content\\\/uploads\\\/2019\\\/07\\\/ARTIGO_DE_OPINION_A_NOVA_PENEIRA.jpg\",\"articleSection\":[\"Artigos de opini\u00f3n\"],\"inLanguage\":\"gl-ES\",\"potentialAction\":[{\"@type\":\"CommentAction\",\"name\":\"Comment\",\"target\":[\"https:\\\/\\\/www.anovapeneira.gal\\\/index.php\\\/2022\\\/08\\\/22\\\/xa-logo-cobraran-por-respirar\\\/#respond\"]}]},{\"@type\":\"WebPage\",\"@id\":\"https:\\\/\\\/www.anovapeneira.gal\\\/index.php\\\/2022\\\/08\\\/22\\\/xa-logo-cobraran-por-respirar\\\/\",\"url\":\"https:\\\/\\\/www.anovapeneira.gal\\\/index.php\\\/2022\\\/08\\\/22\\\/xa-logo-cobraran-por-respirar\\\/\",\"name\":\"Xa\u00a0logo\u00a0cobrar\u00e1n\u00a0por\u00a0respirar -\",\"isPartOf\":{\"@id\":\"https:\\\/\\\/www.anovapeneira.gal\\\/#website\"},\"primaryImageOfPage\":{\"@id\":\"https:\\\/\\\/www.anovapeneira.gal\\\/index.php\\\/2022\\\/08\\\/22\\\/xa-logo-cobraran-por-respirar\\\/#primaryimage\"},\"image\":{\"@id\":\"https:\\\/\\\/www.anovapeneira.gal\\\/index.php\\\/2022\\\/08\\\/22\\\/xa-logo-cobraran-por-respirar\\\/#primaryimage\"},\"thumbnailUrl\":\"https:\\\/\\\/www.anovapeneira.gal\\\/wp-content\\\/uploads\\\/2019\\\/07\\\/ARTIGO_DE_OPINION_A_NOVA_PENEIRA.jpg\",\"datePublished\":\"2022-08-22T10:00:44+00:00\",\"dateModified\":\"2022-08-22T19:07:23+00:00\",\"description\":\"O\u00a0impulso\u00a0a\u00a0ga\u00f1ar,\u00a0a\u00a0competir,\u00a0a\u00a0vencer,\u00a0a\u00a0superar\u00a0aos\u00a0demais\u00a0v\u00f3lvenosparvos.\u00a0Cando\u00a0o\u00a0obxectivo\u00a0son\u00a0os\u00a0cartos,\u00a0a\u00a0loita\u00a0\u00e9\u00a0voraz\u00a0e\u00a0conv\u00e9rtesenun\u00a0proceder\u00a0inhumano\u00a0e\u00a0asasino\",\"breadcrumb\":{\"@id\":\"https:\\\/\\\/www.anovapeneira.gal\\\/index.php\\\/2022\\\/08\\\/22\\\/xa-logo-cobraran-por-respirar\\\/#breadcrumb\"},\"inLanguage\":\"gl-ES\",\"potentialAction\":[{\"@type\":\"ReadAction\",\"target\":[\"https:\\\/\\\/www.anovapeneira.gal\\\/index.php\\\/2022\\\/08\\\/22\\\/xa-logo-cobraran-por-respirar\\\/\"]}]},{\"@type\":\"ImageObject\",\"inLanguage\":\"gl-ES\",\"@id\":\"https:\\\/\\\/www.anovapeneira.gal\\\/index.php\\\/2022\\\/08\\\/22\\\/xa-logo-cobraran-por-respirar\\\/#primaryimage\",\"url\":\"https:\\\/\\\/www.anovapeneira.gal\\\/wp-content\\\/uploads\\\/2019\\\/07\\\/ARTIGO_DE_OPINION_A_NOVA_PENEIRA.jpg\",\"contentUrl\":\"https:\\\/\\\/www.anovapeneira.gal\\\/wp-content\\\/uploads\\\/2019\\\/07\\\/ARTIGO_DE_OPINION_A_NOVA_PENEIRA.jpg\",\"width\":720,\"height\":473,\"caption\":\"Artigo de opini\u00f3n A Nova Peneira\"},{\"@type\":\"BreadcrumbList\",\"@id\":\"https:\\\/\\\/www.anovapeneira.gal\\\/index.php\\\/2022\\\/08\\\/22\\\/xa-logo-cobraran-por-respirar\\\/#breadcrumb\",\"itemListElement\":[{\"@type\":\"ListItem\",\"position\":1,\"name\":\"Portada\",\"item\":\"https:\\\/\\\/www.anovapeneira.gal\\\/\"},{\"@type\":\"ListItem\",\"position\":2,\"name\":\"Xa\u00a0logo\u00a0cobrar\u00e1n\u00a0por\u00a0respirar\"}]},{\"@type\":\"WebSite\",\"@id\":\"https:\\\/\\\/www.anovapeneira.gal\\\/#website\",\"url\":\"https:\\\/\\\/www.anovapeneira.gal\\\/\",\"name\":\"\",\"description\":\"Xornal galego de informaci\u00f3n xeral Publicaci\u00f3n mensual de novas de Galicia e en especial dos Concellos da sur da provincia de Pontevedra.\",\"publisher\":{\"@id\":\"https:\\\/\\\/www.anovapeneira.gal\\\/#organization\"},\"potentialAction\":[{\"@type\":\"SearchAction\",\"target\":{\"@type\":\"EntryPoint\",\"urlTemplate\":\"https:\\\/\\\/www.anovapeneira.gal\\\/?s={search_term_string}\"},\"query-input\":{\"@type\":\"PropertyValueSpecification\",\"valueRequired\":true,\"valueName\":\"search_term_string\"}}],\"inLanguage\":\"gl-ES\"},{\"@type\":\"Organization\",\"@id\":\"https:\\\/\\\/www.anovapeneira.gal\\\/#organization\",\"name\":\"A Nova Peneira\",\"url\":\"https:\\\/\\\/www.anovapeneira.gal\\\/\",\"logo\":{\"@type\":\"ImageObject\",\"inLanguage\":\"gl-ES\",\"@id\":\"https:\\\/\\\/www.anovapeneira.gal\\\/#\\\/schema\\\/logo\\\/image\\\/\",\"url\":\"http:\\\/\\\/www.anovapeneira.gal\\\/wp-content\\\/uploads\\\/2019\\\/06\\\/logo_a_nova_peneira_portal_web.png\",\"contentUrl\":\"http:\\\/\\\/www.anovapeneira.gal\\\/wp-content\\\/uploads\\\/2019\\\/06\\\/logo_a_nova_peneira_portal_web.png\",\"width\":300,\"height\":100,\"caption\":\"A Nova Peneira\"},\"image\":{\"@id\":\"https:\\\/\\\/www.anovapeneira.gal\\\/#\\\/schema\\\/logo\\\/image\\\/\"},\"sameAs\":[\"https:\\\/\\\/www.facebook.com\\\/anovapeneira\",\"https:\\\/\\\/x.com\\\/APeneira\"]},{\"@type\":\"Person\",\"@id\":\"https:\\\/\\\/www.anovapeneira.gal\\\/#\\\/schema\\\/person\\\/b051ed40cfc100e281476674783b32fc\",\"name\":\"Baldomero Iglesias Dobarrio, Mero\",\"image\":{\"@type\":\"ImageObject\",\"inLanguage\":\"gl-ES\",\"@id\":\"https:\\\/\\\/secure.gravatar.com\\\/avatar\\\/ca78fc089f8cf28197f88de2c9ac213e2f7d2097d8e359d9359b8778b539c59d?s=96&d=mm&r=g\",\"url\":\"https:\\\/\\\/secure.gravatar.com\\\/avatar\\\/ca78fc089f8cf28197f88de2c9ac213e2f7d2097d8e359d9359b8778b539c59d?s=96&d=mm&r=g\",\"contentUrl\":\"https:\\\/\\\/secure.gravatar.com\\\/avatar\\\/ca78fc089f8cf28197f88de2c9ac213e2f7d2097d8e359d9359b8778b539c59d?s=96&d=mm&r=g\",\"caption\":\"Baldomero Iglesias Dobarrio, Mero\"},\"sameAs\":[\"http:\\\/\\\/anovapeneira.gal\"],\"url\":\"https:\\\/\\\/www.anovapeneira.gal\\\/index.php\\\/author\\\/opinionmero\\\/\"}]}<\/script>\n<!-- \/ Yoast SEO plugin. -->","yoast_head_json":{"title":"Xa\u00a0logo\u00a0cobrar\u00e1n\u00a0por\u00a0respirar -","description":"O\u00a0impulso\u00a0a\u00a0ga\u00f1ar,\u00a0a\u00a0competir,\u00a0a\u00a0vencer,\u00a0a\u00a0superar\u00a0aos\u00a0demais\u00a0v\u00f3lvenosparvos.\u00a0Cando\u00a0o\u00a0obxectivo\u00a0son\u00a0os\u00a0cartos,\u00a0a\u00a0loita\u00a0\u00e9\u00a0voraz\u00a0e\u00a0conv\u00e9rtesenun\u00a0proceder\u00a0inhumano\u00a0e\u00a0asasino","robots":{"index":"index","follow":"follow","max-snippet":"max-snippet:-1","max-image-preview":"max-image-preview:large","max-video-preview":"max-video-preview:-1"},"canonical":"https:\/\/www.anovapeneira.gal\/index.php\/2022\/08\/22\/xa-logo-cobraran-por-respirar\/","og_locale":"gl_ES","og_type":"article","og_title":"Xa\u00a0logo\u00a0cobrar\u00e1n\u00a0por\u00a0respirar -","og_description":"O\u00a0impulso\u00a0a\u00a0ga\u00f1ar,\u00a0a\u00a0competir,\u00a0a\u00a0vencer,\u00a0a\u00a0superar\u00a0aos\u00a0demais\u00a0v\u00f3lvenosparvos.\u00a0Cando\u00a0o\u00a0obxectivo\u00a0son\u00a0os\u00a0cartos,\u00a0a\u00a0loita\u00a0\u00e9\u00a0voraz\u00a0e\u00a0conv\u00e9rtesenun\u00a0proceder\u00a0inhumano\u00a0e\u00a0asasino","og_url":"https:\/\/www.anovapeneira.gal\/index.php\/2022\/08\/22\/xa-logo-cobraran-por-respirar\/","article_publisher":"https:\/\/www.facebook.com\/anovapeneira","article_published_time":"2022-08-22T10:00:44+00:00","article_modified_time":"2022-08-22T19:07:23+00:00","og_image":[{"width":720,"height":473,"url":"https:\/\/www.anovapeneira.gal\/wp-content\/uploads\/2019\/07\/ARTIGO_DE_OPINION_A_NOVA_PENEIRA.jpg","type":"image\/jpeg"}],"author":"Baldomero Iglesias Dobarrio, Mero","twitter_card":"summary_large_image","twitter_image":"https:\/\/www.anovapeneira.gal\/wp-content\/uploads\/2019\/07\/ARTIGO_DE_OPINION_A_NOVA_PENEIRA.jpg","twitter_creator":"@APeneira","twitter_site":"@APeneira","twitter_misc":{"Escrito por":"Baldomero Iglesias Dobarrio, Mero","Tempo de lectura":"5 minutos"},"schema":{"@context":"https:\/\/schema.org","@graph":[{"@type":"Article","@id":"https:\/\/www.anovapeneira.gal\/index.php\/2022\/08\/22\/xa-logo-cobraran-por-respirar\/#article","isPartOf":{"@id":"https:\/\/www.anovapeneira.gal\/index.php\/2022\/08\/22\/xa-logo-cobraran-por-respirar\/"},"author":{"name":"Baldomero Iglesias Dobarrio, Mero","@id":"https:\/\/www.anovapeneira.gal\/#\/schema\/person\/b051ed40cfc100e281476674783b32fc"},"headline":"Xa\u00a0logo\u00a0cobrar\u00e1n\u00a0por\u00a0respirar","datePublished":"2022-08-22T10:00:44+00:00","dateModified":"2022-08-22T19:07:23+00:00","mainEntityOfPage":{"@id":"https:\/\/www.anovapeneira.gal\/index.php\/2022\/08\/22\/xa-logo-cobraran-por-respirar\/"},"wordCount":924,"commentCount":0,"publisher":{"@id":"https:\/\/www.anovapeneira.gal\/#organization"},"image":{"@id":"https:\/\/www.anovapeneira.gal\/index.php\/2022\/08\/22\/xa-logo-cobraran-por-respirar\/#primaryimage"},"thumbnailUrl":"https:\/\/www.anovapeneira.gal\/wp-content\/uploads\/2019\/07\/ARTIGO_DE_OPINION_A_NOVA_PENEIRA.jpg","articleSection":["Artigos de opini\u00f3n"],"inLanguage":"gl-ES","potentialAction":[{"@type":"CommentAction","name":"Comment","target":["https:\/\/www.anovapeneira.gal\/index.php\/2022\/08\/22\/xa-logo-cobraran-por-respirar\/#respond"]}]},{"@type":"WebPage","@id":"https:\/\/www.anovapeneira.gal\/index.php\/2022\/08\/22\/xa-logo-cobraran-por-respirar\/","url":"https:\/\/www.anovapeneira.gal\/index.php\/2022\/08\/22\/xa-logo-cobraran-por-respirar\/","name":"Xa\u00a0logo\u00a0cobrar\u00e1n\u00a0por\u00a0respirar -","isPartOf":{"@id":"https:\/\/www.anovapeneira.gal\/#website"},"primaryImageOfPage":{"@id":"https:\/\/www.anovapeneira.gal\/index.php\/2022\/08\/22\/xa-logo-cobraran-por-respirar\/#primaryimage"},"image":{"@id":"https:\/\/www.anovapeneira.gal\/index.php\/2022\/08\/22\/xa-logo-cobraran-por-respirar\/#primaryimage"},"thumbnailUrl":"https:\/\/www.anovapeneira.gal\/wp-content\/uploads\/2019\/07\/ARTIGO_DE_OPINION_A_NOVA_PENEIRA.jpg","datePublished":"2022-08-22T10:00:44+00:00","dateModified":"2022-08-22T19:07:23+00:00","description":"O\u00a0impulso\u00a0a\u00a0ga\u00f1ar,\u00a0a\u00a0competir,\u00a0a\u00a0vencer,\u00a0a\u00a0superar\u00a0aos\u00a0demais\u00a0v\u00f3lvenosparvos.\u00a0Cando\u00a0o\u00a0obxectivo\u00a0son\u00a0os\u00a0cartos,\u00a0a\u00a0loita\u00a0\u00e9\u00a0voraz\u00a0e\u00a0conv\u00e9rtesenun\u00a0proceder\u00a0inhumano\u00a0e\u00a0asasino","breadcrumb":{"@id":"https:\/\/www.anovapeneira.gal\/index.php\/2022\/08\/22\/xa-logo-cobraran-por-respirar\/#breadcrumb"},"inLanguage":"gl-ES","potentialAction":[{"@type":"ReadAction","target":["https:\/\/www.anovapeneira.gal\/index.php\/2022\/08\/22\/xa-logo-cobraran-por-respirar\/"]}]},{"@type":"ImageObject","inLanguage":"gl-ES","@id":"https:\/\/www.anovapeneira.gal\/index.php\/2022\/08\/22\/xa-logo-cobraran-por-respirar\/#primaryimage","url":"https:\/\/www.anovapeneira.gal\/wp-content\/uploads\/2019\/07\/ARTIGO_DE_OPINION_A_NOVA_PENEIRA.jpg","contentUrl":"https:\/\/www.anovapeneira.gal\/wp-content\/uploads\/2019\/07\/ARTIGO_DE_OPINION_A_NOVA_PENEIRA.jpg","width":720,"height":473,"caption":"Artigo de opini\u00f3n A Nova Peneira"},{"@type":"BreadcrumbList","@id":"https:\/\/www.anovapeneira.gal\/index.php\/2022\/08\/22\/xa-logo-cobraran-por-respirar\/#breadcrumb","itemListElement":[{"@type":"ListItem","position":1,"name":"Portada","item":"https:\/\/www.anovapeneira.gal\/"},{"@type":"ListItem","position":2,"name":"Xa\u00a0logo\u00a0cobrar\u00e1n\u00a0por\u00a0respirar"}]},{"@type":"WebSite","@id":"https:\/\/www.anovapeneira.gal\/#website","url":"https:\/\/www.anovapeneira.gal\/","name":"","description":"Xornal galego de informaci\u00f3n xeral Publicaci\u00f3n mensual de novas de Galicia e en especial dos Concellos da sur da provincia de Pontevedra.","publisher":{"@id":"https:\/\/www.anovapeneira.gal\/#organization"},"potentialAction":[{"@type":"SearchAction","target":{"@type":"EntryPoint","urlTemplate":"https:\/\/www.anovapeneira.gal\/?s={search_term_string}"},"query-input":{"@type":"PropertyValueSpecification","valueRequired":true,"valueName":"search_term_string"}}],"inLanguage":"gl-ES"},{"@type":"Organization","@id":"https:\/\/www.anovapeneira.gal\/#organization","name":"A Nova Peneira","url":"https:\/\/www.anovapeneira.gal\/","logo":{"@type":"ImageObject","inLanguage":"gl-ES","@id":"https:\/\/www.anovapeneira.gal\/#\/schema\/logo\/image\/","url":"http:\/\/www.anovapeneira.gal\/wp-content\/uploads\/2019\/06\/logo_a_nova_peneira_portal_web.png","contentUrl":"http:\/\/www.anovapeneira.gal\/wp-content\/uploads\/2019\/06\/logo_a_nova_peneira_portal_web.png","width":300,"height":100,"caption":"A Nova Peneira"},"image":{"@id":"https:\/\/www.anovapeneira.gal\/#\/schema\/logo\/image\/"},"sameAs":["https:\/\/www.facebook.com\/anovapeneira","https:\/\/x.com\/APeneira"]},{"@type":"Person","@id":"https:\/\/www.anovapeneira.gal\/#\/schema\/person\/b051ed40cfc100e281476674783b32fc","name":"Baldomero Iglesias Dobarrio, Mero","image":{"@type":"ImageObject","inLanguage":"gl-ES","@id":"https:\/\/secure.gravatar.com\/avatar\/ca78fc089f8cf28197f88de2c9ac213e2f7d2097d8e359d9359b8778b539c59d?s=96&d=mm&r=g","url":"https:\/\/secure.gravatar.com\/avatar\/ca78fc089f8cf28197f88de2c9ac213e2f7d2097d8e359d9359b8778b539c59d?s=96&d=mm&r=g","contentUrl":"https:\/\/secure.gravatar.com\/avatar\/ca78fc089f8cf28197f88de2c9ac213e2f7d2097d8e359d9359b8778b539c59d?s=96&d=mm&r=g","caption":"Baldomero Iglesias Dobarrio, Mero"},"sameAs":["http:\/\/anovapeneira.gal"],"url":"https:\/\/www.anovapeneira.gal\/index.php\/author\/opinionmero\/"}]}},"jetpack_featured_media_url":"https:\/\/www.anovapeneira.gal\/wp-content\/uploads\/2019\/07\/ARTIGO_DE_OPINION_A_NOVA_PENEIRA.jpg","_links":{"self":[{"href":"https:\/\/www.anovapeneira.gal\/index.php\/wp-json\/wp\/v2\/posts\/8000","targetHints":{"allow":["GET"]}}],"collection":[{"href":"https:\/\/www.anovapeneira.gal\/index.php\/wp-json\/wp\/v2\/posts"}],"about":[{"href":"https:\/\/www.anovapeneira.gal\/index.php\/wp-json\/wp\/v2\/types\/post"}],"author":[{"embeddable":true,"href":"https:\/\/www.anovapeneira.gal\/index.php\/wp-json\/wp\/v2\/users\/5"}],"replies":[{"embeddable":true,"href":"https:\/\/www.anovapeneira.gal\/index.php\/wp-json\/wp\/v2\/comments?post=8000"}],"version-history":[{"count":2,"href":"https:\/\/www.anovapeneira.gal\/index.php\/wp-json\/wp\/v2\/posts\/8000\/revisions"}],"predecessor-version":[{"id":8020,"href":"https:\/\/www.anovapeneira.gal\/index.php\/wp-json\/wp\/v2\/posts\/8000\/revisions\/8020"}],"wp:featuredmedia":[{"embeddable":true,"href":"https:\/\/www.anovapeneira.gal\/index.php\/wp-json\/wp\/v2\/media\/584"}],"wp:attachment":[{"href":"https:\/\/www.anovapeneira.gal\/index.php\/wp-json\/wp\/v2\/media?parent=8000"}],"wp:term":[{"taxonomy":"category","embeddable":true,"href":"https:\/\/www.anovapeneira.gal\/index.php\/wp-json\/wp\/v2\/categories?post=8000"},{"taxonomy":"post_tag","embeddable":true,"href":"https:\/\/www.anovapeneira.gal\/index.php\/wp-json\/wp\/v2\/tags?post=8000"}],"curies":[{"name":"wp","href":"https:\/\/api.w.org\/{rel}","templated":true}]}}