{"id":8002,"date":"2022-08-23T10:00:21","date_gmt":"2022-08-23T08:00:21","guid":{"rendered":"https:\/\/www.anovapeneira.gal\/?p=8002"},"modified":"2022-08-18T08:40:58","modified_gmt":"2022-08-18T06:40:58","slug":"na-nosa-memoria","status":"publish","type":"post","link":"https:\/\/www.anovapeneira.gal\/index.php\/2022\/08\/23\/na-nosa-memoria\/","title":{"rendered":"Na\u00a0nosa\u00a0memoria"},"content":{"rendered":"\n<p>Manuel&nbsp;Celso&nbsp;Garrido&nbsp;Rodr\u00edguez,activista&nbsp;pol\u00edtico&nbsp;durante&nbsp;aRep\u00fablica,&nbsp;escasamente&nbsp;co\u00f1ecido,&nbsp;e&nbsp;hoxe&nbsp;homenaxeado&nbsp;polo&nbsp;xornal,&nbsp;ANova&nbsp;Peneira&nbsp;\u00a1A&nbsp;Nosa!,&nbsp;que&nbsp;se&nbsp;fai&nbsp;grande&nbsp;na&nbsp;elaboraci\u00f3n&nbsp;deste&nbsp;artigo,por&nbsp;certo,&nbsp;tan&nbsp;escasos.&nbsp;A&nbsp;excepci\u00f3n&nbsp;da&nbsp;s\u00faa&nbsp;inclusi\u00f3n&nbsp;no&nbsp;Dicionario&nbsp;daL\u00edngua&nbsp;Galega,&nbsp;Tomo&nbsp;1&nbsp;(Autores);&nbsp;e&nbsp;na&nbsp;ponencia,&nbsp;sobre&nbsp;a&nbsp;s\u00faa&nbsp;vida&nbsp;eobra,&nbsp;presentada&nbsp;por&nbsp;Marivel&nbsp;Freire&nbsp;Freire,&nbsp;no&nbsp;Congreso&nbsp;Internacional&nbsp;OExilio&nbsp;Galego,&nbsp;celebrado&nbsp;en&nbsp;Compostela,&nbsp;e&nbsp;no&nbsp;Libro&nbsp;\u201cProtagonistasdunha&nbsp;epopea&nbsp;colectiva\u201d&nbsp;de&nbsp;Lois&nbsp;P\u00e9rez&nbsp;Leira.<\/p>\n\n\n\n<p>E,\u00a0como\u00a0non\u00a0debe\u00a0permitirse\u00a0que\u00a0a\u00a0s\u00faa\u00a0obra\u00a0e\u00a0vida,\u00a0pase\u00a0desapercibida,aqu\u00ed\u00a0est\u00e1\u00a0A\u00a0Nova\u00a0Peneira\u00a0\u00a1A\u00a0Nosa!,\u00a0como\u00a0portavoz\u00a0do\u00a0que\u00a0fixera\u00a0o\u00a0BNG en\u00a0A\u00a0Merca\u00a0o\u00a024-04-1.999,\u00a0coa\u00a0participaci\u00f3n\u00a0de\u00a0Mill\u00e1n\u00a0Picouto\u00a0e\u00a0LoisP\u00e9rez\u00a0Leira,\u00a0para\u00a0quen\u00a0van\u00a0os\u00a0nosos\u00a0reco\u00f1ecementos.\u00a0E,\u00a0non\u00a0poder\u00edamosdarlle\u00a0mellor\u00a0final\u00a0o\u00a0artigo\u00a0que\u00a0o\u00a0suscrito\u00a0pola\u00a0s\u00faa\u00a0filla\u00a0Rula\u00a0falandodo\u00a0seu\u00a0pai.<\/p>\n\n\n\n<p>Estamos&nbsp;todos&nbsp;con&nbsp;el,&nbsp;porque&nbsp;\u201cforon&nbsp;para&nbsp;sempre&nbsp;tempos&nbsp;nos&nbsp;que&nbsp;osgalegos,&nbsp;coma&nbsp;coitadi\u00f1os,&nbsp;coma&nbsp;quen&nbsp;pide&nbsp;esmola,&nbsp;preg\u00e1bamosmansei\u00f1amente&nbsp;o&nbsp;que&nbsp;ti\u00f1amos&nbsp;dereito&nbsp;incuestionable&nbsp;a&nbsp;lograr&nbsp;e&nbsp;exixirsen&nbsp;contemplaci\u00f3n\u201d.<\/p>\n\n\n\n<p>Agradecemos&nbsp;A&nbsp;Nova&nbsp;Peneira&nbsp;\u00a1A&nbsp;Nosa!,&nbsp;e&nbsp;a&nbsp;s\u00faa&nbsp;filla&nbsp;Rula,&nbsp;a&nbsp;s\u00faacolaboraci\u00f3n,&nbsp;esperando&nbsp;que&nbsp;dende&nbsp;\u201cO&nbsp;Condado&nbsp;de&nbsp;Salvaterra&nbsp;doMi\u00f1o\u201d,&nbsp;comparta&nbsp;con&nbsp;n\u00f3s,&nbsp;unha&nbsp;cunca&nbsp;de&nbsp;vi\u00f1o&nbsp;albari\u00f1o&nbsp;con&nbsp;unharaci\u00f3n&nbsp;de&nbsp;polbo&nbsp;a&nbsp;feira,&nbsp;ata&nbsp;a&nbsp;localidade&nbsp;de&nbsp;A&nbsp;Merca.&nbsp;Que&nbsp;saibaRula,que&nbsp;o&nbsp;seu&nbsp;pai&nbsp;Manuel&nbsp;Celso&nbsp;Garrido&nbsp;Rodr\u00edguez,&nbsp;est\u00e1&nbsp;nos\u201cExiliados&nbsp;Galegos\u201d&nbsp;da&nbsp;Federaci\u00f3n&nbsp;de&nbsp;Sociedades&nbsp;Galegas&nbsp;daArxentina,&nbsp;asi&nbsp;como&nbsp;no&nbsp;achegamento&nbsp;de&nbsp;Marivel&nbsp;Freire&nbsp;Freire,&nbsp;coa&nbsp;s\u00faaobra&nbsp;e&nbsp;vida.<\/p>\n\n\n\n<p>Non&nbsp;esqueceremos&nbsp;aqueles&nbsp;principios&nbsp;do&nbsp;s\u00e9culo&nbsp;XX,&nbsp;do&nbsp;noso&nbsp;Manuel&nbsp;Celso,tan&nbsp;parecida&nbsp;a&nbsp;nosa&nbsp;infancia&nbsp;e&nbsp;xuventude,&nbsp;menos&nbsp;o&nbsp;exilio&nbsp;a&nbsp;Chile&nbsp;o25-12-1.957,&nbsp;pero&nbsp;nos&nbsp;quedamos&nbsp;coa&nbsp;lembranza&nbsp;da&nbsp;s\u00faa&nbsp;nai:&nbsp;A&nbsp;mi&nbsp;atacoumeun&nbsp;adarme&nbsp;de&nbsp;insomnio&nbsp;e&nbsp;voei&nbsp;imaxinariamente&nbsp;a&nbsp;mi\u00f1a&nbsp;terra&nbsp;natal,&nbsp;e&nbsp;ami\u00f1a&nbsp;infancia;&nbsp;sent\u00edn&nbsp;fisicamente&nbsp;o&nbsp;instante&nbsp;o&nbsp;vo&nbsp;alegre&nbsp;das&nbsp;camp\u00e1sda&nbsp;mi\u00f1a&nbsp;aldea.&nbsp;As&nbsp;vin&nbsp;voltear&nbsp;na&nbsp;esvelta&nbsp;espada\u00f1a,&nbsp;e&nbsp;escoitei&nbsp;\u00a1Porfin!&nbsp;Entre&nbsp;so\u00f1o&nbsp;a&nbsp;voz&nbsp;suave&nbsp;da&nbsp;mi\u00f1a&nbsp;nai,&nbsp;que&nbsp;me&nbsp;dic\u00eda&nbsp;cari\u00f1osamentede&nbsp;cando&nbsp;era&nbsp;neno:&nbsp;\u201cCelsi\u00f1o&nbsp;se&nbsp;sempre&nbsp;bo,&nbsp;se&nbsp;sempre&nbsp;bo&nbsp;e&nbsp;ser\u00e1sfeliz\u201d.&nbsp;E&nbsp;arrollado&nbsp;no&nbsp;seu&nbsp;consello,&nbsp;me&nbsp;durm\u00edn.<\/p>\n\n\n\n<p>Dezasete&nbsp;anos&nbsp;maior&nbsp;que&nbsp;eu&nbsp;(4-11-1.915)&nbsp;en&nbsp;A&nbsp;Merca,&nbsp;eu,&nbsp;(17-01-1.932)&nbsp;enFornelos&nbsp;da&nbsp;Ribeira,&nbsp;est\u00e1&nbsp;vixente&nbsp;ser&nbsp;dem\u00f3crata,&nbsp;cristi\u00e1&nbsp;e&nbsp;anteclerical.&nbsp;E&nbsp;venme&nbsp;a&nbsp;memoria&nbsp;aquela&nbsp;frase:&nbsp;Ser&nbsp;cura&nbsp;non&nbsp;\u00e9&nbsp;cal&nbsp;quercousa,&nbsp;e&nbsp;fai&nbsp;mais&nbsp;dano&nbsp;a&nbsp;relixi\u00f3n&nbsp;un&nbsp;ministro&nbsp;perverso,&nbsp;dos&nbsp;quedesgraciadamente&nbsp;temos,&nbsp;que&nbsp;os&nbsp;ateos.&nbsp;Cal&nbsp;quer&nbsp;cousa&nbsp;menos&nbsp;cura.&nbsp;Asitam\u00e9n&nbsp;me&nbsp;pasara&nbsp;a&nbsp;min.<\/p>\n\n\n\n<p>L\u00e9mbrome&nbsp;da&nbsp;s\u00faa&nbsp;militancia&nbsp;activa,&nbsp;baixo&nbsp;a&nbsp;figura&nbsp;de&nbsp;don&nbsp;Ram\u00f3n&nbsp;OteroPedrayo,&nbsp;asi&nbsp;como&nbsp;da&nbsp;s\u00faa&nbsp;xuventude&nbsp;defendendo&nbsp;a&nbsp;rep\u00fablica,politicamente&nbsp;de&nbsp;esquerda&nbsp;republicana,&nbsp;partido&nbsp;burgu\u00e9s&nbsp;de&nbsp;esquerda,sendo&nbsp;inimigo&nbsp;dos&nbsp;totalitarismos&nbsp;da&nbsp;cor&nbsp;que&nbsp;sexan.<\/p>\n\n\n\n<p>L\u00e9mbrome&nbsp;hoxe,&nbsp;aos&nbsp;meus&nbsp;anos,&nbsp;daquela&nbsp;ma\u00f1\u00e1&nbsp;de&nbsp;xu\u00f1o&nbsp;do&nbsp;1.940&nbsp;candocon&nbsp;dous&nbsp;republicanos&nbsp;cautelosos&nbsp;cos&nbsp;pes&nbsp;e&nbsp;o&nbsp;coraz\u00f3n&nbsp;dorido&nbsp;\u00edascami\u00f1o&nbsp;do&nbsp;exilio,&nbsp;buscando&nbsp;a&nbsp;liberdade.&nbsp;Viaxe&nbsp;dif\u00edcil&nbsp;porque&nbsp;na&nbsp;s\u00faaterra&nbsp;non&nbsp;pod\u00eda&nbsp;vivir&nbsp;asfixiado&nbsp;espiritualmente.<\/p>\n\n\n\n<p>\u00a1Sa\u00fados&nbsp;irm\u00e1s!&nbsp;Sa\u00fados.&nbsp;As&nbsp;ideas&nbsp;non&nbsp;se&nbsp;matan.<\/p>\n\n\n\n<p>Por&nbsp;iso,&nbsp;l\u00e9mbrome&nbsp;do&nbsp;seu&nbsp;primeiro&nbsp;artigo&nbsp;no&nbsp;Semanario,&nbsp;Galicia:Evocaci\u00f3n&nbsp;triste&nbsp;dun&nbsp;refuxiado.&nbsp;E&nbsp;tam\u00e9n,&nbsp;porque&nbsp;a&nbsp;nosa&nbsp;xente&nbsp;emigrantehaina&nbsp;que&nbsp;falarlle&nbsp;e&nbsp;darlle&nbsp;noticias&nbsp;da&nbsp;aldea.<\/p>\n\n\n\n<p>Amigos:&nbsp;A&nbsp;s\u00faa&nbsp;presenza&nbsp;garimosa&nbsp;e&nbsp;inesquecible,&nbsp;nos&nbsp;fai&nbsp;felices,optimistas&nbsp;e&nbsp;eternos&nbsp;para&nbsp;sempre.<\/p>\n\n\n\n<p>Felicitamos&nbsp;A&nbsp;Nova&nbsp;Peneira,&nbsp;\u00a1A&nbsp;nosa!&nbsp;Por&nbsp;deixarnos&nbsp;revivir&nbsp;todo&nbsp;aqueloque&nbsp;deixamos&nbsp;atr\u00e1s,&nbsp;para&nbsp;que&nbsp;serva&nbsp;de&nbsp;sementeira,&nbsp;e&nbsp;que&nbsp;nos&nbsp;deixe&nbsp;caera&nbsp;semente,&nbsp;que&nbsp;ma\u00f1\u00e1,&nbsp;posiblemente,&nbsp;pode&nbsp;ser&nbsp;fartura&nbsp;e&nbsp;ledicia&nbsp;narecolleita.<\/p>\n","protected":false},"excerpt":{"rendered":"<div class=\"mh-excerpt\"><p>Manuel\u00a0Celso\u00a0Garrido\u00a0Rodr\u00edguez,activista\u00a0pol\u00edtico\u00a0durante\u00a0aRep\u00fablica,\u00a0escasamente\u00a0co\u00f1ecido,\u00a0e\u00a0hoxe\u00a0homenaxeado\u00a0polo\u00a0xornal,\u00a0ANova\u00a0Peneira\u00a0\u00a1A\u00a0Nosa!,\u00a0que\u00a0se\u00a0fai\u00a0grande\u00a0na\u00a0elaboraci\u00f3n\u00a0deste\u00a0artigo,por\u00a0certo,\u00a0tan\u00a0escasos <a class=\"mh-excerpt-more\" href=\"https:\/\/www.anovapeneira.gal\/index.php\/2022\/08\/23\/na-nosa-memoria\/\" title=\"Na\u00a0nosa\u00a0memoria\">[&#8230;]<\/a><\/p>\n<\/div>","protected":false},"author":40,"featured_media":5108,"comment_status":"open","ping_status":"open","sticky":false,"template":"","format":"standard","meta":{"_exactmetrics_skip_tracking":false,"_exactmetrics_sitenote_active":false,"_exactmetrics_sitenote_note":"","_exactmetrics_sitenote_category":0,"footnotes":""},"categories":[7],"tags":[1257],"class_list":{"0":"post-8002","1":"post","2":"type-post","3":"status-publish","4":"format-standard","5":"has-post-thumbnail","7":"category-artigos-de-opinion","8":"tag-manuel-alfonso-estevez"},"yoast_head":"<!-- This site is optimized with the Yoast SEO plugin v27.4 - https:\/\/yoast.com\/product\/yoast-seo-wordpress\/ -->\n<title>Na\u00a0nosa\u00a0memoria -<\/title>\n<meta name=\"description\" content=\"Manuel\u00a0Celso\u00a0Garrido\u00a0Rodr\u00edguez,activista\u00a0pol\u00edtico\u00a0durante\u00a0aRep\u00fablica,\u00a0escasamente\u00a0co\u00f1ecido,\u00a0e\u00a0hoxe\u00a0homenaxeado\u00a0polo\u00a0xornal,\u00a0ANova\u00a0Peneira\u00a0\u00a1A\u00a0Nosa!,\u00a0que\u00a0se\u00a0fai\u00a0grande\u00a0na\u00a0elaboraci\u00f3n\u00a0deste\u00a0artigo,por\u00a0certo,\u00a0tan\u00a0escasos\" \/>\n<meta name=\"robots\" content=\"index, follow, max-snippet:-1, max-image-preview:large, max-video-preview:-1\" \/>\n<link rel=\"canonical\" href=\"https:\/\/www.anovapeneira.gal\/index.php\/2022\/08\/23\/na-nosa-memoria\/\" \/>\n<meta property=\"og:locale\" content=\"gl_ES\" \/>\n<meta property=\"og:type\" content=\"article\" \/>\n<meta property=\"og:title\" content=\"Na\u00a0nosa\u00a0memoria -\" \/>\n<meta property=\"og:description\" content=\"Manuel\u00a0Celso\u00a0Garrido\u00a0Rodr\u00edguez,activista\u00a0pol\u00edtico\u00a0durante\u00a0aRep\u00fablica,\u00a0escasamente\u00a0co\u00f1ecido,\u00a0e\u00a0hoxe\u00a0homenaxeado\u00a0polo\u00a0xornal,\u00a0ANova\u00a0Peneira\u00a0\u00a1A\u00a0Nosa!,\u00a0que\u00a0se\u00a0fai\u00a0grande\u00a0na\u00a0elaboraci\u00f3n\u00a0deste\u00a0artigo,por\u00a0certo,\u00a0tan\u00a0escasos\" \/>\n<meta property=\"og:url\" content=\"https:\/\/www.anovapeneira.gal\/index.php\/2022\/08\/23\/na-nosa-memoria\/\" \/>\n<meta property=\"article:publisher\" content=\"https:\/\/www.facebook.com\/anovapeneira\" \/>\n<meta property=\"article:published_time\" content=\"2022-08-23T08:00:21+00:00\" \/>\n<meta property=\"og:image\" content=\"https:\/\/www.anovapeneira.gal\/wp-content\/uploads\/2021\/03\/manuel_alfonso_estevez.jpg\" \/>\n\t<meta property=\"og:image:width\" content=\"720\" \/>\n\t<meta property=\"og:image:height\" content=\"432\" \/>\n\t<meta property=\"og:image:type\" content=\"image\/jpeg\" \/>\n<meta name=\"author\" content=\"Manuel Alfonso Est\u00e9vez\" \/>\n<meta name=\"twitter:card\" content=\"summary_large_image\" \/>\n<meta name=\"twitter:creator\" content=\"@APeneira\" \/>\n<meta name=\"twitter:site\" content=\"@APeneira\" \/>\n<meta name=\"twitter:label1\" content=\"Escrito por\" \/>\n\t<meta name=\"twitter:data1\" content=\"Manuel Alfonso Est\u00e9vez\" \/>\n\t<meta name=\"twitter:label2\" content=\"Tempo de lectura\" \/>\n\t<meta name=\"twitter:data2\" content=\"3 minutos\" \/>\n<script type=\"application\/ld+json\" class=\"yoast-schema-graph\">{\"@context\":\"https:\\\/\\\/schema.org\",\"@graph\":[{\"@type\":\"Article\",\"@id\":\"https:\\\/\\\/www.anovapeneira.gal\\\/index.php\\\/2022\\\/08\\\/23\\\/na-nosa-memoria\\\/#article\",\"isPartOf\":{\"@id\":\"https:\\\/\\\/www.anovapeneira.gal\\\/index.php\\\/2022\\\/08\\\/23\\\/na-nosa-memoria\\\/\"},\"author\":{\"name\":\"Manuel Alfonso Est\u00e9vez\",\"@id\":\"https:\\\/\\\/www.anovapeneira.gal\\\/#\\\/schema\\\/person\\\/6561b93d53e7a32f5d814768163bae2a\"},\"headline\":\"Na\u00a0nosa\u00a0memoria\",\"datePublished\":\"2022-08-23T08:00:21+00:00\",\"mainEntityOfPage\":{\"@id\":\"https:\\\/\\\/www.anovapeneira.gal\\\/index.php\\\/2022\\\/08\\\/23\\\/na-nosa-memoria\\\/\"},\"wordCount\":1101,\"commentCount\":0,\"publisher\":{\"@id\":\"https:\\\/\\\/www.anovapeneira.gal\\\/#organization\"},\"image\":{\"@id\":\"https:\\\/\\\/www.anovapeneira.gal\\\/index.php\\\/2022\\\/08\\\/23\\\/na-nosa-memoria\\\/#primaryimage\"},\"thumbnailUrl\":\"https:\\\/\\\/www.anovapeneira.gal\\\/wp-content\\\/uploads\\\/2021\\\/03\\\/manuel_alfonso_estevez.jpg\",\"keywords\":[\"Manuel Alfonso Est\u00e9vez\"],\"articleSection\":[\"Artigos de opini\u00f3n\"],\"inLanguage\":\"gl-ES\",\"potentialAction\":[{\"@type\":\"CommentAction\",\"name\":\"Comment\",\"target\":[\"https:\\\/\\\/www.anovapeneira.gal\\\/index.php\\\/2022\\\/08\\\/23\\\/na-nosa-memoria\\\/#respond\"]}]},{\"@type\":\"WebPage\",\"@id\":\"https:\\\/\\\/www.anovapeneira.gal\\\/index.php\\\/2022\\\/08\\\/23\\\/na-nosa-memoria\\\/\",\"url\":\"https:\\\/\\\/www.anovapeneira.gal\\\/index.php\\\/2022\\\/08\\\/23\\\/na-nosa-memoria\\\/\",\"name\":\"Na\u00a0nosa\u00a0memoria -\",\"isPartOf\":{\"@id\":\"https:\\\/\\\/www.anovapeneira.gal\\\/#website\"},\"primaryImageOfPage\":{\"@id\":\"https:\\\/\\\/www.anovapeneira.gal\\\/index.php\\\/2022\\\/08\\\/23\\\/na-nosa-memoria\\\/#primaryimage\"},\"image\":{\"@id\":\"https:\\\/\\\/www.anovapeneira.gal\\\/index.php\\\/2022\\\/08\\\/23\\\/na-nosa-memoria\\\/#primaryimage\"},\"thumbnailUrl\":\"https:\\\/\\\/www.anovapeneira.gal\\\/wp-content\\\/uploads\\\/2021\\\/03\\\/manuel_alfonso_estevez.jpg\",\"datePublished\":\"2022-08-23T08:00:21+00:00\",\"description\":\"Manuel\u00a0Celso\u00a0Garrido\u00a0Rodr\u00edguez,activista\u00a0pol\u00edtico\u00a0durante\u00a0aRep\u00fablica,\u00a0escasamente\u00a0co\u00f1ecido,\u00a0e\u00a0hoxe\u00a0homenaxeado\u00a0polo\u00a0xornal,\u00a0ANova\u00a0Peneira\u00a0\u00a1A\u00a0Nosa!,\u00a0que\u00a0se\u00a0fai\u00a0grande\u00a0na\u00a0elaboraci\u00f3n\u00a0deste\u00a0artigo,por\u00a0certo,\u00a0tan\u00a0escasos\",\"breadcrumb\":{\"@id\":\"https:\\\/\\\/www.anovapeneira.gal\\\/index.php\\\/2022\\\/08\\\/23\\\/na-nosa-memoria\\\/#breadcrumb\"},\"inLanguage\":\"gl-ES\",\"potentialAction\":[{\"@type\":\"ReadAction\",\"target\":[\"https:\\\/\\\/www.anovapeneira.gal\\\/index.php\\\/2022\\\/08\\\/23\\\/na-nosa-memoria\\\/\"]}]},{\"@type\":\"ImageObject\",\"inLanguage\":\"gl-ES\",\"@id\":\"https:\\\/\\\/www.anovapeneira.gal\\\/index.php\\\/2022\\\/08\\\/23\\\/na-nosa-memoria\\\/#primaryimage\",\"url\":\"https:\\\/\\\/www.anovapeneira.gal\\\/wp-content\\\/uploads\\\/2021\\\/03\\\/manuel_alfonso_estevez.jpg\",\"contentUrl\":\"https:\\\/\\\/www.anovapeneira.gal\\\/wp-content\\\/uploads\\\/2021\\\/03\\\/manuel_alfonso_estevez.jpg\",\"width\":720,\"height\":432,\"caption\":\"Manuel Alfonso Est\u00e9vez. Historia viva de Fornelos da Ribeira\"},{\"@type\":\"BreadcrumbList\",\"@id\":\"https:\\\/\\\/www.anovapeneira.gal\\\/index.php\\\/2022\\\/08\\\/23\\\/na-nosa-memoria\\\/#breadcrumb\",\"itemListElement\":[{\"@type\":\"ListItem\",\"position\":1,\"name\":\"Portada\",\"item\":\"https:\\\/\\\/www.anovapeneira.gal\\\/\"},{\"@type\":\"ListItem\",\"position\":2,\"name\":\"Na\u00a0nosa\u00a0memoria\"}]},{\"@type\":\"WebSite\",\"@id\":\"https:\\\/\\\/www.anovapeneira.gal\\\/#website\",\"url\":\"https:\\\/\\\/www.anovapeneira.gal\\\/\",\"name\":\"\",\"description\":\"Xornal galego de informaci\u00f3n xeral Publicaci\u00f3n mensual de novas de Galicia e en especial dos Concellos da sur da provincia de Pontevedra.\",\"publisher\":{\"@id\":\"https:\\\/\\\/www.anovapeneira.gal\\\/#organization\"},\"potentialAction\":[{\"@type\":\"SearchAction\",\"target\":{\"@type\":\"EntryPoint\",\"urlTemplate\":\"https:\\\/\\\/www.anovapeneira.gal\\\/?s={search_term_string}\"},\"query-input\":{\"@type\":\"PropertyValueSpecification\",\"valueRequired\":true,\"valueName\":\"search_term_string\"}}],\"inLanguage\":\"gl-ES\"},{\"@type\":\"Organization\",\"@id\":\"https:\\\/\\\/www.anovapeneira.gal\\\/#organization\",\"name\":\"A Nova Peneira\",\"url\":\"https:\\\/\\\/www.anovapeneira.gal\\\/\",\"logo\":{\"@type\":\"ImageObject\",\"inLanguage\":\"gl-ES\",\"@id\":\"https:\\\/\\\/www.anovapeneira.gal\\\/#\\\/schema\\\/logo\\\/image\\\/\",\"url\":\"http:\\\/\\\/www.anovapeneira.gal\\\/wp-content\\\/uploads\\\/2019\\\/06\\\/logo_a_nova_peneira_portal_web.png\",\"contentUrl\":\"http:\\\/\\\/www.anovapeneira.gal\\\/wp-content\\\/uploads\\\/2019\\\/06\\\/logo_a_nova_peneira_portal_web.png\",\"width\":300,\"height\":100,\"caption\":\"A Nova Peneira\"},\"image\":{\"@id\":\"https:\\\/\\\/www.anovapeneira.gal\\\/#\\\/schema\\\/logo\\\/image\\\/\"},\"sameAs\":[\"https:\\\/\\\/www.facebook.com\\\/anovapeneira\",\"https:\\\/\\\/x.com\\\/APeneira\"]},{\"@type\":\"Person\",\"@id\":\"https:\\\/\\\/www.anovapeneira.gal\\\/#\\\/schema\\\/person\\\/6561b93d53e7a32f5d814768163bae2a\",\"name\":\"Manuel Alfonso Est\u00e9vez\",\"image\":{\"@type\":\"ImageObject\",\"inLanguage\":\"gl-ES\",\"@id\":\"https:\\\/\\\/secure.gravatar.com\\\/avatar\\\/f5d3e86603a02dabc520fdacad8691552cb5b3b57ede8828ababc7095c054594?s=96&d=mm&r=g\",\"url\":\"https:\\\/\\\/secure.gravatar.com\\\/avatar\\\/f5d3e86603a02dabc520fdacad8691552cb5b3b57ede8828ababc7095c054594?s=96&d=mm&r=g\",\"contentUrl\":\"https:\\\/\\\/secure.gravatar.com\\\/avatar\\\/f5d3e86603a02dabc520fdacad8691552cb5b3b57ede8828ababc7095c054594?s=96&d=mm&r=g\",\"caption\":\"Manuel Alfonso Est\u00e9vez\"},\"url\":\"https:\\\/\\\/www.anovapeneira.gal\\\/index.php\\\/author\\\/manuelalfonso\\\/\"}]}<\/script>\n<!-- \/ Yoast SEO plugin. -->","yoast_head_json":{"title":"Na\u00a0nosa\u00a0memoria -","description":"Manuel\u00a0Celso\u00a0Garrido\u00a0Rodr\u00edguez,activista\u00a0pol\u00edtico\u00a0durante\u00a0aRep\u00fablica,\u00a0escasamente\u00a0co\u00f1ecido,\u00a0e\u00a0hoxe\u00a0homenaxeado\u00a0polo\u00a0xornal,\u00a0ANova\u00a0Peneira\u00a0\u00a1A\u00a0Nosa!,\u00a0que\u00a0se\u00a0fai\u00a0grande\u00a0na\u00a0elaboraci\u00f3n\u00a0deste\u00a0artigo,por\u00a0certo,\u00a0tan\u00a0escasos","robots":{"index":"index","follow":"follow","max-snippet":"max-snippet:-1","max-image-preview":"max-image-preview:large","max-video-preview":"max-video-preview:-1"},"canonical":"https:\/\/www.anovapeneira.gal\/index.php\/2022\/08\/23\/na-nosa-memoria\/","og_locale":"gl_ES","og_type":"article","og_title":"Na\u00a0nosa\u00a0memoria -","og_description":"Manuel\u00a0Celso\u00a0Garrido\u00a0Rodr\u00edguez,activista\u00a0pol\u00edtico\u00a0durante\u00a0aRep\u00fablica,\u00a0escasamente\u00a0co\u00f1ecido,\u00a0e\u00a0hoxe\u00a0homenaxeado\u00a0polo\u00a0xornal,\u00a0ANova\u00a0Peneira\u00a0\u00a1A\u00a0Nosa!,\u00a0que\u00a0se\u00a0fai\u00a0grande\u00a0na\u00a0elaboraci\u00f3n\u00a0deste\u00a0artigo,por\u00a0certo,\u00a0tan\u00a0escasos","og_url":"https:\/\/www.anovapeneira.gal\/index.php\/2022\/08\/23\/na-nosa-memoria\/","article_publisher":"https:\/\/www.facebook.com\/anovapeneira","article_published_time":"2022-08-23T08:00:21+00:00","og_image":[{"width":720,"height":432,"url":"https:\/\/www.anovapeneira.gal\/wp-content\/uploads\/2021\/03\/manuel_alfonso_estevez.jpg","type":"image\/jpeg"}],"author":"Manuel Alfonso Est\u00e9vez","twitter_card":"summary_large_image","twitter_creator":"@APeneira","twitter_site":"@APeneira","twitter_misc":{"Escrito por":"Manuel Alfonso Est\u00e9vez","Tempo de lectura":"3 minutos"},"schema":{"@context":"https:\/\/schema.org","@graph":[{"@type":"Article","@id":"https:\/\/www.anovapeneira.gal\/index.php\/2022\/08\/23\/na-nosa-memoria\/#article","isPartOf":{"@id":"https:\/\/www.anovapeneira.gal\/index.php\/2022\/08\/23\/na-nosa-memoria\/"},"author":{"name":"Manuel Alfonso Est\u00e9vez","@id":"https:\/\/www.anovapeneira.gal\/#\/schema\/person\/6561b93d53e7a32f5d814768163bae2a"},"headline":"Na\u00a0nosa\u00a0memoria","datePublished":"2022-08-23T08:00:21+00:00","mainEntityOfPage":{"@id":"https:\/\/www.anovapeneira.gal\/index.php\/2022\/08\/23\/na-nosa-memoria\/"},"wordCount":1101,"commentCount":0,"publisher":{"@id":"https:\/\/www.anovapeneira.gal\/#organization"},"image":{"@id":"https:\/\/www.anovapeneira.gal\/index.php\/2022\/08\/23\/na-nosa-memoria\/#primaryimage"},"thumbnailUrl":"https:\/\/www.anovapeneira.gal\/wp-content\/uploads\/2021\/03\/manuel_alfonso_estevez.jpg","keywords":["Manuel Alfonso Est\u00e9vez"],"articleSection":["Artigos de opini\u00f3n"],"inLanguage":"gl-ES","potentialAction":[{"@type":"CommentAction","name":"Comment","target":["https:\/\/www.anovapeneira.gal\/index.php\/2022\/08\/23\/na-nosa-memoria\/#respond"]}]},{"@type":"WebPage","@id":"https:\/\/www.anovapeneira.gal\/index.php\/2022\/08\/23\/na-nosa-memoria\/","url":"https:\/\/www.anovapeneira.gal\/index.php\/2022\/08\/23\/na-nosa-memoria\/","name":"Na\u00a0nosa\u00a0memoria -","isPartOf":{"@id":"https:\/\/www.anovapeneira.gal\/#website"},"primaryImageOfPage":{"@id":"https:\/\/www.anovapeneira.gal\/index.php\/2022\/08\/23\/na-nosa-memoria\/#primaryimage"},"image":{"@id":"https:\/\/www.anovapeneira.gal\/index.php\/2022\/08\/23\/na-nosa-memoria\/#primaryimage"},"thumbnailUrl":"https:\/\/www.anovapeneira.gal\/wp-content\/uploads\/2021\/03\/manuel_alfonso_estevez.jpg","datePublished":"2022-08-23T08:00:21+00:00","description":"Manuel\u00a0Celso\u00a0Garrido\u00a0Rodr\u00edguez,activista\u00a0pol\u00edtico\u00a0durante\u00a0aRep\u00fablica,\u00a0escasamente\u00a0co\u00f1ecido,\u00a0e\u00a0hoxe\u00a0homenaxeado\u00a0polo\u00a0xornal,\u00a0ANova\u00a0Peneira\u00a0\u00a1A\u00a0Nosa!,\u00a0que\u00a0se\u00a0fai\u00a0grande\u00a0na\u00a0elaboraci\u00f3n\u00a0deste\u00a0artigo,por\u00a0certo,\u00a0tan\u00a0escasos","breadcrumb":{"@id":"https:\/\/www.anovapeneira.gal\/index.php\/2022\/08\/23\/na-nosa-memoria\/#breadcrumb"},"inLanguage":"gl-ES","potentialAction":[{"@type":"ReadAction","target":["https:\/\/www.anovapeneira.gal\/index.php\/2022\/08\/23\/na-nosa-memoria\/"]}]},{"@type":"ImageObject","inLanguage":"gl-ES","@id":"https:\/\/www.anovapeneira.gal\/index.php\/2022\/08\/23\/na-nosa-memoria\/#primaryimage","url":"https:\/\/www.anovapeneira.gal\/wp-content\/uploads\/2021\/03\/manuel_alfonso_estevez.jpg","contentUrl":"https:\/\/www.anovapeneira.gal\/wp-content\/uploads\/2021\/03\/manuel_alfonso_estevez.jpg","width":720,"height":432,"caption":"Manuel Alfonso Est\u00e9vez. Historia viva de Fornelos da Ribeira"},{"@type":"BreadcrumbList","@id":"https:\/\/www.anovapeneira.gal\/index.php\/2022\/08\/23\/na-nosa-memoria\/#breadcrumb","itemListElement":[{"@type":"ListItem","position":1,"name":"Portada","item":"https:\/\/www.anovapeneira.gal\/"},{"@type":"ListItem","position":2,"name":"Na\u00a0nosa\u00a0memoria"}]},{"@type":"WebSite","@id":"https:\/\/www.anovapeneira.gal\/#website","url":"https:\/\/www.anovapeneira.gal\/","name":"","description":"Xornal galego de informaci\u00f3n xeral Publicaci\u00f3n mensual de novas de Galicia e en especial dos Concellos da sur da provincia de Pontevedra.","publisher":{"@id":"https:\/\/www.anovapeneira.gal\/#organization"},"potentialAction":[{"@type":"SearchAction","target":{"@type":"EntryPoint","urlTemplate":"https:\/\/www.anovapeneira.gal\/?s={search_term_string}"},"query-input":{"@type":"PropertyValueSpecification","valueRequired":true,"valueName":"search_term_string"}}],"inLanguage":"gl-ES"},{"@type":"Organization","@id":"https:\/\/www.anovapeneira.gal\/#organization","name":"A Nova Peneira","url":"https:\/\/www.anovapeneira.gal\/","logo":{"@type":"ImageObject","inLanguage":"gl-ES","@id":"https:\/\/www.anovapeneira.gal\/#\/schema\/logo\/image\/","url":"http:\/\/www.anovapeneira.gal\/wp-content\/uploads\/2019\/06\/logo_a_nova_peneira_portal_web.png","contentUrl":"http:\/\/www.anovapeneira.gal\/wp-content\/uploads\/2019\/06\/logo_a_nova_peneira_portal_web.png","width":300,"height":100,"caption":"A Nova Peneira"},"image":{"@id":"https:\/\/www.anovapeneira.gal\/#\/schema\/logo\/image\/"},"sameAs":["https:\/\/www.facebook.com\/anovapeneira","https:\/\/x.com\/APeneira"]},{"@type":"Person","@id":"https:\/\/www.anovapeneira.gal\/#\/schema\/person\/6561b93d53e7a32f5d814768163bae2a","name":"Manuel Alfonso Est\u00e9vez","image":{"@type":"ImageObject","inLanguage":"gl-ES","@id":"https:\/\/secure.gravatar.com\/avatar\/f5d3e86603a02dabc520fdacad8691552cb5b3b57ede8828ababc7095c054594?s=96&d=mm&r=g","url":"https:\/\/secure.gravatar.com\/avatar\/f5d3e86603a02dabc520fdacad8691552cb5b3b57ede8828ababc7095c054594?s=96&d=mm&r=g","contentUrl":"https:\/\/secure.gravatar.com\/avatar\/f5d3e86603a02dabc520fdacad8691552cb5b3b57ede8828ababc7095c054594?s=96&d=mm&r=g","caption":"Manuel Alfonso Est\u00e9vez"},"url":"https:\/\/www.anovapeneira.gal\/index.php\/author\/manuelalfonso\/"}]}},"jetpack_featured_media_url":"https:\/\/www.anovapeneira.gal\/wp-content\/uploads\/2021\/03\/manuel_alfonso_estevez.jpg","_links":{"self":[{"href":"https:\/\/www.anovapeneira.gal\/index.php\/wp-json\/wp\/v2\/posts\/8002","targetHints":{"allow":["GET"]}}],"collection":[{"href":"https:\/\/www.anovapeneira.gal\/index.php\/wp-json\/wp\/v2\/posts"}],"about":[{"href":"https:\/\/www.anovapeneira.gal\/index.php\/wp-json\/wp\/v2\/types\/post"}],"author":[{"embeddable":true,"href":"https:\/\/www.anovapeneira.gal\/index.php\/wp-json\/wp\/v2\/users\/40"}],"replies":[{"embeddable":true,"href":"https:\/\/www.anovapeneira.gal\/index.php\/wp-json\/wp\/v2\/comments?post=8002"}],"version-history":[{"count":1,"href":"https:\/\/www.anovapeneira.gal\/index.php\/wp-json\/wp\/v2\/posts\/8002\/revisions"}],"predecessor-version":[{"id":8003,"href":"https:\/\/www.anovapeneira.gal\/index.php\/wp-json\/wp\/v2\/posts\/8002\/revisions\/8003"}],"wp:featuredmedia":[{"embeddable":true,"href":"https:\/\/www.anovapeneira.gal\/index.php\/wp-json\/wp\/v2\/media\/5108"}],"wp:attachment":[{"href":"https:\/\/www.anovapeneira.gal\/index.php\/wp-json\/wp\/v2\/media?parent=8002"}],"wp:term":[{"taxonomy":"category","embeddable":true,"href":"https:\/\/www.anovapeneira.gal\/index.php\/wp-json\/wp\/v2\/categories?post=8002"},{"taxonomy":"post_tag","embeddable":true,"href":"https:\/\/www.anovapeneira.gal\/index.php\/wp-json\/wp\/v2\/tags?post=8002"}],"curies":[{"name":"wp","href":"https:\/\/api.w.org\/{rel}","templated":true}]}}