{"id":801,"date":"2019-08-01T14:00:26","date_gmt":"2019-08-01T12:00:26","guid":{"rendered":"http:\/\/www.anovapeneira.gal\/?p=801"},"modified":"2019-07-27T16:44:41","modified_gmt":"2019-07-27T14:44:41","slug":"o-bng-vai-pedir-explicacions-pola-demora-das-obras-na-contorna-de-san-eleuterio","status":"publish","type":"post","link":"https:\/\/www.anovapeneira.gal\/index.php\/2019\/08\/01\/o-bng-vai-pedir-explicacions-pola-demora-das-obras-na-contorna-de-san-eleuterio\/","title":{"rendered":"O BNG vai pedir explicaci\u00f3ns pola demora das obras na contorna de San Eleuterio"},"content":{"rendered":"\n<h2 class=\"wp-block-heading\">O goberno do PP anunciou publicamente o fin dos traballos, pero a veci\u00f1anza leva case un mes agardando O Cami\u00f1o da Levantada segue sen asfaltar no treito comprendido entre a Escola Infantil de Coto Torr\u00f3n e a incorporaci\u00f3n \u00e1 autov\u00eda<\/h2>\n\n\n\n<p><strong>Mos, 26 de xullo de 2019<\/strong><\/p>\n\n\n\n<p> O BNG de Mos vai preguntar no pleno do mes de xullo, que se celebrar\u00e1 o pr\u00f3ximo luns, pola demora nas obras de mellora da rede viaria na contorna da urbanizaci\u00f3n de San Eleuterio. Varios membros da equipa de goberno de Nidia Ar\u00e9valo anunciaran publicamente a fin dos traballos hai case un mes, na v\u00e9spera das festas do barrio, pero a veci\u00f1anza segue agardando coa reforma a medio facer.O portavoz nacionalista no Concello, Gustavo Barcia, indica que \u201ca calzada segue sen pintar e os puntos de luz a\u00ednda non foron instalados\u201d. Ademais, \u00e1 espera de que se reinicien os traballos, o treito do Cami\u00f1o da Levantada comprendido entre a Escola Infantil de Coto Torr\u00f3n e a incorporaci\u00f3n \u00e1 autov\u00eda A-55 segue sen asfaltar. Esta situaci\u00f3n, en opini\u00f3n de Barcia \u201cest\u00e1 a provocar molestias \u00e1 veci\u00f1anza nunha das zonas con maior densidade de poboaci\u00f3n do municipio\u201d e sup\u00f3n, ademais, unha ameaza para a seguridade viaria.Acab\u00e1ronse as pr\u00e9sasO concelleiro do BNG lamenta a falta de interese do goberno do PP en completar un proxecto iniciado hai meses e contrasta a situaci\u00f3n de par\u00e1lise das obras en San Eleuterio coa \u201cvor\u00e1xine de gasto\u201d que se viviu na v\u00e9spera dos comicios do 26 de maio. Na s\u00faa opini\u00f3n, \u201dparece que ao goberno se lle acabaron as pr\u00e9sas unha vez que revalidou a s\u00faa maior\u00eda na corporaci\u00f3n municipal\u201d. Barcia lembra, ademais, que \u201ca\u00ednda non sabemos cales ser\u00e1n as consecuencias para a econom\u00eda municipal de todo aquel malgasto electoralista\u201d e reitera a s\u00faa preocupaci\u00f3n ante as sucesivas demoras na presentaci\u00f3n da liquidaci\u00f3n de 2018, \u201cque nos permitir\u00eda ter unha idea aproximada de cal \u00e9 o estado real das arcas municipais\u201d.<\/p>\n","protected":false},"excerpt":{"rendered":"<div class=\"mh-excerpt\"><p>O goberno do PP anunciou publicamente o fin dos traballos, pero a veci\u00f1anza leva case un mes agardando O Cami\u00f1o da Levantada segue sen asfaltar no treito comprendido entre a Escola Infantil de Coto Torr\u00f3n e a incorporaci\u00f3n \u00e1 autov\u00eda <a class=\"mh-excerpt-more\" href=\"https:\/\/www.anovapeneira.gal\/index.php\/2019\/08\/01\/o-bng-vai-pedir-explicacions-pola-demora-das-obras-na-contorna-de-san-eleuterio\/\" title=\"O BNG vai pedir explicaci\u00f3ns pola demora das obras na contorna de San Eleuterio\">[&#8230;]<\/a><\/p>\n<\/div>","protected":false},"author":3,"featured_media":804,"comment_status":"open","ping_status":"open","sticky":false,"template":"","format":"standard","meta":{"_exactmetrics_skip_tracking":false,"_exactmetrics_sitenote_active":false,"_exactmetrics_sitenote_note":"","_exactmetrics_sitenote_category":0,"footnotes":""},"categories":[23],"tags":[218,121,366,367],"class_list":{"0":"post-801","1":"post","2":"type-post","3":"status-publish","4":"format-standard","5":"has-post-thumbnail","7":"category-a-lourina","8":"tag-concello-de-mos","9":"tag-fomento","10":"tag-san-eleuterio","11":"tag-vias-e-obras"},"yoast_head":"<!-- This site is optimized with the Yoast SEO plugin v27.4 - https:\/\/yoast.com\/product\/yoast-seo-wordpress\/ -->\n<title>O BNG vai pedir explicaci\u00f3ns pola demora das obras na contorna de San Eleuterio -<\/title>\n<meta name=\"robots\" content=\"index, follow, max-snippet:-1, max-image-preview:large, max-video-preview:-1\" \/>\n<link rel=\"canonical\" href=\"https:\/\/www.anovapeneira.gal\/index.php\/2019\/08\/01\/o-bng-vai-pedir-explicacions-pola-demora-das-obras-na-contorna-de-san-eleuterio\/\" \/>\n<meta property=\"og:locale\" content=\"gl_ES\" \/>\n<meta property=\"og:type\" content=\"article\" \/>\n<meta property=\"og:title\" content=\"O BNG vai pedir explicaci\u00f3ns pola demora das obras na contorna de San Eleuterio -\" \/>\n<meta property=\"og:description\" content=\"O goberno do PP anunciou publicamente o fin dos traballos, pero a veci\u00f1anza leva case un mes agardando O Cami\u00f1o da Levantada segue sen asfaltar no treito comprendido entre a Escola Infantil de Coto Torr\u00f3n e a incorporaci\u00f3n \u00e1 autov\u00eda [...]\" \/>\n<meta property=\"og:url\" content=\"https:\/\/www.anovapeneira.gal\/index.php\/2019\/08\/01\/o-bng-vai-pedir-explicacions-pola-demora-das-obras-na-contorna-de-san-eleuterio\/\" \/>\n<meta property=\"article:publisher\" content=\"https:\/\/www.facebook.com\/anovapeneira\" \/>\n<meta property=\"article:published_time\" content=\"2019-08-01T12:00:26+00:00\" \/>\n<meta property=\"og:image\" content=\"https:\/\/www.anovapeneira.gal\/wp-content\/uploads\/2019\/07\/asfaltado_concello_de_mos_a_nova_peneira.png\" \/>\n\t<meta property=\"og:image:width\" content=\"720\" \/>\n\t<meta property=\"og:image:height\" content=\"473\" \/>\n\t<meta property=\"og:image:type\" content=\"image\/png\" \/>\n<meta name=\"author\" content=\"Redacci\u00f3n A Nova Peneira\" \/>\n<meta name=\"twitter:card\" content=\"summary_large_image\" \/>\n<meta name=\"twitter:creator\" content=\"@APeneira\" \/>\n<meta name=\"twitter:site\" content=\"@APeneira\" \/>\n<meta name=\"twitter:label1\" content=\"Escrito por\" \/>\n\t<meta name=\"twitter:data1\" content=\"Redacci\u00f3n A Nova Peneira\" \/>\n\t<meta name=\"twitter:label2\" content=\"Tempo de lectura\" \/>\n\t<meta name=\"twitter:data2\" content=\"2 minutos\" \/>\n<script type=\"application\/ld+json\" class=\"yoast-schema-graph\">{\"@context\":\"https:\\\/\\\/schema.org\",\"@graph\":[{\"@type\":\"Article\",\"@id\":\"https:\\\/\\\/www.anovapeneira.gal\\\/index.php\\\/2019\\\/08\\\/01\\\/o-bng-vai-pedir-explicacions-pola-demora-das-obras-na-contorna-de-san-eleuterio\\\/#article\",\"isPartOf\":{\"@id\":\"https:\\\/\\\/www.anovapeneira.gal\\\/index.php\\\/2019\\\/08\\\/01\\\/o-bng-vai-pedir-explicacions-pola-demora-das-obras-na-contorna-de-san-eleuterio\\\/\"},\"author\":{\"name\":\"Redacci\u00f3n A Nova Peneira\",\"@id\":\"https:\\\/\\\/www.anovapeneira.gal\\\/#\\\/schema\\\/person\\\/b93e3f8932e3f8da96334607eb6ac6aa\"},\"headline\":\"O BNG vai pedir explicaci\u00f3ns pola demora das obras na contorna de San Eleuterio\",\"datePublished\":\"2019-08-01T12:00:26+00:00\",\"mainEntityOfPage\":{\"@id\":\"https:\\\/\\\/www.anovapeneira.gal\\\/index.php\\\/2019\\\/08\\\/01\\\/o-bng-vai-pedir-explicacions-pola-demora-das-obras-na-contorna-de-san-eleuterio\\\/\"},\"wordCount\":368,\"commentCount\":0,\"publisher\":{\"@id\":\"https:\\\/\\\/www.anovapeneira.gal\\\/#organization\"},\"image\":{\"@id\":\"https:\\\/\\\/www.anovapeneira.gal\\\/index.php\\\/2019\\\/08\\\/01\\\/o-bng-vai-pedir-explicacions-pola-demora-das-obras-na-contorna-de-san-eleuterio\\\/#primaryimage\"},\"thumbnailUrl\":\"https:\\\/\\\/www.anovapeneira.gal\\\/wp-content\\\/uploads\\\/2019\\\/07\\\/asfaltado_concello_de_mos_a_nova_peneira.png\",\"keywords\":[\"Concello de Mos\",\"Fomento\",\"San Eleuterio\",\"V\u00edas e Obras\"],\"articleSection\":[\"A Louri\u00f1a\"],\"inLanguage\":\"gl-ES\",\"potentialAction\":[{\"@type\":\"CommentAction\",\"name\":\"Comment\",\"target\":[\"https:\\\/\\\/www.anovapeneira.gal\\\/index.php\\\/2019\\\/08\\\/01\\\/o-bng-vai-pedir-explicacions-pola-demora-das-obras-na-contorna-de-san-eleuterio\\\/#respond\"]}]},{\"@type\":\"WebPage\",\"@id\":\"https:\\\/\\\/www.anovapeneira.gal\\\/index.php\\\/2019\\\/08\\\/01\\\/o-bng-vai-pedir-explicacions-pola-demora-das-obras-na-contorna-de-san-eleuterio\\\/\",\"url\":\"https:\\\/\\\/www.anovapeneira.gal\\\/index.php\\\/2019\\\/08\\\/01\\\/o-bng-vai-pedir-explicacions-pola-demora-das-obras-na-contorna-de-san-eleuterio\\\/\",\"name\":\"O BNG vai pedir explicaci\u00f3ns pola demora das obras na contorna de San Eleuterio -\",\"isPartOf\":{\"@id\":\"https:\\\/\\\/www.anovapeneira.gal\\\/#website\"},\"primaryImageOfPage\":{\"@id\":\"https:\\\/\\\/www.anovapeneira.gal\\\/index.php\\\/2019\\\/08\\\/01\\\/o-bng-vai-pedir-explicacions-pola-demora-das-obras-na-contorna-de-san-eleuterio\\\/#primaryimage\"},\"image\":{\"@id\":\"https:\\\/\\\/www.anovapeneira.gal\\\/index.php\\\/2019\\\/08\\\/01\\\/o-bng-vai-pedir-explicacions-pola-demora-das-obras-na-contorna-de-san-eleuterio\\\/#primaryimage\"},\"thumbnailUrl\":\"https:\\\/\\\/www.anovapeneira.gal\\\/wp-content\\\/uploads\\\/2019\\\/07\\\/asfaltado_concello_de_mos_a_nova_peneira.png\",\"datePublished\":\"2019-08-01T12:00:26+00:00\",\"breadcrumb\":{\"@id\":\"https:\\\/\\\/www.anovapeneira.gal\\\/index.php\\\/2019\\\/08\\\/01\\\/o-bng-vai-pedir-explicacions-pola-demora-das-obras-na-contorna-de-san-eleuterio\\\/#breadcrumb\"},\"inLanguage\":\"gl-ES\",\"potentialAction\":[{\"@type\":\"ReadAction\",\"target\":[\"https:\\\/\\\/www.anovapeneira.gal\\\/index.php\\\/2019\\\/08\\\/01\\\/o-bng-vai-pedir-explicacions-pola-demora-das-obras-na-contorna-de-san-eleuterio\\\/\"]}]},{\"@type\":\"ImageObject\",\"inLanguage\":\"gl-ES\",\"@id\":\"https:\\\/\\\/www.anovapeneira.gal\\\/index.php\\\/2019\\\/08\\\/01\\\/o-bng-vai-pedir-explicacions-pola-demora-das-obras-na-contorna-de-san-eleuterio\\\/#primaryimage\",\"url\":\"https:\\\/\\\/www.anovapeneira.gal\\\/wp-content\\\/uploads\\\/2019\\\/07\\\/asfaltado_concello_de_mos_a_nova_peneira.png\",\"contentUrl\":\"https:\\\/\\\/www.anovapeneira.gal\\\/wp-content\\\/uploads\\\/2019\\\/07\\\/asfaltado_concello_de_mos_a_nova_peneira.png\",\"width\":720,\"height\":473,\"caption\":\"Asfaltado concello de Mos A Nova Peneira\"},{\"@type\":\"BreadcrumbList\",\"@id\":\"https:\\\/\\\/www.anovapeneira.gal\\\/index.php\\\/2019\\\/08\\\/01\\\/o-bng-vai-pedir-explicacions-pola-demora-das-obras-na-contorna-de-san-eleuterio\\\/#breadcrumb\",\"itemListElement\":[{\"@type\":\"ListItem\",\"position\":1,\"name\":\"Portada\",\"item\":\"https:\\\/\\\/www.anovapeneira.gal\\\/\"},{\"@type\":\"ListItem\",\"position\":2,\"name\":\"O BNG vai pedir explicaci\u00f3ns pola demora das obras na contorna de San Eleuterio\"}]},{\"@type\":\"WebSite\",\"@id\":\"https:\\\/\\\/www.anovapeneira.gal\\\/#website\",\"url\":\"https:\\\/\\\/www.anovapeneira.gal\\\/\",\"name\":\"\",\"description\":\"Xornal galego de informaci\u00f3n xeral Publicaci\u00f3n mensual de novas de Galicia e en especial dos Concellos da sur da provincia de Pontevedra.\",\"publisher\":{\"@id\":\"https:\\\/\\\/www.anovapeneira.gal\\\/#organization\"},\"potentialAction\":[{\"@type\":\"SearchAction\",\"target\":{\"@type\":\"EntryPoint\",\"urlTemplate\":\"https:\\\/\\\/www.anovapeneira.gal\\\/?s={search_term_string}\"},\"query-input\":{\"@type\":\"PropertyValueSpecification\",\"valueRequired\":true,\"valueName\":\"search_term_string\"}}],\"inLanguage\":\"gl-ES\"},{\"@type\":\"Organization\",\"@id\":\"https:\\\/\\\/www.anovapeneira.gal\\\/#organization\",\"name\":\"A Nova Peneira\",\"url\":\"https:\\\/\\\/www.anovapeneira.gal\\\/\",\"logo\":{\"@type\":\"ImageObject\",\"inLanguage\":\"gl-ES\",\"@id\":\"https:\\\/\\\/www.anovapeneira.gal\\\/#\\\/schema\\\/logo\\\/image\\\/\",\"url\":\"http:\\\/\\\/www.anovapeneira.gal\\\/wp-content\\\/uploads\\\/2019\\\/06\\\/logo_a_nova_peneira_portal_web.png\",\"contentUrl\":\"http:\\\/\\\/www.anovapeneira.gal\\\/wp-content\\\/uploads\\\/2019\\\/06\\\/logo_a_nova_peneira_portal_web.png\",\"width\":300,\"height\":100,\"caption\":\"A Nova Peneira\"},\"image\":{\"@id\":\"https:\\\/\\\/www.anovapeneira.gal\\\/#\\\/schema\\\/logo\\\/image\\\/\"},\"sameAs\":[\"https:\\\/\\\/www.facebook.com\\\/anovapeneira\",\"https:\\\/\\\/x.com\\\/APeneira\"]},{\"@type\":\"Person\",\"@id\":\"https:\\\/\\\/www.anovapeneira.gal\\\/#\\\/schema\\\/person\\\/b93e3f8932e3f8da96334607eb6ac6aa\",\"name\":\"Redacci\u00f3n A Nova Peneira\",\"image\":{\"@type\":\"ImageObject\",\"inLanguage\":\"gl-ES\",\"@id\":\"https:\\\/\\\/secure.gravatar.com\\\/avatar\\\/c052a2551a06e23fac63626232eaa90abd78dbcf1700fc46a2b2c89fd27b735f?s=96&d=mm&r=g\",\"url\":\"https:\\\/\\\/secure.gravatar.com\\\/avatar\\\/c052a2551a06e23fac63626232eaa90abd78dbcf1700fc46a2b2c89fd27b735f?s=96&d=mm&r=g\",\"contentUrl\":\"https:\\\/\\\/secure.gravatar.com\\\/avatar\\\/c052a2551a06e23fac63626232eaa90abd78dbcf1700fc46a2b2c89fd27b735f?s=96&d=mm&r=g\",\"caption\":\"Redacci\u00f3n A Nova Peneira\"},\"sameAs\":[\"http:\\\/\\\/www.anovapeneira.gal\\\/\"],\"url\":\"https:\\\/\\\/www.anovapeneira.gal\\\/index.php\\\/author\\\/redactor\\\/\"}]}<\/script>\n<!-- \/ Yoast SEO plugin. -->","yoast_head_json":{"title":"O BNG vai pedir explicaci\u00f3ns pola demora das obras na contorna de San Eleuterio -","robots":{"index":"index","follow":"follow","max-snippet":"max-snippet:-1","max-image-preview":"max-image-preview:large","max-video-preview":"max-video-preview:-1"},"canonical":"https:\/\/www.anovapeneira.gal\/index.php\/2019\/08\/01\/o-bng-vai-pedir-explicacions-pola-demora-das-obras-na-contorna-de-san-eleuterio\/","og_locale":"gl_ES","og_type":"article","og_title":"O BNG vai pedir explicaci\u00f3ns pola demora das obras na contorna de San Eleuterio -","og_description":"O goberno do PP anunciou publicamente o fin dos traballos, pero a veci\u00f1anza leva case un mes agardando O Cami\u00f1o da Levantada segue sen asfaltar no treito comprendido entre a Escola Infantil de Coto Torr\u00f3n e a incorporaci\u00f3n \u00e1 autov\u00eda [...]","og_url":"https:\/\/www.anovapeneira.gal\/index.php\/2019\/08\/01\/o-bng-vai-pedir-explicacions-pola-demora-das-obras-na-contorna-de-san-eleuterio\/","article_publisher":"https:\/\/www.facebook.com\/anovapeneira","article_published_time":"2019-08-01T12:00:26+00:00","og_image":[{"width":720,"height":473,"url":"https:\/\/www.anovapeneira.gal\/wp-content\/uploads\/2019\/07\/asfaltado_concello_de_mos_a_nova_peneira.png","type":"image\/png"}],"author":"Redacci\u00f3n A Nova Peneira","twitter_card":"summary_large_image","twitter_creator":"@APeneira","twitter_site":"@APeneira","twitter_misc":{"Escrito por":"Redacci\u00f3n A Nova Peneira","Tempo de lectura":"2 minutos"},"schema":{"@context":"https:\/\/schema.org","@graph":[{"@type":"Article","@id":"https:\/\/www.anovapeneira.gal\/index.php\/2019\/08\/01\/o-bng-vai-pedir-explicacions-pola-demora-das-obras-na-contorna-de-san-eleuterio\/#article","isPartOf":{"@id":"https:\/\/www.anovapeneira.gal\/index.php\/2019\/08\/01\/o-bng-vai-pedir-explicacions-pola-demora-das-obras-na-contorna-de-san-eleuterio\/"},"author":{"name":"Redacci\u00f3n A Nova Peneira","@id":"https:\/\/www.anovapeneira.gal\/#\/schema\/person\/b93e3f8932e3f8da96334607eb6ac6aa"},"headline":"O BNG vai pedir explicaci\u00f3ns pola demora das obras na contorna de San Eleuterio","datePublished":"2019-08-01T12:00:26+00:00","mainEntityOfPage":{"@id":"https:\/\/www.anovapeneira.gal\/index.php\/2019\/08\/01\/o-bng-vai-pedir-explicacions-pola-demora-das-obras-na-contorna-de-san-eleuterio\/"},"wordCount":368,"commentCount":0,"publisher":{"@id":"https:\/\/www.anovapeneira.gal\/#organization"},"image":{"@id":"https:\/\/www.anovapeneira.gal\/index.php\/2019\/08\/01\/o-bng-vai-pedir-explicacions-pola-demora-das-obras-na-contorna-de-san-eleuterio\/#primaryimage"},"thumbnailUrl":"https:\/\/www.anovapeneira.gal\/wp-content\/uploads\/2019\/07\/asfaltado_concello_de_mos_a_nova_peneira.png","keywords":["Concello de Mos","Fomento","San Eleuterio","V\u00edas e Obras"],"articleSection":["A Louri\u00f1a"],"inLanguage":"gl-ES","potentialAction":[{"@type":"CommentAction","name":"Comment","target":["https:\/\/www.anovapeneira.gal\/index.php\/2019\/08\/01\/o-bng-vai-pedir-explicacions-pola-demora-das-obras-na-contorna-de-san-eleuterio\/#respond"]}]},{"@type":"WebPage","@id":"https:\/\/www.anovapeneira.gal\/index.php\/2019\/08\/01\/o-bng-vai-pedir-explicacions-pola-demora-das-obras-na-contorna-de-san-eleuterio\/","url":"https:\/\/www.anovapeneira.gal\/index.php\/2019\/08\/01\/o-bng-vai-pedir-explicacions-pola-demora-das-obras-na-contorna-de-san-eleuterio\/","name":"O BNG vai pedir explicaci\u00f3ns pola demora das obras na contorna de San Eleuterio -","isPartOf":{"@id":"https:\/\/www.anovapeneira.gal\/#website"},"primaryImageOfPage":{"@id":"https:\/\/www.anovapeneira.gal\/index.php\/2019\/08\/01\/o-bng-vai-pedir-explicacions-pola-demora-das-obras-na-contorna-de-san-eleuterio\/#primaryimage"},"image":{"@id":"https:\/\/www.anovapeneira.gal\/index.php\/2019\/08\/01\/o-bng-vai-pedir-explicacions-pola-demora-das-obras-na-contorna-de-san-eleuterio\/#primaryimage"},"thumbnailUrl":"https:\/\/www.anovapeneira.gal\/wp-content\/uploads\/2019\/07\/asfaltado_concello_de_mos_a_nova_peneira.png","datePublished":"2019-08-01T12:00:26+00:00","breadcrumb":{"@id":"https:\/\/www.anovapeneira.gal\/index.php\/2019\/08\/01\/o-bng-vai-pedir-explicacions-pola-demora-das-obras-na-contorna-de-san-eleuterio\/#breadcrumb"},"inLanguage":"gl-ES","potentialAction":[{"@type":"ReadAction","target":["https:\/\/www.anovapeneira.gal\/index.php\/2019\/08\/01\/o-bng-vai-pedir-explicacions-pola-demora-das-obras-na-contorna-de-san-eleuterio\/"]}]},{"@type":"ImageObject","inLanguage":"gl-ES","@id":"https:\/\/www.anovapeneira.gal\/index.php\/2019\/08\/01\/o-bng-vai-pedir-explicacions-pola-demora-das-obras-na-contorna-de-san-eleuterio\/#primaryimage","url":"https:\/\/www.anovapeneira.gal\/wp-content\/uploads\/2019\/07\/asfaltado_concello_de_mos_a_nova_peneira.png","contentUrl":"https:\/\/www.anovapeneira.gal\/wp-content\/uploads\/2019\/07\/asfaltado_concello_de_mos_a_nova_peneira.png","width":720,"height":473,"caption":"Asfaltado concello de Mos A Nova Peneira"},{"@type":"BreadcrumbList","@id":"https:\/\/www.anovapeneira.gal\/index.php\/2019\/08\/01\/o-bng-vai-pedir-explicacions-pola-demora-das-obras-na-contorna-de-san-eleuterio\/#breadcrumb","itemListElement":[{"@type":"ListItem","position":1,"name":"Portada","item":"https:\/\/www.anovapeneira.gal\/"},{"@type":"ListItem","position":2,"name":"O BNG vai pedir explicaci\u00f3ns pola demora das obras na contorna de San Eleuterio"}]},{"@type":"WebSite","@id":"https:\/\/www.anovapeneira.gal\/#website","url":"https:\/\/www.anovapeneira.gal\/","name":"","description":"Xornal galego de informaci\u00f3n xeral Publicaci\u00f3n mensual de novas de Galicia e en especial dos Concellos da sur da provincia de Pontevedra.","publisher":{"@id":"https:\/\/www.anovapeneira.gal\/#organization"},"potentialAction":[{"@type":"SearchAction","target":{"@type":"EntryPoint","urlTemplate":"https:\/\/www.anovapeneira.gal\/?s={search_term_string}"},"query-input":{"@type":"PropertyValueSpecification","valueRequired":true,"valueName":"search_term_string"}}],"inLanguage":"gl-ES"},{"@type":"Organization","@id":"https:\/\/www.anovapeneira.gal\/#organization","name":"A Nova Peneira","url":"https:\/\/www.anovapeneira.gal\/","logo":{"@type":"ImageObject","inLanguage":"gl-ES","@id":"https:\/\/www.anovapeneira.gal\/#\/schema\/logo\/image\/","url":"http:\/\/www.anovapeneira.gal\/wp-content\/uploads\/2019\/06\/logo_a_nova_peneira_portal_web.png","contentUrl":"http:\/\/www.anovapeneira.gal\/wp-content\/uploads\/2019\/06\/logo_a_nova_peneira_portal_web.png","width":300,"height":100,"caption":"A Nova Peneira"},"image":{"@id":"https:\/\/www.anovapeneira.gal\/#\/schema\/logo\/image\/"},"sameAs":["https:\/\/www.facebook.com\/anovapeneira","https:\/\/x.com\/APeneira"]},{"@type":"Person","@id":"https:\/\/www.anovapeneira.gal\/#\/schema\/person\/b93e3f8932e3f8da96334607eb6ac6aa","name":"Redacci\u00f3n A Nova Peneira","image":{"@type":"ImageObject","inLanguage":"gl-ES","@id":"https:\/\/secure.gravatar.com\/avatar\/c052a2551a06e23fac63626232eaa90abd78dbcf1700fc46a2b2c89fd27b735f?s=96&d=mm&r=g","url":"https:\/\/secure.gravatar.com\/avatar\/c052a2551a06e23fac63626232eaa90abd78dbcf1700fc46a2b2c89fd27b735f?s=96&d=mm&r=g","contentUrl":"https:\/\/secure.gravatar.com\/avatar\/c052a2551a06e23fac63626232eaa90abd78dbcf1700fc46a2b2c89fd27b735f?s=96&d=mm&r=g","caption":"Redacci\u00f3n A Nova Peneira"},"sameAs":["http:\/\/www.anovapeneira.gal\/"],"url":"https:\/\/www.anovapeneira.gal\/index.php\/author\/redactor\/"}]}},"jetpack_featured_media_url":"https:\/\/www.anovapeneira.gal\/wp-content\/uploads\/2019\/07\/asfaltado_concello_de_mos_a_nova_peneira.png","_links":{"self":[{"href":"https:\/\/www.anovapeneira.gal\/index.php\/wp-json\/wp\/v2\/posts\/801","targetHints":{"allow":["GET"]}}],"collection":[{"href":"https:\/\/www.anovapeneira.gal\/index.php\/wp-json\/wp\/v2\/posts"}],"about":[{"href":"https:\/\/www.anovapeneira.gal\/index.php\/wp-json\/wp\/v2\/types\/post"}],"author":[{"embeddable":true,"href":"https:\/\/www.anovapeneira.gal\/index.php\/wp-json\/wp\/v2\/users\/3"}],"replies":[{"embeddable":true,"href":"https:\/\/www.anovapeneira.gal\/index.php\/wp-json\/wp\/v2\/comments?post=801"}],"version-history":[{"count":2,"href":"https:\/\/www.anovapeneira.gal\/index.php\/wp-json\/wp\/v2\/posts\/801\/revisions"}],"predecessor-version":[{"id":805,"href":"https:\/\/www.anovapeneira.gal\/index.php\/wp-json\/wp\/v2\/posts\/801\/revisions\/805"}],"wp:featuredmedia":[{"embeddable":true,"href":"https:\/\/www.anovapeneira.gal\/index.php\/wp-json\/wp\/v2\/media\/804"}],"wp:attachment":[{"href":"https:\/\/www.anovapeneira.gal\/index.php\/wp-json\/wp\/v2\/media?parent=801"}],"wp:term":[{"taxonomy":"category","embeddable":true,"href":"https:\/\/www.anovapeneira.gal\/index.php\/wp-json\/wp\/v2\/categories?post=801"},{"taxonomy":"post_tag","embeddable":true,"href":"https:\/\/www.anovapeneira.gal\/index.php\/wp-json\/wp\/v2\/tags?post=801"}],"curies":[{"name":"wp","href":"https:\/\/api.w.org\/{rel}","templated":true}]}}