{"id":8011,"date":"2022-08-24T12:00:20","date_gmt":"2022-08-24T10:00:20","guid":{"rendered":"https:\/\/www.anovapeneira.gal\/?p=8011"},"modified":"2022-08-22T21:26:05","modified_gmt":"2022-08-22T19:26:05","slug":"ucraina-a-liberdade-de-europa","status":"publish","type":"post","link":"https:\/\/www.anovapeneira.gal\/index.php\/2022\/08\/24\/ucraina-a-liberdade-de-europa\/","title":{"rendered":"Ucra\u00edna, a liberdade de Europa"},"content":{"rendered":"\n<p><strong>Carlos Penela, escritor e tradutor galego residente en Viena<\/strong><\/p>\n\n\n\n<p>Cando o 24 de febreiro pasado os medios informaban de que as tropas rusas estaban a invadir Ucra\u00edna, a moitos atravesounos un arreguizo de fondo temor e de rabia. De temor, porque se reabr\u00edan novas e feridas nun territorio do leste europeo, Ucra\u00edna, que abondo padecera xa no pasado (guerras, Holodomor, deportaci\u00f3ns, represi\u00f3n pol\u00edtica\u2026); e de rabia, porque a independencia dunha naci\u00f3n europea soberana era vulnerada do xeito m\u00e1is terr\u00edbel que existe, mediante a invasi\u00f3n polas armas, cun reparto de forzas, para al\u00e9n demais, absolutamente desigual, o cal fai da loita de resistencia do pobo ucra\u00edno algo a\u00ednda m\u00e1is dram\u00e1tico e m\u00e1is heroico.<\/p>\n\n\n\n<p>Se formos a feitos concretos e obxectivos, poder\u00edamos dicir que:<\/p>\n\n\n\n<p>En primeiro lugar, nin un s\u00f3 cent\u00edmetro do territorio de soberan\u00eda rusa (e antes sovi\u00e9tica) foi atacado ou invadido desde o ano 1942. Tampouco agora, en ning\u00fan caso. Ademais disto, se un observa sobre o mapa o territorio da OTAN que fai fronteira con Rusia, a proporci\u00f3n dese territorio \u00e9 rid\u00edcula. Contodo, nin sequera formalmente Ucra\u00edna pertenc\u00eda \u00e1 OTAN ou a UE no momento de ser invadida por Rusia. Sexa como for, cuestionar se Ucra\u00edna pod\u00eda entrar ou non na OTAN ou na UE \u00e9 asumir, por medo e falta de liberdade, a ret\u00f3rica matonil do Kremlin. Con que dereito Rusia pode impedir os acordos en materia internacional que un pa\u00eds soberano decida establecer?<\/p>\n\n\n\n<p>En segundo lugar, os problemas internos (territoriais ou \u00e9tnicos) que poida haber na Ucra\u00edna son de competencia exclusiva dese pa\u00eds, en tanto que soberano, e se se deron extralimitaci\u00f3ns que sexan obxecto de denuncia por parte do Dereito Internacional, daquela ser\u00e1n as instancias internacionais as que deber\u00e1n mandar observadores aos puntos de conflito e certificar que al\u00ed se est\u00e1n producindo esas extralimitaci\u00f3ns. E as\u00ed foi que se fixo no Donbas, con observadores da OSC, os cales emitiron informes ao respecto, declarando que en ning\u00fan caso se estaba a producir unha limpeza \u00e9tnica. Exist\u00eda, si, un conflito armado entre insurxentes prorrusos e as forzas armadas de Kiev, pero na enxurrada de noticias torticeiras a fin de criminalizar o goberno lex\u00edtimo de Zelenski non se especificaba (como si se fac\u00eda nos informes da OSCE) que porcentaxe dos mortos eran milicianos armados prorrusos &#8211; e mesmo soldados infiltrados por Moscova para acirrar m\u00e1is a situaci\u00f3n -. As\u00ed as cousas, o relato da realidade muda ostensibelmente. Os m\u00e1is reputados xuristas do Dereito Internacional do Estado Espa\u00f1ol foron moi claros neste punto: desde o punto de vista do Dereito Internacional, a invasi\u00f3n vulnera de xeito claro ese Dereito.<\/p>\n\n\n\n<p>En terceiro lugar, na linguaxe degradada dun individuo como Putin, a aseveraci\u00f3n de que Rusia decidiu emprender esa guerra de invasi\u00f3n para \u201cdesnazificar\u201d Ucra\u00edna pode significar calquera cousa menos iso. Se un le alg\u00fan dos <em>papers<\/em> publicados nos \u00faltimos anos por un individuo como Aleksander Dugin, membro do m\u00e1is sinistro fascismo internacional e asesor directo de Putin a respecto da Ucra\u00edna, esa pretendida \u201cdesnazificaci\u00f3n\u201d \u00e9 apenas outra escusa m\u00e1is, nacida do m\u00e1is fondo cinismo. Esa suposta \u201cliberaci\u00f3n\u201d que levar\u00edan a Ucra\u00edna as tropas rusas, non pasa de ser unha piada de mal gusto, tanto m\u00e1is porque se evidenciou que a presenza do invasor foi respondida con total contundencia e valent\u00eda por parte da poboaci\u00f3n civil ucra\u00edna (tam\u00e9n pola rus\u00f3fona) e que mesmo a numerosa comunidade xud\u00eda da Ucra\u00edna mostrou o seu apoio a Zelenski, alist\u00e1ndose \u00e1s tropas ucra\u00ednas membros desa comunidade.<\/p>\n\n\n\n<p>Polo tanto, a que obedece esta brutal invasi\u00f3n ordenada por Putin? Eu dir\u00eda que obedece \u00e1 cega paranoia e autoritarismo dun dirixente como Vladimir Putin, a quen a xornalista do NY Times Masha Gessen, autora dalg\u00fans dos textos m\u00e1is l\u00facidos sobre o presidente ruso, v\u00e9n a retratar no seu excelente libro, <em>The Man without a Face: The Unlikely Rise of Vladimir Putin<\/em> , como un simple criminal, rodeado por diversos grupos de poder, igualmente criminais. E obedece tam\u00e9n a un pa\u00eds, Rusia, que tenta reavivar ciclicamente o seu af\u00e1n expansionista e imperialista, cun desprezo secular mal disimulado en relaci\u00f3n a outras naci\u00f3ns eslavas veci\u00f1as, cando menos desde tempos de Alaxandre II.<\/p>\n\n\n\n<p>Nos primeiros d\u00edas da invasi\u00f3n, nunha das numerosas concentraci\u00f3ns e manifestaci\u00f3ns que tiveron lugar na cidade onde resido, Viena, lembro que vin unha moza ucra\u00edna que mostraba en ingl\u00e9s a seguinte mensaxe: <em>\u201cSe Rusia deixa de loitar, remata a guerra, se o fai Ucra\u00edna, desaparecer\u00e1\u201d<\/em>. Nese apelo simple e dram\u00e1tico est\u00e1 contida unha mensaxe esencial: a supervivencia de Ucra\u00edna como tal depende da s\u00faa liberdade. E tam\u00e9n a nosa.<\/p>\n","protected":false},"excerpt":{"rendered":"<div class=\"mh-excerpt\"><p>Cando o 24 de febreiro pasado os medios informaban de que as tropas rusas estaban a invadir Ucra\u00edna, a moitos atravesounos un arreguizo de fondo temor e de rabia <a class=\"mh-excerpt-more\" href=\"https:\/\/www.anovapeneira.gal\/index.php\/2022\/08\/24\/ucraina-a-liberdade-de-europa\/\" title=\"Ucra\u00edna, a liberdade de Europa\">[&#8230;]<\/a><\/p>\n<\/div>","protected":false},"author":12,"featured_media":8012,"comment_status":"open","ping_status":"open","sticky":false,"template":"","format":"standard","meta":{"_exactmetrics_skip_tracking":false,"_exactmetrics_sitenote_active":false,"_exactmetrics_sitenote_note":"","_exactmetrics_sitenote_category":0,"footnotes":""},"categories":[7],"tags":[1324],"class_list":{"0":"post-8011","1":"post","2":"type-post","3":"status-publish","4":"format-standard","5":"has-post-thumbnail","7":"category-artigos-de-opinion","8":"tag-carlos-penela"},"yoast_head":"<!-- This site is optimized with the Yoast SEO plugin v27.4 - https:\/\/yoast.com\/product\/yoast-seo-wordpress\/ -->\n<title>Ucra\u00edna, a liberdade de Europa -<\/title>\n<meta name=\"description\" content=\"Cando o 24 de febreiro pasado os medios informaban de que as tropas rusas estaban a invadir Ucra\u00edna, a moitos atravesounos un arreguizo de fondo temor e de rabia\" \/>\n<meta name=\"robots\" content=\"index, follow, max-snippet:-1, max-image-preview:large, max-video-preview:-1\" \/>\n<link rel=\"canonical\" href=\"https:\/\/www.anovapeneira.gal\/index.php\/2022\/08\/24\/ucraina-a-liberdade-de-europa\/\" \/>\n<meta property=\"og:locale\" content=\"gl_ES\" \/>\n<meta property=\"og:type\" content=\"article\" \/>\n<meta property=\"og:title\" content=\"Ucra\u00edna, a liberdade de Europa -\" \/>\n<meta property=\"og:description\" content=\"Cando o 24 de febreiro pasado os medios informaban de que as tropas rusas estaban a invadir Ucra\u00edna, a moitos atravesounos un arreguizo de fondo temor e de rabia\" \/>\n<meta property=\"og:url\" content=\"https:\/\/www.anovapeneira.gal\/index.php\/2022\/08\/24\/ucraina-a-liberdade-de-europa\/\" \/>\n<meta property=\"article:publisher\" content=\"https:\/\/www.facebook.com\/anovapeneira\" \/>\n<meta property=\"article:published_time\" content=\"2022-08-24T10:00:20+00:00\" \/>\n<meta property=\"og:image\" content=\"https:\/\/www.anovapeneira.gal\/wp-content\/uploads\/2022\/08\/carlos_penela.jpg\" \/>\n\t<meta property=\"og:image:width\" content=\"720\" \/>\n\t<meta property=\"og:image:height\" content=\"432\" \/>\n\t<meta property=\"og:image:type\" content=\"image\/jpeg\" \/>\n<meta name=\"author\" content=\"Artigos Opini\u00f3n\" \/>\n<meta name=\"twitter:card\" content=\"summary_large_image\" \/>\n<meta name=\"twitter:creator\" content=\"@APeneira\" \/>\n<meta name=\"twitter:site\" content=\"@APeneira\" \/>\n<meta name=\"twitter:label1\" content=\"Escrito por\" \/>\n\t<meta name=\"twitter:data1\" content=\"Artigos Opini\u00f3n\" \/>\n\t<meta name=\"twitter:label2\" content=\"Tempo de lectura\" \/>\n\t<meta name=\"twitter:data2\" content=\"5 minutos\" \/>\n<script type=\"application\/ld+json\" class=\"yoast-schema-graph\">{\"@context\":\"https:\\\/\\\/schema.org\",\"@graph\":[{\"@type\":\"Article\",\"@id\":\"https:\\\/\\\/www.anovapeneira.gal\\\/index.php\\\/2022\\\/08\\\/24\\\/ucraina-a-liberdade-de-europa\\\/#article\",\"isPartOf\":{\"@id\":\"https:\\\/\\\/www.anovapeneira.gal\\\/index.php\\\/2022\\\/08\\\/24\\\/ucraina-a-liberdade-de-europa\\\/\"},\"author\":{\"name\":\"Artigos Opini\u00f3n\",\"@id\":\"https:\\\/\\\/www.anovapeneira.gal\\\/#\\\/schema\\\/person\\\/f18a4feb302e8f20bcef4490b5b60bb3\"},\"headline\":\"Ucra\u00edna, a liberdade de Europa\",\"datePublished\":\"2022-08-24T10:00:20+00:00\",\"mainEntityOfPage\":{\"@id\":\"https:\\\/\\\/www.anovapeneira.gal\\\/index.php\\\/2022\\\/08\\\/24\\\/ucraina-a-liberdade-de-europa\\\/\"},\"wordCount\":838,\"commentCount\":0,\"publisher\":{\"@id\":\"https:\\\/\\\/www.anovapeneira.gal\\\/#organization\"},\"image\":{\"@id\":\"https:\\\/\\\/www.anovapeneira.gal\\\/index.php\\\/2022\\\/08\\\/24\\\/ucraina-a-liberdade-de-europa\\\/#primaryimage\"},\"thumbnailUrl\":\"https:\\\/\\\/www.anovapeneira.gal\\\/wp-content\\\/uploads\\\/2022\\\/08\\\/carlos_penela.jpg\",\"keywords\":[\"Carlos Penela\"],\"articleSection\":[\"Artigos de opini\u00f3n\"],\"inLanguage\":\"gl-ES\",\"potentialAction\":[{\"@type\":\"CommentAction\",\"name\":\"Comment\",\"target\":[\"https:\\\/\\\/www.anovapeneira.gal\\\/index.php\\\/2022\\\/08\\\/24\\\/ucraina-a-liberdade-de-europa\\\/#respond\"]}]},{\"@type\":\"WebPage\",\"@id\":\"https:\\\/\\\/www.anovapeneira.gal\\\/index.php\\\/2022\\\/08\\\/24\\\/ucraina-a-liberdade-de-europa\\\/\",\"url\":\"https:\\\/\\\/www.anovapeneira.gal\\\/index.php\\\/2022\\\/08\\\/24\\\/ucraina-a-liberdade-de-europa\\\/\",\"name\":\"Ucra\u00edna, a liberdade de Europa -\",\"isPartOf\":{\"@id\":\"https:\\\/\\\/www.anovapeneira.gal\\\/#website\"},\"primaryImageOfPage\":{\"@id\":\"https:\\\/\\\/www.anovapeneira.gal\\\/index.php\\\/2022\\\/08\\\/24\\\/ucraina-a-liberdade-de-europa\\\/#primaryimage\"},\"image\":{\"@id\":\"https:\\\/\\\/www.anovapeneira.gal\\\/index.php\\\/2022\\\/08\\\/24\\\/ucraina-a-liberdade-de-europa\\\/#primaryimage\"},\"thumbnailUrl\":\"https:\\\/\\\/www.anovapeneira.gal\\\/wp-content\\\/uploads\\\/2022\\\/08\\\/carlos_penela.jpg\",\"datePublished\":\"2022-08-24T10:00:20+00:00\",\"description\":\"Cando o 24 de febreiro pasado os medios informaban de que as tropas rusas estaban a invadir Ucra\u00edna, a moitos atravesounos un arreguizo de fondo temor e de rabia\",\"breadcrumb\":{\"@id\":\"https:\\\/\\\/www.anovapeneira.gal\\\/index.php\\\/2022\\\/08\\\/24\\\/ucraina-a-liberdade-de-europa\\\/#breadcrumb\"},\"inLanguage\":\"gl-ES\",\"potentialAction\":[{\"@type\":\"ReadAction\",\"target\":[\"https:\\\/\\\/www.anovapeneira.gal\\\/index.php\\\/2022\\\/08\\\/24\\\/ucraina-a-liberdade-de-europa\\\/\"]}]},{\"@type\":\"ImageObject\",\"inLanguage\":\"gl-ES\",\"@id\":\"https:\\\/\\\/www.anovapeneira.gal\\\/index.php\\\/2022\\\/08\\\/24\\\/ucraina-a-liberdade-de-europa\\\/#primaryimage\",\"url\":\"https:\\\/\\\/www.anovapeneira.gal\\\/wp-content\\\/uploads\\\/2022\\\/08\\\/carlos_penela.jpg\",\"contentUrl\":\"https:\\\/\\\/www.anovapeneira.gal\\\/wp-content\\\/uploads\\\/2022\\\/08\\\/carlos_penela.jpg\",\"width\":720,\"height\":432,\"caption\":\"Carlos Penela\"},{\"@type\":\"BreadcrumbList\",\"@id\":\"https:\\\/\\\/www.anovapeneira.gal\\\/index.php\\\/2022\\\/08\\\/24\\\/ucraina-a-liberdade-de-europa\\\/#breadcrumb\",\"itemListElement\":[{\"@type\":\"ListItem\",\"position\":1,\"name\":\"Portada\",\"item\":\"https:\\\/\\\/www.anovapeneira.gal\\\/\"},{\"@type\":\"ListItem\",\"position\":2,\"name\":\"Ucra\u00edna, a liberdade de Europa\"}]},{\"@type\":\"WebSite\",\"@id\":\"https:\\\/\\\/www.anovapeneira.gal\\\/#website\",\"url\":\"https:\\\/\\\/www.anovapeneira.gal\\\/\",\"name\":\"\",\"description\":\"Xornal galego de informaci\u00f3n xeral Publicaci\u00f3n mensual de novas de Galicia e en especial dos Concellos da sur da provincia de Pontevedra.\",\"publisher\":{\"@id\":\"https:\\\/\\\/www.anovapeneira.gal\\\/#organization\"},\"potentialAction\":[{\"@type\":\"SearchAction\",\"target\":{\"@type\":\"EntryPoint\",\"urlTemplate\":\"https:\\\/\\\/www.anovapeneira.gal\\\/?s={search_term_string}\"},\"query-input\":{\"@type\":\"PropertyValueSpecification\",\"valueRequired\":true,\"valueName\":\"search_term_string\"}}],\"inLanguage\":\"gl-ES\"},{\"@type\":\"Organization\",\"@id\":\"https:\\\/\\\/www.anovapeneira.gal\\\/#organization\",\"name\":\"A Nova Peneira\",\"url\":\"https:\\\/\\\/www.anovapeneira.gal\\\/\",\"logo\":{\"@type\":\"ImageObject\",\"inLanguage\":\"gl-ES\",\"@id\":\"https:\\\/\\\/www.anovapeneira.gal\\\/#\\\/schema\\\/logo\\\/image\\\/\",\"url\":\"http:\\\/\\\/www.anovapeneira.gal\\\/wp-content\\\/uploads\\\/2019\\\/06\\\/logo_a_nova_peneira_portal_web.png\",\"contentUrl\":\"http:\\\/\\\/www.anovapeneira.gal\\\/wp-content\\\/uploads\\\/2019\\\/06\\\/logo_a_nova_peneira_portal_web.png\",\"width\":300,\"height\":100,\"caption\":\"A Nova Peneira\"},\"image\":{\"@id\":\"https:\\\/\\\/www.anovapeneira.gal\\\/#\\\/schema\\\/logo\\\/image\\\/\"},\"sameAs\":[\"https:\\\/\\\/www.facebook.com\\\/anovapeneira\",\"https:\\\/\\\/x.com\\\/APeneira\"]},{\"@type\":\"Person\",\"@id\":\"https:\\\/\\\/www.anovapeneira.gal\\\/#\\\/schema\\\/person\\\/f18a4feb302e8f20bcef4490b5b60bb3\",\"name\":\"Artigos Opini\u00f3n\",\"image\":{\"@type\":\"ImageObject\",\"inLanguage\":\"gl-ES\",\"@id\":\"https:\\\/\\\/secure.gravatar.com\\\/avatar\\\/072844300f4881150aee2da4278f7a65d16eefdf8262eb67085f1e702de2b959?s=96&d=mm&r=g\",\"url\":\"https:\\\/\\\/secure.gravatar.com\\\/avatar\\\/072844300f4881150aee2da4278f7a65d16eefdf8262eb67085f1e702de2b959?s=96&d=mm&r=g\",\"contentUrl\":\"https:\\\/\\\/secure.gravatar.com\\\/avatar\\\/072844300f4881150aee2da4278f7a65d16eefdf8262eb67085f1e702de2b959?s=96&d=mm&r=g\",\"caption\":\"Artigos Opini\u00f3n\"},\"sameAs\":[\"http:\\\/\\\/anovapeneira.gal\"],\"url\":\"https:\\\/\\\/www.anovapeneira.gal\\\/index.php\\\/author\\\/artigosopinion\\\/\"}]}<\/script>\n<!-- \/ Yoast SEO plugin. -->","yoast_head_json":{"title":"Ucra\u00edna, a liberdade de Europa -","description":"Cando o 24 de febreiro pasado os medios informaban de que as tropas rusas estaban a invadir Ucra\u00edna, a moitos atravesounos un arreguizo de fondo temor e de rabia","robots":{"index":"index","follow":"follow","max-snippet":"max-snippet:-1","max-image-preview":"max-image-preview:large","max-video-preview":"max-video-preview:-1"},"canonical":"https:\/\/www.anovapeneira.gal\/index.php\/2022\/08\/24\/ucraina-a-liberdade-de-europa\/","og_locale":"gl_ES","og_type":"article","og_title":"Ucra\u00edna, a liberdade de Europa -","og_description":"Cando o 24 de febreiro pasado os medios informaban de que as tropas rusas estaban a invadir Ucra\u00edna, a moitos atravesounos un arreguizo de fondo temor e de rabia","og_url":"https:\/\/www.anovapeneira.gal\/index.php\/2022\/08\/24\/ucraina-a-liberdade-de-europa\/","article_publisher":"https:\/\/www.facebook.com\/anovapeneira","article_published_time":"2022-08-24T10:00:20+00:00","og_image":[{"width":720,"height":432,"url":"https:\/\/www.anovapeneira.gal\/wp-content\/uploads\/2022\/08\/carlos_penela.jpg","type":"image\/jpeg"}],"author":"Artigos Opini\u00f3n","twitter_card":"summary_large_image","twitter_creator":"@APeneira","twitter_site":"@APeneira","twitter_misc":{"Escrito por":"Artigos Opini\u00f3n","Tempo de lectura":"5 minutos"},"schema":{"@context":"https:\/\/schema.org","@graph":[{"@type":"Article","@id":"https:\/\/www.anovapeneira.gal\/index.php\/2022\/08\/24\/ucraina-a-liberdade-de-europa\/#article","isPartOf":{"@id":"https:\/\/www.anovapeneira.gal\/index.php\/2022\/08\/24\/ucraina-a-liberdade-de-europa\/"},"author":{"name":"Artigos Opini\u00f3n","@id":"https:\/\/www.anovapeneira.gal\/#\/schema\/person\/f18a4feb302e8f20bcef4490b5b60bb3"},"headline":"Ucra\u00edna, a liberdade de Europa","datePublished":"2022-08-24T10:00:20+00:00","mainEntityOfPage":{"@id":"https:\/\/www.anovapeneira.gal\/index.php\/2022\/08\/24\/ucraina-a-liberdade-de-europa\/"},"wordCount":838,"commentCount":0,"publisher":{"@id":"https:\/\/www.anovapeneira.gal\/#organization"},"image":{"@id":"https:\/\/www.anovapeneira.gal\/index.php\/2022\/08\/24\/ucraina-a-liberdade-de-europa\/#primaryimage"},"thumbnailUrl":"https:\/\/www.anovapeneira.gal\/wp-content\/uploads\/2022\/08\/carlos_penela.jpg","keywords":["Carlos Penela"],"articleSection":["Artigos de opini\u00f3n"],"inLanguage":"gl-ES","potentialAction":[{"@type":"CommentAction","name":"Comment","target":["https:\/\/www.anovapeneira.gal\/index.php\/2022\/08\/24\/ucraina-a-liberdade-de-europa\/#respond"]}]},{"@type":"WebPage","@id":"https:\/\/www.anovapeneira.gal\/index.php\/2022\/08\/24\/ucraina-a-liberdade-de-europa\/","url":"https:\/\/www.anovapeneira.gal\/index.php\/2022\/08\/24\/ucraina-a-liberdade-de-europa\/","name":"Ucra\u00edna, a liberdade de Europa -","isPartOf":{"@id":"https:\/\/www.anovapeneira.gal\/#website"},"primaryImageOfPage":{"@id":"https:\/\/www.anovapeneira.gal\/index.php\/2022\/08\/24\/ucraina-a-liberdade-de-europa\/#primaryimage"},"image":{"@id":"https:\/\/www.anovapeneira.gal\/index.php\/2022\/08\/24\/ucraina-a-liberdade-de-europa\/#primaryimage"},"thumbnailUrl":"https:\/\/www.anovapeneira.gal\/wp-content\/uploads\/2022\/08\/carlos_penela.jpg","datePublished":"2022-08-24T10:00:20+00:00","description":"Cando o 24 de febreiro pasado os medios informaban de que as tropas rusas estaban a invadir Ucra\u00edna, a moitos atravesounos un arreguizo de fondo temor e de rabia","breadcrumb":{"@id":"https:\/\/www.anovapeneira.gal\/index.php\/2022\/08\/24\/ucraina-a-liberdade-de-europa\/#breadcrumb"},"inLanguage":"gl-ES","potentialAction":[{"@type":"ReadAction","target":["https:\/\/www.anovapeneira.gal\/index.php\/2022\/08\/24\/ucraina-a-liberdade-de-europa\/"]}]},{"@type":"ImageObject","inLanguage":"gl-ES","@id":"https:\/\/www.anovapeneira.gal\/index.php\/2022\/08\/24\/ucraina-a-liberdade-de-europa\/#primaryimage","url":"https:\/\/www.anovapeneira.gal\/wp-content\/uploads\/2022\/08\/carlos_penela.jpg","contentUrl":"https:\/\/www.anovapeneira.gal\/wp-content\/uploads\/2022\/08\/carlos_penela.jpg","width":720,"height":432,"caption":"Carlos Penela"},{"@type":"BreadcrumbList","@id":"https:\/\/www.anovapeneira.gal\/index.php\/2022\/08\/24\/ucraina-a-liberdade-de-europa\/#breadcrumb","itemListElement":[{"@type":"ListItem","position":1,"name":"Portada","item":"https:\/\/www.anovapeneira.gal\/"},{"@type":"ListItem","position":2,"name":"Ucra\u00edna, a liberdade de Europa"}]},{"@type":"WebSite","@id":"https:\/\/www.anovapeneira.gal\/#website","url":"https:\/\/www.anovapeneira.gal\/","name":"","description":"Xornal galego de informaci\u00f3n xeral Publicaci\u00f3n mensual de novas de Galicia e en especial dos Concellos da sur da provincia de Pontevedra.","publisher":{"@id":"https:\/\/www.anovapeneira.gal\/#organization"},"potentialAction":[{"@type":"SearchAction","target":{"@type":"EntryPoint","urlTemplate":"https:\/\/www.anovapeneira.gal\/?s={search_term_string}"},"query-input":{"@type":"PropertyValueSpecification","valueRequired":true,"valueName":"search_term_string"}}],"inLanguage":"gl-ES"},{"@type":"Organization","@id":"https:\/\/www.anovapeneira.gal\/#organization","name":"A Nova Peneira","url":"https:\/\/www.anovapeneira.gal\/","logo":{"@type":"ImageObject","inLanguage":"gl-ES","@id":"https:\/\/www.anovapeneira.gal\/#\/schema\/logo\/image\/","url":"http:\/\/www.anovapeneira.gal\/wp-content\/uploads\/2019\/06\/logo_a_nova_peneira_portal_web.png","contentUrl":"http:\/\/www.anovapeneira.gal\/wp-content\/uploads\/2019\/06\/logo_a_nova_peneira_portal_web.png","width":300,"height":100,"caption":"A Nova Peneira"},"image":{"@id":"https:\/\/www.anovapeneira.gal\/#\/schema\/logo\/image\/"},"sameAs":["https:\/\/www.facebook.com\/anovapeneira","https:\/\/x.com\/APeneira"]},{"@type":"Person","@id":"https:\/\/www.anovapeneira.gal\/#\/schema\/person\/f18a4feb302e8f20bcef4490b5b60bb3","name":"Artigos Opini\u00f3n","image":{"@type":"ImageObject","inLanguage":"gl-ES","@id":"https:\/\/secure.gravatar.com\/avatar\/072844300f4881150aee2da4278f7a65d16eefdf8262eb67085f1e702de2b959?s=96&d=mm&r=g","url":"https:\/\/secure.gravatar.com\/avatar\/072844300f4881150aee2da4278f7a65d16eefdf8262eb67085f1e702de2b959?s=96&d=mm&r=g","contentUrl":"https:\/\/secure.gravatar.com\/avatar\/072844300f4881150aee2da4278f7a65d16eefdf8262eb67085f1e702de2b959?s=96&d=mm&r=g","caption":"Artigos Opini\u00f3n"},"sameAs":["http:\/\/anovapeneira.gal"],"url":"https:\/\/www.anovapeneira.gal\/index.php\/author\/artigosopinion\/"}]}},"jetpack_featured_media_url":"https:\/\/www.anovapeneira.gal\/wp-content\/uploads\/2022\/08\/carlos_penela.jpg","_links":{"self":[{"href":"https:\/\/www.anovapeneira.gal\/index.php\/wp-json\/wp\/v2\/posts\/8011","targetHints":{"allow":["GET"]}}],"collection":[{"href":"https:\/\/www.anovapeneira.gal\/index.php\/wp-json\/wp\/v2\/posts"}],"about":[{"href":"https:\/\/www.anovapeneira.gal\/index.php\/wp-json\/wp\/v2\/types\/post"}],"author":[{"embeddable":true,"href":"https:\/\/www.anovapeneira.gal\/index.php\/wp-json\/wp\/v2\/users\/12"}],"replies":[{"embeddable":true,"href":"https:\/\/www.anovapeneira.gal\/index.php\/wp-json\/wp\/v2\/comments?post=8011"}],"version-history":[{"count":1,"href":"https:\/\/www.anovapeneira.gal\/index.php\/wp-json\/wp\/v2\/posts\/8011\/revisions"}],"predecessor-version":[{"id":8013,"href":"https:\/\/www.anovapeneira.gal\/index.php\/wp-json\/wp\/v2\/posts\/8011\/revisions\/8013"}],"wp:featuredmedia":[{"embeddable":true,"href":"https:\/\/www.anovapeneira.gal\/index.php\/wp-json\/wp\/v2\/media\/8012"}],"wp:attachment":[{"href":"https:\/\/www.anovapeneira.gal\/index.php\/wp-json\/wp\/v2\/media?parent=8011"}],"wp:term":[{"taxonomy":"category","embeddable":true,"href":"https:\/\/www.anovapeneira.gal\/index.php\/wp-json\/wp\/v2\/categories?post=8011"},{"taxonomy":"post_tag","embeddable":true,"href":"https:\/\/www.anovapeneira.gal\/index.php\/wp-json\/wp\/v2\/tags?post=8011"}],"curies":[{"name":"wp","href":"https:\/\/api.w.org\/{rel}","templated":true}]}}