{"id":8026,"date":"2022-08-25T10:00:51","date_gmt":"2022-08-25T08:00:51","guid":{"rendered":"https:\/\/www.anovapeneira.gal\/?p=8026"},"modified":"2022-08-22T21:25:40","modified_gmt":"2022-08-22T19:25:40","slug":"as-reportaxes-de-g-figueiredo-xxviii","status":"publish","type":"post","link":"https:\/\/www.anovapeneira.gal\/index.php\/2022\/08\/25\/as-reportaxes-de-g-figueiredo-xxviii\/","title":{"rendered":"<strong>As reportaxes de G.Figueiredo XXVIII:<\/strong>"},"content":{"rendered":"\n<h2 class=\"wp-block-heading\">\u201c<strong>O asasinato de Urbano Figueiredo Castro\u201d<\/strong><\/h2>\n\n\n\n<p>\u201c<em>Despois de uns dous anos de ausencia, quero volver utilizar estas p\u00e1xinas para falar do asasinato de Urbano Figueiredo Castro. Este caso af\u00e9ctame persoalmente, pois Urbano era o meu bisav\u00f3. Bisav\u00f3 ao que non co\u00f1ec\u00edn, asasin\u00e1rono entre finais do 36 e principios de 37. Eu nac\u00edn 42 anos despois\u201d.<\/em><\/p>\n\n\n\n<p>Non podo dar demasiada informaci\u00f3n sobre Urbano, levo dous anos tentando conseguila, pero non te\u00f1o moita. Vou empezar por contarvos parte da s\u00faa historia ata que desapareceu.<\/p>\n\n\n\n<p>Urbano naceu un 25 de novembro de 1911 en Santa Mar\u00eda de M\u00e9lias, en Ourense. A s\u00faa familia afincouse al\u00ed, pero vi\u00f1an desde Portugal. Cando Urbano era pequeno trasladouse coa s\u00faa nai Florinda e o seu pai Adriano ao Porri\u00f1o e, cando era moci\u00f1o co\u00f1eceu \u00e1 s\u00faa futura muller, Arxentina Alonso Mart\u00ednez, nacida en Zam\u00e1ns.<\/p>\n\n\n\n<p>Urbano e Arxentina deciden casar un 27 de xullo de 1930 na Igrexa de Zam\u00e1ns, parroquia de Vigo onde viven e crean unha familia. No momento do casamento Urbano ten 19 anos e Arxentina, 18. Deste matrimonio nacen 3 fillos, Arxentina, Otilia e Manuel Figueiredo Alonso. Urbano traballaba de le\u00f1ador e andaba polos montes de Galicia e Asturias co seu pai, Adriano, \u00e1 le\u00f1a.<\/p>\n\n\n\n<p>A partir de aqu\u00ed a historia non est\u00e1 moi clara, pois cando eu era pequena na mi\u00f1a casa non se falaba de pol\u00edtica. Hab\u00eda moito medo e vergo\u00f1a, isto era un tema prohibido, como en moitas outras familias onde ocorreu practicamente o mesmo unha e outra vez.<\/p>\n\n\n\n<p>O que me contan \u00e9 que cando estalou o levantamento militar , o meu bisav\u00f3, Urbano, estaba en Asturias \u00e1 le\u00f1a. Cando o colleron as tropas franquistas e pediron informes del ao cura de Zam\u00e1ns, este d\u00edxolles que non o co\u00f1ec\u00eda. A s\u00faa muller, Arxentina, si era relixiosa, \u00eda \u00e1 igrexa todos os domingos, pero el non. Estaba f\u00f3ra traballando. Como consecuencia da maldade do cura de Zam\u00e1ns, Urbano foi fusilado . A d\u00eda de hoxe, eu non sei se o meu av\u00f3 Manuel, m\u00e1is co\u00f1ecido como o Torero, de 88 anos,cumprir\u00e1 89 o pr\u00f3ximo 30 de agosto, que \u00e9 o \u00fanico dos tres fillos de Urbano que segue con vida , sabe a verdade ou se se vai a decatar de quen era en realidade o seu pai cando lea estas li\u00f1as que lle te\u00f1o pensado ensinar o d\u00eda do seu aniversario. O que si sei \u00e9 que levo dous anos indagando sobre a vida do meu bisav\u00f3 e si, era le\u00f1ador, pero non o colleron traballando. O que descubro \u00e9 que parte da mi\u00f1a familia a mediados dos anos oitenta conseguiu que a mi\u00f1a bisavoa Arxentina empezase a cobrar unha pensi\u00f3n de viuvez por vi\u00fava de guerra. Sosp\u00e9itase que Urbano foi collido en Le\u00f3n e encarcerado en San Marcos, o antigo cuartel de Le\u00f3n, agora convertido en Parador. Tam\u00e9n se sospeita que al\u00ed foi fusilado e enterrado nunha fosa com\u00fan, pero non temos m\u00e1is documentaci\u00f3n. O que si consegu\u00edn pescudar \u00e9 que Urbano era unha persoa de esquerdas, afiliouse \u00e1 UXT naqueles anos e cando estalou o levantamento militar afiliouse \u00e1s milicias republicanas. Te\u00f1o o papel que acredita que ingresou nas milicias asturianas con data do 20 de setembro do 36. Que combateu contra o ex\u00e9rcito franquista en Asturias, que o colleron e o asasinaron. Urbano deixou a s\u00faa muller vi\u00fava aos 24 anos, con tres fillos e fillas moi pequenos de entre sete e tres anos, e a s\u00faa muller pasouno tremendamente mal para darlle de comer aos seus descendentes, pois quen tra\u00eda o di\u00f1eiro a casa era o seu marido Urbano, desaparecido con 25 anos.<\/p>\n\n\n\n<p>Eu non sei si o meu av\u00f3 sabe todo isto, pero o que si sei \u00e9 que o meu bisav\u00f3, o seu pai, foi un heroe. Foi un loitador, como tantos outros, que quixo pelexar contra a barbarie e a inxustiza.<\/p>\n\n\n\n<p>O outro d\u00eda pedinlle unha foto do pai para que poidades ver como era, sen dicirlle para que a quer\u00eda, cando me ensinou a foto do seu pai comezaron a caerlle as b\u00e1goas dic\u00edndome que se acordaba a\u00ednda de como xogaba de pequeno con el. Que desapareceu cando el ti\u00f1a 3 anos, que a\u00ednda lembraba como o coll\u00eda no colo e xogaba con el no patio de casa. V\u00ed\u00f1anlle as b\u00e1goas e dic\u00edame, \u201cmarchouse, marchouse co levantamento militar e non volveu nunca\u201d. Desde aqu\u00ed, av\u00f3, d\u00edgoche: que se marchou como un heroe e seguir\u00e1 sendo un heroe para sempre. Pido tam\u00e9n a todas estas familias que estean na mesma situaci\u00f3n, que non lle neguen a verdade aos seus descendentes para que non quede no esquecemento. Estas historias t\u00e9\u00f1ense que saber, non se pode deixar de falar, nin por medo, por vergo\u00f1a ou por non remover o pasado. Hai que removelo porque para todas estas persoas asasinadas nunca houbo xustiza, nin est\u00e1n os seus corpos coas s\u00faas familias. Que se lembren a todas esas persoas que foron asasinadas inxustamente por un r\u00e9xime ditatorial e asasino, coma o meu bisav\u00f3 Urbano Figueiredo Castro.<\/p>\n\n\n\n<div class=\"wp-block-columns is-layout-flex wp-container-core-columns-is-layout-9d6595d7 wp-block-columns-is-layout-flex\">\n<div class=\"wp-block-column is-layout-flow wp-block-column-is-layout-flow\">\n<figure class=\"wp-block-image size-large\"><img loading=\"lazy\" decoding=\"async\" width=\"791\" height=\"1024\" src=\"https:\/\/www.anovapeneira.gal\/wp-content\/uploads\/2022\/08\/urbano_figueiredo_3-791x1024.jpg\" alt=\"\" class=\"wp-image-8032\" srcset=\"https:\/\/www.anovapeneira.gal\/wp-content\/uploads\/2022\/08\/urbano_figueiredo_3-791x1024.jpg 791w, https:\/\/www.anovapeneira.gal\/wp-content\/uploads\/2022\/08\/urbano_figueiredo_3-232x300.jpg 232w, https:\/\/www.anovapeneira.gal\/wp-content\/uploads\/2022\/08\/urbano_figueiredo_3-768x995.jpg 768w, https:\/\/www.anovapeneira.gal\/wp-content\/uploads\/2022\/08\/urbano_figueiredo_3-1186x1536.jpg 1186w, https:\/\/www.anovapeneira.gal\/wp-content\/uploads\/2022\/08\/urbano_figueiredo_3.jpg 1358w\" sizes=\"auto, (max-width: 791px) 100vw, 791px\" \/><figcaption>Urbano\u00a0Figueiredo<\/figcaption><\/figure>\n<\/div>\n\n\n\n<div class=\"wp-block-column is-layout-flow wp-block-column-is-layout-flow\">\n<figure class=\"wp-block-image size-large\"><img loading=\"lazy\" decoding=\"async\" width=\"790\" height=\"1024\" src=\"https:\/\/www.anovapeneira.gal\/wp-content\/uploads\/2022\/08\/familia_urbano_figueiredo_2-790x1024.jpg\" alt=\"\" class=\"wp-image-8031\" srcset=\"https:\/\/www.anovapeneira.gal\/wp-content\/uploads\/2022\/08\/familia_urbano_figueiredo_2-790x1024.jpg 790w, https:\/\/www.anovapeneira.gal\/wp-content\/uploads\/2022\/08\/familia_urbano_figueiredo_2-231x300.jpg 231w, https:\/\/www.anovapeneira.gal\/wp-content\/uploads\/2022\/08\/familia_urbano_figueiredo_2-768x996.jpg 768w, https:\/\/www.anovapeneira.gal\/wp-content\/uploads\/2022\/08\/familia_urbano_figueiredo_2-1184x1536.jpg 1184w, https:\/\/www.anovapeneira.gal\/wp-content\/uploads\/2022\/08\/familia_urbano_figueiredo_2.jpg 1358w\" sizes=\"auto, (max-width: 790px) 100vw, 790px\" \/><figcaption>Arxentina,\u00a0a\u00a0s\u00faa\u00a0viuva,\u00a0e\u00a0os\u00a0seus\u00a0fillos<\/figcaption><\/figure>\n<\/div>\n<\/div>\n\n\n\n<p><strong>Dedicado a meu av\u00f3, Manuel Figueiredo Alonso, o Torero, e a todos eses nenos e nenas orfos que deixou a ditadura franquista. Qu\u00e9rote moito Av\u00f3.<\/strong><\/p>\n","protected":false},"excerpt":{"rendered":"<div class=\"mh-excerpt\"><p>Despois de uns dous anos de ausencia, quero volver utilizar estas p\u00e1xinas para falar do asasinato de Urbano Figueiredo Castro. Este caso af\u00e9ctame persoalmente, pois Urbano era o meu bisav\u00f3 <a class=\"mh-excerpt-more\" href=\"https:\/\/www.anovapeneira.gal\/index.php\/2022\/08\/25\/as-reportaxes-de-g-figueiredo-xxviii\/\" title=\"As reportaxes de G.Figueiredo XXVIII:\">[&#8230;]<\/a><\/p>\n<\/div>","protected":false},"author":17,"featured_media":8028,"comment_status":"open","ping_status":"open","sticky":false,"template":"","format":"standard","meta":{"_exactmetrics_skip_tracking":false,"_exactmetrics_sitenote_active":false,"_exactmetrics_sitenote_note":"","_exactmetrics_sitenote_category":0,"footnotes":""},"categories":[497],"tags":[227],"class_list":{"0":"post-8026","1":"post","2":"type-post","3":"status-publish","4":"format-standard","5":"has-post-thumbnail","7":"category-vigo-reportaxes","8":"tag-concello-de-vigo"},"yoast_head":"<!-- This site is optimized with the Yoast SEO plugin v27.4 - https:\/\/yoast.com\/product\/yoast-seo-wordpress\/ -->\n<title>As reportaxes de G.Figueiredo XXVIII: -<\/title>\n<meta name=\"description\" content=\"Despois de uns dous anos de ausencia, quero volver utilizar estas p\u00e1xinas para falar do asasinato de Urbano Figueiredo Castro. Este caso af\u00e9ctame persoalmente, pois Urbano era o meu bisav\u00f3\" \/>\n<meta name=\"robots\" content=\"index, follow, max-snippet:-1, max-image-preview:large, max-video-preview:-1\" \/>\n<link rel=\"canonical\" href=\"https:\/\/www.anovapeneira.gal\/index.php\/2022\/08\/25\/as-reportaxes-de-g-figueiredo-xxviii\/\" \/>\n<meta property=\"og:locale\" content=\"gl_ES\" \/>\n<meta property=\"og:type\" content=\"article\" \/>\n<meta property=\"og:title\" content=\"As reportaxes de G.Figueiredo XXVIII: -\" \/>\n<meta property=\"og:description\" content=\"Despois de uns dous anos de ausencia, quero volver utilizar estas p\u00e1xinas para falar do asasinato de Urbano Figueiredo Castro. Este caso af\u00e9ctame persoalmente, pois Urbano era o meu bisav\u00f3\" \/>\n<meta property=\"og:url\" content=\"https:\/\/www.anovapeneira.gal\/index.php\/2022\/08\/25\/as-reportaxes-de-g-figueiredo-xxviii\/\" \/>\n<meta property=\"article:publisher\" content=\"https:\/\/www.facebook.com\/anovapeneira\" \/>\n<meta property=\"article:published_time\" content=\"2022-08-25T08:00:51+00:00\" \/>\n<meta property=\"og:image\" content=\"https:\/\/www.anovapeneira.gal\/wp-content\/uploads\/2022\/08\/urbano_figueiredo.jpg\" \/>\n\t<meta property=\"og:image:width\" content=\"720\" \/>\n\t<meta property=\"og:image:height\" content=\"432\" \/>\n\t<meta property=\"og:image:type\" content=\"image\/jpeg\" \/>\n<meta name=\"author\" content=\"G. Figueiredo\" \/>\n<meta name=\"twitter:card\" content=\"summary_large_image\" \/>\n<meta name=\"twitter:creator\" content=\"@APeneira\" \/>\n<meta name=\"twitter:site\" content=\"@APeneira\" \/>\n<meta name=\"twitter:label1\" content=\"Escrito por\" \/>\n\t<meta name=\"twitter:data1\" content=\"G. Figueiredo\" \/>\n\t<meta name=\"twitter:label2\" content=\"Tempo de lectura\" \/>\n\t<meta name=\"twitter:data2\" content=\"6 minutos\" \/>\n<script type=\"application\/ld+json\" class=\"yoast-schema-graph\">{\"@context\":\"https:\\\/\\\/schema.org\",\"@graph\":[{\"@type\":\"Article\",\"@id\":\"https:\\\/\\\/www.anovapeneira.gal\\\/index.php\\\/2022\\\/08\\\/25\\\/as-reportaxes-de-g-figueiredo-xxviii\\\/#article\",\"isPartOf\":{\"@id\":\"https:\\\/\\\/www.anovapeneira.gal\\\/index.php\\\/2022\\\/08\\\/25\\\/as-reportaxes-de-g-figueiredo-xxviii\\\/\"},\"author\":{\"name\":\"G. Figueiredo\",\"@id\":\"https:\\\/\\\/www.anovapeneira.gal\\\/#\\\/schema\\\/person\\\/42f904d7cac80cf3f5a31494dd82a9b6\"},\"headline\":\"As reportaxes de G.Figueiredo XXVIII:\",\"datePublished\":\"2022-08-25T08:00:51+00:00\",\"mainEntityOfPage\":{\"@id\":\"https:\\\/\\\/www.anovapeneira.gal\\\/index.php\\\/2022\\\/08\\\/25\\\/as-reportaxes-de-g-figueiredo-xxviii\\\/\"},\"wordCount\":922,\"commentCount\":0,\"publisher\":{\"@id\":\"https:\\\/\\\/www.anovapeneira.gal\\\/#organization\"},\"image\":{\"@id\":\"https:\\\/\\\/www.anovapeneira.gal\\\/index.php\\\/2022\\\/08\\\/25\\\/as-reportaxes-de-g-figueiredo-xxviii\\\/#primaryimage\"},\"thumbnailUrl\":\"https:\\\/\\\/www.anovapeneira.gal\\\/wp-content\\\/uploads\\\/2022\\\/08\\\/urbano_figueiredo.jpg\",\"keywords\":[\"Concello de Vigo\"],\"articleSection\":[\"Vigo\"],\"inLanguage\":\"gl-ES\",\"potentialAction\":[{\"@type\":\"CommentAction\",\"name\":\"Comment\",\"target\":[\"https:\\\/\\\/www.anovapeneira.gal\\\/index.php\\\/2022\\\/08\\\/25\\\/as-reportaxes-de-g-figueiredo-xxviii\\\/#respond\"]}]},{\"@type\":\"WebPage\",\"@id\":\"https:\\\/\\\/www.anovapeneira.gal\\\/index.php\\\/2022\\\/08\\\/25\\\/as-reportaxes-de-g-figueiredo-xxviii\\\/\",\"url\":\"https:\\\/\\\/www.anovapeneira.gal\\\/index.php\\\/2022\\\/08\\\/25\\\/as-reportaxes-de-g-figueiredo-xxviii\\\/\",\"name\":\"As reportaxes de G.Figueiredo XXVIII: -\",\"isPartOf\":{\"@id\":\"https:\\\/\\\/www.anovapeneira.gal\\\/#website\"},\"primaryImageOfPage\":{\"@id\":\"https:\\\/\\\/www.anovapeneira.gal\\\/index.php\\\/2022\\\/08\\\/25\\\/as-reportaxes-de-g-figueiredo-xxviii\\\/#primaryimage\"},\"image\":{\"@id\":\"https:\\\/\\\/www.anovapeneira.gal\\\/index.php\\\/2022\\\/08\\\/25\\\/as-reportaxes-de-g-figueiredo-xxviii\\\/#primaryimage\"},\"thumbnailUrl\":\"https:\\\/\\\/www.anovapeneira.gal\\\/wp-content\\\/uploads\\\/2022\\\/08\\\/urbano_figueiredo.jpg\",\"datePublished\":\"2022-08-25T08:00:51+00:00\",\"description\":\"Despois de uns dous anos de ausencia, quero volver utilizar estas p\u00e1xinas para falar do asasinato de Urbano Figueiredo Castro. Este caso af\u00e9ctame persoalmente, pois Urbano era o meu bisav\u00f3\",\"breadcrumb\":{\"@id\":\"https:\\\/\\\/www.anovapeneira.gal\\\/index.php\\\/2022\\\/08\\\/25\\\/as-reportaxes-de-g-figueiredo-xxviii\\\/#breadcrumb\"},\"inLanguage\":\"gl-ES\",\"potentialAction\":[{\"@type\":\"ReadAction\",\"target\":[\"https:\\\/\\\/www.anovapeneira.gal\\\/index.php\\\/2022\\\/08\\\/25\\\/as-reportaxes-de-g-figueiredo-xxviii\\\/\"]}]},{\"@type\":\"ImageObject\",\"inLanguage\":\"gl-ES\",\"@id\":\"https:\\\/\\\/www.anovapeneira.gal\\\/index.php\\\/2022\\\/08\\\/25\\\/as-reportaxes-de-g-figueiredo-xxviii\\\/#primaryimage\",\"url\":\"https:\\\/\\\/www.anovapeneira.gal\\\/wp-content\\\/uploads\\\/2022\\\/08\\\/urbano_figueiredo.jpg\",\"contentUrl\":\"https:\\\/\\\/www.anovapeneira.gal\\\/wp-content\\\/uploads\\\/2022\\\/08\\\/urbano_figueiredo.jpg\",\"width\":720,\"height\":432,\"caption\":\"Urbano Figueiredo\"},{\"@type\":\"BreadcrumbList\",\"@id\":\"https:\\\/\\\/www.anovapeneira.gal\\\/index.php\\\/2022\\\/08\\\/25\\\/as-reportaxes-de-g-figueiredo-xxviii\\\/#breadcrumb\",\"itemListElement\":[{\"@type\":\"ListItem\",\"position\":1,\"name\":\"Portada\",\"item\":\"https:\\\/\\\/www.anovapeneira.gal\\\/\"},{\"@type\":\"ListItem\",\"position\":2,\"name\":\"As reportaxes de G.Figueiredo XXVIII:\"}]},{\"@type\":\"WebSite\",\"@id\":\"https:\\\/\\\/www.anovapeneira.gal\\\/#website\",\"url\":\"https:\\\/\\\/www.anovapeneira.gal\\\/\",\"name\":\"\",\"description\":\"Xornal galego de informaci\u00f3n xeral Publicaci\u00f3n mensual de novas de Galicia e en especial dos Concellos da sur da provincia de Pontevedra.\",\"publisher\":{\"@id\":\"https:\\\/\\\/www.anovapeneira.gal\\\/#organization\"},\"potentialAction\":[{\"@type\":\"SearchAction\",\"target\":{\"@type\":\"EntryPoint\",\"urlTemplate\":\"https:\\\/\\\/www.anovapeneira.gal\\\/?s={search_term_string}\"},\"query-input\":{\"@type\":\"PropertyValueSpecification\",\"valueRequired\":true,\"valueName\":\"search_term_string\"}}],\"inLanguage\":\"gl-ES\"},{\"@type\":\"Organization\",\"@id\":\"https:\\\/\\\/www.anovapeneira.gal\\\/#organization\",\"name\":\"A Nova Peneira\",\"url\":\"https:\\\/\\\/www.anovapeneira.gal\\\/\",\"logo\":{\"@type\":\"ImageObject\",\"inLanguage\":\"gl-ES\",\"@id\":\"https:\\\/\\\/www.anovapeneira.gal\\\/#\\\/schema\\\/logo\\\/image\\\/\",\"url\":\"http:\\\/\\\/www.anovapeneira.gal\\\/wp-content\\\/uploads\\\/2019\\\/06\\\/logo_a_nova_peneira_portal_web.png\",\"contentUrl\":\"http:\\\/\\\/www.anovapeneira.gal\\\/wp-content\\\/uploads\\\/2019\\\/06\\\/logo_a_nova_peneira_portal_web.png\",\"width\":300,\"height\":100,\"caption\":\"A Nova Peneira\"},\"image\":{\"@id\":\"https:\\\/\\\/www.anovapeneira.gal\\\/#\\\/schema\\\/logo\\\/image\\\/\"},\"sameAs\":[\"https:\\\/\\\/www.facebook.com\\\/anovapeneira\",\"https:\\\/\\\/x.com\\\/APeneira\"]},{\"@type\":\"Person\",\"@id\":\"https:\\\/\\\/www.anovapeneira.gal\\\/#\\\/schema\\\/person\\\/42f904d7cac80cf3f5a31494dd82a9b6\",\"name\":\"G. Figueiredo\",\"image\":{\"@type\":\"ImageObject\",\"inLanguage\":\"gl-ES\",\"@id\":\"https:\\\/\\\/secure.gravatar.com\\\/avatar\\\/2d970086688458e0398ef8b84f5cbb8cc1ec3ab115aeb8435135a9f556af97b3?s=96&d=mm&r=g\",\"url\":\"https:\\\/\\\/secure.gravatar.com\\\/avatar\\\/2d970086688458e0398ef8b84f5cbb8cc1ec3ab115aeb8435135a9f556af97b3?s=96&d=mm&r=g\",\"contentUrl\":\"https:\\\/\\\/secure.gravatar.com\\\/avatar\\\/2d970086688458e0398ef8b84f5cbb8cc1ec3ab115aeb8435135a9f556af97b3?s=96&d=mm&r=g\",\"caption\":\"G. Figueiredo\"},\"sameAs\":[\"http:\\\/\\\/www.anovapeneira.gal\\\/\"],\"url\":\"https:\\\/\\\/www.anovapeneira.gal\\\/index.php\\\/author\\\/g-figueiredo\\\/\"}]}<\/script>\n<!-- \/ Yoast SEO plugin. -->","yoast_head_json":{"title":"As reportaxes de G.Figueiredo XXVIII: -","description":"Despois de uns dous anos de ausencia, quero volver utilizar estas p\u00e1xinas para falar do asasinato de Urbano Figueiredo Castro. Este caso af\u00e9ctame persoalmente, pois Urbano era o meu bisav\u00f3","robots":{"index":"index","follow":"follow","max-snippet":"max-snippet:-1","max-image-preview":"max-image-preview:large","max-video-preview":"max-video-preview:-1"},"canonical":"https:\/\/www.anovapeneira.gal\/index.php\/2022\/08\/25\/as-reportaxes-de-g-figueiredo-xxviii\/","og_locale":"gl_ES","og_type":"article","og_title":"As reportaxes de G.Figueiredo XXVIII: -","og_description":"Despois de uns dous anos de ausencia, quero volver utilizar estas p\u00e1xinas para falar do asasinato de Urbano Figueiredo Castro. Este caso af\u00e9ctame persoalmente, pois Urbano era o meu bisav\u00f3","og_url":"https:\/\/www.anovapeneira.gal\/index.php\/2022\/08\/25\/as-reportaxes-de-g-figueiredo-xxviii\/","article_publisher":"https:\/\/www.facebook.com\/anovapeneira","article_published_time":"2022-08-25T08:00:51+00:00","og_image":[{"width":720,"height":432,"url":"https:\/\/www.anovapeneira.gal\/wp-content\/uploads\/2022\/08\/urbano_figueiredo.jpg","type":"image\/jpeg"}],"author":"G. Figueiredo","twitter_card":"summary_large_image","twitter_creator":"@APeneira","twitter_site":"@APeneira","twitter_misc":{"Escrito por":"G. Figueiredo","Tempo de lectura":"6 minutos"},"schema":{"@context":"https:\/\/schema.org","@graph":[{"@type":"Article","@id":"https:\/\/www.anovapeneira.gal\/index.php\/2022\/08\/25\/as-reportaxes-de-g-figueiredo-xxviii\/#article","isPartOf":{"@id":"https:\/\/www.anovapeneira.gal\/index.php\/2022\/08\/25\/as-reportaxes-de-g-figueiredo-xxviii\/"},"author":{"name":"G. Figueiredo","@id":"https:\/\/www.anovapeneira.gal\/#\/schema\/person\/42f904d7cac80cf3f5a31494dd82a9b6"},"headline":"As reportaxes de G.Figueiredo XXVIII:","datePublished":"2022-08-25T08:00:51+00:00","mainEntityOfPage":{"@id":"https:\/\/www.anovapeneira.gal\/index.php\/2022\/08\/25\/as-reportaxes-de-g-figueiredo-xxviii\/"},"wordCount":922,"commentCount":0,"publisher":{"@id":"https:\/\/www.anovapeneira.gal\/#organization"},"image":{"@id":"https:\/\/www.anovapeneira.gal\/index.php\/2022\/08\/25\/as-reportaxes-de-g-figueiredo-xxviii\/#primaryimage"},"thumbnailUrl":"https:\/\/www.anovapeneira.gal\/wp-content\/uploads\/2022\/08\/urbano_figueiredo.jpg","keywords":["Concello de Vigo"],"articleSection":["Vigo"],"inLanguage":"gl-ES","potentialAction":[{"@type":"CommentAction","name":"Comment","target":["https:\/\/www.anovapeneira.gal\/index.php\/2022\/08\/25\/as-reportaxes-de-g-figueiredo-xxviii\/#respond"]}]},{"@type":"WebPage","@id":"https:\/\/www.anovapeneira.gal\/index.php\/2022\/08\/25\/as-reportaxes-de-g-figueiredo-xxviii\/","url":"https:\/\/www.anovapeneira.gal\/index.php\/2022\/08\/25\/as-reportaxes-de-g-figueiredo-xxviii\/","name":"As reportaxes de G.Figueiredo XXVIII: -","isPartOf":{"@id":"https:\/\/www.anovapeneira.gal\/#website"},"primaryImageOfPage":{"@id":"https:\/\/www.anovapeneira.gal\/index.php\/2022\/08\/25\/as-reportaxes-de-g-figueiredo-xxviii\/#primaryimage"},"image":{"@id":"https:\/\/www.anovapeneira.gal\/index.php\/2022\/08\/25\/as-reportaxes-de-g-figueiredo-xxviii\/#primaryimage"},"thumbnailUrl":"https:\/\/www.anovapeneira.gal\/wp-content\/uploads\/2022\/08\/urbano_figueiredo.jpg","datePublished":"2022-08-25T08:00:51+00:00","description":"Despois de uns dous anos de ausencia, quero volver utilizar estas p\u00e1xinas para falar do asasinato de Urbano Figueiredo Castro. Este caso af\u00e9ctame persoalmente, pois Urbano era o meu bisav\u00f3","breadcrumb":{"@id":"https:\/\/www.anovapeneira.gal\/index.php\/2022\/08\/25\/as-reportaxes-de-g-figueiredo-xxviii\/#breadcrumb"},"inLanguage":"gl-ES","potentialAction":[{"@type":"ReadAction","target":["https:\/\/www.anovapeneira.gal\/index.php\/2022\/08\/25\/as-reportaxes-de-g-figueiredo-xxviii\/"]}]},{"@type":"ImageObject","inLanguage":"gl-ES","@id":"https:\/\/www.anovapeneira.gal\/index.php\/2022\/08\/25\/as-reportaxes-de-g-figueiredo-xxviii\/#primaryimage","url":"https:\/\/www.anovapeneira.gal\/wp-content\/uploads\/2022\/08\/urbano_figueiredo.jpg","contentUrl":"https:\/\/www.anovapeneira.gal\/wp-content\/uploads\/2022\/08\/urbano_figueiredo.jpg","width":720,"height":432,"caption":"Urbano Figueiredo"},{"@type":"BreadcrumbList","@id":"https:\/\/www.anovapeneira.gal\/index.php\/2022\/08\/25\/as-reportaxes-de-g-figueiredo-xxviii\/#breadcrumb","itemListElement":[{"@type":"ListItem","position":1,"name":"Portada","item":"https:\/\/www.anovapeneira.gal\/"},{"@type":"ListItem","position":2,"name":"As reportaxes de G.Figueiredo XXVIII:"}]},{"@type":"WebSite","@id":"https:\/\/www.anovapeneira.gal\/#website","url":"https:\/\/www.anovapeneira.gal\/","name":"","description":"Xornal galego de informaci\u00f3n xeral Publicaci\u00f3n mensual de novas de Galicia e en especial dos Concellos da sur da provincia de Pontevedra.","publisher":{"@id":"https:\/\/www.anovapeneira.gal\/#organization"},"potentialAction":[{"@type":"SearchAction","target":{"@type":"EntryPoint","urlTemplate":"https:\/\/www.anovapeneira.gal\/?s={search_term_string}"},"query-input":{"@type":"PropertyValueSpecification","valueRequired":true,"valueName":"search_term_string"}}],"inLanguage":"gl-ES"},{"@type":"Organization","@id":"https:\/\/www.anovapeneira.gal\/#organization","name":"A Nova Peneira","url":"https:\/\/www.anovapeneira.gal\/","logo":{"@type":"ImageObject","inLanguage":"gl-ES","@id":"https:\/\/www.anovapeneira.gal\/#\/schema\/logo\/image\/","url":"http:\/\/www.anovapeneira.gal\/wp-content\/uploads\/2019\/06\/logo_a_nova_peneira_portal_web.png","contentUrl":"http:\/\/www.anovapeneira.gal\/wp-content\/uploads\/2019\/06\/logo_a_nova_peneira_portal_web.png","width":300,"height":100,"caption":"A Nova Peneira"},"image":{"@id":"https:\/\/www.anovapeneira.gal\/#\/schema\/logo\/image\/"},"sameAs":["https:\/\/www.facebook.com\/anovapeneira","https:\/\/x.com\/APeneira"]},{"@type":"Person","@id":"https:\/\/www.anovapeneira.gal\/#\/schema\/person\/42f904d7cac80cf3f5a31494dd82a9b6","name":"G. Figueiredo","image":{"@type":"ImageObject","inLanguage":"gl-ES","@id":"https:\/\/secure.gravatar.com\/avatar\/2d970086688458e0398ef8b84f5cbb8cc1ec3ab115aeb8435135a9f556af97b3?s=96&d=mm&r=g","url":"https:\/\/secure.gravatar.com\/avatar\/2d970086688458e0398ef8b84f5cbb8cc1ec3ab115aeb8435135a9f556af97b3?s=96&d=mm&r=g","contentUrl":"https:\/\/secure.gravatar.com\/avatar\/2d970086688458e0398ef8b84f5cbb8cc1ec3ab115aeb8435135a9f556af97b3?s=96&d=mm&r=g","caption":"G. Figueiredo"},"sameAs":["http:\/\/www.anovapeneira.gal\/"],"url":"https:\/\/www.anovapeneira.gal\/index.php\/author\/g-figueiredo\/"}]}},"jetpack_featured_media_url":"https:\/\/www.anovapeneira.gal\/wp-content\/uploads\/2022\/08\/urbano_figueiredo.jpg","_links":{"self":[{"href":"https:\/\/www.anovapeneira.gal\/index.php\/wp-json\/wp\/v2\/posts\/8026","targetHints":{"allow":["GET"]}}],"collection":[{"href":"https:\/\/www.anovapeneira.gal\/index.php\/wp-json\/wp\/v2\/posts"}],"about":[{"href":"https:\/\/www.anovapeneira.gal\/index.php\/wp-json\/wp\/v2\/types\/post"}],"author":[{"embeddable":true,"href":"https:\/\/www.anovapeneira.gal\/index.php\/wp-json\/wp\/v2\/users\/17"}],"replies":[{"embeddable":true,"href":"https:\/\/www.anovapeneira.gal\/index.php\/wp-json\/wp\/v2\/comments?post=8026"}],"version-history":[{"count":2,"href":"https:\/\/www.anovapeneira.gal\/index.php\/wp-json\/wp\/v2\/posts\/8026\/revisions"}],"predecessor-version":[{"id":8033,"href":"https:\/\/www.anovapeneira.gal\/index.php\/wp-json\/wp\/v2\/posts\/8026\/revisions\/8033"}],"wp:featuredmedia":[{"embeddable":true,"href":"https:\/\/www.anovapeneira.gal\/index.php\/wp-json\/wp\/v2\/media\/8028"}],"wp:attachment":[{"href":"https:\/\/www.anovapeneira.gal\/index.php\/wp-json\/wp\/v2\/media?parent=8026"}],"wp:term":[{"taxonomy":"category","embeddable":true,"href":"https:\/\/www.anovapeneira.gal\/index.php\/wp-json\/wp\/v2\/categories?post=8026"},{"taxonomy":"post_tag","embeddable":true,"href":"https:\/\/www.anovapeneira.gal\/index.php\/wp-json\/wp\/v2\/tags?post=8026"}],"curies":[{"name":"wp","href":"https:\/\/api.w.org\/{rel}","templated":true}]}}