{"id":8038,"date":"2022-08-26T10:00:33","date_gmt":"2022-08-26T08:00:33","guid":{"rendered":"https:\/\/www.anovapeneira.gal\/?p=8038"},"modified":"2022-08-24T09:39:52","modified_gmt":"2022-08-24T07:39:52","slug":"eu-son-esquerda-unida-urxira-ao-goberno-municipal-a-pedir-unha-reunion-da-corporacion-coa-direccion-de-coren","status":"publish","type":"post","link":"https:\/\/www.anovapeneira.gal\/index.php\/2022\/08\/26\/eu-son-esquerda-unida-urxira-ao-goberno-municipal-a-pedir-unha-reunion-da-corporacion-coa-direccion-de-coren\/","title":{"rendered":"EU SON \u2013 ESQUERDA UNIDA urxir\u00e1 ao goberno municipal a pedir unha reuni\u00f3n da corporaci\u00f3n coa direcci\u00f3n de COREN"},"content":{"rendered":"\n<h2 class=\"wp-block-heading\">A contaminaci\u00f3n por cheiros provenientes do matadeiro segue sen soluci\u00f3n<\/h2>\n\n\n\n<p><strong>O Porri\u00f1o, 19 de agosto de 2022.<\/strong><\/p>\n\n\n\n<p>Xa con anterioridade se levarona Pleno iniciativassobre o problema dos cheiros producida pola actividade de COREN e o trastorno ocasionado\u00e1 veci\u00f1anza, aprob\u00e1ndose pola Corporaci\u00f3n, a \u00faltima de EU SON en setembro do 2018. Catro anos despois o problema persiste porque a empresa non tomou medidas ou non foron as axeitadas. Estamos ante unha forma de contaminaci\u00f3n ambiental que est\u00e1 a provocar un deterioro na vida de moitas veci\u00f1as e veci\u00f1os do Porri\u00f1o.<\/p>\n\n\n\n<p>A veci\u00f1anza non precisa de medici\u00f3ns nin valoraci\u00f3ns t\u00e9cnicas xa que \u00e9 algo que vive acot\u00edo, principalmente no casco urbano. Nas vivendas do contorno da planta industrial, o fedor hai d\u00edas que \u00e9 un convidado que entra pola vent\u00e1.A existencia de malos olores, que xa resultan insoportables nas r\u00faas, nos domicilios faise todav\u00eda m\u00e1is insufrible e leva a non poder airear e ventilar como correponder\u00eda de xeito necesario.<\/p>\n\n\n\n<p>Hostalar\u00eda e comercio tampouco ven moitas veces favorecidas as s\u00faas ventas xa que o \u201cambiente\u201d tira para atr\u00e1se merece especial atenci\u00f3n a imaxe que leva do Porri\u00f1o a xente que fai o Cami\u00f1o Portugu\u00e9s e que moitas veces deixa constanciado malestar poreste fedor no paseo fluvial ou no albergue.<\/p>\n\n\n\n<p>COREN \u00e9 unha compa\u00f1\u00eda forte, con un incremento nos \u00faltimos anos moi importate na s\u00faa facturaci\u00f3n grazas ao traballo da plantilla. Parte deses beneficios econ\u00f3micos, deben converterse en recursos t\u00e9cnicos cos que a empresa solucione este problema definitivamente e poidamos respirar con normalidade.<\/p>\n\n\n\n<p>Goberno Municipal ten a obriga de protexer a sa\u00fade p\u00fablica e o benestar da veci\u00f1anza, esixindo \u00e1 empresa medidas correctoras. Por todo o exposto, sometemos \u00e1 aprobaci\u00f3n pola Corporaci\u00f3n Municipal do Porri\u00f1o dos seguintes acordos: amosar o rexeitamento da contaminaci\u00f3n ambiental provocada polos cheiros provenientes de CORENe solicitar formalmente unha visita e reuni\u00f3n da Corporaci\u00f3n coa direcci\u00f3n da planta para co\u00f1ecer cales son os procesos de funcionamento e as medidas correctoras nas que se est\u00e1 ou se vai traballar para acabar con esta situaci\u00f3n.<\/p>\n","protected":false},"excerpt":{"rendered":"<div class=\"mh-excerpt\"><p>Xa con anterioridade se levarona Pleno iniciativassobre o problema dos cheiros producida pola actividade de COREN e o trastorno ocasionado\u00e1 veci\u00f1anza, aprob\u00e1ndose pola Corporaci\u00f3n, a \u00faltima de EU SON en setembro do 2018 <a class=\"mh-excerpt-more\" href=\"https:\/\/www.anovapeneira.gal\/index.php\/2022\/08\/26\/eu-son-esquerda-unida-urxira-ao-goberno-municipal-a-pedir-unha-reunion-da-corporacion-coa-direccion-de-coren\/\" title=\"EU SON \u2013 ESQUERDA UNIDA urxir\u00e1 ao goberno municipal a pedir unha reuni\u00f3n da corporaci\u00f3n coa direcci\u00f3n de COREN\">[&#8230;]<\/a><\/p>\n<\/div>","protected":false},"author":3,"featured_media":7614,"comment_status":"open","ping_status":"open","sticky":false,"template":"","format":"standard","meta":{"_exactmetrics_skip_tracking":false,"_exactmetrics_sitenote_active":false,"_exactmetrics_sitenote_note":"","_exactmetrics_sitenote_category":0,"footnotes":""},"categories":[23],"tags":[411],"class_list":{"0":"post-8038","1":"post","2":"type-post","3":"status-publish","4":"format-standard","5":"has-post-thumbnail","7":"category-a-lourina","8":"tag-concello-do-porrino"},"yoast_head":"<!-- This site is optimized with the Yoast SEO plugin v27.4 - https:\/\/yoast.com\/product\/yoast-seo-wordpress\/ -->\n<title>EU SON \u2013 ESQUERDA UNIDA urxir\u00e1 ao goberno municipal a pedir unha reuni\u00f3n da corporaci\u00f3n coa direcci\u00f3n de COREN -<\/title>\n<meta name=\"description\" content=\"Xa con anterioridade se levarona Pleno iniciativassobre o problema dos cheiros producida pola actividade de COREN e o trastorno ocasionado\u00e1 veci\u00f1anza, aprob\u00e1ndose pola Corporaci\u00f3n, a \u00faltima de EU SON en setembro do 2018\" \/>\n<meta name=\"robots\" content=\"index, follow, max-snippet:-1, max-image-preview:large, max-video-preview:-1\" \/>\n<link rel=\"canonical\" href=\"https:\/\/www.anovapeneira.gal\/index.php\/2022\/08\/26\/eu-son-esquerda-unida-urxira-ao-goberno-municipal-a-pedir-unha-reunion-da-corporacion-coa-direccion-de-coren\/\" \/>\n<meta property=\"og:locale\" content=\"gl_ES\" \/>\n<meta property=\"og:type\" content=\"article\" \/>\n<meta property=\"og:title\" content=\"EU SON \u2013 ESQUERDA UNIDA urxir\u00e1 ao goberno municipal a pedir unha reuni\u00f3n da corporaci\u00f3n coa direcci\u00f3n de COREN -\" \/>\n<meta property=\"og:description\" content=\"Xa con anterioridade se levarona Pleno iniciativassobre o problema dos cheiros producida pola actividade de COREN e o trastorno ocasionado\u00e1 veci\u00f1anza, aprob\u00e1ndose pola Corporaci\u00f3n, a \u00faltima de EU SON en setembro do 2018\" \/>\n<meta property=\"og:url\" content=\"https:\/\/www.anovapeneira.gal\/index.php\/2022\/08\/26\/eu-son-esquerda-unida-urxira-ao-goberno-municipal-a-pedir-unha-reunion-da-corporacion-coa-direccion-de-coren\/\" \/>\n<meta property=\"article:publisher\" content=\"https:\/\/www.facebook.com\/anovapeneira\" \/>\n<meta property=\"article:published_time\" content=\"2022-08-26T08:00:33+00:00\" \/>\n<meta property=\"og:image\" content=\"https:\/\/www.anovapeneira.gal\/wp-content\/uploads\/2022\/06\/patricia_sio.jpg\" \/>\n\t<meta property=\"og:image:width\" content=\"720\" \/>\n\t<meta property=\"og:image:height\" content=\"432\" \/>\n\t<meta property=\"og:image:type\" content=\"image\/jpeg\" \/>\n<meta name=\"author\" content=\"Redacci\u00f3n A Nova Peneira\" \/>\n<meta name=\"twitter:card\" content=\"summary_large_image\" \/>\n<meta name=\"twitter:creator\" content=\"@APeneira\" \/>\n<meta name=\"twitter:site\" content=\"@APeneira\" \/>\n<meta name=\"twitter:label1\" content=\"Escrito por\" \/>\n\t<meta name=\"twitter:data1\" content=\"Redacci\u00f3n A Nova Peneira\" \/>\n\t<meta name=\"twitter:label2\" content=\"Tempo de lectura\" \/>\n\t<meta name=\"twitter:data2\" content=\"2 minutos\" \/>\n<script type=\"application\/ld+json\" class=\"yoast-schema-graph\">{\"@context\":\"https:\\\/\\\/schema.org\",\"@graph\":[{\"@type\":\"Article\",\"@id\":\"https:\\\/\\\/www.anovapeneira.gal\\\/index.php\\\/2022\\\/08\\\/26\\\/eu-son-esquerda-unida-urxira-ao-goberno-municipal-a-pedir-unha-reunion-da-corporacion-coa-direccion-de-coren\\\/#article\",\"isPartOf\":{\"@id\":\"https:\\\/\\\/www.anovapeneira.gal\\\/index.php\\\/2022\\\/08\\\/26\\\/eu-son-esquerda-unida-urxira-ao-goberno-municipal-a-pedir-unha-reunion-da-corporacion-coa-direccion-de-coren\\\/\"},\"author\":{\"name\":\"Redacci\u00f3n A Nova Peneira\",\"@id\":\"https:\\\/\\\/www.anovapeneira.gal\\\/#\\\/schema\\\/person\\\/b93e3f8932e3f8da96334607eb6ac6aa\"},\"headline\":\"EU SON \u2013 ESQUERDA UNIDA urxir\u00e1 ao goberno municipal a pedir unha reuni\u00f3n da corporaci\u00f3n coa direcci\u00f3n de COREN\",\"datePublished\":\"2022-08-26T08:00:33+00:00\",\"mainEntityOfPage\":{\"@id\":\"https:\\\/\\\/www.anovapeneira.gal\\\/index.php\\\/2022\\\/08\\\/26\\\/eu-son-esquerda-unida-urxira-ao-goberno-municipal-a-pedir-unha-reunion-da-corporacion-coa-direccion-de-coren\\\/\"},\"wordCount\":391,\"commentCount\":0,\"publisher\":{\"@id\":\"https:\\\/\\\/www.anovapeneira.gal\\\/#organization\"},\"image\":{\"@id\":\"https:\\\/\\\/www.anovapeneira.gal\\\/index.php\\\/2022\\\/08\\\/26\\\/eu-son-esquerda-unida-urxira-ao-goberno-municipal-a-pedir-unha-reunion-da-corporacion-coa-direccion-de-coren\\\/#primaryimage\"},\"thumbnailUrl\":\"https:\\\/\\\/www.anovapeneira.gal\\\/wp-content\\\/uploads\\\/2022\\\/06\\\/patricia_sio.jpg\",\"keywords\":[\"Concello do Porri\u00f1o\"],\"articleSection\":[\"A Louri\u00f1a\"],\"inLanguage\":\"gl-ES\",\"potentialAction\":[{\"@type\":\"CommentAction\",\"name\":\"Comment\",\"target\":[\"https:\\\/\\\/www.anovapeneira.gal\\\/index.php\\\/2022\\\/08\\\/26\\\/eu-son-esquerda-unida-urxira-ao-goberno-municipal-a-pedir-unha-reunion-da-corporacion-coa-direccion-de-coren\\\/#respond\"]}]},{\"@type\":\"WebPage\",\"@id\":\"https:\\\/\\\/www.anovapeneira.gal\\\/index.php\\\/2022\\\/08\\\/26\\\/eu-son-esquerda-unida-urxira-ao-goberno-municipal-a-pedir-unha-reunion-da-corporacion-coa-direccion-de-coren\\\/\",\"url\":\"https:\\\/\\\/www.anovapeneira.gal\\\/index.php\\\/2022\\\/08\\\/26\\\/eu-son-esquerda-unida-urxira-ao-goberno-municipal-a-pedir-unha-reunion-da-corporacion-coa-direccion-de-coren\\\/\",\"name\":\"EU SON \u2013 ESQUERDA UNIDA urxir\u00e1 ao goberno municipal a pedir unha reuni\u00f3n da corporaci\u00f3n coa direcci\u00f3n de COREN -\",\"isPartOf\":{\"@id\":\"https:\\\/\\\/www.anovapeneira.gal\\\/#website\"},\"primaryImageOfPage\":{\"@id\":\"https:\\\/\\\/www.anovapeneira.gal\\\/index.php\\\/2022\\\/08\\\/26\\\/eu-son-esquerda-unida-urxira-ao-goberno-municipal-a-pedir-unha-reunion-da-corporacion-coa-direccion-de-coren\\\/#primaryimage\"},\"image\":{\"@id\":\"https:\\\/\\\/www.anovapeneira.gal\\\/index.php\\\/2022\\\/08\\\/26\\\/eu-son-esquerda-unida-urxira-ao-goberno-municipal-a-pedir-unha-reunion-da-corporacion-coa-direccion-de-coren\\\/#primaryimage\"},\"thumbnailUrl\":\"https:\\\/\\\/www.anovapeneira.gal\\\/wp-content\\\/uploads\\\/2022\\\/06\\\/patricia_sio.jpg\",\"datePublished\":\"2022-08-26T08:00:33+00:00\",\"description\":\"Xa con anterioridade se levarona Pleno iniciativassobre o problema dos cheiros producida pola actividade de COREN e o trastorno ocasionado\u00e1 veci\u00f1anza, aprob\u00e1ndose pola Corporaci\u00f3n, a \u00faltima de EU SON en setembro do 2018\",\"breadcrumb\":{\"@id\":\"https:\\\/\\\/www.anovapeneira.gal\\\/index.php\\\/2022\\\/08\\\/26\\\/eu-son-esquerda-unida-urxira-ao-goberno-municipal-a-pedir-unha-reunion-da-corporacion-coa-direccion-de-coren\\\/#breadcrumb\"},\"inLanguage\":\"gl-ES\",\"potentialAction\":[{\"@type\":\"ReadAction\",\"target\":[\"https:\\\/\\\/www.anovapeneira.gal\\\/index.php\\\/2022\\\/08\\\/26\\\/eu-son-esquerda-unida-urxira-ao-goberno-municipal-a-pedir-unha-reunion-da-corporacion-coa-direccion-de-coren\\\/\"]}]},{\"@type\":\"ImageObject\",\"inLanguage\":\"gl-ES\",\"@id\":\"https:\\\/\\\/www.anovapeneira.gal\\\/index.php\\\/2022\\\/08\\\/26\\\/eu-son-esquerda-unida-urxira-ao-goberno-municipal-a-pedir-unha-reunion-da-corporacion-coa-direccion-de-coren\\\/#primaryimage\",\"url\":\"https:\\\/\\\/www.anovapeneira.gal\\\/wp-content\\\/uploads\\\/2022\\\/06\\\/patricia_sio.jpg\",\"contentUrl\":\"https:\\\/\\\/www.anovapeneira.gal\\\/wp-content\\\/uploads\\\/2022\\\/06\\\/patricia_sio.jpg\",\"width\":720,\"height\":432,\"caption\":\"Patricia S\u00edo\"},{\"@type\":\"BreadcrumbList\",\"@id\":\"https:\\\/\\\/www.anovapeneira.gal\\\/index.php\\\/2022\\\/08\\\/26\\\/eu-son-esquerda-unida-urxira-ao-goberno-municipal-a-pedir-unha-reunion-da-corporacion-coa-direccion-de-coren\\\/#breadcrumb\",\"itemListElement\":[{\"@type\":\"ListItem\",\"position\":1,\"name\":\"Portada\",\"item\":\"https:\\\/\\\/www.anovapeneira.gal\\\/\"},{\"@type\":\"ListItem\",\"position\":2,\"name\":\"EU SON \u2013 ESQUERDA UNIDA urxir\u00e1 ao goberno municipal a pedir unha reuni\u00f3n da corporaci\u00f3n coa direcci\u00f3n de COREN\"}]},{\"@type\":\"WebSite\",\"@id\":\"https:\\\/\\\/www.anovapeneira.gal\\\/#website\",\"url\":\"https:\\\/\\\/www.anovapeneira.gal\\\/\",\"name\":\"\",\"description\":\"Xornal galego de informaci\u00f3n xeral Publicaci\u00f3n mensual de novas de Galicia e en especial dos Concellos da sur da provincia de Pontevedra.\",\"publisher\":{\"@id\":\"https:\\\/\\\/www.anovapeneira.gal\\\/#organization\"},\"potentialAction\":[{\"@type\":\"SearchAction\",\"target\":{\"@type\":\"EntryPoint\",\"urlTemplate\":\"https:\\\/\\\/www.anovapeneira.gal\\\/?s={search_term_string}\"},\"query-input\":{\"@type\":\"PropertyValueSpecification\",\"valueRequired\":true,\"valueName\":\"search_term_string\"}}],\"inLanguage\":\"gl-ES\"},{\"@type\":\"Organization\",\"@id\":\"https:\\\/\\\/www.anovapeneira.gal\\\/#organization\",\"name\":\"A Nova Peneira\",\"url\":\"https:\\\/\\\/www.anovapeneira.gal\\\/\",\"logo\":{\"@type\":\"ImageObject\",\"inLanguage\":\"gl-ES\",\"@id\":\"https:\\\/\\\/www.anovapeneira.gal\\\/#\\\/schema\\\/logo\\\/image\\\/\",\"url\":\"http:\\\/\\\/www.anovapeneira.gal\\\/wp-content\\\/uploads\\\/2019\\\/06\\\/logo_a_nova_peneira_portal_web.png\",\"contentUrl\":\"http:\\\/\\\/www.anovapeneira.gal\\\/wp-content\\\/uploads\\\/2019\\\/06\\\/logo_a_nova_peneira_portal_web.png\",\"width\":300,\"height\":100,\"caption\":\"A Nova Peneira\"},\"image\":{\"@id\":\"https:\\\/\\\/www.anovapeneira.gal\\\/#\\\/schema\\\/logo\\\/image\\\/\"},\"sameAs\":[\"https:\\\/\\\/www.facebook.com\\\/anovapeneira\",\"https:\\\/\\\/x.com\\\/APeneira\"]},{\"@type\":\"Person\",\"@id\":\"https:\\\/\\\/www.anovapeneira.gal\\\/#\\\/schema\\\/person\\\/b93e3f8932e3f8da96334607eb6ac6aa\",\"name\":\"Redacci\u00f3n A Nova Peneira\",\"image\":{\"@type\":\"ImageObject\",\"inLanguage\":\"gl-ES\",\"@id\":\"https:\\\/\\\/secure.gravatar.com\\\/avatar\\\/c052a2551a06e23fac63626232eaa90abd78dbcf1700fc46a2b2c89fd27b735f?s=96&d=mm&r=g\",\"url\":\"https:\\\/\\\/secure.gravatar.com\\\/avatar\\\/c052a2551a06e23fac63626232eaa90abd78dbcf1700fc46a2b2c89fd27b735f?s=96&d=mm&r=g\",\"contentUrl\":\"https:\\\/\\\/secure.gravatar.com\\\/avatar\\\/c052a2551a06e23fac63626232eaa90abd78dbcf1700fc46a2b2c89fd27b735f?s=96&d=mm&r=g\",\"caption\":\"Redacci\u00f3n A Nova Peneira\"},\"sameAs\":[\"http:\\\/\\\/www.anovapeneira.gal\\\/\"],\"url\":\"https:\\\/\\\/www.anovapeneira.gal\\\/index.php\\\/author\\\/redactor\\\/\"}]}<\/script>\n<!-- \/ Yoast SEO plugin. -->","yoast_head_json":{"title":"EU SON \u2013 ESQUERDA UNIDA urxir\u00e1 ao goberno municipal a pedir unha reuni\u00f3n da corporaci\u00f3n coa direcci\u00f3n de COREN -","description":"Xa con anterioridade se levarona Pleno iniciativassobre o problema dos cheiros producida pola actividade de COREN e o trastorno ocasionado\u00e1 veci\u00f1anza, aprob\u00e1ndose pola Corporaci\u00f3n, a \u00faltima de EU SON en setembro do 2018","robots":{"index":"index","follow":"follow","max-snippet":"max-snippet:-1","max-image-preview":"max-image-preview:large","max-video-preview":"max-video-preview:-1"},"canonical":"https:\/\/www.anovapeneira.gal\/index.php\/2022\/08\/26\/eu-son-esquerda-unida-urxira-ao-goberno-municipal-a-pedir-unha-reunion-da-corporacion-coa-direccion-de-coren\/","og_locale":"gl_ES","og_type":"article","og_title":"EU SON \u2013 ESQUERDA UNIDA urxir\u00e1 ao goberno municipal a pedir unha reuni\u00f3n da corporaci\u00f3n coa direcci\u00f3n de COREN -","og_description":"Xa con anterioridade se levarona Pleno iniciativassobre o problema dos cheiros producida pola actividade de COREN e o trastorno ocasionado\u00e1 veci\u00f1anza, aprob\u00e1ndose pola Corporaci\u00f3n, a \u00faltima de EU SON en setembro do 2018","og_url":"https:\/\/www.anovapeneira.gal\/index.php\/2022\/08\/26\/eu-son-esquerda-unida-urxira-ao-goberno-municipal-a-pedir-unha-reunion-da-corporacion-coa-direccion-de-coren\/","article_publisher":"https:\/\/www.facebook.com\/anovapeneira","article_published_time":"2022-08-26T08:00:33+00:00","og_image":[{"width":720,"height":432,"url":"https:\/\/www.anovapeneira.gal\/wp-content\/uploads\/2022\/06\/patricia_sio.jpg","type":"image\/jpeg"}],"author":"Redacci\u00f3n A Nova Peneira","twitter_card":"summary_large_image","twitter_creator":"@APeneira","twitter_site":"@APeneira","twitter_misc":{"Escrito por":"Redacci\u00f3n A Nova Peneira","Tempo de lectura":"2 minutos"},"schema":{"@context":"https:\/\/schema.org","@graph":[{"@type":"Article","@id":"https:\/\/www.anovapeneira.gal\/index.php\/2022\/08\/26\/eu-son-esquerda-unida-urxira-ao-goberno-municipal-a-pedir-unha-reunion-da-corporacion-coa-direccion-de-coren\/#article","isPartOf":{"@id":"https:\/\/www.anovapeneira.gal\/index.php\/2022\/08\/26\/eu-son-esquerda-unida-urxira-ao-goberno-municipal-a-pedir-unha-reunion-da-corporacion-coa-direccion-de-coren\/"},"author":{"name":"Redacci\u00f3n A Nova Peneira","@id":"https:\/\/www.anovapeneira.gal\/#\/schema\/person\/b93e3f8932e3f8da96334607eb6ac6aa"},"headline":"EU SON \u2013 ESQUERDA UNIDA urxir\u00e1 ao goberno municipal a pedir unha reuni\u00f3n da corporaci\u00f3n coa direcci\u00f3n de COREN","datePublished":"2022-08-26T08:00:33+00:00","mainEntityOfPage":{"@id":"https:\/\/www.anovapeneira.gal\/index.php\/2022\/08\/26\/eu-son-esquerda-unida-urxira-ao-goberno-municipal-a-pedir-unha-reunion-da-corporacion-coa-direccion-de-coren\/"},"wordCount":391,"commentCount":0,"publisher":{"@id":"https:\/\/www.anovapeneira.gal\/#organization"},"image":{"@id":"https:\/\/www.anovapeneira.gal\/index.php\/2022\/08\/26\/eu-son-esquerda-unida-urxira-ao-goberno-municipal-a-pedir-unha-reunion-da-corporacion-coa-direccion-de-coren\/#primaryimage"},"thumbnailUrl":"https:\/\/www.anovapeneira.gal\/wp-content\/uploads\/2022\/06\/patricia_sio.jpg","keywords":["Concello do Porri\u00f1o"],"articleSection":["A Louri\u00f1a"],"inLanguage":"gl-ES","potentialAction":[{"@type":"CommentAction","name":"Comment","target":["https:\/\/www.anovapeneira.gal\/index.php\/2022\/08\/26\/eu-son-esquerda-unida-urxira-ao-goberno-municipal-a-pedir-unha-reunion-da-corporacion-coa-direccion-de-coren\/#respond"]}]},{"@type":"WebPage","@id":"https:\/\/www.anovapeneira.gal\/index.php\/2022\/08\/26\/eu-son-esquerda-unida-urxira-ao-goberno-municipal-a-pedir-unha-reunion-da-corporacion-coa-direccion-de-coren\/","url":"https:\/\/www.anovapeneira.gal\/index.php\/2022\/08\/26\/eu-son-esquerda-unida-urxira-ao-goberno-municipal-a-pedir-unha-reunion-da-corporacion-coa-direccion-de-coren\/","name":"EU SON \u2013 ESQUERDA UNIDA urxir\u00e1 ao goberno municipal a pedir unha reuni\u00f3n da corporaci\u00f3n coa direcci\u00f3n de COREN -","isPartOf":{"@id":"https:\/\/www.anovapeneira.gal\/#website"},"primaryImageOfPage":{"@id":"https:\/\/www.anovapeneira.gal\/index.php\/2022\/08\/26\/eu-son-esquerda-unida-urxira-ao-goberno-municipal-a-pedir-unha-reunion-da-corporacion-coa-direccion-de-coren\/#primaryimage"},"image":{"@id":"https:\/\/www.anovapeneira.gal\/index.php\/2022\/08\/26\/eu-son-esquerda-unida-urxira-ao-goberno-municipal-a-pedir-unha-reunion-da-corporacion-coa-direccion-de-coren\/#primaryimage"},"thumbnailUrl":"https:\/\/www.anovapeneira.gal\/wp-content\/uploads\/2022\/06\/patricia_sio.jpg","datePublished":"2022-08-26T08:00:33+00:00","description":"Xa con anterioridade se levarona Pleno iniciativassobre o problema dos cheiros producida pola actividade de COREN e o trastorno ocasionado\u00e1 veci\u00f1anza, aprob\u00e1ndose pola Corporaci\u00f3n, a \u00faltima de EU SON en setembro do 2018","breadcrumb":{"@id":"https:\/\/www.anovapeneira.gal\/index.php\/2022\/08\/26\/eu-son-esquerda-unida-urxira-ao-goberno-municipal-a-pedir-unha-reunion-da-corporacion-coa-direccion-de-coren\/#breadcrumb"},"inLanguage":"gl-ES","potentialAction":[{"@type":"ReadAction","target":["https:\/\/www.anovapeneira.gal\/index.php\/2022\/08\/26\/eu-son-esquerda-unida-urxira-ao-goberno-municipal-a-pedir-unha-reunion-da-corporacion-coa-direccion-de-coren\/"]}]},{"@type":"ImageObject","inLanguage":"gl-ES","@id":"https:\/\/www.anovapeneira.gal\/index.php\/2022\/08\/26\/eu-son-esquerda-unida-urxira-ao-goberno-municipal-a-pedir-unha-reunion-da-corporacion-coa-direccion-de-coren\/#primaryimage","url":"https:\/\/www.anovapeneira.gal\/wp-content\/uploads\/2022\/06\/patricia_sio.jpg","contentUrl":"https:\/\/www.anovapeneira.gal\/wp-content\/uploads\/2022\/06\/patricia_sio.jpg","width":720,"height":432,"caption":"Patricia S\u00edo"},{"@type":"BreadcrumbList","@id":"https:\/\/www.anovapeneira.gal\/index.php\/2022\/08\/26\/eu-son-esquerda-unida-urxira-ao-goberno-municipal-a-pedir-unha-reunion-da-corporacion-coa-direccion-de-coren\/#breadcrumb","itemListElement":[{"@type":"ListItem","position":1,"name":"Portada","item":"https:\/\/www.anovapeneira.gal\/"},{"@type":"ListItem","position":2,"name":"EU SON \u2013 ESQUERDA UNIDA urxir\u00e1 ao goberno municipal a pedir unha reuni\u00f3n da corporaci\u00f3n coa direcci\u00f3n de COREN"}]},{"@type":"WebSite","@id":"https:\/\/www.anovapeneira.gal\/#website","url":"https:\/\/www.anovapeneira.gal\/","name":"","description":"Xornal galego de informaci\u00f3n xeral Publicaci\u00f3n mensual de novas de Galicia e en especial dos Concellos da sur da provincia de Pontevedra.","publisher":{"@id":"https:\/\/www.anovapeneira.gal\/#organization"},"potentialAction":[{"@type":"SearchAction","target":{"@type":"EntryPoint","urlTemplate":"https:\/\/www.anovapeneira.gal\/?s={search_term_string}"},"query-input":{"@type":"PropertyValueSpecification","valueRequired":true,"valueName":"search_term_string"}}],"inLanguage":"gl-ES"},{"@type":"Organization","@id":"https:\/\/www.anovapeneira.gal\/#organization","name":"A Nova Peneira","url":"https:\/\/www.anovapeneira.gal\/","logo":{"@type":"ImageObject","inLanguage":"gl-ES","@id":"https:\/\/www.anovapeneira.gal\/#\/schema\/logo\/image\/","url":"http:\/\/www.anovapeneira.gal\/wp-content\/uploads\/2019\/06\/logo_a_nova_peneira_portal_web.png","contentUrl":"http:\/\/www.anovapeneira.gal\/wp-content\/uploads\/2019\/06\/logo_a_nova_peneira_portal_web.png","width":300,"height":100,"caption":"A Nova Peneira"},"image":{"@id":"https:\/\/www.anovapeneira.gal\/#\/schema\/logo\/image\/"},"sameAs":["https:\/\/www.facebook.com\/anovapeneira","https:\/\/x.com\/APeneira"]},{"@type":"Person","@id":"https:\/\/www.anovapeneira.gal\/#\/schema\/person\/b93e3f8932e3f8da96334607eb6ac6aa","name":"Redacci\u00f3n A Nova Peneira","image":{"@type":"ImageObject","inLanguage":"gl-ES","@id":"https:\/\/secure.gravatar.com\/avatar\/c052a2551a06e23fac63626232eaa90abd78dbcf1700fc46a2b2c89fd27b735f?s=96&d=mm&r=g","url":"https:\/\/secure.gravatar.com\/avatar\/c052a2551a06e23fac63626232eaa90abd78dbcf1700fc46a2b2c89fd27b735f?s=96&d=mm&r=g","contentUrl":"https:\/\/secure.gravatar.com\/avatar\/c052a2551a06e23fac63626232eaa90abd78dbcf1700fc46a2b2c89fd27b735f?s=96&d=mm&r=g","caption":"Redacci\u00f3n A Nova Peneira"},"sameAs":["http:\/\/www.anovapeneira.gal\/"],"url":"https:\/\/www.anovapeneira.gal\/index.php\/author\/redactor\/"}]}},"jetpack_featured_media_url":"https:\/\/www.anovapeneira.gal\/wp-content\/uploads\/2022\/06\/patricia_sio.jpg","_links":{"self":[{"href":"https:\/\/www.anovapeneira.gal\/index.php\/wp-json\/wp\/v2\/posts\/8038","targetHints":{"allow":["GET"]}}],"collection":[{"href":"https:\/\/www.anovapeneira.gal\/index.php\/wp-json\/wp\/v2\/posts"}],"about":[{"href":"https:\/\/www.anovapeneira.gal\/index.php\/wp-json\/wp\/v2\/types\/post"}],"author":[{"embeddable":true,"href":"https:\/\/www.anovapeneira.gal\/index.php\/wp-json\/wp\/v2\/users\/3"}],"replies":[{"embeddable":true,"href":"https:\/\/www.anovapeneira.gal\/index.php\/wp-json\/wp\/v2\/comments?post=8038"}],"version-history":[{"count":1,"href":"https:\/\/www.anovapeneira.gal\/index.php\/wp-json\/wp\/v2\/posts\/8038\/revisions"}],"predecessor-version":[{"id":8039,"href":"https:\/\/www.anovapeneira.gal\/index.php\/wp-json\/wp\/v2\/posts\/8038\/revisions\/8039"}],"wp:featuredmedia":[{"embeddable":true,"href":"https:\/\/www.anovapeneira.gal\/index.php\/wp-json\/wp\/v2\/media\/7614"}],"wp:attachment":[{"href":"https:\/\/www.anovapeneira.gal\/index.php\/wp-json\/wp\/v2\/media?parent=8038"}],"wp:term":[{"taxonomy":"category","embeddable":true,"href":"https:\/\/www.anovapeneira.gal\/index.php\/wp-json\/wp\/v2\/categories?post=8038"},{"taxonomy":"post_tag","embeddable":true,"href":"https:\/\/www.anovapeneira.gal\/index.php\/wp-json\/wp\/v2\/tags?post=8038"}],"curies":[{"name":"wp","href":"https:\/\/api.w.org\/{rel}","templated":true}]}}