{"id":8055,"date":"2022-08-29T10:00:07","date_gmt":"2022-08-29T08:00:07","guid":{"rendered":"https:\/\/www.anovapeneira.gal\/?p=8055"},"modified":"2022-08-27T11:24:57","modified_gmt":"2022-08-27T09:24:57","slug":"bng-rexeita-as-portaxes-nas-autovias-e-reclama-mellorar-o-transporte-publico","status":"publish","type":"post","link":"https:\/\/www.anovapeneira.gal\/index.php\/2022\/08\/29\/bng-rexeita-as-portaxes-nas-autovias-e-reclama-mellorar-o-transporte-publico\/","title":{"rendered":"BNG rexeita as portaxes nas autov\u00edas e reclama mellorar o transporte p\u00fablico"},"content":{"rendered":"\n<h2 class=\"wp-block-heading\"><strong>N\u00e9stor Rego cualifica a medida anunciada polo Goberno do Estado como \u201cantisocial e antigalega\u201d polo que supor\u00e1 de negativa para as clases populares da Galiza e para a competitividade das empresas galegas.<\/strong><\/h2>\n\n\n\n<h3 class=\"wp-block-heading\"><strong>O deputado nacionalista considera que, sen alternativas reais de transporte p\u00fablico, non \u00e9 una medida \u2018verde\u2019, sen\u00f3n una nova estafa aos galegos e galegas e alerta da posibilidade real de incremento de accidentes polo aumento do tr\u00e1nsito en v\u00edas convencionais, con \u201cmaior custo social, sanitario e en vidas humanas\u201d.<\/strong><\/h3>\n\n\n\n<p><strong>Madrid, 24 de agosto de 2022<\/strong><\/p>\n\n\n\n<p>O deputado do BNG, N\u00e9stor Rego, criticou duramente a medida anunciada polo Goberno espa\u00f1ol de implantar portaxes nas autov\u00edas a partir de 2024 polos efectos negativos que ter\u00eda para as clases populares e para os custos das actividades econ\u00f3micas, que perder\u00edan competitividade. O deputado nacionalista considera inacept\u00e1bel que o Goberno pretenda gravar o uso das autov\u00edas cando na Galiza non existe un transporte p\u00fablico adecuado -especialmente ferroviario- que poida resolver a mobilidade obrigada e reclama implantar xa as \u2018cercan\u00edas\u2019 de Renfe.<\/p>\n\n\n\n<p>Principio del formulario<\/p>\n\n\n\n<p>Ap\u00f3s lanzalo como globo-sonda hai xa m\u00e1is de un ano e negar posteriormente que se tratase de algo m\u00e1is que unha posibilidade en estudo, o Goberno espa\u00f1ol v\u00e9n de anunciar a decisi\u00f3n firme de implantar portaxes en todas as autov\u00edas pois -din- \u201c\u00e9 unha exixencia de Bruxelas polos fondos <em>Next Generation<\/em>\u201d, que sempre defenderon que eran \u201cnon condicionados\u201d. Desta maneira reco\u00f1ecen que se trata dunha medida de recorte social, cando con anterioridade pretenderon facela pasar por \u201csustent\u00e1bel\u201d para \u201cdisuadir do uso do veh\u00edculo particular\u201d.<\/p>\n\n\n\n<p>O BNG xa presentou iniciativas no Congreso rexeitando esta posibilidade polos efectos negativos que ter\u00eda para as clases populares e para os custos das actividades econ\u00f3micas, especialmente nun Pa\u00eds, con poboaci\u00f3n dispersa, que carece dun transporte p\u00fablico que resolva a mobilidade obrigada e que ten unha localizaci\u00f3n xeogr\u00e1fica perif\u00e9rica na Pen\u00ednsula e en Europa que obriga as empresas a utilizar as autov\u00edas para colocar os seus produtos nos mercados peninsular e europeo.<\/p>\n\n\n\n<p>\u201cUnha medida que o Goberno pretendeu vender como \u2018verde\u2019, para \u2018desincentivar\u2019 o uso do veh\u00edculo privado, representar\u00e1 realmente unha lousa econ\u00f3mica nun Pa\u00eds como Galiza que non pos\u00fae transportes p\u00fablicos adecuados nin unha rede ferroviaria \u00e1 altura das necesidades do s\u00e9culo XXI, especialmente para o transporte de mercador\u00edas\u201d enfatiza o deputado nacionalista.<\/p>\n\n\n\n<p>Por iso o BNG centra as s\u00faas propostas en que o Goberno espa\u00f1ol mellore as infraestruturas e os servizos de transporte p\u00fablico na Galiza que son da s\u00faa competencia. Especialmente o transporte ferroviario que \u00e9, sen d\u00fabida, o modo de mobilidade do futuro por \u201ceficaz, eficiente e sustent\u00e1bel\u201d.<\/p>\n\n\n\n<p>Para N\u00e9stor Rego, \u201cest\u00e1 ben\u201d bonificar a li\u00f1a do Eixo Atl\u00e1ntico (pois Ourense-Santiago-A Coru\u00f1a ficou inexplicabelmente exclu\u00edda) durante catro meses, \u201cmais estar\u00eda moito mellor mellorar os servizos, conexi\u00f3ns, frecuencias e prezos ao longo de todo o ano; implantar as \u2018Cercan\u00edas\u2019 de Renfe en todas as \u00e1reas metropolitanas da Galiza; modernizar li\u00f1as como Ferrol-A Coru\u00f1a ou A Coru\u00f1a-Lugo; conectar Santiago con Lugo e despregar a rede de transporte ferroviario de mercador\u00edas\u201d.<\/p>\n\n\n\n<p>As peaxes anunciadas, sinala Rego, van gravar as clases populares e implicar un sobrecusto para as familias traballadoras e para as empresas galegas, que continuar\u00e1n perdendo competitividade. Ademais, \u201cter\u00e1n o efecto de aumentar o tr\u00e1nsito nas v\u00edas convencionais, xa en moitos casos colapsadas e onde na Galiza se producen a maior\u00eda dos accidentes con resultado de morte. Cabe lembrar que a poboaci\u00f3n dispersa tam\u00e9n ten o efecto de que sexa dif\u00edcil encontrar un quil\u00f3metro de estrada sen casas ao redor, o que incrementa os riscos\u201d.<\/p>\n\n\n\n<p>Para o deputado nacionalista \u201cresulta sorprendente que este Goberno, que se auto- cualifica como \u2018progresista\u2019 non te\u00f1a nunca en conta os custos sociais que decisi\u00f3ns como esta poden implicar. Reducir o n\u00famero de accidentes e de falecementos por violencia viaria debe ser un obxectivo prioritario\u201d subli\u00f1a N\u00e9stor Rego. As portaxes nas autov\u00edas ter\u00e1n o efecto contrario: \u201cmaior custo en vidas humanas e tam\u00e9n maior custo en gasto sanitario e social\u201d.<\/p>\n\n\n\n<p>Rego lembrou que os galegos e galegas levamos 48 anos pagando as portaxes abusivas da AP-9, oito deses anos de maneira inxusta ao dicir da Uni\u00f3n Europea, que considera ilegal as pr\u00f3rrogas efectuadas por gobernos do PSOE e do PP de 35 anos, at\u00e9 o m\u00e1ximo de 75, que se far\u00edan en 2048. O Goberno a\u00ednda non deu cumprimento ao criterio da UE de p\u00f3r fin \u00e1 concesi\u00f3n da Autoestrada do Atl\u00e1ntico e pretende implantar o pagamento por uso nas autov\u00edas, o que sen d\u00fabida levar\u00eda a concesionalas e a maior negocio para empresas privadas.<\/p>\n\n\n\n<p>\u201cEn todo caso, reafirmamos a oposici\u00f3n do BNG a esta medida porque, polo menos na Galiza, sen alternativas de transporte p\u00fablico adecuadas, non \u00e9 verde, \u00e9 simplemente un roubo, unha medida antisocial e antigalega\u201d, concl\u00fae o deputado da organizaci\u00f3n nacionalista.<\/p>\n","protected":false},"excerpt":{"rendered":"<div class=\"mh-excerpt\"><p>N\u00e9stor Rego cualifica a medida anunciada polo Goberno do Estado como \u201cantisocial e antigalega\u201d polo que supor\u00e1 de negativa para as clases populares da Galiza e para a competitividade das empresas galegas <a class=\"mh-excerpt-more\" href=\"https:\/\/www.anovapeneira.gal\/index.php\/2022\/08\/29\/bng-rexeita-as-portaxes-nas-autovias-e-reclama-mellorar-o-transporte-publico\/\" title=\"BNG rexeita as portaxes nas autov\u00edas e reclama mellorar o transporte p\u00fablico\">[&#8230;]<\/a><\/p>\n<\/div>","protected":false},"author":3,"featured_media":7550,"comment_status":"open","ping_status":"open","sticky":false,"template":"","format":"standard","meta":{"_exactmetrics_skip_tracking":false,"_exactmetrics_sitenote_active":false,"_exactmetrics_sitenote_note":"","_exactmetrics_sitenote_category":0,"footnotes":""},"categories":[263],"tags":[631],"class_list":{"0":"post-8055","1":"post","2":"type-post","3":"status-publish","4":"format-standard","5":"has-post-thumbnail","7":"category-novas","8":"tag-nestor-rego"},"yoast_head":"<!-- This site is optimized with the Yoast SEO plugin v27.5 - https:\/\/yoast.com\/product\/yoast-seo-wordpress\/ -->\n<title>BNG rexeita as portaxes nas autov\u00edas e reclama mellorar o transporte p\u00fablico -<\/title>\n<meta name=\"description\" content=\"N\u00e9stor Rego cualifica a medida anunciada polo Goberno do Estado como \u201cantisocial e antigalega\u201d polo que supor\u00e1 de negativa para as clases populares da Galiza e para a competitividade das empresas galegas\" \/>\n<meta name=\"robots\" content=\"index, follow, max-snippet:-1, max-image-preview:large, max-video-preview:-1\" \/>\n<link rel=\"canonical\" href=\"https:\/\/www.anovapeneira.gal\/index.php\/2022\/08\/29\/bng-rexeita-as-portaxes-nas-autovias-e-reclama-mellorar-o-transporte-publico\/\" \/>\n<meta property=\"og:locale\" content=\"gl_ES\" \/>\n<meta property=\"og:type\" content=\"article\" \/>\n<meta property=\"og:title\" content=\"BNG rexeita as portaxes nas autov\u00edas e reclama mellorar o transporte p\u00fablico -\" \/>\n<meta property=\"og:description\" content=\"N\u00e9stor Rego cualifica a medida anunciada polo Goberno do Estado como \u201cantisocial e antigalega\u201d polo que supor\u00e1 de negativa para as clases populares da Galiza e para a competitividade das empresas galegas\" \/>\n<meta property=\"og:url\" content=\"https:\/\/www.anovapeneira.gal\/index.php\/2022\/08\/29\/bng-rexeita-as-portaxes-nas-autovias-e-reclama-mellorar-o-transporte-publico\/\" \/>\n<meta property=\"article:publisher\" content=\"https:\/\/www.facebook.com\/anovapeneira\" \/>\n<meta property=\"article:published_time\" content=\"2022-08-29T08:00:07+00:00\" \/>\n<meta property=\"og:image\" content=\"https:\/\/www.anovapeneira.gal\/wp-content\/uploads\/2022\/05\/nestor_rego_congreso.jpg\" \/>\n\t<meta property=\"og:image:width\" content=\"720\" \/>\n\t<meta property=\"og:image:height\" content=\"432\" \/>\n\t<meta property=\"og:image:type\" content=\"image\/jpeg\" \/>\n<meta name=\"author\" content=\"Redacci\u00f3n A Nova Peneira\" \/>\n<meta name=\"twitter:card\" content=\"summary_large_image\" \/>\n<meta name=\"twitter:creator\" content=\"@APeneira\" \/>\n<meta name=\"twitter:site\" content=\"@APeneira\" \/>\n<meta name=\"twitter:label1\" content=\"Escrito por\" \/>\n\t<meta name=\"twitter:data1\" content=\"Redacci\u00f3n A Nova Peneira\" \/>\n\t<meta name=\"twitter:label2\" content=\"Tempo de lectura\" \/>\n\t<meta name=\"twitter:data2\" content=\"5 minutos\" \/>\n<script type=\"application\/ld+json\" class=\"yoast-schema-graph\">{\"@context\":\"https:\\\/\\\/schema.org\",\"@graph\":[{\"@type\":\"Article\",\"@id\":\"https:\\\/\\\/www.anovapeneira.gal\\\/index.php\\\/2022\\\/08\\\/29\\\/bng-rexeita-as-portaxes-nas-autovias-e-reclama-mellorar-o-transporte-publico\\\/#article\",\"isPartOf\":{\"@id\":\"https:\\\/\\\/www.anovapeneira.gal\\\/index.php\\\/2022\\\/08\\\/29\\\/bng-rexeita-as-portaxes-nas-autovias-e-reclama-mellorar-o-transporte-publico\\\/\"},\"author\":{\"name\":\"Redacci\u00f3n A Nova Peneira\",\"@id\":\"https:\\\/\\\/www.anovapeneira.gal\\\/#\\\/schema\\\/person\\\/b93e3f8932e3f8da96334607eb6ac6aa\"},\"headline\":\"BNG rexeita as portaxes nas autov\u00edas e reclama mellorar o transporte p\u00fablico\",\"datePublished\":\"2022-08-29T08:00:07+00:00\",\"mainEntityOfPage\":{\"@id\":\"https:\\\/\\\/www.anovapeneira.gal\\\/index.php\\\/2022\\\/08\\\/29\\\/bng-rexeita-as-portaxes-nas-autovias-e-reclama-mellorar-o-transporte-publico\\\/\"},\"wordCount\":879,\"commentCount\":0,\"publisher\":{\"@id\":\"https:\\\/\\\/www.anovapeneira.gal\\\/#organization\"},\"image\":{\"@id\":\"https:\\\/\\\/www.anovapeneira.gal\\\/index.php\\\/2022\\\/08\\\/29\\\/bng-rexeita-as-portaxes-nas-autovias-e-reclama-mellorar-o-transporte-publico\\\/#primaryimage\"},\"thumbnailUrl\":\"https:\\\/\\\/www.anovapeneira.gal\\\/wp-content\\\/uploads\\\/2022\\\/05\\\/nestor_rego_congreso.jpg\",\"keywords\":[\"N\u00e9stor Rego\"],\"articleSection\":[\"Novas\"],\"inLanguage\":\"gl-ES\",\"potentialAction\":[{\"@type\":\"CommentAction\",\"name\":\"Comment\",\"target\":[\"https:\\\/\\\/www.anovapeneira.gal\\\/index.php\\\/2022\\\/08\\\/29\\\/bng-rexeita-as-portaxes-nas-autovias-e-reclama-mellorar-o-transporte-publico\\\/#respond\"]}]},{\"@type\":\"WebPage\",\"@id\":\"https:\\\/\\\/www.anovapeneira.gal\\\/index.php\\\/2022\\\/08\\\/29\\\/bng-rexeita-as-portaxes-nas-autovias-e-reclama-mellorar-o-transporte-publico\\\/\",\"url\":\"https:\\\/\\\/www.anovapeneira.gal\\\/index.php\\\/2022\\\/08\\\/29\\\/bng-rexeita-as-portaxes-nas-autovias-e-reclama-mellorar-o-transporte-publico\\\/\",\"name\":\"BNG rexeita as portaxes nas autov\u00edas e reclama mellorar o transporte p\u00fablico -\",\"isPartOf\":{\"@id\":\"https:\\\/\\\/www.anovapeneira.gal\\\/#website\"},\"primaryImageOfPage\":{\"@id\":\"https:\\\/\\\/www.anovapeneira.gal\\\/index.php\\\/2022\\\/08\\\/29\\\/bng-rexeita-as-portaxes-nas-autovias-e-reclama-mellorar-o-transporte-publico\\\/#primaryimage\"},\"image\":{\"@id\":\"https:\\\/\\\/www.anovapeneira.gal\\\/index.php\\\/2022\\\/08\\\/29\\\/bng-rexeita-as-portaxes-nas-autovias-e-reclama-mellorar-o-transporte-publico\\\/#primaryimage\"},\"thumbnailUrl\":\"https:\\\/\\\/www.anovapeneira.gal\\\/wp-content\\\/uploads\\\/2022\\\/05\\\/nestor_rego_congreso.jpg\",\"datePublished\":\"2022-08-29T08:00:07+00:00\",\"description\":\"N\u00e9stor Rego cualifica a medida anunciada polo Goberno do Estado como \u201cantisocial e antigalega\u201d polo que supor\u00e1 de negativa para as clases populares da Galiza e para a competitividade das empresas galegas\",\"breadcrumb\":{\"@id\":\"https:\\\/\\\/www.anovapeneira.gal\\\/index.php\\\/2022\\\/08\\\/29\\\/bng-rexeita-as-portaxes-nas-autovias-e-reclama-mellorar-o-transporte-publico\\\/#breadcrumb\"},\"inLanguage\":\"gl-ES\",\"potentialAction\":[{\"@type\":\"ReadAction\",\"target\":[\"https:\\\/\\\/www.anovapeneira.gal\\\/index.php\\\/2022\\\/08\\\/29\\\/bng-rexeita-as-portaxes-nas-autovias-e-reclama-mellorar-o-transporte-publico\\\/\"]}]},{\"@type\":\"ImageObject\",\"inLanguage\":\"gl-ES\",\"@id\":\"https:\\\/\\\/www.anovapeneira.gal\\\/index.php\\\/2022\\\/08\\\/29\\\/bng-rexeita-as-portaxes-nas-autovias-e-reclama-mellorar-o-transporte-publico\\\/#primaryimage\",\"url\":\"https:\\\/\\\/www.anovapeneira.gal\\\/wp-content\\\/uploads\\\/2022\\\/05\\\/nestor_rego_congreso.jpg\",\"contentUrl\":\"https:\\\/\\\/www.anovapeneira.gal\\\/wp-content\\\/uploads\\\/2022\\\/05\\\/nestor_rego_congreso.jpg\",\"width\":720,\"height\":432,\"caption\":\"N\u00e9stor Rego\"},{\"@type\":\"BreadcrumbList\",\"@id\":\"https:\\\/\\\/www.anovapeneira.gal\\\/index.php\\\/2022\\\/08\\\/29\\\/bng-rexeita-as-portaxes-nas-autovias-e-reclama-mellorar-o-transporte-publico\\\/#breadcrumb\",\"itemListElement\":[{\"@type\":\"ListItem\",\"position\":1,\"name\":\"Portada\",\"item\":\"https:\\\/\\\/www.anovapeneira.gal\\\/\"},{\"@type\":\"ListItem\",\"position\":2,\"name\":\"BNG rexeita as portaxes nas autov\u00edas e reclama mellorar o transporte p\u00fablico\"}]},{\"@type\":\"WebSite\",\"@id\":\"https:\\\/\\\/www.anovapeneira.gal\\\/#website\",\"url\":\"https:\\\/\\\/www.anovapeneira.gal\\\/\",\"name\":\"\",\"description\":\"Xornal galego de informaci\u00f3n xeral Publicaci\u00f3n mensual de novas de Galicia e en especial dos Concellos da sur da provincia de Pontevedra.\",\"publisher\":{\"@id\":\"https:\\\/\\\/www.anovapeneira.gal\\\/#organization\"},\"potentialAction\":[{\"@type\":\"SearchAction\",\"target\":{\"@type\":\"EntryPoint\",\"urlTemplate\":\"https:\\\/\\\/www.anovapeneira.gal\\\/?s={search_term_string}\"},\"query-input\":{\"@type\":\"PropertyValueSpecification\",\"valueRequired\":true,\"valueName\":\"search_term_string\"}}],\"inLanguage\":\"gl-ES\"},{\"@type\":\"Organization\",\"@id\":\"https:\\\/\\\/www.anovapeneira.gal\\\/#organization\",\"name\":\"A Nova Peneira\",\"url\":\"https:\\\/\\\/www.anovapeneira.gal\\\/\",\"logo\":{\"@type\":\"ImageObject\",\"inLanguage\":\"gl-ES\",\"@id\":\"https:\\\/\\\/www.anovapeneira.gal\\\/#\\\/schema\\\/logo\\\/image\\\/\",\"url\":\"http:\\\/\\\/www.anovapeneira.gal\\\/wp-content\\\/uploads\\\/2019\\\/06\\\/logo_a_nova_peneira_portal_web.png\",\"contentUrl\":\"http:\\\/\\\/www.anovapeneira.gal\\\/wp-content\\\/uploads\\\/2019\\\/06\\\/logo_a_nova_peneira_portal_web.png\",\"width\":300,\"height\":100,\"caption\":\"A Nova Peneira\"},\"image\":{\"@id\":\"https:\\\/\\\/www.anovapeneira.gal\\\/#\\\/schema\\\/logo\\\/image\\\/\"},\"sameAs\":[\"https:\\\/\\\/www.facebook.com\\\/anovapeneira\",\"https:\\\/\\\/x.com\\\/APeneira\"]},{\"@type\":\"Person\",\"@id\":\"https:\\\/\\\/www.anovapeneira.gal\\\/#\\\/schema\\\/person\\\/b93e3f8932e3f8da96334607eb6ac6aa\",\"name\":\"Redacci\u00f3n A Nova Peneira\",\"image\":{\"@type\":\"ImageObject\",\"inLanguage\":\"gl-ES\",\"@id\":\"https:\\\/\\\/secure.gravatar.com\\\/avatar\\\/c052a2551a06e23fac63626232eaa90abd78dbcf1700fc46a2b2c89fd27b735f?s=96&d=mm&r=g\",\"url\":\"https:\\\/\\\/secure.gravatar.com\\\/avatar\\\/c052a2551a06e23fac63626232eaa90abd78dbcf1700fc46a2b2c89fd27b735f?s=96&d=mm&r=g\",\"contentUrl\":\"https:\\\/\\\/secure.gravatar.com\\\/avatar\\\/c052a2551a06e23fac63626232eaa90abd78dbcf1700fc46a2b2c89fd27b735f?s=96&d=mm&r=g\",\"caption\":\"Redacci\u00f3n A Nova Peneira\"},\"sameAs\":[\"http:\\\/\\\/www.anovapeneira.gal\\\/\"],\"url\":\"https:\\\/\\\/www.anovapeneira.gal\\\/index.php\\\/author\\\/redactor\\\/\"}]}<\/script>\n<!-- \/ Yoast SEO plugin. -->","yoast_head_json":{"title":"BNG rexeita as portaxes nas autov\u00edas e reclama mellorar o transporte p\u00fablico -","description":"N\u00e9stor Rego cualifica a medida anunciada polo Goberno do Estado como \u201cantisocial e antigalega\u201d polo que supor\u00e1 de negativa para as clases populares da Galiza e para a competitividade das empresas galegas","robots":{"index":"index","follow":"follow","max-snippet":"max-snippet:-1","max-image-preview":"max-image-preview:large","max-video-preview":"max-video-preview:-1"},"canonical":"https:\/\/www.anovapeneira.gal\/index.php\/2022\/08\/29\/bng-rexeita-as-portaxes-nas-autovias-e-reclama-mellorar-o-transporte-publico\/","og_locale":"gl_ES","og_type":"article","og_title":"BNG rexeita as portaxes nas autov\u00edas e reclama mellorar o transporte p\u00fablico -","og_description":"N\u00e9stor Rego cualifica a medida anunciada polo Goberno do Estado como \u201cantisocial e antigalega\u201d polo que supor\u00e1 de negativa para as clases populares da Galiza e para a competitividade das empresas galegas","og_url":"https:\/\/www.anovapeneira.gal\/index.php\/2022\/08\/29\/bng-rexeita-as-portaxes-nas-autovias-e-reclama-mellorar-o-transporte-publico\/","article_publisher":"https:\/\/www.facebook.com\/anovapeneira","article_published_time":"2022-08-29T08:00:07+00:00","og_image":[{"width":720,"height":432,"url":"https:\/\/www.anovapeneira.gal\/wp-content\/uploads\/2022\/05\/nestor_rego_congreso.jpg","type":"image\/jpeg"}],"author":"Redacci\u00f3n A Nova Peneira","twitter_card":"summary_large_image","twitter_creator":"@APeneira","twitter_site":"@APeneira","twitter_misc":{"Escrito por":"Redacci\u00f3n A Nova Peneira","Tempo de lectura":"5 minutos"},"schema":{"@context":"https:\/\/schema.org","@graph":[{"@type":"Article","@id":"https:\/\/www.anovapeneira.gal\/index.php\/2022\/08\/29\/bng-rexeita-as-portaxes-nas-autovias-e-reclama-mellorar-o-transporte-publico\/#article","isPartOf":{"@id":"https:\/\/www.anovapeneira.gal\/index.php\/2022\/08\/29\/bng-rexeita-as-portaxes-nas-autovias-e-reclama-mellorar-o-transporte-publico\/"},"author":{"name":"Redacci\u00f3n A Nova Peneira","@id":"https:\/\/www.anovapeneira.gal\/#\/schema\/person\/b93e3f8932e3f8da96334607eb6ac6aa"},"headline":"BNG rexeita as portaxes nas autov\u00edas e reclama mellorar o transporte p\u00fablico","datePublished":"2022-08-29T08:00:07+00:00","mainEntityOfPage":{"@id":"https:\/\/www.anovapeneira.gal\/index.php\/2022\/08\/29\/bng-rexeita-as-portaxes-nas-autovias-e-reclama-mellorar-o-transporte-publico\/"},"wordCount":879,"commentCount":0,"publisher":{"@id":"https:\/\/www.anovapeneira.gal\/#organization"},"image":{"@id":"https:\/\/www.anovapeneira.gal\/index.php\/2022\/08\/29\/bng-rexeita-as-portaxes-nas-autovias-e-reclama-mellorar-o-transporte-publico\/#primaryimage"},"thumbnailUrl":"https:\/\/www.anovapeneira.gal\/wp-content\/uploads\/2022\/05\/nestor_rego_congreso.jpg","keywords":["N\u00e9stor Rego"],"articleSection":["Novas"],"inLanguage":"gl-ES","potentialAction":[{"@type":"CommentAction","name":"Comment","target":["https:\/\/www.anovapeneira.gal\/index.php\/2022\/08\/29\/bng-rexeita-as-portaxes-nas-autovias-e-reclama-mellorar-o-transporte-publico\/#respond"]}]},{"@type":"WebPage","@id":"https:\/\/www.anovapeneira.gal\/index.php\/2022\/08\/29\/bng-rexeita-as-portaxes-nas-autovias-e-reclama-mellorar-o-transporte-publico\/","url":"https:\/\/www.anovapeneira.gal\/index.php\/2022\/08\/29\/bng-rexeita-as-portaxes-nas-autovias-e-reclama-mellorar-o-transporte-publico\/","name":"BNG rexeita as portaxes nas autov\u00edas e reclama mellorar o transporte p\u00fablico -","isPartOf":{"@id":"https:\/\/www.anovapeneira.gal\/#website"},"primaryImageOfPage":{"@id":"https:\/\/www.anovapeneira.gal\/index.php\/2022\/08\/29\/bng-rexeita-as-portaxes-nas-autovias-e-reclama-mellorar-o-transporte-publico\/#primaryimage"},"image":{"@id":"https:\/\/www.anovapeneira.gal\/index.php\/2022\/08\/29\/bng-rexeita-as-portaxes-nas-autovias-e-reclama-mellorar-o-transporte-publico\/#primaryimage"},"thumbnailUrl":"https:\/\/www.anovapeneira.gal\/wp-content\/uploads\/2022\/05\/nestor_rego_congreso.jpg","datePublished":"2022-08-29T08:00:07+00:00","description":"N\u00e9stor Rego cualifica a medida anunciada polo Goberno do Estado como \u201cantisocial e antigalega\u201d polo que supor\u00e1 de negativa para as clases populares da Galiza e para a competitividade das empresas galegas","breadcrumb":{"@id":"https:\/\/www.anovapeneira.gal\/index.php\/2022\/08\/29\/bng-rexeita-as-portaxes-nas-autovias-e-reclama-mellorar-o-transporte-publico\/#breadcrumb"},"inLanguage":"gl-ES","potentialAction":[{"@type":"ReadAction","target":["https:\/\/www.anovapeneira.gal\/index.php\/2022\/08\/29\/bng-rexeita-as-portaxes-nas-autovias-e-reclama-mellorar-o-transporte-publico\/"]}]},{"@type":"ImageObject","inLanguage":"gl-ES","@id":"https:\/\/www.anovapeneira.gal\/index.php\/2022\/08\/29\/bng-rexeita-as-portaxes-nas-autovias-e-reclama-mellorar-o-transporte-publico\/#primaryimage","url":"https:\/\/www.anovapeneira.gal\/wp-content\/uploads\/2022\/05\/nestor_rego_congreso.jpg","contentUrl":"https:\/\/www.anovapeneira.gal\/wp-content\/uploads\/2022\/05\/nestor_rego_congreso.jpg","width":720,"height":432,"caption":"N\u00e9stor Rego"},{"@type":"BreadcrumbList","@id":"https:\/\/www.anovapeneira.gal\/index.php\/2022\/08\/29\/bng-rexeita-as-portaxes-nas-autovias-e-reclama-mellorar-o-transporte-publico\/#breadcrumb","itemListElement":[{"@type":"ListItem","position":1,"name":"Portada","item":"https:\/\/www.anovapeneira.gal\/"},{"@type":"ListItem","position":2,"name":"BNG rexeita as portaxes nas autov\u00edas e reclama mellorar o transporte p\u00fablico"}]},{"@type":"WebSite","@id":"https:\/\/www.anovapeneira.gal\/#website","url":"https:\/\/www.anovapeneira.gal\/","name":"","description":"Xornal galego de informaci\u00f3n xeral Publicaci\u00f3n mensual de novas de Galicia e en especial dos Concellos da sur da provincia de Pontevedra.","publisher":{"@id":"https:\/\/www.anovapeneira.gal\/#organization"},"potentialAction":[{"@type":"SearchAction","target":{"@type":"EntryPoint","urlTemplate":"https:\/\/www.anovapeneira.gal\/?s={search_term_string}"},"query-input":{"@type":"PropertyValueSpecification","valueRequired":true,"valueName":"search_term_string"}}],"inLanguage":"gl-ES"},{"@type":"Organization","@id":"https:\/\/www.anovapeneira.gal\/#organization","name":"A Nova Peneira","url":"https:\/\/www.anovapeneira.gal\/","logo":{"@type":"ImageObject","inLanguage":"gl-ES","@id":"https:\/\/www.anovapeneira.gal\/#\/schema\/logo\/image\/","url":"http:\/\/www.anovapeneira.gal\/wp-content\/uploads\/2019\/06\/logo_a_nova_peneira_portal_web.png","contentUrl":"http:\/\/www.anovapeneira.gal\/wp-content\/uploads\/2019\/06\/logo_a_nova_peneira_portal_web.png","width":300,"height":100,"caption":"A Nova Peneira"},"image":{"@id":"https:\/\/www.anovapeneira.gal\/#\/schema\/logo\/image\/"},"sameAs":["https:\/\/www.facebook.com\/anovapeneira","https:\/\/x.com\/APeneira"]},{"@type":"Person","@id":"https:\/\/www.anovapeneira.gal\/#\/schema\/person\/b93e3f8932e3f8da96334607eb6ac6aa","name":"Redacci\u00f3n A Nova Peneira","image":{"@type":"ImageObject","inLanguage":"gl-ES","@id":"https:\/\/secure.gravatar.com\/avatar\/c052a2551a06e23fac63626232eaa90abd78dbcf1700fc46a2b2c89fd27b735f?s=96&d=mm&r=g","url":"https:\/\/secure.gravatar.com\/avatar\/c052a2551a06e23fac63626232eaa90abd78dbcf1700fc46a2b2c89fd27b735f?s=96&d=mm&r=g","contentUrl":"https:\/\/secure.gravatar.com\/avatar\/c052a2551a06e23fac63626232eaa90abd78dbcf1700fc46a2b2c89fd27b735f?s=96&d=mm&r=g","caption":"Redacci\u00f3n A Nova Peneira"},"sameAs":["http:\/\/www.anovapeneira.gal\/"],"url":"https:\/\/www.anovapeneira.gal\/index.php\/author\/redactor\/"}]}},"jetpack_featured_media_url":"https:\/\/www.anovapeneira.gal\/wp-content\/uploads\/2022\/05\/nestor_rego_congreso.jpg","_links":{"self":[{"href":"https:\/\/www.anovapeneira.gal\/index.php\/wp-json\/wp\/v2\/posts\/8055","targetHints":{"allow":["GET"]}}],"collection":[{"href":"https:\/\/www.anovapeneira.gal\/index.php\/wp-json\/wp\/v2\/posts"}],"about":[{"href":"https:\/\/www.anovapeneira.gal\/index.php\/wp-json\/wp\/v2\/types\/post"}],"author":[{"embeddable":true,"href":"https:\/\/www.anovapeneira.gal\/index.php\/wp-json\/wp\/v2\/users\/3"}],"replies":[{"embeddable":true,"href":"https:\/\/www.anovapeneira.gal\/index.php\/wp-json\/wp\/v2\/comments?post=8055"}],"version-history":[{"count":2,"href":"https:\/\/www.anovapeneira.gal\/index.php\/wp-json\/wp\/v2\/posts\/8055\/revisions"}],"predecessor-version":[{"id":8057,"href":"https:\/\/www.anovapeneira.gal\/index.php\/wp-json\/wp\/v2\/posts\/8055\/revisions\/8057"}],"wp:featuredmedia":[{"embeddable":true,"href":"https:\/\/www.anovapeneira.gal\/index.php\/wp-json\/wp\/v2\/media\/7550"}],"wp:attachment":[{"href":"https:\/\/www.anovapeneira.gal\/index.php\/wp-json\/wp\/v2\/media?parent=8055"}],"wp:term":[{"taxonomy":"category","embeddable":true,"href":"https:\/\/www.anovapeneira.gal\/index.php\/wp-json\/wp\/v2\/categories?post=8055"},{"taxonomy":"post_tag","embeddable":true,"href":"https:\/\/www.anovapeneira.gal\/index.php\/wp-json\/wp\/v2\/tags?post=8055"}],"curies":[{"name":"wp","href":"https:\/\/api.w.org\/{rel}","templated":true}]}}