{"id":8058,"date":"2022-08-29T12:00:14","date_gmt":"2022-08-29T10:00:14","guid":{"rendered":"https:\/\/www.anovapeneira.gal\/?p=8058"},"modified":"2022-08-27T11:38:37","modified_gmt":"2022-08-27T09:38:37","slug":"rexistradas-as-firmas-para-avalar-a-ilp-en-defensa-dos-montes-comunais","status":"publish","type":"post","link":"https:\/\/www.anovapeneira.gal\/index.php\/2022\/08\/29\/rexistradas-as-firmas-para-avalar-a-ilp-en-defensa-dos-montes-comunais\/","title":{"rendered":"Rexistradas as firmas para avalar a ILP en defensa dos montes comunais"},"content":{"rendered":"\n<p>A Organizaci\u00f3n galega de Comunidades de Montes presentou no rexistro as sinaturas para tramitar a ILP en defensa dos montes comunais. Case 12.000 sinaturas, dos mil m\u00e1is das necesarias, respaldaron a iniciativa de lei popular para acadar unha lei que preserve o monte comunal en mans da veci\u00f1anza comuneira.<\/p>\n\n\n\n<p>A Iniciativa lexislativa popular para protexer os montes veci\u00f1ais da Organizaci\u00f3n galega de Comunidades de Montes acadou o respaldo da cidadan\u00eda e 12.000 firmas foron entregadas na xunta electoral central de Compostela. Unha vez que a xunta electoral valide as sinaturas comezara o seu tr\u00e1mite no parlamento Galego.<\/p>\n\n\n\n<p>A iniciativa lexislativa avalada ten por obxetivo preservar o car\u00e1cter comunal e intransferible dos montes veci\u00f1ais e que se reco\u00f1eza a propiedade comunal como unha titularidade distinta, pero en p\u00e9 de igualdade coas titularidades p\u00fablicas e privadas.<\/p>\n\n\n\n<p>Outra reivindicaci\u00f3n que recolle a iniciativa lexislativa \u00e9 a declaraci\u00f3n dos montes veci\u00f1ais como unha figura de protecci\u00f3n medio ambiental e cultural en si mesma.<\/p>\n\n\n\n<p>As comunidades de montes galegas, aseguran desde a ORGACCMM, son as primeiras valedoras dun monte funcional e unha silvicultura sustentabel. Subli\u00f1an a importancia das comunidades de montes como dinamizadoras do rural pola s\u00faa xesti\u00f3n democr\u00e1tica dos recursos. A custodia do territorio \u00e9 intr\u00ednseca a autoorganizaci\u00f3n asamblearia da veci\u00f1anza comuneira.<\/p>\n\n\n\n<p>Na posterior reuni\u00f3n co Partido Socialista insistiuse na necesidade de manter o car\u00e1cter comunal da xesti\u00f3n dos montes vec\u00f1ais. Neste sentido a ORGACCMM prop\u00f3n que se alg\u00fan monte veci\u00f1al carece de poboaci\u00f3n suficiente para xestionalo se traspase temporalmente a s\u00faa xesti\u00f3n \u00e1 unha comunidade de montes aleda\u00f1a e non se entregue sen m\u00e1is a unha empresa madereira por 50 anos como pretende o Partido Popular nas s\u00faas modificaci\u00f3ns leislativas.<\/p>\n\n\n\n<p>&#8220;Levamos anos denunciando que a Conseller\u00eda de Medio Rural pretende, mediante os cambios lexislativos promovidos polo Partido Popular, que empresas de diverso \u00edndole (forestais, madeireiras, e\u00f3licas, mineiras\u2026) poidan facerse coa xesti\u00f3n de montes veci\u00f1ais e comunais&#8221;, explica Xos\u00e9 Pereira, presidente da Organizaci\u00f3n galega de Comunidades de Montes.<\/p>\n\n\n\n<p>A ILP presentada pola ORGACCMM tenta frear este latrocinio dos montes veci\u00f1ais. Neste senso, un dos puntos principais da ILP \u00e9 reforzar o car\u00e1cter xerm\u00e1nico da titularidade veci\u00f1al, considerando a veci\u00f1anza como \u00fanico requisito para ter a condici\u00f3n de veci\u00f1o\/a comuneiro\/a. A Organizaci\u00f3n Galega de Comunidades de Montes solicita o apoio das forzas pol\u00edticas que conforman o Parlamento galego para que saia adiante esta lei e lograr as\u00ed un monte comunal multifuncional e sustentabel ao servizo da veci\u00f1anza comuneira e da sociedade galega no seu conxunto.<\/p>\n","protected":false},"excerpt":{"rendered":"<div class=\"mh-excerpt\"><p>A Organizaci\u00f3n galega de Comunidades de Montes presentou no rexistro as sinaturas para tramitar a ILP en defensa dos montes comunais <a class=\"mh-excerpt-more\" href=\"https:\/\/www.anovapeneira.gal\/index.php\/2022\/08\/29\/rexistradas-as-firmas-para-avalar-a-ilp-en-defensa-dos-montes-comunais\/\" title=\"Rexistradas as firmas para avalar a ILP en defensa dos montes comunais\">[&#8230;]<\/a><\/p>\n<\/div>","protected":false},"author":3,"featured_media":8060,"comment_status":"open","ping_status":"open","sticky":false,"template":"","format":"standard","meta":{"_exactmetrics_skip_tracking":false,"_exactmetrics_sitenote_active":false,"_exactmetrics_sitenote_note":"","_exactmetrics_sitenote_category":0,"footnotes":""},"categories":[263],"tags":[],"class_list":{"0":"post-8058","1":"post","2":"type-post","3":"status-publish","4":"format-standard","5":"has-post-thumbnail","7":"category-novas"},"yoast_head":"<!-- This site is optimized with the Yoast SEO plugin v27.4 - https:\/\/yoast.com\/product\/yoast-seo-wordpress\/ -->\n<title>Rexistradas as firmas para avalar a ILP en defensa dos montes comunais -<\/title>\n<meta name=\"description\" content=\"A Organizaci\u00f3n galega de Comunidades de Montes presentou no rexistro as sinaturas para tramitar a ILP en defensa dos montes comunais\" \/>\n<meta name=\"robots\" content=\"index, follow, max-snippet:-1, max-image-preview:large, max-video-preview:-1\" \/>\n<link rel=\"canonical\" href=\"https:\/\/www.anovapeneira.gal\/index.php\/2022\/08\/29\/rexistradas-as-firmas-para-avalar-a-ilp-en-defensa-dos-montes-comunais\/\" \/>\n<meta property=\"og:locale\" content=\"gl_ES\" \/>\n<meta property=\"og:type\" content=\"article\" \/>\n<meta property=\"og:title\" content=\"Rexistradas as firmas para avalar a ILP en defensa dos montes comunais -\" \/>\n<meta property=\"og:description\" content=\"A Organizaci\u00f3n galega de Comunidades de Montes presentou no rexistro as sinaturas para tramitar a ILP en defensa dos montes comunais\" \/>\n<meta property=\"og:url\" content=\"https:\/\/www.anovapeneira.gal\/index.php\/2022\/08\/29\/rexistradas-as-firmas-para-avalar-a-ilp-en-defensa-dos-montes-comunais\/\" \/>\n<meta property=\"article:publisher\" content=\"https:\/\/www.facebook.com\/anovapeneira\" \/>\n<meta property=\"article:published_time\" content=\"2022-08-29T10:00:14+00:00\" \/>\n<meta property=\"og:image\" content=\"https:\/\/www.anovapeneira.gal\/wp-content\/uploads\/2022\/08\/entrega_firma_ILP.jpg\" \/>\n\t<meta property=\"og:image:width\" content=\"720\" \/>\n\t<meta property=\"og:image:height\" content=\"432\" \/>\n\t<meta property=\"og:image:type\" content=\"image\/jpeg\" \/>\n<meta name=\"author\" content=\"Redacci\u00f3n A Nova Peneira\" \/>\n<meta name=\"twitter:card\" content=\"summary_large_image\" \/>\n<meta name=\"twitter:creator\" content=\"@APeneira\" \/>\n<meta name=\"twitter:site\" content=\"@APeneira\" \/>\n<meta name=\"twitter:label1\" content=\"Escrito por\" \/>\n\t<meta name=\"twitter:data1\" content=\"Redacci\u00f3n A Nova Peneira\" \/>\n\t<meta name=\"twitter:label2\" content=\"Tempo de lectura\" \/>\n\t<meta name=\"twitter:data2\" content=\"3 minutos\" \/>\n<script type=\"application\/ld+json\" class=\"yoast-schema-graph\">{\"@context\":\"https:\\\/\\\/schema.org\",\"@graph\":[{\"@type\":\"Article\",\"@id\":\"https:\\\/\\\/www.anovapeneira.gal\\\/index.php\\\/2022\\\/08\\\/29\\\/rexistradas-as-firmas-para-avalar-a-ilp-en-defensa-dos-montes-comunais\\\/#article\",\"isPartOf\":{\"@id\":\"https:\\\/\\\/www.anovapeneira.gal\\\/index.php\\\/2022\\\/08\\\/29\\\/rexistradas-as-firmas-para-avalar-a-ilp-en-defensa-dos-montes-comunais\\\/\"},\"author\":{\"name\":\"Redacci\u00f3n A Nova Peneira\",\"@id\":\"https:\\\/\\\/www.anovapeneira.gal\\\/#\\\/schema\\\/person\\\/b93e3f8932e3f8da96334607eb6ac6aa\"},\"headline\":\"Rexistradas as firmas para avalar a ILP en defensa dos montes comunais\",\"datePublished\":\"2022-08-29T10:00:14+00:00\",\"mainEntityOfPage\":{\"@id\":\"https:\\\/\\\/www.anovapeneira.gal\\\/index.php\\\/2022\\\/08\\\/29\\\/rexistradas-as-firmas-para-avalar-a-ilp-en-defensa-dos-montes-comunais\\\/\"},\"wordCount\":468,\"commentCount\":0,\"publisher\":{\"@id\":\"https:\\\/\\\/www.anovapeneira.gal\\\/#organization\"},\"image\":{\"@id\":\"https:\\\/\\\/www.anovapeneira.gal\\\/index.php\\\/2022\\\/08\\\/29\\\/rexistradas-as-firmas-para-avalar-a-ilp-en-defensa-dos-montes-comunais\\\/#primaryimage\"},\"thumbnailUrl\":\"https:\\\/\\\/www.anovapeneira.gal\\\/wp-content\\\/uploads\\\/2022\\\/08\\\/entrega_firma_ILP.jpg\",\"articleSection\":[\"Novas\"],\"inLanguage\":\"gl-ES\",\"potentialAction\":[{\"@type\":\"CommentAction\",\"name\":\"Comment\",\"target\":[\"https:\\\/\\\/www.anovapeneira.gal\\\/index.php\\\/2022\\\/08\\\/29\\\/rexistradas-as-firmas-para-avalar-a-ilp-en-defensa-dos-montes-comunais\\\/#respond\"]}]},{\"@type\":\"WebPage\",\"@id\":\"https:\\\/\\\/www.anovapeneira.gal\\\/index.php\\\/2022\\\/08\\\/29\\\/rexistradas-as-firmas-para-avalar-a-ilp-en-defensa-dos-montes-comunais\\\/\",\"url\":\"https:\\\/\\\/www.anovapeneira.gal\\\/index.php\\\/2022\\\/08\\\/29\\\/rexistradas-as-firmas-para-avalar-a-ilp-en-defensa-dos-montes-comunais\\\/\",\"name\":\"Rexistradas as firmas para avalar a ILP en defensa dos montes comunais -\",\"isPartOf\":{\"@id\":\"https:\\\/\\\/www.anovapeneira.gal\\\/#website\"},\"primaryImageOfPage\":{\"@id\":\"https:\\\/\\\/www.anovapeneira.gal\\\/index.php\\\/2022\\\/08\\\/29\\\/rexistradas-as-firmas-para-avalar-a-ilp-en-defensa-dos-montes-comunais\\\/#primaryimage\"},\"image\":{\"@id\":\"https:\\\/\\\/www.anovapeneira.gal\\\/index.php\\\/2022\\\/08\\\/29\\\/rexistradas-as-firmas-para-avalar-a-ilp-en-defensa-dos-montes-comunais\\\/#primaryimage\"},\"thumbnailUrl\":\"https:\\\/\\\/www.anovapeneira.gal\\\/wp-content\\\/uploads\\\/2022\\\/08\\\/entrega_firma_ILP.jpg\",\"datePublished\":\"2022-08-29T10:00:14+00:00\",\"description\":\"A Organizaci\u00f3n galega de Comunidades de Montes presentou no rexistro as sinaturas para tramitar a ILP en defensa dos montes comunais\",\"breadcrumb\":{\"@id\":\"https:\\\/\\\/www.anovapeneira.gal\\\/index.php\\\/2022\\\/08\\\/29\\\/rexistradas-as-firmas-para-avalar-a-ilp-en-defensa-dos-montes-comunais\\\/#breadcrumb\"},\"inLanguage\":\"gl-ES\",\"potentialAction\":[{\"@type\":\"ReadAction\",\"target\":[\"https:\\\/\\\/www.anovapeneira.gal\\\/index.php\\\/2022\\\/08\\\/29\\\/rexistradas-as-firmas-para-avalar-a-ilp-en-defensa-dos-montes-comunais\\\/\"]}]},{\"@type\":\"ImageObject\",\"inLanguage\":\"gl-ES\",\"@id\":\"https:\\\/\\\/www.anovapeneira.gal\\\/index.php\\\/2022\\\/08\\\/29\\\/rexistradas-as-firmas-para-avalar-a-ilp-en-defensa-dos-montes-comunais\\\/#primaryimage\",\"url\":\"https:\\\/\\\/www.anovapeneira.gal\\\/wp-content\\\/uploads\\\/2022\\\/08\\\/entrega_firma_ILP.jpg\",\"contentUrl\":\"https:\\\/\\\/www.anovapeneira.gal\\\/wp-content\\\/uploads\\\/2022\\\/08\\\/entrega_firma_ILP.jpg\",\"width\":720,\"height\":432,\"caption\":\"Rexistradas as firmas para avalar a ILP en defensa dos montes comunais\"},{\"@type\":\"BreadcrumbList\",\"@id\":\"https:\\\/\\\/www.anovapeneira.gal\\\/index.php\\\/2022\\\/08\\\/29\\\/rexistradas-as-firmas-para-avalar-a-ilp-en-defensa-dos-montes-comunais\\\/#breadcrumb\",\"itemListElement\":[{\"@type\":\"ListItem\",\"position\":1,\"name\":\"Portada\",\"item\":\"https:\\\/\\\/www.anovapeneira.gal\\\/\"},{\"@type\":\"ListItem\",\"position\":2,\"name\":\"Rexistradas as firmas para avalar a ILP en defensa dos montes comunais\"}]},{\"@type\":\"WebSite\",\"@id\":\"https:\\\/\\\/www.anovapeneira.gal\\\/#website\",\"url\":\"https:\\\/\\\/www.anovapeneira.gal\\\/\",\"name\":\"\",\"description\":\"Xornal galego de informaci\u00f3n xeral Publicaci\u00f3n mensual de novas de Galicia e en especial dos Concellos da sur da provincia de Pontevedra.\",\"publisher\":{\"@id\":\"https:\\\/\\\/www.anovapeneira.gal\\\/#organization\"},\"potentialAction\":[{\"@type\":\"SearchAction\",\"target\":{\"@type\":\"EntryPoint\",\"urlTemplate\":\"https:\\\/\\\/www.anovapeneira.gal\\\/?s={search_term_string}\"},\"query-input\":{\"@type\":\"PropertyValueSpecification\",\"valueRequired\":true,\"valueName\":\"search_term_string\"}}],\"inLanguage\":\"gl-ES\"},{\"@type\":\"Organization\",\"@id\":\"https:\\\/\\\/www.anovapeneira.gal\\\/#organization\",\"name\":\"A Nova Peneira\",\"url\":\"https:\\\/\\\/www.anovapeneira.gal\\\/\",\"logo\":{\"@type\":\"ImageObject\",\"inLanguage\":\"gl-ES\",\"@id\":\"https:\\\/\\\/www.anovapeneira.gal\\\/#\\\/schema\\\/logo\\\/image\\\/\",\"url\":\"http:\\\/\\\/www.anovapeneira.gal\\\/wp-content\\\/uploads\\\/2019\\\/06\\\/logo_a_nova_peneira_portal_web.png\",\"contentUrl\":\"http:\\\/\\\/www.anovapeneira.gal\\\/wp-content\\\/uploads\\\/2019\\\/06\\\/logo_a_nova_peneira_portal_web.png\",\"width\":300,\"height\":100,\"caption\":\"A Nova Peneira\"},\"image\":{\"@id\":\"https:\\\/\\\/www.anovapeneira.gal\\\/#\\\/schema\\\/logo\\\/image\\\/\"},\"sameAs\":[\"https:\\\/\\\/www.facebook.com\\\/anovapeneira\",\"https:\\\/\\\/x.com\\\/APeneira\"]},{\"@type\":\"Person\",\"@id\":\"https:\\\/\\\/www.anovapeneira.gal\\\/#\\\/schema\\\/person\\\/b93e3f8932e3f8da96334607eb6ac6aa\",\"name\":\"Redacci\u00f3n A Nova Peneira\",\"image\":{\"@type\":\"ImageObject\",\"inLanguage\":\"gl-ES\",\"@id\":\"https:\\\/\\\/secure.gravatar.com\\\/avatar\\\/c052a2551a06e23fac63626232eaa90abd78dbcf1700fc46a2b2c89fd27b735f?s=96&d=mm&r=g\",\"url\":\"https:\\\/\\\/secure.gravatar.com\\\/avatar\\\/c052a2551a06e23fac63626232eaa90abd78dbcf1700fc46a2b2c89fd27b735f?s=96&d=mm&r=g\",\"contentUrl\":\"https:\\\/\\\/secure.gravatar.com\\\/avatar\\\/c052a2551a06e23fac63626232eaa90abd78dbcf1700fc46a2b2c89fd27b735f?s=96&d=mm&r=g\",\"caption\":\"Redacci\u00f3n A Nova Peneira\"},\"sameAs\":[\"http:\\\/\\\/www.anovapeneira.gal\\\/\"],\"url\":\"https:\\\/\\\/www.anovapeneira.gal\\\/index.php\\\/author\\\/redactor\\\/\"}]}<\/script>\n<!-- \/ Yoast SEO plugin. -->","yoast_head_json":{"title":"Rexistradas as firmas para avalar a ILP en defensa dos montes comunais -","description":"A Organizaci\u00f3n galega de Comunidades de Montes presentou no rexistro as sinaturas para tramitar a ILP en defensa dos montes comunais","robots":{"index":"index","follow":"follow","max-snippet":"max-snippet:-1","max-image-preview":"max-image-preview:large","max-video-preview":"max-video-preview:-1"},"canonical":"https:\/\/www.anovapeneira.gal\/index.php\/2022\/08\/29\/rexistradas-as-firmas-para-avalar-a-ilp-en-defensa-dos-montes-comunais\/","og_locale":"gl_ES","og_type":"article","og_title":"Rexistradas as firmas para avalar a ILP en defensa dos montes comunais -","og_description":"A Organizaci\u00f3n galega de Comunidades de Montes presentou no rexistro as sinaturas para tramitar a ILP en defensa dos montes comunais","og_url":"https:\/\/www.anovapeneira.gal\/index.php\/2022\/08\/29\/rexistradas-as-firmas-para-avalar-a-ilp-en-defensa-dos-montes-comunais\/","article_publisher":"https:\/\/www.facebook.com\/anovapeneira","article_published_time":"2022-08-29T10:00:14+00:00","og_image":[{"width":720,"height":432,"url":"https:\/\/www.anovapeneira.gal\/wp-content\/uploads\/2022\/08\/entrega_firma_ILP.jpg","type":"image\/jpeg"}],"author":"Redacci\u00f3n A Nova Peneira","twitter_card":"summary_large_image","twitter_creator":"@APeneira","twitter_site":"@APeneira","twitter_misc":{"Escrito por":"Redacci\u00f3n A Nova Peneira","Tempo de lectura":"3 minutos"},"schema":{"@context":"https:\/\/schema.org","@graph":[{"@type":"Article","@id":"https:\/\/www.anovapeneira.gal\/index.php\/2022\/08\/29\/rexistradas-as-firmas-para-avalar-a-ilp-en-defensa-dos-montes-comunais\/#article","isPartOf":{"@id":"https:\/\/www.anovapeneira.gal\/index.php\/2022\/08\/29\/rexistradas-as-firmas-para-avalar-a-ilp-en-defensa-dos-montes-comunais\/"},"author":{"name":"Redacci\u00f3n A Nova Peneira","@id":"https:\/\/www.anovapeneira.gal\/#\/schema\/person\/b93e3f8932e3f8da96334607eb6ac6aa"},"headline":"Rexistradas as firmas para avalar a ILP en defensa dos montes comunais","datePublished":"2022-08-29T10:00:14+00:00","mainEntityOfPage":{"@id":"https:\/\/www.anovapeneira.gal\/index.php\/2022\/08\/29\/rexistradas-as-firmas-para-avalar-a-ilp-en-defensa-dos-montes-comunais\/"},"wordCount":468,"commentCount":0,"publisher":{"@id":"https:\/\/www.anovapeneira.gal\/#organization"},"image":{"@id":"https:\/\/www.anovapeneira.gal\/index.php\/2022\/08\/29\/rexistradas-as-firmas-para-avalar-a-ilp-en-defensa-dos-montes-comunais\/#primaryimage"},"thumbnailUrl":"https:\/\/www.anovapeneira.gal\/wp-content\/uploads\/2022\/08\/entrega_firma_ILP.jpg","articleSection":["Novas"],"inLanguage":"gl-ES","potentialAction":[{"@type":"CommentAction","name":"Comment","target":["https:\/\/www.anovapeneira.gal\/index.php\/2022\/08\/29\/rexistradas-as-firmas-para-avalar-a-ilp-en-defensa-dos-montes-comunais\/#respond"]}]},{"@type":"WebPage","@id":"https:\/\/www.anovapeneira.gal\/index.php\/2022\/08\/29\/rexistradas-as-firmas-para-avalar-a-ilp-en-defensa-dos-montes-comunais\/","url":"https:\/\/www.anovapeneira.gal\/index.php\/2022\/08\/29\/rexistradas-as-firmas-para-avalar-a-ilp-en-defensa-dos-montes-comunais\/","name":"Rexistradas as firmas para avalar a ILP en defensa dos montes comunais -","isPartOf":{"@id":"https:\/\/www.anovapeneira.gal\/#website"},"primaryImageOfPage":{"@id":"https:\/\/www.anovapeneira.gal\/index.php\/2022\/08\/29\/rexistradas-as-firmas-para-avalar-a-ilp-en-defensa-dos-montes-comunais\/#primaryimage"},"image":{"@id":"https:\/\/www.anovapeneira.gal\/index.php\/2022\/08\/29\/rexistradas-as-firmas-para-avalar-a-ilp-en-defensa-dos-montes-comunais\/#primaryimage"},"thumbnailUrl":"https:\/\/www.anovapeneira.gal\/wp-content\/uploads\/2022\/08\/entrega_firma_ILP.jpg","datePublished":"2022-08-29T10:00:14+00:00","description":"A Organizaci\u00f3n galega de Comunidades de Montes presentou no rexistro as sinaturas para tramitar a ILP en defensa dos montes comunais","breadcrumb":{"@id":"https:\/\/www.anovapeneira.gal\/index.php\/2022\/08\/29\/rexistradas-as-firmas-para-avalar-a-ilp-en-defensa-dos-montes-comunais\/#breadcrumb"},"inLanguage":"gl-ES","potentialAction":[{"@type":"ReadAction","target":["https:\/\/www.anovapeneira.gal\/index.php\/2022\/08\/29\/rexistradas-as-firmas-para-avalar-a-ilp-en-defensa-dos-montes-comunais\/"]}]},{"@type":"ImageObject","inLanguage":"gl-ES","@id":"https:\/\/www.anovapeneira.gal\/index.php\/2022\/08\/29\/rexistradas-as-firmas-para-avalar-a-ilp-en-defensa-dos-montes-comunais\/#primaryimage","url":"https:\/\/www.anovapeneira.gal\/wp-content\/uploads\/2022\/08\/entrega_firma_ILP.jpg","contentUrl":"https:\/\/www.anovapeneira.gal\/wp-content\/uploads\/2022\/08\/entrega_firma_ILP.jpg","width":720,"height":432,"caption":"Rexistradas as firmas para avalar a ILP en defensa dos montes comunais"},{"@type":"BreadcrumbList","@id":"https:\/\/www.anovapeneira.gal\/index.php\/2022\/08\/29\/rexistradas-as-firmas-para-avalar-a-ilp-en-defensa-dos-montes-comunais\/#breadcrumb","itemListElement":[{"@type":"ListItem","position":1,"name":"Portada","item":"https:\/\/www.anovapeneira.gal\/"},{"@type":"ListItem","position":2,"name":"Rexistradas as firmas para avalar a ILP en defensa dos montes comunais"}]},{"@type":"WebSite","@id":"https:\/\/www.anovapeneira.gal\/#website","url":"https:\/\/www.anovapeneira.gal\/","name":"","description":"Xornal galego de informaci\u00f3n xeral Publicaci\u00f3n mensual de novas de Galicia e en especial dos Concellos da sur da provincia de Pontevedra.","publisher":{"@id":"https:\/\/www.anovapeneira.gal\/#organization"},"potentialAction":[{"@type":"SearchAction","target":{"@type":"EntryPoint","urlTemplate":"https:\/\/www.anovapeneira.gal\/?s={search_term_string}"},"query-input":{"@type":"PropertyValueSpecification","valueRequired":true,"valueName":"search_term_string"}}],"inLanguage":"gl-ES"},{"@type":"Organization","@id":"https:\/\/www.anovapeneira.gal\/#organization","name":"A Nova Peneira","url":"https:\/\/www.anovapeneira.gal\/","logo":{"@type":"ImageObject","inLanguage":"gl-ES","@id":"https:\/\/www.anovapeneira.gal\/#\/schema\/logo\/image\/","url":"http:\/\/www.anovapeneira.gal\/wp-content\/uploads\/2019\/06\/logo_a_nova_peneira_portal_web.png","contentUrl":"http:\/\/www.anovapeneira.gal\/wp-content\/uploads\/2019\/06\/logo_a_nova_peneira_portal_web.png","width":300,"height":100,"caption":"A Nova Peneira"},"image":{"@id":"https:\/\/www.anovapeneira.gal\/#\/schema\/logo\/image\/"},"sameAs":["https:\/\/www.facebook.com\/anovapeneira","https:\/\/x.com\/APeneira"]},{"@type":"Person","@id":"https:\/\/www.anovapeneira.gal\/#\/schema\/person\/b93e3f8932e3f8da96334607eb6ac6aa","name":"Redacci\u00f3n A Nova Peneira","image":{"@type":"ImageObject","inLanguage":"gl-ES","@id":"https:\/\/secure.gravatar.com\/avatar\/c052a2551a06e23fac63626232eaa90abd78dbcf1700fc46a2b2c89fd27b735f?s=96&d=mm&r=g","url":"https:\/\/secure.gravatar.com\/avatar\/c052a2551a06e23fac63626232eaa90abd78dbcf1700fc46a2b2c89fd27b735f?s=96&d=mm&r=g","contentUrl":"https:\/\/secure.gravatar.com\/avatar\/c052a2551a06e23fac63626232eaa90abd78dbcf1700fc46a2b2c89fd27b735f?s=96&d=mm&r=g","caption":"Redacci\u00f3n A Nova Peneira"},"sameAs":["http:\/\/www.anovapeneira.gal\/"],"url":"https:\/\/www.anovapeneira.gal\/index.php\/author\/redactor\/"}]}},"jetpack_featured_media_url":"https:\/\/www.anovapeneira.gal\/wp-content\/uploads\/2022\/08\/entrega_firma_ILP.jpg","_links":{"self":[{"href":"https:\/\/www.anovapeneira.gal\/index.php\/wp-json\/wp\/v2\/posts\/8058","targetHints":{"allow":["GET"]}}],"collection":[{"href":"https:\/\/www.anovapeneira.gal\/index.php\/wp-json\/wp\/v2\/posts"}],"about":[{"href":"https:\/\/www.anovapeneira.gal\/index.php\/wp-json\/wp\/v2\/types\/post"}],"author":[{"embeddable":true,"href":"https:\/\/www.anovapeneira.gal\/index.php\/wp-json\/wp\/v2\/users\/3"}],"replies":[{"embeddable":true,"href":"https:\/\/www.anovapeneira.gal\/index.php\/wp-json\/wp\/v2\/comments?post=8058"}],"version-history":[{"count":2,"href":"https:\/\/www.anovapeneira.gal\/index.php\/wp-json\/wp\/v2\/posts\/8058\/revisions"}],"predecessor-version":[{"id":8061,"href":"https:\/\/www.anovapeneira.gal\/index.php\/wp-json\/wp\/v2\/posts\/8058\/revisions\/8061"}],"wp:featuredmedia":[{"embeddable":true,"href":"https:\/\/www.anovapeneira.gal\/index.php\/wp-json\/wp\/v2\/media\/8060"}],"wp:attachment":[{"href":"https:\/\/www.anovapeneira.gal\/index.php\/wp-json\/wp\/v2\/media?parent=8058"}],"wp:term":[{"taxonomy":"category","embeddable":true,"href":"https:\/\/www.anovapeneira.gal\/index.php\/wp-json\/wp\/v2\/categories?post=8058"},{"taxonomy":"post_tag","embeddable":true,"href":"https:\/\/www.anovapeneira.gal\/index.php\/wp-json\/wp\/v2\/tags?post=8058"}],"curies":[{"name":"wp","href":"https:\/\/api.w.org\/{rel}","templated":true}]}}