{"id":8062,"date":"2022-08-30T10:00:09","date_gmt":"2022-08-30T08:00:09","guid":{"rendered":"https:\/\/www.anovapeneira.gal\/?p=8062"},"modified":"2022-08-27T11:47:26","modified_gmt":"2022-08-27T09:47:26","slug":"o-circuito-de-pumptrack-de-mondariz-sede-dunha-proba-de-ciclismo","status":"publish","type":"post","link":"https:\/\/www.anovapeneira.gal\/index.php\/2022\/08\/30\/o-circuito-de-pumptrack-de-mondariz-sede-dunha-proba-de-ciclismo\/","title":{"rendered":"O circu\u00edto de pumptrack de Mondariz, sede dunha proba de ciclismo"},"content":{"rendered":"\n<p>O vindeiro 10 de setembro, as novas instalaci\u00f3ns deportivasmunicipais do Campo da Minada acollen o I Pumptrack Nocturno de Mondariza partir das 19:30 horas.<\/p>\n\n\n\n<p>A proba de ciclismo, organizada pola asociaci\u00f3n educativa esociocultural Sports Kids en colaboraci\u00f3n co Concello de Mondariz,est\u00e1 dividida en catro categor\u00edas a partir de 3 anos e rematar\u00e1 cunconcerto de m\u00fasica rap e dj&#8217;s.<\/p>\n\n\n\n<p>As inscrici\u00f3ns est\u00e1n abertas at\u00e9 o 5 de setembro no sitio webcronotec.es<\/p>\n\n\n\n<p>O circu\u00edto asfaltado de pumptrack constru\u00eddo polo Concello deMondariz no Campo da Minada acoller\u00e1 o vindeiro 10 de setembro a s\u00faaprimeira competici\u00f3n de ciclismo. Tr\u00e1tase dunha proba para bicicletaspropulsadas pola acci\u00f3n humana na que poden participar mozos e mozas detres anos en adiante. O obxectivo desta actividade \u00e9 &#8220;dar visibilidadea estas novas instalaci\u00f3ns municipais e promover o deporte urbano entrea mocidade&#8221;, afirma o alcalde de Mondariz, Xos\u00e9 Emilio Barros.<\/p>\n\n\n\n<figure class=\"wp-block-image size-large\"><img loading=\"lazy\" decoding=\"async\" width=\"724\" height=\"1024\" src=\"https:\/\/www.anovapeneira.gal\/wp-content\/uploads\/2022\/08\/I-Pumptrack-Nocturno-de-Mondariz-724x1024.jpeg\" alt=\"\" class=\"wp-image-8063\" srcset=\"https:\/\/www.anovapeneira.gal\/wp-content\/uploads\/2022\/08\/I-Pumptrack-Nocturno-de-Mondariz-724x1024.jpeg 724w, https:\/\/www.anovapeneira.gal\/wp-content\/uploads\/2022\/08\/I-Pumptrack-Nocturno-de-Mondariz-212x300.jpeg 212w, https:\/\/www.anovapeneira.gal\/wp-content\/uploads\/2022\/08\/I-Pumptrack-Nocturno-de-Mondariz-768x1086.jpeg 768w, https:\/\/www.anovapeneira.gal\/wp-content\/uploads\/2022\/08\/I-Pumptrack-Nocturno-de-Mondariz-1086x1536.jpeg 1086w, https:\/\/www.anovapeneira.gal\/wp-content\/uploads\/2022\/08\/I-Pumptrack-Nocturno-de-Mondariz.jpeg 1131w\" sizes=\"auto, (max-width: 724px) 100vw, 724px\" \/><\/figure>\n\n\n\n<p>Detr\u00e1s da organizaci\u00f3n desta proba deportiva est\u00e1 a asociaci\u00f3neducativa e sociocultural Sports Kids, vinculada \u00e1 localidade. Oproceso de inscrici\u00f3n est\u00e1 aberto at\u00e9 o 5 de setembro no sitio webcronotec.es, mais as prazas son limitadas e pode pecharse antes se sechegan a completar. Establ\u00e9cense catro categor\u00edas: mini (3-7 anos),infantil (8-12 anos), j\u00fanior (13-17 anos), adultos (a partir de 18anos). As inscrici\u00f3ns son gratu\u00edtas para a categor\u00eda mini, perote\u00f1en un custe de 5 euros para as categor\u00edas infantil e j\u00fanior, e de8 euros para a categor\u00eda de adultos.<\/p>\n\n\n\n<p>A competici\u00f3n deportiva rematar\u00e1 cun concerto de m\u00fasica rap e dj&#8217;s,organizado en colaboraci\u00f3n coa asociaci\u00f3n de cultura urbana URCAM deMondariz, creada recentemente por mozos e mozas da localidadeinteresados na cultura urbana. &#8220;Con actividades como esta tam\u00e9nbuscamos promover a dinamizaci\u00f3n dos colectivos socioculturais dalocalidade&#8221;, comenta Barros, que ademais de alcalde \u00e9 concelleiro deParticipaci\u00f3n Veci\u00f1al.<\/p>\n\n\n\n<p>Unhas instalaciones deportivas innovadoras<\/p>\n\n\n\n<p>O cirtu\u00edto de pumptrack de Mondariz foi constru\u00eddo no ano 2021 confinanciaci\u00f3n do Plan Concellos 2020 da Deputaci\u00f3n de Pontevedra,convert\u00e9ndose naquel momento no circu\u00edto asfaltado de pumptrack m\u00e1isgrande de Galicia, con 1.200 m\u00b2 de superficie. Est\u00e1 concebido comounha pista de 180 metros de lonxitude, con ondulaci\u00f3ns e curvasperaltadas \u00e1 esquerda e \u00e1 dereita que se adaptan ao regulamento de BMXda Real Federaci\u00f3n Espa\u00f1ola de Ciclismo, polo que nun futuro poder\u00edaacoller competici\u00f3ns deportivas profesionais.<\/p>\n\n\n\n<p>Lev\u00e1ntase no Campo da Minada, sobre o decr\u00e9pito campo de f\u00fatbol dec\u00e9spede artificial constru\u00eddo hai d\u00faas d\u00e9cadas e que estivo endesuso por non cumprir as medidas regulamentarias para a competici\u00f3n. Aconstruci\u00f3n do circu\u00edto asfaltado de pump track foi a primeiraactuaci\u00f3n do centro de ocio e deporte urbano que ten proxectado oConcello de Mondariz no Campo da Minada para recuperar este importanteespazo p\u00fablico do centro urbano da localidade. Estas instalaci\u00f3nsdeportivas municipais ser\u00e1n completadas nos pr\u00f3ximos meses, no marcodo Plan Reacciona Pontevedra (ReacPon) da Deputaci\u00f3n de Pontevedra, quefinanciar\u00e1 as obras con 392.079 euros, o 90% do orzamento previsto.<\/p>\n","protected":false},"excerpt":{"rendered":"<div class=\"mh-excerpt\"><p>O vindeiro 10 de setembro, as novas instalaci\u00f3ns deportivasmunicipais do Campo da Minada acollen o I Pumptrack Nocturno de Mondariza partir das 19:30 horas <a class=\"mh-excerpt-more\" href=\"https:\/\/www.anovapeneira.gal\/index.php\/2022\/08\/30\/o-circuito-de-pumptrack-de-mondariz-sede-dunha-proba-de-ciclismo\/\" title=\"O circu\u00edto de pumptrack de Mondariz, sede dunha proba de ciclismo\">[&#8230;]<\/a><\/p>\n<\/div>","protected":false},"author":3,"featured_media":8066,"comment_status":"open","ping_status":"open","sticky":false,"template":"","format":"standard","meta":{"_exactmetrics_skip_tracking":false,"_exactmetrics_sitenote_active":false,"_exactmetrics_sitenote_note":"","_exactmetrics_sitenote_category":0,"footnotes":""},"categories":[25,1],"tags":[405],"class_list":{"0":"post-8062","1":"post","2":"type-post","3":"status-publish","4":"format-standard","5":"has-post-thumbnail","7":"category-condado","8":"category-sin-categoria","9":"tag-concello-de-mondariz"},"yoast_head":"<!-- This site is optimized with the Yoast SEO plugin v27.4 - https:\/\/yoast.com\/product\/yoast-seo-wordpress\/ -->\n<title>O circu\u00edto de pumptrack de Mondariz, sede dunha proba de ciclismo -<\/title>\n<meta name=\"description\" content=\"O vindeiro 10 de setembro, as novas instalaci\u00f3ns deportivasmunicipais do Campo da Minada acollen o I Pumptrack Nocturno de Mondariza partir das 19:30 horas\" \/>\n<meta name=\"robots\" content=\"index, follow, max-snippet:-1, max-image-preview:large, max-video-preview:-1\" \/>\n<link rel=\"canonical\" href=\"https:\/\/www.anovapeneira.gal\/index.php\/2022\/08\/30\/o-circuito-de-pumptrack-de-mondariz-sede-dunha-proba-de-ciclismo\/\" \/>\n<meta property=\"og:locale\" content=\"gl_ES\" \/>\n<meta property=\"og:type\" content=\"article\" \/>\n<meta property=\"og:title\" content=\"O circu\u00edto de pumptrack de Mondariz, sede dunha proba de ciclismo -\" \/>\n<meta property=\"og:description\" content=\"O vindeiro 10 de setembro, as novas instalaci\u00f3ns deportivasmunicipais do Campo da Minada acollen o I Pumptrack Nocturno de Mondariza partir das 19:30 horas\" \/>\n<meta property=\"og:url\" content=\"https:\/\/www.anovapeneira.gal\/index.php\/2022\/08\/30\/o-circuito-de-pumptrack-de-mondariz-sede-dunha-proba-de-ciclismo\/\" \/>\n<meta property=\"article:publisher\" content=\"https:\/\/www.facebook.com\/anovapeneira\" \/>\n<meta property=\"article:published_time\" content=\"2022-08-30T08:00:09+00:00\" \/>\n<meta property=\"og:image\" content=\"https:\/\/www.anovapeneira.gal\/wp-content\/uploads\/2022\/08\/circuito_pumptrack_de_mondariz.jpg\" \/>\n\t<meta property=\"og:image:width\" content=\"720\" \/>\n\t<meta property=\"og:image:height\" content=\"432\" \/>\n\t<meta property=\"og:image:type\" content=\"image\/jpeg\" \/>\n<meta name=\"author\" content=\"Redacci\u00f3n A Nova Peneira\" \/>\n<meta name=\"twitter:card\" content=\"summary_large_image\" \/>\n<meta name=\"twitter:creator\" content=\"@APeneira\" \/>\n<meta name=\"twitter:site\" content=\"@APeneira\" \/>\n<meta name=\"twitter:label1\" content=\"Escrito por\" \/>\n\t<meta name=\"twitter:data1\" content=\"Redacci\u00f3n A Nova Peneira\" \/>\n\t<meta name=\"twitter:label2\" content=\"Tempo de lectura\" \/>\n\t<meta name=\"twitter:data2\" content=\"3 minutos\" \/>\n<script type=\"application\/ld+json\" class=\"yoast-schema-graph\">{\"@context\":\"https:\\\/\\\/schema.org\",\"@graph\":[{\"@type\":\"Article\",\"@id\":\"https:\\\/\\\/www.anovapeneira.gal\\\/index.php\\\/2022\\\/08\\\/30\\\/o-circuito-de-pumptrack-de-mondariz-sede-dunha-proba-de-ciclismo\\\/#article\",\"isPartOf\":{\"@id\":\"https:\\\/\\\/www.anovapeneira.gal\\\/index.php\\\/2022\\\/08\\\/30\\\/o-circuito-de-pumptrack-de-mondariz-sede-dunha-proba-de-ciclismo\\\/\"},\"author\":{\"name\":\"Redacci\u00f3n A Nova Peneira\",\"@id\":\"https:\\\/\\\/www.anovapeneira.gal\\\/#\\\/schema\\\/person\\\/b93e3f8932e3f8da96334607eb6ac6aa\"},\"headline\":\"O circu\u00edto de pumptrack de Mondariz, sede dunha proba de ciclismo\",\"datePublished\":\"2022-08-30T08:00:09+00:00\",\"mainEntityOfPage\":{\"@id\":\"https:\\\/\\\/www.anovapeneira.gal\\\/index.php\\\/2022\\\/08\\\/30\\\/o-circuito-de-pumptrack-de-mondariz-sede-dunha-proba-de-ciclismo\\\/\"},\"wordCount\":517,\"commentCount\":0,\"publisher\":{\"@id\":\"https:\\\/\\\/www.anovapeneira.gal\\\/#organization\"},\"image\":{\"@id\":\"https:\\\/\\\/www.anovapeneira.gal\\\/index.php\\\/2022\\\/08\\\/30\\\/o-circuito-de-pumptrack-de-mondariz-sede-dunha-proba-de-ciclismo\\\/#primaryimage\"},\"thumbnailUrl\":\"https:\\\/\\\/www.anovapeneira.gal\\\/wp-content\\\/uploads\\\/2022\\\/08\\\/circuito_pumptrack_de_mondariz.jpg\",\"keywords\":[\"Concello de Mondariz\"],\"articleSection\":[\"Condado\",\"Sin categor\u00eda\"],\"inLanguage\":\"gl-ES\",\"potentialAction\":[{\"@type\":\"CommentAction\",\"name\":\"Comment\",\"target\":[\"https:\\\/\\\/www.anovapeneira.gal\\\/index.php\\\/2022\\\/08\\\/30\\\/o-circuito-de-pumptrack-de-mondariz-sede-dunha-proba-de-ciclismo\\\/#respond\"]}]},{\"@type\":\"WebPage\",\"@id\":\"https:\\\/\\\/www.anovapeneira.gal\\\/index.php\\\/2022\\\/08\\\/30\\\/o-circuito-de-pumptrack-de-mondariz-sede-dunha-proba-de-ciclismo\\\/\",\"url\":\"https:\\\/\\\/www.anovapeneira.gal\\\/index.php\\\/2022\\\/08\\\/30\\\/o-circuito-de-pumptrack-de-mondariz-sede-dunha-proba-de-ciclismo\\\/\",\"name\":\"O circu\u00edto de pumptrack de Mondariz, sede dunha proba de ciclismo -\",\"isPartOf\":{\"@id\":\"https:\\\/\\\/www.anovapeneira.gal\\\/#website\"},\"primaryImageOfPage\":{\"@id\":\"https:\\\/\\\/www.anovapeneira.gal\\\/index.php\\\/2022\\\/08\\\/30\\\/o-circuito-de-pumptrack-de-mondariz-sede-dunha-proba-de-ciclismo\\\/#primaryimage\"},\"image\":{\"@id\":\"https:\\\/\\\/www.anovapeneira.gal\\\/index.php\\\/2022\\\/08\\\/30\\\/o-circuito-de-pumptrack-de-mondariz-sede-dunha-proba-de-ciclismo\\\/#primaryimage\"},\"thumbnailUrl\":\"https:\\\/\\\/www.anovapeneira.gal\\\/wp-content\\\/uploads\\\/2022\\\/08\\\/circuito_pumptrack_de_mondariz.jpg\",\"datePublished\":\"2022-08-30T08:00:09+00:00\",\"description\":\"O vindeiro 10 de setembro, as novas instalaci\u00f3ns deportivasmunicipais do Campo da Minada acollen o I Pumptrack Nocturno de Mondariza partir das 19:30 horas\",\"breadcrumb\":{\"@id\":\"https:\\\/\\\/www.anovapeneira.gal\\\/index.php\\\/2022\\\/08\\\/30\\\/o-circuito-de-pumptrack-de-mondariz-sede-dunha-proba-de-ciclismo\\\/#breadcrumb\"},\"inLanguage\":\"gl-ES\",\"potentialAction\":[{\"@type\":\"ReadAction\",\"target\":[\"https:\\\/\\\/www.anovapeneira.gal\\\/index.php\\\/2022\\\/08\\\/30\\\/o-circuito-de-pumptrack-de-mondariz-sede-dunha-proba-de-ciclismo\\\/\"]}]},{\"@type\":\"ImageObject\",\"inLanguage\":\"gl-ES\",\"@id\":\"https:\\\/\\\/www.anovapeneira.gal\\\/index.php\\\/2022\\\/08\\\/30\\\/o-circuito-de-pumptrack-de-mondariz-sede-dunha-proba-de-ciclismo\\\/#primaryimage\",\"url\":\"https:\\\/\\\/www.anovapeneira.gal\\\/wp-content\\\/uploads\\\/2022\\\/08\\\/circuito_pumptrack_de_mondariz.jpg\",\"contentUrl\":\"https:\\\/\\\/www.anovapeneira.gal\\\/wp-content\\\/uploads\\\/2022\\\/08\\\/circuito_pumptrack_de_mondariz.jpg\",\"width\":720,\"height\":432,\"caption\":\"I Pumptrack Nocturno de Mondariz\"},{\"@type\":\"BreadcrumbList\",\"@id\":\"https:\\\/\\\/www.anovapeneira.gal\\\/index.php\\\/2022\\\/08\\\/30\\\/o-circuito-de-pumptrack-de-mondariz-sede-dunha-proba-de-ciclismo\\\/#breadcrumb\",\"itemListElement\":[{\"@type\":\"ListItem\",\"position\":1,\"name\":\"Portada\",\"item\":\"https:\\\/\\\/www.anovapeneira.gal\\\/\"},{\"@type\":\"ListItem\",\"position\":2,\"name\":\"O circu\u00edto de pumptrack de Mondariz, sede dunha proba de ciclismo\"}]},{\"@type\":\"WebSite\",\"@id\":\"https:\\\/\\\/www.anovapeneira.gal\\\/#website\",\"url\":\"https:\\\/\\\/www.anovapeneira.gal\\\/\",\"name\":\"\",\"description\":\"Xornal galego de informaci\u00f3n xeral Publicaci\u00f3n mensual de novas de Galicia e en especial dos Concellos da sur da provincia de Pontevedra.\",\"publisher\":{\"@id\":\"https:\\\/\\\/www.anovapeneira.gal\\\/#organization\"},\"potentialAction\":[{\"@type\":\"SearchAction\",\"target\":{\"@type\":\"EntryPoint\",\"urlTemplate\":\"https:\\\/\\\/www.anovapeneira.gal\\\/?s={search_term_string}\"},\"query-input\":{\"@type\":\"PropertyValueSpecification\",\"valueRequired\":true,\"valueName\":\"search_term_string\"}}],\"inLanguage\":\"gl-ES\"},{\"@type\":\"Organization\",\"@id\":\"https:\\\/\\\/www.anovapeneira.gal\\\/#organization\",\"name\":\"A Nova Peneira\",\"url\":\"https:\\\/\\\/www.anovapeneira.gal\\\/\",\"logo\":{\"@type\":\"ImageObject\",\"inLanguage\":\"gl-ES\",\"@id\":\"https:\\\/\\\/www.anovapeneira.gal\\\/#\\\/schema\\\/logo\\\/image\\\/\",\"url\":\"http:\\\/\\\/www.anovapeneira.gal\\\/wp-content\\\/uploads\\\/2019\\\/06\\\/logo_a_nova_peneira_portal_web.png\",\"contentUrl\":\"http:\\\/\\\/www.anovapeneira.gal\\\/wp-content\\\/uploads\\\/2019\\\/06\\\/logo_a_nova_peneira_portal_web.png\",\"width\":300,\"height\":100,\"caption\":\"A Nova Peneira\"},\"image\":{\"@id\":\"https:\\\/\\\/www.anovapeneira.gal\\\/#\\\/schema\\\/logo\\\/image\\\/\"},\"sameAs\":[\"https:\\\/\\\/www.facebook.com\\\/anovapeneira\",\"https:\\\/\\\/x.com\\\/APeneira\"]},{\"@type\":\"Person\",\"@id\":\"https:\\\/\\\/www.anovapeneira.gal\\\/#\\\/schema\\\/person\\\/b93e3f8932e3f8da96334607eb6ac6aa\",\"name\":\"Redacci\u00f3n A Nova Peneira\",\"image\":{\"@type\":\"ImageObject\",\"inLanguage\":\"gl-ES\",\"@id\":\"https:\\\/\\\/secure.gravatar.com\\\/avatar\\\/c052a2551a06e23fac63626232eaa90abd78dbcf1700fc46a2b2c89fd27b735f?s=96&d=mm&r=g\",\"url\":\"https:\\\/\\\/secure.gravatar.com\\\/avatar\\\/c052a2551a06e23fac63626232eaa90abd78dbcf1700fc46a2b2c89fd27b735f?s=96&d=mm&r=g\",\"contentUrl\":\"https:\\\/\\\/secure.gravatar.com\\\/avatar\\\/c052a2551a06e23fac63626232eaa90abd78dbcf1700fc46a2b2c89fd27b735f?s=96&d=mm&r=g\",\"caption\":\"Redacci\u00f3n A Nova Peneira\"},\"sameAs\":[\"http:\\\/\\\/www.anovapeneira.gal\\\/\"],\"url\":\"https:\\\/\\\/www.anovapeneira.gal\\\/index.php\\\/author\\\/redactor\\\/\"}]}<\/script>\n<!-- \/ Yoast SEO plugin. -->","yoast_head_json":{"title":"O circu\u00edto de pumptrack de Mondariz, sede dunha proba de ciclismo -","description":"O vindeiro 10 de setembro, as novas instalaci\u00f3ns deportivasmunicipais do Campo da Minada acollen o I Pumptrack Nocturno de Mondariza partir das 19:30 horas","robots":{"index":"index","follow":"follow","max-snippet":"max-snippet:-1","max-image-preview":"max-image-preview:large","max-video-preview":"max-video-preview:-1"},"canonical":"https:\/\/www.anovapeneira.gal\/index.php\/2022\/08\/30\/o-circuito-de-pumptrack-de-mondariz-sede-dunha-proba-de-ciclismo\/","og_locale":"gl_ES","og_type":"article","og_title":"O circu\u00edto de pumptrack de Mondariz, sede dunha proba de ciclismo -","og_description":"O vindeiro 10 de setembro, as novas instalaci\u00f3ns deportivasmunicipais do Campo da Minada acollen o I Pumptrack Nocturno de Mondariza partir das 19:30 horas","og_url":"https:\/\/www.anovapeneira.gal\/index.php\/2022\/08\/30\/o-circuito-de-pumptrack-de-mondariz-sede-dunha-proba-de-ciclismo\/","article_publisher":"https:\/\/www.facebook.com\/anovapeneira","article_published_time":"2022-08-30T08:00:09+00:00","og_image":[{"width":720,"height":432,"url":"https:\/\/www.anovapeneira.gal\/wp-content\/uploads\/2022\/08\/circuito_pumptrack_de_mondariz.jpg","type":"image\/jpeg"}],"author":"Redacci\u00f3n A Nova Peneira","twitter_card":"summary_large_image","twitter_creator":"@APeneira","twitter_site":"@APeneira","twitter_misc":{"Escrito por":"Redacci\u00f3n A Nova Peneira","Tempo de lectura":"3 minutos"},"schema":{"@context":"https:\/\/schema.org","@graph":[{"@type":"Article","@id":"https:\/\/www.anovapeneira.gal\/index.php\/2022\/08\/30\/o-circuito-de-pumptrack-de-mondariz-sede-dunha-proba-de-ciclismo\/#article","isPartOf":{"@id":"https:\/\/www.anovapeneira.gal\/index.php\/2022\/08\/30\/o-circuito-de-pumptrack-de-mondariz-sede-dunha-proba-de-ciclismo\/"},"author":{"name":"Redacci\u00f3n A Nova Peneira","@id":"https:\/\/www.anovapeneira.gal\/#\/schema\/person\/b93e3f8932e3f8da96334607eb6ac6aa"},"headline":"O circu\u00edto de pumptrack de Mondariz, sede dunha proba de ciclismo","datePublished":"2022-08-30T08:00:09+00:00","mainEntityOfPage":{"@id":"https:\/\/www.anovapeneira.gal\/index.php\/2022\/08\/30\/o-circuito-de-pumptrack-de-mondariz-sede-dunha-proba-de-ciclismo\/"},"wordCount":517,"commentCount":0,"publisher":{"@id":"https:\/\/www.anovapeneira.gal\/#organization"},"image":{"@id":"https:\/\/www.anovapeneira.gal\/index.php\/2022\/08\/30\/o-circuito-de-pumptrack-de-mondariz-sede-dunha-proba-de-ciclismo\/#primaryimage"},"thumbnailUrl":"https:\/\/www.anovapeneira.gal\/wp-content\/uploads\/2022\/08\/circuito_pumptrack_de_mondariz.jpg","keywords":["Concello de Mondariz"],"articleSection":["Condado","Sin categor\u00eda"],"inLanguage":"gl-ES","potentialAction":[{"@type":"CommentAction","name":"Comment","target":["https:\/\/www.anovapeneira.gal\/index.php\/2022\/08\/30\/o-circuito-de-pumptrack-de-mondariz-sede-dunha-proba-de-ciclismo\/#respond"]}]},{"@type":"WebPage","@id":"https:\/\/www.anovapeneira.gal\/index.php\/2022\/08\/30\/o-circuito-de-pumptrack-de-mondariz-sede-dunha-proba-de-ciclismo\/","url":"https:\/\/www.anovapeneira.gal\/index.php\/2022\/08\/30\/o-circuito-de-pumptrack-de-mondariz-sede-dunha-proba-de-ciclismo\/","name":"O circu\u00edto de pumptrack de Mondariz, sede dunha proba de ciclismo -","isPartOf":{"@id":"https:\/\/www.anovapeneira.gal\/#website"},"primaryImageOfPage":{"@id":"https:\/\/www.anovapeneira.gal\/index.php\/2022\/08\/30\/o-circuito-de-pumptrack-de-mondariz-sede-dunha-proba-de-ciclismo\/#primaryimage"},"image":{"@id":"https:\/\/www.anovapeneira.gal\/index.php\/2022\/08\/30\/o-circuito-de-pumptrack-de-mondariz-sede-dunha-proba-de-ciclismo\/#primaryimage"},"thumbnailUrl":"https:\/\/www.anovapeneira.gal\/wp-content\/uploads\/2022\/08\/circuito_pumptrack_de_mondariz.jpg","datePublished":"2022-08-30T08:00:09+00:00","description":"O vindeiro 10 de setembro, as novas instalaci\u00f3ns deportivasmunicipais do Campo da Minada acollen o I Pumptrack Nocturno de Mondariza partir das 19:30 horas","breadcrumb":{"@id":"https:\/\/www.anovapeneira.gal\/index.php\/2022\/08\/30\/o-circuito-de-pumptrack-de-mondariz-sede-dunha-proba-de-ciclismo\/#breadcrumb"},"inLanguage":"gl-ES","potentialAction":[{"@type":"ReadAction","target":["https:\/\/www.anovapeneira.gal\/index.php\/2022\/08\/30\/o-circuito-de-pumptrack-de-mondariz-sede-dunha-proba-de-ciclismo\/"]}]},{"@type":"ImageObject","inLanguage":"gl-ES","@id":"https:\/\/www.anovapeneira.gal\/index.php\/2022\/08\/30\/o-circuito-de-pumptrack-de-mondariz-sede-dunha-proba-de-ciclismo\/#primaryimage","url":"https:\/\/www.anovapeneira.gal\/wp-content\/uploads\/2022\/08\/circuito_pumptrack_de_mondariz.jpg","contentUrl":"https:\/\/www.anovapeneira.gal\/wp-content\/uploads\/2022\/08\/circuito_pumptrack_de_mondariz.jpg","width":720,"height":432,"caption":"I Pumptrack Nocturno de Mondariz"},{"@type":"BreadcrumbList","@id":"https:\/\/www.anovapeneira.gal\/index.php\/2022\/08\/30\/o-circuito-de-pumptrack-de-mondariz-sede-dunha-proba-de-ciclismo\/#breadcrumb","itemListElement":[{"@type":"ListItem","position":1,"name":"Portada","item":"https:\/\/www.anovapeneira.gal\/"},{"@type":"ListItem","position":2,"name":"O circu\u00edto de pumptrack de Mondariz, sede dunha proba de ciclismo"}]},{"@type":"WebSite","@id":"https:\/\/www.anovapeneira.gal\/#website","url":"https:\/\/www.anovapeneira.gal\/","name":"","description":"Xornal galego de informaci\u00f3n xeral Publicaci\u00f3n mensual de novas de Galicia e en especial dos Concellos da sur da provincia de Pontevedra.","publisher":{"@id":"https:\/\/www.anovapeneira.gal\/#organization"},"potentialAction":[{"@type":"SearchAction","target":{"@type":"EntryPoint","urlTemplate":"https:\/\/www.anovapeneira.gal\/?s={search_term_string}"},"query-input":{"@type":"PropertyValueSpecification","valueRequired":true,"valueName":"search_term_string"}}],"inLanguage":"gl-ES"},{"@type":"Organization","@id":"https:\/\/www.anovapeneira.gal\/#organization","name":"A Nova Peneira","url":"https:\/\/www.anovapeneira.gal\/","logo":{"@type":"ImageObject","inLanguage":"gl-ES","@id":"https:\/\/www.anovapeneira.gal\/#\/schema\/logo\/image\/","url":"http:\/\/www.anovapeneira.gal\/wp-content\/uploads\/2019\/06\/logo_a_nova_peneira_portal_web.png","contentUrl":"http:\/\/www.anovapeneira.gal\/wp-content\/uploads\/2019\/06\/logo_a_nova_peneira_portal_web.png","width":300,"height":100,"caption":"A Nova Peneira"},"image":{"@id":"https:\/\/www.anovapeneira.gal\/#\/schema\/logo\/image\/"},"sameAs":["https:\/\/www.facebook.com\/anovapeneira","https:\/\/x.com\/APeneira"]},{"@type":"Person","@id":"https:\/\/www.anovapeneira.gal\/#\/schema\/person\/b93e3f8932e3f8da96334607eb6ac6aa","name":"Redacci\u00f3n A Nova Peneira","image":{"@type":"ImageObject","inLanguage":"gl-ES","@id":"https:\/\/secure.gravatar.com\/avatar\/c052a2551a06e23fac63626232eaa90abd78dbcf1700fc46a2b2c89fd27b735f?s=96&d=mm&r=g","url":"https:\/\/secure.gravatar.com\/avatar\/c052a2551a06e23fac63626232eaa90abd78dbcf1700fc46a2b2c89fd27b735f?s=96&d=mm&r=g","contentUrl":"https:\/\/secure.gravatar.com\/avatar\/c052a2551a06e23fac63626232eaa90abd78dbcf1700fc46a2b2c89fd27b735f?s=96&d=mm&r=g","caption":"Redacci\u00f3n A Nova Peneira"},"sameAs":["http:\/\/www.anovapeneira.gal\/"],"url":"https:\/\/www.anovapeneira.gal\/index.php\/author\/redactor\/"}]}},"jetpack_featured_media_url":"https:\/\/www.anovapeneira.gal\/wp-content\/uploads\/2022\/08\/circuito_pumptrack_de_mondariz.jpg","_links":{"self":[{"href":"https:\/\/www.anovapeneira.gal\/index.php\/wp-json\/wp\/v2\/posts\/8062","targetHints":{"allow":["GET"]}}],"collection":[{"href":"https:\/\/www.anovapeneira.gal\/index.php\/wp-json\/wp\/v2\/posts"}],"about":[{"href":"https:\/\/www.anovapeneira.gal\/index.php\/wp-json\/wp\/v2\/types\/post"}],"author":[{"embeddable":true,"href":"https:\/\/www.anovapeneira.gal\/index.php\/wp-json\/wp\/v2\/users\/3"}],"replies":[{"embeddable":true,"href":"https:\/\/www.anovapeneira.gal\/index.php\/wp-json\/wp\/v2\/comments?post=8062"}],"version-history":[{"count":2,"href":"https:\/\/www.anovapeneira.gal\/index.php\/wp-json\/wp\/v2\/posts\/8062\/revisions"}],"predecessor-version":[{"id":8067,"href":"https:\/\/www.anovapeneira.gal\/index.php\/wp-json\/wp\/v2\/posts\/8062\/revisions\/8067"}],"wp:featuredmedia":[{"embeddable":true,"href":"https:\/\/www.anovapeneira.gal\/index.php\/wp-json\/wp\/v2\/media\/8066"}],"wp:attachment":[{"href":"https:\/\/www.anovapeneira.gal\/index.php\/wp-json\/wp\/v2\/media?parent=8062"}],"wp:term":[{"taxonomy":"category","embeddable":true,"href":"https:\/\/www.anovapeneira.gal\/index.php\/wp-json\/wp\/v2\/categories?post=8062"},{"taxonomy":"post_tag","embeddable":true,"href":"https:\/\/www.anovapeneira.gal\/index.php\/wp-json\/wp\/v2\/tags?post=8062"}],"curies":[{"name":"wp","href":"https:\/\/api.w.org\/{rel}","templated":true}]}}