{"id":8068,"date":"2022-08-30T12:00:22","date_gmt":"2022-08-30T10:00:22","guid":{"rendered":"https:\/\/www.anovapeneira.gal\/?p=8068"},"modified":"2022-08-27T11:53:52","modified_gmt":"2022-08-27T09:53:52","slug":"cesar-lago-presidente-da-comunidade-de-montes-de-tameiga","status":"publish","type":"post","link":"https:\/\/www.anovapeneira.gal\/index.php\/2022\/08\/30\/cesar-lago-presidente-da-comunidade-de-montes-de-tameiga\/","title":{"rendered":"C\u00e9sar Lago presidente da Comunidade de Montes de Tameiga"},"content":{"rendered":"\n<p><strong>A recente declaraci\u00f3n por parte da Xunta do proxecto do Celta en Tameiga como \u201c de interese auton\u00f3mico\u201d abre o paso \u00e1 expropiaci\u00f3n forzosa dos montes comunais desa parroquia para favorecer o negocio dunha empresa privada. Non ten outro sentido ca ese e n\u00f3s entendemos que en breve se dar\u00e1n os primeiros pasos para tentalo. N\u00f3s falamos con C\u00e9sar o presidente da CM de Tameiga<\/strong><\/p>\n\n\n\n<p>\u201c<em><strong>Declarar o proxecto do Celta de interese auton\u00f3mico \u00e9 a maneira de facilitar unha expropiaci\u00f3n dos nosos montes coa colaboraci\u00f3n da alcaldesa de Mos, a Xunta e o PP no seu conxunto\u201d<\/strong><\/em><\/p>\n\n\n\n<p><strong>Canto tempo levas como presidente da CM?<\/strong><\/p>\n\n\n\n<blockquote class=\"wp-block-quote is-layout-flow wp-block-quote-is-layout-flow\"><p>Aproximadamente un ano.<\/p><\/blockquote>\n\n\n\n<p><strong>Como valoras esta nova etapa na t\u00faa vida?<\/strong><\/p>\n\n\n\n<blockquote class=\"wp-block-quote is-layout-flow wp-block-quote-is-layout-flow\"><p>Moi satisfactoria. Congrat\u00falame traballar para os veci\u00f1os e que poidan gozar dos r\u00e9ditos que nos d\u00e1 o noso monte e das actividades que xestionamos con iso.<\/p><\/blockquote>\n\n\n\n<p><strong>As empresas de Monte Faqui\u00f1a queren marchar de maneira xeneralizada como tratou de vender a alcaldesa de Mos? C\u00f3ntanos como est\u00e1 a situaci\u00f3n dese pol\u00edgono industrial?.<\/strong><\/p>\n\n\n\n<blockquote class=\"wp-block-quote is-layout-flow wp-block-quote-is-layout-flow\"><p>A realidade non ten nada que ver co que tenta vender esta se\u00f1ora.<\/p><\/blockquote>\n\n\n\n<blockquote class=\"wp-block-quote is-layout-flow wp-block-quote-is-layout-flow\"><p>Nestes momentos temos unha ocupaci\u00f3n do cento por cento dos espazos que ti\u00f1amos dispo\u00f1ibles para alugar. A d\u00eda de hoxe, o noso pol\u00edgono industrial est\u00e1 a pleno rendemento. Ata os empresarios destas f\u00e1bricas acaban de crear como unha especie de Asociaci\u00f3n de Empresarios, esta \u00e9 un comit\u00e9 consultivo onde fan as s\u00faas reuni\u00f3ns periodicamente para expresar o que se poder\u00eda mellorar ou cales son as s\u00faas necesidades.<\/p><\/blockquote>\n\n\n\n<blockquote class=\"wp-block-quote is-layout-flow wp-block-quote-is-layout-flow\"><p>Estamos a traballar nisto sempre para ofrecer o noso mellor servizo.<\/p><\/blockquote>\n\n\n\n<p><strong>O proxecto do Celta Galicia Sport 360 en que consiste exactamente?, alg\u00fan representante do Celta dirixiuse a v\u00f3s para explic\u00e1rvolo?<\/strong><\/p>\n\n\n\n<blockquote class=\"wp-block-quote is-layout-flow wp-block-quote-is-layout-flow\"><p>Si, en abril deste ano veu Mouri\u00f1o, o presidente do Celta. Trouxo un dosier de d\u00faas follas onde tentou explicarnos o \u201cfant\u00e1stico e marabilloso\u201d que ser\u00eda este proxecto para o noso concello no que se van a empregar a m\u00e1is de 200 persoas.<\/p><\/blockquote>\n\n\n\n<blockquote class=\"wp-block-quote is-layout-flow wp-block-quote-is-layout-flow\"><p>Este \u00e9 un ambicioso proxecto deportivo din que equiparable a outros que hai en Berl\u00edn ou Par\u00eds. Unha factor\u00eda do deporte mesturada co tema de restauraci\u00f3n, lecer e tendas.<\/p><\/blockquote>\n\n\n\n<blockquote class=\"wp-block-quote is-layout-flow wp-block-quote-is-layout-flow\"><p>Din que vir\u00e1n deportistas de elite de todas as disciplinas posibles e catal\u00f3gano como un tema universitario do deporte.<\/p><\/blockquote>\n\n\n\n<p><strong>Onde estar\u00eda situada, en terreos d\u00e1 Comunidade de Montes? Expl\u00edcanos como son eses terreos, o seu valor ambiental e as consecuencias que poder\u00eda ter arrasar con eles?<\/strong><\/p>\n\n\n\n<blockquote class=\"wp-block-quote is-layout-flow wp-block-quote-is-layout-flow\"><p>Este proxecto afecta a 3 \u00e1reas diferentes. \u00c1 Comunidade de Montes de Pereiras, esta \u00e9 a que lles fixo a cesi\u00f3n a 30 anos para situar a Cidade Deportiva. Logo hai unha pequena parte que afecta a propiedades particulares e unha extensi\u00f3n duns 90000 m2 que nos afecta aqu\u00ed, aos montes de Tameiga.<\/p><\/blockquote>\n\n\n\n<blockquote class=\"wp-block-quote is-layout-flow wp-block-quote-is-layout-flow\"><p>Estes terreos te\u00f1en un valor incalculable para n\u00f3s. Esta extensi\u00f3n afecta \u00e1 mellor parte dos nosos terreos, temos unhas vistas espectaculares ao mar e \u00e1s Illas C\u00edes e afecta a moitas captaci\u00f3ns de auga que fornecen a moitas das nosas familias.<\/p><\/blockquote>\n\n\n\n<p><strong>A recente declaraci\u00f3n de ese proxecto como &#8220;de interese auton\u00f3mico&#8221; parece enormemente preocupante, pois a petici\u00f3n desa figura xur\u00eddica ten a intencionalidade clara de constru\u00edr nos vosos terreos, e a s\u00faa concesi\u00f3n parece abrir a porta ao intento da s\u00faa expropiaci\u00f3n. Cal \u00e9 a valoraci\u00f3n do presidente da CM de Tameiga?<\/strong><\/p>\n\n\n\n<blockquote class=\"wp-block-quote is-layout-flow wp-block-quote-is-layout-flow\"><p>Si, claro. Declarar este proxecto como de interese auton\u00f3mico \u00e9 a maneira de facilitarlles a estes se\u00f1ores unha expropiaci\u00f3n forzosa dos nosos terreos coa colaboraci\u00f3n tanto da alcaldesa de Mos como da Xunta de Galicia e o PP no seu conxunto.<\/p><\/blockquote>\n\n\n\n<p><strong>Agora f\u00e1lame dese \u201cPlan Especial de Infraestruturas Deportivas\u201d que aprobou a corporaci\u00f3n municipal do vosos concello.<\/strong><\/p>\n\n\n\n<blockquote class=\"wp-block-quote is-layout-flow wp-block-quote-is-layout-flow\"><p>Por parte da xustiza, primeiro en primeira instancia en Pontevedra e segundo no Tribunal Superior de Xustiza de Galicia declararon ilegal o proxecto do Celta e as obras levadas a cabo no monte de Pereiras. Pouco tempo despois de sa\u00edr publicada a sentenza, o goberno municipal fixo un pleno extraordinario para aprobar este plan especial de infraestruturas deportivas no que quedan legalizadas estas obras, desprezando totalmente o esforzo e traballo dos xu\u00edces implicados nesta sentenza. Estas obras comezaron a realizarse de maneira ilegal, xa no seu d\u00eda a alcaldesa mencionou que todas as obras son legalizables e ben se est\u00e1 vendo agora ao que se refer\u00eda. Neste pleno e grazas ao apoio de 2 conselleiros que agora est\u00e1n como non adscritos sa\u00edu aprobado \u201cO plan especial infraestruturas deportivas\u201d co que agora legalizan estas obras.<\/p><\/blockquote>\n\n\n\n<p><strong>Ata onde estades dispostos a chegar para que non se consume o roubo dos montes de Tameiga?<\/strong><\/p>\n\n\n\n<blockquote class=\"wp-block-quote is-layout-flow wp-block-quote-is-layout-flow\"><p>Ata o final, como se fixo hai 40 anos. Xa o av\u00f3 de Nidia tentou o mesmo no seu d\u00eda e os veci\u00f1os opux\u00e9ronse radicalmente, 40 anos despois estamos na mesma situaci\u00f3n. Primeiro cun proxecto deportivo que levaba de forma indisoluble a parte comercial e agora, nun ano, danlle a volta \u00e1 tortilla, retiran a parte comercial e inv\u00e9ntanse este proxecto do Celta Galicia Sport 360. Para n\u00f3s o fondo deste proxecto \u00e9 o mesmo que o anterior, est\u00e1n a tentar recalificar o noso solo para poder facer finalmente o que eles queiran.<\/p><\/blockquote>\n\n\n\n<p><strong>A posici\u00f3n d\u00e1 asemblea de comuneiros e comuneiras segue a ser abrumadoramente contraria a que unha empresa privada meta as gadoupas nos vosos montes?<\/strong><\/p>\n\n\n\n<blockquote class=\"wp-block-quote is-layout-flow wp-block-quote-is-layout-flow\"><p>A xente est\u00e1 totalmente en desacordo con este proxecto. Cando se fixo a Asemblea para votar si ou non a este proxecto, o 99% dos asistentes \u00e1 Asemblea votaron en contra. A maiores agora temos a varias directivas de diferentes comunidades da tra\u00edda de augas totalmente contrarios a esta nova agresi\u00f3n e implicados e traballando man a man connosco para facerlles fronte.<\/p><\/blockquote>\n\n\n\n<p><strong>Tedes alg\u00fan tipo de relaci\u00f3n co goberno municipal de Mos?<\/strong><\/p>\n\n\n\n<blockquote class=\"wp-block-quote is-layout-flow wp-block-quote-is-layout-flow\"><p>Non. Pola nosa banda, nunca tivemos inconveniente en recibir a estes se\u00f1ores para que nos explicasen a s\u00faa postura, pero nunca houbo esta oportunidade. Despois de tantas agresi\u00f3ns e enfrontamentos a confrontaci\u00f3n xa \u00e9 considerable.<\/p><\/blockquote>\n","protected":false},"excerpt":{"rendered":"<div class=\"mh-excerpt\"><p>A recente declaraci\u00f3n por parte da Xunta do proxecto do Celta en Tameiga como \u201c de interese auton\u00f3mico\u201d abre o paso \u00e1 expropiaci\u00f3n forzosa dos montes comunais desa parroquia para favorecer o negocio dunha empresa privada <a class=\"mh-excerpt-more\" href=\"https:\/\/www.anovapeneira.gal\/index.php\/2022\/08\/30\/cesar-lago-presidente-da-comunidade-de-montes-de-tameiga\/\" title=\"C\u00e9sar Lago presidente da Comunidade de Montes de Tameiga\">[&#8230;]<\/a><\/p>\n<\/div>","protected":false},"author":17,"featured_media":8071,"comment_status":"open","ping_status":"open","sticky":false,"template":"","format":"standard","meta":{"_exactmetrics_skip_tracking":false,"_exactmetrics_sitenote_active":false,"_exactmetrics_sitenote_note":"","_exactmetrics_sitenote_category":0,"footnotes":""},"categories":[265],"tags":[218],"class_list":{"0":"post-8068","1":"post","2":"type-post","3":"status-publish","4":"format-standard","5":"has-post-thumbnail","7":"category-a-lourina-entrevistas","8":"tag-concello-de-mos"},"yoast_head":"<!-- This site is optimized with the Yoast SEO plugin v27.4 - https:\/\/yoast.com\/product\/yoast-seo-wordpress\/ -->\n<title>C\u00e9sar Lago presidente da Comunidade de Montes de Tameiga -<\/title>\n<meta name=\"description\" content=\"A recente declaraci\u00f3n por parte da Xunta do proxecto do Celta en Tameiga como \u201c de interese auton\u00f3mico\u201d abre o paso \u00e1 expropiaci\u00f3n forzosa dos montes comunais desa parroquia para favorecer o negocio dunha empresa privada\" \/>\n<meta name=\"robots\" content=\"index, follow, max-snippet:-1, max-image-preview:large, max-video-preview:-1\" \/>\n<link rel=\"canonical\" href=\"https:\/\/www.anovapeneira.gal\/index.php\/2022\/08\/30\/cesar-lago-presidente-da-comunidade-de-montes-de-tameiga\/\" \/>\n<meta property=\"og:locale\" content=\"gl_ES\" \/>\n<meta property=\"og:type\" content=\"article\" \/>\n<meta property=\"og:title\" content=\"C\u00e9sar Lago presidente da Comunidade de Montes de Tameiga -\" \/>\n<meta property=\"og:description\" content=\"A recente declaraci\u00f3n por parte da Xunta do proxecto do Celta en Tameiga como \u201c de interese auton\u00f3mico\u201d abre o paso \u00e1 expropiaci\u00f3n forzosa dos montes comunais desa parroquia para favorecer o negocio dunha empresa privada\" \/>\n<meta property=\"og:url\" content=\"https:\/\/www.anovapeneira.gal\/index.php\/2022\/08\/30\/cesar-lago-presidente-da-comunidade-de-montes-de-tameiga\/\" \/>\n<meta property=\"article:publisher\" content=\"https:\/\/www.facebook.com\/anovapeneira\" \/>\n<meta property=\"article:published_time\" content=\"2022-08-30T10:00:22+00:00\" \/>\n<meta property=\"og:image\" content=\"https:\/\/www.anovapeneira.gal\/wp-content\/uploads\/2022\/08\/cesar_montes_tameiga.jpg\" \/>\n\t<meta property=\"og:image:width\" content=\"720\" \/>\n\t<meta property=\"og:image:height\" content=\"432\" \/>\n\t<meta property=\"og:image:type\" content=\"image\/jpeg\" \/>\n<meta name=\"author\" content=\"G. Figueiredo\" \/>\n<meta name=\"twitter:card\" content=\"summary_large_image\" \/>\n<meta name=\"twitter:creator\" content=\"@APeneira\" \/>\n<meta name=\"twitter:site\" content=\"@APeneira\" \/>\n<meta name=\"twitter:label1\" content=\"Escrito por\" \/>\n\t<meta name=\"twitter:data1\" content=\"G. Figueiredo\" \/>\n\t<meta name=\"twitter:label2\" content=\"Tempo de lectura\" \/>\n\t<meta name=\"twitter:data2\" content=\"6 minutos\" \/>\n<script type=\"application\/ld+json\" class=\"yoast-schema-graph\">{\"@context\":\"https:\\\/\\\/schema.org\",\"@graph\":[{\"@type\":\"Article\",\"@id\":\"https:\\\/\\\/www.anovapeneira.gal\\\/index.php\\\/2022\\\/08\\\/30\\\/cesar-lago-presidente-da-comunidade-de-montes-de-tameiga\\\/#article\",\"isPartOf\":{\"@id\":\"https:\\\/\\\/www.anovapeneira.gal\\\/index.php\\\/2022\\\/08\\\/30\\\/cesar-lago-presidente-da-comunidade-de-montes-de-tameiga\\\/\"},\"author\":{\"name\":\"G. Figueiredo\",\"@id\":\"https:\\\/\\\/www.anovapeneira.gal\\\/#\\\/schema\\\/person\\\/42f904d7cac80cf3f5a31494dd82a9b6\"},\"headline\":\"C\u00e9sar Lago presidente da Comunidade de Montes de Tameiga\",\"datePublished\":\"2022-08-30T10:00:22+00:00\",\"mainEntityOfPage\":{\"@id\":\"https:\\\/\\\/www.anovapeneira.gal\\\/index.php\\\/2022\\\/08\\\/30\\\/cesar-lago-presidente-da-comunidade-de-montes-de-tameiga\\\/\"},\"wordCount\":1051,\"commentCount\":0,\"publisher\":{\"@id\":\"https:\\\/\\\/www.anovapeneira.gal\\\/#organization\"},\"image\":{\"@id\":\"https:\\\/\\\/www.anovapeneira.gal\\\/index.php\\\/2022\\\/08\\\/30\\\/cesar-lago-presidente-da-comunidade-de-montes-de-tameiga\\\/#primaryimage\"},\"thumbnailUrl\":\"https:\\\/\\\/www.anovapeneira.gal\\\/wp-content\\\/uploads\\\/2022\\\/08\\\/cesar_montes_tameiga.jpg\",\"keywords\":[\"Concello de Mos\"],\"articleSection\":[\"A Louri\u00f1a\"],\"inLanguage\":\"gl-ES\",\"potentialAction\":[{\"@type\":\"CommentAction\",\"name\":\"Comment\",\"target\":[\"https:\\\/\\\/www.anovapeneira.gal\\\/index.php\\\/2022\\\/08\\\/30\\\/cesar-lago-presidente-da-comunidade-de-montes-de-tameiga\\\/#respond\"]}]},{\"@type\":\"WebPage\",\"@id\":\"https:\\\/\\\/www.anovapeneira.gal\\\/index.php\\\/2022\\\/08\\\/30\\\/cesar-lago-presidente-da-comunidade-de-montes-de-tameiga\\\/\",\"url\":\"https:\\\/\\\/www.anovapeneira.gal\\\/index.php\\\/2022\\\/08\\\/30\\\/cesar-lago-presidente-da-comunidade-de-montes-de-tameiga\\\/\",\"name\":\"C\u00e9sar Lago presidente da Comunidade de Montes de Tameiga -\",\"isPartOf\":{\"@id\":\"https:\\\/\\\/www.anovapeneira.gal\\\/#website\"},\"primaryImageOfPage\":{\"@id\":\"https:\\\/\\\/www.anovapeneira.gal\\\/index.php\\\/2022\\\/08\\\/30\\\/cesar-lago-presidente-da-comunidade-de-montes-de-tameiga\\\/#primaryimage\"},\"image\":{\"@id\":\"https:\\\/\\\/www.anovapeneira.gal\\\/index.php\\\/2022\\\/08\\\/30\\\/cesar-lago-presidente-da-comunidade-de-montes-de-tameiga\\\/#primaryimage\"},\"thumbnailUrl\":\"https:\\\/\\\/www.anovapeneira.gal\\\/wp-content\\\/uploads\\\/2022\\\/08\\\/cesar_montes_tameiga.jpg\",\"datePublished\":\"2022-08-30T10:00:22+00:00\",\"description\":\"A recente declaraci\u00f3n por parte da Xunta do proxecto do Celta en Tameiga como \u201c de interese auton\u00f3mico\u201d abre o paso \u00e1 expropiaci\u00f3n forzosa dos montes comunais desa parroquia para favorecer o negocio dunha empresa privada\",\"breadcrumb\":{\"@id\":\"https:\\\/\\\/www.anovapeneira.gal\\\/index.php\\\/2022\\\/08\\\/30\\\/cesar-lago-presidente-da-comunidade-de-montes-de-tameiga\\\/#breadcrumb\"},\"inLanguage\":\"gl-ES\",\"potentialAction\":[{\"@type\":\"ReadAction\",\"target\":[\"https:\\\/\\\/www.anovapeneira.gal\\\/index.php\\\/2022\\\/08\\\/30\\\/cesar-lago-presidente-da-comunidade-de-montes-de-tameiga\\\/\"]}]},{\"@type\":\"ImageObject\",\"inLanguage\":\"gl-ES\",\"@id\":\"https:\\\/\\\/www.anovapeneira.gal\\\/index.php\\\/2022\\\/08\\\/30\\\/cesar-lago-presidente-da-comunidade-de-montes-de-tameiga\\\/#primaryimage\",\"url\":\"https:\\\/\\\/www.anovapeneira.gal\\\/wp-content\\\/uploads\\\/2022\\\/08\\\/cesar_montes_tameiga.jpg\",\"contentUrl\":\"https:\\\/\\\/www.anovapeneira.gal\\\/wp-content\\\/uploads\\\/2022\\\/08\\\/cesar_montes_tameiga.jpg\",\"width\":720,\"height\":432,\"caption\":\"C\u00e9sar Lago presidente da Comunidade de Montes de Tameiga\"},{\"@type\":\"BreadcrumbList\",\"@id\":\"https:\\\/\\\/www.anovapeneira.gal\\\/index.php\\\/2022\\\/08\\\/30\\\/cesar-lago-presidente-da-comunidade-de-montes-de-tameiga\\\/#breadcrumb\",\"itemListElement\":[{\"@type\":\"ListItem\",\"position\":1,\"name\":\"Portada\",\"item\":\"https:\\\/\\\/www.anovapeneira.gal\\\/\"},{\"@type\":\"ListItem\",\"position\":2,\"name\":\"C\u00e9sar Lago presidente da Comunidade de Montes de Tameiga\"}]},{\"@type\":\"WebSite\",\"@id\":\"https:\\\/\\\/www.anovapeneira.gal\\\/#website\",\"url\":\"https:\\\/\\\/www.anovapeneira.gal\\\/\",\"name\":\"\",\"description\":\"Xornal galego de informaci\u00f3n xeral Publicaci\u00f3n mensual de novas de Galicia e en especial dos Concellos da sur da provincia de Pontevedra.\",\"publisher\":{\"@id\":\"https:\\\/\\\/www.anovapeneira.gal\\\/#organization\"},\"potentialAction\":[{\"@type\":\"SearchAction\",\"target\":{\"@type\":\"EntryPoint\",\"urlTemplate\":\"https:\\\/\\\/www.anovapeneira.gal\\\/?s={search_term_string}\"},\"query-input\":{\"@type\":\"PropertyValueSpecification\",\"valueRequired\":true,\"valueName\":\"search_term_string\"}}],\"inLanguage\":\"gl-ES\"},{\"@type\":\"Organization\",\"@id\":\"https:\\\/\\\/www.anovapeneira.gal\\\/#organization\",\"name\":\"A Nova Peneira\",\"url\":\"https:\\\/\\\/www.anovapeneira.gal\\\/\",\"logo\":{\"@type\":\"ImageObject\",\"inLanguage\":\"gl-ES\",\"@id\":\"https:\\\/\\\/www.anovapeneira.gal\\\/#\\\/schema\\\/logo\\\/image\\\/\",\"url\":\"http:\\\/\\\/www.anovapeneira.gal\\\/wp-content\\\/uploads\\\/2019\\\/06\\\/logo_a_nova_peneira_portal_web.png\",\"contentUrl\":\"http:\\\/\\\/www.anovapeneira.gal\\\/wp-content\\\/uploads\\\/2019\\\/06\\\/logo_a_nova_peneira_portal_web.png\",\"width\":300,\"height\":100,\"caption\":\"A Nova Peneira\"},\"image\":{\"@id\":\"https:\\\/\\\/www.anovapeneira.gal\\\/#\\\/schema\\\/logo\\\/image\\\/\"},\"sameAs\":[\"https:\\\/\\\/www.facebook.com\\\/anovapeneira\",\"https:\\\/\\\/x.com\\\/APeneira\"]},{\"@type\":\"Person\",\"@id\":\"https:\\\/\\\/www.anovapeneira.gal\\\/#\\\/schema\\\/person\\\/42f904d7cac80cf3f5a31494dd82a9b6\",\"name\":\"G. Figueiredo\",\"image\":{\"@type\":\"ImageObject\",\"inLanguage\":\"gl-ES\",\"@id\":\"https:\\\/\\\/secure.gravatar.com\\\/avatar\\\/2d970086688458e0398ef8b84f5cbb8cc1ec3ab115aeb8435135a9f556af97b3?s=96&d=mm&r=g\",\"url\":\"https:\\\/\\\/secure.gravatar.com\\\/avatar\\\/2d970086688458e0398ef8b84f5cbb8cc1ec3ab115aeb8435135a9f556af97b3?s=96&d=mm&r=g\",\"contentUrl\":\"https:\\\/\\\/secure.gravatar.com\\\/avatar\\\/2d970086688458e0398ef8b84f5cbb8cc1ec3ab115aeb8435135a9f556af97b3?s=96&d=mm&r=g\",\"caption\":\"G. Figueiredo\"},\"sameAs\":[\"http:\\\/\\\/www.anovapeneira.gal\\\/\"],\"url\":\"https:\\\/\\\/www.anovapeneira.gal\\\/index.php\\\/author\\\/g-figueiredo\\\/\"}]}<\/script>\n<!-- \/ Yoast SEO plugin. -->","yoast_head_json":{"title":"C\u00e9sar Lago presidente da Comunidade de Montes de Tameiga -","description":"A recente declaraci\u00f3n por parte da Xunta do proxecto do Celta en Tameiga como \u201c de interese auton\u00f3mico\u201d abre o paso \u00e1 expropiaci\u00f3n forzosa dos montes comunais desa parroquia para favorecer o negocio dunha empresa privada","robots":{"index":"index","follow":"follow","max-snippet":"max-snippet:-1","max-image-preview":"max-image-preview:large","max-video-preview":"max-video-preview:-1"},"canonical":"https:\/\/www.anovapeneira.gal\/index.php\/2022\/08\/30\/cesar-lago-presidente-da-comunidade-de-montes-de-tameiga\/","og_locale":"gl_ES","og_type":"article","og_title":"C\u00e9sar Lago presidente da Comunidade de Montes de Tameiga -","og_description":"A recente declaraci\u00f3n por parte da Xunta do proxecto do Celta en Tameiga como \u201c de interese auton\u00f3mico\u201d abre o paso \u00e1 expropiaci\u00f3n forzosa dos montes comunais desa parroquia para favorecer o negocio dunha empresa privada","og_url":"https:\/\/www.anovapeneira.gal\/index.php\/2022\/08\/30\/cesar-lago-presidente-da-comunidade-de-montes-de-tameiga\/","article_publisher":"https:\/\/www.facebook.com\/anovapeneira","article_published_time":"2022-08-30T10:00:22+00:00","og_image":[{"width":720,"height":432,"url":"https:\/\/www.anovapeneira.gal\/wp-content\/uploads\/2022\/08\/cesar_montes_tameiga.jpg","type":"image\/jpeg"}],"author":"G. Figueiredo","twitter_card":"summary_large_image","twitter_creator":"@APeneira","twitter_site":"@APeneira","twitter_misc":{"Escrito por":"G. Figueiredo","Tempo de lectura":"6 minutos"},"schema":{"@context":"https:\/\/schema.org","@graph":[{"@type":"Article","@id":"https:\/\/www.anovapeneira.gal\/index.php\/2022\/08\/30\/cesar-lago-presidente-da-comunidade-de-montes-de-tameiga\/#article","isPartOf":{"@id":"https:\/\/www.anovapeneira.gal\/index.php\/2022\/08\/30\/cesar-lago-presidente-da-comunidade-de-montes-de-tameiga\/"},"author":{"name":"G. Figueiredo","@id":"https:\/\/www.anovapeneira.gal\/#\/schema\/person\/42f904d7cac80cf3f5a31494dd82a9b6"},"headline":"C\u00e9sar Lago presidente da Comunidade de Montes de Tameiga","datePublished":"2022-08-30T10:00:22+00:00","mainEntityOfPage":{"@id":"https:\/\/www.anovapeneira.gal\/index.php\/2022\/08\/30\/cesar-lago-presidente-da-comunidade-de-montes-de-tameiga\/"},"wordCount":1051,"commentCount":0,"publisher":{"@id":"https:\/\/www.anovapeneira.gal\/#organization"},"image":{"@id":"https:\/\/www.anovapeneira.gal\/index.php\/2022\/08\/30\/cesar-lago-presidente-da-comunidade-de-montes-de-tameiga\/#primaryimage"},"thumbnailUrl":"https:\/\/www.anovapeneira.gal\/wp-content\/uploads\/2022\/08\/cesar_montes_tameiga.jpg","keywords":["Concello de Mos"],"articleSection":["A Louri\u00f1a"],"inLanguage":"gl-ES","potentialAction":[{"@type":"CommentAction","name":"Comment","target":["https:\/\/www.anovapeneira.gal\/index.php\/2022\/08\/30\/cesar-lago-presidente-da-comunidade-de-montes-de-tameiga\/#respond"]}]},{"@type":"WebPage","@id":"https:\/\/www.anovapeneira.gal\/index.php\/2022\/08\/30\/cesar-lago-presidente-da-comunidade-de-montes-de-tameiga\/","url":"https:\/\/www.anovapeneira.gal\/index.php\/2022\/08\/30\/cesar-lago-presidente-da-comunidade-de-montes-de-tameiga\/","name":"C\u00e9sar Lago presidente da Comunidade de Montes de Tameiga -","isPartOf":{"@id":"https:\/\/www.anovapeneira.gal\/#website"},"primaryImageOfPage":{"@id":"https:\/\/www.anovapeneira.gal\/index.php\/2022\/08\/30\/cesar-lago-presidente-da-comunidade-de-montes-de-tameiga\/#primaryimage"},"image":{"@id":"https:\/\/www.anovapeneira.gal\/index.php\/2022\/08\/30\/cesar-lago-presidente-da-comunidade-de-montes-de-tameiga\/#primaryimage"},"thumbnailUrl":"https:\/\/www.anovapeneira.gal\/wp-content\/uploads\/2022\/08\/cesar_montes_tameiga.jpg","datePublished":"2022-08-30T10:00:22+00:00","description":"A recente declaraci\u00f3n por parte da Xunta do proxecto do Celta en Tameiga como \u201c de interese auton\u00f3mico\u201d abre o paso \u00e1 expropiaci\u00f3n forzosa dos montes comunais desa parroquia para favorecer o negocio dunha empresa privada","breadcrumb":{"@id":"https:\/\/www.anovapeneira.gal\/index.php\/2022\/08\/30\/cesar-lago-presidente-da-comunidade-de-montes-de-tameiga\/#breadcrumb"},"inLanguage":"gl-ES","potentialAction":[{"@type":"ReadAction","target":["https:\/\/www.anovapeneira.gal\/index.php\/2022\/08\/30\/cesar-lago-presidente-da-comunidade-de-montes-de-tameiga\/"]}]},{"@type":"ImageObject","inLanguage":"gl-ES","@id":"https:\/\/www.anovapeneira.gal\/index.php\/2022\/08\/30\/cesar-lago-presidente-da-comunidade-de-montes-de-tameiga\/#primaryimage","url":"https:\/\/www.anovapeneira.gal\/wp-content\/uploads\/2022\/08\/cesar_montes_tameiga.jpg","contentUrl":"https:\/\/www.anovapeneira.gal\/wp-content\/uploads\/2022\/08\/cesar_montes_tameiga.jpg","width":720,"height":432,"caption":"C\u00e9sar Lago presidente da Comunidade de Montes de Tameiga"},{"@type":"BreadcrumbList","@id":"https:\/\/www.anovapeneira.gal\/index.php\/2022\/08\/30\/cesar-lago-presidente-da-comunidade-de-montes-de-tameiga\/#breadcrumb","itemListElement":[{"@type":"ListItem","position":1,"name":"Portada","item":"https:\/\/www.anovapeneira.gal\/"},{"@type":"ListItem","position":2,"name":"C\u00e9sar Lago presidente da Comunidade de Montes de Tameiga"}]},{"@type":"WebSite","@id":"https:\/\/www.anovapeneira.gal\/#website","url":"https:\/\/www.anovapeneira.gal\/","name":"","description":"Xornal galego de informaci\u00f3n xeral Publicaci\u00f3n mensual de novas de Galicia e en especial dos Concellos da sur da provincia de Pontevedra.","publisher":{"@id":"https:\/\/www.anovapeneira.gal\/#organization"},"potentialAction":[{"@type":"SearchAction","target":{"@type":"EntryPoint","urlTemplate":"https:\/\/www.anovapeneira.gal\/?s={search_term_string}"},"query-input":{"@type":"PropertyValueSpecification","valueRequired":true,"valueName":"search_term_string"}}],"inLanguage":"gl-ES"},{"@type":"Organization","@id":"https:\/\/www.anovapeneira.gal\/#organization","name":"A Nova Peneira","url":"https:\/\/www.anovapeneira.gal\/","logo":{"@type":"ImageObject","inLanguage":"gl-ES","@id":"https:\/\/www.anovapeneira.gal\/#\/schema\/logo\/image\/","url":"http:\/\/www.anovapeneira.gal\/wp-content\/uploads\/2019\/06\/logo_a_nova_peneira_portal_web.png","contentUrl":"http:\/\/www.anovapeneira.gal\/wp-content\/uploads\/2019\/06\/logo_a_nova_peneira_portal_web.png","width":300,"height":100,"caption":"A Nova Peneira"},"image":{"@id":"https:\/\/www.anovapeneira.gal\/#\/schema\/logo\/image\/"},"sameAs":["https:\/\/www.facebook.com\/anovapeneira","https:\/\/x.com\/APeneira"]},{"@type":"Person","@id":"https:\/\/www.anovapeneira.gal\/#\/schema\/person\/42f904d7cac80cf3f5a31494dd82a9b6","name":"G. Figueiredo","image":{"@type":"ImageObject","inLanguage":"gl-ES","@id":"https:\/\/secure.gravatar.com\/avatar\/2d970086688458e0398ef8b84f5cbb8cc1ec3ab115aeb8435135a9f556af97b3?s=96&d=mm&r=g","url":"https:\/\/secure.gravatar.com\/avatar\/2d970086688458e0398ef8b84f5cbb8cc1ec3ab115aeb8435135a9f556af97b3?s=96&d=mm&r=g","contentUrl":"https:\/\/secure.gravatar.com\/avatar\/2d970086688458e0398ef8b84f5cbb8cc1ec3ab115aeb8435135a9f556af97b3?s=96&d=mm&r=g","caption":"G. Figueiredo"},"sameAs":["http:\/\/www.anovapeneira.gal\/"],"url":"https:\/\/www.anovapeneira.gal\/index.php\/author\/g-figueiredo\/"}]}},"jetpack_featured_media_url":"https:\/\/www.anovapeneira.gal\/wp-content\/uploads\/2022\/08\/cesar_montes_tameiga.jpg","_links":{"self":[{"href":"https:\/\/www.anovapeneira.gal\/index.php\/wp-json\/wp\/v2\/posts\/8068","targetHints":{"allow":["GET"]}}],"collection":[{"href":"https:\/\/www.anovapeneira.gal\/index.php\/wp-json\/wp\/v2\/posts"}],"about":[{"href":"https:\/\/www.anovapeneira.gal\/index.php\/wp-json\/wp\/v2\/types\/post"}],"author":[{"embeddable":true,"href":"https:\/\/www.anovapeneira.gal\/index.php\/wp-json\/wp\/v2\/users\/17"}],"replies":[{"embeddable":true,"href":"https:\/\/www.anovapeneira.gal\/index.php\/wp-json\/wp\/v2\/comments?post=8068"}],"version-history":[{"count":2,"href":"https:\/\/www.anovapeneira.gal\/index.php\/wp-json\/wp\/v2\/posts\/8068\/revisions"}],"predecessor-version":[{"id":8070,"href":"https:\/\/www.anovapeneira.gal\/index.php\/wp-json\/wp\/v2\/posts\/8068\/revisions\/8070"}],"wp:featuredmedia":[{"embeddable":true,"href":"https:\/\/www.anovapeneira.gal\/index.php\/wp-json\/wp\/v2\/media\/8071"}],"wp:attachment":[{"href":"https:\/\/www.anovapeneira.gal\/index.php\/wp-json\/wp\/v2\/media?parent=8068"}],"wp:term":[{"taxonomy":"category","embeddable":true,"href":"https:\/\/www.anovapeneira.gal\/index.php\/wp-json\/wp\/v2\/categories?post=8068"},{"taxonomy":"post_tag","embeddable":true,"href":"https:\/\/www.anovapeneira.gal\/index.php\/wp-json\/wp\/v2\/tags?post=8068"}],"curies":[{"name":"wp","href":"https:\/\/api.w.org\/{rel}","templated":true}]}}