{"id":8075,"date":"2022-09-01T12:00:22","date_gmt":"2022-09-01T10:00:22","guid":{"rendered":"https:\/\/www.anovapeneira.gal\/?p=8075"},"modified":"2022-08-29T08:08:06","modified_gmt":"2022-08-29T06:08:06","slug":"o-concello-de-bueu-inaugura-o-estaleiro-de-purro-un-dos-simbolos-da-sua-orixe-marineira","status":"publish","type":"post","link":"https:\/\/www.anovapeneira.gal\/index.php\/2022\/09\/01\/o-concello-de-bueu-inaugura-o-estaleiro-de-purro-un-dos-simbolos-da-sua-orixe-marineira\/","title":{"rendered":"O Concello de Bueu inaugura o estaleiro de Purro, un dos s\u00edmbolos da s\u00faa orixe mari\u00f1eira"},"content":{"rendered":"\n<h2 class=\"wp-block-heading\"><strong>O acto est\u00e1 previsto para o 2 de setembro pola tarde coa presenza da presidenta de Deputaci\u00f3n Provincial de Pontevedra<\/strong><\/h2>\n\n\n\n<p><strong>Bueu, a 27 de agosto de 2022<\/strong><\/p>\n\n\n\n<p>O Concello de Bueu inaugurar\u00e1 o 2 de setembro a partir das 20 horas o Estaleiro de Purro, na Banda do R\u00edo, cuxas obras de rehabilitaci\u00f3n e musealizaci\u00f3n se culminaron este ver\u00e1n, despois de varios anos nos que houbo que facer fronte a diversas dificultades. O consistorio quere celebrar por todo o alto esta noticia e por iso programar\u00e1 un acto inaugural e de celebraci\u00f3n que ser\u00e1 a comezos de setembro e no que est\u00e1 prevista a asistencia de Carmela Silvia, presidenta da Deputaci\u00f3n Provincial de Pontevedra, organismo que permitiu contar cos fondos necesarios para o financiamento desta actuaci\u00f3n.<\/p>\n\n\n\n<p>O <strong>Estaleiro da Banda do R\u00edo<\/strong> at\u00f3pase a car\u00f3n da praia da Banda do R\u00edo e est\u00e1 ligado intimamente coa historia mar\u00edtima recente da vila bueuesa. Foi a derradeira carpinter\u00eda de ribeira en activo, nela traballaron e form\u00e1ronse moitos profesionais e veci\u00f1os; e tam\u00e9n se constru\u00edron infinidade de embarcaci\u00f3ns. O seu peculiar aspecto converteuse en parte da paisaxe urbana de Bueu, actuando como referente da cultura mari\u00f1eira. A s\u00faa imaxe \u00e9 v\u00ednculo de uni\u00f3n entre o pobo de Bueu e o seu pasado, sempre vencellado aos barcos e ao mar.<\/p>\n\n\n\n<p>A rehabilitaci\u00f3n sup\u00f3n a posta en valor dun patrimonio industrial tradicional, dos elementos da arquitectura tradicional mari\u00f1eira a trav\u00e9s do proxecto muse\u00edstico e ao mesmo tempo de aparellos e ferramentas de traballo. Ademais, a conservaci\u00f3n deste patrimonio mar\u00edtimo contribuir\u00e1 \u00e1 diversificaci\u00f3n das actividades realizadas no marco da pesca e respecto doutros sectores da econom\u00eda mar\u00edtima, cara actividades de turismo sostible e creaci\u00f3n de emprego no sector tur\u00edstico e cultural.<\/p>\n\n\n\n<p>Juncal salienta o esforzo que realiza o Concello para manter a vinculaci\u00f3n entre a recuperaci\u00f3n ambiental dos recursos naturais, as\u00ed como a s\u00faa conservaci\u00f3n, e a posta en valor do patrimonio cultural, con vocaci\u00f3n divulgativa a partir do co\u00f1ecemento \u201cda nosa historia e das nosas orixes como vila mari\u00f1eira\u201d. Estes traballos de musealizaci\u00f3n complementan a rehabilitaci\u00f3n que se rematou no 2018 e que permitiu que se iniciase a posta en valor dunha instalaci\u00f3n de alto valor patrimonial. Por iso, a parte m\u00e1is importante \u00e9 a referida \u00e1 interpretaci\u00f3n dos contidos desta antiga carpinter\u00eda de ribeira, considerada a \u00faltima da r\u00eda de Pontevedra.<\/p>\n","protected":false},"excerpt":{"rendered":"<div class=\"mh-excerpt\"><p>O acto est\u00e1 previsto para o 2 de setembro pola tarde coa presenza da presidenta de Deputaci\u00f3n Provincial de Pontevedra <a class=\"mh-excerpt-more\" href=\"https:\/\/www.anovapeneira.gal\/index.php\/2022\/09\/01\/o-concello-de-bueu-inaugura-o-estaleiro-de-purro-un-dos-simbolos-da-sua-orixe-marineira\/\" title=\"O Concello de Bueu inaugura o estaleiro de Purro, un dos s\u00edmbolos da s\u00faa orixe mari\u00f1eira\">[&#8230;]<\/a><\/p>\n<\/div>","protected":false},"author":3,"featured_media":8077,"comment_status":"open","ping_status":"open","sticky":false,"template":"","format":"standard","meta":{"_exactmetrics_skip_tracking":false,"_exactmetrics_sitenote_active":false,"_exactmetrics_sitenote_note":"","_exactmetrics_sitenote_category":0,"footnotes":""},"categories":[22],"tags":[440],"class_list":{"0":"post-8075","1":"post","2":"type-post","3":"status-publish","4":"format-standard","5":"has-post-thumbnail","7":"category-morrazo","8":"tag-concello-de-bueu"},"yoast_head":"<!-- This site is optimized with the Yoast SEO plugin v27.4 - https:\/\/yoast.com\/product\/yoast-seo-wordpress\/ -->\n<title>O Concello de Bueu inaugura o estaleiro de Purro, un dos s\u00edmbolos da s\u00faa orixe mari\u00f1eira -<\/title>\n<meta name=\"robots\" content=\"index, follow, max-snippet:-1, max-image-preview:large, max-video-preview:-1\" \/>\n<link rel=\"canonical\" href=\"https:\/\/www.anovapeneira.gal\/index.php\/2022\/09\/01\/o-concello-de-bueu-inaugura-o-estaleiro-de-purro-un-dos-simbolos-da-sua-orixe-marineira\/\" \/>\n<meta property=\"og:locale\" content=\"gl_ES\" \/>\n<meta property=\"og:type\" content=\"article\" \/>\n<meta property=\"og:title\" content=\"O Concello de Bueu inaugura o estaleiro de Purro, un dos s\u00edmbolos da s\u00faa orixe mari\u00f1eira -\" \/>\n<meta property=\"og:description\" content=\"O acto est\u00e1 previsto para o 2 de setembro pola tarde coa presenza da presidenta de Deputaci\u00f3n Provincial de Pontevedra [...]\" \/>\n<meta property=\"og:url\" content=\"https:\/\/www.anovapeneira.gal\/index.php\/2022\/09\/01\/o-concello-de-bueu-inaugura-o-estaleiro-de-purro-un-dos-simbolos-da-sua-orixe-marineira\/\" \/>\n<meta property=\"article:publisher\" content=\"https:\/\/www.facebook.com\/anovapeneira\" \/>\n<meta property=\"article:published_time\" content=\"2022-09-01T10:00:22+00:00\" \/>\n<meta property=\"og:image\" content=\"https:\/\/www.anovapeneira.gal\/wp-content\/uploads\/2022\/08\/carpinteria_ribeira_bue.jpg\" \/>\n\t<meta property=\"og:image:width\" content=\"720\" \/>\n\t<meta property=\"og:image:height\" content=\"432\" \/>\n\t<meta property=\"og:image:type\" content=\"image\/jpeg\" \/>\n<meta name=\"author\" content=\"Redacci\u00f3n A Nova Peneira\" \/>\n<meta name=\"twitter:card\" content=\"summary_large_image\" \/>\n<meta name=\"twitter:creator\" content=\"@APeneira\" \/>\n<meta name=\"twitter:site\" content=\"@APeneira\" \/>\n<meta name=\"twitter:label1\" content=\"Escrito por\" \/>\n\t<meta name=\"twitter:data1\" content=\"Redacci\u00f3n A Nova Peneira\" \/>\n\t<meta name=\"twitter:label2\" content=\"Tempo de lectura\" \/>\n\t<meta name=\"twitter:data2\" content=\"3 minutos\" \/>\n<script type=\"application\/ld+json\" class=\"yoast-schema-graph\">{\"@context\":\"https:\\\/\\\/schema.org\",\"@graph\":[{\"@type\":\"Article\",\"@id\":\"https:\\\/\\\/www.anovapeneira.gal\\\/index.php\\\/2022\\\/09\\\/01\\\/o-concello-de-bueu-inaugura-o-estaleiro-de-purro-un-dos-simbolos-da-sua-orixe-marineira\\\/#article\",\"isPartOf\":{\"@id\":\"https:\\\/\\\/www.anovapeneira.gal\\\/index.php\\\/2022\\\/09\\\/01\\\/o-concello-de-bueu-inaugura-o-estaleiro-de-purro-un-dos-simbolos-da-sua-orixe-marineira\\\/\"},\"author\":{\"name\":\"Redacci\u00f3n A Nova Peneira\",\"@id\":\"https:\\\/\\\/www.anovapeneira.gal\\\/#\\\/schema\\\/person\\\/b93e3f8932e3f8da96334607eb6ac6aa\"},\"headline\":\"O Concello de Bueu inaugura o estaleiro de Purro, un dos s\u00edmbolos da s\u00faa orixe mari\u00f1eira\",\"datePublished\":\"2022-09-01T10:00:22+00:00\",\"mainEntityOfPage\":{\"@id\":\"https:\\\/\\\/www.anovapeneira.gal\\\/index.php\\\/2022\\\/09\\\/01\\\/o-concello-de-bueu-inaugura-o-estaleiro-de-purro-un-dos-simbolos-da-sua-orixe-marineira\\\/\"},\"wordCount\":445,\"commentCount\":0,\"publisher\":{\"@id\":\"https:\\\/\\\/www.anovapeneira.gal\\\/#organization\"},\"image\":{\"@id\":\"https:\\\/\\\/www.anovapeneira.gal\\\/index.php\\\/2022\\\/09\\\/01\\\/o-concello-de-bueu-inaugura-o-estaleiro-de-purro-un-dos-simbolos-da-sua-orixe-marineira\\\/#primaryimage\"},\"thumbnailUrl\":\"https:\\\/\\\/www.anovapeneira.gal\\\/wp-content\\\/uploads\\\/2022\\\/08\\\/carpinteria_ribeira_bue.jpg\",\"keywords\":[\"Concello de Bueu\"],\"articleSection\":[\"Morrazo\"],\"inLanguage\":\"gl-ES\",\"potentialAction\":[{\"@type\":\"CommentAction\",\"name\":\"Comment\",\"target\":[\"https:\\\/\\\/www.anovapeneira.gal\\\/index.php\\\/2022\\\/09\\\/01\\\/o-concello-de-bueu-inaugura-o-estaleiro-de-purro-un-dos-simbolos-da-sua-orixe-marineira\\\/#respond\"]}]},{\"@type\":\"WebPage\",\"@id\":\"https:\\\/\\\/www.anovapeneira.gal\\\/index.php\\\/2022\\\/09\\\/01\\\/o-concello-de-bueu-inaugura-o-estaleiro-de-purro-un-dos-simbolos-da-sua-orixe-marineira\\\/\",\"url\":\"https:\\\/\\\/www.anovapeneira.gal\\\/index.php\\\/2022\\\/09\\\/01\\\/o-concello-de-bueu-inaugura-o-estaleiro-de-purro-un-dos-simbolos-da-sua-orixe-marineira\\\/\",\"name\":\"O Concello de Bueu inaugura o estaleiro de Purro, un dos s\u00edmbolos da s\u00faa orixe mari\u00f1eira -\",\"isPartOf\":{\"@id\":\"https:\\\/\\\/www.anovapeneira.gal\\\/#website\"},\"primaryImageOfPage\":{\"@id\":\"https:\\\/\\\/www.anovapeneira.gal\\\/index.php\\\/2022\\\/09\\\/01\\\/o-concello-de-bueu-inaugura-o-estaleiro-de-purro-un-dos-simbolos-da-sua-orixe-marineira\\\/#primaryimage\"},\"image\":{\"@id\":\"https:\\\/\\\/www.anovapeneira.gal\\\/index.php\\\/2022\\\/09\\\/01\\\/o-concello-de-bueu-inaugura-o-estaleiro-de-purro-un-dos-simbolos-da-sua-orixe-marineira\\\/#primaryimage\"},\"thumbnailUrl\":\"https:\\\/\\\/www.anovapeneira.gal\\\/wp-content\\\/uploads\\\/2022\\\/08\\\/carpinteria_ribeira_bue.jpg\",\"datePublished\":\"2022-09-01T10:00:22+00:00\",\"breadcrumb\":{\"@id\":\"https:\\\/\\\/www.anovapeneira.gal\\\/index.php\\\/2022\\\/09\\\/01\\\/o-concello-de-bueu-inaugura-o-estaleiro-de-purro-un-dos-simbolos-da-sua-orixe-marineira\\\/#breadcrumb\"},\"inLanguage\":\"gl-ES\",\"potentialAction\":[{\"@type\":\"ReadAction\",\"target\":[\"https:\\\/\\\/www.anovapeneira.gal\\\/index.php\\\/2022\\\/09\\\/01\\\/o-concello-de-bueu-inaugura-o-estaleiro-de-purro-un-dos-simbolos-da-sua-orixe-marineira\\\/\"]}]},{\"@type\":\"ImageObject\",\"inLanguage\":\"gl-ES\",\"@id\":\"https:\\\/\\\/www.anovapeneira.gal\\\/index.php\\\/2022\\\/09\\\/01\\\/o-concello-de-bueu-inaugura-o-estaleiro-de-purro-un-dos-simbolos-da-sua-orixe-marineira\\\/#primaryimage\",\"url\":\"https:\\\/\\\/www.anovapeneira.gal\\\/wp-content\\\/uploads\\\/2022\\\/08\\\/carpinteria_ribeira_bue.jpg\",\"contentUrl\":\"https:\\\/\\\/www.anovapeneira.gal\\\/wp-content\\\/uploads\\\/2022\\\/08\\\/carpinteria_ribeira_bue.jpg\",\"width\":720,\"height\":432,\"caption\":\"Carpinter\u00eda ribeira Bueu\"},{\"@type\":\"BreadcrumbList\",\"@id\":\"https:\\\/\\\/www.anovapeneira.gal\\\/index.php\\\/2022\\\/09\\\/01\\\/o-concello-de-bueu-inaugura-o-estaleiro-de-purro-un-dos-simbolos-da-sua-orixe-marineira\\\/#breadcrumb\",\"itemListElement\":[{\"@type\":\"ListItem\",\"position\":1,\"name\":\"Portada\",\"item\":\"https:\\\/\\\/www.anovapeneira.gal\\\/\"},{\"@type\":\"ListItem\",\"position\":2,\"name\":\"O Concello de Bueu inaugura o estaleiro de Purro, un dos s\u00edmbolos da s\u00faa orixe mari\u00f1eira\"}]},{\"@type\":\"WebSite\",\"@id\":\"https:\\\/\\\/www.anovapeneira.gal\\\/#website\",\"url\":\"https:\\\/\\\/www.anovapeneira.gal\\\/\",\"name\":\"\",\"description\":\"Xornal galego de informaci\u00f3n xeral Publicaci\u00f3n mensual de novas de Galicia e en especial dos Concellos da sur da provincia de Pontevedra.\",\"publisher\":{\"@id\":\"https:\\\/\\\/www.anovapeneira.gal\\\/#organization\"},\"potentialAction\":[{\"@type\":\"SearchAction\",\"target\":{\"@type\":\"EntryPoint\",\"urlTemplate\":\"https:\\\/\\\/www.anovapeneira.gal\\\/?s={search_term_string}\"},\"query-input\":{\"@type\":\"PropertyValueSpecification\",\"valueRequired\":true,\"valueName\":\"search_term_string\"}}],\"inLanguage\":\"gl-ES\"},{\"@type\":\"Organization\",\"@id\":\"https:\\\/\\\/www.anovapeneira.gal\\\/#organization\",\"name\":\"A Nova Peneira\",\"url\":\"https:\\\/\\\/www.anovapeneira.gal\\\/\",\"logo\":{\"@type\":\"ImageObject\",\"inLanguage\":\"gl-ES\",\"@id\":\"https:\\\/\\\/www.anovapeneira.gal\\\/#\\\/schema\\\/logo\\\/image\\\/\",\"url\":\"http:\\\/\\\/www.anovapeneira.gal\\\/wp-content\\\/uploads\\\/2019\\\/06\\\/logo_a_nova_peneira_portal_web.png\",\"contentUrl\":\"http:\\\/\\\/www.anovapeneira.gal\\\/wp-content\\\/uploads\\\/2019\\\/06\\\/logo_a_nova_peneira_portal_web.png\",\"width\":300,\"height\":100,\"caption\":\"A Nova Peneira\"},\"image\":{\"@id\":\"https:\\\/\\\/www.anovapeneira.gal\\\/#\\\/schema\\\/logo\\\/image\\\/\"},\"sameAs\":[\"https:\\\/\\\/www.facebook.com\\\/anovapeneira\",\"https:\\\/\\\/x.com\\\/APeneira\"]},{\"@type\":\"Person\",\"@id\":\"https:\\\/\\\/www.anovapeneira.gal\\\/#\\\/schema\\\/person\\\/b93e3f8932e3f8da96334607eb6ac6aa\",\"name\":\"Redacci\u00f3n A Nova Peneira\",\"image\":{\"@type\":\"ImageObject\",\"inLanguage\":\"gl-ES\",\"@id\":\"https:\\\/\\\/secure.gravatar.com\\\/avatar\\\/c052a2551a06e23fac63626232eaa90abd78dbcf1700fc46a2b2c89fd27b735f?s=96&d=mm&r=g\",\"url\":\"https:\\\/\\\/secure.gravatar.com\\\/avatar\\\/c052a2551a06e23fac63626232eaa90abd78dbcf1700fc46a2b2c89fd27b735f?s=96&d=mm&r=g\",\"contentUrl\":\"https:\\\/\\\/secure.gravatar.com\\\/avatar\\\/c052a2551a06e23fac63626232eaa90abd78dbcf1700fc46a2b2c89fd27b735f?s=96&d=mm&r=g\",\"caption\":\"Redacci\u00f3n A Nova Peneira\"},\"sameAs\":[\"http:\\\/\\\/www.anovapeneira.gal\\\/\"],\"url\":\"https:\\\/\\\/www.anovapeneira.gal\\\/index.php\\\/author\\\/redactor\\\/\"}]}<\/script>\n<!-- \/ Yoast SEO plugin. -->","yoast_head_json":{"title":"O Concello de Bueu inaugura o estaleiro de Purro, un dos s\u00edmbolos da s\u00faa orixe mari\u00f1eira -","robots":{"index":"index","follow":"follow","max-snippet":"max-snippet:-1","max-image-preview":"max-image-preview:large","max-video-preview":"max-video-preview:-1"},"canonical":"https:\/\/www.anovapeneira.gal\/index.php\/2022\/09\/01\/o-concello-de-bueu-inaugura-o-estaleiro-de-purro-un-dos-simbolos-da-sua-orixe-marineira\/","og_locale":"gl_ES","og_type":"article","og_title":"O Concello de Bueu inaugura o estaleiro de Purro, un dos s\u00edmbolos da s\u00faa orixe mari\u00f1eira -","og_description":"O acto est\u00e1 previsto para o 2 de setembro pola tarde coa presenza da presidenta de Deputaci\u00f3n Provincial de Pontevedra [...]","og_url":"https:\/\/www.anovapeneira.gal\/index.php\/2022\/09\/01\/o-concello-de-bueu-inaugura-o-estaleiro-de-purro-un-dos-simbolos-da-sua-orixe-marineira\/","article_publisher":"https:\/\/www.facebook.com\/anovapeneira","article_published_time":"2022-09-01T10:00:22+00:00","og_image":[{"width":720,"height":432,"url":"https:\/\/www.anovapeneira.gal\/wp-content\/uploads\/2022\/08\/carpinteria_ribeira_bue.jpg","type":"image\/jpeg"}],"author":"Redacci\u00f3n A Nova Peneira","twitter_card":"summary_large_image","twitter_creator":"@APeneira","twitter_site":"@APeneira","twitter_misc":{"Escrito por":"Redacci\u00f3n A Nova Peneira","Tempo de lectura":"3 minutos"},"schema":{"@context":"https:\/\/schema.org","@graph":[{"@type":"Article","@id":"https:\/\/www.anovapeneira.gal\/index.php\/2022\/09\/01\/o-concello-de-bueu-inaugura-o-estaleiro-de-purro-un-dos-simbolos-da-sua-orixe-marineira\/#article","isPartOf":{"@id":"https:\/\/www.anovapeneira.gal\/index.php\/2022\/09\/01\/o-concello-de-bueu-inaugura-o-estaleiro-de-purro-un-dos-simbolos-da-sua-orixe-marineira\/"},"author":{"name":"Redacci\u00f3n A Nova Peneira","@id":"https:\/\/www.anovapeneira.gal\/#\/schema\/person\/b93e3f8932e3f8da96334607eb6ac6aa"},"headline":"O Concello de Bueu inaugura o estaleiro de Purro, un dos s\u00edmbolos da s\u00faa orixe mari\u00f1eira","datePublished":"2022-09-01T10:00:22+00:00","mainEntityOfPage":{"@id":"https:\/\/www.anovapeneira.gal\/index.php\/2022\/09\/01\/o-concello-de-bueu-inaugura-o-estaleiro-de-purro-un-dos-simbolos-da-sua-orixe-marineira\/"},"wordCount":445,"commentCount":0,"publisher":{"@id":"https:\/\/www.anovapeneira.gal\/#organization"},"image":{"@id":"https:\/\/www.anovapeneira.gal\/index.php\/2022\/09\/01\/o-concello-de-bueu-inaugura-o-estaleiro-de-purro-un-dos-simbolos-da-sua-orixe-marineira\/#primaryimage"},"thumbnailUrl":"https:\/\/www.anovapeneira.gal\/wp-content\/uploads\/2022\/08\/carpinteria_ribeira_bue.jpg","keywords":["Concello de Bueu"],"articleSection":["Morrazo"],"inLanguage":"gl-ES","potentialAction":[{"@type":"CommentAction","name":"Comment","target":["https:\/\/www.anovapeneira.gal\/index.php\/2022\/09\/01\/o-concello-de-bueu-inaugura-o-estaleiro-de-purro-un-dos-simbolos-da-sua-orixe-marineira\/#respond"]}]},{"@type":"WebPage","@id":"https:\/\/www.anovapeneira.gal\/index.php\/2022\/09\/01\/o-concello-de-bueu-inaugura-o-estaleiro-de-purro-un-dos-simbolos-da-sua-orixe-marineira\/","url":"https:\/\/www.anovapeneira.gal\/index.php\/2022\/09\/01\/o-concello-de-bueu-inaugura-o-estaleiro-de-purro-un-dos-simbolos-da-sua-orixe-marineira\/","name":"O Concello de Bueu inaugura o estaleiro de Purro, un dos s\u00edmbolos da s\u00faa orixe mari\u00f1eira -","isPartOf":{"@id":"https:\/\/www.anovapeneira.gal\/#website"},"primaryImageOfPage":{"@id":"https:\/\/www.anovapeneira.gal\/index.php\/2022\/09\/01\/o-concello-de-bueu-inaugura-o-estaleiro-de-purro-un-dos-simbolos-da-sua-orixe-marineira\/#primaryimage"},"image":{"@id":"https:\/\/www.anovapeneira.gal\/index.php\/2022\/09\/01\/o-concello-de-bueu-inaugura-o-estaleiro-de-purro-un-dos-simbolos-da-sua-orixe-marineira\/#primaryimage"},"thumbnailUrl":"https:\/\/www.anovapeneira.gal\/wp-content\/uploads\/2022\/08\/carpinteria_ribeira_bue.jpg","datePublished":"2022-09-01T10:00:22+00:00","breadcrumb":{"@id":"https:\/\/www.anovapeneira.gal\/index.php\/2022\/09\/01\/o-concello-de-bueu-inaugura-o-estaleiro-de-purro-un-dos-simbolos-da-sua-orixe-marineira\/#breadcrumb"},"inLanguage":"gl-ES","potentialAction":[{"@type":"ReadAction","target":["https:\/\/www.anovapeneira.gal\/index.php\/2022\/09\/01\/o-concello-de-bueu-inaugura-o-estaleiro-de-purro-un-dos-simbolos-da-sua-orixe-marineira\/"]}]},{"@type":"ImageObject","inLanguage":"gl-ES","@id":"https:\/\/www.anovapeneira.gal\/index.php\/2022\/09\/01\/o-concello-de-bueu-inaugura-o-estaleiro-de-purro-un-dos-simbolos-da-sua-orixe-marineira\/#primaryimage","url":"https:\/\/www.anovapeneira.gal\/wp-content\/uploads\/2022\/08\/carpinteria_ribeira_bue.jpg","contentUrl":"https:\/\/www.anovapeneira.gal\/wp-content\/uploads\/2022\/08\/carpinteria_ribeira_bue.jpg","width":720,"height":432,"caption":"Carpinter\u00eda ribeira Bueu"},{"@type":"BreadcrumbList","@id":"https:\/\/www.anovapeneira.gal\/index.php\/2022\/09\/01\/o-concello-de-bueu-inaugura-o-estaleiro-de-purro-un-dos-simbolos-da-sua-orixe-marineira\/#breadcrumb","itemListElement":[{"@type":"ListItem","position":1,"name":"Portada","item":"https:\/\/www.anovapeneira.gal\/"},{"@type":"ListItem","position":2,"name":"O Concello de Bueu inaugura o estaleiro de Purro, un dos s\u00edmbolos da s\u00faa orixe mari\u00f1eira"}]},{"@type":"WebSite","@id":"https:\/\/www.anovapeneira.gal\/#website","url":"https:\/\/www.anovapeneira.gal\/","name":"","description":"Xornal galego de informaci\u00f3n xeral Publicaci\u00f3n mensual de novas de Galicia e en especial dos Concellos da sur da provincia de Pontevedra.","publisher":{"@id":"https:\/\/www.anovapeneira.gal\/#organization"},"potentialAction":[{"@type":"SearchAction","target":{"@type":"EntryPoint","urlTemplate":"https:\/\/www.anovapeneira.gal\/?s={search_term_string}"},"query-input":{"@type":"PropertyValueSpecification","valueRequired":true,"valueName":"search_term_string"}}],"inLanguage":"gl-ES"},{"@type":"Organization","@id":"https:\/\/www.anovapeneira.gal\/#organization","name":"A Nova Peneira","url":"https:\/\/www.anovapeneira.gal\/","logo":{"@type":"ImageObject","inLanguage":"gl-ES","@id":"https:\/\/www.anovapeneira.gal\/#\/schema\/logo\/image\/","url":"http:\/\/www.anovapeneira.gal\/wp-content\/uploads\/2019\/06\/logo_a_nova_peneira_portal_web.png","contentUrl":"http:\/\/www.anovapeneira.gal\/wp-content\/uploads\/2019\/06\/logo_a_nova_peneira_portal_web.png","width":300,"height":100,"caption":"A Nova Peneira"},"image":{"@id":"https:\/\/www.anovapeneira.gal\/#\/schema\/logo\/image\/"},"sameAs":["https:\/\/www.facebook.com\/anovapeneira","https:\/\/x.com\/APeneira"]},{"@type":"Person","@id":"https:\/\/www.anovapeneira.gal\/#\/schema\/person\/b93e3f8932e3f8da96334607eb6ac6aa","name":"Redacci\u00f3n A Nova Peneira","image":{"@type":"ImageObject","inLanguage":"gl-ES","@id":"https:\/\/secure.gravatar.com\/avatar\/c052a2551a06e23fac63626232eaa90abd78dbcf1700fc46a2b2c89fd27b735f?s=96&d=mm&r=g","url":"https:\/\/secure.gravatar.com\/avatar\/c052a2551a06e23fac63626232eaa90abd78dbcf1700fc46a2b2c89fd27b735f?s=96&d=mm&r=g","contentUrl":"https:\/\/secure.gravatar.com\/avatar\/c052a2551a06e23fac63626232eaa90abd78dbcf1700fc46a2b2c89fd27b735f?s=96&d=mm&r=g","caption":"Redacci\u00f3n A Nova Peneira"},"sameAs":["http:\/\/www.anovapeneira.gal\/"],"url":"https:\/\/www.anovapeneira.gal\/index.php\/author\/redactor\/"}]}},"jetpack_featured_media_url":"https:\/\/www.anovapeneira.gal\/wp-content\/uploads\/2022\/08\/carpinteria_ribeira_bue.jpg","_links":{"self":[{"href":"https:\/\/www.anovapeneira.gal\/index.php\/wp-json\/wp\/v2\/posts\/8075","targetHints":{"allow":["GET"]}}],"collection":[{"href":"https:\/\/www.anovapeneira.gal\/index.php\/wp-json\/wp\/v2\/posts"}],"about":[{"href":"https:\/\/www.anovapeneira.gal\/index.php\/wp-json\/wp\/v2\/types\/post"}],"author":[{"embeddable":true,"href":"https:\/\/www.anovapeneira.gal\/index.php\/wp-json\/wp\/v2\/users\/3"}],"replies":[{"embeddable":true,"href":"https:\/\/www.anovapeneira.gal\/index.php\/wp-json\/wp\/v2\/comments?post=8075"}],"version-history":[{"count":1,"href":"https:\/\/www.anovapeneira.gal\/index.php\/wp-json\/wp\/v2\/posts\/8075\/revisions"}],"predecessor-version":[{"id":8076,"href":"https:\/\/www.anovapeneira.gal\/index.php\/wp-json\/wp\/v2\/posts\/8075\/revisions\/8076"}],"wp:featuredmedia":[{"embeddable":true,"href":"https:\/\/www.anovapeneira.gal\/index.php\/wp-json\/wp\/v2\/media\/8077"}],"wp:attachment":[{"href":"https:\/\/www.anovapeneira.gal\/index.php\/wp-json\/wp\/v2\/media?parent=8075"}],"wp:term":[{"taxonomy":"category","embeddable":true,"href":"https:\/\/www.anovapeneira.gal\/index.php\/wp-json\/wp\/v2\/categories?post=8075"},{"taxonomy":"post_tag","embeddable":true,"href":"https:\/\/www.anovapeneira.gal\/index.php\/wp-json\/wp\/v2\/tags?post=8075"}],"curies":[{"name":"wp","href":"https:\/\/api.w.org\/{rel}","templated":true}]}}