{"id":8081,"date":"2022-09-02T12:00:03","date_gmt":"2022-09-02T10:00:03","guid":{"rendered":"https:\/\/www.anovapeneira.gal\/?p=8081"},"modified":"2022-08-29T08:14:33","modified_gmt":"2022-08-29T06:14:33","slug":"aer-propon-estudar-un-cambio-de-emprazamento-para-os-vindeiros-concertos-do-entroido-de-veran","status":"publish","type":"post","link":"https:\/\/www.anovapeneira.gal\/index.php\/2022\/09\/02\/aer-propon-estudar-un-cambio-de-emprazamento-para-os-vindeiros-concertos-do-entroido-de-veran\/","title":{"rendered":"AER prop\u00f3n estudar un cambio de emprazamento para os vindeiros concertos do Entroido de Ver\u00e1n"},"content":{"rendered":"\n<p>A Agrupaci\u00f3n de Electores solicitou o pasado 23 de agosto a creaci\u00f3n dun grupo de traballo para que todos os grupos municipais fagan as s\u00faas propostas sobre un novo lugar e un dispositivo de limpeza ambicioso<\/p>\n\n\n\n<p><strong>Redondela, 26 de agosto de 2022<\/strong><\/p>\n\n\n\n<p>A Agrupaci\u00f3n de Electores de Redondela. <strong>AER<\/strong>, solicitou o pasado 23 de agosto que todos os grupos municipais, conxuntamente coa Polic\u00eda Local, estuden un novo emprazamento para os concertos do Entroido de Ver\u00e1n dos vindeiros anos logo das queixas de centos de veci\u00f1os que non puideron descansar polo excesivo ru\u00eddo dos 50.000 asistentes. \u201cCelebramos que o pasado 21 de agosto Redondela retomase a celebraci\u00f3n do seu Entroido de Ver\u00e1n pero temos a responsabilidade de asegurar o descanso da veci\u00f1anza que non quere participar do evento\u201d, sinalan desde <strong>AER<\/strong>.<\/p>\n\n\n\n<p>Segundo datos da Polic\u00eda Local, m\u00e1is de cen veci\u00f1os de Redondela clamaron para queixarse polo ru\u00eddo e o barullo que se estendeu practicamente ata o amencer. Ademais, no transcurso do evento foi necesaria a intervenci\u00f3n de axentes en quince liortas. \u201cAlgo que para moitos \u00e9 diversi\u00f3n, para moitos outros \u00e9 un simple suplicio que impide o descanso\u201d, sinalan desde a agrupaci\u00f3n.&nbsp;&nbsp;<\/p>\n\n\n\n<p>Segundo AER, este ano permit\u00edronse concertos do programa oficial ata as 4.00 horas (en realidade, remataron bastante m\u00e1is tarde) e, asemade, permit\u00edronse m\u00fasica nas r\u00faas (autobuses tur\u00edsticos convertidos en&nbsp; discotecas m\u00f3biles pola vila) ata m\u00e1is das 7.00 horas da madrugada.<\/p>\n\n\n\n<p>Desde <strong>AE<\/strong><strong>R<\/strong> tam\u00e9n advirten da necesidade de intervir nas imaxes de suciedades que se produciron por toda a vila. \u201cRespecto da limpeza, AER tivo no 2019 a responsabilidade de coordinar o dispositivo extraordinario no \u00faltimo entroido antes da pandemia. A nosa experiencia nos di que a situaci\u00f3n non se restaura completamente nin nun d\u00eda nin en dous, se non que se precisan semanas\u201d, sinalan.&nbsp;<\/p>\n\n\n\n<p><strong>Propostas de AE<\/strong><strong>R<\/strong><\/p>\n\n\n\n<p><strong>AE<\/strong><strong>R<\/strong> considera que a dimensi\u00f3n que ten adquirido o Entroido de Ver\u00e1n de Redondela merece unha reflexi\u00f3n para p\u00f3r en marcha medidas que reorienten a s\u00faa celebraci\u00f3n.<\/p>\n\n\n\n<p>Pola s\u00faa parte, a Agrupaci\u00f3n xa est\u00e1 a traballar nas s\u00faas propostas entre as que figuran a racionalizaci\u00f3n dos horarios do programa oficial, cunha finalizaci\u00f3n dos espect\u00e1culos de m\u00fasica que non supere aos das festas da Coca; a esa mesma hora, prohibici\u00f3n de m\u00fasica na r\u00faa por parte de establecementos privados ou particulares; obrigar de xeito efectivo aos establecementos hostaleiros a manter os seus ba\u00f1os abertos ao p\u00fablico en todo momento namentres estea aberto e estudar a posibilidade de que o programa oficial se desenvolva nunha ubicaci\u00f3n menos c\u00e9ntrica que o Campo da Feira, por exemplo, na explanada da depuradora.<\/p>\n","protected":false},"excerpt":{"rendered":"<div class=\"mh-excerpt\"><p>A Agrupaci\u00f3n de Electores solicitou o pasado 23 de agosto a creaci\u00f3n dun grupo de traballo para que todos os grupos municipais fagan as s\u00faas propostas sobre un novo lugar e un dispositivo de limpeza ambicioso <a class=\"mh-excerpt-more\" href=\"https:\/\/www.anovapeneira.gal\/index.php\/2022\/09\/02\/aer-propon-estudar-un-cambio-de-emprazamento-para-os-vindeiros-concertos-do-entroido-de-veran\/\" title=\"AER prop\u00f3n estudar un cambio de emprazamento para os vindeiros concertos do Entroido de Ver\u00e1n\">[&#8230;]<\/a><\/p>\n<\/div>","protected":false},"author":1,"featured_media":1105,"comment_status":"open","ping_status":"open","sticky":false,"template":"","format":"standard","meta":{"_exactmetrics_skip_tracking":false,"_exactmetrics_sitenote_active":false,"_exactmetrics_sitenote_note":"","_exactmetrics_sitenote_category":0,"footnotes":""},"categories":[1],"tags":[],"class_list":{"0":"post-8081","1":"post","2":"type-post","3":"status-publish","4":"format-standard","5":"has-post-thumbnail","7":"category-sin-categoria"},"yoast_head":"<!-- This site is optimized with the Yoast SEO plugin v27.4 - https:\/\/yoast.com\/product\/yoast-seo-wordpress\/ -->\n<title>AER prop\u00f3n estudar un cambio de emprazamento para os vindeiros concertos do Entroido de Ver\u00e1n -<\/title>\n<meta name=\"description\" content=\"A Agrupaci\u00f3n de Electores solicitou o pasado 23 de agosto a creaci\u00f3n dun grupo de traballo para que todos os grupos municipais fagan as s\u00faas propostas sobre un novo lugar e un dispositivo de limpeza ambicioso\" \/>\n<meta name=\"robots\" content=\"index, follow, max-snippet:-1, max-image-preview:large, max-video-preview:-1\" \/>\n<link rel=\"canonical\" href=\"https:\/\/www.anovapeneira.gal\/index.php\/2022\/09\/02\/aer-propon-estudar-un-cambio-de-emprazamento-para-os-vindeiros-concertos-do-entroido-de-veran\/\" \/>\n<meta property=\"og:locale\" content=\"gl_ES\" \/>\n<meta property=\"og:type\" content=\"article\" \/>\n<meta property=\"og:title\" content=\"AER prop\u00f3n estudar un cambio de emprazamento para os vindeiros concertos do Entroido de Ver\u00e1n -\" \/>\n<meta property=\"og:description\" content=\"A Agrupaci\u00f3n de Electores solicitou o pasado 23 de agosto a creaci\u00f3n dun grupo de traballo para que todos os grupos municipais fagan as s\u00faas propostas sobre un novo lugar e un dispositivo de limpeza ambicioso\" \/>\n<meta property=\"og:url\" content=\"https:\/\/www.anovapeneira.gal\/index.php\/2022\/09\/02\/aer-propon-estudar-un-cambio-de-emprazamento-para-os-vindeiros-concertos-do-entroido-de-veran\/\" \/>\n<meta property=\"article:publisher\" content=\"https:\/\/www.facebook.com\/anovapeneira\" \/>\n<meta property=\"article:author\" content=\"https:\/\/www.facebook.com\/anovapeneira\/\" \/>\n<meta property=\"article:published_time\" content=\"2022-09-02T10:00:03+00:00\" \/>\n<meta property=\"og:image\" content=\"https:\/\/www.anovapeneira.gal\/wp-content\/uploads\/2019\/08\/ENTROIDO_redondela_a_nova_peneira_6.jpg\" \/>\n\t<meta property=\"og:image:width\" content=\"720\" \/>\n\t<meta property=\"og:image:height\" content=\"473\" \/>\n\t<meta property=\"og:image:type\" content=\"image\/jpeg\" \/>\n<meta name=\"author\" content=\"admin\" \/>\n<meta name=\"twitter:card\" content=\"summary_large_image\" \/>\n<meta name=\"twitter:creator\" content=\"@APeneira\" \/>\n<meta name=\"twitter:site\" content=\"@APeneira\" \/>\n<meta name=\"twitter:label1\" content=\"Escrito por\" \/>\n\t<meta name=\"twitter:data1\" content=\"admin\" \/>\n\t<meta name=\"twitter:label2\" content=\"Tempo de lectura\" \/>\n\t<meta name=\"twitter:data2\" content=\"3 minutos\" \/>\n<script type=\"application\/ld+json\" class=\"yoast-schema-graph\">{\"@context\":\"https:\\\/\\\/schema.org\",\"@graph\":[{\"@type\":\"Article\",\"@id\":\"https:\\\/\\\/www.anovapeneira.gal\\\/index.php\\\/2022\\\/09\\\/02\\\/aer-propon-estudar-un-cambio-de-emprazamento-para-os-vindeiros-concertos-do-entroido-de-veran\\\/#article\",\"isPartOf\":{\"@id\":\"https:\\\/\\\/www.anovapeneira.gal\\\/index.php\\\/2022\\\/09\\\/02\\\/aer-propon-estudar-un-cambio-de-emprazamento-para-os-vindeiros-concertos-do-entroido-de-veran\\\/\"},\"author\":{\"name\":\"admin\",\"@id\":\"https:\\\/\\\/www.anovapeneira.gal\\\/#\\\/schema\\\/person\\\/fb77575328c93684dae4b0075f90c2cb\"},\"headline\":\"AER prop\u00f3n estudar un cambio de emprazamento para os vindeiros concertos do Entroido de Ver\u00e1n\",\"datePublished\":\"2022-09-02T10:00:03+00:00\",\"mainEntityOfPage\":{\"@id\":\"https:\\\/\\\/www.anovapeneira.gal\\\/index.php\\\/2022\\\/09\\\/02\\\/aer-propon-estudar-un-cambio-de-emprazamento-para-os-vindeiros-concertos-do-entroido-de-veran\\\/\"},\"wordCount\":487,\"commentCount\":0,\"publisher\":{\"@id\":\"https:\\\/\\\/www.anovapeneira.gal\\\/#organization\"},\"image\":{\"@id\":\"https:\\\/\\\/www.anovapeneira.gal\\\/index.php\\\/2022\\\/09\\\/02\\\/aer-propon-estudar-un-cambio-de-emprazamento-para-os-vindeiros-concertos-do-entroido-de-veran\\\/#primaryimage\"},\"thumbnailUrl\":\"https:\\\/\\\/www.anovapeneira.gal\\\/wp-content\\\/uploads\\\/2019\\\/08\\\/ENTROIDO_redondela_a_nova_peneira_6.jpg\",\"articleSection\":[\"Sin categor\u00eda\"],\"inLanguage\":\"gl-ES\",\"potentialAction\":[{\"@type\":\"CommentAction\",\"name\":\"Comment\",\"target\":[\"https:\\\/\\\/www.anovapeneira.gal\\\/index.php\\\/2022\\\/09\\\/02\\\/aer-propon-estudar-un-cambio-de-emprazamento-para-os-vindeiros-concertos-do-entroido-de-veran\\\/#respond\"]}]},{\"@type\":\"WebPage\",\"@id\":\"https:\\\/\\\/www.anovapeneira.gal\\\/index.php\\\/2022\\\/09\\\/02\\\/aer-propon-estudar-un-cambio-de-emprazamento-para-os-vindeiros-concertos-do-entroido-de-veran\\\/\",\"url\":\"https:\\\/\\\/www.anovapeneira.gal\\\/index.php\\\/2022\\\/09\\\/02\\\/aer-propon-estudar-un-cambio-de-emprazamento-para-os-vindeiros-concertos-do-entroido-de-veran\\\/\",\"name\":\"AER prop\u00f3n estudar un cambio de emprazamento para os vindeiros concertos do Entroido de Ver\u00e1n -\",\"isPartOf\":{\"@id\":\"https:\\\/\\\/www.anovapeneira.gal\\\/#website\"},\"primaryImageOfPage\":{\"@id\":\"https:\\\/\\\/www.anovapeneira.gal\\\/index.php\\\/2022\\\/09\\\/02\\\/aer-propon-estudar-un-cambio-de-emprazamento-para-os-vindeiros-concertos-do-entroido-de-veran\\\/#primaryimage\"},\"image\":{\"@id\":\"https:\\\/\\\/www.anovapeneira.gal\\\/index.php\\\/2022\\\/09\\\/02\\\/aer-propon-estudar-un-cambio-de-emprazamento-para-os-vindeiros-concertos-do-entroido-de-veran\\\/#primaryimage\"},\"thumbnailUrl\":\"https:\\\/\\\/www.anovapeneira.gal\\\/wp-content\\\/uploads\\\/2019\\\/08\\\/ENTROIDO_redondela_a_nova_peneira_6.jpg\",\"datePublished\":\"2022-09-02T10:00:03+00:00\",\"description\":\"A Agrupaci\u00f3n de Electores solicitou o pasado 23 de agosto a creaci\u00f3n dun grupo de traballo para que todos os grupos municipais fagan as s\u00faas propostas sobre un novo lugar e un dispositivo de limpeza ambicioso\",\"breadcrumb\":{\"@id\":\"https:\\\/\\\/www.anovapeneira.gal\\\/index.php\\\/2022\\\/09\\\/02\\\/aer-propon-estudar-un-cambio-de-emprazamento-para-os-vindeiros-concertos-do-entroido-de-veran\\\/#breadcrumb\"},\"inLanguage\":\"gl-ES\",\"potentialAction\":[{\"@type\":\"ReadAction\",\"target\":[\"https:\\\/\\\/www.anovapeneira.gal\\\/index.php\\\/2022\\\/09\\\/02\\\/aer-propon-estudar-un-cambio-de-emprazamento-para-os-vindeiros-concertos-do-entroido-de-veran\\\/\"]}]},{\"@type\":\"ImageObject\",\"inLanguage\":\"gl-ES\",\"@id\":\"https:\\\/\\\/www.anovapeneira.gal\\\/index.php\\\/2022\\\/09\\\/02\\\/aer-propon-estudar-un-cambio-de-emprazamento-para-os-vindeiros-concertos-do-entroido-de-veran\\\/#primaryimage\",\"url\":\"https:\\\/\\\/www.anovapeneira.gal\\\/wp-content\\\/uploads\\\/2019\\\/08\\\/ENTROIDO_redondela_a_nova_peneira_6.jpg\",\"contentUrl\":\"https:\\\/\\\/www.anovapeneira.gal\\\/wp-content\\\/uploads\\\/2019\\\/08\\\/ENTROIDO_redondela_a_nova_peneira_6.jpg\",\"width\":720,\"height\":473,\"caption\":\"Entroido de Ver\u00e1n Redondela 2019 A Nova Peneira\"},{\"@type\":\"BreadcrumbList\",\"@id\":\"https:\\\/\\\/www.anovapeneira.gal\\\/index.php\\\/2022\\\/09\\\/02\\\/aer-propon-estudar-un-cambio-de-emprazamento-para-os-vindeiros-concertos-do-entroido-de-veran\\\/#breadcrumb\",\"itemListElement\":[{\"@type\":\"ListItem\",\"position\":1,\"name\":\"Portada\",\"item\":\"https:\\\/\\\/www.anovapeneira.gal\\\/\"},{\"@type\":\"ListItem\",\"position\":2,\"name\":\"AER prop\u00f3n estudar un cambio de emprazamento para os vindeiros concertos do Entroido de Ver\u00e1n\"}]},{\"@type\":\"WebSite\",\"@id\":\"https:\\\/\\\/www.anovapeneira.gal\\\/#website\",\"url\":\"https:\\\/\\\/www.anovapeneira.gal\\\/\",\"name\":\"\",\"description\":\"Xornal galego de informaci\u00f3n xeral Publicaci\u00f3n mensual de novas de Galicia e en especial dos Concellos da sur da provincia de Pontevedra.\",\"publisher\":{\"@id\":\"https:\\\/\\\/www.anovapeneira.gal\\\/#organization\"},\"potentialAction\":[{\"@type\":\"SearchAction\",\"target\":{\"@type\":\"EntryPoint\",\"urlTemplate\":\"https:\\\/\\\/www.anovapeneira.gal\\\/?s={search_term_string}\"},\"query-input\":{\"@type\":\"PropertyValueSpecification\",\"valueRequired\":true,\"valueName\":\"search_term_string\"}}],\"inLanguage\":\"gl-ES\"},{\"@type\":\"Organization\",\"@id\":\"https:\\\/\\\/www.anovapeneira.gal\\\/#organization\",\"name\":\"A Nova Peneira\",\"url\":\"https:\\\/\\\/www.anovapeneira.gal\\\/\",\"logo\":{\"@type\":\"ImageObject\",\"inLanguage\":\"gl-ES\",\"@id\":\"https:\\\/\\\/www.anovapeneira.gal\\\/#\\\/schema\\\/logo\\\/image\\\/\",\"url\":\"http:\\\/\\\/www.anovapeneira.gal\\\/wp-content\\\/uploads\\\/2019\\\/06\\\/logo_a_nova_peneira_portal_web.png\",\"contentUrl\":\"http:\\\/\\\/www.anovapeneira.gal\\\/wp-content\\\/uploads\\\/2019\\\/06\\\/logo_a_nova_peneira_portal_web.png\",\"width\":300,\"height\":100,\"caption\":\"A Nova Peneira\"},\"image\":{\"@id\":\"https:\\\/\\\/www.anovapeneira.gal\\\/#\\\/schema\\\/logo\\\/image\\\/\"},\"sameAs\":[\"https:\\\/\\\/www.facebook.com\\\/anovapeneira\",\"https:\\\/\\\/x.com\\\/APeneira\"]},{\"@type\":\"Person\",\"@id\":\"https:\\\/\\\/www.anovapeneira.gal\\\/#\\\/schema\\\/person\\\/fb77575328c93684dae4b0075f90c2cb\",\"name\":\"admin\",\"image\":{\"@type\":\"ImageObject\",\"inLanguage\":\"gl-ES\",\"@id\":\"https:\\\/\\\/secure.gravatar.com\\\/avatar\\\/df15c36ce375448325e0bc870e91bbee95947a002eb98dcfd6c2b053e18843e9?s=96&d=mm&r=g\",\"url\":\"https:\\\/\\\/secure.gravatar.com\\\/avatar\\\/df15c36ce375448325e0bc870e91bbee95947a002eb98dcfd6c2b053e18843e9?s=96&d=mm&r=g\",\"contentUrl\":\"https:\\\/\\\/secure.gravatar.com\\\/avatar\\\/df15c36ce375448325e0bc870e91bbee95947a002eb98dcfd6c2b053e18843e9?s=96&d=mm&r=g\",\"caption\":\"admin\"},\"description\":\"Xornal galego de informaci\u00f3n xeral Publicaci\u00f3n mensual de novas de Galicia e en especial dos Concellos da sur da provincia de Pontevedra.\",\"sameAs\":[\"http:\\\/\\\/www.anovapeneira.gal\\\/\",\"https:\\\/\\\/www.facebook.com\\\/anovapeneira\\\/\"],\"url\":\"https:\\\/\\\/www.anovapeneira.gal\\\/index.php\\\/author\\\/admin\\\/\"}]}<\/script>\n<!-- \/ Yoast SEO plugin. -->","yoast_head_json":{"title":"AER prop\u00f3n estudar un cambio de emprazamento para os vindeiros concertos do Entroido de Ver\u00e1n -","description":"A Agrupaci\u00f3n de Electores solicitou o pasado 23 de agosto a creaci\u00f3n dun grupo de traballo para que todos os grupos municipais fagan as s\u00faas propostas sobre un novo lugar e un dispositivo de limpeza ambicioso","robots":{"index":"index","follow":"follow","max-snippet":"max-snippet:-1","max-image-preview":"max-image-preview:large","max-video-preview":"max-video-preview:-1"},"canonical":"https:\/\/www.anovapeneira.gal\/index.php\/2022\/09\/02\/aer-propon-estudar-un-cambio-de-emprazamento-para-os-vindeiros-concertos-do-entroido-de-veran\/","og_locale":"gl_ES","og_type":"article","og_title":"AER prop\u00f3n estudar un cambio de emprazamento para os vindeiros concertos do Entroido de Ver\u00e1n -","og_description":"A Agrupaci\u00f3n de Electores solicitou o pasado 23 de agosto a creaci\u00f3n dun grupo de traballo para que todos os grupos municipais fagan as s\u00faas propostas sobre un novo lugar e un dispositivo de limpeza ambicioso","og_url":"https:\/\/www.anovapeneira.gal\/index.php\/2022\/09\/02\/aer-propon-estudar-un-cambio-de-emprazamento-para-os-vindeiros-concertos-do-entroido-de-veran\/","article_publisher":"https:\/\/www.facebook.com\/anovapeneira","article_author":"https:\/\/www.facebook.com\/anovapeneira\/","article_published_time":"2022-09-02T10:00:03+00:00","og_image":[{"width":720,"height":473,"url":"https:\/\/www.anovapeneira.gal\/wp-content\/uploads\/2019\/08\/ENTROIDO_redondela_a_nova_peneira_6.jpg","type":"image\/jpeg"}],"author":"admin","twitter_card":"summary_large_image","twitter_creator":"@APeneira","twitter_site":"@APeneira","twitter_misc":{"Escrito por":"admin","Tempo de lectura":"3 minutos"},"schema":{"@context":"https:\/\/schema.org","@graph":[{"@type":"Article","@id":"https:\/\/www.anovapeneira.gal\/index.php\/2022\/09\/02\/aer-propon-estudar-un-cambio-de-emprazamento-para-os-vindeiros-concertos-do-entroido-de-veran\/#article","isPartOf":{"@id":"https:\/\/www.anovapeneira.gal\/index.php\/2022\/09\/02\/aer-propon-estudar-un-cambio-de-emprazamento-para-os-vindeiros-concertos-do-entroido-de-veran\/"},"author":{"name":"admin","@id":"https:\/\/www.anovapeneira.gal\/#\/schema\/person\/fb77575328c93684dae4b0075f90c2cb"},"headline":"AER prop\u00f3n estudar un cambio de emprazamento para os vindeiros concertos do Entroido de Ver\u00e1n","datePublished":"2022-09-02T10:00:03+00:00","mainEntityOfPage":{"@id":"https:\/\/www.anovapeneira.gal\/index.php\/2022\/09\/02\/aer-propon-estudar-un-cambio-de-emprazamento-para-os-vindeiros-concertos-do-entroido-de-veran\/"},"wordCount":487,"commentCount":0,"publisher":{"@id":"https:\/\/www.anovapeneira.gal\/#organization"},"image":{"@id":"https:\/\/www.anovapeneira.gal\/index.php\/2022\/09\/02\/aer-propon-estudar-un-cambio-de-emprazamento-para-os-vindeiros-concertos-do-entroido-de-veran\/#primaryimage"},"thumbnailUrl":"https:\/\/www.anovapeneira.gal\/wp-content\/uploads\/2019\/08\/ENTROIDO_redondela_a_nova_peneira_6.jpg","articleSection":["Sin categor\u00eda"],"inLanguage":"gl-ES","potentialAction":[{"@type":"CommentAction","name":"Comment","target":["https:\/\/www.anovapeneira.gal\/index.php\/2022\/09\/02\/aer-propon-estudar-un-cambio-de-emprazamento-para-os-vindeiros-concertos-do-entroido-de-veran\/#respond"]}]},{"@type":"WebPage","@id":"https:\/\/www.anovapeneira.gal\/index.php\/2022\/09\/02\/aer-propon-estudar-un-cambio-de-emprazamento-para-os-vindeiros-concertos-do-entroido-de-veran\/","url":"https:\/\/www.anovapeneira.gal\/index.php\/2022\/09\/02\/aer-propon-estudar-un-cambio-de-emprazamento-para-os-vindeiros-concertos-do-entroido-de-veran\/","name":"AER prop\u00f3n estudar un cambio de emprazamento para os vindeiros concertos do Entroido de Ver\u00e1n -","isPartOf":{"@id":"https:\/\/www.anovapeneira.gal\/#website"},"primaryImageOfPage":{"@id":"https:\/\/www.anovapeneira.gal\/index.php\/2022\/09\/02\/aer-propon-estudar-un-cambio-de-emprazamento-para-os-vindeiros-concertos-do-entroido-de-veran\/#primaryimage"},"image":{"@id":"https:\/\/www.anovapeneira.gal\/index.php\/2022\/09\/02\/aer-propon-estudar-un-cambio-de-emprazamento-para-os-vindeiros-concertos-do-entroido-de-veran\/#primaryimage"},"thumbnailUrl":"https:\/\/www.anovapeneira.gal\/wp-content\/uploads\/2019\/08\/ENTROIDO_redondela_a_nova_peneira_6.jpg","datePublished":"2022-09-02T10:00:03+00:00","description":"A Agrupaci\u00f3n de Electores solicitou o pasado 23 de agosto a creaci\u00f3n dun grupo de traballo para que todos os grupos municipais fagan as s\u00faas propostas sobre un novo lugar e un dispositivo de limpeza ambicioso","breadcrumb":{"@id":"https:\/\/www.anovapeneira.gal\/index.php\/2022\/09\/02\/aer-propon-estudar-un-cambio-de-emprazamento-para-os-vindeiros-concertos-do-entroido-de-veran\/#breadcrumb"},"inLanguage":"gl-ES","potentialAction":[{"@type":"ReadAction","target":["https:\/\/www.anovapeneira.gal\/index.php\/2022\/09\/02\/aer-propon-estudar-un-cambio-de-emprazamento-para-os-vindeiros-concertos-do-entroido-de-veran\/"]}]},{"@type":"ImageObject","inLanguage":"gl-ES","@id":"https:\/\/www.anovapeneira.gal\/index.php\/2022\/09\/02\/aer-propon-estudar-un-cambio-de-emprazamento-para-os-vindeiros-concertos-do-entroido-de-veran\/#primaryimage","url":"https:\/\/www.anovapeneira.gal\/wp-content\/uploads\/2019\/08\/ENTROIDO_redondela_a_nova_peneira_6.jpg","contentUrl":"https:\/\/www.anovapeneira.gal\/wp-content\/uploads\/2019\/08\/ENTROIDO_redondela_a_nova_peneira_6.jpg","width":720,"height":473,"caption":"Entroido de Ver\u00e1n Redondela 2019 A Nova Peneira"},{"@type":"BreadcrumbList","@id":"https:\/\/www.anovapeneira.gal\/index.php\/2022\/09\/02\/aer-propon-estudar-un-cambio-de-emprazamento-para-os-vindeiros-concertos-do-entroido-de-veran\/#breadcrumb","itemListElement":[{"@type":"ListItem","position":1,"name":"Portada","item":"https:\/\/www.anovapeneira.gal\/"},{"@type":"ListItem","position":2,"name":"AER prop\u00f3n estudar un cambio de emprazamento para os vindeiros concertos do Entroido de Ver\u00e1n"}]},{"@type":"WebSite","@id":"https:\/\/www.anovapeneira.gal\/#website","url":"https:\/\/www.anovapeneira.gal\/","name":"","description":"Xornal galego de informaci\u00f3n xeral Publicaci\u00f3n mensual de novas de Galicia e en especial dos Concellos da sur da provincia de Pontevedra.","publisher":{"@id":"https:\/\/www.anovapeneira.gal\/#organization"},"potentialAction":[{"@type":"SearchAction","target":{"@type":"EntryPoint","urlTemplate":"https:\/\/www.anovapeneira.gal\/?s={search_term_string}"},"query-input":{"@type":"PropertyValueSpecification","valueRequired":true,"valueName":"search_term_string"}}],"inLanguage":"gl-ES"},{"@type":"Organization","@id":"https:\/\/www.anovapeneira.gal\/#organization","name":"A Nova Peneira","url":"https:\/\/www.anovapeneira.gal\/","logo":{"@type":"ImageObject","inLanguage":"gl-ES","@id":"https:\/\/www.anovapeneira.gal\/#\/schema\/logo\/image\/","url":"http:\/\/www.anovapeneira.gal\/wp-content\/uploads\/2019\/06\/logo_a_nova_peneira_portal_web.png","contentUrl":"http:\/\/www.anovapeneira.gal\/wp-content\/uploads\/2019\/06\/logo_a_nova_peneira_portal_web.png","width":300,"height":100,"caption":"A Nova Peneira"},"image":{"@id":"https:\/\/www.anovapeneira.gal\/#\/schema\/logo\/image\/"},"sameAs":["https:\/\/www.facebook.com\/anovapeneira","https:\/\/x.com\/APeneira"]},{"@type":"Person","@id":"https:\/\/www.anovapeneira.gal\/#\/schema\/person\/fb77575328c93684dae4b0075f90c2cb","name":"admin","image":{"@type":"ImageObject","inLanguage":"gl-ES","@id":"https:\/\/secure.gravatar.com\/avatar\/df15c36ce375448325e0bc870e91bbee95947a002eb98dcfd6c2b053e18843e9?s=96&d=mm&r=g","url":"https:\/\/secure.gravatar.com\/avatar\/df15c36ce375448325e0bc870e91bbee95947a002eb98dcfd6c2b053e18843e9?s=96&d=mm&r=g","contentUrl":"https:\/\/secure.gravatar.com\/avatar\/df15c36ce375448325e0bc870e91bbee95947a002eb98dcfd6c2b053e18843e9?s=96&d=mm&r=g","caption":"admin"},"description":"Xornal galego de informaci\u00f3n xeral Publicaci\u00f3n mensual de novas de Galicia e en especial dos Concellos da sur da provincia de Pontevedra.","sameAs":["http:\/\/www.anovapeneira.gal\/","https:\/\/www.facebook.com\/anovapeneira\/"],"url":"https:\/\/www.anovapeneira.gal\/index.php\/author\/admin\/"}]}},"jetpack_featured_media_url":"https:\/\/www.anovapeneira.gal\/wp-content\/uploads\/2019\/08\/ENTROIDO_redondela_a_nova_peneira_6.jpg","_links":{"self":[{"href":"https:\/\/www.anovapeneira.gal\/index.php\/wp-json\/wp\/v2\/posts\/8081","targetHints":{"allow":["GET"]}}],"collection":[{"href":"https:\/\/www.anovapeneira.gal\/index.php\/wp-json\/wp\/v2\/posts"}],"about":[{"href":"https:\/\/www.anovapeneira.gal\/index.php\/wp-json\/wp\/v2\/types\/post"}],"author":[{"embeddable":true,"href":"https:\/\/www.anovapeneira.gal\/index.php\/wp-json\/wp\/v2\/users\/1"}],"replies":[{"embeddable":true,"href":"https:\/\/www.anovapeneira.gal\/index.php\/wp-json\/wp\/v2\/comments?post=8081"}],"version-history":[{"count":1,"href":"https:\/\/www.anovapeneira.gal\/index.php\/wp-json\/wp\/v2\/posts\/8081\/revisions"}],"predecessor-version":[{"id":8082,"href":"https:\/\/www.anovapeneira.gal\/index.php\/wp-json\/wp\/v2\/posts\/8081\/revisions\/8082"}],"wp:featuredmedia":[{"embeddable":true,"href":"https:\/\/www.anovapeneira.gal\/index.php\/wp-json\/wp\/v2\/media\/1105"}],"wp:attachment":[{"href":"https:\/\/www.anovapeneira.gal\/index.php\/wp-json\/wp\/v2\/media?parent=8081"}],"wp:term":[{"taxonomy":"category","embeddable":true,"href":"https:\/\/www.anovapeneira.gal\/index.php\/wp-json\/wp\/v2\/categories?post=8081"},{"taxonomy":"post_tag","embeddable":true,"href":"https:\/\/www.anovapeneira.gal\/index.php\/wp-json\/wp\/v2\/tags?post=8081"}],"curies":[{"name":"wp","href":"https:\/\/api.w.org\/{rel}","templated":true}]}}