{"id":8085,"date":"2022-09-05T10:00:50","date_gmt":"2022-09-05T08:00:50","guid":{"rendered":"https:\/\/www.anovapeneira.gal\/?p=8085"},"modified":"2022-09-04T19:00:14","modified_gmt":"2022-09-04T17:00:14","slug":"ucraina-unha-guerra-do-imperio-contra-o-mundo","status":"publish","type":"post","link":"https:\/\/www.anovapeneira.gal\/index.php\/2022\/09\/05\/ucraina-unha-guerra-do-imperio-contra-o-mundo\/","title":{"rendered":"Ucra\u00edna, unha guerra do imperio contra o mundo"},"content":{"rendered":"\n<figure class=\"wp-block-image size-large is-resized\"><img loading=\"lazy\" decoding=\"async\" src=\"http:\/\/www.anovapeneira.gal\/wp-content\/uploads\/2019\/07\/pedro_cortegoso_opinion_a_nova_peneira_bn.jpg\" alt=\"Pedro M. Cortegoso Gago Artigo Opini\u00f3n A Nova Peneira\" class=\"wp-image-464\" width=\"95\" height=\"111\"\/><figcaption>Pedro M. Cortegoso Gago Traballador do Centro de Sa\u00fade de Moa\u00f1a<\/figcaption><\/figure>\n\n\n\n<p>\u201c<em>Esa brutal alianza militar converteuse non m\u00e1is p\u00e9rfido instrumento de represi\u00f3n que co\u00f1eceu a historia da humanidade. A OTAN asumiu o papel represivo global tan pronto a URSS, que servira aos EEUU de pretexto para criala, deixou de existir\u201d.<\/em><\/p>\n\n\n\n<p><em>Fidel Castro<\/em><\/p>\n\n\n\n<p>Os Estados Unidos, o seu ap\u00e9ndice o Reino Unido e a Uni\u00f3n Europea est\u00e1n en guerra contra Rusia. Unha guerra non declarada, onde Ucra\u00edna foi transformada nun estado mercenario e nazi para batallar como estado interposto. Desde a independencia de Ucra\u00edna fixeron todo o pos\u00edbel por constru\u00edr un estado anti-ruso e para iso alimentaron a besta fascista que se mantivera aletargada desde a segunda guerra mundial.<\/p>\n\n\n\n<p>Desapareceu a URSS, mais non desapareceron os intereses do gran capital representado polos USA por facerse co control dos seus grandes recursos naturais, nin os seus plans por desmembrar Rusia en m\u00faltiples estados m\u00e1is pequenos e d\u00f3ciles. Unha Rusia grande e forte sempre foi un obst\u00e1culo para os sus intereses depredadores.<\/p>\n\n\n\n<p>Para acadar os seus obxectivos promoveron un golpe de estado na Ucra\u00edna que impuxo un goberno dirixido desde a embaixada USA. Isto levou a unha guerra civil, \u00e1 proclamaci\u00f3n das Rep\u00fablicas Populares de Donetsk e Lugansk e ao referendo en Crimea para reintegrarse en Rusia. Despois incumpriron os acordos de Minsk e durante anos bombardearon \u00e1 poboaci\u00f3n civil do Donb\u00e1s. Encheron Ucra\u00edna de laboratorios de armas biol\u00f3xicas e armaron ao ex\u00e9rcito coa pretensi\u00f3n de empregalo como carne de can\u00f3n contra Rusia. Fixeron todo o pos\u00edbel por provocar unha guerra e consegu\u00edrono.<\/p>\n\n\n\n<p>Mais a pesar de todo, resulta evidente que \u201cOccidente\u201d est\u00e1 perdendo a guerra, tanto a militar como a econ\u00f3mica. Pese ao control dos medios de comunicaci\u00f3n p\u00fablicos e privados, pese \u00e1 permanente desinformaci\u00f3n e manipulaci\u00f3n exercida por eses medios, hoxe non se pode ocultar que Rusia controla unha parte importante do territorio Ucra\u00edno. Territorios que historicamente formaron parte de Rusia, e cuxa poboaci\u00f3n maioritariamente s\u00e9ntese rusa.<\/p>\n\n\n\n<p>A operaci\u00f3n militar vai avanzando nos seus obxectivos, tam\u00e9n nos pol\u00edticos e econ\u00f3micos. \u201cOccidente\u201d non calculou ben e non foi consciente da preparaci\u00f3n a conciencia de Rusia para meterse nun conflito que non ten volta atr\u00e1s.<\/p>\n\n\n\n<p><strong>Que consecuencias tivo para n\u00f3s este conflito?<\/strong><\/p>\n\n\n\n<p>A UE sacou a careta e amosou a s\u00faa verdadeira faciana: a fascista e belicosa ao servizo do imperialismo USA. Os dirixentes da UE e dos seus estados membros apostaron decididamente pola guerra e non pola paz, a\u00ednda sendo conscientes que esta decisi\u00f3n traer\u00eda sufrimento \u00e1 poboaci\u00f3n. As sanci\u00f3ns econ\u00f3micas contra Rusia est\u00e1molas pagando todos e todas, estanse volvendo contra n\u00f3s coma un b\u00famerang, coa alza dos prezos da enerx\u00eda e a imposibilidade de comerciar con ese pa\u00eds.<\/p>\n\n\n\n<p>A Democracia formal desta parte do \u201cmundo libre\u201d est\u00e1 transform\u00e1ndose en Ditadura informal mediante o recorte de dereitos e liberdades. Hoxe temos limitada a liberdade de expresi\u00f3n, no estado espa\u00f1ol xa levamos tempo nesta din\u00e1mica, e vemos como se imp\u00f3n a censura sobre medios de comunicaci\u00f3n rusos que son prohibidos. Asistimos ao feche de medios alternativos nas redes sociais, liquidando contas de Twitter, Facebook ou Youtube que dan outra versi\u00f3n e non repiten as mentiras \u201coficiais\u201d. Queren impo\u00f1ernos un discurso e un pensamento \u00fanicos.<\/p>\n\n\n\n<p><strong>Un discurso \u00fanico que pretende prepararnos para o \u201cpeor\u201d.<\/strong><\/p>\n\n\n\n<p>Asistimos espantados ao incremento dos prezos da alimentaci\u00f3n, da electricidade, por culpa duns gobernantes que n\u00f3s dirixen ao abismo e impo\u00f1en sanci\u00f3ns ao principal subministrador de enerx\u00eda \u00e1 UE.<\/p>\n\n\n\n<p>Desde os medios de comunicaci\u00f3n pretenden asustarnos cun outono e un inverno terr\u00edbeis sen gas e electricidade e p\u00eddennos que aforremos. Pol\u00edticos e altos cargos institucionais con enormes salarios repiten constantemente que chegan tempos duros e de escaseza. Para quen? A quen llo din? \u00c1s persoas que xa antes non pod\u00edan po\u00f1er a calefacci\u00f3n por estar na pobreza?<\/p>\n\n\n\n<p>A\u00ednda por riba queren facernos culp\u00e1beis do que est\u00e1 pasando, das decisi\u00f3ns pol\u00edticas da ditadura da UE. Temos que aforrar e reducir o consumo de gas e electricidade, \u00e9 dicir, temos que pasar fr\u00edo e calor. A guerra \u00e9 o primeiro, os cartos te\u00f1en que ir a Ucra\u00edna transformados en armas que asasinan \u00e1 poboaci\u00f3n civil para maior gloria do imperialismo e para acabar con Rusia. O estado espa\u00f1ol ten que gastar mill\u00f3ns de euros en mercar novos avi\u00f3ns de combate mentres as condici\u00f3ns de vida da poboaci\u00f3n empeoran.<\/p>\n\n\n\n<p>E a esquerda espa\u00f1ola? Xa fai moito tempo que se fixo \u201cposmoderna\u201de euroc\u00e9ntrica e hoxe faille o xogo e ponse ao servizo do imperio apoiando incondicionalmente \u00e1 OTAN, xustificando a guerra, a entrega de armas a un goberno nazi ou a censura dos medios de comunicaci\u00f3n. Mira para outro lado ante os problemas da \u201cxente\u201d, como din eles, mentres apoia a un goberno nazi.<\/p>\n\n\n\n<p><strong>O imperialismo est\u00e1 cada d\u00eda m\u00e1is illado.<\/strong><\/p>\n\n\n\n<p>A pesares de todo o que est\u00e1 acontecendo, e de que estamos metidos \u00e1 forza no bando equivocado, os pa\u00edses denominados \u201coccidentais\u201d est\u00e1n cada d\u00eda m\u00e1is illados internacionalmente. Cada vez son m\u00e1is os pobos contrarios a este \u201coccidente\u201d imperial e depredador, que prefiren un mundo multipolar onde os estados soberanos non te\u00f1an que padecer a chantaxe dos USA.<\/p>\n\n\n\n<p>A maior parte dos pobos africanos, asi\u00e1ticos ou latinoamericanos son conscientes de que o mundo est\u00e1 cambiando e do declive impar\u00e1bel do imperio ianqui, e ven en China e Rusia outro xeito de manter relaci\u00f3ns internacionais entre estados.<\/p>\n\n\n\n<p>Hoxe est\u00e1 en xogo como vai ser o futuro do mundo. Se vence \u201coccidente\u201d estar\u00e1 en mans do capital, das grandes empresas trasnacionais, que ter\u00e1n v\u00eda libre para seguir arrasando cos recursos do planeta. Se \u00e9 derrotado poderemos ter un mundo multipolar onde non haxa unha \u00fanica voz mande e ordene, onde os estados poidan manter a s\u00faa soberan\u00eda.<\/p>\n\n\n\n<p>Mar\u00edn, 2 de setembro de 2022<\/p>\n","protected":false},"excerpt":{"rendered":"<div class=\"mh-excerpt\"><p>sa brutal alianza militar converteuse non m\u00e1is p\u00e9rfido instrumento de represi\u00f3n que co\u00f1eceu a historia da humanidade. A OTAN asumiu o papel represivo global tan pronto a URSS, que servira aos EEUU de pretexto para criala, deixou de existir <a class=\"mh-excerpt-more\" href=\"https:\/\/www.anovapeneira.gal\/index.php\/2022\/09\/05\/ucraina-unha-guerra-do-imperio-contra-o-mundo\/\" title=\"Ucra\u00edna, unha guerra do imperio contra o mundo\">[&#8230;]<\/a><\/p>\n<\/div>","protected":false},"author":4,"featured_media":584,"comment_status":"open","ping_status":"open","sticky":false,"template":"","format":"standard","meta":{"_exactmetrics_skip_tracking":false,"_exactmetrics_sitenote_active":false,"_exactmetrics_sitenote_note":"","_exactmetrics_sitenote_category":0,"footnotes":""},"categories":[7],"tags":[],"class_list":{"0":"post-8085","1":"post","2":"type-post","3":"status-publish","4":"format-standard","5":"has-post-thumbnail","7":"category-artigos-de-opinion"},"yoast_head":"<!-- This site is optimized with the Yoast SEO plugin v27.4 - https:\/\/yoast.com\/product\/yoast-seo-wordpress\/ -->\n<title>Ucra\u00edna, unha guerra do imperio contra o mundo -<\/title>\n<meta name=\"description\" content=\"sa brutal alianza militar converteuse non m\u00e1is p\u00e9rfido instrumento de represi\u00f3n que co\u00f1eceu a historia da humanidade. A OTAN asumiu o papel represivo global tan pronto a URSS, que servira aos EEUU de pretexto para criala, deixou de existir\" \/>\n<meta name=\"robots\" content=\"index, follow, max-snippet:-1, max-image-preview:large, max-video-preview:-1\" \/>\n<link rel=\"canonical\" href=\"https:\/\/www.anovapeneira.gal\/index.php\/2022\/09\/05\/ucraina-unha-guerra-do-imperio-contra-o-mundo\/\" \/>\n<meta property=\"og:locale\" content=\"gl_ES\" \/>\n<meta property=\"og:type\" content=\"article\" \/>\n<meta property=\"og:title\" content=\"Ucra\u00edna, unha guerra do imperio contra o mundo -\" \/>\n<meta property=\"og:description\" content=\"sa brutal alianza militar converteuse non m\u00e1is p\u00e9rfido instrumento de represi\u00f3n que co\u00f1eceu a historia da humanidade. A OTAN asumiu o papel represivo global tan pronto a URSS, que servira aos EEUU de pretexto para criala, deixou de existir\" \/>\n<meta property=\"og:url\" content=\"https:\/\/www.anovapeneira.gal\/index.php\/2022\/09\/05\/ucraina-unha-guerra-do-imperio-contra-o-mundo\/\" \/>\n<meta property=\"article:publisher\" content=\"https:\/\/www.facebook.com\/anovapeneira\" \/>\n<meta property=\"article:published_time\" content=\"2022-09-05T08:00:50+00:00\" \/>\n<meta property=\"og:image\" content=\"https:\/\/www.anovapeneira.gal\/wp-content\/uploads\/2019\/07\/ARTIGO_DE_OPINION_A_NOVA_PENEIRA.jpg\" \/>\n\t<meta property=\"og:image:width\" content=\"720\" \/>\n\t<meta property=\"og:image:height\" content=\"473\" \/>\n\t<meta property=\"og:image:type\" content=\"image\/jpeg\" \/>\n<meta name=\"author\" content=\"Pedro M. Cortegoso Gago\" \/>\n<meta name=\"twitter:card\" content=\"summary_large_image\" \/>\n<meta name=\"twitter:image\" content=\"https:\/\/www.anovapeneira.gal\/wp-content\/uploads\/2019\/07\/ARTIGO_DE_OPINION_A_NOVA_PENEIRA.jpg\" \/>\n<meta name=\"twitter:creator\" content=\"@APeneira\" \/>\n<meta name=\"twitter:site\" content=\"@APeneira\" \/>\n<meta name=\"twitter:label1\" content=\"Escrito por\" \/>\n\t<meta name=\"twitter:data1\" content=\"Pedro M. Cortegoso Gago\" \/>\n\t<meta name=\"twitter:label2\" content=\"Tempo de lectura\" \/>\n\t<meta name=\"twitter:data2\" content=\"6 minutos\" \/>\n<script type=\"application\/ld+json\" class=\"yoast-schema-graph\">{\"@context\":\"https:\\\/\\\/schema.org\",\"@graph\":[{\"@type\":\"Article\",\"@id\":\"https:\\\/\\\/www.anovapeneira.gal\\\/index.php\\\/2022\\\/09\\\/05\\\/ucraina-unha-guerra-do-imperio-contra-o-mundo\\\/#article\",\"isPartOf\":{\"@id\":\"https:\\\/\\\/www.anovapeneira.gal\\\/index.php\\\/2022\\\/09\\\/05\\\/ucraina-unha-guerra-do-imperio-contra-o-mundo\\\/\"},\"author\":{\"name\":\"Pedro M. Cortegoso Gago\",\"@id\":\"https:\\\/\\\/www.anovapeneira.gal\\\/#\\\/schema\\\/person\\\/c04a9c9f722c9446e71ae434c0353337\"},\"headline\":\"Ucra\u00edna, unha guerra do imperio contra o mundo\",\"datePublished\":\"2022-09-05T08:00:50+00:00\",\"mainEntityOfPage\":{\"@id\":\"https:\\\/\\\/www.anovapeneira.gal\\\/index.php\\\/2022\\\/09\\\/05\\\/ucraina-unha-guerra-do-imperio-contra-o-mundo\\\/\"},\"wordCount\":1040,\"commentCount\":0,\"publisher\":{\"@id\":\"https:\\\/\\\/www.anovapeneira.gal\\\/#organization\"},\"image\":{\"@id\":\"https:\\\/\\\/www.anovapeneira.gal\\\/index.php\\\/2022\\\/09\\\/05\\\/ucraina-unha-guerra-do-imperio-contra-o-mundo\\\/#primaryimage\"},\"thumbnailUrl\":\"https:\\\/\\\/www.anovapeneira.gal\\\/wp-content\\\/uploads\\\/2019\\\/07\\\/ARTIGO_DE_OPINION_A_NOVA_PENEIRA.jpg\",\"articleSection\":[\"Artigos de opini\u00f3n\"],\"inLanguage\":\"gl-ES\",\"potentialAction\":[{\"@type\":\"CommentAction\",\"name\":\"Comment\",\"target\":[\"https:\\\/\\\/www.anovapeneira.gal\\\/index.php\\\/2022\\\/09\\\/05\\\/ucraina-unha-guerra-do-imperio-contra-o-mundo\\\/#respond\"]}]},{\"@type\":\"WebPage\",\"@id\":\"https:\\\/\\\/www.anovapeneira.gal\\\/index.php\\\/2022\\\/09\\\/05\\\/ucraina-unha-guerra-do-imperio-contra-o-mundo\\\/\",\"url\":\"https:\\\/\\\/www.anovapeneira.gal\\\/index.php\\\/2022\\\/09\\\/05\\\/ucraina-unha-guerra-do-imperio-contra-o-mundo\\\/\",\"name\":\"Ucra\u00edna, unha guerra do imperio contra o mundo -\",\"isPartOf\":{\"@id\":\"https:\\\/\\\/www.anovapeneira.gal\\\/#website\"},\"primaryImageOfPage\":{\"@id\":\"https:\\\/\\\/www.anovapeneira.gal\\\/index.php\\\/2022\\\/09\\\/05\\\/ucraina-unha-guerra-do-imperio-contra-o-mundo\\\/#primaryimage\"},\"image\":{\"@id\":\"https:\\\/\\\/www.anovapeneira.gal\\\/index.php\\\/2022\\\/09\\\/05\\\/ucraina-unha-guerra-do-imperio-contra-o-mundo\\\/#primaryimage\"},\"thumbnailUrl\":\"https:\\\/\\\/www.anovapeneira.gal\\\/wp-content\\\/uploads\\\/2019\\\/07\\\/ARTIGO_DE_OPINION_A_NOVA_PENEIRA.jpg\",\"datePublished\":\"2022-09-05T08:00:50+00:00\",\"description\":\"sa brutal alianza militar converteuse non m\u00e1is p\u00e9rfido instrumento de represi\u00f3n que co\u00f1eceu a historia da humanidade. A OTAN asumiu o papel represivo global tan pronto a URSS, que servira aos EEUU de pretexto para criala, deixou de existir\",\"breadcrumb\":{\"@id\":\"https:\\\/\\\/www.anovapeneira.gal\\\/index.php\\\/2022\\\/09\\\/05\\\/ucraina-unha-guerra-do-imperio-contra-o-mundo\\\/#breadcrumb\"},\"inLanguage\":\"gl-ES\",\"potentialAction\":[{\"@type\":\"ReadAction\",\"target\":[\"https:\\\/\\\/www.anovapeneira.gal\\\/index.php\\\/2022\\\/09\\\/05\\\/ucraina-unha-guerra-do-imperio-contra-o-mundo\\\/\"]}]},{\"@type\":\"ImageObject\",\"inLanguage\":\"gl-ES\",\"@id\":\"https:\\\/\\\/www.anovapeneira.gal\\\/index.php\\\/2022\\\/09\\\/05\\\/ucraina-unha-guerra-do-imperio-contra-o-mundo\\\/#primaryimage\",\"url\":\"https:\\\/\\\/www.anovapeneira.gal\\\/wp-content\\\/uploads\\\/2019\\\/07\\\/ARTIGO_DE_OPINION_A_NOVA_PENEIRA.jpg\",\"contentUrl\":\"https:\\\/\\\/www.anovapeneira.gal\\\/wp-content\\\/uploads\\\/2019\\\/07\\\/ARTIGO_DE_OPINION_A_NOVA_PENEIRA.jpg\",\"width\":720,\"height\":473,\"caption\":\"Artigo de opini\u00f3n A Nova Peneira\"},{\"@type\":\"BreadcrumbList\",\"@id\":\"https:\\\/\\\/www.anovapeneira.gal\\\/index.php\\\/2022\\\/09\\\/05\\\/ucraina-unha-guerra-do-imperio-contra-o-mundo\\\/#breadcrumb\",\"itemListElement\":[{\"@type\":\"ListItem\",\"position\":1,\"name\":\"Portada\",\"item\":\"https:\\\/\\\/www.anovapeneira.gal\\\/\"},{\"@type\":\"ListItem\",\"position\":2,\"name\":\"Ucra\u00edna, unha guerra do imperio contra o mundo\"}]},{\"@type\":\"WebSite\",\"@id\":\"https:\\\/\\\/www.anovapeneira.gal\\\/#website\",\"url\":\"https:\\\/\\\/www.anovapeneira.gal\\\/\",\"name\":\"\",\"description\":\"Xornal galego de informaci\u00f3n xeral Publicaci\u00f3n mensual de novas de Galicia e en especial dos Concellos da sur da provincia de Pontevedra.\",\"publisher\":{\"@id\":\"https:\\\/\\\/www.anovapeneira.gal\\\/#organization\"},\"potentialAction\":[{\"@type\":\"SearchAction\",\"target\":{\"@type\":\"EntryPoint\",\"urlTemplate\":\"https:\\\/\\\/www.anovapeneira.gal\\\/?s={search_term_string}\"},\"query-input\":{\"@type\":\"PropertyValueSpecification\",\"valueRequired\":true,\"valueName\":\"search_term_string\"}}],\"inLanguage\":\"gl-ES\"},{\"@type\":\"Organization\",\"@id\":\"https:\\\/\\\/www.anovapeneira.gal\\\/#organization\",\"name\":\"A Nova Peneira\",\"url\":\"https:\\\/\\\/www.anovapeneira.gal\\\/\",\"logo\":{\"@type\":\"ImageObject\",\"inLanguage\":\"gl-ES\",\"@id\":\"https:\\\/\\\/www.anovapeneira.gal\\\/#\\\/schema\\\/logo\\\/image\\\/\",\"url\":\"http:\\\/\\\/www.anovapeneira.gal\\\/wp-content\\\/uploads\\\/2019\\\/06\\\/logo_a_nova_peneira_portal_web.png\",\"contentUrl\":\"http:\\\/\\\/www.anovapeneira.gal\\\/wp-content\\\/uploads\\\/2019\\\/06\\\/logo_a_nova_peneira_portal_web.png\",\"width\":300,\"height\":100,\"caption\":\"A Nova Peneira\"},\"image\":{\"@id\":\"https:\\\/\\\/www.anovapeneira.gal\\\/#\\\/schema\\\/logo\\\/image\\\/\"},\"sameAs\":[\"https:\\\/\\\/www.facebook.com\\\/anovapeneira\",\"https:\\\/\\\/x.com\\\/APeneira\"]},{\"@type\":\"Person\",\"@id\":\"https:\\\/\\\/www.anovapeneira.gal\\\/#\\\/schema\\\/person\\\/c04a9c9f722c9446e71ae434c0353337\",\"name\":\"Pedro M. Cortegoso Gago\",\"image\":{\"@type\":\"ImageObject\",\"inLanguage\":\"gl-ES\",\"@id\":\"https:\\\/\\\/secure.gravatar.com\\\/avatar\\\/1613b27278a972c04db5c2f04fb2cbfa9edb58d6c3e2547817ecb8240eb58381?s=96&d=mm&r=g\",\"url\":\"https:\\\/\\\/secure.gravatar.com\\\/avatar\\\/1613b27278a972c04db5c2f04fb2cbfa9edb58d6c3e2547817ecb8240eb58381?s=96&d=mm&r=g\",\"contentUrl\":\"https:\\\/\\\/secure.gravatar.com\\\/avatar\\\/1613b27278a972c04db5c2f04fb2cbfa9edb58d6c3e2547817ecb8240eb58381?s=96&d=mm&r=g\",\"caption\":\"Pedro M. Cortegoso Gago\"},\"sameAs\":[\"http:\\\/\\\/anovapeneira.gal\"],\"url\":\"https:\\\/\\\/www.anovapeneira.gal\\\/index.php\\\/author\\\/opinionpcortegoso\\\/\"}]}<\/script>\n<!-- \/ Yoast SEO plugin. -->","yoast_head_json":{"title":"Ucra\u00edna, unha guerra do imperio contra o mundo -","description":"sa brutal alianza militar converteuse non m\u00e1is p\u00e9rfido instrumento de represi\u00f3n que co\u00f1eceu a historia da humanidade. A OTAN asumiu o papel represivo global tan pronto a URSS, que servira aos EEUU de pretexto para criala, deixou de existir","robots":{"index":"index","follow":"follow","max-snippet":"max-snippet:-1","max-image-preview":"max-image-preview:large","max-video-preview":"max-video-preview:-1"},"canonical":"https:\/\/www.anovapeneira.gal\/index.php\/2022\/09\/05\/ucraina-unha-guerra-do-imperio-contra-o-mundo\/","og_locale":"gl_ES","og_type":"article","og_title":"Ucra\u00edna, unha guerra do imperio contra o mundo -","og_description":"sa brutal alianza militar converteuse non m\u00e1is p\u00e9rfido instrumento de represi\u00f3n que co\u00f1eceu a historia da humanidade. A OTAN asumiu o papel represivo global tan pronto a URSS, que servira aos EEUU de pretexto para criala, deixou de existir","og_url":"https:\/\/www.anovapeneira.gal\/index.php\/2022\/09\/05\/ucraina-unha-guerra-do-imperio-contra-o-mundo\/","article_publisher":"https:\/\/www.facebook.com\/anovapeneira","article_published_time":"2022-09-05T08:00:50+00:00","og_image":[{"width":720,"height":473,"url":"https:\/\/www.anovapeneira.gal\/wp-content\/uploads\/2019\/07\/ARTIGO_DE_OPINION_A_NOVA_PENEIRA.jpg","type":"image\/jpeg"}],"author":"Pedro M. Cortegoso Gago","twitter_card":"summary_large_image","twitter_image":"https:\/\/www.anovapeneira.gal\/wp-content\/uploads\/2019\/07\/ARTIGO_DE_OPINION_A_NOVA_PENEIRA.jpg","twitter_creator":"@APeneira","twitter_site":"@APeneira","twitter_misc":{"Escrito por":"Pedro M. Cortegoso Gago","Tempo de lectura":"6 minutos"},"schema":{"@context":"https:\/\/schema.org","@graph":[{"@type":"Article","@id":"https:\/\/www.anovapeneira.gal\/index.php\/2022\/09\/05\/ucraina-unha-guerra-do-imperio-contra-o-mundo\/#article","isPartOf":{"@id":"https:\/\/www.anovapeneira.gal\/index.php\/2022\/09\/05\/ucraina-unha-guerra-do-imperio-contra-o-mundo\/"},"author":{"name":"Pedro M. Cortegoso Gago","@id":"https:\/\/www.anovapeneira.gal\/#\/schema\/person\/c04a9c9f722c9446e71ae434c0353337"},"headline":"Ucra\u00edna, unha guerra do imperio contra o mundo","datePublished":"2022-09-05T08:00:50+00:00","mainEntityOfPage":{"@id":"https:\/\/www.anovapeneira.gal\/index.php\/2022\/09\/05\/ucraina-unha-guerra-do-imperio-contra-o-mundo\/"},"wordCount":1040,"commentCount":0,"publisher":{"@id":"https:\/\/www.anovapeneira.gal\/#organization"},"image":{"@id":"https:\/\/www.anovapeneira.gal\/index.php\/2022\/09\/05\/ucraina-unha-guerra-do-imperio-contra-o-mundo\/#primaryimage"},"thumbnailUrl":"https:\/\/www.anovapeneira.gal\/wp-content\/uploads\/2019\/07\/ARTIGO_DE_OPINION_A_NOVA_PENEIRA.jpg","articleSection":["Artigos de opini\u00f3n"],"inLanguage":"gl-ES","potentialAction":[{"@type":"CommentAction","name":"Comment","target":["https:\/\/www.anovapeneira.gal\/index.php\/2022\/09\/05\/ucraina-unha-guerra-do-imperio-contra-o-mundo\/#respond"]}]},{"@type":"WebPage","@id":"https:\/\/www.anovapeneira.gal\/index.php\/2022\/09\/05\/ucraina-unha-guerra-do-imperio-contra-o-mundo\/","url":"https:\/\/www.anovapeneira.gal\/index.php\/2022\/09\/05\/ucraina-unha-guerra-do-imperio-contra-o-mundo\/","name":"Ucra\u00edna, unha guerra do imperio contra o mundo -","isPartOf":{"@id":"https:\/\/www.anovapeneira.gal\/#website"},"primaryImageOfPage":{"@id":"https:\/\/www.anovapeneira.gal\/index.php\/2022\/09\/05\/ucraina-unha-guerra-do-imperio-contra-o-mundo\/#primaryimage"},"image":{"@id":"https:\/\/www.anovapeneira.gal\/index.php\/2022\/09\/05\/ucraina-unha-guerra-do-imperio-contra-o-mundo\/#primaryimage"},"thumbnailUrl":"https:\/\/www.anovapeneira.gal\/wp-content\/uploads\/2019\/07\/ARTIGO_DE_OPINION_A_NOVA_PENEIRA.jpg","datePublished":"2022-09-05T08:00:50+00:00","description":"sa brutal alianza militar converteuse non m\u00e1is p\u00e9rfido instrumento de represi\u00f3n que co\u00f1eceu a historia da humanidade. A OTAN asumiu o papel represivo global tan pronto a URSS, que servira aos EEUU de pretexto para criala, deixou de existir","breadcrumb":{"@id":"https:\/\/www.anovapeneira.gal\/index.php\/2022\/09\/05\/ucraina-unha-guerra-do-imperio-contra-o-mundo\/#breadcrumb"},"inLanguage":"gl-ES","potentialAction":[{"@type":"ReadAction","target":["https:\/\/www.anovapeneira.gal\/index.php\/2022\/09\/05\/ucraina-unha-guerra-do-imperio-contra-o-mundo\/"]}]},{"@type":"ImageObject","inLanguage":"gl-ES","@id":"https:\/\/www.anovapeneira.gal\/index.php\/2022\/09\/05\/ucraina-unha-guerra-do-imperio-contra-o-mundo\/#primaryimage","url":"https:\/\/www.anovapeneira.gal\/wp-content\/uploads\/2019\/07\/ARTIGO_DE_OPINION_A_NOVA_PENEIRA.jpg","contentUrl":"https:\/\/www.anovapeneira.gal\/wp-content\/uploads\/2019\/07\/ARTIGO_DE_OPINION_A_NOVA_PENEIRA.jpg","width":720,"height":473,"caption":"Artigo de opini\u00f3n A Nova Peneira"},{"@type":"BreadcrumbList","@id":"https:\/\/www.anovapeneira.gal\/index.php\/2022\/09\/05\/ucraina-unha-guerra-do-imperio-contra-o-mundo\/#breadcrumb","itemListElement":[{"@type":"ListItem","position":1,"name":"Portada","item":"https:\/\/www.anovapeneira.gal\/"},{"@type":"ListItem","position":2,"name":"Ucra\u00edna, unha guerra do imperio contra o mundo"}]},{"@type":"WebSite","@id":"https:\/\/www.anovapeneira.gal\/#website","url":"https:\/\/www.anovapeneira.gal\/","name":"","description":"Xornal galego de informaci\u00f3n xeral Publicaci\u00f3n mensual de novas de Galicia e en especial dos Concellos da sur da provincia de Pontevedra.","publisher":{"@id":"https:\/\/www.anovapeneira.gal\/#organization"},"potentialAction":[{"@type":"SearchAction","target":{"@type":"EntryPoint","urlTemplate":"https:\/\/www.anovapeneira.gal\/?s={search_term_string}"},"query-input":{"@type":"PropertyValueSpecification","valueRequired":true,"valueName":"search_term_string"}}],"inLanguage":"gl-ES"},{"@type":"Organization","@id":"https:\/\/www.anovapeneira.gal\/#organization","name":"A Nova Peneira","url":"https:\/\/www.anovapeneira.gal\/","logo":{"@type":"ImageObject","inLanguage":"gl-ES","@id":"https:\/\/www.anovapeneira.gal\/#\/schema\/logo\/image\/","url":"http:\/\/www.anovapeneira.gal\/wp-content\/uploads\/2019\/06\/logo_a_nova_peneira_portal_web.png","contentUrl":"http:\/\/www.anovapeneira.gal\/wp-content\/uploads\/2019\/06\/logo_a_nova_peneira_portal_web.png","width":300,"height":100,"caption":"A Nova Peneira"},"image":{"@id":"https:\/\/www.anovapeneira.gal\/#\/schema\/logo\/image\/"},"sameAs":["https:\/\/www.facebook.com\/anovapeneira","https:\/\/x.com\/APeneira"]},{"@type":"Person","@id":"https:\/\/www.anovapeneira.gal\/#\/schema\/person\/c04a9c9f722c9446e71ae434c0353337","name":"Pedro M. Cortegoso Gago","image":{"@type":"ImageObject","inLanguage":"gl-ES","@id":"https:\/\/secure.gravatar.com\/avatar\/1613b27278a972c04db5c2f04fb2cbfa9edb58d6c3e2547817ecb8240eb58381?s=96&d=mm&r=g","url":"https:\/\/secure.gravatar.com\/avatar\/1613b27278a972c04db5c2f04fb2cbfa9edb58d6c3e2547817ecb8240eb58381?s=96&d=mm&r=g","contentUrl":"https:\/\/secure.gravatar.com\/avatar\/1613b27278a972c04db5c2f04fb2cbfa9edb58d6c3e2547817ecb8240eb58381?s=96&d=mm&r=g","caption":"Pedro M. Cortegoso Gago"},"sameAs":["http:\/\/anovapeneira.gal"],"url":"https:\/\/www.anovapeneira.gal\/index.php\/author\/opinionpcortegoso\/"}]}},"jetpack_featured_media_url":"https:\/\/www.anovapeneira.gal\/wp-content\/uploads\/2019\/07\/ARTIGO_DE_OPINION_A_NOVA_PENEIRA.jpg","_links":{"self":[{"href":"https:\/\/www.anovapeneira.gal\/index.php\/wp-json\/wp\/v2\/posts\/8085","targetHints":{"allow":["GET"]}}],"collection":[{"href":"https:\/\/www.anovapeneira.gal\/index.php\/wp-json\/wp\/v2\/posts"}],"about":[{"href":"https:\/\/www.anovapeneira.gal\/index.php\/wp-json\/wp\/v2\/types\/post"}],"author":[{"embeddable":true,"href":"https:\/\/www.anovapeneira.gal\/index.php\/wp-json\/wp\/v2\/users\/4"}],"replies":[{"embeddable":true,"href":"https:\/\/www.anovapeneira.gal\/index.php\/wp-json\/wp\/v2\/comments?post=8085"}],"version-history":[{"count":2,"href":"https:\/\/www.anovapeneira.gal\/index.php\/wp-json\/wp\/v2\/posts\/8085\/revisions"}],"predecessor-version":[{"id":8087,"href":"https:\/\/www.anovapeneira.gal\/index.php\/wp-json\/wp\/v2\/posts\/8085\/revisions\/8087"}],"wp:featuredmedia":[{"embeddable":true,"href":"https:\/\/www.anovapeneira.gal\/index.php\/wp-json\/wp\/v2\/media\/584"}],"wp:attachment":[{"href":"https:\/\/www.anovapeneira.gal\/index.php\/wp-json\/wp\/v2\/media?parent=8085"}],"wp:term":[{"taxonomy":"category","embeddable":true,"href":"https:\/\/www.anovapeneira.gal\/index.php\/wp-json\/wp\/v2\/categories?post=8085"},{"taxonomy":"post_tag","embeddable":true,"href":"https:\/\/www.anovapeneira.gal\/index.php\/wp-json\/wp\/v2\/tags?post=8085"}],"curies":[{"name":"wp","href":"https:\/\/api.w.org\/{rel}","templated":true}]}}