{"id":8088,"date":"2022-09-05T12:00:30","date_gmt":"2022-09-05T10:00:30","guid":{"rendered":"https:\/\/www.anovapeneira.gal\/?p=8088"},"modified":"2022-09-04T19:07:27","modified_gmt":"2022-09-04T17:07:27","slug":"o-bng-de-vigo-pide-un-novo-convenio-para-a-etea-que-garanta-a-titularidade-municipal-dos-terreos-e-instalacions-deportivas","status":"publish","type":"post","link":"https:\/\/www.anovapeneira.gal\/index.php\/2022\/09\/05\/o-bng-de-vigo-pide-un-novo-convenio-para-a-etea-que-garanta-a-titularidade-municipal-dos-terreos-e-instalacions-deportivas\/","title":{"rendered":"O BNG de Vigo pide un novo convenio para a ETEA que garanta a titularidade municipal dos terreos e instalaci\u00f3ns deportivas"},"content":{"rendered":"\n<h2 class=\"wp-block-heading\">A fronte nacionalista formula un voto particular fronte ao <strong>\u00ab<\/strong>disparate<strong>\u00bb <\/strong>defendido por Abel Caballero de desafectar e devolver a parcela e as instalaci\u00f3ns deportivas \u00e1 Zona Franca para pagar un canon anual de 130 mil euros<\/h2>\n\n\n\n<p>Xabier P. Igrexas: \u00abEsta sa\u00edda en falso vai supo\u00f1er un grav\u00edsimo prexu\u00edzo para a veci\u00f1anza, cando o Concello ti\u00f1a que liderar a recuperaci\u00f3n efectiva deste importante \u00e1mbito en Teis\u00bb<\/p>\n\n\n\n<p><br><strong>VIGO, 2 de setembro 2022.<\/strong><\/p>\n\n\n\n<p>O Bloque Nacionalista Galego de Vigo pide promover un novo convenio para a ETEA que permita garantir o dominio p\u00fablico municipal das parcelas das que \u00e9 titular o Concello. A fronte nacionalista v\u00e9n de rexistrar un voto particular en contra da pretensi\u00f3n do goberno de Abel Caballero de desafectar e devolver a parcela na que est\u00e1n, entre outros, as instalaci\u00f3ns deportivas \u00e1 Zona Franca, unha decisi\u00f3n que a xu\u00edzo do BNG sup\u00f3n \u00abunha sa\u00edda en falso\u00bb para que o Concello contin\u00fae a desentenderse deste \u00e1mbito no barrio de Teis. Esta cuesti\u00f3n ser\u00e1 abordada no Pleno convocado para o vindeiro 7 de setembro.<\/p>\n\n\n\n<p>As\u00ed o manifestou o concelleiro do BNG de Vigo, Xabier P. Igrexas, tras manter este venres unha xuntanza con membros da directiva da Asociaci\u00f3n Veci\u00f1al de Teis. \u00abDiante do incumprimento do convenio do ano 2009 e para executar a sentenza do TSXG, c\u00f3mpre agora formular un novo acordo de colaboraci\u00f3n entre o Concello de Vigo, a Zona Franca e a Xunta de Galiza que permita garantir a continuidade baixo dominio p\u00fablico municipal destas parcelas, unha f\u00f3rmula fact\u00edbel e legal suxerida polos propios servizos xur\u00eddicos do Concello\u00bb, defendeu o edil nacionalista.<\/p>\n\n\n\n<p>Igrexas advertiu de que esta a desafecci\u00f3n e devoluci\u00f3n da parcela supor\u00e1 \u00abun grav\u00edsimo prexu\u00edzo para a veci\u00f1anza\u00bb, en particular no referido \u00e1s instalaci\u00f3ns deportivas nas que o Concello investiu dous mill\u00f3ns de euros para a s\u00faa posta en marcha e que, de aprobarse no vindeiro Pleno a proposta do Goberno municipal, ser\u00e1n cedidas de forma gratu\u00edta \u00e1 Zona Franca para acabar pagando un canon anual de arredor de 130 mil euros de di\u00f1eiro p\u00fablico das viguesas e dos vigueses. \u00abEsta sa\u00edda vai supo\u00f1er si ou si o peche, inda que sexa temporal, destas instalaci\u00f3ns deportivas, algo inacept\u00e1bel\u00bb, advertiu.<\/p>\n\n\n\n<p>Nese sentido, o concelleiro do BNG chamou a resolver a situaci\u00f3n mediante a cooperaci\u00f3n institucional e cuestionou que a Zona Franca, cuxa acci\u00f3n est\u00e1 centrada na promoci\u00f3n da actividade empresarial e industrial, vaia ser titular de espazos p\u00fablicos ou de instalaci\u00f3ns deportivas. \u00ab\u00c9 un disparate, por iso desde o BNG insistimos en que o Concello de Vigo ten que deixar dunha vez esta posici\u00f3n pasiva, de abandono da ETEA, para pasar a liderar a recuperaci\u00f3n efectiva deste importante \u00e1mbito\u00bb, salientou Igrexas.<\/p>\n\n\n\n<p>O edil nacionalista lembrou que, d\u00faas d\u00e9cadas despois da sa\u00edda dos militares, a ETEA contin\u00faa abandonada e sen desenvolver polas administraci\u00f3ns e que esta decisi\u00f3n de Abel Caballero supor\u00e1 retroceder \u00e1 \u00abcasilla de inicio\u00bb.<\/p>\n\n\n\n<p><strong>\u00abAbel Caballero mentiu reiteradamente \u00e1 veci\u00f1anza de Teis\u00bb<\/strong><\/p>\n\n\n\n<p>Desde a Asociaci\u00f3n Veci\u00f1al de Teis mostraron tam\u00e9n o seu rexeitamento a esta decisi\u00f3n do Goberno municipal e instaron ao Concello de Vigo a buscar outra sa\u00edda que permita que estes terreos sigan sendo de titularidade municipal para poder iniciar, dunha vez, a recuperaci\u00f3n deste espazo.<\/p>\n\n\n\n<p>\u00abAbel Caballero mentiu reiteradamente \u00e1 veci\u00f1anza de Teis e de Vigo en relaci\u00f3n \u00e1 ETEA. Sempre dixo que o Concello s\u00f3 ti\u00f1a responsabilidade sobre o pavill\u00f3n e agora reco\u00f1ece que 51 mil metros cadrados pertenc\u00edan ao patrimonio municipal\u00bb, afeou o seu presidente, Anxo Iglesias. \u00abO que nos preocupa \u00e9 o desinterese e o desleixo que amosa o Concello de Vigo e esta decisi\u00f3n s\u00f3 vai a provocar que perdamos a\u00ednda m\u00e1is tempo e que entre uns e outros a ETEA siga abandonada\u00bb, asegurou.<\/p>\n","protected":false},"excerpt":{"rendered":"<div class=\"mh-excerpt\"><p>A fronte nacionalista formula un voto particular fronte ao \u00abdisparate\u00bb defendido por Abel Caballero de desafectar e devolver a parcela e as instalaci\u00f3ns deportivas \u00e1 Zona Franca para pagar un canon anual de 130 mil euros <a class=\"mh-excerpt-more\" href=\"https:\/\/www.anovapeneira.gal\/index.php\/2022\/09\/05\/o-bng-de-vigo-pide-un-novo-convenio-para-a-etea-que-garanta-a-titularidade-municipal-dos-terreos-e-instalacions-deportivas\/\" title=\"O BNG de Vigo pide un novo convenio para a ETEA que garanta a titularidade municipal dos terreos e instalaci\u00f3ns deportivas\">[&#8230;]<\/a><\/p>\n<\/div>","protected":false},"author":3,"featured_media":8090,"comment_status":"open","ping_status":"open","sticky":false,"template":"","format":"standard","meta":{"_exactmetrics_skip_tracking":false,"_exactmetrics_sitenote_active":false,"_exactmetrics_sitenote_note":"","_exactmetrics_sitenote_category":0,"footnotes":""},"categories":[19],"tags":[227],"class_list":{"0":"post-8088","1":"post","2":"type-post","3":"status-publish","4":"format-standard","5":"has-post-thumbnail","7":"category-vigo","8":"tag-concello-de-vigo"},"yoast_head":"<!-- This site is optimized with the Yoast SEO plugin v27.4 - https:\/\/yoast.com\/product\/yoast-seo-wordpress\/ -->\n<title>O BNG de Vigo pide un novo convenio para a ETEA que garanta a titularidade municipal dos terreos e instalaci\u00f3ns deportivas -<\/title>\n<meta name=\"description\" content=\"A fronte nacionalista formula un voto particular fronte ao \u00abdisparate\u00bb defendido por Abel Caballero de desafectar e devolver a parcela e as instalaci\u00f3ns deportivas \u00e1 Zona Franca para pagar un canon anual de 130 mil euros\" \/>\n<meta name=\"robots\" content=\"index, follow, max-snippet:-1, max-image-preview:large, max-video-preview:-1\" \/>\n<link rel=\"canonical\" href=\"https:\/\/www.anovapeneira.gal\/index.php\/2022\/09\/05\/o-bng-de-vigo-pide-un-novo-convenio-para-a-etea-que-garanta-a-titularidade-municipal-dos-terreos-e-instalacions-deportivas\/\" \/>\n<meta property=\"og:locale\" content=\"gl_ES\" \/>\n<meta property=\"og:type\" content=\"article\" \/>\n<meta property=\"og:title\" content=\"O BNG de Vigo pide un novo convenio para a ETEA que garanta a titularidade municipal dos terreos e instalaci\u00f3ns deportivas -\" \/>\n<meta property=\"og:description\" content=\"A fronte nacionalista formula un voto particular fronte ao \u00abdisparate\u00bb defendido por Abel Caballero de desafectar e devolver a parcela e as instalaci\u00f3ns deportivas \u00e1 Zona Franca para pagar un canon anual de 130 mil euros\" \/>\n<meta property=\"og:url\" content=\"https:\/\/www.anovapeneira.gal\/index.php\/2022\/09\/05\/o-bng-de-vigo-pide-un-novo-convenio-para-a-etea-que-garanta-a-titularidade-municipal-dos-terreos-e-instalacions-deportivas\/\" \/>\n<meta property=\"article:publisher\" content=\"https:\/\/www.facebook.com\/anovapeneira\" \/>\n<meta property=\"article:published_time\" content=\"2022-09-05T10:00:30+00:00\" \/>\n<meta property=\"og:image\" content=\"https:\/\/www.anovapeneira.gal\/wp-content\/uploads\/2022\/09\/Xuntanza_BNG_Vigo_AV_Teis.jpg\" \/>\n\t<meta property=\"og:image:width\" content=\"720\" \/>\n\t<meta property=\"og:image:height\" content=\"432\" \/>\n\t<meta property=\"og:image:type\" content=\"image\/jpeg\" \/>\n<meta name=\"author\" content=\"Redacci\u00f3n A Nova Peneira\" \/>\n<meta name=\"twitter:card\" content=\"summary_large_image\" \/>\n<meta name=\"twitter:creator\" content=\"@APeneira\" \/>\n<meta name=\"twitter:site\" content=\"@APeneira\" \/>\n<meta name=\"twitter:label1\" content=\"Escrito por\" \/>\n\t<meta name=\"twitter:data1\" content=\"Redacci\u00f3n A Nova Peneira\" \/>\n\t<meta name=\"twitter:label2\" content=\"Tempo de lectura\" \/>\n\t<meta name=\"twitter:data2\" content=\"4 minutos\" \/>\n<script type=\"application\/ld+json\" class=\"yoast-schema-graph\">{\"@context\":\"https:\\\/\\\/schema.org\",\"@graph\":[{\"@type\":\"Article\",\"@id\":\"https:\\\/\\\/www.anovapeneira.gal\\\/index.php\\\/2022\\\/09\\\/05\\\/o-bng-de-vigo-pide-un-novo-convenio-para-a-etea-que-garanta-a-titularidade-municipal-dos-terreos-e-instalacions-deportivas\\\/#article\",\"isPartOf\":{\"@id\":\"https:\\\/\\\/www.anovapeneira.gal\\\/index.php\\\/2022\\\/09\\\/05\\\/o-bng-de-vigo-pide-un-novo-convenio-para-a-etea-que-garanta-a-titularidade-municipal-dos-terreos-e-instalacions-deportivas\\\/\"},\"author\":{\"name\":\"Redacci\u00f3n A Nova Peneira\",\"@id\":\"https:\\\/\\\/www.anovapeneira.gal\\\/#\\\/schema\\\/person\\\/b93e3f8932e3f8da96334607eb6ac6aa\"},\"headline\":\"O BNG de Vigo pide un novo convenio para a ETEA que garanta a titularidade municipal dos terreos e instalaci\u00f3ns deportivas\",\"datePublished\":\"2022-09-05T10:00:30+00:00\",\"mainEntityOfPage\":{\"@id\":\"https:\\\/\\\/www.anovapeneira.gal\\\/index.php\\\/2022\\\/09\\\/05\\\/o-bng-de-vigo-pide-un-novo-convenio-para-a-etea-que-garanta-a-titularidade-municipal-dos-terreos-e-instalacions-deportivas\\\/\"},\"wordCount\":691,\"commentCount\":0,\"publisher\":{\"@id\":\"https:\\\/\\\/www.anovapeneira.gal\\\/#organization\"},\"image\":{\"@id\":\"https:\\\/\\\/www.anovapeneira.gal\\\/index.php\\\/2022\\\/09\\\/05\\\/o-bng-de-vigo-pide-un-novo-convenio-para-a-etea-que-garanta-a-titularidade-municipal-dos-terreos-e-instalacions-deportivas\\\/#primaryimage\"},\"thumbnailUrl\":\"https:\\\/\\\/www.anovapeneira.gal\\\/wp-content\\\/uploads\\\/2022\\\/09\\\/Xuntanza_BNG_Vigo_AV_Teis.jpg\",\"keywords\":[\"Concello de Vigo\"],\"articleSection\":[\"Vigo\"],\"inLanguage\":\"gl-ES\",\"potentialAction\":[{\"@type\":\"CommentAction\",\"name\":\"Comment\",\"target\":[\"https:\\\/\\\/www.anovapeneira.gal\\\/index.php\\\/2022\\\/09\\\/05\\\/o-bng-de-vigo-pide-un-novo-convenio-para-a-etea-que-garanta-a-titularidade-municipal-dos-terreos-e-instalacions-deportivas\\\/#respond\"]}]},{\"@type\":\"WebPage\",\"@id\":\"https:\\\/\\\/www.anovapeneira.gal\\\/index.php\\\/2022\\\/09\\\/05\\\/o-bng-de-vigo-pide-un-novo-convenio-para-a-etea-que-garanta-a-titularidade-municipal-dos-terreos-e-instalacions-deportivas\\\/\",\"url\":\"https:\\\/\\\/www.anovapeneira.gal\\\/index.php\\\/2022\\\/09\\\/05\\\/o-bng-de-vigo-pide-un-novo-convenio-para-a-etea-que-garanta-a-titularidade-municipal-dos-terreos-e-instalacions-deportivas\\\/\",\"name\":\"O BNG de Vigo pide un novo convenio para a ETEA que garanta a titularidade municipal dos terreos e instalaci\u00f3ns deportivas -\",\"isPartOf\":{\"@id\":\"https:\\\/\\\/www.anovapeneira.gal\\\/#website\"},\"primaryImageOfPage\":{\"@id\":\"https:\\\/\\\/www.anovapeneira.gal\\\/index.php\\\/2022\\\/09\\\/05\\\/o-bng-de-vigo-pide-un-novo-convenio-para-a-etea-que-garanta-a-titularidade-municipal-dos-terreos-e-instalacions-deportivas\\\/#primaryimage\"},\"image\":{\"@id\":\"https:\\\/\\\/www.anovapeneira.gal\\\/index.php\\\/2022\\\/09\\\/05\\\/o-bng-de-vigo-pide-un-novo-convenio-para-a-etea-que-garanta-a-titularidade-municipal-dos-terreos-e-instalacions-deportivas\\\/#primaryimage\"},\"thumbnailUrl\":\"https:\\\/\\\/www.anovapeneira.gal\\\/wp-content\\\/uploads\\\/2022\\\/09\\\/Xuntanza_BNG_Vigo_AV_Teis.jpg\",\"datePublished\":\"2022-09-05T10:00:30+00:00\",\"description\":\"A fronte nacionalista formula un voto particular fronte ao \u00abdisparate\u00bb defendido por Abel Caballero de desafectar e devolver a parcela e as instalaci\u00f3ns deportivas \u00e1 Zona Franca para pagar un canon anual de 130 mil euros\",\"breadcrumb\":{\"@id\":\"https:\\\/\\\/www.anovapeneira.gal\\\/index.php\\\/2022\\\/09\\\/05\\\/o-bng-de-vigo-pide-un-novo-convenio-para-a-etea-que-garanta-a-titularidade-municipal-dos-terreos-e-instalacions-deportivas\\\/#breadcrumb\"},\"inLanguage\":\"gl-ES\",\"potentialAction\":[{\"@type\":\"ReadAction\",\"target\":[\"https:\\\/\\\/www.anovapeneira.gal\\\/index.php\\\/2022\\\/09\\\/05\\\/o-bng-de-vigo-pide-un-novo-convenio-para-a-etea-que-garanta-a-titularidade-municipal-dos-terreos-e-instalacions-deportivas\\\/\"]}]},{\"@type\":\"ImageObject\",\"inLanguage\":\"gl-ES\",\"@id\":\"https:\\\/\\\/www.anovapeneira.gal\\\/index.php\\\/2022\\\/09\\\/05\\\/o-bng-de-vigo-pide-un-novo-convenio-para-a-etea-que-garanta-a-titularidade-municipal-dos-terreos-e-instalacions-deportivas\\\/#primaryimage\",\"url\":\"https:\\\/\\\/www.anovapeneira.gal\\\/wp-content\\\/uploads\\\/2022\\\/09\\\/Xuntanza_BNG_Vigo_AV_Teis.jpg\",\"contentUrl\":\"https:\\\/\\\/www.anovapeneira.gal\\\/wp-content\\\/uploads\\\/2022\\\/09\\\/Xuntanza_BNG_Vigo_AV_Teis.jpg\",\"width\":720,\"height\":432,\"caption\":\"O BNG de Vigo pide un novo convenio para a ETEA que garanta a titularidade municipal dos terreos e instalaci\u00f3ns deportivas\"},{\"@type\":\"BreadcrumbList\",\"@id\":\"https:\\\/\\\/www.anovapeneira.gal\\\/index.php\\\/2022\\\/09\\\/05\\\/o-bng-de-vigo-pide-un-novo-convenio-para-a-etea-que-garanta-a-titularidade-municipal-dos-terreos-e-instalacions-deportivas\\\/#breadcrumb\",\"itemListElement\":[{\"@type\":\"ListItem\",\"position\":1,\"name\":\"Portada\",\"item\":\"https:\\\/\\\/www.anovapeneira.gal\\\/\"},{\"@type\":\"ListItem\",\"position\":2,\"name\":\"O BNG de Vigo pide un novo convenio para a ETEA que garanta a titularidade municipal dos terreos e instalaci\u00f3ns deportivas\"}]},{\"@type\":\"WebSite\",\"@id\":\"https:\\\/\\\/www.anovapeneira.gal\\\/#website\",\"url\":\"https:\\\/\\\/www.anovapeneira.gal\\\/\",\"name\":\"\",\"description\":\"Xornal galego de informaci\u00f3n xeral Publicaci\u00f3n mensual de novas de Galicia e en especial dos Concellos da sur da provincia de Pontevedra.\",\"publisher\":{\"@id\":\"https:\\\/\\\/www.anovapeneira.gal\\\/#organization\"},\"potentialAction\":[{\"@type\":\"SearchAction\",\"target\":{\"@type\":\"EntryPoint\",\"urlTemplate\":\"https:\\\/\\\/www.anovapeneira.gal\\\/?s={search_term_string}\"},\"query-input\":{\"@type\":\"PropertyValueSpecification\",\"valueRequired\":true,\"valueName\":\"search_term_string\"}}],\"inLanguage\":\"gl-ES\"},{\"@type\":\"Organization\",\"@id\":\"https:\\\/\\\/www.anovapeneira.gal\\\/#organization\",\"name\":\"A Nova Peneira\",\"url\":\"https:\\\/\\\/www.anovapeneira.gal\\\/\",\"logo\":{\"@type\":\"ImageObject\",\"inLanguage\":\"gl-ES\",\"@id\":\"https:\\\/\\\/www.anovapeneira.gal\\\/#\\\/schema\\\/logo\\\/image\\\/\",\"url\":\"http:\\\/\\\/www.anovapeneira.gal\\\/wp-content\\\/uploads\\\/2019\\\/06\\\/logo_a_nova_peneira_portal_web.png\",\"contentUrl\":\"http:\\\/\\\/www.anovapeneira.gal\\\/wp-content\\\/uploads\\\/2019\\\/06\\\/logo_a_nova_peneira_portal_web.png\",\"width\":300,\"height\":100,\"caption\":\"A Nova Peneira\"},\"image\":{\"@id\":\"https:\\\/\\\/www.anovapeneira.gal\\\/#\\\/schema\\\/logo\\\/image\\\/\"},\"sameAs\":[\"https:\\\/\\\/www.facebook.com\\\/anovapeneira\",\"https:\\\/\\\/x.com\\\/APeneira\"]},{\"@type\":\"Person\",\"@id\":\"https:\\\/\\\/www.anovapeneira.gal\\\/#\\\/schema\\\/person\\\/b93e3f8932e3f8da96334607eb6ac6aa\",\"name\":\"Redacci\u00f3n A Nova Peneira\",\"image\":{\"@type\":\"ImageObject\",\"inLanguage\":\"gl-ES\",\"@id\":\"https:\\\/\\\/secure.gravatar.com\\\/avatar\\\/c052a2551a06e23fac63626232eaa90abd78dbcf1700fc46a2b2c89fd27b735f?s=96&d=mm&r=g\",\"url\":\"https:\\\/\\\/secure.gravatar.com\\\/avatar\\\/c052a2551a06e23fac63626232eaa90abd78dbcf1700fc46a2b2c89fd27b735f?s=96&d=mm&r=g\",\"contentUrl\":\"https:\\\/\\\/secure.gravatar.com\\\/avatar\\\/c052a2551a06e23fac63626232eaa90abd78dbcf1700fc46a2b2c89fd27b735f?s=96&d=mm&r=g\",\"caption\":\"Redacci\u00f3n A Nova Peneira\"},\"sameAs\":[\"http:\\\/\\\/www.anovapeneira.gal\\\/\"],\"url\":\"https:\\\/\\\/www.anovapeneira.gal\\\/index.php\\\/author\\\/redactor\\\/\"}]}<\/script>\n<!-- \/ Yoast SEO plugin. -->","yoast_head_json":{"title":"O BNG de Vigo pide un novo convenio para a ETEA que garanta a titularidade municipal dos terreos e instalaci\u00f3ns deportivas -","description":"A fronte nacionalista formula un voto particular fronte ao \u00abdisparate\u00bb defendido por Abel Caballero de desafectar e devolver a parcela e as instalaci\u00f3ns deportivas \u00e1 Zona Franca para pagar un canon anual de 130 mil euros","robots":{"index":"index","follow":"follow","max-snippet":"max-snippet:-1","max-image-preview":"max-image-preview:large","max-video-preview":"max-video-preview:-1"},"canonical":"https:\/\/www.anovapeneira.gal\/index.php\/2022\/09\/05\/o-bng-de-vigo-pide-un-novo-convenio-para-a-etea-que-garanta-a-titularidade-municipal-dos-terreos-e-instalacions-deportivas\/","og_locale":"gl_ES","og_type":"article","og_title":"O BNG de Vigo pide un novo convenio para a ETEA que garanta a titularidade municipal dos terreos e instalaci\u00f3ns deportivas -","og_description":"A fronte nacionalista formula un voto particular fronte ao \u00abdisparate\u00bb defendido por Abel Caballero de desafectar e devolver a parcela e as instalaci\u00f3ns deportivas \u00e1 Zona Franca para pagar un canon anual de 130 mil euros","og_url":"https:\/\/www.anovapeneira.gal\/index.php\/2022\/09\/05\/o-bng-de-vigo-pide-un-novo-convenio-para-a-etea-que-garanta-a-titularidade-municipal-dos-terreos-e-instalacions-deportivas\/","article_publisher":"https:\/\/www.facebook.com\/anovapeneira","article_published_time":"2022-09-05T10:00:30+00:00","og_image":[{"width":720,"height":432,"url":"https:\/\/www.anovapeneira.gal\/wp-content\/uploads\/2022\/09\/Xuntanza_BNG_Vigo_AV_Teis.jpg","type":"image\/jpeg"}],"author":"Redacci\u00f3n A Nova Peneira","twitter_card":"summary_large_image","twitter_creator":"@APeneira","twitter_site":"@APeneira","twitter_misc":{"Escrito por":"Redacci\u00f3n A Nova Peneira","Tempo de lectura":"4 minutos"},"schema":{"@context":"https:\/\/schema.org","@graph":[{"@type":"Article","@id":"https:\/\/www.anovapeneira.gal\/index.php\/2022\/09\/05\/o-bng-de-vigo-pide-un-novo-convenio-para-a-etea-que-garanta-a-titularidade-municipal-dos-terreos-e-instalacions-deportivas\/#article","isPartOf":{"@id":"https:\/\/www.anovapeneira.gal\/index.php\/2022\/09\/05\/o-bng-de-vigo-pide-un-novo-convenio-para-a-etea-que-garanta-a-titularidade-municipal-dos-terreos-e-instalacions-deportivas\/"},"author":{"name":"Redacci\u00f3n A Nova Peneira","@id":"https:\/\/www.anovapeneira.gal\/#\/schema\/person\/b93e3f8932e3f8da96334607eb6ac6aa"},"headline":"O BNG de Vigo pide un novo convenio para a ETEA que garanta a titularidade municipal dos terreos e instalaci\u00f3ns deportivas","datePublished":"2022-09-05T10:00:30+00:00","mainEntityOfPage":{"@id":"https:\/\/www.anovapeneira.gal\/index.php\/2022\/09\/05\/o-bng-de-vigo-pide-un-novo-convenio-para-a-etea-que-garanta-a-titularidade-municipal-dos-terreos-e-instalacions-deportivas\/"},"wordCount":691,"commentCount":0,"publisher":{"@id":"https:\/\/www.anovapeneira.gal\/#organization"},"image":{"@id":"https:\/\/www.anovapeneira.gal\/index.php\/2022\/09\/05\/o-bng-de-vigo-pide-un-novo-convenio-para-a-etea-que-garanta-a-titularidade-municipal-dos-terreos-e-instalacions-deportivas\/#primaryimage"},"thumbnailUrl":"https:\/\/www.anovapeneira.gal\/wp-content\/uploads\/2022\/09\/Xuntanza_BNG_Vigo_AV_Teis.jpg","keywords":["Concello de Vigo"],"articleSection":["Vigo"],"inLanguage":"gl-ES","potentialAction":[{"@type":"CommentAction","name":"Comment","target":["https:\/\/www.anovapeneira.gal\/index.php\/2022\/09\/05\/o-bng-de-vigo-pide-un-novo-convenio-para-a-etea-que-garanta-a-titularidade-municipal-dos-terreos-e-instalacions-deportivas\/#respond"]}]},{"@type":"WebPage","@id":"https:\/\/www.anovapeneira.gal\/index.php\/2022\/09\/05\/o-bng-de-vigo-pide-un-novo-convenio-para-a-etea-que-garanta-a-titularidade-municipal-dos-terreos-e-instalacions-deportivas\/","url":"https:\/\/www.anovapeneira.gal\/index.php\/2022\/09\/05\/o-bng-de-vigo-pide-un-novo-convenio-para-a-etea-que-garanta-a-titularidade-municipal-dos-terreos-e-instalacions-deportivas\/","name":"O BNG de Vigo pide un novo convenio para a ETEA que garanta a titularidade municipal dos terreos e instalaci\u00f3ns deportivas -","isPartOf":{"@id":"https:\/\/www.anovapeneira.gal\/#website"},"primaryImageOfPage":{"@id":"https:\/\/www.anovapeneira.gal\/index.php\/2022\/09\/05\/o-bng-de-vigo-pide-un-novo-convenio-para-a-etea-que-garanta-a-titularidade-municipal-dos-terreos-e-instalacions-deportivas\/#primaryimage"},"image":{"@id":"https:\/\/www.anovapeneira.gal\/index.php\/2022\/09\/05\/o-bng-de-vigo-pide-un-novo-convenio-para-a-etea-que-garanta-a-titularidade-municipal-dos-terreos-e-instalacions-deportivas\/#primaryimage"},"thumbnailUrl":"https:\/\/www.anovapeneira.gal\/wp-content\/uploads\/2022\/09\/Xuntanza_BNG_Vigo_AV_Teis.jpg","datePublished":"2022-09-05T10:00:30+00:00","description":"A fronte nacionalista formula un voto particular fronte ao \u00abdisparate\u00bb defendido por Abel Caballero de desafectar e devolver a parcela e as instalaci\u00f3ns deportivas \u00e1 Zona Franca para pagar un canon anual de 130 mil euros","breadcrumb":{"@id":"https:\/\/www.anovapeneira.gal\/index.php\/2022\/09\/05\/o-bng-de-vigo-pide-un-novo-convenio-para-a-etea-que-garanta-a-titularidade-municipal-dos-terreos-e-instalacions-deportivas\/#breadcrumb"},"inLanguage":"gl-ES","potentialAction":[{"@type":"ReadAction","target":["https:\/\/www.anovapeneira.gal\/index.php\/2022\/09\/05\/o-bng-de-vigo-pide-un-novo-convenio-para-a-etea-que-garanta-a-titularidade-municipal-dos-terreos-e-instalacions-deportivas\/"]}]},{"@type":"ImageObject","inLanguage":"gl-ES","@id":"https:\/\/www.anovapeneira.gal\/index.php\/2022\/09\/05\/o-bng-de-vigo-pide-un-novo-convenio-para-a-etea-que-garanta-a-titularidade-municipal-dos-terreos-e-instalacions-deportivas\/#primaryimage","url":"https:\/\/www.anovapeneira.gal\/wp-content\/uploads\/2022\/09\/Xuntanza_BNG_Vigo_AV_Teis.jpg","contentUrl":"https:\/\/www.anovapeneira.gal\/wp-content\/uploads\/2022\/09\/Xuntanza_BNG_Vigo_AV_Teis.jpg","width":720,"height":432,"caption":"O BNG de Vigo pide un novo convenio para a ETEA que garanta a titularidade municipal dos terreos e instalaci\u00f3ns deportivas"},{"@type":"BreadcrumbList","@id":"https:\/\/www.anovapeneira.gal\/index.php\/2022\/09\/05\/o-bng-de-vigo-pide-un-novo-convenio-para-a-etea-que-garanta-a-titularidade-municipal-dos-terreos-e-instalacions-deportivas\/#breadcrumb","itemListElement":[{"@type":"ListItem","position":1,"name":"Portada","item":"https:\/\/www.anovapeneira.gal\/"},{"@type":"ListItem","position":2,"name":"O BNG de Vigo pide un novo convenio para a ETEA que garanta a titularidade municipal dos terreos e instalaci\u00f3ns deportivas"}]},{"@type":"WebSite","@id":"https:\/\/www.anovapeneira.gal\/#website","url":"https:\/\/www.anovapeneira.gal\/","name":"","description":"Xornal galego de informaci\u00f3n xeral Publicaci\u00f3n mensual de novas de Galicia e en especial dos Concellos da sur da provincia de Pontevedra.","publisher":{"@id":"https:\/\/www.anovapeneira.gal\/#organization"},"potentialAction":[{"@type":"SearchAction","target":{"@type":"EntryPoint","urlTemplate":"https:\/\/www.anovapeneira.gal\/?s={search_term_string}"},"query-input":{"@type":"PropertyValueSpecification","valueRequired":true,"valueName":"search_term_string"}}],"inLanguage":"gl-ES"},{"@type":"Organization","@id":"https:\/\/www.anovapeneira.gal\/#organization","name":"A Nova Peneira","url":"https:\/\/www.anovapeneira.gal\/","logo":{"@type":"ImageObject","inLanguage":"gl-ES","@id":"https:\/\/www.anovapeneira.gal\/#\/schema\/logo\/image\/","url":"http:\/\/www.anovapeneira.gal\/wp-content\/uploads\/2019\/06\/logo_a_nova_peneira_portal_web.png","contentUrl":"http:\/\/www.anovapeneira.gal\/wp-content\/uploads\/2019\/06\/logo_a_nova_peneira_portal_web.png","width":300,"height":100,"caption":"A Nova Peneira"},"image":{"@id":"https:\/\/www.anovapeneira.gal\/#\/schema\/logo\/image\/"},"sameAs":["https:\/\/www.facebook.com\/anovapeneira","https:\/\/x.com\/APeneira"]},{"@type":"Person","@id":"https:\/\/www.anovapeneira.gal\/#\/schema\/person\/b93e3f8932e3f8da96334607eb6ac6aa","name":"Redacci\u00f3n A Nova Peneira","image":{"@type":"ImageObject","inLanguage":"gl-ES","@id":"https:\/\/secure.gravatar.com\/avatar\/c052a2551a06e23fac63626232eaa90abd78dbcf1700fc46a2b2c89fd27b735f?s=96&d=mm&r=g","url":"https:\/\/secure.gravatar.com\/avatar\/c052a2551a06e23fac63626232eaa90abd78dbcf1700fc46a2b2c89fd27b735f?s=96&d=mm&r=g","contentUrl":"https:\/\/secure.gravatar.com\/avatar\/c052a2551a06e23fac63626232eaa90abd78dbcf1700fc46a2b2c89fd27b735f?s=96&d=mm&r=g","caption":"Redacci\u00f3n A Nova Peneira"},"sameAs":["http:\/\/www.anovapeneira.gal\/"],"url":"https:\/\/www.anovapeneira.gal\/index.php\/author\/redactor\/"}]}},"jetpack_featured_media_url":"https:\/\/www.anovapeneira.gal\/wp-content\/uploads\/2022\/09\/Xuntanza_BNG_Vigo_AV_Teis.jpg","_links":{"self":[{"href":"https:\/\/www.anovapeneira.gal\/index.php\/wp-json\/wp\/v2\/posts\/8088","targetHints":{"allow":["GET"]}}],"collection":[{"href":"https:\/\/www.anovapeneira.gal\/index.php\/wp-json\/wp\/v2\/posts"}],"about":[{"href":"https:\/\/www.anovapeneira.gal\/index.php\/wp-json\/wp\/v2\/types\/post"}],"author":[{"embeddable":true,"href":"https:\/\/www.anovapeneira.gal\/index.php\/wp-json\/wp\/v2\/users\/3"}],"replies":[{"embeddable":true,"href":"https:\/\/www.anovapeneira.gal\/index.php\/wp-json\/wp\/v2\/comments?post=8088"}],"version-history":[{"count":1,"href":"https:\/\/www.anovapeneira.gal\/index.php\/wp-json\/wp\/v2\/posts\/8088\/revisions"}],"predecessor-version":[{"id":8091,"href":"https:\/\/www.anovapeneira.gal\/index.php\/wp-json\/wp\/v2\/posts\/8088\/revisions\/8091"}],"wp:featuredmedia":[{"embeddable":true,"href":"https:\/\/www.anovapeneira.gal\/index.php\/wp-json\/wp\/v2\/media\/8090"}],"wp:attachment":[{"href":"https:\/\/www.anovapeneira.gal\/index.php\/wp-json\/wp\/v2\/media?parent=8088"}],"wp:term":[{"taxonomy":"category","embeddable":true,"href":"https:\/\/www.anovapeneira.gal\/index.php\/wp-json\/wp\/v2\/categories?post=8088"},{"taxonomy":"post_tag","embeddable":true,"href":"https:\/\/www.anovapeneira.gal\/index.php\/wp-json\/wp\/v2\/tags?post=8088"}],"curies":[{"name":"wp","href":"https:\/\/api.w.org\/{rel}","templated":true}]}}