{"id":8092,"date":"2022-09-06T10:00:35","date_gmt":"2022-09-06T08:00:35","guid":{"rendered":"https:\/\/www.anovapeneira.gal\/?p=8092"},"modified":"2022-09-04T19:14:11","modified_gmt":"2022-09-04T17:14:11","slug":"inscricions-en-marcha-para-a-vi-carreira-popular-de-mondariz","status":"publish","type":"post","link":"https:\/\/www.anovapeneira.gal\/index.php\/2022\/09\/06\/inscricions-en-marcha-para-a-vi-carreira-popular-de-mondariz\/","title":{"rendered":"Inscrici\u00f3ns en marcha para a VI Carreira Popular de Mondariz"},"content":{"rendered":"\n<h2 class=\"wp-block-heading\">A proba deportiva, organizada polo Concello de Mondariz coa colaboraci\u00f3n da Asociaci\u00f3n Deportiva Mondariz o 24 de setembro, presenta varias categor\u00edas de participaci\u00f3n para menores e maiores de 18 anos<\/h2>\n\n\n\n<p>Este ano, o Concello de Mondariz volve contar coa Asociaci\u00f3n Deportiva Mondariz para organizar a sexta edici\u00f3n da Carreira Popular de Mondariz, un evento que non se celebraba desde 2019 por mor da pandemia de Covid-19. O proceso de inscrici\u00f3n xa est\u00e1 en marcha no sitio web de CCNorte (https:\/\/ccnorte.com\/evento\/detalle\/id\/2403\/vi-carreira-popular-de-mondariz) e permanecer\u00e1 activo at\u00e9 o 22 de setembro. A participaci\u00f3n ten un custe de 5 euros para os\/as participantes maiores de 18 anos, e \u00e9 gratu\u00edta para os\/as menores, a\u00ednda que a inscrici\u00f3n \u00e9 requerida en todos os casos.<\/p>\n\n\n\n<p>A Carreira Popular de Mondariz est\u00e1 programada para o 24 de setembro. Como noutras edici\u00f3ns, est\u00e1 concebida como unha proba de sete quil\u00f3metros para as categor\u00edas absolutas e presenta diferentes percorridos para as categor\u00edas de menores. A carreira de menores est\u00e1 dividida en sete categor\u00edas: chupetes (nados entre os anos 2019-2022), pitufos (nados entre os anos 2017-2018), prebenxam\u00edns (nados entre os anos 2015-2016), benxam\u00edns (nados entre os anos 2013-2014), alev\u00edns (nados entre os anos 2011-2012), infant\u00eds (nados entre os anos 2009-2010) e cadetes (nados entre os anos 2007-2008). A carreira de adultos tam\u00e9n est\u00e1 dividida en categor\u00edas: seniors (nados entre os anos 1987-2006), veteranos A (nados entre os anos 1977-1986) e veteranos B (nados antes de 1976).<\/p>\n\n\n\n<p>V Marcha BTT &#8220;Montes de Mondariz&#8221;<\/p>\n\n\n\n<p>Semanas despois da VI Carreira Popular de Mondariz, o 12 de outubro, est\u00e1 programada a V Marcha BTT &#8220;Montes de Mondariz&#8221;, outra tradicional actividade organizada pola Asociaci\u00f3n Deportiva Mondariz coa colaboraci\u00f3n do Concello de Mondariz. O proceso de inscrici\u00f3n para este percorrido en bicicleta de monta\u00f1a para maiores de 18 anos tam\u00e9n est\u00e1 en marcha no mesmo sitio web de CCNorte at\u00e9 o 10 de outubro. Tr\u00e1tase dunha ruta de 40 quil\u00f3metros, cun percorrido opcional de 50 quil\u00f3metros, de dificultade media\/alta.<\/p>\n","protected":false},"excerpt":{"rendered":"<div class=\"mh-excerpt\"><p>A proba deportiva, organizada polo Concello de Mondariz coa colaboraci\u00f3n da Asociaci\u00f3n Deportiva Mondariz o 24 de setembro, presenta varias categor\u00edas de participaci\u00f3n para menores e maiores de 18 anos <a class=\"mh-excerpt-more\" href=\"https:\/\/www.anovapeneira.gal\/index.php\/2022\/09\/06\/inscricions-en-marcha-para-a-vi-carreira-popular-de-mondariz\/\" title=\"Inscrici\u00f3ns en marcha para a VI Carreira Popular de Mondariz\">[&#8230;]<\/a><\/p>\n<\/div>","protected":false},"author":3,"featured_media":8094,"comment_status":"open","ping_status":"open","sticky":false,"template":"","format":"standard","meta":{"_exactmetrics_skip_tracking":false,"_exactmetrics_sitenote_active":false,"_exactmetrics_sitenote_note":"","_exactmetrics_sitenote_category":0,"footnotes":""},"categories":[25],"tags":[405],"class_list":{"0":"post-8092","1":"post","2":"type-post","3":"status-publish","4":"format-standard","5":"has-post-thumbnail","7":"category-condado","8":"tag-concello-de-mondariz"},"yoast_head":"<!-- This site is optimized with the Yoast SEO plugin v27.4 - https:\/\/yoast.com\/product\/yoast-seo-wordpress\/ -->\n<title>Inscrici\u00f3ns en marcha para a VI Carreira Popular de Mondariz -<\/title>\n<meta name=\"description\" content=\"A proba deportiva, organizada polo Concello de Mondariz coa colaboraci\u00f3n da Asociaci\u00f3n Deportiva Mondariz o 24 de setembro, presenta varias categor\u00edas de participaci\u00f3n para menores e maiores de 18 anos\" \/>\n<meta name=\"robots\" content=\"index, follow, max-snippet:-1, max-image-preview:large, max-video-preview:-1\" \/>\n<link rel=\"canonical\" href=\"https:\/\/www.anovapeneira.gal\/index.php\/2022\/09\/06\/inscricions-en-marcha-para-a-vi-carreira-popular-de-mondariz\/\" \/>\n<meta property=\"og:locale\" content=\"gl_ES\" \/>\n<meta property=\"og:type\" content=\"article\" \/>\n<meta property=\"og:title\" content=\"Inscrici\u00f3ns en marcha para a VI Carreira Popular de Mondariz -\" \/>\n<meta property=\"og:description\" content=\"A proba deportiva, organizada polo Concello de Mondariz coa colaboraci\u00f3n da Asociaci\u00f3n Deportiva Mondariz o 24 de setembro, presenta varias categor\u00edas de participaci\u00f3n para menores e maiores de 18 anos\" \/>\n<meta property=\"og:url\" content=\"https:\/\/www.anovapeneira.gal\/index.php\/2022\/09\/06\/inscricions-en-marcha-para-a-vi-carreira-popular-de-mondariz\/\" \/>\n<meta property=\"article:publisher\" content=\"https:\/\/www.facebook.com\/anovapeneira\" \/>\n<meta property=\"article:published_time\" content=\"2022-09-06T08:00:35+00:00\" \/>\n<meta property=\"og:image\" content=\"https:\/\/www.anovapeneira.gal\/wp-content\/uploads\/2022\/09\/carreira_popular.jpg\" \/>\n\t<meta property=\"og:image:width\" content=\"720\" \/>\n\t<meta property=\"og:image:height\" content=\"432\" \/>\n\t<meta property=\"og:image:type\" content=\"image\/jpeg\" \/>\n<meta name=\"author\" content=\"Redacci\u00f3n A Nova Peneira\" \/>\n<meta name=\"twitter:card\" content=\"summary_large_image\" \/>\n<meta name=\"twitter:creator\" content=\"@APeneira\" \/>\n<meta name=\"twitter:site\" content=\"@APeneira\" \/>\n<meta name=\"twitter:label1\" content=\"Escrito por\" \/>\n\t<meta name=\"twitter:data1\" content=\"Redacci\u00f3n A Nova Peneira\" \/>\n\t<meta name=\"twitter:label2\" content=\"Tempo de lectura\" \/>\n\t<meta name=\"twitter:data2\" content=\"2 minutos\" \/>\n<script type=\"application\/ld+json\" class=\"yoast-schema-graph\">{\"@context\":\"https:\\\/\\\/schema.org\",\"@graph\":[{\"@type\":\"Article\",\"@id\":\"https:\\\/\\\/www.anovapeneira.gal\\\/index.php\\\/2022\\\/09\\\/06\\\/inscricions-en-marcha-para-a-vi-carreira-popular-de-mondariz\\\/#article\",\"isPartOf\":{\"@id\":\"https:\\\/\\\/www.anovapeneira.gal\\\/index.php\\\/2022\\\/09\\\/06\\\/inscricions-en-marcha-para-a-vi-carreira-popular-de-mondariz\\\/\"},\"author\":{\"name\":\"Redacci\u00f3n A Nova Peneira\",\"@id\":\"https:\\\/\\\/www.anovapeneira.gal\\\/#\\\/schema\\\/person\\\/b93e3f8932e3f8da96334607eb6ac6aa\"},\"headline\":\"Inscrici\u00f3ns en marcha para a VI Carreira Popular de Mondariz\",\"datePublished\":\"2022-09-06T08:00:35+00:00\",\"mainEntityOfPage\":{\"@id\":\"https:\\\/\\\/www.anovapeneira.gal\\\/index.php\\\/2022\\\/09\\\/06\\\/inscricions-en-marcha-para-a-vi-carreira-popular-de-mondariz\\\/\"},\"wordCount\":358,\"commentCount\":0,\"publisher\":{\"@id\":\"https:\\\/\\\/www.anovapeneira.gal\\\/#organization\"},\"image\":{\"@id\":\"https:\\\/\\\/www.anovapeneira.gal\\\/index.php\\\/2022\\\/09\\\/06\\\/inscricions-en-marcha-para-a-vi-carreira-popular-de-mondariz\\\/#primaryimage\"},\"thumbnailUrl\":\"https:\\\/\\\/www.anovapeneira.gal\\\/wp-content\\\/uploads\\\/2022\\\/09\\\/carreira_popular.jpg\",\"keywords\":[\"Concello de Mondariz\"],\"articleSection\":[\"Condado\"],\"inLanguage\":\"gl-ES\",\"potentialAction\":[{\"@type\":\"CommentAction\",\"name\":\"Comment\",\"target\":[\"https:\\\/\\\/www.anovapeneira.gal\\\/index.php\\\/2022\\\/09\\\/06\\\/inscricions-en-marcha-para-a-vi-carreira-popular-de-mondariz\\\/#respond\"]}]},{\"@type\":\"WebPage\",\"@id\":\"https:\\\/\\\/www.anovapeneira.gal\\\/index.php\\\/2022\\\/09\\\/06\\\/inscricions-en-marcha-para-a-vi-carreira-popular-de-mondariz\\\/\",\"url\":\"https:\\\/\\\/www.anovapeneira.gal\\\/index.php\\\/2022\\\/09\\\/06\\\/inscricions-en-marcha-para-a-vi-carreira-popular-de-mondariz\\\/\",\"name\":\"Inscrici\u00f3ns en marcha para a VI Carreira Popular de Mondariz -\",\"isPartOf\":{\"@id\":\"https:\\\/\\\/www.anovapeneira.gal\\\/#website\"},\"primaryImageOfPage\":{\"@id\":\"https:\\\/\\\/www.anovapeneira.gal\\\/index.php\\\/2022\\\/09\\\/06\\\/inscricions-en-marcha-para-a-vi-carreira-popular-de-mondariz\\\/#primaryimage\"},\"image\":{\"@id\":\"https:\\\/\\\/www.anovapeneira.gal\\\/index.php\\\/2022\\\/09\\\/06\\\/inscricions-en-marcha-para-a-vi-carreira-popular-de-mondariz\\\/#primaryimage\"},\"thumbnailUrl\":\"https:\\\/\\\/www.anovapeneira.gal\\\/wp-content\\\/uploads\\\/2022\\\/09\\\/carreira_popular.jpg\",\"datePublished\":\"2022-09-06T08:00:35+00:00\",\"description\":\"A proba deportiva, organizada polo Concello de Mondariz coa colaboraci\u00f3n da Asociaci\u00f3n Deportiva Mondariz o 24 de setembro, presenta varias categor\u00edas de participaci\u00f3n para menores e maiores de 18 anos\",\"breadcrumb\":{\"@id\":\"https:\\\/\\\/www.anovapeneira.gal\\\/index.php\\\/2022\\\/09\\\/06\\\/inscricions-en-marcha-para-a-vi-carreira-popular-de-mondariz\\\/#breadcrumb\"},\"inLanguage\":\"gl-ES\",\"potentialAction\":[{\"@type\":\"ReadAction\",\"target\":[\"https:\\\/\\\/www.anovapeneira.gal\\\/index.php\\\/2022\\\/09\\\/06\\\/inscricions-en-marcha-para-a-vi-carreira-popular-de-mondariz\\\/\"]}]},{\"@type\":\"ImageObject\",\"inLanguage\":\"gl-ES\",\"@id\":\"https:\\\/\\\/www.anovapeneira.gal\\\/index.php\\\/2022\\\/09\\\/06\\\/inscricions-en-marcha-para-a-vi-carreira-popular-de-mondariz\\\/#primaryimage\",\"url\":\"https:\\\/\\\/www.anovapeneira.gal\\\/wp-content\\\/uploads\\\/2022\\\/09\\\/carreira_popular.jpg\",\"contentUrl\":\"https:\\\/\\\/www.anovapeneira.gal\\\/wp-content\\\/uploads\\\/2022\\\/09\\\/carreira_popular.jpg\",\"width\":720,\"height\":432,\"caption\":\"Inscrici\u00f3ns en marcha para a VI Carreira Popular de Mondariz\"},{\"@type\":\"BreadcrumbList\",\"@id\":\"https:\\\/\\\/www.anovapeneira.gal\\\/index.php\\\/2022\\\/09\\\/06\\\/inscricions-en-marcha-para-a-vi-carreira-popular-de-mondariz\\\/#breadcrumb\",\"itemListElement\":[{\"@type\":\"ListItem\",\"position\":1,\"name\":\"Portada\",\"item\":\"https:\\\/\\\/www.anovapeneira.gal\\\/\"},{\"@type\":\"ListItem\",\"position\":2,\"name\":\"Inscrici\u00f3ns en marcha para a VI Carreira Popular de Mondariz\"}]},{\"@type\":\"WebSite\",\"@id\":\"https:\\\/\\\/www.anovapeneira.gal\\\/#website\",\"url\":\"https:\\\/\\\/www.anovapeneira.gal\\\/\",\"name\":\"\",\"description\":\"Xornal galego de informaci\u00f3n xeral Publicaci\u00f3n mensual de novas de Galicia e en especial dos Concellos da sur da provincia de Pontevedra.\",\"publisher\":{\"@id\":\"https:\\\/\\\/www.anovapeneira.gal\\\/#organization\"},\"potentialAction\":[{\"@type\":\"SearchAction\",\"target\":{\"@type\":\"EntryPoint\",\"urlTemplate\":\"https:\\\/\\\/www.anovapeneira.gal\\\/?s={search_term_string}\"},\"query-input\":{\"@type\":\"PropertyValueSpecification\",\"valueRequired\":true,\"valueName\":\"search_term_string\"}}],\"inLanguage\":\"gl-ES\"},{\"@type\":\"Organization\",\"@id\":\"https:\\\/\\\/www.anovapeneira.gal\\\/#organization\",\"name\":\"A Nova Peneira\",\"url\":\"https:\\\/\\\/www.anovapeneira.gal\\\/\",\"logo\":{\"@type\":\"ImageObject\",\"inLanguage\":\"gl-ES\",\"@id\":\"https:\\\/\\\/www.anovapeneira.gal\\\/#\\\/schema\\\/logo\\\/image\\\/\",\"url\":\"http:\\\/\\\/www.anovapeneira.gal\\\/wp-content\\\/uploads\\\/2019\\\/06\\\/logo_a_nova_peneira_portal_web.png\",\"contentUrl\":\"http:\\\/\\\/www.anovapeneira.gal\\\/wp-content\\\/uploads\\\/2019\\\/06\\\/logo_a_nova_peneira_portal_web.png\",\"width\":300,\"height\":100,\"caption\":\"A Nova Peneira\"},\"image\":{\"@id\":\"https:\\\/\\\/www.anovapeneira.gal\\\/#\\\/schema\\\/logo\\\/image\\\/\"},\"sameAs\":[\"https:\\\/\\\/www.facebook.com\\\/anovapeneira\",\"https:\\\/\\\/x.com\\\/APeneira\"]},{\"@type\":\"Person\",\"@id\":\"https:\\\/\\\/www.anovapeneira.gal\\\/#\\\/schema\\\/person\\\/b93e3f8932e3f8da96334607eb6ac6aa\",\"name\":\"Redacci\u00f3n A Nova Peneira\",\"image\":{\"@type\":\"ImageObject\",\"inLanguage\":\"gl-ES\",\"@id\":\"https:\\\/\\\/secure.gravatar.com\\\/avatar\\\/c052a2551a06e23fac63626232eaa90abd78dbcf1700fc46a2b2c89fd27b735f?s=96&d=mm&r=g\",\"url\":\"https:\\\/\\\/secure.gravatar.com\\\/avatar\\\/c052a2551a06e23fac63626232eaa90abd78dbcf1700fc46a2b2c89fd27b735f?s=96&d=mm&r=g\",\"contentUrl\":\"https:\\\/\\\/secure.gravatar.com\\\/avatar\\\/c052a2551a06e23fac63626232eaa90abd78dbcf1700fc46a2b2c89fd27b735f?s=96&d=mm&r=g\",\"caption\":\"Redacci\u00f3n A Nova Peneira\"},\"sameAs\":[\"http:\\\/\\\/www.anovapeneira.gal\\\/\"],\"url\":\"https:\\\/\\\/www.anovapeneira.gal\\\/index.php\\\/author\\\/redactor\\\/\"}]}<\/script>\n<!-- \/ Yoast SEO plugin. -->","yoast_head_json":{"title":"Inscrici\u00f3ns en marcha para a VI Carreira Popular de Mondariz -","description":"A proba deportiva, organizada polo Concello de Mondariz coa colaboraci\u00f3n da Asociaci\u00f3n Deportiva Mondariz o 24 de setembro, presenta varias categor\u00edas de participaci\u00f3n para menores e maiores de 18 anos","robots":{"index":"index","follow":"follow","max-snippet":"max-snippet:-1","max-image-preview":"max-image-preview:large","max-video-preview":"max-video-preview:-1"},"canonical":"https:\/\/www.anovapeneira.gal\/index.php\/2022\/09\/06\/inscricions-en-marcha-para-a-vi-carreira-popular-de-mondariz\/","og_locale":"gl_ES","og_type":"article","og_title":"Inscrici\u00f3ns en marcha para a VI Carreira Popular de Mondariz -","og_description":"A proba deportiva, organizada polo Concello de Mondariz coa colaboraci\u00f3n da Asociaci\u00f3n Deportiva Mondariz o 24 de setembro, presenta varias categor\u00edas de participaci\u00f3n para menores e maiores de 18 anos","og_url":"https:\/\/www.anovapeneira.gal\/index.php\/2022\/09\/06\/inscricions-en-marcha-para-a-vi-carreira-popular-de-mondariz\/","article_publisher":"https:\/\/www.facebook.com\/anovapeneira","article_published_time":"2022-09-06T08:00:35+00:00","og_image":[{"width":720,"height":432,"url":"https:\/\/www.anovapeneira.gal\/wp-content\/uploads\/2022\/09\/carreira_popular.jpg","type":"image\/jpeg"}],"author":"Redacci\u00f3n A Nova Peneira","twitter_card":"summary_large_image","twitter_creator":"@APeneira","twitter_site":"@APeneira","twitter_misc":{"Escrito por":"Redacci\u00f3n A Nova Peneira","Tempo de lectura":"2 minutos"},"schema":{"@context":"https:\/\/schema.org","@graph":[{"@type":"Article","@id":"https:\/\/www.anovapeneira.gal\/index.php\/2022\/09\/06\/inscricions-en-marcha-para-a-vi-carreira-popular-de-mondariz\/#article","isPartOf":{"@id":"https:\/\/www.anovapeneira.gal\/index.php\/2022\/09\/06\/inscricions-en-marcha-para-a-vi-carreira-popular-de-mondariz\/"},"author":{"name":"Redacci\u00f3n A Nova Peneira","@id":"https:\/\/www.anovapeneira.gal\/#\/schema\/person\/b93e3f8932e3f8da96334607eb6ac6aa"},"headline":"Inscrici\u00f3ns en marcha para a VI Carreira Popular de Mondariz","datePublished":"2022-09-06T08:00:35+00:00","mainEntityOfPage":{"@id":"https:\/\/www.anovapeneira.gal\/index.php\/2022\/09\/06\/inscricions-en-marcha-para-a-vi-carreira-popular-de-mondariz\/"},"wordCount":358,"commentCount":0,"publisher":{"@id":"https:\/\/www.anovapeneira.gal\/#organization"},"image":{"@id":"https:\/\/www.anovapeneira.gal\/index.php\/2022\/09\/06\/inscricions-en-marcha-para-a-vi-carreira-popular-de-mondariz\/#primaryimage"},"thumbnailUrl":"https:\/\/www.anovapeneira.gal\/wp-content\/uploads\/2022\/09\/carreira_popular.jpg","keywords":["Concello de Mondariz"],"articleSection":["Condado"],"inLanguage":"gl-ES","potentialAction":[{"@type":"CommentAction","name":"Comment","target":["https:\/\/www.anovapeneira.gal\/index.php\/2022\/09\/06\/inscricions-en-marcha-para-a-vi-carreira-popular-de-mondariz\/#respond"]}]},{"@type":"WebPage","@id":"https:\/\/www.anovapeneira.gal\/index.php\/2022\/09\/06\/inscricions-en-marcha-para-a-vi-carreira-popular-de-mondariz\/","url":"https:\/\/www.anovapeneira.gal\/index.php\/2022\/09\/06\/inscricions-en-marcha-para-a-vi-carreira-popular-de-mondariz\/","name":"Inscrici\u00f3ns en marcha para a VI Carreira Popular de Mondariz -","isPartOf":{"@id":"https:\/\/www.anovapeneira.gal\/#website"},"primaryImageOfPage":{"@id":"https:\/\/www.anovapeneira.gal\/index.php\/2022\/09\/06\/inscricions-en-marcha-para-a-vi-carreira-popular-de-mondariz\/#primaryimage"},"image":{"@id":"https:\/\/www.anovapeneira.gal\/index.php\/2022\/09\/06\/inscricions-en-marcha-para-a-vi-carreira-popular-de-mondariz\/#primaryimage"},"thumbnailUrl":"https:\/\/www.anovapeneira.gal\/wp-content\/uploads\/2022\/09\/carreira_popular.jpg","datePublished":"2022-09-06T08:00:35+00:00","description":"A proba deportiva, organizada polo Concello de Mondariz coa colaboraci\u00f3n da Asociaci\u00f3n Deportiva Mondariz o 24 de setembro, presenta varias categor\u00edas de participaci\u00f3n para menores e maiores de 18 anos","breadcrumb":{"@id":"https:\/\/www.anovapeneira.gal\/index.php\/2022\/09\/06\/inscricions-en-marcha-para-a-vi-carreira-popular-de-mondariz\/#breadcrumb"},"inLanguage":"gl-ES","potentialAction":[{"@type":"ReadAction","target":["https:\/\/www.anovapeneira.gal\/index.php\/2022\/09\/06\/inscricions-en-marcha-para-a-vi-carreira-popular-de-mondariz\/"]}]},{"@type":"ImageObject","inLanguage":"gl-ES","@id":"https:\/\/www.anovapeneira.gal\/index.php\/2022\/09\/06\/inscricions-en-marcha-para-a-vi-carreira-popular-de-mondariz\/#primaryimage","url":"https:\/\/www.anovapeneira.gal\/wp-content\/uploads\/2022\/09\/carreira_popular.jpg","contentUrl":"https:\/\/www.anovapeneira.gal\/wp-content\/uploads\/2022\/09\/carreira_popular.jpg","width":720,"height":432,"caption":"Inscrici\u00f3ns en marcha para a VI Carreira Popular de Mondariz"},{"@type":"BreadcrumbList","@id":"https:\/\/www.anovapeneira.gal\/index.php\/2022\/09\/06\/inscricions-en-marcha-para-a-vi-carreira-popular-de-mondariz\/#breadcrumb","itemListElement":[{"@type":"ListItem","position":1,"name":"Portada","item":"https:\/\/www.anovapeneira.gal\/"},{"@type":"ListItem","position":2,"name":"Inscrici\u00f3ns en marcha para a VI Carreira Popular de Mondariz"}]},{"@type":"WebSite","@id":"https:\/\/www.anovapeneira.gal\/#website","url":"https:\/\/www.anovapeneira.gal\/","name":"","description":"Xornal galego de informaci\u00f3n xeral Publicaci\u00f3n mensual de novas de Galicia e en especial dos Concellos da sur da provincia de Pontevedra.","publisher":{"@id":"https:\/\/www.anovapeneira.gal\/#organization"},"potentialAction":[{"@type":"SearchAction","target":{"@type":"EntryPoint","urlTemplate":"https:\/\/www.anovapeneira.gal\/?s={search_term_string}"},"query-input":{"@type":"PropertyValueSpecification","valueRequired":true,"valueName":"search_term_string"}}],"inLanguage":"gl-ES"},{"@type":"Organization","@id":"https:\/\/www.anovapeneira.gal\/#organization","name":"A Nova Peneira","url":"https:\/\/www.anovapeneira.gal\/","logo":{"@type":"ImageObject","inLanguage":"gl-ES","@id":"https:\/\/www.anovapeneira.gal\/#\/schema\/logo\/image\/","url":"http:\/\/www.anovapeneira.gal\/wp-content\/uploads\/2019\/06\/logo_a_nova_peneira_portal_web.png","contentUrl":"http:\/\/www.anovapeneira.gal\/wp-content\/uploads\/2019\/06\/logo_a_nova_peneira_portal_web.png","width":300,"height":100,"caption":"A Nova Peneira"},"image":{"@id":"https:\/\/www.anovapeneira.gal\/#\/schema\/logo\/image\/"},"sameAs":["https:\/\/www.facebook.com\/anovapeneira","https:\/\/x.com\/APeneira"]},{"@type":"Person","@id":"https:\/\/www.anovapeneira.gal\/#\/schema\/person\/b93e3f8932e3f8da96334607eb6ac6aa","name":"Redacci\u00f3n A Nova Peneira","image":{"@type":"ImageObject","inLanguage":"gl-ES","@id":"https:\/\/secure.gravatar.com\/avatar\/c052a2551a06e23fac63626232eaa90abd78dbcf1700fc46a2b2c89fd27b735f?s=96&d=mm&r=g","url":"https:\/\/secure.gravatar.com\/avatar\/c052a2551a06e23fac63626232eaa90abd78dbcf1700fc46a2b2c89fd27b735f?s=96&d=mm&r=g","contentUrl":"https:\/\/secure.gravatar.com\/avatar\/c052a2551a06e23fac63626232eaa90abd78dbcf1700fc46a2b2c89fd27b735f?s=96&d=mm&r=g","caption":"Redacci\u00f3n A Nova Peneira"},"sameAs":["http:\/\/www.anovapeneira.gal\/"],"url":"https:\/\/www.anovapeneira.gal\/index.php\/author\/redactor\/"}]}},"jetpack_featured_media_url":"https:\/\/www.anovapeneira.gal\/wp-content\/uploads\/2022\/09\/carreira_popular.jpg","_links":{"self":[{"href":"https:\/\/www.anovapeneira.gal\/index.php\/wp-json\/wp\/v2\/posts\/8092","targetHints":{"allow":["GET"]}}],"collection":[{"href":"https:\/\/www.anovapeneira.gal\/index.php\/wp-json\/wp\/v2\/posts"}],"about":[{"href":"https:\/\/www.anovapeneira.gal\/index.php\/wp-json\/wp\/v2\/types\/post"}],"author":[{"embeddable":true,"href":"https:\/\/www.anovapeneira.gal\/index.php\/wp-json\/wp\/v2\/users\/3"}],"replies":[{"embeddable":true,"href":"https:\/\/www.anovapeneira.gal\/index.php\/wp-json\/wp\/v2\/comments?post=8092"}],"version-history":[{"count":2,"href":"https:\/\/www.anovapeneira.gal\/index.php\/wp-json\/wp\/v2\/posts\/8092\/revisions"}],"predecessor-version":[{"id":8095,"href":"https:\/\/www.anovapeneira.gal\/index.php\/wp-json\/wp\/v2\/posts\/8092\/revisions\/8095"}],"wp:featuredmedia":[{"embeddable":true,"href":"https:\/\/www.anovapeneira.gal\/index.php\/wp-json\/wp\/v2\/media\/8094"}],"wp:attachment":[{"href":"https:\/\/www.anovapeneira.gal\/index.php\/wp-json\/wp\/v2\/media?parent=8092"}],"wp:term":[{"taxonomy":"category","embeddable":true,"href":"https:\/\/www.anovapeneira.gal\/index.php\/wp-json\/wp\/v2\/categories?post=8092"},{"taxonomy":"post_tag","embeddable":true,"href":"https:\/\/www.anovapeneira.gal\/index.php\/wp-json\/wp\/v2\/tags?post=8092"}],"curies":[{"name":"wp","href":"https:\/\/api.w.org\/{rel}","templated":true}]}}