{"id":8096,"date":"2022-09-06T12:00:21","date_gmt":"2022-09-06T10:00:21","guid":{"rendered":"https:\/\/www.anovapeneira.gal\/?p=8096"},"modified":"2022-09-04T19:18:56","modified_gmt":"2022-09-04T17:18:56","slug":"a-praza-da-mina-rouballe-protagonismo-ao-seixo-na-programacion-de-veran-en-tomino","status":"publish","type":"post","link":"https:\/\/www.anovapeneira.gal\/index.php\/2022\/09\/06\/a-praza-da-mina-rouballe-protagonismo-ao-seixo-na-programacion-de-veran-en-tomino\/","title":{"rendered":"A Praza da Mina r\u00f3uballe protagonismo ao Seixo na programaci\u00f3n de ver\u00e1n en Tomi\u00f1o"},"content":{"rendered":"\n<h2 class=\"wp-block-heading\"><strong>Tras a s\u00faa reforma integral, a Praza da Mina acolleu catro espect\u00e1culos dirixidos \u00e1s e aos m\u00e1is pequenos do concello<\/strong><\/h2>\n\n\n\n<p><strong>Tomi\u00f1o, 1 de setembro de 2022.<\/strong><\/p>\n\n\n\n<p>A Praza da Mina, en pleno n\u00facleo urbano do Seixo, transformouse dende a s\u00faa reforma integral nun dos principais eixos da actividade coti\u00e1 na vila. Por primeira vez, este c\u00e9ntrico espazo converteuse no escenario de parte da programaci\u00f3n de ver\u00e1n de Tomi\u00f1o, especialmente daquela dirixida a p\u00fablico infantil e familiar.<\/p>\n\n\n\n<p>Un emprazamento \u00fanico no que os tomi\u00f1eses e tomi\u00f1esas puideron desfrutar da \u2018M\u00e1quina do tempo\u2019 de Teatro Ghazafelhos , do \u2018Consertasso na horta\u2019 de Brais Guti\u00e9rrez, \u2018A corda\u2019 de Avela Circo e de \u2018A voar\u2019, de C\u00e9 Orquestra Pantasma, catro espect\u00e1culos que tiveron unha grande acollida por parte do p\u00fablico.<\/p>\n\n\n\n<p>As obras de mellora remataron no mes de xu\u00f1o e supuxeron unha renovaci\u00f3n total do anterior parque, convertendo toda a superficie nun elemento de xogo en si mesmo, accesible e inclusivo, que est\u00e1 a devolverlle \u00e1 Praza da Mina a s\u00faa condici\u00f3n de espazo de reuni\u00f3n, convivencia e lecer no que os pequenos e pequenas son os protagonistas.<\/p>\n\n\n\n<p>A alcaldesa Sandra Gonz\u00e1lez asegura que \u201ca actuaci\u00f3n, que pretend\u00eda crear un espazo m\u00e1is seguro para que nenos e nenas puideran xogar sen perigo, conseguiu devolverlle a s\u00faa esencia a un dos puntos m\u00e1is concorridos do n\u00facleo do Seixo, que ademais est\u00e1 situado nas proximidades dun xard\u00edn de infancia e dunha escola infantil, polo que \u00e9 perfecto para que as cativos e cativas coincidan e compartan o seu tempo de lecer\u201d. A rexedora tomi\u00f1esa informa tam\u00e9n de que tralo \u00e9xito da programaci\u00f3n de ver\u00e1n, a Praza da Mina repetir\u00e1 como escenario de novos eventos e espect\u00e1culos infant\u00eds.<\/p>\n\n\n\n<p>Os nenos e nenas de maior idade, ter\u00e1n tam\u00e9n o seu propio espazo. Os traballos de rehabilitaci\u00f3n do Campo da Feira est\u00e1n a piques de comezar e dotar\u00e1n ao parque dunha pista de skate m\u00e1is ampla que a actual e novos elementos de xogo.<\/p>\n","protected":false},"excerpt":{"rendered":"<div class=\"mh-excerpt\"><p>Tras a s\u00faa reforma integral, a Praza da Mina acolleu catro espect\u00e1culos dirixidos \u00e1s e aos m\u00e1is pequenos do concello <a class=\"mh-excerpt-more\" href=\"https:\/\/www.anovapeneira.gal\/index.php\/2022\/09\/06\/a-praza-da-mina-rouballe-protagonismo-ao-seixo-na-programacion-de-veran-en-tomino\/\" title=\"A Praza da Mina r\u00f3uballe protagonismo ao Seixo na programaci\u00f3n de ver\u00e1n en Tomi\u00f1o\">[&#8230;]<\/a><\/p>\n<\/div>","protected":false},"author":3,"featured_media":8097,"comment_status":"open","ping_status":"open","sticky":false,"template":"","format":"standard","meta":{"_exactmetrics_skip_tracking":false,"_exactmetrics_sitenote_active":false,"_exactmetrics_sitenote_note":"","_exactmetrics_sitenote_category":0,"footnotes":""},"categories":[21],"tags":[81],"class_list":{"0":"post-8096","1":"post","2":"type-post","3":"status-publish","4":"format-standard","5":"has-post-thumbnail","7":"category-baixo-mino","8":"tag-concello-de-tomino"},"yoast_head":"<!-- This site is optimized with the Yoast SEO plugin v27.4 - https:\/\/yoast.com\/product\/yoast-seo-wordpress\/ -->\n<title>A Praza da Mina r\u00f3uballe protagonismo ao Seixo na programaci\u00f3n de ver\u00e1n en Tomi\u00f1o -<\/title>\n<meta name=\"description\" content=\"Tras a s\u00faa reforma integral, a Praza da Mina acolleu catro espect\u00e1culos dirixidos \u00e1s e aos m\u00e1is pequenos do concello\" \/>\n<meta name=\"robots\" content=\"index, follow, max-snippet:-1, max-image-preview:large, max-video-preview:-1\" \/>\n<link rel=\"canonical\" href=\"https:\/\/www.anovapeneira.gal\/index.php\/2022\/09\/06\/a-praza-da-mina-rouballe-protagonismo-ao-seixo-na-programacion-de-veran-en-tomino\/\" \/>\n<meta property=\"og:locale\" content=\"gl_ES\" \/>\n<meta property=\"og:type\" content=\"article\" \/>\n<meta property=\"og:title\" content=\"A Praza da Mina r\u00f3uballe protagonismo ao Seixo na programaci\u00f3n de ver\u00e1n en Tomi\u00f1o -\" \/>\n<meta property=\"og:description\" content=\"Tras a s\u00faa reforma integral, a Praza da Mina acolleu catro espect\u00e1culos dirixidos \u00e1s e aos m\u00e1is pequenos do concello\" \/>\n<meta property=\"og:url\" content=\"https:\/\/www.anovapeneira.gal\/index.php\/2022\/09\/06\/a-praza-da-mina-rouballe-protagonismo-ao-seixo-na-programacion-de-veran-en-tomino\/\" \/>\n<meta property=\"article:publisher\" content=\"https:\/\/www.facebook.com\/anovapeneira\" \/>\n<meta property=\"article:published_time\" content=\"2022-09-06T10:00:21+00:00\" \/>\n<meta property=\"og:image\" content=\"https:\/\/www.anovapeneira.gal\/wp-content\/uploads\/2022\/09\/a_praza_da_mina.jpg\" \/>\n\t<meta property=\"og:image:width\" content=\"720\" \/>\n\t<meta property=\"og:image:height\" content=\"432\" \/>\n\t<meta property=\"og:image:type\" content=\"image\/jpeg\" \/>\n<meta name=\"author\" content=\"Redacci\u00f3n A Nova Peneira\" \/>\n<meta name=\"twitter:card\" content=\"summary_large_image\" \/>\n<meta name=\"twitter:creator\" content=\"@APeneira\" \/>\n<meta name=\"twitter:site\" content=\"@APeneira\" \/>\n<meta name=\"twitter:label1\" content=\"Escrito por\" \/>\n\t<meta name=\"twitter:data1\" content=\"Redacci\u00f3n A Nova Peneira\" \/>\n\t<meta name=\"twitter:label2\" content=\"Tempo de lectura\" \/>\n\t<meta name=\"twitter:data2\" content=\"2 minutos\" \/>\n<script type=\"application\/ld+json\" class=\"yoast-schema-graph\">{\"@context\":\"https:\\\/\\\/schema.org\",\"@graph\":[{\"@type\":\"Article\",\"@id\":\"https:\\\/\\\/www.anovapeneira.gal\\\/index.php\\\/2022\\\/09\\\/06\\\/a-praza-da-mina-rouballe-protagonismo-ao-seixo-na-programacion-de-veran-en-tomino\\\/#article\",\"isPartOf\":{\"@id\":\"https:\\\/\\\/www.anovapeneira.gal\\\/index.php\\\/2022\\\/09\\\/06\\\/a-praza-da-mina-rouballe-protagonismo-ao-seixo-na-programacion-de-veran-en-tomino\\\/\"},\"author\":{\"name\":\"Redacci\u00f3n A Nova Peneira\",\"@id\":\"https:\\\/\\\/www.anovapeneira.gal\\\/#\\\/schema\\\/person\\\/b93e3f8932e3f8da96334607eb6ac6aa\"},\"headline\":\"A Praza da Mina r\u00f3uballe protagonismo ao Seixo na programaci\u00f3n de ver\u00e1n en Tomi\u00f1o\",\"datePublished\":\"2022-09-06T10:00:21+00:00\",\"mainEntityOfPage\":{\"@id\":\"https:\\\/\\\/www.anovapeneira.gal\\\/index.php\\\/2022\\\/09\\\/06\\\/a-praza-da-mina-rouballe-protagonismo-ao-seixo-na-programacion-de-veran-en-tomino\\\/\"},\"wordCount\":380,\"commentCount\":0,\"publisher\":{\"@id\":\"https:\\\/\\\/www.anovapeneira.gal\\\/#organization\"},\"image\":{\"@id\":\"https:\\\/\\\/www.anovapeneira.gal\\\/index.php\\\/2022\\\/09\\\/06\\\/a-praza-da-mina-rouballe-protagonismo-ao-seixo-na-programacion-de-veran-en-tomino\\\/#primaryimage\"},\"thumbnailUrl\":\"https:\\\/\\\/www.anovapeneira.gal\\\/wp-content\\\/uploads\\\/2022\\\/09\\\/a_praza_da_mina.jpg\",\"keywords\":[\"Concello de Tomi\u00f1o\"],\"articleSection\":[\"Baixo Mi\u00f1o\"],\"inLanguage\":\"gl-ES\",\"potentialAction\":[{\"@type\":\"CommentAction\",\"name\":\"Comment\",\"target\":[\"https:\\\/\\\/www.anovapeneira.gal\\\/index.php\\\/2022\\\/09\\\/06\\\/a-praza-da-mina-rouballe-protagonismo-ao-seixo-na-programacion-de-veran-en-tomino\\\/#respond\"]}]},{\"@type\":\"WebPage\",\"@id\":\"https:\\\/\\\/www.anovapeneira.gal\\\/index.php\\\/2022\\\/09\\\/06\\\/a-praza-da-mina-rouballe-protagonismo-ao-seixo-na-programacion-de-veran-en-tomino\\\/\",\"url\":\"https:\\\/\\\/www.anovapeneira.gal\\\/index.php\\\/2022\\\/09\\\/06\\\/a-praza-da-mina-rouballe-protagonismo-ao-seixo-na-programacion-de-veran-en-tomino\\\/\",\"name\":\"A Praza da Mina r\u00f3uballe protagonismo ao Seixo na programaci\u00f3n de ver\u00e1n en Tomi\u00f1o -\",\"isPartOf\":{\"@id\":\"https:\\\/\\\/www.anovapeneira.gal\\\/#website\"},\"primaryImageOfPage\":{\"@id\":\"https:\\\/\\\/www.anovapeneira.gal\\\/index.php\\\/2022\\\/09\\\/06\\\/a-praza-da-mina-rouballe-protagonismo-ao-seixo-na-programacion-de-veran-en-tomino\\\/#primaryimage\"},\"image\":{\"@id\":\"https:\\\/\\\/www.anovapeneira.gal\\\/index.php\\\/2022\\\/09\\\/06\\\/a-praza-da-mina-rouballe-protagonismo-ao-seixo-na-programacion-de-veran-en-tomino\\\/#primaryimage\"},\"thumbnailUrl\":\"https:\\\/\\\/www.anovapeneira.gal\\\/wp-content\\\/uploads\\\/2022\\\/09\\\/a_praza_da_mina.jpg\",\"datePublished\":\"2022-09-06T10:00:21+00:00\",\"description\":\"Tras a s\u00faa reforma integral, a Praza da Mina acolleu catro espect\u00e1culos dirixidos \u00e1s e aos m\u00e1is pequenos do concello\",\"breadcrumb\":{\"@id\":\"https:\\\/\\\/www.anovapeneira.gal\\\/index.php\\\/2022\\\/09\\\/06\\\/a-praza-da-mina-rouballe-protagonismo-ao-seixo-na-programacion-de-veran-en-tomino\\\/#breadcrumb\"},\"inLanguage\":\"gl-ES\",\"potentialAction\":[{\"@type\":\"ReadAction\",\"target\":[\"https:\\\/\\\/www.anovapeneira.gal\\\/index.php\\\/2022\\\/09\\\/06\\\/a-praza-da-mina-rouballe-protagonismo-ao-seixo-na-programacion-de-veran-en-tomino\\\/\"]}]},{\"@type\":\"ImageObject\",\"inLanguage\":\"gl-ES\",\"@id\":\"https:\\\/\\\/www.anovapeneira.gal\\\/index.php\\\/2022\\\/09\\\/06\\\/a-praza-da-mina-rouballe-protagonismo-ao-seixo-na-programacion-de-veran-en-tomino\\\/#primaryimage\",\"url\":\"https:\\\/\\\/www.anovapeneira.gal\\\/wp-content\\\/uploads\\\/2022\\\/09\\\/a_praza_da_mina.jpg\",\"contentUrl\":\"https:\\\/\\\/www.anovapeneira.gal\\\/wp-content\\\/uploads\\\/2022\\\/09\\\/a_praza_da_mina.jpg\",\"width\":720,\"height\":432,\"caption\":\"A Praza da Mina r\u00f3uballe protagonismo ao Seixo na programaci\u00f3n de ver\u00e1n en Tomi\u00f1o\"},{\"@type\":\"BreadcrumbList\",\"@id\":\"https:\\\/\\\/www.anovapeneira.gal\\\/index.php\\\/2022\\\/09\\\/06\\\/a-praza-da-mina-rouballe-protagonismo-ao-seixo-na-programacion-de-veran-en-tomino\\\/#breadcrumb\",\"itemListElement\":[{\"@type\":\"ListItem\",\"position\":1,\"name\":\"Portada\",\"item\":\"https:\\\/\\\/www.anovapeneira.gal\\\/\"},{\"@type\":\"ListItem\",\"position\":2,\"name\":\"A Praza da Mina r\u00f3uballe protagonismo ao Seixo na programaci\u00f3n de ver\u00e1n en Tomi\u00f1o\"}]},{\"@type\":\"WebSite\",\"@id\":\"https:\\\/\\\/www.anovapeneira.gal\\\/#website\",\"url\":\"https:\\\/\\\/www.anovapeneira.gal\\\/\",\"name\":\"\",\"description\":\"Xornal galego de informaci\u00f3n xeral Publicaci\u00f3n mensual de novas de Galicia e en especial dos Concellos da sur da provincia de Pontevedra.\",\"publisher\":{\"@id\":\"https:\\\/\\\/www.anovapeneira.gal\\\/#organization\"},\"potentialAction\":[{\"@type\":\"SearchAction\",\"target\":{\"@type\":\"EntryPoint\",\"urlTemplate\":\"https:\\\/\\\/www.anovapeneira.gal\\\/?s={search_term_string}\"},\"query-input\":{\"@type\":\"PropertyValueSpecification\",\"valueRequired\":true,\"valueName\":\"search_term_string\"}}],\"inLanguage\":\"gl-ES\"},{\"@type\":\"Organization\",\"@id\":\"https:\\\/\\\/www.anovapeneira.gal\\\/#organization\",\"name\":\"A Nova Peneira\",\"url\":\"https:\\\/\\\/www.anovapeneira.gal\\\/\",\"logo\":{\"@type\":\"ImageObject\",\"inLanguage\":\"gl-ES\",\"@id\":\"https:\\\/\\\/www.anovapeneira.gal\\\/#\\\/schema\\\/logo\\\/image\\\/\",\"url\":\"http:\\\/\\\/www.anovapeneira.gal\\\/wp-content\\\/uploads\\\/2019\\\/06\\\/logo_a_nova_peneira_portal_web.png\",\"contentUrl\":\"http:\\\/\\\/www.anovapeneira.gal\\\/wp-content\\\/uploads\\\/2019\\\/06\\\/logo_a_nova_peneira_portal_web.png\",\"width\":300,\"height\":100,\"caption\":\"A Nova Peneira\"},\"image\":{\"@id\":\"https:\\\/\\\/www.anovapeneira.gal\\\/#\\\/schema\\\/logo\\\/image\\\/\"},\"sameAs\":[\"https:\\\/\\\/www.facebook.com\\\/anovapeneira\",\"https:\\\/\\\/x.com\\\/APeneira\"]},{\"@type\":\"Person\",\"@id\":\"https:\\\/\\\/www.anovapeneira.gal\\\/#\\\/schema\\\/person\\\/b93e3f8932e3f8da96334607eb6ac6aa\",\"name\":\"Redacci\u00f3n A Nova Peneira\",\"image\":{\"@type\":\"ImageObject\",\"inLanguage\":\"gl-ES\",\"@id\":\"https:\\\/\\\/secure.gravatar.com\\\/avatar\\\/c052a2551a06e23fac63626232eaa90abd78dbcf1700fc46a2b2c89fd27b735f?s=96&d=mm&r=g\",\"url\":\"https:\\\/\\\/secure.gravatar.com\\\/avatar\\\/c052a2551a06e23fac63626232eaa90abd78dbcf1700fc46a2b2c89fd27b735f?s=96&d=mm&r=g\",\"contentUrl\":\"https:\\\/\\\/secure.gravatar.com\\\/avatar\\\/c052a2551a06e23fac63626232eaa90abd78dbcf1700fc46a2b2c89fd27b735f?s=96&d=mm&r=g\",\"caption\":\"Redacci\u00f3n A Nova Peneira\"},\"sameAs\":[\"http:\\\/\\\/www.anovapeneira.gal\\\/\"],\"url\":\"https:\\\/\\\/www.anovapeneira.gal\\\/index.php\\\/author\\\/redactor\\\/\"}]}<\/script>\n<!-- \/ Yoast SEO plugin. -->","yoast_head_json":{"title":"A Praza da Mina r\u00f3uballe protagonismo ao Seixo na programaci\u00f3n de ver\u00e1n en Tomi\u00f1o -","description":"Tras a s\u00faa reforma integral, a Praza da Mina acolleu catro espect\u00e1culos dirixidos \u00e1s e aos m\u00e1is pequenos do concello","robots":{"index":"index","follow":"follow","max-snippet":"max-snippet:-1","max-image-preview":"max-image-preview:large","max-video-preview":"max-video-preview:-1"},"canonical":"https:\/\/www.anovapeneira.gal\/index.php\/2022\/09\/06\/a-praza-da-mina-rouballe-protagonismo-ao-seixo-na-programacion-de-veran-en-tomino\/","og_locale":"gl_ES","og_type":"article","og_title":"A Praza da Mina r\u00f3uballe protagonismo ao Seixo na programaci\u00f3n de ver\u00e1n en Tomi\u00f1o -","og_description":"Tras a s\u00faa reforma integral, a Praza da Mina acolleu catro espect\u00e1culos dirixidos \u00e1s e aos m\u00e1is pequenos do concello","og_url":"https:\/\/www.anovapeneira.gal\/index.php\/2022\/09\/06\/a-praza-da-mina-rouballe-protagonismo-ao-seixo-na-programacion-de-veran-en-tomino\/","article_publisher":"https:\/\/www.facebook.com\/anovapeneira","article_published_time":"2022-09-06T10:00:21+00:00","og_image":[{"width":720,"height":432,"url":"https:\/\/www.anovapeneira.gal\/wp-content\/uploads\/2022\/09\/a_praza_da_mina.jpg","type":"image\/jpeg"}],"author":"Redacci\u00f3n A Nova Peneira","twitter_card":"summary_large_image","twitter_creator":"@APeneira","twitter_site":"@APeneira","twitter_misc":{"Escrito por":"Redacci\u00f3n A Nova Peneira","Tempo de lectura":"2 minutos"},"schema":{"@context":"https:\/\/schema.org","@graph":[{"@type":"Article","@id":"https:\/\/www.anovapeneira.gal\/index.php\/2022\/09\/06\/a-praza-da-mina-rouballe-protagonismo-ao-seixo-na-programacion-de-veran-en-tomino\/#article","isPartOf":{"@id":"https:\/\/www.anovapeneira.gal\/index.php\/2022\/09\/06\/a-praza-da-mina-rouballe-protagonismo-ao-seixo-na-programacion-de-veran-en-tomino\/"},"author":{"name":"Redacci\u00f3n A Nova Peneira","@id":"https:\/\/www.anovapeneira.gal\/#\/schema\/person\/b93e3f8932e3f8da96334607eb6ac6aa"},"headline":"A Praza da Mina r\u00f3uballe protagonismo ao Seixo na programaci\u00f3n de ver\u00e1n en Tomi\u00f1o","datePublished":"2022-09-06T10:00:21+00:00","mainEntityOfPage":{"@id":"https:\/\/www.anovapeneira.gal\/index.php\/2022\/09\/06\/a-praza-da-mina-rouballe-protagonismo-ao-seixo-na-programacion-de-veran-en-tomino\/"},"wordCount":380,"commentCount":0,"publisher":{"@id":"https:\/\/www.anovapeneira.gal\/#organization"},"image":{"@id":"https:\/\/www.anovapeneira.gal\/index.php\/2022\/09\/06\/a-praza-da-mina-rouballe-protagonismo-ao-seixo-na-programacion-de-veran-en-tomino\/#primaryimage"},"thumbnailUrl":"https:\/\/www.anovapeneira.gal\/wp-content\/uploads\/2022\/09\/a_praza_da_mina.jpg","keywords":["Concello de Tomi\u00f1o"],"articleSection":["Baixo Mi\u00f1o"],"inLanguage":"gl-ES","potentialAction":[{"@type":"CommentAction","name":"Comment","target":["https:\/\/www.anovapeneira.gal\/index.php\/2022\/09\/06\/a-praza-da-mina-rouballe-protagonismo-ao-seixo-na-programacion-de-veran-en-tomino\/#respond"]}]},{"@type":"WebPage","@id":"https:\/\/www.anovapeneira.gal\/index.php\/2022\/09\/06\/a-praza-da-mina-rouballe-protagonismo-ao-seixo-na-programacion-de-veran-en-tomino\/","url":"https:\/\/www.anovapeneira.gal\/index.php\/2022\/09\/06\/a-praza-da-mina-rouballe-protagonismo-ao-seixo-na-programacion-de-veran-en-tomino\/","name":"A Praza da Mina r\u00f3uballe protagonismo ao Seixo na programaci\u00f3n de ver\u00e1n en Tomi\u00f1o -","isPartOf":{"@id":"https:\/\/www.anovapeneira.gal\/#website"},"primaryImageOfPage":{"@id":"https:\/\/www.anovapeneira.gal\/index.php\/2022\/09\/06\/a-praza-da-mina-rouballe-protagonismo-ao-seixo-na-programacion-de-veran-en-tomino\/#primaryimage"},"image":{"@id":"https:\/\/www.anovapeneira.gal\/index.php\/2022\/09\/06\/a-praza-da-mina-rouballe-protagonismo-ao-seixo-na-programacion-de-veran-en-tomino\/#primaryimage"},"thumbnailUrl":"https:\/\/www.anovapeneira.gal\/wp-content\/uploads\/2022\/09\/a_praza_da_mina.jpg","datePublished":"2022-09-06T10:00:21+00:00","description":"Tras a s\u00faa reforma integral, a Praza da Mina acolleu catro espect\u00e1culos dirixidos \u00e1s e aos m\u00e1is pequenos do concello","breadcrumb":{"@id":"https:\/\/www.anovapeneira.gal\/index.php\/2022\/09\/06\/a-praza-da-mina-rouballe-protagonismo-ao-seixo-na-programacion-de-veran-en-tomino\/#breadcrumb"},"inLanguage":"gl-ES","potentialAction":[{"@type":"ReadAction","target":["https:\/\/www.anovapeneira.gal\/index.php\/2022\/09\/06\/a-praza-da-mina-rouballe-protagonismo-ao-seixo-na-programacion-de-veran-en-tomino\/"]}]},{"@type":"ImageObject","inLanguage":"gl-ES","@id":"https:\/\/www.anovapeneira.gal\/index.php\/2022\/09\/06\/a-praza-da-mina-rouballe-protagonismo-ao-seixo-na-programacion-de-veran-en-tomino\/#primaryimage","url":"https:\/\/www.anovapeneira.gal\/wp-content\/uploads\/2022\/09\/a_praza_da_mina.jpg","contentUrl":"https:\/\/www.anovapeneira.gal\/wp-content\/uploads\/2022\/09\/a_praza_da_mina.jpg","width":720,"height":432,"caption":"A Praza da Mina r\u00f3uballe protagonismo ao Seixo na programaci\u00f3n de ver\u00e1n en Tomi\u00f1o"},{"@type":"BreadcrumbList","@id":"https:\/\/www.anovapeneira.gal\/index.php\/2022\/09\/06\/a-praza-da-mina-rouballe-protagonismo-ao-seixo-na-programacion-de-veran-en-tomino\/#breadcrumb","itemListElement":[{"@type":"ListItem","position":1,"name":"Portada","item":"https:\/\/www.anovapeneira.gal\/"},{"@type":"ListItem","position":2,"name":"A Praza da Mina r\u00f3uballe protagonismo ao Seixo na programaci\u00f3n de ver\u00e1n en Tomi\u00f1o"}]},{"@type":"WebSite","@id":"https:\/\/www.anovapeneira.gal\/#website","url":"https:\/\/www.anovapeneira.gal\/","name":"","description":"Xornal galego de informaci\u00f3n xeral Publicaci\u00f3n mensual de novas de Galicia e en especial dos Concellos da sur da provincia de Pontevedra.","publisher":{"@id":"https:\/\/www.anovapeneira.gal\/#organization"},"potentialAction":[{"@type":"SearchAction","target":{"@type":"EntryPoint","urlTemplate":"https:\/\/www.anovapeneira.gal\/?s={search_term_string}"},"query-input":{"@type":"PropertyValueSpecification","valueRequired":true,"valueName":"search_term_string"}}],"inLanguage":"gl-ES"},{"@type":"Organization","@id":"https:\/\/www.anovapeneira.gal\/#organization","name":"A Nova Peneira","url":"https:\/\/www.anovapeneira.gal\/","logo":{"@type":"ImageObject","inLanguage":"gl-ES","@id":"https:\/\/www.anovapeneira.gal\/#\/schema\/logo\/image\/","url":"http:\/\/www.anovapeneira.gal\/wp-content\/uploads\/2019\/06\/logo_a_nova_peneira_portal_web.png","contentUrl":"http:\/\/www.anovapeneira.gal\/wp-content\/uploads\/2019\/06\/logo_a_nova_peneira_portal_web.png","width":300,"height":100,"caption":"A Nova Peneira"},"image":{"@id":"https:\/\/www.anovapeneira.gal\/#\/schema\/logo\/image\/"},"sameAs":["https:\/\/www.facebook.com\/anovapeneira","https:\/\/x.com\/APeneira"]},{"@type":"Person","@id":"https:\/\/www.anovapeneira.gal\/#\/schema\/person\/b93e3f8932e3f8da96334607eb6ac6aa","name":"Redacci\u00f3n A Nova Peneira","image":{"@type":"ImageObject","inLanguage":"gl-ES","@id":"https:\/\/secure.gravatar.com\/avatar\/c052a2551a06e23fac63626232eaa90abd78dbcf1700fc46a2b2c89fd27b735f?s=96&d=mm&r=g","url":"https:\/\/secure.gravatar.com\/avatar\/c052a2551a06e23fac63626232eaa90abd78dbcf1700fc46a2b2c89fd27b735f?s=96&d=mm&r=g","contentUrl":"https:\/\/secure.gravatar.com\/avatar\/c052a2551a06e23fac63626232eaa90abd78dbcf1700fc46a2b2c89fd27b735f?s=96&d=mm&r=g","caption":"Redacci\u00f3n A Nova Peneira"},"sameAs":["http:\/\/www.anovapeneira.gal\/"],"url":"https:\/\/www.anovapeneira.gal\/index.php\/author\/redactor\/"}]}},"jetpack_featured_media_url":"https:\/\/www.anovapeneira.gal\/wp-content\/uploads\/2022\/09\/a_praza_da_mina.jpg","_links":{"self":[{"href":"https:\/\/www.anovapeneira.gal\/index.php\/wp-json\/wp\/v2\/posts\/8096","targetHints":{"allow":["GET"]}}],"collection":[{"href":"https:\/\/www.anovapeneira.gal\/index.php\/wp-json\/wp\/v2\/posts"}],"about":[{"href":"https:\/\/www.anovapeneira.gal\/index.php\/wp-json\/wp\/v2\/types\/post"}],"author":[{"embeddable":true,"href":"https:\/\/www.anovapeneira.gal\/index.php\/wp-json\/wp\/v2\/users\/3"}],"replies":[{"embeddable":true,"href":"https:\/\/www.anovapeneira.gal\/index.php\/wp-json\/wp\/v2\/comments?post=8096"}],"version-history":[{"count":1,"href":"https:\/\/www.anovapeneira.gal\/index.php\/wp-json\/wp\/v2\/posts\/8096\/revisions"}],"predecessor-version":[{"id":8098,"href":"https:\/\/www.anovapeneira.gal\/index.php\/wp-json\/wp\/v2\/posts\/8096\/revisions\/8098"}],"wp:featuredmedia":[{"embeddable":true,"href":"https:\/\/www.anovapeneira.gal\/index.php\/wp-json\/wp\/v2\/media\/8097"}],"wp:attachment":[{"href":"https:\/\/www.anovapeneira.gal\/index.php\/wp-json\/wp\/v2\/media?parent=8096"}],"wp:term":[{"taxonomy":"category","embeddable":true,"href":"https:\/\/www.anovapeneira.gal\/index.php\/wp-json\/wp\/v2\/categories?post=8096"},{"taxonomy":"post_tag","embeddable":true,"href":"https:\/\/www.anovapeneira.gal\/index.php\/wp-json\/wp\/v2\/tags?post=8096"}],"curies":[{"name":"wp","href":"https:\/\/api.w.org\/{rel}","templated":true}]}}