{"id":8099,"date":"2022-09-07T10:00:36","date_gmt":"2022-09-07T08:00:36","guid":{"rendered":"https:\/\/www.anovapeneira.gal\/?p=8099"},"modified":"2022-09-04T20:09:03","modified_gmt":"2022-09-04T18:09:03","slug":"o-concello-destina-10-000-euros-as-novas-axudas-a-entidades-sociais-ponteareas","status":"publish","type":"post","link":"https:\/\/www.anovapeneira.gal\/index.php\/2022\/09\/07\/o-concello-destina-10-000-euros-as-novas-axudas-a-entidades-sociais-ponteareas\/","title":{"rendered":"O Concello destina 10.000 euros \u00e1s novas axudas a entidades sociais ponteare\u00e1s"},"content":{"rendered":"\n<h2 class=\"wp-block-heading\"><strong>Con esta li\u00f1a de subvenci\u00f3ns o Goberno municipal fomenta e apoia \u00e1s entidades que desenvolven programas de promoci\u00f3n do benestar social<\/strong><\/h2>\n\n\n\n<p><strong>O prazo para presentar a solicitude remata o vindeiro 15 de setembro<\/strong><\/p>\n\n\n\n<p>Un ano m\u00e1is o Concello de Ponteareas pon en marcha unha li\u00f1a de subvenci\u00f3ns dirixidas a entidades sociais que desenvolven actividades no municipio durante este ano 2022. Tr\u00e1tanse de axudas coas que se busca \u201cfomentar e apoiar as iniciativas das entidades sen \u00e1nimo de lucro que levan a cabo programas que promoven o benestar social da veci\u00f1anza a trav\u00e9s de diferentes acci\u00f3ns, continuando na li\u00f1a marcada polo actual Goberno municipal desde 2015 de colaboraci\u00f3n coas entidades sociais\u201d, como explica a concelleira de Benestar Social e Igualdade, Ver\u00f3nica Carrera.<\/p>\n\n\n\n<p>Estas subvenci\u00f3ns permitir\u00e1n realizar acci\u00f3ns de prevenci\u00f3n, asistencia, incorporaci\u00f3n social, fomento e sensibilizaci\u00f3n da participaci\u00f3n cidad\u00e1 ou de igualdade de oportunidades entre mulleres e homes, entre outras. As axudas ser\u00e1 para actividades realizadas ao longo do ano 2022, a contar dende o 1 de xaneiro.<\/p>\n\n\n\n<p>O Concello investir\u00e1 un total de 10.000 euros nestas axudas, cun m\u00e1ximo de 3.000\u20ac por entidade. Carrera salienta que estas subvenci\u00f3ns \u201cout\u00f3rganse con fondos propios municipais e se conceden de forma transparente e en concurrencia libre\u201d.<\/p>\n\n\n\n<p>As entidades sociais interesadas poder\u00e1n presentar as s\u00faas solicitudes ata o 15 de setembro. As bases, xunto co formularios en formato edit\u00e1bel, est\u00e1n a disposici\u00f3n na sede electr\u00f3nica e na p\u00e1xina web do Concello.<\/p>\n","protected":false},"excerpt":{"rendered":"<div class=\"mh-excerpt\"><p>Con esta li\u00f1a de subvenci\u00f3ns o Goberno municipal fomenta e apoia \u00e1s entidades que desenvolven programas de promoci\u00f3n do benestar social <a class=\"mh-excerpt-more\" href=\"https:\/\/www.anovapeneira.gal\/index.php\/2022\/09\/07\/o-concello-destina-10-000-euros-as-novas-axudas-a-entidades-sociais-ponteareas\/\" title=\"O Concello destina 10.000 euros \u00e1s novas axudas a entidades sociais ponteare\u00e1s\">[&#8230;]<\/a><\/p>\n<\/div>","protected":false},"author":3,"featured_media":572,"comment_status":"open","ping_status":"open","sticky":false,"template":"","format":"standard","meta":{"_exactmetrics_skip_tracking":false,"_exactmetrics_sitenote_active":false,"_exactmetrics_sitenote_note":"","_exactmetrics_sitenote_category":0,"footnotes":""},"categories":[25],"tags":[208],"class_list":{"0":"post-8099","1":"post","2":"type-post","3":"status-publish","4":"format-standard","5":"has-post-thumbnail","7":"category-condado","8":"tag-concello-de-ponteareas"},"yoast_head":"<!-- This site is optimized with the Yoast SEO plugin v27.4 - https:\/\/yoast.com\/product\/yoast-seo-wordpress\/ -->\n<title>O Concello destina 10.000 euros \u00e1s novas axudas a entidades sociais ponteare\u00e1s -<\/title>\n<meta name=\"description\" content=\"Con esta li\u00f1a de subvenci\u00f3ns o Goberno municipal fomenta e apoia \u00e1s entidades que desenvolven programas de promoci\u00f3n do benestar social\" \/>\n<meta name=\"robots\" content=\"index, follow, max-snippet:-1, max-image-preview:large, max-video-preview:-1\" \/>\n<link rel=\"canonical\" href=\"https:\/\/www.anovapeneira.gal\/index.php\/2022\/09\/07\/o-concello-destina-10-000-euros-as-novas-axudas-a-entidades-sociais-ponteareas\/\" \/>\n<meta property=\"og:locale\" content=\"gl_ES\" \/>\n<meta property=\"og:type\" content=\"article\" \/>\n<meta property=\"og:title\" content=\"O Concello destina 10.000 euros \u00e1s novas axudas a entidades sociais ponteare\u00e1s -\" \/>\n<meta property=\"og:description\" content=\"Con esta li\u00f1a de subvenci\u00f3ns o Goberno municipal fomenta e apoia \u00e1s entidades que desenvolven programas de promoci\u00f3n do benestar social\" \/>\n<meta property=\"og:url\" content=\"https:\/\/www.anovapeneira.gal\/index.php\/2022\/09\/07\/o-concello-destina-10-000-euros-as-novas-axudas-a-entidades-sociais-ponteareas\/\" \/>\n<meta property=\"article:publisher\" content=\"https:\/\/www.facebook.com\/anovapeneira\" \/>\n<meta property=\"article:published_time\" content=\"2022-09-07T08:00:36+00:00\" \/>\n<meta property=\"og:image\" content=\"https:\/\/www.anovapeneira.gal\/wp-content\/uploads\/2019\/07\/logo_Ponteareas_branco.jpg\" \/>\n\t<meta property=\"og:image:width\" content=\"720\" \/>\n\t<meta property=\"og:image:height\" content=\"473\" \/>\n\t<meta property=\"og:image:type\" content=\"image\/jpeg\" \/>\n<meta name=\"author\" content=\"Redacci\u00f3n A Nova Peneira\" \/>\n<meta name=\"twitter:card\" content=\"summary_large_image\" \/>\n<meta name=\"twitter:creator\" content=\"@APeneira\" \/>\n<meta name=\"twitter:site\" content=\"@APeneira\" \/>\n<meta name=\"twitter:label1\" content=\"Escrito por\" \/>\n\t<meta name=\"twitter:data1\" content=\"Redacci\u00f3n A Nova Peneira\" \/>\n\t<meta name=\"twitter:label2\" content=\"Tempo de lectura\" \/>\n\t<meta name=\"twitter:data2\" content=\"2 minutos\" \/>\n<script type=\"application\/ld+json\" class=\"yoast-schema-graph\">{\"@context\":\"https:\\\/\\\/schema.org\",\"@graph\":[{\"@type\":\"Article\",\"@id\":\"https:\\\/\\\/www.anovapeneira.gal\\\/index.php\\\/2022\\\/09\\\/07\\\/o-concello-destina-10-000-euros-as-novas-axudas-a-entidades-sociais-ponteareas\\\/#article\",\"isPartOf\":{\"@id\":\"https:\\\/\\\/www.anovapeneira.gal\\\/index.php\\\/2022\\\/09\\\/07\\\/o-concello-destina-10-000-euros-as-novas-axudas-a-entidades-sociais-ponteareas\\\/\"},\"author\":{\"name\":\"Redacci\u00f3n A Nova Peneira\",\"@id\":\"https:\\\/\\\/www.anovapeneira.gal\\\/#\\\/schema\\\/person\\\/b93e3f8932e3f8da96334607eb6ac6aa\"},\"headline\":\"O Concello destina 10.000 euros \u00e1s novas axudas a entidades sociais ponteare\u00e1s\",\"datePublished\":\"2022-09-07T08:00:36+00:00\",\"mainEntityOfPage\":{\"@id\":\"https:\\\/\\\/www.anovapeneira.gal\\\/index.php\\\/2022\\\/09\\\/07\\\/o-concello-destina-10-000-euros-as-novas-axudas-a-entidades-sociais-ponteareas\\\/\"},\"wordCount\":270,\"commentCount\":0,\"publisher\":{\"@id\":\"https:\\\/\\\/www.anovapeneira.gal\\\/#organization\"},\"image\":{\"@id\":\"https:\\\/\\\/www.anovapeneira.gal\\\/index.php\\\/2022\\\/09\\\/07\\\/o-concello-destina-10-000-euros-as-novas-axudas-a-entidades-sociais-ponteareas\\\/#primaryimage\"},\"thumbnailUrl\":\"https:\\\/\\\/www.anovapeneira.gal\\\/wp-content\\\/uploads\\\/2019\\\/07\\\/logo_Ponteareas_branco.jpg\",\"keywords\":[\"Concello de Ponteareas\"],\"articleSection\":[\"Condado\"],\"inLanguage\":\"gl-ES\",\"potentialAction\":[{\"@type\":\"CommentAction\",\"name\":\"Comment\",\"target\":[\"https:\\\/\\\/www.anovapeneira.gal\\\/index.php\\\/2022\\\/09\\\/07\\\/o-concello-destina-10-000-euros-as-novas-axudas-a-entidades-sociais-ponteareas\\\/#respond\"]}]},{\"@type\":\"WebPage\",\"@id\":\"https:\\\/\\\/www.anovapeneira.gal\\\/index.php\\\/2022\\\/09\\\/07\\\/o-concello-destina-10-000-euros-as-novas-axudas-a-entidades-sociais-ponteareas\\\/\",\"url\":\"https:\\\/\\\/www.anovapeneira.gal\\\/index.php\\\/2022\\\/09\\\/07\\\/o-concello-destina-10-000-euros-as-novas-axudas-a-entidades-sociais-ponteareas\\\/\",\"name\":\"O Concello destina 10.000 euros \u00e1s novas axudas a entidades sociais ponteare\u00e1s -\",\"isPartOf\":{\"@id\":\"https:\\\/\\\/www.anovapeneira.gal\\\/#website\"},\"primaryImageOfPage\":{\"@id\":\"https:\\\/\\\/www.anovapeneira.gal\\\/index.php\\\/2022\\\/09\\\/07\\\/o-concello-destina-10-000-euros-as-novas-axudas-a-entidades-sociais-ponteareas\\\/#primaryimage\"},\"image\":{\"@id\":\"https:\\\/\\\/www.anovapeneira.gal\\\/index.php\\\/2022\\\/09\\\/07\\\/o-concello-destina-10-000-euros-as-novas-axudas-a-entidades-sociais-ponteareas\\\/#primaryimage\"},\"thumbnailUrl\":\"https:\\\/\\\/www.anovapeneira.gal\\\/wp-content\\\/uploads\\\/2019\\\/07\\\/logo_Ponteareas_branco.jpg\",\"datePublished\":\"2022-09-07T08:00:36+00:00\",\"description\":\"Con esta li\u00f1a de subvenci\u00f3ns o Goberno municipal fomenta e apoia \u00e1s entidades que desenvolven programas de promoci\u00f3n do benestar social\",\"breadcrumb\":{\"@id\":\"https:\\\/\\\/www.anovapeneira.gal\\\/index.php\\\/2022\\\/09\\\/07\\\/o-concello-destina-10-000-euros-as-novas-axudas-a-entidades-sociais-ponteareas\\\/#breadcrumb\"},\"inLanguage\":\"gl-ES\",\"potentialAction\":[{\"@type\":\"ReadAction\",\"target\":[\"https:\\\/\\\/www.anovapeneira.gal\\\/index.php\\\/2022\\\/09\\\/07\\\/o-concello-destina-10-000-euros-as-novas-axudas-a-entidades-sociais-ponteareas\\\/\"]}]},{\"@type\":\"ImageObject\",\"inLanguage\":\"gl-ES\",\"@id\":\"https:\\\/\\\/www.anovapeneira.gal\\\/index.php\\\/2022\\\/09\\\/07\\\/o-concello-destina-10-000-euros-as-novas-axudas-a-entidades-sociais-ponteareas\\\/#primaryimage\",\"url\":\"https:\\\/\\\/www.anovapeneira.gal\\\/wp-content\\\/uploads\\\/2019\\\/07\\\/logo_Ponteareas_branco.jpg\",\"contentUrl\":\"https:\\\/\\\/www.anovapeneira.gal\\\/wp-content\\\/uploads\\\/2019\\\/07\\\/logo_Ponteareas_branco.jpg\",\"width\":720,\"height\":473,\"caption\":\"Concello de Ponteareas A Nova Peneira\"},{\"@type\":\"BreadcrumbList\",\"@id\":\"https:\\\/\\\/www.anovapeneira.gal\\\/index.php\\\/2022\\\/09\\\/07\\\/o-concello-destina-10-000-euros-as-novas-axudas-a-entidades-sociais-ponteareas\\\/#breadcrumb\",\"itemListElement\":[{\"@type\":\"ListItem\",\"position\":1,\"name\":\"Portada\",\"item\":\"https:\\\/\\\/www.anovapeneira.gal\\\/\"},{\"@type\":\"ListItem\",\"position\":2,\"name\":\"O Concello destina 10.000 euros \u00e1s novas axudas a entidades sociais ponteare\u00e1s\"}]},{\"@type\":\"WebSite\",\"@id\":\"https:\\\/\\\/www.anovapeneira.gal\\\/#website\",\"url\":\"https:\\\/\\\/www.anovapeneira.gal\\\/\",\"name\":\"\",\"description\":\"Xornal galego de informaci\u00f3n xeral Publicaci\u00f3n mensual de novas de Galicia e en especial dos Concellos da sur da provincia de Pontevedra.\",\"publisher\":{\"@id\":\"https:\\\/\\\/www.anovapeneira.gal\\\/#organization\"},\"potentialAction\":[{\"@type\":\"SearchAction\",\"target\":{\"@type\":\"EntryPoint\",\"urlTemplate\":\"https:\\\/\\\/www.anovapeneira.gal\\\/?s={search_term_string}\"},\"query-input\":{\"@type\":\"PropertyValueSpecification\",\"valueRequired\":true,\"valueName\":\"search_term_string\"}}],\"inLanguage\":\"gl-ES\"},{\"@type\":\"Organization\",\"@id\":\"https:\\\/\\\/www.anovapeneira.gal\\\/#organization\",\"name\":\"A Nova Peneira\",\"url\":\"https:\\\/\\\/www.anovapeneira.gal\\\/\",\"logo\":{\"@type\":\"ImageObject\",\"inLanguage\":\"gl-ES\",\"@id\":\"https:\\\/\\\/www.anovapeneira.gal\\\/#\\\/schema\\\/logo\\\/image\\\/\",\"url\":\"http:\\\/\\\/www.anovapeneira.gal\\\/wp-content\\\/uploads\\\/2019\\\/06\\\/logo_a_nova_peneira_portal_web.png\",\"contentUrl\":\"http:\\\/\\\/www.anovapeneira.gal\\\/wp-content\\\/uploads\\\/2019\\\/06\\\/logo_a_nova_peneira_portal_web.png\",\"width\":300,\"height\":100,\"caption\":\"A Nova Peneira\"},\"image\":{\"@id\":\"https:\\\/\\\/www.anovapeneira.gal\\\/#\\\/schema\\\/logo\\\/image\\\/\"},\"sameAs\":[\"https:\\\/\\\/www.facebook.com\\\/anovapeneira\",\"https:\\\/\\\/x.com\\\/APeneira\"]},{\"@type\":\"Person\",\"@id\":\"https:\\\/\\\/www.anovapeneira.gal\\\/#\\\/schema\\\/person\\\/b93e3f8932e3f8da96334607eb6ac6aa\",\"name\":\"Redacci\u00f3n A Nova Peneira\",\"image\":{\"@type\":\"ImageObject\",\"inLanguage\":\"gl-ES\",\"@id\":\"https:\\\/\\\/secure.gravatar.com\\\/avatar\\\/c052a2551a06e23fac63626232eaa90abd78dbcf1700fc46a2b2c89fd27b735f?s=96&d=mm&r=g\",\"url\":\"https:\\\/\\\/secure.gravatar.com\\\/avatar\\\/c052a2551a06e23fac63626232eaa90abd78dbcf1700fc46a2b2c89fd27b735f?s=96&d=mm&r=g\",\"contentUrl\":\"https:\\\/\\\/secure.gravatar.com\\\/avatar\\\/c052a2551a06e23fac63626232eaa90abd78dbcf1700fc46a2b2c89fd27b735f?s=96&d=mm&r=g\",\"caption\":\"Redacci\u00f3n A Nova Peneira\"},\"sameAs\":[\"http:\\\/\\\/www.anovapeneira.gal\\\/\"],\"url\":\"https:\\\/\\\/www.anovapeneira.gal\\\/index.php\\\/author\\\/redactor\\\/\"}]}<\/script>\n<!-- \/ Yoast SEO plugin. -->","yoast_head_json":{"title":"O Concello destina 10.000 euros \u00e1s novas axudas a entidades sociais ponteare\u00e1s -","description":"Con esta li\u00f1a de subvenci\u00f3ns o Goberno municipal fomenta e apoia \u00e1s entidades que desenvolven programas de promoci\u00f3n do benestar social","robots":{"index":"index","follow":"follow","max-snippet":"max-snippet:-1","max-image-preview":"max-image-preview:large","max-video-preview":"max-video-preview:-1"},"canonical":"https:\/\/www.anovapeneira.gal\/index.php\/2022\/09\/07\/o-concello-destina-10-000-euros-as-novas-axudas-a-entidades-sociais-ponteareas\/","og_locale":"gl_ES","og_type":"article","og_title":"O Concello destina 10.000 euros \u00e1s novas axudas a entidades sociais ponteare\u00e1s -","og_description":"Con esta li\u00f1a de subvenci\u00f3ns o Goberno municipal fomenta e apoia \u00e1s entidades que desenvolven programas de promoci\u00f3n do benestar social","og_url":"https:\/\/www.anovapeneira.gal\/index.php\/2022\/09\/07\/o-concello-destina-10-000-euros-as-novas-axudas-a-entidades-sociais-ponteareas\/","article_publisher":"https:\/\/www.facebook.com\/anovapeneira","article_published_time":"2022-09-07T08:00:36+00:00","og_image":[{"width":720,"height":473,"url":"https:\/\/www.anovapeneira.gal\/wp-content\/uploads\/2019\/07\/logo_Ponteareas_branco.jpg","type":"image\/jpeg"}],"author":"Redacci\u00f3n A Nova Peneira","twitter_card":"summary_large_image","twitter_creator":"@APeneira","twitter_site":"@APeneira","twitter_misc":{"Escrito por":"Redacci\u00f3n A Nova Peneira","Tempo de lectura":"2 minutos"},"schema":{"@context":"https:\/\/schema.org","@graph":[{"@type":"Article","@id":"https:\/\/www.anovapeneira.gal\/index.php\/2022\/09\/07\/o-concello-destina-10-000-euros-as-novas-axudas-a-entidades-sociais-ponteareas\/#article","isPartOf":{"@id":"https:\/\/www.anovapeneira.gal\/index.php\/2022\/09\/07\/o-concello-destina-10-000-euros-as-novas-axudas-a-entidades-sociais-ponteareas\/"},"author":{"name":"Redacci\u00f3n A Nova Peneira","@id":"https:\/\/www.anovapeneira.gal\/#\/schema\/person\/b93e3f8932e3f8da96334607eb6ac6aa"},"headline":"O Concello destina 10.000 euros \u00e1s novas axudas a entidades sociais ponteare\u00e1s","datePublished":"2022-09-07T08:00:36+00:00","mainEntityOfPage":{"@id":"https:\/\/www.anovapeneira.gal\/index.php\/2022\/09\/07\/o-concello-destina-10-000-euros-as-novas-axudas-a-entidades-sociais-ponteareas\/"},"wordCount":270,"commentCount":0,"publisher":{"@id":"https:\/\/www.anovapeneira.gal\/#organization"},"image":{"@id":"https:\/\/www.anovapeneira.gal\/index.php\/2022\/09\/07\/o-concello-destina-10-000-euros-as-novas-axudas-a-entidades-sociais-ponteareas\/#primaryimage"},"thumbnailUrl":"https:\/\/www.anovapeneira.gal\/wp-content\/uploads\/2019\/07\/logo_Ponteareas_branco.jpg","keywords":["Concello de Ponteareas"],"articleSection":["Condado"],"inLanguage":"gl-ES","potentialAction":[{"@type":"CommentAction","name":"Comment","target":["https:\/\/www.anovapeneira.gal\/index.php\/2022\/09\/07\/o-concello-destina-10-000-euros-as-novas-axudas-a-entidades-sociais-ponteareas\/#respond"]}]},{"@type":"WebPage","@id":"https:\/\/www.anovapeneira.gal\/index.php\/2022\/09\/07\/o-concello-destina-10-000-euros-as-novas-axudas-a-entidades-sociais-ponteareas\/","url":"https:\/\/www.anovapeneira.gal\/index.php\/2022\/09\/07\/o-concello-destina-10-000-euros-as-novas-axudas-a-entidades-sociais-ponteareas\/","name":"O Concello destina 10.000 euros \u00e1s novas axudas a entidades sociais ponteare\u00e1s -","isPartOf":{"@id":"https:\/\/www.anovapeneira.gal\/#website"},"primaryImageOfPage":{"@id":"https:\/\/www.anovapeneira.gal\/index.php\/2022\/09\/07\/o-concello-destina-10-000-euros-as-novas-axudas-a-entidades-sociais-ponteareas\/#primaryimage"},"image":{"@id":"https:\/\/www.anovapeneira.gal\/index.php\/2022\/09\/07\/o-concello-destina-10-000-euros-as-novas-axudas-a-entidades-sociais-ponteareas\/#primaryimage"},"thumbnailUrl":"https:\/\/www.anovapeneira.gal\/wp-content\/uploads\/2019\/07\/logo_Ponteareas_branco.jpg","datePublished":"2022-09-07T08:00:36+00:00","description":"Con esta li\u00f1a de subvenci\u00f3ns o Goberno municipal fomenta e apoia \u00e1s entidades que desenvolven programas de promoci\u00f3n do benestar social","breadcrumb":{"@id":"https:\/\/www.anovapeneira.gal\/index.php\/2022\/09\/07\/o-concello-destina-10-000-euros-as-novas-axudas-a-entidades-sociais-ponteareas\/#breadcrumb"},"inLanguage":"gl-ES","potentialAction":[{"@type":"ReadAction","target":["https:\/\/www.anovapeneira.gal\/index.php\/2022\/09\/07\/o-concello-destina-10-000-euros-as-novas-axudas-a-entidades-sociais-ponteareas\/"]}]},{"@type":"ImageObject","inLanguage":"gl-ES","@id":"https:\/\/www.anovapeneira.gal\/index.php\/2022\/09\/07\/o-concello-destina-10-000-euros-as-novas-axudas-a-entidades-sociais-ponteareas\/#primaryimage","url":"https:\/\/www.anovapeneira.gal\/wp-content\/uploads\/2019\/07\/logo_Ponteareas_branco.jpg","contentUrl":"https:\/\/www.anovapeneira.gal\/wp-content\/uploads\/2019\/07\/logo_Ponteareas_branco.jpg","width":720,"height":473,"caption":"Concello de Ponteareas A Nova Peneira"},{"@type":"BreadcrumbList","@id":"https:\/\/www.anovapeneira.gal\/index.php\/2022\/09\/07\/o-concello-destina-10-000-euros-as-novas-axudas-a-entidades-sociais-ponteareas\/#breadcrumb","itemListElement":[{"@type":"ListItem","position":1,"name":"Portada","item":"https:\/\/www.anovapeneira.gal\/"},{"@type":"ListItem","position":2,"name":"O Concello destina 10.000 euros \u00e1s novas axudas a entidades sociais ponteare\u00e1s"}]},{"@type":"WebSite","@id":"https:\/\/www.anovapeneira.gal\/#website","url":"https:\/\/www.anovapeneira.gal\/","name":"","description":"Xornal galego de informaci\u00f3n xeral Publicaci\u00f3n mensual de novas de Galicia e en especial dos Concellos da sur da provincia de Pontevedra.","publisher":{"@id":"https:\/\/www.anovapeneira.gal\/#organization"},"potentialAction":[{"@type":"SearchAction","target":{"@type":"EntryPoint","urlTemplate":"https:\/\/www.anovapeneira.gal\/?s={search_term_string}"},"query-input":{"@type":"PropertyValueSpecification","valueRequired":true,"valueName":"search_term_string"}}],"inLanguage":"gl-ES"},{"@type":"Organization","@id":"https:\/\/www.anovapeneira.gal\/#organization","name":"A Nova Peneira","url":"https:\/\/www.anovapeneira.gal\/","logo":{"@type":"ImageObject","inLanguage":"gl-ES","@id":"https:\/\/www.anovapeneira.gal\/#\/schema\/logo\/image\/","url":"http:\/\/www.anovapeneira.gal\/wp-content\/uploads\/2019\/06\/logo_a_nova_peneira_portal_web.png","contentUrl":"http:\/\/www.anovapeneira.gal\/wp-content\/uploads\/2019\/06\/logo_a_nova_peneira_portal_web.png","width":300,"height":100,"caption":"A Nova Peneira"},"image":{"@id":"https:\/\/www.anovapeneira.gal\/#\/schema\/logo\/image\/"},"sameAs":["https:\/\/www.facebook.com\/anovapeneira","https:\/\/x.com\/APeneira"]},{"@type":"Person","@id":"https:\/\/www.anovapeneira.gal\/#\/schema\/person\/b93e3f8932e3f8da96334607eb6ac6aa","name":"Redacci\u00f3n A Nova Peneira","image":{"@type":"ImageObject","inLanguage":"gl-ES","@id":"https:\/\/secure.gravatar.com\/avatar\/c052a2551a06e23fac63626232eaa90abd78dbcf1700fc46a2b2c89fd27b735f?s=96&d=mm&r=g","url":"https:\/\/secure.gravatar.com\/avatar\/c052a2551a06e23fac63626232eaa90abd78dbcf1700fc46a2b2c89fd27b735f?s=96&d=mm&r=g","contentUrl":"https:\/\/secure.gravatar.com\/avatar\/c052a2551a06e23fac63626232eaa90abd78dbcf1700fc46a2b2c89fd27b735f?s=96&d=mm&r=g","caption":"Redacci\u00f3n A Nova Peneira"},"sameAs":["http:\/\/www.anovapeneira.gal\/"],"url":"https:\/\/www.anovapeneira.gal\/index.php\/author\/redactor\/"}]}},"jetpack_featured_media_url":"https:\/\/www.anovapeneira.gal\/wp-content\/uploads\/2019\/07\/logo_Ponteareas_branco.jpg","_links":{"self":[{"href":"https:\/\/www.anovapeneira.gal\/index.php\/wp-json\/wp\/v2\/posts\/8099","targetHints":{"allow":["GET"]}}],"collection":[{"href":"https:\/\/www.anovapeneira.gal\/index.php\/wp-json\/wp\/v2\/posts"}],"about":[{"href":"https:\/\/www.anovapeneira.gal\/index.php\/wp-json\/wp\/v2\/types\/post"}],"author":[{"embeddable":true,"href":"https:\/\/www.anovapeneira.gal\/index.php\/wp-json\/wp\/v2\/users\/3"}],"replies":[{"embeddable":true,"href":"https:\/\/www.anovapeneira.gal\/index.php\/wp-json\/wp\/v2\/comments?post=8099"}],"version-history":[{"count":1,"href":"https:\/\/www.anovapeneira.gal\/index.php\/wp-json\/wp\/v2\/posts\/8099\/revisions"}],"predecessor-version":[{"id":8100,"href":"https:\/\/www.anovapeneira.gal\/index.php\/wp-json\/wp\/v2\/posts\/8099\/revisions\/8100"}],"wp:featuredmedia":[{"embeddable":true,"href":"https:\/\/www.anovapeneira.gal\/index.php\/wp-json\/wp\/v2\/media\/572"}],"wp:attachment":[{"href":"https:\/\/www.anovapeneira.gal\/index.php\/wp-json\/wp\/v2\/media?parent=8099"}],"wp:term":[{"taxonomy":"category","embeddable":true,"href":"https:\/\/www.anovapeneira.gal\/index.php\/wp-json\/wp\/v2\/categories?post=8099"},{"taxonomy":"post_tag","embeddable":true,"href":"https:\/\/www.anovapeneira.gal\/index.php\/wp-json\/wp\/v2\/tags?post=8099"}],"curies":[{"name":"wp","href":"https:\/\/api.w.org\/{rel}","templated":true}]}}