{"id":8101,"date":"2022-09-07T12:00:57","date_gmt":"2022-09-07T10:00:57","guid":{"rendered":"https:\/\/www.anovapeneira.gal\/?p=8101"},"modified":"2022-09-04T20:14:26","modified_gmt":"2022-09-04T18:14:26","slug":"eu-son-pide-explicacions-sobre-a-personacion-do-concello-no-xulgado-contra-o-anterior-goberno-e-varias-empresas","status":"publish","type":"post","link":"https:\/\/www.anovapeneira.gal\/index.php\/2022\/09\/07\/eu-son-pide-explicacions-sobre-a-personacion-do-concello-no-xulgado-contra-o-anterior-goberno-e-varias-empresas\/","title":{"rendered":"EU SON pide explicaci\u00f3ns sobre a personaci\u00f3n do concello no xulgado contra o anterior goberno e varias empresas"},"content":{"rendered":"\n<h2 class=\"wp-block-heading\">Esixe o acceso inmediato ao informe do secretario no que se basea<\/h2>\n\n\n\n<p><strong>O Porri\u00f1o, 31 de agosto de 2022<\/strong><\/p>\n\n\n\n<p>Ante a nova publicada no Faro de Vigo do 24 de agosto da \u201capertura de v\u00eda penal\u201d contra empresas que facturaron m\u00e1is de un mill\u00f3n de euros por traballos sen xustificar en presunta connivencia con membros do anterior goberno, Patricia S\u00edo e J. Manuel Villa concelleiros de EU Son esixen acceso inmediato ao informe do secretario municipal e explicaci\u00f3ns do goberno actual.<\/p>\n\n\n\n<p>Unha semana despois o silencio \u00e9 vergo\u00f1ento. O goberno lanza a mensaxe ao medios e \u00e1s RR. SS. como un simple anuncio, sen render contas ao resto da Corporaci\u00f3n, os outros grupos calan. Os nosos concelleiros sempre foron claros e non van ser c\u00f3mplices da normalizaci\u00f3n da corrupci\u00f3n. Consecuencias xudiciais \u00e1 marxe, a obriga deste grupo \u00e9 manterse firme na denuncia pol\u00edtica de calquera irregularidade, goberne quen goberne e nos supo\u00f1a as presi\u00f3ns, a todos os niveis, que nos supo\u00f1a.<\/p>\n\n\n\n<p>As supostas afirmaci\u00f3ns subscritas en dito documento por Eduardo Portela, funcionario habilitado nacional e fedatario do concello, son grav\u00edsimas. Isto non pode pasar sen m\u00e1is e, como m\u00ednimo, deber\u00eda convocarse a toda a Corporaci\u00f3n para unha explicaci\u00f3n polo mi\u00fado.<\/p>\n\n\n\n<p>Sentenzas xudiciais, varias en recursos interpostos por empresas, e parece que agora este informe do secretario dannos a raz\u00f3n. Fomos o \u00fanico grupo que pediu responsabilidades pol\u00edticas polo absoluto descontrol do anterior goberno. Isto comezou coa demisi\u00f3n da alcaldesa e non pode rematar ata que non se chegue \u00e1s \u00faltimas consecuencias. Cos cartos dos veci\u00f1os e as veci\u00f1as non vale o de borr\u00f3n e conta nova.<\/p>\n","protected":false},"excerpt":{"rendered":"<div class=\"mh-excerpt\"><p>Esixe o acceso inmediato ao informe do secretario no que se basea <a class=\"mh-excerpt-more\" href=\"https:\/\/www.anovapeneira.gal\/index.php\/2022\/09\/07\/eu-son-pide-explicacions-sobre-a-personacion-do-concello-no-xulgado-contra-o-anterior-goberno-e-varias-empresas\/\" title=\"EU SON pide explicaci\u00f3ns sobre a personaci\u00f3n do concello no xulgado contra o anterior goberno e varias empresas\">[&#8230;]<\/a><\/p>\n<\/div>","protected":false},"author":3,"featured_media":7200,"comment_status":"open","ping_status":"open","sticky":false,"template":"","format":"standard","meta":{"_exactmetrics_skip_tracking":false,"_exactmetrics_sitenote_active":false,"_exactmetrics_sitenote_note":"","_exactmetrics_sitenote_category":0,"footnotes":""},"categories":[23],"tags":[411],"class_list":{"0":"post-8101","1":"post","2":"type-post","3":"status-publish","4":"format-standard","5":"has-post-thumbnail","7":"category-a-lourina","8":"tag-concello-do-porrino"},"yoast_head":"<!-- This site is optimized with the Yoast SEO plugin v27.4 - https:\/\/yoast.com\/product\/yoast-seo-wordpress\/ -->\n<title>EU SON pide explicaci\u00f3ns sobre a personaci\u00f3n do concello no xulgado contra o anterior goberno e varias empresas -<\/title>\n<meta name=\"description\" content=\"Esixe o acceso inmediato ao informe do secretario no que se basea\" \/>\n<meta name=\"robots\" content=\"index, follow, max-snippet:-1, max-image-preview:large, max-video-preview:-1\" \/>\n<link rel=\"canonical\" href=\"https:\/\/www.anovapeneira.gal\/index.php\/2022\/09\/07\/eu-son-pide-explicacions-sobre-a-personacion-do-concello-no-xulgado-contra-o-anterior-goberno-e-varias-empresas\/\" \/>\n<meta property=\"og:locale\" content=\"gl_ES\" \/>\n<meta property=\"og:type\" content=\"article\" \/>\n<meta property=\"og:title\" content=\"EU SON pide explicaci\u00f3ns sobre a personaci\u00f3n do concello no xulgado contra o anterior goberno e varias empresas -\" \/>\n<meta property=\"og:description\" content=\"Esixe o acceso inmediato ao informe do secretario no que se basea\" \/>\n<meta property=\"og:url\" content=\"https:\/\/www.anovapeneira.gal\/index.php\/2022\/09\/07\/eu-son-pide-explicacions-sobre-a-personacion-do-concello-no-xulgado-contra-o-anterior-goberno-e-varias-empresas\/\" \/>\n<meta property=\"article:publisher\" content=\"https:\/\/www.facebook.com\/anovapeneira\" \/>\n<meta property=\"article:published_time\" content=\"2022-09-07T10:00:57+00:00\" \/>\n<meta property=\"og:image\" content=\"https:\/\/www.anovapeneira.gal\/wp-content\/uploads\/2022\/03\/eu_son.png\" \/>\n\t<meta property=\"og:image:width\" content=\"720\" \/>\n\t<meta property=\"og:image:height\" content=\"432\" \/>\n\t<meta property=\"og:image:type\" content=\"image\/png\" \/>\n<meta name=\"author\" content=\"Redacci\u00f3n A Nova Peneira\" \/>\n<meta name=\"twitter:card\" content=\"summary_large_image\" \/>\n<meta name=\"twitter:creator\" content=\"@APeneira\" \/>\n<meta name=\"twitter:site\" content=\"@APeneira\" \/>\n<meta name=\"twitter:label1\" content=\"Escrito por\" \/>\n\t<meta name=\"twitter:data1\" content=\"Redacci\u00f3n A Nova Peneira\" \/>\n\t<meta name=\"twitter:label2\" content=\"Tempo de lectura\" \/>\n\t<meta name=\"twitter:data2\" content=\"2 minutos\" \/>\n<script type=\"application\/ld+json\" class=\"yoast-schema-graph\">{\"@context\":\"https:\\\/\\\/schema.org\",\"@graph\":[{\"@type\":\"Article\",\"@id\":\"https:\\\/\\\/www.anovapeneira.gal\\\/index.php\\\/2022\\\/09\\\/07\\\/eu-son-pide-explicacions-sobre-a-personacion-do-concello-no-xulgado-contra-o-anterior-goberno-e-varias-empresas\\\/#article\",\"isPartOf\":{\"@id\":\"https:\\\/\\\/www.anovapeneira.gal\\\/index.php\\\/2022\\\/09\\\/07\\\/eu-son-pide-explicacions-sobre-a-personacion-do-concello-no-xulgado-contra-o-anterior-goberno-e-varias-empresas\\\/\"},\"author\":{\"name\":\"Redacci\u00f3n A Nova Peneira\",\"@id\":\"https:\\\/\\\/www.anovapeneira.gal\\\/#\\\/schema\\\/person\\\/b93e3f8932e3f8da96334607eb6ac6aa\"},\"headline\":\"EU SON pide explicaci\u00f3ns sobre a personaci\u00f3n do concello no xulgado contra o anterior goberno e varias empresas\",\"datePublished\":\"2022-09-07T10:00:57+00:00\",\"mainEntityOfPage\":{\"@id\":\"https:\\\/\\\/www.anovapeneira.gal\\\/index.php\\\/2022\\\/09\\\/07\\\/eu-son-pide-explicacions-sobre-a-personacion-do-concello-no-xulgado-contra-o-anterior-goberno-e-varias-empresas\\\/\"},\"wordCount\":309,\"commentCount\":0,\"publisher\":{\"@id\":\"https:\\\/\\\/www.anovapeneira.gal\\\/#organization\"},\"image\":{\"@id\":\"https:\\\/\\\/www.anovapeneira.gal\\\/index.php\\\/2022\\\/09\\\/07\\\/eu-son-pide-explicacions-sobre-a-personacion-do-concello-no-xulgado-contra-o-anterior-goberno-e-varias-empresas\\\/#primaryimage\"},\"thumbnailUrl\":\"https:\\\/\\\/www.anovapeneira.gal\\\/wp-content\\\/uploads\\\/2022\\\/03\\\/eu_son.png\",\"keywords\":[\"Concello do Porri\u00f1o\"],\"articleSection\":[\"A Louri\u00f1a\"],\"inLanguage\":\"gl-ES\",\"potentialAction\":[{\"@type\":\"CommentAction\",\"name\":\"Comment\",\"target\":[\"https:\\\/\\\/www.anovapeneira.gal\\\/index.php\\\/2022\\\/09\\\/07\\\/eu-son-pide-explicacions-sobre-a-personacion-do-concello-no-xulgado-contra-o-anterior-goberno-e-varias-empresas\\\/#respond\"]}]},{\"@type\":\"WebPage\",\"@id\":\"https:\\\/\\\/www.anovapeneira.gal\\\/index.php\\\/2022\\\/09\\\/07\\\/eu-son-pide-explicacions-sobre-a-personacion-do-concello-no-xulgado-contra-o-anterior-goberno-e-varias-empresas\\\/\",\"url\":\"https:\\\/\\\/www.anovapeneira.gal\\\/index.php\\\/2022\\\/09\\\/07\\\/eu-son-pide-explicacions-sobre-a-personacion-do-concello-no-xulgado-contra-o-anterior-goberno-e-varias-empresas\\\/\",\"name\":\"EU SON pide explicaci\u00f3ns sobre a personaci\u00f3n do concello no xulgado contra o anterior goberno e varias empresas -\",\"isPartOf\":{\"@id\":\"https:\\\/\\\/www.anovapeneira.gal\\\/#website\"},\"primaryImageOfPage\":{\"@id\":\"https:\\\/\\\/www.anovapeneira.gal\\\/index.php\\\/2022\\\/09\\\/07\\\/eu-son-pide-explicacions-sobre-a-personacion-do-concello-no-xulgado-contra-o-anterior-goberno-e-varias-empresas\\\/#primaryimage\"},\"image\":{\"@id\":\"https:\\\/\\\/www.anovapeneira.gal\\\/index.php\\\/2022\\\/09\\\/07\\\/eu-son-pide-explicacions-sobre-a-personacion-do-concello-no-xulgado-contra-o-anterior-goberno-e-varias-empresas\\\/#primaryimage\"},\"thumbnailUrl\":\"https:\\\/\\\/www.anovapeneira.gal\\\/wp-content\\\/uploads\\\/2022\\\/03\\\/eu_son.png\",\"datePublished\":\"2022-09-07T10:00:57+00:00\",\"description\":\"Esixe o acceso inmediato ao informe do secretario no que se basea\",\"breadcrumb\":{\"@id\":\"https:\\\/\\\/www.anovapeneira.gal\\\/index.php\\\/2022\\\/09\\\/07\\\/eu-son-pide-explicacions-sobre-a-personacion-do-concello-no-xulgado-contra-o-anterior-goberno-e-varias-empresas\\\/#breadcrumb\"},\"inLanguage\":\"gl-ES\",\"potentialAction\":[{\"@type\":\"ReadAction\",\"target\":[\"https:\\\/\\\/www.anovapeneira.gal\\\/index.php\\\/2022\\\/09\\\/07\\\/eu-son-pide-explicacions-sobre-a-personacion-do-concello-no-xulgado-contra-o-anterior-goberno-e-varias-empresas\\\/\"]}]},{\"@type\":\"ImageObject\",\"inLanguage\":\"gl-ES\",\"@id\":\"https:\\\/\\\/www.anovapeneira.gal\\\/index.php\\\/2022\\\/09\\\/07\\\/eu-son-pide-explicacions-sobre-a-personacion-do-concello-no-xulgado-contra-o-anterior-goberno-e-varias-empresas\\\/#primaryimage\",\"url\":\"https:\\\/\\\/www.anovapeneira.gal\\\/wp-content\\\/uploads\\\/2022\\\/03\\\/eu_son.png\",\"contentUrl\":\"https:\\\/\\\/www.anovapeneira.gal\\\/wp-content\\\/uploads\\\/2022\\\/03\\\/eu_son.png\",\"width\":720,\"height\":432,\"caption\":\"eu son porri\u00f1o\"},{\"@type\":\"BreadcrumbList\",\"@id\":\"https:\\\/\\\/www.anovapeneira.gal\\\/index.php\\\/2022\\\/09\\\/07\\\/eu-son-pide-explicacions-sobre-a-personacion-do-concello-no-xulgado-contra-o-anterior-goberno-e-varias-empresas\\\/#breadcrumb\",\"itemListElement\":[{\"@type\":\"ListItem\",\"position\":1,\"name\":\"Portada\",\"item\":\"https:\\\/\\\/www.anovapeneira.gal\\\/\"},{\"@type\":\"ListItem\",\"position\":2,\"name\":\"EU SON pide explicaci\u00f3ns sobre a personaci\u00f3n do concello no xulgado contra o anterior goberno e varias empresas\"}]},{\"@type\":\"WebSite\",\"@id\":\"https:\\\/\\\/www.anovapeneira.gal\\\/#website\",\"url\":\"https:\\\/\\\/www.anovapeneira.gal\\\/\",\"name\":\"\",\"description\":\"Xornal galego de informaci\u00f3n xeral Publicaci\u00f3n mensual de novas de Galicia e en especial dos Concellos da sur da provincia de Pontevedra.\",\"publisher\":{\"@id\":\"https:\\\/\\\/www.anovapeneira.gal\\\/#organization\"},\"potentialAction\":[{\"@type\":\"SearchAction\",\"target\":{\"@type\":\"EntryPoint\",\"urlTemplate\":\"https:\\\/\\\/www.anovapeneira.gal\\\/?s={search_term_string}\"},\"query-input\":{\"@type\":\"PropertyValueSpecification\",\"valueRequired\":true,\"valueName\":\"search_term_string\"}}],\"inLanguage\":\"gl-ES\"},{\"@type\":\"Organization\",\"@id\":\"https:\\\/\\\/www.anovapeneira.gal\\\/#organization\",\"name\":\"A Nova Peneira\",\"url\":\"https:\\\/\\\/www.anovapeneira.gal\\\/\",\"logo\":{\"@type\":\"ImageObject\",\"inLanguage\":\"gl-ES\",\"@id\":\"https:\\\/\\\/www.anovapeneira.gal\\\/#\\\/schema\\\/logo\\\/image\\\/\",\"url\":\"http:\\\/\\\/www.anovapeneira.gal\\\/wp-content\\\/uploads\\\/2019\\\/06\\\/logo_a_nova_peneira_portal_web.png\",\"contentUrl\":\"http:\\\/\\\/www.anovapeneira.gal\\\/wp-content\\\/uploads\\\/2019\\\/06\\\/logo_a_nova_peneira_portal_web.png\",\"width\":300,\"height\":100,\"caption\":\"A Nova Peneira\"},\"image\":{\"@id\":\"https:\\\/\\\/www.anovapeneira.gal\\\/#\\\/schema\\\/logo\\\/image\\\/\"},\"sameAs\":[\"https:\\\/\\\/www.facebook.com\\\/anovapeneira\",\"https:\\\/\\\/x.com\\\/APeneira\"]},{\"@type\":\"Person\",\"@id\":\"https:\\\/\\\/www.anovapeneira.gal\\\/#\\\/schema\\\/person\\\/b93e3f8932e3f8da96334607eb6ac6aa\",\"name\":\"Redacci\u00f3n A Nova Peneira\",\"image\":{\"@type\":\"ImageObject\",\"inLanguage\":\"gl-ES\",\"@id\":\"https:\\\/\\\/secure.gravatar.com\\\/avatar\\\/c052a2551a06e23fac63626232eaa90abd78dbcf1700fc46a2b2c89fd27b735f?s=96&d=mm&r=g\",\"url\":\"https:\\\/\\\/secure.gravatar.com\\\/avatar\\\/c052a2551a06e23fac63626232eaa90abd78dbcf1700fc46a2b2c89fd27b735f?s=96&d=mm&r=g\",\"contentUrl\":\"https:\\\/\\\/secure.gravatar.com\\\/avatar\\\/c052a2551a06e23fac63626232eaa90abd78dbcf1700fc46a2b2c89fd27b735f?s=96&d=mm&r=g\",\"caption\":\"Redacci\u00f3n A Nova Peneira\"},\"sameAs\":[\"http:\\\/\\\/www.anovapeneira.gal\\\/\"],\"url\":\"https:\\\/\\\/www.anovapeneira.gal\\\/index.php\\\/author\\\/redactor\\\/\"}]}<\/script>\n<!-- \/ Yoast SEO plugin. -->","yoast_head_json":{"title":"EU SON pide explicaci\u00f3ns sobre a personaci\u00f3n do concello no xulgado contra o anterior goberno e varias empresas -","description":"Esixe o acceso inmediato ao informe do secretario no que se basea","robots":{"index":"index","follow":"follow","max-snippet":"max-snippet:-1","max-image-preview":"max-image-preview:large","max-video-preview":"max-video-preview:-1"},"canonical":"https:\/\/www.anovapeneira.gal\/index.php\/2022\/09\/07\/eu-son-pide-explicacions-sobre-a-personacion-do-concello-no-xulgado-contra-o-anterior-goberno-e-varias-empresas\/","og_locale":"gl_ES","og_type":"article","og_title":"EU SON pide explicaci\u00f3ns sobre a personaci\u00f3n do concello no xulgado contra o anterior goberno e varias empresas -","og_description":"Esixe o acceso inmediato ao informe do secretario no que se basea","og_url":"https:\/\/www.anovapeneira.gal\/index.php\/2022\/09\/07\/eu-son-pide-explicacions-sobre-a-personacion-do-concello-no-xulgado-contra-o-anterior-goberno-e-varias-empresas\/","article_publisher":"https:\/\/www.facebook.com\/anovapeneira","article_published_time":"2022-09-07T10:00:57+00:00","og_image":[{"width":720,"height":432,"url":"https:\/\/www.anovapeneira.gal\/wp-content\/uploads\/2022\/03\/eu_son.png","type":"image\/png"}],"author":"Redacci\u00f3n A Nova Peneira","twitter_card":"summary_large_image","twitter_creator":"@APeneira","twitter_site":"@APeneira","twitter_misc":{"Escrito por":"Redacci\u00f3n A Nova Peneira","Tempo de lectura":"2 minutos"},"schema":{"@context":"https:\/\/schema.org","@graph":[{"@type":"Article","@id":"https:\/\/www.anovapeneira.gal\/index.php\/2022\/09\/07\/eu-son-pide-explicacions-sobre-a-personacion-do-concello-no-xulgado-contra-o-anterior-goberno-e-varias-empresas\/#article","isPartOf":{"@id":"https:\/\/www.anovapeneira.gal\/index.php\/2022\/09\/07\/eu-son-pide-explicacions-sobre-a-personacion-do-concello-no-xulgado-contra-o-anterior-goberno-e-varias-empresas\/"},"author":{"name":"Redacci\u00f3n A Nova Peneira","@id":"https:\/\/www.anovapeneira.gal\/#\/schema\/person\/b93e3f8932e3f8da96334607eb6ac6aa"},"headline":"EU SON pide explicaci\u00f3ns sobre a personaci\u00f3n do concello no xulgado contra o anterior goberno e varias empresas","datePublished":"2022-09-07T10:00:57+00:00","mainEntityOfPage":{"@id":"https:\/\/www.anovapeneira.gal\/index.php\/2022\/09\/07\/eu-son-pide-explicacions-sobre-a-personacion-do-concello-no-xulgado-contra-o-anterior-goberno-e-varias-empresas\/"},"wordCount":309,"commentCount":0,"publisher":{"@id":"https:\/\/www.anovapeneira.gal\/#organization"},"image":{"@id":"https:\/\/www.anovapeneira.gal\/index.php\/2022\/09\/07\/eu-son-pide-explicacions-sobre-a-personacion-do-concello-no-xulgado-contra-o-anterior-goberno-e-varias-empresas\/#primaryimage"},"thumbnailUrl":"https:\/\/www.anovapeneira.gal\/wp-content\/uploads\/2022\/03\/eu_son.png","keywords":["Concello do Porri\u00f1o"],"articleSection":["A Louri\u00f1a"],"inLanguage":"gl-ES","potentialAction":[{"@type":"CommentAction","name":"Comment","target":["https:\/\/www.anovapeneira.gal\/index.php\/2022\/09\/07\/eu-son-pide-explicacions-sobre-a-personacion-do-concello-no-xulgado-contra-o-anterior-goberno-e-varias-empresas\/#respond"]}]},{"@type":"WebPage","@id":"https:\/\/www.anovapeneira.gal\/index.php\/2022\/09\/07\/eu-son-pide-explicacions-sobre-a-personacion-do-concello-no-xulgado-contra-o-anterior-goberno-e-varias-empresas\/","url":"https:\/\/www.anovapeneira.gal\/index.php\/2022\/09\/07\/eu-son-pide-explicacions-sobre-a-personacion-do-concello-no-xulgado-contra-o-anterior-goberno-e-varias-empresas\/","name":"EU SON pide explicaci\u00f3ns sobre a personaci\u00f3n do concello no xulgado contra o anterior goberno e varias empresas -","isPartOf":{"@id":"https:\/\/www.anovapeneira.gal\/#website"},"primaryImageOfPage":{"@id":"https:\/\/www.anovapeneira.gal\/index.php\/2022\/09\/07\/eu-son-pide-explicacions-sobre-a-personacion-do-concello-no-xulgado-contra-o-anterior-goberno-e-varias-empresas\/#primaryimage"},"image":{"@id":"https:\/\/www.anovapeneira.gal\/index.php\/2022\/09\/07\/eu-son-pide-explicacions-sobre-a-personacion-do-concello-no-xulgado-contra-o-anterior-goberno-e-varias-empresas\/#primaryimage"},"thumbnailUrl":"https:\/\/www.anovapeneira.gal\/wp-content\/uploads\/2022\/03\/eu_son.png","datePublished":"2022-09-07T10:00:57+00:00","description":"Esixe o acceso inmediato ao informe do secretario no que se basea","breadcrumb":{"@id":"https:\/\/www.anovapeneira.gal\/index.php\/2022\/09\/07\/eu-son-pide-explicacions-sobre-a-personacion-do-concello-no-xulgado-contra-o-anterior-goberno-e-varias-empresas\/#breadcrumb"},"inLanguage":"gl-ES","potentialAction":[{"@type":"ReadAction","target":["https:\/\/www.anovapeneira.gal\/index.php\/2022\/09\/07\/eu-son-pide-explicacions-sobre-a-personacion-do-concello-no-xulgado-contra-o-anterior-goberno-e-varias-empresas\/"]}]},{"@type":"ImageObject","inLanguage":"gl-ES","@id":"https:\/\/www.anovapeneira.gal\/index.php\/2022\/09\/07\/eu-son-pide-explicacions-sobre-a-personacion-do-concello-no-xulgado-contra-o-anterior-goberno-e-varias-empresas\/#primaryimage","url":"https:\/\/www.anovapeneira.gal\/wp-content\/uploads\/2022\/03\/eu_son.png","contentUrl":"https:\/\/www.anovapeneira.gal\/wp-content\/uploads\/2022\/03\/eu_son.png","width":720,"height":432,"caption":"eu son porri\u00f1o"},{"@type":"BreadcrumbList","@id":"https:\/\/www.anovapeneira.gal\/index.php\/2022\/09\/07\/eu-son-pide-explicacions-sobre-a-personacion-do-concello-no-xulgado-contra-o-anterior-goberno-e-varias-empresas\/#breadcrumb","itemListElement":[{"@type":"ListItem","position":1,"name":"Portada","item":"https:\/\/www.anovapeneira.gal\/"},{"@type":"ListItem","position":2,"name":"EU SON pide explicaci\u00f3ns sobre a personaci\u00f3n do concello no xulgado contra o anterior goberno e varias empresas"}]},{"@type":"WebSite","@id":"https:\/\/www.anovapeneira.gal\/#website","url":"https:\/\/www.anovapeneira.gal\/","name":"","description":"Xornal galego de informaci\u00f3n xeral Publicaci\u00f3n mensual de novas de Galicia e en especial dos Concellos da sur da provincia de Pontevedra.","publisher":{"@id":"https:\/\/www.anovapeneira.gal\/#organization"},"potentialAction":[{"@type":"SearchAction","target":{"@type":"EntryPoint","urlTemplate":"https:\/\/www.anovapeneira.gal\/?s={search_term_string}"},"query-input":{"@type":"PropertyValueSpecification","valueRequired":true,"valueName":"search_term_string"}}],"inLanguage":"gl-ES"},{"@type":"Organization","@id":"https:\/\/www.anovapeneira.gal\/#organization","name":"A Nova Peneira","url":"https:\/\/www.anovapeneira.gal\/","logo":{"@type":"ImageObject","inLanguage":"gl-ES","@id":"https:\/\/www.anovapeneira.gal\/#\/schema\/logo\/image\/","url":"http:\/\/www.anovapeneira.gal\/wp-content\/uploads\/2019\/06\/logo_a_nova_peneira_portal_web.png","contentUrl":"http:\/\/www.anovapeneira.gal\/wp-content\/uploads\/2019\/06\/logo_a_nova_peneira_portal_web.png","width":300,"height":100,"caption":"A Nova Peneira"},"image":{"@id":"https:\/\/www.anovapeneira.gal\/#\/schema\/logo\/image\/"},"sameAs":["https:\/\/www.facebook.com\/anovapeneira","https:\/\/x.com\/APeneira"]},{"@type":"Person","@id":"https:\/\/www.anovapeneira.gal\/#\/schema\/person\/b93e3f8932e3f8da96334607eb6ac6aa","name":"Redacci\u00f3n A Nova Peneira","image":{"@type":"ImageObject","inLanguage":"gl-ES","@id":"https:\/\/secure.gravatar.com\/avatar\/c052a2551a06e23fac63626232eaa90abd78dbcf1700fc46a2b2c89fd27b735f?s=96&d=mm&r=g","url":"https:\/\/secure.gravatar.com\/avatar\/c052a2551a06e23fac63626232eaa90abd78dbcf1700fc46a2b2c89fd27b735f?s=96&d=mm&r=g","contentUrl":"https:\/\/secure.gravatar.com\/avatar\/c052a2551a06e23fac63626232eaa90abd78dbcf1700fc46a2b2c89fd27b735f?s=96&d=mm&r=g","caption":"Redacci\u00f3n A Nova Peneira"},"sameAs":["http:\/\/www.anovapeneira.gal\/"],"url":"https:\/\/www.anovapeneira.gal\/index.php\/author\/redactor\/"}]}},"jetpack_featured_media_url":"https:\/\/www.anovapeneira.gal\/wp-content\/uploads\/2022\/03\/eu_son.png","_links":{"self":[{"href":"https:\/\/www.anovapeneira.gal\/index.php\/wp-json\/wp\/v2\/posts\/8101","targetHints":{"allow":["GET"]}}],"collection":[{"href":"https:\/\/www.anovapeneira.gal\/index.php\/wp-json\/wp\/v2\/posts"}],"about":[{"href":"https:\/\/www.anovapeneira.gal\/index.php\/wp-json\/wp\/v2\/types\/post"}],"author":[{"embeddable":true,"href":"https:\/\/www.anovapeneira.gal\/index.php\/wp-json\/wp\/v2\/users\/3"}],"replies":[{"embeddable":true,"href":"https:\/\/www.anovapeneira.gal\/index.php\/wp-json\/wp\/v2\/comments?post=8101"}],"version-history":[{"count":1,"href":"https:\/\/www.anovapeneira.gal\/index.php\/wp-json\/wp\/v2\/posts\/8101\/revisions"}],"predecessor-version":[{"id":8102,"href":"https:\/\/www.anovapeneira.gal\/index.php\/wp-json\/wp\/v2\/posts\/8101\/revisions\/8102"}],"wp:featuredmedia":[{"embeddable":true,"href":"https:\/\/www.anovapeneira.gal\/index.php\/wp-json\/wp\/v2\/media\/7200"}],"wp:attachment":[{"href":"https:\/\/www.anovapeneira.gal\/index.php\/wp-json\/wp\/v2\/media?parent=8101"}],"wp:term":[{"taxonomy":"category","embeddable":true,"href":"https:\/\/www.anovapeneira.gal\/index.php\/wp-json\/wp\/v2\/categories?post=8101"},{"taxonomy":"post_tag","embeddable":true,"href":"https:\/\/www.anovapeneira.gal\/index.php\/wp-json\/wp\/v2\/tags?post=8101"}],"curies":[{"name":"wp","href":"https:\/\/api.w.org\/{rel}","templated":true}]}}