{"id":8118,"date":"2022-09-12T10:00:04","date_gmt":"2022-09-12T08:00:04","guid":{"rendered":"https:\/\/www.anovapeneira.gal\/?p=8118"},"modified":"2022-09-11T19:59:35","modified_gmt":"2022-09-11T17:59:35","slug":"o-goberno-municipal-aproba-a-total-gratuidade-das-escolas-infantis-municipais-dende-este-curso-2022-2023","status":"publish","type":"post","link":"https:\/\/www.anovapeneira.gal\/index.php\/2022\/09\/12\/o-goberno-municipal-aproba-a-total-gratuidade-das-escolas-infantis-municipais-dende-este-curso-2022-2023\/","title":{"rendered":"O Goberno municipal aproba a total gratuidade das escolas infant\u00eds municipais dende este curso 2022\/2023"},"content":{"rendered":"\n<h2 class=\"wp-block-heading\"><strong>O pleno aprobou tam\u00e9n en sesi\u00f3n extraordinaria os festivos locais para o vindeiro ano 2023, o 12 de xu\u00f1o e o 29 de setembro<\/strong><\/h2>\n\n\n\n<p><strong>A corporaci\u00f3n municipal gardou un minuto de silencio en memoria do bombeiro Jorge Corbacho, falecido hai uns d\u00edas en acto de servizo<\/strong><\/p>\n\n\n\n<p><strong>Ponteareas, 8 de setembro de 2022<\/strong><\/p>\n\n\n\n<p>O Goberno municipal aprobou este martes por unanimidade en pleno extraordinario a modificaci\u00f3n da ordenanza reguladora dos prezos p\u00fablicos das escolas infant\u00eds municipais, na que xa se contempla unha bonificaci\u00f3n do 100% en todas as prazas dispo\u00f1\u00edbeis, unha medida econ\u00f3mica que se aplicar\u00e1 dende este mesmo curso 2022\/2023.<\/p>\n\n\n\n<p>\u201cCon este cambio de normativa todas e cada unha das prazas das escolas infant\u00eds municipais ser\u00e1n gratu\u00edtas. Se ata o de agora a regulaci\u00f3n establec\u00eda esa gratuidade a partir do segundo irm\u00e1n ou irm\u00e1, dende hoxe xa se contempla na matriculaci\u00f3n do primeiro fillo ou filla e dos sucesivos\u201d, explica a concelleira de Benestar Social, Ver\u00f3nica Carrera.<\/p>\n\n\n\n<p>Por outra banda, na sesi\u00f3n plenaria o Goberno municipal deu tam\u00e9n luz verde aos festivos locais para o vindeiro ano 2023. Nesta ocasi\u00f3n as festividades propias de Ponteareas ser\u00e1n o 12 de xu\u00f1o, coincidindo co luns seguinte \u00e1 celebraci\u00f3n do Corpus, e o venres 29 de setembro, ao abeiro da festividade de San Miguel.<\/p>\n\n\n\n<p>Ademais, levouse adiante a aprobaci\u00f3n definitiva da modificaci\u00f3n das tarifas urbanas de taxi na vila, unha medida solicitada polo propio colectivo coa que se actualizan os prezos para \u201cunha razo\u00e1bel explotaci\u00f3n do servizo, unha axeitada renovaci\u00f3n da flota e prestar un servizo de calidade aos usuarios e usuarias\u201d. A modificaci\u00f3n reducir\u00e1 os metros percorridos na percepci\u00f3n m\u00ednima, que pasar\u00e1 dos 1.500 aos 1.400, quedando conxelados o resto dos conceptos da tarifa, polo que a repercusi\u00f3n na veci\u00f1anza ser\u00e1 m\u00ednima.<\/p>\n\n\n\n<p>No arranque do pleno extraordinario a Corporaci\u00f3n municipal gardou un minuto de silencio polo falecemento do bombeiro Jorge Corbacho, un rapaz moi novo que iniciou a s\u00faa andaina profesional no Concello de Ponteareas, e na honra de todos os membros dos servizos de emerxencias.<\/p>\n","protected":false},"excerpt":{"rendered":"<div class=\"mh-excerpt\"><p>O pleno aprobou tam\u00e9n en sesi\u00f3n extraordinaria os festivos locais para o vindeiro ano 2023, o 12 de xu\u00f1o e o 29 de setembro <a class=\"mh-excerpt-more\" href=\"https:\/\/www.anovapeneira.gal\/index.php\/2022\/09\/12\/o-goberno-municipal-aproba-a-total-gratuidade-das-escolas-infantis-municipais-dende-este-curso-2022-2023\/\" title=\"O Goberno municipal aproba a total gratuidade das escolas infant\u00eds municipais dende este curso 2022\/2023\">[&#8230;]<\/a><\/p>\n<\/div>","protected":false},"author":3,"featured_media":572,"comment_status":"open","ping_status":"open","sticky":false,"template":"","format":"standard","meta":{"_exactmetrics_skip_tracking":false,"_exactmetrics_sitenote_active":false,"_exactmetrics_sitenote_note":"","_exactmetrics_sitenote_category":0,"footnotes":""},"categories":[25],"tags":[208],"class_list":{"0":"post-8118","1":"post","2":"type-post","3":"status-publish","4":"format-standard","5":"has-post-thumbnail","7":"category-condado","8":"tag-concello-de-ponteareas"},"yoast_head":"<!-- This site is optimized with the Yoast SEO plugin v27.4 - https:\/\/yoast.com\/product\/yoast-seo-wordpress\/ -->\n<title>O Goberno municipal aproba a total gratuidade das escolas infant\u00eds municipais dende este curso 2022\/2023 -<\/title>\n<meta name=\"robots\" content=\"index, follow, max-snippet:-1, max-image-preview:large, max-video-preview:-1\" \/>\n<link rel=\"canonical\" href=\"https:\/\/www.anovapeneira.gal\/index.php\/2022\/09\/12\/o-goberno-municipal-aproba-a-total-gratuidade-das-escolas-infantis-municipais-dende-este-curso-2022-2023\/\" \/>\n<meta property=\"og:locale\" content=\"gl_ES\" \/>\n<meta property=\"og:type\" content=\"article\" \/>\n<meta property=\"og:title\" content=\"O Goberno municipal aproba a total gratuidade das escolas infant\u00eds municipais dende este curso 2022\/2023 -\" \/>\n<meta property=\"og:description\" content=\"O pleno aprobou tam\u00e9n en sesi\u00f3n extraordinaria os festivos locais para o vindeiro ano 2023, o 12 de xu\u00f1o e o 29 de setembro [...]\" \/>\n<meta property=\"og:url\" content=\"https:\/\/www.anovapeneira.gal\/index.php\/2022\/09\/12\/o-goberno-municipal-aproba-a-total-gratuidade-das-escolas-infantis-municipais-dende-este-curso-2022-2023\/\" \/>\n<meta property=\"article:publisher\" content=\"https:\/\/www.facebook.com\/anovapeneira\" \/>\n<meta property=\"article:published_time\" content=\"2022-09-12T08:00:04+00:00\" \/>\n<meta property=\"og:image\" content=\"https:\/\/www.anovapeneira.gal\/wp-content\/uploads\/2019\/07\/logo_Ponteareas_branco.jpg\" \/>\n\t<meta property=\"og:image:width\" content=\"720\" \/>\n\t<meta property=\"og:image:height\" content=\"473\" \/>\n\t<meta property=\"og:image:type\" content=\"image\/jpeg\" \/>\n<meta name=\"author\" content=\"Redacci\u00f3n A Nova Peneira\" \/>\n<meta name=\"twitter:card\" content=\"summary_large_image\" \/>\n<meta name=\"twitter:creator\" content=\"@APeneira\" \/>\n<meta name=\"twitter:site\" content=\"@APeneira\" \/>\n<meta name=\"twitter:label1\" content=\"Escrito por\" \/>\n\t<meta name=\"twitter:data1\" content=\"Redacci\u00f3n A Nova Peneira\" \/>\n\t<meta name=\"twitter:label2\" content=\"Tempo de lectura\" \/>\n\t<meta name=\"twitter:data2\" content=\"2 minutos\" \/>\n<script type=\"application\/ld+json\" class=\"yoast-schema-graph\">{\"@context\":\"https:\\\/\\\/schema.org\",\"@graph\":[{\"@type\":\"Article\",\"@id\":\"https:\\\/\\\/www.anovapeneira.gal\\\/index.php\\\/2022\\\/09\\\/12\\\/o-goberno-municipal-aproba-a-total-gratuidade-das-escolas-infantis-municipais-dende-este-curso-2022-2023\\\/#article\",\"isPartOf\":{\"@id\":\"https:\\\/\\\/www.anovapeneira.gal\\\/index.php\\\/2022\\\/09\\\/12\\\/o-goberno-municipal-aproba-a-total-gratuidade-das-escolas-infantis-municipais-dende-este-curso-2022-2023\\\/\"},\"author\":{\"name\":\"Redacci\u00f3n A Nova Peneira\",\"@id\":\"https:\\\/\\\/www.anovapeneira.gal\\\/#\\\/schema\\\/person\\\/b93e3f8932e3f8da96334607eb6ac6aa\"},\"headline\":\"O Goberno municipal aproba a total gratuidade das escolas infant\u00eds municipais dende este curso 2022\\\/2023\",\"datePublished\":\"2022-09-12T08:00:04+00:00\",\"mainEntityOfPage\":{\"@id\":\"https:\\\/\\\/www.anovapeneira.gal\\\/index.php\\\/2022\\\/09\\\/12\\\/o-goberno-municipal-aproba-a-total-gratuidade-das-escolas-infantis-municipais-dende-este-curso-2022-2023\\\/\"},\"wordCount\":374,\"commentCount\":0,\"publisher\":{\"@id\":\"https:\\\/\\\/www.anovapeneira.gal\\\/#organization\"},\"image\":{\"@id\":\"https:\\\/\\\/www.anovapeneira.gal\\\/index.php\\\/2022\\\/09\\\/12\\\/o-goberno-municipal-aproba-a-total-gratuidade-das-escolas-infantis-municipais-dende-este-curso-2022-2023\\\/#primaryimage\"},\"thumbnailUrl\":\"https:\\\/\\\/www.anovapeneira.gal\\\/wp-content\\\/uploads\\\/2019\\\/07\\\/logo_Ponteareas_branco.jpg\",\"keywords\":[\"Concello de Ponteareas\"],\"articleSection\":[\"Condado\"],\"inLanguage\":\"gl-ES\",\"potentialAction\":[{\"@type\":\"CommentAction\",\"name\":\"Comment\",\"target\":[\"https:\\\/\\\/www.anovapeneira.gal\\\/index.php\\\/2022\\\/09\\\/12\\\/o-goberno-municipal-aproba-a-total-gratuidade-das-escolas-infantis-municipais-dende-este-curso-2022-2023\\\/#respond\"]}]},{\"@type\":\"WebPage\",\"@id\":\"https:\\\/\\\/www.anovapeneira.gal\\\/index.php\\\/2022\\\/09\\\/12\\\/o-goberno-municipal-aproba-a-total-gratuidade-das-escolas-infantis-municipais-dende-este-curso-2022-2023\\\/\",\"url\":\"https:\\\/\\\/www.anovapeneira.gal\\\/index.php\\\/2022\\\/09\\\/12\\\/o-goberno-municipal-aproba-a-total-gratuidade-das-escolas-infantis-municipais-dende-este-curso-2022-2023\\\/\",\"name\":\"O Goberno municipal aproba a total gratuidade das escolas infant\u00eds municipais dende este curso 2022\\\/2023 -\",\"isPartOf\":{\"@id\":\"https:\\\/\\\/www.anovapeneira.gal\\\/#website\"},\"primaryImageOfPage\":{\"@id\":\"https:\\\/\\\/www.anovapeneira.gal\\\/index.php\\\/2022\\\/09\\\/12\\\/o-goberno-municipal-aproba-a-total-gratuidade-das-escolas-infantis-municipais-dende-este-curso-2022-2023\\\/#primaryimage\"},\"image\":{\"@id\":\"https:\\\/\\\/www.anovapeneira.gal\\\/index.php\\\/2022\\\/09\\\/12\\\/o-goberno-municipal-aproba-a-total-gratuidade-das-escolas-infantis-municipais-dende-este-curso-2022-2023\\\/#primaryimage\"},\"thumbnailUrl\":\"https:\\\/\\\/www.anovapeneira.gal\\\/wp-content\\\/uploads\\\/2019\\\/07\\\/logo_Ponteareas_branco.jpg\",\"datePublished\":\"2022-09-12T08:00:04+00:00\",\"breadcrumb\":{\"@id\":\"https:\\\/\\\/www.anovapeneira.gal\\\/index.php\\\/2022\\\/09\\\/12\\\/o-goberno-municipal-aproba-a-total-gratuidade-das-escolas-infantis-municipais-dende-este-curso-2022-2023\\\/#breadcrumb\"},\"inLanguage\":\"gl-ES\",\"potentialAction\":[{\"@type\":\"ReadAction\",\"target\":[\"https:\\\/\\\/www.anovapeneira.gal\\\/index.php\\\/2022\\\/09\\\/12\\\/o-goberno-municipal-aproba-a-total-gratuidade-das-escolas-infantis-municipais-dende-este-curso-2022-2023\\\/\"]}]},{\"@type\":\"ImageObject\",\"inLanguage\":\"gl-ES\",\"@id\":\"https:\\\/\\\/www.anovapeneira.gal\\\/index.php\\\/2022\\\/09\\\/12\\\/o-goberno-municipal-aproba-a-total-gratuidade-das-escolas-infantis-municipais-dende-este-curso-2022-2023\\\/#primaryimage\",\"url\":\"https:\\\/\\\/www.anovapeneira.gal\\\/wp-content\\\/uploads\\\/2019\\\/07\\\/logo_Ponteareas_branco.jpg\",\"contentUrl\":\"https:\\\/\\\/www.anovapeneira.gal\\\/wp-content\\\/uploads\\\/2019\\\/07\\\/logo_Ponteareas_branco.jpg\",\"width\":720,\"height\":473,\"caption\":\"Concello de Ponteareas A Nova Peneira\"},{\"@type\":\"BreadcrumbList\",\"@id\":\"https:\\\/\\\/www.anovapeneira.gal\\\/index.php\\\/2022\\\/09\\\/12\\\/o-goberno-municipal-aproba-a-total-gratuidade-das-escolas-infantis-municipais-dende-este-curso-2022-2023\\\/#breadcrumb\",\"itemListElement\":[{\"@type\":\"ListItem\",\"position\":1,\"name\":\"Portada\",\"item\":\"https:\\\/\\\/www.anovapeneira.gal\\\/\"},{\"@type\":\"ListItem\",\"position\":2,\"name\":\"O Goberno municipal aproba a total gratuidade das escolas infant\u00eds municipais dende este curso 2022\\\/2023\"}]},{\"@type\":\"WebSite\",\"@id\":\"https:\\\/\\\/www.anovapeneira.gal\\\/#website\",\"url\":\"https:\\\/\\\/www.anovapeneira.gal\\\/\",\"name\":\"\",\"description\":\"Xornal galego de informaci\u00f3n xeral Publicaci\u00f3n mensual de novas de Galicia e en especial dos Concellos da sur da provincia de Pontevedra.\",\"publisher\":{\"@id\":\"https:\\\/\\\/www.anovapeneira.gal\\\/#organization\"},\"potentialAction\":[{\"@type\":\"SearchAction\",\"target\":{\"@type\":\"EntryPoint\",\"urlTemplate\":\"https:\\\/\\\/www.anovapeneira.gal\\\/?s={search_term_string}\"},\"query-input\":{\"@type\":\"PropertyValueSpecification\",\"valueRequired\":true,\"valueName\":\"search_term_string\"}}],\"inLanguage\":\"gl-ES\"},{\"@type\":\"Organization\",\"@id\":\"https:\\\/\\\/www.anovapeneira.gal\\\/#organization\",\"name\":\"A Nova Peneira\",\"url\":\"https:\\\/\\\/www.anovapeneira.gal\\\/\",\"logo\":{\"@type\":\"ImageObject\",\"inLanguage\":\"gl-ES\",\"@id\":\"https:\\\/\\\/www.anovapeneira.gal\\\/#\\\/schema\\\/logo\\\/image\\\/\",\"url\":\"http:\\\/\\\/www.anovapeneira.gal\\\/wp-content\\\/uploads\\\/2019\\\/06\\\/logo_a_nova_peneira_portal_web.png\",\"contentUrl\":\"http:\\\/\\\/www.anovapeneira.gal\\\/wp-content\\\/uploads\\\/2019\\\/06\\\/logo_a_nova_peneira_portal_web.png\",\"width\":300,\"height\":100,\"caption\":\"A Nova Peneira\"},\"image\":{\"@id\":\"https:\\\/\\\/www.anovapeneira.gal\\\/#\\\/schema\\\/logo\\\/image\\\/\"},\"sameAs\":[\"https:\\\/\\\/www.facebook.com\\\/anovapeneira\",\"https:\\\/\\\/x.com\\\/APeneira\"]},{\"@type\":\"Person\",\"@id\":\"https:\\\/\\\/www.anovapeneira.gal\\\/#\\\/schema\\\/person\\\/b93e3f8932e3f8da96334607eb6ac6aa\",\"name\":\"Redacci\u00f3n A Nova Peneira\",\"image\":{\"@type\":\"ImageObject\",\"inLanguage\":\"gl-ES\",\"@id\":\"https:\\\/\\\/secure.gravatar.com\\\/avatar\\\/c052a2551a06e23fac63626232eaa90abd78dbcf1700fc46a2b2c89fd27b735f?s=96&d=mm&r=g\",\"url\":\"https:\\\/\\\/secure.gravatar.com\\\/avatar\\\/c052a2551a06e23fac63626232eaa90abd78dbcf1700fc46a2b2c89fd27b735f?s=96&d=mm&r=g\",\"contentUrl\":\"https:\\\/\\\/secure.gravatar.com\\\/avatar\\\/c052a2551a06e23fac63626232eaa90abd78dbcf1700fc46a2b2c89fd27b735f?s=96&d=mm&r=g\",\"caption\":\"Redacci\u00f3n A Nova Peneira\"},\"sameAs\":[\"http:\\\/\\\/www.anovapeneira.gal\\\/\"],\"url\":\"https:\\\/\\\/www.anovapeneira.gal\\\/index.php\\\/author\\\/redactor\\\/\"}]}<\/script>\n<!-- \/ Yoast SEO plugin. -->","yoast_head_json":{"title":"O Goberno municipal aproba a total gratuidade das escolas infant\u00eds municipais dende este curso 2022\/2023 -","robots":{"index":"index","follow":"follow","max-snippet":"max-snippet:-1","max-image-preview":"max-image-preview:large","max-video-preview":"max-video-preview:-1"},"canonical":"https:\/\/www.anovapeneira.gal\/index.php\/2022\/09\/12\/o-goberno-municipal-aproba-a-total-gratuidade-das-escolas-infantis-municipais-dende-este-curso-2022-2023\/","og_locale":"gl_ES","og_type":"article","og_title":"O Goberno municipal aproba a total gratuidade das escolas infant\u00eds municipais dende este curso 2022\/2023 -","og_description":"O pleno aprobou tam\u00e9n en sesi\u00f3n extraordinaria os festivos locais para o vindeiro ano 2023, o 12 de xu\u00f1o e o 29 de setembro [...]","og_url":"https:\/\/www.anovapeneira.gal\/index.php\/2022\/09\/12\/o-goberno-municipal-aproba-a-total-gratuidade-das-escolas-infantis-municipais-dende-este-curso-2022-2023\/","article_publisher":"https:\/\/www.facebook.com\/anovapeneira","article_published_time":"2022-09-12T08:00:04+00:00","og_image":[{"width":720,"height":473,"url":"https:\/\/www.anovapeneira.gal\/wp-content\/uploads\/2019\/07\/logo_Ponteareas_branco.jpg","type":"image\/jpeg"}],"author":"Redacci\u00f3n A Nova Peneira","twitter_card":"summary_large_image","twitter_creator":"@APeneira","twitter_site":"@APeneira","twitter_misc":{"Escrito por":"Redacci\u00f3n A Nova Peneira","Tempo de lectura":"2 minutos"},"schema":{"@context":"https:\/\/schema.org","@graph":[{"@type":"Article","@id":"https:\/\/www.anovapeneira.gal\/index.php\/2022\/09\/12\/o-goberno-municipal-aproba-a-total-gratuidade-das-escolas-infantis-municipais-dende-este-curso-2022-2023\/#article","isPartOf":{"@id":"https:\/\/www.anovapeneira.gal\/index.php\/2022\/09\/12\/o-goberno-municipal-aproba-a-total-gratuidade-das-escolas-infantis-municipais-dende-este-curso-2022-2023\/"},"author":{"name":"Redacci\u00f3n A Nova Peneira","@id":"https:\/\/www.anovapeneira.gal\/#\/schema\/person\/b93e3f8932e3f8da96334607eb6ac6aa"},"headline":"O Goberno municipal aproba a total gratuidade das escolas infant\u00eds municipais dende este curso 2022\/2023","datePublished":"2022-09-12T08:00:04+00:00","mainEntityOfPage":{"@id":"https:\/\/www.anovapeneira.gal\/index.php\/2022\/09\/12\/o-goberno-municipal-aproba-a-total-gratuidade-das-escolas-infantis-municipais-dende-este-curso-2022-2023\/"},"wordCount":374,"commentCount":0,"publisher":{"@id":"https:\/\/www.anovapeneira.gal\/#organization"},"image":{"@id":"https:\/\/www.anovapeneira.gal\/index.php\/2022\/09\/12\/o-goberno-municipal-aproba-a-total-gratuidade-das-escolas-infantis-municipais-dende-este-curso-2022-2023\/#primaryimage"},"thumbnailUrl":"https:\/\/www.anovapeneira.gal\/wp-content\/uploads\/2019\/07\/logo_Ponteareas_branco.jpg","keywords":["Concello de Ponteareas"],"articleSection":["Condado"],"inLanguage":"gl-ES","potentialAction":[{"@type":"CommentAction","name":"Comment","target":["https:\/\/www.anovapeneira.gal\/index.php\/2022\/09\/12\/o-goberno-municipal-aproba-a-total-gratuidade-das-escolas-infantis-municipais-dende-este-curso-2022-2023\/#respond"]}]},{"@type":"WebPage","@id":"https:\/\/www.anovapeneira.gal\/index.php\/2022\/09\/12\/o-goberno-municipal-aproba-a-total-gratuidade-das-escolas-infantis-municipais-dende-este-curso-2022-2023\/","url":"https:\/\/www.anovapeneira.gal\/index.php\/2022\/09\/12\/o-goberno-municipal-aproba-a-total-gratuidade-das-escolas-infantis-municipais-dende-este-curso-2022-2023\/","name":"O Goberno municipal aproba a total gratuidade das escolas infant\u00eds municipais dende este curso 2022\/2023 -","isPartOf":{"@id":"https:\/\/www.anovapeneira.gal\/#website"},"primaryImageOfPage":{"@id":"https:\/\/www.anovapeneira.gal\/index.php\/2022\/09\/12\/o-goberno-municipal-aproba-a-total-gratuidade-das-escolas-infantis-municipais-dende-este-curso-2022-2023\/#primaryimage"},"image":{"@id":"https:\/\/www.anovapeneira.gal\/index.php\/2022\/09\/12\/o-goberno-municipal-aproba-a-total-gratuidade-das-escolas-infantis-municipais-dende-este-curso-2022-2023\/#primaryimage"},"thumbnailUrl":"https:\/\/www.anovapeneira.gal\/wp-content\/uploads\/2019\/07\/logo_Ponteareas_branco.jpg","datePublished":"2022-09-12T08:00:04+00:00","breadcrumb":{"@id":"https:\/\/www.anovapeneira.gal\/index.php\/2022\/09\/12\/o-goberno-municipal-aproba-a-total-gratuidade-das-escolas-infantis-municipais-dende-este-curso-2022-2023\/#breadcrumb"},"inLanguage":"gl-ES","potentialAction":[{"@type":"ReadAction","target":["https:\/\/www.anovapeneira.gal\/index.php\/2022\/09\/12\/o-goberno-municipal-aproba-a-total-gratuidade-das-escolas-infantis-municipais-dende-este-curso-2022-2023\/"]}]},{"@type":"ImageObject","inLanguage":"gl-ES","@id":"https:\/\/www.anovapeneira.gal\/index.php\/2022\/09\/12\/o-goberno-municipal-aproba-a-total-gratuidade-das-escolas-infantis-municipais-dende-este-curso-2022-2023\/#primaryimage","url":"https:\/\/www.anovapeneira.gal\/wp-content\/uploads\/2019\/07\/logo_Ponteareas_branco.jpg","contentUrl":"https:\/\/www.anovapeneira.gal\/wp-content\/uploads\/2019\/07\/logo_Ponteareas_branco.jpg","width":720,"height":473,"caption":"Concello de Ponteareas A Nova Peneira"},{"@type":"BreadcrumbList","@id":"https:\/\/www.anovapeneira.gal\/index.php\/2022\/09\/12\/o-goberno-municipal-aproba-a-total-gratuidade-das-escolas-infantis-municipais-dende-este-curso-2022-2023\/#breadcrumb","itemListElement":[{"@type":"ListItem","position":1,"name":"Portada","item":"https:\/\/www.anovapeneira.gal\/"},{"@type":"ListItem","position":2,"name":"O Goberno municipal aproba a total gratuidade das escolas infant\u00eds municipais dende este curso 2022\/2023"}]},{"@type":"WebSite","@id":"https:\/\/www.anovapeneira.gal\/#website","url":"https:\/\/www.anovapeneira.gal\/","name":"","description":"Xornal galego de informaci\u00f3n xeral Publicaci\u00f3n mensual de novas de Galicia e en especial dos Concellos da sur da provincia de Pontevedra.","publisher":{"@id":"https:\/\/www.anovapeneira.gal\/#organization"},"potentialAction":[{"@type":"SearchAction","target":{"@type":"EntryPoint","urlTemplate":"https:\/\/www.anovapeneira.gal\/?s={search_term_string}"},"query-input":{"@type":"PropertyValueSpecification","valueRequired":true,"valueName":"search_term_string"}}],"inLanguage":"gl-ES"},{"@type":"Organization","@id":"https:\/\/www.anovapeneira.gal\/#organization","name":"A Nova Peneira","url":"https:\/\/www.anovapeneira.gal\/","logo":{"@type":"ImageObject","inLanguage":"gl-ES","@id":"https:\/\/www.anovapeneira.gal\/#\/schema\/logo\/image\/","url":"http:\/\/www.anovapeneira.gal\/wp-content\/uploads\/2019\/06\/logo_a_nova_peneira_portal_web.png","contentUrl":"http:\/\/www.anovapeneira.gal\/wp-content\/uploads\/2019\/06\/logo_a_nova_peneira_portal_web.png","width":300,"height":100,"caption":"A Nova Peneira"},"image":{"@id":"https:\/\/www.anovapeneira.gal\/#\/schema\/logo\/image\/"},"sameAs":["https:\/\/www.facebook.com\/anovapeneira","https:\/\/x.com\/APeneira"]},{"@type":"Person","@id":"https:\/\/www.anovapeneira.gal\/#\/schema\/person\/b93e3f8932e3f8da96334607eb6ac6aa","name":"Redacci\u00f3n A Nova Peneira","image":{"@type":"ImageObject","inLanguage":"gl-ES","@id":"https:\/\/secure.gravatar.com\/avatar\/c052a2551a06e23fac63626232eaa90abd78dbcf1700fc46a2b2c89fd27b735f?s=96&d=mm&r=g","url":"https:\/\/secure.gravatar.com\/avatar\/c052a2551a06e23fac63626232eaa90abd78dbcf1700fc46a2b2c89fd27b735f?s=96&d=mm&r=g","contentUrl":"https:\/\/secure.gravatar.com\/avatar\/c052a2551a06e23fac63626232eaa90abd78dbcf1700fc46a2b2c89fd27b735f?s=96&d=mm&r=g","caption":"Redacci\u00f3n A Nova Peneira"},"sameAs":["http:\/\/www.anovapeneira.gal\/"],"url":"https:\/\/www.anovapeneira.gal\/index.php\/author\/redactor\/"}]}},"jetpack_featured_media_url":"https:\/\/www.anovapeneira.gal\/wp-content\/uploads\/2019\/07\/logo_Ponteareas_branco.jpg","_links":{"self":[{"href":"https:\/\/www.anovapeneira.gal\/index.php\/wp-json\/wp\/v2\/posts\/8118","targetHints":{"allow":["GET"]}}],"collection":[{"href":"https:\/\/www.anovapeneira.gal\/index.php\/wp-json\/wp\/v2\/posts"}],"about":[{"href":"https:\/\/www.anovapeneira.gal\/index.php\/wp-json\/wp\/v2\/types\/post"}],"author":[{"embeddable":true,"href":"https:\/\/www.anovapeneira.gal\/index.php\/wp-json\/wp\/v2\/users\/3"}],"replies":[{"embeddable":true,"href":"https:\/\/www.anovapeneira.gal\/index.php\/wp-json\/wp\/v2\/comments?post=8118"}],"version-history":[{"count":1,"href":"https:\/\/www.anovapeneira.gal\/index.php\/wp-json\/wp\/v2\/posts\/8118\/revisions"}],"predecessor-version":[{"id":8119,"href":"https:\/\/www.anovapeneira.gal\/index.php\/wp-json\/wp\/v2\/posts\/8118\/revisions\/8119"}],"wp:featuredmedia":[{"embeddable":true,"href":"https:\/\/www.anovapeneira.gal\/index.php\/wp-json\/wp\/v2\/media\/572"}],"wp:attachment":[{"href":"https:\/\/www.anovapeneira.gal\/index.php\/wp-json\/wp\/v2\/media?parent=8118"}],"wp:term":[{"taxonomy":"category","embeddable":true,"href":"https:\/\/www.anovapeneira.gal\/index.php\/wp-json\/wp\/v2\/categories?post=8118"},{"taxonomy":"post_tag","embeddable":true,"href":"https:\/\/www.anovapeneira.gal\/index.php\/wp-json\/wp\/v2\/tags?post=8118"}],"curies":[{"name":"wp","href":"https:\/\/api.w.org\/{rel}","templated":true}]}}