{"id":8127,"date":"2022-09-13T12:00:47","date_gmt":"2022-09-13T10:00:47","guid":{"rendered":"https:\/\/www.anovapeneira.gal\/?p=8127"},"modified":"2022-09-11T20:22:06","modified_gmt":"2022-09-11T18:22:06","slug":"antonio-lomba-alcalde-de-a-guarda-4","status":"publish","type":"post","link":"https:\/\/www.anovapeneira.gal\/index.php\/2022\/09\/13\/antonio-lomba-alcalde-de-a-guarda-4\/","title":{"rendered":"Antonio Lomba alcalde de A Guarda"},"content":{"rendered":"\n<p><strong>A poucos meses dun emocionante proceso electoral, na Guarda de moi dif\u00edcil progn\u00f3stico, n\u00f3s conversamos co seu alcalde, o socialista Antonio Lomba, que como sempre nos atendeu con moita amabilidade<\/strong><\/p>\n\n\n\n<h2 class=\"wp-block-heading\">\u201c <strong>Imos traballar con intensidade m\u00e1xima para obter nas elecci\u00f3ns do ano pr\u00f3ximo a confianza maioritaria da veci\u00f1anza de A Guarda\u201d<\/strong><\/h2>\n\n\n\n<p><strong>Levas desde o 2019 gobernando cunha situaci\u00f3n aritm\u00e9tica moi d\u00e9bil, sodes 5 de 17, e por\u00e9n semella que fostes capaces de manter certa estabilidade ?<\/strong><\/p>\n\n\n\n<blockquote class=\"wp-block-quote is-layout-flow wp-block-quote-is-layout-flow\"><p>Eu non dir\u00eda \u201c certa estabilidade\u201d, dir\u00eda moita estabilidade<\/p><\/blockquote>\n\n\n\n<p><strong>Ben, e que valoraci\u00f3n global fas deste mandato?<\/strong><\/p>\n\n\n\n<blockquote class=\"wp-block-quote is-layout-flow wp-block-quote-is-layout-flow\"><p>Moi boa. Malia ruptura do goberno bipartito, tan estable que tivemos ao principio, e da pandemia que nos freou moito distintos proxectos pola imperiosa necesidade das administraci\u00f3ns de dedicarse a resolver os problemas derivados da situaci\u00f3n sanitaria, logramos axilizar moitos proxectos moi relevantes para a nosa vila.<\/p><\/blockquote>\n\n\n\n<p><strong>Por exemplo?<\/strong><\/p>\n\n\n\n<blockquote class=\"wp-block-quote is-layout-flow wp-block-quote-is-layout-flow\"><p>A urbanizaci\u00f3n da primeira fase da r\u00faa Coru\u00f1a, o acceso Sur ao porto, que agardo que antes do final de mandato te\u00f1amos xa o proxecto encima da mesa con informe favorable de patrimonio ou a garder\u00eda da gali\u00f1a azul, que para A Guarda era moi importante<\/p><\/blockquote>\n\n\n\n<p><strong>E do desenvolvemento final de Concepci\u00f3n Areal quedaches satisfeito?<\/strong><\/p>\n\n\n\n<blockquote class=\"wp-block-quote is-layout-flow wp-block-quote-is-layout-flow\"><p>Si, est\u00e1 funcionando moi ben, a percepci\u00f3n que temos \u00e9 que est\u00e1 funcionando tal como n\u00f3s a ti\u00f1amos concibida, a\u00ednda que ese proxecto non estar\u00e1 totalmente rematado ata que non consigamos o acceso sur ao porto. Nese momento Concepci\u00f3n Areal s\u00f3 a van poder usar os coches das persoas que residan nesa r\u00faa.<\/p><\/blockquote>\n\n\n\n<p><strong>Sobre o acceso sur dic\u00edasme que a final de mandato contabas con ter xa os informes favorables de patrimonio. E previsi\u00f3n de inicio de execuci\u00f3n?<\/strong><\/p>\n\n\n\n<blockquote class=\"wp-block-quote is-layout-flow wp-block-quote-is-layout-flow\"><p>O que teremos \u00e9 que buscar financiamento. O proxecto non \u00e9 moi caro e teremos que petar nas portas da DEPO e da Xunta para conseguir os fondos necesarios. N\u00f3s temos o compromiso da Deputaci\u00f3n de que van tirar para diante<\/p><\/blockquote>\n\n\n\n<p><strong>Estades a facer algunha actuaci\u00f3n na praza de abastos?<\/strong><\/p>\n\n\n\n<blockquote class=\"wp-block-quote is-layout-flow wp-block-quote-is-layout-flow\"><p>A praza est\u00e1 funcionando moi ben. Este ano faremos a \u00faltima fase do proxecto da praza de abastos e deixaremos unha praza moderna, nova e moi bonita. N\u00f3s pr\u00f3ximos d\u00edas sacaremos a licitaci\u00f3n os postos que a\u00ednda est\u00e1n libres<\/p><\/blockquote>\n\n\n\n<p><strong>No pleno, creo que do mes de xullo, tivestes un importante conflito co BNG, ao que chegastes a acusar de mentireiros, en relaci\u00f3n ao PERI 5.C\u00f3ntanos a posici\u00f3n do goberno ao respecto deste asunto?<\/strong><\/p>\n\n\n\n<blockquote class=\"wp-block-quote is-layout-flow wp-block-quote-is-layout-flow\"><p>O conflito reside nunha discrepancia sobre a finca de F\u00ednola. N\u00f3s mercar\u00e1mola a finais do mandato anterior. Esa finca est\u00e1 vinculada a ese PERI e a nosa idea \u00e9 sacala dese PERI , cualificala como dotacional, eliminar a edificabilidade que ti\u00f1a no PERI e que a n\u00f3s non nos interesa, e utilizalo terreo como dotacional. A nosa idea \u00e9 unila \u00e1 alameda e facer al\u00ed un auditorio municipal.<\/p><\/blockquote>\n\n\n\n<blockquote class=\"wp-block-quote is-layout-flow wp-block-quote-is-layout-flow\"><p>O BNG di que pod\u00edan conseguirse eses terreos sen necesidade de que n\u00f3s mercaramos esa finca. N\u00f3s non estamos de acordo porque a ficha que hab\u00eda do PERI non permit\u00eda solo dotacional. N\u00f3s agora imos ter un solar municipal en pleno centro da Vila que ten moitas posibilidades. A nosa idea \u00e9 facer un auditorio<\/p><\/blockquote>\n\n\n\n<p><strong>Precisa un auditorio A Guarda?<\/strong><\/p>\n\n\n\n<blockquote class=\"wp-block-quote is-layout-flow wp-block-quote-is-layout-flow\"><p>Indiscutiblemente si<\/p><\/blockquote>\n\n\n\n<p><strong>Vaise arranxar a conexi\u00f3n con Caminha a trav\u00e9s do ferry?<\/strong><\/p>\n\n\n\n<blockquote class=\"wp-block-quote is-layout-flow wp-block-quote-is-layout-flow\"><p>Hai cousa dun mes estivemos en Portos de Galicia o presidente da c\u00e1mara de Caminha m\u00e1is eu mesmo ped\u00edndolle que resolvan este tema. Como Portos deixou que se deteriorase moito o peirao agora a reparaci\u00f3n \u00e9 moi importante. O seu compromiso \u00e9 estudar a situaci\u00f3n do peirao e reparalo. Calculo que poder\u00eda estar listo arredor do ver\u00e1n do 2023.Non depende de n\u00f3s, sen\u00f3n da Xunta, pero estaremos vixiantes para que o fagan porque a comunicaci\u00f3n con Cami\u00f1a \u00e9 fundamental para A Guarda<\/p><\/blockquote>\n\n\n\n<p><strong>A situaci\u00f3n sanitaria da vila mellorou?<\/strong><\/p>\n\n\n\n<blockquote class=\"wp-block-quote is-layout-flow wp-block-quote-is-layout-flow\"><p>Non, estamos practicamente igual, temos un serio problema de falta de m\u00e9dicos. A situaci\u00f3n segue a ser deficiente non se cobren as necesidades que temos e supo\u00f1o que pronto volveremos a ver a contestaci\u00f3n social da cidadan\u00eda gardesa<\/p><\/blockquote>\n\n\n\n<p><strong>A semana pasada estabas en Areas( Tui) nunha visita que fixo o presidente da Xunta \u00e1s obras da VAP que conectar\u00e1 ese pol\u00edgono industrial coa vosa vila. Que nos podes dicir ao respecto desa obra?<\/strong><\/p>\n\n\n\n<blockquote class=\"wp-block-quote is-layout-flow wp-block-quote-is-layout-flow\"><p>Para n\u00f3s esa infraestrutura \u00e9 fundamental para o desenvolvemento social e econ\u00f3mico da Guarda. Desde o primeiro momento estiven batendo na Xunta para que lle dera celeridade \u00e1 s\u00faa execuci\u00f3n e fun al\u00ed a escoitar os anuncios que fixo o presidente da Xunta .E o que lle dixen tanto ao presidente como \u00e1 conselleira \u00e9 que n\u00f3s necesitamos de maneira imperiosa que se execute esa v\u00eda para que a xente, que as\u00ed o desexe, poida desenvolver un proxecto de vida na Guarda<\/p><\/blockquote>\n\n\n\n<p><strong>Este ver\u00e1n despois da obrigada parada pand\u00e9mica volveron as festas grandes da Guarda, as festas do Monte. Como as valoras?<\/strong><\/p>\n\n\n\n<blockquote class=\"wp-block-quote is-layout-flow wp-block-quote-is-layout-flow\"><p>Ben, non foron todo o potentes que nos tiveran gustado. N\u00f3s respectamos o traballo da comisi\u00f3n que as organiza e somos conscientes de que houbo moita xente, pero insisto en que para min non tiveron a potencia necesaria para unha festa que \u00e9 non s\u00f3 a m\u00e1is importante de toda A Guarda sen\u00f3n de toda a nosa comarca. Nos pr\u00f3ximos d\u00edas sentar\u00e9monos coa comisi\u00f3n a facer unha valoraci\u00f3n das festas e estudar as do ano que ven. Esta festa precisa un pulo e temos que darllo.<\/p><\/blockquote>\n\n\n\n<p><strong>O mes pasado faciamos unha reportaxe cunha asociaci\u00f3n local sobre o campo de concentraci\u00f3n de Camposancos, e eu creo que \u00e1 recuperaci\u00f3n da memoria dos terribles feitos que aconteceron nese lugar si que o Concello debera darlle un pulo importante?<\/strong><\/p>\n\n\n\n<blockquote class=\"wp-block-quote is-layout-flow wp-block-quote-is-layout-flow\"><p>O grupo socialista da Guarda sempre tivo moi presente na s\u00faa sensibilidade. De feito desde os anos 70 sempre houbo xente vinculada co PSOE que loitou para recuperar a memoria tanto da foxa com\u00fan de Sest\u00e1s como do campo de concentraci\u00f3n de Camposancos. Agora constitu\u00eduse esa asociaci\u00f3n que mencionas e o concello est\u00e1 ao seu dispor para axudarlle no que precisen. O seu so\u00f1o \u00e9 conseguir un centro de interpretaci\u00f3n dese campo de concentraci\u00f3n e n\u00f3s imos apoialos no que sexa necesario porque o que aconteceu nos campos de concentraci\u00f3n \u00e9 importante para a historia de Espa\u00f1a. F\u00edxate eu, que nac\u00edn aqu\u00ed, cando era neno desco\u00f1ec\u00eda a existencia do campo de concentraci\u00f3n.<\/p><\/blockquote>\n\n\n\n<p><strong>Vas ser o candidato do partido socialista nas municipais do ano que ven?<\/strong><\/p>\n\n\n\n<blockquote class=\"wp-block-quote is-layout-flow wp-block-quote-is-layout-flow\"><p>Xa sabes a resposta: Non \u00e9 o momento de anuncialo agora. Far\u00e9molo cando corresponda<\/p><\/blockquote>\n\n\n\n<p><strong>Pero tes a decisi\u00f3n tomada?<\/strong><\/p>\n\n\n\n<blockquote class=\"wp-block-quote is-layout-flow wp-block-quote-is-layout-flow\"><p>Si, t\u00e9\u00f1oa pero anunciar\u00e9molo no momento oportuno<\/p><\/blockquote>\n\n\n\n<p><strong>Que perspectivas tes para as elecci\u00f3ns?<\/strong><\/p>\n\n\n\n<blockquote class=\"wp-block-quote is-layout-flow wp-block-quote-is-layout-flow\"><p>Boas. N\u00f3s d\u00e9moslle a esta vila catro anos de estabilidade, hai tranquilidade institucional, estamos sacando adiante os temas importantes, atendemos aos veci\u00f1os e eu creo que o nivel de satisfacci\u00f3n \u00e9 alto.<\/p><\/blockquote>\n\n\n\n<p><strong>Se nos situaramos nun escenario, eu creo que veros\u00edmil e realista, no que a aritm\u00e9tica faga necesario un pacto co BNG, cal \u00e9 a disposici\u00f3n do partido socialista?<\/strong><\/p>\n\n\n\n<blockquote class=\"wp-block-quote is-layout-flow wp-block-quote-is-layout-flow\"><p>Non quero contemplar ning\u00fan escenario hipot\u00e9tico ata o d\u00eda despois das elecci\u00f3ns .N\u00f3s imos traballar con toda a intensidade posible para obter a confianza maioritaria da veci\u00f1anza.<\/p><\/blockquote>\n","protected":false},"excerpt":{"rendered":"<div class=\"mh-excerpt\"><p>A poucos meses dun emocionante proceso electoral, na Guarda de moi dif\u00edcil progn\u00f3stico, n\u00f3s conversamos co seu alcalde, o socialista Antonio Lomba, que como sempre nos atendeu con moita amabilidade <a class=\"mh-excerpt-more\" href=\"https:\/\/www.anovapeneira.gal\/index.php\/2022\/09\/13\/antonio-lomba-alcalde-de-a-guarda-4\/\" title=\"Antonio Lomba alcalde de A Guarda\">[&#8230;]<\/a><\/p>\n<\/div>","protected":false},"author":3,"featured_media":8128,"comment_status":"open","ping_status":"open","sticky":false,"template":"","format":"standard","meta":{"_exactmetrics_skip_tracking":false,"_exactmetrics_sitenote_active":false,"_exactmetrics_sitenote_note":"","_exactmetrics_sitenote_category":0,"footnotes":""},"categories":[266],"tags":[238],"class_list":{"0":"post-8127","1":"post","2":"type-post","3":"status-publish","4":"format-standard","5":"has-post-thumbnail","7":"category-baixo-mino-entrevistas","8":"tag-concello-da-guarda"},"yoast_head":"<!-- This site is optimized with the Yoast SEO plugin v27.4 - https:\/\/yoast.com\/product\/yoast-seo-wordpress\/ -->\n<title>Antonio Lomba alcalde de A Guarda -<\/title>\n<meta name=\"robots\" content=\"index, follow, max-snippet:-1, max-image-preview:large, max-video-preview:-1\" \/>\n<link rel=\"canonical\" href=\"https:\/\/www.anovapeneira.gal\/index.php\/2022\/09\/13\/antonio-lomba-alcalde-de-a-guarda-4\/\" \/>\n<meta property=\"og:locale\" content=\"gl_ES\" \/>\n<meta property=\"og:type\" content=\"article\" \/>\n<meta property=\"og:title\" content=\"Antonio Lomba alcalde de A Guarda -\" \/>\n<meta property=\"og:description\" content=\"A poucos meses dun emocionante proceso electoral, na Guarda de moi dif\u00edcil progn\u00f3stico, n\u00f3s conversamos co seu alcalde, o socialista Antonio Lomba, que como sempre nos atendeu con moita amabilidade [...]\" \/>\n<meta property=\"og:url\" content=\"https:\/\/www.anovapeneira.gal\/index.php\/2022\/09\/13\/antonio-lomba-alcalde-de-a-guarda-4\/\" \/>\n<meta property=\"article:publisher\" content=\"https:\/\/www.facebook.com\/anovapeneira\" \/>\n<meta property=\"article:published_time\" content=\"2022-09-13T10:00:47+00:00\" \/>\n<meta property=\"og:image\" content=\"https:\/\/www.anovapeneira.gal\/wp-content\/uploads\/2022\/09\/lomba_guarda.jpg\" \/>\n\t<meta property=\"og:image:width\" content=\"720\" \/>\n\t<meta property=\"og:image:height\" content=\"432\" \/>\n\t<meta property=\"og:image:type\" content=\"image\/jpeg\" \/>\n<meta name=\"author\" content=\"Redacci\u00f3n A Nova Peneira\" \/>\n<meta name=\"twitter:card\" content=\"summary_large_image\" \/>\n<meta name=\"twitter:creator\" content=\"@APeneira\" \/>\n<meta name=\"twitter:site\" content=\"@APeneira\" \/>\n<meta name=\"twitter:label1\" content=\"Escrito por\" \/>\n\t<meta name=\"twitter:data1\" content=\"Redacci\u00f3n A Nova Peneira\" \/>\n\t<meta name=\"twitter:label2\" content=\"Tempo de lectura\" \/>\n\t<meta name=\"twitter:data2\" content=\"7 minutos\" \/>\n<script type=\"application\/ld+json\" class=\"yoast-schema-graph\">{\"@context\":\"https:\\\/\\\/schema.org\",\"@graph\":[{\"@type\":\"Article\",\"@id\":\"https:\\\/\\\/www.anovapeneira.gal\\\/index.php\\\/2022\\\/09\\\/13\\\/antonio-lomba-alcalde-de-a-guarda-4\\\/#article\",\"isPartOf\":{\"@id\":\"https:\\\/\\\/www.anovapeneira.gal\\\/index.php\\\/2022\\\/09\\\/13\\\/antonio-lomba-alcalde-de-a-guarda-4\\\/\"},\"author\":{\"name\":\"Redacci\u00f3n A Nova Peneira\",\"@id\":\"https:\\\/\\\/www.anovapeneira.gal\\\/#\\\/schema\\\/person\\\/b93e3f8932e3f8da96334607eb6ac6aa\"},\"headline\":\"Antonio Lomba alcalde de A Guarda\",\"datePublished\":\"2022-09-13T10:00:47+00:00\",\"mainEntityOfPage\":{\"@id\":\"https:\\\/\\\/www.anovapeneira.gal\\\/index.php\\\/2022\\\/09\\\/13\\\/antonio-lomba-alcalde-de-a-guarda-4\\\/\"},\"wordCount\":1278,\"commentCount\":0,\"publisher\":{\"@id\":\"https:\\\/\\\/www.anovapeneira.gal\\\/#organization\"},\"image\":{\"@id\":\"https:\\\/\\\/www.anovapeneira.gal\\\/index.php\\\/2022\\\/09\\\/13\\\/antonio-lomba-alcalde-de-a-guarda-4\\\/#primaryimage\"},\"thumbnailUrl\":\"https:\\\/\\\/www.anovapeneira.gal\\\/wp-content\\\/uploads\\\/2022\\\/09\\\/lomba_guarda.jpg\",\"keywords\":[\"Concello da Guarda\"],\"articleSection\":[\"Baixo Mi\u00f1o\"],\"inLanguage\":\"gl-ES\",\"potentialAction\":[{\"@type\":\"CommentAction\",\"name\":\"Comment\",\"target\":[\"https:\\\/\\\/www.anovapeneira.gal\\\/index.php\\\/2022\\\/09\\\/13\\\/antonio-lomba-alcalde-de-a-guarda-4\\\/#respond\"]}]},{\"@type\":\"WebPage\",\"@id\":\"https:\\\/\\\/www.anovapeneira.gal\\\/index.php\\\/2022\\\/09\\\/13\\\/antonio-lomba-alcalde-de-a-guarda-4\\\/\",\"url\":\"https:\\\/\\\/www.anovapeneira.gal\\\/index.php\\\/2022\\\/09\\\/13\\\/antonio-lomba-alcalde-de-a-guarda-4\\\/\",\"name\":\"Antonio Lomba alcalde de A Guarda -\",\"isPartOf\":{\"@id\":\"https:\\\/\\\/www.anovapeneira.gal\\\/#website\"},\"primaryImageOfPage\":{\"@id\":\"https:\\\/\\\/www.anovapeneira.gal\\\/index.php\\\/2022\\\/09\\\/13\\\/antonio-lomba-alcalde-de-a-guarda-4\\\/#primaryimage\"},\"image\":{\"@id\":\"https:\\\/\\\/www.anovapeneira.gal\\\/index.php\\\/2022\\\/09\\\/13\\\/antonio-lomba-alcalde-de-a-guarda-4\\\/#primaryimage\"},\"thumbnailUrl\":\"https:\\\/\\\/www.anovapeneira.gal\\\/wp-content\\\/uploads\\\/2022\\\/09\\\/lomba_guarda.jpg\",\"datePublished\":\"2022-09-13T10:00:47+00:00\",\"breadcrumb\":{\"@id\":\"https:\\\/\\\/www.anovapeneira.gal\\\/index.php\\\/2022\\\/09\\\/13\\\/antonio-lomba-alcalde-de-a-guarda-4\\\/#breadcrumb\"},\"inLanguage\":\"gl-ES\",\"potentialAction\":[{\"@type\":\"ReadAction\",\"target\":[\"https:\\\/\\\/www.anovapeneira.gal\\\/index.php\\\/2022\\\/09\\\/13\\\/antonio-lomba-alcalde-de-a-guarda-4\\\/\"]}]},{\"@type\":\"ImageObject\",\"inLanguage\":\"gl-ES\",\"@id\":\"https:\\\/\\\/www.anovapeneira.gal\\\/index.php\\\/2022\\\/09\\\/13\\\/antonio-lomba-alcalde-de-a-guarda-4\\\/#primaryimage\",\"url\":\"https:\\\/\\\/www.anovapeneira.gal\\\/wp-content\\\/uploads\\\/2022\\\/09\\\/lomba_guarda.jpg\",\"contentUrl\":\"https:\\\/\\\/www.anovapeneira.gal\\\/wp-content\\\/uploads\\\/2022\\\/09\\\/lomba_guarda.jpg\",\"width\":720,\"height\":432,\"caption\":\"Antonio Lomba alcalde de A Guarda\"},{\"@type\":\"BreadcrumbList\",\"@id\":\"https:\\\/\\\/www.anovapeneira.gal\\\/index.php\\\/2022\\\/09\\\/13\\\/antonio-lomba-alcalde-de-a-guarda-4\\\/#breadcrumb\",\"itemListElement\":[{\"@type\":\"ListItem\",\"position\":1,\"name\":\"Portada\",\"item\":\"https:\\\/\\\/www.anovapeneira.gal\\\/\"},{\"@type\":\"ListItem\",\"position\":2,\"name\":\"Antonio Lomba alcalde de A Guarda\"}]},{\"@type\":\"WebSite\",\"@id\":\"https:\\\/\\\/www.anovapeneira.gal\\\/#website\",\"url\":\"https:\\\/\\\/www.anovapeneira.gal\\\/\",\"name\":\"\",\"description\":\"Xornal galego de informaci\u00f3n xeral Publicaci\u00f3n mensual de novas de Galicia e en especial dos Concellos da sur da provincia de Pontevedra.\",\"publisher\":{\"@id\":\"https:\\\/\\\/www.anovapeneira.gal\\\/#organization\"},\"potentialAction\":[{\"@type\":\"SearchAction\",\"target\":{\"@type\":\"EntryPoint\",\"urlTemplate\":\"https:\\\/\\\/www.anovapeneira.gal\\\/?s={search_term_string}\"},\"query-input\":{\"@type\":\"PropertyValueSpecification\",\"valueRequired\":true,\"valueName\":\"search_term_string\"}}],\"inLanguage\":\"gl-ES\"},{\"@type\":\"Organization\",\"@id\":\"https:\\\/\\\/www.anovapeneira.gal\\\/#organization\",\"name\":\"A Nova Peneira\",\"url\":\"https:\\\/\\\/www.anovapeneira.gal\\\/\",\"logo\":{\"@type\":\"ImageObject\",\"inLanguage\":\"gl-ES\",\"@id\":\"https:\\\/\\\/www.anovapeneira.gal\\\/#\\\/schema\\\/logo\\\/image\\\/\",\"url\":\"http:\\\/\\\/www.anovapeneira.gal\\\/wp-content\\\/uploads\\\/2019\\\/06\\\/logo_a_nova_peneira_portal_web.png\",\"contentUrl\":\"http:\\\/\\\/www.anovapeneira.gal\\\/wp-content\\\/uploads\\\/2019\\\/06\\\/logo_a_nova_peneira_portal_web.png\",\"width\":300,\"height\":100,\"caption\":\"A Nova Peneira\"},\"image\":{\"@id\":\"https:\\\/\\\/www.anovapeneira.gal\\\/#\\\/schema\\\/logo\\\/image\\\/\"},\"sameAs\":[\"https:\\\/\\\/www.facebook.com\\\/anovapeneira\",\"https:\\\/\\\/x.com\\\/APeneira\"]},{\"@type\":\"Person\",\"@id\":\"https:\\\/\\\/www.anovapeneira.gal\\\/#\\\/schema\\\/person\\\/b93e3f8932e3f8da96334607eb6ac6aa\",\"name\":\"Redacci\u00f3n A Nova Peneira\",\"image\":{\"@type\":\"ImageObject\",\"inLanguage\":\"gl-ES\",\"@id\":\"https:\\\/\\\/secure.gravatar.com\\\/avatar\\\/c052a2551a06e23fac63626232eaa90abd78dbcf1700fc46a2b2c89fd27b735f?s=96&d=mm&r=g\",\"url\":\"https:\\\/\\\/secure.gravatar.com\\\/avatar\\\/c052a2551a06e23fac63626232eaa90abd78dbcf1700fc46a2b2c89fd27b735f?s=96&d=mm&r=g\",\"contentUrl\":\"https:\\\/\\\/secure.gravatar.com\\\/avatar\\\/c052a2551a06e23fac63626232eaa90abd78dbcf1700fc46a2b2c89fd27b735f?s=96&d=mm&r=g\",\"caption\":\"Redacci\u00f3n A Nova Peneira\"},\"sameAs\":[\"http:\\\/\\\/www.anovapeneira.gal\\\/\"],\"url\":\"https:\\\/\\\/www.anovapeneira.gal\\\/index.php\\\/author\\\/redactor\\\/\"}]}<\/script>\n<!-- \/ Yoast SEO plugin. -->","yoast_head_json":{"title":"Antonio Lomba alcalde de A Guarda -","robots":{"index":"index","follow":"follow","max-snippet":"max-snippet:-1","max-image-preview":"max-image-preview:large","max-video-preview":"max-video-preview:-1"},"canonical":"https:\/\/www.anovapeneira.gal\/index.php\/2022\/09\/13\/antonio-lomba-alcalde-de-a-guarda-4\/","og_locale":"gl_ES","og_type":"article","og_title":"Antonio Lomba alcalde de A Guarda -","og_description":"A poucos meses dun emocionante proceso electoral, na Guarda de moi dif\u00edcil progn\u00f3stico, n\u00f3s conversamos co seu alcalde, o socialista Antonio Lomba, que como sempre nos atendeu con moita amabilidade [...]","og_url":"https:\/\/www.anovapeneira.gal\/index.php\/2022\/09\/13\/antonio-lomba-alcalde-de-a-guarda-4\/","article_publisher":"https:\/\/www.facebook.com\/anovapeneira","article_published_time":"2022-09-13T10:00:47+00:00","og_image":[{"width":720,"height":432,"url":"https:\/\/www.anovapeneira.gal\/wp-content\/uploads\/2022\/09\/lomba_guarda.jpg","type":"image\/jpeg"}],"author":"Redacci\u00f3n A Nova Peneira","twitter_card":"summary_large_image","twitter_creator":"@APeneira","twitter_site":"@APeneira","twitter_misc":{"Escrito por":"Redacci\u00f3n A Nova Peneira","Tempo de lectura":"7 minutos"},"schema":{"@context":"https:\/\/schema.org","@graph":[{"@type":"Article","@id":"https:\/\/www.anovapeneira.gal\/index.php\/2022\/09\/13\/antonio-lomba-alcalde-de-a-guarda-4\/#article","isPartOf":{"@id":"https:\/\/www.anovapeneira.gal\/index.php\/2022\/09\/13\/antonio-lomba-alcalde-de-a-guarda-4\/"},"author":{"name":"Redacci\u00f3n A Nova Peneira","@id":"https:\/\/www.anovapeneira.gal\/#\/schema\/person\/b93e3f8932e3f8da96334607eb6ac6aa"},"headline":"Antonio Lomba alcalde de A Guarda","datePublished":"2022-09-13T10:00:47+00:00","mainEntityOfPage":{"@id":"https:\/\/www.anovapeneira.gal\/index.php\/2022\/09\/13\/antonio-lomba-alcalde-de-a-guarda-4\/"},"wordCount":1278,"commentCount":0,"publisher":{"@id":"https:\/\/www.anovapeneira.gal\/#organization"},"image":{"@id":"https:\/\/www.anovapeneira.gal\/index.php\/2022\/09\/13\/antonio-lomba-alcalde-de-a-guarda-4\/#primaryimage"},"thumbnailUrl":"https:\/\/www.anovapeneira.gal\/wp-content\/uploads\/2022\/09\/lomba_guarda.jpg","keywords":["Concello da Guarda"],"articleSection":["Baixo Mi\u00f1o"],"inLanguage":"gl-ES","potentialAction":[{"@type":"CommentAction","name":"Comment","target":["https:\/\/www.anovapeneira.gal\/index.php\/2022\/09\/13\/antonio-lomba-alcalde-de-a-guarda-4\/#respond"]}]},{"@type":"WebPage","@id":"https:\/\/www.anovapeneira.gal\/index.php\/2022\/09\/13\/antonio-lomba-alcalde-de-a-guarda-4\/","url":"https:\/\/www.anovapeneira.gal\/index.php\/2022\/09\/13\/antonio-lomba-alcalde-de-a-guarda-4\/","name":"Antonio Lomba alcalde de A Guarda -","isPartOf":{"@id":"https:\/\/www.anovapeneira.gal\/#website"},"primaryImageOfPage":{"@id":"https:\/\/www.anovapeneira.gal\/index.php\/2022\/09\/13\/antonio-lomba-alcalde-de-a-guarda-4\/#primaryimage"},"image":{"@id":"https:\/\/www.anovapeneira.gal\/index.php\/2022\/09\/13\/antonio-lomba-alcalde-de-a-guarda-4\/#primaryimage"},"thumbnailUrl":"https:\/\/www.anovapeneira.gal\/wp-content\/uploads\/2022\/09\/lomba_guarda.jpg","datePublished":"2022-09-13T10:00:47+00:00","breadcrumb":{"@id":"https:\/\/www.anovapeneira.gal\/index.php\/2022\/09\/13\/antonio-lomba-alcalde-de-a-guarda-4\/#breadcrumb"},"inLanguage":"gl-ES","potentialAction":[{"@type":"ReadAction","target":["https:\/\/www.anovapeneira.gal\/index.php\/2022\/09\/13\/antonio-lomba-alcalde-de-a-guarda-4\/"]}]},{"@type":"ImageObject","inLanguage":"gl-ES","@id":"https:\/\/www.anovapeneira.gal\/index.php\/2022\/09\/13\/antonio-lomba-alcalde-de-a-guarda-4\/#primaryimage","url":"https:\/\/www.anovapeneira.gal\/wp-content\/uploads\/2022\/09\/lomba_guarda.jpg","contentUrl":"https:\/\/www.anovapeneira.gal\/wp-content\/uploads\/2022\/09\/lomba_guarda.jpg","width":720,"height":432,"caption":"Antonio Lomba alcalde de A Guarda"},{"@type":"BreadcrumbList","@id":"https:\/\/www.anovapeneira.gal\/index.php\/2022\/09\/13\/antonio-lomba-alcalde-de-a-guarda-4\/#breadcrumb","itemListElement":[{"@type":"ListItem","position":1,"name":"Portada","item":"https:\/\/www.anovapeneira.gal\/"},{"@type":"ListItem","position":2,"name":"Antonio Lomba alcalde de A Guarda"}]},{"@type":"WebSite","@id":"https:\/\/www.anovapeneira.gal\/#website","url":"https:\/\/www.anovapeneira.gal\/","name":"","description":"Xornal galego de informaci\u00f3n xeral Publicaci\u00f3n mensual de novas de Galicia e en especial dos Concellos da sur da provincia de Pontevedra.","publisher":{"@id":"https:\/\/www.anovapeneira.gal\/#organization"},"potentialAction":[{"@type":"SearchAction","target":{"@type":"EntryPoint","urlTemplate":"https:\/\/www.anovapeneira.gal\/?s={search_term_string}"},"query-input":{"@type":"PropertyValueSpecification","valueRequired":true,"valueName":"search_term_string"}}],"inLanguage":"gl-ES"},{"@type":"Organization","@id":"https:\/\/www.anovapeneira.gal\/#organization","name":"A Nova Peneira","url":"https:\/\/www.anovapeneira.gal\/","logo":{"@type":"ImageObject","inLanguage":"gl-ES","@id":"https:\/\/www.anovapeneira.gal\/#\/schema\/logo\/image\/","url":"http:\/\/www.anovapeneira.gal\/wp-content\/uploads\/2019\/06\/logo_a_nova_peneira_portal_web.png","contentUrl":"http:\/\/www.anovapeneira.gal\/wp-content\/uploads\/2019\/06\/logo_a_nova_peneira_portal_web.png","width":300,"height":100,"caption":"A Nova Peneira"},"image":{"@id":"https:\/\/www.anovapeneira.gal\/#\/schema\/logo\/image\/"},"sameAs":["https:\/\/www.facebook.com\/anovapeneira","https:\/\/x.com\/APeneira"]},{"@type":"Person","@id":"https:\/\/www.anovapeneira.gal\/#\/schema\/person\/b93e3f8932e3f8da96334607eb6ac6aa","name":"Redacci\u00f3n A Nova Peneira","image":{"@type":"ImageObject","inLanguage":"gl-ES","@id":"https:\/\/secure.gravatar.com\/avatar\/c052a2551a06e23fac63626232eaa90abd78dbcf1700fc46a2b2c89fd27b735f?s=96&d=mm&r=g","url":"https:\/\/secure.gravatar.com\/avatar\/c052a2551a06e23fac63626232eaa90abd78dbcf1700fc46a2b2c89fd27b735f?s=96&d=mm&r=g","contentUrl":"https:\/\/secure.gravatar.com\/avatar\/c052a2551a06e23fac63626232eaa90abd78dbcf1700fc46a2b2c89fd27b735f?s=96&d=mm&r=g","caption":"Redacci\u00f3n A Nova Peneira"},"sameAs":["http:\/\/www.anovapeneira.gal\/"],"url":"https:\/\/www.anovapeneira.gal\/index.php\/author\/redactor\/"}]}},"jetpack_featured_media_url":"https:\/\/www.anovapeneira.gal\/wp-content\/uploads\/2022\/09\/lomba_guarda.jpg","_links":{"self":[{"href":"https:\/\/www.anovapeneira.gal\/index.php\/wp-json\/wp\/v2\/posts\/8127","targetHints":{"allow":["GET"]}}],"collection":[{"href":"https:\/\/www.anovapeneira.gal\/index.php\/wp-json\/wp\/v2\/posts"}],"about":[{"href":"https:\/\/www.anovapeneira.gal\/index.php\/wp-json\/wp\/v2\/types\/post"}],"author":[{"embeddable":true,"href":"https:\/\/www.anovapeneira.gal\/index.php\/wp-json\/wp\/v2\/users\/3"}],"replies":[{"embeddable":true,"href":"https:\/\/www.anovapeneira.gal\/index.php\/wp-json\/wp\/v2\/comments?post=8127"}],"version-history":[{"count":1,"href":"https:\/\/www.anovapeneira.gal\/index.php\/wp-json\/wp\/v2\/posts\/8127\/revisions"}],"predecessor-version":[{"id":8129,"href":"https:\/\/www.anovapeneira.gal\/index.php\/wp-json\/wp\/v2\/posts\/8127\/revisions\/8129"}],"wp:featuredmedia":[{"embeddable":true,"href":"https:\/\/www.anovapeneira.gal\/index.php\/wp-json\/wp\/v2\/media\/8128"}],"wp:attachment":[{"href":"https:\/\/www.anovapeneira.gal\/index.php\/wp-json\/wp\/v2\/media?parent=8127"}],"wp:term":[{"taxonomy":"category","embeddable":true,"href":"https:\/\/www.anovapeneira.gal\/index.php\/wp-json\/wp\/v2\/categories?post=8127"},{"taxonomy":"post_tag","embeddable":true,"href":"https:\/\/www.anovapeneira.gal\/index.php\/wp-json\/wp\/v2\/tags?post=8127"}],"curies":[{"name":"wp","href":"https:\/\/api.w.org\/{rel}","templated":true}]}}